{"id":116160,"date":"2025-05-31T00:10:17","date_gmt":"2025-05-30T22:10:17","guid":{"rendered":"https:\/\/gentedebasquet.com.ar\/sitio\/?p=116160"},"modified":"2025-05-31T05:14:22","modified_gmt":"2025-05-31T03:14:22","slug":"liniers-y-olimpo-con-pocas-luces","status":"publish","type":"post","link":"https:\/\/gentedebasquet.com.ar\/sitio\/2025\/05\/31\/liniers-y-olimpo-con-pocas-luces\/","title":{"rendered":"Liniers y Olimpo, con pocas luces"},"content":{"rendered":"<p>El \u00abChivo\u00bb y el \u00abAurinegro\u00bb protagonizaban, en la previa, uno de los duelos calientes de la sexta fecha del Torneo de Primera. Solo se pudo jugar el primer tiempo y seguramente ambos se quedaron con ganas de mostrar m\u00e1s.<\/p>\n<p>Fue un duelo de bajo goleo, con ataques r\u00e1pidos, jugadores veloces, posesiones cortas y baja efectividad. Olimpo tom\u00f3 una leve ventaja sobre el cierre del segundo cuarto, de la mano de M\u00e1ximo Genitti, en su re-debut, que anot\u00f3 8 puntos llegando desde el banco. Tambi\u00e9n sum\u00f3 Diel, como siempre, y en Liniers se hizo cargo de la ofensiva Paredes, y el m\u00e1s efectivo fue Marinsalta (6pts).<\/p>\n<p>Finalizado el primer tiempo, con Olimpo en ventaja 29-24, y los jugadores en el vestuario, el Casanova se visti\u00f3 de negro y el p\u00fablico encendi\u00f3 los flashes de sus tel\u00e9fonos para iluminar la noche del jueves. Suspendido el juego, a falta de la mitad, con fecha a confirmar para su reanudaci\u00f3n.<\/p>\n<p>&nbsp;<\/p>\n<p>En la continuidad, un d\u00eda despu\u00e9s, Olimpo se impuso y tir\u00f3 toda su jerarqu\u00eda en cancha. Anot\u00f3 26 puntos en cada uno de los cuartos y lleg\u00f3 a casi 20 de ventaja en el marcador final. Bauti Olivera (15pts) y Franco Ferrari (14pts y 9 rebotes), lo mejor del \u00abChivo\u00bb. En el \u00abAurinegro\u00bb, el destacado fue Marcos Diel (17pts y 7reb), sumado a grandes partidos de Marroni (13pts), Genitti (13pts) y Alimenti (11pts y 5reb).<\/p>\n<p>Con esta victoria, Olimpo es uno de los cinco l\u00edderes del campeonato, mientras que Liniers se mantiene en el segundo lote, con la misma cantidad de victorias que de derrotas.<\/p>\n<div class=\"jeg_video_container jeg_video_content\"><iframe loading=\"lazy\" title=\"Liniers   Olimpo suspendido f6\" width=\"500\" height=\"281\" src=\"https:\/\/www.youtube.com\/embed\/NxNABRZyH_0?feature=oembed\" frameborder=\"0\" allow=\"accelerometer; autoplay; clipboard-write; encrypted-media; gyroscope; picture-in-picture; web-share\" referrerpolicy=\"strict-origin-when-cross-origin\" allowfullscreen><\/iframe><\/div>\n<p><strong>S\u00edntesis &#8211; Primera Divisi\u00f3n &#8211; Fecha 6<\/strong><\/p>\n<p><strong>Liniers 63:<\/strong> Emmanuel Paredes 8, Tom\u00e1s Del Sol 5, Alan Garc\u00eda 9, Franco Ferrari 14, Juli\u00e1n Marinsalta 6 <strong>(FI);<\/strong> Alejo Agull\u00f3 2, Bautista Olivera 15, Alejo Ayude, Genaro Groppa 4, Tom\u00e1s Sabatini, Diego Olave. <strong>DT: Mauricio Vago.<\/strong><\/p>\n<p><strong>Olimpo 81:<\/strong> Alejo Marroni 13, Segundo Alimenti 11, Agust\u00edn Dottori 0, Marcos Diel 17, Alan Gonz\u00e1lez 7 <strong>(FI);<\/strong> Agust\u00edn Solomon 7, Valent\u00edn Carrizo 10, Alejo Diel, Santiago Kucan, Luciano Polak 3, Ferm\u00edn Bettiga, M\u00e1ximo Genitti 13. <strong>DT: Juan Cruz Santini.<\/strong><\/p>\n<p><strong>Parciales:<\/strong> 14-11, 24-29 (10-18), 41-55 (17-26), 63-81 (22-26)<\/p>\n<p><strong>\u00c1rbitros:<\/strong> Sebasti\u00e1n Arcas, Juan Cruz Schernenco, Lucas Andr\u00e9s.<\/p>\n<p><strong>Estadio:<\/strong> Osvaldo Casanova (Estudiantes, local Liniers)<\/p>\n<p>&nbsp;<\/p>\n","protected":false},"excerpt":{"rendered":"<p>El \u00abChivo\u00bb y el \u00abAurinegro\u00bb protagonizaban, en la previa, uno de los duelos calientes de la sexta fecha del Torneo de Primera. Solo se pudo jugar el primer tiempo y seguramente ambos se quedaron con ganas de mostrar m\u00e1s. Fue un duelo de bajo goleo, con ataques r\u00e1pidos, jugadores veloces, posesiones cortas y baja efectividad. [&hellip;]<\/p>\n","protected":false},"author":71,"featured_media":116161,"comment_status":"open","ping_status":"open","sticky":false,"template":"","format":"standard","meta":{"jnews-multi-image_gallery":[],"jnews_single_post":{"source_name":"","source_url":"","via_name":"","via_url":"","override_template":"0","override":[{"template":"1","single_blog_custom":"","parallax":"1","fullscreen":"1","layout":"right-sidebar","sidebar":"default-sidebar","second_sidebar":"default-sidebar","sticky_sidebar":"1","share_position":"top","share_float_style":"share-monocrhome","show_share_counter":"0","show_view_counter":"0","show_featured":"1","show_post_meta":"1","show_post_author":"1","show_post_author_image":"0","show_post_date":"1","post_date_format":"default","post_date_format_custom":"Y\/m\/d","show_post_category":"1","show_post_reading_time":"0","post_reading_time_wpm":"300","show_zoom_button":"0","zoom_button_out_step":"2","zoom_button_in_step":"3","show_post_tag":"1","show_prev_next_post":"1","show_popup_post":"0","number_popup_post":"1","show_author_box":"0","show_post_related":"0","show_inline_post_related":"0"}],"override_image_size":"0","image_override":[{"single_post_thumbnail_size":"crop-500","single_post_gallery_size":"crop-500"}],"trending_post":"0","trending_post_position":"meta","trending_post_label":"Trending","sponsored_post":"0","sponsored_post_label":"Sponsored by","sponsored_post_name":"","sponsored_post_url":"","sponsored_post_logo_enable":"0","sponsored_post_logo":"","sponsored_post_desc":"","disable_ad":"0"},"jnews_primary_category":{"id":"","hide":""},"footnotes":""},"categories":[23,101],"tags":[14,16,1169,508],"class_list":["post-116160","post","type-post","status-publish","format-standard","has-post-thumbnail","hentry","category-primera","category-slide","tag-liniers","tag-olimpo","tag-primera","tag-primera-division"],"yoast_head":"<!-- This site is optimized with the Yoast SEO plugin v27.5 - https:\/\/yoast.com\/product\/yoast-seo-wordpress\/ -->\n<title>Liniers y Olimpo, con pocas luces - Gente de B\u00e1squet<\/title>\n<meta name=\"robots\" content=\"index, follow, max-snippet:-1, max-image-preview:large, max-video-preview:-1\" \/>\n<link rel=\"canonical\" href=\"https:\/\/gentedebasquet.com.ar\/sitio\/2025\/05\/31\/liniers-y-olimpo-con-pocas-luces\/\" \/>\n<meta property=\"og:locale\" content=\"es_ES\" \/>\n<meta property=\"og:type\" content=\"article\" \/>\n<meta property=\"og:title\" content=\"Liniers y Olimpo, con pocas luces - Gente de B\u00e1squet\" \/>\n<meta property=\"og:description\" content=\"El \u00abChivo\u00bb y el \u00abAurinegro\u00bb protagonizaban, en la previa, uno de los duelos calientes de la sexta fecha del Torneo de Primera. Solo se pudo jugar el primer tiempo y seguramente ambos se quedaron con ganas de mostrar m\u00e1s. Fue un duelo de bajo goleo, con ataques r\u00e1pidos, jugadores veloces, posesiones cortas y baja efectividad. [&hellip;]\" \/>\n<meta property=\"og:url\" content=\"https:\/\/gentedebasquet.com.ar\/sitio\/2025\/05\/31\/liniers-y-olimpo-con-pocas-luces\/\" \/>\n<meta property=\"og:site_name\" content=\"Gente de B\u00e1squet\" \/>\n<meta property=\"article:published_time\" content=\"2025-05-30T22:10:17+00:00\" \/>\n<meta property=\"article:modified_time\" content=\"2025-05-31T03:14:22+00:00\" \/>\n<meta property=\"og:image\" content=\"https:\/\/gentedebasquet.com.ar\/sitio\/wp-content\/uploads\/2025\/05\/WhatsApp-Image-2025-05-30-at-01.17.33.jpeg\" \/>\n\t<meta property=\"og:image:width\" content=\"1600\" \/>\n\t<meta property=\"og:image:height\" content=\"1200\" \/>\n\t<meta property=\"og:image:type\" content=\"image\/jpeg\" \/>\n<meta name=\"author\" content=\"Santiago Seisdedos\" \/>\n<meta name=\"twitter:card\" content=\"summary_large_image\" \/>\n<meta name=\"twitter:label1\" content=\"Escrito por\" \/>\n\t<meta name=\"twitter:data1\" content=\"Santiago Seisdedos\" \/>\n\t<meta name=\"twitter:label2\" content=\"Tiempo de lectura\" \/>\n\t<meta name=\"twitter:data2\" content=\"2 minutos\" \/>\n<script type=\"application\/ld+json\" class=\"yoast-schema-graph\">{\"@context\":\"https:\\\/\\\/schema.org\",\"@graph\":[{\"@type\":\"Article\",\"@id\":\"https:\\\/\\\/gentedebasquet.com.ar\\\/sitio\\\/2025\\\/05\\\/31\\\/liniers-y-olimpo-con-pocas-luces\\\/#article\",\"isPartOf\":{\"@id\":\"https:\\\/\\\/gentedebasquet.com.ar\\\/sitio\\\/2025\\\/05\\\/31\\\/liniers-y-olimpo-con-pocas-luces\\\/\"},\"author\":{\"name\":\"Santiago Seisdedos\",\"@id\":\"https:\\\/\\\/gentedebasquet.com.ar\\\/sitio\\\/#\\\/schema\\\/person\\\/3b50d7c801b9529aba70bd4613bca6da\"},\"headline\":\"Liniers y Olimpo, con pocas luces\",\"datePublished\":\"2025-05-30T22:10:17+00:00\",\"dateModified\":\"2025-05-31T03:14:22+00:00\",\"mainEntityOfPage\":{\"@id\":\"https:\\\/\\\/gentedebasquet.com.ar\\\/sitio\\\/2025\\\/05\\\/31\\\/liniers-y-olimpo-con-pocas-luces\\\/\"},\"wordCount\":381,\"commentCount\":0,\"image\":{\"@id\":\"https:\\\/\\\/gentedebasquet.com.ar\\\/sitio\\\/2025\\\/05\\\/31\\\/liniers-y-olimpo-con-pocas-luces\\\/#primaryimage\"},\"thumbnailUrl\":\"https:\\\/\\\/gentedebasquet.com.ar\\\/sitio\\\/wp-content\\\/uploads\\\/2025\\\/05\\\/WhatsApp-Image-2025-05-30-at-01.17.33.jpeg\",\"keywords\":[\"Liniers\",\"Ol\u00edmpo\",\"Primera\",\"Primera Divisi\u00f3n\"],\"articleSection\":[\"Primera\",\"Slide\"],\"inLanguage\":\"es\",\"potentialAction\":[{\"@type\":\"CommentAction\",\"name\":\"Comment\",\"target\":[\"https:\\\/\\\/gentedebasquet.com.ar\\\/sitio\\\/2025\\\/05\\\/31\\\/liniers-y-olimpo-con-pocas-luces\\\/#respond\"]}]},{\"@type\":\"WebPage\",\"@id\":\"https:\\\/\\\/gentedebasquet.com.ar\\\/sitio\\\/2025\\\/05\\\/31\\\/liniers-y-olimpo-con-pocas-luces\\\/\",\"url\":\"https:\\\/\\\/gentedebasquet.com.ar\\\/sitio\\\/2025\\\/05\\\/31\\\/liniers-y-olimpo-con-pocas-luces\\\/\",\"name\":\"Liniers y Olimpo, con pocas luces - Gente de B\u00e1squet\",\"isPartOf\":{\"@id\":\"https:\\\/\\\/gentedebasquet.com.ar\\\/sitio\\\/#website\"},\"primaryImageOfPage\":{\"@id\":\"https:\\\/\\\/gentedebasquet.com.ar\\\/sitio\\\/2025\\\/05\\\/31\\\/liniers-y-olimpo-con-pocas-luces\\\/#primaryimage\"},\"image\":{\"@id\":\"https:\\\/\\\/gentedebasquet.com.ar\\\/sitio\\\/2025\\\/05\\\/31\\\/liniers-y-olimpo-con-pocas-luces\\\/#primaryimage\"},\"thumbnailUrl\":\"https:\\\/\\\/gentedebasquet.com.ar\\\/sitio\\\/wp-content\\\/uploads\\\/2025\\\/05\\\/WhatsApp-Image-2025-05-30-at-01.17.33.jpeg\",\"datePublished\":\"2025-05-30T22:10:17+00:00\",\"dateModified\":\"2025-05-31T03:14:22+00:00\",\"author\":{\"@id\":\"https:\\\/\\\/gentedebasquet.com.ar\\\/sitio\\\/#\\\/schema\\\/person\\\/3b50d7c801b9529aba70bd4613bca6da\"},\"breadcrumb\":{\"@id\":\"https:\\\/\\\/gentedebasquet.com.ar\\\/sitio\\\/2025\\\/05\\\/31\\\/liniers-y-olimpo-con-pocas-luces\\\/#breadcrumb\"},\"inLanguage\":\"es\",\"potentialAction\":[{\"@type\":\"ReadAction\",\"target\":[\"https:\\\/\\\/gentedebasquet.com.ar\\\/sitio\\\/2025\\\/05\\\/31\\\/liniers-y-olimpo-con-pocas-luces\\\/\"]}]},{\"@type\":\"ImageObject\",\"inLanguage\":\"es\",\"@id\":\"https:\\\/\\\/gentedebasquet.com.ar\\\/sitio\\\/2025\\\/05\\\/31\\\/liniers-y-olimpo-con-pocas-luces\\\/#primaryimage\",\"url\":\"https:\\\/\\\/gentedebasquet.com.ar\\\/sitio\\\/wp-content\\\/uploads\\\/2025\\\/05\\\/WhatsApp-Image-2025-05-30-at-01.17.33.jpeg\",\"contentUrl\":\"https:\\\/\\\/gentedebasquet.com.ar\\\/sitio\\\/wp-content\\\/uploads\\\/2025\\\/05\\\/WhatsApp-Image-2025-05-30-at-01.17.33.jpeg\",\"width\":1600,\"height\":1200},{\"@type\":\"BreadcrumbList\",\"@id\":\"https:\\\/\\\/gentedebasquet.com.ar\\\/sitio\\\/2025\\\/05\\\/31\\\/liniers-y-olimpo-con-pocas-luces\\\/#breadcrumb\",\"itemListElement\":[{\"@type\":\"ListItem\",\"position\":1,\"name\":\"Portada\",\"item\":\"https:\\\/\\\/gentedebasquet.com.ar\\\/sitio\\\/\"},{\"@type\":\"ListItem\",\"position\":2,\"name\":\"Liniers y Olimpo, con pocas luces\"}]},{\"@type\":\"WebSite\",\"@id\":\"https:\\\/\\\/gentedebasquet.com.ar\\\/sitio\\\/#website\",\"url\":\"https:\\\/\\\/gentedebasquet.com.ar\\\/sitio\\\/\",\"name\":\"Gente de B\u00e1squet\",\"description\":\"La revista del basquet de Bah\u00eda Blanca\",\"potentialAction\":[{\"@type\":\"SearchAction\",\"target\":{\"@type\":\"EntryPoint\",\"urlTemplate\":\"https:\\\/\\\/gentedebasquet.com.ar\\\/sitio\\\/?s={search_term_string}\"},\"query-input\":{\"@type\":\"PropertyValueSpecification\",\"valueRequired\":true,\"valueName\":\"search_term_string\"}}],\"inLanguage\":\"es\"},{\"@type\":\"Person\",\"@id\":\"https:\\\/\\\/gentedebasquet.com.ar\\\/sitio\\\/#\\\/schema\\\/person\\\/3b50d7c801b9529aba70bd4613bca6da\",\"name\":\"Santiago Seisdedos\",\"image\":{\"@type\":\"ImageObject\",\"inLanguage\":\"es\",\"@id\":\"https:\\\/\\\/secure.gravatar.com\\\/avatar\\\/be737e74404eb3825c4679da7a152b3c6980b470f7253114cd451344e20a8d80?s=96&d=mm&r=g\",\"url\":\"https:\\\/\\\/secure.gravatar.com\\\/avatar\\\/be737e74404eb3825c4679da7a152b3c6980b470f7253114cd451344e20a8d80?s=96&d=mm&r=g\",\"contentUrl\":\"https:\\\/\\\/secure.gravatar.com\\\/avatar\\\/be737e74404eb3825c4679da7a152b3c6980b470f7253114cd451344e20a8d80?s=96&d=mm&r=g\",\"caption\":\"Santiago Seisdedos\"},\"url\":\"https:\\\/\\\/gentedebasquet.com.ar\\\/sitio\\\/author\\\/santiago-sesidedos\\\/\"}]}<\/script>\n<!-- \/ Yoast SEO plugin. -->","yoast_head_json":{"title":"Liniers y Olimpo, con pocas luces - Gente de B\u00e1squet","robots":{"index":"index","follow":"follow","max-snippet":"max-snippet:-1","max-image-preview":"max-image-preview:large","max-video-preview":"max-video-preview:-1"},"canonical":"https:\/\/gentedebasquet.com.ar\/sitio\/2025\/05\/31\/liniers-y-olimpo-con-pocas-luces\/","og_locale":"es_ES","og_type":"article","og_title":"Liniers y Olimpo, con pocas luces - Gente de B\u00e1squet","og_description":"El \u00abChivo\u00bb y el \u00abAurinegro\u00bb protagonizaban, en la previa, uno de los duelos calientes de la sexta fecha del Torneo de Primera. Solo se pudo jugar el primer tiempo y seguramente ambos se quedaron con ganas de mostrar m\u00e1s. Fue un duelo de bajo goleo, con ataques r\u00e1pidos, jugadores veloces, posesiones cortas y baja efectividad. [&hellip;]","og_url":"https:\/\/gentedebasquet.com.ar\/sitio\/2025\/05\/31\/liniers-y-olimpo-con-pocas-luces\/","og_site_name":"Gente de B\u00e1squet","article_published_time":"2025-05-30T22:10:17+00:00","article_modified_time":"2025-05-31T03:14:22+00:00","og_image":[{"width":1600,"height":1200,"url":"https:\/\/gentedebasquet.com.ar\/sitio\/wp-content\/uploads\/2025\/05\/WhatsApp-Image-2025-05-30-at-01.17.33.jpeg","type":"image\/jpeg"}],"author":"Santiago Seisdedos","twitter_card":"summary_large_image","twitter_misc":{"Escrito por":"Santiago Seisdedos","Tiempo de lectura":"2 minutos"},"schema":{"@context":"https:\/\/schema.org","@graph":[{"@type":"Article","@id":"https:\/\/gentedebasquet.com.ar\/sitio\/2025\/05\/31\/liniers-y-olimpo-con-pocas-luces\/#article","isPartOf":{"@id":"https:\/\/gentedebasquet.com.ar\/sitio\/2025\/05\/31\/liniers-y-olimpo-con-pocas-luces\/"},"author":{"name":"Santiago Seisdedos","@id":"https:\/\/gentedebasquet.com.ar\/sitio\/#\/schema\/person\/3b50d7c801b9529aba70bd4613bca6da"},"headline":"Liniers y Olimpo, con pocas luces","datePublished":"2025-05-30T22:10:17+00:00","dateModified":"2025-05-31T03:14:22+00:00","mainEntityOfPage":{"@id":"https:\/\/gentedebasquet.com.ar\/sitio\/2025\/05\/31\/liniers-y-olimpo-con-pocas-luces\/"},"wordCount":381,"commentCount":0,"image":{"@id":"https:\/\/gentedebasquet.com.ar\/sitio\/2025\/05\/31\/liniers-y-olimpo-con-pocas-luces\/#primaryimage"},"thumbnailUrl":"https:\/\/gentedebasquet.com.ar\/sitio\/wp-content\/uploads\/2025\/05\/WhatsApp-Image-2025-05-30-at-01.17.33.jpeg","keywords":["Liniers","Ol\u00edmpo","Primera","Primera Divisi\u00f3n"],"articleSection":["Primera","Slide"],"inLanguage":"es","potentialAction":[{"@type":"CommentAction","name":"Comment","target":["https:\/\/gentedebasquet.com.ar\/sitio\/2025\/05\/31\/liniers-y-olimpo-con-pocas-luces\/#respond"]}]},{"@type":"WebPage","@id":"https:\/\/gentedebasquet.com.ar\/sitio\/2025\/05\/31\/liniers-y-olimpo-con-pocas-luces\/","url":"https:\/\/gentedebasquet.com.ar\/sitio\/2025\/05\/31\/liniers-y-olimpo-con-pocas-luces\/","name":"Liniers y Olimpo, con pocas luces - Gente de B\u00e1squet","isPartOf":{"@id":"https:\/\/gentedebasquet.com.ar\/sitio\/#website"},"primaryImageOfPage":{"@id":"https:\/\/gentedebasquet.com.ar\/sitio\/2025\/05\/31\/liniers-y-olimpo-con-pocas-luces\/#primaryimage"},"image":{"@id":"https:\/\/gentedebasquet.com.ar\/sitio\/2025\/05\/31\/liniers-y-olimpo-con-pocas-luces\/#primaryimage"},"thumbnailUrl":"https:\/\/gentedebasquet.com.ar\/sitio\/wp-content\/uploads\/2025\/05\/WhatsApp-Image-2025-05-30-at-01.17.33.jpeg","datePublished":"2025-05-30T22:10:17+00:00","dateModified":"2025-05-31T03:14:22+00:00","author":{"@id":"https:\/\/gentedebasquet.com.ar\/sitio\/#\/schema\/person\/3b50d7c801b9529aba70bd4613bca6da"},"breadcrumb":{"@id":"https:\/\/gentedebasquet.com.ar\/sitio\/2025\/05\/31\/liniers-y-olimpo-con-pocas-luces\/#breadcrumb"},"inLanguage":"es","potentialAction":[{"@type":"ReadAction","target":["https:\/\/gentedebasquet.com.ar\/sitio\/2025\/05\/31\/liniers-y-olimpo-con-pocas-luces\/"]}]},{"@type":"ImageObject","inLanguage":"es","@id":"https:\/\/gentedebasquet.com.ar\/sitio\/2025\/05\/31\/liniers-y-olimpo-con-pocas-luces\/#primaryimage","url":"https:\/\/gentedebasquet.com.ar\/sitio\/wp-content\/uploads\/2025\/05\/WhatsApp-Image-2025-05-30-at-01.17.33.jpeg","contentUrl":"https:\/\/gentedebasquet.com.ar\/sitio\/wp-content\/uploads\/2025\/05\/WhatsApp-Image-2025-05-30-at-01.17.33.jpeg","width":1600,"height":1200},{"@type":"BreadcrumbList","@id":"https:\/\/gentedebasquet.com.ar\/sitio\/2025\/05\/31\/liniers-y-olimpo-con-pocas-luces\/#breadcrumb","itemListElement":[{"@type":"ListItem","position":1,"name":"Portada","item":"https:\/\/gentedebasquet.com.ar\/sitio\/"},{"@type":"ListItem","position":2,"name":"Liniers y Olimpo, con pocas luces"}]},{"@type":"WebSite","@id":"https:\/\/gentedebasquet.com.ar\/sitio\/#website","url":"https:\/\/gentedebasquet.com.ar\/sitio\/","name":"Gente de B\u00e1squet","description":"La revista del basquet de Bah\u00eda Blanca","potentialAction":[{"@type":"SearchAction","target":{"@type":"EntryPoint","urlTemplate":"https:\/\/gentedebasquet.com.ar\/sitio\/?s={search_term_string}"},"query-input":{"@type":"PropertyValueSpecification","valueRequired":true,"valueName":"search_term_string"}}],"inLanguage":"es"},{"@type":"Person","@id":"https:\/\/gentedebasquet.com.ar\/sitio\/#\/schema\/person\/3b50d7c801b9529aba70bd4613bca6da","name":"Santiago Seisdedos","image":{"@type":"ImageObject","inLanguage":"es","@id":"https:\/\/secure.gravatar.com\/avatar\/be737e74404eb3825c4679da7a152b3c6980b470f7253114cd451344e20a8d80?s=96&d=mm&r=g","url":"https:\/\/secure.gravatar.com\/avatar\/be737e74404eb3825c4679da7a152b3c6980b470f7253114cd451344e20a8d80?s=96&d=mm&r=g","contentUrl":"https:\/\/secure.gravatar.com\/avatar\/be737e74404eb3825c4679da7a152b3c6980b470f7253114cd451344e20a8d80?s=96&d=mm&r=g","caption":"Santiago Seisdedos"},"url":"https:\/\/gentedebasquet.com.ar\/sitio\/author\/santiago-sesidedos\/"}]}},"_links":{"self":[{"href":"https:\/\/gentedebasquet.com.ar\/sitio\/wp-json\/wp\/v2\/posts\/116160","targetHints":{"allow":["GET"]}}],"collection":[{"href":"https:\/\/gentedebasquet.com.ar\/sitio\/wp-json\/wp\/v2\/posts"}],"about":[{"href":"https:\/\/gentedebasquet.com.ar\/sitio\/wp-json\/wp\/v2\/types\/post"}],"author":[{"embeddable":true,"href":"https:\/\/gentedebasquet.com.ar\/sitio\/wp-json\/wp\/v2\/users\/71"}],"replies":[{"embeddable":true,"href":"https:\/\/gentedebasquet.com.ar\/sitio\/wp-json\/wp\/v2\/comments?post=116160"}],"version-history":[{"count":3,"href":"https:\/\/gentedebasquet.com.ar\/sitio\/wp-json\/wp\/v2\/posts\/116160\/revisions"}],"predecessor-version":[{"id":116180,"href":"https:\/\/gentedebasquet.com.ar\/sitio\/wp-json\/wp\/v2\/posts\/116160\/revisions\/116180"}],"wp:featuredmedia":[{"embeddable":true,"href":"https:\/\/gentedebasquet.com.ar\/sitio\/wp-json\/wp\/v2\/media\/116161"}],"wp:attachment":[{"href":"https:\/\/gentedebasquet.com.ar\/sitio\/wp-json\/wp\/v2\/media?parent=116160"}],"wp:term":[{"taxonomy":"category","embeddable":true,"href":"https:\/\/gentedebasquet.com.ar\/sitio\/wp-json\/wp\/v2\/categories?post=116160"},{"taxonomy":"post_tag","embeddable":true,"href":"https:\/\/gentedebasquet.com.ar\/sitio\/wp-json\/wp\/v2\/tags?post=116160"}],"curies":[{"name":"wp","href":"https:\/\/api.w.org\/{rel}","templated":true}]}}