{"id":116167,"date":"2025-05-30T06:35:55","date_gmt":"2025-05-30T04:35:55","guid":{"rendered":"https:\/\/gentedebasquet.com.ar\/sitio\/?p=116167"},"modified":"2025-06-02T03:31:57","modified_gmt":"2025-06-02T01:31:57","slug":"victoria-albiazul","status":"publish","type":"post","link":"https:\/\/gentedebasquet.com.ar\/sitio\/2025\/05\/30\/victoria-albiazul\/","title":{"rendered":"Victoria Albiazul"},"content":{"rendered":"\n<p><strong>Pueyrred\u00f3n se llev\u00f3 un partido trabajado, que a partir de 4 triples de Juan Pedro Paronetto en el tercer cuarto, triunf\u00f3 ante San Lorenzo por 84-61.<\/strong><\/p>\n\n\n\n<p>Comienzo muy parejo de ambos lados, en San Lorenzo lo ten\u00eda a Agust\u00edn Pena con un t3 convertido. Adem\u00e1s pod\u00eda seguir con gol porque aprovechaba el poste bajo como arma, Mallemaci, Renzi y Pan (buen ingreso) eran las cartas goleadoras de Purre. En la visita, Coria y Cenzual ten\u00edan buenos pasajes. 18-18 primer cuarto.<\/p>\n\n\n\n<p>San Lorenzo manten\u00eda su gran pasaje, debido a su defensa pudo convertir dos triples (Pena). Pueyrredon estaba err\u00e1tico en comienzo del segmento, el encuentro se estaba convirtiendo de alto vuelo. San Lorenzo convert\u00eda 2t3 de la mano de Herbik y Fernetich. Pueyrred\u00f3n al apostar por el poste bajo y estar efectivo desde el triple (Pan y Paronetto) le daba r\u00e9dito. 37-39 culminaba al entretiempo.<\/p>\n\n\n\n<p>El Purre manten\u00eda su gran cuarto, Paronetto llevaba 2t3 en el inicio y Mallemaci tambi\u00e9n hac\u00eda lo suyo debajo del cesto. En cuanto al naranja, Coria era la carta goleadora en ataque. Paronetto sum\u00f3 otro triple m\u00e1s a su casillero. 61-45 termin\u00f3 el tercero.<\/p>\n\n\n\n<p>Los locales segu\u00edan estando efectivo y aprovechando cada error de San Lorenzo que en 4\u2019 del mismo anotaba 4 unidades. Pueyrred\u00f3n sacaba +15 de distancia y empez\u00f3 a usar fondo de armario, al igual que su rival. El partido finaliz\u00f3 84-61 para el albiazul.<\/p>\n\n\n\n<p><strong>Los de Iannamico se llevaron un triunfo que empez\u00f3 a gestar en el tercer cuarto debido a su efectividad y pudo llevarse el cotejo, para colocarse en el lote del medio.<\/strong><\/p>\n\n\n\n<figure class=\"wp-block-embed is-type-video is-provider-youtube wp-block-embed-youtube wp-embed-aspect-16-9 wp-has-aspect-ratio\"><div class=\"wp-block-embed__wrapper\">\n<div class=\"jeg_video_container jeg_video_content\"><iframe loading=\"lazy\" title=\"#Primera - Fecha #6: Pueyrred\u00f3n 84 - 61 San Lorenzo\" width=\"500\" height=\"281\" src=\"https:\/\/www.youtube.com\/embed\/ZSkQ54O_BZ4?feature=oembed\" frameborder=\"0\" allow=\"accelerometer; autoplay; clipboard-write; encrypted-media; gyroscope; picture-in-picture; web-share\" referrerpolicy=\"strict-origin-when-cross-origin\" allowfullscreen><\/iframe><\/div>\n<\/div><\/figure>\n\n\n\n<figure class=\"wp-block-image size-large\"><img decoding=\"async\" width=\"1024\" height=\"1024\" src=\"https:\/\/gentedebasquet.com.ar\/sitio\/wp-content\/uploads\/2025\/05\/parcial-12-0-de-bahiense-en-el-tercer-cuarto.-1-1-5-1024x1024.png\" alt=\"\" class=\"wp-image-116156\" srcset=\"https:\/\/gentedebasquet.com.ar\/sitio\/wp-content\/uploads\/2025\/05\/parcial-12-0-de-bahiense-en-el-tercer-cuarto.-1-1-5-1024x1024.png 1024w, https:\/\/gentedebasquet.com.ar\/sitio\/wp-content\/uploads\/2025\/05\/parcial-12-0-de-bahiense-en-el-tercer-cuarto.-1-1-5-300x300.png 300w, https:\/\/gentedebasquet.com.ar\/sitio\/wp-content\/uploads\/2025\/05\/parcial-12-0-de-bahiense-en-el-tercer-cuarto.-1-1-5-150x150.png 150w, https:\/\/gentedebasquet.com.ar\/sitio\/wp-content\/uploads\/2025\/05\/parcial-12-0-de-bahiense-en-el-tercer-cuarto.-1-1-5-768x768.png 768w, https:\/\/gentedebasquet.com.ar\/sitio\/wp-content\/uploads\/2025\/05\/parcial-12-0-de-bahiense-en-el-tercer-cuarto.-1-1-5-1536x1536.png 1536w, https:\/\/gentedebasquet.com.ar\/sitio\/wp-content\/uploads\/2025\/05\/parcial-12-0-de-bahiense-en-el-tercer-cuarto.-1-1-5-75x75.png 75w, https:\/\/gentedebasquet.com.ar\/sitio\/wp-content\/uploads\/2025\/05\/parcial-12-0-de-bahiense-en-el-tercer-cuarto.-1-1-5-350x350.png 350w, https:\/\/gentedebasquet.com.ar\/sitio\/wp-content\/uploads\/2025\/05\/parcial-12-0-de-bahiense-en-el-tercer-cuarto.-1-1-5-750x750.png 750w, https:\/\/gentedebasquet.com.ar\/sitio\/wp-content\/uploads\/2025\/05\/parcial-12-0-de-bahiense-en-el-tercer-cuarto.-1-1-5-1140x1140.png 1140w, https:\/\/gentedebasquet.com.ar\/sitio\/wp-content\/uploads\/2025\/05\/parcial-12-0-de-bahiense-en-el-tercer-cuarto.-1-1-5.png 1600w\" sizes=\"(max-width: 1024px) 100vw, 1024px\" \/><\/figure>\n\n\n\n<figure class=\"wp-block-image size-large\"><img decoding=\"async\" width=\"1024\" height=\"1024\" src=\"https:\/\/gentedebasquet.com.ar\/sitio\/wp-content\/uploads\/2025\/05\/parcial-12-0-de-bahiense-en-el-tercer-cuarto.-2-1-5-1024x1024.png\" alt=\"\" class=\"wp-image-116155\" srcset=\"https:\/\/gentedebasquet.com.ar\/sitio\/wp-content\/uploads\/2025\/05\/parcial-12-0-de-bahiense-en-el-tercer-cuarto.-2-1-5-1024x1024.png 1024w, https:\/\/gentedebasquet.com.ar\/sitio\/wp-content\/uploads\/2025\/05\/parcial-12-0-de-bahiense-en-el-tercer-cuarto.-2-1-5-300x300.png 300w, https:\/\/gentedebasquet.com.ar\/sitio\/wp-content\/uploads\/2025\/05\/parcial-12-0-de-bahiense-en-el-tercer-cuarto.-2-1-5-150x150.png 150w, https:\/\/gentedebasquet.com.ar\/sitio\/wp-content\/uploads\/2025\/05\/parcial-12-0-de-bahiense-en-el-tercer-cuarto.-2-1-5-768x768.png 768w, https:\/\/gentedebasquet.com.ar\/sitio\/wp-content\/uploads\/2025\/05\/parcial-12-0-de-bahiense-en-el-tercer-cuarto.-2-1-5-1536x1536.png 1536w, https:\/\/gentedebasquet.com.ar\/sitio\/wp-content\/uploads\/2025\/05\/parcial-12-0-de-bahiense-en-el-tercer-cuarto.-2-1-5-75x75.png 75w, https:\/\/gentedebasquet.com.ar\/sitio\/wp-content\/uploads\/2025\/05\/parcial-12-0-de-bahiense-en-el-tercer-cuarto.-2-1-5-350x350.png 350w, https:\/\/gentedebasquet.com.ar\/sitio\/wp-content\/uploads\/2025\/05\/parcial-12-0-de-bahiense-en-el-tercer-cuarto.-2-1-5-750x750.png 750w, https:\/\/gentedebasquet.com.ar\/sitio\/wp-content\/uploads\/2025\/05\/parcial-12-0-de-bahiense-en-el-tercer-cuarto.-2-1-5-1140x1140.png 1140w, https:\/\/gentedebasquet.com.ar\/sitio\/wp-content\/uploads\/2025\/05\/parcial-12-0-de-bahiense-en-el-tercer-cuarto.-2-1-5.png 1600w\" sizes=\"(max-width: 1024px) 100vw, 1024px\" \/><\/figure>\n\n\n\n<figure class=\"wp-block-image size-large\"><img decoding=\"async\" width=\"1024\" height=\"768\" src=\"https:\/\/gentedebasquet.com.ar\/sitio\/wp-content\/uploads\/2025\/05\/img_9941-1024x768.jpg\" alt=\"\" class=\"wp-image-116157\" srcset=\"https:\/\/gentedebasquet.com.ar\/sitio\/wp-content\/uploads\/2025\/05\/img_9941-1024x768.jpg 1024w, https:\/\/gentedebasquet.com.ar\/sitio\/wp-content\/uploads\/2025\/05\/img_9941-300x225.jpg 300w, https:\/\/gentedebasquet.com.ar\/sitio\/wp-content\/uploads\/2025\/05\/img_9941-768x576.jpg 768w, https:\/\/gentedebasquet.com.ar\/sitio\/wp-content\/uploads\/2025\/05\/img_9941-1536x1152.jpg 1536w, https:\/\/gentedebasquet.com.ar\/sitio\/wp-content\/uploads\/2025\/05\/img_9941-750x563.jpg 750w, https:\/\/gentedebasquet.com.ar\/sitio\/wp-content\/uploads\/2025\/05\/img_9941-1140x855.jpg 1140w, https:\/\/gentedebasquet.com.ar\/sitio\/wp-content\/uploads\/2025\/05\/img_9941.jpg 2000w\" sizes=\"(max-width: 1024px) 100vw, 1024px\" \/><\/figure>\n\n\n\n<blockquote class=\"wp-block-quote is-layout-flow wp-block-quote-is-layout-flow\">\n<p>\u00abFue un partido dur\u00edsimo nos convirtieron mucho en el primer tiempo. Bueno hab\u00eda que ajustar la defensa. En el segundo tiempo lo hicimos perfecto y bueno ah\u00ed fuimos a sacar la ventaja, defendimos ajustamos la primera l\u00ednea y empezamos a correr, atacar r\u00e1pido y creo que ah\u00ed logramos sacar la ventaja y lo desgastamos mucho f\u00edsicamente.\u00bb<strong>&nbsp;Guillermo Mallemaci, Pueyrred\u00f3n<\/strong>.<\/p>\n<\/blockquote>\n\n\n\n<p><strong>S\u00edntesis \u2013 Primera \u2013 Fecha 6<\/strong><\/p>\n\n\n\n<p><strong>Pueyrred\u00f3n 84:&nbsp;<\/strong>Lucas Luchetti (10), Dami\u00e1n Carci (8), Nicol\u00e1s Renzi (9), Carlos Balmaceda (9), Guillermo Mallemaci (18) (FI); Juan P. Paronetto (17), Alan Pan (11), Francesco De Tina (0), Genaro Brescia (0), Gonzalo Sagasti (0), Gregorio Gerhardt (0), Baltazar Borda (0).&nbsp;<strong>DT: Andr\u00e9s Iannamico.<\/strong><\/p>\n\n\n\n<p><strong>San Lorenzo 61:<\/strong>&nbsp;Mirko Cenzual (7), Agust\u00edn Pena (15), Nicol\u00e1s Herbik (6), Joaqu\u00edn Coria (13), Nahuel Diez (6) (FI); Juan Fuentes (2), Lautaro Fernetich (10), Sim\u00f3n Seewald (0), Ramiro Mader (1), Agust\u00edn Bittner (2)<strong>. DT: Sebasti\u00e1n Aleksoski.<\/strong><\/p>\n\n\n\n<p><strong>Parciales<\/strong>: 18-18, 37-39, (19-21), 61-45 (24-6), 84-61 (23-16).<\/p>\n\n\n\n<p><strong>\u00c1rbitros<\/strong>: Marjorie Stuardo \u2013 Eduardo Ferreira \u2013 Joaqu\u00edn Irrazabal&nbsp;<\/p>\n\n\n\n<p><strong>Estadio<\/strong>: Vicente Palermo&nbsp;<\/p>\n\n\n\n<p><strong>Fotos: <\/strong>Santiago Guerrero<\/p>\n\n\n\n<figure class=\"wp-block-image size-large\"><img decoding=\"async\" width=\"1024\" height=\"682\" src=\"https:\/\/gentedebasquet.com.ar\/sitio\/wp-content\/uploads\/2025\/05\/2cf85f28-e6be-46c1-80ba-277ceb1b350d-1-1-1024x682.jpg\" alt=\"\" class=\"wp-image-116152\" srcset=\"https:\/\/gentedebasquet.com.ar\/sitio\/wp-content\/uploads\/2025\/05\/2cf85f28-e6be-46c1-80ba-277ceb1b350d-1-1-1024x682.jpg 1024w, https:\/\/gentedebasquet.com.ar\/sitio\/wp-content\/uploads\/2025\/05\/2cf85f28-e6be-46c1-80ba-277ceb1b350d-1-1-300x200.jpg 300w, https:\/\/gentedebasquet.com.ar\/sitio\/wp-content\/uploads\/2025\/05\/2cf85f28-e6be-46c1-80ba-277ceb1b350d-1-1-768x512.jpg 768w, https:\/\/gentedebasquet.com.ar\/sitio\/wp-content\/uploads\/2025\/05\/2cf85f28-e6be-46c1-80ba-277ceb1b350d-1-1-1536x1024.jpg 1536w, https:\/\/gentedebasquet.com.ar\/sitio\/wp-content\/uploads\/2025\/05\/2cf85f28-e6be-46c1-80ba-277ceb1b350d-1-1-750x500.jpg 750w, https:\/\/gentedebasquet.com.ar\/sitio\/wp-content\/uploads\/2025\/05\/2cf85f28-e6be-46c1-80ba-277ceb1b350d-1-1-1140x760.jpg 1140w, https:\/\/gentedebasquet.com.ar\/sitio\/wp-content\/uploads\/2025\/05\/2cf85f28-e6be-46c1-80ba-277ceb1b350d-1-1.jpg 2000w\" sizes=\"(max-width: 1024px) 100vw, 1024px\" \/><\/figure>\n","protected":false},"excerpt":{"rendered":"<p>Pueyrred\u00f3n se llev\u00f3 un partido trabajado, que a partir de 4 triples de Juan Pedro Paronetto en el tercer cuarto, triunf\u00f3 ante San Lorenzo por 84-61. Comienzo muy parejo de ambos lados, en San Lorenzo lo ten\u00eda a Agust\u00edn Pena con un t3 convertido. Adem\u00e1s pod\u00eda seguir con gol porque aprovechaba el poste bajo como [&hellip;]<\/p>\n","protected":false},"author":82,"featured_media":116164,"comment_status":"closed","ping_status":"open","sticky":false,"template":"","format":"standard","meta":{"jnews-multi-image_gallery":[],"jnews_single_post":[],"jnews_primary_category":[],"footnotes":""},"categories":[23,101],"tags":[360,1884,1910,1169,508,18,668],"class_list":["post-116167","post","type-post","status-publish","format-standard","has-post-thumbnail","hentry","category-primera","category-slide","tag-guillermo-mallemaci","tag-joaquin-coria","tag-juan-pedro-paronetto","tag-primera","tag-primera-division","tag-pueyrredon","tag-san-lorenzo-del-sud"],"yoast_head":"<!-- This site is optimized with the Yoast SEO plugin v27.5 - https:\/\/yoast.com\/product\/yoast-seo-wordpress\/ -->\n<title>Victoria Albiazul - Gente de B\u00e1squet<\/title>\n<meta name=\"robots\" content=\"index, follow, max-snippet:-1, max-image-preview:large, max-video-preview:-1\" \/>\n<link rel=\"canonical\" href=\"http:\/\/gentedebasquet.com.ar\/sitio\/2025\/05\/30\/victoria-albiazul\/\" \/>\n<meta property=\"og:locale\" content=\"es_ES\" \/>\n<meta property=\"og:type\" content=\"article\" \/>\n<meta property=\"og:title\" content=\"Victoria Albiazul - Gente de B\u00e1squet\" \/>\n<meta property=\"og:description\" content=\"Pueyrred\u00f3n se llev\u00f3 un partido trabajado, que a partir de 4 triples de Juan Pedro Paronetto en el tercer cuarto, triunf\u00f3 ante San Lorenzo por 84-61. Comienzo muy parejo de ambos lados, en San Lorenzo lo ten\u00eda a Agust\u00edn Pena con un t3 convertido. Adem\u00e1s pod\u00eda seguir con gol porque aprovechaba el poste bajo como [&hellip;]\" \/>\n<meta property=\"og:url\" content=\"http:\/\/gentedebasquet.com.ar\/sitio\/2025\/05\/30\/victoria-albiazul\/\" \/>\n<meta property=\"og:site_name\" content=\"Gente de B\u00e1squet\" \/>\n<meta property=\"article:published_time\" content=\"2025-05-30T04:35:55+00:00\" \/>\n<meta property=\"article:modified_time\" content=\"2025-06-02T01:31:57+00:00\" \/>\n<meta property=\"og:image\" content=\"http:\/\/gentedebasquet.com.ar\/sitio\/wp-content\/uploads\/2025\/05\/9efaae4d-e841-429c-a0ac-d604b8e23f71-1.jpg\" \/>\n\t<meta property=\"og:image:width\" content=\"2000\" \/>\n\t<meta property=\"og:image:height\" content=\"1333\" \/>\n\t<meta property=\"og:image:type\" content=\"image\/jpeg\" \/>\n<meta name=\"author\" content=\"Manuel Lacerenza\" \/>\n<meta name=\"twitter:card\" content=\"summary_large_image\" \/>\n<meta name=\"twitter:label1\" content=\"Escrito por\" \/>\n\t<meta name=\"twitter:data1\" content=\"Manuel Lacerenza\" \/>\n\t<meta name=\"twitter:label2\" content=\"Tiempo de lectura\" \/>\n\t<meta name=\"twitter:data2\" content=\"2 minutos\" \/>\n<script type=\"application\/ld+json\" class=\"yoast-schema-graph\">{\"@context\":\"https:\\\/\\\/schema.org\",\"@graph\":[{\"@type\":\"Article\",\"@id\":\"http:\\\/\\\/gentedebasquet.com.ar\\\/sitio\\\/2025\\\/05\\\/30\\\/victoria-albiazul\\\/#article\",\"isPartOf\":{\"@id\":\"http:\\\/\\\/gentedebasquet.com.ar\\\/sitio\\\/2025\\\/05\\\/30\\\/victoria-albiazul\\\/\"},\"author\":{\"name\":\"Manuel Lacerenza\",\"@id\":\"https:\\\/\\\/gentedebasquet.com.ar\\\/sitio\\\/#\\\/schema\\\/person\\\/643357fb6a37b5549c9cfe9f339c9f1b\"},\"headline\":\"Victoria Albiazul\",\"datePublished\":\"2025-05-30T04:35:55+00:00\",\"dateModified\":\"2025-06-02T01:31:57+00:00\",\"mainEntityOfPage\":{\"@id\":\"http:\\\/\\\/gentedebasquet.com.ar\\\/sitio\\\/2025\\\/05\\\/30\\\/victoria-albiazul\\\/\"},\"wordCount\":452,\"image\":{\"@id\":\"http:\\\/\\\/gentedebasquet.com.ar\\\/sitio\\\/2025\\\/05\\\/30\\\/victoria-albiazul\\\/#primaryimage\"},\"thumbnailUrl\":\"https:\\\/\\\/gentedebasquet.com.ar\\\/sitio\\\/wp-content\\\/uploads\\\/2025\\\/05\\\/9efaae4d-e841-429c-a0ac-d604b8e23f71-1.jpg\",\"keywords\":[\"Guillermo Mallemaci\",\"Joaqu\u00edn Coria\",\"Juan Pedro Paronetto\",\"Primera\",\"Primera Divisi\u00f3n\",\"Pueyrredon\",\"San Lorenzo del Sud\"],\"articleSection\":[\"Primera\",\"Slide\"],\"inLanguage\":\"es\"},{\"@type\":\"WebPage\",\"@id\":\"http:\\\/\\\/gentedebasquet.com.ar\\\/sitio\\\/2025\\\/05\\\/30\\\/victoria-albiazul\\\/\",\"url\":\"http:\\\/\\\/gentedebasquet.com.ar\\\/sitio\\\/2025\\\/05\\\/30\\\/victoria-albiazul\\\/\",\"name\":\"Victoria Albiazul - Gente de B\u00e1squet\",\"isPartOf\":{\"@id\":\"https:\\\/\\\/gentedebasquet.com.ar\\\/sitio\\\/#website\"},\"primaryImageOfPage\":{\"@id\":\"http:\\\/\\\/gentedebasquet.com.ar\\\/sitio\\\/2025\\\/05\\\/30\\\/victoria-albiazul\\\/#primaryimage\"},\"image\":{\"@id\":\"http:\\\/\\\/gentedebasquet.com.ar\\\/sitio\\\/2025\\\/05\\\/30\\\/victoria-albiazul\\\/#primaryimage\"},\"thumbnailUrl\":\"https:\\\/\\\/gentedebasquet.com.ar\\\/sitio\\\/wp-content\\\/uploads\\\/2025\\\/05\\\/9efaae4d-e841-429c-a0ac-d604b8e23f71-1.jpg\",\"datePublished\":\"2025-05-30T04:35:55+00:00\",\"dateModified\":\"2025-06-02T01:31:57+00:00\",\"author\":{\"@id\":\"https:\\\/\\\/gentedebasquet.com.ar\\\/sitio\\\/#\\\/schema\\\/person\\\/643357fb6a37b5549c9cfe9f339c9f1b\"},\"breadcrumb\":{\"@id\":\"http:\\\/\\\/gentedebasquet.com.ar\\\/sitio\\\/2025\\\/05\\\/30\\\/victoria-albiazul\\\/#breadcrumb\"},\"inLanguage\":\"es\",\"potentialAction\":[{\"@type\":\"ReadAction\",\"target\":[\"http:\\\/\\\/gentedebasquet.com.ar\\\/sitio\\\/2025\\\/05\\\/30\\\/victoria-albiazul\\\/\"]}]},{\"@type\":\"ImageObject\",\"inLanguage\":\"es\",\"@id\":\"http:\\\/\\\/gentedebasquet.com.ar\\\/sitio\\\/2025\\\/05\\\/30\\\/victoria-albiazul\\\/#primaryimage\",\"url\":\"https:\\\/\\\/gentedebasquet.com.ar\\\/sitio\\\/wp-content\\\/uploads\\\/2025\\\/05\\\/9efaae4d-e841-429c-a0ac-d604b8e23f71-1.jpg\",\"contentUrl\":\"https:\\\/\\\/gentedebasquet.com.ar\\\/sitio\\\/wp-content\\\/uploads\\\/2025\\\/05\\\/9efaae4d-e841-429c-a0ac-d604b8e23f71-1.jpg\",\"width\":2000,\"height\":1333},{\"@type\":\"BreadcrumbList\",\"@id\":\"http:\\\/\\\/gentedebasquet.com.ar\\\/sitio\\\/2025\\\/05\\\/30\\\/victoria-albiazul\\\/#breadcrumb\",\"itemListElement\":[{\"@type\":\"ListItem\",\"position\":1,\"name\":\"Portada\",\"item\":\"https:\\\/\\\/gentedebasquet.com.ar\\\/sitio\\\/\"},{\"@type\":\"ListItem\",\"position\":2,\"name\":\"Victoria Albiazul\"}]},{\"@type\":\"WebSite\",\"@id\":\"https:\\\/\\\/gentedebasquet.com.ar\\\/sitio\\\/#website\",\"url\":\"https:\\\/\\\/gentedebasquet.com.ar\\\/sitio\\\/\",\"name\":\"Gente de B\u00e1squet\",\"description\":\"La revista del basquet de Bah\u00eda Blanca\",\"potentialAction\":[{\"@type\":\"SearchAction\",\"target\":{\"@type\":\"EntryPoint\",\"urlTemplate\":\"https:\\\/\\\/gentedebasquet.com.ar\\\/sitio\\\/?s={search_term_string}\"},\"query-input\":{\"@type\":\"PropertyValueSpecification\",\"valueRequired\":true,\"valueName\":\"search_term_string\"}}],\"inLanguage\":\"es\"},{\"@type\":\"Person\",\"@id\":\"https:\\\/\\\/gentedebasquet.com.ar\\\/sitio\\\/#\\\/schema\\\/person\\\/643357fb6a37b5549c9cfe9f339c9f1b\",\"name\":\"Manuel Lacerenza\",\"image\":{\"@type\":\"ImageObject\",\"inLanguage\":\"es\",\"@id\":\"https:\\\/\\\/secure.gravatar.com\\\/avatar\\\/6a427d587bd181ca8afd828e8cf364f233c5cbe5b8a1332b92ea42687ad97845?s=96&d=mm&r=g\",\"url\":\"https:\\\/\\\/secure.gravatar.com\\\/avatar\\\/6a427d587bd181ca8afd828e8cf364f233c5cbe5b8a1332b92ea42687ad97845?s=96&d=mm&r=g\",\"contentUrl\":\"https:\\\/\\\/secure.gravatar.com\\\/avatar\\\/6a427d587bd181ca8afd828e8cf364f233c5cbe5b8a1332b92ea42687ad97845?s=96&d=mm&r=g\",\"caption\":\"Manuel Lacerenza\"},\"url\":\"https:\\\/\\\/gentedebasquet.com.ar\\\/sitio\\\/author\\\/manuel\\\/\"}]}<\/script>\n<!-- \/ Yoast SEO plugin. -->","yoast_head_json":{"title":"Victoria Albiazul - Gente de B\u00e1squet","robots":{"index":"index","follow":"follow","max-snippet":"max-snippet:-1","max-image-preview":"max-image-preview:large","max-video-preview":"max-video-preview:-1"},"canonical":"http:\/\/gentedebasquet.com.ar\/sitio\/2025\/05\/30\/victoria-albiazul\/","og_locale":"es_ES","og_type":"article","og_title":"Victoria Albiazul - Gente de B\u00e1squet","og_description":"Pueyrred\u00f3n se llev\u00f3 un partido trabajado, que a partir de 4 triples de Juan Pedro Paronetto en el tercer cuarto, triunf\u00f3 ante San Lorenzo por 84-61. Comienzo muy parejo de ambos lados, en San Lorenzo lo ten\u00eda a Agust\u00edn Pena con un t3 convertido. Adem\u00e1s pod\u00eda seguir con gol porque aprovechaba el poste bajo como [&hellip;]","og_url":"http:\/\/gentedebasquet.com.ar\/sitio\/2025\/05\/30\/victoria-albiazul\/","og_site_name":"Gente de B\u00e1squet","article_published_time":"2025-05-30T04:35:55+00:00","article_modified_time":"2025-06-02T01:31:57+00:00","og_image":[{"width":2000,"height":1333,"url":"http:\/\/gentedebasquet.com.ar\/sitio\/wp-content\/uploads\/2025\/05\/9efaae4d-e841-429c-a0ac-d604b8e23f71-1.jpg","type":"image\/jpeg"}],"author":"Manuel Lacerenza","twitter_card":"summary_large_image","twitter_misc":{"Escrito por":"Manuel Lacerenza","Tiempo de lectura":"2 minutos"},"schema":{"@context":"https:\/\/schema.org","@graph":[{"@type":"Article","@id":"http:\/\/gentedebasquet.com.ar\/sitio\/2025\/05\/30\/victoria-albiazul\/#article","isPartOf":{"@id":"http:\/\/gentedebasquet.com.ar\/sitio\/2025\/05\/30\/victoria-albiazul\/"},"author":{"name":"Manuel Lacerenza","@id":"https:\/\/gentedebasquet.com.ar\/sitio\/#\/schema\/person\/643357fb6a37b5549c9cfe9f339c9f1b"},"headline":"Victoria Albiazul","datePublished":"2025-05-30T04:35:55+00:00","dateModified":"2025-06-02T01:31:57+00:00","mainEntityOfPage":{"@id":"http:\/\/gentedebasquet.com.ar\/sitio\/2025\/05\/30\/victoria-albiazul\/"},"wordCount":452,"image":{"@id":"http:\/\/gentedebasquet.com.ar\/sitio\/2025\/05\/30\/victoria-albiazul\/#primaryimage"},"thumbnailUrl":"https:\/\/gentedebasquet.com.ar\/sitio\/wp-content\/uploads\/2025\/05\/9efaae4d-e841-429c-a0ac-d604b8e23f71-1.jpg","keywords":["Guillermo Mallemaci","Joaqu\u00edn Coria","Juan Pedro Paronetto","Primera","Primera Divisi\u00f3n","Pueyrredon","San Lorenzo del Sud"],"articleSection":["Primera","Slide"],"inLanguage":"es"},{"@type":"WebPage","@id":"http:\/\/gentedebasquet.com.ar\/sitio\/2025\/05\/30\/victoria-albiazul\/","url":"http:\/\/gentedebasquet.com.ar\/sitio\/2025\/05\/30\/victoria-albiazul\/","name":"Victoria Albiazul - Gente de B\u00e1squet","isPartOf":{"@id":"https:\/\/gentedebasquet.com.ar\/sitio\/#website"},"primaryImageOfPage":{"@id":"http:\/\/gentedebasquet.com.ar\/sitio\/2025\/05\/30\/victoria-albiazul\/#primaryimage"},"image":{"@id":"http:\/\/gentedebasquet.com.ar\/sitio\/2025\/05\/30\/victoria-albiazul\/#primaryimage"},"thumbnailUrl":"https:\/\/gentedebasquet.com.ar\/sitio\/wp-content\/uploads\/2025\/05\/9efaae4d-e841-429c-a0ac-d604b8e23f71-1.jpg","datePublished":"2025-05-30T04:35:55+00:00","dateModified":"2025-06-02T01:31:57+00:00","author":{"@id":"https:\/\/gentedebasquet.com.ar\/sitio\/#\/schema\/person\/643357fb6a37b5549c9cfe9f339c9f1b"},"breadcrumb":{"@id":"http:\/\/gentedebasquet.com.ar\/sitio\/2025\/05\/30\/victoria-albiazul\/#breadcrumb"},"inLanguage":"es","potentialAction":[{"@type":"ReadAction","target":["http:\/\/gentedebasquet.com.ar\/sitio\/2025\/05\/30\/victoria-albiazul\/"]}]},{"@type":"ImageObject","inLanguage":"es","@id":"http:\/\/gentedebasquet.com.ar\/sitio\/2025\/05\/30\/victoria-albiazul\/#primaryimage","url":"https:\/\/gentedebasquet.com.ar\/sitio\/wp-content\/uploads\/2025\/05\/9efaae4d-e841-429c-a0ac-d604b8e23f71-1.jpg","contentUrl":"https:\/\/gentedebasquet.com.ar\/sitio\/wp-content\/uploads\/2025\/05\/9efaae4d-e841-429c-a0ac-d604b8e23f71-1.jpg","width":2000,"height":1333},{"@type":"BreadcrumbList","@id":"http:\/\/gentedebasquet.com.ar\/sitio\/2025\/05\/30\/victoria-albiazul\/#breadcrumb","itemListElement":[{"@type":"ListItem","position":1,"name":"Portada","item":"https:\/\/gentedebasquet.com.ar\/sitio\/"},{"@type":"ListItem","position":2,"name":"Victoria Albiazul"}]},{"@type":"WebSite","@id":"https:\/\/gentedebasquet.com.ar\/sitio\/#website","url":"https:\/\/gentedebasquet.com.ar\/sitio\/","name":"Gente de B\u00e1squet","description":"La revista del basquet de Bah\u00eda Blanca","potentialAction":[{"@type":"SearchAction","target":{"@type":"EntryPoint","urlTemplate":"https:\/\/gentedebasquet.com.ar\/sitio\/?s={search_term_string}"},"query-input":{"@type":"PropertyValueSpecification","valueRequired":true,"valueName":"search_term_string"}}],"inLanguage":"es"},{"@type":"Person","@id":"https:\/\/gentedebasquet.com.ar\/sitio\/#\/schema\/person\/643357fb6a37b5549c9cfe9f339c9f1b","name":"Manuel Lacerenza","image":{"@type":"ImageObject","inLanguage":"es","@id":"https:\/\/secure.gravatar.com\/avatar\/6a427d587bd181ca8afd828e8cf364f233c5cbe5b8a1332b92ea42687ad97845?s=96&d=mm&r=g","url":"https:\/\/secure.gravatar.com\/avatar\/6a427d587bd181ca8afd828e8cf364f233c5cbe5b8a1332b92ea42687ad97845?s=96&d=mm&r=g","contentUrl":"https:\/\/secure.gravatar.com\/avatar\/6a427d587bd181ca8afd828e8cf364f233c5cbe5b8a1332b92ea42687ad97845?s=96&d=mm&r=g","caption":"Manuel Lacerenza"},"url":"https:\/\/gentedebasquet.com.ar\/sitio\/author\/manuel\/"}]}},"_links":{"self":[{"href":"https:\/\/gentedebasquet.com.ar\/sitio\/wp-json\/wp\/v2\/posts\/116167","targetHints":{"allow":["GET"]}}],"collection":[{"href":"https:\/\/gentedebasquet.com.ar\/sitio\/wp-json\/wp\/v2\/posts"}],"about":[{"href":"https:\/\/gentedebasquet.com.ar\/sitio\/wp-json\/wp\/v2\/types\/post"}],"author":[{"embeddable":true,"href":"https:\/\/gentedebasquet.com.ar\/sitio\/wp-json\/wp\/v2\/users\/82"}],"replies":[{"embeddable":true,"href":"https:\/\/gentedebasquet.com.ar\/sitio\/wp-json\/wp\/v2\/comments?post=116167"}],"version-history":[{"count":2,"href":"https:\/\/gentedebasquet.com.ar\/sitio\/wp-json\/wp\/v2\/posts\/116167\/revisions"}],"predecessor-version":[{"id":116202,"href":"https:\/\/gentedebasquet.com.ar\/sitio\/wp-json\/wp\/v2\/posts\/116167\/revisions\/116202"}],"wp:featuredmedia":[{"embeddable":true,"href":"https:\/\/gentedebasquet.com.ar\/sitio\/wp-json\/wp\/v2\/media\/116164"}],"wp:attachment":[{"href":"https:\/\/gentedebasquet.com.ar\/sitio\/wp-json\/wp\/v2\/media?parent=116167"}],"wp:term":[{"taxonomy":"category","embeddable":true,"href":"https:\/\/gentedebasquet.com.ar\/sitio\/wp-json\/wp\/v2\/categories?post=116167"},{"taxonomy":"post_tag","embeddable":true,"href":"https:\/\/gentedebasquet.com.ar\/sitio\/wp-json\/wp\/v2\/tags?post=116167"}],"curies":[{"name":"wp","href":"https:\/\/api.w.org\/{rel}","templated":true}]}}