{"id":116233,"date":"2025-06-05T23:58:32","date_gmt":"2025-06-05T21:58:32","guid":{"rendered":"https:\/\/gentedebasquet.com.ar\/sitio\/?p=116233"},"modified":"2025-06-06T05:32:27","modified_gmt":"2025-06-06T03:32:27","slug":"a-tiempo-villa-mitre","status":"publish","type":"post","link":"https:\/\/gentedebasquet.com.ar\/sitio\/2025\/06\/05\/a-tiempo-villa-mitre\/","title":{"rendered":"A tiempo Villa Mitre"},"content":{"rendered":"<p><strong>En el Jos\u00e9 Mart\u00ednez, el tricolor venci\u00f3 a Alem por 72 a 49.<\/strong><\/p>\n<p><strong>Con un gran trabajo defensivo, que dej\u00f3 por debajo de cincuenta puntos a su rival, elev\u00f3 efectividad y volumen de juego ofensivo en el complemento, para llevarse el encuentro.<\/strong><\/p>\n<p><strong>Manuel Iglesias con 19, Fausto Depaoli con 12 y Lautaro Cavero con 10, los tres jugadores en doble digito; por Alem, hubo 11 de Antonio Iturrioz y 10 de Howard Wilkerson.<\/strong><\/p>\n<p>Sin fluidez ofensiva y bajos porcentajes, la paridad del juego estuvo durante 25m. En el momento en el cual Alem tomo el liderazgo 37 a 39 en el 3C, el local destrab\u00f3 su ataque.<\/p>\n<p>Enfrent\u00f3 durante gran parte del juego una defensa zonal, la cual le cost\u00f3 encontrar fluidez y lograr anotar cerca del cesto. Con tiros abiertos y transici\u00f3n anot\u00f3, pero se sosten\u00eda de una defensa intensa en primera l\u00ednea y congestionando la zona pintada.<\/p>\n<p>Alem anot\u00f3 con el 1vs1 de Giarraffa y el juego de posteo de sus internos. Adem\u00e1s, le agreg\u00f3 tiro externo en el 3C y as\u00ed pas\u00f3 al frente, 37 a 39.<\/p>\n<p>Desde ah\u00ed, todo de Villa Mitre. Mantuvo la intensidad defensiva y adelante, se solt\u00f3 sin brillar. Depaoli de acci\u00f3n individual inici\u00f3 el parcial, recuperos en primera l\u00ednea le dio gol r\u00e1pido con ventaja, la verticalidad de Iglesias rompi\u00f3 la defensa y cont\u00f3 con la aparici\u00f3n de varias manos para anotar.<\/p>\n<p>La ventaja fue arriba de doble digito y dej\u00f3 sin reacci\u00f3n al visitante.<\/p>\n<div class=\"jeg_video_container jeg_video_content\"><iframe loading=\"lazy\" title=\"#Primera - Fecha #7: Villa Mitre 72 - 49 Alem\" width=\"500\" height=\"281\" src=\"https:\/\/www.youtube.com\/embed\/7LwNtJc9YeQ?feature=oembed\" frameborder=\"0\" allow=\"accelerometer; autoplay; clipboard-write; encrypted-media; gyroscope; picture-in-picture; web-share\" referrerpolicy=\"strict-origin-when-cross-origin\" allowfullscreen><\/iframe><\/div>\n<p><img decoding=\"async\" class=\"alignnone size-medium wp-image-116234\" src=\"http:\/\/gentedebasquet.com.ar\/sitio\/wp-content\/uploads\/2025\/06\/MVP-300x300.jpg\" alt=\"\" width=\"300\" height=\"300\" srcset=\"https:\/\/gentedebasquet.com.ar\/sitio\/wp-content\/uploads\/2025\/06\/MVP-300x300.jpg 300w, https:\/\/gentedebasquet.com.ar\/sitio\/wp-content\/uploads\/2025\/06\/MVP-1024x1024.jpg 1024w, https:\/\/gentedebasquet.com.ar\/sitio\/wp-content\/uploads\/2025\/06\/MVP-150x150.jpg 150w, https:\/\/gentedebasquet.com.ar\/sitio\/wp-content\/uploads\/2025\/06\/MVP-768x768.jpg 768w, https:\/\/gentedebasquet.com.ar\/sitio\/wp-content\/uploads\/2025\/06\/MVP-1536x1536.jpg 1536w, https:\/\/gentedebasquet.com.ar\/sitio\/wp-content\/uploads\/2025\/06\/MVP-75x75.jpg 75w, https:\/\/gentedebasquet.com.ar\/sitio\/wp-content\/uploads\/2025\/06\/MVP-350x350.jpg 350w, https:\/\/gentedebasquet.com.ar\/sitio\/wp-content\/uploads\/2025\/06\/MVP-750x750.jpg 750w, https:\/\/gentedebasquet.com.ar\/sitio\/wp-content\/uploads\/2025\/06\/MVP-1140x1140.jpg 1140w, https:\/\/gentedebasquet.com.ar\/sitio\/wp-content\/uploads\/2025\/06\/MVP.jpg 2000w\" sizes=\"(max-width: 300px) 100vw, 300px\" \/><\/p>\n<blockquote><p><em>\u201cFue un partido dif\u00edcil, donde nos plantearon zona gran parte del juego. Al final nos pudimos destrabar, corriendo y con buenas defensas. Defendimos muy bien y fue la clave del partido\u201d Manuel Iglesias (Villa Mitre)<\/em><\/p><\/blockquote>\n<p><img decoding=\"async\" class=\"alignnone size-medium wp-image-116237\" src=\"http:\/\/gentedebasquet.com.ar\/sitio\/wp-content\/uploads\/2025\/06\/Iglesias-300x169.jpg\" alt=\"\" width=\"300\" height=\"169\" srcset=\"https:\/\/gentedebasquet.com.ar\/sitio\/wp-content\/uploads\/2025\/06\/Iglesias-300x169.jpg 300w, https:\/\/gentedebasquet.com.ar\/sitio\/wp-content\/uploads\/2025\/06\/Iglesias-768x432.jpg 768w, https:\/\/gentedebasquet.com.ar\/sitio\/wp-content\/uploads\/2025\/06\/Iglesias-750x422.jpg 750w, https:\/\/gentedebasquet.com.ar\/sitio\/wp-content\/uploads\/2025\/06\/Iglesias.jpg 800w\" sizes=\"(max-width: 300px) 100vw, 300px\" \/><\/p>\n<p><strong>S\u00edntesis<\/strong> &#8211; Primera Divisi\u00f3n &#8211; Fecha #7<\/p>\n<p><strong>Villa Mitre 72:<\/strong> Fausto Depaoli 12, Lautaro Cavero 10, Manuel Iglesias 19, Franco Amigo 3, Julian Lorca 5 (FI); Joaqu\u00edn Jasen 8, Fernando Alfonso 1, Sebasti\u00e1n Basualdo 7, Alejo Blanco 3, Ramiro Heinrich 4, Agust\u00edn G\u00f3mez Lepez 0. DT: Renzo Balducci.<\/p>\n<p><strong>Alem 49<\/strong>: Mauro Zalguizuri 6, Jano Wentland 0, Federico Giarraffa 9, Howard Wilkerson 10, Antonio Iturrioz 11 (x) (FI); Santiago D\u00b4annunzio 5, Patricio Zapata 2, Ignacio Formiga 6, Tomas Scolari 0. DT: Franco Maceratesi.<\/p>\n<p><strong>Parciales:<\/strong> 16-12, 30-26 (14-14), 51-42 (21-16), 72-49 (21-7).<\/p>\n<p><strong>\u00c1rbitros:<\/strong> Alejandro Ramallo &#8211; Juan Mat\u00edas &#8211; Joel Schernenco.<\/p>\n<p><strong>Estadio<\/strong>: Jos\u00e9 Mart\u00ednez (Villa Mitre).<\/p>\n<p><img decoding=\"async\" class=\"alignnone size-medium wp-image-116235\" src=\"http:\/\/gentedebasquet.com.ar\/sitio\/wp-content\/uploads\/2025\/06\/CLAVE-300x300.jpg\" alt=\"\" width=\"300\" height=\"300\" srcset=\"https:\/\/gentedebasquet.com.ar\/sitio\/wp-content\/uploads\/2025\/06\/CLAVE-300x300.jpg 300w, https:\/\/gentedebasquet.com.ar\/sitio\/wp-content\/uploads\/2025\/06\/CLAVE-1024x1024.jpg 1024w, https:\/\/gentedebasquet.com.ar\/sitio\/wp-content\/uploads\/2025\/06\/CLAVE-150x150.jpg 150w, https:\/\/gentedebasquet.com.ar\/sitio\/wp-content\/uploads\/2025\/06\/CLAVE-768x768.jpg 768w, https:\/\/gentedebasquet.com.ar\/sitio\/wp-content\/uploads\/2025\/06\/CLAVE-1536x1536.jpg 1536w, https:\/\/gentedebasquet.com.ar\/sitio\/wp-content\/uploads\/2025\/06\/CLAVE-75x75.jpg 75w, https:\/\/gentedebasquet.com.ar\/sitio\/wp-content\/uploads\/2025\/06\/CLAVE-350x350.jpg 350w, https:\/\/gentedebasquet.com.ar\/sitio\/wp-content\/uploads\/2025\/06\/CLAVE-750x750.jpg 750w, https:\/\/gentedebasquet.com.ar\/sitio\/wp-content\/uploads\/2025\/06\/CLAVE-1140x1140.jpg 1140w, https:\/\/gentedebasquet.com.ar\/sitio\/wp-content\/uploads\/2025\/06\/CLAVE.jpg 2000w\" sizes=\"(max-width: 300px) 100vw, 300px\" \/><\/p>\n<p><img decoding=\"async\" class=\"alignnone size-medium wp-image-116236\" src=\"http:\/\/gentedebasquet.com.ar\/sitio\/wp-content\/uploads\/2025\/06\/800-300x169.jpg\" alt=\"\" width=\"300\" height=\"169\" srcset=\"https:\/\/gentedebasquet.com.ar\/sitio\/wp-content\/uploads\/2025\/06\/800-300x169.jpg 300w, https:\/\/gentedebasquet.com.ar\/sitio\/wp-content\/uploads\/2025\/06\/800-768x432.jpg 768w, https:\/\/gentedebasquet.com.ar\/sitio\/wp-content\/uploads\/2025\/06\/800-750x422.jpg 750w, https:\/\/gentedebasquet.com.ar\/sitio\/wp-content\/uploads\/2025\/06\/800.jpg 800w\" sizes=\"(max-width: 300px) 100vw, 300px\" \/><\/p>\n<p>&nbsp;<\/p>\n","protected":false},"excerpt":{"rendered":"<p>En el Jos\u00e9 Mart\u00ednez, el tricolor venci\u00f3 a Alem por 72 a 49. Con un gran trabajo defensivo, que dej\u00f3 por debajo de cincuenta puntos a su rival, elev\u00f3 efectividad y volumen de juego ofensivo en el complemento, para llevarse el encuentro. Manuel Iglesias con 19, Fausto Depaoli con 12 y Lautaro Cavero con 10, [&hellip;]<\/p>\n","protected":false},"author":47,"featured_media":116238,"comment_status":"open","ping_status":"open","sticky":false,"template":"","format":"standard","meta":{"jnews-multi-image_gallery":[],"jnews_single_post":{"source_name":"","source_url":"","via_name":"","via_url":"","override_template":"0","override":[{"template":"1","single_blog_custom":"","parallax":"1","fullscreen":"1","layout":"right-sidebar","sidebar":"default-sidebar","second_sidebar":"default-sidebar","sticky_sidebar":"1","share_position":"top","share_float_style":"share-monocrhome","show_share_counter":"0","show_view_counter":"0","show_featured":"1","show_post_meta":"1","show_post_author":"1","show_post_author_image":"0","show_post_date":"1","post_date_format":"default","post_date_format_custom":"Y\/m\/d","show_post_category":"1","show_post_reading_time":"0","post_reading_time_wpm":"300","show_zoom_button":"0","zoom_button_out_step":"2","zoom_button_in_step":"3","show_post_tag":"1","show_prev_next_post":"1","show_popup_post":"0","number_popup_post":"1","show_author_box":"0","show_post_related":"0","show_inline_post_related":"0"}],"override_image_size":"0","image_override":[{"single_post_thumbnail_size":"crop-500","single_post_gallery_size":"crop-500"}],"trending_post":"0","trending_post_position":"meta","trending_post_label":"Trending","sponsored_post":"0","sponsored_post_label":"Sponsored by","sponsored_post_name":"","sponsored_post_url":"","sponsored_post_logo_enable":"0","sponsored_post_logo":"","sponsored_post_desc":"","disable_ad":"0"},"jnews_primary_category":{"id":"","hide":""},"footnotes":""},"categories":[23,101],"tags":[3,1838,22],"class_list":["post-116233","post","type-post","status-publish","format-standard","has-post-thumbnail","hentry","category-primera","category-slide","tag-alem","tag-manuel-iglesias","tag-villa-mitre"],"yoast_head":"<!-- This site is optimized with the Yoast SEO plugin v27.5 - https:\/\/yoast.com\/product\/yoast-seo-wordpress\/ -->\n<title>A tiempo Villa Mitre - Gente de B\u00e1squet<\/title>\n<meta name=\"robots\" content=\"index, follow, max-snippet:-1, max-image-preview:large, max-video-preview:-1\" \/>\n<link rel=\"canonical\" href=\"https:\/\/gentedebasquet.com.ar\/sitio\/2025\/06\/05\/a-tiempo-villa-mitre\/\" \/>\n<meta property=\"og:locale\" content=\"es_ES\" \/>\n<meta property=\"og:type\" content=\"article\" \/>\n<meta property=\"og:title\" content=\"A tiempo Villa Mitre - Gente de B\u00e1squet\" \/>\n<meta property=\"og:description\" content=\"En el Jos\u00e9 Mart\u00ednez, el tricolor venci\u00f3 a Alem por 72 a 49. Con un gran trabajo defensivo, que dej\u00f3 por debajo de cincuenta puntos a su rival, elev\u00f3 efectividad y volumen de juego ofensivo en el complemento, para llevarse el encuentro. Manuel Iglesias con 19, Fausto Depaoli con 12 y Lautaro Cavero con 10, [&hellip;]\" \/>\n<meta property=\"og:url\" content=\"https:\/\/gentedebasquet.com.ar\/sitio\/2025\/06\/05\/a-tiempo-villa-mitre\/\" \/>\n<meta property=\"og:site_name\" content=\"Gente de B\u00e1squet\" \/>\n<meta property=\"article:published_time\" content=\"2025-06-05T21:58:32+00:00\" \/>\n<meta property=\"article:modified_time\" content=\"2025-06-06T03:32:27+00:00\" \/>\n<meta property=\"og:image\" content=\"https:\/\/gentedebasquet.com.ar\/sitio\/wp-content\/uploads\/2025\/06\/690.jpg\" \/>\n\t<meta property=\"og:image:width\" content=\"690\" \/>\n\t<meta property=\"og:image:height\" content=\"319\" \/>\n\t<meta property=\"og:image:type\" content=\"image\/jpeg\" \/>\n<meta name=\"author\" content=\"Franco Crivellini\" \/>\n<meta name=\"twitter:card\" content=\"summary_large_image\" \/>\n<meta name=\"twitter:label1\" content=\"Escrito por\" \/>\n\t<meta name=\"twitter:data1\" content=\"Franco Crivellini\" \/>\n\t<meta name=\"twitter:label2\" content=\"Tiempo de lectura\" \/>\n\t<meta name=\"twitter:data2\" content=\"3 minutos\" \/>\n<script type=\"application\/ld+json\" class=\"yoast-schema-graph\">{\"@context\":\"https:\\\/\\\/schema.org\",\"@graph\":[{\"@type\":\"Article\",\"@id\":\"https:\\\/\\\/gentedebasquet.com.ar\\\/sitio\\\/2025\\\/06\\\/05\\\/a-tiempo-villa-mitre\\\/#article\",\"isPartOf\":{\"@id\":\"https:\\\/\\\/gentedebasquet.com.ar\\\/sitio\\\/2025\\\/06\\\/05\\\/a-tiempo-villa-mitre\\\/\"},\"author\":{\"name\":\"Franco Crivellini\",\"@id\":\"https:\\\/\\\/gentedebasquet.com.ar\\\/sitio\\\/#\\\/schema\\\/person\\\/8aab22e4df61e089287228bd32bccc28\"},\"headline\":\"A tiempo Villa Mitre\",\"datePublished\":\"2025-06-05T21:58:32+00:00\",\"dateModified\":\"2025-06-06T03:32:27+00:00\",\"mainEntityOfPage\":{\"@id\":\"https:\\\/\\\/gentedebasquet.com.ar\\\/sitio\\\/2025\\\/06\\\/05\\\/a-tiempo-villa-mitre\\\/\"},\"wordCount\":381,\"commentCount\":0,\"image\":{\"@id\":\"https:\\\/\\\/gentedebasquet.com.ar\\\/sitio\\\/2025\\\/06\\\/05\\\/a-tiempo-villa-mitre\\\/#primaryimage\"},\"thumbnailUrl\":\"https:\\\/\\\/gentedebasquet.com.ar\\\/sitio\\\/wp-content\\\/uploads\\\/2025\\\/06\\\/690.jpg\",\"keywords\":[\"Alem\",\"Manuel Iglesias\",\"Villa Mitre\"],\"articleSection\":[\"Primera\",\"Slide\"],\"inLanguage\":\"es\",\"potentialAction\":[{\"@type\":\"CommentAction\",\"name\":\"Comment\",\"target\":[\"https:\\\/\\\/gentedebasquet.com.ar\\\/sitio\\\/2025\\\/06\\\/05\\\/a-tiempo-villa-mitre\\\/#respond\"]}]},{\"@type\":\"WebPage\",\"@id\":\"https:\\\/\\\/gentedebasquet.com.ar\\\/sitio\\\/2025\\\/06\\\/05\\\/a-tiempo-villa-mitre\\\/\",\"url\":\"https:\\\/\\\/gentedebasquet.com.ar\\\/sitio\\\/2025\\\/06\\\/05\\\/a-tiempo-villa-mitre\\\/\",\"name\":\"A tiempo Villa Mitre - Gente de B\u00e1squet\",\"isPartOf\":{\"@id\":\"https:\\\/\\\/gentedebasquet.com.ar\\\/sitio\\\/#website\"},\"primaryImageOfPage\":{\"@id\":\"https:\\\/\\\/gentedebasquet.com.ar\\\/sitio\\\/2025\\\/06\\\/05\\\/a-tiempo-villa-mitre\\\/#primaryimage\"},\"image\":{\"@id\":\"https:\\\/\\\/gentedebasquet.com.ar\\\/sitio\\\/2025\\\/06\\\/05\\\/a-tiempo-villa-mitre\\\/#primaryimage\"},\"thumbnailUrl\":\"https:\\\/\\\/gentedebasquet.com.ar\\\/sitio\\\/wp-content\\\/uploads\\\/2025\\\/06\\\/690.jpg\",\"datePublished\":\"2025-06-05T21:58:32+00:00\",\"dateModified\":\"2025-06-06T03:32:27+00:00\",\"author\":{\"@id\":\"https:\\\/\\\/gentedebasquet.com.ar\\\/sitio\\\/#\\\/schema\\\/person\\\/8aab22e4df61e089287228bd32bccc28\"},\"breadcrumb\":{\"@id\":\"https:\\\/\\\/gentedebasquet.com.ar\\\/sitio\\\/2025\\\/06\\\/05\\\/a-tiempo-villa-mitre\\\/#breadcrumb\"},\"inLanguage\":\"es\",\"potentialAction\":[{\"@type\":\"ReadAction\",\"target\":[\"https:\\\/\\\/gentedebasquet.com.ar\\\/sitio\\\/2025\\\/06\\\/05\\\/a-tiempo-villa-mitre\\\/\"]}]},{\"@type\":\"ImageObject\",\"inLanguage\":\"es\",\"@id\":\"https:\\\/\\\/gentedebasquet.com.ar\\\/sitio\\\/2025\\\/06\\\/05\\\/a-tiempo-villa-mitre\\\/#primaryimage\",\"url\":\"https:\\\/\\\/gentedebasquet.com.ar\\\/sitio\\\/wp-content\\\/uploads\\\/2025\\\/06\\\/690.jpg\",\"contentUrl\":\"https:\\\/\\\/gentedebasquet.com.ar\\\/sitio\\\/wp-content\\\/uploads\\\/2025\\\/06\\\/690.jpg\",\"width\":690,\"height\":319},{\"@type\":\"BreadcrumbList\",\"@id\":\"https:\\\/\\\/gentedebasquet.com.ar\\\/sitio\\\/2025\\\/06\\\/05\\\/a-tiempo-villa-mitre\\\/#breadcrumb\",\"itemListElement\":[{\"@type\":\"ListItem\",\"position\":1,\"name\":\"Portada\",\"item\":\"https:\\\/\\\/gentedebasquet.com.ar\\\/sitio\\\/\"},{\"@type\":\"ListItem\",\"position\":2,\"name\":\"A tiempo Villa Mitre\"}]},{\"@type\":\"WebSite\",\"@id\":\"https:\\\/\\\/gentedebasquet.com.ar\\\/sitio\\\/#website\",\"url\":\"https:\\\/\\\/gentedebasquet.com.ar\\\/sitio\\\/\",\"name\":\"Gente de B\u00e1squet\",\"description\":\"La revista del basquet de Bah\u00eda Blanca\",\"potentialAction\":[{\"@type\":\"SearchAction\",\"target\":{\"@type\":\"EntryPoint\",\"urlTemplate\":\"https:\\\/\\\/gentedebasquet.com.ar\\\/sitio\\\/?s={search_term_string}\"},\"query-input\":{\"@type\":\"PropertyValueSpecification\",\"valueRequired\":true,\"valueName\":\"search_term_string\"}}],\"inLanguage\":\"es\"},{\"@type\":\"Person\",\"@id\":\"https:\\\/\\\/gentedebasquet.com.ar\\\/sitio\\\/#\\\/schema\\\/person\\\/8aab22e4df61e089287228bd32bccc28\",\"name\":\"Franco Crivellini\",\"image\":{\"@type\":\"ImageObject\",\"inLanguage\":\"es\",\"@id\":\"https:\\\/\\\/secure.gravatar.com\\\/avatar\\\/821dc58be638215ae0ad83d46863403d1dbfc54f3224ab8ae62f29c924eb08d8?s=96&d=mm&r=g\",\"url\":\"https:\\\/\\\/secure.gravatar.com\\\/avatar\\\/821dc58be638215ae0ad83d46863403d1dbfc54f3224ab8ae62f29c924eb08d8?s=96&d=mm&r=g\",\"contentUrl\":\"https:\\\/\\\/secure.gravatar.com\\\/avatar\\\/821dc58be638215ae0ad83d46863403d1dbfc54f3224ab8ae62f29c924eb08d8?s=96&d=mm&r=g\",\"caption\":\"Franco Crivellini\"},\"url\":\"https:\\\/\\\/gentedebasquet.com.ar\\\/sitio\\\/author\\\/franco-crivellini\\\/\"}]}<\/script>\n<!-- \/ Yoast SEO plugin. -->","yoast_head_json":{"title":"A tiempo Villa Mitre - Gente de B\u00e1squet","robots":{"index":"index","follow":"follow","max-snippet":"max-snippet:-1","max-image-preview":"max-image-preview:large","max-video-preview":"max-video-preview:-1"},"canonical":"https:\/\/gentedebasquet.com.ar\/sitio\/2025\/06\/05\/a-tiempo-villa-mitre\/","og_locale":"es_ES","og_type":"article","og_title":"A tiempo Villa Mitre - Gente de B\u00e1squet","og_description":"En el Jos\u00e9 Mart\u00ednez, el tricolor venci\u00f3 a Alem por 72 a 49. Con un gran trabajo defensivo, que dej\u00f3 por debajo de cincuenta puntos a su rival, elev\u00f3 efectividad y volumen de juego ofensivo en el complemento, para llevarse el encuentro. Manuel Iglesias con 19, Fausto Depaoli con 12 y Lautaro Cavero con 10, [&hellip;]","og_url":"https:\/\/gentedebasquet.com.ar\/sitio\/2025\/06\/05\/a-tiempo-villa-mitre\/","og_site_name":"Gente de B\u00e1squet","article_published_time":"2025-06-05T21:58:32+00:00","article_modified_time":"2025-06-06T03:32:27+00:00","og_image":[{"width":690,"height":319,"url":"https:\/\/gentedebasquet.com.ar\/sitio\/wp-content\/uploads\/2025\/06\/690.jpg","type":"image\/jpeg"}],"author":"Franco Crivellini","twitter_card":"summary_large_image","twitter_misc":{"Escrito por":"Franco Crivellini","Tiempo de lectura":"3 minutos"},"schema":{"@context":"https:\/\/schema.org","@graph":[{"@type":"Article","@id":"https:\/\/gentedebasquet.com.ar\/sitio\/2025\/06\/05\/a-tiempo-villa-mitre\/#article","isPartOf":{"@id":"https:\/\/gentedebasquet.com.ar\/sitio\/2025\/06\/05\/a-tiempo-villa-mitre\/"},"author":{"name":"Franco Crivellini","@id":"https:\/\/gentedebasquet.com.ar\/sitio\/#\/schema\/person\/8aab22e4df61e089287228bd32bccc28"},"headline":"A tiempo Villa Mitre","datePublished":"2025-06-05T21:58:32+00:00","dateModified":"2025-06-06T03:32:27+00:00","mainEntityOfPage":{"@id":"https:\/\/gentedebasquet.com.ar\/sitio\/2025\/06\/05\/a-tiempo-villa-mitre\/"},"wordCount":381,"commentCount":0,"image":{"@id":"https:\/\/gentedebasquet.com.ar\/sitio\/2025\/06\/05\/a-tiempo-villa-mitre\/#primaryimage"},"thumbnailUrl":"https:\/\/gentedebasquet.com.ar\/sitio\/wp-content\/uploads\/2025\/06\/690.jpg","keywords":["Alem","Manuel Iglesias","Villa Mitre"],"articleSection":["Primera","Slide"],"inLanguage":"es","potentialAction":[{"@type":"CommentAction","name":"Comment","target":["https:\/\/gentedebasquet.com.ar\/sitio\/2025\/06\/05\/a-tiempo-villa-mitre\/#respond"]}]},{"@type":"WebPage","@id":"https:\/\/gentedebasquet.com.ar\/sitio\/2025\/06\/05\/a-tiempo-villa-mitre\/","url":"https:\/\/gentedebasquet.com.ar\/sitio\/2025\/06\/05\/a-tiempo-villa-mitre\/","name":"A tiempo Villa Mitre - Gente de B\u00e1squet","isPartOf":{"@id":"https:\/\/gentedebasquet.com.ar\/sitio\/#website"},"primaryImageOfPage":{"@id":"https:\/\/gentedebasquet.com.ar\/sitio\/2025\/06\/05\/a-tiempo-villa-mitre\/#primaryimage"},"image":{"@id":"https:\/\/gentedebasquet.com.ar\/sitio\/2025\/06\/05\/a-tiempo-villa-mitre\/#primaryimage"},"thumbnailUrl":"https:\/\/gentedebasquet.com.ar\/sitio\/wp-content\/uploads\/2025\/06\/690.jpg","datePublished":"2025-06-05T21:58:32+00:00","dateModified":"2025-06-06T03:32:27+00:00","author":{"@id":"https:\/\/gentedebasquet.com.ar\/sitio\/#\/schema\/person\/8aab22e4df61e089287228bd32bccc28"},"breadcrumb":{"@id":"https:\/\/gentedebasquet.com.ar\/sitio\/2025\/06\/05\/a-tiempo-villa-mitre\/#breadcrumb"},"inLanguage":"es","potentialAction":[{"@type":"ReadAction","target":["https:\/\/gentedebasquet.com.ar\/sitio\/2025\/06\/05\/a-tiempo-villa-mitre\/"]}]},{"@type":"ImageObject","inLanguage":"es","@id":"https:\/\/gentedebasquet.com.ar\/sitio\/2025\/06\/05\/a-tiempo-villa-mitre\/#primaryimage","url":"https:\/\/gentedebasquet.com.ar\/sitio\/wp-content\/uploads\/2025\/06\/690.jpg","contentUrl":"https:\/\/gentedebasquet.com.ar\/sitio\/wp-content\/uploads\/2025\/06\/690.jpg","width":690,"height":319},{"@type":"BreadcrumbList","@id":"https:\/\/gentedebasquet.com.ar\/sitio\/2025\/06\/05\/a-tiempo-villa-mitre\/#breadcrumb","itemListElement":[{"@type":"ListItem","position":1,"name":"Portada","item":"https:\/\/gentedebasquet.com.ar\/sitio\/"},{"@type":"ListItem","position":2,"name":"A tiempo Villa Mitre"}]},{"@type":"WebSite","@id":"https:\/\/gentedebasquet.com.ar\/sitio\/#website","url":"https:\/\/gentedebasquet.com.ar\/sitio\/","name":"Gente de B\u00e1squet","description":"La revista del basquet de Bah\u00eda Blanca","potentialAction":[{"@type":"SearchAction","target":{"@type":"EntryPoint","urlTemplate":"https:\/\/gentedebasquet.com.ar\/sitio\/?s={search_term_string}"},"query-input":{"@type":"PropertyValueSpecification","valueRequired":true,"valueName":"search_term_string"}}],"inLanguage":"es"},{"@type":"Person","@id":"https:\/\/gentedebasquet.com.ar\/sitio\/#\/schema\/person\/8aab22e4df61e089287228bd32bccc28","name":"Franco Crivellini","image":{"@type":"ImageObject","inLanguage":"es","@id":"https:\/\/secure.gravatar.com\/avatar\/821dc58be638215ae0ad83d46863403d1dbfc54f3224ab8ae62f29c924eb08d8?s=96&d=mm&r=g","url":"https:\/\/secure.gravatar.com\/avatar\/821dc58be638215ae0ad83d46863403d1dbfc54f3224ab8ae62f29c924eb08d8?s=96&d=mm&r=g","contentUrl":"https:\/\/secure.gravatar.com\/avatar\/821dc58be638215ae0ad83d46863403d1dbfc54f3224ab8ae62f29c924eb08d8?s=96&d=mm&r=g","caption":"Franco Crivellini"},"url":"https:\/\/gentedebasquet.com.ar\/sitio\/author\/franco-crivellini\/"}]}},"_links":{"self":[{"href":"https:\/\/gentedebasquet.com.ar\/sitio\/wp-json\/wp\/v2\/posts\/116233","targetHints":{"allow":["GET"]}}],"collection":[{"href":"https:\/\/gentedebasquet.com.ar\/sitio\/wp-json\/wp\/v2\/posts"}],"about":[{"href":"https:\/\/gentedebasquet.com.ar\/sitio\/wp-json\/wp\/v2\/types\/post"}],"author":[{"embeddable":true,"href":"https:\/\/gentedebasquet.com.ar\/sitio\/wp-json\/wp\/v2\/users\/47"}],"replies":[{"embeddable":true,"href":"https:\/\/gentedebasquet.com.ar\/sitio\/wp-json\/wp\/v2\/comments?post=116233"}],"version-history":[{"count":2,"href":"https:\/\/gentedebasquet.com.ar\/sitio\/wp-json\/wp\/v2\/posts\/116233\/revisions"}],"predecessor-version":[{"id":116240,"href":"https:\/\/gentedebasquet.com.ar\/sitio\/wp-json\/wp\/v2\/posts\/116233\/revisions\/116240"}],"wp:featuredmedia":[{"embeddable":true,"href":"https:\/\/gentedebasquet.com.ar\/sitio\/wp-json\/wp\/v2\/media\/116238"}],"wp:attachment":[{"href":"https:\/\/gentedebasquet.com.ar\/sitio\/wp-json\/wp\/v2\/media?parent=116233"}],"wp:term":[{"taxonomy":"category","embeddable":true,"href":"https:\/\/gentedebasquet.com.ar\/sitio\/wp-json\/wp\/v2\/categories?post=116233"},{"taxonomy":"post_tag","embeddable":true,"href":"https:\/\/gentedebasquet.com.ar\/sitio\/wp-json\/wp\/v2\/tags?post=116233"}],"curies":[{"name":"wp","href":"https:\/\/api.w.org\/{rel}","templated":true}]}}