{"id":116280,"date":"2025-06-07T08:31:03","date_gmt":"2025-06-07T06:31:03","guid":{"rendered":"https:\/\/gentedebasquet.com.ar\/sitio\/?p=116280"},"modified":"2025-06-07T08:34:19","modified_gmt":"2025-06-07T06:34:19","slug":"un-duelo-de-punteros-al-rojo-vivo","status":"publish","type":"post","link":"https:\/\/gentedebasquet.com.ar\/sitio\/2025\/06\/07\/un-duelo-de-punteros-al-rojo-vivo\/","title":{"rendered":"Un duelo de punteros al rojo vivo"},"content":{"rendered":"<p><strong>Con car\u00e1cter y oficio, Barrio Hospital super\u00f3 a Independiente por 86-78 y alcanz\u00f3 su d\u00e9cimo triunfo al hilo en el campeonato, en un duelo intenso y cargado de emociones.<\/strong><\/p>\n<p><strong>La noche comenz\u00f3 cuesta arriba para Barrio, que arranc\u00f3 con un parcial de 12-2 en contra,<\/strong> con buenos pasajes de Alen R\u00edos en la visita. Sin embargo, tras el primer tiempo muerto, todo cambi\u00f3: <strong>el local reaccion\u00f3 con un contundente parcial de 13-0<\/strong> y se meti\u00f3 de lleno en el partido. Finalmente, cerr\u00f3 el cuarto arriba 24-20, con un desatado Esteban Benedetti, autor de 14 puntos.<\/p>\n<p>El segundo cuarto comenz\u00f3 con goleo bajo y anotaciones repartidas. El anfitri\u00f3n <strong>empez\u00f3 a destacarse en el juego interior, con la dupla Banegas-Mart\u00ednez combin\u00e1ndose para diez puntos,<\/strong> mientras que en la visita las canastas se repartieron entre Slonimsqui, Zonza y R\u00edos. El cuarto volvi\u00f3 a quedar en manos de Barrio Hospital, que se fue al descanso arriba 42-37.<\/p>\n<p>Tras el descanso, <strong>Barrio piso el acelerador con un parcial 13-3 que le permiti\u00f3 sacar una ventaja m\u00e1xima de 15 puntos.<\/strong> En ese tramo el siempre confiable Luciano Fortelli fue clave, con siete unidades. <strong>Pero el cierre fue para el equipo de Musumeci, <\/strong>con un parcial id\u00e9ntico en puntos al de los locales, que fue cerrado con broche de oro por el experimentado Juan Pablo Mor\u00e1n. <strong>En cuatro segundos<\/strong> <strong>cruz\u00f3 todo el rect\u00e1ngulo para lograr una magistral canasta sobre la bocina,<\/strong> dejando al Viola abajo por tan solo tres puntos, 66-63.<\/p>\n<p><strong>Barrio mostr\u00f3 su mejor cara en el \u00faltimo cuarto.<\/strong> Inici\u00f3 con un parcial de 13-5, clave para el desenlace. En la visita, se produjo la desafortunada lesi\u00f3n de R\u00edos a cuatro minutos del final. <strong>El ambiente se calde\u00f3 tras una excelente r\u00e1faga de ocho puntos de Fernando Bonino,<\/strong> a dos del cierre, y las faltas comenzaron a llover. Tras un intenso cruce, tanto Bonino como Benedetti vieron salida por quinta falta, acarreando adem\u00e1s una antideportiva para cada equipo. Finalmente, Barrio Hospital super\u00f3 la tensi\u00f3n del momento y cerr\u00f3 una importante victoria por 86-78.<\/p>\n<p><strong>Barrio Hospital contin\u00faa invicto, afianz\u00e1ndose en lo m\u00e1s alto del campeonato. Por su parte, Independiente buscar\u00e1 recuperarse la pr\u00f3xima semana enfrentando a Sportivo.<\/strong><\/p>\n<div class=\"jeg_video_container jeg_video_content\">\n<div class=\"jeg_video_container jeg_video_content\"><iframe loading=\"lazy\" title=\"#Segunda - Fecha #10: Barrio Hospital 86 - 78 Independiente\" width=\"500\" height=\"281\" src=\"https:\/\/www.youtube.com\/embed\/O9QJEcLK68o?feature=oembed\" frameborder=\"0\" allow=\"accelerometer; autoplay; clipboard-write; encrypted-media; gyroscope; picture-in-picture; web-share\" referrerpolicy=\"strict-origin-when-cross-origin\" allowfullscreen><\/iframe><\/div>\n<\/div>\n<p><img decoding=\"async\" class=\"alignnone wp-image-116305 size-medium\" src=\"http:\/\/gentedebasquet.com.ar\/sitio\/wp-content\/uploads\/2025\/06\/CLAVE-300x300.png\" alt=\"\" width=\"300\" height=\"300\" data-pin-no-hover=\"true\" srcset=\"https:\/\/gentedebasquet.com.ar\/sitio\/wp-content\/uploads\/2025\/06\/CLAVE-300x300.png 300w, https:\/\/gentedebasquet.com.ar\/sitio\/wp-content\/uploads\/2025\/06\/CLAVE-1024x1024.png 1024w, https:\/\/gentedebasquet.com.ar\/sitio\/wp-content\/uploads\/2025\/06\/CLAVE-150x150.png 150w, https:\/\/gentedebasquet.com.ar\/sitio\/wp-content\/uploads\/2025\/06\/CLAVE-768x768.png 768w, https:\/\/gentedebasquet.com.ar\/sitio\/wp-content\/uploads\/2025\/06\/CLAVE-1536x1536.png 1536w, https:\/\/gentedebasquet.com.ar\/sitio\/wp-content\/uploads\/2025\/06\/CLAVE-75x75.png 75w, https:\/\/gentedebasquet.com.ar\/sitio\/wp-content\/uploads\/2025\/06\/CLAVE-350x350.png 350w, https:\/\/gentedebasquet.com.ar\/sitio\/wp-content\/uploads\/2025\/06\/CLAVE-750x750.png 750w, https:\/\/gentedebasquet.com.ar\/sitio\/wp-content\/uploads\/2025\/06\/CLAVE-1140x1140.png 1140w, https:\/\/gentedebasquet.com.ar\/sitio\/wp-content\/uploads\/2025\/06\/CLAVE.png 2000w\" sizes=\"(max-width: 300px) 100vw, 300px\" \/><\/p>\n<p><img decoding=\"async\" class=\"alignnone wp-image-116308 \" src=\"http:\/\/gentedebasquet.com.ar\/sitio\/wp-content\/uploads\/2025\/06\/IMG_20250606_224958-1-759x1024.jpg\" alt=\"\" width=\"300\" height=\"405\" data-pin-no-hover=\"true\" \/><\/p>\n<blockquote><p>\u00ab Jug\u00e1bamos el primero contra el segundo, y la verdad que sab\u00edamos que iba a ser dur\u00edsimo. Independiente es un equipo largo, que jug\u00f3 muy bien, pero nosotros pudimos levantar la efectividad en el segundo tiempo, y creo que esa fue la clave&#8230; \u00bb <strong>Luciano Fortelli, Barrio Hospital.<\/strong><\/p><\/blockquote>\n<p><img decoding=\"async\" class=\"alignnone wp-image-116304 size-medium\" src=\"http:\/\/gentedebasquet.com.ar\/sitio\/wp-content\/uploads\/2025\/06\/MVP-300x300.png\" alt=\"\" width=\"300\" height=\"300\" data-pin-no-hover=\"true\" srcset=\"https:\/\/gentedebasquet.com.ar\/sitio\/wp-content\/uploads\/2025\/06\/MVP-300x300.png 300w, https:\/\/gentedebasquet.com.ar\/sitio\/wp-content\/uploads\/2025\/06\/MVP-1024x1024.png 1024w, https:\/\/gentedebasquet.com.ar\/sitio\/wp-content\/uploads\/2025\/06\/MVP-150x150.png 150w, https:\/\/gentedebasquet.com.ar\/sitio\/wp-content\/uploads\/2025\/06\/MVP-768x768.png 768w, https:\/\/gentedebasquet.com.ar\/sitio\/wp-content\/uploads\/2025\/06\/MVP-1536x1536.png 1536w, https:\/\/gentedebasquet.com.ar\/sitio\/wp-content\/uploads\/2025\/06\/MVP-75x75.png 75w, https:\/\/gentedebasquet.com.ar\/sitio\/wp-content\/uploads\/2025\/06\/MVP-350x350.png 350w, https:\/\/gentedebasquet.com.ar\/sitio\/wp-content\/uploads\/2025\/06\/MVP-750x750.png 750w, https:\/\/gentedebasquet.com.ar\/sitio\/wp-content\/uploads\/2025\/06\/MVP-1140x1140.png 1140w, https:\/\/gentedebasquet.com.ar\/sitio\/wp-content\/uploads\/2025\/06\/MVP.png 2000w\" sizes=\"(max-width: 300px) 100vw, 300px\" \/><\/p>\n<p><strong>S\u00edntesis \u2013 Segunda Divisi\u00f3n \u2013 Fecha 10<\/strong><\/p>\n<p><strong>Barrio Hospital 86: <\/strong>Esteban Benedetti 23, Luciano Fortelli 23, Sebasti\u00e1n Branciforte 7, Tom\u00e1s Galant 0, Jos\u00e9 Luis Mart\u00ednez 8, <strong>(FI);\u00a0<\/strong>Am\u00edlcar Andreanelli 9, Joaqu\u00edn Godio 8, Herman Banegas 8, Bruno L\u00f3pez, Leonardo Maldonado, Mart\u00edn \u00c1scar, Santiago Bezos. <strong>DT: Claudio Queti.<\/strong><\/p>\n<p><strong>Independiente 78:<\/strong> Juan Ignacio De Pastena 6, Fernando Bonino 13, Juan Pablo Moran 5, Alen R\u00edos 20, Facundo Slonimsqui 11, <strong>(FI); <\/strong>Maximiliano Zonza 6, Agust\u00edn Astradas 6,<strong>\u00a0<\/strong>Martin Schmir 5, Luciano Figueroa 3, Ramiro Catal\u00e1 3, Benjam\u00edn Jim\u00e9nez, Diego Pav\u00f3n. <strong>DT: Javier Musumeci.<\/strong><\/p>\n<p>Parciales: 24-20, 42-37 (18-17), 66-63 (24-26), 86-78 (20-15).<\/p>\n<p>\u00c1rbitros: Juan Cruz Schernenco &#8211; Sebasti\u00e1n Giannino &#8211; Alberto Arlenghi.<\/p>\n<p>Estadio: La Curtiembre (Barrio Hospital)<\/p>\n","protected":false},"excerpt":{"rendered":"<p>Con car\u00e1cter y oficio, Barrio Hospital super\u00f3 a Independiente por 86-78 y alcanz\u00f3 su d\u00e9cimo triunfo al hilo en el campeonato, en un duelo intenso y cargado de emociones. La noche comenz\u00f3 cuesta arriba para Barrio, que arranc\u00f3 con un parcial de 12-2 en contra, con buenos pasajes de Alen R\u00edos en la visita. Sin [&hellip;]<\/p>\n","protected":false},"author":84,"featured_media":116311,"comment_status":"open","ping_status":"open","sticky":false,"template":"","format":"standard","meta":{"jnews-multi-image_gallery":[],"jnews_single_post":{"source_name":"","source_url":"","via_name":"","via_url":"","override_template":"0","override":[{"template":"1","single_blog_custom":"","parallax":"1","fullscreen":"1","layout":"right-sidebar","sidebar":"default-sidebar","second_sidebar":"default-sidebar","sticky_sidebar":"1","share_position":"top","share_float_style":"share-monocrhome","show_share_counter":"0","show_view_counter":"0","show_featured":"1","show_post_meta":"1","show_post_author":"1","show_post_author_image":"0","show_post_date":"1","post_date_format":"default","post_date_format_custom":"Y\/m\/d","show_post_category":"1","show_post_reading_time":"0","post_reading_time_wpm":"300","show_zoom_button":"0","zoom_button_out_step":"2","zoom_button_in_step":"3","show_post_tag":"1","show_prev_next_post":"1","show_popup_post":"0","number_popup_post":"1","show_author_box":"0","show_post_related":"0","show_inline_post_related":"0"}],"override_image_size":"0","image_override":[{"single_post_thumbnail_size":"crop-500","single_post_gallery_size":"crop-500"}],"trending_post":"0","trending_post_position":"meta","trending_post_label":"Trending","sponsored_post":"0","sponsored_post_label":"Sponsored by","sponsored_post_name":"","sponsored_post_url":"","sponsored_post_logo_enable":"0","sponsored_post_logo":"","sponsored_post_desc":"","disable_ad":"0"},"jnews_primary_category":{"id":"","hide":""},"footnotes":""},"categories":[25],"tags":[1560,1938,313,577,12,282,315,1855,1940],"class_list":["post-116280","post","type-post","status-publish","format-standard","has-post-thumbnail","hentry","category-segunda","tag-alen-rios","tag-barrio-hospital","tag-esteban-benedetti","tag-fernando-bonino","tag-independiente","tag-juan-pablo-moran","tag-luciano-fortelli","tag-segunda","tag-torneo-de-segunda"],"yoast_head":"<!-- This site is optimized with the Yoast SEO plugin v27.5 - https:\/\/yoast.com\/product\/yoast-seo-wordpress\/ -->\n<title>Un duelo de punteros al rojo vivo - Gente de B\u00e1squet<\/title>\n<meta name=\"robots\" content=\"index, follow, max-snippet:-1, max-image-preview:large, max-video-preview:-1\" \/>\n<link rel=\"canonical\" href=\"https:\/\/gentedebasquet.com.ar\/sitio\/2025\/06\/07\/un-duelo-de-punteros-al-rojo-vivo\/\" \/>\n<meta property=\"og:locale\" content=\"es_ES\" \/>\n<meta property=\"og:type\" content=\"article\" \/>\n<meta property=\"og:title\" content=\"Un duelo de punteros al rojo vivo - Gente de B\u00e1squet\" \/>\n<meta property=\"og:description\" content=\"Con car\u00e1cter y oficio, Barrio Hospital super\u00f3 a Independiente por 86-78 y alcanz\u00f3 su d\u00e9cimo triunfo al hilo en el campeonato, en un duelo intenso y cargado de emociones. La noche comenz\u00f3 cuesta arriba para Barrio, que arranc\u00f3 con un parcial de 12-2 en contra, con buenos pasajes de Alen R\u00edos en la visita. Sin [&hellip;]\" \/>\n<meta property=\"og:url\" content=\"https:\/\/gentedebasquet.com.ar\/sitio\/2025\/06\/07\/un-duelo-de-punteros-al-rojo-vivo\/\" \/>\n<meta property=\"og:site_name\" content=\"Gente de B\u00e1squet\" \/>\n<meta property=\"article:published_time\" content=\"2025-06-07T06:31:03+00:00\" \/>\n<meta property=\"article:modified_time\" content=\"2025-06-07T06:34:19+00:00\" \/>\n<meta property=\"og:image\" content=\"https:\/\/gentedebasquet.com.ar\/sitio\/wp-content\/uploads\/2025\/06\/PXL_20250606_221247269.ACTIVE-frame-at-0m57s-EDIT.jpg\" \/>\n\t<meta property=\"og:image:width\" content=\"1445\" \/>\n\t<meta property=\"og:image:height\" content=\"923\" \/>\n\t<meta property=\"og:image:type\" content=\"image\/jpeg\" \/>\n<meta name=\"author\" content=\"Facundo Elizalde\" \/>\n<meta name=\"twitter:card\" content=\"summary_large_image\" \/>\n<meta name=\"twitter:label1\" content=\"Escrito por\" \/>\n\t<meta name=\"twitter:data1\" content=\"Facundo Elizalde\" \/>\n\t<meta name=\"twitter:label2\" content=\"Tiempo de lectura\" \/>\n\t<meta name=\"twitter:data2\" content=\"3 minutos\" \/>\n<script type=\"application\/ld+json\" class=\"yoast-schema-graph\">{\"@context\":\"https:\\\/\\\/schema.org\",\"@graph\":[{\"@type\":\"Article\",\"@id\":\"https:\\\/\\\/gentedebasquet.com.ar\\\/sitio\\\/2025\\\/06\\\/07\\\/un-duelo-de-punteros-al-rojo-vivo\\\/#article\",\"isPartOf\":{\"@id\":\"https:\\\/\\\/gentedebasquet.com.ar\\\/sitio\\\/2025\\\/06\\\/07\\\/un-duelo-de-punteros-al-rojo-vivo\\\/\"},\"author\":{\"name\":\"Facundo Elizalde\",\"@id\":\"https:\\\/\\\/gentedebasquet.com.ar\\\/sitio\\\/#\\\/schema\\\/person\\\/2830c671ecf949fe6896fdc95b81667e\"},\"headline\":\"Un duelo de punteros al rojo vivo\",\"datePublished\":\"2025-06-07T06:31:03+00:00\",\"dateModified\":\"2025-06-07T06:34:19+00:00\",\"mainEntityOfPage\":{\"@id\":\"https:\\\/\\\/gentedebasquet.com.ar\\\/sitio\\\/2025\\\/06\\\/07\\\/un-duelo-de-punteros-al-rojo-vivo\\\/\"},\"wordCount\":550,\"commentCount\":0,\"image\":{\"@id\":\"https:\\\/\\\/gentedebasquet.com.ar\\\/sitio\\\/2025\\\/06\\\/07\\\/un-duelo-de-punteros-al-rojo-vivo\\\/#primaryimage\"},\"thumbnailUrl\":\"https:\\\/\\\/gentedebasquet.com.ar\\\/sitio\\\/wp-content\\\/uploads\\\/2025\\\/06\\\/PXL_20250606_221247269.ACTIVE-frame-at-0m57s-EDIT.jpg\",\"keywords\":[\"Alen R\u00edos\",\"Barrio Hospital\",\"Esteban Benedetti\",\"Fernando Bonino\",\"independiente\",\"Juan Pablo Mor\u00e1n\",\"Luciano Fortelli\",\"Segunda\",\"Torneo de Segunda\"],\"articleSection\":[\"Segunda\"],\"inLanguage\":\"es\",\"potentialAction\":[{\"@type\":\"CommentAction\",\"name\":\"Comment\",\"target\":[\"https:\\\/\\\/gentedebasquet.com.ar\\\/sitio\\\/2025\\\/06\\\/07\\\/un-duelo-de-punteros-al-rojo-vivo\\\/#respond\"]}]},{\"@type\":\"WebPage\",\"@id\":\"https:\\\/\\\/gentedebasquet.com.ar\\\/sitio\\\/2025\\\/06\\\/07\\\/un-duelo-de-punteros-al-rojo-vivo\\\/\",\"url\":\"https:\\\/\\\/gentedebasquet.com.ar\\\/sitio\\\/2025\\\/06\\\/07\\\/un-duelo-de-punteros-al-rojo-vivo\\\/\",\"name\":\"Un duelo de punteros al rojo vivo - Gente de B\u00e1squet\",\"isPartOf\":{\"@id\":\"https:\\\/\\\/gentedebasquet.com.ar\\\/sitio\\\/#website\"},\"primaryImageOfPage\":{\"@id\":\"https:\\\/\\\/gentedebasquet.com.ar\\\/sitio\\\/2025\\\/06\\\/07\\\/un-duelo-de-punteros-al-rojo-vivo\\\/#primaryimage\"},\"image\":{\"@id\":\"https:\\\/\\\/gentedebasquet.com.ar\\\/sitio\\\/2025\\\/06\\\/07\\\/un-duelo-de-punteros-al-rojo-vivo\\\/#primaryimage\"},\"thumbnailUrl\":\"https:\\\/\\\/gentedebasquet.com.ar\\\/sitio\\\/wp-content\\\/uploads\\\/2025\\\/06\\\/PXL_20250606_221247269.ACTIVE-frame-at-0m57s-EDIT.jpg\",\"datePublished\":\"2025-06-07T06:31:03+00:00\",\"dateModified\":\"2025-06-07T06:34:19+00:00\",\"author\":{\"@id\":\"https:\\\/\\\/gentedebasquet.com.ar\\\/sitio\\\/#\\\/schema\\\/person\\\/2830c671ecf949fe6896fdc95b81667e\"},\"breadcrumb\":{\"@id\":\"https:\\\/\\\/gentedebasquet.com.ar\\\/sitio\\\/2025\\\/06\\\/07\\\/un-duelo-de-punteros-al-rojo-vivo\\\/#breadcrumb\"},\"inLanguage\":\"es\",\"potentialAction\":[{\"@type\":\"ReadAction\",\"target\":[\"https:\\\/\\\/gentedebasquet.com.ar\\\/sitio\\\/2025\\\/06\\\/07\\\/un-duelo-de-punteros-al-rojo-vivo\\\/\"]}]},{\"@type\":\"ImageObject\",\"inLanguage\":\"es\",\"@id\":\"https:\\\/\\\/gentedebasquet.com.ar\\\/sitio\\\/2025\\\/06\\\/07\\\/un-duelo-de-punteros-al-rojo-vivo\\\/#primaryimage\",\"url\":\"https:\\\/\\\/gentedebasquet.com.ar\\\/sitio\\\/wp-content\\\/uploads\\\/2025\\\/06\\\/PXL_20250606_221247269.ACTIVE-frame-at-0m57s-EDIT.jpg\",\"contentUrl\":\"https:\\\/\\\/gentedebasquet.com.ar\\\/sitio\\\/wp-content\\\/uploads\\\/2025\\\/06\\\/PXL_20250606_221247269.ACTIVE-frame-at-0m57s-EDIT.jpg\",\"width\":1445,\"height\":923},{\"@type\":\"BreadcrumbList\",\"@id\":\"https:\\\/\\\/gentedebasquet.com.ar\\\/sitio\\\/2025\\\/06\\\/07\\\/un-duelo-de-punteros-al-rojo-vivo\\\/#breadcrumb\",\"itemListElement\":[{\"@type\":\"ListItem\",\"position\":1,\"name\":\"Portada\",\"item\":\"https:\\\/\\\/gentedebasquet.com.ar\\\/sitio\\\/\"},{\"@type\":\"ListItem\",\"position\":2,\"name\":\"Un duelo de punteros al rojo vivo\"}]},{\"@type\":\"WebSite\",\"@id\":\"https:\\\/\\\/gentedebasquet.com.ar\\\/sitio\\\/#website\",\"url\":\"https:\\\/\\\/gentedebasquet.com.ar\\\/sitio\\\/\",\"name\":\"Gente de B\u00e1squet\",\"description\":\"La revista del basquet de Bah\u00eda Blanca\",\"potentialAction\":[{\"@type\":\"SearchAction\",\"target\":{\"@type\":\"EntryPoint\",\"urlTemplate\":\"https:\\\/\\\/gentedebasquet.com.ar\\\/sitio\\\/?s={search_term_string}\"},\"query-input\":{\"@type\":\"PropertyValueSpecification\",\"valueRequired\":true,\"valueName\":\"search_term_string\"}}],\"inLanguage\":\"es\"},{\"@type\":\"Person\",\"@id\":\"https:\\\/\\\/gentedebasquet.com.ar\\\/sitio\\\/#\\\/schema\\\/person\\\/2830c671ecf949fe6896fdc95b81667e\",\"name\":\"Facundo Elizalde\",\"image\":{\"@type\":\"ImageObject\",\"inLanguage\":\"es\",\"@id\":\"https:\\\/\\\/secure.gravatar.com\\\/avatar\\\/38bc8b15c12547ad3ed99650859898dc3f58534034667dbb6c2788c85e4f6edb?s=96&d=mm&r=g\",\"url\":\"https:\\\/\\\/secure.gravatar.com\\\/avatar\\\/38bc8b15c12547ad3ed99650859898dc3f58534034667dbb6c2788c85e4f6edb?s=96&d=mm&r=g\",\"contentUrl\":\"https:\\\/\\\/secure.gravatar.com\\\/avatar\\\/38bc8b15c12547ad3ed99650859898dc3f58534034667dbb6c2788c85e4f6edb?s=96&d=mm&r=g\",\"caption\":\"Facundo Elizalde\"},\"url\":\"https:\\\/\\\/gentedebasquet.com.ar\\\/sitio\\\/author\\\/facundo\\\/\"}]}<\/script>\n<!-- \/ Yoast SEO plugin. -->","yoast_head_json":{"title":"Un duelo de punteros al rojo vivo - Gente de B\u00e1squet","robots":{"index":"index","follow":"follow","max-snippet":"max-snippet:-1","max-image-preview":"max-image-preview:large","max-video-preview":"max-video-preview:-1"},"canonical":"https:\/\/gentedebasquet.com.ar\/sitio\/2025\/06\/07\/un-duelo-de-punteros-al-rojo-vivo\/","og_locale":"es_ES","og_type":"article","og_title":"Un duelo de punteros al rojo vivo - Gente de B\u00e1squet","og_description":"Con car\u00e1cter y oficio, Barrio Hospital super\u00f3 a Independiente por 86-78 y alcanz\u00f3 su d\u00e9cimo triunfo al hilo en el campeonato, en un duelo intenso y cargado de emociones. La noche comenz\u00f3 cuesta arriba para Barrio, que arranc\u00f3 con un parcial de 12-2 en contra, con buenos pasajes de Alen R\u00edos en la visita. Sin [&hellip;]","og_url":"https:\/\/gentedebasquet.com.ar\/sitio\/2025\/06\/07\/un-duelo-de-punteros-al-rojo-vivo\/","og_site_name":"Gente de B\u00e1squet","article_published_time":"2025-06-07T06:31:03+00:00","article_modified_time":"2025-06-07T06:34:19+00:00","og_image":[{"width":1445,"height":923,"url":"https:\/\/gentedebasquet.com.ar\/sitio\/wp-content\/uploads\/2025\/06\/PXL_20250606_221247269.ACTIVE-frame-at-0m57s-EDIT.jpg","type":"image\/jpeg"}],"author":"Facundo Elizalde","twitter_card":"summary_large_image","twitter_misc":{"Escrito por":"Facundo Elizalde","Tiempo de lectura":"3 minutos"},"schema":{"@context":"https:\/\/schema.org","@graph":[{"@type":"Article","@id":"https:\/\/gentedebasquet.com.ar\/sitio\/2025\/06\/07\/un-duelo-de-punteros-al-rojo-vivo\/#article","isPartOf":{"@id":"https:\/\/gentedebasquet.com.ar\/sitio\/2025\/06\/07\/un-duelo-de-punteros-al-rojo-vivo\/"},"author":{"name":"Facundo Elizalde","@id":"https:\/\/gentedebasquet.com.ar\/sitio\/#\/schema\/person\/2830c671ecf949fe6896fdc95b81667e"},"headline":"Un duelo de punteros al rojo vivo","datePublished":"2025-06-07T06:31:03+00:00","dateModified":"2025-06-07T06:34:19+00:00","mainEntityOfPage":{"@id":"https:\/\/gentedebasquet.com.ar\/sitio\/2025\/06\/07\/un-duelo-de-punteros-al-rojo-vivo\/"},"wordCount":550,"commentCount":0,"image":{"@id":"https:\/\/gentedebasquet.com.ar\/sitio\/2025\/06\/07\/un-duelo-de-punteros-al-rojo-vivo\/#primaryimage"},"thumbnailUrl":"https:\/\/gentedebasquet.com.ar\/sitio\/wp-content\/uploads\/2025\/06\/PXL_20250606_221247269.ACTIVE-frame-at-0m57s-EDIT.jpg","keywords":["Alen R\u00edos","Barrio Hospital","Esteban Benedetti","Fernando Bonino","independiente","Juan Pablo Mor\u00e1n","Luciano Fortelli","Segunda","Torneo de Segunda"],"articleSection":["Segunda"],"inLanguage":"es","potentialAction":[{"@type":"CommentAction","name":"Comment","target":["https:\/\/gentedebasquet.com.ar\/sitio\/2025\/06\/07\/un-duelo-de-punteros-al-rojo-vivo\/#respond"]}]},{"@type":"WebPage","@id":"https:\/\/gentedebasquet.com.ar\/sitio\/2025\/06\/07\/un-duelo-de-punteros-al-rojo-vivo\/","url":"https:\/\/gentedebasquet.com.ar\/sitio\/2025\/06\/07\/un-duelo-de-punteros-al-rojo-vivo\/","name":"Un duelo de punteros al rojo vivo - Gente de B\u00e1squet","isPartOf":{"@id":"https:\/\/gentedebasquet.com.ar\/sitio\/#website"},"primaryImageOfPage":{"@id":"https:\/\/gentedebasquet.com.ar\/sitio\/2025\/06\/07\/un-duelo-de-punteros-al-rojo-vivo\/#primaryimage"},"image":{"@id":"https:\/\/gentedebasquet.com.ar\/sitio\/2025\/06\/07\/un-duelo-de-punteros-al-rojo-vivo\/#primaryimage"},"thumbnailUrl":"https:\/\/gentedebasquet.com.ar\/sitio\/wp-content\/uploads\/2025\/06\/PXL_20250606_221247269.ACTIVE-frame-at-0m57s-EDIT.jpg","datePublished":"2025-06-07T06:31:03+00:00","dateModified":"2025-06-07T06:34:19+00:00","author":{"@id":"https:\/\/gentedebasquet.com.ar\/sitio\/#\/schema\/person\/2830c671ecf949fe6896fdc95b81667e"},"breadcrumb":{"@id":"https:\/\/gentedebasquet.com.ar\/sitio\/2025\/06\/07\/un-duelo-de-punteros-al-rojo-vivo\/#breadcrumb"},"inLanguage":"es","potentialAction":[{"@type":"ReadAction","target":["https:\/\/gentedebasquet.com.ar\/sitio\/2025\/06\/07\/un-duelo-de-punteros-al-rojo-vivo\/"]}]},{"@type":"ImageObject","inLanguage":"es","@id":"https:\/\/gentedebasquet.com.ar\/sitio\/2025\/06\/07\/un-duelo-de-punteros-al-rojo-vivo\/#primaryimage","url":"https:\/\/gentedebasquet.com.ar\/sitio\/wp-content\/uploads\/2025\/06\/PXL_20250606_221247269.ACTIVE-frame-at-0m57s-EDIT.jpg","contentUrl":"https:\/\/gentedebasquet.com.ar\/sitio\/wp-content\/uploads\/2025\/06\/PXL_20250606_221247269.ACTIVE-frame-at-0m57s-EDIT.jpg","width":1445,"height":923},{"@type":"BreadcrumbList","@id":"https:\/\/gentedebasquet.com.ar\/sitio\/2025\/06\/07\/un-duelo-de-punteros-al-rojo-vivo\/#breadcrumb","itemListElement":[{"@type":"ListItem","position":1,"name":"Portada","item":"https:\/\/gentedebasquet.com.ar\/sitio\/"},{"@type":"ListItem","position":2,"name":"Un duelo de punteros al rojo vivo"}]},{"@type":"WebSite","@id":"https:\/\/gentedebasquet.com.ar\/sitio\/#website","url":"https:\/\/gentedebasquet.com.ar\/sitio\/","name":"Gente de B\u00e1squet","description":"La revista del basquet de Bah\u00eda Blanca","potentialAction":[{"@type":"SearchAction","target":{"@type":"EntryPoint","urlTemplate":"https:\/\/gentedebasquet.com.ar\/sitio\/?s={search_term_string}"},"query-input":{"@type":"PropertyValueSpecification","valueRequired":true,"valueName":"search_term_string"}}],"inLanguage":"es"},{"@type":"Person","@id":"https:\/\/gentedebasquet.com.ar\/sitio\/#\/schema\/person\/2830c671ecf949fe6896fdc95b81667e","name":"Facundo Elizalde","image":{"@type":"ImageObject","inLanguage":"es","@id":"https:\/\/secure.gravatar.com\/avatar\/38bc8b15c12547ad3ed99650859898dc3f58534034667dbb6c2788c85e4f6edb?s=96&d=mm&r=g","url":"https:\/\/secure.gravatar.com\/avatar\/38bc8b15c12547ad3ed99650859898dc3f58534034667dbb6c2788c85e4f6edb?s=96&d=mm&r=g","contentUrl":"https:\/\/secure.gravatar.com\/avatar\/38bc8b15c12547ad3ed99650859898dc3f58534034667dbb6c2788c85e4f6edb?s=96&d=mm&r=g","caption":"Facundo Elizalde"},"url":"https:\/\/gentedebasquet.com.ar\/sitio\/author\/facundo\/"}]}},"_links":{"self":[{"href":"https:\/\/gentedebasquet.com.ar\/sitio\/wp-json\/wp\/v2\/posts\/116280","targetHints":{"allow":["GET"]}}],"collection":[{"href":"https:\/\/gentedebasquet.com.ar\/sitio\/wp-json\/wp\/v2\/posts"}],"about":[{"href":"https:\/\/gentedebasquet.com.ar\/sitio\/wp-json\/wp\/v2\/types\/post"}],"author":[{"embeddable":true,"href":"https:\/\/gentedebasquet.com.ar\/sitio\/wp-json\/wp\/v2\/users\/84"}],"replies":[{"embeddable":true,"href":"https:\/\/gentedebasquet.com.ar\/sitio\/wp-json\/wp\/v2\/comments?post=116280"}],"version-history":[{"count":2,"href":"https:\/\/gentedebasquet.com.ar\/sitio\/wp-json\/wp\/v2\/posts\/116280\/revisions"}],"predecessor-version":[{"id":116309,"href":"https:\/\/gentedebasquet.com.ar\/sitio\/wp-json\/wp\/v2\/posts\/116280\/revisions\/116309"}],"wp:featuredmedia":[{"embeddable":true,"href":"https:\/\/gentedebasquet.com.ar\/sitio\/wp-json\/wp\/v2\/media\/116311"}],"wp:attachment":[{"href":"https:\/\/gentedebasquet.com.ar\/sitio\/wp-json\/wp\/v2\/media?parent=116280"}],"wp:term":[{"taxonomy":"category","embeddable":true,"href":"https:\/\/gentedebasquet.com.ar\/sitio\/wp-json\/wp\/v2\/categories?post=116280"},{"taxonomy":"post_tag","embeddable":true,"href":"https:\/\/gentedebasquet.com.ar\/sitio\/wp-json\/wp\/v2\/tags?post=116280"}],"curies":[{"name":"wp","href":"https:\/\/api.w.org\/{rel}","templated":true}]}}