{"id":116287,"date":"2025-06-07T05:54:46","date_gmt":"2025-06-07T03:54:46","guid":{"rendered":"https:\/\/gentedebasquet.com.ar\/sitio\/?p=116287"},"modified":"2025-06-07T05:54:46","modified_gmt":"2025-06-07T03:54:46","slug":"el-nacional-lo-gano-en-un-final-de-pelicula","status":"publish","type":"post","link":"https:\/\/gentedebasquet.com.ar\/sitio\/2025\/06\/07\/el-nacional-lo-gano-en-un-final-de-pelicula\/","title":{"rendered":"El Nacional lo gan\u00f3 en un final de pel\u00edcula"},"content":{"rendered":"<p>El viernes por la noche se disput\u00f3 la 10.\u00aa fecha del torneo de Segunda Divisi\u00f3n. En el estadio Pedro S\u00e1nchez tuvo lugar un verdadero partidazo entre Velocidad y Resistencia y El Nacional.<\/p>\n<p>El primer cuarto fue de ida y vuelta constante, con mucha intensidad por parte de ambos equipos. Las defensas mostraron declives, lo que permiti\u00f3 muchas llegadas. El Nacional logr\u00f3 cerrar el parcial arriba por la m\u00ednima: 24 a 25.<\/p>\n<p>El segundo cuarto mantuvo la igualdad, sin que ninguno de los equipos lograra sacarse ventaja. El Nacional se fue al descanso ganando por 43 a 44, con un parcial igualado en 19 a 19.<\/p>\n<p>En el tercer cuarto, ambos equipos salieron nuevamente con todo al ataque. Sin embargo, El Nacional supo defenderse mejor. De la mano de Echarri, quien anot\u00f3 9 puntos en esta etapa, el conjunto celeste se fue al \u00faltimo cuarto con una ventaja de 60 a 65 (parcial de 17 a 20).<\/p>\n<p>El \u00faltimo cuarto fue a pura garra. Ambos equipos dejaron todo en la cancha, y aunque \u201cVelo\u201d logr\u00f3 ponerse en ventaja en el parcial, fue Ferrari quien sentenci\u00f3 el encuentro con un triple decisivo que le dio la victoria a El Nacional.<\/p>\n<div class=\"jeg_video_container jeg_video_content\"><iframe loading=\"lazy\" title=\"#Segunda - Fecha #10: Velocidad y Resistencia 76 - 78 El Nacional\" width=\"500\" height=\"281\" src=\"https:\/\/www.youtube.com\/embed\/65K818DGy-I?feature=oembed\" frameborder=\"0\" allow=\"accelerometer; autoplay; clipboard-write; encrypted-media; gyroscope; picture-in-picture; web-share\" referrerpolicy=\"strict-origin-when-cross-origin\" allowfullscreen><\/iframe><\/div>\n<p><img decoding=\"async\" class=\"alignnone size-medium wp-image-116288\" src=\"http:\/\/gentedebasquet.com.ar\/sitio\/wp-content\/uploads\/2025\/06\/MVP-pepa-300x300.png\" alt=\"\" width=\"300\" height=\"300\" srcset=\"https:\/\/gentedebasquet.com.ar\/sitio\/wp-content\/uploads\/2025\/06\/MVP-pepa-300x300.png 300w, https:\/\/gentedebasquet.com.ar\/sitio\/wp-content\/uploads\/2025\/06\/MVP-pepa-1024x1024.png 1024w, https:\/\/gentedebasquet.com.ar\/sitio\/wp-content\/uploads\/2025\/06\/MVP-pepa-150x150.png 150w, https:\/\/gentedebasquet.com.ar\/sitio\/wp-content\/uploads\/2025\/06\/MVP-pepa-768x768.png 768w, https:\/\/gentedebasquet.com.ar\/sitio\/wp-content\/uploads\/2025\/06\/MVP-pepa-1536x1536.png 1536w, https:\/\/gentedebasquet.com.ar\/sitio\/wp-content\/uploads\/2025\/06\/MVP-pepa-75x75.png 75w, https:\/\/gentedebasquet.com.ar\/sitio\/wp-content\/uploads\/2025\/06\/MVP-pepa-350x350.png 350w, https:\/\/gentedebasquet.com.ar\/sitio\/wp-content\/uploads\/2025\/06\/MVP-pepa-750x750.png 750w, https:\/\/gentedebasquet.com.ar\/sitio\/wp-content\/uploads\/2025\/06\/MVP-pepa-1140x1140.png 1140w, https:\/\/gentedebasquet.com.ar\/sitio\/wp-content\/uploads\/2025\/06\/MVP-pepa.png 2000w\" sizes=\"(max-width: 300px) 100vw, 300px\" \/><\/p>\n<p><img decoding=\"async\" class=\"alignnone size-medium wp-image-116289\" src=\"http:\/\/gentedebasquet.com.ar\/sitio\/wp-content\/uploads\/2025\/06\/CLAVE-cen-300x300.png\" alt=\"\" width=\"300\" height=\"300\" srcset=\"https:\/\/gentedebasquet.com.ar\/sitio\/wp-content\/uploads\/2025\/06\/CLAVE-cen-300x300.png 300w, https:\/\/gentedebasquet.com.ar\/sitio\/wp-content\/uploads\/2025\/06\/CLAVE-cen-1024x1024.png 1024w, https:\/\/gentedebasquet.com.ar\/sitio\/wp-content\/uploads\/2025\/06\/CLAVE-cen-150x150.png 150w, https:\/\/gentedebasquet.com.ar\/sitio\/wp-content\/uploads\/2025\/06\/CLAVE-cen-768x768.png 768w, https:\/\/gentedebasquet.com.ar\/sitio\/wp-content\/uploads\/2025\/06\/CLAVE-cen-1536x1536.png 1536w, https:\/\/gentedebasquet.com.ar\/sitio\/wp-content\/uploads\/2025\/06\/CLAVE-cen-75x75.png 75w, https:\/\/gentedebasquet.com.ar\/sitio\/wp-content\/uploads\/2025\/06\/CLAVE-cen-350x350.png 350w, https:\/\/gentedebasquet.com.ar\/sitio\/wp-content\/uploads\/2025\/06\/CLAVE-cen-750x750.png 750w, https:\/\/gentedebasquet.com.ar\/sitio\/wp-content\/uploads\/2025\/06\/CLAVE-cen-1140x1140.png 1140w, https:\/\/gentedebasquet.com.ar\/sitio\/wp-content\/uploads\/2025\/06\/CLAVE-cen.png 2000w\" sizes=\"(max-width: 300px) 100vw, 300px\" \/><\/p>\n<p><strong>S\u00edntesis &#8211; Segunda Divisi\u00f3n &#8211; Fecha 10<\/strong><\/p>\n<p><strong>Velocidad y Resistencia (76):<\/strong> P\u00e9rez Pav\u00f3n (32), Icasto (12), Dutari (9), Periga (8), Pollio Strizzi (6), G. Berdini (5), Montes (4), F. Berdini, Centeno, Calderone, Abenel y Papadopulos. <strong>DT: Alan Rava.<\/strong><\/p>\n<p><strong>El Nacional (78):<\/strong> Echarri (16), Margiotta (13), N. Dulsan (13), Aceituno (12), Ferrari (10), Hamze (6), Cruglak (5), Arias (3), Dauphin, Rayes, F. Dulsan y Cristeff. <strong>DT: Ramiro Riviere.<\/strong><\/p>\n<p><strong>Arbitros:<\/strong> N\u00e9stor Schernenco, Marcelo Gordillo y\u2069 Leandro Bressan.<\/p>\n<p><strong>Estadio:<\/strong> Pedro S\u00e1nchez (Velocidad y Resistencia)<\/p>\n<p><strong>Cobertura:<\/strong> Gaspar Colipan<\/p>\n","protected":false},"excerpt":{"rendered":"<p>El viernes por la noche se disput\u00f3 la 10.\u00aa fecha del torneo de Segunda Divisi\u00f3n. En el estadio Pedro S\u00e1nchez tuvo lugar un verdadero partidazo entre Velocidad y Resistencia y El Nacional. El primer cuarto fue de ida y vuelta constante, con mucha intensidad por parte de ambos equipos. Las defensas mostraron declives, lo que [&hellip;]<\/p>\n","protected":false},"author":71,"featured_media":116290,"comment_status":"open","ping_status":"open","sticky":false,"template":"","format":"standard","meta":{"jnews-multi-image_gallery":[],"jnews_single_post":{"source_name":"","source_url":"","via_name":"","via_url":"","override_template":"0","override":[{"template":"1","single_blog_custom":"","parallax":"1","fullscreen":"1","layout":"right-sidebar","sidebar":"default-sidebar","second_sidebar":"default-sidebar","sticky_sidebar":"1","share_position":"top","share_float_style":"share-monocrhome","show_share_counter":"0","show_view_counter":"0","show_featured":"1","show_post_meta":"1","show_post_author":"1","show_post_author_image":"0","show_post_date":"1","post_date_format":"default","post_date_format_custom":"Y\/m\/d","show_post_category":"1","show_post_reading_time":"0","post_reading_time_wpm":"300","show_zoom_button":"0","zoom_button_out_step":"2","zoom_button_in_step":"3","show_post_tag":"1","show_prev_next_post":"1","show_popup_post":"0","number_popup_post":"1","show_author_box":"0","show_post_related":"0","show_inline_post_related":"0"}],"override_image_size":"0","image_override":[{"single_post_thumbnail_size":"crop-500","single_post_gallery_size":"crop-500"}],"trending_post":"0","trending_post_position":"meta","trending_post_label":"Trending","sponsored_post":"0","sponsored_post_label":"Sponsored by","sponsored_post_name":"","sponsored_post_url":"","sponsored_post_logo_enable":"0","sponsored_post_logo":"","sponsored_post_desc":"","disable_ad":"0"},"jnews_primary_category":{"id":"","hide":""},"footnotes":""},"categories":[25,101],"tags":[9,1983,2030,1855,503,21,589],"class_list":["post-116287","post","type-post","status-publish","format-standard","has-post-thumbnail","hentry","category-segunda","category-slide","tag-el-nacional","tag-pedro-perez-pavon","tag-santiago-ferrari","tag-segunda","tag-segunda-division","tag-velocidad","tag-velocidad-y-resistencia"],"yoast_head":"<!-- This site is optimized with the Yoast SEO plugin v27.5 - https:\/\/yoast.com\/product\/yoast-seo-wordpress\/ -->\n<title>El Nacional lo gan\u00f3 en un final de pel\u00edcula - Gente de B\u00e1squet<\/title>\n<meta name=\"robots\" content=\"index, follow, max-snippet:-1, max-image-preview:large, max-video-preview:-1\" \/>\n<link rel=\"canonical\" href=\"https:\/\/gentedebasquet.com.ar\/sitio\/2025\/06\/07\/el-nacional-lo-gano-en-un-final-de-pelicula\/\" \/>\n<meta property=\"og:locale\" content=\"es_ES\" \/>\n<meta property=\"og:type\" content=\"article\" \/>\n<meta property=\"og:title\" content=\"El Nacional lo gan\u00f3 en un final de pel\u00edcula - Gente de B\u00e1squet\" \/>\n<meta property=\"og:description\" content=\"El viernes por la noche se disput\u00f3 la 10.\u00aa fecha del torneo de Segunda Divisi\u00f3n. En el estadio Pedro S\u00e1nchez tuvo lugar un verdadero partidazo entre Velocidad y Resistencia y El Nacional. El primer cuarto fue de ida y vuelta constante, con mucha intensidad por parte de ambos equipos. Las defensas mostraron declives, lo que [&hellip;]\" \/>\n<meta property=\"og:url\" content=\"https:\/\/gentedebasquet.com.ar\/sitio\/2025\/06\/07\/el-nacional-lo-gano-en-un-final-de-pelicula\/\" \/>\n<meta property=\"og:site_name\" content=\"Gente de B\u00e1squet\" \/>\n<meta property=\"article:published_time\" content=\"2025-06-07T03:54:46+00:00\" \/>\n<meta property=\"og:image\" content=\"https:\/\/gentedebasquet.com.ar\/sitio\/wp-content\/uploads\/2025\/06\/WhatsApp-Image-2025-06-07-at-00.15.59.jpeg\" \/>\n\t<meta property=\"og:image:width\" content=\"1599\" \/>\n\t<meta property=\"og:image:height\" content=\"899\" \/>\n\t<meta property=\"og:image:type\" content=\"image\/jpeg\" \/>\n<meta name=\"author\" content=\"Santiago Seisdedos\" \/>\n<meta name=\"twitter:card\" content=\"summary_large_image\" \/>\n<meta name=\"twitter:label1\" content=\"Escrito por\" \/>\n\t<meta name=\"twitter:data1\" content=\"Santiago Seisdedos\" \/>\n\t<meta name=\"twitter:label2\" content=\"Tiempo de lectura\" \/>\n\t<meta name=\"twitter:data2\" content=\"2 minutos\" \/>\n<script type=\"application\/ld+json\" class=\"yoast-schema-graph\">{\"@context\":\"https:\\\/\\\/schema.org\",\"@graph\":[{\"@type\":\"Article\",\"@id\":\"https:\\\/\\\/gentedebasquet.com.ar\\\/sitio\\\/2025\\\/06\\\/07\\\/el-nacional-lo-gano-en-un-final-de-pelicula\\\/#article\",\"isPartOf\":{\"@id\":\"https:\\\/\\\/gentedebasquet.com.ar\\\/sitio\\\/2025\\\/06\\\/07\\\/el-nacional-lo-gano-en-un-final-de-pelicula\\\/\"},\"author\":{\"name\":\"Santiago Seisdedos\",\"@id\":\"https:\\\/\\\/gentedebasquet.com.ar\\\/sitio\\\/#\\\/schema\\\/person\\\/3b50d7c801b9529aba70bd4613bca6da\"},\"headline\":\"El Nacional lo gan\u00f3 en un final de pel\u00edcula\",\"datePublished\":\"2025-06-07T03:54:46+00:00\",\"mainEntityOfPage\":{\"@id\":\"https:\\\/\\\/gentedebasquet.com.ar\\\/sitio\\\/2025\\\/06\\\/07\\\/el-nacional-lo-gano-en-un-final-de-pelicula\\\/\"},\"wordCount\":276,\"commentCount\":0,\"image\":{\"@id\":\"https:\\\/\\\/gentedebasquet.com.ar\\\/sitio\\\/2025\\\/06\\\/07\\\/el-nacional-lo-gano-en-un-final-de-pelicula\\\/#primaryimage\"},\"thumbnailUrl\":\"https:\\\/\\\/gentedebasquet.com.ar\\\/sitio\\\/wp-content\\\/uploads\\\/2025\\\/06\\\/WhatsApp-Image-2025-06-07-at-00.15.59.jpeg\",\"keywords\":[\"El Nacional\",\"Pedro P\u00e9rez Pav\u00f3n\",\"Santiago Ferrari\",\"Segunda\",\"Segunda Divisi\u00f3n\",\"Velocidad\",\"Velocidad y Resistencia\"],\"articleSection\":[\"Segunda\",\"Slide\"],\"inLanguage\":\"es\",\"potentialAction\":[{\"@type\":\"CommentAction\",\"name\":\"Comment\",\"target\":[\"https:\\\/\\\/gentedebasquet.com.ar\\\/sitio\\\/2025\\\/06\\\/07\\\/el-nacional-lo-gano-en-un-final-de-pelicula\\\/#respond\"]}]},{\"@type\":\"WebPage\",\"@id\":\"https:\\\/\\\/gentedebasquet.com.ar\\\/sitio\\\/2025\\\/06\\\/07\\\/el-nacional-lo-gano-en-un-final-de-pelicula\\\/\",\"url\":\"https:\\\/\\\/gentedebasquet.com.ar\\\/sitio\\\/2025\\\/06\\\/07\\\/el-nacional-lo-gano-en-un-final-de-pelicula\\\/\",\"name\":\"El Nacional lo gan\u00f3 en un final de pel\u00edcula - Gente de B\u00e1squet\",\"isPartOf\":{\"@id\":\"https:\\\/\\\/gentedebasquet.com.ar\\\/sitio\\\/#website\"},\"primaryImageOfPage\":{\"@id\":\"https:\\\/\\\/gentedebasquet.com.ar\\\/sitio\\\/2025\\\/06\\\/07\\\/el-nacional-lo-gano-en-un-final-de-pelicula\\\/#primaryimage\"},\"image\":{\"@id\":\"https:\\\/\\\/gentedebasquet.com.ar\\\/sitio\\\/2025\\\/06\\\/07\\\/el-nacional-lo-gano-en-un-final-de-pelicula\\\/#primaryimage\"},\"thumbnailUrl\":\"https:\\\/\\\/gentedebasquet.com.ar\\\/sitio\\\/wp-content\\\/uploads\\\/2025\\\/06\\\/WhatsApp-Image-2025-06-07-at-00.15.59.jpeg\",\"datePublished\":\"2025-06-07T03:54:46+00:00\",\"author\":{\"@id\":\"https:\\\/\\\/gentedebasquet.com.ar\\\/sitio\\\/#\\\/schema\\\/person\\\/3b50d7c801b9529aba70bd4613bca6da\"},\"breadcrumb\":{\"@id\":\"https:\\\/\\\/gentedebasquet.com.ar\\\/sitio\\\/2025\\\/06\\\/07\\\/el-nacional-lo-gano-en-un-final-de-pelicula\\\/#breadcrumb\"},\"inLanguage\":\"es\",\"potentialAction\":[{\"@type\":\"ReadAction\",\"target\":[\"https:\\\/\\\/gentedebasquet.com.ar\\\/sitio\\\/2025\\\/06\\\/07\\\/el-nacional-lo-gano-en-un-final-de-pelicula\\\/\"]}]},{\"@type\":\"ImageObject\",\"inLanguage\":\"es\",\"@id\":\"https:\\\/\\\/gentedebasquet.com.ar\\\/sitio\\\/2025\\\/06\\\/07\\\/el-nacional-lo-gano-en-un-final-de-pelicula\\\/#primaryimage\",\"url\":\"https:\\\/\\\/gentedebasquet.com.ar\\\/sitio\\\/wp-content\\\/uploads\\\/2025\\\/06\\\/WhatsApp-Image-2025-06-07-at-00.15.59.jpeg\",\"contentUrl\":\"https:\\\/\\\/gentedebasquet.com.ar\\\/sitio\\\/wp-content\\\/uploads\\\/2025\\\/06\\\/WhatsApp-Image-2025-06-07-at-00.15.59.jpeg\",\"width\":1599,\"height\":899},{\"@type\":\"BreadcrumbList\",\"@id\":\"https:\\\/\\\/gentedebasquet.com.ar\\\/sitio\\\/2025\\\/06\\\/07\\\/el-nacional-lo-gano-en-un-final-de-pelicula\\\/#breadcrumb\",\"itemListElement\":[{\"@type\":\"ListItem\",\"position\":1,\"name\":\"Portada\",\"item\":\"https:\\\/\\\/gentedebasquet.com.ar\\\/sitio\\\/\"},{\"@type\":\"ListItem\",\"position\":2,\"name\":\"El Nacional lo gan\u00f3 en un final de pel\u00edcula\"}]},{\"@type\":\"WebSite\",\"@id\":\"https:\\\/\\\/gentedebasquet.com.ar\\\/sitio\\\/#website\",\"url\":\"https:\\\/\\\/gentedebasquet.com.ar\\\/sitio\\\/\",\"name\":\"Gente de B\u00e1squet\",\"description\":\"La revista del basquet de Bah\u00eda Blanca\",\"potentialAction\":[{\"@type\":\"SearchAction\",\"target\":{\"@type\":\"EntryPoint\",\"urlTemplate\":\"https:\\\/\\\/gentedebasquet.com.ar\\\/sitio\\\/?s={search_term_string}\"},\"query-input\":{\"@type\":\"PropertyValueSpecification\",\"valueRequired\":true,\"valueName\":\"search_term_string\"}}],\"inLanguage\":\"es\"},{\"@type\":\"Person\",\"@id\":\"https:\\\/\\\/gentedebasquet.com.ar\\\/sitio\\\/#\\\/schema\\\/person\\\/3b50d7c801b9529aba70bd4613bca6da\",\"name\":\"Santiago Seisdedos\",\"image\":{\"@type\":\"ImageObject\",\"inLanguage\":\"es\",\"@id\":\"https:\\\/\\\/secure.gravatar.com\\\/avatar\\\/be737e74404eb3825c4679da7a152b3c6980b470f7253114cd451344e20a8d80?s=96&d=mm&r=g\",\"url\":\"https:\\\/\\\/secure.gravatar.com\\\/avatar\\\/be737e74404eb3825c4679da7a152b3c6980b470f7253114cd451344e20a8d80?s=96&d=mm&r=g\",\"contentUrl\":\"https:\\\/\\\/secure.gravatar.com\\\/avatar\\\/be737e74404eb3825c4679da7a152b3c6980b470f7253114cd451344e20a8d80?s=96&d=mm&r=g\",\"caption\":\"Santiago Seisdedos\"},\"url\":\"https:\\\/\\\/gentedebasquet.com.ar\\\/sitio\\\/author\\\/santiago-sesidedos\\\/\"}]}<\/script>\n<!-- \/ Yoast SEO plugin. -->","yoast_head_json":{"title":"El Nacional lo gan\u00f3 en un final de pel\u00edcula - Gente de B\u00e1squet","robots":{"index":"index","follow":"follow","max-snippet":"max-snippet:-1","max-image-preview":"max-image-preview:large","max-video-preview":"max-video-preview:-1"},"canonical":"https:\/\/gentedebasquet.com.ar\/sitio\/2025\/06\/07\/el-nacional-lo-gano-en-un-final-de-pelicula\/","og_locale":"es_ES","og_type":"article","og_title":"El Nacional lo gan\u00f3 en un final de pel\u00edcula - Gente de B\u00e1squet","og_description":"El viernes por la noche se disput\u00f3 la 10.\u00aa fecha del torneo de Segunda Divisi\u00f3n. En el estadio Pedro S\u00e1nchez tuvo lugar un verdadero partidazo entre Velocidad y Resistencia y El Nacional. El primer cuarto fue de ida y vuelta constante, con mucha intensidad por parte de ambos equipos. Las defensas mostraron declives, lo que [&hellip;]","og_url":"https:\/\/gentedebasquet.com.ar\/sitio\/2025\/06\/07\/el-nacional-lo-gano-en-un-final-de-pelicula\/","og_site_name":"Gente de B\u00e1squet","article_published_time":"2025-06-07T03:54:46+00:00","og_image":[{"width":1599,"height":899,"url":"https:\/\/gentedebasquet.com.ar\/sitio\/wp-content\/uploads\/2025\/06\/WhatsApp-Image-2025-06-07-at-00.15.59.jpeg","type":"image\/jpeg"}],"author":"Santiago Seisdedos","twitter_card":"summary_large_image","twitter_misc":{"Escrito por":"Santiago Seisdedos","Tiempo de lectura":"2 minutos"},"schema":{"@context":"https:\/\/schema.org","@graph":[{"@type":"Article","@id":"https:\/\/gentedebasquet.com.ar\/sitio\/2025\/06\/07\/el-nacional-lo-gano-en-un-final-de-pelicula\/#article","isPartOf":{"@id":"https:\/\/gentedebasquet.com.ar\/sitio\/2025\/06\/07\/el-nacional-lo-gano-en-un-final-de-pelicula\/"},"author":{"name":"Santiago Seisdedos","@id":"https:\/\/gentedebasquet.com.ar\/sitio\/#\/schema\/person\/3b50d7c801b9529aba70bd4613bca6da"},"headline":"El Nacional lo gan\u00f3 en un final de pel\u00edcula","datePublished":"2025-06-07T03:54:46+00:00","mainEntityOfPage":{"@id":"https:\/\/gentedebasquet.com.ar\/sitio\/2025\/06\/07\/el-nacional-lo-gano-en-un-final-de-pelicula\/"},"wordCount":276,"commentCount":0,"image":{"@id":"https:\/\/gentedebasquet.com.ar\/sitio\/2025\/06\/07\/el-nacional-lo-gano-en-un-final-de-pelicula\/#primaryimage"},"thumbnailUrl":"https:\/\/gentedebasquet.com.ar\/sitio\/wp-content\/uploads\/2025\/06\/WhatsApp-Image-2025-06-07-at-00.15.59.jpeg","keywords":["El Nacional","Pedro P\u00e9rez Pav\u00f3n","Santiago Ferrari","Segunda","Segunda Divisi\u00f3n","Velocidad","Velocidad y Resistencia"],"articleSection":["Segunda","Slide"],"inLanguage":"es","potentialAction":[{"@type":"CommentAction","name":"Comment","target":["https:\/\/gentedebasquet.com.ar\/sitio\/2025\/06\/07\/el-nacional-lo-gano-en-un-final-de-pelicula\/#respond"]}]},{"@type":"WebPage","@id":"https:\/\/gentedebasquet.com.ar\/sitio\/2025\/06\/07\/el-nacional-lo-gano-en-un-final-de-pelicula\/","url":"https:\/\/gentedebasquet.com.ar\/sitio\/2025\/06\/07\/el-nacional-lo-gano-en-un-final-de-pelicula\/","name":"El Nacional lo gan\u00f3 en un final de pel\u00edcula - Gente de B\u00e1squet","isPartOf":{"@id":"https:\/\/gentedebasquet.com.ar\/sitio\/#website"},"primaryImageOfPage":{"@id":"https:\/\/gentedebasquet.com.ar\/sitio\/2025\/06\/07\/el-nacional-lo-gano-en-un-final-de-pelicula\/#primaryimage"},"image":{"@id":"https:\/\/gentedebasquet.com.ar\/sitio\/2025\/06\/07\/el-nacional-lo-gano-en-un-final-de-pelicula\/#primaryimage"},"thumbnailUrl":"https:\/\/gentedebasquet.com.ar\/sitio\/wp-content\/uploads\/2025\/06\/WhatsApp-Image-2025-06-07-at-00.15.59.jpeg","datePublished":"2025-06-07T03:54:46+00:00","author":{"@id":"https:\/\/gentedebasquet.com.ar\/sitio\/#\/schema\/person\/3b50d7c801b9529aba70bd4613bca6da"},"breadcrumb":{"@id":"https:\/\/gentedebasquet.com.ar\/sitio\/2025\/06\/07\/el-nacional-lo-gano-en-un-final-de-pelicula\/#breadcrumb"},"inLanguage":"es","potentialAction":[{"@type":"ReadAction","target":["https:\/\/gentedebasquet.com.ar\/sitio\/2025\/06\/07\/el-nacional-lo-gano-en-un-final-de-pelicula\/"]}]},{"@type":"ImageObject","inLanguage":"es","@id":"https:\/\/gentedebasquet.com.ar\/sitio\/2025\/06\/07\/el-nacional-lo-gano-en-un-final-de-pelicula\/#primaryimage","url":"https:\/\/gentedebasquet.com.ar\/sitio\/wp-content\/uploads\/2025\/06\/WhatsApp-Image-2025-06-07-at-00.15.59.jpeg","contentUrl":"https:\/\/gentedebasquet.com.ar\/sitio\/wp-content\/uploads\/2025\/06\/WhatsApp-Image-2025-06-07-at-00.15.59.jpeg","width":1599,"height":899},{"@type":"BreadcrumbList","@id":"https:\/\/gentedebasquet.com.ar\/sitio\/2025\/06\/07\/el-nacional-lo-gano-en-un-final-de-pelicula\/#breadcrumb","itemListElement":[{"@type":"ListItem","position":1,"name":"Portada","item":"https:\/\/gentedebasquet.com.ar\/sitio\/"},{"@type":"ListItem","position":2,"name":"El Nacional lo gan\u00f3 en un final de pel\u00edcula"}]},{"@type":"WebSite","@id":"https:\/\/gentedebasquet.com.ar\/sitio\/#website","url":"https:\/\/gentedebasquet.com.ar\/sitio\/","name":"Gente de B\u00e1squet","description":"La revista del basquet de Bah\u00eda Blanca","potentialAction":[{"@type":"SearchAction","target":{"@type":"EntryPoint","urlTemplate":"https:\/\/gentedebasquet.com.ar\/sitio\/?s={search_term_string}"},"query-input":{"@type":"PropertyValueSpecification","valueRequired":true,"valueName":"search_term_string"}}],"inLanguage":"es"},{"@type":"Person","@id":"https:\/\/gentedebasquet.com.ar\/sitio\/#\/schema\/person\/3b50d7c801b9529aba70bd4613bca6da","name":"Santiago Seisdedos","image":{"@type":"ImageObject","inLanguage":"es","@id":"https:\/\/secure.gravatar.com\/avatar\/be737e74404eb3825c4679da7a152b3c6980b470f7253114cd451344e20a8d80?s=96&d=mm&r=g","url":"https:\/\/secure.gravatar.com\/avatar\/be737e74404eb3825c4679da7a152b3c6980b470f7253114cd451344e20a8d80?s=96&d=mm&r=g","contentUrl":"https:\/\/secure.gravatar.com\/avatar\/be737e74404eb3825c4679da7a152b3c6980b470f7253114cd451344e20a8d80?s=96&d=mm&r=g","caption":"Santiago Seisdedos"},"url":"https:\/\/gentedebasquet.com.ar\/sitio\/author\/santiago-sesidedos\/"}]}},"_links":{"self":[{"href":"https:\/\/gentedebasquet.com.ar\/sitio\/wp-json\/wp\/v2\/posts\/116287","targetHints":{"allow":["GET"]}}],"collection":[{"href":"https:\/\/gentedebasquet.com.ar\/sitio\/wp-json\/wp\/v2\/posts"}],"about":[{"href":"https:\/\/gentedebasquet.com.ar\/sitio\/wp-json\/wp\/v2\/types\/post"}],"author":[{"embeddable":true,"href":"https:\/\/gentedebasquet.com.ar\/sitio\/wp-json\/wp\/v2\/users\/71"}],"replies":[{"embeddable":true,"href":"https:\/\/gentedebasquet.com.ar\/sitio\/wp-json\/wp\/v2\/comments?post=116287"}],"version-history":[{"count":2,"href":"https:\/\/gentedebasquet.com.ar\/sitio\/wp-json\/wp\/v2\/posts\/116287\/revisions"}],"predecessor-version":[{"id":116294,"href":"https:\/\/gentedebasquet.com.ar\/sitio\/wp-json\/wp\/v2\/posts\/116287\/revisions\/116294"}],"wp:featuredmedia":[{"embeddable":true,"href":"https:\/\/gentedebasquet.com.ar\/sitio\/wp-json\/wp\/v2\/media\/116290"}],"wp:attachment":[{"href":"https:\/\/gentedebasquet.com.ar\/sitio\/wp-json\/wp\/v2\/media?parent=116287"}],"wp:term":[{"taxonomy":"category","embeddable":true,"href":"https:\/\/gentedebasquet.com.ar\/sitio\/wp-json\/wp\/v2\/categories?post=116287"},{"taxonomy":"post_tag","embeddable":true,"href":"https:\/\/gentedebasquet.com.ar\/sitio\/wp-json\/wp\/v2\/tags?post=116287"}],"curies":[{"name":"wp","href":"https:\/\/api.w.org\/{rel}","templated":true}]}}