{"id":116295,"date":"2025-06-07T03:01:44","date_gmt":"2025-06-07T01:01:44","guid":{"rendered":"https:\/\/gentedebasquet.com.ar\/sitio\/?p=116295"},"modified":"2025-06-07T14:29:36","modified_gmt":"2025-06-07T12:29:36","slug":"al-mando-de-su-coronel-pellegrini-volvio-a-triunfar-de-local","status":"publish","type":"post","link":"https:\/\/gentedebasquet.com.ar\/sitio\/2025\/06\/07\/al-mando-de-su-coronel-pellegrini-volvio-a-triunfar-de-local\/","title":{"rendered":"Al mando de su Coronel, Pellegrini volvi\u00f3 a triunfar de local"},"content":{"rendered":"<p><strong>El azulgrana super\u00f3 83 a 73 a Los Andes y suma cuatro \u00e9xitos en el escenario Daniel Rubio.<\/strong><\/p>\n<p><strong>Juan Manuel Coronel con 20 unidades (con 8\/11 en T2) m\u00e1s 6 rebotes, 2 asistencias y 2 tapas result\u00f3 la figura del conjunto dirigido por M\u00e1ximo De la Cuadra. Adem\u00e1s, Gast\u00f3n Chaves arrim\u00f3 19 m\u00e1s 7 tableros, Lucas Cataffi 14 y Leandro M\u00f3naco 12.<\/strong><\/p>\n<p><strong>En el visitante hubo 16 m\u00e1s 15 cristales del estadounidense James DeShawn Danzey, 15 de Franco Libero, 13 de Mauro Veliz y 11 de Tom\u00e1s Carvalhosa.<\/strong><\/p>\n<p><strong>Tras un 1C y 2C equilibrado, pero desprolijo, \u00abPelle\u00bb logr\u00f3 ajustar en defensa y con muy buen reparto de goleo se despeg\u00f3 en el tanteador. Clave en el 4C, Coronel con 12 puntos.<\/strong><\/p>\n<div class=\"jeg_video_container jeg_video_content\"><iframe loading=\"lazy\" title=\"#Segunda - Fecha #10: Pellegrini 83 - 73 Los Andes\" width=\"500\" height=\"281\" src=\"https:\/\/www.youtube.com\/embed\/xx-CS39GuKk?feature=oembed\" frameborder=\"0\" allow=\"accelerometer; autoplay; clipboard-write; encrypted-media; gyroscope; picture-in-picture; web-share\" referrerpolicy=\"strict-origin-when-cross-origin\" allowfullscreen><\/iframe><\/div>\n<p><img decoding=\"async\" class=\"alignnone size-medium wp-image-116298\" src=\"http:\/\/gentedebasquet.com.ar\/sitio\/wp-content\/uploads\/2025\/06\/783b73e2-5d43-4197-851b-c1c887ad687d-1-300x300.jpg\" alt=\"\" width=\"300\" height=\"300\" srcset=\"https:\/\/gentedebasquet.com.ar\/sitio\/wp-content\/uploads\/2025\/06\/783b73e2-5d43-4197-851b-c1c887ad687d-1-300x300.jpg 300w, https:\/\/gentedebasquet.com.ar\/sitio\/wp-content\/uploads\/2025\/06\/783b73e2-5d43-4197-851b-c1c887ad687d-1-150x150.jpg 150w, https:\/\/gentedebasquet.com.ar\/sitio\/wp-content\/uploads\/2025\/06\/783b73e2-5d43-4197-851b-c1c887ad687d-1-75x75.jpg 75w, https:\/\/gentedebasquet.com.ar\/sitio\/wp-content\/uploads\/2025\/06\/783b73e2-5d43-4197-851b-c1c887ad687d-1-350x350.jpg 350w, https:\/\/gentedebasquet.com.ar\/sitio\/wp-content\/uploads\/2025\/06\/783b73e2-5d43-4197-851b-c1c887ad687d-1.jpg 650w\" sizes=\"(max-width: 300px) 100vw, 300px\" \/><\/p>\n<blockquote><p>\u201cSabemos hacer uso de la local\u00eda, pero necesitamos ganar de visitante. Apostamos por la presi\u00f3n defensiva, queremos elevar la vara, estamos trabajando mucho. La actitud defensiva, nos permiti\u00f3 correr la cancha. El gol te da confianza, hay que saber estar tanto en los momentos de fluidez, como en los de turbulencia. Jugar con Gast\u00f3n (Chaves) es muy c\u00f3modo, \u00e9l te encuentra, te busca, te hace espacios y eso para m\u00ed es clave\u201d, Juan Coronel (Pellegrini).<\/p><\/blockquote>\n<p><img decoding=\"async\" class=\"alignnone size-medium wp-image-116296\" src=\"http:\/\/gentedebasquet.com.ar\/sitio\/wp-content\/uploads\/2025\/06\/b71bb194-e241-4324-8ec4-b19d75bb90b7-1-300x267.jpg\" alt=\"\" width=\"300\" height=\"267\" srcset=\"https:\/\/gentedebasquet.com.ar\/sitio\/wp-content\/uploads\/2025\/06\/b71bb194-e241-4324-8ec4-b19d75bb90b7-1-300x267.jpg 300w, https:\/\/gentedebasquet.com.ar\/sitio\/wp-content\/uploads\/2025\/06\/b71bb194-e241-4324-8ec4-b19d75bb90b7-1.jpg 650w\" sizes=\"(max-width: 300px) 100vw, 300px\" \/><\/p>\n<p><img decoding=\"async\" class=\"alignnone size-medium wp-image-116297\" src=\"http:\/\/gentedebasquet.com.ar\/sitio\/wp-content\/uploads\/2025\/06\/f33af3db-19c9-407f-9afd-6565fc0e32a9-1-300x300.jpg\" alt=\"\" width=\"300\" height=\"300\" srcset=\"https:\/\/gentedebasquet.com.ar\/sitio\/wp-content\/uploads\/2025\/06\/f33af3db-19c9-407f-9afd-6565fc0e32a9-1-300x300.jpg 300w, https:\/\/gentedebasquet.com.ar\/sitio\/wp-content\/uploads\/2025\/06\/f33af3db-19c9-407f-9afd-6565fc0e32a9-1-150x150.jpg 150w, https:\/\/gentedebasquet.com.ar\/sitio\/wp-content\/uploads\/2025\/06\/f33af3db-19c9-407f-9afd-6565fc0e32a9-1-75x75.jpg 75w, https:\/\/gentedebasquet.com.ar\/sitio\/wp-content\/uploads\/2025\/06\/f33af3db-19c9-407f-9afd-6565fc0e32a9-1-350x350.jpg 350w, https:\/\/gentedebasquet.com.ar\/sitio\/wp-content\/uploads\/2025\/06\/f33af3db-19c9-407f-9afd-6565fc0e32a9-1.jpg 650w\" sizes=\"(max-width: 300px) 100vw, 300px\" \/><\/p>\n<p><strong>S\u00edntesis \u2013<\/strong>\u00a0<strong>Segunda \u2013 Fecha 10<\/strong><\/p>\n<p><strong>Pellegrini 83<\/strong>: Jos\u00e9 David P\u00e9rez 5, Agust\u00edn \u00c1lvarez 6, Lucas Cataffi 14,\u00a0Gast\u00f3n Ch\u00e1vez\u00a019 y Juan M. Coronel 20, <strong>FI;\u00a0<\/strong>Juan I. Castro 2, Leandro M\u00f3naco 12, Agust\u00edn Godeas 0,\u00a0Francisco Gregori 0, Ignacio Constanzo 4,\u00a0Leonel \u00c1lvarez 1 e I\u00f1aki Parella 0.\u00a0<strong>DT: M\u00e1ximo De la Cuadra.<\/strong><\/p>\n<p><strong>Los Andes 73:<\/strong>\u00a0Gast\u00f3n Mart\u00ednez 6, Mauro Veliz 13, Mat\u00edas G\u00f3mez 9, Tomas Carvalhosa 11 y James DeShawn Danzey 16,\u00a0<strong>(F.I)<\/strong>; Franco Libero 15, Leandro Orosco 0, Tob\u00edas Berthe 2 y Federico Godeas 1.\u00a0<strong>DT: Enrique Moreno.<\/strong><\/p>\n<p><strong>Cuartos<\/strong>: 14-17; 32-33 (18-16); 58-51 (26-18); 83-73 (25-22).<\/p>\n<p><strong>\u00c1rbitros<\/strong>: Mariano Enrique, Mauro Guallan y Sam Inglera.<\/p>\n<p><strong>Estadio<\/strong>: Daniel Rubio\u00a0(Pellegrini).<\/p>\n<p>&nbsp;<\/p>\n","protected":false},"excerpt":{"rendered":"<p>El azulgrana super\u00f3 83 a 73 a Los Andes y suma cuatro \u00e9xitos en el escenario Daniel Rubio. Juan Manuel Coronel con 20 unidades (con 8\/11 en T2) m\u00e1s 6 rebotes, 2 asistencias y 2 tapas result\u00f3 la figura del conjunto dirigido por M\u00e1ximo De la Cuadra. Adem\u00e1s, Gast\u00f3n Chaves arrim\u00f3 19 m\u00e1s 7 tableros, [&hellip;]<\/p>\n","protected":false},"author":62,"featured_media":116299,"comment_status":"open","ping_status":"open","sticky":false,"template":"","format":"standard","meta":{"jnews-multi-image_gallery":[],"jnews_single_post":{"source_name":"","source_url":"","via_name":"","via_url":"","override_template":"0","override":[{"template":"1","single_blog_custom":"","parallax":"1","fullscreen":"1","layout":"right-sidebar","sidebar":"default-sidebar","second_sidebar":"default-sidebar","sticky_sidebar":"1","share_position":"top","share_float_style":"share-monocrhome","show_share_counter":"0","show_view_counter":"0","show_featured":"1","show_post_meta":"1","show_post_author":"1","show_post_author_image":"0","show_post_date":"1","post_date_format":"default","post_date_format_custom":"Y\/m\/d","show_post_category":"1","show_post_reading_time":"0","post_reading_time_wpm":"300","show_zoom_button":"0","zoom_button_out_step":"2","zoom_button_in_step":"3","show_post_tag":"1","show_prev_next_post":"1","show_popup_post":"0","number_popup_post":"1","show_author_box":"0","show_post_related":"0","show_inline_post_related":"0"}],"override_image_size":"0","image_override":[{"single_post_thumbnail_size":"crop-500","single_post_gallery_size":"crop-500"}],"trending_post":"0","trending_post_position":"meta","trending_post_label":"Trending","sponsored_post":"0","sponsored_post_label":"Sponsored by","sponsored_post_name":"","sponsored_post_url":"","sponsored_post_logo_enable":"0","sponsored_post_logo":"","sponsored_post_desc":"","disable_ad":"0"},"jnews_primary_category":{"id":"","hide":""},"footnotes":""},"categories":[25,101],"tags":[357,152,1728,1855],"class_list":["post-116295","post","type-post","status-publish","format-standard","has-post-thumbnail","hentry","category-segunda","category-slide","tag-abb","tag-los-andes","tag-pellegrini","tag-segunda"],"yoast_head":"<!-- This site is optimized with the Yoast SEO plugin v27.5 - https:\/\/yoast.com\/product\/yoast-seo-wordpress\/ -->\n<title>Al mando de su Coronel, Pellegrini volvi\u00f3 a triunfar de local - Gente de B\u00e1squet<\/title>\n<meta name=\"robots\" content=\"index, follow, max-snippet:-1, max-image-preview:large, max-video-preview:-1\" \/>\n<link rel=\"canonical\" href=\"https:\/\/gentedebasquet.com.ar\/sitio\/2025\/06\/07\/al-mando-de-su-coronel-pellegrini-volvio-a-triunfar-de-local\/\" \/>\n<meta property=\"og:locale\" content=\"es_ES\" \/>\n<meta property=\"og:type\" content=\"article\" \/>\n<meta property=\"og:title\" content=\"Al mando de su Coronel, Pellegrini volvi\u00f3 a triunfar de local - Gente de B\u00e1squet\" \/>\n<meta property=\"og:description\" content=\"El azulgrana super\u00f3 83 a 73 a Los Andes y suma cuatro \u00e9xitos en el escenario Daniel Rubio. Juan Manuel Coronel con 20 unidades (con 8\/11 en T2) m\u00e1s 6 rebotes, 2 asistencias y 2 tapas result\u00f3 la figura del conjunto dirigido por M\u00e1ximo De la Cuadra. Adem\u00e1s, Gast\u00f3n Chaves arrim\u00f3 19 m\u00e1s 7 tableros, [&hellip;]\" \/>\n<meta property=\"og:url\" content=\"https:\/\/gentedebasquet.com.ar\/sitio\/2025\/06\/07\/al-mando-de-su-coronel-pellegrini-volvio-a-triunfar-de-local\/\" \/>\n<meta property=\"og:site_name\" content=\"Gente de B\u00e1squet\" \/>\n<meta property=\"article:published_time\" content=\"2025-06-07T01:01:44+00:00\" \/>\n<meta property=\"article:modified_time\" content=\"2025-06-07T12:29:36+00:00\" \/>\n<meta property=\"og:image\" content=\"https:\/\/gentedebasquet.com.ar\/sitio\/wp-content\/uploads\/2025\/06\/Festejo-de-Pellegrini.jpg\" \/>\n\t<meta property=\"og:image:width\" content=\"750\" \/>\n\t<meta property=\"og:image:height\" content=\"376\" \/>\n\t<meta property=\"og:image:type\" content=\"image\/jpeg\" \/>\n<meta name=\"author\" content=\"Mat\u00edas Dom\u00ednguez\" \/>\n<meta name=\"twitter:card\" content=\"summary_large_image\" \/>\n<meta name=\"twitter:label1\" content=\"Escrito por\" \/>\n\t<meta name=\"twitter:data1\" content=\"Mat\u00edas Dom\u00ednguez\" \/>\n\t<meta name=\"twitter:label2\" content=\"Tiempo de lectura\" \/>\n\t<meta name=\"twitter:data2\" content=\"2 minutos\" \/>\n<script type=\"application\/ld+json\" class=\"yoast-schema-graph\">{\"@context\":\"https:\\\/\\\/schema.org\",\"@graph\":[{\"@type\":\"Article\",\"@id\":\"https:\\\/\\\/gentedebasquet.com.ar\\\/sitio\\\/2025\\\/06\\\/07\\\/al-mando-de-su-coronel-pellegrini-volvio-a-triunfar-de-local\\\/#article\",\"isPartOf\":{\"@id\":\"https:\\\/\\\/gentedebasquet.com.ar\\\/sitio\\\/2025\\\/06\\\/07\\\/al-mando-de-su-coronel-pellegrini-volvio-a-triunfar-de-local\\\/\"},\"author\":{\"name\":\"Mat\u00edas Dom\u00ednguez\",\"@id\":\"https:\\\/\\\/gentedebasquet.com.ar\\\/sitio\\\/#\\\/schema\\\/person\\\/2df9550994560b26db96aa8de5494221\"},\"headline\":\"Al mando de su Coronel, Pellegrini volvi\u00f3 a triunfar de local\",\"datePublished\":\"2025-06-07T01:01:44+00:00\",\"dateModified\":\"2025-06-07T12:29:36+00:00\",\"mainEntityOfPage\":{\"@id\":\"https:\\\/\\\/gentedebasquet.com.ar\\\/sitio\\\/2025\\\/06\\\/07\\\/al-mando-de-su-coronel-pellegrini-volvio-a-triunfar-de-local\\\/\"},\"wordCount\":309,\"commentCount\":0,\"image\":{\"@id\":\"https:\\\/\\\/gentedebasquet.com.ar\\\/sitio\\\/2025\\\/06\\\/07\\\/al-mando-de-su-coronel-pellegrini-volvio-a-triunfar-de-local\\\/#primaryimage\"},\"thumbnailUrl\":\"https:\\\/\\\/gentedebasquet.com.ar\\\/sitio\\\/wp-content\\\/uploads\\\/2025\\\/06\\\/Festejo-de-Pellegrini.jpg\",\"keywords\":[\"ABB\",\"Los Andes\",\"Pellegrini\",\"Segunda\"],\"articleSection\":[\"Segunda\",\"Slide\"],\"inLanguage\":\"es\",\"potentialAction\":[{\"@type\":\"CommentAction\",\"name\":\"Comment\",\"target\":[\"https:\\\/\\\/gentedebasquet.com.ar\\\/sitio\\\/2025\\\/06\\\/07\\\/al-mando-de-su-coronel-pellegrini-volvio-a-triunfar-de-local\\\/#respond\"]}]},{\"@type\":\"WebPage\",\"@id\":\"https:\\\/\\\/gentedebasquet.com.ar\\\/sitio\\\/2025\\\/06\\\/07\\\/al-mando-de-su-coronel-pellegrini-volvio-a-triunfar-de-local\\\/\",\"url\":\"https:\\\/\\\/gentedebasquet.com.ar\\\/sitio\\\/2025\\\/06\\\/07\\\/al-mando-de-su-coronel-pellegrini-volvio-a-triunfar-de-local\\\/\",\"name\":\"Al mando de su Coronel, Pellegrini volvi\u00f3 a triunfar de local - Gente de B\u00e1squet\",\"isPartOf\":{\"@id\":\"https:\\\/\\\/gentedebasquet.com.ar\\\/sitio\\\/#website\"},\"primaryImageOfPage\":{\"@id\":\"https:\\\/\\\/gentedebasquet.com.ar\\\/sitio\\\/2025\\\/06\\\/07\\\/al-mando-de-su-coronel-pellegrini-volvio-a-triunfar-de-local\\\/#primaryimage\"},\"image\":{\"@id\":\"https:\\\/\\\/gentedebasquet.com.ar\\\/sitio\\\/2025\\\/06\\\/07\\\/al-mando-de-su-coronel-pellegrini-volvio-a-triunfar-de-local\\\/#primaryimage\"},\"thumbnailUrl\":\"https:\\\/\\\/gentedebasquet.com.ar\\\/sitio\\\/wp-content\\\/uploads\\\/2025\\\/06\\\/Festejo-de-Pellegrini.jpg\",\"datePublished\":\"2025-06-07T01:01:44+00:00\",\"dateModified\":\"2025-06-07T12:29:36+00:00\",\"author\":{\"@id\":\"https:\\\/\\\/gentedebasquet.com.ar\\\/sitio\\\/#\\\/schema\\\/person\\\/2df9550994560b26db96aa8de5494221\"},\"breadcrumb\":{\"@id\":\"https:\\\/\\\/gentedebasquet.com.ar\\\/sitio\\\/2025\\\/06\\\/07\\\/al-mando-de-su-coronel-pellegrini-volvio-a-triunfar-de-local\\\/#breadcrumb\"},\"inLanguage\":\"es\",\"potentialAction\":[{\"@type\":\"ReadAction\",\"target\":[\"https:\\\/\\\/gentedebasquet.com.ar\\\/sitio\\\/2025\\\/06\\\/07\\\/al-mando-de-su-coronel-pellegrini-volvio-a-triunfar-de-local\\\/\"]}]},{\"@type\":\"ImageObject\",\"inLanguage\":\"es\",\"@id\":\"https:\\\/\\\/gentedebasquet.com.ar\\\/sitio\\\/2025\\\/06\\\/07\\\/al-mando-de-su-coronel-pellegrini-volvio-a-triunfar-de-local\\\/#primaryimage\",\"url\":\"https:\\\/\\\/gentedebasquet.com.ar\\\/sitio\\\/wp-content\\\/uploads\\\/2025\\\/06\\\/Festejo-de-Pellegrini.jpg\",\"contentUrl\":\"https:\\\/\\\/gentedebasquet.com.ar\\\/sitio\\\/wp-content\\\/uploads\\\/2025\\\/06\\\/Festejo-de-Pellegrini.jpg\",\"width\":750,\"height\":376},{\"@type\":\"BreadcrumbList\",\"@id\":\"https:\\\/\\\/gentedebasquet.com.ar\\\/sitio\\\/2025\\\/06\\\/07\\\/al-mando-de-su-coronel-pellegrini-volvio-a-triunfar-de-local\\\/#breadcrumb\",\"itemListElement\":[{\"@type\":\"ListItem\",\"position\":1,\"name\":\"Portada\",\"item\":\"https:\\\/\\\/gentedebasquet.com.ar\\\/sitio\\\/\"},{\"@type\":\"ListItem\",\"position\":2,\"name\":\"Al mando de su Coronel, Pellegrini volvi\u00f3 a triunfar de local\"}]},{\"@type\":\"WebSite\",\"@id\":\"https:\\\/\\\/gentedebasquet.com.ar\\\/sitio\\\/#website\",\"url\":\"https:\\\/\\\/gentedebasquet.com.ar\\\/sitio\\\/\",\"name\":\"Gente de B\u00e1squet\",\"description\":\"La revista del basquet de Bah\u00eda Blanca\",\"potentialAction\":[{\"@type\":\"SearchAction\",\"target\":{\"@type\":\"EntryPoint\",\"urlTemplate\":\"https:\\\/\\\/gentedebasquet.com.ar\\\/sitio\\\/?s={search_term_string}\"},\"query-input\":{\"@type\":\"PropertyValueSpecification\",\"valueRequired\":true,\"valueName\":\"search_term_string\"}}],\"inLanguage\":\"es\"},{\"@type\":\"Person\",\"@id\":\"https:\\\/\\\/gentedebasquet.com.ar\\\/sitio\\\/#\\\/schema\\\/person\\\/2df9550994560b26db96aa8de5494221\",\"name\":\"Mat\u00edas Dom\u00ednguez\",\"image\":{\"@type\":\"ImageObject\",\"inLanguage\":\"es\",\"@id\":\"https:\\\/\\\/secure.gravatar.com\\\/avatar\\\/29491ec59dbc2f899f1cb4052e9f2827b5aee3a84bdc66a9fd6789abc018a99d?s=96&d=mm&r=g\",\"url\":\"https:\\\/\\\/secure.gravatar.com\\\/avatar\\\/29491ec59dbc2f899f1cb4052e9f2827b5aee3a84bdc66a9fd6789abc018a99d?s=96&d=mm&r=g\",\"contentUrl\":\"https:\\\/\\\/secure.gravatar.com\\\/avatar\\\/29491ec59dbc2f899f1cb4052e9f2827b5aee3a84bdc66a9fd6789abc018a99d?s=96&d=mm&r=g\",\"caption\":\"Mat\u00edas Dom\u00ednguez\"},\"url\":\"https:\\\/\\\/gentedebasquet.com.ar\\\/sitio\\\/author\\\/matias-dominguez\\\/\"}]}<\/script>\n<!-- \/ Yoast SEO plugin. -->","yoast_head_json":{"title":"Al mando de su Coronel, Pellegrini volvi\u00f3 a triunfar de local - Gente de B\u00e1squet","robots":{"index":"index","follow":"follow","max-snippet":"max-snippet:-1","max-image-preview":"max-image-preview:large","max-video-preview":"max-video-preview:-1"},"canonical":"https:\/\/gentedebasquet.com.ar\/sitio\/2025\/06\/07\/al-mando-de-su-coronel-pellegrini-volvio-a-triunfar-de-local\/","og_locale":"es_ES","og_type":"article","og_title":"Al mando de su Coronel, Pellegrini volvi\u00f3 a triunfar de local - Gente de B\u00e1squet","og_description":"El azulgrana super\u00f3 83 a 73 a Los Andes y suma cuatro \u00e9xitos en el escenario Daniel Rubio. Juan Manuel Coronel con 20 unidades (con 8\/11 en T2) m\u00e1s 6 rebotes, 2 asistencias y 2 tapas result\u00f3 la figura del conjunto dirigido por M\u00e1ximo De la Cuadra. Adem\u00e1s, Gast\u00f3n Chaves arrim\u00f3 19 m\u00e1s 7 tableros, [&hellip;]","og_url":"https:\/\/gentedebasquet.com.ar\/sitio\/2025\/06\/07\/al-mando-de-su-coronel-pellegrini-volvio-a-triunfar-de-local\/","og_site_name":"Gente de B\u00e1squet","article_published_time":"2025-06-07T01:01:44+00:00","article_modified_time":"2025-06-07T12:29:36+00:00","og_image":[{"width":750,"height":376,"url":"https:\/\/gentedebasquet.com.ar\/sitio\/wp-content\/uploads\/2025\/06\/Festejo-de-Pellegrini.jpg","type":"image\/jpeg"}],"author":"Mat\u00edas Dom\u00ednguez","twitter_card":"summary_large_image","twitter_misc":{"Escrito por":"Mat\u00edas Dom\u00ednguez","Tiempo de lectura":"2 minutos"},"schema":{"@context":"https:\/\/schema.org","@graph":[{"@type":"Article","@id":"https:\/\/gentedebasquet.com.ar\/sitio\/2025\/06\/07\/al-mando-de-su-coronel-pellegrini-volvio-a-triunfar-de-local\/#article","isPartOf":{"@id":"https:\/\/gentedebasquet.com.ar\/sitio\/2025\/06\/07\/al-mando-de-su-coronel-pellegrini-volvio-a-triunfar-de-local\/"},"author":{"name":"Mat\u00edas Dom\u00ednguez","@id":"https:\/\/gentedebasquet.com.ar\/sitio\/#\/schema\/person\/2df9550994560b26db96aa8de5494221"},"headline":"Al mando de su Coronel, Pellegrini volvi\u00f3 a triunfar de local","datePublished":"2025-06-07T01:01:44+00:00","dateModified":"2025-06-07T12:29:36+00:00","mainEntityOfPage":{"@id":"https:\/\/gentedebasquet.com.ar\/sitio\/2025\/06\/07\/al-mando-de-su-coronel-pellegrini-volvio-a-triunfar-de-local\/"},"wordCount":309,"commentCount":0,"image":{"@id":"https:\/\/gentedebasquet.com.ar\/sitio\/2025\/06\/07\/al-mando-de-su-coronel-pellegrini-volvio-a-triunfar-de-local\/#primaryimage"},"thumbnailUrl":"https:\/\/gentedebasquet.com.ar\/sitio\/wp-content\/uploads\/2025\/06\/Festejo-de-Pellegrini.jpg","keywords":["ABB","Los Andes","Pellegrini","Segunda"],"articleSection":["Segunda","Slide"],"inLanguage":"es","potentialAction":[{"@type":"CommentAction","name":"Comment","target":["https:\/\/gentedebasquet.com.ar\/sitio\/2025\/06\/07\/al-mando-de-su-coronel-pellegrini-volvio-a-triunfar-de-local\/#respond"]}]},{"@type":"WebPage","@id":"https:\/\/gentedebasquet.com.ar\/sitio\/2025\/06\/07\/al-mando-de-su-coronel-pellegrini-volvio-a-triunfar-de-local\/","url":"https:\/\/gentedebasquet.com.ar\/sitio\/2025\/06\/07\/al-mando-de-su-coronel-pellegrini-volvio-a-triunfar-de-local\/","name":"Al mando de su Coronel, Pellegrini volvi\u00f3 a triunfar de local - Gente de B\u00e1squet","isPartOf":{"@id":"https:\/\/gentedebasquet.com.ar\/sitio\/#website"},"primaryImageOfPage":{"@id":"https:\/\/gentedebasquet.com.ar\/sitio\/2025\/06\/07\/al-mando-de-su-coronel-pellegrini-volvio-a-triunfar-de-local\/#primaryimage"},"image":{"@id":"https:\/\/gentedebasquet.com.ar\/sitio\/2025\/06\/07\/al-mando-de-su-coronel-pellegrini-volvio-a-triunfar-de-local\/#primaryimage"},"thumbnailUrl":"https:\/\/gentedebasquet.com.ar\/sitio\/wp-content\/uploads\/2025\/06\/Festejo-de-Pellegrini.jpg","datePublished":"2025-06-07T01:01:44+00:00","dateModified":"2025-06-07T12:29:36+00:00","author":{"@id":"https:\/\/gentedebasquet.com.ar\/sitio\/#\/schema\/person\/2df9550994560b26db96aa8de5494221"},"breadcrumb":{"@id":"https:\/\/gentedebasquet.com.ar\/sitio\/2025\/06\/07\/al-mando-de-su-coronel-pellegrini-volvio-a-triunfar-de-local\/#breadcrumb"},"inLanguage":"es","potentialAction":[{"@type":"ReadAction","target":["https:\/\/gentedebasquet.com.ar\/sitio\/2025\/06\/07\/al-mando-de-su-coronel-pellegrini-volvio-a-triunfar-de-local\/"]}]},{"@type":"ImageObject","inLanguage":"es","@id":"https:\/\/gentedebasquet.com.ar\/sitio\/2025\/06\/07\/al-mando-de-su-coronel-pellegrini-volvio-a-triunfar-de-local\/#primaryimage","url":"https:\/\/gentedebasquet.com.ar\/sitio\/wp-content\/uploads\/2025\/06\/Festejo-de-Pellegrini.jpg","contentUrl":"https:\/\/gentedebasquet.com.ar\/sitio\/wp-content\/uploads\/2025\/06\/Festejo-de-Pellegrini.jpg","width":750,"height":376},{"@type":"BreadcrumbList","@id":"https:\/\/gentedebasquet.com.ar\/sitio\/2025\/06\/07\/al-mando-de-su-coronel-pellegrini-volvio-a-triunfar-de-local\/#breadcrumb","itemListElement":[{"@type":"ListItem","position":1,"name":"Portada","item":"https:\/\/gentedebasquet.com.ar\/sitio\/"},{"@type":"ListItem","position":2,"name":"Al mando de su Coronel, Pellegrini volvi\u00f3 a triunfar de local"}]},{"@type":"WebSite","@id":"https:\/\/gentedebasquet.com.ar\/sitio\/#website","url":"https:\/\/gentedebasquet.com.ar\/sitio\/","name":"Gente de B\u00e1squet","description":"La revista del basquet de Bah\u00eda Blanca","potentialAction":[{"@type":"SearchAction","target":{"@type":"EntryPoint","urlTemplate":"https:\/\/gentedebasquet.com.ar\/sitio\/?s={search_term_string}"},"query-input":{"@type":"PropertyValueSpecification","valueRequired":true,"valueName":"search_term_string"}}],"inLanguage":"es"},{"@type":"Person","@id":"https:\/\/gentedebasquet.com.ar\/sitio\/#\/schema\/person\/2df9550994560b26db96aa8de5494221","name":"Mat\u00edas Dom\u00ednguez","image":{"@type":"ImageObject","inLanguage":"es","@id":"https:\/\/secure.gravatar.com\/avatar\/29491ec59dbc2f899f1cb4052e9f2827b5aee3a84bdc66a9fd6789abc018a99d?s=96&d=mm&r=g","url":"https:\/\/secure.gravatar.com\/avatar\/29491ec59dbc2f899f1cb4052e9f2827b5aee3a84bdc66a9fd6789abc018a99d?s=96&d=mm&r=g","contentUrl":"https:\/\/secure.gravatar.com\/avatar\/29491ec59dbc2f899f1cb4052e9f2827b5aee3a84bdc66a9fd6789abc018a99d?s=96&d=mm&r=g","caption":"Mat\u00edas Dom\u00ednguez"},"url":"https:\/\/gentedebasquet.com.ar\/sitio\/author\/matias-dominguez\/"}]}},"_links":{"self":[{"href":"https:\/\/gentedebasquet.com.ar\/sitio\/wp-json\/wp\/v2\/posts\/116295","targetHints":{"allow":["GET"]}}],"collection":[{"href":"https:\/\/gentedebasquet.com.ar\/sitio\/wp-json\/wp\/v2\/posts"}],"about":[{"href":"https:\/\/gentedebasquet.com.ar\/sitio\/wp-json\/wp\/v2\/types\/post"}],"author":[{"embeddable":true,"href":"https:\/\/gentedebasquet.com.ar\/sitio\/wp-json\/wp\/v2\/users\/62"}],"replies":[{"embeddable":true,"href":"https:\/\/gentedebasquet.com.ar\/sitio\/wp-json\/wp\/v2\/comments?post=116295"}],"version-history":[{"count":3,"href":"https:\/\/gentedebasquet.com.ar\/sitio\/wp-json\/wp\/v2\/posts\/116295\/revisions"}],"predecessor-version":[{"id":116312,"href":"https:\/\/gentedebasquet.com.ar\/sitio\/wp-json\/wp\/v2\/posts\/116295\/revisions\/116312"}],"wp:featuredmedia":[{"embeddable":true,"href":"https:\/\/gentedebasquet.com.ar\/sitio\/wp-json\/wp\/v2\/media\/116299"}],"wp:attachment":[{"href":"https:\/\/gentedebasquet.com.ar\/sitio\/wp-json\/wp\/v2\/media?parent=116295"}],"wp:term":[{"taxonomy":"category","embeddable":true,"href":"https:\/\/gentedebasquet.com.ar\/sitio\/wp-json\/wp\/v2\/categories?post=116295"},{"taxonomy":"post_tag","embeddable":true,"href":"https:\/\/gentedebasquet.com.ar\/sitio\/wp-json\/wp\/v2\/tags?post=116295"}],"curies":[{"name":"wp","href":"https:\/\/api.w.org\/{rel}","templated":true}]}}