{"id":116334,"date":"2025-06-11T05:36:22","date_gmt":"2025-06-11T03:36:22","guid":{"rendered":"https:\/\/gentedebasquet.com.ar\/sitio\/?p=116334"},"modified":"2025-06-11T17:15:47","modified_gmt":"2025-06-11T15:15:47","slug":"lafa-cruzo-el-bosque","status":"publish","type":"post","link":"https:\/\/gentedebasquet.com.ar\/sitio\/2025\/06\/11\/lafa-cruzo-el-bosque\/","title":{"rendered":"Lafa cruz\u00f3 el bosque"},"content":{"rendered":"\n<p><strong>La Falda volvi\u00f3 a la victoria contra Barracas Central por 75-63. El equipo de calle Humboldt trabaj\u00f3 para poder llevarse el cotejo y escaparle al fondo, Benjam\u00edn Minucci fue clave con 24 puntos.<\/strong><\/p>\n\n\n\n<p>Imprecisiones al amanecer del cotejo, Barracas enderez\u00f3 el tim\u00f3n del barco con 2\/3 t3 de Jonathan Cruz. Lafa ten\u00eda buenos pasajes de Benjamin Minucci, donde tomaba buenas decisiones en ataque. Ya en este segmento, la visita marcar\u00eda una zona 2-3. 16-11 finaliz\u00f3 el primer cuarto.<\/p>\n\n\n\n<p>Un gran pasaje local hac\u00eda que se escapara a 12, (26-14) y as\u00ed empezar a manejar los hilos del encuentro. La visita responder\u00eda a su err\u00e1tico ataque con un triple de Rafael Eliosoff. Lafa manten\u00eda su buen andar ofensivo y no dejaba que la visita pueda atacar el cesto. 31-18 finaliz\u00f3 el segundo.<\/p>\n\n\n\n<p>Lafa sali\u00f3 del vestuario a mantener su ventaja, cosa que le resultar\u00eda. Barracas por su parte, sal\u00eda a marcar \u201cpresi\u00f3n\u201d toda la cancha para recortar la brecha, adem\u00e1s su juego reca\u00eda sobre Rafael Eliosoff. El conjunto local segu\u00eda su buen pasaje con Benjam\u00edn Minucci, que cerraba el cuarto con 21 puntos. 51-39 finaliz\u00f3 el tercero.<\/p>\n\n\n\n<p>Barracas sal\u00eda al \u00faltimo enfocado en seguir haciendo su tarea en ataque que le dar\u00eda r\u00e9dito, se acercar\u00eda a 9 (54-45). El conjunto dirigido por Vigna, recuperaba la ventaja debido al t\u00e1ndem Cornago-Minucci, que lo alejaban 66-56. Lafa le puso la persiana al cotejo gracias a 2 triples de Pablo Amigo y uno de Mat\u00edas Cuchetti. 75-63 marcador final para los de Vigna.<\/p>\n\n\n\n<p><strong>La Falda se llev\u00f3 un triunfo trascendental de la zona baja ante Barracas y qued\u00f3 alejado moment\u00e1neamente del fondo.<\/strong> <\/p>\n\n\n\n<figure class=\"wp-block-embed is-type-video is-provider-youtube wp-block-embed-youtube wp-embed-aspect-16-9 wp-has-aspect-ratio\"><div class=\"wp-block-embed__wrapper\">\n<div class=\"jeg_video_container jeg_video_content\"><iframe loading=\"lazy\" title=\"#Segunda - Fecha #11: La Falda 75 - 63 Barracas\" width=\"500\" height=\"281\" src=\"https:\/\/www.youtube.com\/embed\/QKaUPVbSpMU?feature=oembed\" frameborder=\"0\" allow=\"accelerometer; autoplay; clipboard-write; encrypted-media; gyroscope; picture-in-picture; web-share\" referrerpolicy=\"strict-origin-when-cross-origin\" allowfullscreen><\/iframe><\/div>\n<\/div><\/figure>\n\n\n\n<figure class=\"wp-block-image size-large\"><img decoding=\"async\" width=\"1024\" height=\"1024\" src=\"https:\/\/gentedebasquet.com.ar\/sitio\/wp-content\/uploads\/2025\/06\/untitled-design-1-1024x1024.png\" class=\"wp-image-116367\" srcset=\"https:\/\/gentedebasquet.com.ar\/sitio\/wp-content\/uploads\/2025\/06\/untitled-design-1-1024x1024.png 1024w, https:\/\/gentedebasquet.com.ar\/sitio\/wp-content\/uploads\/2025\/06\/untitled-design-1-300x300.png 300w, https:\/\/gentedebasquet.com.ar\/sitio\/wp-content\/uploads\/2025\/06\/untitled-design-1-150x150.png 150w, https:\/\/gentedebasquet.com.ar\/sitio\/wp-content\/uploads\/2025\/06\/untitled-design-1-768x768.png 768w, https:\/\/gentedebasquet.com.ar\/sitio\/wp-content\/uploads\/2025\/06\/untitled-design-1-1536x1536.png 1536w, https:\/\/gentedebasquet.com.ar\/sitio\/wp-content\/uploads\/2025\/06\/untitled-design-1-75x75.png 75w, https:\/\/gentedebasquet.com.ar\/sitio\/wp-content\/uploads\/2025\/06\/untitled-design-1-350x350.png 350w, https:\/\/gentedebasquet.com.ar\/sitio\/wp-content\/uploads\/2025\/06\/untitled-design-1-750x750.png 750w, https:\/\/gentedebasquet.com.ar\/sitio\/wp-content\/uploads\/2025\/06\/untitled-design-1-1140x1140.png 1140w, https:\/\/gentedebasquet.com.ar\/sitio\/wp-content\/uploads\/2025\/06\/untitled-design-1.png 1600w\" sizes=\"(max-width: 1024px) 100vw, 1024px\" \/><\/figure>\n\n\n\n<figure class=\"wp-block-image size-large\"><img decoding=\"async\" width=\"1024\" height=\"1024\" src=\"https:\/\/gentedebasquet.com.ar\/sitio\/wp-content\/uploads\/2025\/06\/b4094fb6-8d08-484c-a5f2-94584d8882e6-1-1024x1024.jpg\" alt=\"\" class=\"wp-image-116346\" srcset=\"https:\/\/gentedebasquet.com.ar\/sitio\/wp-content\/uploads\/2025\/06\/b4094fb6-8d08-484c-a5f2-94584d8882e6-1-1024x1024.jpg 1024w, https:\/\/gentedebasquet.com.ar\/sitio\/wp-content\/uploads\/2025\/06\/b4094fb6-8d08-484c-a5f2-94584d8882e6-1-300x300.jpg 300w, https:\/\/gentedebasquet.com.ar\/sitio\/wp-content\/uploads\/2025\/06\/b4094fb6-8d08-484c-a5f2-94584d8882e6-1-150x150.jpg 150w, https:\/\/gentedebasquet.com.ar\/sitio\/wp-content\/uploads\/2025\/06\/b4094fb6-8d08-484c-a5f2-94584d8882e6-1-768x768.jpg 768w, https:\/\/gentedebasquet.com.ar\/sitio\/wp-content\/uploads\/2025\/06\/b4094fb6-8d08-484c-a5f2-94584d8882e6-1-1536x1536.jpg 1536w, https:\/\/gentedebasquet.com.ar\/sitio\/wp-content\/uploads\/2025\/06\/b4094fb6-8d08-484c-a5f2-94584d8882e6-1-75x75.jpg 75w, https:\/\/gentedebasquet.com.ar\/sitio\/wp-content\/uploads\/2025\/06\/b4094fb6-8d08-484c-a5f2-94584d8882e6-1-350x350.jpg 350w, https:\/\/gentedebasquet.com.ar\/sitio\/wp-content\/uploads\/2025\/06\/b4094fb6-8d08-484c-a5f2-94584d8882e6-1-750x750.jpg 750w, https:\/\/gentedebasquet.com.ar\/sitio\/wp-content\/uploads\/2025\/06\/b4094fb6-8d08-484c-a5f2-94584d8882e6-1-1140x1140.jpg 1140w, https:\/\/gentedebasquet.com.ar\/sitio\/wp-content\/uploads\/2025\/06\/b4094fb6-8d08-484c-a5f2-94584d8882e6-1.jpg 1600w\" sizes=\"(max-width: 1024px) 100vw, 1024px\" \/><\/figure>\n\n\n\n<figure class=\"wp-block-image size-large\"><img decoding=\"async\" width=\"1024\" height=\"768\" src=\"https:\/\/gentedebasquet.com.ar\/sitio\/wp-content\/uploads\/2025\/06\/img_0439-1-1024x768.jpg\" alt=\"\" class=\"wp-image-116351\" srcset=\"https:\/\/gentedebasquet.com.ar\/sitio\/wp-content\/uploads\/2025\/06\/img_0439-1-1024x768.jpg 1024w, https:\/\/gentedebasquet.com.ar\/sitio\/wp-content\/uploads\/2025\/06\/img_0439-1-300x225.jpg 300w, https:\/\/gentedebasquet.com.ar\/sitio\/wp-content\/uploads\/2025\/06\/img_0439-1-768x576.jpg 768w, https:\/\/gentedebasquet.com.ar\/sitio\/wp-content\/uploads\/2025\/06\/img_0439-1-1536x1152.jpg 1536w, https:\/\/gentedebasquet.com.ar\/sitio\/wp-content\/uploads\/2025\/06\/img_0439-1-750x563.jpg 750w, https:\/\/gentedebasquet.com.ar\/sitio\/wp-content\/uploads\/2025\/06\/img_0439-1-1140x855.jpg 1140w, https:\/\/gentedebasquet.com.ar\/sitio\/wp-content\/uploads\/2025\/06\/img_0439-1.jpg 2000w\" sizes=\"(max-width: 1024px) 100vw, 1024px\" \/><\/figure>\n\n\n\n<blockquote class=\"wp-block-quote is-layout-flow wp-block-quote-is-layout-flow\">\n<p>\u00abFue un partido muy duro y f\u00edsico, arrancamos bien, se nos acercaron pero lo pudimos sacar a flote. La clave fue el juego en equipo, la tranquilidad para manejar el partido.\u00bb<strong>&nbsp;Benjamin Minucci, La Falda.<\/strong><\/p>\n<\/blockquote>\n\n\n\n<p><strong>S\u00edntesis \u2013 Segunda \u2013 Fecha 11<\/strong><\/p>\n\n\n\n<p><strong>La Falda 75:<\/strong> Pablo Amigo (13), Benjamin Minucci (24), Federico Gonz\u00e1lez (2), Nicol\u00e1s Cornago (7), Valentino Kleja (5) (FI); Pedro Palacio (0), Franco Riccio (12), German Fern\u00e1ndez Vita (2), Matias Cuchetti (12). <strong>DT: Juan Miguel Vigna.<\/strong><\/p>\n\n\n\n<p><strong>Barracas Central 63:<\/strong> Rafael Eliosoff (13), Dylan Albisu (9), Juan Jos\u00e9 Rom\u00e1n (0), Lucas Dur\u00e1n (9), Jonathan Cruz (17) (FI); Jesus Ruiz (8), Santiago Segal (2), Juan Cruz Mart\u00ednez (3), Nicol\u00e1s Schiaffino (2). <strong>DT: Albano Schneider.<\/strong><\/p>\n\n\n\n<p><strong>Parciales<\/strong>: 16-11, 31-18, (15-7), 51-39 (20-21), 75-63 (24-24).<\/p>\n\n\n\n<p><strong>\u00c1rbitros<\/strong>: Mariano Enrique \u2013 Mauro Guallan \u2013 Leonardo Bressan<\/p>\n\n\n\n<p><strong>Estadio<\/strong>: Lili Pisani (La Falda)<\/p>\n\n\n\n<figure class=\"wp-block-image size-large wp-block-embed is-type-video is-provider-youtube wp-block-embed-youtube wp-embed-aspect-16-9 wp-has-aspect-ratio\"><img decoding=\"async\" width=\"1024\" height=\"576\" src=\"https:\/\/gentedebasquet.com.ar\/sitio\/wp-content\/uploads\/2025\/06\/img_0362-1-1024x576.jpg\" alt=\"\" class=\"wp-image-116333\" srcset=\"https:\/\/gentedebasquet.com.ar\/sitio\/wp-content\/uploads\/2025\/06\/img_0362-1-1024x576.jpg 1024w, https:\/\/gentedebasquet.com.ar\/sitio\/wp-content\/uploads\/2025\/06\/img_0362-1-300x169.jpg 300w, https:\/\/gentedebasquet.com.ar\/sitio\/wp-content\/uploads\/2025\/06\/img_0362-1-768x432.jpg 768w, https:\/\/gentedebasquet.com.ar\/sitio\/wp-content\/uploads\/2025\/06\/img_0362-1-1536x864.jpg 1536w, https:\/\/gentedebasquet.com.ar\/sitio\/wp-content\/uploads\/2025\/06\/img_0362-1-750x422.jpg 750w, https:\/\/gentedebasquet.com.ar\/sitio\/wp-content\/uploads\/2025\/06\/img_0362-1-1140x641.jpg 1140w, https:\/\/gentedebasquet.com.ar\/sitio\/wp-content\/uploads\/2025\/06\/img_0362-1.jpg 2000w\" sizes=\"(max-width: 1024px) 100vw, 1024px\" \/><\/figure>\n","protected":false},"excerpt":{"rendered":"<p>La Falda volvi\u00f3 a la victoria contra Barracas Central por 75-63. El equipo de calle Humboldt trabaj\u00f3 para poder llevarse el cotejo y escaparle al fondo, Benjam\u00edn Minucci fue clave con 24 puntos. Imprecisiones al amanecer del cotejo, Barracas enderez\u00f3 el tim\u00f3n del barco con 2\/3 t3 de Jonathan Cruz. Lafa ten\u00eda buenos pasajes de [&hellip;]<\/p>\n","protected":false},"author":82,"featured_media":116350,"comment_status":"closed","ping_status":"open","sticky":false,"template":"","format":"standard","meta":{"jnews-multi-image_gallery":[],"jnews_single_post":[],"jnews_primary_category":[],"footnotes":""},"categories":[25,101],"tags":[6,13,1855,503],"class_list":["post-116334","post","type-post","status-publish","format-standard","has-post-thumbnail","hentry","category-segunda","category-slide","tag-barracas-central","tag-la-falda","tag-segunda","tag-segunda-division"],"yoast_head":"<!-- This site is optimized with the Yoast SEO plugin v27.5 - https:\/\/yoast.com\/product\/yoast-seo-wordpress\/ -->\n<title>Lafa cruz\u00f3 el bosque - Gente de B\u00e1squet<\/title>\n<meta name=\"robots\" content=\"index, follow, max-snippet:-1, max-image-preview:large, max-video-preview:-1\" \/>\n<link rel=\"canonical\" href=\"https:\/\/gentedebasquet.com.ar\/sitio\/2025\/06\/11\/lafa-cruzo-el-bosque\/\" \/>\n<meta property=\"og:locale\" content=\"es_ES\" \/>\n<meta property=\"og:type\" content=\"article\" \/>\n<meta property=\"og:title\" content=\"Lafa cruz\u00f3 el bosque - Gente de B\u00e1squet\" \/>\n<meta property=\"og:description\" content=\"La Falda volvi\u00f3 a la victoria contra Barracas Central por 75-63. El equipo de calle Humboldt trabaj\u00f3 para poder llevarse el cotejo y escaparle al fondo, Benjam\u00edn Minucci fue clave con 24 puntos. Imprecisiones al amanecer del cotejo, Barracas enderez\u00f3 el tim\u00f3n del barco con 2\/3 t3 de Jonathan Cruz. Lafa ten\u00eda buenos pasajes de [&hellip;]\" \/>\n<meta property=\"og:url\" content=\"https:\/\/gentedebasquet.com.ar\/sitio\/2025\/06\/11\/lafa-cruzo-el-bosque\/\" \/>\n<meta property=\"og:site_name\" content=\"Gente de B\u00e1squet\" \/>\n<meta property=\"article:published_time\" content=\"2025-06-11T03:36:22+00:00\" \/>\n<meta property=\"article:modified_time\" content=\"2025-06-11T15:15:47+00:00\" \/>\n<meta property=\"og:image\" content=\"https:\/\/gentedebasquet.com.ar\/sitio\/wp-content\/uploads\/2025\/06\/img_0375-1.jpg\" \/>\n\t<meta property=\"og:image:width\" content=\"2000\" \/>\n\t<meta property=\"og:image:height\" content=\"1500\" \/>\n\t<meta property=\"og:image:type\" content=\"image\/jpeg\" \/>\n<meta name=\"author\" content=\"Manuel Lacerenza\" \/>\n<meta name=\"twitter:card\" content=\"summary_large_image\" \/>\n<meta name=\"twitter:label1\" content=\"Escrito por\" \/>\n\t<meta name=\"twitter:data1\" content=\"Manuel Lacerenza\" \/>\n\t<meta name=\"twitter:label2\" content=\"Tiempo de lectura\" \/>\n\t<meta name=\"twitter:data2\" content=\"2 minutos\" \/>\n<script type=\"application\/ld+json\" class=\"yoast-schema-graph\">{\"@context\":\"https:\\\/\\\/schema.org\",\"@graph\":[{\"@type\":\"Article\",\"@id\":\"https:\\\/\\\/gentedebasquet.com.ar\\\/sitio\\\/2025\\\/06\\\/11\\\/lafa-cruzo-el-bosque\\\/#article\",\"isPartOf\":{\"@id\":\"https:\\\/\\\/gentedebasquet.com.ar\\\/sitio\\\/2025\\\/06\\\/11\\\/lafa-cruzo-el-bosque\\\/\"},\"author\":{\"name\":\"Manuel Lacerenza\",\"@id\":\"https:\\\/\\\/gentedebasquet.com.ar\\\/sitio\\\/#\\\/schema\\\/person\\\/643357fb6a37b5549c9cfe9f339c9f1b\"},\"headline\":\"Lafa cruz\u00f3 el bosque\",\"datePublished\":\"2025-06-11T03:36:22+00:00\",\"dateModified\":\"2025-06-11T15:15:47+00:00\",\"mainEntityOfPage\":{\"@id\":\"https:\\\/\\\/gentedebasquet.com.ar\\\/sitio\\\/2025\\\/06\\\/11\\\/lafa-cruzo-el-bosque\\\/\"},\"wordCount\":417,\"image\":{\"@id\":\"https:\\\/\\\/gentedebasquet.com.ar\\\/sitio\\\/2025\\\/06\\\/11\\\/lafa-cruzo-el-bosque\\\/#primaryimage\"},\"thumbnailUrl\":\"https:\\\/\\\/gentedebasquet.com.ar\\\/sitio\\\/wp-content\\\/uploads\\\/2025\\\/06\\\/img_0375-1.jpg\",\"keywords\":[\"Barracas Central\",\"La Falda\",\"Segunda\",\"Segunda Divisi\u00f3n\"],\"articleSection\":[\"Segunda\",\"Slide\"],\"inLanguage\":\"es\"},{\"@type\":\"WebPage\",\"@id\":\"https:\\\/\\\/gentedebasquet.com.ar\\\/sitio\\\/2025\\\/06\\\/11\\\/lafa-cruzo-el-bosque\\\/\",\"url\":\"https:\\\/\\\/gentedebasquet.com.ar\\\/sitio\\\/2025\\\/06\\\/11\\\/lafa-cruzo-el-bosque\\\/\",\"name\":\"Lafa cruz\u00f3 el bosque - Gente de B\u00e1squet\",\"isPartOf\":{\"@id\":\"https:\\\/\\\/gentedebasquet.com.ar\\\/sitio\\\/#website\"},\"primaryImageOfPage\":{\"@id\":\"https:\\\/\\\/gentedebasquet.com.ar\\\/sitio\\\/2025\\\/06\\\/11\\\/lafa-cruzo-el-bosque\\\/#primaryimage\"},\"image\":{\"@id\":\"https:\\\/\\\/gentedebasquet.com.ar\\\/sitio\\\/2025\\\/06\\\/11\\\/lafa-cruzo-el-bosque\\\/#primaryimage\"},\"thumbnailUrl\":\"https:\\\/\\\/gentedebasquet.com.ar\\\/sitio\\\/wp-content\\\/uploads\\\/2025\\\/06\\\/img_0375-1.jpg\",\"datePublished\":\"2025-06-11T03:36:22+00:00\",\"dateModified\":\"2025-06-11T15:15:47+00:00\",\"author\":{\"@id\":\"https:\\\/\\\/gentedebasquet.com.ar\\\/sitio\\\/#\\\/schema\\\/person\\\/643357fb6a37b5549c9cfe9f339c9f1b\"},\"breadcrumb\":{\"@id\":\"https:\\\/\\\/gentedebasquet.com.ar\\\/sitio\\\/2025\\\/06\\\/11\\\/lafa-cruzo-el-bosque\\\/#breadcrumb\"},\"inLanguage\":\"es\",\"potentialAction\":[{\"@type\":\"ReadAction\",\"target\":[\"https:\\\/\\\/gentedebasquet.com.ar\\\/sitio\\\/2025\\\/06\\\/11\\\/lafa-cruzo-el-bosque\\\/\"]}]},{\"@type\":\"ImageObject\",\"inLanguage\":\"es\",\"@id\":\"https:\\\/\\\/gentedebasquet.com.ar\\\/sitio\\\/2025\\\/06\\\/11\\\/lafa-cruzo-el-bosque\\\/#primaryimage\",\"url\":\"https:\\\/\\\/gentedebasquet.com.ar\\\/sitio\\\/wp-content\\\/uploads\\\/2025\\\/06\\\/img_0375-1.jpg\",\"contentUrl\":\"https:\\\/\\\/gentedebasquet.com.ar\\\/sitio\\\/wp-content\\\/uploads\\\/2025\\\/06\\\/img_0375-1.jpg\",\"width\":2000,\"height\":1500},{\"@type\":\"BreadcrumbList\",\"@id\":\"https:\\\/\\\/gentedebasquet.com.ar\\\/sitio\\\/2025\\\/06\\\/11\\\/lafa-cruzo-el-bosque\\\/#breadcrumb\",\"itemListElement\":[{\"@type\":\"ListItem\",\"position\":1,\"name\":\"Portada\",\"item\":\"https:\\\/\\\/gentedebasquet.com.ar\\\/sitio\\\/\"},{\"@type\":\"ListItem\",\"position\":2,\"name\":\"Lafa cruz\u00f3 el bosque\"}]},{\"@type\":\"WebSite\",\"@id\":\"https:\\\/\\\/gentedebasquet.com.ar\\\/sitio\\\/#website\",\"url\":\"https:\\\/\\\/gentedebasquet.com.ar\\\/sitio\\\/\",\"name\":\"Gente de B\u00e1squet\",\"description\":\"La revista del basquet de Bah\u00eda Blanca\",\"potentialAction\":[{\"@type\":\"SearchAction\",\"target\":{\"@type\":\"EntryPoint\",\"urlTemplate\":\"https:\\\/\\\/gentedebasquet.com.ar\\\/sitio\\\/?s={search_term_string}\"},\"query-input\":{\"@type\":\"PropertyValueSpecification\",\"valueRequired\":true,\"valueName\":\"search_term_string\"}}],\"inLanguage\":\"es\"},{\"@type\":\"Person\",\"@id\":\"https:\\\/\\\/gentedebasquet.com.ar\\\/sitio\\\/#\\\/schema\\\/person\\\/643357fb6a37b5549c9cfe9f339c9f1b\",\"name\":\"Manuel Lacerenza\",\"image\":{\"@type\":\"ImageObject\",\"inLanguage\":\"es\",\"@id\":\"https:\\\/\\\/secure.gravatar.com\\\/avatar\\\/6a427d587bd181ca8afd828e8cf364f233c5cbe5b8a1332b92ea42687ad97845?s=96&d=mm&r=g\",\"url\":\"https:\\\/\\\/secure.gravatar.com\\\/avatar\\\/6a427d587bd181ca8afd828e8cf364f233c5cbe5b8a1332b92ea42687ad97845?s=96&d=mm&r=g\",\"contentUrl\":\"https:\\\/\\\/secure.gravatar.com\\\/avatar\\\/6a427d587bd181ca8afd828e8cf364f233c5cbe5b8a1332b92ea42687ad97845?s=96&d=mm&r=g\",\"caption\":\"Manuel Lacerenza\"},\"url\":\"https:\\\/\\\/gentedebasquet.com.ar\\\/sitio\\\/author\\\/manuel\\\/\"}]}<\/script>\n<!-- \/ Yoast SEO plugin. -->","yoast_head_json":{"title":"Lafa cruz\u00f3 el bosque - Gente de B\u00e1squet","robots":{"index":"index","follow":"follow","max-snippet":"max-snippet:-1","max-image-preview":"max-image-preview:large","max-video-preview":"max-video-preview:-1"},"canonical":"https:\/\/gentedebasquet.com.ar\/sitio\/2025\/06\/11\/lafa-cruzo-el-bosque\/","og_locale":"es_ES","og_type":"article","og_title":"Lafa cruz\u00f3 el bosque - Gente de B\u00e1squet","og_description":"La Falda volvi\u00f3 a la victoria contra Barracas Central por 75-63. El equipo de calle Humboldt trabaj\u00f3 para poder llevarse el cotejo y escaparle al fondo, Benjam\u00edn Minucci fue clave con 24 puntos. Imprecisiones al amanecer del cotejo, Barracas enderez\u00f3 el tim\u00f3n del barco con 2\/3 t3 de Jonathan Cruz. Lafa ten\u00eda buenos pasajes de [&hellip;]","og_url":"https:\/\/gentedebasquet.com.ar\/sitio\/2025\/06\/11\/lafa-cruzo-el-bosque\/","og_site_name":"Gente de B\u00e1squet","article_published_time":"2025-06-11T03:36:22+00:00","article_modified_time":"2025-06-11T15:15:47+00:00","og_image":[{"width":2000,"height":1500,"url":"https:\/\/gentedebasquet.com.ar\/sitio\/wp-content\/uploads\/2025\/06\/img_0375-1.jpg","type":"image\/jpeg"}],"author":"Manuel Lacerenza","twitter_card":"summary_large_image","twitter_misc":{"Escrito por":"Manuel Lacerenza","Tiempo de lectura":"2 minutos"},"schema":{"@context":"https:\/\/schema.org","@graph":[{"@type":"Article","@id":"https:\/\/gentedebasquet.com.ar\/sitio\/2025\/06\/11\/lafa-cruzo-el-bosque\/#article","isPartOf":{"@id":"https:\/\/gentedebasquet.com.ar\/sitio\/2025\/06\/11\/lafa-cruzo-el-bosque\/"},"author":{"name":"Manuel Lacerenza","@id":"https:\/\/gentedebasquet.com.ar\/sitio\/#\/schema\/person\/643357fb6a37b5549c9cfe9f339c9f1b"},"headline":"Lafa cruz\u00f3 el bosque","datePublished":"2025-06-11T03:36:22+00:00","dateModified":"2025-06-11T15:15:47+00:00","mainEntityOfPage":{"@id":"https:\/\/gentedebasquet.com.ar\/sitio\/2025\/06\/11\/lafa-cruzo-el-bosque\/"},"wordCount":417,"image":{"@id":"https:\/\/gentedebasquet.com.ar\/sitio\/2025\/06\/11\/lafa-cruzo-el-bosque\/#primaryimage"},"thumbnailUrl":"https:\/\/gentedebasquet.com.ar\/sitio\/wp-content\/uploads\/2025\/06\/img_0375-1.jpg","keywords":["Barracas Central","La Falda","Segunda","Segunda Divisi\u00f3n"],"articleSection":["Segunda","Slide"],"inLanguage":"es"},{"@type":"WebPage","@id":"https:\/\/gentedebasquet.com.ar\/sitio\/2025\/06\/11\/lafa-cruzo-el-bosque\/","url":"https:\/\/gentedebasquet.com.ar\/sitio\/2025\/06\/11\/lafa-cruzo-el-bosque\/","name":"Lafa cruz\u00f3 el bosque - Gente de B\u00e1squet","isPartOf":{"@id":"https:\/\/gentedebasquet.com.ar\/sitio\/#website"},"primaryImageOfPage":{"@id":"https:\/\/gentedebasquet.com.ar\/sitio\/2025\/06\/11\/lafa-cruzo-el-bosque\/#primaryimage"},"image":{"@id":"https:\/\/gentedebasquet.com.ar\/sitio\/2025\/06\/11\/lafa-cruzo-el-bosque\/#primaryimage"},"thumbnailUrl":"https:\/\/gentedebasquet.com.ar\/sitio\/wp-content\/uploads\/2025\/06\/img_0375-1.jpg","datePublished":"2025-06-11T03:36:22+00:00","dateModified":"2025-06-11T15:15:47+00:00","author":{"@id":"https:\/\/gentedebasquet.com.ar\/sitio\/#\/schema\/person\/643357fb6a37b5549c9cfe9f339c9f1b"},"breadcrumb":{"@id":"https:\/\/gentedebasquet.com.ar\/sitio\/2025\/06\/11\/lafa-cruzo-el-bosque\/#breadcrumb"},"inLanguage":"es","potentialAction":[{"@type":"ReadAction","target":["https:\/\/gentedebasquet.com.ar\/sitio\/2025\/06\/11\/lafa-cruzo-el-bosque\/"]}]},{"@type":"ImageObject","inLanguage":"es","@id":"https:\/\/gentedebasquet.com.ar\/sitio\/2025\/06\/11\/lafa-cruzo-el-bosque\/#primaryimage","url":"https:\/\/gentedebasquet.com.ar\/sitio\/wp-content\/uploads\/2025\/06\/img_0375-1.jpg","contentUrl":"https:\/\/gentedebasquet.com.ar\/sitio\/wp-content\/uploads\/2025\/06\/img_0375-1.jpg","width":2000,"height":1500},{"@type":"BreadcrumbList","@id":"https:\/\/gentedebasquet.com.ar\/sitio\/2025\/06\/11\/lafa-cruzo-el-bosque\/#breadcrumb","itemListElement":[{"@type":"ListItem","position":1,"name":"Portada","item":"https:\/\/gentedebasquet.com.ar\/sitio\/"},{"@type":"ListItem","position":2,"name":"Lafa cruz\u00f3 el bosque"}]},{"@type":"WebSite","@id":"https:\/\/gentedebasquet.com.ar\/sitio\/#website","url":"https:\/\/gentedebasquet.com.ar\/sitio\/","name":"Gente de B\u00e1squet","description":"La revista del basquet de Bah\u00eda Blanca","potentialAction":[{"@type":"SearchAction","target":{"@type":"EntryPoint","urlTemplate":"https:\/\/gentedebasquet.com.ar\/sitio\/?s={search_term_string}"},"query-input":{"@type":"PropertyValueSpecification","valueRequired":true,"valueName":"search_term_string"}}],"inLanguage":"es"},{"@type":"Person","@id":"https:\/\/gentedebasquet.com.ar\/sitio\/#\/schema\/person\/643357fb6a37b5549c9cfe9f339c9f1b","name":"Manuel Lacerenza","image":{"@type":"ImageObject","inLanguage":"es","@id":"https:\/\/secure.gravatar.com\/avatar\/6a427d587bd181ca8afd828e8cf364f233c5cbe5b8a1332b92ea42687ad97845?s=96&d=mm&r=g","url":"https:\/\/secure.gravatar.com\/avatar\/6a427d587bd181ca8afd828e8cf364f233c5cbe5b8a1332b92ea42687ad97845?s=96&d=mm&r=g","contentUrl":"https:\/\/secure.gravatar.com\/avatar\/6a427d587bd181ca8afd828e8cf364f233c5cbe5b8a1332b92ea42687ad97845?s=96&d=mm&r=g","caption":"Manuel Lacerenza"},"url":"https:\/\/gentedebasquet.com.ar\/sitio\/author\/manuel\/"}]}},"_links":{"self":[{"href":"https:\/\/gentedebasquet.com.ar\/sitio\/wp-json\/wp\/v2\/posts\/116334","targetHints":{"allow":["GET"]}}],"collection":[{"href":"https:\/\/gentedebasquet.com.ar\/sitio\/wp-json\/wp\/v2\/posts"}],"about":[{"href":"https:\/\/gentedebasquet.com.ar\/sitio\/wp-json\/wp\/v2\/types\/post"}],"author":[{"embeddable":true,"href":"https:\/\/gentedebasquet.com.ar\/sitio\/wp-json\/wp\/v2\/users\/82"}],"replies":[{"embeddable":true,"href":"https:\/\/gentedebasquet.com.ar\/sitio\/wp-json\/wp\/v2\/comments?post=116334"}],"version-history":[{"count":4,"href":"https:\/\/gentedebasquet.com.ar\/sitio\/wp-json\/wp\/v2\/posts\/116334\/revisions"}],"predecessor-version":[{"id":116368,"href":"https:\/\/gentedebasquet.com.ar\/sitio\/wp-json\/wp\/v2\/posts\/116334\/revisions\/116368"}],"wp:featuredmedia":[{"embeddable":true,"href":"https:\/\/gentedebasquet.com.ar\/sitio\/wp-json\/wp\/v2\/media\/116350"}],"wp:attachment":[{"href":"https:\/\/gentedebasquet.com.ar\/sitio\/wp-json\/wp\/v2\/media?parent=116334"}],"wp:term":[{"taxonomy":"category","embeddable":true,"href":"https:\/\/gentedebasquet.com.ar\/sitio\/wp-json\/wp\/v2\/categories?post=116334"},{"taxonomy":"post_tag","embeddable":true,"href":"https:\/\/gentedebasquet.com.ar\/sitio\/wp-json\/wp\/v2\/tags?post=116334"}],"curies":[{"name":"wp","href":"https:\/\/api.w.org\/{rel}","templated":true}]}}