{"id":116337,"date":"2025-06-11T05:16:36","date_gmt":"2025-06-11T03:16:36","guid":{"rendered":"https:\/\/gentedebasquet.com.ar\/sitio\/?p=116337"},"modified":"2025-06-11T22:16:13","modified_gmt":"2025-06-11T20:16:13","slug":"sportivo-apreto-el-acelerador-en-el-ultimo-cuarto-y-se-quedo-el-partido-ante-independiente","status":"publish","type":"post","link":"https:\/\/gentedebasquet.com.ar\/sitio\/2025\/06\/11\/sportivo-apreto-el-acelerador-en-el-ultimo-cuarto-y-se-quedo-el-partido-ante-independiente\/","title":{"rendered":"Sportivo apret\u00f3 el acelerador en el \u00faltimo cuarto y se llev\u00f3 el partido ante Independiente"},"content":{"rendered":"<p>Este martes por la noche, en el marco de la fecha 11 del Torneo de Segunda Divisi\u00f3n, Sportivo Bahiense visit\u00f3 a Independiente y se llev\u00f3 un triunfazo por 15 puntos de diferencia.<\/p>\n<p>El partido arranc\u00f3 parejo, con ambos equipos prendidos desde el salto inicial. El primer cuarto fue para el \u201cTricolor\u201d, que se fue arriba por la m\u00ednima (21-22). En el segundo, el \u201cViola\u201d ajust\u00f3 y logr\u00f3 irse al descanso ganando por 36 a 35 en un duelo punto a punto.<\/p>\n<p>En el tercer cuarto se mantuvo la intensidad, pero los de Javier Musumeci comenzaron a mostrar algunos descuidos en defensa. Sportivo aprovech\u00f3 cada contraataque y sac\u00f3 ventaja para cerrar el per\u00edodo en 51 a 59.<\/p>\n<p>En el \u00faltimo cuarto apareci\u00f3 la figura de Ger\u00f3nimo Stach, que se puso el equipo al hombro en ataque y se hizo sentir en defensa. Con su empuje, Sportivo aplast\u00f3 a un Independiente visiblemente cansado y liquid\u00f3 el partido.<\/p>\n<div class=\"jeg_video_container jeg_video_content\"><iframe loading=\"lazy\" title=\"#Segunda - Fecha #11: Independiente 70 - 85 Sportivo Bahiense\" width=\"500\" height=\"281\" src=\"https:\/\/www.youtube.com\/embed\/gHc6dQ9EEN0?feature=oembed\" frameborder=\"0\" allow=\"accelerometer; autoplay; clipboard-write; encrypted-media; gyroscope; picture-in-picture; web-share\" referrerpolicy=\"strict-origin-when-cross-origin\" allowfullscreen><\/iframe><\/div>\n<p><img decoding=\"async\" class=\"alignnone size-medium wp-image-116339\" src=\"http:\/\/gentedebasquet.com.ar\/sitio\/wp-content\/uploads\/2025\/06\/CLAVE-sportivo-300x300.png\" alt=\"\" width=\"300\" height=\"300\" srcset=\"https:\/\/gentedebasquet.com.ar\/sitio\/wp-content\/uploads\/2025\/06\/CLAVE-sportivo-300x300.png 300w, https:\/\/gentedebasquet.com.ar\/sitio\/wp-content\/uploads\/2025\/06\/CLAVE-sportivo-1024x1024.png 1024w, https:\/\/gentedebasquet.com.ar\/sitio\/wp-content\/uploads\/2025\/06\/CLAVE-sportivo-150x150.png 150w, https:\/\/gentedebasquet.com.ar\/sitio\/wp-content\/uploads\/2025\/06\/CLAVE-sportivo-768x768.png 768w, https:\/\/gentedebasquet.com.ar\/sitio\/wp-content\/uploads\/2025\/06\/CLAVE-sportivo-1536x1536.png 1536w, https:\/\/gentedebasquet.com.ar\/sitio\/wp-content\/uploads\/2025\/06\/CLAVE-sportivo-75x75.png 75w, https:\/\/gentedebasquet.com.ar\/sitio\/wp-content\/uploads\/2025\/06\/CLAVE-sportivo-350x350.png 350w, https:\/\/gentedebasquet.com.ar\/sitio\/wp-content\/uploads\/2025\/06\/CLAVE-sportivo-750x750.png 750w, https:\/\/gentedebasquet.com.ar\/sitio\/wp-content\/uploads\/2025\/06\/CLAVE-sportivo-1140x1140.png 1140w, https:\/\/gentedebasquet.com.ar\/sitio\/wp-content\/uploads\/2025\/06\/CLAVE-sportivo.png 2000w\" sizes=\"(max-width: 300px) 100vw, 300px\" \/><\/p>\n<p><img decoding=\"async\" class=\"alignnone size-medium wp-image-116341\" src=\"http:\/\/gentedebasquet.com.ar\/sitio\/wp-content\/uploads\/2025\/06\/figura-ulises-montes-spo-300x225.jpg\" alt=\"\" width=\"300\" height=\"225\" srcset=\"https:\/\/gentedebasquet.com.ar\/sitio\/wp-content\/uploads\/2025\/06\/figura-ulises-montes-spo-300x225.jpg 300w, https:\/\/gentedebasquet.com.ar\/sitio\/wp-content\/uploads\/2025\/06\/figura-ulises-montes-spo.jpg 640w\" sizes=\"(max-width: 300px) 100vw, 300px\" \/><\/p>\n<blockquote><p>\u00abPudimos correr bastante la cancha, es clave para nosotros, no lo veniamos haciendo mucho y hoy se nos abrio esa posibilidad y defensivamente creo que fue la clave.\u00bb, <strong>Ulises Montes, Sportivo.<\/strong><\/p><\/blockquote>\n<p><img decoding=\"async\" class=\"alignnone size-medium wp-image-116340\" src=\"http:\/\/gentedebasquet.com.ar\/sitio\/wp-content\/uploads\/2025\/06\/MVP-montes-300x300.png\" alt=\"\" width=\"300\" height=\"300\" srcset=\"https:\/\/gentedebasquet.com.ar\/sitio\/wp-content\/uploads\/2025\/06\/MVP-montes-300x300.png 300w, https:\/\/gentedebasquet.com.ar\/sitio\/wp-content\/uploads\/2025\/06\/MVP-montes-1024x1024.png 1024w, https:\/\/gentedebasquet.com.ar\/sitio\/wp-content\/uploads\/2025\/06\/MVP-montes-150x150.png 150w, https:\/\/gentedebasquet.com.ar\/sitio\/wp-content\/uploads\/2025\/06\/MVP-montes-768x768.png 768w, https:\/\/gentedebasquet.com.ar\/sitio\/wp-content\/uploads\/2025\/06\/MVP-montes-1536x1536.png 1536w, https:\/\/gentedebasquet.com.ar\/sitio\/wp-content\/uploads\/2025\/06\/MVP-montes-75x75.png 75w, https:\/\/gentedebasquet.com.ar\/sitio\/wp-content\/uploads\/2025\/06\/MVP-montes-350x350.png 350w, https:\/\/gentedebasquet.com.ar\/sitio\/wp-content\/uploads\/2025\/06\/MVP-montes-750x750.png 750w, https:\/\/gentedebasquet.com.ar\/sitio\/wp-content\/uploads\/2025\/06\/MVP-montes-1140x1140.png 1140w, https:\/\/gentedebasquet.com.ar\/sitio\/wp-content\/uploads\/2025\/06\/MVP-montes.png 2000w\" sizes=\"(max-width: 300px) 100vw, 300px\" \/><\/p>\n<p><strong>S\u00edntesis &#8211; Segunda Divisi\u00f3n &#8211; Fecha 11<\/strong><\/p>\n<p><strong>Independiente (70):<\/strong> De Pastena, J. I. (27), Zonza, M. A. (14), Mor\u00e1n, J. P. (11), Catala, R. H. (7), Varela, M. A. (6), Schmir, M. A. (4), Figueroa, L. L. (1), Astradas, A. (0), Pav\u00f3n, D. R. (0), Gemetro, V. I. (0), Slonimsqui, F. (0), Jim\u00e9nez, B. (0). <strong>DT: Javier Musumeci.<\/strong><\/p>\n<p><strong>Sportivo Bahiense (85):<\/strong> Stach, G. (19), Montes, U. A. (19), Mart\u00ednez Sale, G. E. (18), Ayala Torales, M. R. (13), Blanco, R. E. (13), Miguel, E. (2), Tuero, J. (1), Abad, J. (0), Galassi Katzen, F. (0), Banek Chialva, N. A. (0), Guaglianone, B. G. (0), Rosso, M. (0). <strong>DT: Miguel Loffredo.<\/strong><\/p>\n<p><strong>\u00c1rbitros:<\/strong> Emanuel S\u00e1nchez, Juan\u2069 Agust\u00edn Mat\u00edas y Sam Inglera.<\/p>\n<p><strong>Estadio:<\/strong> Raul y Nestor Barral (Independiente)<\/p>\n<p><strong>Cobertura:<\/strong> Gaspar Colipan<\/p>\n","protected":false},"excerpt":{"rendered":"<p>Este martes por la noche, en el marco de la fecha 11 del Torneo de Segunda Divisi\u00f3n, Sportivo Bahiense visit\u00f3 a Independiente y se llev\u00f3 un triunfazo por 15 puntos de diferencia. El partido arranc\u00f3 parejo, con ambos equipos prendidos desde el salto inicial. El primer cuarto fue para el \u201cTricolor\u201d, que se fue arriba [&hellip;]<\/p>\n","protected":false},"author":71,"featured_media":116338,"comment_status":"open","ping_status":"open","sticky":false,"template":"","format":"standard","meta":{"jnews-multi-image_gallery":[],"jnews_single_post":{"source_name":"","source_url":"","via_name":"","via_url":"","override_template":"0","override":[{"template":"1","single_blog_custom":"","parallax":"1","fullscreen":"1","layout":"right-sidebar","sidebar":"default-sidebar","second_sidebar":"default-sidebar","sticky_sidebar":"1","share_position":"top","share_float_style":"share-monocrhome","show_share_counter":"0","show_view_counter":"0","show_featured":"1","show_post_meta":"1","show_post_author":"1","show_post_author_image":"0","show_post_date":"1","post_date_format":"default","post_date_format_custom":"Y\/m\/d","show_post_category":"1","show_post_reading_time":"0","post_reading_time_wpm":"300","show_zoom_button":"0","zoom_button_out_step":"2","zoom_button_in_step":"3","show_post_tag":"1","show_prev_next_post":"1","show_popup_post":"0","number_popup_post":"1","show_author_box":"0","show_post_related":"0","show_inline_post_related":"0"}],"override_image_size":"0","image_override":[{"single_post_thumbnail_size":"crop-500","single_post_gallery_size":"crop-500"}],"trending_post":"0","trending_post_position":"meta","trending_post_label":"Trending","sponsored_post":"0","sponsored_post_label":"Sponsored by","sponsored_post_name":"","sponsored_post_url":"","sponsored_post_logo_enable":"0","sponsored_post_logo":"","sponsored_post_desc":"","disable_ad":"0"},"jnews_primary_category":{"id":"","hide":""},"footnotes":""},"categories":[25,101],"tags":[12,1855,503,583,20,1937],"class_list":["post-116337","post","type-post","status-publish","format-standard","has-post-thumbnail","hentry","category-segunda","category-slide","tag-independiente","tag-segunda","tag-segunda-division","tag-sportivo","tag-sportivo-bahiense","tag-ulises-montes"],"yoast_head":"<!-- This site is optimized with the Yoast SEO plugin v27.5 - https:\/\/yoast.com\/product\/yoast-seo-wordpress\/ -->\n<title>Sportivo apret\u00f3 el acelerador en el \u00faltimo cuarto y se llev\u00f3 el partido ante Independiente - Gente de B\u00e1squet<\/title>\n<meta name=\"robots\" content=\"index, follow, max-snippet:-1, max-image-preview:large, max-video-preview:-1\" \/>\n<link rel=\"canonical\" href=\"https:\/\/gentedebasquet.com.ar\/sitio\/2025\/06\/11\/sportivo-apreto-el-acelerador-en-el-ultimo-cuarto-y-se-quedo-el-partido-ante-independiente\/\" \/>\n<meta property=\"og:locale\" content=\"es_ES\" \/>\n<meta property=\"og:type\" content=\"article\" \/>\n<meta property=\"og:title\" content=\"Sportivo apret\u00f3 el acelerador en el \u00faltimo cuarto y se llev\u00f3 el partido ante Independiente - Gente de B\u00e1squet\" \/>\n<meta property=\"og:description\" content=\"Este martes por la noche, en el marco de la fecha 11 del Torneo de Segunda Divisi\u00f3n, Sportivo Bahiense visit\u00f3 a Independiente y se llev\u00f3 un triunfazo por 15 puntos de diferencia. El partido arranc\u00f3 parejo, con ambos equipos prendidos desde el salto inicial. El primer cuarto fue para el \u201cTricolor\u201d, que se fue arriba [&hellip;]\" \/>\n<meta property=\"og:url\" content=\"https:\/\/gentedebasquet.com.ar\/sitio\/2025\/06\/11\/sportivo-apreto-el-acelerador-en-el-ultimo-cuarto-y-se-quedo-el-partido-ante-independiente\/\" \/>\n<meta property=\"og:site_name\" content=\"Gente de B\u00e1squet\" \/>\n<meta property=\"article:published_time\" content=\"2025-06-11T03:16:36+00:00\" \/>\n<meta property=\"article:modified_time\" content=\"2025-06-11T20:16:13+00:00\" \/>\n<meta property=\"og:image\" content=\"https:\/\/gentedebasquet.com.ar\/sitio\/wp-content\/uploads\/2025\/06\/WhatsApp-Image-2025-06-10-at-23.52.09.jpeg\" \/>\n\t<meta property=\"og:image:width\" content=\"1920\" \/>\n\t<meta property=\"og:image:height\" content=\"1080\" \/>\n\t<meta property=\"og:image:type\" content=\"image\/jpeg\" \/>\n<meta name=\"author\" content=\"Santiago Seisdedos\" \/>\n<meta name=\"twitter:card\" content=\"summary_large_image\" \/>\n<meta name=\"twitter:label1\" content=\"Escrito por\" \/>\n\t<meta name=\"twitter:data1\" content=\"Santiago Seisdedos\" \/>\n\t<meta name=\"twitter:label2\" content=\"Tiempo de lectura\" \/>\n\t<meta name=\"twitter:data2\" content=\"3 minutos\" \/>\n<script type=\"application\/ld+json\" class=\"yoast-schema-graph\">{\"@context\":\"https:\\\/\\\/schema.org\",\"@graph\":[{\"@type\":\"Article\",\"@id\":\"https:\\\/\\\/gentedebasquet.com.ar\\\/sitio\\\/2025\\\/06\\\/11\\\/sportivo-apreto-el-acelerador-en-el-ultimo-cuarto-y-se-quedo-el-partido-ante-independiente\\\/#article\",\"isPartOf\":{\"@id\":\"https:\\\/\\\/gentedebasquet.com.ar\\\/sitio\\\/2025\\\/06\\\/11\\\/sportivo-apreto-el-acelerador-en-el-ultimo-cuarto-y-se-quedo-el-partido-ante-independiente\\\/\"},\"author\":{\"name\":\"Santiago Seisdedos\",\"@id\":\"https:\\\/\\\/gentedebasquet.com.ar\\\/sitio\\\/#\\\/schema\\\/person\\\/3b50d7c801b9529aba70bd4613bca6da\"},\"headline\":\"Sportivo apret\u00f3 el acelerador en el \u00faltimo cuarto y se llev\u00f3 el partido ante Independiente\",\"datePublished\":\"2025-06-11T03:16:36+00:00\",\"dateModified\":\"2025-06-11T20:16:13+00:00\",\"mainEntityOfPage\":{\"@id\":\"https:\\\/\\\/gentedebasquet.com.ar\\\/sitio\\\/2025\\\/06\\\/11\\\/sportivo-apreto-el-acelerador-en-el-ultimo-cuarto-y-se-quedo-el-partido-ante-independiente\\\/\"},\"wordCount\":315,\"commentCount\":0,\"image\":{\"@id\":\"https:\\\/\\\/gentedebasquet.com.ar\\\/sitio\\\/2025\\\/06\\\/11\\\/sportivo-apreto-el-acelerador-en-el-ultimo-cuarto-y-se-quedo-el-partido-ante-independiente\\\/#primaryimage\"},\"thumbnailUrl\":\"https:\\\/\\\/gentedebasquet.com.ar\\\/sitio\\\/wp-content\\\/uploads\\\/2025\\\/06\\\/WhatsApp-Image-2025-06-10-at-23.52.09.jpeg\",\"keywords\":[\"independiente\",\"Segunda\",\"Segunda Divisi\u00f3n\",\"Sportivo\",\"Sportivo Bahiense\",\"Ulises Montes\"],\"articleSection\":[\"Segunda\",\"Slide\"],\"inLanguage\":\"es\",\"potentialAction\":[{\"@type\":\"CommentAction\",\"name\":\"Comment\",\"target\":[\"https:\\\/\\\/gentedebasquet.com.ar\\\/sitio\\\/2025\\\/06\\\/11\\\/sportivo-apreto-el-acelerador-en-el-ultimo-cuarto-y-se-quedo-el-partido-ante-independiente\\\/#respond\"]}]},{\"@type\":\"WebPage\",\"@id\":\"https:\\\/\\\/gentedebasquet.com.ar\\\/sitio\\\/2025\\\/06\\\/11\\\/sportivo-apreto-el-acelerador-en-el-ultimo-cuarto-y-se-quedo-el-partido-ante-independiente\\\/\",\"url\":\"https:\\\/\\\/gentedebasquet.com.ar\\\/sitio\\\/2025\\\/06\\\/11\\\/sportivo-apreto-el-acelerador-en-el-ultimo-cuarto-y-se-quedo-el-partido-ante-independiente\\\/\",\"name\":\"Sportivo apret\u00f3 el acelerador en el \u00faltimo cuarto y se llev\u00f3 el partido ante Independiente - Gente de B\u00e1squet\",\"isPartOf\":{\"@id\":\"https:\\\/\\\/gentedebasquet.com.ar\\\/sitio\\\/#website\"},\"primaryImageOfPage\":{\"@id\":\"https:\\\/\\\/gentedebasquet.com.ar\\\/sitio\\\/2025\\\/06\\\/11\\\/sportivo-apreto-el-acelerador-en-el-ultimo-cuarto-y-se-quedo-el-partido-ante-independiente\\\/#primaryimage\"},\"image\":{\"@id\":\"https:\\\/\\\/gentedebasquet.com.ar\\\/sitio\\\/2025\\\/06\\\/11\\\/sportivo-apreto-el-acelerador-en-el-ultimo-cuarto-y-se-quedo-el-partido-ante-independiente\\\/#primaryimage\"},\"thumbnailUrl\":\"https:\\\/\\\/gentedebasquet.com.ar\\\/sitio\\\/wp-content\\\/uploads\\\/2025\\\/06\\\/WhatsApp-Image-2025-06-10-at-23.52.09.jpeg\",\"datePublished\":\"2025-06-11T03:16:36+00:00\",\"dateModified\":\"2025-06-11T20:16:13+00:00\",\"author\":{\"@id\":\"https:\\\/\\\/gentedebasquet.com.ar\\\/sitio\\\/#\\\/schema\\\/person\\\/3b50d7c801b9529aba70bd4613bca6da\"},\"breadcrumb\":{\"@id\":\"https:\\\/\\\/gentedebasquet.com.ar\\\/sitio\\\/2025\\\/06\\\/11\\\/sportivo-apreto-el-acelerador-en-el-ultimo-cuarto-y-se-quedo-el-partido-ante-independiente\\\/#breadcrumb\"},\"inLanguage\":\"es\",\"potentialAction\":[{\"@type\":\"ReadAction\",\"target\":[\"https:\\\/\\\/gentedebasquet.com.ar\\\/sitio\\\/2025\\\/06\\\/11\\\/sportivo-apreto-el-acelerador-en-el-ultimo-cuarto-y-se-quedo-el-partido-ante-independiente\\\/\"]}]},{\"@type\":\"ImageObject\",\"inLanguage\":\"es\",\"@id\":\"https:\\\/\\\/gentedebasquet.com.ar\\\/sitio\\\/2025\\\/06\\\/11\\\/sportivo-apreto-el-acelerador-en-el-ultimo-cuarto-y-se-quedo-el-partido-ante-independiente\\\/#primaryimage\",\"url\":\"https:\\\/\\\/gentedebasquet.com.ar\\\/sitio\\\/wp-content\\\/uploads\\\/2025\\\/06\\\/WhatsApp-Image-2025-06-10-at-23.52.09.jpeg\",\"contentUrl\":\"https:\\\/\\\/gentedebasquet.com.ar\\\/sitio\\\/wp-content\\\/uploads\\\/2025\\\/06\\\/WhatsApp-Image-2025-06-10-at-23.52.09.jpeg\",\"width\":1920,\"height\":1080},{\"@type\":\"BreadcrumbList\",\"@id\":\"https:\\\/\\\/gentedebasquet.com.ar\\\/sitio\\\/2025\\\/06\\\/11\\\/sportivo-apreto-el-acelerador-en-el-ultimo-cuarto-y-se-quedo-el-partido-ante-independiente\\\/#breadcrumb\",\"itemListElement\":[{\"@type\":\"ListItem\",\"position\":1,\"name\":\"Portada\",\"item\":\"https:\\\/\\\/gentedebasquet.com.ar\\\/sitio\\\/\"},{\"@type\":\"ListItem\",\"position\":2,\"name\":\"Sportivo apret\u00f3 el acelerador en el \u00faltimo cuarto y se llev\u00f3 el partido ante Independiente\"}]},{\"@type\":\"WebSite\",\"@id\":\"https:\\\/\\\/gentedebasquet.com.ar\\\/sitio\\\/#website\",\"url\":\"https:\\\/\\\/gentedebasquet.com.ar\\\/sitio\\\/\",\"name\":\"Gente de B\u00e1squet\",\"description\":\"La revista del basquet de Bah\u00eda Blanca\",\"potentialAction\":[{\"@type\":\"SearchAction\",\"target\":{\"@type\":\"EntryPoint\",\"urlTemplate\":\"https:\\\/\\\/gentedebasquet.com.ar\\\/sitio\\\/?s={search_term_string}\"},\"query-input\":{\"@type\":\"PropertyValueSpecification\",\"valueRequired\":true,\"valueName\":\"search_term_string\"}}],\"inLanguage\":\"es\"},{\"@type\":\"Person\",\"@id\":\"https:\\\/\\\/gentedebasquet.com.ar\\\/sitio\\\/#\\\/schema\\\/person\\\/3b50d7c801b9529aba70bd4613bca6da\",\"name\":\"Santiago Seisdedos\",\"image\":{\"@type\":\"ImageObject\",\"inLanguage\":\"es\",\"@id\":\"https:\\\/\\\/secure.gravatar.com\\\/avatar\\\/be737e74404eb3825c4679da7a152b3c6980b470f7253114cd451344e20a8d80?s=96&d=mm&r=g\",\"url\":\"https:\\\/\\\/secure.gravatar.com\\\/avatar\\\/be737e74404eb3825c4679da7a152b3c6980b470f7253114cd451344e20a8d80?s=96&d=mm&r=g\",\"contentUrl\":\"https:\\\/\\\/secure.gravatar.com\\\/avatar\\\/be737e74404eb3825c4679da7a152b3c6980b470f7253114cd451344e20a8d80?s=96&d=mm&r=g\",\"caption\":\"Santiago Seisdedos\"},\"url\":\"https:\\\/\\\/gentedebasquet.com.ar\\\/sitio\\\/author\\\/santiago-sesidedos\\\/\"}]}<\/script>\n<!-- \/ Yoast SEO plugin. -->","yoast_head_json":{"title":"Sportivo apret\u00f3 el acelerador en el \u00faltimo cuarto y se llev\u00f3 el partido ante Independiente - Gente de B\u00e1squet","robots":{"index":"index","follow":"follow","max-snippet":"max-snippet:-1","max-image-preview":"max-image-preview:large","max-video-preview":"max-video-preview:-1"},"canonical":"https:\/\/gentedebasquet.com.ar\/sitio\/2025\/06\/11\/sportivo-apreto-el-acelerador-en-el-ultimo-cuarto-y-se-quedo-el-partido-ante-independiente\/","og_locale":"es_ES","og_type":"article","og_title":"Sportivo apret\u00f3 el acelerador en el \u00faltimo cuarto y se llev\u00f3 el partido ante Independiente - Gente de B\u00e1squet","og_description":"Este martes por la noche, en el marco de la fecha 11 del Torneo de Segunda Divisi\u00f3n, Sportivo Bahiense visit\u00f3 a Independiente y se llev\u00f3 un triunfazo por 15 puntos de diferencia. El partido arranc\u00f3 parejo, con ambos equipos prendidos desde el salto inicial. El primer cuarto fue para el \u201cTricolor\u201d, que se fue arriba [&hellip;]","og_url":"https:\/\/gentedebasquet.com.ar\/sitio\/2025\/06\/11\/sportivo-apreto-el-acelerador-en-el-ultimo-cuarto-y-se-quedo-el-partido-ante-independiente\/","og_site_name":"Gente de B\u00e1squet","article_published_time":"2025-06-11T03:16:36+00:00","article_modified_time":"2025-06-11T20:16:13+00:00","og_image":[{"width":1920,"height":1080,"url":"https:\/\/gentedebasquet.com.ar\/sitio\/wp-content\/uploads\/2025\/06\/WhatsApp-Image-2025-06-10-at-23.52.09.jpeg","type":"image\/jpeg"}],"author":"Santiago Seisdedos","twitter_card":"summary_large_image","twitter_misc":{"Escrito por":"Santiago Seisdedos","Tiempo de lectura":"3 minutos"},"schema":{"@context":"https:\/\/schema.org","@graph":[{"@type":"Article","@id":"https:\/\/gentedebasquet.com.ar\/sitio\/2025\/06\/11\/sportivo-apreto-el-acelerador-en-el-ultimo-cuarto-y-se-quedo-el-partido-ante-independiente\/#article","isPartOf":{"@id":"https:\/\/gentedebasquet.com.ar\/sitio\/2025\/06\/11\/sportivo-apreto-el-acelerador-en-el-ultimo-cuarto-y-se-quedo-el-partido-ante-independiente\/"},"author":{"name":"Santiago Seisdedos","@id":"https:\/\/gentedebasquet.com.ar\/sitio\/#\/schema\/person\/3b50d7c801b9529aba70bd4613bca6da"},"headline":"Sportivo apret\u00f3 el acelerador en el \u00faltimo cuarto y se llev\u00f3 el partido ante Independiente","datePublished":"2025-06-11T03:16:36+00:00","dateModified":"2025-06-11T20:16:13+00:00","mainEntityOfPage":{"@id":"https:\/\/gentedebasquet.com.ar\/sitio\/2025\/06\/11\/sportivo-apreto-el-acelerador-en-el-ultimo-cuarto-y-se-quedo-el-partido-ante-independiente\/"},"wordCount":315,"commentCount":0,"image":{"@id":"https:\/\/gentedebasquet.com.ar\/sitio\/2025\/06\/11\/sportivo-apreto-el-acelerador-en-el-ultimo-cuarto-y-se-quedo-el-partido-ante-independiente\/#primaryimage"},"thumbnailUrl":"https:\/\/gentedebasquet.com.ar\/sitio\/wp-content\/uploads\/2025\/06\/WhatsApp-Image-2025-06-10-at-23.52.09.jpeg","keywords":["independiente","Segunda","Segunda Divisi\u00f3n","Sportivo","Sportivo Bahiense","Ulises Montes"],"articleSection":["Segunda","Slide"],"inLanguage":"es","potentialAction":[{"@type":"CommentAction","name":"Comment","target":["https:\/\/gentedebasquet.com.ar\/sitio\/2025\/06\/11\/sportivo-apreto-el-acelerador-en-el-ultimo-cuarto-y-se-quedo-el-partido-ante-independiente\/#respond"]}]},{"@type":"WebPage","@id":"https:\/\/gentedebasquet.com.ar\/sitio\/2025\/06\/11\/sportivo-apreto-el-acelerador-en-el-ultimo-cuarto-y-se-quedo-el-partido-ante-independiente\/","url":"https:\/\/gentedebasquet.com.ar\/sitio\/2025\/06\/11\/sportivo-apreto-el-acelerador-en-el-ultimo-cuarto-y-se-quedo-el-partido-ante-independiente\/","name":"Sportivo apret\u00f3 el acelerador en el \u00faltimo cuarto y se llev\u00f3 el partido ante Independiente - Gente de B\u00e1squet","isPartOf":{"@id":"https:\/\/gentedebasquet.com.ar\/sitio\/#website"},"primaryImageOfPage":{"@id":"https:\/\/gentedebasquet.com.ar\/sitio\/2025\/06\/11\/sportivo-apreto-el-acelerador-en-el-ultimo-cuarto-y-se-quedo-el-partido-ante-independiente\/#primaryimage"},"image":{"@id":"https:\/\/gentedebasquet.com.ar\/sitio\/2025\/06\/11\/sportivo-apreto-el-acelerador-en-el-ultimo-cuarto-y-se-quedo-el-partido-ante-independiente\/#primaryimage"},"thumbnailUrl":"https:\/\/gentedebasquet.com.ar\/sitio\/wp-content\/uploads\/2025\/06\/WhatsApp-Image-2025-06-10-at-23.52.09.jpeg","datePublished":"2025-06-11T03:16:36+00:00","dateModified":"2025-06-11T20:16:13+00:00","author":{"@id":"https:\/\/gentedebasquet.com.ar\/sitio\/#\/schema\/person\/3b50d7c801b9529aba70bd4613bca6da"},"breadcrumb":{"@id":"https:\/\/gentedebasquet.com.ar\/sitio\/2025\/06\/11\/sportivo-apreto-el-acelerador-en-el-ultimo-cuarto-y-se-quedo-el-partido-ante-independiente\/#breadcrumb"},"inLanguage":"es","potentialAction":[{"@type":"ReadAction","target":["https:\/\/gentedebasquet.com.ar\/sitio\/2025\/06\/11\/sportivo-apreto-el-acelerador-en-el-ultimo-cuarto-y-se-quedo-el-partido-ante-independiente\/"]}]},{"@type":"ImageObject","inLanguage":"es","@id":"https:\/\/gentedebasquet.com.ar\/sitio\/2025\/06\/11\/sportivo-apreto-el-acelerador-en-el-ultimo-cuarto-y-se-quedo-el-partido-ante-independiente\/#primaryimage","url":"https:\/\/gentedebasquet.com.ar\/sitio\/wp-content\/uploads\/2025\/06\/WhatsApp-Image-2025-06-10-at-23.52.09.jpeg","contentUrl":"https:\/\/gentedebasquet.com.ar\/sitio\/wp-content\/uploads\/2025\/06\/WhatsApp-Image-2025-06-10-at-23.52.09.jpeg","width":1920,"height":1080},{"@type":"BreadcrumbList","@id":"https:\/\/gentedebasquet.com.ar\/sitio\/2025\/06\/11\/sportivo-apreto-el-acelerador-en-el-ultimo-cuarto-y-se-quedo-el-partido-ante-independiente\/#breadcrumb","itemListElement":[{"@type":"ListItem","position":1,"name":"Portada","item":"https:\/\/gentedebasquet.com.ar\/sitio\/"},{"@type":"ListItem","position":2,"name":"Sportivo apret\u00f3 el acelerador en el \u00faltimo cuarto y se llev\u00f3 el partido ante Independiente"}]},{"@type":"WebSite","@id":"https:\/\/gentedebasquet.com.ar\/sitio\/#website","url":"https:\/\/gentedebasquet.com.ar\/sitio\/","name":"Gente de B\u00e1squet","description":"La revista del basquet de Bah\u00eda Blanca","potentialAction":[{"@type":"SearchAction","target":{"@type":"EntryPoint","urlTemplate":"https:\/\/gentedebasquet.com.ar\/sitio\/?s={search_term_string}"},"query-input":{"@type":"PropertyValueSpecification","valueRequired":true,"valueName":"search_term_string"}}],"inLanguage":"es"},{"@type":"Person","@id":"https:\/\/gentedebasquet.com.ar\/sitio\/#\/schema\/person\/3b50d7c801b9529aba70bd4613bca6da","name":"Santiago Seisdedos","image":{"@type":"ImageObject","inLanguage":"es","@id":"https:\/\/secure.gravatar.com\/avatar\/be737e74404eb3825c4679da7a152b3c6980b470f7253114cd451344e20a8d80?s=96&d=mm&r=g","url":"https:\/\/secure.gravatar.com\/avatar\/be737e74404eb3825c4679da7a152b3c6980b470f7253114cd451344e20a8d80?s=96&d=mm&r=g","contentUrl":"https:\/\/secure.gravatar.com\/avatar\/be737e74404eb3825c4679da7a152b3c6980b470f7253114cd451344e20a8d80?s=96&d=mm&r=g","caption":"Santiago Seisdedos"},"url":"https:\/\/gentedebasquet.com.ar\/sitio\/author\/santiago-sesidedos\/"}]}},"_links":{"self":[{"href":"https:\/\/gentedebasquet.com.ar\/sitio\/wp-json\/wp\/v2\/posts\/116337","targetHints":{"allow":["GET"]}}],"collection":[{"href":"https:\/\/gentedebasquet.com.ar\/sitio\/wp-json\/wp\/v2\/posts"}],"about":[{"href":"https:\/\/gentedebasquet.com.ar\/sitio\/wp-json\/wp\/v2\/types\/post"}],"author":[{"embeddable":true,"href":"https:\/\/gentedebasquet.com.ar\/sitio\/wp-json\/wp\/v2\/users\/71"}],"replies":[{"embeddable":true,"href":"https:\/\/gentedebasquet.com.ar\/sitio\/wp-json\/wp\/v2\/comments?post=116337"}],"version-history":[{"count":4,"href":"https:\/\/gentedebasquet.com.ar\/sitio\/wp-json\/wp\/v2\/posts\/116337\/revisions"}],"predecessor-version":[{"id":116371,"href":"https:\/\/gentedebasquet.com.ar\/sitio\/wp-json\/wp\/v2\/posts\/116337\/revisions\/116371"}],"wp:featuredmedia":[{"embeddable":true,"href":"https:\/\/gentedebasquet.com.ar\/sitio\/wp-json\/wp\/v2\/media\/116338"}],"wp:attachment":[{"href":"https:\/\/gentedebasquet.com.ar\/sitio\/wp-json\/wp\/v2\/media?parent=116337"}],"wp:term":[{"taxonomy":"category","embeddable":true,"href":"https:\/\/gentedebasquet.com.ar\/sitio\/wp-json\/wp\/v2\/categories?post=116337"},{"taxonomy":"post_tag","embeddable":true,"href":"https:\/\/gentedebasquet.com.ar\/sitio\/wp-json\/wp\/v2\/tags?post=116337"}],"curies":[{"name":"wp","href":"https:\/\/api.w.org\/{rel}","templated":true}]}}