{"id":116356,"date":"2025-06-11T01:11:40","date_gmt":"2025-06-10T23:11:40","guid":{"rendered":"https:\/\/gentedebasquet.com.ar\/sitio\/?p=116356"},"modified":"2025-06-14T05:42:02","modified_gmt":"2025-06-14T03:42:02","slug":"la-octava-maravilla-celeste","status":"publish","type":"post","link":"https:\/\/gentedebasquet.com.ar\/sitio\/2025\/06\/11\/la-octava-maravilla-celeste\/","title":{"rendered":"La octava maravilla celeste"},"content":{"rendered":"<p><strong>Ateneo super\u00f3 60 a 57 a Espora y sigue en el lote de vanguardistas (con ocho victorias y tres derrotas).<\/strong><\/p>\n<p><strong>El visitante, que totaliz\u00f3 15\/19 en TL (79% de efectividad), tuvo como figura a Juli\u00e1n Ripoll autor de 17 puntos (10 en el 4C) m\u00e1s 8 rebotes y 2 asistencias. Adem\u00e1s, Mat\u00edas Leiva aport\u00f3 12 y Daniel Ezcurra 11 m\u00e1s 10 tableros.<\/strong><\/p>\n<p><strong>A los dirigidos por Mauro Sacomani, que terminaron con 2\/25 en T3 (8%), no les alcanzaron los 25 tantos m\u00e1s 10 cristales de un intratable Alan Lera, los 13 de Bruno Sacomani y los 12 de Nicol\u00e1s Themtham.<\/strong><\/p>\n<p><strong>El tr\u00e1mite del pleito fue por dem\u00e1s equilibrado, con pasajes de muy baja efectividad y equivocaciones. La aparici\u00f3n de Ripoll en el ep\u00edlogo result\u00f3 determinante para el celeste, aunque el local pudo haber forzado el tiemplo suplementario, pero los tiros a distancia de Lera y Themtham no ingresaron.<\/strong><\/p>\n<div class=\"jeg_video_container jeg_video_content\"><iframe loading=\"lazy\" title=\"#Segunda - Fecha #11: Espora 57 - 60 Ateneo\" width=\"500\" height=\"281\" src=\"https:\/\/www.youtube.com\/embed\/5hcTkQCZcXk?feature=oembed\" frameborder=\"0\" allow=\"accelerometer; autoplay; clipboard-write; encrypted-media; gyroscope; picture-in-picture; web-share\" referrerpolicy=\"strict-origin-when-cross-origin\" allowfullscreen><\/iframe><\/div>\n<p><img decoding=\"async\" class=\"alignnone size-medium wp-image-116360\" src=\"http:\/\/gentedebasquet.com.ar\/sitio\/wp-content\/uploads\/2025\/06\/00a17c75-ce9d-4b71-9314-a68469071ea5-300x300.jpg\" alt=\"\" width=\"300\" height=\"300\" srcset=\"https:\/\/gentedebasquet.com.ar\/sitio\/wp-content\/uploads\/2025\/06\/00a17c75-ce9d-4b71-9314-a68469071ea5-300x300.jpg 300w, https:\/\/gentedebasquet.com.ar\/sitio\/wp-content\/uploads\/2025\/06\/00a17c75-ce9d-4b71-9314-a68469071ea5-1024x1024.jpg 1024w, https:\/\/gentedebasquet.com.ar\/sitio\/wp-content\/uploads\/2025\/06\/00a17c75-ce9d-4b71-9314-a68469071ea5-150x150.jpg 150w, https:\/\/gentedebasquet.com.ar\/sitio\/wp-content\/uploads\/2025\/06\/00a17c75-ce9d-4b71-9314-a68469071ea5-768x768.jpg 768w, https:\/\/gentedebasquet.com.ar\/sitio\/wp-content\/uploads\/2025\/06\/00a17c75-ce9d-4b71-9314-a68469071ea5-1536x1536.jpg 1536w, https:\/\/gentedebasquet.com.ar\/sitio\/wp-content\/uploads\/2025\/06\/00a17c75-ce9d-4b71-9314-a68469071ea5-75x75.jpg 75w, https:\/\/gentedebasquet.com.ar\/sitio\/wp-content\/uploads\/2025\/06\/00a17c75-ce9d-4b71-9314-a68469071ea5-350x350.jpg 350w, https:\/\/gentedebasquet.com.ar\/sitio\/wp-content\/uploads\/2025\/06\/00a17c75-ce9d-4b71-9314-a68469071ea5-750x750.jpg 750w, https:\/\/gentedebasquet.com.ar\/sitio\/wp-content\/uploads\/2025\/06\/00a17c75-ce9d-4b71-9314-a68469071ea5-1140x1140.jpg 1140w, https:\/\/gentedebasquet.com.ar\/sitio\/wp-content\/uploads\/2025\/06\/00a17c75-ce9d-4b71-9314-a68469071ea5.jpg 1600w\" sizes=\"(max-width: 300px) 100vw, 300px\" \/><\/p>\n<blockquote><p>\u201cGanamos un partidazo y la figura es el equipo, que est\u00e1 tremendo. Tuvimos una actitud b\u00e1rbara, estamos muy unidos, tenemos mucha confianza, pero bueno el resultado es producto del trabajo que estamos haciendo. Sabemos que partido tenemos que hacer con cada equipo, hay rivales que se nos complica m\u00e1s, pero tratamos de ganar todo lo que podamos. Me est\u00e1n ajustando bastante en defensa, se siente, pero el equipo sabe que todos pueden aportar en ataque. Yo creo que es fundamental la defensa, nos levanta, nos sostiene y en ataque que la tire quien sea, eso no importa. Estamos concentrados en competir hasta el final\u201d, Juli\u00e1n Ripoll (Ateneo).<\/p><\/blockquote>\n<p><img decoding=\"async\" class=\"alignnone size-medium wp-image-116357\" src=\"http:\/\/gentedebasquet.com.ar\/sitio\/wp-content\/uploads\/2025\/06\/DSC_0523-248x300.jpg\" alt=\"\" width=\"248\" height=\"300\" srcset=\"https:\/\/gentedebasquet.com.ar\/sitio\/wp-content\/uploads\/2025\/06\/DSC_0523-248x300.jpg 248w, https:\/\/gentedebasquet.com.ar\/sitio\/wp-content\/uploads\/2025\/06\/DSC_0523.jpg 650w\" sizes=\"(max-width: 248px) 100vw, 248px\" \/><\/p>\n<p><img decoding=\"async\" class=\"alignnone size-medium wp-image-116359\" src=\"http:\/\/gentedebasquet.com.ar\/sitio\/wp-content\/uploads\/2025\/06\/613d36a0-2bd6-4b48-845a-0d1d23359666-300x300.jpg\" alt=\"\" width=\"300\" height=\"300\" srcset=\"https:\/\/gentedebasquet.com.ar\/sitio\/wp-content\/uploads\/2025\/06\/613d36a0-2bd6-4b48-845a-0d1d23359666-300x300.jpg 300w, https:\/\/gentedebasquet.com.ar\/sitio\/wp-content\/uploads\/2025\/06\/613d36a0-2bd6-4b48-845a-0d1d23359666-1024x1024.jpg 1024w, https:\/\/gentedebasquet.com.ar\/sitio\/wp-content\/uploads\/2025\/06\/613d36a0-2bd6-4b48-845a-0d1d23359666-150x150.jpg 150w, https:\/\/gentedebasquet.com.ar\/sitio\/wp-content\/uploads\/2025\/06\/613d36a0-2bd6-4b48-845a-0d1d23359666-768x768.jpg 768w, https:\/\/gentedebasquet.com.ar\/sitio\/wp-content\/uploads\/2025\/06\/613d36a0-2bd6-4b48-845a-0d1d23359666-1536x1536.jpg 1536w, https:\/\/gentedebasquet.com.ar\/sitio\/wp-content\/uploads\/2025\/06\/613d36a0-2bd6-4b48-845a-0d1d23359666-75x75.jpg 75w, https:\/\/gentedebasquet.com.ar\/sitio\/wp-content\/uploads\/2025\/06\/613d36a0-2bd6-4b48-845a-0d1d23359666-350x350.jpg 350w, https:\/\/gentedebasquet.com.ar\/sitio\/wp-content\/uploads\/2025\/06\/613d36a0-2bd6-4b48-845a-0d1d23359666-750x750.jpg 750w, https:\/\/gentedebasquet.com.ar\/sitio\/wp-content\/uploads\/2025\/06\/613d36a0-2bd6-4b48-845a-0d1d23359666-1140x1140.jpg 1140w, https:\/\/gentedebasquet.com.ar\/sitio\/wp-content\/uploads\/2025\/06\/613d36a0-2bd6-4b48-845a-0d1d23359666.jpg 1600w\" sizes=\"(max-width: 300px) 100vw, 300px\" \/><\/p>\n<p><strong>S\u00edntesis \u2013<\/strong>\u00a0<strong>Segunda \u2013 Fecha 11<\/strong><\/p>\n<p><strong>Espora 57:<\/strong>\u00a0Alan Lera 25, Nicol\u00e1s Themtham 12, Mateo Achor 1, Bruno Sacomani 13 y Enzo Zandonadi 0, <strong>FI<\/strong>;\u00a0Mart\u00edn P\u00e9rez 2,\u00a0Andr\u00e9s Miguez 2, Boris Kumorkiewicz 0 y Antuan Durand 2.\u00a0<strong>DT: Mauro Sacomani.<\/strong><\/p>\n<p><strong>Ateneo 60:\u00a0<\/strong>Mat\u00edas Leiva 12, Franco Percello 7, Juli\u00e1n Ripoll 17, Nicol\u00e1s Bejarano 2 y Daniel Ezcurra 11,\u00a0<strong>FI<\/strong>; Nahuel Ilacqua Donnari 8, Marcos Casco 2, Franco Bettio 1,\u00a0Braian Solchman 0 y Lucas G\u00f3mez Ponce 0.<strong>\u00a0DT: Alexis Amarfil.<\/strong><\/p>\n<p><strong>Cuartos:<\/strong>\u00a015-21; 30-33 (15-12); 42-43 (12-10); 57-60 (15-17).<\/p>\n<p><strong>\u00c1rbitros:<\/strong>\u00a0N\u00e9stor Schernenco, Juan Cruz Schernenco y Erik Larssen.<\/p>\n<p><strong>Estadio:<\/strong>\u00a0Jos\u00e9 Gali\u00e9 (Espora).<\/p>\n<p>&nbsp;<\/p>\n<p><img decoding=\"async\" class=\"alignnone size-medium wp-image-116358\" src=\"http:\/\/gentedebasquet.com.ar\/sitio\/wp-content\/uploads\/2025\/06\/DSC_0488-300x200.jpg\" alt=\"\" width=\"300\" height=\"200\" srcset=\"https:\/\/gentedebasquet.com.ar\/sitio\/wp-content\/uploads\/2025\/06\/DSC_0488-300x200.jpg 300w, https:\/\/gentedebasquet.com.ar\/sitio\/wp-content\/uploads\/2025\/06\/DSC_0488.jpg 650w\" sizes=\"(max-width: 300px) 100vw, 300px\" \/><\/p>\n<p>Fotos: Marcelo Barth (Punta Noticias)<\/p>\n","protected":false},"excerpt":{"rendered":"<p>Ateneo super\u00f3 60 a 57 a Espora y sigue en el lote de vanguardistas (con ocho victorias y tres derrotas). El visitante, que totaliz\u00f3 15\/19 en TL (79% de efectividad), tuvo como figura a Juli\u00e1n Ripoll autor de 17 puntos (10 en el 4C) m\u00e1s 8 rebotes y 2 asistencias. Adem\u00e1s, Mat\u00edas Leiva aport\u00f3 12 [&hellip;]<\/p>\n","protected":false},"author":62,"featured_media":116361,"comment_status":"open","ping_status":"open","sticky":false,"template":"","format":"standard","meta":{"jnews-multi-image_gallery":[],"jnews_single_post":{"source_name":"","source_url":"","via_name":"","via_url":"","override_template":"0","override":[{"template":"1","single_blog_custom":"","parallax":"1","fullscreen":"1","layout":"right-sidebar","sidebar":"default-sidebar","second_sidebar":"default-sidebar","sticky_sidebar":"1","share_position":"top","share_float_style":"share-monocrhome","show_share_counter":"0","show_view_counter":"0","show_featured":"1","show_post_meta":"1","show_post_author":"1","show_post_author_image":"0","show_post_date":"1","post_date_format":"default","post_date_format_custom":"Y\/m\/d","show_post_category":"1","show_post_reading_time":"0","post_reading_time_wpm":"300","show_zoom_button":"0","zoom_button_out_step":"2","zoom_button_in_step":"3","show_post_tag":"1","show_prev_next_post":"1","show_popup_post":"0","number_popup_post":"1","show_author_box":"0","show_post_related":"0","show_inline_post_related":"0"}],"override_image_size":"0","image_override":[{"single_post_thumbnail_size":"crop-500","single_post_gallery_size":"crop-500"}],"trending_post":"0","trending_post_position":"meta","trending_post_label":"Trending","sponsored_post":"0","sponsored_post_label":"Sponsored by","sponsored_post_name":"","sponsored_post_url":"","sponsored_post_logo_enable":"0","sponsored_post_logo":"","sponsored_post_desc":"","disable_ad":"0"},"jnews_primary_category":{"id":"","hide":""},"footnotes":""},"categories":[25,101],"tags":[357,1726,1889,1940],"class_list":["post-116356","post","type-post","status-publish","format-standard","has-post-thumbnail","hentry","category-segunda","category-slide","tag-abb","tag-ateneo","tag-espora","tag-torneo-de-segunda"],"yoast_head":"<!-- This site is optimized with the Yoast SEO plugin v27.5 - https:\/\/yoast.com\/product\/yoast-seo-wordpress\/ -->\n<title>La octava maravilla celeste - Gente de B\u00e1squet<\/title>\n<meta name=\"robots\" content=\"index, follow, max-snippet:-1, max-image-preview:large, max-video-preview:-1\" \/>\n<link rel=\"canonical\" href=\"https:\/\/gentedebasquet.com.ar\/sitio\/2025\/06\/11\/la-octava-maravilla-celeste\/\" \/>\n<meta property=\"og:locale\" content=\"es_ES\" \/>\n<meta property=\"og:type\" content=\"article\" \/>\n<meta property=\"og:title\" content=\"La octava maravilla celeste - Gente de B\u00e1squet\" \/>\n<meta property=\"og:description\" content=\"Ateneo super\u00f3 60 a 57 a Espora y sigue en el lote de vanguardistas (con ocho victorias y tres derrotas). El visitante, que totaliz\u00f3 15\/19 en TL (79% de efectividad), tuvo como figura a Juli\u00e1n Ripoll autor de 17 puntos (10 en el 4C) m\u00e1s 8 rebotes y 2 asistencias. Adem\u00e1s, Mat\u00edas Leiva aport\u00f3 12 [&hellip;]\" \/>\n<meta property=\"og:url\" content=\"https:\/\/gentedebasquet.com.ar\/sitio\/2025\/06\/11\/la-octava-maravilla-celeste\/\" \/>\n<meta property=\"og:site_name\" content=\"Gente de B\u00e1squet\" \/>\n<meta property=\"article:published_time\" content=\"2025-06-10T23:11:40+00:00\" \/>\n<meta property=\"article:modified_time\" content=\"2025-06-14T03:42:02+00:00\" \/>\n<meta property=\"og:image\" content=\"https:\/\/gentedebasquet.com.ar\/sitio\/wp-content\/uploads\/2025\/06\/DSC_0518.jpg\" \/>\n\t<meta property=\"og:image:width\" content=\"750\" \/>\n\t<meta property=\"og:image:height\" content=\"379\" \/>\n\t<meta property=\"og:image:type\" content=\"image\/jpeg\" \/>\n<meta name=\"author\" content=\"Mat\u00edas Dom\u00ednguez\" \/>\n<meta name=\"twitter:card\" content=\"summary_large_image\" \/>\n<meta name=\"twitter:label1\" content=\"Escrito por\" \/>\n\t<meta name=\"twitter:data1\" content=\"Mat\u00edas Dom\u00ednguez\" \/>\n\t<meta name=\"twitter:label2\" content=\"Tiempo de lectura\" \/>\n\t<meta name=\"twitter:data2\" content=\"3 minutos\" \/>\n<script type=\"application\/ld+json\" class=\"yoast-schema-graph\">{\"@context\":\"https:\\\/\\\/schema.org\",\"@graph\":[{\"@type\":\"Article\",\"@id\":\"https:\\\/\\\/gentedebasquet.com.ar\\\/sitio\\\/2025\\\/06\\\/11\\\/la-octava-maravilla-celeste\\\/#article\",\"isPartOf\":{\"@id\":\"https:\\\/\\\/gentedebasquet.com.ar\\\/sitio\\\/2025\\\/06\\\/11\\\/la-octava-maravilla-celeste\\\/\"},\"author\":{\"name\":\"Mat\u00edas Dom\u00ednguez\",\"@id\":\"https:\\\/\\\/gentedebasquet.com.ar\\\/sitio\\\/#\\\/schema\\\/person\\\/2df9550994560b26db96aa8de5494221\"},\"headline\":\"La octava maravilla celeste\",\"datePublished\":\"2025-06-10T23:11:40+00:00\",\"dateModified\":\"2025-06-14T03:42:02+00:00\",\"mainEntityOfPage\":{\"@id\":\"https:\\\/\\\/gentedebasquet.com.ar\\\/sitio\\\/2025\\\/06\\\/11\\\/la-octava-maravilla-celeste\\\/\"},\"wordCount\":355,\"commentCount\":0,\"image\":{\"@id\":\"https:\\\/\\\/gentedebasquet.com.ar\\\/sitio\\\/2025\\\/06\\\/11\\\/la-octava-maravilla-celeste\\\/#primaryimage\"},\"thumbnailUrl\":\"https:\\\/\\\/gentedebasquet.com.ar\\\/sitio\\\/wp-content\\\/uploads\\\/2025\\\/06\\\/DSC_0518.jpg\",\"keywords\":[\"ABB\",\"Ateneo\",\"Espora\",\"Torneo de Segunda\"],\"articleSection\":[\"Segunda\",\"Slide\"],\"inLanguage\":\"es\",\"potentialAction\":[{\"@type\":\"CommentAction\",\"name\":\"Comment\",\"target\":[\"https:\\\/\\\/gentedebasquet.com.ar\\\/sitio\\\/2025\\\/06\\\/11\\\/la-octava-maravilla-celeste\\\/#respond\"]}]},{\"@type\":\"WebPage\",\"@id\":\"https:\\\/\\\/gentedebasquet.com.ar\\\/sitio\\\/2025\\\/06\\\/11\\\/la-octava-maravilla-celeste\\\/\",\"url\":\"https:\\\/\\\/gentedebasquet.com.ar\\\/sitio\\\/2025\\\/06\\\/11\\\/la-octava-maravilla-celeste\\\/\",\"name\":\"La octava maravilla celeste - Gente de B\u00e1squet\",\"isPartOf\":{\"@id\":\"https:\\\/\\\/gentedebasquet.com.ar\\\/sitio\\\/#website\"},\"primaryImageOfPage\":{\"@id\":\"https:\\\/\\\/gentedebasquet.com.ar\\\/sitio\\\/2025\\\/06\\\/11\\\/la-octava-maravilla-celeste\\\/#primaryimage\"},\"image\":{\"@id\":\"https:\\\/\\\/gentedebasquet.com.ar\\\/sitio\\\/2025\\\/06\\\/11\\\/la-octava-maravilla-celeste\\\/#primaryimage\"},\"thumbnailUrl\":\"https:\\\/\\\/gentedebasquet.com.ar\\\/sitio\\\/wp-content\\\/uploads\\\/2025\\\/06\\\/DSC_0518.jpg\",\"datePublished\":\"2025-06-10T23:11:40+00:00\",\"dateModified\":\"2025-06-14T03:42:02+00:00\",\"author\":{\"@id\":\"https:\\\/\\\/gentedebasquet.com.ar\\\/sitio\\\/#\\\/schema\\\/person\\\/2df9550994560b26db96aa8de5494221\"},\"breadcrumb\":{\"@id\":\"https:\\\/\\\/gentedebasquet.com.ar\\\/sitio\\\/2025\\\/06\\\/11\\\/la-octava-maravilla-celeste\\\/#breadcrumb\"},\"inLanguage\":\"es\",\"potentialAction\":[{\"@type\":\"ReadAction\",\"target\":[\"https:\\\/\\\/gentedebasquet.com.ar\\\/sitio\\\/2025\\\/06\\\/11\\\/la-octava-maravilla-celeste\\\/\"]}]},{\"@type\":\"ImageObject\",\"inLanguage\":\"es\",\"@id\":\"https:\\\/\\\/gentedebasquet.com.ar\\\/sitio\\\/2025\\\/06\\\/11\\\/la-octava-maravilla-celeste\\\/#primaryimage\",\"url\":\"https:\\\/\\\/gentedebasquet.com.ar\\\/sitio\\\/wp-content\\\/uploads\\\/2025\\\/06\\\/DSC_0518.jpg\",\"contentUrl\":\"https:\\\/\\\/gentedebasquet.com.ar\\\/sitio\\\/wp-content\\\/uploads\\\/2025\\\/06\\\/DSC_0518.jpg\",\"width\":750,\"height\":379},{\"@type\":\"BreadcrumbList\",\"@id\":\"https:\\\/\\\/gentedebasquet.com.ar\\\/sitio\\\/2025\\\/06\\\/11\\\/la-octava-maravilla-celeste\\\/#breadcrumb\",\"itemListElement\":[{\"@type\":\"ListItem\",\"position\":1,\"name\":\"Portada\",\"item\":\"https:\\\/\\\/gentedebasquet.com.ar\\\/sitio\\\/\"},{\"@type\":\"ListItem\",\"position\":2,\"name\":\"La octava maravilla celeste\"}]},{\"@type\":\"WebSite\",\"@id\":\"https:\\\/\\\/gentedebasquet.com.ar\\\/sitio\\\/#website\",\"url\":\"https:\\\/\\\/gentedebasquet.com.ar\\\/sitio\\\/\",\"name\":\"Gente de B\u00e1squet\",\"description\":\"La revista del basquet de Bah\u00eda Blanca\",\"potentialAction\":[{\"@type\":\"SearchAction\",\"target\":{\"@type\":\"EntryPoint\",\"urlTemplate\":\"https:\\\/\\\/gentedebasquet.com.ar\\\/sitio\\\/?s={search_term_string}\"},\"query-input\":{\"@type\":\"PropertyValueSpecification\",\"valueRequired\":true,\"valueName\":\"search_term_string\"}}],\"inLanguage\":\"es\"},{\"@type\":\"Person\",\"@id\":\"https:\\\/\\\/gentedebasquet.com.ar\\\/sitio\\\/#\\\/schema\\\/person\\\/2df9550994560b26db96aa8de5494221\",\"name\":\"Mat\u00edas Dom\u00ednguez\",\"image\":{\"@type\":\"ImageObject\",\"inLanguage\":\"es\",\"@id\":\"https:\\\/\\\/secure.gravatar.com\\\/avatar\\\/29491ec59dbc2f899f1cb4052e9f2827b5aee3a84bdc66a9fd6789abc018a99d?s=96&d=mm&r=g\",\"url\":\"https:\\\/\\\/secure.gravatar.com\\\/avatar\\\/29491ec59dbc2f899f1cb4052e9f2827b5aee3a84bdc66a9fd6789abc018a99d?s=96&d=mm&r=g\",\"contentUrl\":\"https:\\\/\\\/secure.gravatar.com\\\/avatar\\\/29491ec59dbc2f899f1cb4052e9f2827b5aee3a84bdc66a9fd6789abc018a99d?s=96&d=mm&r=g\",\"caption\":\"Mat\u00edas Dom\u00ednguez\"},\"url\":\"https:\\\/\\\/gentedebasquet.com.ar\\\/sitio\\\/author\\\/matias-dominguez\\\/\"}]}<\/script>\n<!-- \/ Yoast SEO plugin. -->","yoast_head_json":{"title":"La octava maravilla celeste - Gente de B\u00e1squet","robots":{"index":"index","follow":"follow","max-snippet":"max-snippet:-1","max-image-preview":"max-image-preview:large","max-video-preview":"max-video-preview:-1"},"canonical":"https:\/\/gentedebasquet.com.ar\/sitio\/2025\/06\/11\/la-octava-maravilla-celeste\/","og_locale":"es_ES","og_type":"article","og_title":"La octava maravilla celeste - Gente de B\u00e1squet","og_description":"Ateneo super\u00f3 60 a 57 a Espora y sigue en el lote de vanguardistas (con ocho victorias y tres derrotas). El visitante, que totaliz\u00f3 15\/19 en TL (79% de efectividad), tuvo como figura a Juli\u00e1n Ripoll autor de 17 puntos (10 en el 4C) m\u00e1s 8 rebotes y 2 asistencias. Adem\u00e1s, Mat\u00edas Leiva aport\u00f3 12 [&hellip;]","og_url":"https:\/\/gentedebasquet.com.ar\/sitio\/2025\/06\/11\/la-octava-maravilla-celeste\/","og_site_name":"Gente de B\u00e1squet","article_published_time":"2025-06-10T23:11:40+00:00","article_modified_time":"2025-06-14T03:42:02+00:00","og_image":[{"width":750,"height":379,"url":"https:\/\/gentedebasquet.com.ar\/sitio\/wp-content\/uploads\/2025\/06\/DSC_0518.jpg","type":"image\/jpeg"}],"author":"Mat\u00edas Dom\u00ednguez","twitter_card":"summary_large_image","twitter_misc":{"Escrito por":"Mat\u00edas Dom\u00ednguez","Tiempo de lectura":"3 minutos"},"schema":{"@context":"https:\/\/schema.org","@graph":[{"@type":"Article","@id":"https:\/\/gentedebasquet.com.ar\/sitio\/2025\/06\/11\/la-octava-maravilla-celeste\/#article","isPartOf":{"@id":"https:\/\/gentedebasquet.com.ar\/sitio\/2025\/06\/11\/la-octava-maravilla-celeste\/"},"author":{"name":"Mat\u00edas Dom\u00ednguez","@id":"https:\/\/gentedebasquet.com.ar\/sitio\/#\/schema\/person\/2df9550994560b26db96aa8de5494221"},"headline":"La octava maravilla celeste","datePublished":"2025-06-10T23:11:40+00:00","dateModified":"2025-06-14T03:42:02+00:00","mainEntityOfPage":{"@id":"https:\/\/gentedebasquet.com.ar\/sitio\/2025\/06\/11\/la-octava-maravilla-celeste\/"},"wordCount":355,"commentCount":0,"image":{"@id":"https:\/\/gentedebasquet.com.ar\/sitio\/2025\/06\/11\/la-octava-maravilla-celeste\/#primaryimage"},"thumbnailUrl":"https:\/\/gentedebasquet.com.ar\/sitio\/wp-content\/uploads\/2025\/06\/DSC_0518.jpg","keywords":["ABB","Ateneo","Espora","Torneo de Segunda"],"articleSection":["Segunda","Slide"],"inLanguage":"es","potentialAction":[{"@type":"CommentAction","name":"Comment","target":["https:\/\/gentedebasquet.com.ar\/sitio\/2025\/06\/11\/la-octava-maravilla-celeste\/#respond"]}]},{"@type":"WebPage","@id":"https:\/\/gentedebasquet.com.ar\/sitio\/2025\/06\/11\/la-octava-maravilla-celeste\/","url":"https:\/\/gentedebasquet.com.ar\/sitio\/2025\/06\/11\/la-octava-maravilla-celeste\/","name":"La octava maravilla celeste - Gente de B\u00e1squet","isPartOf":{"@id":"https:\/\/gentedebasquet.com.ar\/sitio\/#website"},"primaryImageOfPage":{"@id":"https:\/\/gentedebasquet.com.ar\/sitio\/2025\/06\/11\/la-octava-maravilla-celeste\/#primaryimage"},"image":{"@id":"https:\/\/gentedebasquet.com.ar\/sitio\/2025\/06\/11\/la-octava-maravilla-celeste\/#primaryimage"},"thumbnailUrl":"https:\/\/gentedebasquet.com.ar\/sitio\/wp-content\/uploads\/2025\/06\/DSC_0518.jpg","datePublished":"2025-06-10T23:11:40+00:00","dateModified":"2025-06-14T03:42:02+00:00","author":{"@id":"https:\/\/gentedebasquet.com.ar\/sitio\/#\/schema\/person\/2df9550994560b26db96aa8de5494221"},"breadcrumb":{"@id":"https:\/\/gentedebasquet.com.ar\/sitio\/2025\/06\/11\/la-octava-maravilla-celeste\/#breadcrumb"},"inLanguage":"es","potentialAction":[{"@type":"ReadAction","target":["https:\/\/gentedebasquet.com.ar\/sitio\/2025\/06\/11\/la-octava-maravilla-celeste\/"]}]},{"@type":"ImageObject","inLanguage":"es","@id":"https:\/\/gentedebasquet.com.ar\/sitio\/2025\/06\/11\/la-octava-maravilla-celeste\/#primaryimage","url":"https:\/\/gentedebasquet.com.ar\/sitio\/wp-content\/uploads\/2025\/06\/DSC_0518.jpg","contentUrl":"https:\/\/gentedebasquet.com.ar\/sitio\/wp-content\/uploads\/2025\/06\/DSC_0518.jpg","width":750,"height":379},{"@type":"BreadcrumbList","@id":"https:\/\/gentedebasquet.com.ar\/sitio\/2025\/06\/11\/la-octava-maravilla-celeste\/#breadcrumb","itemListElement":[{"@type":"ListItem","position":1,"name":"Portada","item":"https:\/\/gentedebasquet.com.ar\/sitio\/"},{"@type":"ListItem","position":2,"name":"La octava maravilla celeste"}]},{"@type":"WebSite","@id":"https:\/\/gentedebasquet.com.ar\/sitio\/#website","url":"https:\/\/gentedebasquet.com.ar\/sitio\/","name":"Gente de B\u00e1squet","description":"La revista del basquet de Bah\u00eda Blanca","potentialAction":[{"@type":"SearchAction","target":{"@type":"EntryPoint","urlTemplate":"https:\/\/gentedebasquet.com.ar\/sitio\/?s={search_term_string}"},"query-input":{"@type":"PropertyValueSpecification","valueRequired":true,"valueName":"search_term_string"}}],"inLanguage":"es"},{"@type":"Person","@id":"https:\/\/gentedebasquet.com.ar\/sitio\/#\/schema\/person\/2df9550994560b26db96aa8de5494221","name":"Mat\u00edas Dom\u00ednguez","image":{"@type":"ImageObject","inLanguage":"es","@id":"https:\/\/secure.gravatar.com\/avatar\/29491ec59dbc2f899f1cb4052e9f2827b5aee3a84bdc66a9fd6789abc018a99d?s=96&d=mm&r=g","url":"https:\/\/secure.gravatar.com\/avatar\/29491ec59dbc2f899f1cb4052e9f2827b5aee3a84bdc66a9fd6789abc018a99d?s=96&d=mm&r=g","contentUrl":"https:\/\/secure.gravatar.com\/avatar\/29491ec59dbc2f899f1cb4052e9f2827b5aee3a84bdc66a9fd6789abc018a99d?s=96&d=mm&r=g","caption":"Mat\u00edas Dom\u00ednguez"},"url":"https:\/\/gentedebasquet.com.ar\/sitio\/author\/matias-dominguez\/"}]}},"_links":{"self":[{"href":"https:\/\/gentedebasquet.com.ar\/sitio\/wp-json\/wp\/v2\/posts\/116356","targetHints":{"allow":["GET"]}}],"collection":[{"href":"https:\/\/gentedebasquet.com.ar\/sitio\/wp-json\/wp\/v2\/posts"}],"about":[{"href":"https:\/\/gentedebasquet.com.ar\/sitio\/wp-json\/wp\/v2\/types\/post"}],"author":[{"embeddable":true,"href":"https:\/\/gentedebasquet.com.ar\/sitio\/wp-json\/wp\/v2\/users\/62"}],"replies":[{"embeddable":true,"href":"https:\/\/gentedebasquet.com.ar\/sitio\/wp-json\/wp\/v2\/comments?post=116356"}],"version-history":[{"count":4,"href":"https:\/\/gentedebasquet.com.ar\/sitio\/wp-json\/wp\/v2\/posts\/116356\/revisions"}],"predecessor-version":[{"id":116366,"href":"https:\/\/gentedebasquet.com.ar\/sitio\/wp-json\/wp\/v2\/posts\/116356\/revisions\/116366"}],"wp:featuredmedia":[{"embeddable":true,"href":"https:\/\/gentedebasquet.com.ar\/sitio\/wp-json\/wp\/v2\/media\/116361"}],"wp:attachment":[{"href":"https:\/\/gentedebasquet.com.ar\/sitio\/wp-json\/wp\/v2\/media?parent=116356"}],"wp:term":[{"taxonomy":"category","embeddable":true,"href":"https:\/\/gentedebasquet.com.ar\/sitio\/wp-json\/wp\/v2\/categories?post=116356"},{"taxonomy":"post_tag","embeddable":true,"href":"https:\/\/gentedebasquet.com.ar\/sitio\/wp-json\/wp\/v2\/tags?post=116356"}],"curies":[{"name":"wp","href":"https:\/\/api.w.org\/{rel}","templated":true}]}}