{"id":116369,"date":"2025-06-12T07:08:21","date_gmt":"2025-06-12T05:08:21","guid":{"rendered":"https:\/\/gentedebasquet.com.ar\/sitio\/?p=116369"},"modified":"2025-06-12T16:15:08","modified_gmt":"2025-06-12T14:15:08","slug":"9-de-julio-triunfo-con-el-valor-de-lo-individual","status":"publish","type":"post","link":"https:\/\/gentedebasquet.com.ar\/sitio\/2025\/06\/12\/9-de-julio-triunfo-con-el-valor-de-lo-individual\/","title":{"rendered":"9 de Julio triunf\u00f3 con el valor de lo individual"},"content":{"rendered":"<p><strong>\u00a0Las chicas conducidas por el entrenador Juli\u00e1n Turcato se enfrentaron en un atrayente partido a su par de Sportivo Bahiense en la cancha de este \u00faltimo para cumplir con la fecha 8 del campeonato femenino de Primera. Lo gan\u00f3 el visitante 67 a 55.<\/strong><\/p>\n<p><strong>El n\u00famero 13 fue el de la buena suerte esta vez para el equipo vencedor, porque Isabella Larrasolo, la jugadora de 16 a\u00f1os que usa ese n\u00famero en su camiseta, realiz\u00f3 la tarea m\u00e1s brillante de su breve (pero impactante) carrera en esta divisi\u00f3n. Culmin\u00f3 con 31 puntos anotados, 6 rebotes (1 ofensivo), 2 robos y 1 asistencia. Sus compa\u00f1eras cumplieron un buen papel pero ninguna lleg\u00f3 a los diez puntos marcados. La que m\u00e1s se acerc\u00f3 a eso fue Emilia Fernandez (9 tantos).<\/strong><\/p>\n<p><strong>Sportivo fue una amenaza constante, pero las malas decisiones ofensivas terminaron condenandolo. Paulina Lazar fue la m\u00e1s valiosa del tricolor con 15 puntos, 7 rebotes, 5 robos y 3 asistencias. Su mejor socia fue Paloma Vecchi, que anot\u00f3 10 unidades, rob\u00f3 6 bolas y baj\u00f3 6 rebotes.<\/strong><\/p>\n<p><strong>En el inicio del partido los dos equipos mantuvieron una alta efectividad en tiros. Sportivo logr\u00f3 atraer marcas sobre sus habituales nombres destacados (Lazar y Vecchi) y as\u00ed liber\u00f3 espacios para que pudieran empezar a sobresalir otras integrantes del quinteto. Por su parte, 9 de Julio abri\u00f3 la cancha y domin\u00f3 el marcador. Larrasolo y Fernandez se aliaron para guiar a 9 de Julio, Lazar hizo lo mismo con Sportivo.<\/strong><\/p>\n<p><strong>Anahel Maurer anot\u00f3 dos tiros temprano en el segundo cuarto (un doble y un triple) que permitieron que 9 de Julio alargue la diferencia sobre su oponente. En dos oportunidades alcanz\u00f3 la m\u00e1xima de 12: en el 35-23 y en el 37-25. En este per\u00edodo la calidad de ataques cay\u00f3, fueron muchos m\u00e1s los tiros errados que convertidos en ambos costados del parquet. 37-29 ganaba el de azul y blanco al final del primer tiempo.\u00a0<\/strong><\/p>\n<p><strong>En el arranque del tercer parcial Sportivo defendi\u00f3 bien, provoc\u00f3 p\u00e9rdidas y baj\u00f3 a tres la desventaja (38-35) cuando se hab\u00edan jugado casi cuatro minutos. Lazar, Vecchi y Abril Lella se combinaron en ofensiva para que esto suceda. 9 de Julio sali\u00f3 del mal momento poco despu\u00e9s robando faltas de tiro y anotando los libres. Con diez minutos de juego por delante el hu\u00e9sped ganaba 48-41.<\/strong><\/p>\n<p><strong>El \u00faltimo cuarto tuvo momentos destacados de los dos conjuntos. 9 de Julio termin\u00f3 comandando la acci\u00f3n y consiguiendo una brecha de hasta 15 tantos (67-52), pero antes Sportivo logr\u00f3 acercarse de forma muy peligrosa. Las dirigidas por Bruno Sagripandi se pusieron siete abajo (57-50) con tres minutos y medio todav\u00eda por jugar. El plantel anfitri\u00f3n se qued\u00f3 a mitad de camino con sus intenciones y por eso 9 de Julio pudo volver a festejar.\u00a0<\/strong><\/p>\n<p>&nbsp;<\/p>\n<p><strong>\u00a0<\/strong><\/p>\n<div class=\"jeg_video_container jeg_video_content\"><iframe loading=\"lazy\" title=\"#PrimeraFemenina - Fecha #8: Sportivo Bahiense 55 - 67 9 de Julio\" width=\"500\" height=\"281\" src=\"https:\/\/www.youtube.com\/embed\/q0o4Gmkq9J8?feature=oembed\" frameborder=\"0\" allow=\"accelerometer; autoplay; clipboard-write; encrypted-media; gyroscope; picture-in-picture; web-share\" referrerpolicy=\"strict-origin-when-cross-origin\" allowfullscreen><\/iframe><\/div>\n<div><\/div>\n<div><\/div>\n<div class=\"jeg_video_container jeg_video_content\">\n<div class=\"jeg_video_container jeg_video_content\">\n<div class=\"jeg_video_container jeg_video_content\">\n<div><\/div>\n<div><\/div>\n<div><\/div>\n<div class=\"jeg_video_container jeg_video_content\"><img decoding=\"async\" class=\"alignnone wp-image-116374 \" src=\"http:\/\/gentedebasquet.com.ar\/sitio\/wp-content\/uploads\/2025\/06\/CLAVE9DJ-fem-4-300x300.png\" alt=\"\" width=\"439\" height=\"439\" srcset=\"https:\/\/gentedebasquet.com.ar\/sitio\/wp-content\/uploads\/2025\/06\/CLAVE9DJ-fem-4-300x300.png 300w, https:\/\/gentedebasquet.com.ar\/sitio\/wp-content\/uploads\/2025\/06\/CLAVE9DJ-fem-4-1024x1024.png 1024w, https:\/\/gentedebasquet.com.ar\/sitio\/wp-content\/uploads\/2025\/06\/CLAVE9DJ-fem-4-150x150.png 150w, https:\/\/gentedebasquet.com.ar\/sitio\/wp-content\/uploads\/2025\/06\/CLAVE9DJ-fem-4-768x768.png 768w, https:\/\/gentedebasquet.com.ar\/sitio\/wp-content\/uploads\/2025\/06\/CLAVE9DJ-fem-4-1536x1536.png 1536w, https:\/\/gentedebasquet.com.ar\/sitio\/wp-content\/uploads\/2025\/06\/CLAVE9DJ-fem-4-75x75.png 75w, https:\/\/gentedebasquet.com.ar\/sitio\/wp-content\/uploads\/2025\/06\/CLAVE9DJ-fem-4-350x350.png 350w, https:\/\/gentedebasquet.com.ar\/sitio\/wp-content\/uploads\/2025\/06\/CLAVE9DJ-fem-4-750x750.png 750w, https:\/\/gentedebasquet.com.ar\/sitio\/wp-content\/uploads\/2025\/06\/CLAVE9DJ-fem-4-1140x1140.png 1140w, https:\/\/gentedebasquet.com.ar\/sitio\/wp-content\/uploads\/2025\/06\/CLAVE9DJ-fem-4.png 2000w\" sizes=\"(max-width: 439px) 100vw, 439px\" \/><\/div>\n<\/div>\n<\/div>\n<\/div>\n<p>&nbsp;<\/p>\n<p>&nbsp;<\/p>\n<p>&nbsp;<\/p>\n<p>&nbsp;<\/p>\n<p><img decoding=\"async\" class=\"alignnone wp-image-116373 \" src=\"http:\/\/gentedebasquet.com.ar\/sitio\/wp-content\/uploads\/2025\/06\/Isa-Larrasolo-282x300.png\" alt=\"\" width=\"441\" height=\"469\" srcset=\"https:\/\/gentedebasquet.com.ar\/sitio\/wp-content\/uploads\/2025\/06\/Isa-Larrasolo-282x300.png 282w, https:\/\/gentedebasquet.com.ar\/sitio\/wp-content\/uploads\/2025\/06\/Isa-Larrasolo-963x1024.png 963w, https:\/\/gentedebasquet.com.ar\/sitio\/wp-content\/uploads\/2025\/06\/Isa-Larrasolo-768x816.png 768w, https:\/\/gentedebasquet.com.ar\/sitio\/wp-content\/uploads\/2025\/06\/Isa-Larrasolo-1445x1536.png 1445w, https:\/\/gentedebasquet.com.ar\/sitio\/wp-content\/uploads\/2025\/06\/Isa-Larrasolo-1926x2048.png 1926w, https:\/\/gentedebasquet.com.ar\/sitio\/wp-content\/uploads\/2025\/06\/Isa-Larrasolo-750x797.png 750w, https:\/\/gentedebasquet.com.ar\/sitio\/wp-content\/uploads\/2025\/06\/Isa-Larrasolo-1140x1212.png 1140w\" sizes=\"(max-width: 441px) 100vw, 441px\" \/><\/p>\n<blockquote><p>Hay mucho juego colectivo, estamos entrenando muy fuerte. Hay mucho compa\u00f1erismo tambien, creo que eso es fundamental para las que vienen de abajo. El mensaje para las m\u00e1s chicas es que pueden llegar adonde llegamos nosotras. Siempre que entrenen fuerte van a llegar a lo que se propongan.\u00a0<strong>Isabella Larrasolo, 9 de Julio.<\/strong><\/p><\/blockquote>\n<p>&nbsp;<\/p>\n<p><img decoding=\"async\" class=\"alignnone wp-image-116372 \" src=\"http:\/\/gentedebasquet.com.ar\/sitio\/wp-content\/uploads\/2025\/06\/MVP9DJ-fem-4-300x300.png\" alt=\"\" width=\"533\" height=\"533\" srcset=\"https:\/\/gentedebasquet.com.ar\/sitio\/wp-content\/uploads\/2025\/06\/MVP9DJ-fem-4-300x300.png 300w, https:\/\/gentedebasquet.com.ar\/sitio\/wp-content\/uploads\/2025\/06\/MVP9DJ-fem-4-1024x1024.png 1024w, https:\/\/gentedebasquet.com.ar\/sitio\/wp-content\/uploads\/2025\/06\/MVP9DJ-fem-4-150x150.png 150w, https:\/\/gentedebasquet.com.ar\/sitio\/wp-content\/uploads\/2025\/06\/MVP9DJ-fem-4-768x768.png 768w, https:\/\/gentedebasquet.com.ar\/sitio\/wp-content\/uploads\/2025\/06\/MVP9DJ-fem-4-1536x1536.png 1536w, https:\/\/gentedebasquet.com.ar\/sitio\/wp-content\/uploads\/2025\/06\/MVP9DJ-fem-4-75x75.png 75w, https:\/\/gentedebasquet.com.ar\/sitio\/wp-content\/uploads\/2025\/06\/MVP9DJ-fem-4-350x350.png 350w, https:\/\/gentedebasquet.com.ar\/sitio\/wp-content\/uploads\/2025\/06\/MVP9DJ-fem-4-750x750.png 750w, https:\/\/gentedebasquet.com.ar\/sitio\/wp-content\/uploads\/2025\/06\/MVP9DJ-fem-4-1140x1140.png 1140w, https:\/\/gentedebasquet.com.ar\/sitio\/wp-content\/uploads\/2025\/06\/MVP9DJ-fem-4.png 2000w\" sizes=\"(max-width: 533px) 100vw, 533px\" \/><\/p>\n<p><strong>S\u00edntesis &#8211; Primera Femenina &#8211; Fecha 8<\/strong><\/p>\n<p><strong>Sportivo Bahiense 55: <\/strong>Roc\u00edo Hammerschmidt 1; Paloma Vecchi 10; Paulina Lazar 15; Abril Lella 9; Agustina Prada 8\u00a0<strong>(F.I.)<\/strong> B\u00e1rbara Cunningham 5; Rosario Albarrac\u00edn 2; Juana Alarc\u00f3n 3; Aldana Rodr\u00edguez; Lukene Uthurralt 2; Mar\u00eda Azul Carli; Tiziana Giannechini. <strong>DT: <\/strong>Bruno Sagripandi.<\/p>\n<p><strong>9 de Julio 67: <\/strong>Emilia Fernandez 9; Isabella Larrasolo 31; Anahel Maurer 6; Camila Cabrera 6; Jessica Azaroff\u00a0<strong>(F.I.) <\/strong>Ileana Corval\u00e1n 2; Tamara Nieva 4; Mar\u00eda Victoria Flores 5; Isabel Sorzini 4; Amparo Althabe; Victoria Martin; Catalina Arena. <strong>DT:<\/strong> Juli\u00e1n Turcato.<\/p>\n<p><strong>Parciales:<\/strong> 18-24; 29-37 (11-13); 41-48 (12-11); 55-67 (14-19).<\/p>\n<p><strong>\u00c1rbitros:<\/strong> Mariano Enrique &#8211; Juan Agust\u00edn Mat\u00edas.<\/p>\n<p><strong>Estadio:<\/strong> Eladio Santos (Sportivo Bahiense).<\/p>\n<p>&nbsp;<\/p>\n<p><img decoding=\"async\" class=\"alignnone wp-image-116376 \" src=\"http:\/\/gentedebasquet.com.ar\/sitio\/wp-content\/uploads\/2025\/06\/vlcsnap-2025-06-12-01h54m07s096-300x169.png\" alt=\"\" width=\"618\" height=\"348\" srcset=\"https:\/\/gentedebasquet.com.ar\/sitio\/wp-content\/uploads\/2025\/06\/vlcsnap-2025-06-12-01h54m07s096-300x169.png 300w, https:\/\/gentedebasquet.com.ar\/sitio\/wp-content\/uploads\/2025\/06\/vlcsnap-2025-06-12-01h54m07s096-1024x576.png 1024w, https:\/\/gentedebasquet.com.ar\/sitio\/wp-content\/uploads\/2025\/06\/vlcsnap-2025-06-12-01h54m07s096-768x432.png 768w, https:\/\/gentedebasquet.com.ar\/sitio\/wp-content\/uploads\/2025\/06\/vlcsnap-2025-06-12-01h54m07s096-750x422.png 750w, https:\/\/gentedebasquet.com.ar\/sitio\/wp-content\/uploads\/2025\/06\/vlcsnap-2025-06-12-01h54m07s096-1140x641.png 1140w, https:\/\/gentedebasquet.com.ar\/sitio\/wp-content\/uploads\/2025\/06\/vlcsnap-2025-06-12-01h54m07s096.png 1280w\" sizes=\"(max-width: 618px) 100vw, 618px\" \/><\/p>\n<p>&nbsp;<\/p>\n","protected":false},"excerpt":{"rendered":"<p>\u00a0Las chicas conducidas por el entrenador Juli\u00e1n Turcato se enfrentaron en un atrayente partido a su par de Sportivo Bahiense en la cancha de este \u00faltimo para cumplir con la fecha 8 del campeonato femenino de Primera. Lo gan\u00f3 el visitante 67 a 55. El n\u00famero 13 fue el de la buena suerte esta vez [&hellip;]<\/p>\n","protected":false},"author":70,"featured_media":116378,"comment_status":"open","ping_status":"open","sticky":false,"template":"","format":"standard","meta":{"jnews-multi-image_gallery":[],"jnews_single_post":{"source_name":"","source_url":"","via_name":"","via_url":"","override_template":"0","override":[{"template":"1","single_blog_custom":"","parallax":"1","fullscreen":"1","layout":"right-sidebar","sidebar":"default-sidebar","second_sidebar":"default-sidebar","sticky_sidebar":"1","share_position":"top","share_float_style":"share-monocrhome","show_share_counter":"0","show_view_counter":"0","show_featured":"1","show_post_meta":"1","show_post_author":"1","show_post_author_image":"0","show_post_date":"1","post_date_format":"default","post_date_format_custom":"Y\/m\/d","show_post_category":"1","show_post_reading_time":"0","post_reading_time_wpm":"300","show_zoom_button":"0","zoom_button_out_step":"2","zoom_button_in_step":"3","show_post_tag":"1","show_prev_next_post":"1","show_popup_post":"0","number_popup_post":"1","show_author_box":"0","show_post_related":"0","show_inline_post_related":"0"}],"override_image_size":"0","image_override":[{"single_post_thumbnail_size":"crop-500","single_post_gallery_size":"crop-500"}],"trending_post":"0","trending_post_position":"meta","trending_post_label":"Trending","sponsored_post":"0","sponsored_post_label":"Sponsored by","sponsored_post_name":"","sponsored_post_url":"","sponsored_post_logo_enable":"0","sponsored_post_logo":"","sponsored_post_desc":"","disable_ad":"0"},"jnews_primary_category":{"id":"","hide":""},"footnotes":""},"categories":[33,101],"tags":[2,2031,1701,20],"class_list":["post-116369","post","type-post","status-publish","format-standard","has-post-thumbnail","hentry","category-femenino","category-slide","tag-9dejulio","tag-isabella-larrasolo","tag-paulina-lazar","tag-sportivo-bahiense"],"yoast_head":"<!-- This site is optimized with the Yoast SEO plugin v27.5 - https:\/\/yoast.com\/product\/yoast-seo-wordpress\/ -->\n<title>9 de Julio triunf\u00f3 con el valor de lo individual - Gente de B\u00e1squet<\/title>\n<meta name=\"robots\" content=\"index, follow, max-snippet:-1, max-image-preview:large, max-video-preview:-1\" \/>\n<link rel=\"canonical\" href=\"https:\/\/gentedebasquet.com.ar\/sitio\/2025\/06\/12\/9-de-julio-triunfo-con-el-valor-de-lo-individual\/\" \/>\n<meta property=\"og:locale\" content=\"es_ES\" \/>\n<meta property=\"og:type\" content=\"article\" \/>\n<meta property=\"og:title\" content=\"9 de Julio triunf\u00f3 con el valor de lo individual - Gente de B\u00e1squet\" \/>\n<meta property=\"og:description\" content=\"\u00a0Las chicas conducidas por el entrenador Juli\u00e1n Turcato se enfrentaron en un atrayente partido a su par de Sportivo Bahiense en la cancha de este \u00faltimo para cumplir con la fecha 8 del campeonato femenino de Primera. Lo gan\u00f3 el visitante 67 a 55. El n\u00famero 13 fue el de la buena suerte esta vez [&hellip;]\" \/>\n<meta property=\"og:url\" content=\"https:\/\/gentedebasquet.com.ar\/sitio\/2025\/06\/12\/9-de-julio-triunfo-con-el-valor-de-lo-individual\/\" \/>\n<meta property=\"og:site_name\" content=\"Gente de B\u00e1squet\" \/>\n<meta property=\"article:published_time\" content=\"2025-06-12T05:08:21+00:00\" \/>\n<meta property=\"article:modified_time\" content=\"2025-06-12T14:15:08+00:00\" \/>\n<meta property=\"og:image\" content=\"https:\/\/gentedebasquet.com.ar\/sitio\/wp-content\/uploads\/2025\/06\/Larra-1.png\" \/>\n\t<meta property=\"og:image:width\" content=\"690\" \/>\n\t<meta property=\"og:image:height\" content=\"319\" \/>\n\t<meta property=\"og:image:type\" content=\"image\/png\" \/>\n<meta name=\"author\" content=\"Andres Camarero\" \/>\n<meta name=\"twitter:card\" content=\"summary_large_image\" \/>\n<meta name=\"twitter:label1\" content=\"Escrito por\" \/>\n\t<meta name=\"twitter:data1\" content=\"Andres Camarero\" \/>\n\t<meta name=\"twitter:label2\" content=\"Tiempo de lectura\" \/>\n\t<meta name=\"twitter:data2\" content=\"4 minutos\" \/>\n<script type=\"application\/ld+json\" class=\"yoast-schema-graph\">{\"@context\":\"https:\\\/\\\/schema.org\",\"@graph\":[{\"@type\":\"Article\",\"@id\":\"https:\\\/\\\/gentedebasquet.com.ar\\\/sitio\\\/2025\\\/06\\\/12\\\/9-de-julio-triunfo-con-el-valor-de-lo-individual\\\/#article\",\"isPartOf\":{\"@id\":\"https:\\\/\\\/gentedebasquet.com.ar\\\/sitio\\\/2025\\\/06\\\/12\\\/9-de-julio-triunfo-con-el-valor-de-lo-individual\\\/\"},\"author\":{\"name\":\"Andres Camarero\",\"@id\":\"https:\\\/\\\/gentedebasquet.com.ar\\\/sitio\\\/#\\\/schema\\\/person\\\/6f3e5bc5df127b420a445d22fc9eaa51\"},\"headline\":\"9 de Julio triunf\u00f3 con el valor de lo individual\",\"datePublished\":\"2025-06-12T05:08:21+00:00\",\"dateModified\":\"2025-06-12T14:15:08+00:00\",\"mainEntityOfPage\":{\"@id\":\"https:\\\/\\\/gentedebasquet.com.ar\\\/sitio\\\/2025\\\/06\\\/12\\\/9-de-julio-triunfo-con-el-valor-de-lo-individual\\\/\"},\"wordCount\":640,\"commentCount\":0,\"image\":{\"@id\":\"https:\\\/\\\/gentedebasquet.com.ar\\\/sitio\\\/2025\\\/06\\\/12\\\/9-de-julio-triunfo-con-el-valor-de-lo-individual\\\/#primaryimage\"},\"thumbnailUrl\":\"https:\\\/\\\/gentedebasquet.com.ar\\\/sitio\\\/wp-content\\\/uploads\\\/2025\\\/06\\\/Larra-1.png\",\"keywords\":[\"9 de Julio\",\"Isabella Larrasolo\",\"Paulina Lazar\",\"Sportivo Bahiense\"],\"articleSection\":[\"Femenino\",\"Slide\"],\"inLanguage\":\"es\",\"potentialAction\":[{\"@type\":\"CommentAction\",\"name\":\"Comment\",\"target\":[\"https:\\\/\\\/gentedebasquet.com.ar\\\/sitio\\\/2025\\\/06\\\/12\\\/9-de-julio-triunfo-con-el-valor-de-lo-individual\\\/#respond\"]}]},{\"@type\":\"WebPage\",\"@id\":\"https:\\\/\\\/gentedebasquet.com.ar\\\/sitio\\\/2025\\\/06\\\/12\\\/9-de-julio-triunfo-con-el-valor-de-lo-individual\\\/\",\"url\":\"https:\\\/\\\/gentedebasquet.com.ar\\\/sitio\\\/2025\\\/06\\\/12\\\/9-de-julio-triunfo-con-el-valor-de-lo-individual\\\/\",\"name\":\"9 de Julio triunf\u00f3 con el valor de lo individual - Gente de B\u00e1squet\",\"isPartOf\":{\"@id\":\"https:\\\/\\\/gentedebasquet.com.ar\\\/sitio\\\/#website\"},\"primaryImageOfPage\":{\"@id\":\"https:\\\/\\\/gentedebasquet.com.ar\\\/sitio\\\/2025\\\/06\\\/12\\\/9-de-julio-triunfo-con-el-valor-de-lo-individual\\\/#primaryimage\"},\"image\":{\"@id\":\"https:\\\/\\\/gentedebasquet.com.ar\\\/sitio\\\/2025\\\/06\\\/12\\\/9-de-julio-triunfo-con-el-valor-de-lo-individual\\\/#primaryimage\"},\"thumbnailUrl\":\"https:\\\/\\\/gentedebasquet.com.ar\\\/sitio\\\/wp-content\\\/uploads\\\/2025\\\/06\\\/Larra-1.png\",\"datePublished\":\"2025-06-12T05:08:21+00:00\",\"dateModified\":\"2025-06-12T14:15:08+00:00\",\"author\":{\"@id\":\"https:\\\/\\\/gentedebasquet.com.ar\\\/sitio\\\/#\\\/schema\\\/person\\\/6f3e5bc5df127b420a445d22fc9eaa51\"},\"breadcrumb\":{\"@id\":\"https:\\\/\\\/gentedebasquet.com.ar\\\/sitio\\\/2025\\\/06\\\/12\\\/9-de-julio-triunfo-con-el-valor-de-lo-individual\\\/#breadcrumb\"},\"inLanguage\":\"es\",\"potentialAction\":[{\"@type\":\"ReadAction\",\"target\":[\"https:\\\/\\\/gentedebasquet.com.ar\\\/sitio\\\/2025\\\/06\\\/12\\\/9-de-julio-triunfo-con-el-valor-de-lo-individual\\\/\"]}]},{\"@type\":\"ImageObject\",\"inLanguage\":\"es\",\"@id\":\"https:\\\/\\\/gentedebasquet.com.ar\\\/sitio\\\/2025\\\/06\\\/12\\\/9-de-julio-triunfo-con-el-valor-de-lo-individual\\\/#primaryimage\",\"url\":\"https:\\\/\\\/gentedebasquet.com.ar\\\/sitio\\\/wp-content\\\/uploads\\\/2025\\\/06\\\/Larra-1.png\",\"contentUrl\":\"https:\\\/\\\/gentedebasquet.com.ar\\\/sitio\\\/wp-content\\\/uploads\\\/2025\\\/06\\\/Larra-1.png\",\"width\":690,\"height\":319},{\"@type\":\"BreadcrumbList\",\"@id\":\"https:\\\/\\\/gentedebasquet.com.ar\\\/sitio\\\/2025\\\/06\\\/12\\\/9-de-julio-triunfo-con-el-valor-de-lo-individual\\\/#breadcrumb\",\"itemListElement\":[{\"@type\":\"ListItem\",\"position\":1,\"name\":\"Portada\",\"item\":\"https:\\\/\\\/gentedebasquet.com.ar\\\/sitio\\\/\"},{\"@type\":\"ListItem\",\"position\":2,\"name\":\"9 de Julio triunf\u00f3 con el valor de lo individual\"}]},{\"@type\":\"WebSite\",\"@id\":\"https:\\\/\\\/gentedebasquet.com.ar\\\/sitio\\\/#website\",\"url\":\"https:\\\/\\\/gentedebasquet.com.ar\\\/sitio\\\/\",\"name\":\"Gente de B\u00e1squet\",\"description\":\"La revista del basquet de Bah\u00eda Blanca\",\"potentialAction\":[{\"@type\":\"SearchAction\",\"target\":{\"@type\":\"EntryPoint\",\"urlTemplate\":\"https:\\\/\\\/gentedebasquet.com.ar\\\/sitio\\\/?s={search_term_string}\"},\"query-input\":{\"@type\":\"PropertyValueSpecification\",\"valueRequired\":true,\"valueName\":\"search_term_string\"}}],\"inLanguage\":\"es\"},{\"@type\":\"Person\",\"@id\":\"https:\\\/\\\/gentedebasquet.com.ar\\\/sitio\\\/#\\\/schema\\\/person\\\/6f3e5bc5df127b420a445d22fc9eaa51\",\"name\":\"Andres Camarero\",\"image\":{\"@type\":\"ImageObject\",\"inLanguage\":\"es\",\"@id\":\"https:\\\/\\\/secure.gravatar.com\\\/avatar\\\/f6d4884ec54a50c25ccd5e4f54f5e904d09dfe74ef58e58f631f3917b6fed7cd?s=96&d=mm&r=g\",\"url\":\"https:\\\/\\\/secure.gravatar.com\\\/avatar\\\/f6d4884ec54a50c25ccd5e4f54f5e904d09dfe74ef58e58f631f3917b6fed7cd?s=96&d=mm&r=g\",\"contentUrl\":\"https:\\\/\\\/secure.gravatar.com\\\/avatar\\\/f6d4884ec54a50c25ccd5e4f54f5e904d09dfe74ef58e58f631f3917b6fed7cd?s=96&d=mm&r=g\",\"caption\":\"Andres Camarero\"},\"url\":\"https:\\\/\\\/gentedebasquet.com.ar\\\/sitio\\\/author\\\/andres-camarero\\\/\"}]}<\/script>\n<!-- \/ Yoast SEO plugin. -->","yoast_head_json":{"title":"9 de Julio triunf\u00f3 con el valor de lo individual - Gente de B\u00e1squet","robots":{"index":"index","follow":"follow","max-snippet":"max-snippet:-1","max-image-preview":"max-image-preview:large","max-video-preview":"max-video-preview:-1"},"canonical":"https:\/\/gentedebasquet.com.ar\/sitio\/2025\/06\/12\/9-de-julio-triunfo-con-el-valor-de-lo-individual\/","og_locale":"es_ES","og_type":"article","og_title":"9 de Julio triunf\u00f3 con el valor de lo individual - Gente de B\u00e1squet","og_description":"\u00a0Las chicas conducidas por el entrenador Juli\u00e1n Turcato se enfrentaron en un atrayente partido a su par de Sportivo Bahiense en la cancha de este \u00faltimo para cumplir con la fecha 8 del campeonato femenino de Primera. Lo gan\u00f3 el visitante 67 a 55. El n\u00famero 13 fue el de la buena suerte esta vez [&hellip;]","og_url":"https:\/\/gentedebasquet.com.ar\/sitio\/2025\/06\/12\/9-de-julio-triunfo-con-el-valor-de-lo-individual\/","og_site_name":"Gente de B\u00e1squet","article_published_time":"2025-06-12T05:08:21+00:00","article_modified_time":"2025-06-12T14:15:08+00:00","og_image":[{"width":690,"height":319,"url":"https:\/\/gentedebasquet.com.ar\/sitio\/wp-content\/uploads\/2025\/06\/Larra-1.png","type":"image\/png"}],"author":"Andres Camarero","twitter_card":"summary_large_image","twitter_misc":{"Escrito por":"Andres Camarero","Tiempo de lectura":"4 minutos"},"schema":{"@context":"https:\/\/schema.org","@graph":[{"@type":"Article","@id":"https:\/\/gentedebasquet.com.ar\/sitio\/2025\/06\/12\/9-de-julio-triunfo-con-el-valor-de-lo-individual\/#article","isPartOf":{"@id":"https:\/\/gentedebasquet.com.ar\/sitio\/2025\/06\/12\/9-de-julio-triunfo-con-el-valor-de-lo-individual\/"},"author":{"name":"Andres Camarero","@id":"https:\/\/gentedebasquet.com.ar\/sitio\/#\/schema\/person\/6f3e5bc5df127b420a445d22fc9eaa51"},"headline":"9 de Julio triunf\u00f3 con el valor de lo individual","datePublished":"2025-06-12T05:08:21+00:00","dateModified":"2025-06-12T14:15:08+00:00","mainEntityOfPage":{"@id":"https:\/\/gentedebasquet.com.ar\/sitio\/2025\/06\/12\/9-de-julio-triunfo-con-el-valor-de-lo-individual\/"},"wordCount":640,"commentCount":0,"image":{"@id":"https:\/\/gentedebasquet.com.ar\/sitio\/2025\/06\/12\/9-de-julio-triunfo-con-el-valor-de-lo-individual\/#primaryimage"},"thumbnailUrl":"https:\/\/gentedebasquet.com.ar\/sitio\/wp-content\/uploads\/2025\/06\/Larra-1.png","keywords":["9 de Julio","Isabella Larrasolo","Paulina Lazar","Sportivo Bahiense"],"articleSection":["Femenino","Slide"],"inLanguage":"es","potentialAction":[{"@type":"CommentAction","name":"Comment","target":["https:\/\/gentedebasquet.com.ar\/sitio\/2025\/06\/12\/9-de-julio-triunfo-con-el-valor-de-lo-individual\/#respond"]}]},{"@type":"WebPage","@id":"https:\/\/gentedebasquet.com.ar\/sitio\/2025\/06\/12\/9-de-julio-triunfo-con-el-valor-de-lo-individual\/","url":"https:\/\/gentedebasquet.com.ar\/sitio\/2025\/06\/12\/9-de-julio-triunfo-con-el-valor-de-lo-individual\/","name":"9 de Julio triunf\u00f3 con el valor de lo individual - Gente de B\u00e1squet","isPartOf":{"@id":"https:\/\/gentedebasquet.com.ar\/sitio\/#website"},"primaryImageOfPage":{"@id":"https:\/\/gentedebasquet.com.ar\/sitio\/2025\/06\/12\/9-de-julio-triunfo-con-el-valor-de-lo-individual\/#primaryimage"},"image":{"@id":"https:\/\/gentedebasquet.com.ar\/sitio\/2025\/06\/12\/9-de-julio-triunfo-con-el-valor-de-lo-individual\/#primaryimage"},"thumbnailUrl":"https:\/\/gentedebasquet.com.ar\/sitio\/wp-content\/uploads\/2025\/06\/Larra-1.png","datePublished":"2025-06-12T05:08:21+00:00","dateModified":"2025-06-12T14:15:08+00:00","author":{"@id":"https:\/\/gentedebasquet.com.ar\/sitio\/#\/schema\/person\/6f3e5bc5df127b420a445d22fc9eaa51"},"breadcrumb":{"@id":"https:\/\/gentedebasquet.com.ar\/sitio\/2025\/06\/12\/9-de-julio-triunfo-con-el-valor-de-lo-individual\/#breadcrumb"},"inLanguage":"es","potentialAction":[{"@type":"ReadAction","target":["https:\/\/gentedebasquet.com.ar\/sitio\/2025\/06\/12\/9-de-julio-triunfo-con-el-valor-de-lo-individual\/"]}]},{"@type":"ImageObject","inLanguage":"es","@id":"https:\/\/gentedebasquet.com.ar\/sitio\/2025\/06\/12\/9-de-julio-triunfo-con-el-valor-de-lo-individual\/#primaryimage","url":"https:\/\/gentedebasquet.com.ar\/sitio\/wp-content\/uploads\/2025\/06\/Larra-1.png","contentUrl":"https:\/\/gentedebasquet.com.ar\/sitio\/wp-content\/uploads\/2025\/06\/Larra-1.png","width":690,"height":319},{"@type":"BreadcrumbList","@id":"https:\/\/gentedebasquet.com.ar\/sitio\/2025\/06\/12\/9-de-julio-triunfo-con-el-valor-de-lo-individual\/#breadcrumb","itemListElement":[{"@type":"ListItem","position":1,"name":"Portada","item":"https:\/\/gentedebasquet.com.ar\/sitio\/"},{"@type":"ListItem","position":2,"name":"9 de Julio triunf\u00f3 con el valor de lo individual"}]},{"@type":"WebSite","@id":"https:\/\/gentedebasquet.com.ar\/sitio\/#website","url":"https:\/\/gentedebasquet.com.ar\/sitio\/","name":"Gente de B\u00e1squet","description":"La revista del basquet de Bah\u00eda Blanca","potentialAction":[{"@type":"SearchAction","target":{"@type":"EntryPoint","urlTemplate":"https:\/\/gentedebasquet.com.ar\/sitio\/?s={search_term_string}"},"query-input":{"@type":"PropertyValueSpecification","valueRequired":true,"valueName":"search_term_string"}}],"inLanguage":"es"},{"@type":"Person","@id":"https:\/\/gentedebasquet.com.ar\/sitio\/#\/schema\/person\/6f3e5bc5df127b420a445d22fc9eaa51","name":"Andres Camarero","image":{"@type":"ImageObject","inLanguage":"es","@id":"https:\/\/secure.gravatar.com\/avatar\/f6d4884ec54a50c25ccd5e4f54f5e904d09dfe74ef58e58f631f3917b6fed7cd?s=96&d=mm&r=g","url":"https:\/\/secure.gravatar.com\/avatar\/f6d4884ec54a50c25ccd5e4f54f5e904d09dfe74ef58e58f631f3917b6fed7cd?s=96&d=mm&r=g","contentUrl":"https:\/\/secure.gravatar.com\/avatar\/f6d4884ec54a50c25ccd5e4f54f5e904d09dfe74ef58e58f631f3917b6fed7cd?s=96&d=mm&r=g","caption":"Andres Camarero"},"url":"https:\/\/gentedebasquet.com.ar\/sitio\/author\/andres-camarero\/"}]}},"_links":{"self":[{"href":"https:\/\/gentedebasquet.com.ar\/sitio\/wp-json\/wp\/v2\/posts\/116369","targetHints":{"allow":["GET"]}}],"collection":[{"href":"https:\/\/gentedebasquet.com.ar\/sitio\/wp-json\/wp\/v2\/posts"}],"about":[{"href":"https:\/\/gentedebasquet.com.ar\/sitio\/wp-json\/wp\/v2\/types\/post"}],"author":[{"embeddable":true,"href":"https:\/\/gentedebasquet.com.ar\/sitio\/wp-json\/wp\/v2\/users\/70"}],"replies":[{"embeddable":true,"href":"https:\/\/gentedebasquet.com.ar\/sitio\/wp-json\/wp\/v2\/comments?post=116369"}],"version-history":[{"count":5,"href":"https:\/\/gentedebasquet.com.ar\/sitio\/wp-json\/wp\/v2\/posts\/116369\/revisions"}],"predecessor-version":[{"id":116381,"href":"https:\/\/gentedebasquet.com.ar\/sitio\/wp-json\/wp\/v2\/posts\/116369\/revisions\/116381"}],"wp:featuredmedia":[{"embeddable":true,"href":"https:\/\/gentedebasquet.com.ar\/sitio\/wp-json\/wp\/v2\/media\/116378"}],"wp:attachment":[{"href":"https:\/\/gentedebasquet.com.ar\/sitio\/wp-json\/wp\/v2\/media?parent=116369"}],"wp:term":[{"taxonomy":"category","embeddable":true,"href":"https:\/\/gentedebasquet.com.ar\/sitio\/wp-json\/wp\/v2\/categories?post=116369"},{"taxonomy":"post_tag","embeddable":true,"href":"https:\/\/gentedebasquet.com.ar\/sitio\/wp-json\/wp\/v2\/tags?post=116369"}],"curies":[{"name":"wp","href":"https:\/\/api.w.org\/{rel}","templated":true}]}}