{"id":116387,"date":"2025-06-13T05:56:28","date_gmt":"2025-06-13T03:56:28","guid":{"rendered":"https:\/\/gentedebasquet.com.ar\/sitio\/?p=116387"},"modified":"2025-06-13T05:56:28","modified_gmt":"2025-06-13T03:56:28","slug":"estudiantes-chivo-pero-gano","status":"publish","type":"post","link":"https:\/\/gentedebasquet.com.ar\/sitio\/2025\/06\/13\/estudiantes-chivo-pero-gano\/","title":{"rendered":"Estudiantes chiv\u00f3, pero gan\u00f3"},"content":{"rendered":"<p>Estudiantes venci\u00f3 a Liniers 81-73 por la octava fecha del Torneo de Primera. En un partido parejo, cambiante y caliente disputado en el Casanova, el \u00abAlbo\u00bb se qued\u00f3 con el triunfo y es uno de los tres l\u00edderes del campeonato.<\/p>\n<p>El primer tiempo fue de bajo goleo, los dos equipos se midieron, se estudiaron y se neutralizaron m\u00e1s de lo que pudieron soltarse en ataque. Estudiantes movi\u00f3 bien la pelota en la pintura, pasando r\u00e1pido la bola, con Juli\u00e1n Rodr\u00edguez en la conducci\u00f3n y los hombres grandes en el poste bajo: Jorge Garc\u00eda (el goleador hasta all\u00ed, con 10), Belleggia, Mitoire y Santiago. Liniers apost\u00f3 a un ataque m\u00e1s r\u00e1pido, con Paredes en la base, Ferrari goleador y Marinsalta l\u00edder. A los vestuarios se fueron 32-26.<\/p>\n<p>El arranque del segundo tiempo tuvo una r\u00e1faga furiosa de Liniers con un parcial 2-13 (34-39), en poco m\u00e1s de dos minutos de juego, con un Agull\u00f3 encendido (anot\u00f3 6 de esos 13). Despu\u00e9s de un tiempo muerto pedido por Ugolini, se prendi\u00f3 Matute Mart\u00ednez (10pts), y lider\u00f3 a Estudiantes a un parcial 16-2 para llevar el juego a 50-41. El \u00abChivo\u00bb volvi\u00f3 a acercarse con el empuje de Ferrari y Agull\u00f3, y a tres minutos de cerrar el cuarto, fue descalificado Mitoire por insultar a Emanuel S\u00e1nchez, que primero le mostr\u00f3 una t\u00e9cnica y luego levant\u00f3 sus dos pu\u00f1os, se\u00f1alando la expulsi\u00f3n. Entraron a los \u00faltimos 10&#8242; 58-55.<\/p>\n<p>Con fallos protestados de ambos lados, y un clima caldeado en el Casanova, Estudiantes supo jugar mejor el tramo final del juego. Olivera fue importante en el juego de Liniers, aunque perdi\u00f3 fluidez, sin poder aprovechar la velocidad de Paredes y Del Sol, y sin poder encontrar a Ferrari y Marinsalta, sus dos cartas de gol. El \u00abAlbo\u00bb contraatac\u00f3 por momentos, movi\u00f3 la bola por otros, y estuvo efectivo desde el per\u00edmetro. Matute Mart\u00ednez fue la gran figura del juego, anotando 28 puntos, con 5\/8 en triples.<\/p>\n<p>Gan\u00f3 Estudiantes 81-73 y es uno de los punteros que tiene el campeonato.<\/p>\n<div class=\"jeg_video_container jeg_video_content\"><iframe loading=\"lazy\" title=\"#Primera - Fecha #8: Estudiantes 81 - 73 Liniers\" width=\"500\" height=\"281\" src=\"https:\/\/www.youtube.com\/embed\/m_a8Q2OevEM?feature=oembed\" frameborder=\"0\" allow=\"accelerometer; autoplay; clipboard-write; encrypted-media; gyroscope; picture-in-picture; web-share\" referrerpolicy=\"strict-origin-when-cross-origin\" allowfullscreen><\/iframe><\/div>\n<p><img decoding=\"async\" class=\"alignnone size-medium wp-image-116388\" src=\"http:\/\/gentedebasquet.com.ar\/sitio\/wp-content\/uploads\/2025\/06\/CLAVE-est-300x300.png\" alt=\"\" width=\"300\" height=\"300\" srcset=\"https:\/\/gentedebasquet.com.ar\/sitio\/wp-content\/uploads\/2025\/06\/CLAVE-est-300x300.png 300w, https:\/\/gentedebasquet.com.ar\/sitio\/wp-content\/uploads\/2025\/06\/CLAVE-est-1024x1024.png 1024w, https:\/\/gentedebasquet.com.ar\/sitio\/wp-content\/uploads\/2025\/06\/CLAVE-est-150x150.png 150w, https:\/\/gentedebasquet.com.ar\/sitio\/wp-content\/uploads\/2025\/06\/CLAVE-est-768x768.png 768w, https:\/\/gentedebasquet.com.ar\/sitio\/wp-content\/uploads\/2025\/06\/CLAVE-est-1536x1536.png 1536w, https:\/\/gentedebasquet.com.ar\/sitio\/wp-content\/uploads\/2025\/06\/CLAVE-est-75x75.png 75w, https:\/\/gentedebasquet.com.ar\/sitio\/wp-content\/uploads\/2025\/06\/CLAVE-est-350x350.png 350w, https:\/\/gentedebasquet.com.ar\/sitio\/wp-content\/uploads\/2025\/06\/CLAVE-est-750x750.png 750w, https:\/\/gentedebasquet.com.ar\/sitio\/wp-content\/uploads\/2025\/06\/CLAVE-est-1140x1140.png 1140w, https:\/\/gentedebasquet.com.ar\/sitio\/wp-content\/uploads\/2025\/06\/CLAVE-est.png 2000w\" sizes=\"(max-width: 300px) 100vw, 300px\" \/><\/p>\n<p><img decoding=\"async\" class=\"alignnone size-medium wp-image-116389\" src=\"http:\/\/gentedebasquet.com.ar\/sitio\/wp-content\/uploads\/2025\/06\/WhatsApp-Image-2025-06-13-at-00.45.54-1-300x225.jpeg\" alt=\"\" width=\"300\" height=\"225\" srcset=\"https:\/\/gentedebasquet.com.ar\/sitio\/wp-content\/uploads\/2025\/06\/WhatsApp-Image-2025-06-13-at-00.45.54-1-300x225.jpeg 300w, https:\/\/gentedebasquet.com.ar\/sitio\/wp-content\/uploads\/2025\/06\/WhatsApp-Image-2025-06-13-at-00.45.54-1-1024x768.jpeg 1024w, https:\/\/gentedebasquet.com.ar\/sitio\/wp-content\/uploads\/2025\/06\/WhatsApp-Image-2025-06-13-at-00.45.54-1-768x576.jpeg 768w, https:\/\/gentedebasquet.com.ar\/sitio\/wp-content\/uploads\/2025\/06\/WhatsApp-Image-2025-06-13-at-00.45.54-1-1536x1152.jpeg 1536w, https:\/\/gentedebasquet.com.ar\/sitio\/wp-content\/uploads\/2025\/06\/WhatsApp-Image-2025-06-13-at-00.45.54-1-750x563.jpeg 750w, https:\/\/gentedebasquet.com.ar\/sitio\/wp-content\/uploads\/2025\/06\/WhatsApp-Image-2025-06-13-at-00.45.54-1-1140x855.jpeg 1140w, https:\/\/gentedebasquet.com.ar\/sitio\/wp-content\/uploads\/2025\/06\/WhatsApp-Image-2025-06-13-at-00.45.54-1.jpeg 1600w\" sizes=\"(max-width: 300px) 100vw, 300px\" \/><\/p>\n<blockquote><p>\u00abTodos los partidos son iguales, es un torneo parejo, si los dejas anotar te complican. Liniers es un buen equipo, juega din\u00e1mico, fue un partido de score bajo, ten\u00edamos que tener paciencia que se nos iba a abrir el aro. Estamos tranquilos, con confianza, tenemos un equipo lindo, largo, es mejor corregir ganando.\u00bb, <strong>Mat\u00edas Mart\u00ednez, Estudiantes<\/strong><\/p><\/blockquote>\n<p><img decoding=\"async\" class=\"alignnone size-medium wp-image-116391\" src=\"http:\/\/gentedebasquet.com.ar\/sitio\/wp-content\/uploads\/2025\/06\/MVP-matute-300x300.png\" alt=\"\" width=\"300\" height=\"300\" srcset=\"https:\/\/gentedebasquet.com.ar\/sitio\/wp-content\/uploads\/2025\/06\/MVP-matute-300x300.png 300w, https:\/\/gentedebasquet.com.ar\/sitio\/wp-content\/uploads\/2025\/06\/MVP-matute-1024x1024.png 1024w, https:\/\/gentedebasquet.com.ar\/sitio\/wp-content\/uploads\/2025\/06\/MVP-matute-150x150.png 150w, https:\/\/gentedebasquet.com.ar\/sitio\/wp-content\/uploads\/2025\/06\/MVP-matute-768x768.png 768w, https:\/\/gentedebasquet.com.ar\/sitio\/wp-content\/uploads\/2025\/06\/MVP-matute-1536x1536.png 1536w, https:\/\/gentedebasquet.com.ar\/sitio\/wp-content\/uploads\/2025\/06\/MVP-matute-75x75.png 75w, https:\/\/gentedebasquet.com.ar\/sitio\/wp-content\/uploads\/2025\/06\/MVP-matute-350x350.png 350w, https:\/\/gentedebasquet.com.ar\/sitio\/wp-content\/uploads\/2025\/06\/MVP-matute-750x750.png 750w, https:\/\/gentedebasquet.com.ar\/sitio\/wp-content\/uploads\/2025\/06\/MVP-matute-1140x1140.png 1140w, https:\/\/gentedebasquet.com.ar\/sitio\/wp-content\/uploads\/2025\/06\/MVP-matute.png 2000w\" sizes=\"(max-width: 300px) 100vw, 300px\" \/><\/p>\n<p><strong>S\u00edntesis &#8211; Primera Divisi\u00f3n &#8211; Fecha 8<\/strong><\/p>\n<p><strong>Estudiantes 81:<\/strong> Juli\u00e1n Rodr\u00edguez 4, Mat\u00edas Mart\u00ednez 28, Lucas Delgado 6, Jorge Garc\u00eda 18, Jer\u00f3nimo Mitoire 0 (x) <strong>(FI);<\/strong> Lucio Esposito, Sebasti\u00e1n Ranieri 4, Jos\u00e9 Belleggia 8, Ramiro Aguirre 5, Luca Storni, Pedro Santiago 8, Francisco Ru\u00edz 0.<strong> DT: Ariel Ugolini.<\/strong><\/p>\n<p><strong>Liniers 73:<\/strong> Emmanuel Paredes 4, Alan Garc\u00eda 9, Alejo Agull\u00f3 9, Franco Ferrari 26, Juli\u00e1n Marinsalta 8 <strong>(FI);<\/strong> Tom\u00e1s Del Sol 7, Nicol\u00e1s Ramos, Bautista Olivera 8, Alejo Ayude, Genaro Groppa 2, Diego Olave. <strong>DT: Mauricio Vago.<\/strong><\/p>\n<p><strong>Parciales:<\/strong> 15-11, 32-26 (17-15), 58-55 (26-29), 81-73 (23-18)<\/p>\n<p><strong>\u00c1rbitros:<\/strong> Emanuel S\u00e1nchez &#8211; Sebasti\u00e1n Giannino &#8211; Joaqu\u00edn Irraz\u00e1bal<\/p>\n<p><strong>Estadio:<\/strong> Osvaldo Casanova (Estudiantes)<\/p>\n","protected":false},"excerpt":{"rendered":"<p>Estudiantes venci\u00f3 a Liniers 81-73 por la octava fecha del Torneo de Primera. En un partido parejo, cambiante y caliente disputado en el Casanova, el \u00abAlbo\u00bb se qued\u00f3 con el triunfo y es uno de los tres l\u00edderes del campeonato. El primer tiempo fue de bajo goleo, los dos equipos se midieron, se estudiaron y [&hellip;]<\/p>\n","protected":false},"author":71,"featured_media":116390,"comment_status":"open","ping_status":"open","sticky":false,"template":"","format":"standard","meta":{"jnews-multi-image_gallery":[],"jnews_single_post":{"source_name":"","source_url":"","via_name":"","via_url":"","override_template":"0","override":[{"template":"1","single_blog_custom":"","parallax":"1","fullscreen":"1","layout":"right-sidebar","sidebar":"default-sidebar","second_sidebar":"default-sidebar","sticky_sidebar":"1","share_position":"top","share_float_style":"share-monocrhome","show_share_counter":"0","show_view_counter":"0","show_featured":"1","show_post_meta":"1","show_post_author":"1","show_post_author_image":"0","show_post_date":"1","post_date_format":"default","post_date_format_custom":"Y\/m\/d","show_post_category":"1","show_post_reading_time":"0","post_reading_time_wpm":"300","show_zoom_button":"0","zoom_button_out_step":"2","zoom_button_in_step":"3","show_post_tag":"1","show_prev_next_post":"1","show_popup_post":"0","number_popup_post":"1","show_author_box":"0","show_post_related":"0","show_inline_post_related":"0"}],"override_image_size":"0","image_override":[{"single_post_thumbnail_size":"crop-500","single_post_gallery_size":"crop-500"}],"trending_post":"0","trending_post_position":"meta","trending_post_label":"Trending","sponsored_post":"0","sponsored_post_label":"Sponsored by","sponsored_post_name":"","sponsored_post_url":"","sponsored_post_logo_enable":"0","sponsored_post_logo":"","sponsored_post_desc":"","disable_ad":"0"},"jnews_primary_category":{"id":"","hide":""},"footnotes":""},"categories":[23,101],"tags":[11,14,293,1169,508],"class_list":["post-116387","post","type-post","status-publish","format-standard","has-post-thumbnail","hentry","category-primera","category-slide","tag-estudiantes","tag-liniers","tag-matias-martinez","tag-primera","tag-primera-division"],"yoast_head":"<!-- This site is optimized with the Yoast SEO plugin v27.5 - https:\/\/yoast.com\/product\/yoast-seo-wordpress\/ -->\n<title>Estudiantes chiv\u00f3, pero gan\u00f3 - Gente de B\u00e1squet<\/title>\n<meta name=\"robots\" content=\"index, follow, max-snippet:-1, max-image-preview:large, max-video-preview:-1\" \/>\n<link rel=\"canonical\" href=\"http:\/\/gentedebasquet.com.ar\/sitio\/2025\/06\/13\/estudiantes-chivo-pero-gano\/\" \/>\n<meta property=\"og:locale\" content=\"es_ES\" \/>\n<meta property=\"og:type\" content=\"article\" \/>\n<meta property=\"og:title\" content=\"Estudiantes chiv\u00f3, pero gan\u00f3 - Gente de B\u00e1squet\" \/>\n<meta property=\"og:description\" content=\"Estudiantes venci\u00f3 a Liniers 81-73 por la octava fecha del Torneo de Primera. En un partido parejo, cambiante y caliente disputado en el Casanova, el \u00abAlbo\u00bb se qued\u00f3 con el triunfo y es uno de los tres l\u00edderes del campeonato. El primer tiempo fue de bajo goleo, los dos equipos se midieron, se estudiaron y [&hellip;]\" \/>\n<meta property=\"og:url\" content=\"http:\/\/gentedebasquet.com.ar\/sitio\/2025\/06\/13\/estudiantes-chivo-pero-gano\/\" \/>\n<meta property=\"og:site_name\" content=\"Gente de B\u00e1squet\" \/>\n<meta property=\"article:published_time\" content=\"2025-06-13T03:56:28+00:00\" \/>\n<meta property=\"og:image\" content=\"http:\/\/gentedebasquet.com.ar\/sitio\/wp-content\/uploads\/2025\/06\/WhatsApp-Image-2025-06-13-at-00.45.54.jpeg\" \/>\n\t<meta property=\"og:image:width\" content=\"1600\" \/>\n\t<meta property=\"og:image:height\" content=\"1200\" \/>\n\t<meta property=\"og:image:type\" content=\"image\/jpeg\" \/>\n<meta name=\"author\" content=\"Santiago Seisdedos\" \/>\n<meta name=\"twitter:card\" content=\"summary_large_image\" \/>\n<meta name=\"twitter:label1\" content=\"Escrito por\" \/>\n\t<meta name=\"twitter:data1\" content=\"Santiago Seisdedos\" \/>\n\t<meta name=\"twitter:label2\" content=\"Tiempo de lectura\" \/>\n\t<meta name=\"twitter:data2\" content=\"3 minutos\" \/>\n<script type=\"application\/ld+json\" class=\"yoast-schema-graph\">{\"@context\":\"https:\\\/\\\/schema.org\",\"@graph\":[{\"@type\":\"Article\",\"@id\":\"http:\\\/\\\/gentedebasquet.com.ar\\\/sitio\\\/2025\\\/06\\\/13\\\/estudiantes-chivo-pero-gano\\\/#article\",\"isPartOf\":{\"@id\":\"http:\\\/\\\/gentedebasquet.com.ar\\\/sitio\\\/2025\\\/06\\\/13\\\/estudiantes-chivo-pero-gano\\\/\"},\"author\":{\"name\":\"Santiago Seisdedos\",\"@id\":\"https:\\\/\\\/gentedebasquet.com.ar\\\/sitio\\\/#\\\/schema\\\/person\\\/3b50d7c801b9529aba70bd4613bca6da\"},\"headline\":\"Estudiantes chiv\u00f3, pero gan\u00f3\",\"datePublished\":\"2025-06-13T03:56:28+00:00\",\"mainEntityOfPage\":{\"@id\":\"http:\\\/\\\/gentedebasquet.com.ar\\\/sitio\\\/2025\\\/06\\\/13\\\/estudiantes-chivo-pero-gano\\\/\"},\"wordCount\":524,\"commentCount\":0,\"image\":{\"@id\":\"http:\\\/\\\/gentedebasquet.com.ar\\\/sitio\\\/2025\\\/06\\\/13\\\/estudiantes-chivo-pero-gano\\\/#primaryimage\"},\"thumbnailUrl\":\"https:\\\/\\\/gentedebasquet.com.ar\\\/sitio\\\/wp-content\\\/uploads\\\/2025\\\/06\\\/WhatsApp-Image-2025-06-13-at-00.45.54.jpeg\",\"keywords\":[\"Estudiantes\",\"Liniers\",\"Mat\u00edas Mart\u00ednez\",\"Primera\",\"Primera Divisi\u00f3n\"],\"articleSection\":[\"Primera\",\"Slide\"],\"inLanguage\":\"es\",\"potentialAction\":[{\"@type\":\"CommentAction\",\"name\":\"Comment\",\"target\":[\"http:\\\/\\\/gentedebasquet.com.ar\\\/sitio\\\/2025\\\/06\\\/13\\\/estudiantes-chivo-pero-gano\\\/#respond\"]}]},{\"@type\":\"WebPage\",\"@id\":\"http:\\\/\\\/gentedebasquet.com.ar\\\/sitio\\\/2025\\\/06\\\/13\\\/estudiantes-chivo-pero-gano\\\/\",\"url\":\"http:\\\/\\\/gentedebasquet.com.ar\\\/sitio\\\/2025\\\/06\\\/13\\\/estudiantes-chivo-pero-gano\\\/\",\"name\":\"Estudiantes chiv\u00f3, pero gan\u00f3 - Gente de B\u00e1squet\",\"isPartOf\":{\"@id\":\"https:\\\/\\\/gentedebasquet.com.ar\\\/sitio\\\/#website\"},\"primaryImageOfPage\":{\"@id\":\"http:\\\/\\\/gentedebasquet.com.ar\\\/sitio\\\/2025\\\/06\\\/13\\\/estudiantes-chivo-pero-gano\\\/#primaryimage\"},\"image\":{\"@id\":\"http:\\\/\\\/gentedebasquet.com.ar\\\/sitio\\\/2025\\\/06\\\/13\\\/estudiantes-chivo-pero-gano\\\/#primaryimage\"},\"thumbnailUrl\":\"https:\\\/\\\/gentedebasquet.com.ar\\\/sitio\\\/wp-content\\\/uploads\\\/2025\\\/06\\\/WhatsApp-Image-2025-06-13-at-00.45.54.jpeg\",\"datePublished\":\"2025-06-13T03:56:28+00:00\",\"author\":{\"@id\":\"https:\\\/\\\/gentedebasquet.com.ar\\\/sitio\\\/#\\\/schema\\\/person\\\/3b50d7c801b9529aba70bd4613bca6da\"},\"breadcrumb\":{\"@id\":\"http:\\\/\\\/gentedebasquet.com.ar\\\/sitio\\\/2025\\\/06\\\/13\\\/estudiantes-chivo-pero-gano\\\/#breadcrumb\"},\"inLanguage\":\"es\",\"potentialAction\":[{\"@type\":\"ReadAction\",\"target\":[\"http:\\\/\\\/gentedebasquet.com.ar\\\/sitio\\\/2025\\\/06\\\/13\\\/estudiantes-chivo-pero-gano\\\/\"]}]},{\"@type\":\"ImageObject\",\"inLanguage\":\"es\",\"@id\":\"http:\\\/\\\/gentedebasquet.com.ar\\\/sitio\\\/2025\\\/06\\\/13\\\/estudiantes-chivo-pero-gano\\\/#primaryimage\",\"url\":\"https:\\\/\\\/gentedebasquet.com.ar\\\/sitio\\\/wp-content\\\/uploads\\\/2025\\\/06\\\/WhatsApp-Image-2025-06-13-at-00.45.54.jpeg\",\"contentUrl\":\"https:\\\/\\\/gentedebasquet.com.ar\\\/sitio\\\/wp-content\\\/uploads\\\/2025\\\/06\\\/WhatsApp-Image-2025-06-13-at-00.45.54.jpeg\",\"width\":1600,\"height\":1200},{\"@type\":\"BreadcrumbList\",\"@id\":\"http:\\\/\\\/gentedebasquet.com.ar\\\/sitio\\\/2025\\\/06\\\/13\\\/estudiantes-chivo-pero-gano\\\/#breadcrumb\",\"itemListElement\":[{\"@type\":\"ListItem\",\"position\":1,\"name\":\"Portada\",\"item\":\"https:\\\/\\\/gentedebasquet.com.ar\\\/sitio\\\/\"},{\"@type\":\"ListItem\",\"position\":2,\"name\":\"Estudiantes chiv\u00f3, pero gan\u00f3\"}]},{\"@type\":\"WebSite\",\"@id\":\"https:\\\/\\\/gentedebasquet.com.ar\\\/sitio\\\/#website\",\"url\":\"https:\\\/\\\/gentedebasquet.com.ar\\\/sitio\\\/\",\"name\":\"Gente de B\u00e1squet\",\"description\":\"La revista del basquet de Bah\u00eda Blanca\",\"potentialAction\":[{\"@type\":\"SearchAction\",\"target\":{\"@type\":\"EntryPoint\",\"urlTemplate\":\"https:\\\/\\\/gentedebasquet.com.ar\\\/sitio\\\/?s={search_term_string}\"},\"query-input\":{\"@type\":\"PropertyValueSpecification\",\"valueRequired\":true,\"valueName\":\"search_term_string\"}}],\"inLanguage\":\"es\"},{\"@type\":\"Person\",\"@id\":\"https:\\\/\\\/gentedebasquet.com.ar\\\/sitio\\\/#\\\/schema\\\/person\\\/3b50d7c801b9529aba70bd4613bca6da\",\"name\":\"Santiago Seisdedos\",\"image\":{\"@type\":\"ImageObject\",\"inLanguage\":\"es\",\"@id\":\"https:\\\/\\\/secure.gravatar.com\\\/avatar\\\/be737e74404eb3825c4679da7a152b3c6980b470f7253114cd451344e20a8d80?s=96&d=mm&r=g\",\"url\":\"https:\\\/\\\/secure.gravatar.com\\\/avatar\\\/be737e74404eb3825c4679da7a152b3c6980b470f7253114cd451344e20a8d80?s=96&d=mm&r=g\",\"contentUrl\":\"https:\\\/\\\/secure.gravatar.com\\\/avatar\\\/be737e74404eb3825c4679da7a152b3c6980b470f7253114cd451344e20a8d80?s=96&d=mm&r=g\",\"caption\":\"Santiago Seisdedos\"},\"url\":\"https:\\\/\\\/gentedebasquet.com.ar\\\/sitio\\\/author\\\/santiago-sesidedos\\\/\"}]}<\/script>\n<!-- \/ Yoast SEO plugin. -->","yoast_head_json":{"title":"Estudiantes chiv\u00f3, pero gan\u00f3 - Gente de B\u00e1squet","robots":{"index":"index","follow":"follow","max-snippet":"max-snippet:-1","max-image-preview":"max-image-preview:large","max-video-preview":"max-video-preview:-1"},"canonical":"http:\/\/gentedebasquet.com.ar\/sitio\/2025\/06\/13\/estudiantes-chivo-pero-gano\/","og_locale":"es_ES","og_type":"article","og_title":"Estudiantes chiv\u00f3, pero gan\u00f3 - Gente de B\u00e1squet","og_description":"Estudiantes venci\u00f3 a Liniers 81-73 por la octava fecha del Torneo de Primera. En un partido parejo, cambiante y caliente disputado en el Casanova, el \u00abAlbo\u00bb se qued\u00f3 con el triunfo y es uno de los tres l\u00edderes del campeonato. El primer tiempo fue de bajo goleo, los dos equipos se midieron, se estudiaron y [&hellip;]","og_url":"http:\/\/gentedebasquet.com.ar\/sitio\/2025\/06\/13\/estudiantes-chivo-pero-gano\/","og_site_name":"Gente de B\u00e1squet","article_published_time":"2025-06-13T03:56:28+00:00","og_image":[{"width":1600,"height":1200,"url":"http:\/\/gentedebasquet.com.ar\/sitio\/wp-content\/uploads\/2025\/06\/WhatsApp-Image-2025-06-13-at-00.45.54.jpeg","type":"image\/jpeg"}],"author":"Santiago Seisdedos","twitter_card":"summary_large_image","twitter_misc":{"Escrito por":"Santiago Seisdedos","Tiempo de lectura":"3 minutos"},"schema":{"@context":"https:\/\/schema.org","@graph":[{"@type":"Article","@id":"http:\/\/gentedebasquet.com.ar\/sitio\/2025\/06\/13\/estudiantes-chivo-pero-gano\/#article","isPartOf":{"@id":"http:\/\/gentedebasquet.com.ar\/sitio\/2025\/06\/13\/estudiantes-chivo-pero-gano\/"},"author":{"name":"Santiago Seisdedos","@id":"https:\/\/gentedebasquet.com.ar\/sitio\/#\/schema\/person\/3b50d7c801b9529aba70bd4613bca6da"},"headline":"Estudiantes chiv\u00f3, pero gan\u00f3","datePublished":"2025-06-13T03:56:28+00:00","mainEntityOfPage":{"@id":"http:\/\/gentedebasquet.com.ar\/sitio\/2025\/06\/13\/estudiantes-chivo-pero-gano\/"},"wordCount":524,"commentCount":0,"image":{"@id":"http:\/\/gentedebasquet.com.ar\/sitio\/2025\/06\/13\/estudiantes-chivo-pero-gano\/#primaryimage"},"thumbnailUrl":"https:\/\/gentedebasquet.com.ar\/sitio\/wp-content\/uploads\/2025\/06\/WhatsApp-Image-2025-06-13-at-00.45.54.jpeg","keywords":["Estudiantes","Liniers","Mat\u00edas Mart\u00ednez","Primera","Primera Divisi\u00f3n"],"articleSection":["Primera","Slide"],"inLanguage":"es","potentialAction":[{"@type":"CommentAction","name":"Comment","target":["http:\/\/gentedebasquet.com.ar\/sitio\/2025\/06\/13\/estudiantes-chivo-pero-gano\/#respond"]}]},{"@type":"WebPage","@id":"http:\/\/gentedebasquet.com.ar\/sitio\/2025\/06\/13\/estudiantes-chivo-pero-gano\/","url":"http:\/\/gentedebasquet.com.ar\/sitio\/2025\/06\/13\/estudiantes-chivo-pero-gano\/","name":"Estudiantes chiv\u00f3, pero gan\u00f3 - Gente de B\u00e1squet","isPartOf":{"@id":"https:\/\/gentedebasquet.com.ar\/sitio\/#website"},"primaryImageOfPage":{"@id":"http:\/\/gentedebasquet.com.ar\/sitio\/2025\/06\/13\/estudiantes-chivo-pero-gano\/#primaryimage"},"image":{"@id":"http:\/\/gentedebasquet.com.ar\/sitio\/2025\/06\/13\/estudiantes-chivo-pero-gano\/#primaryimage"},"thumbnailUrl":"https:\/\/gentedebasquet.com.ar\/sitio\/wp-content\/uploads\/2025\/06\/WhatsApp-Image-2025-06-13-at-00.45.54.jpeg","datePublished":"2025-06-13T03:56:28+00:00","author":{"@id":"https:\/\/gentedebasquet.com.ar\/sitio\/#\/schema\/person\/3b50d7c801b9529aba70bd4613bca6da"},"breadcrumb":{"@id":"http:\/\/gentedebasquet.com.ar\/sitio\/2025\/06\/13\/estudiantes-chivo-pero-gano\/#breadcrumb"},"inLanguage":"es","potentialAction":[{"@type":"ReadAction","target":["http:\/\/gentedebasquet.com.ar\/sitio\/2025\/06\/13\/estudiantes-chivo-pero-gano\/"]}]},{"@type":"ImageObject","inLanguage":"es","@id":"http:\/\/gentedebasquet.com.ar\/sitio\/2025\/06\/13\/estudiantes-chivo-pero-gano\/#primaryimage","url":"https:\/\/gentedebasquet.com.ar\/sitio\/wp-content\/uploads\/2025\/06\/WhatsApp-Image-2025-06-13-at-00.45.54.jpeg","contentUrl":"https:\/\/gentedebasquet.com.ar\/sitio\/wp-content\/uploads\/2025\/06\/WhatsApp-Image-2025-06-13-at-00.45.54.jpeg","width":1600,"height":1200},{"@type":"BreadcrumbList","@id":"http:\/\/gentedebasquet.com.ar\/sitio\/2025\/06\/13\/estudiantes-chivo-pero-gano\/#breadcrumb","itemListElement":[{"@type":"ListItem","position":1,"name":"Portada","item":"https:\/\/gentedebasquet.com.ar\/sitio\/"},{"@type":"ListItem","position":2,"name":"Estudiantes chiv\u00f3, pero gan\u00f3"}]},{"@type":"WebSite","@id":"https:\/\/gentedebasquet.com.ar\/sitio\/#website","url":"https:\/\/gentedebasquet.com.ar\/sitio\/","name":"Gente de B\u00e1squet","description":"La revista del basquet de Bah\u00eda Blanca","potentialAction":[{"@type":"SearchAction","target":{"@type":"EntryPoint","urlTemplate":"https:\/\/gentedebasquet.com.ar\/sitio\/?s={search_term_string}"},"query-input":{"@type":"PropertyValueSpecification","valueRequired":true,"valueName":"search_term_string"}}],"inLanguage":"es"},{"@type":"Person","@id":"https:\/\/gentedebasquet.com.ar\/sitio\/#\/schema\/person\/3b50d7c801b9529aba70bd4613bca6da","name":"Santiago Seisdedos","image":{"@type":"ImageObject","inLanguage":"es","@id":"https:\/\/secure.gravatar.com\/avatar\/be737e74404eb3825c4679da7a152b3c6980b470f7253114cd451344e20a8d80?s=96&d=mm&r=g","url":"https:\/\/secure.gravatar.com\/avatar\/be737e74404eb3825c4679da7a152b3c6980b470f7253114cd451344e20a8d80?s=96&d=mm&r=g","contentUrl":"https:\/\/secure.gravatar.com\/avatar\/be737e74404eb3825c4679da7a152b3c6980b470f7253114cd451344e20a8d80?s=96&d=mm&r=g","caption":"Santiago Seisdedos"},"url":"https:\/\/gentedebasquet.com.ar\/sitio\/author\/santiago-sesidedos\/"}]}},"_links":{"self":[{"href":"https:\/\/gentedebasquet.com.ar\/sitio\/wp-json\/wp\/v2\/posts\/116387","targetHints":{"allow":["GET"]}}],"collection":[{"href":"https:\/\/gentedebasquet.com.ar\/sitio\/wp-json\/wp\/v2\/posts"}],"about":[{"href":"https:\/\/gentedebasquet.com.ar\/sitio\/wp-json\/wp\/v2\/types\/post"}],"author":[{"embeddable":true,"href":"https:\/\/gentedebasquet.com.ar\/sitio\/wp-json\/wp\/v2\/users\/71"}],"replies":[{"embeddable":true,"href":"https:\/\/gentedebasquet.com.ar\/sitio\/wp-json\/wp\/v2\/comments?post=116387"}],"version-history":[{"count":1,"href":"https:\/\/gentedebasquet.com.ar\/sitio\/wp-json\/wp\/v2\/posts\/116387\/revisions"}],"predecessor-version":[{"id":116392,"href":"https:\/\/gentedebasquet.com.ar\/sitio\/wp-json\/wp\/v2\/posts\/116387\/revisions\/116392"}],"wp:featuredmedia":[{"embeddable":true,"href":"https:\/\/gentedebasquet.com.ar\/sitio\/wp-json\/wp\/v2\/media\/116390"}],"wp:attachment":[{"href":"https:\/\/gentedebasquet.com.ar\/sitio\/wp-json\/wp\/v2\/media?parent=116387"}],"wp:term":[{"taxonomy":"category","embeddable":true,"href":"https:\/\/gentedebasquet.com.ar\/sitio\/wp-json\/wp\/v2\/categories?post=116387"},{"taxonomy":"post_tag","embeddable":true,"href":"https:\/\/gentedebasquet.com.ar\/sitio\/wp-json\/wp\/v2\/tags?post=116387"}],"curies":[{"name":"wp","href":"https:\/\/api.w.org\/{rel}","templated":true}]}}