{"id":116393,"date":"2025-06-12T23:58:27","date_gmt":"2025-06-12T21:58:27","guid":{"rendered":"https:\/\/gentedebasquet.com.ar\/sitio\/?p=116393"},"modified":"2025-06-13T06:09:40","modified_gmt":"2025-06-13T04:09:40","slug":"clave-victoria-del-verde","status":"publish","type":"post","link":"https:\/\/gentedebasquet.com.ar\/sitio\/2025\/06\/12\/clave-victoria-del-verde\/","title":{"rendered":"Victoria clave del verde"},"content":{"rendered":"<p><strong>Pacifico se hizo fuerte en el Vicente Palermo y venci\u00f3 a Pueyrred\u00f3n por 88 a 78.<\/strong><\/p>\n<p><strong>Tuvo cuatros jugadores en doble digito; Loos (19), Redivo (14), Boccatonda (12) y Cortes (12); en el local hubo 21 puntos de Guillermo Mallemaci.<\/strong><\/p>\n<p><strong>Con la victoria del verde, se igualan en record. Con cuatros triunfos e igual cantidad de derrotas, en el pelot\u00f3n del medio de la tabla. \u00a0<\/strong><\/p>\n<p>El visitante domin\u00f3 desde el arranque el tanteador. Logr\u00f3 anotar en continuado cerca del cesto, de cortes al aro o penetraciones para escapar 12 a 5 en 4m17.<\/p>\n<p>Pueyrred\u00f3n sufri\u00f3 atr\u00e1s y adelante, sin gol externo (0\/7), Renzi revoluciono el juego con intensidad en ambos lados de la cancha. Nico le agreg\u00f3 gol (7) y cerr\u00f3 el 1C, 13 a 21.<\/p>\n<p>Triple Loos le permiti\u00f3 al visitante escapar por doble digito (13-24), en la primera del segundo cuarto. Pueyrred\u00f3n intensifico en primera l\u00ednea, cort\u00f3 l\u00ednea de pase y con gol en transici\u00f3n, destrabo su ataque.<\/p>\n<p>Adem\u00e1s, la banca entr\u00f3 con gol y Mallemaci, se las ingeni\u00f3 para anotar en la zona pintada. Esto llev\u00f3 a igualar el juego en 33, Pacifico se plant\u00f3 en zona y con dos triples, qued\u00f3 arriba 35 a 39.<\/p>\n<p>En un tr\u00e1mite de bajos porcentajes y volumen de juego. Pueyrred\u00f3n en 1m57, plasm\u00f3 parcial 11 a 0 y pas\u00f3 de perder 41 a 47, a ganar 52 a 47 por primera vez en la noche. Con un gran pasaje defensivo y de Pan en ofensiva.<\/p>\n<p>Con desventaja de tres inicio el \u00faltimo cuarto el verde. Pero volvi\u00f3 a la defensa zonal y adelante, puso el bal\u00f3n en la zona pintada.<\/p>\n<p>Cort\u00f3 la fluidez del local, y le baj\u00f3 nuevamente los porcentajes y adelante, logr\u00f3 ventajas cerca del cesto, adem\u00e1s de anotar en ocasiones de segundas oportunidades.<\/p>\n<p>Al juego cerca del aro, le agreg\u00f3 los puntos desde el per\u00edmetro de Boccatonda y la ventaja, se fue otra vez al doble digito (59-71) con 5m32 por jugar, con parcial 3-18.<\/p>\n<p>La diferencia fue decisiva y el triunfo qued\u00f3 en manos de Pacifico.<\/p>\n<div class=\"jeg_video_container jeg_video_content\"><iframe loading=\"lazy\" title=\"#Primera - Fecha #8: Pueyrred\u00f3n 78-88 Pacifico.\" width=\"500\" height=\"281\" src=\"https:\/\/www.youtube.com\/embed\/zNirdPW5PXY?feature=oembed\" frameborder=\"0\" allow=\"accelerometer; autoplay; clipboard-write; encrypted-media; gyroscope; picture-in-picture; web-share\" referrerpolicy=\"strict-origin-when-cross-origin\" allowfullscreen><\/iframe><\/div>\n<p><img decoding=\"async\" class=\"alignnone size-medium wp-image-116399\" src=\"http:\/\/gentedebasquet.com.ar\/sitio\/wp-content\/uploads\/2025\/06\/802-300x169.jpg\" alt=\"\" width=\"300\" height=\"169\" srcset=\"https:\/\/gentedebasquet.com.ar\/sitio\/wp-content\/uploads\/2025\/06\/802-300x169.jpg 300w, https:\/\/gentedebasquet.com.ar\/sitio\/wp-content\/uploads\/2025\/06\/802-768x432.jpg 768w, https:\/\/gentedebasquet.com.ar\/sitio\/wp-content\/uploads\/2025\/06\/802-750x422.jpg 750w, https:\/\/gentedebasquet.com.ar\/sitio\/wp-content\/uploads\/2025\/06\/802.jpg 800w\" sizes=\"(max-width: 300px) 100vw, 300px\" \/><\/p>\n<p><img decoding=\"async\" class=\"alignnone size-medium wp-image-116394\" src=\"http:\/\/gentedebasquet.com.ar\/sitio\/wp-content\/uploads\/2025\/06\/MVP-1-300x300.jpg\" alt=\"\" width=\"300\" height=\"300\" srcset=\"https:\/\/gentedebasquet.com.ar\/sitio\/wp-content\/uploads\/2025\/06\/MVP-1-300x300.jpg 300w, https:\/\/gentedebasquet.com.ar\/sitio\/wp-content\/uploads\/2025\/06\/MVP-1-1024x1024.jpg 1024w, https:\/\/gentedebasquet.com.ar\/sitio\/wp-content\/uploads\/2025\/06\/MVP-1-150x150.jpg 150w, https:\/\/gentedebasquet.com.ar\/sitio\/wp-content\/uploads\/2025\/06\/MVP-1-768x768.jpg 768w, https:\/\/gentedebasquet.com.ar\/sitio\/wp-content\/uploads\/2025\/06\/MVP-1-1536x1536.jpg 1536w, https:\/\/gentedebasquet.com.ar\/sitio\/wp-content\/uploads\/2025\/06\/MVP-1-75x75.jpg 75w, https:\/\/gentedebasquet.com.ar\/sitio\/wp-content\/uploads\/2025\/06\/MVP-1-350x350.jpg 350w, https:\/\/gentedebasquet.com.ar\/sitio\/wp-content\/uploads\/2025\/06\/MVP-1-750x750.jpg 750w, https:\/\/gentedebasquet.com.ar\/sitio\/wp-content\/uploads\/2025\/06\/MVP-1-1140x1140.jpg 1140w, https:\/\/gentedebasquet.com.ar\/sitio\/wp-content\/uploads\/2025\/06\/MVP-1.jpg 2000w\" sizes=\"(max-width: 300px) 100vw, 300px\" \/><\/p>\n<blockquote><p>\u201cHicimos un gran trabajo defensivo, y adelante supimos resolver bien. Tuvimos un buen inicio, pero entramos abajo al \u00faltimo cuarto, la idea era ir fuerte para adentro y buscar anotar cerca del aro; adem\u00e1s de mantener una fuerte defensa\u201d Santiago Loos (Pacifico)<\/p><\/blockquote>\n<p><img decoding=\"async\" class=\"alignnone size-medium wp-image-116395\" src=\"http:\/\/gentedebasquet.com.ar\/sitio\/wp-content\/uploads\/2025\/06\/Loos-300x169.jpg\" alt=\"\" width=\"300\" height=\"169\" srcset=\"https:\/\/gentedebasquet.com.ar\/sitio\/wp-content\/uploads\/2025\/06\/Loos-300x169.jpg 300w, https:\/\/gentedebasquet.com.ar\/sitio\/wp-content\/uploads\/2025\/06\/Loos-768x432.jpg 768w, https:\/\/gentedebasquet.com.ar\/sitio\/wp-content\/uploads\/2025\/06\/Loos-750x422.jpg 750w, https:\/\/gentedebasquet.com.ar\/sitio\/wp-content\/uploads\/2025\/06\/Loos.jpg 800w\" sizes=\"(max-width: 300px) 100vw, 300px\" \/><\/p>\n<p><strong>S\u00edntesis<\/strong> &#8211; Primera Divisi\u00f3n &#8211; Fecha #8<\/p>\n<p><strong>Pueyrred\u00f3n 78<\/strong>: Dami\u00e1n Carci 11, Lucas Lucchetti 0, Nicol\u00e1s Renzi 9, Guillermo Mallemaci 21 (x), Carlos Balmaceda 2 (FI); Juan Paronetto 6, Alan Pan 18, Gregorio Gerhardt 11. DT: Andr\u00e9s Iannamico.<\/p>\n<p><strong>Pacifico 88<\/strong>: Mateo Boccatonda 13, Francisco Michelli 7 (x), Juan Redivo 14, Santiago Loos 19, Tomas Sagarzazu 4 (x) (FI); Branco Salvatori 7, Genaro Pisani 4, I\u00f1aki Errazu 3, Valent\u00edn Cortes 12, Francisco Mattioli 5. DT: Mauro Richotti.<\/p>\n<p><strong>Parciales:<\/strong> 13-21, 35-39 (22-18), 56-53 (21-14), 78-88 (22-35).<\/p>\n<p><strong>\u00c1rbitros:<\/strong> N\u00e9stor Schernenco &#8211; Sebasti\u00e1n Arcas &#8211; Mat\u00edas Juan.<\/p>\n<p><strong>Estadio<\/strong>: Vicente Palermo (Pueyrred\u00f3n).<\/p>\n<p><strong>Fotos:<\/strong> Santiago Guerrero.<\/p>\n<p><img decoding=\"async\" class=\"alignnone size-medium wp-image-116396\" src=\"http:\/\/gentedebasquet.com.ar\/sitio\/wp-content\/uploads\/2025\/06\/800-1-300x169.jpg\" alt=\"\" width=\"300\" height=\"169\" srcset=\"https:\/\/gentedebasquet.com.ar\/sitio\/wp-content\/uploads\/2025\/06\/800-1-300x169.jpg 300w, https:\/\/gentedebasquet.com.ar\/sitio\/wp-content\/uploads\/2025\/06\/800-1-768x432.jpg 768w, https:\/\/gentedebasquet.com.ar\/sitio\/wp-content\/uploads\/2025\/06\/800-1-750x422.jpg 750w, https:\/\/gentedebasquet.com.ar\/sitio\/wp-content\/uploads\/2025\/06\/800-1.jpg 800w\" sizes=\"(max-width: 300px) 100vw, 300px\" \/><\/p>\n<p><img decoding=\"async\" class=\"alignnone size-medium wp-image-116397\" src=\"http:\/\/gentedebasquet.com.ar\/sitio\/wp-content\/uploads\/2025\/06\/CLAVE-1-300x300.jpg\" alt=\"\" width=\"300\" height=\"300\" srcset=\"https:\/\/gentedebasquet.com.ar\/sitio\/wp-content\/uploads\/2025\/06\/CLAVE-1-300x300.jpg 300w, https:\/\/gentedebasquet.com.ar\/sitio\/wp-content\/uploads\/2025\/06\/CLAVE-1-1024x1024.jpg 1024w, https:\/\/gentedebasquet.com.ar\/sitio\/wp-content\/uploads\/2025\/06\/CLAVE-1-150x150.jpg 150w, https:\/\/gentedebasquet.com.ar\/sitio\/wp-content\/uploads\/2025\/06\/CLAVE-1-768x768.jpg 768w, https:\/\/gentedebasquet.com.ar\/sitio\/wp-content\/uploads\/2025\/06\/CLAVE-1-1536x1536.jpg 1536w, https:\/\/gentedebasquet.com.ar\/sitio\/wp-content\/uploads\/2025\/06\/CLAVE-1-75x75.jpg 75w, https:\/\/gentedebasquet.com.ar\/sitio\/wp-content\/uploads\/2025\/06\/CLAVE-1-350x350.jpg 350w, https:\/\/gentedebasquet.com.ar\/sitio\/wp-content\/uploads\/2025\/06\/CLAVE-1-750x750.jpg 750w, https:\/\/gentedebasquet.com.ar\/sitio\/wp-content\/uploads\/2025\/06\/CLAVE-1-1140x1140.jpg 1140w, https:\/\/gentedebasquet.com.ar\/sitio\/wp-content\/uploads\/2025\/06\/CLAVE-1.jpg 2000w\" sizes=\"(max-width: 300px) 100vw, 300px\" \/><\/p>\n<p><img decoding=\"async\" class=\"alignnone size-medium wp-image-116398\" src=\"http:\/\/gentedebasquet.com.ar\/sitio\/wp-content\/uploads\/2025\/06\/801-300x169.jpg\" alt=\"\" width=\"300\" height=\"169\" srcset=\"https:\/\/gentedebasquet.com.ar\/sitio\/wp-content\/uploads\/2025\/06\/801-300x169.jpg 300w, https:\/\/gentedebasquet.com.ar\/sitio\/wp-content\/uploads\/2025\/06\/801-768x432.jpg 768w, https:\/\/gentedebasquet.com.ar\/sitio\/wp-content\/uploads\/2025\/06\/801-750x422.jpg 750w, https:\/\/gentedebasquet.com.ar\/sitio\/wp-content\/uploads\/2025\/06\/801.jpg 800w\" sizes=\"(max-width: 300px) 100vw, 300px\" \/><\/p>\n<p>&nbsp;<\/p>\n","protected":false},"excerpt":{"rendered":"<p>Pacifico se hizo fuerte en el Vicente Palermo y venci\u00f3 a Pueyrred\u00f3n por 88 a 78. Tuvo cuatros jugadores en doble digito; Loos (19), Redivo (14), Boccatonda (12) y Cortes (12); en el local hubo 21 puntos de Guillermo Mallemaci. Con la victoria del verde, se igualan en record. Con cuatros triunfos e igual cantidad [&hellip;]<\/p>\n","protected":false},"author":47,"featured_media":116400,"comment_status":"open","ping_status":"open","sticky":false,"template":"","format":"standard","meta":{"jnews-multi-image_gallery":[],"jnews_single_post":{"source_name":"","source_url":"","via_name":"","via_url":"","override_template":"0","override":[{"template":"1","single_blog_custom":"","parallax":"1","fullscreen":"1","layout":"right-sidebar","sidebar":"default-sidebar","second_sidebar":"default-sidebar","sticky_sidebar":"1","share_position":"top","share_float_style":"share-monocrhome","show_share_counter":"0","show_view_counter":"0","show_featured":"1","show_post_meta":"1","show_post_author":"1","show_post_author_image":"0","show_post_date":"1","post_date_format":"default","post_date_format_custom":"Y\/m\/d","show_post_category":"1","show_post_reading_time":"0","post_reading_time_wpm":"300","show_zoom_button":"0","zoom_button_out_step":"2","zoom_button_in_step":"3","show_post_tag":"1","show_prev_next_post":"1","show_popup_post":"0","number_popup_post":"1","show_author_box":"0","show_post_related":"0","show_inline_post_related":"0"}],"override_image_size":"0","image_override":[{"single_post_thumbnail_size":"crop-500","single_post_gallery_size":"crop-500"}],"trending_post":"0","trending_post_position":"meta","trending_post_label":"Trending","sponsored_post":"0","sponsored_post_label":"Sponsored by","sponsored_post_name":"","sponsored_post_url":"","sponsored_post_logo_enable":"0","sponsored_post_logo":"","sponsored_post_desc":"","disable_ad":"0"},"jnews_primary_category":{"id":"","hide":""},"footnotes":""},"categories":[23,101],"tags":[17,18,1719],"class_list":["post-116393","post","type-post","status-publish","format-standard","has-post-thumbnail","hentry","category-primera","category-slide","tag-pacifico","tag-pueyrredon","tag-santiago-loos"],"yoast_head":"<!-- This site is optimized with the Yoast SEO plugin v27.5 - https:\/\/yoast.com\/product\/yoast-seo-wordpress\/ -->\n<title>Victoria clave del verde - Gente de B\u00e1squet<\/title>\n<meta name=\"robots\" content=\"index, follow, max-snippet:-1, max-image-preview:large, max-video-preview:-1\" \/>\n<link rel=\"canonical\" href=\"https:\/\/gentedebasquet.com.ar\/sitio\/2025\/06\/12\/clave-victoria-del-verde\/\" \/>\n<meta property=\"og:locale\" content=\"es_ES\" \/>\n<meta property=\"og:type\" content=\"article\" \/>\n<meta property=\"og:title\" content=\"Victoria clave del verde - Gente de B\u00e1squet\" \/>\n<meta property=\"og:description\" content=\"Pacifico se hizo fuerte en el Vicente Palermo y venci\u00f3 a Pueyrred\u00f3n por 88 a 78. Tuvo cuatros jugadores en doble digito; Loos (19), Redivo (14), Boccatonda (12) y Cortes (12); en el local hubo 21 puntos de Guillermo Mallemaci. Con la victoria del verde, se igualan en record. Con cuatros triunfos e igual cantidad [&hellip;]\" \/>\n<meta property=\"og:url\" content=\"https:\/\/gentedebasquet.com.ar\/sitio\/2025\/06\/12\/clave-victoria-del-verde\/\" \/>\n<meta property=\"og:site_name\" content=\"Gente de B\u00e1squet\" \/>\n<meta property=\"article:published_time\" content=\"2025-06-12T21:58:27+00:00\" \/>\n<meta property=\"article:modified_time\" content=\"2025-06-13T04:09:40+00:00\" \/>\n<meta property=\"og:image\" content=\"https:\/\/gentedebasquet.com.ar\/sitio\/wp-content\/uploads\/2025\/06\/690-1.jpg\" \/>\n\t<meta property=\"og:image:width\" content=\"690\" \/>\n\t<meta property=\"og:image:height\" content=\"319\" \/>\n\t<meta property=\"og:image:type\" content=\"image\/jpeg\" \/>\n<meta name=\"author\" content=\"Franco Crivellini\" \/>\n<meta name=\"twitter:card\" content=\"summary_large_image\" \/>\n<meta name=\"twitter:label1\" content=\"Escrito por\" \/>\n\t<meta name=\"twitter:data1\" content=\"Franco Crivellini\" \/>\n\t<meta name=\"twitter:label2\" content=\"Tiempo de lectura\" \/>\n\t<meta name=\"twitter:data2\" content=\"4 minutos\" \/>\n<script type=\"application\/ld+json\" class=\"yoast-schema-graph\">{\"@context\":\"https:\\\/\\\/schema.org\",\"@graph\":[{\"@type\":\"Article\",\"@id\":\"https:\\\/\\\/gentedebasquet.com.ar\\\/sitio\\\/2025\\\/06\\\/12\\\/clave-victoria-del-verde\\\/#article\",\"isPartOf\":{\"@id\":\"https:\\\/\\\/gentedebasquet.com.ar\\\/sitio\\\/2025\\\/06\\\/12\\\/clave-victoria-del-verde\\\/\"},\"author\":{\"name\":\"Franco Crivellini\",\"@id\":\"https:\\\/\\\/gentedebasquet.com.ar\\\/sitio\\\/#\\\/schema\\\/person\\\/8aab22e4df61e089287228bd32bccc28\"},\"headline\":\"Victoria clave del verde\",\"datePublished\":\"2025-06-12T21:58:27+00:00\",\"dateModified\":\"2025-06-13T04:09:40+00:00\",\"mainEntityOfPage\":{\"@id\":\"https:\\\/\\\/gentedebasquet.com.ar\\\/sitio\\\/2025\\\/06\\\/12\\\/clave-victoria-del-verde\\\/\"},\"wordCount\":479,\"commentCount\":0,\"image\":{\"@id\":\"https:\\\/\\\/gentedebasquet.com.ar\\\/sitio\\\/2025\\\/06\\\/12\\\/clave-victoria-del-verde\\\/#primaryimage\"},\"thumbnailUrl\":\"https:\\\/\\\/gentedebasquet.com.ar\\\/sitio\\\/wp-content\\\/uploads\\\/2025\\\/06\\\/690-1.jpg\",\"keywords\":[\"Pacifico\",\"Pueyrredon\",\"Santiago Loos\"],\"articleSection\":[\"Primera\",\"Slide\"],\"inLanguage\":\"es\",\"potentialAction\":[{\"@type\":\"CommentAction\",\"name\":\"Comment\",\"target\":[\"https:\\\/\\\/gentedebasquet.com.ar\\\/sitio\\\/2025\\\/06\\\/12\\\/clave-victoria-del-verde\\\/#respond\"]}]},{\"@type\":\"WebPage\",\"@id\":\"https:\\\/\\\/gentedebasquet.com.ar\\\/sitio\\\/2025\\\/06\\\/12\\\/clave-victoria-del-verde\\\/\",\"url\":\"https:\\\/\\\/gentedebasquet.com.ar\\\/sitio\\\/2025\\\/06\\\/12\\\/clave-victoria-del-verde\\\/\",\"name\":\"Victoria clave del verde - Gente de B\u00e1squet\",\"isPartOf\":{\"@id\":\"https:\\\/\\\/gentedebasquet.com.ar\\\/sitio\\\/#website\"},\"primaryImageOfPage\":{\"@id\":\"https:\\\/\\\/gentedebasquet.com.ar\\\/sitio\\\/2025\\\/06\\\/12\\\/clave-victoria-del-verde\\\/#primaryimage\"},\"image\":{\"@id\":\"https:\\\/\\\/gentedebasquet.com.ar\\\/sitio\\\/2025\\\/06\\\/12\\\/clave-victoria-del-verde\\\/#primaryimage\"},\"thumbnailUrl\":\"https:\\\/\\\/gentedebasquet.com.ar\\\/sitio\\\/wp-content\\\/uploads\\\/2025\\\/06\\\/690-1.jpg\",\"datePublished\":\"2025-06-12T21:58:27+00:00\",\"dateModified\":\"2025-06-13T04:09:40+00:00\",\"author\":{\"@id\":\"https:\\\/\\\/gentedebasquet.com.ar\\\/sitio\\\/#\\\/schema\\\/person\\\/8aab22e4df61e089287228bd32bccc28\"},\"breadcrumb\":{\"@id\":\"https:\\\/\\\/gentedebasquet.com.ar\\\/sitio\\\/2025\\\/06\\\/12\\\/clave-victoria-del-verde\\\/#breadcrumb\"},\"inLanguage\":\"es\",\"potentialAction\":[{\"@type\":\"ReadAction\",\"target\":[\"https:\\\/\\\/gentedebasquet.com.ar\\\/sitio\\\/2025\\\/06\\\/12\\\/clave-victoria-del-verde\\\/\"]}]},{\"@type\":\"ImageObject\",\"inLanguage\":\"es\",\"@id\":\"https:\\\/\\\/gentedebasquet.com.ar\\\/sitio\\\/2025\\\/06\\\/12\\\/clave-victoria-del-verde\\\/#primaryimage\",\"url\":\"https:\\\/\\\/gentedebasquet.com.ar\\\/sitio\\\/wp-content\\\/uploads\\\/2025\\\/06\\\/690-1.jpg\",\"contentUrl\":\"https:\\\/\\\/gentedebasquet.com.ar\\\/sitio\\\/wp-content\\\/uploads\\\/2025\\\/06\\\/690-1.jpg\",\"width\":690,\"height\":319},{\"@type\":\"BreadcrumbList\",\"@id\":\"https:\\\/\\\/gentedebasquet.com.ar\\\/sitio\\\/2025\\\/06\\\/12\\\/clave-victoria-del-verde\\\/#breadcrumb\",\"itemListElement\":[{\"@type\":\"ListItem\",\"position\":1,\"name\":\"Portada\",\"item\":\"https:\\\/\\\/gentedebasquet.com.ar\\\/sitio\\\/\"},{\"@type\":\"ListItem\",\"position\":2,\"name\":\"Victoria clave del verde\"}]},{\"@type\":\"WebSite\",\"@id\":\"https:\\\/\\\/gentedebasquet.com.ar\\\/sitio\\\/#website\",\"url\":\"https:\\\/\\\/gentedebasquet.com.ar\\\/sitio\\\/\",\"name\":\"Gente de B\u00e1squet\",\"description\":\"La revista del basquet de Bah\u00eda Blanca\",\"potentialAction\":[{\"@type\":\"SearchAction\",\"target\":{\"@type\":\"EntryPoint\",\"urlTemplate\":\"https:\\\/\\\/gentedebasquet.com.ar\\\/sitio\\\/?s={search_term_string}\"},\"query-input\":{\"@type\":\"PropertyValueSpecification\",\"valueRequired\":true,\"valueName\":\"search_term_string\"}}],\"inLanguage\":\"es\"},{\"@type\":\"Person\",\"@id\":\"https:\\\/\\\/gentedebasquet.com.ar\\\/sitio\\\/#\\\/schema\\\/person\\\/8aab22e4df61e089287228bd32bccc28\",\"name\":\"Franco Crivellini\",\"image\":{\"@type\":\"ImageObject\",\"inLanguage\":\"es\",\"@id\":\"https:\\\/\\\/secure.gravatar.com\\\/avatar\\\/821dc58be638215ae0ad83d46863403d1dbfc54f3224ab8ae62f29c924eb08d8?s=96&d=mm&r=g\",\"url\":\"https:\\\/\\\/secure.gravatar.com\\\/avatar\\\/821dc58be638215ae0ad83d46863403d1dbfc54f3224ab8ae62f29c924eb08d8?s=96&d=mm&r=g\",\"contentUrl\":\"https:\\\/\\\/secure.gravatar.com\\\/avatar\\\/821dc58be638215ae0ad83d46863403d1dbfc54f3224ab8ae62f29c924eb08d8?s=96&d=mm&r=g\",\"caption\":\"Franco Crivellini\"},\"url\":\"https:\\\/\\\/gentedebasquet.com.ar\\\/sitio\\\/author\\\/franco-crivellini\\\/\"}]}<\/script>\n<!-- \/ Yoast SEO plugin. -->","yoast_head_json":{"title":"Victoria clave del verde - Gente de B\u00e1squet","robots":{"index":"index","follow":"follow","max-snippet":"max-snippet:-1","max-image-preview":"max-image-preview:large","max-video-preview":"max-video-preview:-1"},"canonical":"https:\/\/gentedebasquet.com.ar\/sitio\/2025\/06\/12\/clave-victoria-del-verde\/","og_locale":"es_ES","og_type":"article","og_title":"Victoria clave del verde - Gente de B\u00e1squet","og_description":"Pacifico se hizo fuerte en el Vicente Palermo y venci\u00f3 a Pueyrred\u00f3n por 88 a 78. Tuvo cuatros jugadores en doble digito; Loos (19), Redivo (14), Boccatonda (12) y Cortes (12); en el local hubo 21 puntos de Guillermo Mallemaci. Con la victoria del verde, se igualan en record. Con cuatros triunfos e igual cantidad [&hellip;]","og_url":"https:\/\/gentedebasquet.com.ar\/sitio\/2025\/06\/12\/clave-victoria-del-verde\/","og_site_name":"Gente de B\u00e1squet","article_published_time":"2025-06-12T21:58:27+00:00","article_modified_time":"2025-06-13T04:09:40+00:00","og_image":[{"width":690,"height":319,"url":"https:\/\/gentedebasquet.com.ar\/sitio\/wp-content\/uploads\/2025\/06\/690-1.jpg","type":"image\/jpeg"}],"author":"Franco Crivellini","twitter_card":"summary_large_image","twitter_misc":{"Escrito por":"Franco Crivellini","Tiempo de lectura":"4 minutos"},"schema":{"@context":"https:\/\/schema.org","@graph":[{"@type":"Article","@id":"https:\/\/gentedebasquet.com.ar\/sitio\/2025\/06\/12\/clave-victoria-del-verde\/#article","isPartOf":{"@id":"https:\/\/gentedebasquet.com.ar\/sitio\/2025\/06\/12\/clave-victoria-del-verde\/"},"author":{"name":"Franco Crivellini","@id":"https:\/\/gentedebasquet.com.ar\/sitio\/#\/schema\/person\/8aab22e4df61e089287228bd32bccc28"},"headline":"Victoria clave del verde","datePublished":"2025-06-12T21:58:27+00:00","dateModified":"2025-06-13T04:09:40+00:00","mainEntityOfPage":{"@id":"https:\/\/gentedebasquet.com.ar\/sitio\/2025\/06\/12\/clave-victoria-del-verde\/"},"wordCount":479,"commentCount":0,"image":{"@id":"https:\/\/gentedebasquet.com.ar\/sitio\/2025\/06\/12\/clave-victoria-del-verde\/#primaryimage"},"thumbnailUrl":"https:\/\/gentedebasquet.com.ar\/sitio\/wp-content\/uploads\/2025\/06\/690-1.jpg","keywords":["Pacifico","Pueyrredon","Santiago Loos"],"articleSection":["Primera","Slide"],"inLanguage":"es","potentialAction":[{"@type":"CommentAction","name":"Comment","target":["https:\/\/gentedebasquet.com.ar\/sitio\/2025\/06\/12\/clave-victoria-del-verde\/#respond"]}]},{"@type":"WebPage","@id":"https:\/\/gentedebasquet.com.ar\/sitio\/2025\/06\/12\/clave-victoria-del-verde\/","url":"https:\/\/gentedebasquet.com.ar\/sitio\/2025\/06\/12\/clave-victoria-del-verde\/","name":"Victoria clave del verde - Gente de B\u00e1squet","isPartOf":{"@id":"https:\/\/gentedebasquet.com.ar\/sitio\/#website"},"primaryImageOfPage":{"@id":"https:\/\/gentedebasquet.com.ar\/sitio\/2025\/06\/12\/clave-victoria-del-verde\/#primaryimage"},"image":{"@id":"https:\/\/gentedebasquet.com.ar\/sitio\/2025\/06\/12\/clave-victoria-del-verde\/#primaryimage"},"thumbnailUrl":"https:\/\/gentedebasquet.com.ar\/sitio\/wp-content\/uploads\/2025\/06\/690-1.jpg","datePublished":"2025-06-12T21:58:27+00:00","dateModified":"2025-06-13T04:09:40+00:00","author":{"@id":"https:\/\/gentedebasquet.com.ar\/sitio\/#\/schema\/person\/8aab22e4df61e089287228bd32bccc28"},"breadcrumb":{"@id":"https:\/\/gentedebasquet.com.ar\/sitio\/2025\/06\/12\/clave-victoria-del-verde\/#breadcrumb"},"inLanguage":"es","potentialAction":[{"@type":"ReadAction","target":["https:\/\/gentedebasquet.com.ar\/sitio\/2025\/06\/12\/clave-victoria-del-verde\/"]}]},{"@type":"ImageObject","inLanguage":"es","@id":"https:\/\/gentedebasquet.com.ar\/sitio\/2025\/06\/12\/clave-victoria-del-verde\/#primaryimage","url":"https:\/\/gentedebasquet.com.ar\/sitio\/wp-content\/uploads\/2025\/06\/690-1.jpg","contentUrl":"https:\/\/gentedebasquet.com.ar\/sitio\/wp-content\/uploads\/2025\/06\/690-1.jpg","width":690,"height":319},{"@type":"BreadcrumbList","@id":"https:\/\/gentedebasquet.com.ar\/sitio\/2025\/06\/12\/clave-victoria-del-verde\/#breadcrumb","itemListElement":[{"@type":"ListItem","position":1,"name":"Portada","item":"https:\/\/gentedebasquet.com.ar\/sitio\/"},{"@type":"ListItem","position":2,"name":"Victoria clave del verde"}]},{"@type":"WebSite","@id":"https:\/\/gentedebasquet.com.ar\/sitio\/#website","url":"https:\/\/gentedebasquet.com.ar\/sitio\/","name":"Gente de B\u00e1squet","description":"La revista del basquet de Bah\u00eda Blanca","potentialAction":[{"@type":"SearchAction","target":{"@type":"EntryPoint","urlTemplate":"https:\/\/gentedebasquet.com.ar\/sitio\/?s={search_term_string}"},"query-input":{"@type":"PropertyValueSpecification","valueRequired":true,"valueName":"search_term_string"}}],"inLanguage":"es"},{"@type":"Person","@id":"https:\/\/gentedebasquet.com.ar\/sitio\/#\/schema\/person\/8aab22e4df61e089287228bd32bccc28","name":"Franco Crivellini","image":{"@type":"ImageObject","inLanguage":"es","@id":"https:\/\/secure.gravatar.com\/avatar\/821dc58be638215ae0ad83d46863403d1dbfc54f3224ab8ae62f29c924eb08d8?s=96&d=mm&r=g","url":"https:\/\/secure.gravatar.com\/avatar\/821dc58be638215ae0ad83d46863403d1dbfc54f3224ab8ae62f29c924eb08d8?s=96&d=mm&r=g","contentUrl":"https:\/\/secure.gravatar.com\/avatar\/821dc58be638215ae0ad83d46863403d1dbfc54f3224ab8ae62f29c924eb08d8?s=96&d=mm&r=g","caption":"Franco Crivellini"},"url":"https:\/\/gentedebasquet.com.ar\/sitio\/author\/franco-crivellini\/"}]}},"_links":{"self":[{"href":"https:\/\/gentedebasquet.com.ar\/sitio\/wp-json\/wp\/v2\/posts\/116393","targetHints":{"allow":["GET"]}}],"collection":[{"href":"https:\/\/gentedebasquet.com.ar\/sitio\/wp-json\/wp\/v2\/posts"}],"about":[{"href":"https:\/\/gentedebasquet.com.ar\/sitio\/wp-json\/wp\/v2\/types\/post"}],"author":[{"embeddable":true,"href":"https:\/\/gentedebasquet.com.ar\/sitio\/wp-json\/wp\/v2\/users\/47"}],"replies":[{"embeddable":true,"href":"https:\/\/gentedebasquet.com.ar\/sitio\/wp-json\/wp\/v2\/comments?post=116393"}],"version-history":[{"count":4,"href":"https:\/\/gentedebasquet.com.ar\/sitio\/wp-json\/wp\/v2\/posts\/116393\/revisions"}],"predecessor-version":[{"id":116408,"href":"https:\/\/gentedebasquet.com.ar\/sitio\/wp-json\/wp\/v2\/posts\/116393\/revisions\/116408"}],"wp:featuredmedia":[{"embeddable":true,"href":"https:\/\/gentedebasquet.com.ar\/sitio\/wp-json\/wp\/v2\/media\/116400"}],"wp:attachment":[{"href":"https:\/\/gentedebasquet.com.ar\/sitio\/wp-json\/wp\/v2\/media?parent=116393"}],"wp:term":[{"taxonomy":"category","embeddable":true,"href":"https:\/\/gentedebasquet.com.ar\/sitio\/wp-json\/wp\/v2\/categories?post=116393"},{"taxonomy":"post_tag","embeddable":true,"href":"https:\/\/gentedebasquet.com.ar\/sitio\/wp-json\/wp\/v2\/tags?post=116393"}],"curies":[{"name":"wp","href":"https:\/\/api.w.org\/{rel}","templated":true}]}}