{"id":116433,"date":"2025-06-14T05:37:41","date_gmt":"2025-06-14T03:37:41","guid":{"rendered":"https:\/\/gentedebasquet.com.ar\/sitio\/?p=116433"},"modified":"2025-06-14T05:39:59","modified_gmt":"2025-06-14T03:39:59","slug":"ateneo-cerro-otra-semana-feliz","status":"publish","type":"post","link":"https:\/\/gentedebasquet.com.ar\/sitio\/2025\/06\/14\/ateneo-cerro-otra-semana-feliz\/","title":{"rendered":"Ateneo cerr\u00f3 otra semana feliz"},"content":{"rendered":"<p><strong>Le gan\u00f3 78 a 49 a La Falda y no se baja de la pelea. En el celeste sobresalieron Juli\u00e1n Ripoll con 22 puntos m\u00e1s 8 rebotes y 5 asistencias y Mat\u00edas Leiva con 21 (con 3\/4 en T2 y 5\/10 en T3).<\/strong><\/p>\n<p><strong>En el elenco de Juan Miguel Vigna hubo 13 m\u00e1s 8 recobres de Benjam\u00edn Minnucci y 13 de Valentino Kleja.<\/strong><\/p>\n<p><strong>En la previa hubo un muy lindo homenaje por el D\u00eda del Padre. Los jugadores y el cuerpo t\u00e9cnico local posaron junto a padres e hijos.<\/strong><\/p>\n<p><strong>Despu\u00e9s de un 1C espantoso (9-9), el albirrojo sufri\u00f3 la descalificaci\u00f3n de Nicol\u00e1s Cornago (restaban 5min y 58seg para el final del 2C y estaban 19-13 en el tanteador, cuando los jueces observaron que el \u201c11\u201d le propin\u00f3 un rodillazo a Ripoll) y se desenfoc\u00f3.<\/strong><\/p>\n<p><strong>Corriendo la cancha, la escuadra de Alexis Amarfil fue indetenible, mantuvo la intensidad en defensa y logr\u00f3 alejarse definitivamente en el score. Incluso aprovech\u00f3 para rotar y los \u201cpibes\u201d se ganaron sus minutos.<\/strong><\/p>\n<div class=\"jeg_video_container jeg_video_content\"><iframe loading=\"lazy\" title=\"#Segunda - Fecha #12: Ateneo 78 - 49 La Falda\" width=\"500\" height=\"281\" src=\"https:\/\/www.youtube.com\/embed\/M2FfOXUZl58?feature=oembed\" frameborder=\"0\" allow=\"accelerometer; autoplay; clipboard-write; encrypted-media; gyroscope; picture-in-picture; web-share\" referrerpolicy=\"strict-origin-when-cross-origin\" allowfullscreen><\/iframe><\/div>\n<p><img decoding=\"async\" class=\"alignnone size-medium wp-image-116438\" src=\"http:\/\/gentedebasquet.com.ar\/sitio\/wp-content\/uploads\/2025\/06\/f4fb0cd9-5043-4c1a-a636-695db714a7d9-300x300.jpg\" alt=\"\" width=\"300\" height=\"300\" srcset=\"https:\/\/gentedebasquet.com.ar\/sitio\/wp-content\/uploads\/2025\/06\/f4fb0cd9-5043-4c1a-a636-695db714a7d9-300x300.jpg 300w, https:\/\/gentedebasquet.com.ar\/sitio\/wp-content\/uploads\/2025\/06\/f4fb0cd9-5043-4c1a-a636-695db714a7d9-1024x1024.jpg 1024w, https:\/\/gentedebasquet.com.ar\/sitio\/wp-content\/uploads\/2025\/06\/f4fb0cd9-5043-4c1a-a636-695db714a7d9-150x150.jpg 150w, https:\/\/gentedebasquet.com.ar\/sitio\/wp-content\/uploads\/2025\/06\/f4fb0cd9-5043-4c1a-a636-695db714a7d9-768x768.jpg 768w, https:\/\/gentedebasquet.com.ar\/sitio\/wp-content\/uploads\/2025\/06\/f4fb0cd9-5043-4c1a-a636-695db714a7d9-1536x1536.jpg 1536w, https:\/\/gentedebasquet.com.ar\/sitio\/wp-content\/uploads\/2025\/06\/f4fb0cd9-5043-4c1a-a636-695db714a7d9-75x75.jpg 75w, https:\/\/gentedebasquet.com.ar\/sitio\/wp-content\/uploads\/2025\/06\/f4fb0cd9-5043-4c1a-a636-695db714a7d9-350x350.jpg 350w, https:\/\/gentedebasquet.com.ar\/sitio\/wp-content\/uploads\/2025\/06\/f4fb0cd9-5043-4c1a-a636-695db714a7d9-750x750.jpg 750w, https:\/\/gentedebasquet.com.ar\/sitio\/wp-content\/uploads\/2025\/06\/f4fb0cd9-5043-4c1a-a636-695db714a7d9-1140x1140.jpg 1140w, https:\/\/gentedebasquet.com.ar\/sitio\/wp-content\/uploads\/2025\/06\/f4fb0cd9-5043-4c1a-a636-695db714a7d9.jpg 1600w\" sizes=\"(max-width: 300px) 100vw, 300px\" \/><\/p>\n<blockquote><p>\u201cMuy contentos, quer\u00edamos seguir haci\u00e9ndonos fuertes de local, era importante ganar y lo hicimos por suerte. Estamos defendiendo bien y cuando no la metemos, nos sostenemos en el juego. Sab\u00edamos que, si no est\u00e1bamos concentrados, es un rival que te puede complicar. Estamos muy bien como grupo y esa es la clave. Estamos para luchar cada partido hasta lo \u00faltimo, nos tenemos que hacer cargo del lugar donde estamos en la tabla y pelear\u201d, Mat\u00edas Leiva (Ateneo).<\/p><\/blockquote>\n<p><img decoding=\"async\" class=\"alignnone size-medium wp-image-116436\" src=\"http:\/\/gentedebasquet.com.ar\/sitio\/wp-content\/uploads\/2025\/06\/DSC_0578-190x300.jpg\" alt=\"\" width=\"190\" height=\"300\" srcset=\"https:\/\/gentedebasquet.com.ar\/sitio\/wp-content\/uploads\/2025\/06\/DSC_0578-190x300.jpg 190w, https:\/\/gentedebasquet.com.ar\/sitio\/wp-content\/uploads\/2025\/06\/DSC_0578.jpg 650w\" sizes=\"(max-width: 190px) 100vw, 190px\" \/><\/p>\n<p><img decoding=\"async\" class=\"alignnone size-medium wp-image-116437\" src=\"http:\/\/gentedebasquet.com.ar\/sitio\/wp-content\/uploads\/2025\/06\/7effac6f-7917-47cc-b040-0317f6bfa82a-300x300.jpg\" alt=\"\" width=\"300\" height=\"300\" srcset=\"https:\/\/gentedebasquet.com.ar\/sitio\/wp-content\/uploads\/2025\/06\/7effac6f-7917-47cc-b040-0317f6bfa82a-300x300.jpg 300w, https:\/\/gentedebasquet.com.ar\/sitio\/wp-content\/uploads\/2025\/06\/7effac6f-7917-47cc-b040-0317f6bfa82a-1024x1024.jpg 1024w, https:\/\/gentedebasquet.com.ar\/sitio\/wp-content\/uploads\/2025\/06\/7effac6f-7917-47cc-b040-0317f6bfa82a-150x150.jpg 150w, https:\/\/gentedebasquet.com.ar\/sitio\/wp-content\/uploads\/2025\/06\/7effac6f-7917-47cc-b040-0317f6bfa82a-768x768.jpg 768w, https:\/\/gentedebasquet.com.ar\/sitio\/wp-content\/uploads\/2025\/06\/7effac6f-7917-47cc-b040-0317f6bfa82a-1536x1536.jpg 1536w, https:\/\/gentedebasquet.com.ar\/sitio\/wp-content\/uploads\/2025\/06\/7effac6f-7917-47cc-b040-0317f6bfa82a-75x75.jpg 75w, https:\/\/gentedebasquet.com.ar\/sitio\/wp-content\/uploads\/2025\/06\/7effac6f-7917-47cc-b040-0317f6bfa82a-350x350.jpg 350w, https:\/\/gentedebasquet.com.ar\/sitio\/wp-content\/uploads\/2025\/06\/7effac6f-7917-47cc-b040-0317f6bfa82a-750x750.jpg 750w, https:\/\/gentedebasquet.com.ar\/sitio\/wp-content\/uploads\/2025\/06\/7effac6f-7917-47cc-b040-0317f6bfa82a-1140x1140.jpg 1140w, https:\/\/gentedebasquet.com.ar\/sitio\/wp-content\/uploads\/2025\/06\/7effac6f-7917-47cc-b040-0317f6bfa82a.jpg 1600w\" sizes=\"(max-width: 300px) 100vw, 300px\" \/><\/p>\n<p><strong>S\u00edntesis \u2013 Segunda Divisi\u00f3n \u2013 Fecha 12<\/strong><\/p>\n<p><strong>Ateneo 78:\u00a0<\/strong>Mat\u00edas Leiva 21, Franco Percello 5, Juli\u00e1n Ripoll 22, Nicol\u00e1s Bejarano 0 y Daniel Ezcurra 6,\u00a0<strong>FI<\/strong>; Nahuel Ilacqua Donnari 3, Marcos Casco 6, Franco Bettio 3,\u00a0Ian Costa 0, Lucas G\u00f3mez Ponce 8, Gian Domenichetti 2 y El\u00edas Arevalo 2.<strong>\u00a0DT: Alexis Amarfil.<\/strong><\/p>\n<p><strong>La Falda 49<\/strong>:\u00a0Benjam\u00edn Minnucci 13, Nicol\u00e1s Cornago 6 (x), Germ\u00e1n Fern\u00e1ndez Vita 5, Valentino Kleja 13 y Juan I. Schiebelbein 2,\u00a0<strong>FI;<\/strong>\u00a0Pablo Amigo 0, Franco Riccio 0, Pedro Palacio 4, Tob\u00edas P\u00e9rez Vel\u00e1zquez 0 y\u00a0Mat\u00edas Cuchetti 6.\u00a0<strong>DT: Juan Miguel Vigna.<\/strong><\/p>\n<p><strong>Cuartos<\/strong>: 9-9; 33-23 (24-14); 56-40 (23-17); 78-49 (22-9).<\/p>\n<p><strong>\u00c1rbitros<\/strong>:\u00a0Alejandro Vizcaino, Ariel Mallimaci y Marcelo Bressan.<\/p>\n<p><strong>Estadio<\/strong>: Luis Polizzi (Ateneo).<\/p>\n<p><img decoding=\"async\" class=\"alignnone size-medium wp-image-116434\" src=\"http:\/\/gentedebasquet.com.ar\/sitio\/wp-content\/uploads\/2025\/06\/DSC_0597-300x254.jpg\" alt=\"\" width=\"300\" height=\"254\" srcset=\"https:\/\/gentedebasquet.com.ar\/sitio\/wp-content\/uploads\/2025\/06\/DSC_0597-300x254.jpg 300w, https:\/\/gentedebasquet.com.ar\/sitio\/wp-content\/uploads\/2025\/06\/DSC_0597.jpg 650w\" sizes=\"(max-width: 300px) 100vw, 300px\" \/><\/p>\n<p>Fotos: Marcelo Barth (Punta Noticias)<\/p>\n","protected":false},"excerpt":{"rendered":"<p>Le gan\u00f3 78 a 49 a La Falda y no se baja de la pelea. En el celeste sobresalieron Juli\u00e1n Ripoll con 22 puntos m\u00e1s 8 rebotes y 5 asistencias y Mat\u00edas Leiva con 21 (con 3\/4 en T2 y 5\/10 en T3). En el elenco de Juan Miguel Vigna hubo 13 m\u00e1s 8 recobres [&hellip;]<\/p>\n","protected":false},"author":62,"featured_media":116440,"comment_status":"open","ping_status":"open","sticky":false,"template":"","format":"standard","meta":{"jnews-multi-image_gallery":[],"jnews_single_post":{"source_name":"","source_url":"","via_name":"","via_url":"","override_template":"0","override":[{"template":"1","single_blog_custom":"","parallax":"1","fullscreen":"1","layout":"right-sidebar","sidebar":"default-sidebar","second_sidebar":"default-sidebar","sticky_sidebar":"1","share_position":"top","share_float_style":"share-monocrhome","show_share_counter":"0","show_view_counter":"0","show_featured":"1","show_post_meta":"1","show_post_author":"1","show_post_author_image":"0","show_post_date":"1","post_date_format":"default","post_date_format_custom":"Y\/m\/d","show_post_category":"1","show_post_reading_time":"0","post_reading_time_wpm":"300","show_zoom_button":"0","zoom_button_out_step":"2","zoom_button_in_step":"3","show_post_tag":"1","show_prev_next_post":"1","show_popup_post":"0","number_popup_post":"1","show_author_box":"0","show_post_related":"0","show_inline_post_related":"0"}],"override_image_size":"0","image_override":[{"single_post_thumbnail_size":"crop-500","single_post_gallery_size":"crop-500"}],"trending_post":"0","trending_post_position":"meta","trending_post_label":"Trending","sponsored_post":"0","sponsored_post_label":"Sponsored by","sponsored_post_name":"","sponsored_post_url":"","sponsored_post_logo_enable":"0","sponsored_post_logo":"","sponsored_post_desc":"","disable_ad":"0"},"jnews_primary_category":{"id":"","hide":""},"footnotes":""},"categories":[25,101],"tags":[357,1726,13,1940],"class_list":["post-116433","post","type-post","status-publish","format-standard","has-post-thumbnail","hentry","category-segunda","category-slide","tag-abb","tag-ateneo","tag-la-falda","tag-torneo-de-segunda"],"yoast_head":"<!-- This site is optimized with the Yoast SEO plugin v27.5 - https:\/\/yoast.com\/product\/yoast-seo-wordpress\/ -->\n<title>Ateneo cerr\u00f3 otra semana feliz - Gente de B\u00e1squet<\/title>\n<meta name=\"robots\" content=\"index, follow, max-snippet:-1, max-image-preview:large, max-video-preview:-1\" \/>\n<link rel=\"canonical\" href=\"https:\/\/gentedebasquet.com.ar\/sitio\/2025\/06\/14\/ateneo-cerro-otra-semana-feliz\/\" \/>\n<meta property=\"og:locale\" content=\"es_ES\" \/>\n<meta property=\"og:type\" content=\"article\" \/>\n<meta property=\"og:title\" content=\"Ateneo cerr\u00f3 otra semana feliz - Gente de B\u00e1squet\" \/>\n<meta property=\"og:description\" content=\"Le gan\u00f3 78 a 49 a La Falda y no se baja de la pelea. En el celeste sobresalieron Juli\u00e1n Ripoll con 22 puntos m\u00e1s 8 rebotes y 5 asistencias y Mat\u00edas Leiva con 21 (con 3\/4 en T2 y 5\/10 en T3). En el elenco de Juan Miguel Vigna hubo 13 m\u00e1s 8 recobres [&hellip;]\" \/>\n<meta property=\"og:url\" content=\"https:\/\/gentedebasquet.com.ar\/sitio\/2025\/06\/14\/ateneo-cerro-otra-semana-feliz\/\" \/>\n<meta property=\"og:site_name\" content=\"Gente de B\u00e1squet\" \/>\n<meta property=\"article:published_time\" content=\"2025-06-14T03:37:41+00:00\" \/>\n<meta property=\"article:modified_time\" content=\"2025-06-14T03:39:59+00:00\" \/>\n<meta property=\"og:image\" content=\"https:\/\/gentedebasquet.com.ar\/sitio\/wp-content\/uploads\/2025\/06\/DSC_0563.jpg\" \/>\n\t<meta property=\"og:image:width\" content=\"752\" \/>\n\t<meta property=\"og:image:height\" content=\"373\" \/>\n\t<meta property=\"og:image:type\" content=\"image\/jpeg\" \/>\n<meta name=\"author\" content=\"Mat\u00edas Dom\u00ednguez\" \/>\n<meta name=\"twitter:card\" content=\"summary_large_image\" \/>\n<meta name=\"twitter:label1\" content=\"Escrito por\" \/>\n\t<meta name=\"twitter:data1\" content=\"Mat\u00edas Dom\u00ednguez\" \/>\n\t<meta name=\"twitter:label2\" content=\"Tiempo de lectura\" \/>\n\t<meta name=\"twitter:data2\" content=\"3 minutos\" \/>\n<script type=\"application\/ld+json\" class=\"yoast-schema-graph\">{\"@context\":\"https:\\\/\\\/schema.org\",\"@graph\":[{\"@type\":\"Article\",\"@id\":\"https:\\\/\\\/gentedebasquet.com.ar\\\/sitio\\\/2025\\\/06\\\/14\\\/ateneo-cerro-otra-semana-feliz\\\/#article\",\"isPartOf\":{\"@id\":\"https:\\\/\\\/gentedebasquet.com.ar\\\/sitio\\\/2025\\\/06\\\/14\\\/ateneo-cerro-otra-semana-feliz\\\/\"},\"author\":{\"name\":\"Mat\u00edas Dom\u00ednguez\",\"@id\":\"https:\\\/\\\/gentedebasquet.com.ar\\\/sitio\\\/#\\\/schema\\\/person\\\/2df9550994560b26db96aa8de5494221\"},\"headline\":\"Ateneo cerr\u00f3 otra semana feliz\",\"datePublished\":\"2025-06-14T03:37:41+00:00\",\"dateModified\":\"2025-06-14T03:39:59+00:00\",\"mainEntityOfPage\":{\"@id\":\"https:\\\/\\\/gentedebasquet.com.ar\\\/sitio\\\/2025\\\/06\\\/14\\\/ateneo-cerro-otra-semana-feliz\\\/\"},\"wordCount\":370,\"commentCount\":0,\"image\":{\"@id\":\"https:\\\/\\\/gentedebasquet.com.ar\\\/sitio\\\/2025\\\/06\\\/14\\\/ateneo-cerro-otra-semana-feliz\\\/#primaryimage\"},\"thumbnailUrl\":\"https:\\\/\\\/gentedebasquet.com.ar\\\/sitio\\\/wp-content\\\/uploads\\\/2025\\\/06\\\/DSC_0563.jpg\",\"keywords\":[\"ABB\",\"Ateneo\",\"La Falda\",\"Torneo de Segunda\"],\"articleSection\":[\"Segunda\",\"Slide\"],\"inLanguage\":\"es\",\"potentialAction\":[{\"@type\":\"CommentAction\",\"name\":\"Comment\",\"target\":[\"https:\\\/\\\/gentedebasquet.com.ar\\\/sitio\\\/2025\\\/06\\\/14\\\/ateneo-cerro-otra-semana-feliz\\\/#respond\"]}]},{\"@type\":\"WebPage\",\"@id\":\"https:\\\/\\\/gentedebasquet.com.ar\\\/sitio\\\/2025\\\/06\\\/14\\\/ateneo-cerro-otra-semana-feliz\\\/\",\"url\":\"https:\\\/\\\/gentedebasquet.com.ar\\\/sitio\\\/2025\\\/06\\\/14\\\/ateneo-cerro-otra-semana-feliz\\\/\",\"name\":\"Ateneo cerr\u00f3 otra semana feliz - Gente de B\u00e1squet\",\"isPartOf\":{\"@id\":\"https:\\\/\\\/gentedebasquet.com.ar\\\/sitio\\\/#website\"},\"primaryImageOfPage\":{\"@id\":\"https:\\\/\\\/gentedebasquet.com.ar\\\/sitio\\\/2025\\\/06\\\/14\\\/ateneo-cerro-otra-semana-feliz\\\/#primaryimage\"},\"image\":{\"@id\":\"https:\\\/\\\/gentedebasquet.com.ar\\\/sitio\\\/2025\\\/06\\\/14\\\/ateneo-cerro-otra-semana-feliz\\\/#primaryimage\"},\"thumbnailUrl\":\"https:\\\/\\\/gentedebasquet.com.ar\\\/sitio\\\/wp-content\\\/uploads\\\/2025\\\/06\\\/DSC_0563.jpg\",\"datePublished\":\"2025-06-14T03:37:41+00:00\",\"dateModified\":\"2025-06-14T03:39:59+00:00\",\"author\":{\"@id\":\"https:\\\/\\\/gentedebasquet.com.ar\\\/sitio\\\/#\\\/schema\\\/person\\\/2df9550994560b26db96aa8de5494221\"},\"breadcrumb\":{\"@id\":\"https:\\\/\\\/gentedebasquet.com.ar\\\/sitio\\\/2025\\\/06\\\/14\\\/ateneo-cerro-otra-semana-feliz\\\/#breadcrumb\"},\"inLanguage\":\"es\",\"potentialAction\":[{\"@type\":\"ReadAction\",\"target\":[\"https:\\\/\\\/gentedebasquet.com.ar\\\/sitio\\\/2025\\\/06\\\/14\\\/ateneo-cerro-otra-semana-feliz\\\/\"]}]},{\"@type\":\"ImageObject\",\"inLanguage\":\"es\",\"@id\":\"https:\\\/\\\/gentedebasquet.com.ar\\\/sitio\\\/2025\\\/06\\\/14\\\/ateneo-cerro-otra-semana-feliz\\\/#primaryimage\",\"url\":\"https:\\\/\\\/gentedebasquet.com.ar\\\/sitio\\\/wp-content\\\/uploads\\\/2025\\\/06\\\/DSC_0563.jpg\",\"contentUrl\":\"https:\\\/\\\/gentedebasquet.com.ar\\\/sitio\\\/wp-content\\\/uploads\\\/2025\\\/06\\\/DSC_0563.jpg\",\"width\":752,\"height\":373},{\"@type\":\"BreadcrumbList\",\"@id\":\"https:\\\/\\\/gentedebasquet.com.ar\\\/sitio\\\/2025\\\/06\\\/14\\\/ateneo-cerro-otra-semana-feliz\\\/#breadcrumb\",\"itemListElement\":[{\"@type\":\"ListItem\",\"position\":1,\"name\":\"Portada\",\"item\":\"https:\\\/\\\/gentedebasquet.com.ar\\\/sitio\\\/\"},{\"@type\":\"ListItem\",\"position\":2,\"name\":\"Ateneo cerr\u00f3 otra semana feliz\"}]},{\"@type\":\"WebSite\",\"@id\":\"https:\\\/\\\/gentedebasquet.com.ar\\\/sitio\\\/#website\",\"url\":\"https:\\\/\\\/gentedebasquet.com.ar\\\/sitio\\\/\",\"name\":\"Gente de B\u00e1squet\",\"description\":\"La revista del basquet de Bah\u00eda Blanca\",\"potentialAction\":[{\"@type\":\"SearchAction\",\"target\":{\"@type\":\"EntryPoint\",\"urlTemplate\":\"https:\\\/\\\/gentedebasquet.com.ar\\\/sitio\\\/?s={search_term_string}\"},\"query-input\":{\"@type\":\"PropertyValueSpecification\",\"valueRequired\":true,\"valueName\":\"search_term_string\"}}],\"inLanguage\":\"es\"},{\"@type\":\"Person\",\"@id\":\"https:\\\/\\\/gentedebasquet.com.ar\\\/sitio\\\/#\\\/schema\\\/person\\\/2df9550994560b26db96aa8de5494221\",\"name\":\"Mat\u00edas Dom\u00ednguez\",\"image\":{\"@type\":\"ImageObject\",\"inLanguage\":\"es\",\"@id\":\"https:\\\/\\\/secure.gravatar.com\\\/avatar\\\/29491ec59dbc2f899f1cb4052e9f2827b5aee3a84bdc66a9fd6789abc018a99d?s=96&d=mm&r=g\",\"url\":\"https:\\\/\\\/secure.gravatar.com\\\/avatar\\\/29491ec59dbc2f899f1cb4052e9f2827b5aee3a84bdc66a9fd6789abc018a99d?s=96&d=mm&r=g\",\"contentUrl\":\"https:\\\/\\\/secure.gravatar.com\\\/avatar\\\/29491ec59dbc2f899f1cb4052e9f2827b5aee3a84bdc66a9fd6789abc018a99d?s=96&d=mm&r=g\",\"caption\":\"Mat\u00edas Dom\u00ednguez\"},\"url\":\"https:\\\/\\\/gentedebasquet.com.ar\\\/sitio\\\/author\\\/matias-dominguez\\\/\"}]}<\/script>\n<!-- \/ Yoast SEO plugin. -->","yoast_head_json":{"title":"Ateneo cerr\u00f3 otra semana feliz - Gente de B\u00e1squet","robots":{"index":"index","follow":"follow","max-snippet":"max-snippet:-1","max-image-preview":"max-image-preview:large","max-video-preview":"max-video-preview:-1"},"canonical":"https:\/\/gentedebasquet.com.ar\/sitio\/2025\/06\/14\/ateneo-cerro-otra-semana-feliz\/","og_locale":"es_ES","og_type":"article","og_title":"Ateneo cerr\u00f3 otra semana feliz - Gente de B\u00e1squet","og_description":"Le gan\u00f3 78 a 49 a La Falda y no se baja de la pelea. En el celeste sobresalieron Juli\u00e1n Ripoll con 22 puntos m\u00e1s 8 rebotes y 5 asistencias y Mat\u00edas Leiva con 21 (con 3\/4 en T2 y 5\/10 en T3). En el elenco de Juan Miguel Vigna hubo 13 m\u00e1s 8 recobres [&hellip;]","og_url":"https:\/\/gentedebasquet.com.ar\/sitio\/2025\/06\/14\/ateneo-cerro-otra-semana-feliz\/","og_site_name":"Gente de B\u00e1squet","article_published_time":"2025-06-14T03:37:41+00:00","article_modified_time":"2025-06-14T03:39:59+00:00","og_image":[{"width":752,"height":373,"url":"https:\/\/gentedebasquet.com.ar\/sitio\/wp-content\/uploads\/2025\/06\/DSC_0563.jpg","type":"image\/jpeg"}],"author":"Mat\u00edas Dom\u00ednguez","twitter_card":"summary_large_image","twitter_misc":{"Escrito por":"Mat\u00edas Dom\u00ednguez","Tiempo de lectura":"3 minutos"},"schema":{"@context":"https:\/\/schema.org","@graph":[{"@type":"Article","@id":"https:\/\/gentedebasquet.com.ar\/sitio\/2025\/06\/14\/ateneo-cerro-otra-semana-feliz\/#article","isPartOf":{"@id":"https:\/\/gentedebasquet.com.ar\/sitio\/2025\/06\/14\/ateneo-cerro-otra-semana-feliz\/"},"author":{"name":"Mat\u00edas Dom\u00ednguez","@id":"https:\/\/gentedebasquet.com.ar\/sitio\/#\/schema\/person\/2df9550994560b26db96aa8de5494221"},"headline":"Ateneo cerr\u00f3 otra semana feliz","datePublished":"2025-06-14T03:37:41+00:00","dateModified":"2025-06-14T03:39:59+00:00","mainEntityOfPage":{"@id":"https:\/\/gentedebasquet.com.ar\/sitio\/2025\/06\/14\/ateneo-cerro-otra-semana-feliz\/"},"wordCount":370,"commentCount":0,"image":{"@id":"https:\/\/gentedebasquet.com.ar\/sitio\/2025\/06\/14\/ateneo-cerro-otra-semana-feliz\/#primaryimage"},"thumbnailUrl":"https:\/\/gentedebasquet.com.ar\/sitio\/wp-content\/uploads\/2025\/06\/DSC_0563.jpg","keywords":["ABB","Ateneo","La Falda","Torneo de Segunda"],"articleSection":["Segunda","Slide"],"inLanguage":"es","potentialAction":[{"@type":"CommentAction","name":"Comment","target":["https:\/\/gentedebasquet.com.ar\/sitio\/2025\/06\/14\/ateneo-cerro-otra-semana-feliz\/#respond"]}]},{"@type":"WebPage","@id":"https:\/\/gentedebasquet.com.ar\/sitio\/2025\/06\/14\/ateneo-cerro-otra-semana-feliz\/","url":"https:\/\/gentedebasquet.com.ar\/sitio\/2025\/06\/14\/ateneo-cerro-otra-semana-feliz\/","name":"Ateneo cerr\u00f3 otra semana feliz - Gente de B\u00e1squet","isPartOf":{"@id":"https:\/\/gentedebasquet.com.ar\/sitio\/#website"},"primaryImageOfPage":{"@id":"https:\/\/gentedebasquet.com.ar\/sitio\/2025\/06\/14\/ateneo-cerro-otra-semana-feliz\/#primaryimage"},"image":{"@id":"https:\/\/gentedebasquet.com.ar\/sitio\/2025\/06\/14\/ateneo-cerro-otra-semana-feliz\/#primaryimage"},"thumbnailUrl":"https:\/\/gentedebasquet.com.ar\/sitio\/wp-content\/uploads\/2025\/06\/DSC_0563.jpg","datePublished":"2025-06-14T03:37:41+00:00","dateModified":"2025-06-14T03:39:59+00:00","author":{"@id":"https:\/\/gentedebasquet.com.ar\/sitio\/#\/schema\/person\/2df9550994560b26db96aa8de5494221"},"breadcrumb":{"@id":"https:\/\/gentedebasquet.com.ar\/sitio\/2025\/06\/14\/ateneo-cerro-otra-semana-feliz\/#breadcrumb"},"inLanguage":"es","potentialAction":[{"@type":"ReadAction","target":["https:\/\/gentedebasquet.com.ar\/sitio\/2025\/06\/14\/ateneo-cerro-otra-semana-feliz\/"]}]},{"@type":"ImageObject","inLanguage":"es","@id":"https:\/\/gentedebasquet.com.ar\/sitio\/2025\/06\/14\/ateneo-cerro-otra-semana-feliz\/#primaryimage","url":"https:\/\/gentedebasquet.com.ar\/sitio\/wp-content\/uploads\/2025\/06\/DSC_0563.jpg","contentUrl":"https:\/\/gentedebasquet.com.ar\/sitio\/wp-content\/uploads\/2025\/06\/DSC_0563.jpg","width":752,"height":373},{"@type":"BreadcrumbList","@id":"https:\/\/gentedebasquet.com.ar\/sitio\/2025\/06\/14\/ateneo-cerro-otra-semana-feliz\/#breadcrumb","itemListElement":[{"@type":"ListItem","position":1,"name":"Portada","item":"https:\/\/gentedebasquet.com.ar\/sitio\/"},{"@type":"ListItem","position":2,"name":"Ateneo cerr\u00f3 otra semana feliz"}]},{"@type":"WebSite","@id":"https:\/\/gentedebasquet.com.ar\/sitio\/#website","url":"https:\/\/gentedebasquet.com.ar\/sitio\/","name":"Gente de B\u00e1squet","description":"La revista del basquet de Bah\u00eda Blanca","potentialAction":[{"@type":"SearchAction","target":{"@type":"EntryPoint","urlTemplate":"https:\/\/gentedebasquet.com.ar\/sitio\/?s={search_term_string}"},"query-input":{"@type":"PropertyValueSpecification","valueRequired":true,"valueName":"search_term_string"}}],"inLanguage":"es"},{"@type":"Person","@id":"https:\/\/gentedebasquet.com.ar\/sitio\/#\/schema\/person\/2df9550994560b26db96aa8de5494221","name":"Mat\u00edas Dom\u00ednguez","image":{"@type":"ImageObject","inLanguage":"es","@id":"https:\/\/secure.gravatar.com\/avatar\/29491ec59dbc2f899f1cb4052e9f2827b5aee3a84bdc66a9fd6789abc018a99d?s=96&d=mm&r=g","url":"https:\/\/secure.gravatar.com\/avatar\/29491ec59dbc2f899f1cb4052e9f2827b5aee3a84bdc66a9fd6789abc018a99d?s=96&d=mm&r=g","contentUrl":"https:\/\/secure.gravatar.com\/avatar\/29491ec59dbc2f899f1cb4052e9f2827b5aee3a84bdc66a9fd6789abc018a99d?s=96&d=mm&r=g","caption":"Mat\u00edas Dom\u00ednguez"},"url":"https:\/\/gentedebasquet.com.ar\/sitio\/author\/matias-dominguez\/"}]}},"_links":{"self":[{"href":"https:\/\/gentedebasquet.com.ar\/sitio\/wp-json\/wp\/v2\/posts\/116433","targetHints":{"allow":["GET"]}}],"collection":[{"href":"https:\/\/gentedebasquet.com.ar\/sitio\/wp-json\/wp\/v2\/posts"}],"about":[{"href":"https:\/\/gentedebasquet.com.ar\/sitio\/wp-json\/wp\/v2\/types\/post"}],"author":[{"embeddable":true,"href":"https:\/\/gentedebasquet.com.ar\/sitio\/wp-json\/wp\/v2\/users\/62"}],"replies":[{"embeddable":true,"href":"https:\/\/gentedebasquet.com.ar\/sitio\/wp-json\/wp\/v2\/comments?post=116433"}],"version-history":[{"count":1,"href":"https:\/\/gentedebasquet.com.ar\/sitio\/wp-json\/wp\/v2\/posts\/116433\/revisions"}],"predecessor-version":[{"id":116439,"href":"https:\/\/gentedebasquet.com.ar\/sitio\/wp-json\/wp\/v2\/posts\/116433\/revisions\/116439"}],"wp:featuredmedia":[{"embeddable":true,"href":"https:\/\/gentedebasquet.com.ar\/sitio\/wp-json\/wp\/v2\/media\/116440"}],"wp:attachment":[{"href":"https:\/\/gentedebasquet.com.ar\/sitio\/wp-json\/wp\/v2\/media?parent=116433"}],"wp:term":[{"taxonomy":"category","embeddable":true,"href":"https:\/\/gentedebasquet.com.ar\/sitio\/wp-json\/wp\/v2\/categories?post=116433"},{"taxonomy":"post_tag","embeddable":true,"href":"https:\/\/gentedebasquet.com.ar\/sitio\/wp-json\/wp\/v2\/tags?post=116433"}],"curies":[{"name":"wp","href":"https:\/\/api.w.org\/{rel}","templated":true}]}}