{"id":117154,"date":"2025-07-17T08:18:39","date_gmt":"2025-07-17T06:18:39","guid":{"rendered":"https:\/\/gentedebasquet.com.ar\/sitio\/?p=117154"},"modified":"2025-07-17T20:46:32","modified_gmt":"2025-07-17T18:46:32","slug":"9-de-julio-se-quedo-con-el-primer-torneo-del-ano","status":"publish","type":"post","link":"https:\/\/gentedebasquet.com.ar\/sitio\/2025\/07\/17\/9-de-julio-se-quedo-con-el-primer-torneo-del-ano\/","title":{"rendered":"9 de Julio se qued\u00f3 con el primer torneo del a\u00f1o"},"content":{"rendered":"<p><strong>En su casa, el estadio N\u00e9stor Damiani, el equipo que dirige Juli\u00e1n Turcato obtuvo ayer el premio m\u00e1s buscado de la primera mitad del a\u00f1o: el t\u00edtulo de campe\u00f3n del torneo inicial femenino de mayores. Derrot\u00f3 a Bahiense del Norte en un partido que empez\u00f3 de una manera y termin\u00f3 de otra bien distinta.\u00a0<\/strong><\/p>\n<p><strong>Las Isabellas cumplieron papeles sobresalientes para el ganador. Larrasolo rompi\u00f3 todas las defensas con su velocidad de piernas y fue la goleadora del partido con 24 puntos. Y su compa\u00f1era Rold\u00e1n le sac\u00f3 el jugo a su altura y tuvo los mejores n\u00fameros de su carrera en la categor\u00eda: doble-doble de 19 tantos y 10 rebotes. Emilia Fernandez fue la otra jugadora local con dos d\u00edgitos en puntos. Anot\u00f3 15, dio 4 asistencias y recuper\u00f3 3 pelotas.<\/strong><\/p>\n<p><strong>Por el lado de Bahiense fueron dos las que marcaron diez o m\u00e1s unidades: Agustina Kenny anot\u00f3 15 y le sum\u00f3 5 rebotes (4 ofensivos) y 2 asistencias, y Ana Liz Carcas colabor\u00f3 con 13 m\u00e1s 6 rebotes, 6 asistencias y 4 robos.<\/strong><\/p>\n<p><strong>El encuentro comenz\u00f3 con dominio de Bahiense. Kenny y Bernardita Marcocci fueron para adentro de la zona pintada y definieron con tiros cortos acertados en medio del grupo de defensoras. Carcas fue imprescindible tambien en su trabajo con la conducci\u00f3n y el reparto de asistencias. Enfrente, Fernandez demostr\u00f3 su calidad para definir en velocidad e Isabella Rold\u00e1n fue indetenible cuando estuvo cerca del aro rival y tambien aport\u00f3 con el tiro externo (lanz\u00f3 dos triples en el encuentro y meti\u00f3 ambos).<\/strong><\/p>\n<p><strong>22 a 16 ganaba el visitante al finalizar los primeros diez minutos.<\/strong><\/p>\n<p><strong>Las cosas no fueron tan f\u00e1ciles para Bahiense del Norte en el segundo cuarto. El equipo orientado por Deminicis estaba al frente del marcador pero su ventaja se reduc\u00eda en cada minuto de juego. Esto sucedi\u00f3 porque la pareja Larrasolo-Fernandez caus\u00f3 mucho da\u00f1o en el juego del per\u00edmetro y porque Isabella Rold\u00e1n sigui\u00f3 siendo un problema sin soluci\u00f3n para la defensa interna del tricolor. <\/strong><\/p>\n<p><strong>La pivot albiazul culmin\u00f3 jugadas con tiros cortos y cuando no pudo convertir lanzamientos se encarg\u00f3 de bajar los rebotes ofensivos para continuar posesiones.<\/strong><\/p>\n<p><strong>9 de Julio empat\u00f3 el resultado en 32 con un minuto por jugar en el primer tiempo y pas\u00f3 a ganar 34 a 32 unos segundos despu\u00e9s con otro doble de Larrasolo.<\/strong><\/p>\n<p><strong>En el tercer cuarto la ventaja para 9 de Julio lleg\u00f3 a ser de dos d\u00edgitos por primera vez. La lucidez que mostraron las perimetrales del anfitri\u00f3n para definir avances o encontrar a la compa\u00f1era mejor ubicada fue lo que inclin\u00f3 la balanza. Bahiense se sostuvo con la doble tarea hecha por Carcas y Kenny. Las dos se encargaron a la vez de anotar sus propios puntos y de asistir a otras integrantes de su equipo. Nada de eso fue suficiente para Bahiense, que finaliz\u00f3 ese per\u00edodo perdiendo por once, 58 a 47.<\/strong><\/p>\n<p><strong>La distancia que beneficiaba a 9 de Julio pareci\u00f3 sacarle presi\u00f3n. El equipo local exhibi\u00f3 a lo largo del \u00faltimo cuarto su mejor desempe\u00f1o. Entre el minuto tres y el minuto ocho de ese cuarto, Larrasolo anot\u00f3 todos los puntos de su equipo (diez) y abri\u00f3 una brecha de 19 puntos en el marcador (71-52) que terminar\u00eda siendo definitoria. <\/strong><\/p>\n<p><strong>Bahiense del Norte nunca pudo seguir el ritmo de su oponente en este pasaje. Quiz\u00e1s por el nerviosismo provocado por la urgencia y quiz\u00e1s tambien por el desgaste f\u00edsico realizado en los cuartos previos.\u00a0<\/strong><\/p>\n<p><strong>Con mucha tranquilidad 9 de Julio acab\u00f3 cerrando el enfrentamiento y empez\u00f3 a hacer algo que se le est\u00e1 haciendo costumbre: festejar un triunfo en una final de campeonato.<\/strong><\/p>\n<p><strong>El primer tramo del torneo lleg\u00f3 a su fin. En el segundo semestre tendremos la otra mitad de la competencia. Si 9 de Julio tambien gana ese certamen ser\u00e1 el camp\u00e9on de la temporada. Si lo gana otro equipo deber\u00e1 jugar despu\u00e9s contra el albiazul la final extra.\u00a0\u00a0<\/strong><\/p>\n<p><strong>\u00a0<\/strong><\/p>\n<p><strong>\u00a0 \u00a0<\/strong><\/p>\n<p><strong>\u00a0<\/strong><\/p>\n<div class=\"jeg_video_container jeg_video_content\"><iframe loading=\"lazy\" title=\"#PrimeraFemenina - Final: 9 de Julio 77 - 59 Bahiense del Norte\" width=\"500\" height=\"281\" src=\"https:\/\/www.youtube.com\/embed\/1doXFld2Hhc?feature=oembed\" frameborder=\"0\" allow=\"accelerometer; autoplay; clipboard-write; encrypted-media; gyroscope; picture-in-picture; web-share\" referrerpolicy=\"strict-origin-when-cross-origin\" allowfullscreen><\/iframe><\/div>\n<p><img decoding=\"async\" class=\"alignnone wp-image-117158 \" src=\"http:\/\/gentedebasquet.com.ar\/sitio\/wp-content\/uploads\/2025\/07\/CLAVE9DJ-final-300x300.png\" alt=\"\" width=\"471\" height=\"471\" srcset=\"https:\/\/gentedebasquet.com.ar\/sitio\/wp-content\/uploads\/2025\/07\/CLAVE9DJ-final-300x300.png 300w, https:\/\/gentedebasquet.com.ar\/sitio\/wp-content\/uploads\/2025\/07\/CLAVE9DJ-final-1024x1024.png 1024w, https:\/\/gentedebasquet.com.ar\/sitio\/wp-content\/uploads\/2025\/07\/CLAVE9DJ-final-150x150.png 150w, https:\/\/gentedebasquet.com.ar\/sitio\/wp-content\/uploads\/2025\/07\/CLAVE9DJ-final-768x768.png 768w, https:\/\/gentedebasquet.com.ar\/sitio\/wp-content\/uploads\/2025\/07\/CLAVE9DJ-final-1536x1536.png 1536w, https:\/\/gentedebasquet.com.ar\/sitio\/wp-content\/uploads\/2025\/07\/CLAVE9DJ-final-75x75.png 75w, https:\/\/gentedebasquet.com.ar\/sitio\/wp-content\/uploads\/2025\/07\/CLAVE9DJ-final-350x350.png 350w, https:\/\/gentedebasquet.com.ar\/sitio\/wp-content\/uploads\/2025\/07\/CLAVE9DJ-final-750x750.png 750w, https:\/\/gentedebasquet.com.ar\/sitio\/wp-content\/uploads\/2025\/07\/CLAVE9DJ-final-1140x1140.png 1140w, https:\/\/gentedebasquet.com.ar\/sitio\/wp-content\/uploads\/2025\/07\/CLAVE9DJ-final.png 2000w\" sizes=\"(max-width: 471px) 100vw, 471px\" \/><\/p>\n<p>&nbsp;<\/p>\n<blockquote><p>&nbsp;<\/p><\/blockquote>\n<p>&nbsp;<\/p>\n<p><img decoding=\"async\" class=\"alignnone wp-image-117157 \" src=\"http:\/\/gentedebasquet.com.ar\/sitio\/wp-content\/uploads\/2025\/07\/MVP9DJ-Final-300x300.png\" alt=\"\" width=\"491\" height=\"491\" srcset=\"https:\/\/gentedebasquet.com.ar\/sitio\/wp-content\/uploads\/2025\/07\/MVP9DJ-Final-300x300.png 300w, https:\/\/gentedebasquet.com.ar\/sitio\/wp-content\/uploads\/2025\/07\/MVP9DJ-Final-1024x1024.png 1024w, https:\/\/gentedebasquet.com.ar\/sitio\/wp-content\/uploads\/2025\/07\/MVP9DJ-Final-150x150.png 150w, https:\/\/gentedebasquet.com.ar\/sitio\/wp-content\/uploads\/2025\/07\/MVP9DJ-Final-768x768.png 768w, https:\/\/gentedebasquet.com.ar\/sitio\/wp-content\/uploads\/2025\/07\/MVP9DJ-Final-1536x1536.png 1536w, https:\/\/gentedebasquet.com.ar\/sitio\/wp-content\/uploads\/2025\/07\/MVP9DJ-Final-75x75.png 75w, https:\/\/gentedebasquet.com.ar\/sitio\/wp-content\/uploads\/2025\/07\/MVP9DJ-Final-350x350.png 350w, https:\/\/gentedebasquet.com.ar\/sitio\/wp-content\/uploads\/2025\/07\/MVP9DJ-Final-750x750.png 750w, https:\/\/gentedebasquet.com.ar\/sitio\/wp-content\/uploads\/2025\/07\/MVP9DJ-Final-1140x1140.png 1140w, https:\/\/gentedebasquet.com.ar\/sitio\/wp-content\/uploads\/2025\/07\/MVP9DJ-Final.png 2000w\" sizes=\"(max-width: 491px) 100vw, 491px\" \/><\/p>\n<p><strong>S\u00edntesis &#8211; Primera Femenina &#8211; Final<\/strong><\/p>\n<p><strong>9 de Julio 77:<\/strong> Emilia Fernandez 15; Ileana Corval\u00e1n 3; Anahel Maurer 3; Victoria Martin 3; Delfina Alves 6 <strong>(F.I.)\u00a0<\/strong>Isabella Larrasolo 24; Isabella Rold\u00e1n 19; Mar\u00eda Victoria Flores 2; Tamara Nieva 2; Camila Cabrera; Jessica Azaroff; Amparo Althabe. <strong>DT:<\/strong> Juli\u00e1n Turcato.<\/p>\n<p><strong>Bahiense del Norte 59:\u00a0<\/strong>Ana Liz Carcas 13; Bernardita Marcocci 4; Agustina Kenny 15; Guillermina Rial 3; Morena Lescano 4 <strong>(F.I.)<\/strong> Agustina Tevez 5; Juana Montivero 3; Martina Bussetti 8; Renata Boccatonda 2; Azul Rodr\u00edguez; Camila Hosni; Julia Quinteros 2. <strong>DT:\u00a0<\/strong>Luciano Deminicis.<\/p>\n<p><strong>Parciales:<\/strong> 16-22; 34-30 (18-8); 58-47 (24-17); 77-59 (19-12)<\/p>\n<p><strong>\u00c1rbitros: <\/strong>Juan Agust\u00edn Mat\u00edas &#8211; Juan Gabriel Jaramillo &#8211; Alexia Gonzalez.<\/p>\n<p><strong>Estadio:<\/strong> N\u00e9stor Damiani (9 de Julio).<\/p>\n<p>&nbsp;<\/p>\n<p><img decoding=\"async\" class=\"alignnone wp-image-117161 \" src=\"http:\/\/gentedebasquet.com.ar\/sitio\/wp-content\/uploads\/2025\/07\/vlcsnap-2025-07-17-03h12m50s020-300x169.png\" alt=\"\" width=\"572\" height=\"322\" srcset=\"https:\/\/gentedebasquet.com.ar\/sitio\/wp-content\/uploads\/2025\/07\/vlcsnap-2025-07-17-03h12m50s020-300x169.png 300w, https:\/\/gentedebasquet.com.ar\/sitio\/wp-content\/uploads\/2025\/07\/vlcsnap-2025-07-17-03h12m50s020-1024x576.png 1024w, https:\/\/gentedebasquet.com.ar\/sitio\/wp-content\/uploads\/2025\/07\/vlcsnap-2025-07-17-03h12m50s020-768x432.png 768w, https:\/\/gentedebasquet.com.ar\/sitio\/wp-content\/uploads\/2025\/07\/vlcsnap-2025-07-17-03h12m50s020-1536x864.png 1536w, https:\/\/gentedebasquet.com.ar\/sitio\/wp-content\/uploads\/2025\/07\/vlcsnap-2025-07-17-03h12m50s020-750x422.png 750w, https:\/\/gentedebasquet.com.ar\/sitio\/wp-content\/uploads\/2025\/07\/vlcsnap-2025-07-17-03h12m50s020-1140x641.png 1140w, https:\/\/gentedebasquet.com.ar\/sitio\/wp-content\/uploads\/2025\/07\/vlcsnap-2025-07-17-03h12m50s020.png 1920w\" sizes=\"(max-width: 572px) 100vw, 572px\" \/><\/p>\n<p>&nbsp;<\/p>\n","protected":false},"excerpt":{"rendered":"<p>En su casa, el estadio N\u00e9stor Damiani, el equipo que dirige Juli\u00e1n Turcato obtuvo ayer el premio m\u00e1s buscado de la primera mitad del a\u00f1o: el t\u00edtulo de campe\u00f3n del torneo inicial femenino de mayores. Derrot\u00f3 a Bahiense del Norte en un partido que empez\u00f3 de una manera y termin\u00f3 de otra bien distinta.\u00a0 Las [&hellip;]<\/p>\n","protected":false},"author":70,"featured_media":117159,"comment_status":"open","ping_status":"open","sticky":false,"template":"","format":"standard","meta":{"jnews-multi-image_gallery":[],"jnews_single_post":{"source_name":"","source_url":"","via_name":"","via_url":"","override_template":"0","override":[{"template":"1","single_blog_custom":"","parallax":"1","fullscreen":"1","layout":"right-sidebar","sidebar":"default-sidebar","second_sidebar":"default-sidebar","sticky_sidebar":"1","share_position":"top","share_float_style":"share-monocrhome","show_share_counter":"0","show_view_counter":"0","show_featured":"1","show_post_meta":"1","show_post_author":"1","show_post_author_image":"0","show_post_date":"1","post_date_format":"default","post_date_format_custom":"Y\/m\/d","show_post_category":"1","show_post_reading_time":"0","post_reading_time_wpm":"300","show_zoom_button":"0","zoom_button_out_step":"2","zoom_button_in_step":"3","show_post_tag":"1","show_prev_next_post":"1","show_popup_post":"0","number_popup_post":"1","show_author_box":"0","show_post_related":"0","show_inline_post_related":"0"}],"override_image_size":"0","image_override":[{"single_post_thumbnail_size":"crop-500","single_post_gallery_size":"crop-500"}],"trending_post":"0","trending_post_position":"meta","trending_post_label":"Trending","sponsored_post":"0","sponsored_post_label":"Sponsored by","sponsored_post_name":"","sponsored_post_url":"","sponsored_post_logo_enable":"0","sponsored_post_logo":"","sponsored_post_desc":"","disable_ad":"0"},"jnews_primary_category":{"id":"","hide":""},"footnotes":""},"categories":[33,101],"tags":[2,593,5,2031],"class_list":["post-117154","post","type-post","status-publish","format-standard","has-post-thumbnail","hentry","category-femenino","category-slide","tag-9dejulio","tag-ana-liz-carcas","tag-bahiense-del-norte","tag-isabella-larrasolo"],"yoast_head":"<!-- This site is optimized with the Yoast SEO plugin v27.5 - https:\/\/yoast.com\/product\/yoast-seo-wordpress\/ -->\n<title>9 de Julio se qued\u00f3 con el primer torneo del a\u00f1o - Gente de B\u00e1squet<\/title>\n<meta name=\"robots\" content=\"index, follow, max-snippet:-1, max-image-preview:large, max-video-preview:-1\" \/>\n<link rel=\"canonical\" href=\"https:\/\/gentedebasquet.com.ar\/sitio\/2025\/07\/17\/9-de-julio-se-quedo-con-el-primer-torneo-del-ano\/\" \/>\n<meta property=\"og:locale\" content=\"es_ES\" \/>\n<meta property=\"og:type\" content=\"article\" \/>\n<meta property=\"og:title\" content=\"9 de Julio se qued\u00f3 con el primer torneo del a\u00f1o - Gente de B\u00e1squet\" \/>\n<meta property=\"og:description\" content=\"En su casa, el estadio N\u00e9stor Damiani, el equipo que dirige Juli\u00e1n Turcato obtuvo ayer el premio m\u00e1s buscado de la primera mitad del a\u00f1o: el t\u00edtulo de campe\u00f3n del torneo inicial femenino de mayores. Derrot\u00f3 a Bahiense del Norte en un partido que empez\u00f3 de una manera y termin\u00f3 de otra bien distinta.\u00a0 Las [&hellip;]\" \/>\n<meta property=\"og:url\" content=\"https:\/\/gentedebasquet.com.ar\/sitio\/2025\/07\/17\/9-de-julio-se-quedo-con-el-primer-torneo-del-ano\/\" \/>\n<meta property=\"og:site_name\" content=\"Gente de B\u00e1squet\" \/>\n<meta property=\"article:published_time\" content=\"2025-07-17T06:18:39+00:00\" \/>\n<meta property=\"article:modified_time\" content=\"2025-07-17T18:46:32+00:00\" \/>\n<meta property=\"og:image\" content=\"https:\/\/gentedebasquet.com.ar\/sitio\/wp-content\/uploads\/2025\/07\/20250716_225845.jpg\" \/>\n\t<meta property=\"og:image:width\" content=\"690\" \/>\n\t<meta property=\"og:image:height\" content=\"319\" \/>\n\t<meta property=\"og:image:type\" content=\"image\/jpeg\" \/>\n<meta name=\"author\" content=\"Andres Camarero\" \/>\n<meta name=\"twitter:card\" content=\"summary_large_image\" \/>\n<meta name=\"twitter:label1\" content=\"Escrito por\" \/>\n\t<meta name=\"twitter:data1\" content=\"Andres Camarero\" \/>\n\t<meta name=\"twitter:label2\" content=\"Tiempo de lectura\" \/>\n\t<meta name=\"twitter:data2\" content=\"5 minutos\" \/>\n<script type=\"application\/ld+json\" class=\"yoast-schema-graph\">{\"@context\":\"https:\\\/\\\/schema.org\",\"@graph\":[{\"@type\":\"Article\",\"@id\":\"https:\\\/\\\/gentedebasquet.com.ar\\\/sitio\\\/2025\\\/07\\\/17\\\/9-de-julio-se-quedo-con-el-primer-torneo-del-ano\\\/#article\",\"isPartOf\":{\"@id\":\"https:\\\/\\\/gentedebasquet.com.ar\\\/sitio\\\/2025\\\/07\\\/17\\\/9-de-julio-se-quedo-con-el-primer-torneo-del-ano\\\/\"},\"author\":{\"name\":\"Andres Camarero\",\"@id\":\"https:\\\/\\\/gentedebasquet.com.ar\\\/sitio\\\/#\\\/schema\\\/person\\\/6f3e5bc5df127b420a445d22fc9eaa51\"},\"headline\":\"9 de Julio se qued\u00f3 con el primer torneo del a\u00f1o\",\"datePublished\":\"2025-07-17T06:18:39+00:00\",\"dateModified\":\"2025-07-17T18:46:32+00:00\",\"mainEntityOfPage\":{\"@id\":\"https:\\\/\\\/gentedebasquet.com.ar\\\/sitio\\\/2025\\\/07\\\/17\\\/9-de-julio-se-quedo-con-el-primer-torneo-del-ano\\\/\"},\"wordCount\":784,\"commentCount\":0,\"image\":{\"@id\":\"https:\\\/\\\/gentedebasquet.com.ar\\\/sitio\\\/2025\\\/07\\\/17\\\/9-de-julio-se-quedo-con-el-primer-torneo-del-ano\\\/#primaryimage\"},\"thumbnailUrl\":\"https:\\\/\\\/gentedebasquet.com.ar\\\/sitio\\\/wp-content\\\/uploads\\\/2025\\\/07\\\/20250716_225845.jpg\",\"keywords\":[\"9 de Julio\",\"Ana Liz Carcas\",\"Bahiense Del Norte\",\"Isabella Larrasolo\"],\"articleSection\":[\"Femenino\",\"Slide\"],\"inLanguage\":\"es\",\"potentialAction\":[{\"@type\":\"CommentAction\",\"name\":\"Comment\",\"target\":[\"https:\\\/\\\/gentedebasquet.com.ar\\\/sitio\\\/2025\\\/07\\\/17\\\/9-de-julio-se-quedo-con-el-primer-torneo-del-ano\\\/#respond\"]}]},{\"@type\":\"WebPage\",\"@id\":\"https:\\\/\\\/gentedebasquet.com.ar\\\/sitio\\\/2025\\\/07\\\/17\\\/9-de-julio-se-quedo-con-el-primer-torneo-del-ano\\\/\",\"url\":\"https:\\\/\\\/gentedebasquet.com.ar\\\/sitio\\\/2025\\\/07\\\/17\\\/9-de-julio-se-quedo-con-el-primer-torneo-del-ano\\\/\",\"name\":\"9 de Julio se qued\u00f3 con el primer torneo del a\u00f1o - Gente de B\u00e1squet\",\"isPartOf\":{\"@id\":\"https:\\\/\\\/gentedebasquet.com.ar\\\/sitio\\\/#website\"},\"primaryImageOfPage\":{\"@id\":\"https:\\\/\\\/gentedebasquet.com.ar\\\/sitio\\\/2025\\\/07\\\/17\\\/9-de-julio-se-quedo-con-el-primer-torneo-del-ano\\\/#primaryimage\"},\"image\":{\"@id\":\"https:\\\/\\\/gentedebasquet.com.ar\\\/sitio\\\/2025\\\/07\\\/17\\\/9-de-julio-se-quedo-con-el-primer-torneo-del-ano\\\/#primaryimage\"},\"thumbnailUrl\":\"https:\\\/\\\/gentedebasquet.com.ar\\\/sitio\\\/wp-content\\\/uploads\\\/2025\\\/07\\\/20250716_225845.jpg\",\"datePublished\":\"2025-07-17T06:18:39+00:00\",\"dateModified\":\"2025-07-17T18:46:32+00:00\",\"author\":{\"@id\":\"https:\\\/\\\/gentedebasquet.com.ar\\\/sitio\\\/#\\\/schema\\\/person\\\/6f3e5bc5df127b420a445d22fc9eaa51\"},\"breadcrumb\":{\"@id\":\"https:\\\/\\\/gentedebasquet.com.ar\\\/sitio\\\/2025\\\/07\\\/17\\\/9-de-julio-se-quedo-con-el-primer-torneo-del-ano\\\/#breadcrumb\"},\"inLanguage\":\"es\",\"potentialAction\":[{\"@type\":\"ReadAction\",\"target\":[\"https:\\\/\\\/gentedebasquet.com.ar\\\/sitio\\\/2025\\\/07\\\/17\\\/9-de-julio-se-quedo-con-el-primer-torneo-del-ano\\\/\"]}]},{\"@type\":\"ImageObject\",\"inLanguage\":\"es\",\"@id\":\"https:\\\/\\\/gentedebasquet.com.ar\\\/sitio\\\/2025\\\/07\\\/17\\\/9-de-julio-se-quedo-con-el-primer-torneo-del-ano\\\/#primaryimage\",\"url\":\"https:\\\/\\\/gentedebasquet.com.ar\\\/sitio\\\/wp-content\\\/uploads\\\/2025\\\/07\\\/20250716_225845.jpg\",\"contentUrl\":\"https:\\\/\\\/gentedebasquet.com.ar\\\/sitio\\\/wp-content\\\/uploads\\\/2025\\\/07\\\/20250716_225845.jpg\",\"width\":690,\"height\":319},{\"@type\":\"BreadcrumbList\",\"@id\":\"https:\\\/\\\/gentedebasquet.com.ar\\\/sitio\\\/2025\\\/07\\\/17\\\/9-de-julio-se-quedo-con-el-primer-torneo-del-ano\\\/#breadcrumb\",\"itemListElement\":[{\"@type\":\"ListItem\",\"position\":1,\"name\":\"Portada\",\"item\":\"https:\\\/\\\/gentedebasquet.com.ar\\\/sitio\\\/\"},{\"@type\":\"ListItem\",\"position\":2,\"name\":\"9 de Julio se qued\u00f3 con el primer torneo del a\u00f1o\"}]},{\"@type\":\"WebSite\",\"@id\":\"https:\\\/\\\/gentedebasquet.com.ar\\\/sitio\\\/#website\",\"url\":\"https:\\\/\\\/gentedebasquet.com.ar\\\/sitio\\\/\",\"name\":\"Gente de B\u00e1squet\",\"description\":\"La revista del basquet de Bah\u00eda Blanca\",\"potentialAction\":[{\"@type\":\"SearchAction\",\"target\":{\"@type\":\"EntryPoint\",\"urlTemplate\":\"https:\\\/\\\/gentedebasquet.com.ar\\\/sitio\\\/?s={search_term_string}\"},\"query-input\":{\"@type\":\"PropertyValueSpecification\",\"valueRequired\":true,\"valueName\":\"search_term_string\"}}],\"inLanguage\":\"es\"},{\"@type\":\"Person\",\"@id\":\"https:\\\/\\\/gentedebasquet.com.ar\\\/sitio\\\/#\\\/schema\\\/person\\\/6f3e5bc5df127b420a445d22fc9eaa51\",\"name\":\"Andres Camarero\",\"image\":{\"@type\":\"ImageObject\",\"inLanguage\":\"es\",\"@id\":\"https:\\\/\\\/secure.gravatar.com\\\/avatar\\\/f6d4884ec54a50c25ccd5e4f54f5e904d09dfe74ef58e58f631f3917b6fed7cd?s=96&d=mm&r=g\",\"url\":\"https:\\\/\\\/secure.gravatar.com\\\/avatar\\\/f6d4884ec54a50c25ccd5e4f54f5e904d09dfe74ef58e58f631f3917b6fed7cd?s=96&d=mm&r=g\",\"contentUrl\":\"https:\\\/\\\/secure.gravatar.com\\\/avatar\\\/f6d4884ec54a50c25ccd5e4f54f5e904d09dfe74ef58e58f631f3917b6fed7cd?s=96&d=mm&r=g\",\"caption\":\"Andres Camarero\"},\"url\":\"https:\\\/\\\/gentedebasquet.com.ar\\\/sitio\\\/author\\\/andres-camarero\\\/\"}]}<\/script>\n<!-- \/ Yoast SEO plugin. -->","yoast_head_json":{"title":"9 de Julio se qued\u00f3 con el primer torneo del a\u00f1o - Gente de B\u00e1squet","robots":{"index":"index","follow":"follow","max-snippet":"max-snippet:-1","max-image-preview":"max-image-preview:large","max-video-preview":"max-video-preview:-1"},"canonical":"https:\/\/gentedebasquet.com.ar\/sitio\/2025\/07\/17\/9-de-julio-se-quedo-con-el-primer-torneo-del-ano\/","og_locale":"es_ES","og_type":"article","og_title":"9 de Julio se qued\u00f3 con el primer torneo del a\u00f1o - Gente de B\u00e1squet","og_description":"En su casa, el estadio N\u00e9stor Damiani, el equipo que dirige Juli\u00e1n Turcato obtuvo ayer el premio m\u00e1s buscado de la primera mitad del a\u00f1o: el t\u00edtulo de campe\u00f3n del torneo inicial femenino de mayores. Derrot\u00f3 a Bahiense del Norte en un partido que empez\u00f3 de una manera y termin\u00f3 de otra bien distinta.\u00a0 Las [&hellip;]","og_url":"https:\/\/gentedebasquet.com.ar\/sitio\/2025\/07\/17\/9-de-julio-se-quedo-con-el-primer-torneo-del-ano\/","og_site_name":"Gente de B\u00e1squet","article_published_time":"2025-07-17T06:18:39+00:00","article_modified_time":"2025-07-17T18:46:32+00:00","og_image":[{"width":690,"height":319,"url":"https:\/\/gentedebasquet.com.ar\/sitio\/wp-content\/uploads\/2025\/07\/20250716_225845.jpg","type":"image\/jpeg"}],"author":"Andres Camarero","twitter_card":"summary_large_image","twitter_misc":{"Escrito por":"Andres Camarero","Tiempo de lectura":"5 minutos"},"schema":{"@context":"https:\/\/schema.org","@graph":[{"@type":"Article","@id":"https:\/\/gentedebasquet.com.ar\/sitio\/2025\/07\/17\/9-de-julio-se-quedo-con-el-primer-torneo-del-ano\/#article","isPartOf":{"@id":"https:\/\/gentedebasquet.com.ar\/sitio\/2025\/07\/17\/9-de-julio-se-quedo-con-el-primer-torneo-del-ano\/"},"author":{"name":"Andres Camarero","@id":"https:\/\/gentedebasquet.com.ar\/sitio\/#\/schema\/person\/6f3e5bc5df127b420a445d22fc9eaa51"},"headline":"9 de Julio se qued\u00f3 con el primer torneo del a\u00f1o","datePublished":"2025-07-17T06:18:39+00:00","dateModified":"2025-07-17T18:46:32+00:00","mainEntityOfPage":{"@id":"https:\/\/gentedebasquet.com.ar\/sitio\/2025\/07\/17\/9-de-julio-se-quedo-con-el-primer-torneo-del-ano\/"},"wordCount":784,"commentCount":0,"image":{"@id":"https:\/\/gentedebasquet.com.ar\/sitio\/2025\/07\/17\/9-de-julio-se-quedo-con-el-primer-torneo-del-ano\/#primaryimage"},"thumbnailUrl":"https:\/\/gentedebasquet.com.ar\/sitio\/wp-content\/uploads\/2025\/07\/20250716_225845.jpg","keywords":["9 de Julio","Ana Liz Carcas","Bahiense Del Norte","Isabella Larrasolo"],"articleSection":["Femenino","Slide"],"inLanguage":"es","potentialAction":[{"@type":"CommentAction","name":"Comment","target":["https:\/\/gentedebasquet.com.ar\/sitio\/2025\/07\/17\/9-de-julio-se-quedo-con-el-primer-torneo-del-ano\/#respond"]}]},{"@type":"WebPage","@id":"https:\/\/gentedebasquet.com.ar\/sitio\/2025\/07\/17\/9-de-julio-se-quedo-con-el-primer-torneo-del-ano\/","url":"https:\/\/gentedebasquet.com.ar\/sitio\/2025\/07\/17\/9-de-julio-se-quedo-con-el-primer-torneo-del-ano\/","name":"9 de Julio se qued\u00f3 con el primer torneo del a\u00f1o - Gente de B\u00e1squet","isPartOf":{"@id":"https:\/\/gentedebasquet.com.ar\/sitio\/#website"},"primaryImageOfPage":{"@id":"https:\/\/gentedebasquet.com.ar\/sitio\/2025\/07\/17\/9-de-julio-se-quedo-con-el-primer-torneo-del-ano\/#primaryimage"},"image":{"@id":"https:\/\/gentedebasquet.com.ar\/sitio\/2025\/07\/17\/9-de-julio-se-quedo-con-el-primer-torneo-del-ano\/#primaryimage"},"thumbnailUrl":"https:\/\/gentedebasquet.com.ar\/sitio\/wp-content\/uploads\/2025\/07\/20250716_225845.jpg","datePublished":"2025-07-17T06:18:39+00:00","dateModified":"2025-07-17T18:46:32+00:00","author":{"@id":"https:\/\/gentedebasquet.com.ar\/sitio\/#\/schema\/person\/6f3e5bc5df127b420a445d22fc9eaa51"},"breadcrumb":{"@id":"https:\/\/gentedebasquet.com.ar\/sitio\/2025\/07\/17\/9-de-julio-se-quedo-con-el-primer-torneo-del-ano\/#breadcrumb"},"inLanguage":"es","potentialAction":[{"@type":"ReadAction","target":["https:\/\/gentedebasquet.com.ar\/sitio\/2025\/07\/17\/9-de-julio-se-quedo-con-el-primer-torneo-del-ano\/"]}]},{"@type":"ImageObject","inLanguage":"es","@id":"https:\/\/gentedebasquet.com.ar\/sitio\/2025\/07\/17\/9-de-julio-se-quedo-con-el-primer-torneo-del-ano\/#primaryimage","url":"https:\/\/gentedebasquet.com.ar\/sitio\/wp-content\/uploads\/2025\/07\/20250716_225845.jpg","contentUrl":"https:\/\/gentedebasquet.com.ar\/sitio\/wp-content\/uploads\/2025\/07\/20250716_225845.jpg","width":690,"height":319},{"@type":"BreadcrumbList","@id":"https:\/\/gentedebasquet.com.ar\/sitio\/2025\/07\/17\/9-de-julio-se-quedo-con-el-primer-torneo-del-ano\/#breadcrumb","itemListElement":[{"@type":"ListItem","position":1,"name":"Portada","item":"https:\/\/gentedebasquet.com.ar\/sitio\/"},{"@type":"ListItem","position":2,"name":"9 de Julio se qued\u00f3 con el primer torneo del a\u00f1o"}]},{"@type":"WebSite","@id":"https:\/\/gentedebasquet.com.ar\/sitio\/#website","url":"https:\/\/gentedebasquet.com.ar\/sitio\/","name":"Gente de B\u00e1squet","description":"La revista del basquet de Bah\u00eda Blanca","potentialAction":[{"@type":"SearchAction","target":{"@type":"EntryPoint","urlTemplate":"https:\/\/gentedebasquet.com.ar\/sitio\/?s={search_term_string}"},"query-input":{"@type":"PropertyValueSpecification","valueRequired":true,"valueName":"search_term_string"}}],"inLanguage":"es"},{"@type":"Person","@id":"https:\/\/gentedebasquet.com.ar\/sitio\/#\/schema\/person\/6f3e5bc5df127b420a445d22fc9eaa51","name":"Andres Camarero","image":{"@type":"ImageObject","inLanguage":"es","@id":"https:\/\/secure.gravatar.com\/avatar\/f6d4884ec54a50c25ccd5e4f54f5e904d09dfe74ef58e58f631f3917b6fed7cd?s=96&d=mm&r=g","url":"https:\/\/secure.gravatar.com\/avatar\/f6d4884ec54a50c25ccd5e4f54f5e904d09dfe74ef58e58f631f3917b6fed7cd?s=96&d=mm&r=g","contentUrl":"https:\/\/secure.gravatar.com\/avatar\/f6d4884ec54a50c25ccd5e4f54f5e904d09dfe74ef58e58f631f3917b6fed7cd?s=96&d=mm&r=g","caption":"Andres Camarero"},"url":"https:\/\/gentedebasquet.com.ar\/sitio\/author\/andres-camarero\/"}]}},"_links":{"self":[{"href":"https:\/\/gentedebasquet.com.ar\/sitio\/wp-json\/wp\/v2\/posts\/117154","targetHints":{"allow":["GET"]}}],"collection":[{"href":"https:\/\/gentedebasquet.com.ar\/sitio\/wp-json\/wp\/v2\/posts"}],"about":[{"href":"https:\/\/gentedebasquet.com.ar\/sitio\/wp-json\/wp\/v2\/types\/post"}],"author":[{"embeddable":true,"href":"https:\/\/gentedebasquet.com.ar\/sitio\/wp-json\/wp\/v2\/users\/70"}],"replies":[{"embeddable":true,"href":"https:\/\/gentedebasquet.com.ar\/sitio\/wp-json\/wp\/v2\/comments?post=117154"}],"version-history":[{"count":8,"href":"https:\/\/gentedebasquet.com.ar\/sitio\/wp-json\/wp\/v2\/posts\/117154\/revisions"}],"predecessor-version":[{"id":117169,"href":"https:\/\/gentedebasquet.com.ar\/sitio\/wp-json\/wp\/v2\/posts\/117154\/revisions\/117169"}],"wp:featuredmedia":[{"embeddable":true,"href":"https:\/\/gentedebasquet.com.ar\/sitio\/wp-json\/wp\/v2\/media\/117159"}],"wp:attachment":[{"href":"https:\/\/gentedebasquet.com.ar\/sitio\/wp-json\/wp\/v2\/media?parent=117154"}],"wp:term":[{"taxonomy":"category","embeddable":true,"href":"https:\/\/gentedebasquet.com.ar\/sitio\/wp-json\/wp\/v2\/categories?post=117154"},{"taxonomy":"post_tag","embeddable":true,"href":"https:\/\/gentedebasquet.com.ar\/sitio\/wp-json\/wp\/v2\/tags?post=117154"}],"curies":[{"name":"wp","href":"https:\/\/api.w.org\/{rel}","templated":true}]}}