{"id":117173,"date":"2025-07-18T05:39:04","date_gmt":"2025-07-18T03:39:04","guid":{"rendered":"https:\/\/gentedebasquet.com.ar\/sitio\/?p=117173"},"modified":"2025-07-18T06:58:34","modified_gmt":"2025-07-18T04:58:34","slug":"naposta-arraso-a-9-de-julio-y-sello-su-pase-a-semis","status":"publish","type":"post","link":"https:\/\/gentedebasquet.com.ar\/sitio\/2025\/07\/18\/naposta-arraso-a-9-de-julio-y-sello-su-pase-a-semis\/","title":{"rendered":"Napost\u00e1 arras\u00f3 a 9 de Julio y sell\u00f3 su pase a semis."},"content":{"rendered":"<p>Napost\u00e1 no dej\u00f3 dudas y arroll\u00f3 a 9 de Julio con un contundente 83 a 43 como visitante, para cerrar la serie de cuartos de final 2-0 y meterse en las semifinales del torneo.<\/p>\n<p>El equipo dirigido por Fabricio Piccinini domin\u00f3 desde el salto inicial, con una defensa asfixiante que dej\u00f3 a 9 de Julio sin respuestas en ning\u00fan tramo del partido. El primer cuarto fue una muestra clara del tono del encuentro: 24-9 a favor de Napost\u00e1.<\/p>\n<p>La intensidad no baj\u00f3. El visitante sigui\u00f3 ampliando la ventaja con un ataque fluido y una presi\u00f3n constante sobre cada posesi\u00f3n rival. Tom\u00e1s Bruni fue la gran figura, aportando 20 puntos con 6 triples, liderando un juego colectivo s\u00f3lido.<\/p>\n<p>Por el lado del local, los dirigidos por Turcato Juli\u00e1n nunca lograron entrar en ritmo. M\u00e1s all\u00e1 de algunos intentos individuales, el equipo se mostr\u00f3 flojo en todos los aspectos del juego, especialmente en la transici\u00f3n defensiva y la toma de decisiones.<\/p>\n<p>Napost\u00e1 cerr\u00f3 el partido con autoridad y se convierte en uno de los cuatro mejores del torneo.<\/p>\n<p>Gan\u00f3 la serie 2-0 y ahora espera a Pacifico en las Semifinales.<\/p>\n<div class=\"jeg_video_container jeg_video_content\"><iframe loading=\"lazy\" title=\"#Primera - 4tos de final - Juego #2 (+3): 9 de Julio (0) 43 - 83 (2) Napost\u00e1\" width=\"500\" height=\"281\" src=\"https:\/\/www.youtube.com\/embed\/eHMphYLLvWs?feature=oembed\" frameborder=\"0\" allow=\"accelerometer; autoplay; clipboard-write; encrypted-media; gyroscope; picture-in-picture; web-share\" referrerpolicy=\"strict-origin-when-cross-origin\" allowfullscreen><\/iframe><\/div>\n<p><img decoding=\"async\" class=\"size-medium wp-image-117175\" src=\"http:\/\/gentedebasquet.com.ar\/sitio\/wp-content\/uploads\/2025\/07\/Picsart_25-07-18_00-24-34-173-300x300.jpg\" alt=\"\" width=\"300\" height=\"300\" srcset=\"https:\/\/gentedebasquet.com.ar\/sitio\/wp-content\/uploads\/2025\/07\/Picsart_25-07-18_00-24-34-173-300x300.jpg 300w, https:\/\/gentedebasquet.com.ar\/sitio\/wp-content\/uploads\/2025\/07\/Picsart_25-07-18_00-24-34-173-1024x1024.jpg 1024w, https:\/\/gentedebasquet.com.ar\/sitio\/wp-content\/uploads\/2025\/07\/Picsart_25-07-18_00-24-34-173-150x150.jpg 150w, https:\/\/gentedebasquet.com.ar\/sitio\/wp-content\/uploads\/2025\/07\/Picsart_25-07-18_00-24-34-173-768x768.jpg 768w, https:\/\/gentedebasquet.com.ar\/sitio\/wp-content\/uploads\/2025\/07\/Picsart_25-07-18_00-24-34-173-75x75.jpg 75w, https:\/\/gentedebasquet.com.ar\/sitio\/wp-content\/uploads\/2025\/07\/Picsart_25-07-18_00-24-34-173-350x350.jpg 350w, https:\/\/gentedebasquet.com.ar\/sitio\/wp-content\/uploads\/2025\/07\/Picsart_25-07-18_00-24-34-173-750x750.jpg 750w, https:\/\/gentedebasquet.com.ar\/sitio\/wp-content\/uploads\/2025\/07\/Picsart_25-07-18_00-24-34-173.jpg 1140w\" sizes=\"(max-width: 300px) 100vw, 300px\" \/><\/p>\n<p><img decoding=\"async\" class=\"size-medium wp-image-117176\" src=\"http:\/\/gentedebasquet.com.ar\/sitio\/wp-content\/uploads\/2025\/07\/Picsart_25-07-18_00-23-22-478-300x300.jpg\" alt=\"\" width=\"300\" height=\"300\" srcset=\"https:\/\/gentedebasquet.com.ar\/sitio\/wp-content\/uploads\/2025\/07\/Picsart_25-07-18_00-23-22-478-300x300.jpg 300w, https:\/\/gentedebasquet.com.ar\/sitio\/wp-content\/uploads\/2025\/07\/Picsart_25-07-18_00-23-22-478-1024x1024.jpg 1024w, https:\/\/gentedebasquet.com.ar\/sitio\/wp-content\/uploads\/2025\/07\/Picsart_25-07-18_00-23-22-478-150x150.jpg 150w, https:\/\/gentedebasquet.com.ar\/sitio\/wp-content\/uploads\/2025\/07\/Picsart_25-07-18_00-23-22-478-768x768.jpg 768w, https:\/\/gentedebasquet.com.ar\/sitio\/wp-content\/uploads\/2025\/07\/Picsart_25-07-18_00-23-22-478-75x75.jpg 75w, https:\/\/gentedebasquet.com.ar\/sitio\/wp-content\/uploads\/2025\/07\/Picsart_25-07-18_00-23-22-478-350x350.jpg 350w, https:\/\/gentedebasquet.com.ar\/sitio\/wp-content\/uploads\/2025\/07\/Picsart_25-07-18_00-23-22-478-750x750.jpg 750w, https:\/\/gentedebasquet.com.ar\/sitio\/wp-content\/uploads\/2025\/07\/Picsart_25-07-18_00-23-22-478.jpg 1080w\" sizes=\"(max-width: 300px) 100vw, 300px\" \/><\/p>\n<p><img decoding=\"async\" class=\"size-medium wp-image-117174\" src=\"http:\/\/gentedebasquet.com.ar\/sitio\/wp-content\/uploads\/2025\/07\/Picsart_25-07-17_23-42-44-381-300x169.jpg\" alt=\"\" width=\"300\" height=\"169\" srcset=\"https:\/\/gentedebasquet.com.ar\/sitio\/wp-content\/uploads\/2025\/07\/Picsart_25-07-17_23-42-44-381-300x169.jpg 300w, https:\/\/gentedebasquet.com.ar\/sitio\/wp-content\/uploads\/2025\/07\/Picsart_25-07-17_23-42-44-381-1024x576.jpg 1024w, https:\/\/gentedebasquet.com.ar\/sitio\/wp-content\/uploads\/2025\/07\/Picsart_25-07-17_23-42-44-381-768x432.jpg 768w, https:\/\/gentedebasquet.com.ar\/sitio\/wp-content\/uploads\/2025\/07\/Picsart_25-07-17_23-42-44-381-1536x864.jpg 1536w, https:\/\/gentedebasquet.com.ar\/sitio\/wp-content\/uploads\/2025\/07\/Picsart_25-07-17_23-42-44-381-750x422.jpg 750w, https:\/\/gentedebasquet.com.ar\/sitio\/wp-content\/uploads\/2025\/07\/Picsart_25-07-17_23-42-44-381-1140x641.jpg 1140w, https:\/\/gentedebasquet.com.ar\/sitio\/wp-content\/uploads\/2025\/07\/Picsart_25-07-17_23-42-44-381.jpg 1920w\" sizes=\"(max-width: 300px) 100vw, 300px\" \/><\/p>\n<blockquote><p>\u00abLa clave fue la defensa, los dejamos en 43 puntos, un goleo muy bajo y tambien se nos abrio el aro, tuvimos buena efectividad y pudimos sacar ventaja y mantenerla el resto del partido\u00bb Declar\u00f3 Tomas Bruni<\/p><\/blockquote>\n<p><strong>S\u00edntesis \u2013 Segunda \u2013 Cuartos de Final \u2013 Juego 2 (+3)<\/strong><\/p>\n<p><strong>Napost\u00e1 (83):<\/strong><\/p>\n<p>Tom\u00e1s Bruni (20), Nicol\u00e1s Quiroga (12), Gast\u00f3n Nicol\u00e1s Torres (12), Joaqu\u00edn Larrandart (10), Segundo Vasconcelos (9), Guido Muzi Palma (8), Leonel Alemany (5), Kevin Maximiliano Zambrano Castex (4), Nicol\u00e1s Guerrero (3), Kevin Benjam\u00edn Hern\u00e1ndez (0), Nahuel Amaya Zuazquita (0), Enzo Roth (0).<\/p>\n<p style=\"text-align: left;\"><strong>DT:<\/strong> <strong>Fabricio Germ\u00e1n Piccinini<\/strong>.<\/p>\n<p><strong>9 de Julio (43):<\/strong><\/p>\n<p>Emilio Gim\u00e9nez (10), Sebasti\u00e1n Gabriel Larin Villegas (8), Luciano Vecchi (8), Andr\u00e9s Alejo Almir\u00f3n (6), Luciano D Amaro (4), Manuel Luj\u00e1n Costa (3), Francisco Goyanarte (2), Santiago Bussetti (2), Nicol\u00e1s Mazza (2), Santiago Boye (0), Agust\u00edn Dilernia (0), Facundo Flores (0).<\/p>\n<p><strong>DT: Turcato Juli\u00e1n.<\/strong><\/p>\n<p>&nbsp;<\/p>\n<p><strong>\u00c1rbitros<\/strong>: Sebasti\u00e1n Arcas, Sebasti\u00e1n Giannino y\u2069 Lucas Andr\u00e9s.\u2069<\/p>\n<p><strong>Cancha<\/strong>: N\u00e9stor Damiani (9 de Julio).<\/p>\n<p><strong>Serie<\/strong>: Napost\u00e1, 2-0.<\/p>\n","protected":false},"excerpt":{"rendered":"<p>Napost\u00e1 no dej\u00f3 dudas y arroll\u00f3 a 9 de Julio con un contundente 83 a 43 como visitante, para cerrar la serie de cuartos de final 2-0 y meterse en las semifinales del torneo. El equipo dirigido por Fabricio Piccinini domin\u00f3 desde el salto inicial, con una defensa asfixiante que dej\u00f3 a 9 de Julio [&hellip;]<\/p>\n","protected":false},"author":85,"featured_media":117192,"comment_status":"open","ping_status":"open","sticky":false,"template":"","format":"standard","meta":{"jnews-multi-image_gallery":[],"jnews_single_post":{"source_name":"","source_url":"","via_name":"","via_url":"","override_template":"0","override":[{"template":"1","single_blog_custom":"","parallax":"1","fullscreen":"1","layout":"right-sidebar","sidebar":"default-sidebar","second_sidebar":"default-sidebar","sticky_sidebar":"1","share_position":"top","share_float_style":"share-monocrhome","show_share_counter":"0","show_view_counter":"0","show_featured":"1","show_post_meta":"1","show_post_author":"1","show_post_author_image":"0","show_post_date":"1","post_date_format":"default","post_date_format_custom":"Y\/m\/d","show_post_category":"1","show_post_reading_time":"0","post_reading_time_wpm":"300","show_zoom_button":"0","zoom_button_out_step":"2","zoom_button_in_step":"3","show_post_tag":"1","show_prev_next_post":"1","show_popup_post":"0","number_popup_post":"1","show_author_box":"0","show_post_related":"0","show_inline_post_related":"0"}],"override_image_size":"0","image_override":[{"single_post_thumbnail_size":"crop-500","single_post_gallery_size":"crop-500"}],"trending_post":"0","trending_post_position":"meta","trending_post_label":"Trending","sponsored_post":"0","sponsored_post_label":"Sponsored by","sponsored_post_name":"","sponsored_post_url":"","sponsored_post_logo_enable":"0","sponsored_post_logo":"","sponsored_post_desc":"","disable_ad":"0"},"jnews_primary_category":{"id":"23","hide":"Naposta,9 de Julio,Tomas Bruni,Semifinales,Torneo de Primera"},"footnotes":""},"categories":[23,101],"tags":[],"class_list":["post-117173","post","type-post","status-publish","format-standard","has-post-thumbnail","hentry","category-primera","category-slide"],"yoast_head":"<!-- This site is optimized with the Yoast SEO plugin v27.5 - https:\/\/yoast.com\/product\/yoast-seo-wordpress\/ -->\n<title>Napost\u00e1 arras\u00f3 a 9 de Julio y sell\u00f3 su pase a semis. - Gente de B\u00e1squet<\/title>\n<meta name=\"robots\" content=\"index, follow, max-snippet:-1, max-image-preview:large, max-video-preview:-1\" \/>\n<link rel=\"canonical\" href=\"http:\/\/gentedebasquet.com.ar\/sitio\/2025\/07\/18\/naposta-arraso-a-9-de-julio-y-sello-su-pase-a-semis\/\" \/>\n<meta property=\"og:locale\" content=\"es_ES\" \/>\n<meta property=\"og:type\" content=\"article\" \/>\n<meta property=\"og:title\" content=\"Napost\u00e1 arras\u00f3 a 9 de Julio y sell\u00f3 su pase a semis. - Gente de B\u00e1squet\" \/>\n<meta property=\"og:description\" content=\"Napost\u00e1 no dej\u00f3 dudas y arroll\u00f3 a 9 de Julio con un contundente 83 a 43 como visitante, para cerrar la serie de cuartos de final 2-0 y meterse en las semifinales del torneo. El equipo dirigido por Fabricio Piccinini domin\u00f3 desde el salto inicial, con una defensa asfixiante que dej\u00f3 a 9 de Julio [&hellip;]\" \/>\n<meta property=\"og:url\" content=\"http:\/\/gentedebasquet.com.ar\/sitio\/2025\/07\/18\/naposta-arraso-a-9-de-julio-y-sello-su-pase-a-semis\/\" \/>\n<meta property=\"og:site_name\" content=\"Gente de B\u00e1squet\" \/>\n<meta property=\"article:published_time\" content=\"2025-07-18T03:39:04+00:00\" \/>\n<meta property=\"article:modified_time\" content=\"2025-07-18T04:58:34+00:00\" \/>\n<meta property=\"og:image\" content=\"http:\/\/gentedebasquet.com.ar\/sitio\/wp-content\/uploads\/2025\/07\/VideoCapture_20250718-000834-300x169-1.jpg\" \/>\n\t<meta property=\"og:image:width\" content=\"300\" \/>\n\t<meta property=\"og:image:height\" content=\"169\" \/>\n\t<meta property=\"og:image:type\" content=\"image\/jpeg\" \/>\n<meta name=\"author\" content=\"Gaspar Colipan\" \/>\n<meta name=\"twitter:card\" content=\"summary_large_image\" \/>\n<meta name=\"twitter:label1\" content=\"Escrito por\" \/>\n\t<meta name=\"twitter:data1\" content=\"Gaspar Colipan\" \/>\n\t<meta name=\"twitter:label2\" content=\"Tiempo de lectura\" \/>\n\t<meta name=\"twitter:data2\" content=\"3 minutos\" \/>\n<script type=\"application\/ld+json\" class=\"yoast-schema-graph\">{\"@context\":\"https:\\\/\\\/schema.org\",\"@graph\":[{\"@type\":\"Article\",\"@id\":\"http:\\\/\\\/gentedebasquet.com.ar\\\/sitio\\\/2025\\\/07\\\/18\\\/naposta-arraso-a-9-de-julio-y-sello-su-pase-a-semis\\\/#article\",\"isPartOf\":{\"@id\":\"http:\\\/\\\/gentedebasquet.com.ar\\\/sitio\\\/2025\\\/07\\\/18\\\/naposta-arraso-a-9-de-julio-y-sello-su-pase-a-semis\\\/\"},\"author\":{\"name\":\"Gaspar Colipan\",\"@id\":\"https:\\\/\\\/gentedebasquet.com.ar\\\/sitio\\\/#\\\/schema\\\/person\\\/1b206e728d8f0a731af8e9ca115408cf\"},\"headline\":\"Napost\u00e1 arras\u00f3 a 9 de Julio y sell\u00f3 su pase a semis.\",\"datePublished\":\"2025-07-18T03:39:04+00:00\",\"dateModified\":\"2025-07-18T04:58:34+00:00\",\"mainEntityOfPage\":{\"@id\":\"http:\\\/\\\/gentedebasquet.com.ar\\\/sitio\\\/2025\\\/07\\\/18\\\/naposta-arraso-a-9-de-julio-y-sello-su-pase-a-semis\\\/\"},\"wordCount\":355,\"commentCount\":0,\"image\":{\"@id\":\"http:\\\/\\\/gentedebasquet.com.ar\\\/sitio\\\/2025\\\/07\\\/18\\\/naposta-arraso-a-9-de-julio-y-sello-su-pase-a-semis\\\/#primaryimage\"},\"thumbnailUrl\":\"https:\\\/\\\/gentedebasquet.com.ar\\\/sitio\\\/wp-content\\\/uploads\\\/2025\\\/07\\\/VideoCapture_20250718-000834-300x169-1.jpg\",\"articleSection\":[\"Primera\",\"Slide\"],\"inLanguage\":\"es\",\"potentialAction\":[{\"@type\":\"CommentAction\",\"name\":\"Comment\",\"target\":[\"http:\\\/\\\/gentedebasquet.com.ar\\\/sitio\\\/2025\\\/07\\\/18\\\/naposta-arraso-a-9-de-julio-y-sello-su-pase-a-semis\\\/#respond\"]}]},{\"@type\":\"WebPage\",\"@id\":\"http:\\\/\\\/gentedebasquet.com.ar\\\/sitio\\\/2025\\\/07\\\/18\\\/naposta-arraso-a-9-de-julio-y-sello-su-pase-a-semis\\\/\",\"url\":\"http:\\\/\\\/gentedebasquet.com.ar\\\/sitio\\\/2025\\\/07\\\/18\\\/naposta-arraso-a-9-de-julio-y-sello-su-pase-a-semis\\\/\",\"name\":\"Napost\u00e1 arras\u00f3 a 9 de Julio y sell\u00f3 su pase a semis. - Gente de B\u00e1squet\",\"isPartOf\":{\"@id\":\"https:\\\/\\\/gentedebasquet.com.ar\\\/sitio\\\/#website\"},\"primaryImageOfPage\":{\"@id\":\"http:\\\/\\\/gentedebasquet.com.ar\\\/sitio\\\/2025\\\/07\\\/18\\\/naposta-arraso-a-9-de-julio-y-sello-su-pase-a-semis\\\/#primaryimage\"},\"image\":{\"@id\":\"http:\\\/\\\/gentedebasquet.com.ar\\\/sitio\\\/2025\\\/07\\\/18\\\/naposta-arraso-a-9-de-julio-y-sello-su-pase-a-semis\\\/#primaryimage\"},\"thumbnailUrl\":\"https:\\\/\\\/gentedebasquet.com.ar\\\/sitio\\\/wp-content\\\/uploads\\\/2025\\\/07\\\/VideoCapture_20250718-000834-300x169-1.jpg\",\"datePublished\":\"2025-07-18T03:39:04+00:00\",\"dateModified\":\"2025-07-18T04:58:34+00:00\",\"author\":{\"@id\":\"https:\\\/\\\/gentedebasquet.com.ar\\\/sitio\\\/#\\\/schema\\\/person\\\/1b206e728d8f0a731af8e9ca115408cf\"},\"breadcrumb\":{\"@id\":\"http:\\\/\\\/gentedebasquet.com.ar\\\/sitio\\\/2025\\\/07\\\/18\\\/naposta-arraso-a-9-de-julio-y-sello-su-pase-a-semis\\\/#breadcrumb\"},\"inLanguage\":\"es\",\"potentialAction\":[{\"@type\":\"ReadAction\",\"target\":[\"http:\\\/\\\/gentedebasquet.com.ar\\\/sitio\\\/2025\\\/07\\\/18\\\/naposta-arraso-a-9-de-julio-y-sello-su-pase-a-semis\\\/\"]}]},{\"@type\":\"ImageObject\",\"inLanguage\":\"es\",\"@id\":\"http:\\\/\\\/gentedebasquet.com.ar\\\/sitio\\\/2025\\\/07\\\/18\\\/naposta-arraso-a-9-de-julio-y-sello-su-pase-a-semis\\\/#primaryimage\",\"url\":\"https:\\\/\\\/gentedebasquet.com.ar\\\/sitio\\\/wp-content\\\/uploads\\\/2025\\\/07\\\/VideoCapture_20250718-000834-300x169-1.jpg\",\"contentUrl\":\"https:\\\/\\\/gentedebasquet.com.ar\\\/sitio\\\/wp-content\\\/uploads\\\/2025\\\/07\\\/VideoCapture_20250718-000834-300x169-1.jpg\",\"width\":300,\"height\":169},{\"@type\":\"BreadcrumbList\",\"@id\":\"http:\\\/\\\/gentedebasquet.com.ar\\\/sitio\\\/2025\\\/07\\\/18\\\/naposta-arraso-a-9-de-julio-y-sello-su-pase-a-semis\\\/#breadcrumb\",\"itemListElement\":[{\"@type\":\"ListItem\",\"position\":1,\"name\":\"Portada\",\"item\":\"https:\\\/\\\/gentedebasquet.com.ar\\\/sitio\\\/\"},{\"@type\":\"ListItem\",\"position\":2,\"name\":\"Napost\u00e1 arras\u00f3 a 9 de Julio y sell\u00f3 su pase a semis.\"}]},{\"@type\":\"WebSite\",\"@id\":\"https:\\\/\\\/gentedebasquet.com.ar\\\/sitio\\\/#website\",\"url\":\"https:\\\/\\\/gentedebasquet.com.ar\\\/sitio\\\/\",\"name\":\"Gente de B\u00e1squet\",\"description\":\"La revista del basquet de Bah\u00eda Blanca\",\"potentialAction\":[{\"@type\":\"SearchAction\",\"target\":{\"@type\":\"EntryPoint\",\"urlTemplate\":\"https:\\\/\\\/gentedebasquet.com.ar\\\/sitio\\\/?s={search_term_string}\"},\"query-input\":{\"@type\":\"PropertyValueSpecification\",\"valueRequired\":true,\"valueName\":\"search_term_string\"}}],\"inLanguage\":\"es\"},{\"@type\":\"Person\",\"@id\":\"https:\\\/\\\/gentedebasquet.com.ar\\\/sitio\\\/#\\\/schema\\\/person\\\/1b206e728d8f0a731af8e9ca115408cf\",\"name\":\"Gaspar Colipan\",\"image\":{\"@type\":\"ImageObject\",\"inLanguage\":\"es\",\"@id\":\"https:\\\/\\\/secure.gravatar.com\\\/avatar\\\/da637ee3e06756e55564013ac6fee2db53a97f4150b8400e5bf4fe46ff8b759e?s=96&d=mm&r=g\",\"url\":\"https:\\\/\\\/secure.gravatar.com\\\/avatar\\\/da637ee3e06756e55564013ac6fee2db53a97f4150b8400e5bf4fe46ff8b759e?s=96&d=mm&r=g\",\"contentUrl\":\"https:\\\/\\\/secure.gravatar.com\\\/avatar\\\/da637ee3e06756e55564013ac6fee2db53a97f4150b8400e5bf4fe46ff8b759e?s=96&d=mm&r=g\",\"caption\":\"Gaspar Colipan\"},\"url\":\"https:\\\/\\\/gentedebasquet.com.ar\\\/sitio\\\/author\\\/gaspar\\\/\"}]}<\/script>\n<!-- \/ Yoast SEO plugin. -->","yoast_head_json":{"title":"Napost\u00e1 arras\u00f3 a 9 de Julio y sell\u00f3 su pase a semis. - Gente de B\u00e1squet","robots":{"index":"index","follow":"follow","max-snippet":"max-snippet:-1","max-image-preview":"max-image-preview:large","max-video-preview":"max-video-preview:-1"},"canonical":"http:\/\/gentedebasquet.com.ar\/sitio\/2025\/07\/18\/naposta-arraso-a-9-de-julio-y-sello-su-pase-a-semis\/","og_locale":"es_ES","og_type":"article","og_title":"Napost\u00e1 arras\u00f3 a 9 de Julio y sell\u00f3 su pase a semis. - Gente de B\u00e1squet","og_description":"Napost\u00e1 no dej\u00f3 dudas y arroll\u00f3 a 9 de Julio con un contundente 83 a 43 como visitante, para cerrar la serie de cuartos de final 2-0 y meterse en las semifinales del torneo. El equipo dirigido por Fabricio Piccinini domin\u00f3 desde el salto inicial, con una defensa asfixiante que dej\u00f3 a 9 de Julio [&hellip;]","og_url":"http:\/\/gentedebasquet.com.ar\/sitio\/2025\/07\/18\/naposta-arraso-a-9-de-julio-y-sello-su-pase-a-semis\/","og_site_name":"Gente de B\u00e1squet","article_published_time":"2025-07-18T03:39:04+00:00","article_modified_time":"2025-07-18T04:58:34+00:00","og_image":[{"width":300,"height":169,"url":"http:\/\/gentedebasquet.com.ar\/sitio\/wp-content\/uploads\/2025\/07\/VideoCapture_20250718-000834-300x169-1.jpg","type":"image\/jpeg"}],"author":"Gaspar Colipan","twitter_card":"summary_large_image","twitter_misc":{"Escrito por":"Gaspar Colipan","Tiempo de lectura":"3 minutos"},"schema":{"@context":"https:\/\/schema.org","@graph":[{"@type":"Article","@id":"http:\/\/gentedebasquet.com.ar\/sitio\/2025\/07\/18\/naposta-arraso-a-9-de-julio-y-sello-su-pase-a-semis\/#article","isPartOf":{"@id":"http:\/\/gentedebasquet.com.ar\/sitio\/2025\/07\/18\/naposta-arraso-a-9-de-julio-y-sello-su-pase-a-semis\/"},"author":{"name":"Gaspar Colipan","@id":"https:\/\/gentedebasquet.com.ar\/sitio\/#\/schema\/person\/1b206e728d8f0a731af8e9ca115408cf"},"headline":"Napost\u00e1 arras\u00f3 a 9 de Julio y sell\u00f3 su pase a semis.","datePublished":"2025-07-18T03:39:04+00:00","dateModified":"2025-07-18T04:58:34+00:00","mainEntityOfPage":{"@id":"http:\/\/gentedebasquet.com.ar\/sitio\/2025\/07\/18\/naposta-arraso-a-9-de-julio-y-sello-su-pase-a-semis\/"},"wordCount":355,"commentCount":0,"image":{"@id":"http:\/\/gentedebasquet.com.ar\/sitio\/2025\/07\/18\/naposta-arraso-a-9-de-julio-y-sello-su-pase-a-semis\/#primaryimage"},"thumbnailUrl":"https:\/\/gentedebasquet.com.ar\/sitio\/wp-content\/uploads\/2025\/07\/VideoCapture_20250718-000834-300x169-1.jpg","articleSection":["Primera","Slide"],"inLanguage":"es","potentialAction":[{"@type":"CommentAction","name":"Comment","target":["http:\/\/gentedebasquet.com.ar\/sitio\/2025\/07\/18\/naposta-arraso-a-9-de-julio-y-sello-su-pase-a-semis\/#respond"]}]},{"@type":"WebPage","@id":"http:\/\/gentedebasquet.com.ar\/sitio\/2025\/07\/18\/naposta-arraso-a-9-de-julio-y-sello-su-pase-a-semis\/","url":"http:\/\/gentedebasquet.com.ar\/sitio\/2025\/07\/18\/naposta-arraso-a-9-de-julio-y-sello-su-pase-a-semis\/","name":"Napost\u00e1 arras\u00f3 a 9 de Julio y sell\u00f3 su pase a semis. - Gente de B\u00e1squet","isPartOf":{"@id":"https:\/\/gentedebasquet.com.ar\/sitio\/#website"},"primaryImageOfPage":{"@id":"http:\/\/gentedebasquet.com.ar\/sitio\/2025\/07\/18\/naposta-arraso-a-9-de-julio-y-sello-su-pase-a-semis\/#primaryimage"},"image":{"@id":"http:\/\/gentedebasquet.com.ar\/sitio\/2025\/07\/18\/naposta-arraso-a-9-de-julio-y-sello-su-pase-a-semis\/#primaryimage"},"thumbnailUrl":"https:\/\/gentedebasquet.com.ar\/sitio\/wp-content\/uploads\/2025\/07\/VideoCapture_20250718-000834-300x169-1.jpg","datePublished":"2025-07-18T03:39:04+00:00","dateModified":"2025-07-18T04:58:34+00:00","author":{"@id":"https:\/\/gentedebasquet.com.ar\/sitio\/#\/schema\/person\/1b206e728d8f0a731af8e9ca115408cf"},"breadcrumb":{"@id":"http:\/\/gentedebasquet.com.ar\/sitio\/2025\/07\/18\/naposta-arraso-a-9-de-julio-y-sello-su-pase-a-semis\/#breadcrumb"},"inLanguage":"es","potentialAction":[{"@type":"ReadAction","target":["http:\/\/gentedebasquet.com.ar\/sitio\/2025\/07\/18\/naposta-arraso-a-9-de-julio-y-sello-su-pase-a-semis\/"]}]},{"@type":"ImageObject","inLanguage":"es","@id":"http:\/\/gentedebasquet.com.ar\/sitio\/2025\/07\/18\/naposta-arraso-a-9-de-julio-y-sello-su-pase-a-semis\/#primaryimage","url":"https:\/\/gentedebasquet.com.ar\/sitio\/wp-content\/uploads\/2025\/07\/VideoCapture_20250718-000834-300x169-1.jpg","contentUrl":"https:\/\/gentedebasquet.com.ar\/sitio\/wp-content\/uploads\/2025\/07\/VideoCapture_20250718-000834-300x169-1.jpg","width":300,"height":169},{"@type":"BreadcrumbList","@id":"http:\/\/gentedebasquet.com.ar\/sitio\/2025\/07\/18\/naposta-arraso-a-9-de-julio-y-sello-su-pase-a-semis\/#breadcrumb","itemListElement":[{"@type":"ListItem","position":1,"name":"Portada","item":"https:\/\/gentedebasquet.com.ar\/sitio\/"},{"@type":"ListItem","position":2,"name":"Napost\u00e1 arras\u00f3 a 9 de Julio y sell\u00f3 su pase a semis."}]},{"@type":"WebSite","@id":"https:\/\/gentedebasquet.com.ar\/sitio\/#website","url":"https:\/\/gentedebasquet.com.ar\/sitio\/","name":"Gente de B\u00e1squet","description":"La revista del basquet de Bah\u00eda Blanca","potentialAction":[{"@type":"SearchAction","target":{"@type":"EntryPoint","urlTemplate":"https:\/\/gentedebasquet.com.ar\/sitio\/?s={search_term_string}"},"query-input":{"@type":"PropertyValueSpecification","valueRequired":true,"valueName":"search_term_string"}}],"inLanguage":"es"},{"@type":"Person","@id":"https:\/\/gentedebasquet.com.ar\/sitio\/#\/schema\/person\/1b206e728d8f0a731af8e9ca115408cf","name":"Gaspar Colipan","image":{"@type":"ImageObject","inLanguage":"es","@id":"https:\/\/secure.gravatar.com\/avatar\/da637ee3e06756e55564013ac6fee2db53a97f4150b8400e5bf4fe46ff8b759e?s=96&d=mm&r=g","url":"https:\/\/secure.gravatar.com\/avatar\/da637ee3e06756e55564013ac6fee2db53a97f4150b8400e5bf4fe46ff8b759e?s=96&d=mm&r=g","contentUrl":"https:\/\/secure.gravatar.com\/avatar\/da637ee3e06756e55564013ac6fee2db53a97f4150b8400e5bf4fe46ff8b759e?s=96&d=mm&r=g","caption":"Gaspar Colipan"},"url":"https:\/\/gentedebasquet.com.ar\/sitio\/author\/gaspar\/"}]}},"_links":{"self":[{"href":"https:\/\/gentedebasquet.com.ar\/sitio\/wp-json\/wp\/v2\/posts\/117173","targetHints":{"allow":["GET"]}}],"collection":[{"href":"https:\/\/gentedebasquet.com.ar\/sitio\/wp-json\/wp\/v2\/posts"}],"about":[{"href":"https:\/\/gentedebasquet.com.ar\/sitio\/wp-json\/wp\/v2\/types\/post"}],"author":[{"embeddable":true,"href":"https:\/\/gentedebasquet.com.ar\/sitio\/wp-json\/wp\/v2\/users\/85"}],"replies":[{"embeddable":true,"href":"https:\/\/gentedebasquet.com.ar\/sitio\/wp-json\/wp\/v2\/comments?post=117173"}],"version-history":[{"count":6,"href":"https:\/\/gentedebasquet.com.ar\/sitio\/wp-json\/wp\/v2\/posts\/117173\/revisions"}],"predecessor-version":[{"id":117200,"href":"https:\/\/gentedebasquet.com.ar\/sitio\/wp-json\/wp\/v2\/posts\/117173\/revisions\/117200"}],"wp:featuredmedia":[{"embeddable":true,"href":"https:\/\/gentedebasquet.com.ar\/sitio\/wp-json\/wp\/v2\/media\/117192"}],"wp:attachment":[{"href":"https:\/\/gentedebasquet.com.ar\/sitio\/wp-json\/wp\/v2\/media?parent=117173"}],"wp:term":[{"taxonomy":"category","embeddable":true,"href":"https:\/\/gentedebasquet.com.ar\/sitio\/wp-json\/wp\/v2\/categories?post=117173"},{"taxonomy":"post_tag","embeddable":true,"href":"https:\/\/gentedebasquet.com.ar\/sitio\/wp-json\/wp\/v2\/tags?post=117173"}],"curies":[{"name":"wp","href":"https:\/\/api.w.org\/{rel}","templated":true}]}}