{"id":117322,"date":"2025-07-25T07:55:50","date_gmt":"2025-07-25T05:55:50","guid":{"rendered":"https:\/\/gentedebasquet.com.ar\/sitio\/?p=117322"},"modified":"2025-07-25T08:03:35","modified_gmt":"2025-07-25T06:03:35","slug":"otro-final-de-infarto-para-napo","status":"publish","type":"post","link":"https:\/\/gentedebasquet.com.ar\/sitio\/2025\/07\/25\/otro-final-de-infarto-para-napo\/","title":{"rendered":"Otro final de infarto para Napo"},"content":{"rendered":"<p><strong>En un segundo infartante duelo que se defini\u00f3 por un punto y en la \u00faltima posesi\u00f3n. Napost\u00e1 venci\u00f3 72-71 a Pac\u00edfico, como visitante, y se meti\u00f3 en la gran final del Torneo Apertura de Primera Divisi\u00f3n \u00abAldo &#8216;Bebe&#8217; Storti\u00bb.<\/strong><\/p>\n<p>Las defensas se impusieron desde el arranque.<strong> El primer cuarto se caracteriz\u00f3 por un bajo goleo, algo esperable en un partido con estas caracter\u00edsticas.<\/strong> En ataque, predomin\u00f3 la pintura y la distribuci\u00f3n en las anotaciones; la paridad fue casi total durante todo el tramo, Pac\u00edfico logr\u00f3 cerrar arriba por un ajustado 16-15.<\/p>\n<p><strong>Santiago Loos abri\u00f3 el segundo cuarto con dos bombas desde la l\u00ednea de tres para el conjunto local.<\/strong> Sin embargo, Napost\u00e1 respondi\u00f3 con un parcial 7-0 que igual\u00f3 el marcador. A partir de este momento,<strong> comenz\u00f3 a marcarse una tendencia clara: las rachas.<\/strong> El Verde respondi\u00f3 con un contundente 12-1, con otros dos triples de Loos y uno de Juan Cruz Redivo, para cerrar el primer tiempo arriba 39-36.<\/p>\n<p>Tras el descanso,<strong> el buen momento local continu\u00f3 por unos minutos m\u00e1s, llegando a estirar la ventaja hasta los 12 puntos,<\/strong> m\u00e1xima de la noche. Pero, cuando ese buen pasar lleg\u00f3 a su fin,<strong> los de la Avenida Alem respondieron con un 11-2 y luego un 7-1<\/strong> para cerrar el cuarto abajo 51-50, con Tom\u00e1s Bruni, Nicol\u00e1s Guerrero, Segundo Vasconcelo y Nicol\u00e1s Quiroga destac\u00e1ndose como m\u00e1ximos artilleros.<\/p>\n<p><strong>Pac\u00edfico lleg\u00f3 cargado de infracciones al \u00faltimo cuarto,<\/strong> por lo que no sorprendi\u00f3 cuando <strong>Tom\u00e1s Sagarzazu sali\u00f3 por quinta,<\/strong> en los primeros compases del mismo. Siguiendo con esta t\u00f3nica, el cierre estuvo cargado de faltas, con <strong>nueve en los primeros cinco minutos,<\/strong> durante los cuales el anfitri\u00f3n fue superior, firmando un parcial de 13-5, impulsado por un Francisco Michelli desatado que ya acumulaba 20 puntos.<\/p>\n<p>Sin embargo, como en las otras ocasiones, <strong>Napost\u00e1 respondi\u00f3, y lo hizo con un contundente 10-1.<\/strong> En ese parcial, <strong>Quiroga, con un enorme 2+1 seguido de un doble, puso a Napo al frente en el marcador faltando dos minutos.<\/strong><\/p>\n<p><strong>Los \u00faltimos dos minutos, al igual que en el Antonio Palma, fueron dram\u00e1ticos.<\/strong> La visita tuvo varias oportunidades para asegurar la victoria, pero el destino, parec\u00eda tener otros planes. Todo desemboc\u00f3, inevitablemente, en la \u00faltima posesi\u00f3n de la noche. <strong>Napost\u00e1 72-71 arriba y la chance de ponerse a cubierto si Segundo Vasconcelo acertaba ambos tiros libres.<\/strong><\/p>\n<p><strong>Vasconcelo, quien tuvo una noche complicada desde la l\u00ednea (3\/9), fall\u00f3 sus dos lanzamientos.<\/strong> Sin embargo, Gast\u00f3n Torres dio una mano al tomar el rebote ofensivo, pero tambi\u00e9n fall\u00f3 la conversi\u00f3n. As\u00ed, con 15 segundos en el reloj, <strong>Pac\u00edfico tuvo el destino en sus manos para intentar sellar el triunfo.<\/strong><\/p>\n<p>Redivo tom\u00f3 el rebote y r\u00e1pidamente le dio el bal\u00f3n a Salvatori, quien cruz\u00f3 fugazmente el rect\u00e1ngulo. Ya en campo rival, se la devolvi\u00f3 al propio Redivo, que,<strong> ubicado en la esquina, encar\u00f3 hacia el aro en busca de la victoria para el Verde.<\/strong> Sin embargo, en ese momento clave, <strong>apareci\u00f3 la figura del siempre confiable Guido Muzi, quien con un gran tap\u00f3n frustr\u00f3 la \u00faltima esperanza del conjunto local<\/strong> y sell\u00f3 la victoria de Napost\u00e1 72-71.<\/p>\n<p><strong>Una vez m\u00e1s, en los \u00faltimos instantes, los dirigidos por Fabricio Piccinini se llevaron el triunfo y avanzaron a la gran final. All\u00ed, desde el lunes, se enfrentar\u00e1n nada m\u00e1s y nada menos que a Olimpo, el mismo rival con el que abrieron el campeonato.<\/strong><\/p>\n<div class=\"jeg_video_container jeg_video_content\"><iframe loading=\"lazy\" title=\"#Primera - Semifinal - Juego #2 (+3): Pac\u00edfico (0) 71 - 72 (2) Napost\u00e1\" width=\"500\" height=\"281\" src=\"https:\/\/www.youtube.com\/embed\/Zt-xoK47lNQ?feature=oembed\" frameborder=\"0\" allow=\"accelerometer; autoplay; clipboard-write; encrypted-media; gyroscope; picture-in-picture; web-share\" referrerpolicy=\"strict-origin-when-cross-origin\" allowfullscreen><\/iframe><\/div>\n<p><img decoding=\"async\" class=\"alignnone wp-image-117330 \" src=\"http:\/\/gentedebasquet.com.ar\/sitio\/wp-content\/uploads\/2025\/07\/WhatsApp-Image-2025-07-25-at-01.08.55-1024x1024.jpeg\" alt=\"\" width=\"300\" height=\"300\" data-pin-no-hover=\"true\" srcset=\"https:\/\/gentedebasquet.com.ar\/sitio\/wp-content\/uploads\/2025\/07\/WhatsApp-Image-2025-07-25-at-01.08.55-1024x1024.jpeg 1024w, https:\/\/gentedebasquet.com.ar\/sitio\/wp-content\/uploads\/2025\/07\/WhatsApp-Image-2025-07-25-at-01.08.55-300x300.jpeg 300w, https:\/\/gentedebasquet.com.ar\/sitio\/wp-content\/uploads\/2025\/07\/WhatsApp-Image-2025-07-25-at-01.08.55-150x150.jpeg 150w, https:\/\/gentedebasquet.com.ar\/sitio\/wp-content\/uploads\/2025\/07\/WhatsApp-Image-2025-07-25-at-01.08.55-768x768.jpeg 768w, https:\/\/gentedebasquet.com.ar\/sitio\/wp-content\/uploads\/2025\/07\/WhatsApp-Image-2025-07-25-at-01.08.55-1536x1536.jpeg 1536w, https:\/\/gentedebasquet.com.ar\/sitio\/wp-content\/uploads\/2025\/07\/WhatsApp-Image-2025-07-25-at-01.08.55-75x75.jpeg 75w, https:\/\/gentedebasquet.com.ar\/sitio\/wp-content\/uploads\/2025\/07\/WhatsApp-Image-2025-07-25-at-01.08.55-350x350.jpeg 350w, https:\/\/gentedebasquet.com.ar\/sitio\/wp-content\/uploads\/2025\/07\/WhatsApp-Image-2025-07-25-at-01.08.55-750x750.jpeg 750w, https:\/\/gentedebasquet.com.ar\/sitio\/wp-content\/uploads\/2025\/07\/WhatsApp-Image-2025-07-25-at-01.08.55-1140x1140.jpeg 1140w, https:\/\/gentedebasquet.com.ar\/sitio\/wp-content\/uploads\/2025\/07\/WhatsApp-Image-2025-07-25-at-01.08.55.jpeg 1600w\" sizes=\"(max-width: 300px) 100vw, 300px\" \/><\/p>\n<p><img decoding=\"async\" class=\"alignnone wp-image-117333 \" src=\"http:\/\/gentedebasquet.com.ar\/sitio\/wp-content\/uploads\/2025\/07\/IMG_20250724_231015-1024x766.jpg\" alt=\"\" width=\"500\" height=\"374\" data-pin-no-hover=\"true\" srcset=\"https:\/\/gentedebasquet.com.ar\/sitio\/wp-content\/uploads\/2025\/07\/IMG_20250724_231015-1024x766.jpg 1024w, https:\/\/gentedebasquet.com.ar\/sitio\/wp-content\/uploads\/2025\/07\/IMG_20250724_231015-300x224.jpg 300w, https:\/\/gentedebasquet.com.ar\/sitio\/wp-content\/uploads\/2025\/07\/IMG_20250724_231015-768x574.jpg 768w, https:\/\/gentedebasquet.com.ar\/sitio\/wp-content\/uploads\/2025\/07\/IMG_20250724_231015-1536x1149.jpg 1536w, https:\/\/gentedebasquet.com.ar\/sitio\/wp-content\/uploads\/2025\/07\/IMG_20250724_231015-2048x1532.jpg 2048w, https:\/\/gentedebasquet.com.ar\/sitio\/wp-content\/uploads\/2025\/07\/IMG_20250724_231015-750x561.jpg 750w, https:\/\/gentedebasquet.com.ar\/sitio\/wp-content\/uploads\/2025\/07\/IMG_20250724_231015-1140x853.jpg 1140w\" sizes=\"(max-width: 500px) 100vw, 500px\" \/><\/p>\n<blockquote><p>\u00ab Alegr\u00eda, muy contento por este grupo, venimos entrenando muy duro desde que arranc\u00f3 el a\u00f1o. Tenemos un grupo hermoso&#8230; Fue una serie muy dura, juegan muy f\u00edsico. La clave fue defender el per\u00edmetro de ellos que fue lo que nos planteamos&#8230; La mayor fortaleza que tenemos, es que somos un equipo muy largo, muchas manos, del 1 hasta el 5 podemos anotar. Destacar la uni\u00f3n del grupo, nos llevamos bien entre todos, y eso es clave para que un grupo llegue hasta donde llegamos nosotros&#8230; Vamos a tratar de salir campeones, que es lo que todos queremos, y vamos a hacer lo posible para que se nos de. \u00bb <strong>Tom\u00e1s Bruni, Napost\u00e1.<\/strong><\/p><\/blockquote>\n<p><img decoding=\"async\" class=\"alignnone wp-image-117331 \" src=\"http:\/\/gentedebasquet.com.ar\/sitio\/wp-content\/uploads\/2025\/07\/WhatsApp-Image-2025-07-25-at-01.08.55-1-1024x1024.jpeg\" alt=\"\" width=\"300\" height=\"300\" data-pin-no-hover=\"true\" srcset=\"https:\/\/gentedebasquet.com.ar\/sitio\/wp-content\/uploads\/2025\/07\/WhatsApp-Image-2025-07-25-at-01.08.55-1-1024x1024.jpeg 1024w, https:\/\/gentedebasquet.com.ar\/sitio\/wp-content\/uploads\/2025\/07\/WhatsApp-Image-2025-07-25-at-01.08.55-1-300x300.jpeg 300w, https:\/\/gentedebasquet.com.ar\/sitio\/wp-content\/uploads\/2025\/07\/WhatsApp-Image-2025-07-25-at-01.08.55-1-150x150.jpeg 150w, https:\/\/gentedebasquet.com.ar\/sitio\/wp-content\/uploads\/2025\/07\/WhatsApp-Image-2025-07-25-at-01.08.55-1-768x768.jpeg 768w, https:\/\/gentedebasquet.com.ar\/sitio\/wp-content\/uploads\/2025\/07\/WhatsApp-Image-2025-07-25-at-01.08.55-1-1536x1536.jpeg 1536w, https:\/\/gentedebasquet.com.ar\/sitio\/wp-content\/uploads\/2025\/07\/WhatsApp-Image-2025-07-25-at-01.08.55-1-75x75.jpeg 75w, https:\/\/gentedebasquet.com.ar\/sitio\/wp-content\/uploads\/2025\/07\/WhatsApp-Image-2025-07-25-at-01.08.55-1-350x350.jpeg 350w, https:\/\/gentedebasquet.com.ar\/sitio\/wp-content\/uploads\/2025\/07\/WhatsApp-Image-2025-07-25-at-01.08.55-1-750x750.jpeg 750w, https:\/\/gentedebasquet.com.ar\/sitio\/wp-content\/uploads\/2025\/07\/WhatsApp-Image-2025-07-25-at-01.08.55-1-1140x1140.jpeg 1140w, https:\/\/gentedebasquet.com.ar\/sitio\/wp-content\/uploads\/2025\/07\/WhatsApp-Image-2025-07-25-at-01.08.55-1.jpeg 1600w\" sizes=\"(max-width: 300px) 100vw, 300px\" \/><\/p>\n<p><strong>S\u00edntesis \u2013 Primera Divisi\u00f3n \u2013 Semifinales \u2013 Juego #2 (+3)<\/strong><\/p>\n<p><strong>Pac\u00edfico 71:<\/strong> Branco Salvatori 7, Francisco Michelli 24, Francisco Mattioli 3, Valent\u00edn Cort\u00e9s 4, Tom\u00e1s Sagarzazu 4,<strong> (FI); <\/strong>Santiago Loos 21, Juan Cruz Redivo 5,\u00a0Mateo Boccatonda 3, I\u00f1aki Errazu 0, Genaro Pisani 0, Gino Pisani, Mat\u00edas Padilla. <strong>DT: Mauro Richotti.<\/strong><\/p>\n<p><strong>Napost\u00e1 72:<\/strong> Nicol\u00e1s Guerrero 8, Tom\u00e1s Bruni 15, Segundo Vasconcelo 9, Gast\u00f3n Torres 10, Joaqu\u00edn Larrandart 0, <strong>(FI);<\/strong> Nicol\u00e1s Quiroga 15, Guido Muzi 11, Kevin Zambrano 3, Leonel Alema\u00f1y 1, Kevin Hern\u00e1ndez, Sebasti\u00e1n Suarez, Enzo Roth. <strong>DT: Fabricio Piccinini.<\/strong><\/p>\n<p><strong>Parciales:<\/strong> 16-15; 36-29 (20-14); 51-50 (15-21); 71-72 (20-22)<\/p>\n<p><strong>\u00c1rbitros:<\/strong> Alejandro Ramallo, Horacio Sed\u00e1n, N\u00e9stor Schernenco.<\/p>\n<p><strong>Cancha:<\/strong> William Harding Green (Pacifico).<\/p>\n<p><strong>Serie:<\/strong> Napost\u00e1 2-0.<\/p>\n","protected":false},"excerpt":{"rendered":"<p>En un segundo infartante duelo que se defini\u00f3 por un punto y en la \u00faltima posesi\u00f3n. Napost\u00e1 venci\u00f3 72-71 a Pac\u00edfico, como visitante, y se meti\u00f3 en la gran final del Torneo Apertura de Primera Divisi\u00f3n \u00abAldo &#8216;Bebe&#8217; Storti\u00bb. Las defensas se impusieron desde el arranque. El primer cuarto se caracteriz\u00f3 por un bajo goleo, [&hellip;]<\/p>\n","protected":false},"author":84,"featured_media":117332,"comment_status":"open","ping_status":"open","sticky":false,"template":"","format":"standard","meta":{"jnews-multi-image_gallery":[],"jnews_single_post":{"source_name":"","source_url":"","via_name":"","via_url":"","override_template":"0","override":[{"template":"1","single_blog_custom":"","parallax":"1","fullscreen":"1","layout":"right-sidebar","sidebar":"default-sidebar","second_sidebar":"default-sidebar","sticky_sidebar":"1","share_position":"top","share_float_style":"share-monocrhome","show_share_counter":"0","show_view_counter":"0","show_featured":"1","show_post_meta":"1","show_post_author":"1","show_post_author_image":"0","show_post_date":"1","post_date_format":"default","post_date_format_custom":"Y\/m\/d","show_post_category":"1","show_post_reading_time":"0","post_reading_time_wpm":"300","show_zoom_button":"0","zoom_button_out_step":"2","zoom_button_in_step":"3","show_post_tag":"1","show_prev_next_post":"1","show_popup_post":"0","number_popup_post":"1","show_author_box":"0","show_post_related":"0","show_inline_post_related":"0"}],"override_image_size":"0","image_override":[{"single_post_thumbnail_size":"crop-500","single_post_gallery_size":"crop-500"}],"trending_post":"0","trending_post_position":"meta","trending_post_label":"Trending","sponsored_post":"0","sponsored_post_label":"Sponsored by","sponsored_post_name":"","sponsored_post_url":"","sponsored_post_logo_enable":"0","sponsored_post_logo":"","sponsored_post_desc":"","disable_ad":"0"},"jnews_primary_category":{"id":"","hide":""},"footnotes":""},"categories":[23],"tags":[2021,1723,15,17,504,508,1719,486,1977],"class_list":["post-117322","post","type-post","status-publish","format-standard","has-post-thumbnail","hentry","category-primera","tag-francisco-michelli","tag-guido-muzi","tag-naposta","tag-pacifico","tag-playoffs","tag-primera-division","tag-santiago-loos","tag-tomas-bruni","tag-torneo-de-primera"],"yoast_head":"<!-- This site is optimized with the Yoast SEO plugin v27.5 - https:\/\/yoast.com\/product\/yoast-seo-wordpress\/ -->\n<title>Otro final de infarto para Napo - Gente de B\u00e1squet<\/title>\n<meta name=\"robots\" content=\"index, follow, max-snippet:-1, max-image-preview:large, max-video-preview:-1\" \/>\n<link rel=\"canonical\" href=\"https:\/\/gentedebasquet.com.ar\/sitio\/2025\/07\/25\/otro-final-de-infarto-para-napo\/\" \/>\n<meta property=\"og:locale\" content=\"es_ES\" \/>\n<meta property=\"og:type\" content=\"article\" \/>\n<meta property=\"og:title\" content=\"Otro final de infarto para Napo - Gente de B\u00e1squet\" \/>\n<meta property=\"og:description\" content=\"En un segundo infartante duelo que se defini\u00f3 por un punto y en la \u00faltima posesi\u00f3n. Napost\u00e1 venci\u00f3 72-71 a Pac\u00edfico, como visitante, y se meti\u00f3 en la gran final del Torneo Apertura de Primera Divisi\u00f3n \u00abAldo &#8216;Bebe&#8217; Storti\u00bb. Las defensas se impusieron desde el arranque. El primer cuarto se caracteriz\u00f3 por un bajo goleo, [&hellip;]\" \/>\n<meta property=\"og:url\" content=\"https:\/\/gentedebasquet.com.ar\/sitio\/2025\/07\/25\/otro-final-de-infarto-para-napo\/\" \/>\n<meta property=\"og:site_name\" content=\"Gente de B\u00e1squet\" \/>\n<meta property=\"article:published_time\" content=\"2025-07-25T05:55:50+00:00\" \/>\n<meta property=\"article:modified_time\" content=\"2025-07-25T06:03:35+00:00\" \/>\n<meta property=\"og:image\" content=\"https:\/\/gentedebasquet.com.ar\/sitio\/wp-content\/uploads\/2025\/07\/PXL_20250724_230515533-scaled-e1753421866756.jpg\" \/>\n\t<meta property=\"og:image:width\" content=\"2078\" \/>\n\t<meta property=\"og:image:height\" content=\"1165\" \/>\n\t<meta property=\"og:image:type\" content=\"image\/jpeg\" \/>\n<meta name=\"author\" content=\"Facundo Elizalde\" \/>\n<meta name=\"twitter:card\" content=\"summary_large_image\" \/>\n<meta name=\"twitter:label1\" content=\"Escrito por\" \/>\n\t<meta name=\"twitter:data1\" content=\"Facundo Elizalde\" \/>\n\t<meta name=\"twitter:label2\" content=\"Tiempo de lectura\" \/>\n\t<meta name=\"twitter:data2\" content=\"4 minutos\" \/>\n<script type=\"application\/ld+json\" class=\"yoast-schema-graph\">{\"@context\":\"https:\\\/\\\/schema.org\",\"@graph\":[{\"@type\":\"Article\",\"@id\":\"https:\\\/\\\/gentedebasquet.com.ar\\\/sitio\\\/2025\\\/07\\\/25\\\/otro-final-de-infarto-para-napo\\\/#article\",\"isPartOf\":{\"@id\":\"https:\\\/\\\/gentedebasquet.com.ar\\\/sitio\\\/2025\\\/07\\\/25\\\/otro-final-de-infarto-para-napo\\\/\"},\"author\":{\"name\":\"Facundo Elizalde\",\"@id\":\"https:\\\/\\\/gentedebasquet.com.ar\\\/sitio\\\/#\\\/schema\\\/person\\\/2830c671ecf949fe6896fdc95b81667e\"},\"headline\":\"Otro final de infarto para Napo\",\"datePublished\":\"2025-07-25T05:55:50+00:00\",\"dateModified\":\"2025-07-25T06:03:35+00:00\",\"mainEntityOfPage\":{\"@id\":\"https:\\\/\\\/gentedebasquet.com.ar\\\/sitio\\\/2025\\\/07\\\/25\\\/otro-final-de-infarto-para-napo\\\/\"},\"wordCount\":823,\"commentCount\":0,\"image\":{\"@id\":\"https:\\\/\\\/gentedebasquet.com.ar\\\/sitio\\\/2025\\\/07\\\/25\\\/otro-final-de-infarto-para-napo\\\/#primaryimage\"},\"thumbnailUrl\":\"https:\\\/\\\/gentedebasquet.com.ar\\\/sitio\\\/wp-content\\\/uploads\\\/2025\\\/07\\\/PXL_20250724_230515533-scaled-e1753421866756.jpg\",\"keywords\":[\"Francisco Michelli\",\"Guido Muzi\",\"Naposta\",\"Pacifico\",\"Playoffs\",\"Primera Divisi\u00f3n\",\"Santiago Loos\",\"Tomas Bruni\",\"Torneo de Primera\"],\"articleSection\":[\"Primera\"],\"inLanguage\":\"es\",\"potentialAction\":[{\"@type\":\"CommentAction\",\"name\":\"Comment\",\"target\":[\"https:\\\/\\\/gentedebasquet.com.ar\\\/sitio\\\/2025\\\/07\\\/25\\\/otro-final-de-infarto-para-napo\\\/#respond\"]}]},{\"@type\":\"WebPage\",\"@id\":\"https:\\\/\\\/gentedebasquet.com.ar\\\/sitio\\\/2025\\\/07\\\/25\\\/otro-final-de-infarto-para-napo\\\/\",\"url\":\"https:\\\/\\\/gentedebasquet.com.ar\\\/sitio\\\/2025\\\/07\\\/25\\\/otro-final-de-infarto-para-napo\\\/\",\"name\":\"Otro final de infarto para Napo - Gente de B\u00e1squet\",\"isPartOf\":{\"@id\":\"https:\\\/\\\/gentedebasquet.com.ar\\\/sitio\\\/#website\"},\"primaryImageOfPage\":{\"@id\":\"https:\\\/\\\/gentedebasquet.com.ar\\\/sitio\\\/2025\\\/07\\\/25\\\/otro-final-de-infarto-para-napo\\\/#primaryimage\"},\"image\":{\"@id\":\"https:\\\/\\\/gentedebasquet.com.ar\\\/sitio\\\/2025\\\/07\\\/25\\\/otro-final-de-infarto-para-napo\\\/#primaryimage\"},\"thumbnailUrl\":\"https:\\\/\\\/gentedebasquet.com.ar\\\/sitio\\\/wp-content\\\/uploads\\\/2025\\\/07\\\/PXL_20250724_230515533-scaled-e1753421866756.jpg\",\"datePublished\":\"2025-07-25T05:55:50+00:00\",\"dateModified\":\"2025-07-25T06:03:35+00:00\",\"author\":{\"@id\":\"https:\\\/\\\/gentedebasquet.com.ar\\\/sitio\\\/#\\\/schema\\\/person\\\/2830c671ecf949fe6896fdc95b81667e\"},\"breadcrumb\":{\"@id\":\"https:\\\/\\\/gentedebasquet.com.ar\\\/sitio\\\/2025\\\/07\\\/25\\\/otro-final-de-infarto-para-napo\\\/#breadcrumb\"},\"inLanguage\":\"es\",\"potentialAction\":[{\"@type\":\"ReadAction\",\"target\":[\"https:\\\/\\\/gentedebasquet.com.ar\\\/sitio\\\/2025\\\/07\\\/25\\\/otro-final-de-infarto-para-napo\\\/\"]}]},{\"@type\":\"ImageObject\",\"inLanguage\":\"es\",\"@id\":\"https:\\\/\\\/gentedebasquet.com.ar\\\/sitio\\\/2025\\\/07\\\/25\\\/otro-final-de-infarto-para-napo\\\/#primaryimage\",\"url\":\"https:\\\/\\\/gentedebasquet.com.ar\\\/sitio\\\/wp-content\\\/uploads\\\/2025\\\/07\\\/PXL_20250724_230515533-scaled-e1753421866756.jpg\",\"contentUrl\":\"https:\\\/\\\/gentedebasquet.com.ar\\\/sitio\\\/wp-content\\\/uploads\\\/2025\\\/07\\\/PXL_20250724_230515533-scaled-e1753421866756.jpg\",\"width\":2078,\"height\":1165},{\"@type\":\"BreadcrumbList\",\"@id\":\"https:\\\/\\\/gentedebasquet.com.ar\\\/sitio\\\/2025\\\/07\\\/25\\\/otro-final-de-infarto-para-napo\\\/#breadcrumb\",\"itemListElement\":[{\"@type\":\"ListItem\",\"position\":1,\"name\":\"Portada\",\"item\":\"https:\\\/\\\/gentedebasquet.com.ar\\\/sitio\\\/\"},{\"@type\":\"ListItem\",\"position\":2,\"name\":\"Otro final de infarto para Napo\"}]},{\"@type\":\"WebSite\",\"@id\":\"https:\\\/\\\/gentedebasquet.com.ar\\\/sitio\\\/#website\",\"url\":\"https:\\\/\\\/gentedebasquet.com.ar\\\/sitio\\\/\",\"name\":\"Gente de B\u00e1squet\",\"description\":\"La revista del basquet de Bah\u00eda Blanca\",\"potentialAction\":[{\"@type\":\"SearchAction\",\"target\":{\"@type\":\"EntryPoint\",\"urlTemplate\":\"https:\\\/\\\/gentedebasquet.com.ar\\\/sitio\\\/?s={search_term_string}\"},\"query-input\":{\"@type\":\"PropertyValueSpecification\",\"valueRequired\":true,\"valueName\":\"search_term_string\"}}],\"inLanguage\":\"es\"},{\"@type\":\"Person\",\"@id\":\"https:\\\/\\\/gentedebasquet.com.ar\\\/sitio\\\/#\\\/schema\\\/person\\\/2830c671ecf949fe6896fdc95b81667e\",\"name\":\"Facundo Elizalde\",\"image\":{\"@type\":\"ImageObject\",\"inLanguage\":\"es\",\"@id\":\"https:\\\/\\\/secure.gravatar.com\\\/avatar\\\/38bc8b15c12547ad3ed99650859898dc3f58534034667dbb6c2788c85e4f6edb?s=96&d=mm&r=g\",\"url\":\"https:\\\/\\\/secure.gravatar.com\\\/avatar\\\/38bc8b15c12547ad3ed99650859898dc3f58534034667dbb6c2788c85e4f6edb?s=96&d=mm&r=g\",\"contentUrl\":\"https:\\\/\\\/secure.gravatar.com\\\/avatar\\\/38bc8b15c12547ad3ed99650859898dc3f58534034667dbb6c2788c85e4f6edb?s=96&d=mm&r=g\",\"caption\":\"Facundo Elizalde\"},\"url\":\"https:\\\/\\\/gentedebasquet.com.ar\\\/sitio\\\/author\\\/facundo\\\/\"}]}<\/script>\n<!-- \/ Yoast SEO plugin. -->","yoast_head_json":{"title":"Otro final de infarto para Napo - Gente de B\u00e1squet","robots":{"index":"index","follow":"follow","max-snippet":"max-snippet:-1","max-image-preview":"max-image-preview:large","max-video-preview":"max-video-preview:-1"},"canonical":"https:\/\/gentedebasquet.com.ar\/sitio\/2025\/07\/25\/otro-final-de-infarto-para-napo\/","og_locale":"es_ES","og_type":"article","og_title":"Otro final de infarto para Napo - Gente de B\u00e1squet","og_description":"En un segundo infartante duelo que se defini\u00f3 por un punto y en la \u00faltima posesi\u00f3n. Napost\u00e1 venci\u00f3 72-71 a Pac\u00edfico, como visitante, y se meti\u00f3 en la gran final del Torneo Apertura de Primera Divisi\u00f3n \u00abAldo &#8216;Bebe&#8217; Storti\u00bb. Las defensas se impusieron desde el arranque. El primer cuarto se caracteriz\u00f3 por un bajo goleo, [&hellip;]","og_url":"https:\/\/gentedebasquet.com.ar\/sitio\/2025\/07\/25\/otro-final-de-infarto-para-napo\/","og_site_name":"Gente de B\u00e1squet","article_published_time":"2025-07-25T05:55:50+00:00","article_modified_time":"2025-07-25T06:03:35+00:00","og_image":[{"width":2078,"height":1165,"url":"https:\/\/gentedebasquet.com.ar\/sitio\/wp-content\/uploads\/2025\/07\/PXL_20250724_230515533-scaled-e1753421866756.jpg","type":"image\/jpeg"}],"author":"Facundo Elizalde","twitter_card":"summary_large_image","twitter_misc":{"Escrito por":"Facundo Elizalde","Tiempo de lectura":"4 minutos"},"schema":{"@context":"https:\/\/schema.org","@graph":[{"@type":"Article","@id":"https:\/\/gentedebasquet.com.ar\/sitio\/2025\/07\/25\/otro-final-de-infarto-para-napo\/#article","isPartOf":{"@id":"https:\/\/gentedebasquet.com.ar\/sitio\/2025\/07\/25\/otro-final-de-infarto-para-napo\/"},"author":{"name":"Facundo Elizalde","@id":"https:\/\/gentedebasquet.com.ar\/sitio\/#\/schema\/person\/2830c671ecf949fe6896fdc95b81667e"},"headline":"Otro final de infarto para Napo","datePublished":"2025-07-25T05:55:50+00:00","dateModified":"2025-07-25T06:03:35+00:00","mainEntityOfPage":{"@id":"https:\/\/gentedebasquet.com.ar\/sitio\/2025\/07\/25\/otro-final-de-infarto-para-napo\/"},"wordCount":823,"commentCount":0,"image":{"@id":"https:\/\/gentedebasquet.com.ar\/sitio\/2025\/07\/25\/otro-final-de-infarto-para-napo\/#primaryimage"},"thumbnailUrl":"https:\/\/gentedebasquet.com.ar\/sitio\/wp-content\/uploads\/2025\/07\/PXL_20250724_230515533-scaled-e1753421866756.jpg","keywords":["Francisco Michelli","Guido Muzi","Naposta","Pacifico","Playoffs","Primera Divisi\u00f3n","Santiago Loos","Tomas Bruni","Torneo de Primera"],"articleSection":["Primera"],"inLanguage":"es","potentialAction":[{"@type":"CommentAction","name":"Comment","target":["https:\/\/gentedebasquet.com.ar\/sitio\/2025\/07\/25\/otro-final-de-infarto-para-napo\/#respond"]}]},{"@type":"WebPage","@id":"https:\/\/gentedebasquet.com.ar\/sitio\/2025\/07\/25\/otro-final-de-infarto-para-napo\/","url":"https:\/\/gentedebasquet.com.ar\/sitio\/2025\/07\/25\/otro-final-de-infarto-para-napo\/","name":"Otro final de infarto para Napo - Gente de B\u00e1squet","isPartOf":{"@id":"https:\/\/gentedebasquet.com.ar\/sitio\/#website"},"primaryImageOfPage":{"@id":"https:\/\/gentedebasquet.com.ar\/sitio\/2025\/07\/25\/otro-final-de-infarto-para-napo\/#primaryimage"},"image":{"@id":"https:\/\/gentedebasquet.com.ar\/sitio\/2025\/07\/25\/otro-final-de-infarto-para-napo\/#primaryimage"},"thumbnailUrl":"https:\/\/gentedebasquet.com.ar\/sitio\/wp-content\/uploads\/2025\/07\/PXL_20250724_230515533-scaled-e1753421866756.jpg","datePublished":"2025-07-25T05:55:50+00:00","dateModified":"2025-07-25T06:03:35+00:00","author":{"@id":"https:\/\/gentedebasquet.com.ar\/sitio\/#\/schema\/person\/2830c671ecf949fe6896fdc95b81667e"},"breadcrumb":{"@id":"https:\/\/gentedebasquet.com.ar\/sitio\/2025\/07\/25\/otro-final-de-infarto-para-napo\/#breadcrumb"},"inLanguage":"es","potentialAction":[{"@type":"ReadAction","target":["https:\/\/gentedebasquet.com.ar\/sitio\/2025\/07\/25\/otro-final-de-infarto-para-napo\/"]}]},{"@type":"ImageObject","inLanguage":"es","@id":"https:\/\/gentedebasquet.com.ar\/sitio\/2025\/07\/25\/otro-final-de-infarto-para-napo\/#primaryimage","url":"https:\/\/gentedebasquet.com.ar\/sitio\/wp-content\/uploads\/2025\/07\/PXL_20250724_230515533-scaled-e1753421866756.jpg","contentUrl":"https:\/\/gentedebasquet.com.ar\/sitio\/wp-content\/uploads\/2025\/07\/PXL_20250724_230515533-scaled-e1753421866756.jpg","width":2078,"height":1165},{"@type":"BreadcrumbList","@id":"https:\/\/gentedebasquet.com.ar\/sitio\/2025\/07\/25\/otro-final-de-infarto-para-napo\/#breadcrumb","itemListElement":[{"@type":"ListItem","position":1,"name":"Portada","item":"https:\/\/gentedebasquet.com.ar\/sitio\/"},{"@type":"ListItem","position":2,"name":"Otro final de infarto para Napo"}]},{"@type":"WebSite","@id":"https:\/\/gentedebasquet.com.ar\/sitio\/#website","url":"https:\/\/gentedebasquet.com.ar\/sitio\/","name":"Gente de B\u00e1squet","description":"La revista del basquet de Bah\u00eda Blanca","potentialAction":[{"@type":"SearchAction","target":{"@type":"EntryPoint","urlTemplate":"https:\/\/gentedebasquet.com.ar\/sitio\/?s={search_term_string}"},"query-input":{"@type":"PropertyValueSpecification","valueRequired":true,"valueName":"search_term_string"}}],"inLanguage":"es"},{"@type":"Person","@id":"https:\/\/gentedebasquet.com.ar\/sitio\/#\/schema\/person\/2830c671ecf949fe6896fdc95b81667e","name":"Facundo Elizalde","image":{"@type":"ImageObject","inLanguage":"es","@id":"https:\/\/secure.gravatar.com\/avatar\/38bc8b15c12547ad3ed99650859898dc3f58534034667dbb6c2788c85e4f6edb?s=96&d=mm&r=g","url":"https:\/\/secure.gravatar.com\/avatar\/38bc8b15c12547ad3ed99650859898dc3f58534034667dbb6c2788c85e4f6edb?s=96&d=mm&r=g","contentUrl":"https:\/\/secure.gravatar.com\/avatar\/38bc8b15c12547ad3ed99650859898dc3f58534034667dbb6c2788c85e4f6edb?s=96&d=mm&r=g","caption":"Facundo Elizalde"},"url":"https:\/\/gentedebasquet.com.ar\/sitio\/author\/facundo\/"}]}},"_links":{"self":[{"href":"https:\/\/gentedebasquet.com.ar\/sitio\/wp-json\/wp\/v2\/posts\/117322","targetHints":{"allow":["GET"]}}],"collection":[{"href":"https:\/\/gentedebasquet.com.ar\/sitio\/wp-json\/wp\/v2\/posts"}],"about":[{"href":"https:\/\/gentedebasquet.com.ar\/sitio\/wp-json\/wp\/v2\/types\/post"}],"author":[{"embeddable":true,"href":"https:\/\/gentedebasquet.com.ar\/sitio\/wp-json\/wp\/v2\/users\/84"}],"replies":[{"embeddable":true,"href":"https:\/\/gentedebasquet.com.ar\/sitio\/wp-json\/wp\/v2\/comments?post=117322"}],"version-history":[{"count":11,"href":"https:\/\/gentedebasquet.com.ar\/sitio\/wp-json\/wp\/v2\/posts\/117322\/revisions"}],"predecessor-version":[{"id":117351,"href":"https:\/\/gentedebasquet.com.ar\/sitio\/wp-json\/wp\/v2\/posts\/117322\/revisions\/117351"}],"wp:featuredmedia":[{"embeddable":true,"href":"https:\/\/gentedebasquet.com.ar\/sitio\/wp-json\/wp\/v2\/media\/117332"}],"wp:attachment":[{"href":"https:\/\/gentedebasquet.com.ar\/sitio\/wp-json\/wp\/v2\/media?parent=117322"}],"wp:term":[{"taxonomy":"category","embeddable":true,"href":"https:\/\/gentedebasquet.com.ar\/sitio\/wp-json\/wp\/v2\/categories?post=117322"},{"taxonomy":"post_tag","embeddable":true,"href":"https:\/\/gentedebasquet.com.ar\/sitio\/wp-json\/wp\/v2\/tags?post=117322"}],"curies":[{"name":"wp","href":"https:\/\/api.w.org\/{rel}","templated":true}]}}