{"id":117646,"date":"2025-09-03T07:52:33","date_gmt":"2025-09-03T05:52:33","guid":{"rendered":"https:\/\/gentedebasquet.com.ar\/sitio\/?p=117646"},"modified":"2025-09-03T16:28:05","modified_gmt":"2025-09-03T14:28:05","slug":"comercial-gano-sosteniendo-su-plan","status":"publish","type":"post","link":"https:\/\/gentedebasquet.com.ar\/sitio\/2025\/09\/03\/comercial-gano-sosteniendo-su-plan\/","title":{"rendered":"Comercial gan\u00f3 sosteniendo su plan"},"content":{"rendered":"<div class=\"flex max-w-full flex-col flex-grow\">\n<div class=\"min-h-8 text-message flex w-full flex-col items-end gap-2 whitespace-normal break-words [.text-message+&amp;]:mt-5\" dir=\"auto\" data-message-author-role=\"assistant\" data-message-id=\"d66df151-bd9a-4e40-9c6b-a57f4798966a\" data-message-model-slug=\"gpt-4o-mini\">\n<div class=\"flex w-full flex-col gap-1 empty:hidden first:pt-[3px]\">\n<div class=\"markdown prose w-full break-words dark:prose-invert dark\">\n<p><strong>En la fecha tres del campeonato de Segunda el plantel que orienta Gustavo Candia volvi\u00f3 a sonre\u00edr despu\u00e9s de ganarle a Velocidad en el Polideportivo Norte 74 a 62. Los portuarios tuvieron ayer un jugador que sobresali\u00f3 con claridad sobre el resto, Juan Cruz Reschini. El base termin\u00f3 con 25 puntos, 9 rebotes y 5 asistencias. Por el lado de Velocidad dos jugadores anotaron m\u00e1s de diez puntos cada uno: Sebasti\u00e1n Dutari y Agust\u00edn Icasto. El primero colabor\u00f3 con 15 puntos y 8 rebotes, y el segundo con 15 y 4.<\/strong><\/p>\n<p><strong>No fue f\u00e1cil para Comercial asegurarse el \u00e9xito. Hubo unos cuantos momentos donde domin\u00f3 y otros tantos en los que su oponente fue l\u00edder. Reci\u00e9n entre los dos \u00faltimos cuartos logr\u00f3 funcionar con la solidez suficiente para ganar.\u00a0<\/strong><\/p>\n<p><strong>En los primeros dos minutos y medio del partido Velocidad ganaba 10-3, con cinco puntos de Dutari, tres de Montes y dos de Icasto. Comercial arranc\u00f3 metiendo un triple a los doce segundos y pas\u00f3 los tres minutos siguientes sin conseguir ni una unidad m\u00e1s. Pero en la mitad final del cuarto inicial se encendi\u00f3 y se puso al frente en el marcador.<\/strong><\/p>\n<p><strong>Las diferencias cortas en el resultado fueron algo habitual tambien en el segundo cuarto. Velocidad ajust\u00f3 su ataque y comenz\u00f3 a controlar los n\u00fameros. Comercial perdi\u00f3 orientaci\u00f3n y debi\u00f3 conformarse con correr de atras en casi todo ese per\u00edodo. El empate en 38 con el que se fueron a los vestuarios ten\u00eda sabor a justicia.<\/strong><\/p>\n<p><strong>Franco Berdini, Dutari e Icasto sumaron todos los puntos de Velocidad en el tercer cuarto. Enfrente, Comercial volvi\u00f3 a distribuir juego entre sus mejores exponentes como en sus momentos de lucidez previos y as\u00ed recuper\u00f3 el mando en el marcador. Bruno Rodr\u00edguez, Maina y Reschini fueron importantes en esta levantada. Rodr\u00edguez fue a la cabeza de la ofensiva, marc\u00f3 9 puntos en apenas cinco minutos del per\u00edodo.<\/strong><\/p>\n<p><strong>Al minuto de acci\u00f3n del \u00faltimo cuarto Comercial hab\u00eda extendido su ventaja a diez, 63-53. Pero pocos segundos despu\u00e9s apareci\u00f3 Agust\u00edn Calderone en la arremetida de Velocidad y con un doble y un par de simples suyos la brecha baj\u00f3 a 63-59. Desde ese instante hasta el cierre del encuentro el visitante solo agreg\u00f3 tres puntos m\u00e1s a su cuenta. <\/strong><\/p>\n<p><strong>Reschini apareci\u00f3 otra vez en este desenlace para hacer lo que hab\u00eda hecho en el inicio, ser protagonista principal de momentos calientes. Gracias a seis puntos del n\u00famero 5 verdiamarillo y otro triple de Maina, su equipo pudo asegurarse el segundo triunfo en lo que va de este segundo tramo en Segunda.\u00a0<\/strong><\/p>\n<p><strong>\u00a0 \u00a0<\/strong><\/p>\n<p><strong>\u00a0<\/strong><\/p>\n<p><strong>\u00a0<\/strong><strong> \u00a0 \u00a0\u00a0<\/strong><\/p>\n<p>&nbsp;<\/p>\n<div class=\"jeg_video_container jeg_video_content\"><iframe loading=\"lazy\" title=\"#Segunda - Fecha #3: Puerto Comercial 74 - 62 Velocidad y Resistencia\" width=\"500\" height=\"281\" src=\"https:\/\/www.youtube.com\/embed\/KlRtYwrpfJM?feature=oembed\" frameborder=\"0\" allow=\"accelerometer; autoplay; clipboard-write; encrypted-media; gyroscope; picture-in-picture; web-share\" referrerpolicy=\"strict-origin-when-cross-origin\" allowfullscreen><\/iframe><\/div>\n<\/div>\n<\/div>\n<\/div>\n<\/div>\n<div><\/div>\n<div><\/div>\n<div class=\"jeg_video_container jeg_video_content\">\n<div class=\"jeg_video_container jeg_video_content\">\n<div class=\"jeg_video_container jeg_video_content\">\n<div class=\"jeg_video_container jeg_video_content\"><img decoding=\"async\" class=\"alignnone wp-image-117680 \" src=\"http:\/\/gentedebasquet.com.ar\/sitio\/wp-content\/uploads\/2025\/09\/CLAVEComer-3-300x300.png\" alt=\"\" width=\"517\" height=\"517\" srcset=\"https:\/\/gentedebasquet.com.ar\/sitio\/wp-content\/uploads\/2025\/09\/CLAVEComer-3-300x300.png 300w, https:\/\/gentedebasquet.com.ar\/sitio\/wp-content\/uploads\/2025\/09\/CLAVEComer-3-1024x1024.png 1024w, https:\/\/gentedebasquet.com.ar\/sitio\/wp-content\/uploads\/2025\/09\/CLAVEComer-3-150x150.png 150w, https:\/\/gentedebasquet.com.ar\/sitio\/wp-content\/uploads\/2025\/09\/CLAVEComer-3-768x768.png 768w, https:\/\/gentedebasquet.com.ar\/sitio\/wp-content\/uploads\/2025\/09\/CLAVEComer-3-1536x1536.png 1536w, https:\/\/gentedebasquet.com.ar\/sitio\/wp-content\/uploads\/2025\/09\/CLAVEComer-3-75x75.png 75w, https:\/\/gentedebasquet.com.ar\/sitio\/wp-content\/uploads\/2025\/09\/CLAVEComer-3-350x350.png 350w, https:\/\/gentedebasquet.com.ar\/sitio\/wp-content\/uploads\/2025\/09\/CLAVEComer-3-750x750.png 750w, https:\/\/gentedebasquet.com.ar\/sitio\/wp-content\/uploads\/2025\/09\/CLAVEComer-3-1140x1140.png 1140w, https:\/\/gentedebasquet.com.ar\/sitio\/wp-content\/uploads\/2025\/09\/CLAVEComer-3.png 2000w\" sizes=\"(max-width: 517px) 100vw, 517px\" \/><\/div>\n<\/div>\n<\/div>\n<\/div>\n<div><\/div>\n<p>&nbsp;<\/p>\n<p>&nbsp;<\/p>\n<p>&nbsp;<\/p>\n<p>&nbsp;<\/p>\n<blockquote><p>Hoy mantuvimos el ritmo, no nos secamos con la zona que plantearon ellos desde el minuto uno. Ellos se nos fueron arriba en el segundo cuarto y nos recuperamos. Despu\u00e9s nos mantuvimos. Este es el score que queremos. Los dejamos a ellos en 60, eso es lo que queremos.\u00a0<strong>Juan Cruz Reschini, Comercial.<\/strong><\/p><\/blockquote>\n<p>&nbsp;<\/p>\n<p><img decoding=\"async\" class=\"alignnone wp-image-117679 \" style=\"color: #333333\" src=\"http:\/\/gentedebasquet.com.ar\/sitio\/wp-content\/uploads\/2025\/09\/MVPComer-3-300x300.png\" alt=\"\" width=\"515\" height=\"515\" srcset=\"https:\/\/gentedebasquet.com.ar\/sitio\/wp-content\/uploads\/2025\/09\/MVPComer-3-300x300.png 300w, https:\/\/gentedebasquet.com.ar\/sitio\/wp-content\/uploads\/2025\/09\/MVPComer-3-1024x1024.png 1024w, https:\/\/gentedebasquet.com.ar\/sitio\/wp-content\/uploads\/2025\/09\/MVPComer-3-150x150.png 150w, https:\/\/gentedebasquet.com.ar\/sitio\/wp-content\/uploads\/2025\/09\/MVPComer-3-768x768.png 768w, https:\/\/gentedebasquet.com.ar\/sitio\/wp-content\/uploads\/2025\/09\/MVPComer-3-1536x1536.png 1536w, https:\/\/gentedebasquet.com.ar\/sitio\/wp-content\/uploads\/2025\/09\/MVPComer-3-75x75.png 75w, https:\/\/gentedebasquet.com.ar\/sitio\/wp-content\/uploads\/2025\/09\/MVPComer-3-350x350.png 350w, https:\/\/gentedebasquet.com.ar\/sitio\/wp-content\/uploads\/2025\/09\/MVPComer-3-750x750.png 750w, https:\/\/gentedebasquet.com.ar\/sitio\/wp-content\/uploads\/2025\/09\/MVPComer-3-1140x1140.png 1140w, https:\/\/gentedebasquet.com.ar\/sitio\/wp-content\/uploads\/2025\/09\/MVPComer-3.png 2000w\" sizes=\"(max-width: 515px) 100vw, 515px\" \/><\/p>\n<p><strong>S\u00edntesis &#8211; Segunda &#8211; Fecha 3<\/strong><\/p>\n<p><strong>Puerto Comercial 74:<\/strong> Juan Cruz Reschini 25; Nicol\u00e1s Antonelli 2; Manuel Maina 13; Bruno Rodr\u00edguez 13; Mart\u00edn Alvarez 9 <strong>(F.I.)<\/strong> Luciano Orellano 7; Mart\u00edn Villoldo; Mart\u00edn Godoy; Gustavo Lan 3; Giuliano Barcala 2; Jalil Hassanie; Guido Pereyra. <strong>DT:\u00a0<\/strong>Gustavo Candia.<\/p>\n<p><strong>Velocidad y Resistencia 62:<\/strong> Mateo Montes 5; Sebasti\u00e1n Dutari 19; Agust\u00edn Icasto 15; Franco Berdini 3; Pablo Pollio 4 <strong>(<\/strong><strong>F.I.)\u00a0<\/strong>Federico Cassano 8; Gast\u00f3n Berdini 2; Agust\u00edn Calderone 6; Tom\u00e1s Gelabert; Joaqu\u00edn Barco; Pedro P\u00e9rez Pav\u00f3n; Valent\u00edn Periga. <strong>DT:<\/strong> Alan Rava.<\/p>\n<p><strong>Parciales<\/strong>: 22-18; 38-38 (16-20); 57-50 (19-12); 74-62 (17-12).<\/p>\n<p><strong>\u00c1rbitros<\/strong>: Horacio Sed\u00e1n &#8211; Ariel Di Marco &#8211; Leonardo Bressan.<\/p>\n<p><strong>Estadio<\/strong>: Polideportivo Norte (local Comercial).<\/p>\n<p><img decoding=\"async\" class=\"alignnone wp-image-117683 \" src=\"http:\/\/gentedebasquet.com.ar\/sitio\/wp-content\/uploads\/2025\/09\/vlcsnap-2025-09-03-02h36m42s479-300x169.png\" alt=\"\" width=\"698\" height=\"393\" srcset=\"https:\/\/gentedebasquet.com.ar\/sitio\/wp-content\/uploads\/2025\/09\/vlcsnap-2025-09-03-02h36m42s479-300x169.png 300w, https:\/\/gentedebasquet.com.ar\/sitio\/wp-content\/uploads\/2025\/09\/vlcsnap-2025-09-03-02h36m42s479-1024x576.png 1024w, https:\/\/gentedebasquet.com.ar\/sitio\/wp-content\/uploads\/2025\/09\/vlcsnap-2025-09-03-02h36m42s479-768x432.png 768w, https:\/\/gentedebasquet.com.ar\/sitio\/wp-content\/uploads\/2025\/09\/vlcsnap-2025-09-03-02h36m42s479-1536x864.png 1536w, https:\/\/gentedebasquet.com.ar\/sitio\/wp-content\/uploads\/2025\/09\/vlcsnap-2025-09-03-02h36m42s479-750x422.png 750w, https:\/\/gentedebasquet.com.ar\/sitio\/wp-content\/uploads\/2025\/09\/vlcsnap-2025-09-03-02h36m42s479-1140x641.png 1140w, https:\/\/gentedebasquet.com.ar\/sitio\/wp-content\/uploads\/2025\/09\/vlcsnap-2025-09-03-02h36m42s479.png 1920w\" sizes=\"(max-width: 698px) 100vw, 698px\" \/><\/p>\n<p>&nbsp;<\/p>\n","protected":false},"excerpt":{"rendered":"<p>En la fecha tres del campeonato de Segunda el plantel que orienta Gustavo Candia volvi\u00f3 a sonre\u00edr despu\u00e9s de ganarle a Velocidad en el Polideportivo Norte 74 a 62. Los portuarios tuvieron ayer un jugador que sobresali\u00f3 con claridad sobre el resto, Juan Cruz Reschini. El base termin\u00f3 con 25 puntos, 9 rebotes y 5 [&hellip;]<\/p>\n","protected":false},"author":70,"featured_media":117682,"comment_status":"closed","ping_status":"open","sticky":false,"template":"","format":"standard","meta":{"jnews-multi-image_gallery":[],"jnews_single_post":{"source_name":"","source_url":"","via_name":"","via_url":"","override_template":"0","override":[{"template":"1","single_blog_custom":"","parallax":"1","fullscreen":"1","layout":"right-sidebar","sidebar":"default-sidebar","second_sidebar":"default-sidebar","sticky_sidebar":"1","share_position":"top","share_float_style":"share-monocrhome","show_share_counter":"0","show_view_counter":"0","show_featured":"1","show_post_meta":"1","show_post_author":"1","show_post_author_image":"0","show_post_date":"1","post_date_format":"default","post_date_format_custom":"Y\/m\/d","show_post_category":"1","show_post_reading_time":"0","post_reading_time_wpm":"300","show_zoom_button":"0","zoom_button_out_step":"2","zoom_button_in_step":"3","show_post_tag":"1","show_prev_next_post":"1","show_popup_post":"0","number_popup_post":"1","show_author_box":"0","show_post_related":"0","show_inline_post_related":"0"}],"override_image_size":"0","image_override":[{"single_post_thumbnail_size":"crop-500","single_post_gallery_size":"crop-500"}],"trending_post":"0","trending_post_position":"meta","trending_post_label":"Trending","sponsored_post":"0","sponsored_post_label":"Sponsored by","sponsored_post_name":"","sponsored_post_url":"","sponsored_post_logo_enable":"0","sponsored_post_logo":"","sponsored_post_desc":"","disable_ad":"0"},"jnews_primary_category":{"id":"","hide":""},"footnotes":""},"categories":[25,101],"tags":[550,1864,2023,589],"class_list":["post-117646","post","type-post","status-publish","format-standard","has-post-thumbnail","hentry","category-segunda","category-slide","tag-juan-cruz-reschini","tag-puerto-comercial","tag-sebastian-dutari","tag-velocidad-y-resistencia"],"yoast_head":"<!-- This site is optimized with the Yoast SEO plugin v27.5 - https:\/\/yoast.com\/product\/yoast-seo-wordpress\/ -->\n<title>Comercial gan\u00f3 sosteniendo su plan - Gente de B\u00e1squet<\/title>\n<meta name=\"robots\" content=\"index, follow, max-snippet:-1, max-image-preview:large, max-video-preview:-1\" \/>\n<link rel=\"canonical\" href=\"https:\/\/gentedebasquet.com.ar\/sitio\/2025\/09\/03\/comercial-gano-sosteniendo-su-plan\/\" \/>\n<meta property=\"og:locale\" content=\"es_ES\" \/>\n<meta property=\"og:type\" content=\"article\" \/>\n<meta property=\"og:title\" content=\"Comercial gan\u00f3 sosteniendo su plan - Gente de B\u00e1squet\" \/>\n<meta property=\"og:description\" content=\"En la fecha tres del campeonato de Segunda el plantel que orienta Gustavo Candia volvi\u00f3 a sonre\u00edr despu\u00e9s de ganarle a Velocidad en el Polideportivo Norte 74 a 62. Los portuarios tuvieron ayer un jugador que sobresali\u00f3 con claridad sobre el resto, Juan Cruz Reschini. El base termin\u00f3 con 25 puntos, 9 rebotes y 5 [&hellip;]\" \/>\n<meta property=\"og:url\" content=\"https:\/\/gentedebasquet.com.ar\/sitio\/2025\/09\/03\/comercial-gano-sosteniendo-su-plan\/\" \/>\n<meta property=\"og:site_name\" content=\"Gente de B\u00e1squet\" \/>\n<meta property=\"article:published_time\" content=\"2025-09-03T05:52:33+00:00\" \/>\n<meta property=\"article:modified_time\" content=\"2025-09-03T14:28:05+00:00\" \/>\n<meta property=\"og:image\" content=\"https:\/\/gentedebasquet.com.ar\/sitio\/wp-content\/uploads\/2025\/09\/Reschini.png\" \/>\n\t<meta property=\"og:image:width\" content=\"690\" \/>\n\t<meta property=\"og:image:height\" content=\"319\" \/>\n\t<meta property=\"og:image:type\" content=\"image\/png\" \/>\n<meta name=\"author\" content=\"Andres Camarero\" \/>\n<meta name=\"twitter:card\" content=\"summary_large_image\" \/>\n<meta name=\"twitter:label1\" content=\"Escrito por\" \/>\n\t<meta name=\"twitter:data1\" content=\"Andres Camarero\" \/>\n\t<meta name=\"twitter:label2\" content=\"Tiempo de lectura\" \/>\n\t<meta name=\"twitter:data2\" content=\"4 minutos\" \/>\n<script type=\"application\/ld+json\" class=\"yoast-schema-graph\">{\"@context\":\"https:\\\/\\\/schema.org\",\"@graph\":[{\"@type\":\"Article\",\"@id\":\"https:\\\/\\\/gentedebasquet.com.ar\\\/sitio\\\/2025\\\/09\\\/03\\\/comercial-gano-sosteniendo-su-plan\\\/#article\",\"isPartOf\":{\"@id\":\"https:\\\/\\\/gentedebasquet.com.ar\\\/sitio\\\/2025\\\/09\\\/03\\\/comercial-gano-sosteniendo-su-plan\\\/\"},\"author\":{\"name\":\"Andres Camarero\",\"@id\":\"https:\\\/\\\/gentedebasquet.com.ar\\\/sitio\\\/#\\\/schema\\\/person\\\/6f3e5bc5df127b420a445d22fc9eaa51\"},\"headline\":\"Comercial gan\u00f3 sosteniendo su plan\",\"datePublished\":\"2025-09-03T05:52:33+00:00\",\"dateModified\":\"2025-09-03T14:28:05+00:00\",\"mainEntityOfPage\":{\"@id\":\"https:\\\/\\\/gentedebasquet.com.ar\\\/sitio\\\/2025\\\/09\\\/03\\\/comercial-gano-sosteniendo-su-plan\\\/\"},\"wordCount\":617,\"image\":{\"@id\":\"https:\\\/\\\/gentedebasquet.com.ar\\\/sitio\\\/2025\\\/09\\\/03\\\/comercial-gano-sosteniendo-su-plan\\\/#primaryimage\"},\"thumbnailUrl\":\"https:\\\/\\\/gentedebasquet.com.ar\\\/sitio\\\/wp-content\\\/uploads\\\/2025\\\/09\\\/Reschini.png\",\"keywords\":[\"Juan Cruz Reschini\",\"Puerto Comercial\",\"Sebastian Dutari\",\"Velocidad y Resistencia\"],\"articleSection\":[\"Segunda\",\"Slide\"],\"inLanguage\":\"es\"},{\"@type\":\"WebPage\",\"@id\":\"https:\\\/\\\/gentedebasquet.com.ar\\\/sitio\\\/2025\\\/09\\\/03\\\/comercial-gano-sosteniendo-su-plan\\\/\",\"url\":\"https:\\\/\\\/gentedebasquet.com.ar\\\/sitio\\\/2025\\\/09\\\/03\\\/comercial-gano-sosteniendo-su-plan\\\/\",\"name\":\"Comercial gan\u00f3 sosteniendo su plan - Gente de B\u00e1squet\",\"isPartOf\":{\"@id\":\"https:\\\/\\\/gentedebasquet.com.ar\\\/sitio\\\/#website\"},\"primaryImageOfPage\":{\"@id\":\"https:\\\/\\\/gentedebasquet.com.ar\\\/sitio\\\/2025\\\/09\\\/03\\\/comercial-gano-sosteniendo-su-plan\\\/#primaryimage\"},\"image\":{\"@id\":\"https:\\\/\\\/gentedebasquet.com.ar\\\/sitio\\\/2025\\\/09\\\/03\\\/comercial-gano-sosteniendo-su-plan\\\/#primaryimage\"},\"thumbnailUrl\":\"https:\\\/\\\/gentedebasquet.com.ar\\\/sitio\\\/wp-content\\\/uploads\\\/2025\\\/09\\\/Reschini.png\",\"datePublished\":\"2025-09-03T05:52:33+00:00\",\"dateModified\":\"2025-09-03T14:28:05+00:00\",\"author\":{\"@id\":\"https:\\\/\\\/gentedebasquet.com.ar\\\/sitio\\\/#\\\/schema\\\/person\\\/6f3e5bc5df127b420a445d22fc9eaa51\"},\"breadcrumb\":{\"@id\":\"https:\\\/\\\/gentedebasquet.com.ar\\\/sitio\\\/2025\\\/09\\\/03\\\/comercial-gano-sosteniendo-su-plan\\\/#breadcrumb\"},\"inLanguage\":\"es\",\"potentialAction\":[{\"@type\":\"ReadAction\",\"target\":[\"https:\\\/\\\/gentedebasquet.com.ar\\\/sitio\\\/2025\\\/09\\\/03\\\/comercial-gano-sosteniendo-su-plan\\\/\"]}]},{\"@type\":\"ImageObject\",\"inLanguage\":\"es\",\"@id\":\"https:\\\/\\\/gentedebasquet.com.ar\\\/sitio\\\/2025\\\/09\\\/03\\\/comercial-gano-sosteniendo-su-plan\\\/#primaryimage\",\"url\":\"https:\\\/\\\/gentedebasquet.com.ar\\\/sitio\\\/wp-content\\\/uploads\\\/2025\\\/09\\\/Reschini.png\",\"contentUrl\":\"https:\\\/\\\/gentedebasquet.com.ar\\\/sitio\\\/wp-content\\\/uploads\\\/2025\\\/09\\\/Reschini.png\",\"width\":690,\"height\":319},{\"@type\":\"BreadcrumbList\",\"@id\":\"https:\\\/\\\/gentedebasquet.com.ar\\\/sitio\\\/2025\\\/09\\\/03\\\/comercial-gano-sosteniendo-su-plan\\\/#breadcrumb\",\"itemListElement\":[{\"@type\":\"ListItem\",\"position\":1,\"name\":\"Portada\",\"item\":\"https:\\\/\\\/gentedebasquet.com.ar\\\/sitio\\\/\"},{\"@type\":\"ListItem\",\"position\":2,\"name\":\"Comercial gan\u00f3 sosteniendo su plan\"}]},{\"@type\":\"WebSite\",\"@id\":\"https:\\\/\\\/gentedebasquet.com.ar\\\/sitio\\\/#website\",\"url\":\"https:\\\/\\\/gentedebasquet.com.ar\\\/sitio\\\/\",\"name\":\"Gente de B\u00e1squet\",\"description\":\"La revista del basquet de Bah\u00eda Blanca\",\"potentialAction\":[{\"@type\":\"SearchAction\",\"target\":{\"@type\":\"EntryPoint\",\"urlTemplate\":\"https:\\\/\\\/gentedebasquet.com.ar\\\/sitio\\\/?s={search_term_string}\"},\"query-input\":{\"@type\":\"PropertyValueSpecification\",\"valueRequired\":true,\"valueName\":\"search_term_string\"}}],\"inLanguage\":\"es\"},{\"@type\":\"Person\",\"@id\":\"https:\\\/\\\/gentedebasquet.com.ar\\\/sitio\\\/#\\\/schema\\\/person\\\/6f3e5bc5df127b420a445d22fc9eaa51\",\"name\":\"Andres Camarero\",\"image\":{\"@type\":\"ImageObject\",\"inLanguage\":\"es\",\"@id\":\"https:\\\/\\\/secure.gravatar.com\\\/avatar\\\/f6d4884ec54a50c25ccd5e4f54f5e904d09dfe74ef58e58f631f3917b6fed7cd?s=96&d=mm&r=g\",\"url\":\"https:\\\/\\\/secure.gravatar.com\\\/avatar\\\/f6d4884ec54a50c25ccd5e4f54f5e904d09dfe74ef58e58f631f3917b6fed7cd?s=96&d=mm&r=g\",\"contentUrl\":\"https:\\\/\\\/secure.gravatar.com\\\/avatar\\\/f6d4884ec54a50c25ccd5e4f54f5e904d09dfe74ef58e58f631f3917b6fed7cd?s=96&d=mm&r=g\",\"caption\":\"Andres Camarero\"},\"url\":\"https:\\\/\\\/gentedebasquet.com.ar\\\/sitio\\\/author\\\/andres-camarero\\\/\"}]}<\/script>\n<!-- \/ Yoast SEO plugin. -->","yoast_head_json":{"title":"Comercial gan\u00f3 sosteniendo su plan - Gente de B\u00e1squet","robots":{"index":"index","follow":"follow","max-snippet":"max-snippet:-1","max-image-preview":"max-image-preview:large","max-video-preview":"max-video-preview:-1"},"canonical":"https:\/\/gentedebasquet.com.ar\/sitio\/2025\/09\/03\/comercial-gano-sosteniendo-su-plan\/","og_locale":"es_ES","og_type":"article","og_title":"Comercial gan\u00f3 sosteniendo su plan - Gente de B\u00e1squet","og_description":"En la fecha tres del campeonato de Segunda el plantel que orienta Gustavo Candia volvi\u00f3 a sonre\u00edr despu\u00e9s de ganarle a Velocidad en el Polideportivo Norte 74 a 62. Los portuarios tuvieron ayer un jugador que sobresali\u00f3 con claridad sobre el resto, Juan Cruz Reschini. El base termin\u00f3 con 25 puntos, 9 rebotes y 5 [&hellip;]","og_url":"https:\/\/gentedebasquet.com.ar\/sitio\/2025\/09\/03\/comercial-gano-sosteniendo-su-plan\/","og_site_name":"Gente de B\u00e1squet","article_published_time":"2025-09-03T05:52:33+00:00","article_modified_time":"2025-09-03T14:28:05+00:00","og_image":[{"width":690,"height":319,"url":"https:\/\/gentedebasquet.com.ar\/sitio\/wp-content\/uploads\/2025\/09\/Reschini.png","type":"image\/png"}],"author":"Andres Camarero","twitter_card":"summary_large_image","twitter_misc":{"Escrito por":"Andres Camarero","Tiempo de lectura":"4 minutos"},"schema":{"@context":"https:\/\/schema.org","@graph":[{"@type":"Article","@id":"https:\/\/gentedebasquet.com.ar\/sitio\/2025\/09\/03\/comercial-gano-sosteniendo-su-plan\/#article","isPartOf":{"@id":"https:\/\/gentedebasquet.com.ar\/sitio\/2025\/09\/03\/comercial-gano-sosteniendo-su-plan\/"},"author":{"name":"Andres Camarero","@id":"https:\/\/gentedebasquet.com.ar\/sitio\/#\/schema\/person\/6f3e5bc5df127b420a445d22fc9eaa51"},"headline":"Comercial gan\u00f3 sosteniendo su plan","datePublished":"2025-09-03T05:52:33+00:00","dateModified":"2025-09-03T14:28:05+00:00","mainEntityOfPage":{"@id":"https:\/\/gentedebasquet.com.ar\/sitio\/2025\/09\/03\/comercial-gano-sosteniendo-su-plan\/"},"wordCount":617,"image":{"@id":"https:\/\/gentedebasquet.com.ar\/sitio\/2025\/09\/03\/comercial-gano-sosteniendo-su-plan\/#primaryimage"},"thumbnailUrl":"https:\/\/gentedebasquet.com.ar\/sitio\/wp-content\/uploads\/2025\/09\/Reschini.png","keywords":["Juan Cruz Reschini","Puerto Comercial","Sebastian Dutari","Velocidad y Resistencia"],"articleSection":["Segunda","Slide"],"inLanguage":"es"},{"@type":"WebPage","@id":"https:\/\/gentedebasquet.com.ar\/sitio\/2025\/09\/03\/comercial-gano-sosteniendo-su-plan\/","url":"https:\/\/gentedebasquet.com.ar\/sitio\/2025\/09\/03\/comercial-gano-sosteniendo-su-plan\/","name":"Comercial gan\u00f3 sosteniendo su plan - Gente de B\u00e1squet","isPartOf":{"@id":"https:\/\/gentedebasquet.com.ar\/sitio\/#website"},"primaryImageOfPage":{"@id":"https:\/\/gentedebasquet.com.ar\/sitio\/2025\/09\/03\/comercial-gano-sosteniendo-su-plan\/#primaryimage"},"image":{"@id":"https:\/\/gentedebasquet.com.ar\/sitio\/2025\/09\/03\/comercial-gano-sosteniendo-su-plan\/#primaryimage"},"thumbnailUrl":"https:\/\/gentedebasquet.com.ar\/sitio\/wp-content\/uploads\/2025\/09\/Reschini.png","datePublished":"2025-09-03T05:52:33+00:00","dateModified":"2025-09-03T14:28:05+00:00","author":{"@id":"https:\/\/gentedebasquet.com.ar\/sitio\/#\/schema\/person\/6f3e5bc5df127b420a445d22fc9eaa51"},"breadcrumb":{"@id":"https:\/\/gentedebasquet.com.ar\/sitio\/2025\/09\/03\/comercial-gano-sosteniendo-su-plan\/#breadcrumb"},"inLanguage":"es","potentialAction":[{"@type":"ReadAction","target":["https:\/\/gentedebasquet.com.ar\/sitio\/2025\/09\/03\/comercial-gano-sosteniendo-su-plan\/"]}]},{"@type":"ImageObject","inLanguage":"es","@id":"https:\/\/gentedebasquet.com.ar\/sitio\/2025\/09\/03\/comercial-gano-sosteniendo-su-plan\/#primaryimage","url":"https:\/\/gentedebasquet.com.ar\/sitio\/wp-content\/uploads\/2025\/09\/Reschini.png","contentUrl":"https:\/\/gentedebasquet.com.ar\/sitio\/wp-content\/uploads\/2025\/09\/Reschini.png","width":690,"height":319},{"@type":"BreadcrumbList","@id":"https:\/\/gentedebasquet.com.ar\/sitio\/2025\/09\/03\/comercial-gano-sosteniendo-su-plan\/#breadcrumb","itemListElement":[{"@type":"ListItem","position":1,"name":"Portada","item":"https:\/\/gentedebasquet.com.ar\/sitio\/"},{"@type":"ListItem","position":2,"name":"Comercial gan\u00f3 sosteniendo su plan"}]},{"@type":"WebSite","@id":"https:\/\/gentedebasquet.com.ar\/sitio\/#website","url":"https:\/\/gentedebasquet.com.ar\/sitio\/","name":"Gente de B\u00e1squet","description":"La revista del basquet de Bah\u00eda Blanca","potentialAction":[{"@type":"SearchAction","target":{"@type":"EntryPoint","urlTemplate":"https:\/\/gentedebasquet.com.ar\/sitio\/?s={search_term_string}"},"query-input":{"@type":"PropertyValueSpecification","valueRequired":true,"valueName":"search_term_string"}}],"inLanguage":"es"},{"@type":"Person","@id":"https:\/\/gentedebasquet.com.ar\/sitio\/#\/schema\/person\/6f3e5bc5df127b420a445d22fc9eaa51","name":"Andres Camarero","image":{"@type":"ImageObject","inLanguage":"es","@id":"https:\/\/secure.gravatar.com\/avatar\/f6d4884ec54a50c25ccd5e4f54f5e904d09dfe74ef58e58f631f3917b6fed7cd?s=96&d=mm&r=g","url":"https:\/\/secure.gravatar.com\/avatar\/f6d4884ec54a50c25ccd5e4f54f5e904d09dfe74ef58e58f631f3917b6fed7cd?s=96&d=mm&r=g","contentUrl":"https:\/\/secure.gravatar.com\/avatar\/f6d4884ec54a50c25ccd5e4f54f5e904d09dfe74ef58e58f631f3917b6fed7cd?s=96&d=mm&r=g","caption":"Andres Camarero"},"url":"https:\/\/gentedebasquet.com.ar\/sitio\/author\/andres-camarero\/"}]}},"_links":{"self":[{"href":"https:\/\/gentedebasquet.com.ar\/sitio\/wp-json\/wp\/v2\/posts\/117646","targetHints":{"allow":["GET"]}}],"collection":[{"href":"https:\/\/gentedebasquet.com.ar\/sitio\/wp-json\/wp\/v2\/posts"}],"about":[{"href":"https:\/\/gentedebasquet.com.ar\/sitio\/wp-json\/wp\/v2\/types\/post"}],"author":[{"embeddable":true,"href":"https:\/\/gentedebasquet.com.ar\/sitio\/wp-json\/wp\/v2\/users\/70"}],"replies":[{"embeddable":true,"href":"https:\/\/gentedebasquet.com.ar\/sitio\/wp-json\/wp\/v2\/comments?post=117646"}],"version-history":[{"count":6,"href":"https:\/\/gentedebasquet.com.ar\/sitio\/wp-json\/wp\/v2\/posts\/117646\/revisions"}],"predecessor-version":[{"id":117689,"href":"https:\/\/gentedebasquet.com.ar\/sitio\/wp-json\/wp\/v2\/posts\/117646\/revisions\/117689"}],"wp:featuredmedia":[{"embeddable":true,"href":"https:\/\/gentedebasquet.com.ar\/sitio\/wp-json\/wp\/v2\/media\/117682"}],"wp:attachment":[{"href":"https:\/\/gentedebasquet.com.ar\/sitio\/wp-json\/wp\/v2\/media?parent=117646"}],"wp:term":[{"taxonomy":"category","embeddable":true,"href":"https:\/\/gentedebasquet.com.ar\/sitio\/wp-json\/wp\/v2\/categories?post=117646"},{"taxonomy":"post_tag","embeddable":true,"href":"https:\/\/gentedebasquet.com.ar\/sitio\/wp-json\/wp\/v2\/tags?post=117646"}],"curies":[{"name":"wp","href":"https:\/\/api.w.org\/{rel}","templated":true}]}}