{"id":117751,"date":"2025-09-06T06:44:34","date_gmt":"2025-09-06T04:44:34","guid":{"rendered":"https:\/\/gentedebasquet.com.ar\/sitio\/?p=117751"},"modified":"2025-09-06T06:44:34","modified_gmt":"2025-09-06T04:44:34","slug":"a-bombazo-limpio-en-la-caldera","status":"publish","type":"post","link":"https:\/\/gentedebasquet.com.ar\/sitio\/2025\/09\/06\/a-bombazo-limpio-en-la-caldera\/","title":{"rendered":"A bombazo limpio en La Caldera"},"content":{"rendered":"\n<p><strong>Bah\u00eda Basket gan\u00f3 un duelo clave de la zona media de la tabla ante La Falda por 73-88. Hubo tres jugadores en doble d\u00edgito que combinaron 51 puntos, Kloster (20 incluido 6\/10t3); Morando (14) y Kiessling (17). En La Falda no alcanzaron los 21 de Benjamin Minucci<\/strong> <strong>y 19 de Pedro Palacio.<\/strong><\/p>\n\n\n\n<p><strong>Ida y vuelta, donde desde el principio aparec\u00edan los tiros a distancia<\/strong>, la visita convert\u00eda primero Ib\u00e1\u00f1ez (1t3) y luego 2t3 Kloster. En el local era P\u00e9rez Vel\u00e1zquez quien aportaba en ese rubro (1t3), lograr\u00eda ponerse en juego debido a un 2+1 y posterior robo consegu\u00eda pasar al frente en el tanteador por primera vez (18-17 en 3\u201915\u201d). Se convert\u00eda trabado al final del mismo y lo cerraba mejor el hu\u00e9sped, con un triple de Mambretti. 20-25 los primeros diez.<\/p>\n\n\n\n<p>Bah\u00eda Basket segu\u00eda encendido, Kloster aportaba 2 triples y sumaba 4 en su cuenta. La Falda se mantendr\u00eda en juego debido a un gran pasaje de Valentino Kleja, pero el equipo visitante estaba \u201ccon la mira ajustada\u201d y Ponzoni aportaba otra bomba m\u00e1s. Tambi\u00e9n logr\u00f3 2 robos en 30\u201d y lograba estirar un poco la brecha. Lafa tuvo gol en las manos de Amigo, el anfitri\u00f3n entr\u00f3 en un<strong> bache de 3\u201921\u201d sin convertir y eso le pasar\u00eda factura, que aprovechaba la visita para sacar la m\u00e1xima de 19,<\/strong> 34-53 finaliz\u00f3 el segundo.<\/p>\n\n\n\n<p>Los dirigidos por Fern\u00e1ndez sacar\u00edan +20 de entrada (37-57) en 2\u2019 de juego. Pero <strong>el equipo local tendr\u00eda el mejor pasaje de la noche,<\/strong> <strong>al subir su l\u00ednea defensiva gest\u00f3 la remontada a tan solo 3 puntos (57-60)<\/strong> y <strong>Benjamin Minucci aportar\u00eda 11 unidades seguidas (incluyendo 1t3) en el segmento<\/strong> y Pedro Palacio otros 7 puntos. La visita se mantuvo a flote con Kiessling, Kloster y Campa\u00f1a. 57-62 finaliz\u00f3 el tercero.<\/p>\n\n\n\n<p>Parejo y de alto vuelo con las imprecisiones y el nerviosismo como estandartes. La visita sumaba otra bomba m\u00e1s con Salce. <strong>El partido se tornar\u00eda muy trabado debido a faltas t\u00e9cnicas pitadas en 4\u2019 del \u00faltimo<\/strong>. El hu\u00e9sped le empezaba a poner el cierre al encuentro, con un 2+1 de Kiessling (65-75) y posteriormente <strong>dos triples para sellar definitivamente el encuentro, Kloster (69-82) a falta de 2\u201905\u201d y Salce (71-85) con 1\u201945\u201d restante<\/strong>.<\/p>\n\n\n\n<p><strong>Bah\u00eda Basket logr\u00f3 un triunfo frente a un rival directo y con los tiros a distancia como aliado (11\/29t3), pudo ganar ante La Falda y ponerse moment\u00e1neamente en el 9\u00b0 puesto.<\/strong><\/p>\n\n\n\n<figure class=\"wp-block-embed is-type-video is-provider-youtube wp-block-embed-youtube wp-embed-aspect-16-9 wp-has-aspect-ratio\"><div class=\"wp-block-embed__wrapper\">\n<div class=\"jeg_video_container jeg_video_content\"><iframe loading=\"lazy\" title=\"#Segunda - Fecha #4: La Falda 73 - 88 Bah\u00eda Basket\" width=\"500\" height=\"281\" src=\"https:\/\/www.youtube.com\/embed\/O5H4N1dnKYU?feature=oembed\" frameborder=\"0\" allow=\"accelerometer; autoplay; clipboard-write; encrypted-media; gyroscope; picture-in-picture; web-share\" referrerpolicy=\"strict-origin-when-cross-origin\" allowfullscreen><\/iframe><\/div>\n<\/div><\/figure>\n\n\n\n<figure class=\"wp-block-image size-large\"><img decoding=\"async\" width=\"1024\" height=\"1024\" src=\"https:\/\/gentedebasquet.com.ar\/sitio\/wp-content\/uploads\/2025\/09\/manuel-ayala-2-1024x1024.png\" alt=\"\" class=\"wp-image-117740\" srcset=\"https:\/\/gentedebasquet.com.ar\/sitio\/wp-content\/uploads\/2025\/09\/manuel-ayala-2-1024x1024.png 1024w, https:\/\/gentedebasquet.com.ar\/sitio\/wp-content\/uploads\/2025\/09\/manuel-ayala-2-300x300.png 300w, https:\/\/gentedebasquet.com.ar\/sitio\/wp-content\/uploads\/2025\/09\/manuel-ayala-2-150x150.png 150w, https:\/\/gentedebasquet.com.ar\/sitio\/wp-content\/uploads\/2025\/09\/manuel-ayala-2-768x768.png 768w, https:\/\/gentedebasquet.com.ar\/sitio\/wp-content\/uploads\/2025\/09\/manuel-ayala-2-1536x1536.png 1536w, https:\/\/gentedebasquet.com.ar\/sitio\/wp-content\/uploads\/2025\/09\/manuel-ayala-2-75x75.png 75w, https:\/\/gentedebasquet.com.ar\/sitio\/wp-content\/uploads\/2025\/09\/manuel-ayala-2-350x350.png 350w, https:\/\/gentedebasquet.com.ar\/sitio\/wp-content\/uploads\/2025\/09\/manuel-ayala-2-750x750.png 750w, https:\/\/gentedebasquet.com.ar\/sitio\/wp-content\/uploads\/2025\/09\/manuel-ayala-2-1140x1140.png 1140w, https:\/\/gentedebasquet.com.ar\/sitio\/wp-content\/uploads\/2025\/09\/manuel-ayala-2.png 1600w\" sizes=\"(max-width: 1024px) 100vw, 1024px\" \/><\/figure>\n\n\n\n<figure class=\"wp-block-image size-large\"><img decoding=\"async\" width=\"1024\" height=\"1024\" src=\"https:\/\/gentedebasquet.com.ar\/sitio\/wp-content\/uploads\/2025\/09\/manuel-ayala-1024x1024.png\" alt=\"\" class=\"wp-image-117749\" srcset=\"https:\/\/gentedebasquet.com.ar\/sitio\/wp-content\/uploads\/2025\/09\/manuel-ayala-1024x1024.png 1024w, https:\/\/gentedebasquet.com.ar\/sitio\/wp-content\/uploads\/2025\/09\/manuel-ayala-300x300.png 300w, https:\/\/gentedebasquet.com.ar\/sitio\/wp-content\/uploads\/2025\/09\/manuel-ayala-150x150.png 150w, https:\/\/gentedebasquet.com.ar\/sitio\/wp-content\/uploads\/2025\/09\/manuel-ayala-768x768.png 768w, https:\/\/gentedebasquet.com.ar\/sitio\/wp-content\/uploads\/2025\/09\/manuel-ayala-1536x1536.png 1536w, https:\/\/gentedebasquet.com.ar\/sitio\/wp-content\/uploads\/2025\/09\/manuel-ayala-75x75.png 75w, https:\/\/gentedebasquet.com.ar\/sitio\/wp-content\/uploads\/2025\/09\/manuel-ayala-350x350.png 350w, https:\/\/gentedebasquet.com.ar\/sitio\/wp-content\/uploads\/2025\/09\/manuel-ayala-750x750.png 750w, https:\/\/gentedebasquet.com.ar\/sitio\/wp-content\/uploads\/2025\/09\/manuel-ayala-1140x1140.png 1140w, https:\/\/gentedebasquet.com.ar\/sitio\/wp-content\/uploads\/2025\/09\/manuel-ayala.png 1600w\" sizes=\"(max-width: 1024px) 100vw, 1024px\" \/><\/figure>\n\n\n\n<figure class=\"wp-block-image size-large\"><img decoding=\"async\" width=\"1024\" height=\"768\" src=\"https:\/\/gentedebasquet.com.ar\/sitio\/wp-content\/uploads\/2025\/09\/img_4346-1024x768.jpg\" alt=\"\" class=\"wp-image-117739\" srcset=\"https:\/\/gentedebasquet.com.ar\/sitio\/wp-content\/uploads\/2025\/09\/img_4346-1024x768.jpg 1024w, https:\/\/gentedebasquet.com.ar\/sitio\/wp-content\/uploads\/2025\/09\/img_4346-300x225.jpg 300w, https:\/\/gentedebasquet.com.ar\/sitio\/wp-content\/uploads\/2025\/09\/img_4346-768x576.jpg 768w, https:\/\/gentedebasquet.com.ar\/sitio\/wp-content\/uploads\/2025\/09\/img_4346-1536x1152.jpg 1536w, https:\/\/gentedebasquet.com.ar\/sitio\/wp-content\/uploads\/2025\/09\/img_4346-750x563.jpg 750w, https:\/\/gentedebasquet.com.ar\/sitio\/wp-content\/uploads\/2025\/09\/img_4346-1140x855.jpg 1140w, https:\/\/gentedebasquet.com.ar\/sitio\/wp-content\/uploads\/2025\/09\/img_4346.jpg 2000w\" sizes=\"(max-width: 1024px) 100vw, 1024px\" \/><\/figure>\n\n\n\n<blockquote class=\"wp-block-quote is-layout-flow wp-block-quote-is-layout-flow\">\n<p>\u00abSab\u00edamos que ser\u00eda un partido dur\u00edsimo y que ten\u00edamos que salir a ganarlo desde el principio. Esta victoria es clave para estar en la mitad de la tabla. La clave fue anular su juego interno y su euforia, ya que es un equipo que juega mucho con eso. Supimos aguantar y sacar una ventaja al final.\u00bb&nbsp;<strong>Emanuel Kloster, Bahia Basket.<\/strong><\/p>\n<\/blockquote>\n\n\n\n<p><strong>S\u00edntesis \u2013 Segunda Divisi\u00f3n \u2013 Fecha 4<\/strong><\/p>\n\n\n\n<p><strong>La Falda 73:<\/strong>&nbsp;Pedro Palacio (19), Benjamin Minnucci (21), Tob\u00edas P\u00e9rez Vel\u00e1zquez (3), Valentino Kleja (11), Juan Schiebelbein (4) (FI); Nicol\u00e1s Cornago (4), Pablo Amigo (3), Franco Riccio (4), Ignacio Fris\u00f3n (4), Germ\u00e1n Fern\u00e1ndez Vita (0).<strong> DT: Juan Miguel Vigna.<\/strong><\/p>\n\n\n\n<p><strong>Bah\u00eda Basket 88:<\/strong>&nbsp;Emanuel Kloster (20), Franco Ib\u00e1\u00f1ez (3), Juan Cruz Mambretti (9), Tom\u00e1s Campa\u00f1a (8), Bautista Kiessling (17) (FI); Mariano Morando (14), Federico Salce (8), Santiago Ponzoni (9), Santiago Russi (0).<strong> DT: Tom\u00e1s Fern\u00e1ndez.<\/strong><\/p>\n\n\n\n<p><strong>Parciales<\/strong>: 20-25, 34-53 (14-28), 57-62 (23-9), 73-88 (16-26).<\/p>\n\n\n\n<p><strong>\u00c1rbitros<\/strong>: Juan Agust\u00edn Mat\u00edas \u2013 Ariel Di Marco \u2013 Alexia Gonz\u00e1lez.<\/p>\n\n\n\n<p><strong>Estadio<\/strong>: Lili Pisani (La Falda).<\/p>\n\n\n\n<figure class=\"wp-block-image size-large\"><img decoding=\"async\" width=\"1024\" height=\"768\" src=\"https:\/\/gentedebasquet.com.ar\/sitio\/wp-content\/uploads\/2025\/09\/img_4290-1024x768.jpg\" alt=\"\" class=\"wp-image-117742\" srcset=\"https:\/\/gentedebasquet.com.ar\/sitio\/wp-content\/uploads\/2025\/09\/img_4290-1024x768.jpg 1024w, https:\/\/gentedebasquet.com.ar\/sitio\/wp-content\/uploads\/2025\/09\/img_4290-300x225.jpg 300w, https:\/\/gentedebasquet.com.ar\/sitio\/wp-content\/uploads\/2025\/09\/img_4290-768x576.jpg 768w, https:\/\/gentedebasquet.com.ar\/sitio\/wp-content\/uploads\/2025\/09\/img_4290-1536x1152.jpg 1536w, https:\/\/gentedebasquet.com.ar\/sitio\/wp-content\/uploads\/2025\/09\/img_4290-750x563.jpg 750w, https:\/\/gentedebasquet.com.ar\/sitio\/wp-content\/uploads\/2025\/09\/img_4290-1140x855.jpg 1140w, https:\/\/gentedebasquet.com.ar\/sitio\/wp-content\/uploads\/2025\/09\/img_4290.jpg 2000w\" sizes=\"(max-width: 1024px) 100vw, 1024px\" \/><\/figure>\n","protected":false},"excerpt":{"rendered":"<p>Bah\u00eda Basket gan\u00f3 un duelo clave de la zona media de la tabla ante La Falda por 73-88. Hubo tres jugadores en doble d\u00edgito que combinaron 51 puntos, Kloster (20 incluido 6\/10t3); Morando (14) y Kiessling (17). En La Falda no alcanzaron los 21 de Benjamin Minucci y 19 de Pedro Palacio. Ida y vuelta, [&hellip;]<\/p>\n","protected":false},"author":82,"featured_media":117750,"comment_status":"closed","ping_status":"open","sticky":false,"template":"","format":"standard","meta":{"jnews-multi-image_gallery":[],"jnews_single_post":[],"jnews_primary_category":[],"footnotes":""},"categories":[25,101],"tags":[58,1398,13,1440,1855,503],"class_list":["post-117751","post","type-post","status-publish","format-standard","has-post-thumbnail","hentry","category-segunda","category-slide","tag-bahiabasket","tag-emanuel-kloster","tag-la-falda","tag-pedro-palacio","tag-segunda","tag-segunda-division"],"yoast_head":"<!-- This site is optimized with the Yoast SEO plugin v27.5 - https:\/\/yoast.com\/product\/yoast-seo-wordpress\/ -->\n<title>A bombazo limpio en La Caldera - Gente de B\u00e1squet<\/title>\n<meta name=\"robots\" content=\"index, follow, max-snippet:-1, max-image-preview:large, max-video-preview:-1\" \/>\n<link rel=\"canonical\" href=\"http:\/\/gentedebasquet.com.ar\/sitio\/2025\/09\/06\/a-bombazo-limpio-en-la-caldera\/\" \/>\n<meta property=\"og:locale\" content=\"es_ES\" \/>\n<meta property=\"og:type\" content=\"article\" \/>\n<meta property=\"og:title\" content=\"A bombazo limpio en La Caldera - Gente de B\u00e1squet\" \/>\n<meta property=\"og:description\" content=\"Bah\u00eda Basket gan\u00f3 un duelo clave de la zona media de la tabla ante La Falda por 73-88. Hubo tres jugadores en doble d\u00edgito que combinaron 51 puntos, Kloster (20 incluido 6\/10t3); Morando (14) y Kiessling (17). En La Falda no alcanzaron los 21 de Benjamin Minucci y 19 de Pedro Palacio. Ida y vuelta, [&hellip;]\" \/>\n<meta property=\"og:url\" content=\"http:\/\/gentedebasquet.com.ar\/sitio\/2025\/09\/06\/a-bombazo-limpio-en-la-caldera\/\" \/>\n<meta property=\"og:site_name\" content=\"Gente de B\u00e1squet\" \/>\n<meta property=\"article:published_time\" content=\"2025-09-06T04:44:34+00:00\" \/>\n<meta property=\"og:image\" content=\"http:\/\/gentedebasquet.com.ar\/sitio\/wp-content\/uploads\/2025\/09\/img_4292.jpg\" \/>\n\t<meta property=\"og:image:width\" content=\"2000\" \/>\n\t<meta property=\"og:image:height\" content=\"1500\" \/>\n\t<meta property=\"og:image:type\" content=\"image\/jpeg\" \/>\n<meta name=\"author\" content=\"Manuel Lacerenza\" \/>\n<meta name=\"twitter:card\" content=\"summary_large_image\" \/>\n<meta name=\"twitter:label1\" content=\"Escrito por\" \/>\n\t<meta name=\"twitter:data1\" content=\"Manuel Lacerenza\" \/>\n\t<meta name=\"twitter:label2\" content=\"Tiempo de lectura\" \/>\n\t<meta name=\"twitter:data2\" content=\"3 minutos\" \/>\n<script type=\"application\/ld+json\" class=\"yoast-schema-graph\">{\"@context\":\"https:\\\/\\\/schema.org\",\"@graph\":[{\"@type\":\"Article\",\"@id\":\"http:\\\/\\\/gentedebasquet.com.ar\\\/sitio\\\/2025\\\/09\\\/06\\\/a-bombazo-limpio-en-la-caldera\\\/#article\",\"isPartOf\":{\"@id\":\"http:\\\/\\\/gentedebasquet.com.ar\\\/sitio\\\/2025\\\/09\\\/06\\\/a-bombazo-limpio-en-la-caldera\\\/\"},\"author\":{\"name\":\"Manuel Lacerenza\",\"@id\":\"https:\\\/\\\/gentedebasquet.com.ar\\\/sitio\\\/#\\\/schema\\\/person\\\/643357fb6a37b5549c9cfe9f339c9f1b\"},\"headline\":\"A bombazo limpio en La Caldera\",\"datePublished\":\"2025-09-06T04:44:34+00:00\",\"mainEntityOfPage\":{\"@id\":\"http:\\\/\\\/gentedebasquet.com.ar\\\/sitio\\\/2025\\\/09\\\/06\\\/a-bombazo-limpio-en-la-caldera\\\/\"},\"wordCount\":590,\"image\":{\"@id\":\"http:\\\/\\\/gentedebasquet.com.ar\\\/sitio\\\/2025\\\/09\\\/06\\\/a-bombazo-limpio-en-la-caldera\\\/#primaryimage\"},\"thumbnailUrl\":\"https:\\\/\\\/gentedebasquet.com.ar\\\/sitio\\\/wp-content\\\/uploads\\\/2025\\\/09\\\/img_4292.jpg\",\"keywords\":[\"Bah\u00eda Basket\",\"Emanuel Kloster\",\"La Falda\",\"Pedro Palacio\",\"Segunda\",\"Segunda Divisi\u00f3n\"],\"articleSection\":[\"Segunda\",\"Slide\"],\"inLanguage\":\"es\"},{\"@type\":\"WebPage\",\"@id\":\"http:\\\/\\\/gentedebasquet.com.ar\\\/sitio\\\/2025\\\/09\\\/06\\\/a-bombazo-limpio-en-la-caldera\\\/\",\"url\":\"http:\\\/\\\/gentedebasquet.com.ar\\\/sitio\\\/2025\\\/09\\\/06\\\/a-bombazo-limpio-en-la-caldera\\\/\",\"name\":\"A bombazo limpio en La Caldera - Gente de B\u00e1squet\",\"isPartOf\":{\"@id\":\"https:\\\/\\\/gentedebasquet.com.ar\\\/sitio\\\/#website\"},\"primaryImageOfPage\":{\"@id\":\"http:\\\/\\\/gentedebasquet.com.ar\\\/sitio\\\/2025\\\/09\\\/06\\\/a-bombazo-limpio-en-la-caldera\\\/#primaryimage\"},\"image\":{\"@id\":\"http:\\\/\\\/gentedebasquet.com.ar\\\/sitio\\\/2025\\\/09\\\/06\\\/a-bombazo-limpio-en-la-caldera\\\/#primaryimage\"},\"thumbnailUrl\":\"https:\\\/\\\/gentedebasquet.com.ar\\\/sitio\\\/wp-content\\\/uploads\\\/2025\\\/09\\\/img_4292.jpg\",\"datePublished\":\"2025-09-06T04:44:34+00:00\",\"author\":{\"@id\":\"https:\\\/\\\/gentedebasquet.com.ar\\\/sitio\\\/#\\\/schema\\\/person\\\/643357fb6a37b5549c9cfe9f339c9f1b\"},\"breadcrumb\":{\"@id\":\"http:\\\/\\\/gentedebasquet.com.ar\\\/sitio\\\/2025\\\/09\\\/06\\\/a-bombazo-limpio-en-la-caldera\\\/#breadcrumb\"},\"inLanguage\":\"es\",\"potentialAction\":[{\"@type\":\"ReadAction\",\"target\":[\"http:\\\/\\\/gentedebasquet.com.ar\\\/sitio\\\/2025\\\/09\\\/06\\\/a-bombazo-limpio-en-la-caldera\\\/\"]}]},{\"@type\":\"ImageObject\",\"inLanguage\":\"es\",\"@id\":\"http:\\\/\\\/gentedebasquet.com.ar\\\/sitio\\\/2025\\\/09\\\/06\\\/a-bombazo-limpio-en-la-caldera\\\/#primaryimage\",\"url\":\"https:\\\/\\\/gentedebasquet.com.ar\\\/sitio\\\/wp-content\\\/uploads\\\/2025\\\/09\\\/img_4292.jpg\",\"contentUrl\":\"https:\\\/\\\/gentedebasquet.com.ar\\\/sitio\\\/wp-content\\\/uploads\\\/2025\\\/09\\\/img_4292.jpg\",\"width\":2000,\"height\":1500},{\"@type\":\"BreadcrumbList\",\"@id\":\"http:\\\/\\\/gentedebasquet.com.ar\\\/sitio\\\/2025\\\/09\\\/06\\\/a-bombazo-limpio-en-la-caldera\\\/#breadcrumb\",\"itemListElement\":[{\"@type\":\"ListItem\",\"position\":1,\"name\":\"Portada\",\"item\":\"https:\\\/\\\/gentedebasquet.com.ar\\\/sitio\\\/\"},{\"@type\":\"ListItem\",\"position\":2,\"name\":\"A bombazo limpio en La Caldera\"}]},{\"@type\":\"WebSite\",\"@id\":\"https:\\\/\\\/gentedebasquet.com.ar\\\/sitio\\\/#website\",\"url\":\"https:\\\/\\\/gentedebasquet.com.ar\\\/sitio\\\/\",\"name\":\"Gente de B\u00e1squet\",\"description\":\"La revista del basquet de Bah\u00eda Blanca\",\"potentialAction\":[{\"@type\":\"SearchAction\",\"target\":{\"@type\":\"EntryPoint\",\"urlTemplate\":\"https:\\\/\\\/gentedebasquet.com.ar\\\/sitio\\\/?s={search_term_string}\"},\"query-input\":{\"@type\":\"PropertyValueSpecification\",\"valueRequired\":true,\"valueName\":\"search_term_string\"}}],\"inLanguage\":\"es\"},{\"@type\":\"Person\",\"@id\":\"https:\\\/\\\/gentedebasquet.com.ar\\\/sitio\\\/#\\\/schema\\\/person\\\/643357fb6a37b5549c9cfe9f339c9f1b\",\"name\":\"Manuel Lacerenza\",\"image\":{\"@type\":\"ImageObject\",\"inLanguage\":\"es\",\"@id\":\"https:\\\/\\\/secure.gravatar.com\\\/avatar\\\/6a427d587bd181ca8afd828e8cf364f233c5cbe5b8a1332b92ea42687ad97845?s=96&d=mm&r=g\",\"url\":\"https:\\\/\\\/secure.gravatar.com\\\/avatar\\\/6a427d587bd181ca8afd828e8cf364f233c5cbe5b8a1332b92ea42687ad97845?s=96&d=mm&r=g\",\"contentUrl\":\"https:\\\/\\\/secure.gravatar.com\\\/avatar\\\/6a427d587bd181ca8afd828e8cf364f233c5cbe5b8a1332b92ea42687ad97845?s=96&d=mm&r=g\",\"caption\":\"Manuel Lacerenza\"},\"url\":\"https:\\\/\\\/gentedebasquet.com.ar\\\/sitio\\\/author\\\/manuel\\\/\"}]}<\/script>\n<!-- \/ Yoast SEO plugin. -->","yoast_head_json":{"title":"A bombazo limpio en La Caldera - Gente de B\u00e1squet","robots":{"index":"index","follow":"follow","max-snippet":"max-snippet:-1","max-image-preview":"max-image-preview:large","max-video-preview":"max-video-preview:-1"},"canonical":"http:\/\/gentedebasquet.com.ar\/sitio\/2025\/09\/06\/a-bombazo-limpio-en-la-caldera\/","og_locale":"es_ES","og_type":"article","og_title":"A bombazo limpio en La Caldera - Gente de B\u00e1squet","og_description":"Bah\u00eda Basket gan\u00f3 un duelo clave de la zona media de la tabla ante La Falda por 73-88. Hubo tres jugadores en doble d\u00edgito que combinaron 51 puntos, Kloster (20 incluido 6\/10t3); Morando (14) y Kiessling (17). En La Falda no alcanzaron los 21 de Benjamin Minucci y 19 de Pedro Palacio. Ida y vuelta, [&hellip;]","og_url":"http:\/\/gentedebasquet.com.ar\/sitio\/2025\/09\/06\/a-bombazo-limpio-en-la-caldera\/","og_site_name":"Gente de B\u00e1squet","article_published_time":"2025-09-06T04:44:34+00:00","og_image":[{"width":2000,"height":1500,"url":"http:\/\/gentedebasquet.com.ar\/sitio\/wp-content\/uploads\/2025\/09\/img_4292.jpg","type":"image\/jpeg"}],"author":"Manuel Lacerenza","twitter_card":"summary_large_image","twitter_misc":{"Escrito por":"Manuel Lacerenza","Tiempo de lectura":"3 minutos"},"schema":{"@context":"https:\/\/schema.org","@graph":[{"@type":"Article","@id":"http:\/\/gentedebasquet.com.ar\/sitio\/2025\/09\/06\/a-bombazo-limpio-en-la-caldera\/#article","isPartOf":{"@id":"http:\/\/gentedebasquet.com.ar\/sitio\/2025\/09\/06\/a-bombazo-limpio-en-la-caldera\/"},"author":{"name":"Manuel Lacerenza","@id":"https:\/\/gentedebasquet.com.ar\/sitio\/#\/schema\/person\/643357fb6a37b5549c9cfe9f339c9f1b"},"headline":"A bombazo limpio en La Caldera","datePublished":"2025-09-06T04:44:34+00:00","mainEntityOfPage":{"@id":"http:\/\/gentedebasquet.com.ar\/sitio\/2025\/09\/06\/a-bombazo-limpio-en-la-caldera\/"},"wordCount":590,"image":{"@id":"http:\/\/gentedebasquet.com.ar\/sitio\/2025\/09\/06\/a-bombazo-limpio-en-la-caldera\/#primaryimage"},"thumbnailUrl":"https:\/\/gentedebasquet.com.ar\/sitio\/wp-content\/uploads\/2025\/09\/img_4292.jpg","keywords":["Bah\u00eda Basket","Emanuel Kloster","La Falda","Pedro Palacio","Segunda","Segunda Divisi\u00f3n"],"articleSection":["Segunda","Slide"],"inLanguage":"es"},{"@type":"WebPage","@id":"http:\/\/gentedebasquet.com.ar\/sitio\/2025\/09\/06\/a-bombazo-limpio-en-la-caldera\/","url":"http:\/\/gentedebasquet.com.ar\/sitio\/2025\/09\/06\/a-bombazo-limpio-en-la-caldera\/","name":"A bombazo limpio en La Caldera - Gente de B\u00e1squet","isPartOf":{"@id":"https:\/\/gentedebasquet.com.ar\/sitio\/#website"},"primaryImageOfPage":{"@id":"http:\/\/gentedebasquet.com.ar\/sitio\/2025\/09\/06\/a-bombazo-limpio-en-la-caldera\/#primaryimage"},"image":{"@id":"http:\/\/gentedebasquet.com.ar\/sitio\/2025\/09\/06\/a-bombazo-limpio-en-la-caldera\/#primaryimage"},"thumbnailUrl":"https:\/\/gentedebasquet.com.ar\/sitio\/wp-content\/uploads\/2025\/09\/img_4292.jpg","datePublished":"2025-09-06T04:44:34+00:00","author":{"@id":"https:\/\/gentedebasquet.com.ar\/sitio\/#\/schema\/person\/643357fb6a37b5549c9cfe9f339c9f1b"},"breadcrumb":{"@id":"http:\/\/gentedebasquet.com.ar\/sitio\/2025\/09\/06\/a-bombazo-limpio-en-la-caldera\/#breadcrumb"},"inLanguage":"es","potentialAction":[{"@type":"ReadAction","target":["http:\/\/gentedebasquet.com.ar\/sitio\/2025\/09\/06\/a-bombazo-limpio-en-la-caldera\/"]}]},{"@type":"ImageObject","inLanguage":"es","@id":"http:\/\/gentedebasquet.com.ar\/sitio\/2025\/09\/06\/a-bombazo-limpio-en-la-caldera\/#primaryimage","url":"https:\/\/gentedebasquet.com.ar\/sitio\/wp-content\/uploads\/2025\/09\/img_4292.jpg","contentUrl":"https:\/\/gentedebasquet.com.ar\/sitio\/wp-content\/uploads\/2025\/09\/img_4292.jpg","width":2000,"height":1500},{"@type":"BreadcrumbList","@id":"http:\/\/gentedebasquet.com.ar\/sitio\/2025\/09\/06\/a-bombazo-limpio-en-la-caldera\/#breadcrumb","itemListElement":[{"@type":"ListItem","position":1,"name":"Portada","item":"https:\/\/gentedebasquet.com.ar\/sitio\/"},{"@type":"ListItem","position":2,"name":"A bombazo limpio en La Caldera"}]},{"@type":"WebSite","@id":"https:\/\/gentedebasquet.com.ar\/sitio\/#website","url":"https:\/\/gentedebasquet.com.ar\/sitio\/","name":"Gente de B\u00e1squet","description":"La revista del basquet de Bah\u00eda Blanca","potentialAction":[{"@type":"SearchAction","target":{"@type":"EntryPoint","urlTemplate":"https:\/\/gentedebasquet.com.ar\/sitio\/?s={search_term_string}"},"query-input":{"@type":"PropertyValueSpecification","valueRequired":true,"valueName":"search_term_string"}}],"inLanguage":"es"},{"@type":"Person","@id":"https:\/\/gentedebasquet.com.ar\/sitio\/#\/schema\/person\/643357fb6a37b5549c9cfe9f339c9f1b","name":"Manuel Lacerenza","image":{"@type":"ImageObject","inLanguage":"es","@id":"https:\/\/secure.gravatar.com\/avatar\/6a427d587bd181ca8afd828e8cf364f233c5cbe5b8a1332b92ea42687ad97845?s=96&d=mm&r=g","url":"https:\/\/secure.gravatar.com\/avatar\/6a427d587bd181ca8afd828e8cf364f233c5cbe5b8a1332b92ea42687ad97845?s=96&d=mm&r=g","contentUrl":"https:\/\/secure.gravatar.com\/avatar\/6a427d587bd181ca8afd828e8cf364f233c5cbe5b8a1332b92ea42687ad97845?s=96&d=mm&r=g","caption":"Manuel Lacerenza"},"url":"https:\/\/gentedebasquet.com.ar\/sitio\/author\/manuel\/"}]}},"_links":{"self":[{"href":"https:\/\/gentedebasquet.com.ar\/sitio\/wp-json\/wp\/v2\/posts\/117751","targetHints":{"allow":["GET"]}}],"collection":[{"href":"https:\/\/gentedebasquet.com.ar\/sitio\/wp-json\/wp\/v2\/posts"}],"about":[{"href":"https:\/\/gentedebasquet.com.ar\/sitio\/wp-json\/wp\/v2\/types\/post"}],"author":[{"embeddable":true,"href":"https:\/\/gentedebasquet.com.ar\/sitio\/wp-json\/wp\/v2\/users\/82"}],"replies":[{"embeddable":true,"href":"https:\/\/gentedebasquet.com.ar\/sitio\/wp-json\/wp\/v2\/comments?post=117751"}],"version-history":[{"count":2,"href":"https:\/\/gentedebasquet.com.ar\/sitio\/wp-json\/wp\/v2\/posts\/117751\/revisions"}],"predecessor-version":[{"id":117753,"href":"https:\/\/gentedebasquet.com.ar\/sitio\/wp-json\/wp\/v2\/posts\/117751\/revisions\/117753"}],"wp:featuredmedia":[{"embeddable":true,"href":"https:\/\/gentedebasquet.com.ar\/sitio\/wp-json\/wp\/v2\/media\/117750"}],"wp:attachment":[{"href":"https:\/\/gentedebasquet.com.ar\/sitio\/wp-json\/wp\/v2\/media?parent=117751"}],"wp:term":[{"taxonomy":"category","embeddable":true,"href":"https:\/\/gentedebasquet.com.ar\/sitio\/wp-json\/wp\/v2\/categories?post=117751"},{"taxonomy":"post_tag","embeddable":true,"href":"https:\/\/gentedebasquet.com.ar\/sitio\/wp-json\/wp\/v2\/tags?post=117751"}],"curies":[{"name":"wp","href":"https:\/\/api.w.org\/{rel}","templated":true}]}}