{"id":117802,"date":"2025-09-10T05:31:37","date_gmt":"2025-09-10T03:31:37","guid":{"rendered":"https:\/\/gentedebasquet.com.ar\/sitio\/?p=117802"},"modified":"2025-09-10T15:03:05","modified_gmt":"2025-09-10T13:03:05","slug":"el-clasico-llego-a-buen-puerto","status":"publish","type":"post","link":"https:\/\/gentedebasquet.com.ar\/sitio\/2025\/09\/10\/el-clasico-llego-a-buen-puerto\/","title":{"rendered":"El cl\u00e1sico lleg\u00f3 a buen puerto"},"content":{"rendered":"<p><strong>En el Polideportivo Norte, Puerto Comercial domin\u00f3 a Whitense por 71-53. El tridente ofensivo Orellano-Antonelli-Maina fue clave, anotando 51 de los 71 puntos totales.<\/strong><\/p>\n<p><strong>Whitense busc\u00f3 un inicio vertiginoso, con tres triples consecutivos en el arranque.<\/strong> Sin embargo, Comercial r\u00e1pidamente se puso en ventaja <strong>con un gran parcial 11-0, en el cual corrieron la cancha de forma excelente.<\/strong> Luciano Orellano fue clave con siete puntos. El cuarto cerr\u00f3 20-11 en favor de los locales.<\/p>\n<p>El segundo parcial fue dominado completamente por los verdes, en el cual, <strong>a base de una excelente defensa, mantuvieron a Whitense sin anotar por cinco minutos.<\/strong> No obstante, con un Juan Cruz Iturbide letal desde el triple, y con ayuda del ex portuario Tob\u00edas Iturriaga, los blancos consiguieron un parcial 11-0 para ponerse a seis puntos parcialmente. <strong>Diferencia que no dur\u00f3 mucho, puesto que un cierre impecable 12-0 por parte del anfitri\u00f3n,<\/strong> los dej\u00f3 42-24 al irse al descanso.<\/p>\n<p>El segundo tiempo fue de control, <strong>el tridente ofensivo de Comercial los mantuvo siempre por delante, logrando hasta una m\u00e1xima de 28 puntos.<\/strong> Lo cual provoc\u00f3 que de cara al ultimo cuarto, ambos conjuntos den rotaci\u00f3n a sus juveniles, para as\u00ed cerrar el tel\u00f3n del encuentro, con un marcador de 71-53.<\/p>\n<p><strong>Los dirigidos por Gustavo Candia consiguieron un importante triunfo. Adem\u00e1s, lograron reponerse de la derrota en la rueda anterior, y comienzan a ver con buenos ojos la parte superior de la tabla.<\/strong><\/p>\n<div class=\"jeg_video_container jeg_video_content\">\n<div class=\"jeg_video_container jeg_video_content\">\n<div class=\"jeg_video_container jeg_video_content\"><iframe loading=\"lazy\" title=\"#Segunda - Fecha #5: Puerto Comercial 71 - Deportivo Whitense 53\" width=\"500\" height=\"281\" src=\"https:\/\/www.youtube.com\/embed\/ulHxia3W6Ps?feature=oembed\" frameborder=\"0\" allow=\"accelerometer; autoplay; clipboard-write; encrypted-media; gyroscope; picture-in-picture; web-share\" referrerpolicy=\"strict-origin-when-cross-origin\" allowfullscreen><\/iframe><\/div>\n<\/div>\n<\/div>\n<p><img decoding=\"async\" class=\"alignnone wp-image-117816 \" src=\"http:\/\/gentedebasquet.com.ar\/sitio\/wp-content\/uploads\/2025\/09\/CLAVE-5-1024x1024.png\" alt=\"\" width=\"300\" height=\"300\" data-pin-no-hover=\"true\" srcset=\"https:\/\/gentedebasquet.com.ar\/sitio\/wp-content\/uploads\/2025\/09\/CLAVE-5-1024x1024.png 1024w, https:\/\/gentedebasquet.com.ar\/sitio\/wp-content\/uploads\/2025\/09\/CLAVE-5-300x300.png 300w, https:\/\/gentedebasquet.com.ar\/sitio\/wp-content\/uploads\/2025\/09\/CLAVE-5-150x150.png 150w, https:\/\/gentedebasquet.com.ar\/sitio\/wp-content\/uploads\/2025\/09\/CLAVE-5-768x768.png 768w, https:\/\/gentedebasquet.com.ar\/sitio\/wp-content\/uploads\/2025\/09\/CLAVE-5-1536x1536.png 1536w, https:\/\/gentedebasquet.com.ar\/sitio\/wp-content\/uploads\/2025\/09\/CLAVE-5-75x75.png 75w, https:\/\/gentedebasquet.com.ar\/sitio\/wp-content\/uploads\/2025\/09\/CLAVE-5-350x350.png 350w, https:\/\/gentedebasquet.com.ar\/sitio\/wp-content\/uploads\/2025\/09\/CLAVE-5-750x750.png 750w, https:\/\/gentedebasquet.com.ar\/sitio\/wp-content\/uploads\/2025\/09\/CLAVE-5-1140x1140.png 1140w, https:\/\/gentedebasquet.com.ar\/sitio\/wp-content\/uploads\/2025\/09\/CLAVE-5.png 2000w\" sizes=\"(max-width: 300px) 100vw, 300px\" \/><\/p>\n<p><img decoding=\"async\" class=\"alignnone wp-image-117820 \" src=\"http:\/\/gentedebasquet.com.ar\/sitio\/wp-content\/uploads\/2025\/09\/IMG_20250909_223751-1024x768.jpg\" alt=\"\" width=\"500\" height=\"375\" data-pin-no-hover=\"true\" srcset=\"https:\/\/gentedebasquet.com.ar\/sitio\/wp-content\/uploads\/2025\/09\/IMG_20250909_223751-1024x768.jpg 1024w, https:\/\/gentedebasquet.com.ar\/sitio\/wp-content\/uploads\/2025\/09\/IMG_20250909_223751-300x225.jpg 300w, https:\/\/gentedebasquet.com.ar\/sitio\/wp-content\/uploads\/2025\/09\/IMG_20250909_223751-768x576.jpg 768w, https:\/\/gentedebasquet.com.ar\/sitio\/wp-content\/uploads\/2025\/09\/IMG_20250909_223751-1536x1152.jpg 1536w, https:\/\/gentedebasquet.com.ar\/sitio\/wp-content\/uploads\/2025\/09\/IMG_20250909_223751-2048x1536.jpg 2048w, https:\/\/gentedebasquet.com.ar\/sitio\/wp-content\/uploads\/2025\/09\/IMG_20250909_223751-750x563.jpg 750w, https:\/\/gentedebasquet.com.ar\/sitio\/wp-content\/uploads\/2025\/09\/IMG_20250909_223751-1140x855.jpg 1140w\" sizes=\"(max-width: 500px) 100vw, 500px\" \/><\/p>\n<blockquote><p>\u00ab Estamos muy contentos, necesit\u00e1bamos ganar este partido. En la cancha de ellos hab\u00edamos perdido en la ultima, y ten\u00edamos la bronca de dar vuelta este partido. La clave fue la defensa y correr la cancha, les plantamos una zona que no supieron atacar&#8230; \u00bb<strong> Luciano Orellano, Puerto Comercial.<\/strong><\/p><\/blockquote>\n<p><img decoding=\"async\" class=\"alignnone wp-image-117806 \" src=\"http:\/\/gentedebasquet.com.ar\/sitio\/wp-content\/uploads\/2025\/09\/MVP-2-1024x1024.png\" alt=\"\" width=\"300\" height=\"300\" data-pin-no-hover=\"true\" srcset=\"https:\/\/gentedebasquet.com.ar\/sitio\/wp-content\/uploads\/2025\/09\/MVP-2-1024x1024.png 1024w, https:\/\/gentedebasquet.com.ar\/sitio\/wp-content\/uploads\/2025\/09\/MVP-2-300x300.png 300w, https:\/\/gentedebasquet.com.ar\/sitio\/wp-content\/uploads\/2025\/09\/MVP-2-150x150.png 150w, https:\/\/gentedebasquet.com.ar\/sitio\/wp-content\/uploads\/2025\/09\/MVP-2-768x768.png 768w, https:\/\/gentedebasquet.com.ar\/sitio\/wp-content\/uploads\/2025\/09\/MVP-2-1536x1536.png 1536w, https:\/\/gentedebasquet.com.ar\/sitio\/wp-content\/uploads\/2025\/09\/MVP-2-75x75.png 75w, https:\/\/gentedebasquet.com.ar\/sitio\/wp-content\/uploads\/2025\/09\/MVP-2-350x350.png 350w, https:\/\/gentedebasquet.com.ar\/sitio\/wp-content\/uploads\/2025\/09\/MVP-2-750x750.png 750w, https:\/\/gentedebasquet.com.ar\/sitio\/wp-content\/uploads\/2025\/09\/MVP-2-1140x1140.png 1140w, https:\/\/gentedebasquet.com.ar\/sitio\/wp-content\/uploads\/2025\/09\/MVP-2.png 2000w\" sizes=\"(max-width: 300px) 100vw, 300px\" \/><\/p>\n<p><strong>S\u00edntesis \u2013 Segunda Divisi\u00f3n \u2013 Fecha 5<\/strong><\/p>\n<p><strong>Puerto Comercial 71:<\/strong> Luciano Orellano 18, Nicol\u00e1s Antonelli 17, Manuel Maina 16, Bruno Rodr\u00edguez 6, Mart\u00edn \u00c1lvarez 0, <strong>(FI); <\/strong>Mart\u00edn Godoy 5, Mart\u00edn Villoldo 2, Gustavo Lan 2, Giuliano Barcala 2, Guido Pereyra 2, Jalil Hassanie 1. <strong>DT:\u00a0Gustavo Candia.<\/strong><\/p>\n<p><strong>Deportivo Whitense 53:<\/strong> Juan Cruz Iturbide 23, Francisco Cruz 3, Mateo Herbalejo 2, Marcos Ruarte 10, Franco Mastrandrea 9, <strong>(FI); <\/strong>Dar\u00edan Pedrol 3, Tob\u00edas Iturriaga 2, Jerem\u00edas Burgos 1, Lautaro Hermosilla 0, Nazareno P\u00e9rez 0, Tom\u00e1s M\u00e1rquez 0, Lorenzo Abraham 0. <strong>DT: Santiago Pi\u00f1eiro.<\/strong><\/p>\n<p><strong>Parciales:<\/strong> 20-11, 42-24 (22-13), 64-40 (22-16), 71-53 (7-13).<\/p>\n<p><strong>\u00c1rbitros:<\/strong> Alejandro Ramallo &#8211; Joaqu\u00edn Irraz\u00e1bal &#8211; Camila Robles.<\/p>\n<p><strong>Estadio:<\/strong> Polideportivo Norte (Puerto Comercial).<\/p>\n<p><img decoding=\"async\" class=\"alignnone wp-image-117819 \" src=\"http:\/\/gentedebasquet.com.ar\/sitio\/wp-content\/uploads\/2025\/09\/IMG_20250909_215708-1024x576.jpg\" alt=\"\" width=\"601\" height=\"338\" srcset=\"https:\/\/gentedebasquet.com.ar\/sitio\/wp-content\/uploads\/2025\/09\/IMG_20250909_215708-1024x576.jpg 1024w, https:\/\/gentedebasquet.com.ar\/sitio\/wp-content\/uploads\/2025\/09\/IMG_20250909_215708-300x169.jpg 300w, https:\/\/gentedebasquet.com.ar\/sitio\/wp-content\/uploads\/2025\/09\/IMG_20250909_215708-768x432.jpg 768w, https:\/\/gentedebasquet.com.ar\/sitio\/wp-content\/uploads\/2025\/09\/IMG_20250909_215708-1536x864.jpg 1536w, https:\/\/gentedebasquet.com.ar\/sitio\/wp-content\/uploads\/2025\/09\/IMG_20250909_215708-750x422.jpg 750w, https:\/\/gentedebasquet.com.ar\/sitio\/wp-content\/uploads\/2025\/09\/IMG_20250909_215708-1140x641.jpg 1140w, https:\/\/gentedebasquet.com.ar\/sitio\/wp-content\/uploads\/2025\/09\/IMG_20250909_215708.jpg 1920w\" sizes=\"(max-width: 601px) 100vw, 601px\" \/><\/p>\n","protected":false},"excerpt":{"rendered":"<p>En el Polideportivo Norte, Puerto Comercial domin\u00f3 a Whitense por 71-53. El tridente ofensivo Orellano-Antonelli-Maina fue clave, anotando 51 de los 71 puntos totales. Whitense busc\u00f3 un inicio vertiginoso, con tres triples consecutivos en el arranque. Sin embargo, Comercial r\u00e1pidamente se puso en ventaja con un gran parcial 11-0, en el cual corrieron la cancha [&hellip;]<\/p>\n","protected":false},"author":84,"featured_media":117818,"comment_status":"closed","ping_status":"open","sticky":false,"template":"","format":"standard","meta":{"jnews-multi-image_gallery":[],"jnews_single_post":{"source_name":"","source_url":"","via_name":"","via_url":"","override_template":"0","override":[{"template":"1","single_blog_custom":"","parallax":"1","fullscreen":"1","layout":"right-sidebar","sidebar":"default-sidebar","second_sidebar":"default-sidebar","sticky_sidebar":"1","share_position":"top","share_float_style":"share-monocrhome","show_share_counter":"0","show_view_counter":"0","show_featured":"1","show_post_meta":"1","show_post_author":"1","show_post_author_image":"0","show_post_date":"1","post_date_format":"default","post_date_format_custom":"Y\/m\/d","show_post_category":"1","show_post_reading_time":"0","post_reading_time_wpm":"300","show_zoom_button":"0","zoom_button_out_step":"2","zoom_button_in_step":"3","show_post_tag":"1","show_prev_next_post":"1","show_popup_post":"0","number_popup_post":"1","show_author_box":"0","show_post_related":"0","show_inline_post_related":"0"}],"override_image_size":"0","image_override":[{"single_post_thumbnail_size":"crop-500","single_post_gallery_size":"crop-500"}],"trending_post":"0","trending_post_position":"meta","trending_post_label":"Trending","sponsored_post":"0","sponsored_post_label":"Sponsored by","sponsored_post_name":"","sponsored_post_url":"","sponsored_post_logo_enable":"0","sponsored_post_logo":"","sponsored_post_desc":"","disable_ad":"0"},"jnews_primary_category":{"id":"","hide":""},"footnotes":""},"categories":[25],"tags":[8,1949,2027,1272,274,1864,503,1940],"class_list":["post-117802","post","type-post","status-publish","format-standard","has-post-thumbnail","hentry","category-segunda","tag-deportivo-whitense","tag-juan-cruz-iturbide","tag-luciano-orellano","tag-manuel-maina","tag-nicolas-antonelli","tag-puerto-comercial","tag-segunda-division","tag-torneo-de-segunda"],"yoast_head":"<!-- This site is optimized with the Yoast SEO plugin v27.5 - https:\/\/yoast.com\/product\/yoast-seo-wordpress\/ -->\n<title>El cl\u00e1sico lleg\u00f3 a buen puerto - Gente de B\u00e1squet<\/title>\n<meta name=\"robots\" content=\"index, follow, max-snippet:-1, max-image-preview:large, max-video-preview:-1\" \/>\n<link rel=\"canonical\" href=\"https:\/\/gentedebasquet.com.ar\/sitio\/2025\/09\/10\/el-clasico-llego-a-buen-puerto\/\" \/>\n<meta property=\"og:locale\" content=\"es_ES\" \/>\n<meta property=\"og:type\" content=\"article\" \/>\n<meta property=\"og:title\" content=\"El cl\u00e1sico lleg\u00f3 a buen puerto - Gente de B\u00e1squet\" \/>\n<meta property=\"og:description\" content=\"En el Polideportivo Norte, Puerto Comercial domin\u00f3 a Whitense por 71-53. El tridente ofensivo Orellano-Antonelli-Maina fue clave, anotando 51 de los 71 puntos totales. Whitense busc\u00f3 un inicio vertiginoso, con tres triples consecutivos en el arranque. Sin embargo, Comercial r\u00e1pidamente se puso en ventaja con un gran parcial 11-0, en el cual corrieron la cancha [&hellip;]\" \/>\n<meta property=\"og:url\" content=\"https:\/\/gentedebasquet.com.ar\/sitio\/2025\/09\/10\/el-clasico-llego-a-buen-puerto\/\" \/>\n<meta property=\"og:site_name\" content=\"Gente de B\u00e1squet\" \/>\n<meta property=\"article:published_time\" content=\"2025-09-10T03:31:37+00:00\" \/>\n<meta property=\"article:modified_time\" content=\"2025-09-10T13:03:05+00:00\" \/>\n<meta property=\"og:image\" content=\"https:\/\/gentedebasquet.com.ar\/sitio\/wp-content\/uploads\/2025\/09\/IMG_20250909_215646-scaled.jpg\" \/>\n\t<meta property=\"og:image:width\" content=\"2560\" \/>\n\t<meta property=\"og:image:height\" content=\"1920\" \/>\n\t<meta property=\"og:image:type\" content=\"image\/jpeg\" \/>\n<meta name=\"author\" content=\"Facundo Elizalde\" \/>\n<meta name=\"twitter:card\" content=\"summary_large_image\" \/>\n<meta name=\"twitter:label1\" content=\"Escrito por\" \/>\n\t<meta name=\"twitter:data1\" content=\"Facundo Elizalde\" \/>\n\t<meta name=\"twitter:label2\" content=\"Tiempo de lectura\" \/>\n\t<meta name=\"twitter:data2\" content=\"3 minutos\" \/>\n<script type=\"application\/ld+json\" class=\"yoast-schema-graph\">{\"@context\":\"https:\\\/\\\/schema.org\",\"@graph\":[{\"@type\":\"Article\",\"@id\":\"https:\\\/\\\/gentedebasquet.com.ar\\\/sitio\\\/2025\\\/09\\\/10\\\/el-clasico-llego-a-buen-puerto\\\/#article\",\"isPartOf\":{\"@id\":\"https:\\\/\\\/gentedebasquet.com.ar\\\/sitio\\\/2025\\\/09\\\/10\\\/el-clasico-llego-a-buen-puerto\\\/\"},\"author\":{\"name\":\"Facundo Elizalde\",\"@id\":\"https:\\\/\\\/gentedebasquet.com.ar\\\/sitio\\\/#\\\/schema\\\/person\\\/2830c671ecf949fe6896fdc95b81667e\"},\"headline\":\"El cl\u00e1sico lleg\u00f3 a buen puerto\",\"datePublished\":\"2025-09-10T03:31:37+00:00\",\"dateModified\":\"2025-09-10T13:03:05+00:00\",\"mainEntityOfPage\":{\"@id\":\"https:\\\/\\\/gentedebasquet.com.ar\\\/sitio\\\/2025\\\/09\\\/10\\\/el-clasico-llego-a-buen-puerto\\\/\"},\"wordCount\":406,\"image\":{\"@id\":\"https:\\\/\\\/gentedebasquet.com.ar\\\/sitio\\\/2025\\\/09\\\/10\\\/el-clasico-llego-a-buen-puerto\\\/#primaryimage\"},\"thumbnailUrl\":\"https:\\\/\\\/gentedebasquet.com.ar\\\/sitio\\\/wp-content\\\/uploads\\\/2025\\\/09\\\/IMG_20250909_215646-scaled.jpg\",\"keywords\":[\"Deportivo Whitense\",\"Juan Cruz Iturbide\",\"Luciano Orellano\",\"Manuel Maina\",\"Nicol\u00e1s Antonelli\",\"Puerto Comercial\",\"Segunda Divisi\u00f3n\",\"Torneo de Segunda\"],\"articleSection\":[\"Segunda\"],\"inLanguage\":\"es\"},{\"@type\":\"WebPage\",\"@id\":\"https:\\\/\\\/gentedebasquet.com.ar\\\/sitio\\\/2025\\\/09\\\/10\\\/el-clasico-llego-a-buen-puerto\\\/\",\"url\":\"https:\\\/\\\/gentedebasquet.com.ar\\\/sitio\\\/2025\\\/09\\\/10\\\/el-clasico-llego-a-buen-puerto\\\/\",\"name\":\"El cl\u00e1sico lleg\u00f3 a buen puerto - Gente de B\u00e1squet\",\"isPartOf\":{\"@id\":\"https:\\\/\\\/gentedebasquet.com.ar\\\/sitio\\\/#website\"},\"primaryImageOfPage\":{\"@id\":\"https:\\\/\\\/gentedebasquet.com.ar\\\/sitio\\\/2025\\\/09\\\/10\\\/el-clasico-llego-a-buen-puerto\\\/#primaryimage\"},\"image\":{\"@id\":\"https:\\\/\\\/gentedebasquet.com.ar\\\/sitio\\\/2025\\\/09\\\/10\\\/el-clasico-llego-a-buen-puerto\\\/#primaryimage\"},\"thumbnailUrl\":\"https:\\\/\\\/gentedebasquet.com.ar\\\/sitio\\\/wp-content\\\/uploads\\\/2025\\\/09\\\/IMG_20250909_215646-scaled.jpg\",\"datePublished\":\"2025-09-10T03:31:37+00:00\",\"dateModified\":\"2025-09-10T13:03:05+00:00\",\"author\":{\"@id\":\"https:\\\/\\\/gentedebasquet.com.ar\\\/sitio\\\/#\\\/schema\\\/person\\\/2830c671ecf949fe6896fdc95b81667e\"},\"breadcrumb\":{\"@id\":\"https:\\\/\\\/gentedebasquet.com.ar\\\/sitio\\\/2025\\\/09\\\/10\\\/el-clasico-llego-a-buen-puerto\\\/#breadcrumb\"},\"inLanguage\":\"es\",\"potentialAction\":[{\"@type\":\"ReadAction\",\"target\":[\"https:\\\/\\\/gentedebasquet.com.ar\\\/sitio\\\/2025\\\/09\\\/10\\\/el-clasico-llego-a-buen-puerto\\\/\"]}]},{\"@type\":\"ImageObject\",\"inLanguage\":\"es\",\"@id\":\"https:\\\/\\\/gentedebasquet.com.ar\\\/sitio\\\/2025\\\/09\\\/10\\\/el-clasico-llego-a-buen-puerto\\\/#primaryimage\",\"url\":\"https:\\\/\\\/gentedebasquet.com.ar\\\/sitio\\\/wp-content\\\/uploads\\\/2025\\\/09\\\/IMG_20250909_215646-scaled.jpg\",\"contentUrl\":\"https:\\\/\\\/gentedebasquet.com.ar\\\/sitio\\\/wp-content\\\/uploads\\\/2025\\\/09\\\/IMG_20250909_215646-scaled.jpg\",\"width\":2560,\"height\":1920},{\"@type\":\"BreadcrumbList\",\"@id\":\"https:\\\/\\\/gentedebasquet.com.ar\\\/sitio\\\/2025\\\/09\\\/10\\\/el-clasico-llego-a-buen-puerto\\\/#breadcrumb\",\"itemListElement\":[{\"@type\":\"ListItem\",\"position\":1,\"name\":\"Portada\",\"item\":\"https:\\\/\\\/gentedebasquet.com.ar\\\/sitio\\\/\"},{\"@type\":\"ListItem\",\"position\":2,\"name\":\"El cl\u00e1sico lleg\u00f3 a buen puerto\"}]},{\"@type\":\"WebSite\",\"@id\":\"https:\\\/\\\/gentedebasquet.com.ar\\\/sitio\\\/#website\",\"url\":\"https:\\\/\\\/gentedebasquet.com.ar\\\/sitio\\\/\",\"name\":\"Gente de B\u00e1squet\",\"description\":\"La revista del basquet de Bah\u00eda Blanca\",\"potentialAction\":[{\"@type\":\"SearchAction\",\"target\":{\"@type\":\"EntryPoint\",\"urlTemplate\":\"https:\\\/\\\/gentedebasquet.com.ar\\\/sitio\\\/?s={search_term_string}\"},\"query-input\":{\"@type\":\"PropertyValueSpecification\",\"valueRequired\":true,\"valueName\":\"search_term_string\"}}],\"inLanguage\":\"es\"},{\"@type\":\"Person\",\"@id\":\"https:\\\/\\\/gentedebasquet.com.ar\\\/sitio\\\/#\\\/schema\\\/person\\\/2830c671ecf949fe6896fdc95b81667e\",\"name\":\"Facundo Elizalde\",\"image\":{\"@type\":\"ImageObject\",\"inLanguage\":\"es\",\"@id\":\"https:\\\/\\\/secure.gravatar.com\\\/avatar\\\/38bc8b15c12547ad3ed99650859898dc3f58534034667dbb6c2788c85e4f6edb?s=96&d=mm&r=g\",\"url\":\"https:\\\/\\\/secure.gravatar.com\\\/avatar\\\/38bc8b15c12547ad3ed99650859898dc3f58534034667dbb6c2788c85e4f6edb?s=96&d=mm&r=g\",\"contentUrl\":\"https:\\\/\\\/secure.gravatar.com\\\/avatar\\\/38bc8b15c12547ad3ed99650859898dc3f58534034667dbb6c2788c85e4f6edb?s=96&d=mm&r=g\",\"caption\":\"Facundo Elizalde\"},\"url\":\"https:\\\/\\\/gentedebasquet.com.ar\\\/sitio\\\/author\\\/facundo\\\/\"}]}<\/script>\n<!-- \/ Yoast SEO plugin. -->","yoast_head_json":{"title":"El cl\u00e1sico lleg\u00f3 a buen puerto - Gente de B\u00e1squet","robots":{"index":"index","follow":"follow","max-snippet":"max-snippet:-1","max-image-preview":"max-image-preview:large","max-video-preview":"max-video-preview:-1"},"canonical":"https:\/\/gentedebasquet.com.ar\/sitio\/2025\/09\/10\/el-clasico-llego-a-buen-puerto\/","og_locale":"es_ES","og_type":"article","og_title":"El cl\u00e1sico lleg\u00f3 a buen puerto - Gente de B\u00e1squet","og_description":"En el Polideportivo Norte, Puerto Comercial domin\u00f3 a Whitense por 71-53. El tridente ofensivo Orellano-Antonelli-Maina fue clave, anotando 51 de los 71 puntos totales. Whitense busc\u00f3 un inicio vertiginoso, con tres triples consecutivos en el arranque. Sin embargo, Comercial r\u00e1pidamente se puso en ventaja con un gran parcial 11-0, en el cual corrieron la cancha [&hellip;]","og_url":"https:\/\/gentedebasquet.com.ar\/sitio\/2025\/09\/10\/el-clasico-llego-a-buen-puerto\/","og_site_name":"Gente de B\u00e1squet","article_published_time":"2025-09-10T03:31:37+00:00","article_modified_time":"2025-09-10T13:03:05+00:00","og_image":[{"width":2560,"height":1920,"url":"https:\/\/gentedebasquet.com.ar\/sitio\/wp-content\/uploads\/2025\/09\/IMG_20250909_215646-scaled.jpg","type":"image\/jpeg"}],"author":"Facundo Elizalde","twitter_card":"summary_large_image","twitter_misc":{"Escrito por":"Facundo Elizalde","Tiempo de lectura":"3 minutos"},"schema":{"@context":"https:\/\/schema.org","@graph":[{"@type":"Article","@id":"https:\/\/gentedebasquet.com.ar\/sitio\/2025\/09\/10\/el-clasico-llego-a-buen-puerto\/#article","isPartOf":{"@id":"https:\/\/gentedebasquet.com.ar\/sitio\/2025\/09\/10\/el-clasico-llego-a-buen-puerto\/"},"author":{"name":"Facundo Elizalde","@id":"https:\/\/gentedebasquet.com.ar\/sitio\/#\/schema\/person\/2830c671ecf949fe6896fdc95b81667e"},"headline":"El cl\u00e1sico lleg\u00f3 a buen puerto","datePublished":"2025-09-10T03:31:37+00:00","dateModified":"2025-09-10T13:03:05+00:00","mainEntityOfPage":{"@id":"https:\/\/gentedebasquet.com.ar\/sitio\/2025\/09\/10\/el-clasico-llego-a-buen-puerto\/"},"wordCount":406,"image":{"@id":"https:\/\/gentedebasquet.com.ar\/sitio\/2025\/09\/10\/el-clasico-llego-a-buen-puerto\/#primaryimage"},"thumbnailUrl":"https:\/\/gentedebasquet.com.ar\/sitio\/wp-content\/uploads\/2025\/09\/IMG_20250909_215646-scaled.jpg","keywords":["Deportivo Whitense","Juan Cruz Iturbide","Luciano Orellano","Manuel Maina","Nicol\u00e1s Antonelli","Puerto Comercial","Segunda Divisi\u00f3n","Torneo de Segunda"],"articleSection":["Segunda"],"inLanguage":"es"},{"@type":"WebPage","@id":"https:\/\/gentedebasquet.com.ar\/sitio\/2025\/09\/10\/el-clasico-llego-a-buen-puerto\/","url":"https:\/\/gentedebasquet.com.ar\/sitio\/2025\/09\/10\/el-clasico-llego-a-buen-puerto\/","name":"El cl\u00e1sico lleg\u00f3 a buen puerto - Gente de B\u00e1squet","isPartOf":{"@id":"https:\/\/gentedebasquet.com.ar\/sitio\/#website"},"primaryImageOfPage":{"@id":"https:\/\/gentedebasquet.com.ar\/sitio\/2025\/09\/10\/el-clasico-llego-a-buen-puerto\/#primaryimage"},"image":{"@id":"https:\/\/gentedebasquet.com.ar\/sitio\/2025\/09\/10\/el-clasico-llego-a-buen-puerto\/#primaryimage"},"thumbnailUrl":"https:\/\/gentedebasquet.com.ar\/sitio\/wp-content\/uploads\/2025\/09\/IMG_20250909_215646-scaled.jpg","datePublished":"2025-09-10T03:31:37+00:00","dateModified":"2025-09-10T13:03:05+00:00","author":{"@id":"https:\/\/gentedebasquet.com.ar\/sitio\/#\/schema\/person\/2830c671ecf949fe6896fdc95b81667e"},"breadcrumb":{"@id":"https:\/\/gentedebasquet.com.ar\/sitio\/2025\/09\/10\/el-clasico-llego-a-buen-puerto\/#breadcrumb"},"inLanguage":"es","potentialAction":[{"@type":"ReadAction","target":["https:\/\/gentedebasquet.com.ar\/sitio\/2025\/09\/10\/el-clasico-llego-a-buen-puerto\/"]}]},{"@type":"ImageObject","inLanguage":"es","@id":"https:\/\/gentedebasquet.com.ar\/sitio\/2025\/09\/10\/el-clasico-llego-a-buen-puerto\/#primaryimage","url":"https:\/\/gentedebasquet.com.ar\/sitio\/wp-content\/uploads\/2025\/09\/IMG_20250909_215646-scaled.jpg","contentUrl":"https:\/\/gentedebasquet.com.ar\/sitio\/wp-content\/uploads\/2025\/09\/IMG_20250909_215646-scaled.jpg","width":2560,"height":1920},{"@type":"BreadcrumbList","@id":"https:\/\/gentedebasquet.com.ar\/sitio\/2025\/09\/10\/el-clasico-llego-a-buen-puerto\/#breadcrumb","itemListElement":[{"@type":"ListItem","position":1,"name":"Portada","item":"https:\/\/gentedebasquet.com.ar\/sitio\/"},{"@type":"ListItem","position":2,"name":"El cl\u00e1sico lleg\u00f3 a buen puerto"}]},{"@type":"WebSite","@id":"https:\/\/gentedebasquet.com.ar\/sitio\/#website","url":"https:\/\/gentedebasquet.com.ar\/sitio\/","name":"Gente de B\u00e1squet","description":"La revista del basquet de Bah\u00eda Blanca","potentialAction":[{"@type":"SearchAction","target":{"@type":"EntryPoint","urlTemplate":"https:\/\/gentedebasquet.com.ar\/sitio\/?s={search_term_string}"},"query-input":{"@type":"PropertyValueSpecification","valueRequired":true,"valueName":"search_term_string"}}],"inLanguage":"es"},{"@type":"Person","@id":"https:\/\/gentedebasquet.com.ar\/sitio\/#\/schema\/person\/2830c671ecf949fe6896fdc95b81667e","name":"Facundo Elizalde","image":{"@type":"ImageObject","inLanguage":"es","@id":"https:\/\/secure.gravatar.com\/avatar\/38bc8b15c12547ad3ed99650859898dc3f58534034667dbb6c2788c85e4f6edb?s=96&d=mm&r=g","url":"https:\/\/secure.gravatar.com\/avatar\/38bc8b15c12547ad3ed99650859898dc3f58534034667dbb6c2788c85e4f6edb?s=96&d=mm&r=g","contentUrl":"https:\/\/secure.gravatar.com\/avatar\/38bc8b15c12547ad3ed99650859898dc3f58534034667dbb6c2788c85e4f6edb?s=96&d=mm&r=g","caption":"Facundo Elizalde"},"url":"https:\/\/gentedebasquet.com.ar\/sitio\/author\/facundo\/"}]}},"_links":{"self":[{"href":"https:\/\/gentedebasquet.com.ar\/sitio\/wp-json\/wp\/v2\/posts\/117802","targetHints":{"allow":["GET"]}}],"collection":[{"href":"https:\/\/gentedebasquet.com.ar\/sitio\/wp-json\/wp\/v2\/posts"}],"about":[{"href":"https:\/\/gentedebasquet.com.ar\/sitio\/wp-json\/wp\/v2\/types\/post"}],"author":[{"embeddable":true,"href":"https:\/\/gentedebasquet.com.ar\/sitio\/wp-json\/wp\/v2\/users\/84"}],"replies":[{"embeddable":true,"href":"https:\/\/gentedebasquet.com.ar\/sitio\/wp-json\/wp\/v2\/comments?post=117802"}],"version-history":[{"count":3,"href":"https:\/\/gentedebasquet.com.ar\/sitio\/wp-json\/wp\/v2\/posts\/117802\/revisions"}],"predecessor-version":[{"id":117831,"href":"https:\/\/gentedebasquet.com.ar\/sitio\/wp-json\/wp\/v2\/posts\/117802\/revisions\/117831"}],"wp:featuredmedia":[{"embeddable":true,"href":"https:\/\/gentedebasquet.com.ar\/sitio\/wp-json\/wp\/v2\/media\/117818"}],"wp:attachment":[{"href":"https:\/\/gentedebasquet.com.ar\/sitio\/wp-json\/wp\/v2\/media?parent=117802"}],"wp:term":[{"taxonomy":"category","embeddable":true,"href":"https:\/\/gentedebasquet.com.ar\/sitio\/wp-json\/wp\/v2\/categories?post=117802"},{"taxonomy":"post_tag","embeddable":true,"href":"https:\/\/gentedebasquet.com.ar\/sitio\/wp-json\/wp\/v2\/tags?post=117802"}],"curies":[{"name":"wp","href":"https:\/\/api.w.org\/{rel}","templated":true}]}}