{"id":117832,"date":"2025-09-11T07:01:52","date_gmt":"2025-09-11T05:01:52","guid":{"rendered":"https:\/\/gentedebasquet.com.ar\/sitio\/?p=117832"},"modified":"2025-09-11T17:12:42","modified_gmt":"2025-09-11T15:12:42","slug":"9-de-julio-tuvo-que-sufrir-para-festejar-en-el-damiani","status":"publish","type":"post","link":"https:\/\/gentedebasquet.com.ar\/sitio\/2025\/09\/11\/9-de-julio-tuvo-que-sufrir-para-festejar-en-el-damiani\/","title":{"rendered":"9 de Julio tuvo que sufrir para festejar en el Damiani"},"content":{"rendered":"<p><strong>Despu\u00e9s de finalizar el \u00faltimo cuarto con una igualdad en 59 y de jugar un tiempo suplementario, 9 de Julio pudo alcanzar la victoria frente a Sportivo Bahiense en su partido de la tercera fecha del segundo tramo del campeonato femenino de mayores, jugado en el estadio de 9 de Julio y Charlone. <\/strong><\/p>\n<p><strong>Este fue el \u00fanico partido de la jornada, porque Argentino decidi\u00f3 abandonar la categor\u00eda y no se present\u00f3 para enfrentar a Estudiantes. La baja del albiceleste significa que este nivel tiene hoy cuatro equipos activos: 9 de Julio, Sportivo Bahiense, Estudiantes y Bahiense del Norte.<\/strong><\/p>\n<p><strong>El encuentro entre el equipo conducido por el DT Juli\u00e1n Turcato y las orientadas por Bruno Sagripandi tuvo emociones varias y fue parejo de principio a fin. Anahel Maurer fue la m\u00e1xima goleadora del plantel ganador y de la noche con 21 puntos. Fue bien acompa\u00f1ada por Victoria Flores, que aport\u00f3 un doble-doble de 14 puntos y 13 rebotes. Si hablamos de la capacidad rebotera no podemos dejar de mencionar a Bel\u00e9n Tombesi: la pivot del conjunto local baj\u00f3 20 rebotes, 14 en defensa y 6 en ataque.<\/strong><\/p>\n<p><strong>Sportivo Bahiense fue una amenaza constante y cont\u00f3 con actuaciones destacadas de Paulina Lazar (19 puntos, 5 rebotes, 4 asistencias) y de Agustina Prada (14 puntos, 14 rebotes y 3 robos).<\/strong><\/p>\n<p><strong>9 de Julio abri\u00f3 r\u00e1pidas ventajas en el primer cuarto con su mejor eficacia general. Con algo m\u00e1s de medio cuarto ya disputado el albiazul ganaba 11-3. Emilia Fernandez, Maurer, Tombesi y Victoria Martin fueron las que convirtieron esos once tantos. Sportivo se demor\u00f3 medio cuarto en anotar su primer tiro de campo, pero a partir de ese lanzamiento logrado inici\u00f3 una racha que le permiti\u00f3 llegar a la igualdad en 11, y m\u00e1s tarde pasar al frente. Lazar y Vecchi le sacaron pelotas de las manos a las perimetrales rivales y organizaron ataques. Adem\u00e1s, la n\u00famero 4 anot\u00f3 dos triples en ese desenlace del segmento inicial.<\/strong><\/p>\n<p><strong>Sportivo rob\u00f3 faltas personales y sostuvo un buen porcentaje de acierto en los tiros libres. Por eso, su ventaja lleg\u00f3 a ser de cinco (22-17) en el arranque del segundo cuarto. 9 de Julio comenz\u00f3 a cambiar las cosas r\u00e1pidamente. Concret\u00f3 lanzamientos de todos los valores, tom\u00f3 el mando del marcador a seis minutos del cierre del primer tiempo y se mantuvo ah\u00ed hasta la llegada del descanso largo.\u00a0<\/strong><\/p>\n<p><strong>Una ventaja de apenas cinco puntos disfrutaba 9 de Julio al finalizar los primeros dos cuartos (35-30), que se extendi\u00f3 a diez a los cuatro minutos del tercer cap\u00edtulo, gracias a un triple de Amparo Althabe (44-34). Este fue el tramo de dominio m\u00e1s claro por parte del anfitri\u00f3n. Sportivo logr\u00f3 pocos aciertos en ofensiva y se desorden\u00f3.\u00a0<\/strong><\/p>\n<p><strong>En el \u00faltimo cuarto el juego sufri\u00f3 cambios significativos. Los diez minutos anteriores fueron dominados por 9 de Julio, en estos instantes de cierre el que impuso su estrategia fue Sportivo. Con gran juego grupal y la sociedad fundamental de Lazar y Prada, el visitante hizo desaparecer su desventaja en el resultado. Le permiti\u00f3 anotar apenas siete puntos al equipo contrario y agreg\u00f3 doce a su propia cuenta. De esta forma pudo llevar el encuentro al tiempo suplementario.<\/strong><\/p>\n<p><strong>En este per\u00edodo agregado las rachas exitosas de ambos equipos se mantuvieron como en todo el tiempo previo y todo se defini\u00f3 por detalles. A falta de 45 segundos para el cierre Anahel Maurer meti\u00f3 otro triplazo m\u00e1s, con asistencia de Fernandez, que dej\u00f3 a su equipo arriba 66-65. En la respuesta inmediata Sportivo no pudo anotar unidades, la goleadora Maurer corri\u00f3 el contraataque, recibi\u00f3 falta, anot\u00f3 uno de los dos tiros libres de premio y as\u00ed el marcador final qued\u00f3 fijado. El \u00faltimo intento de Sportivo no fue claro y por eso 9 de Julio pudo celebrar en este extenso encuentro.\u00a0\u00a0<\/strong><\/p>\n<p><strong>\u00a0 \u00a0\u00a0<\/strong><strong>\u00a0 \u00a0<\/strong><\/p>\n<p><strong>\u00a0<\/strong><\/p>\n<div class=\"jeg_video_container jeg_video_content\"><iframe loading=\"lazy\" title=\"#PrimeraFemenina - Fecha #3: 9 de Julio 67 - 65 Sportivo Bahiense\" width=\"500\" height=\"281\" src=\"https:\/\/www.youtube.com\/embed\/Iqbw-g-pRX0?feature=oembed\" frameborder=\"0\" allow=\"accelerometer; autoplay; clipboard-write; encrypted-media; gyroscope; picture-in-picture; web-share\" referrerpolicy=\"strict-origin-when-cross-origin\" allowfullscreen><\/iframe><\/div>\n<p>&nbsp;<\/p>\n<p><img decoding=\"async\" class=\"alignnone wp-image-117863 \" src=\"http:\/\/gentedebasquet.com.ar\/sitio\/wp-content\/uploads\/2025\/09\/CLAVE9DJ-fem-2025-300x300.png\" alt=\"\" width=\"533\" height=\"533\" srcset=\"https:\/\/gentedebasquet.com.ar\/sitio\/wp-content\/uploads\/2025\/09\/CLAVE9DJ-fem-2025-300x300.png 300w, https:\/\/gentedebasquet.com.ar\/sitio\/wp-content\/uploads\/2025\/09\/CLAVE9DJ-fem-2025-1024x1024.png 1024w, https:\/\/gentedebasquet.com.ar\/sitio\/wp-content\/uploads\/2025\/09\/CLAVE9DJ-fem-2025-150x150.png 150w, https:\/\/gentedebasquet.com.ar\/sitio\/wp-content\/uploads\/2025\/09\/CLAVE9DJ-fem-2025-768x768.png 768w, https:\/\/gentedebasquet.com.ar\/sitio\/wp-content\/uploads\/2025\/09\/CLAVE9DJ-fem-2025-1536x1536.png 1536w, https:\/\/gentedebasquet.com.ar\/sitio\/wp-content\/uploads\/2025\/09\/CLAVE9DJ-fem-2025-75x75.png 75w, https:\/\/gentedebasquet.com.ar\/sitio\/wp-content\/uploads\/2025\/09\/CLAVE9DJ-fem-2025-350x350.png 350w, https:\/\/gentedebasquet.com.ar\/sitio\/wp-content\/uploads\/2025\/09\/CLAVE9DJ-fem-2025-750x750.png 750w, https:\/\/gentedebasquet.com.ar\/sitio\/wp-content\/uploads\/2025\/09\/CLAVE9DJ-fem-2025-1140x1140.png 1140w, https:\/\/gentedebasquet.com.ar\/sitio\/wp-content\/uploads\/2025\/09\/CLAVE9DJ-fem-2025.png 2000w\" sizes=\"(max-width: 533px) 100vw, 533px\" \/><\/p>\n<p>&nbsp;<\/p>\n<p>&nbsp;<\/p>\n<p>&nbsp;<\/p>\n<blockquote><p>&nbsp;<\/p><\/blockquote>\n<p>&nbsp;<\/p>\n<p><img decoding=\"async\" class=\"alignnone wp-image-117851 \" src=\"http:\/\/gentedebasquet.com.ar\/sitio\/wp-content\/uploads\/2025\/09\/MVP9DJ-fem-2025-300x300.png\" alt=\"\" width=\"546\" height=\"546\" srcset=\"https:\/\/gentedebasquet.com.ar\/sitio\/wp-content\/uploads\/2025\/09\/MVP9DJ-fem-2025-300x300.png 300w, https:\/\/gentedebasquet.com.ar\/sitio\/wp-content\/uploads\/2025\/09\/MVP9DJ-fem-2025-1024x1024.png 1024w, https:\/\/gentedebasquet.com.ar\/sitio\/wp-content\/uploads\/2025\/09\/MVP9DJ-fem-2025-150x150.png 150w, https:\/\/gentedebasquet.com.ar\/sitio\/wp-content\/uploads\/2025\/09\/MVP9DJ-fem-2025-768x768.png 768w, https:\/\/gentedebasquet.com.ar\/sitio\/wp-content\/uploads\/2025\/09\/MVP9DJ-fem-2025-1536x1536.png 1536w, https:\/\/gentedebasquet.com.ar\/sitio\/wp-content\/uploads\/2025\/09\/MVP9DJ-fem-2025-75x75.png 75w, https:\/\/gentedebasquet.com.ar\/sitio\/wp-content\/uploads\/2025\/09\/MVP9DJ-fem-2025-350x350.png 350w, https:\/\/gentedebasquet.com.ar\/sitio\/wp-content\/uploads\/2025\/09\/MVP9DJ-fem-2025-750x750.png 750w, https:\/\/gentedebasquet.com.ar\/sitio\/wp-content\/uploads\/2025\/09\/MVP9DJ-fem-2025-1140x1140.png 1140w, https:\/\/gentedebasquet.com.ar\/sitio\/wp-content\/uploads\/2025\/09\/MVP9DJ-fem-2025.png 2000w\" sizes=\"(max-width: 546px) 100vw, 546px\" \/><\/p>\n<p><strong>S\u00edntesis &#8211; Primera Femenina &#8211; Fecha 3<\/strong><\/p>\n<p><strong>9 de Julio 67:\u00a0<\/strong>Emilia Fernandez 9; Ileana Corval\u00e1n 5; Anahel Maurer 21; Victoria Martin 3; Mar\u00eda Bel\u00e9n Tombesi 8 <strong>(F.I.) <\/strong>Mar\u00eda Victoria Flores 14; Amparo Althabe 7; G\u00e9nesis Haberkorn; Jessica Azaroff; Tamara Nieva. <strong>DT:\u00a0<\/strong>Juli\u00e1n Turcato.<\/p>\n<p><strong>Sportivo Bahiense 65:<\/strong> Catalina Salvo 10; Mar\u00eda Azul Carli 5; Paloma Vecchi 11; Lukene Uthurralt; Alondra Gonzalez 5 <strong>(F.I.)\u00a0<\/strong>Agustina Prada 14; Paulina Lazar 19; Juana Alarc\u00f3n; B\u00e1rbara Cunningham 1. <strong>DT:<\/strong> Bruno Sagripandi.<\/p>\n<p><strong>Parciales:\u00a0<\/strong>15-17; 35-30 (20-13); 52-47 (17-17); 59-59 (7-12); 67-65 (8-6).<\/p>\n<p><strong>\u00c1rbitros:<\/strong> .<\/p>\n<p><strong>Estadio:<\/strong> N\u00e9stor Damiani (9 de Julio).<\/p>\n<p>&nbsp;<\/p>\n<p><img decoding=\"async\" class=\"alignnone wp-image-117865 \" src=\"http:\/\/gentedebasquet.com.ar\/sitio\/wp-content\/uploads\/2025\/09\/vlcsnap-2025-09-11-01h58m06s908-300x169.png\" alt=\"\" width=\"636\" height=\"358\" srcset=\"https:\/\/gentedebasquet.com.ar\/sitio\/wp-content\/uploads\/2025\/09\/vlcsnap-2025-09-11-01h58m06s908-300x169.png 300w, https:\/\/gentedebasquet.com.ar\/sitio\/wp-content\/uploads\/2025\/09\/vlcsnap-2025-09-11-01h58m06s908-1024x576.png 1024w, https:\/\/gentedebasquet.com.ar\/sitio\/wp-content\/uploads\/2025\/09\/vlcsnap-2025-09-11-01h58m06s908-768x432.png 768w, https:\/\/gentedebasquet.com.ar\/sitio\/wp-content\/uploads\/2025\/09\/vlcsnap-2025-09-11-01h58m06s908-1536x864.png 1536w, https:\/\/gentedebasquet.com.ar\/sitio\/wp-content\/uploads\/2025\/09\/vlcsnap-2025-09-11-01h58m06s908-750x422.png 750w, https:\/\/gentedebasquet.com.ar\/sitio\/wp-content\/uploads\/2025\/09\/vlcsnap-2025-09-11-01h58m06s908-1140x641.png 1140w, https:\/\/gentedebasquet.com.ar\/sitio\/wp-content\/uploads\/2025\/09\/vlcsnap-2025-09-11-01h58m06s908.png 1920w\" sizes=\"(max-width: 636px) 100vw, 636px\" \/><\/p>\n<p>&nbsp;<\/p>\n","protected":false},"excerpt":{"rendered":"<p>Despu\u00e9s de finalizar el \u00faltimo cuarto con una igualdad en 59 y de jugar un tiempo suplementario, 9 de Julio pudo alcanzar la victoria frente a Sportivo Bahiense en su partido de la tercera fecha del segundo tramo del campeonato femenino de mayores, jugado en el estadio de 9 de Julio y Charlone. Este fue [&hellip;]<\/p>\n","protected":false},"author":70,"featured_media":117864,"comment_status":"closed","ping_status":"open","sticky":false,"template":"","format":"standard","meta":{"jnews-multi-image_gallery":[],"jnews_single_post":{"source_name":"","source_url":"","via_name":"","via_url":"","override_template":"0","override":[{"template":"1","single_blog_custom":"","parallax":"1","fullscreen":"1","layout":"right-sidebar","sidebar":"default-sidebar","second_sidebar":"default-sidebar","sticky_sidebar":"1","share_position":"top","share_float_style":"share-monocrhome","show_share_counter":"0","show_view_counter":"0","show_featured":"1","show_post_meta":"1","show_post_author":"1","show_post_author_image":"0","show_post_date":"1","post_date_format":"default","post_date_format_custom":"Y\/m\/d","show_post_category":"1","show_post_reading_time":"0","post_reading_time_wpm":"300","show_zoom_button":"0","zoom_button_out_step":"2","zoom_button_in_step":"3","show_post_tag":"1","show_prev_next_post":"1","show_popup_post":"0","number_popup_post":"1","show_author_box":"0","show_post_related":"0","show_inline_post_related":"0"}],"override_image_size":"0","image_override":[{"single_post_thumbnail_size":"crop-500","single_post_gallery_size":"crop-500"}],"trending_post":"0","trending_post_position":"meta","trending_post_label":"Trending","sponsored_post":"0","sponsored_post_label":"Sponsored by","sponsored_post_name":"","sponsored_post_url":"","sponsored_post_logo_enable":"0","sponsored_post_logo":"","sponsored_post_desc":"","disable_ad":"0"},"jnews_primary_category":{"id":"","hide":""},"footnotes":""},"categories":[33,101],"tags":[2,1941,1701,20],"class_list":["post-117832","post","type-post","status-publish","format-standard","has-post-thumbnail","hentry","category-femenino","category-slide","tag-9dejulio","tag-anahel-maurer","tag-paulina-lazar","tag-sportivo-bahiense"],"yoast_head":"<!-- This site is optimized with the Yoast SEO plugin v27.5 - https:\/\/yoast.com\/product\/yoast-seo-wordpress\/ -->\n<title>9 de Julio tuvo que sufrir para festejar en el Damiani - Gente de B\u00e1squet<\/title>\n<meta name=\"robots\" content=\"index, follow, max-snippet:-1, max-image-preview:large, max-video-preview:-1\" \/>\n<link rel=\"canonical\" href=\"https:\/\/gentedebasquet.com.ar\/sitio\/2025\/09\/11\/9-de-julio-tuvo-que-sufrir-para-festejar-en-el-damiani\/\" \/>\n<meta property=\"og:locale\" content=\"es_ES\" \/>\n<meta property=\"og:type\" content=\"article\" \/>\n<meta property=\"og:title\" content=\"9 de Julio tuvo que sufrir para festejar en el Damiani - Gente de B\u00e1squet\" \/>\n<meta property=\"og:description\" content=\"Despu\u00e9s de finalizar el \u00faltimo cuarto con una igualdad en 59 y de jugar un tiempo suplementario, 9 de Julio pudo alcanzar la victoria frente a Sportivo Bahiense en su partido de la tercera fecha del segundo tramo del campeonato femenino de mayores, jugado en el estadio de 9 de Julio y Charlone. Este fue [&hellip;]\" \/>\n<meta property=\"og:url\" content=\"https:\/\/gentedebasquet.com.ar\/sitio\/2025\/09\/11\/9-de-julio-tuvo-que-sufrir-para-festejar-en-el-damiani\/\" \/>\n<meta property=\"og:site_name\" content=\"Gente de B\u00e1squet\" \/>\n<meta property=\"article:published_time\" content=\"2025-09-11T05:01:52+00:00\" \/>\n<meta property=\"article:modified_time\" content=\"2025-09-11T15:12:42+00:00\" \/>\n<meta property=\"og:image\" content=\"https:\/\/gentedebasquet.com.ar\/sitio\/wp-content\/uploads\/2025\/09\/vlcsnap-2025-09-11-01h53m35s422.png\" \/>\n\t<meta property=\"og:image:width\" content=\"690\" \/>\n\t<meta property=\"og:image:height\" content=\"319\" \/>\n\t<meta property=\"og:image:type\" content=\"image\/png\" \/>\n<meta name=\"author\" content=\"Andres Camarero\" \/>\n<meta name=\"twitter:card\" content=\"summary_large_image\" \/>\n<meta name=\"twitter:label1\" content=\"Escrito por\" \/>\n\t<meta name=\"twitter:data1\" content=\"Andres Camarero\" \/>\n\t<meta name=\"twitter:label2\" content=\"Tiempo de lectura\" \/>\n\t<meta name=\"twitter:data2\" content=\"5 minutos\" \/>\n<script type=\"application\/ld+json\" class=\"yoast-schema-graph\">{\"@context\":\"https:\\\/\\\/schema.org\",\"@graph\":[{\"@type\":\"Article\",\"@id\":\"https:\\\/\\\/gentedebasquet.com.ar\\\/sitio\\\/2025\\\/09\\\/11\\\/9-de-julio-tuvo-que-sufrir-para-festejar-en-el-damiani\\\/#article\",\"isPartOf\":{\"@id\":\"https:\\\/\\\/gentedebasquet.com.ar\\\/sitio\\\/2025\\\/09\\\/11\\\/9-de-julio-tuvo-que-sufrir-para-festejar-en-el-damiani\\\/\"},\"author\":{\"name\":\"Andres Camarero\",\"@id\":\"https:\\\/\\\/gentedebasquet.com.ar\\\/sitio\\\/#\\\/schema\\\/person\\\/6f3e5bc5df127b420a445d22fc9eaa51\"},\"headline\":\"9 de Julio tuvo que sufrir para festejar en el Damiani\",\"datePublished\":\"2025-09-11T05:01:52+00:00\",\"dateModified\":\"2025-09-11T15:12:42+00:00\",\"mainEntityOfPage\":{\"@id\":\"https:\\\/\\\/gentedebasquet.com.ar\\\/sitio\\\/2025\\\/09\\\/11\\\/9-de-julio-tuvo-que-sufrir-para-festejar-en-el-damiani\\\/\"},\"wordCount\":736,\"image\":{\"@id\":\"https:\\\/\\\/gentedebasquet.com.ar\\\/sitio\\\/2025\\\/09\\\/11\\\/9-de-julio-tuvo-que-sufrir-para-festejar-en-el-damiani\\\/#primaryimage\"},\"thumbnailUrl\":\"https:\\\/\\\/gentedebasquet.com.ar\\\/sitio\\\/wp-content\\\/uploads\\\/2025\\\/09\\\/vlcsnap-2025-09-11-01h53m35s422.png\",\"keywords\":[\"9 de Julio\",\"Anahel Maurer\",\"Paulina Lazar\",\"Sportivo Bahiense\"],\"articleSection\":[\"Femenino\",\"Slide\"],\"inLanguage\":\"es\"},{\"@type\":\"WebPage\",\"@id\":\"https:\\\/\\\/gentedebasquet.com.ar\\\/sitio\\\/2025\\\/09\\\/11\\\/9-de-julio-tuvo-que-sufrir-para-festejar-en-el-damiani\\\/\",\"url\":\"https:\\\/\\\/gentedebasquet.com.ar\\\/sitio\\\/2025\\\/09\\\/11\\\/9-de-julio-tuvo-que-sufrir-para-festejar-en-el-damiani\\\/\",\"name\":\"9 de Julio tuvo que sufrir para festejar en el Damiani - Gente de B\u00e1squet\",\"isPartOf\":{\"@id\":\"https:\\\/\\\/gentedebasquet.com.ar\\\/sitio\\\/#website\"},\"primaryImageOfPage\":{\"@id\":\"https:\\\/\\\/gentedebasquet.com.ar\\\/sitio\\\/2025\\\/09\\\/11\\\/9-de-julio-tuvo-que-sufrir-para-festejar-en-el-damiani\\\/#primaryimage\"},\"image\":{\"@id\":\"https:\\\/\\\/gentedebasquet.com.ar\\\/sitio\\\/2025\\\/09\\\/11\\\/9-de-julio-tuvo-que-sufrir-para-festejar-en-el-damiani\\\/#primaryimage\"},\"thumbnailUrl\":\"https:\\\/\\\/gentedebasquet.com.ar\\\/sitio\\\/wp-content\\\/uploads\\\/2025\\\/09\\\/vlcsnap-2025-09-11-01h53m35s422.png\",\"datePublished\":\"2025-09-11T05:01:52+00:00\",\"dateModified\":\"2025-09-11T15:12:42+00:00\",\"author\":{\"@id\":\"https:\\\/\\\/gentedebasquet.com.ar\\\/sitio\\\/#\\\/schema\\\/person\\\/6f3e5bc5df127b420a445d22fc9eaa51\"},\"breadcrumb\":{\"@id\":\"https:\\\/\\\/gentedebasquet.com.ar\\\/sitio\\\/2025\\\/09\\\/11\\\/9-de-julio-tuvo-que-sufrir-para-festejar-en-el-damiani\\\/#breadcrumb\"},\"inLanguage\":\"es\",\"potentialAction\":[{\"@type\":\"ReadAction\",\"target\":[\"https:\\\/\\\/gentedebasquet.com.ar\\\/sitio\\\/2025\\\/09\\\/11\\\/9-de-julio-tuvo-que-sufrir-para-festejar-en-el-damiani\\\/\"]}]},{\"@type\":\"ImageObject\",\"inLanguage\":\"es\",\"@id\":\"https:\\\/\\\/gentedebasquet.com.ar\\\/sitio\\\/2025\\\/09\\\/11\\\/9-de-julio-tuvo-que-sufrir-para-festejar-en-el-damiani\\\/#primaryimage\",\"url\":\"https:\\\/\\\/gentedebasquet.com.ar\\\/sitio\\\/wp-content\\\/uploads\\\/2025\\\/09\\\/vlcsnap-2025-09-11-01h53m35s422.png\",\"contentUrl\":\"https:\\\/\\\/gentedebasquet.com.ar\\\/sitio\\\/wp-content\\\/uploads\\\/2025\\\/09\\\/vlcsnap-2025-09-11-01h53m35s422.png\",\"width\":690,\"height\":319},{\"@type\":\"BreadcrumbList\",\"@id\":\"https:\\\/\\\/gentedebasquet.com.ar\\\/sitio\\\/2025\\\/09\\\/11\\\/9-de-julio-tuvo-que-sufrir-para-festejar-en-el-damiani\\\/#breadcrumb\",\"itemListElement\":[{\"@type\":\"ListItem\",\"position\":1,\"name\":\"Portada\",\"item\":\"https:\\\/\\\/gentedebasquet.com.ar\\\/sitio\\\/\"},{\"@type\":\"ListItem\",\"position\":2,\"name\":\"9 de Julio tuvo que sufrir para festejar en el Damiani\"}]},{\"@type\":\"WebSite\",\"@id\":\"https:\\\/\\\/gentedebasquet.com.ar\\\/sitio\\\/#website\",\"url\":\"https:\\\/\\\/gentedebasquet.com.ar\\\/sitio\\\/\",\"name\":\"Gente de B\u00e1squet\",\"description\":\"La revista del basquet de Bah\u00eda Blanca\",\"potentialAction\":[{\"@type\":\"SearchAction\",\"target\":{\"@type\":\"EntryPoint\",\"urlTemplate\":\"https:\\\/\\\/gentedebasquet.com.ar\\\/sitio\\\/?s={search_term_string}\"},\"query-input\":{\"@type\":\"PropertyValueSpecification\",\"valueRequired\":true,\"valueName\":\"search_term_string\"}}],\"inLanguage\":\"es\"},{\"@type\":\"Person\",\"@id\":\"https:\\\/\\\/gentedebasquet.com.ar\\\/sitio\\\/#\\\/schema\\\/person\\\/6f3e5bc5df127b420a445d22fc9eaa51\",\"name\":\"Andres Camarero\",\"image\":{\"@type\":\"ImageObject\",\"inLanguage\":\"es\",\"@id\":\"https:\\\/\\\/secure.gravatar.com\\\/avatar\\\/f6d4884ec54a50c25ccd5e4f54f5e904d09dfe74ef58e58f631f3917b6fed7cd?s=96&d=mm&r=g\",\"url\":\"https:\\\/\\\/secure.gravatar.com\\\/avatar\\\/f6d4884ec54a50c25ccd5e4f54f5e904d09dfe74ef58e58f631f3917b6fed7cd?s=96&d=mm&r=g\",\"contentUrl\":\"https:\\\/\\\/secure.gravatar.com\\\/avatar\\\/f6d4884ec54a50c25ccd5e4f54f5e904d09dfe74ef58e58f631f3917b6fed7cd?s=96&d=mm&r=g\",\"caption\":\"Andres Camarero\"},\"url\":\"https:\\\/\\\/gentedebasquet.com.ar\\\/sitio\\\/author\\\/andres-camarero\\\/\"}]}<\/script>\n<!-- \/ Yoast SEO plugin. -->","yoast_head_json":{"title":"9 de Julio tuvo que sufrir para festejar en el Damiani - Gente de B\u00e1squet","robots":{"index":"index","follow":"follow","max-snippet":"max-snippet:-1","max-image-preview":"max-image-preview:large","max-video-preview":"max-video-preview:-1"},"canonical":"https:\/\/gentedebasquet.com.ar\/sitio\/2025\/09\/11\/9-de-julio-tuvo-que-sufrir-para-festejar-en-el-damiani\/","og_locale":"es_ES","og_type":"article","og_title":"9 de Julio tuvo que sufrir para festejar en el Damiani - Gente de B\u00e1squet","og_description":"Despu\u00e9s de finalizar el \u00faltimo cuarto con una igualdad en 59 y de jugar un tiempo suplementario, 9 de Julio pudo alcanzar la victoria frente a Sportivo Bahiense en su partido de la tercera fecha del segundo tramo del campeonato femenino de mayores, jugado en el estadio de 9 de Julio y Charlone. Este fue [&hellip;]","og_url":"https:\/\/gentedebasquet.com.ar\/sitio\/2025\/09\/11\/9-de-julio-tuvo-que-sufrir-para-festejar-en-el-damiani\/","og_site_name":"Gente de B\u00e1squet","article_published_time":"2025-09-11T05:01:52+00:00","article_modified_time":"2025-09-11T15:12:42+00:00","og_image":[{"width":690,"height":319,"url":"https:\/\/gentedebasquet.com.ar\/sitio\/wp-content\/uploads\/2025\/09\/vlcsnap-2025-09-11-01h53m35s422.png","type":"image\/png"}],"author":"Andres Camarero","twitter_card":"summary_large_image","twitter_misc":{"Escrito por":"Andres Camarero","Tiempo de lectura":"5 minutos"},"schema":{"@context":"https:\/\/schema.org","@graph":[{"@type":"Article","@id":"https:\/\/gentedebasquet.com.ar\/sitio\/2025\/09\/11\/9-de-julio-tuvo-que-sufrir-para-festejar-en-el-damiani\/#article","isPartOf":{"@id":"https:\/\/gentedebasquet.com.ar\/sitio\/2025\/09\/11\/9-de-julio-tuvo-que-sufrir-para-festejar-en-el-damiani\/"},"author":{"name":"Andres Camarero","@id":"https:\/\/gentedebasquet.com.ar\/sitio\/#\/schema\/person\/6f3e5bc5df127b420a445d22fc9eaa51"},"headline":"9 de Julio tuvo que sufrir para festejar en el Damiani","datePublished":"2025-09-11T05:01:52+00:00","dateModified":"2025-09-11T15:12:42+00:00","mainEntityOfPage":{"@id":"https:\/\/gentedebasquet.com.ar\/sitio\/2025\/09\/11\/9-de-julio-tuvo-que-sufrir-para-festejar-en-el-damiani\/"},"wordCount":736,"image":{"@id":"https:\/\/gentedebasquet.com.ar\/sitio\/2025\/09\/11\/9-de-julio-tuvo-que-sufrir-para-festejar-en-el-damiani\/#primaryimage"},"thumbnailUrl":"https:\/\/gentedebasquet.com.ar\/sitio\/wp-content\/uploads\/2025\/09\/vlcsnap-2025-09-11-01h53m35s422.png","keywords":["9 de Julio","Anahel Maurer","Paulina Lazar","Sportivo Bahiense"],"articleSection":["Femenino","Slide"],"inLanguage":"es"},{"@type":"WebPage","@id":"https:\/\/gentedebasquet.com.ar\/sitio\/2025\/09\/11\/9-de-julio-tuvo-que-sufrir-para-festejar-en-el-damiani\/","url":"https:\/\/gentedebasquet.com.ar\/sitio\/2025\/09\/11\/9-de-julio-tuvo-que-sufrir-para-festejar-en-el-damiani\/","name":"9 de Julio tuvo que sufrir para festejar en el Damiani - Gente de B\u00e1squet","isPartOf":{"@id":"https:\/\/gentedebasquet.com.ar\/sitio\/#website"},"primaryImageOfPage":{"@id":"https:\/\/gentedebasquet.com.ar\/sitio\/2025\/09\/11\/9-de-julio-tuvo-que-sufrir-para-festejar-en-el-damiani\/#primaryimage"},"image":{"@id":"https:\/\/gentedebasquet.com.ar\/sitio\/2025\/09\/11\/9-de-julio-tuvo-que-sufrir-para-festejar-en-el-damiani\/#primaryimage"},"thumbnailUrl":"https:\/\/gentedebasquet.com.ar\/sitio\/wp-content\/uploads\/2025\/09\/vlcsnap-2025-09-11-01h53m35s422.png","datePublished":"2025-09-11T05:01:52+00:00","dateModified":"2025-09-11T15:12:42+00:00","author":{"@id":"https:\/\/gentedebasquet.com.ar\/sitio\/#\/schema\/person\/6f3e5bc5df127b420a445d22fc9eaa51"},"breadcrumb":{"@id":"https:\/\/gentedebasquet.com.ar\/sitio\/2025\/09\/11\/9-de-julio-tuvo-que-sufrir-para-festejar-en-el-damiani\/#breadcrumb"},"inLanguage":"es","potentialAction":[{"@type":"ReadAction","target":["https:\/\/gentedebasquet.com.ar\/sitio\/2025\/09\/11\/9-de-julio-tuvo-que-sufrir-para-festejar-en-el-damiani\/"]}]},{"@type":"ImageObject","inLanguage":"es","@id":"https:\/\/gentedebasquet.com.ar\/sitio\/2025\/09\/11\/9-de-julio-tuvo-que-sufrir-para-festejar-en-el-damiani\/#primaryimage","url":"https:\/\/gentedebasquet.com.ar\/sitio\/wp-content\/uploads\/2025\/09\/vlcsnap-2025-09-11-01h53m35s422.png","contentUrl":"https:\/\/gentedebasquet.com.ar\/sitio\/wp-content\/uploads\/2025\/09\/vlcsnap-2025-09-11-01h53m35s422.png","width":690,"height":319},{"@type":"BreadcrumbList","@id":"https:\/\/gentedebasquet.com.ar\/sitio\/2025\/09\/11\/9-de-julio-tuvo-que-sufrir-para-festejar-en-el-damiani\/#breadcrumb","itemListElement":[{"@type":"ListItem","position":1,"name":"Portada","item":"https:\/\/gentedebasquet.com.ar\/sitio\/"},{"@type":"ListItem","position":2,"name":"9 de Julio tuvo que sufrir para festejar en el Damiani"}]},{"@type":"WebSite","@id":"https:\/\/gentedebasquet.com.ar\/sitio\/#website","url":"https:\/\/gentedebasquet.com.ar\/sitio\/","name":"Gente de B\u00e1squet","description":"La revista del basquet de Bah\u00eda Blanca","potentialAction":[{"@type":"SearchAction","target":{"@type":"EntryPoint","urlTemplate":"https:\/\/gentedebasquet.com.ar\/sitio\/?s={search_term_string}"},"query-input":{"@type":"PropertyValueSpecification","valueRequired":true,"valueName":"search_term_string"}}],"inLanguage":"es"},{"@type":"Person","@id":"https:\/\/gentedebasquet.com.ar\/sitio\/#\/schema\/person\/6f3e5bc5df127b420a445d22fc9eaa51","name":"Andres Camarero","image":{"@type":"ImageObject","inLanguage":"es","@id":"https:\/\/secure.gravatar.com\/avatar\/f6d4884ec54a50c25ccd5e4f54f5e904d09dfe74ef58e58f631f3917b6fed7cd?s=96&d=mm&r=g","url":"https:\/\/secure.gravatar.com\/avatar\/f6d4884ec54a50c25ccd5e4f54f5e904d09dfe74ef58e58f631f3917b6fed7cd?s=96&d=mm&r=g","contentUrl":"https:\/\/secure.gravatar.com\/avatar\/f6d4884ec54a50c25ccd5e4f54f5e904d09dfe74ef58e58f631f3917b6fed7cd?s=96&d=mm&r=g","caption":"Andres Camarero"},"url":"https:\/\/gentedebasquet.com.ar\/sitio\/author\/andres-camarero\/"}]}},"_links":{"self":[{"href":"https:\/\/gentedebasquet.com.ar\/sitio\/wp-json\/wp\/v2\/posts\/117832","targetHints":{"allow":["GET"]}}],"collection":[{"href":"https:\/\/gentedebasquet.com.ar\/sitio\/wp-json\/wp\/v2\/posts"}],"about":[{"href":"https:\/\/gentedebasquet.com.ar\/sitio\/wp-json\/wp\/v2\/types\/post"}],"author":[{"embeddable":true,"href":"https:\/\/gentedebasquet.com.ar\/sitio\/wp-json\/wp\/v2\/users\/70"}],"replies":[{"embeddable":true,"href":"https:\/\/gentedebasquet.com.ar\/sitio\/wp-json\/wp\/v2\/comments?post=117832"}],"version-history":[{"count":4,"href":"https:\/\/gentedebasquet.com.ar\/sitio\/wp-json\/wp\/v2\/posts\/117832\/revisions"}],"predecessor-version":[{"id":117868,"href":"https:\/\/gentedebasquet.com.ar\/sitio\/wp-json\/wp\/v2\/posts\/117832\/revisions\/117868"}],"wp:featuredmedia":[{"embeddable":true,"href":"https:\/\/gentedebasquet.com.ar\/sitio\/wp-json\/wp\/v2\/media\/117864"}],"wp:attachment":[{"href":"https:\/\/gentedebasquet.com.ar\/sitio\/wp-json\/wp\/v2\/media?parent=117832"}],"wp:term":[{"taxonomy":"category","embeddable":true,"href":"https:\/\/gentedebasquet.com.ar\/sitio\/wp-json\/wp\/v2\/categories?post=117832"},{"taxonomy":"post_tag","embeddable":true,"href":"https:\/\/gentedebasquet.com.ar\/sitio\/wp-json\/wp\/v2\/tags?post=117832"}],"curies":[{"name":"wp","href":"https:\/\/api.w.org\/{rel}","templated":true}]}}