{"id":117836,"date":"2025-09-11T05:40:22","date_gmt":"2025-09-11T03:40:22","guid":{"rendered":"https:\/\/gentedebasquet.com.ar\/sitio\/?p=117836"},"modified":"2025-09-11T18:34:36","modified_gmt":"2025-09-11T16:34:36","slug":"argentino-volvio-a-ganarle-a-el-nacional-en-un-partido-cargado-de-emocion","status":"publish","type":"post","link":"https:\/\/gentedebasquet.com.ar\/sitio\/2025\/09\/11\/argentino-volvio-a-ganarle-a-el-nacional-en-un-partido-cargado-de-emocion\/","title":{"rendered":"Argentino volvi\u00f3 a ganarle a El Nacional en un partido cargado de emoci\u00f3n."},"content":{"rendered":"<p data-start=\"169\" data-end=\"462\">Argentino y El Nacional volvieron a verse las caras tras lo que hab\u00edan sido los playoffs de la primera mitad, y otra vez no decepcionaron. Fue triunfo del local por 69 a 66 en un partido que tuvo de todo: igualdad, momentos tensos y hasta un problema con la planilla que marc\u00f3 la noche.<\/p>\n<p data-start=\"464\" data-end=\"963\">El arranque mostr\u00f3 a Argentino m\u00e1s concentrado. Con buena circulaci\u00f3n y efectividad, se qued\u00f3 con el primer cuarto por 19 a 14. Sin embargo, sobre el cierre de ese per\u00edodo lleg\u00f3 la situaci\u00f3n que encendi\u00f3 a los jugadores de El Nacio, un inconveniente en el sistema GES impidi\u00f3 que Facundo Dulsan pudiera ser incluido correctamente en la planilla, y El Nacional perdi\u00f3 a uno de sus jugadores y sin siquiera poder usarlo ni un segundo. La molestia se hizo sentir en el banco visitante y el clima se volvi\u00f3 m\u00e1s tenso.<\/p>\n<p data-start=\"965\" data-end=\"1231\">A pesar de ese golpe, El Nacional no se cay\u00f3. En el segundo cuarto emparej\u00f3 el tr\u00e1mite, defendi\u00f3 mejor y encontr\u00f3 puntos importantes para irse al descanso largo apenas tres abajo (34-31). El partido estaba abierto y la sensaci\u00f3n era que pod\u00eda pasar cualquier cosa.<\/p>\n<p data-start=\"965\" data-end=\"1231\"><img decoding=\"async\" class=\"alignnone wp-image-117840\" src=\"http:\/\/gentedebasquet.com.ar\/sitio\/wp-content\/uploads\/2025\/09\/IMG_0468-300x225.jpeg\" alt=\"&quot;Tati&quot; Del Sol viendo jugar a su equipo.\" width=\"498\" height=\"373\" srcset=\"https:\/\/gentedebasquet.com.ar\/sitio\/wp-content\/uploads\/2025\/09\/IMG_0468-300x225.jpeg 300w, https:\/\/gentedebasquet.com.ar\/sitio\/wp-content\/uploads\/2025\/09\/IMG_0468-1024x768.jpeg 1024w, https:\/\/gentedebasquet.com.ar\/sitio\/wp-content\/uploads\/2025\/09\/IMG_0468-768x576.jpeg 768w, https:\/\/gentedebasquet.com.ar\/sitio\/wp-content\/uploads\/2025\/09\/IMG_0468-1536x1152.jpeg 1536w, https:\/\/gentedebasquet.com.ar\/sitio\/wp-content\/uploads\/2025\/09\/IMG_0468-2048x1536.jpeg 2048w, https:\/\/gentedebasquet.com.ar\/sitio\/wp-content\/uploads\/2025\/09\/IMG_0468-750x563.jpeg 750w, https:\/\/gentedebasquet.com.ar\/sitio\/wp-content\/uploads\/2025\/09\/IMG_0468-1140x855.jpeg 1140w\" sizes=\"(max-width: 498px) 100vw, 498px\" \/><\/p>\n<p data-start=\"1233\" data-end=\"1590\">En el tercer cuarto Argentino volvi\u00f3 a tomar mando. Con un parcial de 21 a 15 estir\u00f3 la ventaja y se fue al \u00faltimo per\u00edodo 55 a 46 arriba, dando la impresi\u00f3n de que lo ten\u00eda controlado. Pero El Nacional sac\u00f3 su car\u00e1cter en el cierre,\u00a0 demostr\u00f3 a que vino, defendi\u00f3 fuerte y logr\u00f3 imponerse en el cuarto final (20-14), poniendo al local contra las cuerdas.<\/p>\n<p data-start=\"1592\" data-end=\"1965\">En ese tramo, Manuel Echarri fue la gran figura del visitante, carg\u00e1ndose el equipo al hombro con 22 puntos y varios ataques decisivos. Sin embargo, su esfuerzo no alcanz\u00f3 para torcer la historia. Con m\u00e1s tranquilidad en los segundos finales, Argentino logr\u00f3 sostener la diferencia y se qued\u00f3 con la victoria por 69 a 66, repitiendo lo que hab\u00eda ocurrido en los playoffs.<\/p>\n<p data-start=\"1967\" data-end=\"2160\">Fue un partidazo de principio a fin, con condimentos de sobra y un cierre ajustado que dej\u00f3 en claro que cada vez que Argentino y El Nacional se enfrentan, el encuentro promete mucho y cumple.<\/p>\n<div class=\"jeg_video_container jeg_video_content\"><iframe loading=\"lazy\" title=\"#Segunda - Fecha #5: Argentino 69 - 66 El Nacional\" width=\"500\" height=\"281\" src=\"https:\/\/www.youtube.com\/embed\/vyl3xFtIIsk?feature=oembed\" frameborder=\"0\" allow=\"accelerometer; autoplay; clipboard-write; encrypted-media; gyroscope; picture-in-picture; web-share\" referrerpolicy=\"strict-origin-when-cross-origin\" allowfullscreen><\/iframe><\/div>\n<p data-start=\"1967\" data-end=\"2160\"><img decoding=\"async\" class=\"alignnone size-medium wp-image-117838\" src=\"http:\/\/gentedebasquet.com.ar\/sitio\/wp-content\/uploads\/2025\/09\/Picsart_25-09-11_00-01-14-856-300x300.jpg\" alt=\"\" width=\"300\" height=\"300\" srcset=\"https:\/\/gentedebasquet.com.ar\/sitio\/wp-content\/uploads\/2025\/09\/Picsart_25-09-11_00-01-14-856-300x300.jpg 300w, https:\/\/gentedebasquet.com.ar\/sitio\/wp-content\/uploads\/2025\/09\/Picsart_25-09-11_00-01-14-856-1024x1024.jpg 1024w, https:\/\/gentedebasquet.com.ar\/sitio\/wp-content\/uploads\/2025\/09\/Picsart_25-09-11_00-01-14-856-150x150.jpg 150w, https:\/\/gentedebasquet.com.ar\/sitio\/wp-content\/uploads\/2025\/09\/Picsart_25-09-11_00-01-14-856-768x768.jpg 768w, https:\/\/gentedebasquet.com.ar\/sitio\/wp-content\/uploads\/2025\/09\/Picsart_25-09-11_00-01-14-856-1536x1536.jpg 1536w, https:\/\/gentedebasquet.com.ar\/sitio\/wp-content\/uploads\/2025\/09\/Picsart_25-09-11_00-01-14-856-75x75.jpg 75w, https:\/\/gentedebasquet.com.ar\/sitio\/wp-content\/uploads\/2025\/09\/Picsart_25-09-11_00-01-14-856-350x350.jpg 350w, https:\/\/gentedebasquet.com.ar\/sitio\/wp-content\/uploads\/2025\/09\/Picsart_25-09-11_00-01-14-856-750x750.jpg 750w, https:\/\/gentedebasquet.com.ar\/sitio\/wp-content\/uploads\/2025\/09\/Picsart_25-09-11_00-01-14-856-1140x1140.jpg 1140w, https:\/\/gentedebasquet.com.ar\/sitio\/wp-content\/uploads\/2025\/09\/Picsart_25-09-11_00-01-14-856.jpg 1600w\" sizes=\"(max-width: 300px) 100vw, 300px\" \/><\/p>\n<p data-start=\"1967\" data-end=\"2160\"><img decoding=\"async\" class=\"alignnone size-medium wp-image-117843\" src=\"http:\/\/gentedebasquet.com.ar\/sitio\/wp-content\/uploads\/2025\/09\/Picsart_25-09-11_00-37-36-826-300x300.jpg\" alt=\"\" width=\"300\" height=\"300\" srcset=\"https:\/\/gentedebasquet.com.ar\/sitio\/wp-content\/uploads\/2025\/09\/Picsart_25-09-11_00-37-36-826-300x300.jpg 300w, https:\/\/gentedebasquet.com.ar\/sitio\/wp-content\/uploads\/2025\/09\/Picsart_25-09-11_00-37-36-826-1024x1024.jpg 1024w, https:\/\/gentedebasquet.com.ar\/sitio\/wp-content\/uploads\/2025\/09\/Picsart_25-09-11_00-37-36-826-150x150.jpg 150w, https:\/\/gentedebasquet.com.ar\/sitio\/wp-content\/uploads\/2025\/09\/Picsart_25-09-11_00-37-36-826-768x768.jpg 768w, https:\/\/gentedebasquet.com.ar\/sitio\/wp-content\/uploads\/2025\/09\/Picsart_25-09-11_00-37-36-826-1536x1536.jpg 1536w, https:\/\/gentedebasquet.com.ar\/sitio\/wp-content\/uploads\/2025\/09\/Picsart_25-09-11_00-37-36-826-75x75.jpg 75w, https:\/\/gentedebasquet.com.ar\/sitio\/wp-content\/uploads\/2025\/09\/Picsart_25-09-11_00-37-36-826-350x350.jpg 350w, https:\/\/gentedebasquet.com.ar\/sitio\/wp-content\/uploads\/2025\/09\/Picsart_25-09-11_00-37-36-826-750x750.jpg 750w, https:\/\/gentedebasquet.com.ar\/sitio\/wp-content\/uploads\/2025\/09\/Picsart_25-09-11_00-37-36-826-1140x1140.jpg 1140w, https:\/\/gentedebasquet.com.ar\/sitio\/wp-content\/uploads\/2025\/09\/Picsart_25-09-11_00-37-36-826.jpg 1600w\" sizes=\"(max-width: 300px) 100vw, 300px\" \/><\/p>\n<blockquote>\n<p data-start=\"1967\" data-end=\"2160\">\u00abEl Nacional es un equipo muy largo, no por nada esta en los puestos de arriba, tiene jugadores de mucha jerarqu\u00eda e hicieron un gran torneo por eso quedaron como quedaron (&#8230;) muy contentos por haberle ganado a un equipo as\u00ed. La clave fue respetar el plan de juego, la verdad que lo hicimos muy bien, se nos fue un poco de las manos ahi en el cierre Echarri (Manuel), despues por suerte pudimos controlar al resto del equipo, tambien estuvimos muy certeros en ataque\u00bb.<\/p>\n<p data-start=\"1967\" data-end=\"2160\">Geronimo Rausch, Argentino.<\/p>\n<p data-start=\"1967\" data-end=\"2160\"><img decoding=\"async\" class=\"alignnone wp-image-117841\" src=\"http:\/\/gentedebasquet.com.ar\/sitio\/wp-content\/uploads\/2025\/09\/IMG_0506-300x170.jpeg\" alt=\"\" width=\"443\" height=\"251\" srcset=\"https:\/\/gentedebasquet.com.ar\/sitio\/wp-content\/uploads\/2025\/09\/IMG_0506-300x170.jpeg 300w, https:\/\/gentedebasquet.com.ar\/sitio\/wp-content\/uploads\/2025\/09\/IMG_0506-1024x580.jpeg 1024w, https:\/\/gentedebasquet.com.ar\/sitio\/wp-content\/uploads\/2025\/09\/IMG_0506-768x435.jpeg 768w, https:\/\/gentedebasquet.com.ar\/sitio\/wp-content\/uploads\/2025\/09\/IMG_0506-1536x871.jpeg 1536w, https:\/\/gentedebasquet.com.ar\/sitio\/wp-content\/uploads\/2025\/09\/IMG_0506-2048x1161.jpeg 2048w, https:\/\/gentedebasquet.com.ar\/sitio\/wp-content\/uploads\/2025\/09\/IMG_0506-750x425.jpeg 750w, https:\/\/gentedebasquet.com.ar\/sitio\/wp-content\/uploads\/2025\/09\/IMG_0506-1140x646.jpeg 1140w\" sizes=\"(max-width: 443px) 100vw, 443px\" \/><\/p>\n<\/blockquote>\n<p data-start=\"1967\" data-end=\"2160\"><strong>S\u00edntesis &#8211; Segunda Divisi\u00f3n &#8211; Fecha 5<\/strong><\/p>\n<p><strong>Argentino (69):\u00a0<\/strong>Genaro Parrotta (6), Joaqu\u00edn Gonzal\u00eda (4), Santiago Suanez (2), Fermin Mariezcurrena (4), Geronimo Rausch (17), Mateo Giovino (16), Valentino Scoppa, Franco Malmesi (6), Bruno Ugolini (2) y Agustin Puentes (12). <strong>DT: Andr\u00e9s Del Sol.<\/strong><\/p>\n<p><strong>El Nacional (66):<\/strong> Joaqu\u00edn Margiotta (2), Santiago Ferrari (9), Nahuel Dulsan (18), Manuel Echarri (22), Lucas Ruiz (2), Alejo Arias (2), Juan Cruz Dauphin (4) y Bruno Aceituno (7). <strong>DT: Ramiro Riviere.<\/strong><\/p>\n<p><strong>Cuartos<\/strong>: Argentino; 19-14; 15-17; 21-15 y 14-20.<\/p>\n<p><strong>\u00c1rbitros<\/strong>:\u00a0Emanuel S\u00e1nchez, Sebasti\u00e1n Arcas y Joel Schernenco.<\/p>\n<p><strong>Cancha<\/strong>: Ardubilio Severini (Argentino).<\/p>\n","protected":false},"excerpt":{"rendered":"<p>Argentino y El Nacional volvieron a verse las caras tras lo que hab\u00edan sido los playoffs de la primera mitad, y otra vez no decepcionaron. Fue triunfo del local por 69 a 66 en un partido que tuvo de todo: igualdad, momentos tensos y hasta un problema con la planilla que marc\u00f3 la noche. El [&hellip;]<\/p>\n","protected":false},"author":85,"featured_media":117837,"comment_status":"closed","ping_status":"open","sticky":false,"template":"","format":"standard","meta":{"jnews-multi-image_gallery":[],"jnews_single_post":{"source_name":"","source_url":"","via_name":"","via_url":"","override_template":"0","override":[{"template":"1","single_blog_custom":"","parallax":"1","fullscreen":"1","layout":"right-sidebar","sidebar":"default-sidebar","second_sidebar":"default-sidebar","sticky_sidebar":"1","share_position":"top","share_float_style":"share-monocrhome","show_share_counter":"0","show_view_counter":"0","show_featured":"1","show_post_meta":"1","show_post_author":"1","show_post_author_image":"0","show_post_date":"1","post_date_format":"default","post_date_format_custom":"Y\/m\/d","show_post_category":"1","show_post_reading_time":"0","post_reading_time_wpm":"300","show_zoom_button":"0","zoom_button_out_step":"2","zoom_button_in_step":"3","show_post_tag":"1","show_prev_next_post":"1","show_popup_post":"0","number_popup_post":"1","show_author_box":"0","show_post_related":"0","show_inline_post_related":"0"}],"override_image_size":"0","image_override":[{"single_post_thumbnail_size":"crop-500","single_post_gallery_size":"crop-500"}],"trending_post":"0","trending_post_position":"meta","trending_post_label":"Trending","sponsored_post":"0","sponsored_post_label":"Sponsored by","sponsored_post_name":"","sponsored_post_url":"","sponsored_post_logo_enable":"0","sponsored_post_logo":"","sponsored_post_desc":"","disable_ad":"0"},"jnews_primary_category":{"id":"25","hide":""},"footnotes":""},"categories":[25,1],"tags":[1855],"class_list":["post-117836","post","type-post","status-publish","format-standard","has-post-thumbnail","hentry","category-segunda","category-sin-categoria","tag-segunda"],"yoast_head":"<!-- This site is optimized with the Yoast SEO plugin v27.5 - https:\/\/yoast.com\/product\/yoast-seo-wordpress\/ -->\n<title>Argentino volvi\u00f3 a ganarle a El Nacional en un partido cargado de emoci\u00f3n. - Gente de B\u00e1squet<\/title>\n<meta name=\"robots\" content=\"index, follow, max-snippet:-1, max-image-preview:large, max-video-preview:-1\" \/>\n<link rel=\"canonical\" href=\"https:\/\/gentedebasquet.com.ar\/sitio\/2025\/09\/11\/argentino-volvio-a-ganarle-a-el-nacional-en-un-partido-cargado-de-emocion\/\" \/>\n<meta property=\"og:locale\" content=\"es_ES\" \/>\n<meta property=\"og:type\" content=\"article\" \/>\n<meta property=\"og:title\" content=\"Argentino volvi\u00f3 a ganarle a El Nacional en un partido cargado de emoci\u00f3n. - Gente de B\u00e1squet\" \/>\n<meta property=\"og:description\" content=\"Argentino y El Nacional volvieron a verse las caras tras lo que hab\u00edan sido los playoffs de la primera mitad, y otra vez no decepcionaron. Fue triunfo del local por 69 a 66 en un partido que tuvo de todo: igualdad, momentos tensos y hasta un problema con la planilla que marc\u00f3 la noche. El [&hellip;]\" \/>\n<meta property=\"og:url\" content=\"https:\/\/gentedebasquet.com.ar\/sitio\/2025\/09\/11\/argentino-volvio-a-ganarle-a-el-nacional-en-un-partido-cargado-de-emocion\/\" \/>\n<meta property=\"og:site_name\" content=\"Gente de B\u00e1squet\" \/>\n<meta property=\"article:published_time\" content=\"2025-09-11T03:40:22+00:00\" \/>\n<meta property=\"article:modified_time\" content=\"2025-09-11T16:34:36+00:00\" \/>\n<meta property=\"og:image\" content=\"https:\/\/gentedebasquet.com.ar\/sitio\/wp-content\/uploads\/2025\/09\/IMG_0487-scaled.jpeg\" \/>\n\t<meta property=\"og:image:width\" content=\"2560\" \/>\n\t<meta property=\"og:image:height\" content=\"1440\" \/>\n\t<meta property=\"og:image:type\" content=\"image\/jpeg\" \/>\n<meta name=\"author\" content=\"Gaspar Colipan\" \/>\n<meta name=\"twitter:card\" content=\"summary_large_image\" \/>\n<meta name=\"twitter:label1\" content=\"Escrito por\" \/>\n\t<meta name=\"twitter:data1\" content=\"Gaspar Colipan\" \/>\n\t<meta name=\"twitter:label2\" content=\"Tiempo de lectura\" \/>\n\t<meta name=\"twitter:data2\" content=\"3 minutos\" \/>\n<script type=\"application\/ld+json\" class=\"yoast-schema-graph\">{\"@context\":\"https:\\\/\\\/schema.org\",\"@graph\":[{\"@type\":\"Article\",\"@id\":\"https:\\\/\\\/gentedebasquet.com.ar\\\/sitio\\\/2025\\\/09\\\/11\\\/argentino-volvio-a-ganarle-a-el-nacional-en-un-partido-cargado-de-emocion\\\/#article\",\"isPartOf\":{\"@id\":\"https:\\\/\\\/gentedebasquet.com.ar\\\/sitio\\\/2025\\\/09\\\/11\\\/argentino-volvio-a-ganarle-a-el-nacional-en-un-partido-cargado-de-emocion\\\/\"},\"author\":{\"name\":\"Gaspar Colipan\",\"@id\":\"https:\\\/\\\/gentedebasquet.com.ar\\\/sitio\\\/#\\\/schema\\\/person\\\/1b206e728d8f0a731af8e9ca115408cf\"},\"headline\":\"Argentino volvi\u00f3 a ganarle a El Nacional en un partido cargado de emoci\u00f3n.\",\"datePublished\":\"2025-09-11T03:40:22+00:00\",\"dateModified\":\"2025-09-11T16:34:36+00:00\",\"mainEntityOfPage\":{\"@id\":\"https:\\\/\\\/gentedebasquet.com.ar\\\/sitio\\\/2025\\\/09\\\/11\\\/argentino-volvio-a-ganarle-a-el-nacional-en-un-partido-cargado-de-emocion\\\/\"},\"wordCount\":548,\"image\":{\"@id\":\"https:\\\/\\\/gentedebasquet.com.ar\\\/sitio\\\/2025\\\/09\\\/11\\\/argentino-volvio-a-ganarle-a-el-nacional-en-un-partido-cargado-de-emocion\\\/#primaryimage\"},\"thumbnailUrl\":\"https:\\\/\\\/gentedebasquet.com.ar\\\/sitio\\\/wp-content\\\/uploads\\\/2025\\\/09\\\/IMG_0487-scaled.jpeg\",\"keywords\":[\"Segunda\"],\"articleSection\":[\"Segunda\"],\"inLanguage\":\"es\"},{\"@type\":\"WebPage\",\"@id\":\"https:\\\/\\\/gentedebasquet.com.ar\\\/sitio\\\/2025\\\/09\\\/11\\\/argentino-volvio-a-ganarle-a-el-nacional-en-un-partido-cargado-de-emocion\\\/\",\"url\":\"https:\\\/\\\/gentedebasquet.com.ar\\\/sitio\\\/2025\\\/09\\\/11\\\/argentino-volvio-a-ganarle-a-el-nacional-en-un-partido-cargado-de-emocion\\\/\",\"name\":\"Argentino volvi\u00f3 a ganarle a El Nacional en un partido cargado de emoci\u00f3n. - Gente de B\u00e1squet\",\"isPartOf\":{\"@id\":\"https:\\\/\\\/gentedebasquet.com.ar\\\/sitio\\\/#website\"},\"primaryImageOfPage\":{\"@id\":\"https:\\\/\\\/gentedebasquet.com.ar\\\/sitio\\\/2025\\\/09\\\/11\\\/argentino-volvio-a-ganarle-a-el-nacional-en-un-partido-cargado-de-emocion\\\/#primaryimage\"},\"image\":{\"@id\":\"https:\\\/\\\/gentedebasquet.com.ar\\\/sitio\\\/2025\\\/09\\\/11\\\/argentino-volvio-a-ganarle-a-el-nacional-en-un-partido-cargado-de-emocion\\\/#primaryimage\"},\"thumbnailUrl\":\"https:\\\/\\\/gentedebasquet.com.ar\\\/sitio\\\/wp-content\\\/uploads\\\/2025\\\/09\\\/IMG_0487-scaled.jpeg\",\"datePublished\":\"2025-09-11T03:40:22+00:00\",\"dateModified\":\"2025-09-11T16:34:36+00:00\",\"author\":{\"@id\":\"https:\\\/\\\/gentedebasquet.com.ar\\\/sitio\\\/#\\\/schema\\\/person\\\/1b206e728d8f0a731af8e9ca115408cf\"},\"breadcrumb\":{\"@id\":\"https:\\\/\\\/gentedebasquet.com.ar\\\/sitio\\\/2025\\\/09\\\/11\\\/argentino-volvio-a-ganarle-a-el-nacional-en-un-partido-cargado-de-emocion\\\/#breadcrumb\"},\"inLanguage\":\"es\",\"potentialAction\":[{\"@type\":\"ReadAction\",\"target\":[\"https:\\\/\\\/gentedebasquet.com.ar\\\/sitio\\\/2025\\\/09\\\/11\\\/argentino-volvio-a-ganarle-a-el-nacional-en-un-partido-cargado-de-emocion\\\/\"]}]},{\"@type\":\"ImageObject\",\"inLanguage\":\"es\",\"@id\":\"https:\\\/\\\/gentedebasquet.com.ar\\\/sitio\\\/2025\\\/09\\\/11\\\/argentino-volvio-a-ganarle-a-el-nacional-en-un-partido-cargado-de-emocion\\\/#primaryimage\",\"url\":\"https:\\\/\\\/gentedebasquet.com.ar\\\/sitio\\\/wp-content\\\/uploads\\\/2025\\\/09\\\/IMG_0487-scaled.jpeg\",\"contentUrl\":\"https:\\\/\\\/gentedebasquet.com.ar\\\/sitio\\\/wp-content\\\/uploads\\\/2025\\\/09\\\/IMG_0487-scaled.jpeg\",\"width\":2560,\"height\":1440},{\"@type\":\"BreadcrumbList\",\"@id\":\"https:\\\/\\\/gentedebasquet.com.ar\\\/sitio\\\/2025\\\/09\\\/11\\\/argentino-volvio-a-ganarle-a-el-nacional-en-un-partido-cargado-de-emocion\\\/#breadcrumb\",\"itemListElement\":[{\"@type\":\"ListItem\",\"position\":1,\"name\":\"Portada\",\"item\":\"https:\\\/\\\/gentedebasquet.com.ar\\\/sitio\\\/\"},{\"@type\":\"ListItem\",\"position\":2,\"name\":\"Argentino volvi\u00f3 a ganarle a El Nacional en un partido cargado de emoci\u00f3n.\"}]},{\"@type\":\"WebSite\",\"@id\":\"https:\\\/\\\/gentedebasquet.com.ar\\\/sitio\\\/#website\",\"url\":\"https:\\\/\\\/gentedebasquet.com.ar\\\/sitio\\\/\",\"name\":\"Gente de B\u00e1squet\",\"description\":\"La revista del basquet de Bah\u00eda Blanca\",\"potentialAction\":[{\"@type\":\"SearchAction\",\"target\":{\"@type\":\"EntryPoint\",\"urlTemplate\":\"https:\\\/\\\/gentedebasquet.com.ar\\\/sitio\\\/?s={search_term_string}\"},\"query-input\":{\"@type\":\"PropertyValueSpecification\",\"valueRequired\":true,\"valueName\":\"search_term_string\"}}],\"inLanguage\":\"es\"},{\"@type\":\"Person\",\"@id\":\"https:\\\/\\\/gentedebasquet.com.ar\\\/sitio\\\/#\\\/schema\\\/person\\\/1b206e728d8f0a731af8e9ca115408cf\",\"name\":\"Gaspar Colipan\",\"image\":{\"@type\":\"ImageObject\",\"inLanguage\":\"es\",\"@id\":\"https:\\\/\\\/secure.gravatar.com\\\/avatar\\\/da637ee3e06756e55564013ac6fee2db53a97f4150b8400e5bf4fe46ff8b759e?s=96&d=mm&r=g\",\"url\":\"https:\\\/\\\/secure.gravatar.com\\\/avatar\\\/da637ee3e06756e55564013ac6fee2db53a97f4150b8400e5bf4fe46ff8b759e?s=96&d=mm&r=g\",\"contentUrl\":\"https:\\\/\\\/secure.gravatar.com\\\/avatar\\\/da637ee3e06756e55564013ac6fee2db53a97f4150b8400e5bf4fe46ff8b759e?s=96&d=mm&r=g\",\"caption\":\"Gaspar Colipan\"},\"url\":\"https:\\\/\\\/gentedebasquet.com.ar\\\/sitio\\\/author\\\/gaspar\\\/\"}]}<\/script>\n<!-- \/ Yoast SEO plugin. -->","yoast_head_json":{"title":"Argentino volvi\u00f3 a ganarle a El Nacional en un partido cargado de emoci\u00f3n. - Gente de B\u00e1squet","robots":{"index":"index","follow":"follow","max-snippet":"max-snippet:-1","max-image-preview":"max-image-preview:large","max-video-preview":"max-video-preview:-1"},"canonical":"https:\/\/gentedebasquet.com.ar\/sitio\/2025\/09\/11\/argentino-volvio-a-ganarle-a-el-nacional-en-un-partido-cargado-de-emocion\/","og_locale":"es_ES","og_type":"article","og_title":"Argentino volvi\u00f3 a ganarle a El Nacional en un partido cargado de emoci\u00f3n. - Gente de B\u00e1squet","og_description":"Argentino y El Nacional volvieron a verse las caras tras lo que hab\u00edan sido los playoffs de la primera mitad, y otra vez no decepcionaron. Fue triunfo del local por 69 a 66 en un partido que tuvo de todo: igualdad, momentos tensos y hasta un problema con la planilla que marc\u00f3 la noche. El [&hellip;]","og_url":"https:\/\/gentedebasquet.com.ar\/sitio\/2025\/09\/11\/argentino-volvio-a-ganarle-a-el-nacional-en-un-partido-cargado-de-emocion\/","og_site_name":"Gente de B\u00e1squet","article_published_time":"2025-09-11T03:40:22+00:00","article_modified_time":"2025-09-11T16:34:36+00:00","og_image":[{"width":2560,"height":1440,"url":"https:\/\/gentedebasquet.com.ar\/sitio\/wp-content\/uploads\/2025\/09\/IMG_0487-scaled.jpeg","type":"image\/jpeg"}],"author":"Gaspar Colipan","twitter_card":"summary_large_image","twitter_misc":{"Escrito por":"Gaspar Colipan","Tiempo de lectura":"3 minutos"},"schema":{"@context":"https:\/\/schema.org","@graph":[{"@type":"Article","@id":"https:\/\/gentedebasquet.com.ar\/sitio\/2025\/09\/11\/argentino-volvio-a-ganarle-a-el-nacional-en-un-partido-cargado-de-emocion\/#article","isPartOf":{"@id":"https:\/\/gentedebasquet.com.ar\/sitio\/2025\/09\/11\/argentino-volvio-a-ganarle-a-el-nacional-en-un-partido-cargado-de-emocion\/"},"author":{"name":"Gaspar Colipan","@id":"https:\/\/gentedebasquet.com.ar\/sitio\/#\/schema\/person\/1b206e728d8f0a731af8e9ca115408cf"},"headline":"Argentino volvi\u00f3 a ganarle a El Nacional en un partido cargado de emoci\u00f3n.","datePublished":"2025-09-11T03:40:22+00:00","dateModified":"2025-09-11T16:34:36+00:00","mainEntityOfPage":{"@id":"https:\/\/gentedebasquet.com.ar\/sitio\/2025\/09\/11\/argentino-volvio-a-ganarle-a-el-nacional-en-un-partido-cargado-de-emocion\/"},"wordCount":548,"image":{"@id":"https:\/\/gentedebasquet.com.ar\/sitio\/2025\/09\/11\/argentino-volvio-a-ganarle-a-el-nacional-en-un-partido-cargado-de-emocion\/#primaryimage"},"thumbnailUrl":"https:\/\/gentedebasquet.com.ar\/sitio\/wp-content\/uploads\/2025\/09\/IMG_0487-scaled.jpeg","keywords":["Segunda"],"articleSection":["Segunda"],"inLanguage":"es"},{"@type":"WebPage","@id":"https:\/\/gentedebasquet.com.ar\/sitio\/2025\/09\/11\/argentino-volvio-a-ganarle-a-el-nacional-en-un-partido-cargado-de-emocion\/","url":"https:\/\/gentedebasquet.com.ar\/sitio\/2025\/09\/11\/argentino-volvio-a-ganarle-a-el-nacional-en-un-partido-cargado-de-emocion\/","name":"Argentino volvi\u00f3 a ganarle a El Nacional en un partido cargado de emoci\u00f3n. - Gente de B\u00e1squet","isPartOf":{"@id":"https:\/\/gentedebasquet.com.ar\/sitio\/#website"},"primaryImageOfPage":{"@id":"https:\/\/gentedebasquet.com.ar\/sitio\/2025\/09\/11\/argentino-volvio-a-ganarle-a-el-nacional-en-un-partido-cargado-de-emocion\/#primaryimage"},"image":{"@id":"https:\/\/gentedebasquet.com.ar\/sitio\/2025\/09\/11\/argentino-volvio-a-ganarle-a-el-nacional-en-un-partido-cargado-de-emocion\/#primaryimage"},"thumbnailUrl":"https:\/\/gentedebasquet.com.ar\/sitio\/wp-content\/uploads\/2025\/09\/IMG_0487-scaled.jpeg","datePublished":"2025-09-11T03:40:22+00:00","dateModified":"2025-09-11T16:34:36+00:00","author":{"@id":"https:\/\/gentedebasquet.com.ar\/sitio\/#\/schema\/person\/1b206e728d8f0a731af8e9ca115408cf"},"breadcrumb":{"@id":"https:\/\/gentedebasquet.com.ar\/sitio\/2025\/09\/11\/argentino-volvio-a-ganarle-a-el-nacional-en-un-partido-cargado-de-emocion\/#breadcrumb"},"inLanguage":"es","potentialAction":[{"@type":"ReadAction","target":["https:\/\/gentedebasquet.com.ar\/sitio\/2025\/09\/11\/argentino-volvio-a-ganarle-a-el-nacional-en-un-partido-cargado-de-emocion\/"]}]},{"@type":"ImageObject","inLanguage":"es","@id":"https:\/\/gentedebasquet.com.ar\/sitio\/2025\/09\/11\/argentino-volvio-a-ganarle-a-el-nacional-en-un-partido-cargado-de-emocion\/#primaryimage","url":"https:\/\/gentedebasquet.com.ar\/sitio\/wp-content\/uploads\/2025\/09\/IMG_0487-scaled.jpeg","contentUrl":"https:\/\/gentedebasquet.com.ar\/sitio\/wp-content\/uploads\/2025\/09\/IMG_0487-scaled.jpeg","width":2560,"height":1440},{"@type":"BreadcrumbList","@id":"https:\/\/gentedebasquet.com.ar\/sitio\/2025\/09\/11\/argentino-volvio-a-ganarle-a-el-nacional-en-un-partido-cargado-de-emocion\/#breadcrumb","itemListElement":[{"@type":"ListItem","position":1,"name":"Portada","item":"https:\/\/gentedebasquet.com.ar\/sitio\/"},{"@type":"ListItem","position":2,"name":"Argentino volvi\u00f3 a ganarle a El Nacional en un partido cargado de emoci\u00f3n."}]},{"@type":"WebSite","@id":"https:\/\/gentedebasquet.com.ar\/sitio\/#website","url":"https:\/\/gentedebasquet.com.ar\/sitio\/","name":"Gente de B\u00e1squet","description":"La revista del basquet de Bah\u00eda Blanca","potentialAction":[{"@type":"SearchAction","target":{"@type":"EntryPoint","urlTemplate":"https:\/\/gentedebasquet.com.ar\/sitio\/?s={search_term_string}"},"query-input":{"@type":"PropertyValueSpecification","valueRequired":true,"valueName":"search_term_string"}}],"inLanguage":"es"},{"@type":"Person","@id":"https:\/\/gentedebasquet.com.ar\/sitio\/#\/schema\/person\/1b206e728d8f0a731af8e9ca115408cf","name":"Gaspar Colipan","image":{"@type":"ImageObject","inLanguage":"es","@id":"https:\/\/secure.gravatar.com\/avatar\/da637ee3e06756e55564013ac6fee2db53a97f4150b8400e5bf4fe46ff8b759e?s=96&d=mm&r=g","url":"https:\/\/secure.gravatar.com\/avatar\/da637ee3e06756e55564013ac6fee2db53a97f4150b8400e5bf4fe46ff8b759e?s=96&d=mm&r=g","contentUrl":"https:\/\/secure.gravatar.com\/avatar\/da637ee3e06756e55564013ac6fee2db53a97f4150b8400e5bf4fe46ff8b759e?s=96&d=mm&r=g","caption":"Gaspar Colipan"},"url":"https:\/\/gentedebasquet.com.ar\/sitio\/author\/gaspar\/"}]}},"_links":{"self":[{"href":"https:\/\/gentedebasquet.com.ar\/sitio\/wp-json\/wp\/v2\/posts\/117836","targetHints":{"allow":["GET"]}}],"collection":[{"href":"https:\/\/gentedebasquet.com.ar\/sitio\/wp-json\/wp\/v2\/posts"}],"about":[{"href":"https:\/\/gentedebasquet.com.ar\/sitio\/wp-json\/wp\/v2\/types\/post"}],"author":[{"embeddable":true,"href":"https:\/\/gentedebasquet.com.ar\/sitio\/wp-json\/wp\/v2\/users\/85"}],"replies":[{"embeddable":true,"href":"https:\/\/gentedebasquet.com.ar\/sitio\/wp-json\/wp\/v2\/comments?post=117836"}],"version-history":[{"count":6,"href":"https:\/\/gentedebasquet.com.ar\/sitio\/wp-json\/wp\/v2\/posts\/117836\/revisions"}],"predecessor-version":[{"id":117872,"href":"https:\/\/gentedebasquet.com.ar\/sitio\/wp-json\/wp\/v2\/posts\/117836\/revisions\/117872"}],"wp:featuredmedia":[{"embeddable":true,"href":"https:\/\/gentedebasquet.com.ar\/sitio\/wp-json\/wp\/v2\/media\/117837"}],"wp:attachment":[{"href":"https:\/\/gentedebasquet.com.ar\/sitio\/wp-json\/wp\/v2\/media?parent=117836"}],"wp:term":[{"taxonomy":"category","embeddable":true,"href":"https:\/\/gentedebasquet.com.ar\/sitio\/wp-json\/wp\/v2\/categories?post=117836"},{"taxonomy":"post_tag","embeddable":true,"href":"https:\/\/gentedebasquet.com.ar\/sitio\/wp-json\/wp\/v2\/tags?post=117836"}],"curies":[{"name":"wp","href":"https:\/\/api.w.org\/{rel}","templated":true}]}}