{"id":117853,"date":"2025-09-11T06:30:09","date_gmt":"2025-09-11T04:30:09","guid":{"rendered":"https:\/\/gentedebasquet.com.ar\/sitio\/?p=117853"},"modified":"2025-09-11T17:48:48","modified_gmt":"2025-09-11T15:48:48","slug":"espora-festejo-en-el-clasico-barrial","status":"publish","type":"post","link":"https:\/\/gentedebasquet.com.ar\/sitio\/2025\/09\/11\/espora-festejo-en-el-clasico-barrial\/","title":{"rendered":"Espora festej\u00f3 en el cl\u00e1sico barrial"},"content":{"rendered":"<p><strong>El conjunto de Mauro Sacomani venci\u00f3 66 a 60 a Pellegrini. Mateo Achor con 18 puntos (con 3\/4 en TL, 3\/5 en T2 y 3\/6 en T3) result\u00f3 la figura.<\/strong><\/p>\n<p><strong>Adem\u00e1s, Alan Lera aport\u00f3 14 unidades m\u00e1s 9 rebotes y 5 asistencias, Antuan Durand 13 y Martin P\u00e9rez 11 m\u00e1s 9 tableros.<\/strong><\/p>\n<p><strong>En el azulgrana no alcanzaron los 23 tantos m\u00e1s 12 cristales de Gast\u00f3n Chaves, los 10 de Juan Ignacio Castro, los 10 de Agust\u00edn \u00c1lvarez y los 10 m\u00e1s 8 recobres de Juan Coronel.<\/strong><\/p>\n<p><strong>Con un vibrante 60-63 a falta de 36seg, Bruno Sacomani se las ingeni\u00f3 para penetrar, anotar un doble clave (fue su \u00fanica conversi\u00f3n en TC) y sentenciar el pleito.<\/strong><\/p>\n<div class=\"jeg_video_container jeg_video_content\"><iframe loading=\"lazy\" title=\"#Segunda - Fecha #5: Pellegrini 60 - 66 Espora\" width=\"500\" height=\"281\" src=\"https:\/\/www.youtube.com\/embed\/XcbsFr5Xf2s?feature=oembed\" frameborder=\"0\" allow=\"accelerometer; autoplay; clipboard-write; encrypted-media; gyroscope; picture-in-picture; web-share\" referrerpolicy=\"strict-origin-when-cross-origin\" allowfullscreen><\/iframe><\/div>\n<p><img decoding=\"async\" class=\"alignnone size-medium wp-image-117860\" src=\"http:\/\/gentedebasquet.com.ar\/sitio\/wp-content\/uploads\/2025\/09\/a5cf7d5c-beb0-4dcd-a5f7-8bc2f1cfd82b-300x300.jpg\" alt=\"\" width=\"300\" height=\"300\" srcset=\"https:\/\/gentedebasquet.com.ar\/sitio\/wp-content\/uploads\/2025\/09\/a5cf7d5c-beb0-4dcd-a5f7-8bc2f1cfd82b-300x300.jpg 300w, https:\/\/gentedebasquet.com.ar\/sitio\/wp-content\/uploads\/2025\/09\/a5cf7d5c-beb0-4dcd-a5f7-8bc2f1cfd82b-1024x1024.jpg 1024w, https:\/\/gentedebasquet.com.ar\/sitio\/wp-content\/uploads\/2025\/09\/a5cf7d5c-beb0-4dcd-a5f7-8bc2f1cfd82b-150x150.jpg 150w, https:\/\/gentedebasquet.com.ar\/sitio\/wp-content\/uploads\/2025\/09\/a5cf7d5c-beb0-4dcd-a5f7-8bc2f1cfd82b-768x768.jpg 768w, https:\/\/gentedebasquet.com.ar\/sitio\/wp-content\/uploads\/2025\/09\/a5cf7d5c-beb0-4dcd-a5f7-8bc2f1cfd82b-1536x1536.jpg 1536w, https:\/\/gentedebasquet.com.ar\/sitio\/wp-content\/uploads\/2025\/09\/a5cf7d5c-beb0-4dcd-a5f7-8bc2f1cfd82b-75x75.jpg 75w, https:\/\/gentedebasquet.com.ar\/sitio\/wp-content\/uploads\/2025\/09\/a5cf7d5c-beb0-4dcd-a5f7-8bc2f1cfd82b-350x350.jpg 350w, https:\/\/gentedebasquet.com.ar\/sitio\/wp-content\/uploads\/2025\/09\/a5cf7d5c-beb0-4dcd-a5f7-8bc2f1cfd82b-750x750.jpg 750w, https:\/\/gentedebasquet.com.ar\/sitio\/wp-content\/uploads\/2025\/09\/a5cf7d5c-beb0-4dcd-a5f7-8bc2f1cfd82b-1140x1140.jpg 1140w, https:\/\/gentedebasquet.com.ar\/sitio\/wp-content\/uploads\/2025\/09\/a5cf7d5c-beb0-4dcd-a5f7-8bc2f1cfd82b.jpg 1600w\" sizes=\"(max-width: 300px) 100vw, 300px\" \/><\/p>\n<blockquote><p>\u201cMuy felices de poder lograr esta primera victoria en el segundo tramo y m\u00e1s en un cl\u00e1sico. Tuvimos much\u00edsima actitud y por eso lo ganamos. Sab\u00edamos que iba a ser dif\u00edcil, se nos acercaron en el final, pero pudimos cerrarlo de buena forma\u201d, Mateo Achor (Espora).<\/p><\/blockquote>\n<p><img decoding=\"async\" class=\"alignnone size-medium wp-image-117857\" src=\"http:\/\/gentedebasquet.com.ar\/sitio\/wp-content\/uploads\/2025\/09\/DSC_5741-300x215.jpg\" alt=\"\" width=\"300\" height=\"215\" srcset=\"https:\/\/gentedebasquet.com.ar\/sitio\/wp-content\/uploads\/2025\/09\/DSC_5741-300x215.jpg 300w, https:\/\/gentedebasquet.com.ar\/sitio\/wp-content\/uploads\/2025\/09\/DSC_5741-120x86.jpg 120w, https:\/\/gentedebasquet.com.ar\/sitio\/wp-content\/uploads\/2025\/09\/DSC_5741-350x250.jpg 350w, https:\/\/gentedebasquet.com.ar\/sitio\/wp-content\/uploads\/2025\/09\/DSC_5741.jpg 650w\" sizes=\"(max-width: 300px) 100vw, 300px\" \/><\/p>\n<p><img decoding=\"async\" class=\"alignnone size-medium wp-image-117859\" src=\"http:\/\/gentedebasquet.com.ar\/sitio\/wp-content\/uploads\/2025\/09\/6a51ddf7-5726-407b-866e-91816908505b-300x300.jpg\" alt=\"\" width=\"300\" height=\"300\" srcset=\"https:\/\/gentedebasquet.com.ar\/sitio\/wp-content\/uploads\/2025\/09\/6a51ddf7-5726-407b-866e-91816908505b-300x300.jpg 300w, https:\/\/gentedebasquet.com.ar\/sitio\/wp-content\/uploads\/2025\/09\/6a51ddf7-5726-407b-866e-91816908505b-1024x1024.jpg 1024w, https:\/\/gentedebasquet.com.ar\/sitio\/wp-content\/uploads\/2025\/09\/6a51ddf7-5726-407b-866e-91816908505b-150x150.jpg 150w, https:\/\/gentedebasquet.com.ar\/sitio\/wp-content\/uploads\/2025\/09\/6a51ddf7-5726-407b-866e-91816908505b-768x768.jpg 768w, https:\/\/gentedebasquet.com.ar\/sitio\/wp-content\/uploads\/2025\/09\/6a51ddf7-5726-407b-866e-91816908505b-1536x1536.jpg 1536w, https:\/\/gentedebasquet.com.ar\/sitio\/wp-content\/uploads\/2025\/09\/6a51ddf7-5726-407b-866e-91816908505b-75x75.jpg 75w, https:\/\/gentedebasquet.com.ar\/sitio\/wp-content\/uploads\/2025\/09\/6a51ddf7-5726-407b-866e-91816908505b-350x350.jpg 350w, https:\/\/gentedebasquet.com.ar\/sitio\/wp-content\/uploads\/2025\/09\/6a51ddf7-5726-407b-866e-91816908505b-750x750.jpg 750w, https:\/\/gentedebasquet.com.ar\/sitio\/wp-content\/uploads\/2025\/09\/6a51ddf7-5726-407b-866e-91816908505b-1140x1140.jpg 1140w, https:\/\/gentedebasquet.com.ar\/sitio\/wp-content\/uploads\/2025\/09\/6a51ddf7-5726-407b-866e-91816908505b.jpg 1600w\" sizes=\"(max-width: 300px) 100vw, 300px\" \/><\/p>\n<p><strong>S\u00edntesis \u2013<\/strong>\u00a0<strong>Segunda \u2013 Fecha 5<\/strong><\/p>\n<p><strong>Pellegrini 60<\/strong>: Jos\u00e9 David P\u00e9rez 1, Agust\u00edn \u00c1lvarez 10, Francisco Gregori 3, Gast\u00f3n Ch\u00e1ves\u00a023 y Juan M. Coronel 10,\u00a0<strong>FI;<\/strong>\u00a0Juan I. Castro 10, Leonel \u00c1lvarez 3 y Santiago Frayssinet 0.\u00a0<strong>DT: M\u00e1ximo De la Cuadra.<\/strong><\/p>\n<p><strong>Espora 66:<\/strong>\u00a0Alan Lera 14 (x), Antuan Durand 13 (x), Mateo Achor 18, Bruno Sacomani 2 y Enzo Zandonadi 4, <strong>FI<\/strong>; Nicol\u00e1s Themtham 4, Andr\u00e9s Miguez 0 y Mart\u00edn P\u00e9rez 11.<strong>\u00a0DT: Mauro Sacomani.<\/strong><\/p>\n<p><strong>Cuartos<\/strong>: 9-14; 19-31 (10-17); 41-48 (22-17); y 60-66 (19-18).<\/p>\n<p><strong>\u00c1rbitros<\/strong>: Mariano Enrique, Juan Agust\u00edn Mat\u00edas y Estefan\u00eda Zarate.<\/p>\n<p><strong>Estadio<\/strong>: Daniel Rubio\u00a0(Pellegrini).<\/p>\n<p><img decoding=\"async\" class=\"alignnone size-medium wp-image-117858\" src=\"http:\/\/gentedebasquet.com.ar\/sitio\/wp-content\/uploads\/2025\/09\/DSC_5721-300x200.jpg\" alt=\"\" width=\"300\" height=\"200\" srcset=\"https:\/\/gentedebasquet.com.ar\/sitio\/wp-content\/uploads\/2025\/09\/DSC_5721-300x200.jpg 300w, https:\/\/gentedebasquet.com.ar\/sitio\/wp-content\/uploads\/2025\/09\/DSC_5721.jpg 650w\" sizes=\"(max-width: 300px) 100vw, 300px\" \/><\/p>\n<p>&nbsp;<\/p>\n<p>Fotos: Marcelo Barth (Punta Noticias)<\/p>\n","protected":false},"excerpt":{"rendered":"<p>El conjunto de Mauro Sacomani venci\u00f3 66 a 60 a Pellegrini. Mateo Achor con 18 puntos (con 3\/4 en TL, 3\/5 en T2 y 3\/6 en T3) result\u00f3 la figura. Adem\u00e1s, Alan Lera aport\u00f3 14 unidades m\u00e1s 9 rebotes y 5 asistencias, Antuan Durand 13 y Martin P\u00e9rez 11 m\u00e1s 9 tableros. En el azulgrana [&hellip;]<\/p>\n","protected":false},"author":62,"featured_media":117861,"comment_status":"closed","ping_status":"open","sticky":false,"template":"","format":"standard","meta":{"jnews-multi-image_gallery":[],"jnews_single_post":{"source_name":"","source_url":"","via_name":"","via_url":"","override_template":"0","override":[{"template":"1","single_blog_custom":"","parallax":"1","fullscreen":"1","layout":"right-sidebar","sidebar":"default-sidebar","second_sidebar":"default-sidebar","sticky_sidebar":"1","share_position":"top","share_float_style":"share-monocrhome","show_share_counter":"0","show_view_counter":"0","show_featured":"1","show_post_meta":"1","show_post_author":"1","show_post_author_image":"0","show_post_date":"1","post_date_format":"default","post_date_format_custom":"Y\/m\/d","show_post_category":"1","show_post_reading_time":"0","post_reading_time_wpm":"300","show_zoom_button":"0","zoom_button_out_step":"2","zoom_button_in_step":"3","show_post_tag":"1","show_prev_next_post":"1","show_popup_post":"0","number_popup_post":"1","show_author_box":"0","show_post_related":"0","show_inline_post_related":"0"}],"override_image_size":"0","image_override":[{"single_post_thumbnail_size":"crop-500","single_post_gallery_size":"crop-500"}],"trending_post":"0","trending_post_position":"meta","trending_post_label":"Trending","sponsored_post":"0","sponsored_post_label":"Sponsored by","sponsored_post_name":"","sponsored_post_url":"","sponsored_post_logo_enable":"0","sponsored_post_logo":"","sponsored_post_desc":"","disable_ad":"0"},"jnews_primary_category":{"id":"","hide":""},"footnotes":""},"categories":[25,101],"tags":[357,1889,1728,1940],"class_list":["post-117853","post","type-post","status-publish","format-standard","has-post-thumbnail","hentry","category-segunda","category-slide","tag-abb","tag-espora","tag-pellegrini","tag-torneo-de-segunda"],"yoast_head":"<!-- This site is optimized with the Yoast SEO plugin v27.5 - https:\/\/yoast.com\/product\/yoast-seo-wordpress\/ -->\n<title>Espora festej\u00f3 en el cl\u00e1sico barrial - Gente de B\u00e1squet<\/title>\n<meta name=\"robots\" content=\"index, follow, max-snippet:-1, max-image-preview:large, max-video-preview:-1\" \/>\n<link rel=\"canonical\" href=\"https:\/\/gentedebasquet.com.ar\/sitio\/2025\/09\/11\/espora-festejo-en-el-clasico-barrial\/\" \/>\n<meta property=\"og:locale\" content=\"es_ES\" \/>\n<meta property=\"og:type\" content=\"article\" \/>\n<meta property=\"og:title\" content=\"Espora festej\u00f3 en el cl\u00e1sico barrial - Gente de B\u00e1squet\" \/>\n<meta property=\"og:description\" content=\"El conjunto de Mauro Sacomani venci\u00f3 66 a 60 a Pellegrini. Mateo Achor con 18 puntos (con 3\/4 en TL, 3\/5 en T2 y 3\/6 en T3) result\u00f3 la figura. Adem\u00e1s, Alan Lera aport\u00f3 14 unidades m\u00e1s 9 rebotes y 5 asistencias, Antuan Durand 13 y Martin P\u00e9rez 11 m\u00e1s 9 tableros. En el azulgrana [&hellip;]\" \/>\n<meta property=\"og:url\" content=\"https:\/\/gentedebasquet.com.ar\/sitio\/2025\/09\/11\/espora-festejo-en-el-clasico-barrial\/\" \/>\n<meta property=\"og:site_name\" content=\"Gente de B\u00e1squet\" \/>\n<meta property=\"article:published_time\" content=\"2025-09-11T04:30:09+00:00\" \/>\n<meta property=\"article:modified_time\" content=\"2025-09-11T15:48:48+00:00\" \/>\n<meta property=\"og:image\" content=\"https:\/\/gentedebasquet.com.ar\/sitio\/wp-content\/uploads\/2025\/09\/DSC_5762.jpg\" \/>\n\t<meta property=\"og:image:width\" content=\"750\" \/>\n\t<meta property=\"og:image:height\" content=\"377\" \/>\n\t<meta property=\"og:image:type\" content=\"image\/jpeg\" \/>\n<meta name=\"author\" content=\"Mat\u00edas Dom\u00ednguez\" \/>\n<meta name=\"twitter:card\" content=\"summary_large_image\" \/>\n<meta name=\"twitter:label1\" content=\"Escrito por\" \/>\n\t<meta name=\"twitter:data1\" content=\"Mat\u00edas Dom\u00ednguez\" \/>\n\t<meta name=\"twitter:label2\" content=\"Tiempo de lectura\" \/>\n\t<meta name=\"twitter:data2\" content=\"2 minutos\" \/>\n<script type=\"application\/ld+json\" class=\"yoast-schema-graph\">{\"@context\":\"https:\\\/\\\/schema.org\",\"@graph\":[{\"@type\":\"Article\",\"@id\":\"https:\\\/\\\/gentedebasquet.com.ar\\\/sitio\\\/2025\\\/09\\\/11\\\/espora-festejo-en-el-clasico-barrial\\\/#article\",\"isPartOf\":{\"@id\":\"https:\\\/\\\/gentedebasquet.com.ar\\\/sitio\\\/2025\\\/09\\\/11\\\/espora-festejo-en-el-clasico-barrial\\\/\"},\"author\":{\"name\":\"Mat\u00edas Dom\u00ednguez\",\"@id\":\"https:\\\/\\\/gentedebasquet.com.ar\\\/sitio\\\/#\\\/schema\\\/person\\\/2df9550994560b26db96aa8de5494221\"},\"headline\":\"Espora festej\u00f3 en el cl\u00e1sico barrial\",\"datePublished\":\"2025-09-11T04:30:09+00:00\",\"dateModified\":\"2025-09-11T15:48:48+00:00\",\"mainEntityOfPage\":{\"@id\":\"https:\\\/\\\/gentedebasquet.com.ar\\\/sitio\\\/2025\\\/09\\\/11\\\/espora-festejo-en-el-clasico-barrial\\\/\"},\"wordCount\":267,\"image\":{\"@id\":\"https:\\\/\\\/gentedebasquet.com.ar\\\/sitio\\\/2025\\\/09\\\/11\\\/espora-festejo-en-el-clasico-barrial\\\/#primaryimage\"},\"thumbnailUrl\":\"https:\\\/\\\/gentedebasquet.com.ar\\\/sitio\\\/wp-content\\\/uploads\\\/2025\\\/09\\\/DSC_5762.jpg\",\"keywords\":[\"ABB\",\"Espora\",\"Pellegrini\",\"Torneo de Segunda\"],\"articleSection\":[\"Segunda\",\"Slide\"],\"inLanguage\":\"es\"},{\"@type\":\"WebPage\",\"@id\":\"https:\\\/\\\/gentedebasquet.com.ar\\\/sitio\\\/2025\\\/09\\\/11\\\/espora-festejo-en-el-clasico-barrial\\\/\",\"url\":\"https:\\\/\\\/gentedebasquet.com.ar\\\/sitio\\\/2025\\\/09\\\/11\\\/espora-festejo-en-el-clasico-barrial\\\/\",\"name\":\"Espora festej\u00f3 en el cl\u00e1sico barrial - Gente de B\u00e1squet\",\"isPartOf\":{\"@id\":\"https:\\\/\\\/gentedebasquet.com.ar\\\/sitio\\\/#website\"},\"primaryImageOfPage\":{\"@id\":\"https:\\\/\\\/gentedebasquet.com.ar\\\/sitio\\\/2025\\\/09\\\/11\\\/espora-festejo-en-el-clasico-barrial\\\/#primaryimage\"},\"image\":{\"@id\":\"https:\\\/\\\/gentedebasquet.com.ar\\\/sitio\\\/2025\\\/09\\\/11\\\/espora-festejo-en-el-clasico-barrial\\\/#primaryimage\"},\"thumbnailUrl\":\"https:\\\/\\\/gentedebasquet.com.ar\\\/sitio\\\/wp-content\\\/uploads\\\/2025\\\/09\\\/DSC_5762.jpg\",\"datePublished\":\"2025-09-11T04:30:09+00:00\",\"dateModified\":\"2025-09-11T15:48:48+00:00\",\"author\":{\"@id\":\"https:\\\/\\\/gentedebasquet.com.ar\\\/sitio\\\/#\\\/schema\\\/person\\\/2df9550994560b26db96aa8de5494221\"},\"breadcrumb\":{\"@id\":\"https:\\\/\\\/gentedebasquet.com.ar\\\/sitio\\\/2025\\\/09\\\/11\\\/espora-festejo-en-el-clasico-barrial\\\/#breadcrumb\"},\"inLanguage\":\"es\",\"potentialAction\":[{\"@type\":\"ReadAction\",\"target\":[\"https:\\\/\\\/gentedebasquet.com.ar\\\/sitio\\\/2025\\\/09\\\/11\\\/espora-festejo-en-el-clasico-barrial\\\/\"]}]},{\"@type\":\"ImageObject\",\"inLanguage\":\"es\",\"@id\":\"https:\\\/\\\/gentedebasquet.com.ar\\\/sitio\\\/2025\\\/09\\\/11\\\/espora-festejo-en-el-clasico-barrial\\\/#primaryimage\",\"url\":\"https:\\\/\\\/gentedebasquet.com.ar\\\/sitio\\\/wp-content\\\/uploads\\\/2025\\\/09\\\/DSC_5762.jpg\",\"contentUrl\":\"https:\\\/\\\/gentedebasquet.com.ar\\\/sitio\\\/wp-content\\\/uploads\\\/2025\\\/09\\\/DSC_5762.jpg\",\"width\":750,\"height\":377},{\"@type\":\"BreadcrumbList\",\"@id\":\"https:\\\/\\\/gentedebasquet.com.ar\\\/sitio\\\/2025\\\/09\\\/11\\\/espora-festejo-en-el-clasico-barrial\\\/#breadcrumb\",\"itemListElement\":[{\"@type\":\"ListItem\",\"position\":1,\"name\":\"Portada\",\"item\":\"https:\\\/\\\/gentedebasquet.com.ar\\\/sitio\\\/\"},{\"@type\":\"ListItem\",\"position\":2,\"name\":\"Espora festej\u00f3 en el cl\u00e1sico barrial\"}]},{\"@type\":\"WebSite\",\"@id\":\"https:\\\/\\\/gentedebasquet.com.ar\\\/sitio\\\/#website\",\"url\":\"https:\\\/\\\/gentedebasquet.com.ar\\\/sitio\\\/\",\"name\":\"Gente de B\u00e1squet\",\"description\":\"La revista del basquet de Bah\u00eda Blanca\",\"potentialAction\":[{\"@type\":\"SearchAction\",\"target\":{\"@type\":\"EntryPoint\",\"urlTemplate\":\"https:\\\/\\\/gentedebasquet.com.ar\\\/sitio\\\/?s={search_term_string}\"},\"query-input\":{\"@type\":\"PropertyValueSpecification\",\"valueRequired\":true,\"valueName\":\"search_term_string\"}}],\"inLanguage\":\"es\"},{\"@type\":\"Person\",\"@id\":\"https:\\\/\\\/gentedebasquet.com.ar\\\/sitio\\\/#\\\/schema\\\/person\\\/2df9550994560b26db96aa8de5494221\",\"name\":\"Mat\u00edas Dom\u00ednguez\",\"image\":{\"@type\":\"ImageObject\",\"inLanguage\":\"es\",\"@id\":\"https:\\\/\\\/secure.gravatar.com\\\/avatar\\\/29491ec59dbc2f899f1cb4052e9f2827b5aee3a84bdc66a9fd6789abc018a99d?s=96&d=mm&r=g\",\"url\":\"https:\\\/\\\/secure.gravatar.com\\\/avatar\\\/29491ec59dbc2f899f1cb4052e9f2827b5aee3a84bdc66a9fd6789abc018a99d?s=96&d=mm&r=g\",\"contentUrl\":\"https:\\\/\\\/secure.gravatar.com\\\/avatar\\\/29491ec59dbc2f899f1cb4052e9f2827b5aee3a84bdc66a9fd6789abc018a99d?s=96&d=mm&r=g\",\"caption\":\"Mat\u00edas Dom\u00ednguez\"},\"url\":\"https:\\\/\\\/gentedebasquet.com.ar\\\/sitio\\\/author\\\/matias-dominguez\\\/\"}]}<\/script>\n<!-- \/ Yoast SEO plugin. -->","yoast_head_json":{"title":"Espora festej\u00f3 en el cl\u00e1sico barrial - Gente de B\u00e1squet","robots":{"index":"index","follow":"follow","max-snippet":"max-snippet:-1","max-image-preview":"max-image-preview:large","max-video-preview":"max-video-preview:-1"},"canonical":"https:\/\/gentedebasquet.com.ar\/sitio\/2025\/09\/11\/espora-festejo-en-el-clasico-barrial\/","og_locale":"es_ES","og_type":"article","og_title":"Espora festej\u00f3 en el cl\u00e1sico barrial - Gente de B\u00e1squet","og_description":"El conjunto de Mauro Sacomani venci\u00f3 66 a 60 a Pellegrini. Mateo Achor con 18 puntos (con 3\/4 en TL, 3\/5 en T2 y 3\/6 en T3) result\u00f3 la figura. Adem\u00e1s, Alan Lera aport\u00f3 14 unidades m\u00e1s 9 rebotes y 5 asistencias, Antuan Durand 13 y Martin P\u00e9rez 11 m\u00e1s 9 tableros. En el azulgrana [&hellip;]","og_url":"https:\/\/gentedebasquet.com.ar\/sitio\/2025\/09\/11\/espora-festejo-en-el-clasico-barrial\/","og_site_name":"Gente de B\u00e1squet","article_published_time":"2025-09-11T04:30:09+00:00","article_modified_time":"2025-09-11T15:48:48+00:00","og_image":[{"width":750,"height":377,"url":"https:\/\/gentedebasquet.com.ar\/sitio\/wp-content\/uploads\/2025\/09\/DSC_5762.jpg","type":"image\/jpeg"}],"author":"Mat\u00edas Dom\u00ednguez","twitter_card":"summary_large_image","twitter_misc":{"Escrito por":"Mat\u00edas Dom\u00ednguez","Tiempo de lectura":"2 minutos"},"schema":{"@context":"https:\/\/schema.org","@graph":[{"@type":"Article","@id":"https:\/\/gentedebasquet.com.ar\/sitio\/2025\/09\/11\/espora-festejo-en-el-clasico-barrial\/#article","isPartOf":{"@id":"https:\/\/gentedebasquet.com.ar\/sitio\/2025\/09\/11\/espora-festejo-en-el-clasico-barrial\/"},"author":{"name":"Mat\u00edas Dom\u00ednguez","@id":"https:\/\/gentedebasquet.com.ar\/sitio\/#\/schema\/person\/2df9550994560b26db96aa8de5494221"},"headline":"Espora festej\u00f3 en el cl\u00e1sico barrial","datePublished":"2025-09-11T04:30:09+00:00","dateModified":"2025-09-11T15:48:48+00:00","mainEntityOfPage":{"@id":"https:\/\/gentedebasquet.com.ar\/sitio\/2025\/09\/11\/espora-festejo-en-el-clasico-barrial\/"},"wordCount":267,"image":{"@id":"https:\/\/gentedebasquet.com.ar\/sitio\/2025\/09\/11\/espora-festejo-en-el-clasico-barrial\/#primaryimage"},"thumbnailUrl":"https:\/\/gentedebasquet.com.ar\/sitio\/wp-content\/uploads\/2025\/09\/DSC_5762.jpg","keywords":["ABB","Espora","Pellegrini","Torneo de Segunda"],"articleSection":["Segunda","Slide"],"inLanguage":"es"},{"@type":"WebPage","@id":"https:\/\/gentedebasquet.com.ar\/sitio\/2025\/09\/11\/espora-festejo-en-el-clasico-barrial\/","url":"https:\/\/gentedebasquet.com.ar\/sitio\/2025\/09\/11\/espora-festejo-en-el-clasico-barrial\/","name":"Espora festej\u00f3 en el cl\u00e1sico barrial - Gente de B\u00e1squet","isPartOf":{"@id":"https:\/\/gentedebasquet.com.ar\/sitio\/#website"},"primaryImageOfPage":{"@id":"https:\/\/gentedebasquet.com.ar\/sitio\/2025\/09\/11\/espora-festejo-en-el-clasico-barrial\/#primaryimage"},"image":{"@id":"https:\/\/gentedebasquet.com.ar\/sitio\/2025\/09\/11\/espora-festejo-en-el-clasico-barrial\/#primaryimage"},"thumbnailUrl":"https:\/\/gentedebasquet.com.ar\/sitio\/wp-content\/uploads\/2025\/09\/DSC_5762.jpg","datePublished":"2025-09-11T04:30:09+00:00","dateModified":"2025-09-11T15:48:48+00:00","author":{"@id":"https:\/\/gentedebasquet.com.ar\/sitio\/#\/schema\/person\/2df9550994560b26db96aa8de5494221"},"breadcrumb":{"@id":"https:\/\/gentedebasquet.com.ar\/sitio\/2025\/09\/11\/espora-festejo-en-el-clasico-barrial\/#breadcrumb"},"inLanguage":"es","potentialAction":[{"@type":"ReadAction","target":["https:\/\/gentedebasquet.com.ar\/sitio\/2025\/09\/11\/espora-festejo-en-el-clasico-barrial\/"]}]},{"@type":"ImageObject","inLanguage":"es","@id":"https:\/\/gentedebasquet.com.ar\/sitio\/2025\/09\/11\/espora-festejo-en-el-clasico-barrial\/#primaryimage","url":"https:\/\/gentedebasquet.com.ar\/sitio\/wp-content\/uploads\/2025\/09\/DSC_5762.jpg","contentUrl":"https:\/\/gentedebasquet.com.ar\/sitio\/wp-content\/uploads\/2025\/09\/DSC_5762.jpg","width":750,"height":377},{"@type":"BreadcrumbList","@id":"https:\/\/gentedebasquet.com.ar\/sitio\/2025\/09\/11\/espora-festejo-en-el-clasico-barrial\/#breadcrumb","itemListElement":[{"@type":"ListItem","position":1,"name":"Portada","item":"https:\/\/gentedebasquet.com.ar\/sitio\/"},{"@type":"ListItem","position":2,"name":"Espora festej\u00f3 en el cl\u00e1sico barrial"}]},{"@type":"WebSite","@id":"https:\/\/gentedebasquet.com.ar\/sitio\/#website","url":"https:\/\/gentedebasquet.com.ar\/sitio\/","name":"Gente de B\u00e1squet","description":"La revista del basquet de Bah\u00eda Blanca","potentialAction":[{"@type":"SearchAction","target":{"@type":"EntryPoint","urlTemplate":"https:\/\/gentedebasquet.com.ar\/sitio\/?s={search_term_string}"},"query-input":{"@type":"PropertyValueSpecification","valueRequired":true,"valueName":"search_term_string"}}],"inLanguage":"es"},{"@type":"Person","@id":"https:\/\/gentedebasquet.com.ar\/sitio\/#\/schema\/person\/2df9550994560b26db96aa8de5494221","name":"Mat\u00edas Dom\u00ednguez","image":{"@type":"ImageObject","inLanguage":"es","@id":"https:\/\/secure.gravatar.com\/avatar\/29491ec59dbc2f899f1cb4052e9f2827b5aee3a84bdc66a9fd6789abc018a99d?s=96&d=mm&r=g","url":"https:\/\/secure.gravatar.com\/avatar\/29491ec59dbc2f899f1cb4052e9f2827b5aee3a84bdc66a9fd6789abc018a99d?s=96&d=mm&r=g","contentUrl":"https:\/\/secure.gravatar.com\/avatar\/29491ec59dbc2f899f1cb4052e9f2827b5aee3a84bdc66a9fd6789abc018a99d?s=96&d=mm&r=g","caption":"Mat\u00edas Dom\u00ednguez"},"url":"https:\/\/gentedebasquet.com.ar\/sitio\/author\/matias-dominguez\/"}]}},"_links":{"self":[{"href":"https:\/\/gentedebasquet.com.ar\/sitio\/wp-json\/wp\/v2\/posts\/117853","targetHints":{"allow":["GET"]}}],"collection":[{"href":"https:\/\/gentedebasquet.com.ar\/sitio\/wp-json\/wp\/v2\/posts"}],"about":[{"href":"https:\/\/gentedebasquet.com.ar\/sitio\/wp-json\/wp\/v2\/types\/post"}],"author":[{"embeddable":true,"href":"https:\/\/gentedebasquet.com.ar\/sitio\/wp-json\/wp\/v2\/users\/62"}],"replies":[{"embeddable":true,"href":"https:\/\/gentedebasquet.com.ar\/sitio\/wp-json\/wp\/v2\/comments?post=117853"}],"version-history":[{"count":3,"href":"https:\/\/gentedebasquet.com.ar\/sitio\/wp-json\/wp\/v2\/posts\/117853\/revisions"}],"predecessor-version":[{"id":117870,"href":"https:\/\/gentedebasquet.com.ar\/sitio\/wp-json\/wp\/v2\/posts\/117853\/revisions\/117870"}],"wp:featuredmedia":[{"embeddable":true,"href":"https:\/\/gentedebasquet.com.ar\/sitio\/wp-json\/wp\/v2\/media\/117861"}],"wp:attachment":[{"href":"https:\/\/gentedebasquet.com.ar\/sitio\/wp-json\/wp\/v2\/media?parent=117853"}],"wp:term":[{"taxonomy":"category","embeddable":true,"href":"https:\/\/gentedebasquet.com.ar\/sitio\/wp-json\/wp\/v2\/categories?post=117853"},{"taxonomy":"post_tag","embeddable":true,"href":"https:\/\/gentedebasquet.com.ar\/sitio\/wp-json\/wp\/v2\/tags?post=117853"}],"curies":[{"name":"wp","href":"https:\/\/api.w.org\/{rel}","templated":true}]}}