{"id":117875,"date":"2025-09-12T05:54:31","date_gmt":"2025-09-12T03:54:31","guid":{"rendered":"https:\/\/gentedebasquet.com.ar\/sitio\/?p=117875"},"modified":"2025-09-12T05:54:31","modified_gmt":"2025-09-12T03:54:31","slug":"la-noche-de-los-puntos","status":"publish","type":"post","link":"https:\/\/gentedebasquet.com.ar\/sitio\/2025\/09\/12\/la-noche-de-los-puntos\/","title":{"rendered":"La noche de los puntos"},"content":{"rendered":"<p><strong>Estrella venci\u00f3 a Estudiantes por 87-75, en un partido desplegado de ofensiva, en el que cuatro de sus cinco titulares estuvieron por encima de los 15 puntos.<\/strong><\/p>\n<p><strong>El encuentro comenz\u00f3 de forma fluida,<\/strong> con un tiro perimetral que fue protagonista para ambos equipos. <strong>Estudiantes, tuvo un cierre err\u00e1tico,<\/strong> lo que puso a los locales en cabeza cerrando el cuarto arriba 21-17.<\/p>\n<p>Estrella comenz\u00f3 con todo, <strong>logrando un parcial 9-1 con cinco puntos de Lahuel Silva.<\/strong> Sin embargo, la visita, con un<strong> Lucas Delgado desatado desde la banca, anotando 11 puntos<\/strong> y tres triples, volvi\u00f3 a meterse en el partido. Finalmente, el cuarto cerr\u00f3 42-38 para el anfitri\u00f3n, destac\u00e1ndose el ya mencionado Silva, con 19 puntos en la primera mitad.<\/p>\n<p>Tras el descanso, Estudiantes sali\u00f3 decidido, otra vez <strong>con Aguirre como protagonista, y logr\u00f3 reducir la diferencia a dos posesiones.<\/strong> Los de calle Falc\u00f3n se mantuvieron firmes y nunca cedieron terreno, lo que empez\u00f3 a incomodar a la visita. La tensi\u00f3n alcanz\u00f3 su punto m\u00e1s alto cuando, tras una discusi\u00f3n, <strong>Ger\u00f3nimo Mitoire y Mat\u00edas Mart\u00ednez estuvieron al borde de superar las palabras.<\/strong> Afortunadamente, sus compa\u00f1eros intervinieron a tiempo y consiguieron apaciguar los \u00e1nimos de ambos. Estrella, aprovech\u00f3 el mal momento, y cerr\u00f3 el tercer cuarto arriba, 70-63.<\/p>\n<p>Finalmente, los de Barrio San Mart\u00edn fueron superiores en el \u00faltimo cuarto. <strong>Santiago Quiroga, Tom\u00e1s Pe\u00f1a y Fausto Herrera se hicieron protagonistas, aportando puntos y presencia<\/strong> en los momentos clave, para que Estrella cierre el partido sin sobresaltos y se quede con la victoria por 87-75.<\/p>\n<p><strong>Los dirigidos por Walter Romerniszyn se quedaron con un triunfo clave en la pelea por la permanencia. Estudiantes, en cambio, contin\u00faa sin poder sumar victorias en lo que va del certamen.<\/strong><\/p>\n<div class=\"jeg_video_container jeg_video_content\">\n<div class=\"jeg_video_container jeg_video_content\">\n<div class=\"jeg_video_container jeg_video_content\">\n<div class=\"jeg_video_container jeg_video_content\">\n<div class=\"jeg_video_container jeg_video_content\"><iframe loading=\"lazy\" title=\"#Primera - Fecha #3: Estrella 87 - 75 Estudiantes\" width=\"500\" height=\"281\" src=\"https:\/\/www.youtube.com\/embed\/zv-HgE0dBqc?feature=oembed\" frameborder=\"0\" allow=\"accelerometer; autoplay; clipboard-write; encrypted-media; gyroscope; picture-in-picture; web-share\" referrerpolicy=\"strict-origin-when-cross-origin\" allowfullscreen><\/iframe><\/div>\n<\/div>\n<\/div>\n<\/div>\n<\/div>\n<p><img decoding=\"async\" class=\"alignnone wp-image-117879 \" src=\"http:\/\/gentedebasquet.com.ar\/sitio\/wp-content\/uploads\/2025\/09\/CLAVE-6-1024x1024.png\" alt=\"\" width=\"300\" height=\"300\" data-pin-no-hover=\"true\" srcset=\"https:\/\/gentedebasquet.com.ar\/sitio\/wp-content\/uploads\/2025\/09\/CLAVE-6-1024x1024.png 1024w, https:\/\/gentedebasquet.com.ar\/sitio\/wp-content\/uploads\/2025\/09\/CLAVE-6-300x300.png 300w, https:\/\/gentedebasquet.com.ar\/sitio\/wp-content\/uploads\/2025\/09\/CLAVE-6-150x150.png 150w, https:\/\/gentedebasquet.com.ar\/sitio\/wp-content\/uploads\/2025\/09\/CLAVE-6-768x768.png 768w, https:\/\/gentedebasquet.com.ar\/sitio\/wp-content\/uploads\/2025\/09\/CLAVE-6-1536x1536.png 1536w, https:\/\/gentedebasquet.com.ar\/sitio\/wp-content\/uploads\/2025\/09\/CLAVE-6-75x75.png 75w, https:\/\/gentedebasquet.com.ar\/sitio\/wp-content\/uploads\/2025\/09\/CLAVE-6-350x350.png 350w, https:\/\/gentedebasquet.com.ar\/sitio\/wp-content\/uploads\/2025\/09\/CLAVE-6-750x750.png 750w, https:\/\/gentedebasquet.com.ar\/sitio\/wp-content\/uploads\/2025\/09\/CLAVE-6-1140x1140.png 1140w, https:\/\/gentedebasquet.com.ar\/sitio\/wp-content\/uploads\/2025\/09\/CLAVE-6.png 2000w\" sizes=\"(max-width: 300px) 100vw, 300px\" \/><\/p>\n<p><img decoding=\"async\" class=\"alignnone wp-image-117881 \" src=\"http:\/\/gentedebasquet.com.ar\/sitio\/wp-content\/uploads\/2025\/09\/IMG_20250911_223753-1024x768.jpg\" alt=\"\" width=\"400\" height=\"300\" data-pin-no-hover=\"true\" srcset=\"https:\/\/gentedebasquet.com.ar\/sitio\/wp-content\/uploads\/2025\/09\/IMG_20250911_223753-1024x768.jpg 1024w, https:\/\/gentedebasquet.com.ar\/sitio\/wp-content\/uploads\/2025\/09\/IMG_20250911_223753-300x225.jpg 300w, https:\/\/gentedebasquet.com.ar\/sitio\/wp-content\/uploads\/2025\/09\/IMG_20250911_223753-768x576.jpg 768w, https:\/\/gentedebasquet.com.ar\/sitio\/wp-content\/uploads\/2025\/09\/IMG_20250911_223753-1536x1152.jpg 1536w, https:\/\/gentedebasquet.com.ar\/sitio\/wp-content\/uploads\/2025\/09\/IMG_20250911_223753-2048x1536.jpg 2048w, https:\/\/gentedebasquet.com.ar\/sitio\/wp-content\/uploads\/2025\/09\/IMG_20250911_223753-750x563.jpg 750w, https:\/\/gentedebasquet.com.ar\/sitio\/wp-content\/uploads\/2025\/09\/IMG_20250911_223753-1140x855.jpg 1140w\" sizes=\"(max-width: 400px) 100vw, 400px\" \/><\/p>\n<blockquote><p>\u00ab Content\u00edsimos la verdad, necesit\u00e1bamos esta victoria, la est\u00e1bamos buscando. Perdimos con 9 de Julio, un rival directo, as\u00ed que ven\u00edamos a buscar el triunfo. La clave fue la defensa, y estar un poco m\u00e1s finos en ataque que nos ven\u00eda costando un poco. \u00bb<strong> Santiago Quiroga, Estrella.<\/strong><\/p><\/blockquote>\n<p><img decoding=\"async\" class=\"alignnone wp-image-117880 \" src=\"http:\/\/gentedebasquet.com.ar\/sitio\/wp-content\/uploads\/2025\/09\/MVP-3-1024x1024.png\" alt=\"\" width=\"300\" height=\"300\" data-pin-no-hover=\"true\" srcset=\"https:\/\/gentedebasquet.com.ar\/sitio\/wp-content\/uploads\/2025\/09\/MVP-3-1024x1024.png 1024w, https:\/\/gentedebasquet.com.ar\/sitio\/wp-content\/uploads\/2025\/09\/MVP-3-300x300.png 300w, https:\/\/gentedebasquet.com.ar\/sitio\/wp-content\/uploads\/2025\/09\/MVP-3-150x150.png 150w, https:\/\/gentedebasquet.com.ar\/sitio\/wp-content\/uploads\/2025\/09\/MVP-3-768x768.png 768w, https:\/\/gentedebasquet.com.ar\/sitio\/wp-content\/uploads\/2025\/09\/MVP-3-1536x1536.png 1536w, https:\/\/gentedebasquet.com.ar\/sitio\/wp-content\/uploads\/2025\/09\/MVP-3-75x75.png 75w, https:\/\/gentedebasquet.com.ar\/sitio\/wp-content\/uploads\/2025\/09\/MVP-3-350x350.png 350w, https:\/\/gentedebasquet.com.ar\/sitio\/wp-content\/uploads\/2025\/09\/MVP-3-750x750.png 750w, https:\/\/gentedebasquet.com.ar\/sitio\/wp-content\/uploads\/2025\/09\/MVP-3-1140x1140.png 1140w, https:\/\/gentedebasquet.com.ar\/sitio\/wp-content\/uploads\/2025\/09\/MVP-3.png 2000w\" sizes=\"(max-width: 300px) 100vw, 300px\" \/><\/p>\n<p><strong>S\u00edntesis \u2013<\/strong>\u00a0<strong>Primera \u2013\u00a0 Fecha 3<\/strong><\/p>\n<p><strong>Estrella 87:<\/strong> Fausto Herrera 25, Tom\u00e1s Pe\u00f1a 15, Santiago Quiroga 22, Nahuel C\u00e1mara 2, Lahuel Silva 22, <strong>(FI);<\/strong> Bruno Gigliotti 1, Mat\u00edas Specogna 0, Agust\u00edn Kucan 0, Emanuel Giusto 0, Maximiliano Astradas 0. <strong>DT: Walter Hugo Romerniszyn.<\/strong><\/p>\n<p><strong>Estudiantes 75<\/strong>: Ramiro Aguirre 7, Mat\u00edas Mart\u00ednez 3, Jorge Garc\u00eda 8, Jer\u00f3nimo Mitoire 12, Jos\u00e9 Belleggia 17,<strong> (FI);<\/strong> Lucas Delgado 23, Juli\u00e1n Rodr\u00edguez 4, Pedro Santiago 1, Sebasti\u00e1n Ranieri 0. <strong>DT: Ariel Ugolini.<\/strong><\/p>\n<p><strong>Parciales:<\/strong> 21-17, 42-38 (21-21), 70-63 (28-25), 87-75 (17-12).<\/p>\n<p><strong>\u00c1rbitros:<\/strong> Eduardo Ferreyra &#8211; Sebasti\u00e1n Giannino &#8211; Mauro Guallan.<\/p>\n<p><strong>Estadio: <\/strong>Luis \u00c1lvarez (Estrella).<\/p>\n","protected":false},"excerpt":{"rendered":"<p>Estrella venci\u00f3 a Estudiantes por 87-75, en un partido desplegado de ofensiva, en el que cuatro de sus cinco titulares estuvieron por encima de los 15 puntos. El encuentro comenz\u00f3 de forma fluida, con un tiro perimetral que fue protagonista para ambos equipos. Estudiantes, tuvo un cierre err\u00e1tico, lo que puso a los locales en [&hellip;]<\/p>\n","protected":false},"author":84,"featured_media":117887,"comment_status":"closed","ping_status":"open","sticky":false,"template":"","format":"standard","meta":{"jnews-multi-image_gallery":[],"jnews_single_post":{"source_name":"","source_url":"","via_name":"","via_url":"","override_template":"0","override":[{"template":"1","single_blog_custom":"","parallax":"1","fullscreen":"1","layout":"right-sidebar","sidebar":"default-sidebar","second_sidebar":"default-sidebar","sticky_sidebar":"1","share_position":"top","share_float_style":"share-monocrhome","show_share_counter":"0","show_view_counter":"0","show_featured":"1","show_post_meta":"1","show_post_author":"1","show_post_author_image":"0","show_post_date":"1","post_date_format":"default","post_date_format_custom":"Y\/m\/d","show_post_category":"1","show_post_reading_time":"0","post_reading_time_wpm":"300","show_zoom_button":"0","zoom_button_out_step":"2","zoom_button_in_step":"3","show_post_tag":"1","show_prev_next_post":"1","show_popup_post":"0","number_popup_post":"1","show_author_box":"0","show_post_related":"0","show_inline_post_related":"0"}],"override_image_size":"0","image_override":[{"single_post_thumbnail_size":"crop-500","single_post_gallery_size":"crop-500"}],"trending_post":"0","trending_post_position":"meta","trending_post_label":"Trending","sponsored_post":"0","sponsored_post_label":"Sponsored by","sponsored_post_name":"","sponsored_post_url":"","sponsored_post_logo_enable":"0","sponsored_post_logo":"","sponsored_post_desc":"","disable_ad":"0"},"jnews_primary_category":{"id":"","hide":""},"footnotes":""},"categories":[23],"tags":[10,11,1986,667,1990,508,271,1977],"class_list":["post-117875","post","type-post","status-publish","format-standard","has-post-thumbnail","hentry","category-primera","tag-estrella","tag-estudiantes","tag-fausto-herrera","tag-lahuel-silva","tag-lucas-delgado","tag-primera-division","tag-santiago-quiroga","tag-torneo-de-primera"],"yoast_head":"<!-- This site is optimized with the Yoast SEO plugin v27.5 - https:\/\/yoast.com\/product\/yoast-seo-wordpress\/ -->\n<title>La noche de los puntos - Gente de B\u00e1squet<\/title>\n<meta name=\"robots\" content=\"index, follow, max-snippet:-1, max-image-preview:large, max-video-preview:-1\" \/>\n<link rel=\"canonical\" href=\"https:\/\/gentedebasquet.com.ar\/sitio\/2025\/09\/12\/la-noche-de-los-puntos\/\" \/>\n<meta property=\"og:locale\" content=\"es_ES\" \/>\n<meta property=\"og:type\" content=\"article\" \/>\n<meta property=\"og:title\" content=\"La noche de los puntos - Gente de B\u00e1squet\" \/>\n<meta property=\"og:description\" content=\"Estrella venci\u00f3 a Estudiantes por 87-75, en un partido desplegado de ofensiva, en el que cuatro de sus cinco titulares estuvieron por encima de los 15 puntos. El encuentro comenz\u00f3 de forma fluida, con un tiro perimetral que fue protagonista para ambos equipos. Estudiantes, tuvo un cierre err\u00e1tico, lo que puso a los locales en [&hellip;]\" \/>\n<meta property=\"og:url\" content=\"https:\/\/gentedebasquet.com.ar\/sitio\/2025\/09\/12\/la-noche-de-los-puntos\/\" \/>\n<meta property=\"og:site_name\" content=\"Gente de B\u00e1squet\" \/>\n<meta property=\"article:published_time\" content=\"2025-09-12T03:54:31+00:00\" \/>\n<meta property=\"og:image\" content=\"https:\/\/gentedebasquet.com.ar\/sitio\/wp-content\/uploads\/2025\/09\/Snapshot-1024x576.png\" \/>\n\t<meta property=\"og:image:width\" content=\"1024\" \/>\n\t<meta property=\"og:image:height\" content=\"576\" \/>\n\t<meta property=\"og:image:type\" content=\"image\/png\" \/>\n<meta name=\"author\" content=\"Facundo Elizalde\" \/>\n<meta name=\"twitter:card\" content=\"summary_large_image\" \/>\n<meta name=\"twitter:label1\" content=\"Escrito por\" \/>\n\t<meta name=\"twitter:data1\" content=\"Facundo Elizalde\" \/>\n\t<meta name=\"twitter:label2\" content=\"Tiempo de lectura\" \/>\n\t<meta name=\"twitter:data2\" content=\"3 minutos\" \/>\n<script type=\"application\/ld+json\" class=\"yoast-schema-graph\">{\"@context\":\"https:\\\/\\\/schema.org\",\"@graph\":[{\"@type\":\"Article\",\"@id\":\"https:\\\/\\\/gentedebasquet.com.ar\\\/sitio\\\/2025\\\/09\\\/12\\\/la-noche-de-los-puntos\\\/#article\",\"isPartOf\":{\"@id\":\"https:\\\/\\\/gentedebasquet.com.ar\\\/sitio\\\/2025\\\/09\\\/12\\\/la-noche-de-los-puntos\\\/\"},\"author\":{\"name\":\"Facundo Elizalde\",\"@id\":\"https:\\\/\\\/gentedebasquet.com.ar\\\/sitio\\\/#\\\/schema\\\/person\\\/2830c671ecf949fe6896fdc95b81667e\"},\"headline\":\"La noche de los puntos\",\"datePublished\":\"2025-09-12T03:54:31+00:00\",\"mainEntityOfPage\":{\"@id\":\"https:\\\/\\\/gentedebasquet.com.ar\\\/sitio\\\/2025\\\/09\\\/12\\\/la-noche-de-los-puntos\\\/\"},\"wordCount\":445,\"image\":{\"@id\":\"https:\\\/\\\/gentedebasquet.com.ar\\\/sitio\\\/2025\\\/09\\\/12\\\/la-noche-de-los-puntos\\\/#primaryimage\"},\"thumbnailUrl\":\"https:\\\/\\\/gentedebasquet.com.ar\\\/sitio\\\/wp-content\\\/uploads\\\/2025\\\/09\\\/Snapshot.png\",\"keywords\":[\"Estrella\",\"Estudiantes\",\"Fausto Herrera\",\"Lahuel Silva\",\"Lucas Delgado\",\"Primera Divisi\u00f3n\",\"Santiago Quiroga\",\"Torneo de Primera\"],\"articleSection\":[\"Primera\"],\"inLanguage\":\"es\"},{\"@type\":\"WebPage\",\"@id\":\"https:\\\/\\\/gentedebasquet.com.ar\\\/sitio\\\/2025\\\/09\\\/12\\\/la-noche-de-los-puntos\\\/\",\"url\":\"https:\\\/\\\/gentedebasquet.com.ar\\\/sitio\\\/2025\\\/09\\\/12\\\/la-noche-de-los-puntos\\\/\",\"name\":\"La noche de los puntos - Gente de B\u00e1squet\",\"isPartOf\":{\"@id\":\"https:\\\/\\\/gentedebasquet.com.ar\\\/sitio\\\/#website\"},\"primaryImageOfPage\":{\"@id\":\"https:\\\/\\\/gentedebasquet.com.ar\\\/sitio\\\/2025\\\/09\\\/12\\\/la-noche-de-los-puntos\\\/#primaryimage\"},\"image\":{\"@id\":\"https:\\\/\\\/gentedebasquet.com.ar\\\/sitio\\\/2025\\\/09\\\/12\\\/la-noche-de-los-puntos\\\/#primaryimage\"},\"thumbnailUrl\":\"https:\\\/\\\/gentedebasquet.com.ar\\\/sitio\\\/wp-content\\\/uploads\\\/2025\\\/09\\\/Snapshot.png\",\"datePublished\":\"2025-09-12T03:54:31+00:00\",\"author\":{\"@id\":\"https:\\\/\\\/gentedebasquet.com.ar\\\/sitio\\\/#\\\/schema\\\/person\\\/2830c671ecf949fe6896fdc95b81667e\"},\"breadcrumb\":{\"@id\":\"https:\\\/\\\/gentedebasquet.com.ar\\\/sitio\\\/2025\\\/09\\\/12\\\/la-noche-de-los-puntos\\\/#breadcrumb\"},\"inLanguage\":\"es\",\"potentialAction\":[{\"@type\":\"ReadAction\",\"target\":[\"https:\\\/\\\/gentedebasquet.com.ar\\\/sitio\\\/2025\\\/09\\\/12\\\/la-noche-de-los-puntos\\\/\"]}]},{\"@type\":\"ImageObject\",\"inLanguage\":\"es\",\"@id\":\"https:\\\/\\\/gentedebasquet.com.ar\\\/sitio\\\/2025\\\/09\\\/12\\\/la-noche-de-los-puntos\\\/#primaryimage\",\"url\":\"https:\\\/\\\/gentedebasquet.com.ar\\\/sitio\\\/wp-content\\\/uploads\\\/2025\\\/09\\\/Snapshot.png\",\"contentUrl\":\"https:\\\/\\\/gentedebasquet.com.ar\\\/sitio\\\/wp-content\\\/uploads\\\/2025\\\/09\\\/Snapshot.png\",\"width\":1920,\"height\":1080},{\"@type\":\"BreadcrumbList\",\"@id\":\"https:\\\/\\\/gentedebasquet.com.ar\\\/sitio\\\/2025\\\/09\\\/12\\\/la-noche-de-los-puntos\\\/#breadcrumb\",\"itemListElement\":[{\"@type\":\"ListItem\",\"position\":1,\"name\":\"Portada\",\"item\":\"https:\\\/\\\/gentedebasquet.com.ar\\\/sitio\\\/\"},{\"@type\":\"ListItem\",\"position\":2,\"name\":\"La noche de los puntos\"}]},{\"@type\":\"WebSite\",\"@id\":\"https:\\\/\\\/gentedebasquet.com.ar\\\/sitio\\\/#website\",\"url\":\"https:\\\/\\\/gentedebasquet.com.ar\\\/sitio\\\/\",\"name\":\"Gente de B\u00e1squet\",\"description\":\"La revista del basquet de Bah\u00eda Blanca\",\"potentialAction\":[{\"@type\":\"SearchAction\",\"target\":{\"@type\":\"EntryPoint\",\"urlTemplate\":\"https:\\\/\\\/gentedebasquet.com.ar\\\/sitio\\\/?s={search_term_string}\"},\"query-input\":{\"@type\":\"PropertyValueSpecification\",\"valueRequired\":true,\"valueName\":\"search_term_string\"}}],\"inLanguage\":\"es\"},{\"@type\":\"Person\",\"@id\":\"https:\\\/\\\/gentedebasquet.com.ar\\\/sitio\\\/#\\\/schema\\\/person\\\/2830c671ecf949fe6896fdc95b81667e\",\"name\":\"Facundo Elizalde\",\"image\":{\"@type\":\"ImageObject\",\"inLanguage\":\"es\",\"@id\":\"https:\\\/\\\/secure.gravatar.com\\\/avatar\\\/38bc8b15c12547ad3ed99650859898dc3f58534034667dbb6c2788c85e4f6edb?s=96&d=mm&r=g\",\"url\":\"https:\\\/\\\/secure.gravatar.com\\\/avatar\\\/38bc8b15c12547ad3ed99650859898dc3f58534034667dbb6c2788c85e4f6edb?s=96&d=mm&r=g\",\"contentUrl\":\"https:\\\/\\\/secure.gravatar.com\\\/avatar\\\/38bc8b15c12547ad3ed99650859898dc3f58534034667dbb6c2788c85e4f6edb?s=96&d=mm&r=g\",\"caption\":\"Facundo Elizalde\"},\"url\":\"https:\\\/\\\/gentedebasquet.com.ar\\\/sitio\\\/author\\\/facundo\\\/\"}]}<\/script>\n<!-- \/ Yoast SEO plugin. -->","yoast_head_json":{"title":"La noche de los puntos - Gente de B\u00e1squet","robots":{"index":"index","follow":"follow","max-snippet":"max-snippet:-1","max-image-preview":"max-image-preview:large","max-video-preview":"max-video-preview:-1"},"canonical":"https:\/\/gentedebasquet.com.ar\/sitio\/2025\/09\/12\/la-noche-de-los-puntos\/","og_locale":"es_ES","og_type":"article","og_title":"La noche de los puntos - Gente de B\u00e1squet","og_description":"Estrella venci\u00f3 a Estudiantes por 87-75, en un partido desplegado de ofensiva, en el que cuatro de sus cinco titulares estuvieron por encima de los 15 puntos. El encuentro comenz\u00f3 de forma fluida, con un tiro perimetral que fue protagonista para ambos equipos. Estudiantes, tuvo un cierre err\u00e1tico, lo que puso a los locales en [&hellip;]","og_url":"https:\/\/gentedebasquet.com.ar\/sitio\/2025\/09\/12\/la-noche-de-los-puntos\/","og_site_name":"Gente de B\u00e1squet","article_published_time":"2025-09-12T03:54:31+00:00","og_image":[{"width":1024,"height":576,"url":"https:\/\/gentedebasquet.com.ar\/sitio\/wp-content\/uploads\/2025\/09\/Snapshot-1024x576.png","type":"image\/png"}],"author":"Facundo Elizalde","twitter_card":"summary_large_image","twitter_misc":{"Escrito por":"Facundo Elizalde","Tiempo de lectura":"3 minutos"},"schema":{"@context":"https:\/\/schema.org","@graph":[{"@type":"Article","@id":"https:\/\/gentedebasquet.com.ar\/sitio\/2025\/09\/12\/la-noche-de-los-puntos\/#article","isPartOf":{"@id":"https:\/\/gentedebasquet.com.ar\/sitio\/2025\/09\/12\/la-noche-de-los-puntos\/"},"author":{"name":"Facundo Elizalde","@id":"https:\/\/gentedebasquet.com.ar\/sitio\/#\/schema\/person\/2830c671ecf949fe6896fdc95b81667e"},"headline":"La noche de los puntos","datePublished":"2025-09-12T03:54:31+00:00","mainEntityOfPage":{"@id":"https:\/\/gentedebasquet.com.ar\/sitio\/2025\/09\/12\/la-noche-de-los-puntos\/"},"wordCount":445,"image":{"@id":"https:\/\/gentedebasquet.com.ar\/sitio\/2025\/09\/12\/la-noche-de-los-puntos\/#primaryimage"},"thumbnailUrl":"https:\/\/gentedebasquet.com.ar\/sitio\/wp-content\/uploads\/2025\/09\/Snapshot.png","keywords":["Estrella","Estudiantes","Fausto Herrera","Lahuel Silva","Lucas Delgado","Primera Divisi\u00f3n","Santiago Quiroga","Torneo de Primera"],"articleSection":["Primera"],"inLanguage":"es"},{"@type":"WebPage","@id":"https:\/\/gentedebasquet.com.ar\/sitio\/2025\/09\/12\/la-noche-de-los-puntos\/","url":"https:\/\/gentedebasquet.com.ar\/sitio\/2025\/09\/12\/la-noche-de-los-puntos\/","name":"La noche de los puntos - Gente de B\u00e1squet","isPartOf":{"@id":"https:\/\/gentedebasquet.com.ar\/sitio\/#website"},"primaryImageOfPage":{"@id":"https:\/\/gentedebasquet.com.ar\/sitio\/2025\/09\/12\/la-noche-de-los-puntos\/#primaryimage"},"image":{"@id":"https:\/\/gentedebasquet.com.ar\/sitio\/2025\/09\/12\/la-noche-de-los-puntos\/#primaryimage"},"thumbnailUrl":"https:\/\/gentedebasquet.com.ar\/sitio\/wp-content\/uploads\/2025\/09\/Snapshot.png","datePublished":"2025-09-12T03:54:31+00:00","author":{"@id":"https:\/\/gentedebasquet.com.ar\/sitio\/#\/schema\/person\/2830c671ecf949fe6896fdc95b81667e"},"breadcrumb":{"@id":"https:\/\/gentedebasquet.com.ar\/sitio\/2025\/09\/12\/la-noche-de-los-puntos\/#breadcrumb"},"inLanguage":"es","potentialAction":[{"@type":"ReadAction","target":["https:\/\/gentedebasquet.com.ar\/sitio\/2025\/09\/12\/la-noche-de-los-puntos\/"]}]},{"@type":"ImageObject","inLanguage":"es","@id":"https:\/\/gentedebasquet.com.ar\/sitio\/2025\/09\/12\/la-noche-de-los-puntos\/#primaryimage","url":"https:\/\/gentedebasquet.com.ar\/sitio\/wp-content\/uploads\/2025\/09\/Snapshot.png","contentUrl":"https:\/\/gentedebasquet.com.ar\/sitio\/wp-content\/uploads\/2025\/09\/Snapshot.png","width":1920,"height":1080},{"@type":"BreadcrumbList","@id":"https:\/\/gentedebasquet.com.ar\/sitio\/2025\/09\/12\/la-noche-de-los-puntos\/#breadcrumb","itemListElement":[{"@type":"ListItem","position":1,"name":"Portada","item":"https:\/\/gentedebasquet.com.ar\/sitio\/"},{"@type":"ListItem","position":2,"name":"La noche de los puntos"}]},{"@type":"WebSite","@id":"https:\/\/gentedebasquet.com.ar\/sitio\/#website","url":"https:\/\/gentedebasquet.com.ar\/sitio\/","name":"Gente de B\u00e1squet","description":"La revista del basquet de Bah\u00eda Blanca","potentialAction":[{"@type":"SearchAction","target":{"@type":"EntryPoint","urlTemplate":"https:\/\/gentedebasquet.com.ar\/sitio\/?s={search_term_string}"},"query-input":{"@type":"PropertyValueSpecification","valueRequired":true,"valueName":"search_term_string"}}],"inLanguage":"es"},{"@type":"Person","@id":"https:\/\/gentedebasquet.com.ar\/sitio\/#\/schema\/person\/2830c671ecf949fe6896fdc95b81667e","name":"Facundo Elizalde","image":{"@type":"ImageObject","inLanguage":"es","@id":"https:\/\/secure.gravatar.com\/avatar\/38bc8b15c12547ad3ed99650859898dc3f58534034667dbb6c2788c85e4f6edb?s=96&d=mm&r=g","url":"https:\/\/secure.gravatar.com\/avatar\/38bc8b15c12547ad3ed99650859898dc3f58534034667dbb6c2788c85e4f6edb?s=96&d=mm&r=g","contentUrl":"https:\/\/secure.gravatar.com\/avatar\/38bc8b15c12547ad3ed99650859898dc3f58534034667dbb6c2788c85e4f6edb?s=96&d=mm&r=g","caption":"Facundo Elizalde"},"url":"https:\/\/gentedebasquet.com.ar\/sitio\/author\/facundo\/"}]}},"_links":{"self":[{"href":"https:\/\/gentedebasquet.com.ar\/sitio\/wp-json\/wp\/v2\/posts\/117875","targetHints":{"allow":["GET"]}}],"collection":[{"href":"https:\/\/gentedebasquet.com.ar\/sitio\/wp-json\/wp\/v2\/posts"}],"about":[{"href":"https:\/\/gentedebasquet.com.ar\/sitio\/wp-json\/wp\/v2\/types\/post"}],"author":[{"embeddable":true,"href":"https:\/\/gentedebasquet.com.ar\/sitio\/wp-json\/wp\/v2\/users\/84"}],"replies":[{"embeddable":true,"href":"https:\/\/gentedebasquet.com.ar\/sitio\/wp-json\/wp\/v2\/comments?post=117875"}],"version-history":[{"count":2,"href":"https:\/\/gentedebasquet.com.ar\/sitio\/wp-json\/wp\/v2\/posts\/117875\/revisions"}],"predecessor-version":[{"id":117888,"href":"https:\/\/gentedebasquet.com.ar\/sitio\/wp-json\/wp\/v2\/posts\/117875\/revisions\/117888"}],"wp:featuredmedia":[{"embeddable":true,"href":"https:\/\/gentedebasquet.com.ar\/sitio\/wp-json\/wp\/v2\/media\/117887"}],"wp:attachment":[{"href":"https:\/\/gentedebasquet.com.ar\/sitio\/wp-json\/wp\/v2\/media?parent=117875"}],"wp:term":[{"taxonomy":"category","embeddable":true,"href":"https:\/\/gentedebasquet.com.ar\/sitio\/wp-json\/wp\/v2\/categories?post=117875"},{"taxonomy":"post_tag","embeddable":true,"href":"https:\/\/gentedebasquet.com.ar\/sitio\/wp-json\/wp\/v2\/tags?post=117875"}],"curies":[{"name":"wp","href":"https:\/\/api.w.org\/{rel}","templated":true}]}}