{"id":117882,"date":"2025-09-12T06:45:17","date_gmt":"2025-09-12T04:45:17","guid":{"rendered":"https:\/\/gentedebasquet.com.ar\/sitio\/?p=117882"},"modified":"2025-09-12T06:45:17","modified_gmt":"2025-09-12T04:45:17","slug":"napo-mostro-su-version-finalista","status":"publish","type":"post","link":"https:\/\/gentedebasquet.com.ar\/sitio\/2025\/09\/12\/napo-mostro-su-version-finalista\/","title":{"rendered":"Napo mostr\u00f3 su versi\u00f3n finalista"},"content":{"rendered":"<p><strong>Napost\u00e1 venci\u00f3 a Liniers<\/strong> en el Osvaldo Casanova y sum\u00f3 su segunda victoria al hilo. Con buenos rendimientos individuales, pasajes de fortaleza defensiva y un <strong>Guido Muzi encendido<\/strong>, mostr\u00f3 algunas de las claves que lo llevaron a la final del primer torneo.<\/p>\n<p><strong>Napo lo gan\u00f3 de punta a punta<\/strong>, lleg\u00f3 a sacar +13 en el primer cuarto (12-25 y 14-27), con 15 puntos de Muzi (tres triples). Liniers tom\u00f3 malas decisiones en ataque, no le encontr\u00f3 la vuelta a la defensa y los ajustes no le funcionaron.<\/p>\n<p>El segundo cuarto tuvo m\u00e1s gol, pero fue parejo y le permiti\u00f3 a los de Piccinini mantener la ventaja de 11. Muzi sum\u00f3 algunos puntos m\u00e1s y termin\u00f3 el primer tiempo con 20 unidades. <strong>Franco Ferrari, como es habitual, fue la carta ofensiva del \u00abChivo\u00bb<\/strong>. Encontr\u00f3 tambi\u00e9n buenos pasajes de Agull\u00f3 y de Cancelarich.<\/p>\n<p><strong>En la segunda parte ajustaron las marcas<\/strong>, ambos equipos se cargaron de foules, pero <strong>Liniers nunca pudo recortar la diferencia de primer tiempo<\/strong>. Napo sum\u00f3 en manos de Alema\u00f1y y tuvo varios minutos de Nico S\u00e1nchez, que sigue poni\u00e9ndose a tono.<\/p>\n<p>Los \u00faltimos diez minutos completaron el partido, <strong>Muzi cerr\u00f3 un partido brillante de 32 puntos<\/strong>, con buenos rendimientos de Vasconcelo y Gast\u00f3n Torres, y buenos minutos del chico Enzo Roth. <strong>Liniers dej\u00f3 algunas cosas positivas con Ferrari, Cancelarich y Agull\u00f3<\/strong>, pero nunca pudo estar en partido. <strong>Napost\u00e1 se qued\u00f3 con el cl\u00e1sico de la Avenida Alem<\/strong> 74-89 y sigue sumando en la tabla de posiciones.<\/p>\n<div class=\"jeg_video_container jeg_video_content\"><iframe loading=\"lazy\" title=\"#Primera - Fecha #3: Liniers 74 - 89 Napost\u00e1\" width=\"500\" height=\"281\" src=\"https:\/\/www.youtube.com\/embed\/_RUf68J-j3U?feature=oembed\" frameborder=\"0\" allow=\"accelerometer; autoplay; clipboard-write; encrypted-media; gyroscope; picture-in-picture; web-share\" referrerpolicy=\"strict-origin-when-cross-origin\" allowfullscreen><\/iframe><\/div>\n<p><img decoding=\"async\" class=\"alignnone size-medium wp-image-117897\" src=\"http:\/\/gentedebasquet.com.ar\/sitio\/wp-content\/uploads\/2025\/09\/CLAVE-napo-300x300.png\" alt=\"\" width=\"300\" height=\"300\" srcset=\"https:\/\/gentedebasquet.com.ar\/sitio\/wp-content\/uploads\/2025\/09\/CLAVE-napo-300x300.png 300w, https:\/\/gentedebasquet.com.ar\/sitio\/wp-content\/uploads\/2025\/09\/CLAVE-napo-1024x1024.png 1024w, https:\/\/gentedebasquet.com.ar\/sitio\/wp-content\/uploads\/2025\/09\/CLAVE-napo-150x150.png 150w, https:\/\/gentedebasquet.com.ar\/sitio\/wp-content\/uploads\/2025\/09\/CLAVE-napo-768x768.png 768w, https:\/\/gentedebasquet.com.ar\/sitio\/wp-content\/uploads\/2025\/09\/CLAVE-napo-1536x1536.png 1536w, https:\/\/gentedebasquet.com.ar\/sitio\/wp-content\/uploads\/2025\/09\/CLAVE-napo-75x75.png 75w, https:\/\/gentedebasquet.com.ar\/sitio\/wp-content\/uploads\/2025\/09\/CLAVE-napo-350x350.png 350w, https:\/\/gentedebasquet.com.ar\/sitio\/wp-content\/uploads\/2025\/09\/CLAVE-napo-750x750.png 750w, https:\/\/gentedebasquet.com.ar\/sitio\/wp-content\/uploads\/2025\/09\/CLAVE-napo-1140x1140.png 1140w, https:\/\/gentedebasquet.com.ar\/sitio\/wp-content\/uploads\/2025\/09\/CLAVE-napo.png 2000w\" sizes=\"(max-width: 300px) 100vw, 300px\" \/><\/p>\n<p><img decoding=\"async\" class=\"alignnone size-medium wp-image-117899\" src=\"http:\/\/gentedebasquet.com.ar\/sitio\/wp-content\/uploads\/2025\/09\/WhatsApp-Image-2025-09-12-at-01.41.13-300x225.jpeg\" alt=\"\" width=\"300\" height=\"225\" srcset=\"https:\/\/gentedebasquet.com.ar\/sitio\/wp-content\/uploads\/2025\/09\/WhatsApp-Image-2025-09-12-at-01.41.13-300x225.jpeg 300w, https:\/\/gentedebasquet.com.ar\/sitio\/wp-content\/uploads\/2025\/09\/WhatsApp-Image-2025-09-12-at-01.41.13-1024x768.jpeg 1024w, https:\/\/gentedebasquet.com.ar\/sitio\/wp-content\/uploads\/2025\/09\/WhatsApp-Image-2025-09-12-at-01.41.13-768x576.jpeg 768w, https:\/\/gentedebasquet.com.ar\/sitio\/wp-content\/uploads\/2025\/09\/WhatsApp-Image-2025-09-12-at-01.41.13-750x563.jpeg 750w, https:\/\/gentedebasquet.com.ar\/sitio\/wp-content\/uploads\/2025\/09\/WhatsApp-Image-2025-09-12-at-01.41.13-1140x855.jpeg 1140w, https:\/\/gentedebasquet.com.ar\/sitio\/wp-content\/uploads\/2025\/09\/WhatsApp-Image-2025-09-12-at-01.41.13.jpeg 1280w\" sizes=\"(max-width: 300px) 100vw, 300px\" \/><\/p>\n<blockquote><p>\u00abEra importante recuperarnos despu\u00e9s de arrancar mal la primera fecha, estas dos victorias seguidas nos dan aire. Hoy supimos mantener la diferencia que sacamos en el arranque. Es dur\u00edsimo arrancar otra vez despu\u00e9s de las finales, necesit\u00e1bamos unos d\u00edas m\u00e1s de descanso, las primeras semanas de entrenamiento fueron malas. Estamos mejor de lo que esper\u00e1bamos, dimos un paso adelante y Nico (S\u00e1nchez) se adapt\u00f3 muy bien.\u00bb, <strong>Guido Muzi, Napost\u00e1.<\/strong><\/p><\/blockquote>\n<p><img decoding=\"async\" class=\"alignnone size-medium wp-image-117898\" src=\"http:\/\/gentedebasquet.com.ar\/sitio\/wp-content\/uploads\/2025\/09\/MVP-muzi-300x300.png\" alt=\"\" width=\"300\" height=\"300\" srcset=\"https:\/\/gentedebasquet.com.ar\/sitio\/wp-content\/uploads\/2025\/09\/MVP-muzi-300x300.png 300w, https:\/\/gentedebasquet.com.ar\/sitio\/wp-content\/uploads\/2025\/09\/MVP-muzi-1024x1024.png 1024w, https:\/\/gentedebasquet.com.ar\/sitio\/wp-content\/uploads\/2025\/09\/MVP-muzi-150x150.png 150w, https:\/\/gentedebasquet.com.ar\/sitio\/wp-content\/uploads\/2025\/09\/MVP-muzi-768x768.png 768w, https:\/\/gentedebasquet.com.ar\/sitio\/wp-content\/uploads\/2025\/09\/MVP-muzi-1536x1536.png 1536w, https:\/\/gentedebasquet.com.ar\/sitio\/wp-content\/uploads\/2025\/09\/MVP-muzi-75x75.png 75w, https:\/\/gentedebasquet.com.ar\/sitio\/wp-content\/uploads\/2025\/09\/MVP-muzi-350x350.png 350w, https:\/\/gentedebasquet.com.ar\/sitio\/wp-content\/uploads\/2025\/09\/MVP-muzi-750x750.png 750w, https:\/\/gentedebasquet.com.ar\/sitio\/wp-content\/uploads\/2025\/09\/MVP-muzi-1140x1140.png 1140w, https:\/\/gentedebasquet.com.ar\/sitio\/wp-content\/uploads\/2025\/09\/MVP-muzi.png 2000w\" sizes=\"(max-width: 300px) 100vw, 300px\" \/><\/p>\n<p><strong>S\u00edntesis &#8211; Primera Divisi\u00f3n &#8211; Fecha 3<\/strong><\/p>\n<p><strong>Liniers 74<\/strong>: Fabi\u00e1n Sahdi 6, Octavio Cancelarich 19, Alejo Agull\u00f3 12 (x), Franco Ferrari 23, Bautista Olivera 5 <strong>(FI);<\/strong> Tom\u00e1s Del Sol 3, Santiago Gattari 0, Alan Garc\u00eda 2, Juli\u00e1n Marinsalta 4 (x).<strong> DT: Mauricio Vago.<\/strong><\/p>\n<p><strong>Napost\u00e1 89<\/strong>: Segundo Vasconcelo 14, Kevin Hern\u00e1ndez 0, Guido Muzi 32, Nicol\u00e1s Quiroga 15, Gast\u00f3n Torres 9 <strong>(FI);<\/strong> Leonel Alema\u00f1y 7, Nicol\u00e1s S\u00e1nchez 8, Enzo Roth 4, Joaqu\u00edn Larrandart 0. <strong>DT: Fabricio Piccinini.<\/strong><\/p>\n<p><strong>Cuartos:<\/strong> 16-27, 38-49 (22-22), 54-66 (16-17), 74-89 (20-23)<\/p>\n<p><strong>\u00c1rbitros:<\/strong> Horacio Sed\u00e1n &#8211; Mariano Enrique &#8211; Joel Schernenco<\/p>\n<p><strong>Estadio:<\/strong> Osvaldo Casanova<\/p>\n","protected":false},"excerpt":{"rendered":"<p>Napost\u00e1 venci\u00f3 a Liniers en el Osvaldo Casanova y sum\u00f3 su segunda victoria al hilo. Con buenos rendimientos individuales, pasajes de fortaleza defensiva y un Guido Muzi encendido, mostr\u00f3 algunas de las claves que lo llevaron a la final del primer torneo. Napo lo gan\u00f3 de punta a punta, lleg\u00f3 a sacar +13 en el [&hellip;]<\/p>\n","protected":false},"author":71,"featured_media":117900,"comment_status":"closed","ping_status":"open","sticky":false,"template":"","format":"standard","meta":{"jnews-multi-image_gallery":[],"jnews_single_post":{"source_name":"","source_url":"","via_name":"","via_url":"","override_template":"0","override":[{"template":"1","single_blog_custom":"","parallax":"1","fullscreen":"1","layout":"right-sidebar","sidebar":"default-sidebar","second_sidebar":"default-sidebar","sticky_sidebar":"1","share_position":"top","share_float_style":"share-monocrhome","show_share_counter":"0","show_view_counter":"0","show_featured":"1","show_post_meta":"1","show_post_author":"1","show_post_author_image":"0","show_post_date":"1","post_date_format":"default","post_date_format_custom":"Y\/m\/d","show_post_category":"1","show_post_reading_time":"0","post_reading_time_wpm":"300","show_zoom_button":"0","zoom_button_out_step":"2","zoom_button_in_step":"3","show_post_tag":"1","show_prev_next_post":"1","show_popup_post":"0","number_popup_post":"1","show_author_box":"0","show_post_related":"0","show_inline_post_related":"0"}],"override_image_size":"0","image_override":[{"single_post_thumbnail_size":"crop-500","single_post_gallery_size":"crop-500"}],"trending_post":"0","trending_post_position":"meta","trending_post_label":"Trending","sponsored_post":"0","sponsored_post_label":"Sponsored by","sponsored_post_name":"","sponsored_post_url":"","sponsored_post_logo_enable":"0","sponsored_post_logo":"","sponsored_post_desc":"","disable_ad":"0"},"jnews_primary_category":{"id":"","hide":""},"footnotes":""},"categories":[23,101],"tags":[1723,14,15,1169,508],"class_list":["post-117882","post","type-post","status-publish","format-standard","has-post-thumbnail","hentry","category-primera","category-slide","tag-guido-muzi","tag-liniers","tag-naposta","tag-primera","tag-primera-division"],"yoast_head":"<!-- This site is optimized with the Yoast SEO plugin v27.5 - https:\/\/yoast.com\/product\/yoast-seo-wordpress\/ -->\n<title>Napo mostr\u00f3 su versi\u00f3n finalista - Gente de B\u00e1squet<\/title>\n<meta name=\"robots\" content=\"index, follow, max-snippet:-1, max-image-preview:large, max-video-preview:-1\" \/>\n<link rel=\"canonical\" href=\"https:\/\/gentedebasquet.com.ar\/sitio\/2025\/09\/12\/napo-mostro-su-version-finalista\/\" \/>\n<meta property=\"og:locale\" content=\"es_ES\" \/>\n<meta property=\"og:type\" content=\"article\" \/>\n<meta property=\"og:title\" content=\"Napo mostr\u00f3 su versi\u00f3n finalista - Gente de B\u00e1squet\" \/>\n<meta property=\"og:description\" content=\"Napost\u00e1 venci\u00f3 a Liniers en el Osvaldo Casanova y sum\u00f3 su segunda victoria al hilo. Con buenos rendimientos individuales, pasajes de fortaleza defensiva y un Guido Muzi encendido, mostr\u00f3 algunas de las claves que lo llevaron a la final del primer torneo. Napo lo gan\u00f3 de punta a punta, lleg\u00f3 a sacar +13 en el [&hellip;]\" \/>\n<meta property=\"og:url\" content=\"https:\/\/gentedebasquet.com.ar\/sitio\/2025\/09\/12\/napo-mostro-su-version-finalista\/\" \/>\n<meta property=\"og:site_name\" content=\"Gente de B\u00e1squet\" \/>\n<meta property=\"article:published_time\" content=\"2025-09-12T04:45:17+00:00\" \/>\n<meta property=\"og:image\" content=\"https:\/\/gentedebasquet.com.ar\/sitio\/wp-content\/uploads\/2025\/09\/WhatsApp-Image-2025-09-12-at-01.41.13-1.jpeg\" \/>\n\t<meta property=\"og:image:width\" content=\"1170\" \/>\n\t<meta property=\"og:image:height\" content=\"633\" \/>\n\t<meta property=\"og:image:type\" content=\"image\/jpeg\" \/>\n<meta name=\"author\" content=\"Santiago Seisdedos\" \/>\n<meta name=\"twitter:card\" content=\"summary_large_image\" \/>\n<meta name=\"twitter:label1\" content=\"Escrito por\" \/>\n\t<meta name=\"twitter:data1\" content=\"Santiago Seisdedos\" \/>\n\t<meta name=\"twitter:label2\" content=\"Tiempo de lectura\" \/>\n\t<meta name=\"twitter:data2\" content=\"3 minutos\" \/>\n<script type=\"application\/ld+json\" class=\"yoast-schema-graph\">{\"@context\":\"https:\\\/\\\/schema.org\",\"@graph\":[{\"@type\":\"Article\",\"@id\":\"https:\\\/\\\/gentedebasquet.com.ar\\\/sitio\\\/2025\\\/09\\\/12\\\/napo-mostro-su-version-finalista\\\/#article\",\"isPartOf\":{\"@id\":\"https:\\\/\\\/gentedebasquet.com.ar\\\/sitio\\\/2025\\\/09\\\/12\\\/napo-mostro-su-version-finalista\\\/\"},\"author\":{\"name\":\"Santiago Seisdedos\",\"@id\":\"https:\\\/\\\/gentedebasquet.com.ar\\\/sitio\\\/#\\\/schema\\\/person\\\/3b50d7c801b9529aba70bd4613bca6da\"},\"headline\":\"Napo mostr\u00f3 su versi\u00f3n finalista\",\"datePublished\":\"2025-09-12T04:45:17+00:00\",\"mainEntityOfPage\":{\"@id\":\"https:\\\/\\\/gentedebasquet.com.ar\\\/sitio\\\/2025\\\/09\\\/12\\\/napo-mostro-su-version-finalista\\\/\"},\"wordCount\":428,\"image\":{\"@id\":\"https:\\\/\\\/gentedebasquet.com.ar\\\/sitio\\\/2025\\\/09\\\/12\\\/napo-mostro-su-version-finalista\\\/#primaryimage\"},\"thumbnailUrl\":\"https:\\\/\\\/gentedebasquet.com.ar\\\/sitio\\\/wp-content\\\/uploads\\\/2025\\\/09\\\/WhatsApp-Image-2025-09-12-at-01.41.13-1.jpeg\",\"keywords\":[\"Guido Muzi\",\"Liniers\",\"Naposta\",\"Primera\",\"Primera Divisi\u00f3n\"],\"articleSection\":[\"Primera\",\"Slide\"],\"inLanguage\":\"es\"},{\"@type\":\"WebPage\",\"@id\":\"https:\\\/\\\/gentedebasquet.com.ar\\\/sitio\\\/2025\\\/09\\\/12\\\/napo-mostro-su-version-finalista\\\/\",\"url\":\"https:\\\/\\\/gentedebasquet.com.ar\\\/sitio\\\/2025\\\/09\\\/12\\\/napo-mostro-su-version-finalista\\\/\",\"name\":\"Napo mostr\u00f3 su versi\u00f3n finalista - Gente de B\u00e1squet\",\"isPartOf\":{\"@id\":\"https:\\\/\\\/gentedebasquet.com.ar\\\/sitio\\\/#website\"},\"primaryImageOfPage\":{\"@id\":\"https:\\\/\\\/gentedebasquet.com.ar\\\/sitio\\\/2025\\\/09\\\/12\\\/napo-mostro-su-version-finalista\\\/#primaryimage\"},\"image\":{\"@id\":\"https:\\\/\\\/gentedebasquet.com.ar\\\/sitio\\\/2025\\\/09\\\/12\\\/napo-mostro-su-version-finalista\\\/#primaryimage\"},\"thumbnailUrl\":\"https:\\\/\\\/gentedebasquet.com.ar\\\/sitio\\\/wp-content\\\/uploads\\\/2025\\\/09\\\/WhatsApp-Image-2025-09-12-at-01.41.13-1.jpeg\",\"datePublished\":\"2025-09-12T04:45:17+00:00\",\"author\":{\"@id\":\"https:\\\/\\\/gentedebasquet.com.ar\\\/sitio\\\/#\\\/schema\\\/person\\\/3b50d7c801b9529aba70bd4613bca6da\"},\"breadcrumb\":{\"@id\":\"https:\\\/\\\/gentedebasquet.com.ar\\\/sitio\\\/2025\\\/09\\\/12\\\/napo-mostro-su-version-finalista\\\/#breadcrumb\"},\"inLanguage\":\"es\",\"potentialAction\":[{\"@type\":\"ReadAction\",\"target\":[\"https:\\\/\\\/gentedebasquet.com.ar\\\/sitio\\\/2025\\\/09\\\/12\\\/napo-mostro-su-version-finalista\\\/\"]}]},{\"@type\":\"ImageObject\",\"inLanguage\":\"es\",\"@id\":\"https:\\\/\\\/gentedebasquet.com.ar\\\/sitio\\\/2025\\\/09\\\/12\\\/napo-mostro-su-version-finalista\\\/#primaryimage\",\"url\":\"https:\\\/\\\/gentedebasquet.com.ar\\\/sitio\\\/wp-content\\\/uploads\\\/2025\\\/09\\\/WhatsApp-Image-2025-09-12-at-01.41.13-1.jpeg\",\"contentUrl\":\"https:\\\/\\\/gentedebasquet.com.ar\\\/sitio\\\/wp-content\\\/uploads\\\/2025\\\/09\\\/WhatsApp-Image-2025-09-12-at-01.41.13-1.jpeg\",\"width\":1170,\"height\":633},{\"@type\":\"BreadcrumbList\",\"@id\":\"https:\\\/\\\/gentedebasquet.com.ar\\\/sitio\\\/2025\\\/09\\\/12\\\/napo-mostro-su-version-finalista\\\/#breadcrumb\",\"itemListElement\":[{\"@type\":\"ListItem\",\"position\":1,\"name\":\"Portada\",\"item\":\"https:\\\/\\\/gentedebasquet.com.ar\\\/sitio\\\/\"},{\"@type\":\"ListItem\",\"position\":2,\"name\":\"Napo mostr\u00f3 su versi\u00f3n finalista\"}]},{\"@type\":\"WebSite\",\"@id\":\"https:\\\/\\\/gentedebasquet.com.ar\\\/sitio\\\/#website\",\"url\":\"https:\\\/\\\/gentedebasquet.com.ar\\\/sitio\\\/\",\"name\":\"Gente de B\u00e1squet\",\"description\":\"La revista del basquet de Bah\u00eda Blanca\",\"potentialAction\":[{\"@type\":\"SearchAction\",\"target\":{\"@type\":\"EntryPoint\",\"urlTemplate\":\"https:\\\/\\\/gentedebasquet.com.ar\\\/sitio\\\/?s={search_term_string}\"},\"query-input\":{\"@type\":\"PropertyValueSpecification\",\"valueRequired\":true,\"valueName\":\"search_term_string\"}}],\"inLanguage\":\"es\"},{\"@type\":\"Person\",\"@id\":\"https:\\\/\\\/gentedebasquet.com.ar\\\/sitio\\\/#\\\/schema\\\/person\\\/3b50d7c801b9529aba70bd4613bca6da\",\"name\":\"Santiago Seisdedos\",\"image\":{\"@type\":\"ImageObject\",\"inLanguage\":\"es\",\"@id\":\"https:\\\/\\\/secure.gravatar.com\\\/avatar\\\/be737e74404eb3825c4679da7a152b3c6980b470f7253114cd451344e20a8d80?s=96&d=mm&r=g\",\"url\":\"https:\\\/\\\/secure.gravatar.com\\\/avatar\\\/be737e74404eb3825c4679da7a152b3c6980b470f7253114cd451344e20a8d80?s=96&d=mm&r=g\",\"contentUrl\":\"https:\\\/\\\/secure.gravatar.com\\\/avatar\\\/be737e74404eb3825c4679da7a152b3c6980b470f7253114cd451344e20a8d80?s=96&d=mm&r=g\",\"caption\":\"Santiago Seisdedos\"},\"url\":\"https:\\\/\\\/gentedebasquet.com.ar\\\/sitio\\\/author\\\/santiago-sesidedos\\\/\"}]}<\/script>\n<!-- \/ Yoast SEO plugin. -->","yoast_head_json":{"title":"Napo mostr\u00f3 su versi\u00f3n finalista - Gente de B\u00e1squet","robots":{"index":"index","follow":"follow","max-snippet":"max-snippet:-1","max-image-preview":"max-image-preview:large","max-video-preview":"max-video-preview:-1"},"canonical":"https:\/\/gentedebasquet.com.ar\/sitio\/2025\/09\/12\/napo-mostro-su-version-finalista\/","og_locale":"es_ES","og_type":"article","og_title":"Napo mostr\u00f3 su versi\u00f3n finalista - Gente de B\u00e1squet","og_description":"Napost\u00e1 venci\u00f3 a Liniers en el Osvaldo Casanova y sum\u00f3 su segunda victoria al hilo. Con buenos rendimientos individuales, pasajes de fortaleza defensiva y un Guido Muzi encendido, mostr\u00f3 algunas de las claves que lo llevaron a la final del primer torneo. Napo lo gan\u00f3 de punta a punta, lleg\u00f3 a sacar +13 en el [&hellip;]","og_url":"https:\/\/gentedebasquet.com.ar\/sitio\/2025\/09\/12\/napo-mostro-su-version-finalista\/","og_site_name":"Gente de B\u00e1squet","article_published_time":"2025-09-12T04:45:17+00:00","og_image":[{"width":1170,"height":633,"url":"https:\/\/gentedebasquet.com.ar\/sitio\/wp-content\/uploads\/2025\/09\/WhatsApp-Image-2025-09-12-at-01.41.13-1.jpeg","type":"image\/jpeg"}],"author":"Santiago Seisdedos","twitter_card":"summary_large_image","twitter_misc":{"Escrito por":"Santiago Seisdedos","Tiempo de lectura":"3 minutos"},"schema":{"@context":"https:\/\/schema.org","@graph":[{"@type":"Article","@id":"https:\/\/gentedebasquet.com.ar\/sitio\/2025\/09\/12\/napo-mostro-su-version-finalista\/#article","isPartOf":{"@id":"https:\/\/gentedebasquet.com.ar\/sitio\/2025\/09\/12\/napo-mostro-su-version-finalista\/"},"author":{"name":"Santiago Seisdedos","@id":"https:\/\/gentedebasquet.com.ar\/sitio\/#\/schema\/person\/3b50d7c801b9529aba70bd4613bca6da"},"headline":"Napo mostr\u00f3 su versi\u00f3n finalista","datePublished":"2025-09-12T04:45:17+00:00","mainEntityOfPage":{"@id":"https:\/\/gentedebasquet.com.ar\/sitio\/2025\/09\/12\/napo-mostro-su-version-finalista\/"},"wordCount":428,"image":{"@id":"https:\/\/gentedebasquet.com.ar\/sitio\/2025\/09\/12\/napo-mostro-su-version-finalista\/#primaryimage"},"thumbnailUrl":"https:\/\/gentedebasquet.com.ar\/sitio\/wp-content\/uploads\/2025\/09\/WhatsApp-Image-2025-09-12-at-01.41.13-1.jpeg","keywords":["Guido Muzi","Liniers","Naposta","Primera","Primera Divisi\u00f3n"],"articleSection":["Primera","Slide"],"inLanguage":"es"},{"@type":"WebPage","@id":"https:\/\/gentedebasquet.com.ar\/sitio\/2025\/09\/12\/napo-mostro-su-version-finalista\/","url":"https:\/\/gentedebasquet.com.ar\/sitio\/2025\/09\/12\/napo-mostro-su-version-finalista\/","name":"Napo mostr\u00f3 su versi\u00f3n finalista - Gente de B\u00e1squet","isPartOf":{"@id":"https:\/\/gentedebasquet.com.ar\/sitio\/#website"},"primaryImageOfPage":{"@id":"https:\/\/gentedebasquet.com.ar\/sitio\/2025\/09\/12\/napo-mostro-su-version-finalista\/#primaryimage"},"image":{"@id":"https:\/\/gentedebasquet.com.ar\/sitio\/2025\/09\/12\/napo-mostro-su-version-finalista\/#primaryimage"},"thumbnailUrl":"https:\/\/gentedebasquet.com.ar\/sitio\/wp-content\/uploads\/2025\/09\/WhatsApp-Image-2025-09-12-at-01.41.13-1.jpeg","datePublished":"2025-09-12T04:45:17+00:00","author":{"@id":"https:\/\/gentedebasquet.com.ar\/sitio\/#\/schema\/person\/3b50d7c801b9529aba70bd4613bca6da"},"breadcrumb":{"@id":"https:\/\/gentedebasquet.com.ar\/sitio\/2025\/09\/12\/napo-mostro-su-version-finalista\/#breadcrumb"},"inLanguage":"es","potentialAction":[{"@type":"ReadAction","target":["https:\/\/gentedebasquet.com.ar\/sitio\/2025\/09\/12\/napo-mostro-su-version-finalista\/"]}]},{"@type":"ImageObject","inLanguage":"es","@id":"https:\/\/gentedebasquet.com.ar\/sitio\/2025\/09\/12\/napo-mostro-su-version-finalista\/#primaryimage","url":"https:\/\/gentedebasquet.com.ar\/sitio\/wp-content\/uploads\/2025\/09\/WhatsApp-Image-2025-09-12-at-01.41.13-1.jpeg","contentUrl":"https:\/\/gentedebasquet.com.ar\/sitio\/wp-content\/uploads\/2025\/09\/WhatsApp-Image-2025-09-12-at-01.41.13-1.jpeg","width":1170,"height":633},{"@type":"BreadcrumbList","@id":"https:\/\/gentedebasquet.com.ar\/sitio\/2025\/09\/12\/napo-mostro-su-version-finalista\/#breadcrumb","itemListElement":[{"@type":"ListItem","position":1,"name":"Portada","item":"https:\/\/gentedebasquet.com.ar\/sitio\/"},{"@type":"ListItem","position":2,"name":"Napo mostr\u00f3 su versi\u00f3n finalista"}]},{"@type":"WebSite","@id":"https:\/\/gentedebasquet.com.ar\/sitio\/#website","url":"https:\/\/gentedebasquet.com.ar\/sitio\/","name":"Gente de B\u00e1squet","description":"La revista del basquet de Bah\u00eda Blanca","potentialAction":[{"@type":"SearchAction","target":{"@type":"EntryPoint","urlTemplate":"https:\/\/gentedebasquet.com.ar\/sitio\/?s={search_term_string}"},"query-input":{"@type":"PropertyValueSpecification","valueRequired":true,"valueName":"search_term_string"}}],"inLanguage":"es"},{"@type":"Person","@id":"https:\/\/gentedebasquet.com.ar\/sitio\/#\/schema\/person\/3b50d7c801b9529aba70bd4613bca6da","name":"Santiago Seisdedos","image":{"@type":"ImageObject","inLanguage":"es","@id":"https:\/\/secure.gravatar.com\/avatar\/be737e74404eb3825c4679da7a152b3c6980b470f7253114cd451344e20a8d80?s=96&d=mm&r=g","url":"https:\/\/secure.gravatar.com\/avatar\/be737e74404eb3825c4679da7a152b3c6980b470f7253114cd451344e20a8d80?s=96&d=mm&r=g","contentUrl":"https:\/\/secure.gravatar.com\/avatar\/be737e74404eb3825c4679da7a152b3c6980b470f7253114cd451344e20a8d80?s=96&d=mm&r=g","caption":"Santiago Seisdedos"},"url":"https:\/\/gentedebasquet.com.ar\/sitio\/author\/santiago-sesidedos\/"}]}},"_links":{"self":[{"href":"https:\/\/gentedebasquet.com.ar\/sitio\/wp-json\/wp\/v2\/posts\/117882","targetHints":{"allow":["GET"]}}],"collection":[{"href":"https:\/\/gentedebasquet.com.ar\/sitio\/wp-json\/wp\/v2\/posts"}],"about":[{"href":"https:\/\/gentedebasquet.com.ar\/sitio\/wp-json\/wp\/v2\/types\/post"}],"author":[{"embeddable":true,"href":"https:\/\/gentedebasquet.com.ar\/sitio\/wp-json\/wp\/v2\/users\/71"}],"replies":[{"embeddable":true,"href":"https:\/\/gentedebasquet.com.ar\/sitio\/wp-json\/wp\/v2\/comments?post=117882"}],"version-history":[{"count":1,"href":"https:\/\/gentedebasquet.com.ar\/sitio\/wp-json\/wp\/v2\/posts\/117882\/revisions"}],"predecessor-version":[{"id":117901,"href":"https:\/\/gentedebasquet.com.ar\/sitio\/wp-json\/wp\/v2\/posts\/117882\/revisions\/117901"}],"wp:featuredmedia":[{"embeddable":true,"href":"https:\/\/gentedebasquet.com.ar\/sitio\/wp-json\/wp\/v2\/media\/117900"}],"wp:attachment":[{"href":"https:\/\/gentedebasquet.com.ar\/sitio\/wp-json\/wp\/v2\/media?parent=117882"}],"wp:term":[{"taxonomy":"category","embeddable":true,"href":"https:\/\/gentedebasquet.com.ar\/sitio\/wp-json\/wp\/v2\/categories?post=117882"},{"taxonomy":"post_tag","embeddable":true,"href":"https:\/\/gentedebasquet.com.ar\/sitio\/wp-json\/wp\/v2\/tags?post=117882"}],"curies":[{"name":"wp","href":"https:\/\/api.w.org\/{rel}","templated":true}]}}