{"id":117892,"date":"2025-09-12T06:09:03","date_gmt":"2025-09-12T04:09:03","guid":{"rendered":"https:\/\/gentedebasquet.com.ar\/sitio\/?p=117892"},"modified":"2025-09-26T06:30:17","modified_gmt":"2025-09-26T04:30:17","slug":"9-gano-una-batalla-clave","status":"publish","type":"post","link":"https:\/\/gentedebasquet.com.ar\/sitio\/2025\/09\/12\/9-gano-una-batalla-clave\/","title":{"rendered":"9 gan\u00f3 una batalla clave"},"content":{"rendered":"\n<p><strong>9 De Julio tuvo una reacci\u00f3n con un parcial de \u00a116-0! en el tercer cuarto en tan s\u00f3lo dos minutos y empez\u00f3 a gestar la victoria ante San Lorenzo 82-64. Hubo 16 de Carlos Fraga y Manuel Costa, 14 de Vecchi y Santiago Ruesga, y 12 de Emilio Gimenez. En \u201cSanlo\u201d no alcanzaron los 28 de Rodrigo Arce (22 en el primer tiempo).<\/strong><\/p>\n\n\n\n<p>Comienzo parejo, <strong>donde no hubo muchas diferencias en el tanteador<\/strong>, ambos equipos aportaban a distancia. En el local eran Carlos Fraga y Manuel Costa (5 incluido 1t3), los estandartes. Herbik en la visita aportaba desde los 6,75, pero Agust\u00edn Pena con 2\/2t3 y Arce tambi\u00e9n sumaba en ese rubro. 17-20 finalizaron los primeros diez.<\/p>\n\n\n\n<p>Reinaba la paridad, donde la m\u00e1xima era de tan solo 6 puntos (27-33), para el naranja. <strong>Rodrigo Arce estaba encendido y sumar\u00eda un total de 22 unidades en este segmento<\/strong>. Por su parte, el anfitri\u00f3n tendr\u00eda un goleo repartido, sumado a un triple de Ruesga. San Lorenzo sacar\u00eda la m\u00e1xima al entretiempo de 7, 33-40.<\/p>\n\n\n\n<p>9 de Julio saldr\u00eda con otra iniciativa post vestuario, donde <strong>desde el arranque estampar\u00eda un parcial de 16-0 para escaparse 49-40 en 5\u2019.<\/strong> Sanlo en ese lapso no pudo convertir y lo pudo aprovechar el local donde sac\u00f3 la m\u00e1xima 58-48. Los de Aleksoski lograron convertir a distancia con Herbik (2t3) y Arce (1t3), para achicar el marcador. 58-53 finaliz\u00f3 el tercero.<\/p>\n\n\n\n<p>Los dirigidos por Turcato segu\u00edan con buena lucidez para mantener la peque\u00f1a diferencia que hab\u00eda logrado, aunque el hu\u00e9sped logr\u00f3 acercarse a 9 puntos (66-55), no impidi\u00f3 que el local empezara a alejarse en el tanteador, <strong>le pondr\u00eda la persiana restando 2\u2019 donde se alej\u00f3 79-59<\/strong>.&nbsp;&nbsp;<\/p>\n\n\n\n<p><strong>9 de Julio consigui\u00f3 un triunfo importante en la parte baja de la tabla ante un rival directo y le sirvi\u00f3 para esquivar el fondo.<\/strong><\/p>\n\n\n\n<figure class=\"wp-block-embed is-type-video is-provider-youtube wp-block-embed-youtube wp-embed-aspect-16-9 wp-has-aspect-ratio\"><div class=\"wp-block-embed__wrapper\">\n<div class=\"jeg_video_container jeg_video_content\"><iframe loading=\"lazy\" title=\"#Primera - Fecha #3: 9 de Julio 82 - 64 San Lorenzo\" width=\"500\" height=\"281\" src=\"https:\/\/www.youtube.com\/embed\/xqqn28Saitw?feature=oembed\" frameborder=\"0\" allow=\"accelerometer; autoplay; clipboard-write; encrypted-media; gyroscope; picture-in-picture; web-share\" referrerpolicy=\"strict-origin-when-cross-origin\" allowfullscreen><\/iframe><\/div>\n<\/div><\/figure>\n\n\n\n<figure class=\"wp-block-image size-large\"><img decoding=\"async\" width=\"1024\" height=\"1024\" src=\"https:\/\/gentedebasquet.com.ar\/sitio\/wp-content\/uploads\/2025\/09\/f4565646-745d-44c9-b973-0a2de410883d-1024x1024.jpg\" alt=\"\" class=\"wp-image-117883\" srcset=\"https:\/\/gentedebasquet.com.ar\/sitio\/wp-content\/uploads\/2025\/09\/f4565646-745d-44c9-b973-0a2de410883d-1024x1024.jpg 1024w, https:\/\/gentedebasquet.com.ar\/sitio\/wp-content\/uploads\/2025\/09\/f4565646-745d-44c9-b973-0a2de410883d-300x300.jpg 300w, https:\/\/gentedebasquet.com.ar\/sitio\/wp-content\/uploads\/2025\/09\/f4565646-745d-44c9-b973-0a2de410883d-150x150.jpg 150w, https:\/\/gentedebasquet.com.ar\/sitio\/wp-content\/uploads\/2025\/09\/f4565646-745d-44c9-b973-0a2de410883d-768x768.jpg 768w, https:\/\/gentedebasquet.com.ar\/sitio\/wp-content\/uploads\/2025\/09\/f4565646-745d-44c9-b973-0a2de410883d-1536x1536.jpg 1536w, https:\/\/gentedebasquet.com.ar\/sitio\/wp-content\/uploads\/2025\/09\/f4565646-745d-44c9-b973-0a2de410883d-75x75.jpg 75w, https:\/\/gentedebasquet.com.ar\/sitio\/wp-content\/uploads\/2025\/09\/f4565646-745d-44c9-b973-0a2de410883d-350x350.jpg 350w, https:\/\/gentedebasquet.com.ar\/sitio\/wp-content\/uploads\/2025\/09\/f4565646-745d-44c9-b973-0a2de410883d-750x750.jpg 750w, https:\/\/gentedebasquet.com.ar\/sitio\/wp-content\/uploads\/2025\/09\/f4565646-745d-44c9-b973-0a2de410883d-1140x1140.jpg 1140w, https:\/\/gentedebasquet.com.ar\/sitio\/wp-content\/uploads\/2025\/09\/f4565646-745d-44c9-b973-0a2de410883d.jpg 1600w\" sizes=\"(max-width: 1024px) 100vw, 1024px\" \/><\/figure>\n\n\n\n<figure class=\"wp-block-image size-large\"><img decoding=\"async\" width=\"1024\" height=\"1024\" src=\"https:\/\/gentedebasquet.com.ar\/sitio\/wp-content\/uploads\/2025\/09\/f63a3f32-5527-4050-96ce-388e7e6988cc-1024x1024.jpg\" alt=\"\" class=\"wp-image-117884\" srcset=\"https:\/\/gentedebasquet.com.ar\/sitio\/wp-content\/uploads\/2025\/09\/f63a3f32-5527-4050-96ce-388e7e6988cc-1024x1024.jpg 1024w, https:\/\/gentedebasquet.com.ar\/sitio\/wp-content\/uploads\/2025\/09\/f63a3f32-5527-4050-96ce-388e7e6988cc-300x300.jpg 300w, https:\/\/gentedebasquet.com.ar\/sitio\/wp-content\/uploads\/2025\/09\/f63a3f32-5527-4050-96ce-388e7e6988cc-150x150.jpg 150w, https:\/\/gentedebasquet.com.ar\/sitio\/wp-content\/uploads\/2025\/09\/f63a3f32-5527-4050-96ce-388e7e6988cc-768x768.jpg 768w, https:\/\/gentedebasquet.com.ar\/sitio\/wp-content\/uploads\/2025\/09\/f63a3f32-5527-4050-96ce-388e7e6988cc-1536x1536.jpg 1536w, https:\/\/gentedebasquet.com.ar\/sitio\/wp-content\/uploads\/2025\/09\/f63a3f32-5527-4050-96ce-388e7e6988cc-75x75.jpg 75w, https:\/\/gentedebasquet.com.ar\/sitio\/wp-content\/uploads\/2025\/09\/f63a3f32-5527-4050-96ce-388e7e6988cc-350x350.jpg 350w, https:\/\/gentedebasquet.com.ar\/sitio\/wp-content\/uploads\/2025\/09\/f63a3f32-5527-4050-96ce-388e7e6988cc-750x750.jpg 750w, https:\/\/gentedebasquet.com.ar\/sitio\/wp-content\/uploads\/2025\/09\/f63a3f32-5527-4050-96ce-388e7e6988cc-1140x1140.jpg 1140w, https:\/\/gentedebasquet.com.ar\/sitio\/wp-content\/uploads\/2025\/09\/f63a3f32-5527-4050-96ce-388e7e6988cc.jpg 1600w\" sizes=\"(max-width: 1024px) 100vw, 1024px\" \/><\/figure>\n\n\n\n<figure class=\"wp-block-image size-large\"><img decoding=\"async\" width=\"1024\" height=\"768\" src=\"https:\/\/gentedebasquet.com.ar\/sitio\/wp-content\/uploads\/2025\/09\/img_4808-1024x768.jpg\" alt=\"\" class=\"wp-image-117885\" srcset=\"https:\/\/gentedebasquet.com.ar\/sitio\/wp-content\/uploads\/2025\/09\/img_4808-1024x768.jpg 1024w, https:\/\/gentedebasquet.com.ar\/sitio\/wp-content\/uploads\/2025\/09\/img_4808-300x225.jpg 300w, https:\/\/gentedebasquet.com.ar\/sitio\/wp-content\/uploads\/2025\/09\/img_4808-768x576.jpg 768w, https:\/\/gentedebasquet.com.ar\/sitio\/wp-content\/uploads\/2025\/09\/img_4808-1536x1152.jpg 1536w, https:\/\/gentedebasquet.com.ar\/sitio\/wp-content\/uploads\/2025\/09\/img_4808-750x563.jpg 750w, https:\/\/gentedebasquet.com.ar\/sitio\/wp-content\/uploads\/2025\/09\/img_4808-1140x855.jpg 1140w, https:\/\/gentedebasquet.com.ar\/sitio\/wp-content\/uploads\/2025\/09\/img_4808.jpg 2000w\" sizes=\"(max-width: 1024px) 100vw, 1024px\" \/><\/figure>\n\n\n\n<blockquote class=\"wp-block-quote is-layout-flow wp-block-quote-is-layout-flow\">\n<p>\u00abFue un partido dur\u00edsimo, una final total. A pesar de que no jug\u00f3 Coria, San Lorenzo se la banc\u00f3. Metimos un parcial de 16 a 0 en el tercer cuarto que los liquid\u00f3. La clave fue defender a muerte, apretarlos a Arce y a Pena para que tiraran inc\u00f3modos. As\u00ed pudimos atacar mejor. Tambi\u00e9n quiero agradecer a la gente de 9 de Julio por el aguante.\u00bb<strong>&nbsp;Carlos Fraga, 9 de Julio.<\/strong><\/p>\n<\/blockquote>\n\n\n\n<p><strong>S\u00edntesis \u2013 Primera \u2013 Fecha 3<\/strong><\/p>\n\n\n\n<p><strong>9 de Julio 82:<\/strong>&nbsp;Santiago Ruesga (14), Manuel Costa (16), Luciano Vecchi (14), Emilio Gim\u00e9nez (12), Carlos Fraga (16) (FI);&nbsp;Santiago Bussetti (2), Francisco Goyanarte (4), Andr\u00e9s Almir\u00f3n (0), Luciano D&#8217;Amaro (1), Sebasti\u00e1n Villegas (3), Agust\u00edn Dilernia (0).<strong> DT: Juli\u00e1n Turcato.<\/strong><\/p>\n\n\n\n<p><strong>San Lorenzo 64:<\/strong>&nbsp;Agust\u00edn Pena (9), Rodrigo Arce (28), Juan Fuentes (6),&nbsp;Nicol\u00e1s Herbik (11), Sebasti\u00e1n Calvo (2) (FI); Mirko Cenzual (8), Sim\u00f3n Seewald (0), Ramiro Mader (0), Santino Marzialetti (0).&nbsp;<strong>DT: Sebasti\u00e1n Aleksoski.<\/strong><\/p>\n\n\n\n<p><strong>Parciales<\/strong>: 17-20, 33-40 (16-20), 58-53 (25-13), 82-64 (24-11).<\/p>\n\n\n\n<p><strong>\u00c1rbitros<\/strong>: Emanuel S\u00e1nchez \u2013 Sebasti\u00e1n Arcas &nbsp;\u2013 Ariel Di Marco <\/p>\n\n\n\n<p><strong>Estadio<\/strong>: N\u00e9stor Damiani (9 de Julio)<\/p>\n\n\n\n<figure class=\"wp-block-image size-large\"><img decoding=\"async\" width=\"1024\" height=\"768\" src=\"https:\/\/gentedebasquet.com.ar\/sitio\/wp-content\/uploads\/2025\/09\/img_4749-1024x768.jpg\" alt=\"\" class=\"wp-image-117886\" srcset=\"https:\/\/gentedebasquet.com.ar\/sitio\/wp-content\/uploads\/2025\/09\/img_4749-1024x768.jpg 1024w, https:\/\/gentedebasquet.com.ar\/sitio\/wp-content\/uploads\/2025\/09\/img_4749-300x225.jpg 300w, https:\/\/gentedebasquet.com.ar\/sitio\/wp-content\/uploads\/2025\/09\/img_4749-768x576.jpg 768w, https:\/\/gentedebasquet.com.ar\/sitio\/wp-content\/uploads\/2025\/09\/img_4749-1536x1152.jpg 1536w, https:\/\/gentedebasquet.com.ar\/sitio\/wp-content\/uploads\/2025\/09\/img_4749-750x563.jpg 750w, https:\/\/gentedebasquet.com.ar\/sitio\/wp-content\/uploads\/2025\/09\/img_4749-1140x855.jpg 1140w, https:\/\/gentedebasquet.com.ar\/sitio\/wp-content\/uploads\/2025\/09\/img_4749.jpg 2000w\" sizes=\"(max-width: 1024px) 100vw, 1024px\" \/><\/figure>\n","protected":false},"excerpt":{"rendered":"<p>9 De Julio tuvo una reacci\u00f3n con un parcial de \u00a116-0! en el tercer cuarto en tan s\u00f3lo dos minutos y empez\u00f3 a gestar la victoria ante San Lorenzo 82-64. Hubo 16 de Carlos Fraga y Manuel Costa, 14 de Vecchi y Santiago Ruesga, y 12 de Emilio Gimenez. En \u201cSanlo\u201d no alcanzaron los 28 [&hellip;]<\/p>\n","protected":false},"author":82,"featured_media":117918,"comment_status":"closed","ping_status":"open","sticky":false,"template":"","format":"standard","meta":{"jnews-multi-image_gallery":[],"jnews_single_post":[],"jnews_primary_category":[],"footnotes":""},"categories":[23,101],"tags":[2,1141,1650,1572,1169,508,1946,668],"class_list":["post-117892","post","type-post","status-publish","format-standard","has-post-thumbnail","hentry","category-primera","category-slide","tag-9dejulio","tag-agustin-pena","tag-carlos-fraga","tag-manuel-costa","tag-primera","tag-primera-division","tag-rodrigo-arce","tag-san-lorenzo-del-sud"],"yoast_head":"<!-- This site is optimized with the Yoast SEO plugin v27.5 - https:\/\/yoast.com\/product\/yoast-seo-wordpress\/ -->\n<title>9 gan\u00f3 una batalla clave - Gente de B\u00e1squet<\/title>\n<meta name=\"robots\" content=\"index, follow, max-snippet:-1, max-image-preview:large, max-video-preview:-1\" \/>\n<link rel=\"canonical\" href=\"https:\/\/gentedebasquet.com.ar\/sitio\/2025\/09\/12\/9-gano-una-batalla-clave\/\" \/>\n<meta property=\"og:locale\" content=\"es_ES\" \/>\n<meta property=\"og:type\" content=\"article\" \/>\n<meta property=\"og:title\" content=\"9 gan\u00f3 una batalla clave - Gente de B\u00e1squet\" \/>\n<meta property=\"og:description\" content=\"9 De Julio tuvo una reacci\u00f3n con un parcial de \u00a116-0! en el tercer cuarto en tan s\u00f3lo dos minutos y empez\u00f3 a gestar la victoria ante San Lorenzo 82-64. Hubo 16 de Carlos Fraga y Manuel Costa, 14 de Vecchi y Santiago Ruesga, y 12 de Emilio Gimenez. En \u201cSanlo\u201d no alcanzaron los 28 [&hellip;]\" \/>\n<meta property=\"og:url\" content=\"https:\/\/gentedebasquet.com.ar\/sitio\/2025\/09\/12\/9-gano-una-batalla-clave\/\" \/>\n<meta property=\"og:site_name\" content=\"Gente de B\u00e1squet\" \/>\n<meta property=\"article:published_time\" content=\"2025-09-12T04:09:03+00:00\" \/>\n<meta property=\"article:modified_time\" content=\"2025-09-26T04:30:17+00:00\" \/>\n<meta property=\"og:image\" content=\"https:\/\/gentedebasquet.com.ar\/sitio\/wp-content\/uploads\/2025\/09\/img_4751-4.jpg\" \/>\n\t<meta property=\"og:image:width\" content=\"2000\" \/>\n\t<meta property=\"og:image:height\" content=\"1150\" \/>\n\t<meta property=\"og:image:type\" content=\"image\/jpeg\" \/>\n<meta name=\"author\" content=\"Manuel Lacerenza\" \/>\n<meta name=\"twitter:card\" content=\"summary_large_image\" \/>\n<meta name=\"twitter:label1\" content=\"Escrito por\" \/>\n\t<meta name=\"twitter:data1\" content=\"Manuel Lacerenza\" \/>\n\t<meta name=\"twitter:label2\" content=\"Tiempo de lectura\" \/>\n\t<meta name=\"twitter:data2\" content=\"2 minutos\" \/>\n<script type=\"application\/ld+json\" class=\"yoast-schema-graph\">{\"@context\":\"https:\\\/\\\/schema.org\",\"@graph\":[{\"@type\":\"Article\",\"@id\":\"https:\\\/\\\/gentedebasquet.com.ar\\\/sitio\\\/2025\\\/09\\\/12\\\/9-gano-una-batalla-clave\\\/#article\",\"isPartOf\":{\"@id\":\"https:\\\/\\\/gentedebasquet.com.ar\\\/sitio\\\/2025\\\/09\\\/12\\\/9-gano-una-batalla-clave\\\/\"},\"author\":{\"name\":\"Manuel Lacerenza\",\"@id\":\"https:\\\/\\\/gentedebasquet.com.ar\\\/sitio\\\/#\\\/schema\\\/person\\\/643357fb6a37b5549c9cfe9f339c9f1b\"},\"headline\":\"9 gan\u00f3 una batalla clave\",\"datePublished\":\"2025-09-12T04:09:03+00:00\",\"dateModified\":\"2025-09-26T04:30:17+00:00\",\"mainEntityOfPage\":{\"@id\":\"https:\\\/\\\/gentedebasquet.com.ar\\\/sitio\\\/2025\\\/09\\\/12\\\/9-gano-una-batalla-clave\\\/\"},\"wordCount\":492,\"image\":{\"@id\":\"https:\\\/\\\/gentedebasquet.com.ar\\\/sitio\\\/2025\\\/09\\\/12\\\/9-gano-una-batalla-clave\\\/#primaryimage\"},\"thumbnailUrl\":\"https:\\\/\\\/gentedebasquet.com.ar\\\/sitio\\\/wp-content\\\/uploads\\\/2025\\\/09\\\/img_4751-4.jpg\",\"keywords\":[\"9 de Julio\",\"Agust\u00edn Pena\",\"Carlos Fraga\",\"Manuel Costa\",\"Primera\",\"Primera Divisi\u00f3n\",\"Rodrigo Arce\",\"San Lorenzo del Sud\"],\"articleSection\":[\"Primera\",\"Slide\"],\"inLanguage\":\"es\"},{\"@type\":\"WebPage\",\"@id\":\"https:\\\/\\\/gentedebasquet.com.ar\\\/sitio\\\/2025\\\/09\\\/12\\\/9-gano-una-batalla-clave\\\/\",\"url\":\"https:\\\/\\\/gentedebasquet.com.ar\\\/sitio\\\/2025\\\/09\\\/12\\\/9-gano-una-batalla-clave\\\/\",\"name\":\"9 gan\u00f3 una batalla clave - Gente de B\u00e1squet\",\"isPartOf\":{\"@id\":\"https:\\\/\\\/gentedebasquet.com.ar\\\/sitio\\\/#website\"},\"primaryImageOfPage\":{\"@id\":\"https:\\\/\\\/gentedebasquet.com.ar\\\/sitio\\\/2025\\\/09\\\/12\\\/9-gano-una-batalla-clave\\\/#primaryimage\"},\"image\":{\"@id\":\"https:\\\/\\\/gentedebasquet.com.ar\\\/sitio\\\/2025\\\/09\\\/12\\\/9-gano-una-batalla-clave\\\/#primaryimage\"},\"thumbnailUrl\":\"https:\\\/\\\/gentedebasquet.com.ar\\\/sitio\\\/wp-content\\\/uploads\\\/2025\\\/09\\\/img_4751-4.jpg\",\"datePublished\":\"2025-09-12T04:09:03+00:00\",\"dateModified\":\"2025-09-26T04:30:17+00:00\",\"author\":{\"@id\":\"https:\\\/\\\/gentedebasquet.com.ar\\\/sitio\\\/#\\\/schema\\\/person\\\/643357fb6a37b5549c9cfe9f339c9f1b\"},\"breadcrumb\":{\"@id\":\"https:\\\/\\\/gentedebasquet.com.ar\\\/sitio\\\/2025\\\/09\\\/12\\\/9-gano-una-batalla-clave\\\/#breadcrumb\"},\"inLanguage\":\"es\",\"potentialAction\":[{\"@type\":\"ReadAction\",\"target\":[\"https:\\\/\\\/gentedebasquet.com.ar\\\/sitio\\\/2025\\\/09\\\/12\\\/9-gano-una-batalla-clave\\\/\"]}]},{\"@type\":\"ImageObject\",\"inLanguage\":\"es\",\"@id\":\"https:\\\/\\\/gentedebasquet.com.ar\\\/sitio\\\/2025\\\/09\\\/12\\\/9-gano-una-batalla-clave\\\/#primaryimage\",\"url\":\"https:\\\/\\\/gentedebasquet.com.ar\\\/sitio\\\/wp-content\\\/uploads\\\/2025\\\/09\\\/img_4751-4.jpg\",\"contentUrl\":\"https:\\\/\\\/gentedebasquet.com.ar\\\/sitio\\\/wp-content\\\/uploads\\\/2025\\\/09\\\/img_4751-4.jpg\",\"width\":2000,\"height\":1150},{\"@type\":\"BreadcrumbList\",\"@id\":\"https:\\\/\\\/gentedebasquet.com.ar\\\/sitio\\\/2025\\\/09\\\/12\\\/9-gano-una-batalla-clave\\\/#breadcrumb\",\"itemListElement\":[{\"@type\":\"ListItem\",\"position\":1,\"name\":\"Portada\",\"item\":\"https:\\\/\\\/gentedebasquet.com.ar\\\/sitio\\\/\"},{\"@type\":\"ListItem\",\"position\":2,\"name\":\"9 gan\u00f3 una batalla clave\"}]},{\"@type\":\"WebSite\",\"@id\":\"https:\\\/\\\/gentedebasquet.com.ar\\\/sitio\\\/#website\",\"url\":\"https:\\\/\\\/gentedebasquet.com.ar\\\/sitio\\\/\",\"name\":\"Gente de B\u00e1squet\",\"description\":\"La revista del basquet de Bah\u00eda Blanca\",\"potentialAction\":[{\"@type\":\"SearchAction\",\"target\":{\"@type\":\"EntryPoint\",\"urlTemplate\":\"https:\\\/\\\/gentedebasquet.com.ar\\\/sitio\\\/?s={search_term_string}\"},\"query-input\":{\"@type\":\"PropertyValueSpecification\",\"valueRequired\":true,\"valueName\":\"search_term_string\"}}],\"inLanguage\":\"es\"},{\"@type\":\"Person\",\"@id\":\"https:\\\/\\\/gentedebasquet.com.ar\\\/sitio\\\/#\\\/schema\\\/person\\\/643357fb6a37b5549c9cfe9f339c9f1b\",\"name\":\"Manuel Lacerenza\",\"image\":{\"@type\":\"ImageObject\",\"inLanguage\":\"es\",\"@id\":\"https:\\\/\\\/secure.gravatar.com\\\/avatar\\\/6a427d587bd181ca8afd828e8cf364f233c5cbe5b8a1332b92ea42687ad97845?s=96&d=mm&r=g\",\"url\":\"https:\\\/\\\/secure.gravatar.com\\\/avatar\\\/6a427d587bd181ca8afd828e8cf364f233c5cbe5b8a1332b92ea42687ad97845?s=96&d=mm&r=g\",\"contentUrl\":\"https:\\\/\\\/secure.gravatar.com\\\/avatar\\\/6a427d587bd181ca8afd828e8cf364f233c5cbe5b8a1332b92ea42687ad97845?s=96&d=mm&r=g\",\"caption\":\"Manuel Lacerenza\"},\"url\":\"https:\\\/\\\/gentedebasquet.com.ar\\\/sitio\\\/author\\\/manuel\\\/\"}]}<\/script>\n<!-- \/ Yoast SEO plugin. -->","yoast_head_json":{"title":"9 gan\u00f3 una batalla clave - Gente de B\u00e1squet","robots":{"index":"index","follow":"follow","max-snippet":"max-snippet:-1","max-image-preview":"max-image-preview:large","max-video-preview":"max-video-preview:-1"},"canonical":"https:\/\/gentedebasquet.com.ar\/sitio\/2025\/09\/12\/9-gano-una-batalla-clave\/","og_locale":"es_ES","og_type":"article","og_title":"9 gan\u00f3 una batalla clave - Gente de B\u00e1squet","og_description":"9 De Julio tuvo una reacci\u00f3n con un parcial de \u00a116-0! en el tercer cuarto en tan s\u00f3lo dos minutos y empez\u00f3 a gestar la victoria ante San Lorenzo 82-64. Hubo 16 de Carlos Fraga y Manuel Costa, 14 de Vecchi y Santiago Ruesga, y 12 de Emilio Gimenez. En \u201cSanlo\u201d no alcanzaron los 28 [&hellip;]","og_url":"https:\/\/gentedebasquet.com.ar\/sitio\/2025\/09\/12\/9-gano-una-batalla-clave\/","og_site_name":"Gente de B\u00e1squet","article_published_time":"2025-09-12T04:09:03+00:00","article_modified_time":"2025-09-26T04:30:17+00:00","og_image":[{"width":2000,"height":1150,"url":"https:\/\/gentedebasquet.com.ar\/sitio\/wp-content\/uploads\/2025\/09\/img_4751-4.jpg","type":"image\/jpeg"}],"author":"Manuel Lacerenza","twitter_card":"summary_large_image","twitter_misc":{"Escrito por":"Manuel Lacerenza","Tiempo de lectura":"2 minutos"},"schema":{"@context":"https:\/\/schema.org","@graph":[{"@type":"Article","@id":"https:\/\/gentedebasquet.com.ar\/sitio\/2025\/09\/12\/9-gano-una-batalla-clave\/#article","isPartOf":{"@id":"https:\/\/gentedebasquet.com.ar\/sitio\/2025\/09\/12\/9-gano-una-batalla-clave\/"},"author":{"name":"Manuel Lacerenza","@id":"https:\/\/gentedebasquet.com.ar\/sitio\/#\/schema\/person\/643357fb6a37b5549c9cfe9f339c9f1b"},"headline":"9 gan\u00f3 una batalla clave","datePublished":"2025-09-12T04:09:03+00:00","dateModified":"2025-09-26T04:30:17+00:00","mainEntityOfPage":{"@id":"https:\/\/gentedebasquet.com.ar\/sitio\/2025\/09\/12\/9-gano-una-batalla-clave\/"},"wordCount":492,"image":{"@id":"https:\/\/gentedebasquet.com.ar\/sitio\/2025\/09\/12\/9-gano-una-batalla-clave\/#primaryimage"},"thumbnailUrl":"https:\/\/gentedebasquet.com.ar\/sitio\/wp-content\/uploads\/2025\/09\/img_4751-4.jpg","keywords":["9 de Julio","Agust\u00edn Pena","Carlos Fraga","Manuel Costa","Primera","Primera Divisi\u00f3n","Rodrigo Arce","San Lorenzo del Sud"],"articleSection":["Primera","Slide"],"inLanguage":"es"},{"@type":"WebPage","@id":"https:\/\/gentedebasquet.com.ar\/sitio\/2025\/09\/12\/9-gano-una-batalla-clave\/","url":"https:\/\/gentedebasquet.com.ar\/sitio\/2025\/09\/12\/9-gano-una-batalla-clave\/","name":"9 gan\u00f3 una batalla clave - Gente de B\u00e1squet","isPartOf":{"@id":"https:\/\/gentedebasquet.com.ar\/sitio\/#website"},"primaryImageOfPage":{"@id":"https:\/\/gentedebasquet.com.ar\/sitio\/2025\/09\/12\/9-gano-una-batalla-clave\/#primaryimage"},"image":{"@id":"https:\/\/gentedebasquet.com.ar\/sitio\/2025\/09\/12\/9-gano-una-batalla-clave\/#primaryimage"},"thumbnailUrl":"https:\/\/gentedebasquet.com.ar\/sitio\/wp-content\/uploads\/2025\/09\/img_4751-4.jpg","datePublished":"2025-09-12T04:09:03+00:00","dateModified":"2025-09-26T04:30:17+00:00","author":{"@id":"https:\/\/gentedebasquet.com.ar\/sitio\/#\/schema\/person\/643357fb6a37b5549c9cfe9f339c9f1b"},"breadcrumb":{"@id":"https:\/\/gentedebasquet.com.ar\/sitio\/2025\/09\/12\/9-gano-una-batalla-clave\/#breadcrumb"},"inLanguage":"es","potentialAction":[{"@type":"ReadAction","target":["https:\/\/gentedebasquet.com.ar\/sitio\/2025\/09\/12\/9-gano-una-batalla-clave\/"]}]},{"@type":"ImageObject","inLanguage":"es","@id":"https:\/\/gentedebasquet.com.ar\/sitio\/2025\/09\/12\/9-gano-una-batalla-clave\/#primaryimage","url":"https:\/\/gentedebasquet.com.ar\/sitio\/wp-content\/uploads\/2025\/09\/img_4751-4.jpg","contentUrl":"https:\/\/gentedebasquet.com.ar\/sitio\/wp-content\/uploads\/2025\/09\/img_4751-4.jpg","width":2000,"height":1150},{"@type":"BreadcrumbList","@id":"https:\/\/gentedebasquet.com.ar\/sitio\/2025\/09\/12\/9-gano-una-batalla-clave\/#breadcrumb","itemListElement":[{"@type":"ListItem","position":1,"name":"Portada","item":"https:\/\/gentedebasquet.com.ar\/sitio\/"},{"@type":"ListItem","position":2,"name":"9 gan\u00f3 una batalla clave"}]},{"@type":"WebSite","@id":"https:\/\/gentedebasquet.com.ar\/sitio\/#website","url":"https:\/\/gentedebasquet.com.ar\/sitio\/","name":"Gente de B\u00e1squet","description":"La revista del basquet de Bah\u00eda Blanca","potentialAction":[{"@type":"SearchAction","target":{"@type":"EntryPoint","urlTemplate":"https:\/\/gentedebasquet.com.ar\/sitio\/?s={search_term_string}"},"query-input":{"@type":"PropertyValueSpecification","valueRequired":true,"valueName":"search_term_string"}}],"inLanguage":"es"},{"@type":"Person","@id":"https:\/\/gentedebasquet.com.ar\/sitio\/#\/schema\/person\/643357fb6a37b5549c9cfe9f339c9f1b","name":"Manuel Lacerenza","image":{"@type":"ImageObject","inLanguage":"es","@id":"https:\/\/secure.gravatar.com\/avatar\/6a427d587bd181ca8afd828e8cf364f233c5cbe5b8a1332b92ea42687ad97845?s=96&d=mm&r=g","url":"https:\/\/secure.gravatar.com\/avatar\/6a427d587bd181ca8afd828e8cf364f233c5cbe5b8a1332b92ea42687ad97845?s=96&d=mm&r=g","contentUrl":"https:\/\/secure.gravatar.com\/avatar\/6a427d587bd181ca8afd828e8cf364f233c5cbe5b8a1332b92ea42687ad97845?s=96&d=mm&r=g","caption":"Manuel Lacerenza"},"url":"https:\/\/gentedebasquet.com.ar\/sitio\/author\/manuel\/"}]}},"_links":{"self":[{"href":"https:\/\/gentedebasquet.com.ar\/sitio\/wp-json\/wp\/v2\/posts\/117892","targetHints":{"allow":["GET"]}}],"collection":[{"href":"https:\/\/gentedebasquet.com.ar\/sitio\/wp-json\/wp\/v2\/posts"}],"about":[{"href":"https:\/\/gentedebasquet.com.ar\/sitio\/wp-json\/wp\/v2\/types\/post"}],"author":[{"embeddable":true,"href":"https:\/\/gentedebasquet.com.ar\/sitio\/wp-json\/wp\/v2\/users\/82"}],"replies":[{"embeddable":true,"href":"https:\/\/gentedebasquet.com.ar\/sitio\/wp-json\/wp\/v2\/comments?post=117892"}],"version-history":[{"count":3,"href":"https:\/\/gentedebasquet.com.ar\/sitio\/wp-json\/wp\/v2\/posts\/117892\/revisions"}],"predecessor-version":[{"id":118145,"href":"https:\/\/gentedebasquet.com.ar\/sitio\/wp-json\/wp\/v2\/posts\/117892\/revisions\/118145"}],"wp:featuredmedia":[{"embeddable":true,"href":"https:\/\/gentedebasquet.com.ar\/sitio\/wp-json\/wp\/v2\/media\/117918"}],"wp:attachment":[{"href":"https:\/\/gentedebasquet.com.ar\/sitio\/wp-json\/wp\/v2\/media?parent=117892"}],"wp:term":[{"taxonomy":"category","embeddable":true,"href":"https:\/\/gentedebasquet.com.ar\/sitio\/wp-json\/wp\/v2\/categories?post=117892"},{"taxonomy":"post_tag","embeddable":true,"href":"https:\/\/gentedebasquet.com.ar\/sitio\/wp-json\/wp\/v2\/tags?post=117892"}],"curies":[{"name":"wp","href":"https:\/\/api.w.org\/{rel}","templated":true}]}}