{"id":117922,"date":"2025-09-13T07:23:47","date_gmt":"2025-09-13T05:23:47","guid":{"rendered":"https:\/\/gentedebasquet.com.ar\/sitio\/?p=117922"},"modified":"2025-09-13T15:38:59","modified_gmt":"2025-09-13T13:38:59","slug":"barrio-hospital-supero-al-celeste-en-la-cancha-y-en-la-tabla","status":"publish","type":"post","link":"https:\/\/gentedebasquet.com.ar\/sitio\/2025\/09\/13\/barrio-hospital-supero-al-celeste-en-la-cancha-y-en-la-tabla\/","title":{"rendered":"Barrio Hospital super\u00f3 al celeste en la cancha y en la tabla"},"content":{"rendered":"<div class=\"flex max-w-full flex-col flex-grow\">\n<div class=\"min-h-8 text-message flex w-full flex-col items-end gap-2 whitespace-normal break-words [.text-message+&amp;]:mt-5\" dir=\"auto\" data-message-author-role=\"assistant\" data-message-id=\"d66df151-bd9a-4e40-9c6b-a57f4798966a\" data-message-model-slug=\"gpt-4o-mini\">\n<div class=\"flex w-full flex-col gap-1 empty:hidden first:pt-[3px]\">\n<div class=\"markdown prose w-full break-words dark:prose-invert dark\">\n<p><strong>\u00a0El plantel conducido por Claudio Queti venci\u00f3 a El Nacional en el partido de la sexta fecha del segundo tramo del campeonato de Segunda y de esta manera logr\u00f3 ponerse por encima de este rival en las posiciones. Apenas medio punto los separa (24,5 y 24). El partido fue jugado en el estadio Hermanos Ciccioli y arbitrado por Eduardo Ferreyra, Alejandro Vizca\u00edno y Mauro Guallan.<\/strong><\/p>\n<p><strong>Los destacados del vencedor fueron Tom\u00e1s Bussetti, que aport\u00f3 15 tantos desempe\u00f1andose en el per\u00edmetro, y Jos\u00e9 Luis Mart\u00ednez y Herman Banegas, su dupla interna. Mart\u00ednez finaliz\u00f3 con 15 puntos y 7 rebotes (3 triples) y Banegas con 12 tantos, 7 rebotes y 3 asistencias.\u00a0<\/strong><\/p>\n<p><strong>El Nacional cont\u00f3 con trabajos fundamentales de Lucas Ruiz (10 puntos, 4 rebotes, 2 asistencias) y Nahuel Dulsan (10 puntos, 3 rebotes).<\/strong><\/p>\n<p><strong>En el primer cuarto se vio a un quinteto de Barrio Hospital que control\u00f3 a su par de El Nacional con una claridad marcada. El visitante fue contundente frente a un oponente que solo impuso sus ideas en peque\u00f1as dosis. 17-10 termin\u00f3 arriba en esos primeros diez minutos.<\/strong><\/p>\n<p><strong>En el principio del segundo cuarto El Nacional logr\u00f3 anular el ritmo ofensivo de Barrio Hospital pero sigui\u00f3 con problemas a la hora de crear sus propios ataques. El equipo de camiseta blanca, roja y azul confirm\u00f3 su dominio del marcador con algunas pocas acciones concretadas.\u00a0<\/strong><\/p>\n<p><strong>El Nacional acab\u00f3 el primer tiempo con solo un triple convertido de los once que intent\u00f3, mientras que Barrio Hospital convirti\u00f3 cuatro tiros de ese valor de los diez que lanz\u00f3.<\/strong><\/p>\n<p><strong>El tercer per\u00edodo fue el mejor para El Nacional. Con buena defensa de un lado y buenos ataques del otro, achic\u00f3 distancias. Justo en la mitad del cuarto y gracias a un triple de Dauphin qued\u00f3 cinco puntos abajo: 39-34. Y sobre el cierre del mismo tramo, con un simple anotado por Nahuel Dulsan, qued\u00f3 a tres: 49-46.\u00a0<\/strong><\/p>\n<p><strong>A lo largo del \u00faltimo cuarto Barrio Hospital volvi\u00f3 a tomar el mando del juego de forma indiscutible. Complic\u00f3 con su variedad de alternativas a una formaci\u00f3n de El Nacional que qued\u00f3 reducida a p\u00e9rdidas y tiros fallados. La diferencia de tres al t\u00e9rmino del tercer cuarto fue de quince cuando la \u00faltima chicharra son\u00f3: 75-60.\u00a0\u00a0<\/strong><\/p>\n<p><strong>\u00a0 \u00a0<\/strong><\/p>\n<p><strong>\u00a0<\/strong><\/p>\n<p><strong>\u00a0<\/strong><strong> \u00a0 \u00a0\u00a0<\/strong><\/p>\n<p>&nbsp;<\/p>\n<div class=\"jeg_video_container jeg_video_content\"><iframe loading=\"lazy\" title=\"#Segunda - Fecha #6: El Nacional 60 - 75 Barrio Hospital\" width=\"500\" height=\"281\" src=\"https:\/\/www.youtube.com\/embed\/kPBNMxu3yaI?feature=oembed\" frameborder=\"0\" allow=\"accelerometer; autoplay; clipboard-write; encrypted-media; gyroscope; picture-in-picture; web-share\" referrerpolicy=\"strict-origin-when-cross-origin\" allowfullscreen><\/iframe><\/div>\n<\/div>\n<\/div>\n<\/div>\n<\/div>\n<div><\/div>\n<div><\/div>\n<div><\/div>\n<div><\/div>\n<div class=\"jeg_video_container jeg_video_content\">\n<div class=\"jeg_video_container jeg_video_content\">\n<div class=\"jeg_video_container jeg_video_content\">\n<div class=\"jeg_video_container jeg_video_content\"><img decoding=\"async\" class=\"alignnone wp-image-117937 \" src=\"http:\/\/gentedebasquet.com.ar\/sitio\/wp-content\/uploads\/2025\/09\/CLAVEBarrio-300x300.png\" alt=\"\" width=\"469\" height=\"469\" srcset=\"https:\/\/gentedebasquet.com.ar\/sitio\/wp-content\/uploads\/2025\/09\/CLAVEBarrio-300x300.png 300w, https:\/\/gentedebasquet.com.ar\/sitio\/wp-content\/uploads\/2025\/09\/CLAVEBarrio-1024x1024.png 1024w, https:\/\/gentedebasquet.com.ar\/sitio\/wp-content\/uploads\/2025\/09\/CLAVEBarrio-150x150.png 150w, https:\/\/gentedebasquet.com.ar\/sitio\/wp-content\/uploads\/2025\/09\/CLAVEBarrio-768x768.png 768w, https:\/\/gentedebasquet.com.ar\/sitio\/wp-content\/uploads\/2025\/09\/CLAVEBarrio-1536x1536.png 1536w, https:\/\/gentedebasquet.com.ar\/sitio\/wp-content\/uploads\/2025\/09\/CLAVEBarrio-75x75.png 75w, https:\/\/gentedebasquet.com.ar\/sitio\/wp-content\/uploads\/2025\/09\/CLAVEBarrio-350x350.png 350w, https:\/\/gentedebasquet.com.ar\/sitio\/wp-content\/uploads\/2025\/09\/CLAVEBarrio-750x750.png 750w, https:\/\/gentedebasquet.com.ar\/sitio\/wp-content\/uploads\/2025\/09\/CLAVEBarrio-1140x1140.png 1140w, https:\/\/gentedebasquet.com.ar\/sitio\/wp-content\/uploads\/2025\/09\/CLAVEBarrio.png 2000w\" sizes=\"(max-width: 469px) 100vw, 469px\" \/><\/div>\n<\/div>\n<\/div>\n<\/div>\n<p>&nbsp;<\/p>\n<p>&nbsp;<\/p>\n<p>&nbsp;<\/p>\n<blockquote><p>&nbsp;<\/p><\/blockquote>\n<p>&nbsp;<\/p>\n<p><img decoding=\"async\" class=\"alignnone wp-image-117936 \" style=\"color: #333333\" src=\"http:\/\/gentedebasquet.com.ar\/sitio\/wp-content\/uploads\/2025\/09\/MVPBarrio-300x300.png\" alt=\"\" width=\"488\" height=\"488\" srcset=\"https:\/\/gentedebasquet.com.ar\/sitio\/wp-content\/uploads\/2025\/09\/MVPBarrio-300x300.png 300w, https:\/\/gentedebasquet.com.ar\/sitio\/wp-content\/uploads\/2025\/09\/MVPBarrio-1024x1024.png 1024w, https:\/\/gentedebasquet.com.ar\/sitio\/wp-content\/uploads\/2025\/09\/MVPBarrio-150x150.png 150w, https:\/\/gentedebasquet.com.ar\/sitio\/wp-content\/uploads\/2025\/09\/MVPBarrio-768x768.png 768w, https:\/\/gentedebasquet.com.ar\/sitio\/wp-content\/uploads\/2025\/09\/MVPBarrio-1536x1536.png 1536w, https:\/\/gentedebasquet.com.ar\/sitio\/wp-content\/uploads\/2025\/09\/MVPBarrio-75x75.png 75w, https:\/\/gentedebasquet.com.ar\/sitio\/wp-content\/uploads\/2025\/09\/MVPBarrio-350x350.png 350w, https:\/\/gentedebasquet.com.ar\/sitio\/wp-content\/uploads\/2025\/09\/MVPBarrio-750x750.png 750w, https:\/\/gentedebasquet.com.ar\/sitio\/wp-content\/uploads\/2025\/09\/MVPBarrio-1140x1140.png 1140w, https:\/\/gentedebasquet.com.ar\/sitio\/wp-content\/uploads\/2025\/09\/MVPBarrio.png 2000w\" sizes=\"(max-width: 488px) 100vw, 488px\" \/><\/p>\n<p><strong>S\u00edntesis &#8211; Segunda &#8211; Fecha 6<\/strong><\/p>\n<p><strong>El Nacional 60:\u00a0<\/strong>Juan Cruz Dauphin 5; Facundo Dulsan 8; Nahuel Dulsan 10; Mateo Cruglak; Lucas Ru\u00edz 10 <strong>(F.I.)\u00a0<\/strong>Alejo Arias 7; Joaqu\u00edn Margiotta 2; Manuel Echarri 7; Bruno Aceituno 9; Santiago Ferrari 2. <strong>DT:<\/strong> Ramiro Riviere.<\/p>\n<p><strong>Barrio Hospital 75:\u00a0<\/strong>Luciano Fortelli 12; Esteban Benedetti 11; Sebasti\u00e1n Branciforte 6; Jos\u00e9 Luis Mart\u00ednez 15; Herman Banegas 12 <strong>(<\/strong><strong>F.I.)<\/strong> Tom\u00e1s Bussetti 15; Marcos Fernandez 2; Am\u00edlcar Andreanelli 2. <strong>DT:\u00a0<\/strong>Claudio Queti.<\/p>\n<p><strong>Parciales<\/strong>: 10-17; 20-30 (10-13); 46-49 (26-19); 60-75 (14-26).<\/p>\n<p><strong>\u00c1rbitros<\/strong>: Eduardo Ferreyra &#8211; Alejandro Vizca\u00edno &#8211; Mauro Guallan.<\/p>\n<p><strong>Estadio<\/strong>: Delfo y Pac\u00edfico Ciccioli (El Nacional).<\/p>\n<p>&nbsp;<\/p>\n<p><img decoding=\"async\" class=\"alignnone wp-image-117939 \" src=\"http:\/\/gentedebasquet.com.ar\/sitio\/wp-content\/uploads\/2025\/09\/vlcsnap-2025-09-13-02h20m03s482-300x169.png\" alt=\"\" width=\"651\" height=\"367\" srcset=\"https:\/\/gentedebasquet.com.ar\/sitio\/wp-content\/uploads\/2025\/09\/vlcsnap-2025-09-13-02h20m03s482-300x169.png 300w, https:\/\/gentedebasquet.com.ar\/sitio\/wp-content\/uploads\/2025\/09\/vlcsnap-2025-09-13-02h20m03s482-1024x576.png 1024w, https:\/\/gentedebasquet.com.ar\/sitio\/wp-content\/uploads\/2025\/09\/vlcsnap-2025-09-13-02h20m03s482-768x432.png 768w, https:\/\/gentedebasquet.com.ar\/sitio\/wp-content\/uploads\/2025\/09\/vlcsnap-2025-09-13-02h20m03s482-1536x864.png 1536w, https:\/\/gentedebasquet.com.ar\/sitio\/wp-content\/uploads\/2025\/09\/vlcsnap-2025-09-13-02h20m03s482-750x422.png 750w, https:\/\/gentedebasquet.com.ar\/sitio\/wp-content\/uploads\/2025\/09\/vlcsnap-2025-09-13-02h20m03s482-1140x641.png 1140w, https:\/\/gentedebasquet.com.ar\/sitio\/wp-content\/uploads\/2025\/09\/vlcsnap-2025-09-13-02h20m03s482.png 1920w\" sizes=\"(max-width: 651px) 100vw, 651px\" \/><\/p>\n<p>&nbsp;<\/p>\n","protected":false},"excerpt":{"rendered":"<p>\u00a0El plantel conducido por Claudio Queti venci\u00f3 a El Nacional en el partido de la sexta fecha del segundo tramo del campeonato de Segunda y de esta manera logr\u00f3 ponerse por encima de este rival en las posiciones. Apenas medio punto los separa (24,5 y 24). El partido fue jugado en el estadio Hermanos Ciccioli [&hellip;]<\/p>\n","protected":false},"author":70,"featured_media":117938,"comment_status":"closed","ping_status":"open","sticky":false,"template":"","format":"standard","meta":{"jnews-multi-image_gallery":[],"jnews_single_post":{"source_name":"","source_url":"","via_name":"","via_url":"","override_template":"0","override":[{"template":"1","single_blog_custom":"","parallax":"1","fullscreen":"1","layout":"right-sidebar","sidebar":"default-sidebar","second_sidebar":"default-sidebar","sticky_sidebar":"1","share_position":"top","share_float_style":"share-monocrhome","show_share_counter":"0","show_view_counter":"0","show_featured":"1","show_post_meta":"1","show_post_author":"1","show_post_author_image":"0","show_post_date":"1","post_date_format":"default","post_date_format_custom":"Y\/m\/d","show_post_category":"1","show_post_reading_time":"0","post_reading_time_wpm":"300","show_zoom_button":"0","zoom_button_out_step":"2","zoom_button_in_step":"3","show_post_tag":"1","show_prev_next_post":"1","show_popup_post":"0","number_popup_post":"1","show_author_box":"0","show_post_related":"0","show_inline_post_related":"0"}],"override_image_size":"0","image_override":[{"single_post_thumbnail_size":"crop-500","single_post_gallery_size":"crop-500"}],"trending_post":"0","trending_post_position":"meta","trending_post_label":"Trending","sponsored_post":"0","sponsored_post_label":"Sponsored by","sponsored_post_name":"","sponsored_post_url":"","sponsored_post_logo_enable":"0","sponsored_post_logo":"","sponsored_post_desc":"","disable_ad":"0"},"jnews_primary_category":{"id":"","hide":""},"footnotes":""},"categories":[25,101],"tags":[1938,9,285,560],"class_list":["post-117922","post","type-post","status-publish","format-standard","has-post-thumbnail","hentry","category-segunda","category-slide","tag-barrio-hospital","tag-el-nacional","tag-jose-luis-martinez","tag-lucas-ruiz"],"yoast_head":"<!-- This site is optimized with the Yoast SEO plugin v27.5 - https:\/\/yoast.com\/product\/yoast-seo-wordpress\/ -->\n<title>Barrio Hospital super\u00f3 al celeste en la cancha y en la tabla - Gente de B\u00e1squet<\/title>\n<meta name=\"robots\" content=\"index, follow, max-snippet:-1, max-image-preview:large, max-video-preview:-1\" \/>\n<link rel=\"canonical\" href=\"https:\/\/gentedebasquet.com.ar\/sitio\/2025\/09\/13\/barrio-hospital-supero-al-celeste-en-la-cancha-y-en-la-tabla\/\" \/>\n<meta property=\"og:locale\" content=\"es_ES\" \/>\n<meta property=\"og:type\" content=\"article\" \/>\n<meta property=\"og:title\" content=\"Barrio Hospital super\u00f3 al celeste en la cancha y en la tabla - Gente de B\u00e1squet\" \/>\n<meta property=\"og:description\" content=\"\u00a0El plantel conducido por Claudio Queti venci\u00f3 a El Nacional en el partido de la sexta fecha del segundo tramo del campeonato de Segunda y de esta manera logr\u00f3 ponerse por encima de este rival en las posiciones. Apenas medio punto los separa (24,5 y 24). El partido fue jugado en el estadio Hermanos Ciccioli [&hellip;]\" \/>\n<meta property=\"og:url\" content=\"https:\/\/gentedebasquet.com.ar\/sitio\/2025\/09\/13\/barrio-hospital-supero-al-celeste-en-la-cancha-y-en-la-tabla\/\" \/>\n<meta property=\"og:site_name\" content=\"Gente de B\u00e1squet\" \/>\n<meta property=\"article:published_time\" content=\"2025-09-13T05:23:47+00:00\" \/>\n<meta property=\"article:modified_time\" content=\"2025-09-13T13:38:59+00:00\" \/>\n<meta property=\"og:image\" content=\"https:\/\/gentedebasquet.com.ar\/sitio\/wp-content\/uploads\/2025\/09\/vlcsnap-2025-09-13-02h17m28s693.png\" \/>\n\t<meta property=\"og:image:width\" content=\"690\" \/>\n\t<meta property=\"og:image:height\" content=\"319\" \/>\n\t<meta property=\"og:image:type\" content=\"image\/png\" \/>\n<meta name=\"author\" content=\"Andres Camarero\" \/>\n<meta name=\"twitter:card\" content=\"summary_large_image\" \/>\n<meta name=\"twitter:label1\" content=\"Escrito por\" \/>\n\t<meta name=\"twitter:data1\" content=\"Andres Camarero\" \/>\n\t<meta name=\"twitter:label2\" content=\"Tiempo de lectura\" \/>\n\t<meta name=\"twitter:data2\" content=\"3 minutos\" \/>\n<script type=\"application\/ld+json\" class=\"yoast-schema-graph\">{\"@context\":\"https:\\\/\\\/schema.org\",\"@graph\":[{\"@type\":\"Article\",\"@id\":\"https:\\\/\\\/gentedebasquet.com.ar\\\/sitio\\\/2025\\\/09\\\/13\\\/barrio-hospital-supero-al-celeste-en-la-cancha-y-en-la-tabla\\\/#article\",\"isPartOf\":{\"@id\":\"https:\\\/\\\/gentedebasquet.com.ar\\\/sitio\\\/2025\\\/09\\\/13\\\/barrio-hospital-supero-al-celeste-en-la-cancha-y-en-la-tabla\\\/\"},\"author\":{\"name\":\"Andres Camarero\",\"@id\":\"https:\\\/\\\/gentedebasquet.com.ar\\\/sitio\\\/#\\\/schema\\\/person\\\/6f3e5bc5df127b420a445d22fc9eaa51\"},\"headline\":\"Barrio Hospital super\u00f3 al celeste en la cancha y en la tabla\",\"datePublished\":\"2025-09-13T05:23:47+00:00\",\"dateModified\":\"2025-09-13T13:38:59+00:00\",\"mainEntityOfPage\":{\"@id\":\"https:\\\/\\\/gentedebasquet.com.ar\\\/sitio\\\/2025\\\/09\\\/13\\\/barrio-hospital-supero-al-celeste-en-la-cancha-y-en-la-tabla\\\/\"},\"wordCount\":485,\"image\":{\"@id\":\"https:\\\/\\\/gentedebasquet.com.ar\\\/sitio\\\/2025\\\/09\\\/13\\\/barrio-hospital-supero-al-celeste-en-la-cancha-y-en-la-tabla\\\/#primaryimage\"},\"thumbnailUrl\":\"https:\\\/\\\/gentedebasquet.com.ar\\\/sitio\\\/wp-content\\\/uploads\\\/2025\\\/09\\\/vlcsnap-2025-09-13-02h17m28s693.png\",\"keywords\":[\"Barrio Hospital\",\"El Nacional\",\"Jos\u00e9 Luis Mart\u00ednez\",\"Lucas Ruiz\"],\"articleSection\":[\"Segunda\",\"Slide\"],\"inLanguage\":\"es\"},{\"@type\":\"WebPage\",\"@id\":\"https:\\\/\\\/gentedebasquet.com.ar\\\/sitio\\\/2025\\\/09\\\/13\\\/barrio-hospital-supero-al-celeste-en-la-cancha-y-en-la-tabla\\\/\",\"url\":\"https:\\\/\\\/gentedebasquet.com.ar\\\/sitio\\\/2025\\\/09\\\/13\\\/barrio-hospital-supero-al-celeste-en-la-cancha-y-en-la-tabla\\\/\",\"name\":\"Barrio Hospital super\u00f3 al celeste en la cancha y en la tabla - Gente de B\u00e1squet\",\"isPartOf\":{\"@id\":\"https:\\\/\\\/gentedebasquet.com.ar\\\/sitio\\\/#website\"},\"primaryImageOfPage\":{\"@id\":\"https:\\\/\\\/gentedebasquet.com.ar\\\/sitio\\\/2025\\\/09\\\/13\\\/barrio-hospital-supero-al-celeste-en-la-cancha-y-en-la-tabla\\\/#primaryimage\"},\"image\":{\"@id\":\"https:\\\/\\\/gentedebasquet.com.ar\\\/sitio\\\/2025\\\/09\\\/13\\\/barrio-hospital-supero-al-celeste-en-la-cancha-y-en-la-tabla\\\/#primaryimage\"},\"thumbnailUrl\":\"https:\\\/\\\/gentedebasquet.com.ar\\\/sitio\\\/wp-content\\\/uploads\\\/2025\\\/09\\\/vlcsnap-2025-09-13-02h17m28s693.png\",\"datePublished\":\"2025-09-13T05:23:47+00:00\",\"dateModified\":\"2025-09-13T13:38:59+00:00\",\"author\":{\"@id\":\"https:\\\/\\\/gentedebasquet.com.ar\\\/sitio\\\/#\\\/schema\\\/person\\\/6f3e5bc5df127b420a445d22fc9eaa51\"},\"breadcrumb\":{\"@id\":\"https:\\\/\\\/gentedebasquet.com.ar\\\/sitio\\\/2025\\\/09\\\/13\\\/barrio-hospital-supero-al-celeste-en-la-cancha-y-en-la-tabla\\\/#breadcrumb\"},\"inLanguage\":\"es\",\"potentialAction\":[{\"@type\":\"ReadAction\",\"target\":[\"https:\\\/\\\/gentedebasquet.com.ar\\\/sitio\\\/2025\\\/09\\\/13\\\/barrio-hospital-supero-al-celeste-en-la-cancha-y-en-la-tabla\\\/\"]}]},{\"@type\":\"ImageObject\",\"inLanguage\":\"es\",\"@id\":\"https:\\\/\\\/gentedebasquet.com.ar\\\/sitio\\\/2025\\\/09\\\/13\\\/barrio-hospital-supero-al-celeste-en-la-cancha-y-en-la-tabla\\\/#primaryimage\",\"url\":\"https:\\\/\\\/gentedebasquet.com.ar\\\/sitio\\\/wp-content\\\/uploads\\\/2025\\\/09\\\/vlcsnap-2025-09-13-02h17m28s693.png\",\"contentUrl\":\"https:\\\/\\\/gentedebasquet.com.ar\\\/sitio\\\/wp-content\\\/uploads\\\/2025\\\/09\\\/vlcsnap-2025-09-13-02h17m28s693.png\",\"width\":690,\"height\":319},{\"@type\":\"BreadcrumbList\",\"@id\":\"https:\\\/\\\/gentedebasquet.com.ar\\\/sitio\\\/2025\\\/09\\\/13\\\/barrio-hospital-supero-al-celeste-en-la-cancha-y-en-la-tabla\\\/#breadcrumb\",\"itemListElement\":[{\"@type\":\"ListItem\",\"position\":1,\"name\":\"Portada\",\"item\":\"https:\\\/\\\/gentedebasquet.com.ar\\\/sitio\\\/\"},{\"@type\":\"ListItem\",\"position\":2,\"name\":\"Barrio Hospital super\u00f3 al celeste en la cancha y en la tabla\"}]},{\"@type\":\"WebSite\",\"@id\":\"https:\\\/\\\/gentedebasquet.com.ar\\\/sitio\\\/#website\",\"url\":\"https:\\\/\\\/gentedebasquet.com.ar\\\/sitio\\\/\",\"name\":\"Gente de B\u00e1squet\",\"description\":\"La revista del basquet de Bah\u00eda Blanca\",\"potentialAction\":[{\"@type\":\"SearchAction\",\"target\":{\"@type\":\"EntryPoint\",\"urlTemplate\":\"https:\\\/\\\/gentedebasquet.com.ar\\\/sitio\\\/?s={search_term_string}\"},\"query-input\":{\"@type\":\"PropertyValueSpecification\",\"valueRequired\":true,\"valueName\":\"search_term_string\"}}],\"inLanguage\":\"es\"},{\"@type\":\"Person\",\"@id\":\"https:\\\/\\\/gentedebasquet.com.ar\\\/sitio\\\/#\\\/schema\\\/person\\\/6f3e5bc5df127b420a445d22fc9eaa51\",\"name\":\"Andres Camarero\",\"image\":{\"@type\":\"ImageObject\",\"inLanguage\":\"es\",\"@id\":\"https:\\\/\\\/secure.gravatar.com\\\/avatar\\\/f6d4884ec54a50c25ccd5e4f54f5e904d09dfe74ef58e58f631f3917b6fed7cd?s=96&d=mm&r=g\",\"url\":\"https:\\\/\\\/secure.gravatar.com\\\/avatar\\\/f6d4884ec54a50c25ccd5e4f54f5e904d09dfe74ef58e58f631f3917b6fed7cd?s=96&d=mm&r=g\",\"contentUrl\":\"https:\\\/\\\/secure.gravatar.com\\\/avatar\\\/f6d4884ec54a50c25ccd5e4f54f5e904d09dfe74ef58e58f631f3917b6fed7cd?s=96&d=mm&r=g\",\"caption\":\"Andres Camarero\"},\"url\":\"https:\\\/\\\/gentedebasquet.com.ar\\\/sitio\\\/author\\\/andres-camarero\\\/\"}]}<\/script>\n<!-- \/ Yoast SEO plugin. -->","yoast_head_json":{"title":"Barrio Hospital super\u00f3 al celeste en la cancha y en la tabla - Gente de B\u00e1squet","robots":{"index":"index","follow":"follow","max-snippet":"max-snippet:-1","max-image-preview":"max-image-preview:large","max-video-preview":"max-video-preview:-1"},"canonical":"https:\/\/gentedebasquet.com.ar\/sitio\/2025\/09\/13\/barrio-hospital-supero-al-celeste-en-la-cancha-y-en-la-tabla\/","og_locale":"es_ES","og_type":"article","og_title":"Barrio Hospital super\u00f3 al celeste en la cancha y en la tabla - Gente de B\u00e1squet","og_description":"\u00a0El plantel conducido por Claudio Queti venci\u00f3 a El Nacional en el partido de la sexta fecha del segundo tramo del campeonato de Segunda y de esta manera logr\u00f3 ponerse por encima de este rival en las posiciones. Apenas medio punto los separa (24,5 y 24). El partido fue jugado en el estadio Hermanos Ciccioli [&hellip;]","og_url":"https:\/\/gentedebasquet.com.ar\/sitio\/2025\/09\/13\/barrio-hospital-supero-al-celeste-en-la-cancha-y-en-la-tabla\/","og_site_name":"Gente de B\u00e1squet","article_published_time":"2025-09-13T05:23:47+00:00","article_modified_time":"2025-09-13T13:38:59+00:00","og_image":[{"width":690,"height":319,"url":"https:\/\/gentedebasquet.com.ar\/sitio\/wp-content\/uploads\/2025\/09\/vlcsnap-2025-09-13-02h17m28s693.png","type":"image\/png"}],"author":"Andres Camarero","twitter_card":"summary_large_image","twitter_misc":{"Escrito por":"Andres Camarero","Tiempo de lectura":"3 minutos"},"schema":{"@context":"https:\/\/schema.org","@graph":[{"@type":"Article","@id":"https:\/\/gentedebasquet.com.ar\/sitio\/2025\/09\/13\/barrio-hospital-supero-al-celeste-en-la-cancha-y-en-la-tabla\/#article","isPartOf":{"@id":"https:\/\/gentedebasquet.com.ar\/sitio\/2025\/09\/13\/barrio-hospital-supero-al-celeste-en-la-cancha-y-en-la-tabla\/"},"author":{"name":"Andres Camarero","@id":"https:\/\/gentedebasquet.com.ar\/sitio\/#\/schema\/person\/6f3e5bc5df127b420a445d22fc9eaa51"},"headline":"Barrio Hospital super\u00f3 al celeste en la cancha y en la tabla","datePublished":"2025-09-13T05:23:47+00:00","dateModified":"2025-09-13T13:38:59+00:00","mainEntityOfPage":{"@id":"https:\/\/gentedebasquet.com.ar\/sitio\/2025\/09\/13\/barrio-hospital-supero-al-celeste-en-la-cancha-y-en-la-tabla\/"},"wordCount":485,"image":{"@id":"https:\/\/gentedebasquet.com.ar\/sitio\/2025\/09\/13\/barrio-hospital-supero-al-celeste-en-la-cancha-y-en-la-tabla\/#primaryimage"},"thumbnailUrl":"https:\/\/gentedebasquet.com.ar\/sitio\/wp-content\/uploads\/2025\/09\/vlcsnap-2025-09-13-02h17m28s693.png","keywords":["Barrio Hospital","El Nacional","Jos\u00e9 Luis Mart\u00ednez","Lucas Ruiz"],"articleSection":["Segunda","Slide"],"inLanguage":"es"},{"@type":"WebPage","@id":"https:\/\/gentedebasquet.com.ar\/sitio\/2025\/09\/13\/barrio-hospital-supero-al-celeste-en-la-cancha-y-en-la-tabla\/","url":"https:\/\/gentedebasquet.com.ar\/sitio\/2025\/09\/13\/barrio-hospital-supero-al-celeste-en-la-cancha-y-en-la-tabla\/","name":"Barrio Hospital super\u00f3 al celeste en la cancha y en la tabla - Gente de B\u00e1squet","isPartOf":{"@id":"https:\/\/gentedebasquet.com.ar\/sitio\/#website"},"primaryImageOfPage":{"@id":"https:\/\/gentedebasquet.com.ar\/sitio\/2025\/09\/13\/barrio-hospital-supero-al-celeste-en-la-cancha-y-en-la-tabla\/#primaryimage"},"image":{"@id":"https:\/\/gentedebasquet.com.ar\/sitio\/2025\/09\/13\/barrio-hospital-supero-al-celeste-en-la-cancha-y-en-la-tabla\/#primaryimage"},"thumbnailUrl":"https:\/\/gentedebasquet.com.ar\/sitio\/wp-content\/uploads\/2025\/09\/vlcsnap-2025-09-13-02h17m28s693.png","datePublished":"2025-09-13T05:23:47+00:00","dateModified":"2025-09-13T13:38:59+00:00","author":{"@id":"https:\/\/gentedebasquet.com.ar\/sitio\/#\/schema\/person\/6f3e5bc5df127b420a445d22fc9eaa51"},"breadcrumb":{"@id":"https:\/\/gentedebasquet.com.ar\/sitio\/2025\/09\/13\/barrio-hospital-supero-al-celeste-en-la-cancha-y-en-la-tabla\/#breadcrumb"},"inLanguage":"es","potentialAction":[{"@type":"ReadAction","target":["https:\/\/gentedebasquet.com.ar\/sitio\/2025\/09\/13\/barrio-hospital-supero-al-celeste-en-la-cancha-y-en-la-tabla\/"]}]},{"@type":"ImageObject","inLanguage":"es","@id":"https:\/\/gentedebasquet.com.ar\/sitio\/2025\/09\/13\/barrio-hospital-supero-al-celeste-en-la-cancha-y-en-la-tabla\/#primaryimage","url":"https:\/\/gentedebasquet.com.ar\/sitio\/wp-content\/uploads\/2025\/09\/vlcsnap-2025-09-13-02h17m28s693.png","contentUrl":"https:\/\/gentedebasquet.com.ar\/sitio\/wp-content\/uploads\/2025\/09\/vlcsnap-2025-09-13-02h17m28s693.png","width":690,"height":319},{"@type":"BreadcrumbList","@id":"https:\/\/gentedebasquet.com.ar\/sitio\/2025\/09\/13\/barrio-hospital-supero-al-celeste-en-la-cancha-y-en-la-tabla\/#breadcrumb","itemListElement":[{"@type":"ListItem","position":1,"name":"Portada","item":"https:\/\/gentedebasquet.com.ar\/sitio\/"},{"@type":"ListItem","position":2,"name":"Barrio Hospital super\u00f3 al celeste en la cancha y en la tabla"}]},{"@type":"WebSite","@id":"https:\/\/gentedebasquet.com.ar\/sitio\/#website","url":"https:\/\/gentedebasquet.com.ar\/sitio\/","name":"Gente de B\u00e1squet","description":"La revista del basquet de Bah\u00eda Blanca","potentialAction":[{"@type":"SearchAction","target":{"@type":"EntryPoint","urlTemplate":"https:\/\/gentedebasquet.com.ar\/sitio\/?s={search_term_string}"},"query-input":{"@type":"PropertyValueSpecification","valueRequired":true,"valueName":"search_term_string"}}],"inLanguage":"es"},{"@type":"Person","@id":"https:\/\/gentedebasquet.com.ar\/sitio\/#\/schema\/person\/6f3e5bc5df127b420a445d22fc9eaa51","name":"Andres Camarero","image":{"@type":"ImageObject","inLanguage":"es","@id":"https:\/\/secure.gravatar.com\/avatar\/f6d4884ec54a50c25ccd5e4f54f5e904d09dfe74ef58e58f631f3917b6fed7cd?s=96&d=mm&r=g","url":"https:\/\/secure.gravatar.com\/avatar\/f6d4884ec54a50c25ccd5e4f54f5e904d09dfe74ef58e58f631f3917b6fed7cd?s=96&d=mm&r=g","contentUrl":"https:\/\/secure.gravatar.com\/avatar\/f6d4884ec54a50c25ccd5e4f54f5e904d09dfe74ef58e58f631f3917b6fed7cd?s=96&d=mm&r=g","caption":"Andres Camarero"},"url":"https:\/\/gentedebasquet.com.ar\/sitio\/author\/andres-camarero\/"}]}},"_links":{"self":[{"href":"https:\/\/gentedebasquet.com.ar\/sitio\/wp-json\/wp\/v2\/posts\/117922","targetHints":{"allow":["GET"]}}],"collection":[{"href":"https:\/\/gentedebasquet.com.ar\/sitio\/wp-json\/wp\/v2\/posts"}],"about":[{"href":"https:\/\/gentedebasquet.com.ar\/sitio\/wp-json\/wp\/v2\/types\/post"}],"author":[{"embeddable":true,"href":"https:\/\/gentedebasquet.com.ar\/sitio\/wp-json\/wp\/v2\/users\/70"}],"replies":[{"embeddable":true,"href":"https:\/\/gentedebasquet.com.ar\/sitio\/wp-json\/wp\/v2\/comments?post=117922"}],"version-history":[{"count":5,"href":"https:\/\/gentedebasquet.com.ar\/sitio\/wp-json\/wp\/v2\/posts\/117922\/revisions"}],"predecessor-version":[{"id":117947,"href":"https:\/\/gentedebasquet.com.ar\/sitio\/wp-json\/wp\/v2\/posts\/117922\/revisions\/117947"}],"wp:featuredmedia":[{"embeddable":true,"href":"https:\/\/gentedebasquet.com.ar\/sitio\/wp-json\/wp\/v2\/media\/117938"}],"wp:attachment":[{"href":"https:\/\/gentedebasquet.com.ar\/sitio\/wp-json\/wp\/v2\/media?parent=117922"}],"wp:term":[{"taxonomy":"category","embeddable":true,"href":"https:\/\/gentedebasquet.com.ar\/sitio\/wp-json\/wp\/v2\/categories?post=117922"},{"taxonomy":"post_tag","embeddable":true,"href":"https:\/\/gentedebasquet.com.ar\/sitio\/wp-json\/wp\/v2\/tags?post=117922"}],"curies":[{"name":"wp","href":"https:\/\/api.w.org\/{rel}","templated":true}]}}