{"id":117925,"date":"2025-09-13T05:58:00","date_gmt":"2025-09-13T03:58:00","guid":{"rendered":"https:\/\/gentedebasquet.com.ar\/sitio\/?p=117925"},"modified":"2025-09-13T06:00:48","modified_gmt":"2025-09-13T04:00:48","slug":"bahia-basket-sigue-escalando","status":"publish","type":"post","link":"https:\/\/gentedebasquet.com.ar\/sitio\/2025\/09\/13\/bahia-basket-sigue-escalando\/","title":{"rendered":"Bah\u00eda Basket sigue escalando"},"content":{"rendered":"<p><strong>En Punta Alta, el elenco orientado por Tom\u00e1s Fern\u00e1ndez le gan\u00f3 68 a 65 a Los Andes y ya est\u00e1 noveno en las posiciones.<\/strong><\/p>\n<p><strong>Federico Salce con 22 puntos m\u00e1s 7 asistencias fue la figura. Adem\u00e1s, Emanuel Kloster arrim\u00f3 12 m\u00e1s 10 recobres y Esteban Jaime 10.<\/strong><\/p>\n<p><strong>Mientras que, en el conjunto de Enrique Moreno sobresali\u00f3 Mat\u00edas Berger con 22 unidades m\u00e1s 9 rebotes.<\/strong><\/p>\n<p><strong>El visitante meti\u00f3 un tremendo 4C (20-8) y le arrebat\u00f3 la victoria de las manos. Clave el ingreso de Santiago Ponzoni. Determinante Salce y el cierre fue plagado de equivocaciones.<\/strong><\/p>\n<div class=\"jeg_video_container jeg_video_content\"><iframe loading=\"lazy\" title=\"#Segunda - Fecha #6: Los Andes 65 - 68 Bah\u00eda Basket\" width=\"500\" height=\"281\" src=\"https:\/\/www.youtube.com\/embed\/G98LsZzRETg?feature=oembed\" frameborder=\"0\" allow=\"accelerometer; autoplay; clipboard-write; encrypted-media; gyroscope; picture-in-picture; web-share\" referrerpolicy=\"strict-origin-when-cross-origin\" allowfullscreen><\/iframe><\/div>\n<p><img decoding=\"async\" class=\"alignnone size-medium wp-image-117926\" src=\"http:\/\/gentedebasquet.com.ar\/sitio\/wp-content\/uploads\/2025\/09\/f01e97da-346a-4ce4-af02-11a9191fc0c2-300x300.jpg\" alt=\"\" width=\"300\" height=\"300\" srcset=\"https:\/\/gentedebasquet.com.ar\/sitio\/wp-content\/uploads\/2025\/09\/f01e97da-346a-4ce4-af02-11a9191fc0c2-300x300.jpg 300w, https:\/\/gentedebasquet.com.ar\/sitio\/wp-content\/uploads\/2025\/09\/f01e97da-346a-4ce4-af02-11a9191fc0c2-1024x1024.jpg 1024w, https:\/\/gentedebasquet.com.ar\/sitio\/wp-content\/uploads\/2025\/09\/f01e97da-346a-4ce4-af02-11a9191fc0c2-150x150.jpg 150w, https:\/\/gentedebasquet.com.ar\/sitio\/wp-content\/uploads\/2025\/09\/f01e97da-346a-4ce4-af02-11a9191fc0c2-768x768.jpg 768w, https:\/\/gentedebasquet.com.ar\/sitio\/wp-content\/uploads\/2025\/09\/f01e97da-346a-4ce4-af02-11a9191fc0c2-1536x1536.jpg 1536w, https:\/\/gentedebasquet.com.ar\/sitio\/wp-content\/uploads\/2025\/09\/f01e97da-346a-4ce4-af02-11a9191fc0c2-75x75.jpg 75w, https:\/\/gentedebasquet.com.ar\/sitio\/wp-content\/uploads\/2025\/09\/f01e97da-346a-4ce4-af02-11a9191fc0c2-350x350.jpg 350w, https:\/\/gentedebasquet.com.ar\/sitio\/wp-content\/uploads\/2025\/09\/f01e97da-346a-4ce4-af02-11a9191fc0c2-750x750.jpg 750w, https:\/\/gentedebasquet.com.ar\/sitio\/wp-content\/uploads\/2025\/09\/f01e97da-346a-4ce4-af02-11a9191fc0c2-1140x1140.jpg 1140w, https:\/\/gentedebasquet.com.ar\/sitio\/wp-content\/uploads\/2025\/09\/f01e97da-346a-4ce4-af02-11a9191fc0c2.jpg 1600w\" sizes=\"(max-width: 300px) 100vw, 300px\" \/><\/p>\n<blockquote><p>\u201cMuy contentos y cansados. Hoy que me toca el rol de capit\u00e1n, en un equipo que somos todos amigos, te pone muy contento la victoria. Arrancamos medio mal el primer tramo, pero en este segundo estamos levantando. Nos falta nuestra figura ofensiva que es Mariano Morando, pero tomamos otros el rol ofensivo. Corrimos, defendimos y agarramos el rebote que es clave\u201d, Federico Salce (Bah\u00eda Basket).<\/p><\/blockquote>\n<p><img decoding=\"async\" class=\"alignnone size-medium wp-image-117928\" src=\"http:\/\/gentedebasquet.com.ar\/sitio\/wp-content\/uploads\/2025\/09\/DSC_5914-300x237.jpg\" alt=\"\" width=\"300\" height=\"237\" srcset=\"https:\/\/gentedebasquet.com.ar\/sitio\/wp-content\/uploads\/2025\/09\/DSC_5914-300x237.jpg 300w, https:\/\/gentedebasquet.com.ar\/sitio\/wp-content\/uploads\/2025\/09\/DSC_5914.jpg 650w\" sizes=\"(max-width: 300px) 100vw, 300px\" \/><\/p>\n<p><img decoding=\"async\" class=\"alignnone size-medium wp-image-117927\" src=\"http:\/\/gentedebasquet.com.ar\/sitio\/wp-content\/uploads\/2025\/09\/99417eaf-6f3b-4813-a9f2-d9f3e549dc3e-300x300.jpg\" alt=\"\" width=\"300\" height=\"300\" srcset=\"https:\/\/gentedebasquet.com.ar\/sitio\/wp-content\/uploads\/2025\/09\/99417eaf-6f3b-4813-a9f2-d9f3e549dc3e-300x300.jpg 300w, https:\/\/gentedebasquet.com.ar\/sitio\/wp-content\/uploads\/2025\/09\/99417eaf-6f3b-4813-a9f2-d9f3e549dc3e-1024x1024.jpg 1024w, https:\/\/gentedebasquet.com.ar\/sitio\/wp-content\/uploads\/2025\/09\/99417eaf-6f3b-4813-a9f2-d9f3e549dc3e-150x150.jpg 150w, https:\/\/gentedebasquet.com.ar\/sitio\/wp-content\/uploads\/2025\/09\/99417eaf-6f3b-4813-a9f2-d9f3e549dc3e-768x768.jpg 768w, https:\/\/gentedebasquet.com.ar\/sitio\/wp-content\/uploads\/2025\/09\/99417eaf-6f3b-4813-a9f2-d9f3e549dc3e-1536x1536.jpg 1536w, https:\/\/gentedebasquet.com.ar\/sitio\/wp-content\/uploads\/2025\/09\/99417eaf-6f3b-4813-a9f2-d9f3e549dc3e-75x75.jpg 75w, https:\/\/gentedebasquet.com.ar\/sitio\/wp-content\/uploads\/2025\/09\/99417eaf-6f3b-4813-a9f2-d9f3e549dc3e-350x350.jpg 350w, https:\/\/gentedebasquet.com.ar\/sitio\/wp-content\/uploads\/2025\/09\/99417eaf-6f3b-4813-a9f2-d9f3e549dc3e-750x750.jpg 750w, https:\/\/gentedebasquet.com.ar\/sitio\/wp-content\/uploads\/2025\/09\/99417eaf-6f3b-4813-a9f2-d9f3e549dc3e-1140x1140.jpg 1140w, https:\/\/gentedebasquet.com.ar\/sitio\/wp-content\/uploads\/2025\/09\/99417eaf-6f3b-4813-a9f2-d9f3e549dc3e.jpg 1600w\" sizes=\"(max-width: 300px) 100vw, 300px\" \/><\/p>\n<p><strong>S\u00edntesis \u2013<\/strong>\u00a0<strong>Segunda \u2013 Fecha 6<\/strong><\/p>\n<p><strong>Los Andes 65:\u00a0<\/strong>Franco Libero 8, Tob\u00edas Berthe 9, Mat\u00edas G\u00f3mez 8, Tom\u00e1s Carvalhosa 2 y James Danzey 2, <strong>(FI);<\/strong> Mat\u00edas Berger 22, Facundo Asensi 0, Gast\u00f3n Mart\u00ednez 7, Leandro Orosco 3 y Alfredo Cortina 4. <strong>DT: Enrique Moreno.<\/strong><\/p>\n<p><strong>Bah\u00eda Basket 68:<\/strong>\u00a0Federico Salce 22,\u00a0Emanuel Kloster 12, Juan Bautista Kiessling 2, Juan Cruz Mambretti 6 y Tom\u00e1s Campa\u00f1a 5, <strong>(FI);<\/strong> Santiago Ponzoni 9, Agust\u00edn Passegui 2, Esteban Jaime 10, Juan M. V\u00e1zquez 0 y\u00a0Santiago Russi 0. <strong>DT: Tom\u00e1s Fern\u00e1ndez.<\/strong><\/p>\n<p><strong>Cuartos<\/strong>: 23-18; 32-31 (9-13); 57-48 (25-17) y 65-68 (8-20).<\/p>\n<p><strong>\u00c1rbitros<\/strong>: Marjorie Stuardo, Ariel Di Marco y Alberto Arlenghi.<\/p>\n<p><strong>Estadio<\/strong>: Jos\u00e9 D&#8217;Amico (Los Andes).<\/p>\n<p><img decoding=\"async\" class=\"alignnone size-medium wp-image-117930\" src=\"http:\/\/gentedebasquet.com.ar\/sitio\/wp-content\/uploads\/2025\/09\/Fecha-6-TS-segundo-tramo-2025-6-300x229.jpg\" alt=\"\" width=\"300\" height=\"229\" srcset=\"https:\/\/gentedebasquet.com.ar\/sitio\/wp-content\/uploads\/2025\/09\/Fecha-6-TS-segundo-tramo-2025-6-300x229.jpg 300w, https:\/\/gentedebasquet.com.ar\/sitio\/wp-content\/uploads\/2025\/09\/Fecha-6-TS-segundo-tramo-2025-6.jpg 650w\" sizes=\"(max-width: 300px) 100vw, 300px\" \/><\/p>\n<p>&nbsp;<\/p>\n<p>Fotos: Marcelo Barth (Punta Noticias)<\/p>\n","protected":false},"excerpt":{"rendered":"<p>En Punta Alta, el elenco orientado por Tom\u00e1s Fern\u00e1ndez le gan\u00f3 68 a 65 a Los Andes y ya est\u00e1 noveno en las posiciones. Federico Salce con 22 puntos m\u00e1s 7 asistencias fue la figura. Adem\u00e1s, Emanuel Kloster arrim\u00f3 12 m\u00e1s 10 recobres y Esteban Jaime 10. Mientras que, en el conjunto de Enrique Moreno [&hellip;]<\/p>\n","protected":false},"author":62,"featured_media":117929,"comment_status":"closed","ping_status":"open","sticky":false,"template":"","format":"standard","meta":{"jnews-multi-image_gallery":[],"jnews_single_post":{"source_name":"","source_url":"","via_name":"","via_url":"","override_template":"0","override":[{"template":"1","single_blog_custom":"","parallax":"1","fullscreen":"1","layout":"right-sidebar","sidebar":"default-sidebar","second_sidebar":"default-sidebar","sticky_sidebar":"1","share_position":"top","share_float_style":"share-monocrhome","show_share_counter":"0","show_view_counter":"0","show_featured":"1","show_post_meta":"1","show_post_author":"1","show_post_author_image":"0","show_post_date":"1","post_date_format":"default","post_date_format_custom":"Y\/m\/d","show_post_category":"1","show_post_reading_time":"0","post_reading_time_wpm":"300","show_zoom_button":"0","zoom_button_out_step":"2","zoom_button_in_step":"3","show_post_tag":"1","show_prev_next_post":"1","show_popup_post":"0","number_popup_post":"1","show_author_box":"0","show_post_related":"0","show_inline_post_related":"0"}],"override_image_size":"0","image_override":[{"single_post_thumbnail_size":"crop-500","single_post_gallery_size":"crop-500"}],"trending_post":"0","trending_post_position":"meta","trending_post_label":"Trending","sponsored_post":"0","sponsored_post_label":"Sponsored by","sponsored_post_name":"","sponsored_post_url":"","sponsored_post_logo_enable":"0","sponsored_post_logo":"","sponsored_post_desc":"","disable_ad":"0"},"jnews_primary_category":{"id":"","hide":""},"footnotes":""},"categories":[25,101],"tags":[58,152,2026],"class_list":["post-117925","post","type-post","status-publish","format-standard","has-post-thumbnail","hentry","category-segunda","category-slide","tag-bahiabasket","tag-los-andes","tag-torneo-de-segunda-abb"],"yoast_head":"<!-- This site is optimized with the Yoast SEO plugin v27.5 - https:\/\/yoast.com\/product\/yoast-seo-wordpress\/ -->\n<title>Bah\u00eda Basket sigue escalando - Gente de B\u00e1squet<\/title>\n<meta name=\"robots\" content=\"index, follow, max-snippet:-1, max-image-preview:large, max-video-preview:-1\" \/>\n<link rel=\"canonical\" href=\"https:\/\/gentedebasquet.com.ar\/sitio\/2025\/09\/13\/bahia-basket-sigue-escalando\/\" \/>\n<meta property=\"og:locale\" content=\"es_ES\" \/>\n<meta property=\"og:type\" content=\"article\" \/>\n<meta property=\"og:title\" content=\"Bah\u00eda Basket sigue escalando - Gente de B\u00e1squet\" \/>\n<meta property=\"og:description\" content=\"En Punta Alta, el elenco orientado por Tom\u00e1s Fern\u00e1ndez le gan\u00f3 68 a 65 a Los Andes y ya est\u00e1 noveno en las posiciones. Federico Salce con 22 puntos m\u00e1s 7 asistencias fue la figura. Adem\u00e1s, Emanuel Kloster arrim\u00f3 12 m\u00e1s 10 recobres y Esteban Jaime 10. Mientras que, en el conjunto de Enrique Moreno [&hellip;]\" \/>\n<meta property=\"og:url\" content=\"https:\/\/gentedebasquet.com.ar\/sitio\/2025\/09\/13\/bahia-basket-sigue-escalando\/\" \/>\n<meta property=\"og:site_name\" content=\"Gente de B\u00e1squet\" \/>\n<meta property=\"article:published_time\" content=\"2025-09-13T03:58:00+00:00\" \/>\n<meta property=\"article:modified_time\" content=\"2025-09-13T04:00:48+00:00\" \/>\n<meta property=\"og:image\" content=\"https:\/\/gentedebasquet.com.ar\/sitio\/wp-content\/uploads\/2025\/09\/DSC_5905.jpg\" \/>\n\t<meta property=\"og:image:width\" content=\"750\" \/>\n\t<meta property=\"og:image:height\" content=\"374\" \/>\n\t<meta property=\"og:image:type\" content=\"image\/jpeg\" \/>\n<meta name=\"author\" content=\"Mat\u00edas Dom\u00ednguez\" \/>\n<meta name=\"twitter:card\" content=\"summary_large_image\" \/>\n<meta name=\"twitter:label1\" content=\"Escrito por\" \/>\n\t<meta name=\"twitter:data1\" content=\"Mat\u00edas Dom\u00ednguez\" \/>\n\t<meta name=\"twitter:label2\" content=\"Tiempo de lectura\" \/>\n\t<meta name=\"twitter:data2\" content=\"2 minutos\" \/>\n<script type=\"application\/ld+json\" class=\"yoast-schema-graph\">{\"@context\":\"https:\\\/\\\/schema.org\",\"@graph\":[{\"@type\":\"Article\",\"@id\":\"https:\\\/\\\/gentedebasquet.com.ar\\\/sitio\\\/2025\\\/09\\\/13\\\/bahia-basket-sigue-escalando\\\/#article\",\"isPartOf\":{\"@id\":\"https:\\\/\\\/gentedebasquet.com.ar\\\/sitio\\\/2025\\\/09\\\/13\\\/bahia-basket-sigue-escalando\\\/\"},\"author\":{\"name\":\"Mat\u00edas Dom\u00ednguez\",\"@id\":\"https:\\\/\\\/gentedebasquet.com.ar\\\/sitio\\\/#\\\/schema\\\/person\\\/2df9550994560b26db96aa8de5494221\"},\"headline\":\"Bah\u00eda Basket sigue escalando\",\"datePublished\":\"2025-09-13T03:58:00+00:00\",\"dateModified\":\"2025-09-13T04:00:48+00:00\",\"mainEntityOfPage\":{\"@id\":\"https:\\\/\\\/gentedebasquet.com.ar\\\/sitio\\\/2025\\\/09\\\/13\\\/bahia-basket-sigue-escalando\\\/\"},\"wordCount\":283,\"image\":{\"@id\":\"https:\\\/\\\/gentedebasquet.com.ar\\\/sitio\\\/2025\\\/09\\\/13\\\/bahia-basket-sigue-escalando\\\/#primaryimage\"},\"thumbnailUrl\":\"https:\\\/\\\/gentedebasquet.com.ar\\\/sitio\\\/wp-content\\\/uploads\\\/2025\\\/09\\\/DSC_5905.jpg\",\"keywords\":[\"Bah\u00eda Basket\",\"Los Andes\",\"Torneo de Segunda ABB\"],\"articleSection\":[\"Segunda\",\"Slide\"],\"inLanguage\":\"es\"},{\"@type\":\"WebPage\",\"@id\":\"https:\\\/\\\/gentedebasquet.com.ar\\\/sitio\\\/2025\\\/09\\\/13\\\/bahia-basket-sigue-escalando\\\/\",\"url\":\"https:\\\/\\\/gentedebasquet.com.ar\\\/sitio\\\/2025\\\/09\\\/13\\\/bahia-basket-sigue-escalando\\\/\",\"name\":\"Bah\u00eda Basket sigue escalando - Gente de B\u00e1squet\",\"isPartOf\":{\"@id\":\"https:\\\/\\\/gentedebasquet.com.ar\\\/sitio\\\/#website\"},\"primaryImageOfPage\":{\"@id\":\"https:\\\/\\\/gentedebasquet.com.ar\\\/sitio\\\/2025\\\/09\\\/13\\\/bahia-basket-sigue-escalando\\\/#primaryimage\"},\"image\":{\"@id\":\"https:\\\/\\\/gentedebasquet.com.ar\\\/sitio\\\/2025\\\/09\\\/13\\\/bahia-basket-sigue-escalando\\\/#primaryimage\"},\"thumbnailUrl\":\"https:\\\/\\\/gentedebasquet.com.ar\\\/sitio\\\/wp-content\\\/uploads\\\/2025\\\/09\\\/DSC_5905.jpg\",\"datePublished\":\"2025-09-13T03:58:00+00:00\",\"dateModified\":\"2025-09-13T04:00:48+00:00\",\"author\":{\"@id\":\"https:\\\/\\\/gentedebasquet.com.ar\\\/sitio\\\/#\\\/schema\\\/person\\\/2df9550994560b26db96aa8de5494221\"},\"breadcrumb\":{\"@id\":\"https:\\\/\\\/gentedebasquet.com.ar\\\/sitio\\\/2025\\\/09\\\/13\\\/bahia-basket-sigue-escalando\\\/#breadcrumb\"},\"inLanguage\":\"es\",\"potentialAction\":[{\"@type\":\"ReadAction\",\"target\":[\"https:\\\/\\\/gentedebasquet.com.ar\\\/sitio\\\/2025\\\/09\\\/13\\\/bahia-basket-sigue-escalando\\\/\"]}]},{\"@type\":\"ImageObject\",\"inLanguage\":\"es\",\"@id\":\"https:\\\/\\\/gentedebasquet.com.ar\\\/sitio\\\/2025\\\/09\\\/13\\\/bahia-basket-sigue-escalando\\\/#primaryimage\",\"url\":\"https:\\\/\\\/gentedebasquet.com.ar\\\/sitio\\\/wp-content\\\/uploads\\\/2025\\\/09\\\/DSC_5905.jpg\",\"contentUrl\":\"https:\\\/\\\/gentedebasquet.com.ar\\\/sitio\\\/wp-content\\\/uploads\\\/2025\\\/09\\\/DSC_5905.jpg\",\"width\":750,\"height\":374},{\"@type\":\"BreadcrumbList\",\"@id\":\"https:\\\/\\\/gentedebasquet.com.ar\\\/sitio\\\/2025\\\/09\\\/13\\\/bahia-basket-sigue-escalando\\\/#breadcrumb\",\"itemListElement\":[{\"@type\":\"ListItem\",\"position\":1,\"name\":\"Portada\",\"item\":\"https:\\\/\\\/gentedebasquet.com.ar\\\/sitio\\\/\"},{\"@type\":\"ListItem\",\"position\":2,\"name\":\"Bah\u00eda Basket sigue escalando\"}]},{\"@type\":\"WebSite\",\"@id\":\"https:\\\/\\\/gentedebasquet.com.ar\\\/sitio\\\/#website\",\"url\":\"https:\\\/\\\/gentedebasquet.com.ar\\\/sitio\\\/\",\"name\":\"Gente de B\u00e1squet\",\"description\":\"La revista del basquet de Bah\u00eda Blanca\",\"potentialAction\":[{\"@type\":\"SearchAction\",\"target\":{\"@type\":\"EntryPoint\",\"urlTemplate\":\"https:\\\/\\\/gentedebasquet.com.ar\\\/sitio\\\/?s={search_term_string}\"},\"query-input\":{\"@type\":\"PropertyValueSpecification\",\"valueRequired\":true,\"valueName\":\"search_term_string\"}}],\"inLanguage\":\"es\"},{\"@type\":\"Person\",\"@id\":\"https:\\\/\\\/gentedebasquet.com.ar\\\/sitio\\\/#\\\/schema\\\/person\\\/2df9550994560b26db96aa8de5494221\",\"name\":\"Mat\u00edas Dom\u00ednguez\",\"image\":{\"@type\":\"ImageObject\",\"inLanguage\":\"es\",\"@id\":\"https:\\\/\\\/secure.gravatar.com\\\/avatar\\\/29491ec59dbc2f899f1cb4052e9f2827b5aee3a84bdc66a9fd6789abc018a99d?s=96&d=mm&r=g\",\"url\":\"https:\\\/\\\/secure.gravatar.com\\\/avatar\\\/29491ec59dbc2f899f1cb4052e9f2827b5aee3a84bdc66a9fd6789abc018a99d?s=96&d=mm&r=g\",\"contentUrl\":\"https:\\\/\\\/secure.gravatar.com\\\/avatar\\\/29491ec59dbc2f899f1cb4052e9f2827b5aee3a84bdc66a9fd6789abc018a99d?s=96&d=mm&r=g\",\"caption\":\"Mat\u00edas Dom\u00ednguez\"},\"url\":\"https:\\\/\\\/gentedebasquet.com.ar\\\/sitio\\\/author\\\/matias-dominguez\\\/\"}]}<\/script>\n<!-- \/ Yoast SEO plugin. -->","yoast_head_json":{"title":"Bah\u00eda Basket sigue escalando - Gente de B\u00e1squet","robots":{"index":"index","follow":"follow","max-snippet":"max-snippet:-1","max-image-preview":"max-image-preview:large","max-video-preview":"max-video-preview:-1"},"canonical":"https:\/\/gentedebasquet.com.ar\/sitio\/2025\/09\/13\/bahia-basket-sigue-escalando\/","og_locale":"es_ES","og_type":"article","og_title":"Bah\u00eda Basket sigue escalando - Gente de B\u00e1squet","og_description":"En Punta Alta, el elenco orientado por Tom\u00e1s Fern\u00e1ndez le gan\u00f3 68 a 65 a Los Andes y ya est\u00e1 noveno en las posiciones. Federico Salce con 22 puntos m\u00e1s 7 asistencias fue la figura. Adem\u00e1s, Emanuel Kloster arrim\u00f3 12 m\u00e1s 10 recobres y Esteban Jaime 10. Mientras que, en el conjunto de Enrique Moreno [&hellip;]","og_url":"https:\/\/gentedebasquet.com.ar\/sitio\/2025\/09\/13\/bahia-basket-sigue-escalando\/","og_site_name":"Gente de B\u00e1squet","article_published_time":"2025-09-13T03:58:00+00:00","article_modified_time":"2025-09-13T04:00:48+00:00","og_image":[{"width":750,"height":374,"url":"https:\/\/gentedebasquet.com.ar\/sitio\/wp-content\/uploads\/2025\/09\/DSC_5905.jpg","type":"image\/jpeg"}],"author":"Mat\u00edas Dom\u00ednguez","twitter_card":"summary_large_image","twitter_misc":{"Escrito por":"Mat\u00edas Dom\u00ednguez","Tiempo de lectura":"2 minutos"},"schema":{"@context":"https:\/\/schema.org","@graph":[{"@type":"Article","@id":"https:\/\/gentedebasquet.com.ar\/sitio\/2025\/09\/13\/bahia-basket-sigue-escalando\/#article","isPartOf":{"@id":"https:\/\/gentedebasquet.com.ar\/sitio\/2025\/09\/13\/bahia-basket-sigue-escalando\/"},"author":{"name":"Mat\u00edas Dom\u00ednguez","@id":"https:\/\/gentedebasquet.com.ar\/sitio\/#\/schema\/person\/2df9550994560b26db96aa8de5494221"},"headline":"Bah\u00eda Basket sigue escalando","datePublished":"2025-09-13T03:58:00+00:00","dateModified":"2025-09-13T04:00:48+00:00","mainEntityOfPage":{"@id":"https:\/\/gentedebasquet.com.ar\/sitio\/2025\/09\/13\/bahia-basket-sigue-escalando\/"},"wordCount":283,"image":{"@id":"https:\/\/gentedebasquet.com.ar\/sitio\/2025\/09\/13\/bahia-basket-sigue-escalando\/#primaryimage"},"thumbnailUrl":"https:\/\/gentedebasquet.com.ar\/sitio\/wp-content\/uploads\/2025\/09\/DSC_5905.jpg","keywords":["Bah\u00eda Basket","Los Andes","Torneo de Segunda ABB"],"articleSection":["Segunda","Slide"],"inLanguage":"es"},{"@type":"WebPage","@id":"https:\/\/gentedebasquet.com.ar\/sitio\/2025\/09\/13\/bahia-basket-sigue-escalando\/","url":"https:\/\/gentedebasquet.com.ar\/sitio\/2025\/09\/13\/bahia-basket-sigue-escalando\/","name":"Bah\u00eda Basket sigue escalando - Gente de B\u00e1squet","isPartOf":{"@id":"https:\/\/gentedebasquet.com.ar\/sitio\/#website"},"primaryImageOfPage":{"@id":"https:\/\/gentedebasquet.com.ar\/sitio\/2025\/09\/13\/bahia-basket-sigue-escalando\/#primaryimage"},"image":{"@id":"https:\/\/gentedebasquet.com.ar\/sitio\/2025\/09\/13\/bahia-basket-sigue-escalando\/#primaryimage"},"thumbnailUrl":"https:\/\/gentedebasquet.com.ar\/sitio\/wp-content\/uploads\/2025\/09\/DSC_5905.jpg","datePublished":"2025-09-13T03:58:00+00:00","dateModified":"2025-09-13T04:00:48+00:00","author":{"@id":"https:\/\/gentedebasquet.com.ar\/sitio\/#\/schema\/person\/2df9550994560b26db96aa8de5494221"},"breadcrumb":{"@id":"https:\/\/gentedebasquet.com.ar\/sitio\/2025\/09\/13\/bahia-basket-sigue-escalando\/#breadcrumb"},"inLanguage":"es","potentialAction":[{"@type":"ReadAction","target":["https:\/\/gentedebasquet.com.ar\/sitio\/2025\/09\/13\/bahia-basket-sigue-escalando\/"]}]},{"@type":"ImageObject","inLanguage":"es","@id":"https:\/\/gentedebasquet.com.ar\/sitio\/2025\/09\/13\/bahia-basket-sigue-escalando\/#primaryimage","url":"https:\/\/gentedebasquet.com.ar\/sitio\/wp-content\/uploads\/2025\/09\/DSC_5905.jpg","contentUrl":"https:\/\/gentedebasquet.com.ar\/sitio\/wp-content\/uploads\/2025\/09\/DSC_5905.jpg","width":750,"height":374},{"@type":"BreadcrumbList","@id":"https:\/\/gentedebasquet.com.ar\/sitio\/2025\/09\/13\/bahia-basket-sigue-escalando\/#breadcrumb","itemListElement":[{"@type":"ListItem","position":1,"name":"Portada","item":"https:\/\/gentedebasquet.com.ar\/sitio\/"},{"@type":"ListItem","position":2,"name":"Bah\u00eda Basket sigue escalando"}]},{"@type":"WebSite","@id":"https:\/\/gentedebasquet.com.ar\/sitio\/#website","url":"https:\/\/gentedebasquet.com.ar\/sitio\/","name":"Gente de B\u00e1squet","description":"La revista del basquet de Bah\u00eda Blanca","potentialAction":[{"@type":"SearchAction","target":{"@type":"EntryPoint","urlTemplate":"https:\/\/gentedebasquet.com.ar\/sitio\/?s={search_term_string}"},"query-input":{"@type":"PropertyValueSpecification","valueRequired":true,"valueName":"search_term_string"}}],"inLanguage":"es"},{"@type":"Person","@id":"https:\/\/gentedebasquet.com.ar\/sitio\/#\/schema\/person\/2df9550994560b26db96aa8de5494221","name":"Mat\u00edas Dom\u00ednguez","image":{"@type":"ImageObject","inLanguage":"es","@id":"https:\/\/secure.gravatar.com\/avatar\/29491ec59dbc2f899f1cb4052e9f2827b5aee3a84bdc66a9fd6789abc018a99d?s=96&d=mm&r=g","url":"https:\/\/secure.gravatar.com\/avatar\/29491ec59dbc2f899f1cb4052e9f2827b5aee3a84bdc66a9fd6789abc018a99d?s=96&d=mm&r=g","contentUrl":"https:\/\/secure.gravatar.com\/avatar\/29491ec59dbc2f899f1cb4052e9f2827b5aee3a84bdc66a9fd6789abc018a99d?s=96&d=mm&r=g","caption":"Mat\u00edas Dom\u00ednguez"},"url":"https:\/\/gentedebasquet.com.ar\/sitio\/author\/matias-dominguez\/"}]}},"_links":{"self":[{"href":"https:\/\/gentedebasquet.com.ar\/sitio\/wp-json\/wp\/v2\/posts\/117925","targetHints":{"allow":["GET"]}}],"collection":[{"href":"https:\/\/gentedebasquet.com.ar\/sitio\/wp-json\/wp\/v2\/posts"}],"about":[{"href":"https:\/\/gentedebasquet.com.ar\/sitio\/wp-json\/wp\/v2\/types\/post"}],"author":[{"embeddable":true,"href":"https:\/\/gentedebasquet.com.ar\/sitio\/wp-json\/wp\/v2\/users\/62"}],"replies":[{"embeddable":true,"href":"https:\/\/gentedebasquet.com.ar\/sitio\/wp-json\/wp\/v2\/comments?post=117925"}],"version-history":[{"count":3,"href":"https:\/\/gentedebasquet.com.ar\/sitio\/wp-json\/wp\/v2\/posts\/117925\/revisions"}],"predecessor-version":[{"id":117935,"href":"https:\/\/gentedebasquet.com.ar\/sitio\/wp-json\/wp\/v2\/posts\/117925\/revisions\/117935"}],"wp:featuredmedia":[{"embeddable":true,"href":"https:\/\/gentedebasquet.com.ar\/sitio\/wp-json\/wp\/v2\/media\/117929"}],"wp:attachment":[{"href":"https:\/\/gentedebasquet.com.ar\/sitio\/wp-json\/wp\/v2\/media?parent=117925"}],"wp:term":[{"taxonomy":"category","embeddable":true,"href":"https:\/\/gentedebasquet.com.ar\/sitio\/wp-json\/wp\/v2\/categories?post=117925"},{"taxonomy":"post_tag","embeddable":true,"href":"https:\/\/gentedebasquet.com.ar\/sitio\/wp-json\/wp\/v2\/tags?post=117925"}],"curies":[{"name":"wp","href":"https:\/\/api.w.org\/{rel}","templated":true}]}}