{"id":118290,"date":"2025-10-03T06:03:31","date_gmt":"2025-10-03T04:03:31","guid":{"rendered":"https:\/\/gentedebasquet.com.ar\/sitio\/?p=118290"},"modified":"2025-10-03T06:03:31","modified_gmt":"2025-10-03T04:03:31","slug":"embate-historico-y-duelo-ganado-para-alem","status":"publish","type":"post","link":"https:\/\/gentedebasquet.com.ar\/sitio\/2025\/10\/03\/embate-historico-y-duelo-ganado-para-alem\/","title":{"rendered":"Embate hist\u00f3rico y duelo ganado para Alem"},"content":{"rendered":"<p>Partido muy intenso, por el enfrentamiento de dos equipos que buscan la victoria para no estar en los \u00faltimos 4 puestos de la tabla y salvarse del peligro del descenso.<\/p>\n<p>En el primer cuarto era muy intenso. Por el lado de Alem, quien jugaba de local, tenia de goleadores con 6 puntos cada uno, de Felipe Mandolesi y Antonio Iturrioz. Mientras que 9 de Julio, daba duelo con Carlos Fraga con 7 pts. Con esto, el primer encuentro terminar\u00eda con el parcial 24-23.<\/p>\n<p>En el siguiente juego, Alem reaccionaria y contraatacaba a 9 de Julio. El equipo local contaba con la presencia de Mauro Zalguizuri con 12 pts, mientras que el equipo visitante contaba con Luciano Vecchi quien realizaba 14 pts. El parcial terminar\u00eda 18- 9, con el resultado de 41-33, sobre el final de la primera parte.<\/p>\n<p>En el arranque de la segunda etapa, 9 de Julio demostr\u00f3 m\u00e1s presencia de la cancha, con m\u00e1s presi\u00f3n y aprovechando los errores del rival, contando con su goleador Luciano Vecchi, quien llevar\u00eda 16 pts, mientras que el equipo local tendr\u00eda a Nacho Formiga, con 15 pts. Cerrando el tercer cuarto, con el parcial 26-22, con el resultado de 57-55.<\/p>\n<p>Ya para el cierre del partido, 9 de Julio arrancar\u00eda la ventaja y aprovechaba a ponerse fuerte y en el minuto 8:00, se pondr\u00eda en ventaja 57-63, con Luciano Vecchi con 5 pts mas, pero Alem con la presencia de Mauro Zalguizuri, quien anotar\u00eda 4 pts m\u00e1s, el parcial llevaba 11-12, con victoria de Alem cerrando con un 68-67.<\/p>\n<p>Los goleadores de Alem fueron Mauro Zalguizuri con 18 pts, Ignacio Formiga con 15 pts y Felipe Mandolesi con 9 pts; los de 9 de Julio, fueron Luciano Vecchi con 21 pts, Carlos Fraga con 14 pts y Santiago Ruesga con 11 pts.<\/p>\n<div class=\"jeg_video_container jeg_video_content\"><iframe loading=\"lazy\" title=\"#Primera - Fecha #6: Leandro N. Alem 68 - 67 9 de Julio\" width=\"500\" height=\"281\" src=\"https:\/\/www.youtube.com\/embed\/FsbC3xLNyds?feature=oembed\" frameborder=\"0\" allow=\"accelerometer; autoplay; clipboard-write; encrypted-media; gyroscope; picture-in-picture; web-share\" referrerpolicy=\"strict-origin-when-cross-origin\" allowfullscreen><\/iframe><\/div>\n<p><img decoding=\"async\" class=\"alignnone size-medium wp-image-118294\" src=\"http:\/\/gentedebasquet.com.ar\/sitio\/wp-content\/uploads\/2025\/10\/CLAVE-alem-300x300.png\" alt=\"\" width=\"300\" height=\"300\" srcset=\"https:\/\/gentedebasquet.com.ar\/sitio\/wp-content\/uploads\/2025\/10\/CLAVE-alem-300x300.png 300w, https:\/\/gentedebasquet.com.ar\/sitio\/wp-content\/uploads\/2025\/10\/CLAVE-alem-1024x1024.png 1024w, https:\/\/gentedebasquet.com.ar\/sitio\/wp-content\/uploads\/2025\/10\/CLAVE-alem-150x150.png 150w, https:\/\/gentedebasquet.com.ar\/sitio\/wp-content\/uploads\/2025\/10\/CLAVE-alem-768x768.png 768w, https:\/\/gentedebasquet.com.ar\/sitio\/wp-content\/uploads\/2025\/10\/CLAVE-alem-1536x1536.png 1536w, https:\/\/gentedebasquet.com.ar\/sitio\/wp-content\/uploads\/2025\/10\/CLAVE-alem-75x75.png 75w, https:\/\/gentedebasquet.com.ar\/sitio\/wp-content\/uploads\/2025\/10\/CLAVE-alem-350x350.png 350w, https:\/\/gentedebasquet.com.ar\/sitio\/wp-content\/uploads\/2025\/10\/CLAVE-alem-750x750.png 750w, https:\/\/gentedebasquet.com.ar\/sitio\/wp-content\/uploads\/2025\/10\/CLAVE-alem-1140x1140.png 1140w, https:\/\/gentedebasquet.com.ar\/sitio\/wp-content\/uploads\/2025\/10\/CLAVE-alem.png 2000w\" sizes=\"(max-width: 300px) 100vw, 300px\" \/><\/p>\n<p><img decoding=\"async\" class=\"alignnone size-medium wp-image-118296\" src=\"http:\/\/gentedebasquet.com.ar\/sitio\/wp-content\/uploads\/2025\/10\/WhatsApp-Image-2025-10-02-at-23.20.35-169x300.jpeg\" alt=\"\" width=\"169\" height=\"300\" srcset=\"https:\/\/gentedebasquet.com.ar\/sitio\/wp-content\/uploads\/2025\/10\/WhatsApp-Image-2025-10-02-at-23.20.35-169x300.jpeg 169w, https:\/\/gentedebasquet.com.ar\/sitio\/wp-content\/uploads\/2025\/10\/WhatsApp-Image-2025-10-02-at-23.20.35-576x1024.jpeg 576w, https:\/\/gentedebasquet.com.ar\/sitio\/wp-content\/uploads\/2025\/10\/WhatsApp-Image-2025-10-02-at-23.20.35.jpeg 720w\" sizes=\"(max-width: 169px) 100vw, 169px\" \/><\/p>\n<p><img decoding=\"async\" class=\"alignnone size-medium wp-image-118295\" src=\"http:\/\/gentedebasquet.com.ar\/sitio\/wp-content\/uploads\/2025\/10\/MVP-mamo-300x300.png\" alt=\"\" width=\"300\" height=\"300\" srcset=\"https:\/\/gentedebasquet.com.ar\/sitio\/wp-content\/uploads\/2025\/10\/MVP-mamo-300x300.png 300w, https:\/\/gentedebasquet.com.ar\/sitio\/wp-content\/uploads\/2025\/10\/MVP-mamo-1024x1024.png 1024w, https:\/\/gentedebasquet.com.ar\/sitio\/wp-content\/uploads\/2025\/10\/MVP-mamo-150x150.png 150w, https:\/\/gentedebasquet.com.ar\/sitio\/wp-content\/uploads\/2025\/10\/MVP-mamo-768x768.png 768w, https:\/\/gentedebasquet.com.ar\/sitio\/wp-content\/uploads\/2025\/10\/MVP-mamo-1536x1536.png 1536w, https:\/\/gentedebasquet.com.ar\/sitio\/wp-content\/uploads\/2025\/10\/MVP-mamo-75x75.png 75w, https:\/\/gentedebasquet.com.ar\/sitio\/wp-content\/uploads\/2025\/10\/MVP-mamo-350x350.png 350w, https:\/\/gentedebasquet.com.ar\/sitio\/wp-content\/uploads\/2025\/10\/MVP-mamo-750x750.png 750w, https:\/\/gentedebasquet.com.ar\/sitio\/wp-content\/uploads\/2025\/10\/MVP-mamo-1140x1140.png 1140w, https:\/\/gentedebasquet.com.ar\/sitio\/wp-content\/uploads\/2025\/10\/MVP-mamo.png 2000w\" sizes=\"(max-width: 300px) 100vw, 300px\" \/><\/p>\n<p><strong>S\u00edntesis &#8211; Primera Divisi\u00f3n &#8211; Fecha 6<\/strong><\/p>\n<p><strong>Alem 68:<\/strong> Mauro Zalguizuri 18 pts, Patricio Zapata 8 pts, Ignacio Formiga 15 pts, Howard Wilkerson 8 pts, Antonio Iturrioz 8 pts <strong>(FI);<\/strong> Felipe Mandolesi 9 pts, Tom\u00e1s Scolari 2 pts, Jano Wentland 0 pts, Franco Pallotti 0 pts, Santiago D\u2019 Annunzio 0 pts, Gomez Lepez 0 pts, Mat\u00edas Such 0 pts. <strong>DT: Franco Maceratesi.<\/strong><\/p>\n<p><strong>9 de Julio 67:<\/strong> Santiago Ruesga 11, Manuel Costa 6, Luciano Vecchi 21, Francisco Goyanarte 6, Carlos Fraga 14 <strong>(FI);<\/strong> Andr\u00e9s Almir\u00f3n 4, Luciano D\u2019Amaro 0, Sebasti\u00e1n Villegas 5, Benito Tordini 0, Luca Del Grazia 0, Facundo Flores 0, Nicol\u00e1s Mazza 0. <strong>DT: Juli\u00e1n Turcato.<\/strong><\/p>\n<p><strong>Cuartos:<\/strong> 23-24, 41-33 (18-9), 57-55 (26-22), 68-67 (11-12)<\/p>\n<p><strong>Cancha:<\/strong> Jos\u00e9 Mart\u00ednez (Villa Mitre)<\/p>\n<p><strong>\u00c1rbitros:<\/strong> Alejandro Vizcaino, Juan Jaramillo, Marcelo Gordillo<\/p>\n<p><strong>Cobertura:<\/strong> Benjam\u00edn Ziede<\/p>\n","protected":false},"excerpt":{"rendered":"<p>Partido muy intenso, por el enfrentamiento de dos equipos que buscan la victoria para no estar en los \u00faltimos 4 puestos de la tabla y salvarse del peligro del descenso. En el primer cuarto era muy intenso. Por el lado de Alem, quien jugaba de local, tenia de goleadores con 6 puntos cada uno, de [&hellip;]<\/p>\n","protected":false},"author":71,"featured_media":118297,"comment_status":"closed","ping_status":"open","sticky":false,"template":"","format":"standard","meta":{"jnews-multi-image_gallery":[],"jnews_single_post":[],"jnews_primary_category":[],"footnotes":""},"categories":[23,101],"tags":[2,3,612,226,1169,508],"class_list":["post-118290","post","type-post","status-publish","format-standard","has-post-thumbnail","hentry","category-primera","category-slide","tag-9dejulio","tag-alem","tag-leandro-n-alem","tag-mauro-zalguizuri","tag-primera","tag-primera-division"],"yoast_head":"<!-- This site is optimized with the Yoast SEO plugin v27.5 - https:\/\/yoast.com\/product\/yoast-seo-wordpress\/ -->\n<title>Embate hist\u00f3rico y duelo ganado para Alem - Gente de B\u00e1squet<\/title>\n<meta name=\"robots\" content=\"index, follow, max-snippet:-1, max-image-preview:large, max-video-preview:-1\" \/>\n<link rel=\"canonical\" href=\"https:\/\/gentedebasquet.com.ar\/sitio\/2025\/10\/03\/embate-historico-y-duelo-ganado-para-alem\/\" \/>\n<meta property=\"og:locale\" content=\"es_ES\" \/>\n<meta property=\"og:type\" content=\"article\" \/>\n<meta property=\"og:title\" content=\"Embate hist\u00f3rico y duelo ganado para Alem - Gente de B\u00e1squet\" \/>\n<meta property=\"og:description\" content=\"Partido muy intenso, por el enfrentamiento de dos equipos que buscan la victoria para no estar en los \u00faltimos 4 puestos de la tabla y salvarse del peligro del descenso. En el primer cuarto era muy intenso. Por el lado de Alem, quien jugaba de local, tenia de goleadores con 6 puntos cada uno, de [&hellip;]\" \/>\n<meta property=\"og:url\" content=\"https:\/\/gentedebasquet.com.ar\/sitio\/2025\/10\/03\/embate-historico-y-duelo-ganado-para-alem\/\" \/>\n<meta property=\"og:site_name\" content=\"Gente de B\u00e1squet\" \/>\n<meta property=\"article:published_time\" content=\"2025-10-03T04:03:31+00:00\" \/>\n<meta property=\"og:image\" content=\"https:\/\/gentedebasquet.com.ar\/sitio\/wp-content\/uploads\/2025\/10\/WhatsApp-Image-2025-10-02-at-23.59.27.jpeg\" \/>\n\t<meta property=\"og:image:width\" content=\"1600\" \/>\n\t<meta property=\"og:image:height\" content=\"1204\" \/>\n\t<meta property=\"og:image:type\" content=\"image\/jpeg\" \/>\n<meta name=\"author\" content=\"Santiago Seisdedos\" \/>\n<meta name=\"twitter:card\" content=\"summary_large_image\" \/>\n<meta name=\"twitter:label1\" content=\"Escrito por\" \/>\n\t<meta name=\"twitter:data1\" content=\"Santiago Seisdedos\" \/>\n\t<meta name=\"twitter:label2\" content=\"Tiempo de lectura\" \/>\n\t<meta name=\"twitter:data2\" content=\"3 minutos\" \/>\n<script type=\"application\/ld+json\" class=\"yoast-schema-graph\">{\"@context\":\"https:\\\/\\\/schema.org\",\"@graph\":[{\"@type\":\"Article\",\"@id\":\"https:\\\/\\\/gentedebasquet.com.ar\\\/sitio\\\/2025\\\/10\\\/03\\\/embate-historico-y-duelo-ganado-para-alem\\\/#article\",\"isPartOf\":{\"@id\":\"https:\\\/\\\/gentedebasquet.com.ar\\\/sitio\\\/2025\\\/10\\\/03\\\/embate-historico-y-duelo-ganado-para-alem\\\/\"},\"author\":{\"name\":\"Santiago Seisdedos\",\"@id\":\"https:\\\/\\\/gentedebasquet.com.ar\\\/sitio\\\/#\\\/schema\\\/person\\\/3b50d7c801b9529aba70bd4613bca6da\"},\"headline\":\"Embate hist\u00f3rico y duelo ganado para Alem\",\"datePublished\":\"2025-10-03T04:03:31+00:00\",\"mainEntityOfPage\":{\"@id\":\"https:\\\/\\\/gentedebasquet.com.ar\\\/sitio\\\/2025\\\/10\\\/03\\\/embate-historico-y-duelo-ganado-para-alem\\\/\"},\"wordCount\":416,\"image\":{\"@id\":\"https:\\\/\\\/gentedebasquet.com.ar\\\/sitio\\\/2025\\\/10\\\/03\\\/embate-historico-y-duelo-ganado-para-alem\\\/#primaryimage\"},\"thumbnailUrl\":\"https:\\\/\\\/gentedebasquet.com.ar\\\/sitio\\\/wp-content\\\/uploads\\\/2025\\\/10\\\/WhatsApp-Image-2025-10-02-at-23.59.27.jpeg\",\"keywords\":[\"9 de Julio\",\"Alem\",\"Leandro N. Alem\",\"mauro zalguizuri\",\"Primera\",\"Primera Divisi\u00f3n\"],\"articleSection\":[\"Primera\",\"Slide\"],\"inLanguage\":\"es\"},{\"@type\":\"WebPage\",\"@id\":\"https:\\\/\\\/gentedebasquet.com.ar\\\/sitio\\\/2025\\\/10\\\/03\\\/embate-historico-y-duelo-ganado-para-alem\\\/\",\"url\":\"https:\\\/\\\/gentedebasquet.com.ar\\\/sitio\\\/2025\\\/10\\\/03\\\/embate-historico-y-duelo-ganado-para-alem\\\/\",\"name\":\"Embate hist\u00f3rico y duelo ganado para Alem - Gente de B\u00e1squet\",\"isPartOf\":{\"@id\":\"https:\\\/\\\/gentedebasquet.com.ar\\\/sitio\\\/#website\"},\"primaryImageOfPage\":{\"@id\":\"https:\\\/\\\/gentedebasquet.com.ar\\\/sitio\\\/2025\\\/10\\\/03\\\/embate-historico-y-duelo-ganado-para-alem\\\/#primaryimage\"},\"image\":{\"@id\":\"https:\\\/\\\/gentedebasquet.com.ar\\\/sitio\\\/2025\\\/10\\\/03\\\/embate-historico-y-duelo-ganado-para-alem\\\/#primaryimage\"},\"thumbnailUrl\":\"https:\\\/\\\/gentedebasquet.com.ar\\\/sitio\\\/wp-content\\\/uploads\\\/2025\\\/10\\\/WhatsApp-Image-2025-10-02-at-23.59.27.jpeg\",\"datePublished\":\"2025-10-03T04:03:31+00:00\",\"author\":{\"@id\":\"https:\\\/\\\/gentedebasquet.com.ar\\\/sitio\\\/#\\\/schema\\\/person\\\/3b50d7c801b9529aba70bd4613bca6da\"},\"breadcrumb\":{\"@id\":\"https:\\\/\\\/gentedebasquet.com.ar\\\/sitio\\\/2025\\\/10\\\/03\\\/embate-historico-y-duelo-ganado-para-alem\\\/#breadcrumb\"},\"inLanguage\":\"es\",\"potentialAction\":[{\"@type\":\"ReadAction\",\"target\":[\"https:\\\/\\\/gentedebasquet.com.ar\\\/sitio\\\/2025\\\/10\\\/03\\\/embate-historico-y-duelo-ganado-para-alem\\\/\"]}]},{\"@type\":\"ImageObject\",\"inLanguage\":\"es\",\"@id\":\"https:\\\/\\\/gentedebasquet.com.ar\\\/sitio\\\/2025\\\/10\\\/03\\\/embate-historico-y-duelo-ganado-para-alem\\\/#primaryimage\",\"url\":\"https:\\\/\\\/gentedebasquet.com.ar\\\/sitio\\\/wp-content\\\/uploads\\\/2025\\\/10\\\/WhatsApp-Image-2025-10-02-at-23.59.27.jpeg\",\"contentUrl\":\"https:\\\/\\\/gentedebasquet.com.ar\\\/sitio\\\/wp-content\\\/uploads\\\/2025\\\/10\\\/WhatsApp-Image-2025-10-02-at-23.59.27.jpeg\",\"width\":1600,\"height\":1204},{\"@type\":\"BreadcrumbList\",\"@id\":\"https:\\\/\\\/gentedebasquet.com.ar\\\/sitio\\\/2025\\\/10\\\/03\\\/embate-historico-y-duelo-ganado-para-alem\\\/#breadcrumb\",\"itemListElement\":[{\"@type\":\"ListItem\",\"position\":1,\"name\":\"Portada\",\"item\":\"https:\\\/\\\/gentedebasquet.com.ar\\\/sitio\\\/\"},{\"@type\":\"ListItem\",\"position\":2,\"name\":\"Embate hist\u00f3rico y duelo ganado para Alem\"}]},{\"@type\":\"WebSite\",\"@id\":\"https:\\\/\\\/gentedebasquet.com.ar\\\/sitio\\\/#website\",\"url\":\"https:\\\/\\\/gentedebasquet.com.ar\\\/sitio\\\/\",\"name\":\"Gente de B\u00e1squet\",\"description\":\"La revista del basquet de Bah\u00eda Blanca\",\"potentialAction\":[{\"@type\":\"SearchAction\",\"target\":{\"@type\":\"EntryPoint\",\"urlTemplate\":\"https:\\\/\\\/gentedebasquet.com.ar\\\/sitio\\\/?s={search_term_string}\"},\"query-input\":{\"@type\":\"PropertyValueSpecification\",\"valueRequired\":true,\"valueName\":\"search_term_string\"}}],\"inLanguage\":\"es\"},{\"@type\":\"Person\",\"@id\":\"https:\\\/\\\/gentedebasquet.com.ar\\\/sitio\\\/#\\\/schema\\\/person\\\/3b50d7c801b9529aba70bd4613bca6da\",\"name\":\"Santiago Seisdedos\",\"image\":{\"@type\":\"ImageObject\",\"inLanguage\":\"es\",\"@id\":\"https:\\\/\\\/secure.gravatar.com\\\/avatar\\\/be737e74404eb3825c4679da7a152b3c6980b470f7253114cd451344e20a8d80?s=96&d=mm&r=g\",\"url\":\"https:\\\/\\\/secure.gravatar.com\\\/avatar\\\/be737e74404eb3825c4679da7a152b3c6980b470f7253114cd451344e20a8d80?s=96&d=mm&r=g\",\"contentUrl\":\"https:\\\/\\\/secure.gravatar.com\\\/avatar\\\/be737e74404eb3825c4679da7a152b3c6980b470f7253114cd451344e20a8d80?s=96&d=mm&r=g\",\"caption\":\"Santiago Seisdedos\"},\"url\":\"https:\\\/\\\/gentedebasquet.com.ar\\\/sitio\\\/author\\\/santiago-sesidedos\\\/\"}]}<\/script>\n<!-- \/ Yoast SEO plugin. -->","yoast_head_json":{"title":"Embate hist\u00f3rico y duelo ganado para Alem - Gente de B\u00e1squet","robots":{"index":"index","follow":"follow","max-snippet":"max-snippet:-1","max-image-preview":"max-image-preview:large","max-video-preview":"max-video-preview:-1"},"canonical":"https:\/\/gentedebasquet.com.ar\/sitio\/2025\/10\/03\/embate-historico-y-duelo-ganado-para-alem\/","og_locale":"es_ES","og_type":"article","og_title":"Embate hist\u00f3rico y duelo ganado para Alem - Gente de B\u00e1squet","og_description":"Partido muy intenso, por el enfrentamiento de dos equipos que buscan la victoria para no estar en los \u00faltimos 4 puestos de la tabla y salvarse del peligro del descenso. En el primer cuarto era muy intenso. Por el lado de Alem, quien jugaba de local, tenia de goleadores con 6 puntos cada uno, de [&hellip;]","og_url":"https:\/\/gentedebasquet.com.ar\/sitio\/2025\/10\/03\/embate-historico-y-duelo-ganado-para-alem\/","og_site_name":"Gente de B\u00e1squet","article_published_time":"2025-10-03T04:03:31+00:00","og_image":[{"width":1600,"height":1204,"url":"https:\/\/gentedebasquet.com.ar\/sitio\/wp-content\/uploads\/2025\/10\/WhatsApp-Image-2025-10-02-at-23.59.27.jpeg","type":"image\/jpeg"}],"author":"Santiago Seisdedos","twitter_card":"summary_large_image","twitter_misc":{"Escrito por":"Santiago Seisdedos","Tiempo de lectura":"3 minutos"},"schema":{"@context":"https:\/\/schema.org","@graph":[{"@type":"Article","@id":"https:\/\/gentedebasquet.com.ar\/sitio\/2025\/10\/03\/embate-historico-y-duelo-ganado-para-alem\/#article","isPartOf":{"@id":"https:\/\/gentedebasquet.com.ar\/sitio\/2025\/10\/03\/embate-historico-y-duelo-ganado-para-alem\/"},"author":{"name":"Santiago Seisdedos","@id":"https:\/\/gentedebasquet.com.ar\/sitio\/#\/schema\/person\/3b50d7c801b9529aba70bd4613bca6da"},"headline":"Embate hist\u00f3rico y duelo ganado para Alem","datePublished":"2025-10-03T04:03:31+00:00","mainEntityOfPage":{"@id":"https:\/\/gentedebasquet.com.ar\/sitio\/2025\/10\/03\/embate-historico-y-duelo-ganado-para-alem\/"},"wordCount":416,"image":{"@id":"https:\/\/gentedebasquet.com.ar\/sitio\/2025\/10\/03\/embate-historico-y-duelo-ganado-para-alem\/#primaryimage"},"thumbnailUrl":"https:\/\/gentedebasquet.com.ar\/sitio\/wp-content\/uploads\/2025\/10\/WhatsApp-Image-2025-10-02-at-23.59.27.jpeg","keywords":["9 de Julio","Alem","Leandro N. Alem","mauro zalguizuri","Primera","Primera Divisi\u00f3n"],"articleSection":["Primera","Slide"],"inLanguage":"es"},{"@type":"WebPage","@id":"https:\/\/gentedebasquet.com.ar\/sitio\/2025\/10\/03\/embate-historico-y-duelo-ganado-para-alem\/","url":"https:\/\/gentedebasquet.com.ar\/sitio\/2025\/10\/03\/embate-historico-y-duelo-ganado-para-alem\/","name":"Embate hist\u00f3rico y duelo ganado para Alem - Gente de B\u00e1squet","isPartOf":{"@id":"https:\/\/gentedebasquet.com.ar\/sitio\/#website"},"primaryImageOfPage":{"@id":"https:\/\/gentedebasquet.com.ar\/sitio\/2025\/10\/03\/embate-historico-y-duelo-ganado-para-alem\/#primaryimage"},"image":{"@id":"https:\/\/gentedebasquet.com.ar\/sitio\/2025\/10\/03\/embate-historico-y-duelo-ganado-para-alem\/#primaryimage"},"thumbnailUrl":"https:\/\/gentedebasquet.com.ar\/sitio\/wp-content\/uploads\/2025\/10\/WhatsApp-Image-2025-10-02-at-23.59.27.jpeg","datePublished":"2025-10-03T04:03:31+00:00","author":{"@id":"https:\/\/gentedebasquet.com.ar\/sitio\/#\/schema\/person\/3b50d7c801b9529aba70bd4613bca6da"},"breadcrumb":{"@id":"https:\/\/gentedebasquet.com.ar\/sitio\/2025\/10\/03\/embate-historico-y-duelo-ganado-para-alem\/#breadcrumb"},"inLanguage":"es","potentialAction":[{"@type":"ReadAction","target":["https:\/\/gentedebasquet.com.ar\/sitio\/2025\/10\/03\/embate-historico-y-duelo-ganado-para-alem\/"]}]},{"@type":"ImageObject","inLanguage":"es","@id":"https:\/\/gentedebasquet.com.ar\/sitio\/2025\/10\/03\/embate-historico-y-duelo-ganado-para-alem\/#primaryimage","url":"https:\/\/gentedebasquet.com.ar\/sitio\/wp-content\/uploads\/2025\/10\/WhatsApp-Image-2025-10-02-at-23.59.27.jpeg","contentUrl":"https:\/\/gentedebasquet.com.ar\/sitio\/wp-content\/uploads\/2025\/10\/WhatsApp-Image-2025-10-02-at-23.59.27.jpeg","width":1600,"height":1204},{"@type":"BreadcrumbList","@id":"https:\/\/gentedebasquet.com.ar\/sitio\/2025\/10\/03\/embate-historico-y-duelo-ganado-para-alem\/#breadcrumb","itemListElement":[{"@type":"ListItem","position":1,"name":"Portada","item":"https:\/\/gentedebasquet.com.ar\/sitio\/"},{"@type":"ListItem","position":2,"name":"Embate hist\u00f3rico y duelo ganado para Alem"}]},{"@type":"WebSite","@id":"https:\/\/gentedebasquet.com.ar\/sitio\/#website","url":"https:\/\/gentedebasquet.com.ar\/sitio\/","name":"Gente de B\u00e1squet","description":"La revista del basquet de Bah\u00eda Blanca","potentialAction":[{"@type":"SearchAction","target":{"@type":"EntryPoint","urlTemplate":"https:\/\/gentedebasquet.com.ar\/sitio\/?s={search_term_string}"},"query-input":{"@type":"PropertyValueSpecification","valueRequired":true,"valueName":"search_term_string"}}],"inLanguage":"es"},{"@type":"Person","@id":"https:\/\/gentedebasquet.com.ar\/sitio\/#\/schema\/person\/3b50d7c801b9529aba70bd4613bca6da","name":"Santiago Seisdedos","image":{"@type":"ImageObject","inLanguage":"es","@id":"https:\/\/secure.gravatar.com\/avatar\/be737e74404eb3825c4679da7a152b3c6980b470f7253114cd451344e20a8d80?s=96&d=mm&r=g","url":"https:\/\/secure.gravatar.com\/avatar\/be737e74404eb3825c4679da7a152b3c6980b470f7253114cd451344e20a8d80?s=96&d=mm&r=g","contentUrl":"https:\/\/secure.gravatar.com\/avatar\/be737e74404eb3825c4679da7a152b3c6980b470f7253114cd451344e20a8d80?s=96&d=mm&r=g","caption":"Santiago Seisdedos"},"url":"https:\/\/gentedebasquet.com.ar\/sitio\/author\/santiago-sesidedos\/"}]}},"_links":{"self":[{"href":"https:\/\/gentedebasquet.com.ar\/sitio\/wp-json\/wp\/v2\/posts\/118290","targetHints":{"allow":["GET"]}}],"collection":[{"href":"https:\/\/gentedebasquet.com.ar\/sitio\/wp-json\/wp\/v2\/posts"}],"about":[{"href":"https:\/\/gentedebasquet.com.ar\/sitio\/wp-json\/wp\/v2\/types\/post"}],"author":[{"embeddable":true,"href":"https:\/\/gentedebasquet.com.ar\/sitio\/wp-json\/wp\/v2\/users\/71"}],"replies":[{"embeddable":true,"href":"https:\/\/gentedebasquet.com.ar\/sitio\/wp-json\/wp\/v2\/comments?post=118290"}],"version-history":[{"count":1,"href":"https:\/\/gentedebasquet.com.ar\/sitio\/wp-json\/wp\/v2\/posts\/118290\/revisions"}],"predecessor-version":[{"id":118298,"href":"https:\/\/gentedebasquet.com.ar\/sitio\/wp-json\/wp\/v2\/posts\/118290\/revisions\/118298"}],"wp:featuredmedia":[{"embeddable":true,"href":"https:\/\/gentedebasquet.com.ar\/sitio\/wp-json\/wp\/v2\/media\/118297"}],"wp:attachment":[{"href":"https:\/\/gentedebasquet.com.ar\/sitio\/wp-json\/wp\/v2\/media?parent=118290"}],"wp:term":[{"taxonomy":"category","embeddable":true,"href":"https:\/\/gentedebasquet.com.ar\/sitio\/wp-json\/wp\/v2\/categories?post=118290"},{"taxonomy":"post_tag","embeddable":true,"href":"https:\/\/gentedebasquet.com.ar\/sitio\/wp-json\/wp\/v2\/tags?post=118290"}],"curies":[{"name":"wp","href":"https:\/\/api.w.org\/{rel}","templated":true}]}}