{"id":118662,"date":"2025-10-20T19:04:18","date_gmt":"2025-10-20T17:04:18","guid":{"rendered":"https:\/\/gentedebasquet.com.ar\/sitio\/?p=118662"},"modified":"2025-10-20T23:47:24","modified_gmt":"2025-10-20T21:47:24","slug":"la-semana-de-los-nuestros","status":"publish","type":"post","link":"https:\/\/gentedebasquet.com.ar\/sitio\/2025\/10\/20\/la-semana-de-los-nuestros\/","title":{"rendered":"La semana de los nuestros"},"content":{"rendered":"\n<p><strong><em>Estas fueron las actuaciones de los oriundos de nuestra ciudad (tanto en Liga Nacional como en el Viejo Continente). Adem\u00e1s lo que se le vendr\u00e1 a cada uno<\/em><\/strong>.<\/p>\n\n\n\n<p><strong><em>Empezamos con los que est\u00e1n en la \u00e9lite del b\u00e1squet nacional, donde hay siete jugadores bahienses, repasamos lo que dej\u00f3 y se vendr\u00e1:<\/em><\/strong><\/p>\n\n\n\n<p>\u2022&nbsp;<strong>Jano Mart\u00ednez (Ferro):<\/strong><\/p>\n\n\n\n<figure class=\"wp-block-image size-large\"><img decoding=\"async\" width=\"1024\" height=\"683\" src=\"https:\/\/gentedebasquet.com.ar\/sitio\/wp-content\/uploads\/2025\/10\/img_6681-1024x683.jpg\" alt=\"\" class=\"wp-image-118660\" srcset=\"https:\/\/gentedebasquet.com.ar\/sitio\/wp-content\/uploads\/2025\/10\/img_6681-1024x683.jpg 1024w, https:\/\/gentedebasquet.com.ar\/sitio\/wp-content\/uploads\/2025\/10\/img_6681-300x200.jpg 300w, https:\/\/gentedebasquet.com.ar\/sitio\/wp-content\/uploads\/2025\/10\/img_6681-768x512.jpg 768w, https:\/\/gentedebasquet.com.ar\/sitio\/wp-content\/uploads\/2025\/10\/img_6681-1536x1025.jpg 1536w, https:\/\/gentedebasquet.com.ar\/sitio\/wp-content\/uploads\/2025\/10\/img_6681-750x500.jpg 750w, https:\/\/gentedebasquet.com.ar\/sitio\/wp-content\/uploads\/2025\/10\/img_6681-1140x761.jpg 1140w, https:\/\/gentedebasquet.com.ar\/sitio\/wp-content\/uploads\/2025\/10\/img_6681.jpg 1998w\" sizes=\"(max-width: 1024px) 100vw, 1024px\" \/><\/figure>\n\n\n\n<p>Jano destac\u00f3 en la victoria de Ferro ante Argentino (Jun\u00edn), 80-97. Donde <strong>fue el goleador de su equipo con 22 unidades (6\/12t3), sumado a 3 asistencias y +14 de valoraci\u00f3n<\/strong>. Reci\u00e9n ver\u00e1 acci\u00f3n por La Liga, frente a Obras Sanitarias, el 30\/10.<\/p>\n\n\n\n<p>\u2022&nbsp;<strong>Lucas Faggiano (Boca Juniors):<\/strong><\/p>\n\n\n\n<figure class=\"wp-block-image size-large\"><img decoding=\"async\" width=\"1024\" height=\"683\" src=\"https:\/\/gentedebasquet.com.ar\/sitio\/wp-content\/uploads\/2025\/10\/img_6341-1024x683.jpg\" alt=\"\" class=\"wp-image-118488\" srcset=\"https:\/\/gentedebasquet.com.ar\/sitio\/wp-content\/uploads\/2025\/10\/img_6341-1024x683.jpg 1024w, https:\/\/gentedebasquet.com.ar\/sitio\/wp-content\/uploads\/2025\/10\/img_6341-300x200.jpg 300w, https:\/\/gentedebasquet.com.ar\/sitio\/wp-content\/uploads\/2025\/10\/img_6341-768x512.jpg 768w, https:\/\/gentedebasquet.com.ar\/sitio\/wp-content\/uploads\/2025\/10\/img_6341-1536x1024.jpg 1536w, https:\/\/gentedebasquet.com.ar\/sitio\/wp-content\/uploads\/2025\/10\/img_6341-750x500.jpg 750w, https:\/\/gentedebasquet.com.ar\/sitio\/wp-content\/uploads\/2025\/10\/img_6341-1140x760.jpg 1140w, https:\/\/gentedebasquet.com.ar\/sitio\/wp-content\/uploads\/2025\/10\/img_6341.jpg 1999w\" sizes=\"(max-width: 1024px) 100vw, 1024px\" \/><\/figure>\n\n\n\n<p>Lucas sigue demostrando toda su jerarqu\u00eda en el Xeneize, donde tuvo una destacada actuaci\u00f3n en la victoria de Boca en suplementario frente a La Union (Fsa.), 80-77. <strong>El armador cerr\u00f3 con 16 puntos (4\/8t3), 9 rebotes, 6 asistencias y +21 de valoraci\u00f3n. Adem\u00e1s convirti\u00f3 el triple para forzar el suplementario<\/strong>. Al bicampe\u00f3n se le viene Obras Sanitarias el mi\u00e9rcoles.<\/p>\n\n\n\n<p>\u2022&nbsp;<strong>Valent\u00edn Forestier (Ol\u00edmpico de La Banda):<\/strong><\/p>\n\n\n\n<figure class=\"wp-block-image size-large\"><img decoding=\"async\" width=\"1024\" height=\"683\" src=\"https:\/\/gentedebasquet.com.ar\/sitio\/wp-content\/uploads\/2025\/10\/img_6680-1024x683.jpg\" alt=\"\" class=\"wp-image-118659\" srcset=\"https:\/\/gentedebasquet.com.ar\/sitio\/wp-content\/uploads\/2025\/10\/img_6680-1024x683.jpg 1024w, https:\/\/gentedebasquet.com.ar\/sitio\/wp-content\/uploads\/2025\/10\/img_6680-300x200.jpg 300w, https:\/\/gentedebasquet.com.ar\/sitio\/wp-content\/uploads\/2025\/10\/img_6680-768x512.jpg 768w, https:\/\/gentedebasquet.com.ar\/sitio\/wp-content\/uploads\/2025\/10\/img_6680-1536x1024.jpg 1536w, https:\/\/gentedebasquet.com.ar\/sitio\/wp-content\/uploads\/2025\/10\/img_6680-750x500.jpg 750w, https:\/\/gentedebasquet.com.ar\/sitio\/wp-content\/uploads\/2025\/10\/img_6680-1140x760.jpg 1140w, https:\/\/gentedebasquet.com.ar\/sitio\/wp-content\/uploads\/2025\/10\/img_6680.jpg 1999w\" sizes=\"(max-width: 1024px) 100vw, 1024px\" \/><\/figure>\n\n\n\n<p>El formado en Alem, tuvo su mejor actuaci\u00f3n con el conjunto de La Banda, <strong>cerr\u00f3 su planilla con 14 puntos (3\/4t2 &#8211; 5\/6tl), 4 rebotes, 2 asistencias y 3 recuperos en 33 minutos<\/strong>. Ol\u00edmpico cedi\u00f3 ante Atenas 84-87. El jueves recibe a Racing (Chivilcoy).<\/p>\n\n\n\n<p>\u2022&nbsp;<strong>Alejo Azpilicueta\/Albano Costa (Ober\u00e1):<\/strong><\/p>\n\n\n\n<figure class=\"wp-block-image size-large\"><img decoding=\"async\" src=\"https:\/\/gentedebasquet.com.ar\/sitio\/wp-content\/uploads\/2025\/10\/negro-y-verde-gimnasio-reapertura-comercial-horizontal-po%CC%81ster-9-1024x512.png\" alt=\"\" class=\"wp-image-118503\" \/><\/figure>\n\n\n\n<p>Los \u00fanicos bahienses que comparten plantel, triunfo frente a Uni\u00f3n (SF) 84-66. <strong>Alejo culmin\u00f3 con 7 puntos y 3 rebotes, incluido un 2\/3t3.<\/strong> Albano no vio minutos en La Liga, <strong>pero s\u00ed en La Liga Pr\u00f3ximo, donde Ober\u00e1 venci\u00f3 85-67 al ya mencionado Uni\u00f3n, el ex 9 de Julio en 30 minutos sum\u00f3 11 puntos (5\/7t2) y 6 rebotes<\/strong>. Al conjunto misionero <strong>se le viene Argentino (Jun\u00edn), el mi\u00e9rcoles.<\/strong><\/p>\n\n\n\n<p><strong>\u2022&nbsp;Valent\u00edn Duvanced (Independiente de Oliva):<\/strong><\/p>\n\n\n\n<figure class=\"wp-block-image size-large\"><img decoding=\"async\" src=\"https:\/\/gentedebasquet.com.ar\/sitio\/wp-content\/uploads\/2025\/10\/negro-y-verde-gimnasio-reapertura-comercial-horizontal-po%CC%81ster-4-1024x512.png\" alt=\"\" class=\"wp-image-118346\" \/><\/figure>\n\n\n\n<p>Valentin tuvo minutos en la holgada victoria de Independiente ante San Lorenzo 105-71. <strong>El ex \u201cAlbo\u201d cerr\u00f3 con 5 unidades en 15 minutos<\/strong>. Ma\u00f1ana tiene compromiso frente a Gimnasia (Comodoro Rivadavia).<\/p>\n\n\n\n<p><strong>\u2022&nbsp;Federico El\u00edas (Uni\u00f3n de Santa Fe):<\/strong><\/p>\n\n\n\n<figure class=\"wp-block-image size-large\"><img decoding=\"async\" width=\"1024\" height=\"683\" src=\"https:\/\/gentedebasquet.com.ar\/sitio\/wp-content\/uploads\/2025\/10\/img_6344-1024x683.jpg\" alt=\"\" class=\"wp-image-118489\" srcset=\"https:\/\/gentedebasquet.com.ar\/sitio\/wp-content\/uploads\/2025\/10\/img_6344-1024x683.jpg 1024w, https:\/\/gentedebasquet.com.ar\/sitio\/wp-content\/uploads\/2025\/10\/img_6344-300x200.jpg 300w, https:\/\/gentedebasquet.com.ar\/sitio\/wp-content\/uploads\/2025\/10\/img_6344-768x512.jpg 768w, https:\/\/gentedebasquet.com.ar\/sitio\/wp-content\/uploads\/2025\/10\/img_6344-750x500.jpg 750w, https:\/\/gentedebasquet.com.ar\/sitio\/wp-content\/uploads\/2025\/10\/img_6344-1140x760.jpg 1140w, https:\/\/gentedebasquet.com.ar\/sitio\/wp-content\/uploads\/2025\/10\/img_6344.jpg 1200w\" sizes=\"(max-width: 1024px) 100vw, 1024px\" \/><\/figure>\n\n\n\n<p>Fede tuvo <strong>6 minutos en la derrota de Uni\u00f3n frente a San Mart\u00edn de Corrientes 83-73<\/strong>. El martes, tendr\u00e1 la quinta jornada frente a su ex equipo, Regatas de Corrientes.<\/p>\n\n\n\n<figure class=\"wp-block-image size-large\"><img decoding=\"async\" width=\"1024\" height=\"1024\" src=\"https:\/\/gentedebasquet.com.ar\/sitio\/wp-content\/uploads\/2025\/10\/84d061a9-6200-43a4-84c0-5b5f199ce0dd-1024x1024.jpg\" alt=\"\" class=\"wp-image-118546\" srcset=\"https:\/\/gentedebasquet.com.ar\/sitio\/wp-content\/uploads\/2025\/10\/84d061a9-6200-43a4-84c0-5b5f199ce0dd-1024x1024.jpg 1024w, https:\/\/gentedebasquet.com.ar\/sitio\/wp-content\/uploads\/2025\/10\/84d061a9-6200-43a4-84c0-5b5f199ce0dd-300x300.jpg 300w, https:\/\/gentedebasquet.com.ar\/sitio\/wp-content\/uploads\/2025\/10\/84d061a9-6200-43a4-84c0-5b5f199ce0dd-150x150.jpg 150w, https:\/\/gentedebasquet.com.ar\/sitio\/wp-content\/uploads\/2025\/10\/84d061a9-6200-43a4-84c0-5b5f199ce0dd-768x768.jpg 768w, https:\/\/gentedebasquet.com.ar\/sitio\/wp-content\/uploads\/2025\/10\/84d061a9-6200-43a4-84c0-5b5f199ce0dd-75x75.jpg 75w, https:\/\/gentedebasquet.com.ar\/sitio\/wp-content\/uploads\/2025\/10\/84d061a9-6200-43a4-84c0-5b5f199ce0dd-350x350.jpg 350w, https:\/\/gentedebasquet.com.ar\/sitio\/wp-content\/uploads\/2025\/10\/84d061a9-6200-43a4-84c0-5b5f199ce0dd-750x750.jpg 750w, https:\/\/gentedebasquet.com.ar\/sitio\/wp-content\/uploads\/2025\/10\/84d061a9-6200-43a4-84c0-5b5f199ce0dd-1140x1140.jpg 1140w, https:\/\/gentedebasquet.com.ar\/sitio\/wp-content\/uploads\/2025\/10\/84d061a9-6200-43a4-84c0-5b5f199ce0dd.jpg 1280w\" sizes=\"(max-width: 1024px) 100vw, 1024px\" \/><\/figure>\n\n\n\n<p><strong><em>Nos vamos para Italia donde hay cinco bahienses, en distintas categor\u00edas del b\u00e1squetbol italiano:<\/em><\/strong><\/p>\n\n\n\n<p>\u2022&nbsp;<strong>Serie A2: Lucio Redivo (UEB Cividale):<\/strong><\/p>\n\n\n\n<figure class=\"wp-block-image size-large\"><img decoding=\"async\" width=\"1024\" height=\"683\" src=\"https:\/\/gentedebasquet.com.ar\/sitio\/wp-content\/uploads\/2025\/10\/img_5704.jpg\" alt=\"\" class=\"wp-image-118239\" srcset=\"https:\/\/gentedebasquet.com.ar\/sitio\/wp-content\/uploads\/2025\/10\/img_5704.jpg 1024w, https:\/\/gentedebasquet.com.ar\/sitio\/wp-content\/uploads\/2025\/10\/img_5704-300x200.jpg 300w, https:\/\/gentedebasquet.com.ar\/sitio\/wp-content\/uploads\/2025\/10\/img_5704-768x512.jpg 768w, https:\/\/gentedebasquet.com.ar\/sitio\/wp-content\/uploads\/2025\/10\/img_5704-750x500.jpg 750w\" sizes=\"(max-width: 1024px) 100vw, 1024px\" \/><\/figure>\n\n\n\n<p>Lucio disput\u00f3 la sexta jornada de la A2 italiana, el ex Pacifico <strong>cerr\u00f3 con 15 puntos (4\/7t2 &#8211; 2\/7t3), en 35 minutos<\/strong>, en la <strong>ca\u00edda del Cividale ante Ruvo Di Puglia 80-91.<\/strong>&nbsp;<\/p>\n\n\n\n<p>\u2022&nbsp;<strong>Serie B Nazionale &#8211;<\/strong> <strong>Orzi Basket &#8211; Zona \u201cA\u201d (Lucas Chaves):<\/strong><\/p>\n\n\n\n<figure class=\"wp-block-image size-large\"><img decoding=\"async\" width=\"1024\" height=\"683\" src=\"https:\/\/gentedebasquet.com.ar\/sitio\/wp-content\/uploads\/2025\/10\/img_6335-1-1024x683.jpg\" alt=\"\" class=\"wp-image-118651\" srcset=\"https:\/\/gentedebasquet.com.ar\/sitio\/wp-content\/uploads\/2025\/10\/img_6335-1-1024x683.jpg 1024w, https:\/\/gentedebasquet.com.ar\/sitio\/wp-content\/uploads\/2025\/10\/img_6335-1-300x200.jpg 300w, https:\/\/gentedebasquet.com.ar\/sitio\/wp-content\/uploads\/2025\/10\/img_6335-1-768x512.jpg 768w, https:\/\/gentedebasquet.com.ar\/sitio\/wp-content\/uploads\/2025\/10\/img_6335-1-750x500.jpg 750w, https:\/\/gentedebasquet.com.ar\/sitio\/wp-content\/uploads\/2025\/10\/img_6335-1-1140x760.jpg 1140w, https:\/\/gentedebasquet.com.ar\/sitio\/wp-content\/uploads\/2025\/10\/img_6335-1.jpg 1275w\" sizes=\"(max-width: 1024px) 100vw, 1024px\" \/><\/figure>\n\n\n\n<p>Lucas disput\u00f3 la sexta fecha de la Zona \u201cA\u201d, el base <strong>aport\u00f3 2 unidades y 2 rebotes, en 16 minutos en la victoria 68-61 frente a Vigevano 1955<\/strong>.<\/p>\n\n\n\n<p><strong>\u2022 Zona \u201cB\u201d &#8211; Ferrara Basket (Ramiro Santiago):<\/strong><\/p>\n\n\n\n<figure class=\"wp-block-image size-large\"><img decoding=\"async\" width=\"1024\" height=\"683\" src=\"https:\/\/gentedebasquet.com.ar\/sitio\/wp-content\/uploads\/2025\/10\/img_6683-1024x683.jpg\" alt=\"\" class=\"wp-image-118650\" srcset=\"https:\/\/gentedebasquet.com.ar\/sitio\/wp-content\/uploads\/2025\/10\/img_6683-1024x683.jpg 1024w, https:\/\/gentedebasquet.com.ar\/sitio\/wp-content\/uploads\/2025\/10\/img_6683-300x200.jpg 300w, https:\/\/gentedebasquet.com.ar\/sitio\/wp-content\/uploads\/2025\/10\/img_6683-768x512.jpg 768w, https:\/\/gentedebasquet.com.ar\/sitio\/wp-content\/uploads\/2025\/10\/img_6683-750x500.jpg 750w, https:\/\/gentedebasquet.com.ar\/sitio\/wp-content\/uploads\/2025\/10\/img_6683-1140x760.jpg 1140w, https:\/\/gentedebasquet.com.ar\/sitio\/wp-content\/uploads\/2025\/10\/img_6683.jpg 1536w\" sizes=\"(max-width: 1024px) 100vw, 1024px\" \/><\/figure>\n\n\n\n<p>\u201cRama\u201d jug\u00f3 la sexta fecha de la Zona \u201cB\u201d de la tercera italiana. Ramiro <strong>finaliz\u00f3 con 19 puntos (3\/6t3), en 24 minutos de juego<\/strong>, en la derrota frente a Andrea Costa 73-93.&nbsp;<\/p>\n\n\n\n<p>\u2022&nbsp;<strong>Serie B Interregionale: Leandro Cecchi (Nuovo Basket Aquilano)<\/strong><strong>:<\/strong><\/p>\n\n\n\n<figure class=\"wp-block-image size-large\"><img decoding=\"async\" width=\"1024\" height=\"630\" src=\"https:\/\/gentedebasquet.com.ar\/sitio\/wp-content\/uploads\/2025\/10\/image-1-2.jpg\" alt=\"\" class=\"wp-image-118655\" srcset=\"https:\/\/gentedebasquet.com.ar\/sitio\/wp-content\/uploads\/2025\/10\/image-1-2.jpg 1024w, https:\/\/gentedebasquet.com.ar\/sitio\/wp-content\/uploads\/2025\/10\/image-1-2-300x185.jpg 300w, https:\/\/gentedebasquet.com.ar\/sitio\/wp-content\/uploads\/2025\/10\/image-1-2-768x473.jpg 768w, https:\/\/gentedebasquet.com.ar\/sitio\/wp-content\/uploads\/2025\/10\/image-1-2-750x461.jpg 750w\" sizes=\"(max-width: 1024px) 100vw, 1024px\" \/><\/figure>\n\n\n\n<p>\u201cLeo\u201d tuvo una buena actuaci\u00f3n, disput\u00f3 la cuarta jornada de la divisi\u00f3n E. <strong>Concluy\u00f3 con 15 puntos en la derrota 72-75, frente a Carver Cinecitta<\/strong>.<\/p>\n\n\n\n<p>\u2022&nbsp;<strong>Emanuel Fern\u00e1ndez Pe\u00f1a (Viola Reggio Calabria):<\/strong><\/p>\n\n\n\n<figure class=\"wp-block-image size-large\"><img decoding=\"async\" width=\"1024\" height=\"686\" src=\"https:\/\/gentedebasquet.com.ar\/sitio\/wp-content\/uploads\/2025\/10\/img_6688-1024x686.jpg\" alt=\"\" class=\"wp-image-118658\" srcset=\"https:\/\/gentedebasquet.com.ar\/sitio\/wp-content\/uploads\/2025\/10\/img_6688-1024x686.jpg 1024w, https:\/\/gentedebasquet.com.ar\/sitio\/wp-content\/uploads\/2025\/10\/img_6688-300x201.jpg 300w, https:\/\/gentedebasquet.com.ar\/sitio\/wp-content\/uploads\/2025\/10\/img_6688-768x514.jpg 768w, https:\/\/gentedebasquet.com.ar\/sitio\/wp-content\/uploads\/2025\/10\/img_6688-750x502.jpg 750w, https:\/\/gentedebasquet.com.ar\/sitio\/wp-content\/uploads\/2025\/10\/img_6688-1140x764.jpg 1140w, https:\/\/gentedebasquet.com.ar\/sitio\/wp-content\/uploads\/2025\/10\/img_6688.jpg 1275w\" sizes=\"(max-width: 1024px) 100vw, 1024px\" \/><\/figure>\n\n\n\n<p>Manu sum\u00f3 <strong>13 puntos en la victoria del Viola Reggio Calabria 84-69 frente al Mola<\/strong>, correspondiente a la <strong>cuarta fecha de la divisi\u00f3n F.<\/strong><\/p>\n\n\n\n<p><\/p>\n","protected":false},"excerpt":{"rendered":"<p>Estas fueron las actuaciones de los oriundos de nuestra ciudad (tanto en Liga Nacional como en el Viejo Continente). Adem\u00e1s lo que se le vendr\u00e1 a cada uno. Empezamos con los que est\u00e1n en la \u00e9lite del b\u00e1squet nacional, donde hay siete jugadores bahienses, repasamos lo que dej\u00f3 y se vendr\u00e1: \u2022&nbsp;Jano Mart\u00ednez (Ferro): Jano [&hellip;]<\/p>\n","protected":false},"author":82,"featured_media":118661,"comment_status":"closed","ping_status":"open","sticky":false,"template":"","format":"standard","meta":{"jnews-multi-image_gallery":[],"jnews_single_post":[],"jnews_primary_category":[],"footnotes":""},"categories":[34,101],"tags":[1907,1765,928,1085,1394,135,79,80,155,1362,1655,1436],"class_list":["post-118662","post","type-post","status-publish","format-standard","has-post-thumbnail","hentry","category-bahienses-afuera","category-slide","tag-albano-costa","tag-alejo-azpilicueta","tag-emanuel-fernandez","tag-federico-elias","tag-jano-martinez","tag-leandro-cecchi","tag-lucas-chaves","tag-lucas-faggiano","tag-lucio-redivo","tag-ramiro-santiago","tag-valentin-duvanced","tag-valentin-forestier"],"yoast_head":"<!-- This site is optimized with the Yoast SEO plugin v27.5 - https:\/\/yoast.com\/product\/yoast-seo-wordpress\/ -->\n<title>La semana de los nuestros - Gente de B\u00e1squet<\/title>\n<meta name=\"robots\" content=\"index, follow, max-snippet:-1, max-image-preview:large, max-video-preview:-1\" \/>\n<link rel=\"canonical\" href=\"https:\/\/gentedebasquet.com.ar\/sitio\/2025\/10\/20\/la-semana-de-los-nuestros\/\" \/>\n<meta property=\"og:locale\" content=\"es_ES\" \/>\n<meta property=\"og:type\" content=\"article\" \/>\n<meta property=\"og:title\" content=\"La semana de los nuestros - Gente de B\u00e1squet\" \/>\n<meta property=\"og:description\" content=\"Estas fueron las actuaciones de los oriundos de nuestra ciudad (tanto en Liga Nacional como en el Viejo Continente). Adem\u00e1s lo que se le vendr\u00e1 a cada uno. Empezamos con los que est\u00e1n en la \u00e9lite del b\u00e1squet nacional, donde hay siete jugadores bahienses, repasamos lo que dej\u00f3 y se vendr\u00e1: \u2022&nbsp;Jano Mart\u00ednez (Ferro): Jano [&hellip;]\" \/>\n<meta property=\"og:url\" content=\"https:\/\/gentedebasquet.com.ar\/sitio\/2025\/10\/20\/la-semana-de-los-nuestros\/\" \/>\n<meta property=\"og:site_name\" content=\"Gente de B\u00e1squet\" \/>\n<meta property=\"article:published_time\" content=\"2025-10-20T17:04:18+00:00\" \/>\n<meta property=\"article:modified_time\" content=\"2025-10-20T21:47:24+00:00\" \/>\n<meta property=\"og:image\" content=\"https:\/\/gentedebasquet.com.ar\/sitio\/wp-content\/uploads\/2025\/10\/img_6654.jpg\" \/>\n\t<meta property=\"og:image:width\" content=\"1999\" \/>\n\t<meta property=\"og:image:height\" content=\"1333\" \/>\n\t<meta property=\"og:image:type\" content=\"image\/jpeg\" \/>\n<meta name=\"author\" content=\"Manuel Lacerenza\" \/>\n<meta name=\"twitter:card\" content=\"summary_large_image\" \/>\n<meta name=\"twitter:label1\" content=\"Escrito por\" \/>\n\t<meta name=\"twitter:data1\" content=\"Manuel Lacerenza\" \/>\n\t<meta name=\"twitter:label2\" content=\"Tiempo de lectura\" \/>\n\t<meta name=\"twitter:data2\" content=\"3 minutos\" \/>\n<script type=\"application\/ld+json\" class=\"yoast-schema-graph\">{\"@context\":\"https:\\\/\\\/schema.org\",\"@graph\":[{\"@type\":\"Article\",\"@id\":\"https:\\\/\\\/gentedebasquet.com.ar\\\/sitio\\\/2025\\\/10\\\/20\\\/la-semana-de-los-nuestros\\\/#article\",\"isPartOf\":{\"@id\":\"https:\\\/\\\/gentedebasquet.com.ar\\\/sitio\\\/2025\\\/10\\\/20\\\/la-semana-de-los-nuestros\\\/\"},\"author\":{\"name\":\"Manuel Lacerenza\",\"@id\":\"http:\\\/\\\/gentedebasquet.com.ar\\\/sitio\\\/#\\\/schema\\\/person\\\/643357fb6a37b5549c9cfe9f339c9f1b\"},\"headline\":\"La semana de los nuestros\",\"datePublished\":\"2025-10-20T17:04:18+00:00\",\"dateModified\":\"2025-10-20T21:47:24+00:00\",\"mainEntityOfPage\":{\"@id\":\"https:\\\/\\\/gentedebasquet.com.ar\\\/sitio\\\/2025\\\/10\\\/20\\\/la-semana-de-los-nuestros\\\/\"},\"wordCount\":570,\"image\":{\"@id\":\"https:\\\/\\\/gentedebasquet.com.ar\\\/sitio\\\/2025\\\/10\\\/20\\\/la-semana-de-los-nuestros\\\/#primaryimage\"},\"thumbnailUrl\":\"https:\\\/\\\/gentedebasquet.com.ar\\\/sitio\\\/wp-content\\\/uploads\\\/2025\\\/10\\\/img_6654.jpg\",\"keywords\":[\"Albano Costa\",\"Alejo Azpilicueta\",\"Emanuel Fern\u00e1ndez\",\"Federico El\u00edas\",\"Jano Mart\u00ednez\",\"Leandro Cecchi\",\"Lucas Chaves\",\"Lucas Faggiano\",\"Lucio Redivo\",\"Ramiro Santiago\",\"Valentin Duvanced\",\"Valent\u00edn Forestier\"],\"articleSection\":[\"Bahienses Afuera\",\"Slide\"],\"inLanguage\":\"es\"},{\"@type\":\"WebPage\",\"@id\":\"https:\\\/\\\/gentedebasquet.com.ar\\\/sitio\\\/2025\\\/10\\\/20\\\/la-semana-de-los-nuestros\\\/\",\"url\":\"https:\\\/\\\/gentedebasquet.com.ar\\\/sitio\\\/2025\\\/10\\\/20\\\/la-semana-de-los-nuestros\\\/\",\"name\":\"La semana de los nuestros - Gente de B\u00e1squet\",\"isPartOf\":{\"@id\":\"http:\\\/\\\/gentedebasquet.com.ar\\\/sitio\\\/#website\"},\"primaryImageOfPage\":{\"@id\":\"https:\\\/\\\/gentedebasquet.com.ar\\\/sitio\\\/2025\\\/10\\\/20\\\/la-semana-de-los-nuestros\\\/#primaryimage\"},\"image\":{\"@id\":\"https:\\\/\\\/gentedebasquet.com.ar\\\/sitio\\\/2025\\\/10\\\/20\\\/la-semana-de-los-nuestros\\\/#primaryimage\"},\"thumbnailUrl\":\"https:\\\/\\\/gentedebasquet.com.ar\\\/sitio\\\/wp-content\\\/uploads\\\/2025\\\/10\\\/img_6654.jpg\",\"datePublished\":\"2025-10-20T17:04:18+00:00\",\"dateModified\":\"2025-10-20T21:47:24+00:00\",\"author\":{\"@id\":\"http:\\\/\\\/gentedebasquet.com.ar\\\/sitio\\\/#\\\/schema\\\/person\\\/643357fb6a37b5549c9cfe9f339c9f1b\"},\"breadcrumb\":{\"@id\":\"https:\\\/\\\/gentedebasquet.com.ar\\\/sitio\\\/2025\\\/10\\\/20\\\/la-semana-de-los-nuestros\\\/#breadcrumb\"},\"inLanguage\":\"es\",\"potentialAction\":[{\"@type\":\"ReadAction\",\"target\":[\"https:\\\/\\\/gentedebasquet.com.ar\\\/sitio\\\/2025\\\/10\\\/20\\\/la-semana-de-los-nuestros\\\/\"]}]},{\"@type\":\"ImageObject\",\"inLanguage\":\"es\",\"@id\":\"https:\\\/\\\/gentedebasquet.com.ar\\\/sitio\\\/2025\\\/10\\\/20\\\/la-semana-de-los-nuestros\\\/#primaryimage\",\"url\":\"https:\\\/\\\/gentedebasquet.com.ar\\\/sitio\\\/wp-content\\\/uploads\\\/2025\\\/10\\\/img_6654.jpg\",\"contentUrl\":\"https:\\\/\\\/gentedebasquet.com.ar\\\/sitio\\\/wp-content\\\/uploads\\\/2025\\\/10\\\/img_6654.jpg\",\"width\":1999,\"height\":1333},{\"@type\":\"BreadcrumbList\",\"@id\":\"https:\\\/\\\/gentedebasquet.com.ar\\\/sitio\\\/2025\\\/10\\\/20\\\/la-semana-de-los-nuestros\\\/#breadcrumb\",\"itemListElement\":[{\"@type\":\"ListItem\",\"position\":1,\"name\":\"Portada\",\"item\":\"http:\\\/\\\/gentedebasquet.com.ar\\\/sitio\\\/\"},{\"@type\":\"ListItem\",\"position\":2,\"name\":\"La semana de los nuestros\"}]},{\"@type\":\"WebSite\",\"@id\":\"http:\\\/\\\/gentedebasquet.com.ar\\\/sitio\\\/#website\",\"url\":\"http:\\\/\\\/gentedebasquet.com.ar\\\/sitio\\\/\",\"name\":\"Gente de B\u00e1squet\",\"description\":\"La revista del basquet de Bah\u00eda Blanca\",\"potentialAction\":[{\"@type\":\"SearchAction\",\"target\":{\"@type\":\"EntryPoint\",\"urlTemplate\":\"http:\\\/\\\/gentedebasquet.com.ar\\\/sitio\\\/?s={search_term_string}\"},\"query-input\":{\"@type\":\"PropertyValueSpecification\",\"valueRequired\":true,\"valueName\":\"search_term_string\"}}],\"inLanguage\":\"es\"},{\"@type\":\"Person\",\"@id\":\"http:\\\/\\\/gentedebasquet.com.ar\\\/sitio\\\/#\\\/schema\\\/person\\\/643357fb6a37b5549c9cfe9f339c9f1b\",\"name\":\"Manuel Lacerenza\",\"image\":{\"@type\":\"ImageObject\",\"inLanguage\":\"es\",\"@id\":\"https:\\\/\\\/secure.gravatar.com\\\/avatar\\\/6a427d587bd181ca8afd828e8cf364f233c5cbe5b8a1332b92ea42687ad97845?s=96&d=mm&r=g\",\"url\":\"https:\\\/\\\/secure.gravatar.com\\\/avatar\\\/6a427d587bd181ca8afd828e8cf364f233c5cbe5b8a1332b92ea42687ad97845?s=96&d=mm&r=g\",\"contentUrl\":\"https:\\\/\\\/secure.gravatar.com\\\/avatar\\\/6a427d587bd181ca8afd828e8cf364f233c5cbe5b8a1332b92ea42687ad97845?s=96&d=mm&r=g\",\"caption\":\"Manuel Lacerenza\"},\"url\":\"https:\\\/\\\/gentedebasquet.com.ar\\\/sitio\\\/author\\\/manuel\\\/\"}]}<\/script>\n<!-- \/ Yoast SEO plugin. -->","yoast_head_json":{"title":"La semana de los nuestros - Gente de B\u00e1squet","robots":{"index":"index","follow":"follow","max-snippet":"max-snippet:-1","max-image-preview":"max-image-preview:large","max-video-preview":"max-video-preview:-1"},"canonical":"https:\/\/gentedebasquet.com.ar\/sitio\/2025\/10\/20\/la-semana-de-los-nuestros\/","og_locale":"es_ES","og_type":"article","og_title":"La semana de los nuestros - Gente de B\u00e1squet","og_description":"Estas fueron las actuaciones de los oriundos de nuestra ciudad (tanto en Liga Nacional como en el Viejo Continente). Adem\u00e1s lo que se le vendr\u00e1 a cada uno. Empezamos con los que est\u00e1n en la \u00e9lite del b\u00e1squet nacional, donde hay siete jugadores bahienses, repasamos lo que dej\u00f3 y se vendr\u00e1: \u2022&nbsp;Jano Mart\u00ednez (Ferro): Jano [&hellip;]","og_url":"https:\/\/gentedebasquet.com.ar\/sitio\/2025\/10\/20\/la-semana-de-los-nuestros\/","og_site_name":"Gente de B\u00e1squet","article_published_time":"2025-10-20T17:04:18+00:00","article_modified_time":"2025-10-20T21:47:24+00:00","og_image":[{"width":1999,"height":1333,"url":"https:\/\/gentedebasquet.com.ar\/sitio\/wp-content\/uploads\/2025\/10\/img_6654.jpg","type":"image\/jpeg"}],"author":"Manuel Lacerenza","twitter_card":"summary_large_image","twitter_misc":{"Escrito por":"Manuel Lacerenza","Tiempo de lectura":"3 minutos"},"schema":{"@context":"https:\/\/schema.org","@graph":[{"@type":"Article","@id":"https:\/\/gentedebasquet.com.ar\/sitio\/2025\/10\/20\/la-semana-de-los-nuestros\/#article","isPartOf":{"@id":"https:\/\/gentedebasquet.com.ar\/sitio\/2025\/10\/20\/la-semana-de-los-nuestros\/"},"author":{"name":"Manuel Lacerenza","@id":"http:\/\/gentedebasquet.com.ar\/sitio\/#\/schema\/person\/643357fb6a37b5549c9cfe9f339c9f1b"},"headline":"La semana de los nuestros","datePublished":"2025-10-20T17:04:18+00:00","dateModified":"2025-10-20T21:47:24+00:00","mainEntityOfPage":{"@id":"https:\/\/gentedebasquet.com.ar\/sitio\/2025\/10\/20\/la-semana-de-los-nuestros\/"},"wordCount":570,"image":{"@id":"https:\/\/gentedebasquet.com.ar\/sitio\/2025\/10\/20\/la-semana-de-los-nuestros\/#primaryimage"},"thumbnailUrl":"https:\/\/gentedebasquet.com.ar\/sitio\/wp-content\/uploads\/2025\/10\/img_6654.jpg","keywords":["Albano Costa","Alejo Azpilicueta","Emanuel Fern\u00e1ndez","Federico El\u00edas","Jano Mart\u00ednez","Leandro Cecchi","Lucas Chaves","Lucas Faggiano","Lucio Redivo","Ramiro Santiago","Valentin Duvanced","Valent\u00edn Forestier"],"articleSection":["Bahienses Afuera","Slide"],"inLanguage":"es"},{"@type":"WebPage","@id":"https:\/\/gentedebasquet.com.ar\/sitio\/2025\/10\/20\/la-semana-de-los-nuestros\/","url":"https:\/\/gentedebasquet.com.ar\/sitio\/2025\/10\/20\/la-semana-de-los-nuestros\/","name":"La semana de los nuestros - Gente de B\u00e1squet","isPartOf":{"@id":"http:\/\/gentedebasquet.com.ar\/sitio\/#website"},"primaryImageOfPage":{"@id":"https:\/\/gentedebasquet.com.ar\/sitio\/2025\/10\/20\/la-semana-de-los-nuestros\/#primaryimage"},"image":{"@id":"https:\/\/gentedebasquet.com.ar\/sitio\/2025\/10\/20\/la-semana-de-los-nuestros\/#primaryimage"},"thumbnailUrl":"https:\/\/gentedebasquet.com.ar\/sitio\/wp-content\/uploads\/2025\/10\/img_6654.jpg","datePublished":"2025-10-20T17:04:18+00:00","dateModified":"2025-10-20T21:47:24+00:00","author":{"@id":"http:\/\/gentedebasquet.com.ar\/sitio\/#\/schema\/person\/643357fb6a37b5549c9cfe9f339c9f1b"},"breadcrumb":{"@id":"https:\/\/gentedebasquet.com.ar\/sitio\/2025\/10\/20\/la-semana-de-los-nuestros\/#breadcrumb"},"inLanguage":"es","potentialAction":[{"@type":"ReadAction","target":["https:\/\/gentedebasquet.com.ar\/sitio\/2025\/10\/20\/la-semana-de-los-nuestros\/"]}]},{"@type":"ImageObject","inLanguage":"es","@id":"https:\/\/gentedebasquet.com.ar\/sitio\/2025\/10\/20\/la-semana-de-los-nuestros\/#primaryimage","url":"https:\/\/gentedebasquet.com.ar\/sitio\/wp-content\/uploads\/2025\/10\/img_6654.jpg","contentUrl":"https:\/\/gentedebasquet.com.ar\/sitio\/wp-content\/uploads\/2025\/10\/img_6654.jpg","width":1999,"height":1333},{"@type":"BreadcrumbList","@id":"https:\/\/gentedebasquet.com.ar\/sitio\/2025\/10\/20\/la-semana-de-los-nuestros\/#breadcrumb","itemListElement":[{"@type":"ListItem","position":1,"name":"Portada","item":"http:\/\/gentedebasquet.com.ar\/sitio\/"},{"@type":"ListItem","position":2,"name":"La semana de los nuestros"}]},{"@type":"WebSite","@id":"http:\/\/gentedebasquet.com.ar\/sitio\/#website","url":"http:\/\/gentedebasquet.com.ar\/sitio\/","name":"Gente de B\u00e1squet","description":"La revista del basquet de Bah\u00eda Blanca","potentialAction":[{"@type":"SearchAction","target":{"@type":"EntryPoint","urlTemplate":"http:\/\/gentedebasquet.com.ar\/sitio\/?s={search_term_string}"},"query-input":{"@type":"PropertyValueSpecification","valueRequired":true,"valueName":"search_term_string"}}],"inLanguage":"es"},{"@type":"Person","@id":"http:\/\/gentedebasquet.com.ar\/sitio\/#\/schema\/person\/643357fb6a37b5549c9cfe9f339c9f1b","name":"Manuel Lacerenza","image":{"@type":"ImageObject","inLanguage":"es","@id":"https:\/\/secure.gravatar.com\/avatar\/6a427d587bd181ca8afd828e8cf364f233c5cbe5b8a1332b92ea42687ad97845?s=96&d=mm&r=g","url":"https:\/\/secure.gravatar.com\/avatar\/6a427d587bd181ca8afd828e8cf364f233c5cbe5b8a1332b92ea42687ad97845?s=96&d=mm&r=g","contentUrl":"https:\/\/secure.gravatar.com\/avatar\/6a427d587bd181ca8afd828e8cf364f233c5cbe5b8a1332b92ea42687ad97845?s=96&d=mm&r=g","caption":"Manuel Lacerenza"},"url":"https:\/\/gentedebasquet.com.ar\/sitio\/author\/manuel\/"}]}},"_links":{"self":[{"href":"https:\/\/gentedebasquet.com.ar\/sitio\/wp-json\/wp\/v2\/posts\/118662","targetHints":{"allow":["GET"]}}],"collection":[{"href":"https:\/\/gentedebasquet.com.ar\/sitio\/wp-json\/wp\/v2\/posts"}],"about":[{"href":"https:\/\/gentedebasquet.com.ar\/sitio\/wp-json\/wp\/v2\/types\/post"}],"author":[{"embeddable":true,"href":"https:\/\/gentedebasquet.com.ar\/sitio\/wp-json\/wp\/v2\/users\/82"}],"replies":[{"embeddable":true,"href":"https:\/\/gentedebasquet.com.ar\/sitio\/wp-json\/wp\/v2\/comments?post=118662"}],"version-history":[{"count":2,"href":"https:\/\/gentedebasquet.com.ar\/sitio\/wp-json\/wp\/v2\/posts\/118662\/revisions"}],"predecessor-version":[{"id":118664,"href":"https:\/\/gentedebasquet.com.ar\/sitio\/wp-json\/wp\/v2\/posts\/118662\/revisions\/118664"}],"wp:featuredmedia":[{"embeddable":true,"href":"https:\/\/gentedebasquet.com.ar\/sitio\/wp-json\/wp\/v2\/media\/118661"}],"wp:attachment":[{"href":"https:\/\/gentedebasquet.com.ar\/sitio\/wp-json\/wp\/v2\/media?parent=118662"}],"wp:term":[{"taxonomy":"category","embeddable":true,"href":"https:\/\/gentedebasquet.com.ar\/sitio\/wp-json\/wp\/v2\/categories?post=118662"},{"taxonomy":"post_tag","embeddable":true,"href":"https:\/\/gentedebasquet.com.ar\/sitio\/wp-json\/wp\/v2\/tags?post=118662"}],"curies":[{"name":"wp","href":"https:\/\/api.w.org\/{rel}","templated":true}]}}