{"id":118665,"date":"2025-10-23T16:59:30","date_gmt":"2025-10-23T14:59:30","guid":{"rendered":"https:\/\/gentedebasquet.com.ar\/sitio\/?p=118665"},"modified":"2025-10-23T17:41:32","modified_gmt":"2025-10-23T15:41:32","slug":"el-viola-finalizo-la-etapa-regular-con-un-triunfo-sobresaliente","status":"publish","type":"post","link":"https:\/\/gentedebasquet.com.ar\/sitio\/2025\/10\/23\/el-viola-finalizo-la-etapa-regular-con-un-triunfo-sobresaliente\/","title":{"rendered":"El Viola finaliz\u00f3 la etapa regular con un triunfo sobresaliente"},"content":{"rendered":"<div class=\"flex max-w-full flex-col flex-grow\">\n<div class=\"min-h-8 text-message flex w-full flex-col items-end gap-2 whitespace-normal break-words [.text-message+&amp;]:mt-5\" dir=\"auto\" data-message-author-role=\"assistant\" data-message-id=\"d66df151-bd9a-4e40-9c6b-a57f4798966a\" data-message-model-slug=\"gpt-4o-mini\">\n<div class=\"flex w-full flex-col gap-1 empty:hidden first:pt-[3px]\">\n<div class=\"markdown prose w-full break-words dark:prose-invert dark\">\n<p><strong>Uno de los encuentros que form\u00f3 parte de la fecha 15 del actual torneo de Segunda fue el protagonizado por El Nacional e Independiente en el estadio Delfo y Pac\u00edfico Ciccioli del club celeste. Fue victoria del equipo visitante, que dio vuelta en los diez minutos finales una situaci\u00f3n que se le hab\u00eda complicado (El Nacional ganaba por cinco al final del tercer cuarto).<\/strong><\/p>\n<p><strong>Alen R\u00edos fue otra vez el de mejores n\u00fameros en el plantel ganador. Aport\u00f3 23 puntos, 9 asistencias y 7 rebotes. Manuel Echarri y Nahuel Dulsan fueron los \u00fanicos dos jugadores del equipo anfitri\u00f3n que superaron las diez unidades marcadas. Echarri sum\u00f3 19 y Dulsan 15.<\/strong><\/p>\n<p><strong>\u00a0El primer cuarto transcurri\u00f3 con m\u00e1s errores que aciertos de los dos conjuntos en la culminaci\u00f3n de sus ofensivas. La gran mayor\u00eda de los puntos se lograron mediante tiros cortos, atras de la l\u00ednea de tres puntos sucedieron pocas cosas destacadas.\u00a0<\/strong><\/p>\n<p><strong>A lo largo del segundo cuarto los tiros de larga distancia comenzaron a entrar. Agust\u00edn Astradas fue l\u00edder en este aspecto, convirti\u00f3 cuatro lanzamientos de valor triple en los primeros veinte minutos de juego. Esta efectividad le dio a Independiente lo que necesitaba para seguir achicando la diferencia y poder irse al descanso largo solo un punto por abajo del rival: 32-31.<\/strong><\/p>\n<p><strong>Maximiliano Zonza, Alen R\u00edos y Facundo Slonimsqui fueron los de mejor producci\u00f3n del equipo dirigido por Javier Musumeci en el tercer cuarto. Del otro lado, las efectivas acciones de los dos Dulsan (Nahuel y Facundo), m\u00e1s la permanente actividad de Echarri, colocaron a El Nacional con una ventaja corta pero revitalizante.\u00a0<\/strong><\/p>\n<p><strong>Hasta este instante el encuentro parec\u00eda favorecer en el aspecto num\u00e9rico y tambien en el an\u00edmico al anfitri\u00f3n. Pero Independiente todav\u00eda no se rend\u00eda. En una primera racha, con siete tantos consecutivos de R\u00edos, alcanz\u00f3 el empate en 53 con dos minutos y medio jugados del \u00faltimo cuarto. Un rato m\u00e1s tarde, la combinaci\u00f3n entre Mor\u00e1n, Zonza y el propio R\u00edos puso al frente a la escuadra visitante. El Nacional hab\u00eda perdido el rumbo. Algunos de sus jugadores vitales no encontraron eficacia en el desenlace del encuentro. El equipo que orienta Ramiro Riviere se acerc\u00f3 a tres con un minuto restante (69-66), pero un doble de Slonimsqui y otros dos tiros libres del artillero R\u00edos terminaron asegurando este nuevo \u00e9xito para la instituci\u00f3n de la calle Italia.\u00a0 \u00a0<\/strong><\/p>\n<p>&nbsp;<\/p>\n<p>&nbsp;<\/p>\n<p><strong>\u00a0<\/strong><strong> \u00a0 \u00a0\u00a0<\/strong><\/p>\n<p>&nbsp;<\/p>\n<div class=\"jeg_video_container jeg_video_content\"><iframe loading=\"lazy\" title=\"#Segunda - Fecha #15: El Nacional 66 - 73 Independiente\" width=\"500\" height=\"281\" src=\"https:\/\/www.youtube.com\/embed\/BT9Dlbwy_D0?feature=oembed\" frameborder=\"0\" allow=\"accelerometer; autoplay; clipboard-write; encrypted-media; gyroscope; picture-in-picture; web-share\" referrerpolicy=\"strict-origin-when-cross-origin\" allowfullscreen><\/iframe><\/div>\n<\/div>\n<\/div>\n<\/div>\n<\/div>\n<div><\/div>\n<div><\/div>\n<div class=\"jeg_video_container jeg_video_content\">\n<div class=\"jeg_video_container jeg_video_content\">\n<div class=\"jeg_video_container jeg_video_content\">\n<div class=\"jeg_video_container jeg_video_content\"><img decoding=\"async\" class=\"alignnone wp-image-118706 \" src=\"http:\/\/gentedebasquet.com.ar\/sitio\/wp-content\/uploads\/2025\/10\/CLAVEInde-3-300x300.png\" alt=\"\" width=\"564\" height=\"564\" srcset=\"https:\/\/gentedebasquet.com.ar\/sitio\/wp-content\/uploads\/2025\/10\/CLAVEInde-3-300x300.png 300w, https:\/\/gentedebasquet.com.ar\/sitio\/wp-content\/uploads\/2025\/10\/CLAVEInde-3-1024x1024.png 1024w, https:\/\/gentedebasquet.com.ar\/sitio\/wp-content\/uploads\/2025\/10\/CLAVEInde-3-150x150.png 150w, https:\/\/gentedebasquet.com.ar\/sitio\/wp-content\/uploads\/2025\/10\/CLAVEInde-3-768x768.png 768w, https:\/\/gentedebasquet.com.ar\/sitio\/wp-content\/uploads\/2025\/10\/CLAVEInde-3-1536x1536.png 1536w, https:\/\/gentedebasquet.com.ar\/sitio\/wp-content\/uploads\/2025\/10\/CLAVEInde-3-75x75.png 75w, https:\/\/gentedebasquet.com.ar\/sitio\/wp-content\/uploads\/2025\/10\/CLAVEInde-3-350x350.png 350w, https:\/\/gentedebasquet.com.ar\/sitio\/wp-content\/uploads\/2025\/10\/CLAVEInde-3-750x750.png 750w, https:\/\/gentedebasquet.com.ar\/sitio\/wp-content\/uploads\/2025\/10\/CLAVEInde-3-1140x1140.png 1140w, https:\/\/gentedebasquet.com.ar\/sitio\/wp-content\/uploads\/2025\/10\/CLAVEInde-3.png 2000w\" sizes=\"(max-width: 564px) 100vw, 564px\" \/><\/div>\n<\/div>\n<\/div>\n<\/div>\n<div><\/div>\n<p>&nbsp;<\/p>\n<p>&nbsp;<\/p>\n<p>&nbsp;<\/p>\n<blockquote><p>&nbsp;<\/p><\/blockquote>\n<p>&nbsp;<\/p>\n<p><img decoding=\"async\" class=\"alignnone wp-image-118707 \" style=\"color: #333333\" src=\"http:\/\/gentedebasquet.com.ar\/sitio\/wp-content\/uploads\/2025\/10\/MVPInde-3-300x300.png\" alt=\"\" width=\"536\" height=\"536\" srcset=\"https:\/\/gentedebasquet.com.ar\/sitio\/wp-content\/uploads\/2025\/10\/MVPInde-3-300x300.png 300w, https:\/\/gentedebasquet.com.ar\/sitio\/wp-content\/uploads\/2025\/10\/MVPInde-3-1024x1024.png 1024w, https:\/\/gentedebasquet.com.ar\/sitio\/wp-content\/uploads\/2025\/10\/MVPInde-3-150x150.png 150w, https:\/\/gentedebasquet.com.ar\/sitio\/wp-content\/uploads\/2025\/10\/MVPInde-3-768x768.png 768w, https:\/\/gentedebasquet.com.ar\/sitio\/wp-content\/uploads\/2025\/10\/MVPInde-3-1536x1536.png 1536w, https:\/\/gentedebasquet.com.ar\/sitio\/wp-content\/uploads\/2025\/10\/MVPInde-3-75x75.png 75w, https:\/\/gentedebasquet.com.ar\/sitio\/wp-content\/uploads\/2025\/10\/MVPInde-3-350x350.png 350w, https:\/\/gentedebasquet.com.ar\/sitio\/wp-content\/uploads\/2025\/10\/MVPInde-3-750x750.png 750w, https:\/\/gentedebasquet.com.ar\/sitio\/wp-content\/uploads\/2025\/10\/MVPInde-3-1140x1140.png 1140w, https:\/\/gentedebasquet.com.ar\/sitio\/wp-content\/uploads\/2025\/10\/MVPInde-3.png 2000w\" sizes=\"(max-width: 536px) 100vw, 536px\" \/><\/p>\n<p><strong>S\u00edntesis &#8211; Segunda &#8211; Fecha 15<\/strong><\/p>\n<p><strong>El Nacional 66:<\/strong> Nahuel Dulsan; Joaqu\u00edn Margiotta; Manuel Echarri; Juan Cruz Dauphin; Lucas Ru\u00edz <strong>(F.I.)<\/strong> Bruno Aceituno 6; Facundo Dulsan 6; Leonardo La Bella 5; Alejo Arias 1; Santiago Ferrari 4; Santiago Hamze 2. <strong>DT: <\/strong>Ramiro Riviere.<\/p>\n<p><strong>Independiente 73:<\/strong> Mart\u00edn Schmir 1; Maximiliano Zonza 16; Agust\u00edn Astradas 14; Juan Ignacio De P\u00e1stena 2; Alen R\u00edos 23 <strong>(<\/strong><strong>F.I.)\u00a0<\/strong>Juan Pablo Mor\u00e1n 6; Facundo Slonimsqui 9; Valent\u00edn Gemetro 2; Mat\u00edas Varela. <strong>DT:<\/strong> Javier Musumeci.<\/p>\n<p><strong>Parciales<\/strong>: 16-13; 32-31 (16-18); 51-46 (19-15); 66-27 (15-27).<\/p>\n<p><strong>\u00c1rbitros<\/strong>: Emanuel S\u00e1nchez &#8211; Sebasti\u00e1n Arcas &#8211; Joel Schernenco.<\/p>\n<p><strong>Estadio<\/strong>: Delfo y Pac\u00edfico Ciccioli (El Nacional).<\/p>\n<p><img decoding=\"async\" class=\"alignnone wp-image-118732 \" src=\"http:\/\/gentedebasquet.com.ar\/sitio\/wp-content\/uploads\/2025\/10\/vlcsnap-2025-10-23-11h52m08s524-300x169.png\" alt=\"\" width=\"636\" height=\"358\" srcset=\"https:\/\/gentedebasquet.com.ar\/sitio\/wp-content\/uploads\/2025\/10\/vlcsnap-2025-10-23-11h52m08s524-300x169.png 300w, https:\/\/gentedebasquet.com.ar\/sitio\/wp-content\/uploads\/2025\/10\/vlcsnap-2025-10-23-11h52m08s524-1024x576.png 1024w, https:\/\/gentedebasquet.com.ar\/sitio\/wp-content\/uploads\/2025\/10\/vlcsnap-2025-10-23-11h52m08s524-768x432.png 768w, https:\/\/gentedebasquet.com.ar\/sitio\/wp-content\/uploads\/2025\/10\/vlcsnap-2025-10-23-11h52m08s524-750x422.png 750w, https:\/\/gentedebasquet.com.ar\/sitio\/wp-content\/uploads\/2025\/10\/vlcsnap-2025-10-23-11h52m08s524-1140x641.png 1140w, https:\/\/gentedebasquet.com.ar\/sitio\/wp-content\/uploads\/2025\/10\/vlcsnap-2025-10-23-11h52m08s524.png 1280w\" sizes=\"(max-width: 636px) 100vw, 636px\" \/><\/p>\n<p>&nbsp;<\/p>\n","protected":false},"excerpt":{"rendered":"<p>Uno de los encuentros que form\u00f3 parte de la fecha 15 del actual torneo de Segunda fue el protagonizado por El Nacional e Independiente en el estadio Delfo y Pac\u00edfico Ciccioli del club celeste. Fue victoria del equipo visitante, que dio vuelta en los diez minutos finales una situaci\u00f3n que se le hab\u00eda complicado (El [&hellip;]<\/p>\n","protected":false},"author":70,"featured_media":118731,"comment_status":"closed","ping_status":"open","sticky":false,"template":"","format":"standard","meta":{"jnews-multi-image_gallery":[],"jnews_single_post":[],"jnews_primary_category":[],"footnotes":""},"categories":[25,101],"tags":[1560,9,12,1965],"class_list":["post-118665","post","type-post","status-publish","format-standard","has-post-thumbnail","hentry","category-segunda","category-slide","tag-alen-rios","tag-el-nacional","tag-independiente","tag-manuel-echarri"],"yoast_head":"<!-- This site is optimized with the Yoast SEO plugin v27.5 - https:\/\/yoast.com\/product\/yoast-seo-wordpress\/ -->\n<title>El Viola finaliz\u00f3 la etapa regular con un triunfo sobresaliente - Gente de B\u00e1squet<\/title>\n<meta name=\"robots\" content=\"index, follow, max-snippet:-1, max-image-preview:large, max-video-preview:-1\" \/>\n<link rel=\"canonical\" href=\"https:\/\/gentedebasquet.com.ar\/sitio\/2025\/10\/23\/el-viola-finalizo-la-etapa-regular-con-un-triunfo-sobresaliente\/\" \/>\n<meta property=\"og:locale\" content=\"es_ES\" \/>\n<meta property=\"og:type\" content=\"article\" \/>\n<meta property=\"og:title\" content=\"El Viola finaliz\u00f3 la etapa regular con un triunfo sobresaliente - Gente de B\u00e1squet\" \/>\n<meta property=\"og:description\" content=\"Uno de los encuentros que form\u00f3 parte de la fecha 15 del actual torneo de Segunda fue el protagonizado por El Nacional e Independiente en el estadio Delfo y Pac\u00edfico Ciccioli del club celeste. Fue victoria del equipo visitante, que dio vuelta en los diez minutos finales una situaci\u00f3n que se le hab\u00eda complicado (El [&hellip;]\" \/>\n<meta property=\"og:url\" content=\"https:\/\/gentedebasquet.com.ar\/sitio\/2025\/10\/23\/el-viola-finalizo-la-etapa-regular-con-un-triunfo-sobresaliente\/\" \/>\n<meta property=\"og:site_name\" content=\"Gente de B\u00e1squet\" \/>\n<meta property=\"article:published_time\" content=\"2025-10-23T14:59:30+00:00\" \/>\n<meta property=\"article:modified_time\" content=\"2025-10-23T15:41:32+00:00\" \/>\n<meta property=\"og:image\" content=\"https:\/\/gentedebasquet.com.ar\/sitio\/wp-content\/uploads\/2025\/10\/vlcsnap-2025-10-23-11h55m35s460.png\" \/>\n\t<meta property=\"og:image:width\" content=\"690\" \/>\n\t<meta property=\"og:image:height\" content=\"319\" \/>\n\t<meta property=\"og:image:type\" content=\"image\/png\" \/>\n<meta name=\"author\" content=\"Andres Camarero\" \/>\n<meta name=\"twitter:card\" content=\"summary_large_image\" \/>\n<meta name=\"twitter:label1\" content=\"Escrito por\" \/>\n\t<meta name=\"twitter:data1\" content=\"Andres Camarero\" \/>\n\t<meta name=\"twitter:label2\" content=\"Tiempo de lectura\" \/>\n\t<meta name=\"twitter:data2\" content=\"4 minutos\" \/>\n<script type=\"application\/ld+json\" class=\"yoast-schema-graph\">{\"@context\":\"https:\\\/\\\/schema.org\",\"@graph\":[{\"@type\":\"Article\",\"@id\":\"https:\\\/\\\/gentedebasquet.com.ar\\\/sitio\\\/2025\\\/10\\\/23\\\/el-viola-finalizo-la-etapa-regular-con-un-triunfo-sobresaliente\\\/#article\",\"isPartOf\":{\"@id\":\"https:\\\/\\\/gentedebasquet.com.ar\\\/sitio\\\/2025\\\/10\\\/23\\\/el-viola-finalizo-la-etapa-regular-con-un-triunfo-sobresaliente\\\/\"},\"author\":{\"name\":\"Andres Camarero\",\"@id\":\"http:\\\/\\\/gentedebasquet.com.ar\\\/sitio\\\/#\\\/schema\\\/person\\\/6f3e5bc5df127b420a445d22fc9eaa51\"},\"headline\":\"El Viola finaliz\u00f3 la etapa regular con un triunfo sobresaliente\",\"datePublished\":\"2025-10-23T14:59:30+00:00\",\"dateModified\":\"2025-10-23T15:41:32+00:00\",\"mainEntityOfPage\":{\"@id\":\"https:\\\/\\\/gentedebasquet.com.ar\\\/sitio\\\/2025\\\/10\\\/23\\\/el-viola-finalizo-la-etapa-regular-con-un-triunfo-sobresaliente\\\/\"},\"wordCount\":540,\"image\":{\"@id\":\"https:\\\/\\\/gentedebasquet.com.ar\\\/sitio\\\/2025\\\/10\\\/23\\\/el-viola-finalizo-la-etapa-regular-con-un-triunfo-sobresaliente\\\/#primaryimage\"},\"thumbnailUrl\":\"https:\\\/\\\/gentedebasquet.com.ar\\\/sitio\\\/wp-content\\\/uploads\\\/2025\\\/10\\\/vlcsnap-2025-10-23-11h55m35s460.png\",\"keywords\":[\"Alen R\u00edos\",\"El Nacional\",\"independiente\",\"Manuel Echarri\"],\"articleSection\":[\"Segunda\",\"Slide\"],\"inLanguage\":\"es\"},{\"@type\":\"WebPage\",\"@id\":\"https:\\\/\\\/gentedebasquet.com.ar\\\/sitio\\\/2025\\\/10\\\/23\\\/el-viola-finalizo-la-etapa-regular-con-un-triunfo-sobresaliente\\\/\",\"url\":\"https:\\\/\\\/gentedebasquet.com.ar\\\/sitio\\\/2025\\\/10\\\/23\\\/el-viola-finalizo-la-etapa-regular-con-un-triunfo-sobresaliente\\\/\",\"name\":\"El Viola finaliz\u00f3 la etapa regular con un triunfo sobresaliente - Gente de B\u00e1squet\",\"isPartOf\":{\"@id\":\"http:\\\/\\\/gentedebasquet.com.ar\\\/sitio\\\/#website\"},\"primaryImageOfPage\":{\"@id\":\"https:\\\/\\\/gentedebasquet.com.ar\\\/sitio\\\/2025\\\/10\\\/23\\\/el-viola-finalizo-la-etapa-regular-con-un-triunfo-sobresaliente\\\/#primaryimage\"},\"image\":{\"@id\":\"https:\\\/\\\/gentedebasquet.com.ar\\\/sitio\\\/2025\\\/10\\\/23\\\/el-viola-finalizo-la-etapa-regular-con-un-triunfo-sobresaliente\\\/#primaryimage\"},\"thumbnailUrl\":\"https:\\\/\\\/gentedebasquet.com.ar\\\/sitio\\\/wp-content\\\/uploads\\\/2025\\\/10\\\/vlcsnap-2025-10-23-11h55m35s460.png\",\"datePublished\":\"2025-10-23T14:59:30+00:00\",\"dateModified\":\"2025-10-23T15:41:32+00:00\",\"author\":{\"@id\":\"http:\\\/\\\/gentedebasquet.com.ar\\\/sitio\\\/#\\\/schema\\\/person\\\/6f3e5bc5df127b420a445d22fc9eaa51\"},\"breadcrumb\":{\"@id\":\"https:\\\/\\\/gentedebasquet.com.ar\\\/sitio\\\/2025\\\/10\\\/23\\\/el-viola-finalizo-la-etapa-regular-con-un-triunfo-sobresaliente\\\/#breadcrumb\"},\"inLanguage\":\"es\",\"potentialAction\":[{\"@type\":\"ReadAction\",\"target\":[\"https:\\\/\\\/gentedebasquet.com.ar\\\/sitio\\\/2025\\\/10\\\/23\\\/el-viola-finalizo-la-etapa-regular-con-un-triunfo-sobresaliente\\\/\"]}]},{\"@type\":\"ImageObject\",\"inLanguage\":\"es\",\"@id\":\"https:\\\/\\\/gentedebasquet.com.ar\\\/sitio\\\/2025\\\/10\\\/23\\\/el-viola-finalizo-la-etapa-regular-con-un-triunfo-sobresaliente\\\/#primaryimage\",\"url\":\"https:\\\/\\\/gentedebasquet.com.ar\\\/sitio\\\/wp-content\\\/uploads\\\/2025\\\/10\\\/vlcsnap-2025-10-23-11h55m35s460.png\",\"contentUrl\":\"https:\\\/\\\/gentedebasquet.com.ar\\\/sitio\\\/wp-content\\\/uploads\\\/2025\\\/10\\\/vlcsnap-2025-10-23-11h55m35s460.png\",\"width\":690,\"height\":319},{\"@type\":\"BreadcrumbList\",\"@id\":\"https:\\\/\\\/gentedebasquet.com.ar\\\/sitio\\\/2025\\\/10\\\/23\\\/el-viola-finalizo-la-etapa-regular-con-un-triunfo-sobresaliente\\\/#breadcrumb\",\"itemListElement\":[{\"@type\":\"ListItem\",\"position\":1,\"name\":\"Portada\",\"item\":\"http:\\\/\\\/gentedebasquet.com.ar\\\/sitio\\\/\"},{\"@type\":\"ListItem\",\"position\":2,\"name\":\"El Viola finaliz\u00f3 la etapa regular con un triunfo sobresaliente\"}]},{\"@type\":\"WebSite\",\"@id\":\"http:\\\/\\\/gentedebasquet.com.ar\\\/sitio\\\/#website\",\"url\":\"http:\\\/\\\/gentedebasquet.com.ar\\\/sitio\\\/\",\"name\":\"Gente de B\u00e1squet\",\"description\":\"La revista del basquet de Bah\u00eda Blanca\",\"potentialAction\":[{\"@type\":\"SearchAction\",\"target\":{\"@type\":\"EntryPoint\",\"urlTemplate\":\"http:\\\/\\\/gentedebasquet.com.ar\\\/sitio\\\/?s={search_term_string}\"},\"query-input\":{\"@type\":\"PropertyValueSpecification\",\"valueRequired\":true,\"valueName\":\"search_term_string\"}}],\"inLanguage\":\"es\"},{\"@type\":\"Person\",\"@id\":\"http:\\\/\\\/gentedebasquet.com.ar\\\/sitio\\\/#\\\/schema\\\/person\\\/6f3e5bc5df127b420a445d22fc9eaa51\",\"name\":\"Andres Camarero\",\"image\":{\"@type\":\"ImageObject\",\"inLanguage\":\"es\",\"@id\":\"https:\\\/\\\/secure.gravatar.com\\\/avatar\\\/f6d4884ec54a50c25ccd5e4f54f5e904d09dfe74ef58e58f631f3917b6fed7cd?s=96&d=mm&r=g\",\"url\":\"https:\\\/\\\/secure.gravatar.com\\\/avatar\\\/f6d4884ec54a50c25ccd5e4f54f5e904d09dfe74ef58e58f631f3917b6fed7cd?s=96&d=mm&r=g\",\"contentUrl\":\"https:\\\/\\\/secure.gravatar.com\\\/avatar\\\/f6d4884ec54a50c25ccd5e4f54f5e904d09dfe74ef58e58f631f3917b6fed7cd?s=96&d=mm&r=g\",\"caption\":\"Andres Camarero\"},\"url\":\"https:\\\/\\\/gentedebasquet.com.ar\\\/sitio\\\/author\\\/andres-camarero\\\/\"}]}<\/script>\n<!-- \/ Yoast SEO plugin. -->","yoast_head_json":{"title":"El Viola finaliz\u00f3 la etapa regular con un triunfo sobresaliente - Gente de B\u00e1squet","robots":{"index":"index","follow":"follow","max-snippet":"max-snippet:-1","max-image-preview":"max-image-preview:large","max-video-preview":"max-video-preview:-1"},"canonical":"https:\/\/gentedebasquet.com.ar\/sitio\/2025\/10\/23\/el-viola-finalizo-la-etapa-regular-con-un-triunfo-sobresaliente\/","og_locale":"es_ES","og_type":"article","og_title":"El Viola finaliz\u00f3 la etapa regular con un triunfo sobresaliente - Gente de B\u00e1squet","og_description":"Uno de los encuentros que form\u00f3 parte de la fecha 15 del actual torneo de Segunda fue el protagonizado por El Nacional e Independiente en el estadio Delfo y Pac\u00edfico Ciccioli del club celeste. Fue victoria del equipo visitante, que dio vuelta en los diez minutos finales una situaci\u00f3n que se le hab\u00eda complicado (El [&hellip;]","og_url":"https:\/\/gentedebasquet.com.ar\/sitio\/2025\/10\/23\/el-viola-finalizo-la-etapa-regular-con-un-triunfo-sobresaliente\/","og_site_name":"Gente de B\u00e1squet","article_published_time":"2025-10-23T14:59:30+00:00","article_modified_time":"2025-10-23T15:41:32+00:00","og_image":[{"width":690,"height":319,"url":"https:\/\/gentedebasquet.com.ar\/sitio\/wp-content\/uploads\/2025\/10\/vlcsnap-2025-10-23-11h55m35s460.png","type":"image\/png"}],"author":"Andres Camarero","twitter_card":"summary_large_image","twitter_misc":{"Escrito por":"Andres Camarero","Tiempo de lectura":"4 minutos"},"schema":{"@context":"https:\/\/schema.org","@graph":[{"@type":"Article","@id":"https:\/\/gentedebasquet.com.ar\/sitio\/2025\/10\/23\/el-viola-finalizo-la-etapa-regular-con-un-triunfo-sobresaliente\/#article","isPartOf":{"@id":"https:\/\/gentedebasquet.com.ar\/sitio\/2025\/10\/23\/el-viola-finalizo-la-etapa-regular-con-un-triunfo-sobresaliente\/"},"author":{"name":"Andres Camarero","@id":"http:\/\/gentedebasquet.com.ar\/sitio\/#\/schema\/person\/6f3e5bc5df127b420a445d22fc9eaa51"},"headline":"El Viola finaliz\u00f3 la etapa regular con un triunfo sobresaliente","datePublished":"2025-10-23T14:59:30+00:00","dateModified":"2025-10-23T15:41:32+00:00","mainEntityOfPage":{"@id":"https:\/\/gentedebasquet.com.ar\/sitio\/2025\/10\/23\/el-viola-finalizo-la-etapa-regular-con-un-triunfo-sobresaliente\/"},"wordCount":540,"image":{"@id":"https:\/\/gentedebasquet.com.ar\/sitio\/2025\/10\/23\/el-viola-finalizo-la-etapa-regular-con-un-triunfo-sobresaliente\/#primaryimage"},"thumbnailUrl":"https:\/\/gentedebasquet.com.ar\/sitio\/wp-content\/uploads\/2025\/10\/vlcsnap-2025-10-23-11h55m35s460.png","keywords":["Alen R\u00edos","El Nacional","independiente","Manuel Echarri"],"articleSection":["Segunda","Slide"],"inLanguage":"es"},{"@type":"WebPage","@id":"https:\/\/gentedebasquet.com.ar\/sitio\/2025\/10\/23\/el-viola-finalizo-la-etapa-regular-con-un-triunfo-sobresaliente\/","url":"https:\/\/gentedebasquet.com.ar\/sitio\/2025\/10\/23\/el-viola-finalizo-la-etapa-regular-con-un-triunfo-sobresaliente\/","name":"El Viola finaliz\u00f3 la etapa regular con un triunfo sobresaliente - Gente de B\u00e1squet","isPartOf":{"@id":"http:\/\/gentedebasquet.com.ar\/sitio\/#website"},"primaryImageOfPage":{"@id":"https:\/\/gentedebasquet.com.ar\/sitio\/2025\/10\/23\/el-viola-finalizo-la-etapa-regular-con-un-triunfo-sobresaliente\/#primaryimage"},"image":{"@id":"https:\/\/gentedebasquet.com.ar\/sitio\/2025\/10\/23\/el-viola-finalizo-la-etapa-regular-con-un-triunfo-sobresaliente\/#primaryimage"},"thumbnailUrl":"https:\/\/gentedebasquet.com.ar\/sitio\/wp-content\/uploads\/2025\/10\/vlcsnap-2025-10-23-11h55m35s460.png","datePublished":"2025-10-23T14:59:30+00:00","dateModified":"2025-10-23T15:41:32+00:00","author":{"@id":"http:\/\/gentedebasquet.com.ar\/sitio\/#\/schema\/person\/6f3e5bc5df127b420a445d22fc9eaa51"},"breadcrumb":{"@id":"https:\/\/gentedebasquet.com.ar\/sitio\/2025\/10\/23\/el-viola-finalizo-la-etapa-regular-con-un-triunfo-sobresaliente\/#breadcrumb"},"inLanguage":"es","potentialAction":[{"@type":"ReadAction","target":["https:\/\/gentedebasquet.com.ar\/sitio\/2025\/10\/23\/el-viola-finalizo-la-etapa-regular-con-un-triunfo-sobresaliente\/"]}]},{"@type":"ImageObject","inLanguage":"es","@id":"https:\/\/gentedebasquet.com.ar\/sitio\/2025\/10\/23\/el-viola-finalizo-la-etapa-regular-con-un-triunfo-sobresaliente\/#primaryimage","url":"https:\/\/gentedebasquet.com.ar\/sitio\/wp-content\/uploads\/2025\/10\/vlcsnap-2025-10-23-11h55m35s460.png","contentUrl":"https:\/\/gentedebasquet.com.ar\/sitio\/wp-content\/uploads\/2025\/10\/vlcsnap-2025-10-23-11h55m35s460.png","width":690,"height":319},{"@type":"BreadcrumbList","@id":"https:\/\/gentedebasquet.com.ar\/sitio\/2025\/10\/23\/el-viola-finalizo-la-etapa-regular-con-un-triunfo-sobresaliente\/#breadcrumb","itemListElement":[{"@type":"ListItem","position":1,"name":"Portada","item":"http:\/\/gentedebasquet.com.ar\/sitio\/"},{"@type":"ListItem","position":2,"name":"El Viola finaliz\u00f3 la etapa regular con un triunfo sobresaliente"}]},{"@type":"WebSite","@id":"http:\/\/gentedebasquet.com.ar\/sitio\/#website","url":"http:\/\/gentedebasquet.com.ar\/sitio\/","name":"Gente de B\u00e1squet","description":"La revista del basquet de Bah\u00eda Blanca","potentialAction":[{"@type":"SearchAction","target":{"@type":"EntryPoint","urlTemplate":"http:\/\/gentedebasquet.com.ar\/sitio\/?s={search_term_string}"},"query-input":{"@type":"PropertyValueSpecification","valueRequired":true,"valueName":"search_term_string"}}],"inLanguage":"es"},{"@type":"Person","@id":"http:\/\/gentedebasquet.com.ar\/sitio\/#\/schema\/person\/6f3e5bc5df127b420a445d22fc9eaa51","name":"Andres Camarero","image":{"@type":"ImageObject","inLanguage":"es","@id":"https:\/\/secure.gravatar.com\/avatar\/f6d4884ec54a50c25ccd5e4f54f5e904d09dfe74ef58e58f631f3917b6fed7cd?s=96&d=mm&r=g","url":"https:\/\/secure.gravatar.com\/avatar\/f6d4884ec54a50c25ccd5e4f54f5e904d09dfe74ef58e58f631f3917b6fed7cd?s=96&d=mm&r=g","contentUrl":"https:\/\/secure.gravatar.com\/avatar\/f6d4884ec54a50c25ccd5e4f54f5e904d09dfe74ef58e58f631f3917b6fed7cd?s=96&d=mm&r=g","caption":"Andres Camarero"},"url":"https:\/\/gentedebasquet.com.ar\/sitio\/author\/andres-camarero\/"}]}},"_links":{"self":[{"href":"https:\/\/gentedebasquet.com.ar\/sitio\/wp-json\/wp\/v2\/posts\/118665","targetHints":{"allow":["GET"]}}],"collection":[{"href":"https:\/\/gentedebasquet.com.ar\/sitio\/wp-json\/wp\/v2\/posts"}],"about":[{"href":"https:\/\/gentedebasquet.com.ar\/sitio\/wp-json\/wp\/v2\/types\/post"}],"author":[{"embeddable":true,"href":"https:\/\/gentedebasquet.com.ar\/sitio\/wp-json\/wp\/v2\/users\/70"}],"replies":[{"embeddable":true,"href":"https:\/\/gentedebasquet.com.ar\/sitio\/wp-json\/wp\/v2\/comments?post=118665"}],"version-history":[{"count":6,"href":"https:\/\/gentedebasquet.com.ar\/sitio\/wp-json\/wp\/v2\/posts\/118665\/revisions"}],"predecessor-version":[{"id":118735,"href":"https:\/\/gentedebasquet.com.ar\/sitio\/wp-json\/wp\/v2\/posts\/118665\/revisions\/118735"}],"wp:featuredmedia":[{"embeddable":true,"href":"https:\/\/gentedebasquet.com.ar\/sitio\/wp-json\/wp\/v2\/media\/118731"}],"wp:attachment":[{"href":"https:\/\/gentedebasquet.com.ar\/sitio\/wp-json\/wp\/v2\/media?parent=118665"}],"wp:term":[{"taxonomy":"category","embeddable":true,"href":"https:\/\/gentedebasquet.com.ar\/sitio\/wp-json\/wp\/v2\/categories?post=118665"},{"taxonomy":"post_tag","embeddable":true,"href":"https:\/\/gentedebasquet.com.ar\/sitio\/wp-json\/wp\/v2\/tags?post=118665"}],"curies":[{"name":"wp","href":"https:\/\/api.w.org\/{rel}","templated":true}]}}