{"id":118670,"date":"2025-10-22T21:39:33","date_gmt":"2025-10-22T19:39:33","guid":{"rendered":"https:\/\/gentedebasquet.com.ar\/sitio\/?p=118670"},"modified":"2025-10-29T20:15:37","modified_gmt":"2025-10-29T19:15:37","slug":"las-actuaciones-albicelestes-en-europa","status":"publish","type":"post","link":"https:\/\/gentedebasquet.com.ar\/sitio\/2025\/10\/22\/las-actuaciones-albicelestes-en-europa\/","title":{"rendered":"Las actuaciones albicelestes en Europa"},"content":{"rendered":"\n<p><strong>Tuvieron participaci\u00f3n los Argentinos por el mundo! Vamos a desarrollar como les fue a cada uno en la Liga ACB, Euroliga y Primera FEB!<\/strong><\/p>\n\n\n\n<p><strong><em>Estas fueron las actuaciones de los nacidos en nuestro pa\u00eds y lo que se le vendr\u00e1 en cada uno de sus fixtures:<\/em><\/strong><\/p>\n\n\n\n<p><strong><em>Comenzamos por Espa\u00f1a, donde est\u00e1n la mayor\u00eda de los representantes argentinos.<\/em><\/strong><\/p>\n\n\n\n<p>\u2022&nbsp;<strong>San Pablo Burgos (Gonzalo Corbalan):<\/strong><\/p>\n\n\n\n<figure class=\"wp-block-image size-large\"><img decoding=\"async\" width=\"1024\" height=\"682\" src=\"https:\/\/gentedebasquet.com.ar\/sitio\/wp-content\/uploads\/2025\/10\/img_6105.jpg\" alt=\"\" class=\"wp-image-118552\" srcset=\"https:\/\/gentedebasquet.com.ar\/sitio\/wp-content\/uploads\/2025\/10\/img_6105.jpg 1024w, https:\/\/gentedebasquet.com.ar\/sitio\/wp-content\/uploads\/2025\/10\/img_6105-300x200.jpg 300w, https:\/\/gentedebasquet.com.ar\/sitio\/wp-content\/uploads\/2025\/10\/img_6105-768x512.jpg 768w, https:\/\/gentedebasquet.com.ar\/sitio\/wp-content\/uploads\/2025\/10\/img_6105-750x500.jpg 750w\" sizes=\"(max-width: 1024px) 100vw, 1024px\" \/><\/figure>\n\n\n\n<p>El base, tuvo un aceptable encuentro en la derrota frente al Real Madrid por 90-80. <strong>Gonzalo aport\u00f3 6 puntos y 2 asistencias<\/strong>. Por la cuarta fecha de la ACB, el Burgos se enfrentar\u00e1 ante el Zaragoza.<\/p>\n\n\n\n<p>\u2022&nbsp;<strong>Real Madrid (Facu Campazzo \u2013 Gabriel Deck):<\/strong><\/p>\n\n\n\n<figure class=\"wp-block-image size-large\"><img decoding=\"async\" src=\"https:\/\/gentedebasquet.com.ar\/sitio\/wp-content\/uploads\/2025\/10\/negro-y-verde-gimnasio-reapertura-comercial-horizontal-po%CC%81ster-10-1024x512.png\" alt=\"\" class=\"wp-image-118553\" \/><\/figure>\n\n\n\n<p>El fin de semana disputaron la tercera jornada de la Liga Endesa, en la victoria ante el Burgos 90-80, <strong>Gabi Deck sum\u00f3 5 puntos y 2 rebotes, mientras que Facu Campazzo aport\u00f3 8 puntos y 4 asistencias<\/strong>. Por la Euroliga el merengue disput\u00f3 la quinta jornada, frente al Crvena Zvezda, con derrota 90-75, los albicelestes tuvieron estos n\u00fameros: Deck 2 puntos y 1 rebote; Campazzo 1 punto, 2 asistencias y 4 rebotes. <strong>El Madrid tendr\u00e1 la cuarta fecha ante Baxi Maresa por ACB y en Euroliga hoy ante Maccabi Tel Aviv<\/strong> <strong>correspondiente a la sexta jornada<\/strong>, en lo que fue derrota 92-91. Facu Campazzo cerr\u00f3 con 14 puntos (3\/5t3), 2 rebotes y 5 asistencias, por su parte Gabi Deck finaliz\u00f3 con 2 puntos, 3 rebotes y 2 asistencias.<\/p>\n\n\n\n<p>\u2022&nbsp;<strong>Barcelona (Juani Marcos):<\/strong><\/p>\n\n\n\n<figure class=\"wp-block-image size-large\"><img decoding=\"async\" width=\"754\" height=\"464\" src=\"https:\/\/gentedebasquet.com.ar\/sitio\/wp-content\/uploads\/2025\/10\/img_6464.png\" alt=\"\" class=\"wp-image-118578\" srcset=\"https:\/\/gentedebasquet.com.ar\/sitio\/wp-content\/uploads\/2025\/10\/img_6464.png 754w, https:\/\/gentedebasquet.com.ar\/sitio\/wp-content\/uploads\/2025\/10\/img_6464-300x185.png 300w, https:\/\/gentedebasquet.com.ar\/sitio\/wp-content\/uploads\/2025\/10\/img_6464-750x462.png 750w\" sizes=\"(max-width: 754px) 100vw, 754px\" \/><\/figure>\n\n\n\n<p>El base sum\u00f3 24 minutos en la victoria frente a Unicaja 77-83, en los que cerr\u00f3 con <strong>11 puntos (3\/5t3) y 3 asistencias<\/strong>. Por el certamen continental, <strong>aport\u00f3 6 unidades y 5 asistencias, en la derrota frente a Dubai Basketball 83-78<\/strong>. Al blaugrana se le viene el siguiente fixture: ma\u00f1ana frente a Zalgiris por Euroliga y el s\u00e1bado frente a Breogan por ACB.<strong> No est\u00e1 disponible Nico Laprovittola en el Bar\u00e7a (tres semanas afuera por una molestia muscular)<\/strong>.<\/p>\n\n\n\n<p><strong>\u2022 Nicolas Brussino (Gran Canaria):<\/strong><\/p>\n\n\n\n<figure class=\"wp-block-image size-large\"><img decoding=\"async\" width=\"754\" height=\"464\" src=\"https:\/\/gentedebasquet.com.ar\/sitio\/wp-content\/uploads\/2025\/10\/img_6454.png\" alt=\"\" class=\"wp-image-118555\" srcset=\"https:\/\/gentedebasquet.com.ar\/sitio\/wp-content\/uploads\/2025\/10\/img_6454.png 754w, https:\/\/gentedebasquet.com.ar\/sitio\/wp-content\/uploads\/2025\/10\/img_6454-300x185.png 300w, https:\/\/gentedebasquet.com.ar\/sitio\/wp-content\/uploads\/2025\/10\/img_6454-750x462.png 750w\" sizes=\"(max-width: 754px) 100vw, 754px\" \/><\/figure>\n\n\n\n<p>Nico aport\u00f3 <strong>15 puntos (4\/4t2 &#8211; 2\/4t3)<\/strong>, en la victoria frente al Baxi Manresa 80-87. Por la cuarta jornada, <strong>el domingo el Gran Canaria visitar\u00e1 al Basquet Girona.<\/strong><\/p>\n\n\n\n<p>\u2022 <strong>Basquet Girona (Jos\u00e9 Vildoza &#8211; Juan Fern\u00e1ndez):<\/strong><\/p>\n\n\n\n<figure class=\"wp-block-image size-large\"><img decoding=\"async\" width=\"1024\" height=\"512\" src=\"https:\/\/gentedebasquet.com.ar\/sitio\/wp-content\/uploads\/2025\/10\/negro-y-verde-gimnasio-reapertura-comercial-horizontal-po\u0301ster-11-1024x512.png\" alt=\"\" class=\"wp-image-118669\" srcset=\"https:\/\/gentedebasquet.com.ar\/sitio\/wp-content\/uploads\/2025\/10\/negro-y-verde-gimnasio-reapertura-comercial-horizontal-po\u0301ster-11-1024x512.png 1024w, https:\/\/gentedebasquet.com.ar\/sitio\/wp-content\/uploads\/2025\/10\/negro-y-verde-gimnasio-reapertura-comercial-horizontal-po\u0301ster-11-300x150.png 300w, https:\/\/gentedebasquet.com.ar\/sitio\/wp-content\/uploads\/2025\/10\/negro-y-verde-gimnasio-reapertura-comercial-horizontal-po\u0301ster-11-768x384.png 768w, https:\/\/gentedebasquet.com.ar\/sitio\/wp-content\/uploads\/2025\/10\/negro-y-verde-gimnasio-reapertura-comercial-horizontal-po\u0301ster-11-1536x768.png 1536w, https:\/\/gentedebasquet.com.ar\/sitio\/wp-content\/uploads\/2025\/10\/negro-y-verde-gimnasio-reapertura-comercial-horizontal-po\u0301ster-11-360x180.png 360w, https:\/\/gentedebasquet.com.ar\/sitio\/wp-content\/uploads\/2025\/10\/negro-y-verde-gimnasio-reapertura-comercial-horizontal-po\u0301ster-11-750x375.png 750w, https:\/\/gentedebasquet.com.ar\/sitio\/wp-content\/uploads\/2025\/10\/negro-y-verde-gimnasio-reapertura-comercial-horizontal-po\u0301ster-11-1140x570.png 1140w, https:\/\/gentedebasquet.com.ar\/sitio\/wp-content\/uploads\/2025\/10\/negro-y-verde-gimnasio-reapertura-comercial-horizontal-po\u0301ster-11.png 2000w\" sizes=\"(max-width: 1024px) 100vw, 1024px\" \/><\/figure>\n\n\n\n<p>Por ACB, el Girona de los argentinos, vieron minutos en lo que fue <strong>derrota frente a Andorra 115-113, \u201cPepe\u201d sum\u00f3 13 unidades y 4 asistencias. Juan Fernandez aport\u00f3 10 puntos y 6 cristales<\/strong>. Al conjunto girones se le viene el Gran Canaria el pr\u00f3ximo domingo. <strong>No est\u00e1 jugando M\u00e1ximo Fjellerup.<\/strong><\/p>\n\n\n\n<figure class=\"wp-block-image size-large\"><img decoding=\"async\" width=\"1024\" height=\"1024\" src=\"https:\/\/gentedebasquet.com.ar\/sitio\/wp-content\/uploads\/2025\/10\/84d061a9-6200-43a4-84c0-5b5f199ce0dd-1-1024x1024.jpg\" alt=\"\" class=\"wp-image-118551\" srcset=\"https:\/\/gentedebasquet.com.ar\/sitio\/wp-content\/uploads\/2025\/10\/84d061a9-6200-43a4-84c0-5b5f199ce0dd-1-1024x1024.jpg 1024w, https:\/\/gentedebasquet.com.ar\/sitio\/wp-content\/uploads\/2025\/10\/84d061a9-6200-43a4-84c0-5b5f199ce0dd-1-300x300.jpg 300w, https:\/\/gentedebasquet.com.ar\/sitio\/wp-content\/uploads\/2025\/10\/84d061a9-6200-43a4-84c0-5b5f199ce0dd-1-150x150.jpg 150w, https:\/\/gentedebasquet.com.ar\/sitio\/wp-content\/uploads\/2025\/10\/84d061a9-6200-43a4-84c0-5b5f199ce0dd-1-768x768.jpg 768w, https:\/\/gentedebasquet.com.ar\/sitio\/wp-content\/uploads\/2025\/10\/84d061a9-6200-43a4-84c0-5b5f199ce0dd-1-75x75.jpg 75w, https:\/\/gentedebasquet.com.ar\/sitio\/wp-content\/uploads\/2025\/10\/84d061a9-6200-43a4-84c0-5b5f199ce0dd-1-350x350.jpg 350w, https:\/\/gentedebasquet.com.ar\/sitio\/wp-content\/uploads\/2025\/10\/84d061a9-6200-43a4-84c0-5b5f199ce0dd-1-750x750.jpg 750w, https:\/\/gentedebasquet.com.ar\/sitio\/wp-content\/uploads\/2025\/10\/84d061a9-6200-43a4-84c0-5b5f199ce0dd-1-1140x1140.jpg 1140w, https:\/\/gentedebasquet.com.ar\/sitio\/wp-content\/uploads\/2025\/10\/84d061a9-6200-43a4-84c0-5b5f199ce0dd-1.jpg 1280w\" sizes=\"(max-width: 1024px) 100vw, 1024px\" \/><\/figure>\n\n\n\n<p><strong>Seguimos por la Primera Feb (ex LEB Oro; segunda categor\u00eda de Espa\u00f1a), donde vieron acci\u00f3n los siguientes argentinos:<\/strong><\/p>\n\n\n\n<p>\u2022&nbsp;<strong>Patricio Garino \u2013 Lucas Giovanetti (Movistar Estudiantes):<\/strong><\/p>\n\n\n\n<figure class=\"wp-block-image size-large\"><img decoding=\"async\" src=\"https:\/\/gentedebasquet.com.ar\/sitio\/wp-content\/uploads\/2025\/10\/negro-y-verde-gimnasio-reapertura-comercial-horizontal-po%CC%81ster-1-2-1024x512.png\" alt=\"\" class=\"wp-image-118556\" \/><\/figure>\n\n\n\n<p>\u201cPato\u201d cerr\u00f3 su planilla con <strong>12 puntos y 4 rebotes, Lucas Giovanetti, aport\u00f3 2 puntos y Juan Pablo Vaulet, culmin\u00f3 con 6 unidades y 3 rebotes en la victoria de Estu 88-82 frente al Alicante<\/strong>. A Estudiantes se le viene Obradoiro por la 5ta jornada del torneo, el domingo.<\/p>\n\n\n\n<p><strong>\u2022&nbsp;Bautista Lugarini (Cantabria):<\/strong><\/p>\n\n\n\n<figure class=\"wp-block-image size-large\"><img decoding=\"async\" width=\"1024\" height=\"682\" src=\"https:\/\/gentedebasquet.com.ar\/sitio\/wp-content\/uploads\/2025\/10\/img_6447-1024x682.jpg\" alt=\"\" class=\"wp-image-118557\" srcset=\"https:\/\/gentedebasquet.com.ar\/sitio\/wp-content\/uploads\/2025\/10\/img_6447-1024x682.jpg 1024w, https:\/\/gentedebasquet.com.ar\/sitio\/wp-content\/uploads\/2025\/10\/img_6447-300x200.jpg 300w, https:\/\/gentedebasquet.com.ar\/sitio\/wp-content\/uploads\/2025\/10\/img_6447-768x512.jpg 768w, https:\/\/gentedebasquet.com.ar\/sitio\/wp-content\/uploads\/2025\/10\/img_6447-1536x1024.jpg 1536w, https:\/\/gentedebasquet.com.ar\/sitio\/wp-content\/uploads\/2025\/10\/img_6447-750x500.jpg 750w, https:\/\/gentedebasquet.com.ar\/sitio\/wp-content\/uploads\/2025\/10\/img_6447-1140x760.jpg 1140w, https:\/\/gentedebasquet.com.ar\/sitio\/wp-content\/uploads\/2025\/10\/img_6447.jpg 2000w\" sizes=\"(max-width: 1024px) 100vw, 1024px\" \/><\/figure>\n\n\n\n<p>El ex Instituto, Bah\u00eda Basket, entre otros, est\u00e1 teniendo su primera experiencia fuera de Argentina. <strong>Bautista, culmin\u00f3 con 18 puntos y 4 rebotes en la derrota 90-75 frente a Fuenlabrada<\/strong>. El s\u00e1bado jugar\u00e1 ante Ourense.<\/p>\n\n\n\n<figure class=\"wp-block-image size-large\"><img decoding=\"async\" width=\"1024\" height=\"1024\" src=\"https:\/\/gentedebasquet.com.ar\/sitio\/wp-content\/uploads\/2025\/10\/84d061a9-6200-43a4-84c0-5b5f199ce0dd-2-1024x1024.jpg\" alt=\"\" class=\"wp-image-118558\" srcset=\"https:\/\/gentedebasquet.com.ar\/sitio\/wp-content\/uploads\/2025\/10\/84d061a9-6200-43a4-84c0-5b5f199ce0dd-2-1024x1024.jpg 1024w, https:\/\/gentedebasquet.com.ar\/sitio\/wp-content\/uploads\/2025\/10\/84d061a9-6200-43a4-84c0-5b5f199ce0dd-2-300x300.jpg 300w, https:\/\/gentedebasquet.com.ar\/sitio\/wp-content\/uploads\/2025\/10\/84d061a9-6200-43a4-84c0-5b5f199ce0dd-2-150x150.jpg 150w, https:\/\/gentedebasquet.com.ar\/sitio\/wp-content\/uploads\/2025\/10\/84d061a9-6200-43a4-84c0-5b5f199ce0dd-2-768x768.jpg 768w, https:\/\/gentedebasquet.com.ar\/sitio\/wp-content\/uploads\/2025\/10\/84d061a9-6200-43a4-84c0-5b5f199ce0dd-2-75x75.jpg 75w, https:\/\/gentedebasquet.com.ar\/sitio\/wp-content\/uploads\/2025\/10\/84d061a9-6200-43a4-84c0-5b5f199ce0dd-2-350x350.jpg 350w, https:\/\/gentedebasquet.com.ar\/sitio\/wp-content\/uploads\/2025\/10\/84d061a9-6200-43a4-84c0-5b5f199ce0dd-2-750x750.jpg 750w, https:\/\/gentedebasquet.com.ar\/sitio\/wp-content\/uploads\/2025\/10\/84d061a9-6200-43a4-84c0-5b5f199ce0dd-2-1140x1140.jpg 1140w, https:\/\/gentedebasquet.com.ar\/sitio\/wp-content\/uploads\/2025\/10\/84d061a9-6200-43a4-84c0-5b5f199ce0dd-2.jpg 1280w\" sizes=\"(max-width: 1024px) 100vw, 1024px\" \/><\/figure>\n\n\n\n<p><strong>Cerramos en Europa, donde repasamos los que dej\u00f3 y lo que viene a los que est\u00e1n en Italia por Euroliga:<\/strong><\/p>\n\n\n\n<p><strong>\u2022 Leandro Bolmaro (Olimpia Milano):<\/strong><\/p>\n\n\n\n<figure class=\"wp-block-image size-large\"><img decoding=\"async\" width=\"950\" height=\"500\" src=\"https:\/\/gentedebasquet.com.ar\/sitio\/wp-content\/uploads\/2025\/10\/9644486a-2825-4454-a736-4e39ef26b1fe-1.jpg\" alt=\"\" class=\"wp-image-118559\" srcset=\"https:\/\/gentedebasquet.com.ar\/sitio\/wp-content\/uploads\/2025\/10\/9644486a-2825-4454-a736-4e39ef26b1fe-1.jpg 950w, https:\/\/gentedebasquet.com.ar\/sitio\/wp-content\/uploads\/2025\/10\/9644486a-2825-4454-a736-4e39ef26b1fe-1-300x158.jpg 300w, https:\/\/gentedebasquet.com.ar\/sitio\/wp-content\/uploads\/2025\/10\/9644486a-2825-4454-a736-4e39ef26b1fe-1-768x404.jpg 768w, https:\/\/gentedebasquet.com.ar\/sitio\/wp-content\/uploads\/2025\/10\/9644486a-2825-4454-a736-4e39ef26b1fe-1-750x395.jpg 750w\" sizes=\"(max-width: 950px) 100vw, 950px\" \/><\/figure>\n\n\n\n<p><strong>El 10 del equipo italiano, jug\u00f3 el jueves ante Zalgiris, en el que sum\u00f3 10 puntos (2\/2t3), 4 asistencias y 7 rebotes, incluido +11 de valoraci\u00f3n, fue triunfo del Olimpia Milano 78-89<\/strong>. El Milano disputar\u00e1 la sexta jornada frente al Valencia, correspondiente a la Euroliga.<\/p>\n\n\n\n<p>\u2022&nbsp;<strong>Luca Vildoza (Virtus Bologna):<\/strong><\/p>\n\n\n\n<figure class=\"wp-block-image size-large\"><img decoding=\"async\" width=\"1024\" height=\"682\" src=\"https:\/\/gentedebasquet.com.ar\/sitio\/wp-content\/uploads\/2025\/10\/img_6451-1024x682.jpg\" alt=\"\" class=\"wp-image-118560\" srcset=\"https:\/\/gentedebasquet.com.ar\/sitio\/wp-content\/uploads\/2025\/10\/img_6451-1024x682.jpg 1024w, https:\/\/gentedebasquet.com.ar\/sitio\/wp-content\/uploads\/2025\/10\/img_6451-300x200.jpg 300w, https:\/\/gentedebasquet.com.ar\/sitio\/wp-content\/uploads\/2025\/10\/img_6451-768x512.jpg 768w, https:\/\/gentedebasquet.com.ar\/sitio\/wp-content\/uploads\/2025\/10\/img_6451-1536x1024.jpg 1536w, https:\/\/gentedebasquet.com.ar\/sitio\/wp-content\/uploads\/2025\/10\/img_6451-750x500.jpg 750w, https:\/\/gentedebasquet.com.ar\/sitio\/wp-content\/uploads\/2025\/10\/img_6451-1140x760.jpg 1140w, https:\/\/gentedebasquet.com.ar\/sitio\/wp-content\/uploads\/2025\/10\/img_6451.jpg 2000w\" sizes=\"(max-width: 1024px) 100vw, 1024px\" \/><\/figure>\n\n\n\n<p><strong>Luca culmin\u00f3 con 2 puntos y 7 asistencias, en la victoria del viernes frente al Lyon-Villeurbanne 83-90<\/strong>. Al Virtus, el fixture lo medir\u00e1 frente al Panathinaikos el viernes por Euroliga.<\/p>\n","protected":false},"excerpt":{"rendered":"<p>Tuvieron participaci\u00f3n los Argentinos por el mundo! Vamos a desarrollar como les fue a cada uno en la Liga ACB, Euroliga y Primera FEB! Estas fueron las actuaciones de los nacidos en nuestro pa\u00eds y lo que se le vendr\u00e1 en cada uno de sus fixtures: Comenzamos por Espa\u00f1a, donde est\u00e1n la mayor\u00eda de los [&hellip;]<\/p>\n","protected":false},"author":82,"featured_media":118668,"comment_status":"closed","ping_status":"open","sticky":false,"template":"","format":"standard","meta":{"jnews-multi-image_gallery":[],"jnews_single_post":[],"jnews_primary_category":[],"footnotes":""},"categories":[24,101],"tags":[1555,763,1839,1200,1557,180,1336,1337],"class_list":["post-118670","post","type-post","status-publish","format-standard","has-post-thumbnail","hentry","category-overtime","category-slide","tag-bautista-lugarini","tag-facundo-campazzo","tag-gabriel-deck","tag-juan-ignacio-marcos","tag-leandro-bolmaro","tag-maximo-fjellerup","tag-nicolas-brussino","tag-patricio-garino"],"yoast_head":"<!-- This site is optimized with the Yoast SEO plugin v27.5 - https:\/\/yoast.com\/product\/yoast-seo-wordpress\/ -->\n<title>Las actuaciones albicelestes en Europa - Gente de B\u00e1squet<\/title>\n<meta name=\"robots\" content=\"index, follow, max-snippet:-1, max-image-preview:large, max-video-preview:-1\" \/>\n<link rel=\"canonical\" href=\"https:\/\/gentedebasquet.com.ar\/sitio\/2025\/10\/22\/las-actuaciones-albicelestes-en-europa\/\" \/>\n<meta property=\"og:locale\" content=\"es_ES\" \/>\n<meta property=\"og:type\" content=\"article\" \/>\n<meta property=\"og:title\" content=\"Las actuaciones albicelestes en Europa - Gente de B\u00e1squet\" \/>\n<meta property=\"og:description\" content=\"Tuvieron participaci\u00f3n los Argentinos por el mundo! Vamos a desarrollar como les fue a cada uno en la Liga ACB, Euroliga y Primera FEB! Estas fueron las actuaciones de los nacidos en nuestro pa\u00eds y lo que se le vendr\u00e1 en cada uno de sus fixtures: Comenzamos por Espa\u00f1a, donde est\u00e1n la mayor\u00eda de los [&hellip;]\" \/>\n<meta property=\"og:url\" content=\"https:\/\/gentedebasquet.com.ar\/sitio\/2025\/10\/22\/las-actuaciones-albicelestes-en-europa\/\" \/>\n<meta property=\"og:site_name\" content=\"Gente de B\u00e1squet\" \/>\n<meta property=\"article:published_time\" content=\"2025-10-22T19:39:33+00:00\" \/>\n<meta property=\"article:modified_time\" content=\"2025-10-29T19:15:37+00:00\" \/>\n<meta property=\"og:image\" content=\"https:\/\/gentedebasquet.com.ar\/sitio\/wp-content\/uploads\/2025\/10\/img_6731.png\" \/>\n\t<meta property=\"og:image:width\" content=\"754\" \/>\n\t<meta property=\"og:image:height\" content=\"464\" \/>\n\t<meta property=\"og:image:type\" content=\"image\/png\" \/>\n<meta name=\"author\" content=\"Manuel Lacerenza\" \/>\n<meta name=\"twitter:card\" content=\"summary_large_image\" \/>\n<meta name=\"twitter:label1\" content=\"Escrito por\" \/>\n\t<meta name=\"twitter:data1\" content=\"Manuel Lacerenza\" \/>\n\t<meta name=\"twitter:label2\" content=\"Tiempo de lectura\" \/>\n\t<meta name=\"twitter:data2\" content=\"3 minutos\" \/>\n<script type=\"application\/ld+json\" class=\"yoast-schema-graph\">{\"@context\":\"https:\\\/\\\/schema.org\",\"@graph\":[{\"@type\":\"Article\",\"@id\":\"https:\\\/\\\/gentedebasquet.com.ar\\\/sitio\\\/2025\\\/10\\\/22\\\/las-actuaciones-albicelestes-en-europa\\\/#article\",\"isPartOf\":{\"@id\":\"https:\\\/\\\/gentedebasquet.com.ar\\\/sitio\\\/2025\\\/10\\\/22\\\/las-actuaciones-albicelestes-en-europa\\\/\"},\"author\":{\"name\":\"Manuel Lacerenza\",\"@id\":\"http:\\\/\\\/gentedebasquet.com.ar\\\/sitio\\\/#\\\/schema\\\/person\\\/643357fb6a37b5549c9cfe9f339c9f1b\"},\"headline\":\"Las actuaciones albicelestes en Europa\",\"datePublished\":\"2025-10-22T19:39:33+00:00\",\"dateModified\":\"2025-10-29T19:15:37+00:00\",\"mainEntityOfPage\":{\"@id\":\"https:\\\/\\\/gentedebasquet.com.ar\\\/sitio\\\/2025\\\/10\\\/22\\\/las-actuaciones-albicelestes-en-europa\\\/\"},\"wordCount\":605,\"image\":{\"@id\":\"https:\\\/\\\/gentedebasquet.com.ar\\\/sitio\\\/2025\\\/10\\\/22\\\/las-actuaciones-albicelestes-en-europa\\\/#primaryimage\"},\"thumbnailUrl\":\"https:\\\/\\\/gentedebasquet.com.ar\\\/sitio\\\/wp-content\\\/uploads\\\/2025\\\/10\\\/img_6731.png\",\"keywords\":[\"Bautista Lugarini\",\"Facundo Campazzo\",\"Gabriel Deck\",\"Juan Ignacio Marcos\",\"Leandro Bolmaro\",\"M\u00e1ximo Fjellerup\",\"Nicol\u00e1s Brussino\",\"Patricio Garino\"],\"articleSection\":[\"#Overtime\",\"Slide\"],\"inLanguage\":\"es\"},{\"@type\":\"WebPage\",\"@id\":\"https:\\\/\\\/gentedebasquet.com.ar\\\/sitio\\\/2025\\\/10\\\/22\\\/las-actuaciones-albicelestes-en-europa\\\/\",\"url\":\"https:\\\/\\\/gentedebasquet.com.ar\\\/sitio\\\/2025\\\/10\\\/22\\\/las-actuaciones-albicelestes-en-europa\\\/\",\"name\":\"Las actuaciones albicelestes en Europa - Gente de B\u00e1squet\",\"isPartOf\":{\"@id\":\"http:\\\/\\\/gentedebasquet.com.ar\\\/sitio\\\/#website\"},\"primaryImageOfPage\":{\"@id\":\"https:\\\/\\\/gentedebasquet.com.ar\\\/sitio\\\/2025\\\/10\\\/22\\\/las-actuaciones-albicelestes-en-europa\\\/#primaryimage\"},\"image\":{\"@id\":\"https:\\\/\\\/gentedebasquet.com.ar\\\/sitio\\\/2025\\\/10\\\/22\\\/las-actuaciones-albicelestes-en-europa\\\/#primaryimage\"},\"thumbnailUrl\":\"https:\\\/\\\/gentedebasquet.com.ar\\\/sitio\\\/wp-content\\\/uploads\\\/2025\\\/10\\\/img_6731.png\",\"datePublished\":\"2025-10-22T19:39:33+00:00\",\"dateModified\":\"2025-10-29T19:15:37+00:00\",\"author\":{\"@id\":\"http:\\\/\\\/gentedebasquet.com.ar\\\/sitio\\\/#\\\/schema\\\/person\\\/643357fb6a37b5549c9cfe9f339c9f1b\"},\"breadcrumb\":{\"@id\":\"https:\\\/\\\/gentedebasquet.com.ar\\\/sitio\\\/2025\\\/10\\\/22\\\/las-actuaciones-albicelestes-en-europa\\\/#breadcrumb\"},\"inLanguage\":\"es\",\"potentialAction\":[{\"@type\":\"ReadAction\",\"target\":[\"https:\\\/\\\/gentedebasquet.com.ar\\\/sitio\\\/2025\\\/10\\\/22\\\/las-actuaciones-albicelestes-en-europa\\\/\"]}]},{\"@type\":\"ImageObject\",\"inLanguage\":\"es\",\"@id\":\"https:\\\/\\\/gentedebasquet.com.ar\\\/sitio\\\/2025\\\/10\\\/22\\\/las-actuaciones-albicelestes-en-europa\\\/#primaryimage\",\"url\":\"https:\\\/\\\/gentedebasquet.com.ar\\\/sitio\\\/wp-content\\\/uploads\\\/2025\\\/10\\\/img_6731.png\",\"contentUrl\":\"https:\\\/\\\/gentedebasquet.com.ar\\\/sitio\\\/wp-content\\\/uploads\\\/2025\\\/10\\\/img_6731.png\",\"width\":754,\"height\":464},{\"@type\":\"BreadcrumbList\",\"@id\":\"https:\\\/\\\/gentedebasquet.com.ar\\\/sitio\\\/2025\\\/10\\\/22\\\/las-actuaciones-albicelestes-en-europa\\\/#breadcrumb\",\"itemListElement\":[{\"@type\":\"ListItem\",\"position\":1,\"name\":\"Portada\",\"item\":\"http:\\\/\\\/gentedebasquet.com.ar\\\/sitio\\\/\"},{\"@type\":\"ListItem\",\"position\":2,\"name\":\"Las actuaciones albicelestes en Europa\"}]},{\"@type\":\"WebSite\",\"@id\":\"http:\\\/\\\/gentedebasquet.com.ar\\\/sitio\\\/#website\",\"url\":\"http:\\\/\\\/gentedebasquet.com.ar\\\/sitio\\\/\",\"name\":\"Gente de B\u00e1squet\",\"description\":\"La revista del basquet de Bah\u00eda Blanca\",\"potentialAction\":[{\"@type\":\"SearchAction\",\"target\":{\"@type\":\"EntryPoint\",\"urlTemplate\":\"http:\\\/\\\/gentedebasquet.com.ar\\\/sitio\\\/?s={search_term_string}\"},\"query-input\":{\"@type\":\"PropertyValueSpecification\",\"valueRequired\":true,\"valueName\":\"search_term_string\"}}],\"inLanguage\":\"es\"},{\"@type\":\"Person\",\"@id\":\"http:\\\/\\\/gentedebasquet.com.ar\\\/sitio\\\/#\\\/schema\\\/person\\\/643357fb6a37b5549c9cfe9f339c9f1b\",\"name\":\"Manuel Lacerenza\",\"image\":{\"@type\":\"ImageObject\",\"inLanguage\":\"es\",\"@id\":\"https:\\\/\\\/secure.gravatar.com\\\/avatar\\\/6a427d587bd181ca8afd828e8cf364f233c5cbe5b8a1332b92ea42687ad97845?s=96&d=mm&r=g\",\"url\":\"https:\\\/\\\/secure.gravatar.com\\\/avatar\\\/6a427d587bd181ca8afd828e8cf364f233c5cbe5b8a1332b92ea42687ad97845?s=96&d=mm&r=g\",\"contentUrl\":\"https:\\\/\\\/secure.gravatar.com\\\/avatar\\\/6a427d587bd181ca8afd828e8cf364f233c5cbe5b8a1332b92ea42687ad97845?s=96&d=mm&r=g\",\"caption\":\"Manuel Lacerenza\"},\"url\":\"https:\\\/\\\/gentedebasquet.com.ar\\\/sitio\\\/author\\\/manuel\\\/\"}]}<\/script>\n<!-- \/ Yoast SEO plugin. -->","yoast_head_json":{"title":"Las actuaciones albicelestes en Europa - Gente de B\u00e1squet","robots":{"index":"index","follow":"follow","max-snippet":"max-snippet:-1","max-image-preview":"max-image-preview:large","max-video-preview":"max-video-preview:-1"},"canonical":"https:\/\/gentedebasquet.com.ar\/sitio\/2025\/10\/22\/las-actuaciones-albicelestes-en-europa\/","og_locale":"es_ES","og_type":"article","og_title":"Las actuaciones albicelestes en Europa - Gente de B\u00e1squet","og_description":"Tuvieron participaci\u00f3n los Argentinos por el mundo! Vamos a desarrollar como les fue a cada uno en la Liga ACB, Euroliga y Primera FEB! Estas fueron las actuaciones de los nacidos en nuestro pa\u00eds y lo que se le vendr\u00e1 en cada uno de sus fixtures: Comenzamos por Espa\u00f1a, donde est\u00e1n la mayor\u00eda de los [&hellip;]","og_url":"https:\/\/gentedebasquet.com.ar\/sitio\/2025\/10\/22\/las-actuaciones-albicelestes-en-europa\/","og_site_name":"Gente de B\u00e1squet","article_published_time":"2025-10-22T19:39:33+00:00","article_modified_time":"2025-10-29T19:15:37+00:00","og_image":[{"width":754,"height":464,"url":"https:\/\/gentedebasquet.com.ar\/sitio\/wp-content\/uploads\/2025\/10\/img_6731.png","type":"image\/png"}],"author":"Manuel Lacerenza","twitter_card":"summary_large_image","twitter_misc":{"Escrito por":"Manuel Lacerenza","Tiempo de lectura":"3 minutos"},"schema":{"@context":"https:\/\/schema.org","@graph":[{"@type":"Article","@id":"https:\/\/gentedebasquet.com.ar\/sitio\/2025\/10\/22\/las-actuaciones-albicelestes-en-europa\/#article","isPartOf":{"@id":"https:\/\/gentedebasquet.com.ar\/sitio\/2025\/10\/22\/las-actuaciones-albicelestes-en-europa\/"},"author":{"name":"Manuel Lacerenza","@id":"http:\/\/gentedebasquet.com.ar\/sitio\/#\/schema\/person\/643357fb6a37b5549c9cfe9f339c9f1b"},"headline":"Las actuaciones albicelestes en Europa","datePublished":"2025-10-22T19:39:33+00:00","dateModified":"2025-10-29T19:15:37+00:00","mainEntityOfPage":{"@id":"https:\/\/gentedebasquet.com.ar\/sitio\/2025\/10\/22\/las-actuaciones-albicelestes-en-europa\/"},"wordCount":605,"image":{"@id":"https:\/\/gentedebasquet.com.ar\/sitio\/2025\/10\/22\/las-actuaciones-albicelestes-en-europa\/#primaryimage"},"thumbnailUrl":"https:\/\/gentedebasquet.com.ar\/sitio\/wp-content\/uploads\/2025\/10\/img_6731.png","keywords":["Bautista Lugarini","Facundo Campazzo","Gabriel Deck","Juan Ignacio Marcos","Leandro Bolmaro","M\u00e1ximo Fjellerup","Nicol\u00e1s Brussino","Patricio Garino"],"articleSection":["#Overtime","Slide"],"inLanguage":"es"},{"@type":"WebPage","@id":"https:\/\/gentedebasquet.com.ar\/sitio\/2025\/10\/22\/las-actuaciones-albicelestes-en-europa\/","url":"https:\/\/gentedebasquet.com.ar\/sitio\/2025\/10\/22\/las-actuaciones-albicelestes-en-europa\/","name":"Las actuaciones albicelestes en Europa - Gente de B\u00e1squet","isPartOf":{"@id":"http:\/\/gentedebasquet.com.ar\/sitio\/#website"},"primaryImageOfPage":{"@id":"https:\/\/gentedebasquet.com.ar\/sitio\/2025\/10\/22\/las-actuaciones-albicelestes-en-europa\/#primaryimage"},"image":{"@id":"https:\/\/gentedebasquet.com.ar\/sitio\/2025\/10\/22\/las-actuaciones-albicelestes-en-europa\/#primaryimage"},"thumbnailUrl":"https:\/\/gentedebasquet.com.ar\/sitio\/wp-content\/uploads\/2025\/10\/img_6731.png","datePublished":"2025-10-22T19:39:33+00:00","dateModified":"2025-10-29T19:15:37+00:00","author":{"@id":"http:\/\/gentedebasquet.com.ar\/sitio\/#\/schema\/person\/643357fb6a37b5549c9cfe9f339c9f1b"},"breadcrumb":{"@id":"https:\/\/gentedebasquet.com.ar\/sitio\/2025\/10\/22\/las-actuaciones-albicelestes-en-europa\/#breadcrumb"},"inLanguage":"es","potentialAction":[{"@type":"ReadAction","target":["https:\/\/gentedebasquet.com.ar\/sitio\/2025\/10\/22\/las-actuaciones-albicelestes-en-europa\/"]}]},{"@type":"ImageObject","inLanguage":"es","@id":"https:\/\/gentedebasquet.com.ar\/sitio\/2025\/10\/22\/las-actuaciones-albicelestes-en-europa\/#primaryimage","url":"https:\/\/gentedebasquet.com.ar\/sitio\/wp-content\/uploads\/2025\/10\/img_6731.png","contentUrl":"https:\/\/gentedebasquet.com.ar\/sitio\/wp-content\/uploads\/2025\/10\/img_6731.png","width":754,"height":464},{"@type":"BreadcrumbList","@id":"https:\/\/gentedebasquet.com.ar\/sitio\/2025\/10\/22\/las-actuaciones-albicelestes-en-europa\/#breadcrumb","itemListElement":[{"@type":"ListItem","position":1,"name":"Portada","item":"http:\/\/gentedebasquet.com.ar\/sitio\/"},{"@type":"ListItem","position":2,"name":"Las actuaciones albicelestes en Europa"}]},{"@type":"WebSite","@id":"http:\/\/gentedebasquet.com.ar\/sitio\/#website","url":"http:\/\/gentedebasquet.com.ar\/sitio\/","name":"Gente de B\u00e1squet","description":"La revista del basquet de Bah\u00eda Blanca","potentialAction":[{"@type":"SearchAction","target":{"@type":"EntryPoint","urlTemplate":"http:\/\/gentedebasquet.com.ar\/sitio\/?s={search_term_string}"},"query-input":{"@type":"PropertyValueSpecification","valueRequired":true,"valueName":"search_term_string"}}],"inLanguage":"es"},{"@type":"Person","@id":"http:\/\/gentedebasquet.com.ar\/sitio\/#\/schema\/person\/643357fb6a37b5549c9cfe9f339c9f1b","name":"Manuel Lacerenza","image":{"@type":"ImageObject","inLanguage":"es","@id":"https:\/\/secure.gravatar.com\/avatar\/6a427d587bd181ca8afd828e8cf364f233c5cbe5b8a1332b92ea42687ad97845?s=96&d=mm&r=g","url":"https:\/\/secure.gravatar.com\/avatar\/6a427d587bd181ca8afd828e8cf364f233c5cbe5b8a1332b92ea42687ad97845?s=96&d=mm&r=g","contentUrl":"https:\/\/secure.gravatar.com\/avatar\/6a427d587bd181ca8afd828e8cf364f233c5cbe5b8a1332b92ea42687ad97845?s=96&d=mm&r=g","caption":"Manuel Lacerenza"},"url":"https:\/\/gentedebasquet.com.ar\/sitio\/author\/manuel\/"}]}},"_links":{"self":[{"href":"https:\/\/gentedebasquet.com.ar\/sitio\/wp-json\/wp\/v2\/posts\/118670","targetHints":{"allow":["GET"]}}],"collection":[{"href":"https:\/\/gentedebasquet.com.ar\/sitio\/wp-json\/wp\/v2\/posts"}],"about":[{"href":"https:\/\/gentedebasquet.com.ar\/sitio\/wp-json\/wp\/v2\/types\/post"}],"author":[{"embeddable":true,"href":"https:\/\/gentedebasquet.com.ar\/sitio\/wp-json\/wp\/v2\/users\/82"}],"replies":[{"embeddable":true,"href":"https:\/\/gentedebasquet.com.ar\/sitio\/wp-json\/wp\/v2\/comments?post=118670"}],"version-history":[{"count":5,"href":"https:\/\/gentedebasquet.com.ar\/sitio\/wp-json\/wp\/v2\/posts\/118670\/revisions"}],"predecessor-version":[{"id":118889,"href":"https:\/\/gentedebasquet.com.ar\/sitio\/wp-json\/wp\/v2\/posts\/118670\/revisions\/118889"}],"wp:featuredmedia":[{"embeddable":true,"href":"https:\/\/gentedebasquet.com.ar\/sitio\/wp-json\/wp\/v2\/media\/118668"}],"wp:attachment":[{"href":"https:\/\/gentedebasquet.com.ar\/sitio\/wp-json\/wp\/v2\/media?parent=118670"}],"wp:term":[{"taxonomy":"category","embeddable":true,"href":"https:\/\/gentedebasquet.com.ar\/sitio\/wp-json\/wp\/v2\/categories?post=118670"},{"taxonomy":"post_tag","embeddable":true,"href":"https:\/\/gentedebasquet.com.ar\/sitio\/wp-json\/wp\/v2\/tags?post=118670"}],"curies":[{"name":"wp","href":"https:\/\/api.w.org\/{rel}","templated":true}]}}