{"id":118677,"date":"2025-10-23T06:56:16","date_gmt":"2025-10-23T04:56:16","guid":{"rendered":"https:\/\/gentedebasquet.com.ar\/sitio\/?p=118677"},"modified":"2025-10-23T06:56:16","modified_gmt":"2025-10-23T04:56:16","slug":"comercial-gano-y-llega-entonado-al-play-in","status":"publish","type":"post","link":"https:\/\/gentedebasquet.com.ar\/sitio\/2025\/10\/23\/comercial-gano-y-llega-entonado-al-play-in\/","title":{"rendered":"Comercial gan\u00f3 y llega entonado al play-in"},"content":{"rendered":"<p><span style=\"font-weight: 400;\">Sportivo no pudo hacer valer la local\u00eda y cay\u00f3 60 &#8211; 73 frente al equipo whitense.<\/span><\/p>\n<p><span style=\"font-weight: 400;\">El primer cuarto fue de baja eficacia para ambos conjuntos: Sportivo apenas sum\u00f3 tres puntos en m\u00e1s de la mitad del per\u00edodo, mientras que Comercial, m\u00e1s ordenado, aprovech\u00f3 los errores del local y cerr\u00f3 arriba 20 &#8211; 14.<\/span><\/p>\n<p><span style=\"font-weight: 400;\">En el segundo parcial, el Tricolor intent\u00f3 reaccionar y revertir el marcador, pero no logr\u00f3 sostener su \u00edmpetu. El conjunto de Gustavo Candia se mostr\u00f3 firme en los rebotes defensivos y m\u00e1s efectivo en ataque, lo que le permiti\u00f3 irse al descanso con ventaja de 39 &#8211; 29.<\/span><\/p>\n<p><span style=\"font-weight: 400;\">Tras la vuelta de los vestuarios, se vio a un Loffredo visiblemente frustrado con el rendimiento de sus jugadores. Sportivo ingres\u00f3 con otra actitud y, sumado a una baja en la intensidad de Comercial, parec\u00eda tener una oportunidad para acortar distancias. Sin embargo, con el correr de los minutos, el equipo del Puerto recuper\u00f3 el control del juego, manej\u00f3 los tiempos y volvi\u00f3 a imponer condiciones. El parcial del tercer cuarto termin\u00f3 51 &#8211; 39 para la visita.<\/span><\/p>\n<p><span style=\"font-weight: 400;\">En el \u00faltimo cuarto, ambos equipos salieron decididos: Comercial, a sellar la victoria; Sportivo, a intentar la remontada. Pero la baja efectividad de tiro fue un obst\u00e1culo com\u00fan. Finalmente, Comercial se qued\u00f3 con un justo triunfo por 73 &#8211; 60, demostrando solidez tanto en el manejo del partido como en su temple ante el clima tenso generado por el p\u00fablico y el banco local.<\/span><\/p>\n<p>&nbsp;<\/p>\n<div class=\"jeg_video_container jeg_video_content\"><iframe loading=\"lazy\" title=\"#Segunda - Fecha #15 Sportivo 60 - 73 Comercial\" width=\"500\" height=\"281\" src=\"https:\/\/www.youtube.com\/embed\/pcDzTCWscwc?feature=oembed\" frameborder=\"0\" allow=\"accelerometer; autoplay; clipboard-write; encrypted-media; gyroscope; picture-in-picture; web-share\" referrerpolicy=\"strict-origin-when-cross-origin\" allowfullscreen><\/iframe><\/div>\n<p><img decoding=\"async\" class=\"alignnone size-medium wp-image-118704\" src=\"http:\/\/gentedebasquet.com.ar\/sitio\/wp-content\/uploads\/2025\/10\/2-300x300.png\" alt=\"\" width=\"300\" height=\"300\" srcset=\"https:\/\/gentedebasquet.com.ar\/sitio\/wp-content\/uploads\/2025\/10\/2-300x300.png 300w, https:\/\/gentedebasquet.com.ar\/sitio\/wp-content\/uploads\/2025\/10\/2-1024x1024.png 1024w, https:\/\/gentedebasquet.com.ar\/sitio\/wp-content\/uploads\/2025\/10\/2-150x150.png 150w, https:\/\/gentedebasquet.com.ar\/sitio\/wp-content\/uploads\/2025\/10\/2-768x768.png 768w, https:\/\/gentedebasquet.com.ar\/sitio\/wp-content\/uploads\/2025\/10\/2-1536x1536.png 1536w, https:\/\/gentedebasquet.com.ar\/sitio\/wp-content\/uploads\/2025\/10\/2-75x75.png 75w, https:\/\/gentedebasquet.com.ar\/sitio\/wp-content\/uploads\/2025\/10\/2-350x350.png 350w, https:\/\/gentedebasquet.com.ar\/sitio\/wp-content\/uploads\/2025\/10\/2-750x750.png 750w, https:\/\/gentedebasquet.com.ar\/sitio\/wp-content\/uploads\/2025\/10\/2-1140x1140.png 1140w, https:\/\/gentedebasquet.com.ar\/sitio\/wp-content\/uploads\/2025\/10\/2.png 1600w\" sizes=\"(max-width: 300px) 100vw, 300px\" \/><\/p>\n<p><img decoding=\"async\" class=\"alignnone size-medium wp-image-118703\" src=\"http:\/\/gentedebasquet.com.ar\/sitio\/wp-content\/uploads\/2025\/10\/1-300x300.png\" alt=\"\" width=\"300\" height=\"300\" srcset=\"https:\/\/gentedebasquet.com.ar\/sitio\/wp-content\/uploads\/2025\/10\/1-300x300.png 300w, https:\/\/gentedebasquet.com.ar\/sitio\/wp-content\/uploads\/2025\/10\/1-1024x1024.png 1024w, https:\/\/gentedebasquet.com.ar\/sitio\/wp-content\/uploads\/2025\/10\/1-150x150.png 150w, https:\/\/gentedebasquet.com.ar\/sitio\/wp-content\/uploads\/2025\/10\/1-768x768.png 768w, https:\/\/gentedebasquet.com.ar\/sitio\/wp-content\/uploads\/2025\/10\/1-1536x1536.png 1536w, https:\/\/gentedebasquet.com.ar\/sitio\/wp-content\/uploads\/2025\/10\/1-75x75.png 75w, https:\/\/gentedebasquet.com.ar\/sitio\/wp-content\/uploads\/2025\/10\/1-350x350.png 350w, https:\/\/gentedebasquet.com.ar\/sitio\/wp-content\/uploads\/2025\/10\/1-750x750.png 750w, https:\/\/gentedebasquet.com.ar\/sitio\/wp-content\/uploads\/2025\/10\/1-1140x1140.png 1140w, https:\/\/gentedebasquet.com.ar\/sitio\/wp-content\/uploads\/2025\/10\/1.png 1600w\" sizes=\"(max-width: 300px) 100vw, 300px\" \/><\/p>\n<p><img decoding=\"async\" class=\"alignnone size-medium wp-image-118716\" src=\"http:\/\/gentedebasquet.com.ar\/sitio\/wp-content\/uploads\/2025\/10\/Cardone-juan-225x300.jpeg\" alt=\"\" width=\"225\" height=\"300\" srcset=\"https:\/\/gentedebasquet.com.ar\/sitio\/wp-content\/uploads\/2025\/10\/Cardone-juan-225x300.jpeg 225w, https:\/\/gentedebasquet.com.ar\/sitio\/wp-content\/uploads\/2025\/10\/Cardone-juan-768x1024.jpeg 768w, https:\/\/gentedebasquet.com.ar\/sitio\/wp-content\/uploads\/2025\/10\/Cardone-juan-750x1000.jpeg 750w, https:\/\/gentedebasquet.com.ar\/sitio\/wp-content\/uploads\/2025\/10\/Cardone-juan.jpeg 960w\" sizes=\"(max-width: 225px) 100vw, 225px\" \/><\/p>\n<blockquote><p>El objetivo ahora ganar el play-in, en el primer partido no llegar el segundo. Primera vez que estamos s\u00e9ptimos, ver ahora qui\u00e9n sali\u00f3 segundo y el playoff es mata, mata. O sea, tenemos la expectativa nuestra, el primer playoff con ganarlo, el segundo ganarlo y el tercero tratar de ganarlo, ir paso a paso partido a partido, pero la idea del equipo, ahora que estamos todos, la realidad es pelear el campeonato. Si ahora entramos entre los siete y luego pasamos a la semifinal, la idea va a ser siempre jugar por lo m\u00e1s alto.<\/p><\/blockquote>\n<p><b>S\u00edntesis \u2013 Segunda Divisi\u00f3n \u2013 Fecha 15<\/b><\/p>\n<p><b>Sportivo 60:<\/b><span style=\"font-weight: 400;\"> Rodrigo Blanco (7), Geronimo Stach (4), Gonzalo Martinez (8), Emanuel Miguel (4), Manuel Ayala (12) (FI); Felipe Galassi (2), Andr\u00e9s Barbero (7), Mat\u00edas Pristupa (8), Federico Escobar (8), Tuero, Joaquin (0).<\/span><b> DT: Miguel Loffredo.<\/b><\/p>\n<p><b>Comercial 73: <\/b><span style=\"font-weight: 400;\">Cardone Juan Franco (16), Reschini Juan Cruz (7), Maina Manuel (16), Alvarez Martin (5), Antonelli Nicolas (14) (FI); Orellano Luciano (4), Barcala Guillermo (3), Rodr\u00edguez Bruno (5), Lan Gustavo (0), Godoy Marcelo (3). <\/span><b>DT: Gustavo Candia.<\/b><\/p>\n<p><b>Parciales<\/b><span style=\"font-weight: 400;\">: 14-20, 29-39 (15-19), 39-51 (10-12), 60-73 (21-22).<\/span><\/p>\n<p><b>\u00c1rbitros<\/b><span style=\"font-weight: 400;\">: Eduardo Ferreyra &#8211; Lucas Andr\u00e9s &#8211; Leonardo Bressan.<\/span><\/p>\n<p><b>Estadio<\/b><span style=\"font-weight: 400;\">: Eladio Santos (Sportivo).<\/span><\/p>\n<p><b>Cobertura: <\/b><span style=\"font-weight: 400;\">Julio Nill.<\/span><\/p>\n<p><img decoding=\"async\" class=\"alignnone  wp-image-118714\" src=\"http:\/\/gentedebasquet.com.ar\/sitio\/wp-content\/uploads\/2025\/10\/WhatsApp-Image-2025-10-23-at-00.24.08-1-300x225.jpeg\" alt=\"\" width=\"514\" height=\"385\" srcset=\"https:\/\/gentedebasquet.com.ar\/sitio\/wp-content\/uploads\/2025\/10\/WhatsApp-Image-2025-10-23-at-00.24.08-1-300x225.jpeg 300w, https:\/\/gentedebasquet.com.ar\/sitio\/wp-content\/uploads\/2025\/10\/WhatsApp-Image-2025-10-23-at-00.24.08-1-1024x768.jpeg 1024w, https:\/\/gentedebasquet.com.ar\/sitio\/wp-content\/uploads\/2025\/10\/WhatsApp-Image-2025-10-23-at-00.24.08-1-768x576.jpeg 768w, https:\/\/gentedebasquet.com.ar\/sitio\/wp-content\/uploads\/2025\/10\/WhatsApp-Image-2025-10-23-at-00.24.08-1-1536x1152.jpeg 1536w, https:\/\/gentedebasquet.com.ar\/sitio\/wp-content\/uploads\/2025\/10\/WhatsApp-Image-2025-10-23-at-00.24.08-1-2048x1536.jpeg 2048w, https:\/\/gentedebasquet.com.ar\/sitio\/wp-content\/uploads\/2025\/10\/WhatsApp-Image-2025-10-23-at-00.24.08-1-750x563.jpeg 750w, https:\/\/gentedebasquet.com.ar\/sitio\/wp-content\/uploads\/2025\/10\/WhatsApp-Image-2025-10-23-at-00.24.08-1-1140x855.jpeg 1140w\" sizes=\"(max-width: 514px) 100vw, 514px\" \/><\/p>\n","protected":false},"excerpt":{"rendered":"<p>Sportivo no pudo hacer valer la local\u00eda y cay\u00f3 60 &#8211; 73 frente al equipo whitense. El primer cuarto fue de baja eficacia para ambos conjuntos: Sportivo apenas sum\u00f3 tres puntos en m\u00e1s de la mitad del per\u00edodo, mientras que Comercial, m\u00e1s ordenado, aprovech\u00f3 los errores del local y cerr\u00f3 arriba 20 &#8211; 14. En [&hellip;]<\/p>\n","protected":false},"author":87,"featured_media":118687,"comment_status":"closed","ping_status":"open","sticky":false,"template":"","format":"standard","meta":{"jnews-multi-image_gallery":[],"jnews_single_post":[],"jnews_primary_category":[],"footnotes":""},"categories":[25,101],"tags":[7,304,503,20],"class_list":["post-118677","post","type-post","status-publish","format-standard","has-post-thumbnail","hentry","category-segunda","category-slide","tag-comercial","tag-franco-cardone","tag-segunda-division","tag-sportivo-bahiense"],"yoast_head":"<!-- This site is optimized with the Yoast SEO plugin v27.5 - https:\/\/yoast.com\/product\/yoast-seo-wordpress\/ -->\n<title>Comercial gan\u00f3 y llega entonado al play-in - Gente de B\u00e1squet<\/title>\n<meta name=\"robots\" content=\"index, follow, max-snippet:-1, max-image-preview:large, max-video-preview:-1\" \/>\n<link rel=\"canonical\" href=\"https:\/\/gentedebasquet.com.ar\/sitio\/2025\/10\/23\/comercial-gano-y-llega-entonado-al-play-in\/\" \/>\n<meta property=\"og:locale\" content=\"es_ES\" \/>\n<meta property=\"og:type\" content=\"article\" \/>\n<meta property=\"og:title\" content=\"Comercial gan\u00f3 y llega entonado al play-in - Gente de B\u00e1squet\" \/>\n<meta property=\"og:description\" content=\"Sportivo no pudo hacer valer la local\u00eda y cay\u00f3 60 &#8211; 73 frente al equipo whitense. El primer cuarto fue de baja eficacia para ambos conjuntos: Sportivo apenas sum\u00f3 tres puntos en m\u00e1s de la mitad del per\u00edodo, mientras que Comercial, m\u00e1s ordenado, aprovech\u00f3 los errores del local y cerr\u00f3 arriba 20 &#8211; 14. En [&hellip;]\" \/>\n<meta property=\"og:url\" content=\"https:\/\/gentedebasquet.com.ar\/sitio\/2025\/10\/23\/comercial-gano-y-llega-entonado-al-play-in\/\" \/>\n<meta property=\"og:site_name\" content=\"Gente de B\u00e1squet\" \/>\n<meta property=\"article:published_time\" content=\"2025-10-23T04:56:16+00:00\" \/>\n<meta property=\"og:image\" content=\"https:\/\/gentedebasquet.com.ar\/sitio\/wp-content\/uploads\/2025\/10\/portada-scaled.jpeg\" \/>\n\t<meta property=\"og:image:width\" content=\"2560\" \/>\n\t<meta property=\"og:image:height\" content=\"1920\" \/>\n\t<meta property=\"og:image:type\" content=\"image\/jpeg\" \/>\n<meta name=\"author\" content=\"Julio Nill\" \/>\n<meta name=\"twitter:card\" content=\"summary_large_image\" \/>\n<meta name=\"twitter:label1\" content=\"Escrito por\" \/>\n\t<meta name=\"twitter:data1\" content=\"Julio Nill\" \/>\n\t<meta name=\"twitter:label2\" content=\"Tiempo de lectura\" \/>\n\t<meta name=\"twitter:data2\" content=\"3 minutos\" \/>\n<script type=\"application\/ld+json\" class=\"yoast-schema-graph\">{\"@context\":\"https:\\\/\\\/schema.org\",\"@graph\":[{\"@type\":\"Article\",\"@id\":\"https:\\\/\\\/gentedebasquet.com.ar\\\/sitio\\\/2025\\\/10\\\/23\\\/comercial-gano-y-llega-entonado-al-play-in\\\/#article\",\"isPartOf\":{\"@id\":\"https:\\\/\\\/gentedebasquet.com.ar\\\/sitio\\\/2025\\\/10\\\/23\\\/comercial-gano-y-llega-entonado-al-play-in\\\/\"},\"author\":{\"name\":\"Julio Nill\",\"@id\":\"http:\\\/\\\/gentedebasquet.com.ar\\\/sitio\\\/#\\\/schema\\\/person\\\/1edc52104564db91424eb36c5051a167\"},\"headline\":\"Comercial gan\u00f3 y llega entonado al play-in\",\"datePublished\":\"2025-10-23T04:56:16+00:00\",\"mainEntityOfPage\":{\"@id\":\"https:\\\/\\\/gentedebasquet.com.ar\\\/sitio\\\/2025\\\/10\\\/23\\\/comercial-gano-y-llega-entonado-al-play-in\\\/\"},\"wordCount\":443,\"image\":{\"@id\":\"https:\\\/\\\/gentedebasquet.com.ar\\\/sitio\\\/2025\\\/10\\\/23\\\/comercial-gano-y-llega-entonado-al-play-in\\\/#primaryimage\"},\"thumbnailUrl\":\"https:\\\/\\\/gentedebasquet.com.ar\\\/sitio\\\/wp-content\\\/uploads\\\/2025\\\/10\\\/portada-scaled.jpeg\",\"keywords\":[\"Comercial\",\"Franco Cardone\",\"Segunda Divisi\u00f3n\",\"Sportivo Bahiense\"],\"articleSection\":[\"Segunda\",\"Slide\"],\"inLanguage\":\"es\"},{\"@type\":\"WebPage\",\"@id\":\"https:\\\/\\\/gentedebasquet.com.ar\\\/sitio\\\/2025\\\/10\\\/23\\\/comercial-gano-y-llega-entonado-al-play-in\\\/\",\"url\":\"https:\\\/\\\/gentedebasquet.com.ar\\\/sitio\\\/2025\\\/10\\\/23\\\/comercial-gano-y-llega-entonado-al-play-in\\\/\",\"name\":\"Comercial gan\u00f3 y llega entonado al play-in - Gente de B\u00e1squet\",\"isPartOf\":{\"@id\":\"http:\\\/\\\/gentedebasquet.com.ar\\\/sitio\\\/#website\"},\"primaryImageOfPage\":{\"@id\":\"https:\\\/\\\/gentedebasquet.com.ar\\\/sitio\\\/2025\\\/10\\\/23\\\/comercial-gano-y-llega-entonado-al-play-in\\\/#primaryimage\"},\"image\":{\"@id\":\"https:\\\/\\\/gentedebasquet.com.ar\\\/sitio\\\/2025\\\/10\\\/23\\\/comercial-gano-y-llega-entonado-al-play-in\\\/#primaryimage\"},\"thumbnailUrl\":\"https:\\\/\\\/gentedebasquet.com.ar\\\/sitio\\\/wp-content\\\/uploads\\\/2025\\\/10\\\/portada-scaled.jpeg\",\"datePublished\":\"2025-10-23T04:56:16+00:00\",\"author\":{\"@id\":\"http:\\\/\\\/gentedebasquet.com.ar\\\/sitio\\\/#\\\/schema\\\/person\\\/1edc52104564db91424eb36c5051a167\"},\"breadcrumb\":{\"@id\":\"https:\\\/\\\/gentedebasquet.com.ar\\\/sitio\\\/2025\\\/10\\\/23\\\/comercial-gano-y-llega-entonado-al-play-in\\\/#breadcrumb\"},\"inLanguage\":\"es\",\"potentialAction\":[{\"@type\":\"ReadAction\",\"target\":[\"https:\\\/\\\/gentedebasquet.com.ar\\\/sitio\\\/2025\\\/10\\\/23\\\/comercial-gano-y-llega-entonado-al-play-in\\\/\"]}]},{\"@type\":\"ImageObject\",\"inLanguage\":\"es\",\"@id\":\"https:\\\/\\\/gentedebasquet.com.ar\\\/sitio\\\/2025\\\/10\\\/23\\\/comercial-gano-y-llega-entonado-al-play-in\\\/#primaryimage\",\"url\":\"https:\\\/\\\/gentedebasquet.com.ar\\\/sitio\\\/wp-content\\\/uploads\\\/2025\\\/10\\\/portada-scaled.jpeg\",\"contentUrl\":\"https:\\\/\\\/gentedebasquet.com.ar\\\/sitio\\\/wp-content\\\/uploads\\\/2025\\\/10\\\/portada-scaled.jpeg\",\"width\":2560,\"height\":1920},{\"@type\":\"BreadcrumbList\",\"@id\":\"https:\\\/\\\/gentedebasquet.com.ar\\\/sitio\\\/2025\\\/10\\\/23\\\/comercial-gano-y-llega-entonado-al-play-in\\\/#breadcrumb\",\"itemListElement\":[{\"@type\":\"ListItem\",\"position\":1,\"name\":\"Portada\",\"item\":\"http:\\\/\\\/gentedebasquet.com.ar\\\/sitio\\\/\"},{\"@type\":\"ListItem\",\"position\":2,\"name\":\"Comercial gan\u00f3 y llega entonado al play-in\"}]},{\"@type\":\"WebSite\",\"@id\":\"http:\\\/\\\/gentedebasquet.com.ar\\\/sitio\\\/#website\",\"url\":\"http:\\\/\\\/gentedebasquet.com.ar\\\/sitio\\\/\",\"name\":\"Gente de B\u00e1squet\",\"description\":\"La revista del basquet de Bah\u00eda Blanca\",\"potentialAction\":[{\"@type\":\"SearchAction\",\"target\":{\"@type\":\"EntryPoint\",\"urlTemplate\":\"http:\\\/\\\/gentedebasquet.com.ar\\\/sitio\\\/?s={search_term_string}\"},\"query-input\":{\"@type\":\"PropertyValueSpecification\",\"valueRequired\":true,\"valueName\":\"search_term_string\"}}],\"inLanguage\":\"es\"},{\"@type\":\"Person\",\"@id\":\"http:\\\/\\\/gentedebasquet.com.ar\\\/sitio\\\/#\\\/schema\\\/person\\\/1edc52104564db91424eb36c5051a167\",\"name\":\"Julio Nill\",\"image\":{\"@type\":\"ImageObject\",\"inLanguage\":\"es\",\"@id\":\"https:\\\/\\\/secure.gravatar.com\\\/avatar\\\/91a40f02a73e34150d0c7bacbb6c0174f3df80a311ac6bd805a92053f44c7edb?s=96&d=mm&r=g\",\"url\":\"https:\\\/\\\/secure.gravatar.com\\\/avatar\\\/91a40f02a73e34150d0c7bacbb6c0174f3df80a311ac6bd805a92053f44c7edb?s=96&d=mm&r=g\",\"contentUrl\":\"https:\\\/\\\/secure.gravatar.com\\\/avatar\\\/91a40f02a73e34150d0c7bacbb6c0174f3df80a311ac6bd805a92053f44c7edb?s=96&d=mm&r=g\",\"caption\":\"Julio Nill\"},\"url\":\"https:\\\/\\\/gentedebasquet.com.ar\\\/sitio\\\/author\\\/julio\\\/\"}]}<\/script>\n<!-- \/ Yoast SEO plugin. -->","yoast_head_json":{"title":"Comercial gan\u00f3 y llega entonado al play-in - Gente de B\u00e1squet","robots":{"index":"index","follow":"follow","max-snippet":"max-snippet:-1","max-image-preview":"max-image-preview:large","max-video-preview":"max-video-preview:-1"},"canonical":"https:\/\/gentedebasquet.com.ar\/sitio\/2025\/10\/23\/comercial-gano-y-llega-entonado-al-play-in\/","og_locale":"es_ES","og_type":"article","og_title":"Comercial gan\u00f3 y llega entonado al play-in - Gente de B\u00e1squet","og_description":"Sportivo no pudo hacer valer la local\u00eda y cay\u00f3 60 &#8211; 73 frente al equipo whitense. El primer cuarto fue de baja eficacia para ambos conjuntos: Sportivo apenas sum\u00f3 tres puntos en m\u00e1s de la mitad del per\u00edodo, mientras que Comercial, m\u00e1s ordenado, aprovech\u00f3 los errores del local y cerr\u00f3 arriba 20 &#8211; 14. En [&hellip;]","og_url":"https:\/\/gentedebasquet.com.ar\/sitio\/2025\/10\/23\/comercial-gano-y-llega-entonado-al-play-in\/","og_site_name":"Gente de B\u00e1squet","article_published_time":"2025-10-23T04:56:16+00:00","og_image":[{"width":2560,"height":1920,"url":"https:\/\/gentedebasquet.com.ar\/sitio\/wp-content\/uploads\/2025\/10\/portada-scaled.jpeg","type":"image\/jpeg"}],"author":"Julio Nill","twitter_card":"summary_large_image","twitter_misc":{"Escrito por":"Julio Nill","Tiempo de lectura":"3 minutos"},"schema":{"@context":"https:\/\/schema.org","@graph":[{"@type":"Article","@id":"https:\/\/gentedebasquet.com.ar\/sitio\/2025\/10\/23\/comercial-gano-y-llega-entonado-al-play-in\/#article","isPartOf":{"@id":"https:\/\/gentedebasquet.com.ar\/sitio\/2025\/10\/23\/comercial-gano-y-llega-entonado-al-play-in\/"},"author":{"name":"Julio Nill","@id":"http:\/\/gentedebasquet.com.ar\/sitio\/#\/schema\/person\/1edc52104564db91424eb36c5051a167"},"headline":"Comercial gan\u00f3 y llega entonado al play-in","datePublished":"2025-10-23T04:56:16+00:00","mainEntityOfPage":{"@id":"https:\/\/gentedebasquet.com.ar\/sitio\/2025\/10\/23\/comercial-gano-y-llega-entonado-al-play-in\/"},"wordCount":443,"image":{"@id":"https:\/\/gentedebasquet.com.ar\/sitio\/2025\/10\/23\/comercial-gano-y-llega-entonado-al-play-in\/#primaryimage"},"thumbnailUrl":"https:\/\/gentedebasquet.com.ar\/sitio\/wp-content\/uploads\/2025\/10\/portada-scaled.jpeg","keywords":["Comercial","Franco Cardone","Segunda Divisi\u00f3n","Sportivo Bahiense"],"articleSection":["Segunda","Slide"],"inLanguage":"es"},{"@type":"WebPage","@id":"https:\/\/gentedebasquet.com.ar\/sitio\/2025\/10\/23\/comercial-gano-y-llega-entonado-al-play-in\/","url":"https:\/\/gentedebasquet.com.ar\/sitio\/2025\/10\/23\/comercial-gano-y-llega-entonado-al-play-in\/","name":"Comercial gan\u00f3 y llega entonado al play-in - Gente de B\u00e1squet","isPartOf":{"@id":"http:\/\/gentedebasquet.com.ar\/sitio\/#website"},"primaryImageOfPage":{"@id":"https:\/\/gentedebasquet.com.ar\/sitio\/2025\/10\/23\/comercial-gano-y-llega-entonado-al-play-in\/#primaryimage"},"image":{"@id":"https:\/\/gentedebasquet.com.ar\/sitio\/2025\/10\/23\/comercial-gano-y-llega-entonado-al-play-in\/#primaryimage"},"thumbnailUrl":"https:\/\/gentedebasquet.com.ar\/sitio\/wp-content\/uploads\/2025\/10\/portada-scaled.jpeg","datePublished":"2025-10-23T04:56:16+00:00","author":{"@id":"http:\/\/gentedebasquet.com.ar\/sitio\/#\/schema\/person\/1edc52104564db91424eb36c5051a167"},"breadcrumb":{"@id":"https:\/\/gentedebasquet.com.ar\/sitio\/2025\/10\/23\/comercial-gano-y-llega-entonado-al-play-in\/#breadcrumb"},"inLanguage":"es","potentialAction":[{"@type":"ReadAction","target":["https:\/\/gentedebasquet.com.ar\/sitio\/2025\/10\/23\/comercial-gano-y-llega-entonado-al-play-in\/"]}]},{"@type":"ImageObject","inLanguage":"es","@id":"https:\/\/gentedebasquet.com.ar\/sitio\/2025\/10\/23\/comercial-gano-y-llega-entonado-al-play-in\/#primaryimage","url":"https:\/\/gentedebasquet.com.ar\/sitio\/wp-content\/uploads\/2025\/10\/portada-scaled.jpeg","contentUrl":"https:\/\/gentedebasquet.com.ar\/sitio\/wp-content\/uploads\/2025\/10\/portada-scaled.jpeg","width":2560,"height":1920},{"@type":"BreadcrumbList","@id":"https:\/\/gentedebasquet.com.ar\/sitio\/2025\/10\/23\/comercial-gano-y-llega-entonado-al-play-in\/#breadcrumb","itemListElement":[{"@type":"ListItem","position":1,"name":"Portada","item":"http:\/\/gentedebasquet.com.ar\/sitio\/"},{"@type":"ListItem","position":2,"name":"Comercial gan\u00f3 y llega entonado al play-in"}]},{"@type":"WebSite","@id":"http:\/\/gentedebasquet.com.ar\/sitio\/#website","url":"http:\/\/gentedebasquet.com.ar\/sitio\/","name":"Gente de B\u00e1squet","description":"La revista del basquet de Bah\u00eda Blanca","potentialAction":[{"@type":"SearchAction","target":{"@type":"EntryPoint","urlTemplate":"http:\/\/gentedebasquet.com.ar\/sitio\/?s={search_term_string}"},"query-input":{"@type":"PropertyValueSpecification","valueRequired":true,"valueName":"search_term_string"}}],"inLanguage":"es"},{"@type":"Person","@id":"http:\/\/gentedebasquet.com.ar\/sitio\/#\/schema\/person\/1edc52104564db91424eb36c5051a167","name":"Julio Nill","image":{"@type":"ImageObject","inLanguage":"es","@id":"https:\/\/secure.gravatar.com\/avatar\/91a40f02a73e34150d0c7bacbb6c0174f3df80a311ac6bd805a92053f44c7edb?s=96&d=mm&r=g","url":"https:\/\/secure.gravatar.com\/avatar\/91a40f02a73e34150d0c7bacbb6c0174f3df80a311ac6bd805a92053f44c7edb?s=96&d=mm&r=g","contentUrl":"https:\/\/secure.gravatar.com\/avatar\/91a40f02a73e34150d0c7bacbb6c0174f3df80a311ac6bd805a92053f44c7edb?s=96&d=mm&r=g","caption":"Julio Nill"},"url":"https:\/\/gentedebasquet.com.ar\/sitio\/author\/julio\/"}]}},"_links":{"self":[{"href":"https:\/\/gentedebasquet.com.ar\/sitio\/wp-json\/wp\/v2\/posts\/118677","targetHints":{"allow":["GET"]}}],"collection":[{"href":"https:\/\/gentedebasquet.com.ar\/sitio\/wp-json\/wp\/v2\/posts"}],"about":[{"href":"https:\/\/gentedebasquet.com.ar\/sitio\/wp-json\/wp\/v2\/types\/post"}],"author":[{"embeddable":true,"href":"https:\/\/gentedebasquet.com.ar\/sitio\/wp-json\/wp\/v2\/users\/87"}],"replies":[{"embeddable":true,"href":"https:\/\/gentedebasquet.com.ar\/sitio\/wp-json\/wp\/v2\/comments?post=118677"}],"version-history":[{"count":6,"href":"https:\/\/gentedebasquet.com.ar\/sitio\/wp-json\/wp\/v2\/posts\/118677\/revisions"}],"predecessor-version":[{"id":118727,"href":"https:\/\/gentedebasquet.com.ar\/sitio\/wp-json\/wp\/v2\/posts\/118677\/revisions\/118727"}],"wp:featuredmedia":[{"embeddable":true,"href":"https:\/\/gentedebasquet.com.ar\/sitio\/wp-json\/wp\/v2\/media\/118687"}],"wp:attachment":[{"href":"https:\/\/gentedebasquet.com.ar\/sitio\/wp-json\/wp\/v2\/media?parent=118677"}],"wp:term":[{"taxonomy":"category","embeddable":true,"href":"https:\/\/gentedebasquet.com.ar\/sitio\/wp-json\/wp\/v2\/categories?post=118677"},{"taxonomy":"post_tag","embeddable":true,"href":"https:\/\/gentedebasquet.com.ar\/sitio\/wp-json\/wp\/v2\/tags?post=118677"}],"curies":[{"name":"wp","href":"https:\/\/api.w.org\/{rel}","templated":true}]}}