{"id":118679,"date":"2025-10-23T14:08:34","date_gmt":"2025-10-23T12:08:34","guid":{"rendered":"https:\/\/gentedebasquet.com.ar\/sitio\/?p=118679"},"modified":"2025-10-23T18:59:15","modified_gmt":"2025-10-23T16:59:15","slug":"por-una-cabeza-2","status":"publish","type":"post","link":"https:\/\/gentedebasquet.com.ar\/sitio\/2025\/10\/23\/por-una-cabeza-2\/","title":{"rendered":"Por una cabeza"},"content":{"rendered":"<p><strong>En el Jos\u00e9 Mart\u00ednez, Argentino venci\u00f3 a Barrio Hospital 70-72, y se qued\u00f3 con el dos. Fue un aut\u00e9ntico partidazo, que se tuvo que definir en prorroga, en donde Argentino vio mucho apoyo en el juego colectivo.<\/strong><\/p>\n<p><strong>La noche comenz\u00f3 lenta, con bajo goleo, pero siempre pareja y con defensas protagonistas.<\/strong> En Barrio, Herman Banegas fue clave desde la pintura, mientras que <strong>Argentino busc\u00f3 algunos tiros de tres, pero siempre con una efectividad inferior.<\/strong> El cuarto, cerro 15-10 en favor de los locales.<\/p>\n<p>El C\u00f3ndor con una efectiva defensa en zona, busc\u00f3 meterse en partido. Nuevamente fue un parcial muy igualado, en el cual <strong>los celestes por momentos fueron superiores, de la mano de Agust\u00edn Puentes y Joaqu\u00edn Gonzal\u00eda, quienes se combinaron para 11 puntos.<\/strong> Finalmente, el encuentro se fue al descanso 30-29 con Barrio Hospital al frente.<\/p>\n<p><img decoding=\"async\" class=\"alignnone size-large wp-image-118698\" src=\"http:\/\/gentedebasquet.com.ar\/sitio\/wp-content\/uploads\/2025\/10\/IMG_20251022_221250-1024x768.jpg\" alt=\"\" width=\"1024\" height=\"768\" srcset=\"https:\/\/gentedebasquet.com.ar\/sitio\/wp-content\/uploads\/2025\/10\/IMG_20251022_221250-1024x768.jpg 1024w, https:\/\/gentedebasquet.com.ar\/sitio\/wp-content\/uploads\/2025\/10\/IMG_20251022_221250-300x225.jpg 300w, https:\/\/gentedebasquet.com.ar\/sitio\/wp-content\/uploads\/2025\/10\/IMG_20251022_221250-768x576.jpg 768w, https:\/\/gentedebasquet.com.ar\/sitio\/wp-content\/uploads\/2025\/10\/IMG_20251022_221250-1536x1152.jpg 1536w, https:\/\/gentedebasquet.com.ar\/sitio\/wp-content\/uploads\/2025\/10\/IMG_20251022_221250-2048x1536.jpg 2048w, https:\/\/gentedebasquet.com.ar\/sitio\/wp-content\/uploads\/2025\/10\/IMG_20251022_221250-750x563.jpg 750w, https:\/\/gentedebasquet.com.ar\/sitio\/wp-content\/uploads\/2025\/10\/IMG_20251022_221250-1140x855.jpg 1140w\" sizes=\"(max-width: 1024px) 100vw, 1024px\" \/><\/p>\n<p>Tras la reanudaci\u00f3n, <strong>el encuentro volvi\u00f3 a ser muy err\u00e1tico, con apenas escasos puntos en los primeros minutos.<\/strong> Sin embargo, pasada la mitad del cuarto, Argentino volvi\u00f3 a encenderse, <strong>encadenando un gran parcial 9-0, para pasar al frente por seis puntos,<\/strong> y cerrar arriba 47-41.<\/p>\n<p>La visita comenz\u00f3 con triple, para pasar arriba por nueve, sin embargo, <strong>Barrio reaccion\u00f3, y de forma contundente. Parcial 13-3, con nueve puntos de Luciano Fortelli,<\/strong> para pasar al frente, y luego, otro 6-0 para escaparse. La noche parec\u00eda comenzar a cerrar, pero <strong>un final 6-0, incluyendo un triple de Genaro Parrotta a falta de 17 segundos del final,<\/strong> puso todo en bandeja para un cuarto m\u00e1s de B\u00e1squet tras el libre para empatar de Sebasti\u00e1n Branciforte.<\/p>\n<p>La pr\u00f3rroga fue disputada. En Barrio, <strong>Banegas nuevamente volvi\u00f3 a ser vital, en Argentino lo fueron Suanez, Ugolini y Rausch.<\/strong> La visita lleg\u00f3 cinco puntos por encima al ultimo minuto, no obstante, <strong>Fortelli devolvi\u00f3 al encuentro a Barrio con un triplazo.<\/strong> La ultima posesi\u00f3n fue caotica, los locales buscaron el empate a como de lugar, sin embargo, <strong>Gonzal\u00eda en un gran esfuerzo, consigui\u00f3 la recuperaci\u00f3n sobre Martinez,<\/strong> y de este modo, sellar el triunfo de Argentino en 72-70.<\/p>\n<p><strong>Tras un aut\u00e9ntico partidazo, la fase regular del clausura lleg\u00f3 a su fin. Ambos equipos, deber\u00e1n esperar rival, el cual saldr\u00e1 de los vencedores en los play-in.<\/strong><\/p>\n<div class=\"jeg_video_container jeg_video_content\">\n<div class=\"jeg_video_container jeg_video_content\">\n<div class=\"jeg_video_container jeg_video_content\">\n<div class=\"jeg_video_container jeg_video_content\">\n<div class=\"jeg_video_container jeg_video_content\">\n<div class=\"jeg_video_container jeg_video_content\">\n<div class=\"jeg_video_container jeg_video_content\">\n<div class=\"jeg_video_container jeg_video_content\"><iframe loading=\"lazy\" title=\"#Segunda - Fecha #15: Barrio Hospital 70 - 72 Argentino\" width=\"500\" height=\"281\" src=\"https:\/\/www.youtube.com\/embed\/yS8046PsfnM?feature=oembed\" frameborder=\"0\" allow=\"accelerometer; autoplay; clipboard-write; encrypted-media; gyroscope; picture-in-picture; web-share\" referrerpolicy=\"strict-origin-when-cross-origin\" allowfullscreen><\/iframe><\/div>\n<\/div>\n<\/div>\n<\/div>\n<\/div>\n<\/div>\n<\/div>\n<\/div>\n<p><img decoding=\"async\" class=\"alignnone wp-image-118721 \" src=\"http:\/\/gentedebasquet.com.ar\/sitio\/wp-content\/uploads\/2025\/10\/CLAVE-6-1024x1024.png\" alt=\"\" width=\"300\" height=\"300\" data-pin-no-hover=\"true\" srcset=\"https:\/\/gentedebasquet.com.ar\/sitio\/wp-content\/uploads\/2025\/10\/CLAVE-6-1024x1024.png 1024w, https:\/\/gentedebasquet.com.ar\/sitio\/wp-content\/uploads\/2025\/10\/CLAVE-6-300x300.png 300w, https:\/\/gentedebasquet.com.ar\/sitio\/wp-content\/uploads\/2025\/10\/CLAVE-6-150x150.png 150w, https:\/\/gentedebasquet.com.ar\/sitio\/wp-content\/uploads\/2025\/10\/CLAVE-6-768x768.png 768w, https:\/\/gentedebasquet.com.ar\/sitio\/wp-content\/uploads\/2025\/10\/CLAVE-6-1536x1536.png 1536w, https:\/\/gentedebasquet.com.ar\/sitio\/wp-content\/uploads\/2025\/10\/CLAVE-6-75x75.png 75w, https:\/\/gentedebasquet.com.ar\/sitio\/wp-content\/uploads\/2025\/10\/CLAVE-6-350x350.png 350w, https:\/\/gentedebasquet.com.ar\/sitio\/wp-content\/uploads\/2025\/10\/CLAVE-6-750x750.png 750w, https:\/\/gentedebasquet.com.ar\/sitio\/wp-content\/uploads\/2025\/10\/CLAVE-6-1140x1140.png 1140w, https:\/\/gentedebasquet.com.ar\/sitio\/wp-content\/uploads\/2025\/10\/CLAVE-6.png 2000w\" sizes=\"(max-width: 300px) 100vw, 300px\" \/><\/p>\n<p><img decoding=\"async\" class=\"alignnone wp-image-118701 \" src=\"http:\/\/gentedebasquet.com.ar\/sitio\/wp-content\/uploads\/2025\/10\/IMG_20251022_230200-1024x768.jpg\" alt=\"\" width=\"600\" height=\"450\" data-pin-no-hover=\"true\" srcset=\"https:\/\/gentedebasquet.com.ar\/sitio\/wp-content\/uploads\/2025\/10\/IMG_20251022_230200-1024x768.jpg 1024w, https:\/\/gentedebasquet.com.ar\/sitio\/wp-content\/uploads\/2025\/10\/IMG_20251022_230200-300x225.jpg 300w, https:\/\/gentedebasquet.com.ar\/sitio\/wp-content\/uploads\/2025\/10\/IMG_20251022_230200-768x576.jpg 768w, https:\/\/gentedebasquet.com.ar\/sitio\/wp-content\/uploads\/2025\/10\/IMG_20251022_230200-1536x1152.jpg 1536w, https:\/\/gentedebasquet.com.ar\/sitio\/wp-content\/uploads\/2025\/10\/IMG_20251022_230200-2048x1536.jpg 2048w, https:\/\/gentedebasquet.com.ar\/sitio\/wp-content\/uploads\/2025\/10\/IMG_20251022_230200-750x563.jpg 750w, https:\/\/gentedebasquet.com.ar\/sitio\/wp-content\/uploads\/2025\/10\/IMG_20251022_230200-1140x855.jpg 1140w\" sizes=\"(max-width: 600px) 100vw, 600px\" \/><\/p>\n<blockquote><p>\u00ab La verdad un partidazo. Duro en defensa, bien en ataque, supimos manejarlo, ellos tienen jugadores muy altos. Generalmente somos muy bajos, pero supimos aguantarlo. Las sensaciones son buenas desde que arrancamos a entrenar, sentimos que tenemos un gran equipo, nos llevamos todos bien, y eso tira para adelante siempre. \u00bb<strong> Joaqu\u00edn Gonzal\u00eda, Argentino.<\/strong><\/p><\/blockquote>\n<p><img decoding=\"async\" class=\"alignnone wp-image-118723 \" src=\"http:\/\/gentedebasquet.com.ar\/sitio\/wp-content\/uploads\/2025\/10\/MVP-7-1024x1024.png\" alt=\"\" width=\"300\" height=\"300\" data-pin-no-hover=\"true\" srcset=\"https:\/\/gentedebasquet.com.ar\/sitio\/wp-content\/uploads\/2025\/10\/MVP-7-1024x1024.png 1024w, https:\/\/gentedebasquet.com.ar\/sitio\/wp-content\/uploads\/2025\/10\/MVP-7-300x300.png 300w, https:\/\/gentedebasquet.com.ar\/sitio\/wp-content\/uploads\/2025\/10\/MVP-7-150x150.png 150w, https:\/\/gentedebasquet.com.ar\/sitio\/wp-content\/uploads\/2025\/10\/MVP-7-768x768.png 768w, https:\/\/gentedebasquet.com.ar\/sitio\/wp-content\/uploads\/2025\/10\/MVP-7-1536x1536.png 1536w, https:\/\/gentedebasquet.com.ar\/sitio\/wp-content\/uploads\/2025\/10\/MVP-7-75x75.png 75w, https:\/\/gentedebasquet.com.ar\/sitio\/wp-content\/uploads\/2025\/10\/MVP-7-350x350.png 350w, https:\/\/gentedebasquet.com.ar\/sitio\/wp-content\/uploads\/2025\/10\/MVP-7-750x750.png 750w, https:\/\/gentedebasquet.com.ar\/sitio\/wp-content\/uploads\/2025\/10\/MVP-7-1140x1140.png 1140w, https:\/\/gentedebasquet.com.ar\/sitio\/wp-content\/uploads\/2025\/10\/MVP-7.png 2000w\" sizes=\"(max-width: 300px) 100vw, 300px\" \/><\/p>\n<p><strong>S\u00edntesis \u2013 Segunda Divisi\u00f3n \u2013 Fecha 15<\/strong><\/p>\n<p><strong>Barrio Hospital 70:<\/strong> Luciano Fortelli 23, Esteban Benedetti 12, Sebasti\u00e1n Branciforte 1, Jos\u00e9 Luis Mart\u00ednez 11, Herman Banegas 15, <strong>(FI);\u00a0<\/strong>Tom\u00e1s Bussetti 4, Am\u00edlcar Andreanelli 4, Tom\u00e1s Galant, Marcos Fern\u00e1ndez. <strong>DT: Claudio Queti.<\/strong><\/p>\n<p><strong>Argentino 72:<\/strong> Genaro Parrotta 8, Joaqu\u00edn Gonzal\u00eda 16, Santiago Suanez 13, Ger\u00f3nimo Rausch 10, Ferm\u00edn Mariezcurrena 2, (<strong>FI);\u00a0<\/strong>Bruno Ugolini 12, Franco Malmesi 6, Agust\u00edn Puentes 5, Ramiro Lorenzo. <strong>DT: Andr\u00e9s Del Sol.<\/strong><\/p>\n<p><strong>Parciales:<\/strong> 15-10, 30-29 (15-19), 41-47 (11-18), 61-61 (20-14), 70-72 (9-11).<\/p>\n<p><strong>\u00c1rbitros:<\/strong> Mariano Enrique &#8211; Alejandro Ramallo &#8211; Joaqu\u00edn Irraz\u00e1bal.<\/p>\n<p><strong>Estadio:<\/strong>\u00a0Jos\u00e9 Mart\u00ednez (Villa Mitre).<\/p>\n<p><img decoding=\"async\" class=\"alignnone wp-image-118700\" src=\"http:\/\/gentedebasquet.com.ar\/sitio\/wp-content\/uploads\/2025\/10\/IMG_20251022_221834-1024x576.jpg\" alt=\"\" width=\"601\" height=\"338\" srcset=\"https:\/\/gentedebasquet.com.ar\/sitio\/wp-content\/uploads\/2025\/10\/IMG_20251022_221834-1024x576.jpg 1024w, https:\/\/gentedebasquet.com.ar\/sitio\/wp-content\/uploads\/2025\/10\/IMG_20251022_221834-300x169.jpg 300w, https:\/\/gentedebasquet.com.ar\/sitio\/wp-content\/uploads\/2025\/10\/IMG_20251022_221834-768x432.jpg 768w, https:\/\/gentedebasquet.com.ar\/sitio\/wp-content\/uploads\/2025\/10\/IMG_20251022_221834-1536x864.jpg 1536w, https:\/\/gentedebasquet.com.ar\/sitio\/wp-content\/uploads\/2025\/10\/IMG_20251022_221834-750x422.jpg 750w, https:\/\/gentedebasquet.com.ar\/sitio\/wp-content\/uploads\/2025\/10\/IMG_20251022_221834-1140x641.jpg 1140w, https:\/\/gentedebasquet.com.ar\/sitio\/wp-content\/uploads\/2025\/10\/IMG_20251022_221834.jpg 1920w\" sizes=\"(max-width: 601px) 100vw, 601px\" \/><\/p>\n","protected":false},"excerpt":{"rendered":"<p>En el Jos\u00e9 Mart\u00ednez, Argentino venci\u00f3 a Barrio Hospital 70-72, y se qued\u00f3 con el dos. Fue un aut\u00e9ntico partidazo, que se tuvo que definir en prorroga, en donde Argentino vio mucho apoyo en el juego colectivo. La noche comenz\u00f3 lenta, con bajo goleo, pero siempre pareja y con defensas protagonistas. En Barrio, Herman Banegas [&hellip;]<\/p>\n","protected":false},"author":84,"featured_media":118699,"comment_status":"closed","ping_status":"open","sticky":false,"template":"","format":"standard","meta":{"jnews-multi-image_gallery":[],"jnews_single_post":[],"jnews_primary_category":[],"footnotes":""},"categories":[25],"tags":[4,1938,2028,315,503,1940],"class_list":["post-118679","post","type-post","status-publish","format-standard","has-post-thumbnail","hentry","category-segunda","tag-argentino","tag-barrio-hospital","tag-joaquin-gonzalia","tag-luciano-fortelli","tag-segunda-division","tag-torneo-de-segunda"],"yoast_head":"<!-- This site is optimized with the Yoast SEO plugin v27.5 - https:\/\/yoast.com\/product\/yoast-seo-wordpress\/ -->\n<title>Por una cabeza - Gente de B\u00e1squet<\/title>\n<meta name=\"robots\" content=\"index, follow, max-snippet:-1, max-image-preview:large, max-video-preview:-1\" \/>\n<link rel=\"canonical\" href=\"https:\/\/gentedebasquet.com.ar\/sitio\/2025\/10\/23\/por-una-cabeza-2\/\" \/>\n<meta property=\"og:locale\" content=\"es_ES\" \/>\n<meta property=\"og:type\" content=\"article\" \/>\n<meta property=\"og:title\" content=\"Por una cabeza - Gente de B\u00e1squet\" \/>\n<meta property=\"og:description\" content=\"En el Jos\u00e9 Mart\u00ednez, Argentino venci\u00f3 a Barrio Hospital 70-72, y se qued\u00f3 con el dos. Fue un aut\u00e9ntico partidazo, que se tuvo que definir en prorroga, en donde Argentino vio mucho apoyo en el juego colectivo. La noche comenz\u00f3 lenta, con bajo goleo, pero siempre pareja y con defensas protagonistas. En Barrio, Herman Banegas [&hellip;]\" \/>\n<meta property=\"og:url\" content=\"https:\/\/gentedebasquet.com.ar\/sitio\/2025\/10\/23\/por-una-cabeza-2\/\" \/>\n<meta property=\"og:site_name\" content=\"Gente de B\u00e1squet\" \/>\n<meta property=\"article:published_time\" content=\"2025-10-23T12:08:34+00:00\" \/>\n<meta property=\"article:modified_time\" content=\"2025-10-23T16:59:15+00:00\" \/>\n<meta property=\"og:image\" content=\"https:\/\/gentedebasquet.com.ar\/sitio\/wp-content\/uploads\/2025\/10\/IMG_20251022_221254-scaled.jpg\" \/>\n\t<meta property=\"og:image:width\" content=\"2560\" \/>\n\t<meta property=\"og:image:height\" content=\"1920\" \/>\n\t<meta property=\"og:image:type\" content=\"image\/jpeg\" \/>\n<meta name=\"author\" content=\"Facundo Elizalde\" \/>\n<meta name=\"twitter:card\" content=\"summary_large_image\" \/>\n<meta name=\"twitter:label1\" content=\"Escrito por\" \/>\n\t<meta name=\"twitter:data1\" content=\"Facundo Elizalde\" \/>\n\t<meta name=\"twitter:label2\" content=\"Tiempo de lectura\" \/>\n\t<meta name=\"twitter:data2\" content=\"4 minutos\" \/>\n<script type=\"application\/ld+json\" class=\"yoast-schema-graph\">{\"@context\":\"https:\\\/\\\/schema.org\",\"@graph\":[{\"@type\":\"Article\",\"@id\":\"https:\\\/\\\/gentedebasquet.com.ar\\\/sitio\\\/2025\\\/10\\\/23\\\/por-una-cabeza-2\\\/#article\",\"isPartOf\":{\"@id\":\"https:\\\/\\\/gentedebasquet.com.ar\\\/sitio\\\/2025\\\/10\\\/23\\\/por-una-cabeza-2\\\/\"},\"author\":{\"name\":\"Facundo Elizalde\",\"@id\":\"http:\\\/\\\/gentedebasquet.com.ar\\\/sitio\\\/#\\\/schema\\\/person\\\/2830c671ecf949fe6896fdc95b81667e\"},\"headline\":\"Por una cabeza\",\"datePublished\":\"2025-10-23T12:08:34+00:00\",\"dateModified\":\"2025-10-23T16:59:15+00:00\",\"mainEntityOfPage\":{\"@id\":\"https:\\\/\\\/gentedebasquet.com.ar\\\/sitio\\\/2025\\\/10\\\/23\\\/por-una-cabeza-2\\\/\"},\"wordCount\":539,\"image\":{\"@id\":\"https:\\\/\\\/gentedebasquet.com.ar\\\/sitio\\\/2025\\\/10\\\/23\\\/por-una-cabeza-2\\\/#primaryimage\"},\"thumbnailUrl\":\"https:\\\/\\\/gentedebasquet.com.ar\\\/sitio\\\/wp-content\\\/uploads\\\/2025\\\/10\\\/IMG_20251022_221254-scaled.jpg\",\"keywords\":[\"Argentino\",\"Barrio Hospital\",\"Joaqu\u00edn Gonzal\u00eda\",\"Luciano Fortelli\",\"Segunda Divisi\u00f3n\",\"Torneo de Segunda\"],\"articleSection\":[\"Segunda\"],\"inLanguage\":\"es\"},{\"@type\":\"WebPage\",\"@id\":\"https:\\\/\\\/gentedebasquet.com.ar\\\/sitio\\\/2025\\\/10\\\/23\\\/por-una-cabeza-2\\\/\",\"url\":\"https:\\\/\\\/gentedebasquet.com.ar\\\/sitio\\\/2025\\\/10\\\/23\\\/por-una-cabeza-2\\\/\",\"name\":\"Por una cabeza - Gente de B\u00e1squet\",\"isPartOf\":{\"@id\":\"http:\\\/\\\/gentedebasquet.com.ar\\\/sitio\\\/#website\"},\"primaryImageOfPage\":{\"@id\":\"https:\\\/\\\/gentedebasquet.com.ar\\\/sitio\\\/2025\\\/10\\\/23\\\/por-una-cabeza-2\\\/#primaryimage\"},\"image\":{\"@id\":\"https:\\\/\\\/gentedebasquet.com.ar\\\/sitio\\\/2025\\\/10\\\/23\\\/por-una-cabeza-2\\\/#primaryimage\"},\"thumbnailUrl\":\"https:\\\/\\\/gentedebasquet.com.ar\\\/sitio\\\/wp-content\\\/uploads\\\/2025\\\/10\\\/IMG_20251022_221254-scaled.jpg\",\"datePublished\":\"2025-10-23T12:08:34+00:00\",\"dateModified\":\"2025-10-23T16:59:15+00:00\",\"author\":{\"@id\":\"http:\\\/\\\/gentedebasquet.com.ar\\\/sitio\\\/#\\\/schema\\\/person\\\/2830c671ecf949fe6896fdc95b81667e\"},\"breadcrumb\":{\"@id\":\"https:\\\/\\\/gentedebasquet.com.ar\\\/sitio\\\/2025\\\/10\\\/23\\\/por-una-cabeza-2\\\/#breadcrumb\"},\"inLanguage\":\"es\",\"potentialAction\":[{\"@type\":\"ReadAction\",\"target\":[\"https:\\\/\\\/gentedebasquet.com.ar\\\/sitio\\\/2025\\\/10\\\/23\\\/por-una-cabeza-2\\\/\"]}]},{\"@type\":\"ImageObject\",\"inLanguage\":\"es\",\"@id\":\"https:\\\/\\\/gentedebasquet.com.ar\\\/sitio\\\/2025\\\/10\\\/23\\\/por-una-cabeza-2\\\/#primaryimage\",\"url\":\"https:\\\/\\\/gentedebasquet.com.ar\\\/sitio\\\/wp-content\\\/uploads\\\/2025\\\/10\\\/IMG_20251022_221254-scaled.jpg\",\"contentUrl\":\"https:\\\/\\\/gentedebasquet.com.ar\\\/sitio\\\/wp-content\\\/uploads\\\/2025\\\/10\\\/IMG_20251022_221254-scaled.jpg\",\"width\":2560,\"height\":1920},{\"@type\":\"BreadcrumbList\",\"@id\":\"https:\\\/\\\/gentedebasquet.com.ar\\\/sitio\\\/2025\\\/10\\\/23\\\/por-una-cabeza-2\\\/#breadcrumb\",\"itemListElement\":[{\"@type\":\"ListItem\",\"position\":1,\"name\":\"Portada\",\"item\":\"http:\\\/\\\/gentedebasquet.com.ar\\\/sitio\\\/\"},{\"@type\":\"ListItem\",\"position\":2,\"name\":\"Por una cabeza\"}]},{\"@type\":\"WebSite\",\"@id\":\"http:\\\/\\\/gentedebasquet.com.ar\\\/sitio\\\/#website\",\"url\":\"http:\\\/\\\/gentedebasquet.com.ar\\\/sitio\\\/\",\"name\":\"Gente de B\u00e1squet\",\"description\":\"La revista del basquet de Bah\u00eda Blanca\",\"potentialAction\":[{\"@type\":\"SearchAction\",\"target\":{\"@type\":\"EntryPoint\",\"urlTemplate\":\"http:\\\/\\\/gentedebasquet.com.ar\\\/sitio\\\/?s={search_term_string}\"},\"query-input\":{\"@type\":\"PropertyValueSpecification\",\"valueRequired\":true,\"valueName\":\"search_term_string\"}}],\"inLanguage\":\"es\"},{\"@type\":\"Person\",\"@id\":\"http:\\\/\\\/gentedebasquet.com.ar\\\/sitio\\\/#\\\/schema\\\/person\\\/2830c671ecf949fe6896fdc95b81667e\",\"name\":\"Facundo Elizalde\",\"image\":{\"@type\":\"ImageObject\",\"inLanguage\":\"es\",\"@id\":\"https:\\\/\\\/secure.gravatar.com\\\/avatar\\\/38bc8b15c12547ad3ed99650859898dc3f58534034667dbb6c2788c85e4f6edb?s=96&d=mm&r=g\",\"url\":\"https:\\\/\\\/secure.gravatar.com\\\/avatar\\\/38bc8b15c12547ad3ed99650859898dc3f58534034667dbb6c2788c85e4f6edb?s=96&d=mm&r=g\",\"contentUrl\":\"https:\\\/\\\/secure.gravatar.com\\\/avatar\\\/38bc8b15c12547ad3ed99650859898dc3f58534034667dbb6c2788c85e4f6edb?s=96&d=mm&r=g\",\"caption\":\"Facundo Elizalde\"},\"url\":\"https:\\\/\\\/gentedebasquet.com.ar\\\/sitio\\\/author\\\/facundo\\\/\"}]}<\/script>\n<!-- \/ Yoast SEO plugin. -->","yoast_head_json":{"title":"Por una cabeza - Gente de B\u00e1squet","robots":{"index":"index","follow":"follow","max-snippet":"max-snippet:-1","max-image-preview":"max-image-preview:large","max-video-preview":"max-video-preview:-1"},"canonical":"https:\/\/gentedebasquet.com.ar\/sitio\/2025\/10\/23\/por-una-cabeza-2\/","og_locale":"es_ES","og_type":"article","og_title":"Por una cabeza - Gente de B\u00e1squet","og_description":"En el Jos\u00e9 Mart\u00ednez, Argentino venci\u00f3 a Barrio Hospital 70-72, y se qued\u00f3 con el dos. Fue un aut\u00e9ntico partidazo, que se tuvo que definir en prorroga, en donde Argentino vio mucho apoyo en el juego colectivo. La noche comenz\u00f3 lenta, con bajo goleo, pero siempre pareja y con defensas protagonistas. En Barrio, Herman Banegas [&hellip;]","og_url":"https:\/\/gentedebasquet.com.ar\/sitio\/2025\/10\/23\/por-una-cabeza-2\/","og_site_name":"Gente de B\u00e1squet","article_published_time":"2025-10-23T12:08:34+00:00","article_modified_time":"2025-10-23T16:59:15+00:00","og_image":[{"width":2560,"height":1920,"url":"https:\/\/gentedebasquet.com.ar\/sitio\/wp-content\/uploads\/2025\/10\/IMG_20251022_221254-scaled.jpg","type":"image\/jpeg"}],"author":"Facundo Elizalde","twitter_card":"summary_large_image","twitter_misc":{"Escrito por":"Facundo Elizalde","Tiempo de lectura":"4 minutos"},"schema":{"@context":"https:\/\/schema.org","@graph":[{"@type":"Article","@id":"https:\/\/gentedebasquet.com.ar\/sitio\/2025\/10\/23\/por-una-cabeza-2\/#article","isPartOf":{"@id":"https:\/\/gentedebasquet.com.ar\/sitio\/2025\/10\/23\/por-una-cabeza-2\/"},"author":{"name":"Facundo Elizalde","@id":"http:\/\/gentedebasquet.com.ar\/sitio\/#\/schema\/person\/2830c671ecf949fe6896fdc95b81667e"},"headline":"Por una cabeza","datePublished":"2025-10-23T12:08:34+00:00","dateModified":"2025-10-23T16:59:15+00:00","mainEntityOfPage":{"@id":"https:\/\/gentedebasquet.com.ar\/sitio\/2025\/10\/23\/por-una-cabeza-2\/"},"wordCount":539,"image":{"@id":"https:\/\/gentedebasquet.com.ar\/sitio\/2025\/10\/23\/por-una-cabeza-2\/#primaryimage"},"thumbnailUrl":"https:\/\/gentedebasquet.com.ar\/sitio\/wp-content\/uploads\/2025\/10\/IMG_20251022_221254-scaled.jpg","keywords":["Argentino","Barrio Hospital","Joaqu\u00edn Gonzal\u00eda","Luciano Fortelli","Segunda Divisi\u00f3n","Torneo de Segunda"],"articleSection":["Segunda"],"inLanguage":"es"},{"@type":"WebPage","@id":"https:\/\/gentedebasquet.com.ar\/sitio\/2025\/10\/23\/por-una-cabeza-2\/","url":"https:\/\/gentedebasquet.com.ar\/sitio\/2025\/10\/23\/por-una-cabeza-2\/","name":"Por una cabeza - Gente de B\u00e1squet","isPartOf":{"@id":"http:\/\/gentedebasquet.com.ar\/sitio\/#website"},"primaryImageOfPage":{"@id":"https:\/\/gentedebasquet.com.ar\/sitio\/2025\/10\/23\/por-una-cabeza-2\/#primaryimage"},"image":{"@id":"https:\/\/gentedebasquet.com.ar\/sitio\/2025\/10\/23\/por-una-cabeza-2\/#primaryimage"},"thumbnailUrl":"https:\/\/gentedebasquet.com.ar\/sitio\/wp-content\/uploads\/2025\/10\/IMG_20251022_221254-scaled.jpg","datePublished":"2025-10-23T12:08:34+00:00","dateModified":"2025-10-23T16:59:15+00:00","author":{"@id":"http:\/\/gentedebasquet.com.ar\/sitio\/#\/schema\/person\/2830c671ecf949fe6896fdc95b81667e"},"breadcrumb":{"@id":"https:\/\/gentedebasquet.com.ar\/sitio\/2025\/10\/23\/por-una-cabeza-2\/#breadcrumb"},"inLanguage":"es","potentialAction":[{"@type":"ReadAction","target":["https:\/\/gentedebasquet.com.ar\/sitio\/2025\/10\/23\/por-una-cabeza-2\/"]}]},{"@type":"ImageObject","inLanguage":"es","@id":"https:\/\/gentedebasquet.com.ar\/sitio\/2025\/10\/23\/por-una-cabeza-2\/#primaryimage","url":"https:\/\/gentedebasquet.com.ar\/sitio\/wp-content\/uploads\/2025\/10\/IMG_20251022_221254-scaled.jpg","contentUrl":"https:\/\/gentedebasquet.com.ar\/sitio\/wp-content\/uploads\/2025\/10\/IMG_20251022_221254-scaled.jpg","width":2560,"height":1920},{"@type":"BreadcrumbList","@id":"https:\/\/gentedebasquet.com.ar\/sitio\/2025\/10\/23\/por-una-cabeza-2\/#breadcrumb","itemListElement":[{"@type":"ListItem","position":1,"name":"Portada","item":"http:\/\/gentedebasquet.com.ar\/sitio\/"},{"@type":"ListItem","position":2,"name":"Por una cabeza"}]},{"@type":"WebSite","@id":"http:\/\/gentedebasquet.com.ar\/sitio\/#website","url":"http:\/\/gentedebasquet.com.ar\/sitio\/","name":"Gente de B\u00e1squet","description":"La revista del basquet de Bah\u00eda Blanca","potentialAction":[{"@type":"SearchAction","target":{"@type":"EntryPoint","urlTemplate":"http:\/\/gentedebasquet.com.ar\/sitio\/?s={search_term_string}"},"query-input":{"@type":"PropertyValueSpecification","valueRequired":true,"valueName":"search_term_string"}}],"inLanguage":"es"},{"@type":"Person","@id":"http:\/\/gentedebasquet.com.ar\/sitio\/#\/schema\/person\/2830c671ecf949fe6896fdc95b81667e","name":"Facundo Elizalde","image":{"@type":"ImageObject","inLanguage":"es","@id":"https:\/\/secure.gravatar.com\/avatar\/38bc8b15c12547ad3ed99650859898dc3f58534034667dbb6c2788c85e4f6edb?s=96&d=mm&r=g","url":"https:\/\/secure.gravatar.com\/avatar\/38bc8b15c12547ad3ed99650859898dc3f58534034667dbb6c2788c85e4f6edb?s=96&d=mm&r=g","contentUrl":"https:\/\/secure.gravatar.com\/avatar\/38bc8b15c12547ad3ed99650859898dc3f58534034667dbb6c2788c85e4f6edb?s=96&d=mm&r=g","caption":"Facundo Elizalde"},"url":"https:\/\/gentedebasquet.com.ar\/sitio\/author\/facundo\/"}]}},"_links":{"self":[{"href":"https:\/\/gentedebasquet.com.ar\/sitio\/wp-json\/wp\/v2\/posts\/118679","targetHints":{"allow":["GET"]}}],"collection":[{"href":"https:\/\/gentedebasquet.com.ar\/sitio\/wp-json\/wp\/v2\/posts"}],"about":[{"href":"https:\/\/gentedebasquet.com.ar\/sitio\/wp-json\/wp\/v2\/types\/post"}],"author":[{"embeddable":true,"href":"https:\/\/gentedebasquet.com.ar\/sitio\/wp-json\/wp\/v2\/users\/84"}],"replies":[{"embeddable":true,"href":"https:\/\/gentedebasquet.com.ar\/sitio\/wp-json\/wp\/v2\/comments?post=118679"}],"version-history":[{"count":7,"href":"https:\/\/gentedebasquet.com.ar\/sitio\/wp-json\/wp\/v2\/posts\/118679\/revisions"}],"predecessor-version":[{"id":118739,"href":"https:\/\/gentedebasquet.com.ar\/sitio\/wp-json\/wp\/v2\/posts\/118679\/revisions\/118739"}],"wp:featuredmedia":[{"embeddable":true,"href":"https:\/\/gentedebasquet.com.ar\/sitio\/wp-json\/wp\/v2\/media\/118699"}],"wp:attachment":[{"href":"https:\/\/gentedebasquet.com.ar\/sitio\/wp-json\/wp\/v2\/media?parent=118679"}],"wp:term":[{"taxonomy":"category","embeddable":true,"href":"https:\/\/gentedebasquet.com.ar\/sitio\/wp-json\/wp\/v2\/categories?post=118679"},{"taxonomy":"post_tag","embeddable":true,"href":"https:\/\/gentedebasquet.com.ar\/sitio\/wp-json\/wp\/v2\/tags?post=118679"}],"curies":[{"name":"wp","href":"https:\/\/api.w.org\/{rel}","templated":true}]}}