{"id":118689,"date":"2025-10-23T05:54:26","date_gmt":"2025-10-23T03:54:26","guid":{"rendered":"https:\/\/gentedebasquet.com.ar\/sitio\/?p=118689"},"modified":"2025-10-23T17:56:28","modified_gmt":"2025-10-23T15:56:28","slug":"altense-cerro-la-fase-regular-con-una-sonrisa","status":"publish","type":"post","link":"https:\/\/gentedebasquet.com.ar\/sitio\/2025\/10\/23\/altense-cerro-la-fase-regular-con-una-sonrisa\/","title":{"rendered":"Altense cerr\u00f3 la fase regular con una sonrisa"},"content":{"rendered":"<p><strong>Le gan\u00f3 70 a 51 a Ateneo. Braian Baier con 12 puntos m\u00e1s 7 rebotes y 3 asistencias result\u00f3 la figura del verde.<\/strong><\/p>\n<p><strong>Adem\u00e1s, Lautaro Jaimes aport\u00f3 14 y Juan Manuel Bicondoa 12. El elenco dirigido por Nicol\u00e1s Altamirano disputar\u00e1 el play in contra Comercial, en cancha de Villa Mitre (viernes a las 21.30 horas). \u00a0<\/strong><\/p>\n<p><strong>Mientras que, en el celeste (donde no jugaron los lesionados Juli\u00e1n Ripoll, Daniel Ezcurra y Hern\u00e1n Mart\u00ednez) apenas sobresali\u00f3 Nahuel Ilacqua Donnari con 11 tantos y Nicol\u00e1s Bejarano con 12 recobres. La escuadra orientada por Alexis Amarfil cruzar\u00e1 en playoff con El Nacional (la serie, al mejor de tres encuentros, iniciar\u00e1 el pr\u00f3ximo martes a las 21).<\/strong><\/p>\n<p><strong>El visitante aplic\u00f3 un contundente 10-0 inicial y parec\u00eda muy tranquilo. Sin embargo, tras un 2C plagado de errores, su rival reaccion\u00f3 y lleg\u00f3 a colocarse 25-25 en el comienzo del 3C. Una r\u00e1faga letal 16-0 (25-41) liderada por Baier (10 unidades) quebr\u00f3 definitivamente el match y ya no hubo paridad.<\/strong><\/p>\n<div class=\"jeg_video_container jeg_video_content\"><iframe loading=\"lazy\" title=\"#Segunda - Fecha #15: Ateneo 51 - 70 Altense\" width=\"500\" height=\"281\" src=\"https:\/\/www.youtube.com\/embed\/tvKXwZdhiig?feature=oembed\" frameborder=\"0\" allow=\"accelerometer; autoplay; clipboard-write; encrypted-media; gyroscope; picture-in-picture; web-share\" referrerpolicy=\"strict-origin-when-cross-origin\" allowfullscreen><\/iframe><\/div>\n<p><img decoding=\"async\" class=\"alignnone size-medium wp-image-118696\" src=\"http:\/\/gentedebasquet.com.ar\/sitio\/wp-content\/uploads\/2025\/10\/7b32dce6-2ab6-405c-add4-3ebead59337f-300x300.jpg\" alt=\"\" width=\"300\" height=\"300\" srcset=\"https:\/\/gentedebasquet.com.ar\/sitio\/wp-content\/uploads\/2025\/10\/7b32dce6-2ab6-405c-add4-3ebead59337f-300x300.jpg 300w, https:\/\/gentedebasquet.com.ar\/sitio\/wp-content\/uploads\/2025\/10\/7b32dce6-2ab6-405c-add4-3ebead59337f-1024x1024.jpg 1024w, https:\/\/gentedebasquet.com.ar\/sitio\/wp-content\/uploads\/2025\/10\/7b32dce6-2ab6-405c-add4-3ebead59337f-150x150.jpg 150w, https:\/\/gentedebasquet.com.ar\/sitio\/wp-content\/uploads\/2025\/10\/7b32dce6-2ab6-405c-add4-3ebead59337f-768x768.jpg 768w, https:\/\/gentedebasquet.com.ar\/sitio\/wp-content\/uploads\/2025\/10\/7b32dce6-2ab6-405c-add4-3ebead59337f-1536x1536.jpg 1536w, https:\/\/gentedebasquet.com.ar\/sitio\/wp-content\/uploads\/2025\/10\/7b32dce6-2ab6-405c-add4-3ebead59337f-75x75.jpg 75w, https:\/\/gentedebasquet.com.ar\/sitio\/wp-content\/uploads\/2025\/10\/7b32dce6-2ab6-405c-add4-3ebead59337f-350x350.jpg 350w, https:\/\/gentedebasquet.com.ar\/sitio\/wp-content\/uploads\/2025\/10\/7b32dce6-2ab6-405c-add4-3ebead59337f-750x750.jpg 750w, https:\/\/gentedebasquet.com.ar\/sitio\/wp-content\/uploads\/2025\/10\/7b32dce6-2ab6-405c-add4-3ebead59337f-1140x1140.jpg 1140w, https:\/\/gentedebasquet.com.ar\/sitio\/wp-content\/uploads\/2025\/10\/7b32dce6-2ab6-405c-add4-3ebead59337f.jpg 1600w\" sizes=\"(max-width: 300px) 100vw, 300px\" \/><\/p>\n<blockquote><p>\u201cHoy tuvimos bastante rotaci\u00f3n, se nos complic\u00f3 en alg\u00fan momento, pero salimos en el segundo tiempo con otra actitud. Hab\u00edamos defendido bien, pero atacado mal. Corregimos y nos llevamos la victoria. Estamos siendo irregulares en algunos cuartos y hay que mejorarlo. Se viene Comercial, sabemos a qu\u00e9 rival nos enfrentamos, es duro y vamos a ir con todo. Llegamos bien an\u00edmicamente, estos \u00faltimos partidos con triunfos nos hacen llegar con algo m\u00e1s de confianza\u201d, Braian Baier (Altense).<\/p><\/blockquote>\n<p><img decoding=\"async\" class=\"alignnone size-medium wp-image-118690\" src=\"http:\/\/gentedebasquet.com.ar\/sitio\/wp-content\/uploads\/2025\/10\/DSC_8163-300x208.jpg\" alt=\"\" width=\"300\" height=\"208\" srcset=\"https:\/\/gentedebasquet.com.ar\/sitio\/wp-content\/uploads\/2025\/10\/DSC_8163-300x208.jpg 300w, https:\/\/gentedebasquet.com.ar\/sitio\/wp-content\/uploads\/2025\/10\/DSC_8163.jpg 650w\" sizes=\"(max-width: 300px) 100vw, 300px\" \/><\/p>\n<p><img decoding=\"async\" class=\"alignnone size-medium wp-image-118695\" src=\"http:\/\/gentedebasquet.com.ar\/sitio\/wp-content\/uploads\/2025\/10\/03cb3173-d78f-41a2-bb1b-177d4832f422-300x300.jpg\" alt=\"\" width=\"300\" height=\"300\" srcset=\"https:\/\/gentedebasquet.com.ar\/sitio\/wp-content\/uploads\/2025\/10\/03cb3173-d78f-41a2-bb1b-177d4832f422-300x300.jpg 300w, https:\/\/gentedebasquet.com.ar\/sitio\/wp-content\/uploads\/2025\/10\/03cb3173-d78f-41a2-bb1b-177d4832f422-1024x1024.jpg 1024w, https:\/\/gentedebasquet.com.ar\/sitio\/wp-content\/uploads\/2025\/10\/03cb3173-d78f-41a2-bb1b-177d4832f422-150x150.jpg 150w, https:\/\/gentedebasquet.com.ar\/sitio\/wp-content\/uploads\/2025\/10\/03cb3173-d78f-41a2-bb1b-177d4832f422-768x768.jpg 768w, https:\/\/gentedebasquet.com.ar\/sitio\/wp-content\/uploads\/2025\/10\/03cb3173-d78f-41a2-bb1b-177d4832f422-1536x1536.jpg 1536w, https:\/\/gentedebasquet.com.ar\/sitio\/wp-content\/uploads\/2025\/10\/03cb3173-d78f-41a2-bb1b-177d4832f422-75x75.jpg 75w, https:\/\/gentedebasquet.com.ar\/sitio\/wp-content\/uploads\/2025\/10\/03cb3173-d78f-41a2-bb1b-177d4832f422-350x350.jpg 350w, https:\/\/gentedebasquet.com.ar\/sitio\/wp-content\/uploads\/2025\/10\/03cb3173-d78f-41a2-bb1b-177d4832f422-750x750.jpg 750w, https:\/\/gentedebasquet.com.ar\/sitio\/wp-content\/uploads\/2025\/10\/03cb3173-d78f-41a2-bb1b-177d4832f422-1140x1140.jpg 1140w, https:\/\/gentedebasquet.com.ar\/sitio\/wp-content\/uploads\/2025\/10\/03cb3173-d78f-41a2-bb1b-177d4832f422.jpg 1600w\" sizes=\"(max-width: 300px) 100vw, 300px\" \/><\/p>\n<p><strong>S\u00edntesis \u2013 Segunda Divisi\u00f3n \u2013 Fecha 15<\/strong><\/p>\n<p><strong>Ateneo 51:<\/strong>\u00a0Mat\u00edas Leiva 9, Nahuel Ilacqua Donnari 11, Franco Percello 4, Brian Solchman 6 y Nicol\u00e1s Bejarano 5, (<strong>FI);<\/strong>\u00a0Marcos Casco 5, Lucas G\u00f3mez Ponce 4, Mariano Acosta 0, Gian Domenichetti 2, Ian Costa 3, Vicente Ghilardi 0 y El\u00edas Ar\u00e9valo 2.\u00a0<strong>DT: Alexis Amarfil.<\/strong><\/p>\n<p><strong>Altense 70<\/strong>: Mateo Ortega 7, Juan Manuel Bicondoa 12, Bruno D\u00b4Amico 7, Braian Baier 12 y Nahuel Zanabria 9,\u00a0<strong>(F.I.);<\/strong>\u00a0Daniel Agalupe 0, Ezequiel Pordomingo 0, M\u00e1ximo Simoncini 2, Lautaro Jaimes 14, Nahuel Altamirano 0, \u00c1lvaro Lorca 0 y Joaqu\u00edn G\u00f3mez 7.\u00a0<strong>DT:<\/strong>\u00a0<strong>Nicol\u00e1s Altamirano.<\/strong><\/p>\n<p>Parciales: 9-18; 21-24 (12-6): 35-51 (14-27); y 51-70 (16-19).<\/p>\n<p>\u00c1rbitros: Horacio Sed\u00e1n, Mauro Guallan y Marcelo Gordillo.<\/p>\n<p>Estadio: Luis Polizzi (Ateneo).<\/p>\n<p><img decoding=\"async\" class=\"alignnone size-medium wp-image-118691\" src=\"http:\/\/gentedebasquet.com.ar\/sitio\/wp-content\/uploads\/2025\/10\/DSC_8160-300x200.jpg\" alt=\"\" width=\"300\" height=\"200\" srcset=\"https:\/\/gentedebasquet.com.ar\/sitio\/wp-content\/uploads\/2025\/10\/DSC_8160-300x200.jpg 300w, https:\/\/gentedebasquet.com.ar\/sitio\/wp-content\/uploads\/2025\/10\/DSC_8160.jpg 650w\" sizes=\"(max-width: 300px) 100vw, 300px\" \/><\/p>\n<p>&nbsp;<\/p>\n<p>&nbsp;<\/p>\n<p>Fotos: Marcelo Barth (Punta Noticias)<\/p>\n","protected":false},"excerpt":{"rendered":"<p>Le gan\u00f3 70 a 51 a Ateneo. Braian Baier con 12 puntos m\u00e1s 7 rebotes y 3 asistencias result\u00f3 la figura del verde. Adem\u00e1s, Lautaro Jaimes aport\u00f3 14 y Juan Manuel Bicondoa 12. El elenco dirigido por Nicol\u00e1s Altamirano disputar\u00e1 el play in contra Comercial, en cancha de Villa Mitre (viernes a las 21.30 horas). [&hellip;]<\/p>\n","protected":false},"author":62,"featured_media":118692,"comment_status":"closed","ping_status":"open","sticky":false,"template":"","format":"standard","meta":{"jnews-multi-image_gallery":[],"jnews_single_post":[],"jnews_primary_category":[],"footnotes":""},"categories":[25,101],"tags":[357,213,1726,1940],"class_list":["post-118689","post","type-post","status-publish","format-standard","has-post-thumbnail","hentry","category-segunda","category-slide","tag-abb","tag-altense","tag-ateneo","tag-torneo-de-segunda"],"yoast_head":"<!-- This site is optimized with the Yoast SEO plugin v27.5 - https:\/\/yoast.com\/product\/yoast-seo-wordpress\/ -->\n<title>Altense cerr\u00f3 la fase regular con una sonrisa - Gente de B\u00e1squet<\/title>\n<meta name=\"robots\" content=\"index, follow, max-snippet:-1, max-image-preview:large, max-video-preview:-1\" \/>\n<link rel=\"canonical\" href=\"https:\/\/gentedebasquet.com.ar\/sitio\/2025\/10\/23\/altense-cerro-la-fase-regular-con-una-sonrisa\/\" \/>\n<meta property=\"og:locale\" content=\"es_ES\" \/>\n<meta property=\"og:type\" content=\"article\" \/>\n<meta property=\"og:title\" content=\"Altense cerr\u00f3 la fase regular con una sonrisa - Gente de B\u00e1squet\" \/>\n<meta property=\"og:description\" content=\"Le gan\u00f3 70 a 51 a Ateneo. Braian Baier con 12 puntos m\u00e1s 7 rebotes y 3 asistencias result\u00f3 la figura del verde. Adem\u00e1s, Lautaro Jaimes aport\u00f3 14 y Juan Manuel Bicondoa 12. El elenco dirigido por Nicol\u00e1s Altamirano disputar\u00e1 el play in contra Comercial, en cancha de Villa Mitre (viernes a las 21.30 horas). [&hellip;]\" \/>\n<meta property=\"og:url\" content=\"https:\/\/gentedebasquet.com.ar\/sitio\/2025\/10\/23\/altense-cerro-la-fase-regular-con-una-sonrisa\/\" \/>\n<meta property=\"og:site_name\" content=\"Gente de B\u00e1squet\" \/>\n<meta property=\"article:published_time\" content=\"2025-10-23T03:54:26+00:00\" \/>\n<meta property=\"article:modified_time\" content=\"2025-10-23T15:56:28+00:00\" \/>\n<meta property=\"og:image\" content=\"https:\/\/gentedebasquet.com.ar\/sitio\/wp-content\/uploads\/2025\/10\/DSC_8167.jpg\" \/>\n\t<meta property=\"og:image:width\" content=\"750\" \/>\n\t<meta property=\"og:image:height\" content=\"374\" \/>\n\t<meta property=\"og:image:type\" content=\"image\/jpeg\" \/>\n<meta name=\"author\" content=\"Mat\u00edas Dom\u00ednguez\" \/>\n<meta name=\"twitter:card\" content=\"summary_large_image\" \/>\n<meta name=\"twitter:label1\" content=\"Escrito por\" \/>\n\t<meta name=\"twitter:data1\" content=\"Mat\u00edas Dom\u00ednguez\" \/>\n\t<meta name=\"twitter:label2\" content=\"Tiempo de lectura\" \/>\n\t<meta name=\"twitter:data2\" content=\"3 minutos\" \/>\n<script type=\"application\/ld+json\" class=\"yoast-schema-graph\">{\"@context\":\"https:\\\/\\\/schema.org\",\"@graph\":[{\"@type\":\"Article\",\"@id\":\"https:\\\/\\\/gentedebasquet.com.ar\\\/sitio\\\/2025\\\/10\\\/23\\\/altense-cerro-la-fase-regular-con-una-sonrisa\\\/#article\",\"isPartOf\":{\"@id\":\"https:\\\/\\\/gentedebasquet.com.ar\\\/sitio\\\/2025\\\/10\\\/23\\\/altense-cerro-la-fase-regular-con-una-sonrisa\\\/\"},\"author\":{\"name\":\"Mat\u00edas Dom\u00ednguez\",\"@id\":\"http:\\\/\\\/gentedebasquet.com.ar\\\/sitio\\\/#\\\/schema\\\/person\\\/2df9550994560b26db96aa8de5494221\"},\"headline\":\"Altense cerr\u00f3 la fase regular con una sonrisa\",\"datePublished\":\"2025-10-23T03:54:26+00:00\",\"dateModified\":\"2025-10-23T15:56:28+00:00\",\"mainEntityOfPage\":{\"@id\":\"https:\\\/\\\/gentedebasquet.com.ar\\\/sitio\\\/2025\\\/10\\\/23\\\/altense-cerro-la-fase-regular-con-una-sonrisa\\\/\"},\"wordCount\":366,\"image\":{\"@id\":\"https:\\\/\\\/gentedebasquet.com.ar\\\/sitio\\\/2025\\\/10\\\/23\\\/altense-cerro-la-fase-regular-con-una-sonrisa\\\/#primaryimage\"},\"thumbnailUrl\":\"https:\\\/\\\/gentedebasquet.com.ar\\\/sitio\\\/wp-content\\\/uploads\\\/2025\\\/10\\\/DSC_8167.jpg\",\"keywords\":[\"ABB\",\"Altense\",\"Ateneo\",\"Torneo de Segunda\"],\"articleSection\":[\"Segunda\",\"Slide\"],\"inLanguage\":\"es\"},{\"@type\":\"WebPage\",\"@id\":\"https:\\\/\\\/gentedebasquet.com.ar\\\/sitio\\\/2025\\\/10\\\/23\\\/altense-cerro-la-fase-regular-con-una-sonrisa\\\/\",\"url\":\"https:\\\/\\\/gentedebasquet.com.ar\\\/sitio\\\/2025\\\/10\\\/23\\\/altense-cerro-la-fase-regular-con-una-sonrisa\\\/\",\"name\":\"Altense cerr\u00f3 la fase regular con una sonrisa - Gente de B\u00e1squet\",\"isPartOf\":{\"@id\":\"http:\\\/\\\/gentedebasquet.com.ar\\\/sitio\\\/#website\"},\"primaryImageOfPage\":{\"@id\":\"https:\\\/\\\/gentedebasquet.com.ar\\\/sitio\\\/2025\\\/10\\\/23\\\/altense-cerro-la-fase-regular-con-una-sonrisa\\\/#primaryimage\"},\"image\":{\"@id\":\"https:\\\/\\\/gentedebasquet.com.ar\\\/sitio\\\/2025\\\/10\\\/23\\\/altense-cerro-la-fase-regular-con-una-sonrisa\\\/#primaryimage\"},\"thumbnailUrl\":\"https:\\\/\\\/gentedebasquet.com.ar\\\/sitio\\\/wp-content\\\/uploads\\\/2025\\\/10\\\/DSC_8167.jpg\",\"datePublished\":\"2025-10-23T03:54:26+00:00\",\"dateModified\":\"2025-10-23T15:56:28+00:00\",\"author\":{\"@id\":\"http:\\\/\\\/gentedebasquet.com.ar\\\/sitio\\\/#\\\/schema\\\/person\\\/2df9550994560b26db96aa8de5494221\"},\"breadcrumb\":{\"@id\":\"https:\\\/\\\/gentedebasquet.com.ar\\\/sitio\\\/2025\\\/10\\\/23\\\/altense-cerro-la-fase-regular-con-una-sonrisa\\\/#breadcrumb\"},\"inLanguage\":\"es\",\"potentialAction\":[{\"@type\":\"ReadAction\",\"target\":[\"https:\\\/\\\/gentedebasquet.com.ar\\\/sitio\\\/2025\\\/10\\\/23\\\/altense-cerro-la-fase-regular-con-una-sonrisa\\\/\"]}]},{\"@type\":\"ImageObject\",\"inLanguage\":\"es\",\"@id\":\"https:\\\/\\\/gentedebasquet.com.ar\\\/sitio\\\/2025\\\/10\\\/23\\\/altense-cerro-la-fase-regular-con-una-sonrisa\\\/#primaryimage\",\"url\":\"https:\\\/\\\/gentedebasquet.com.ar\\\/sitio\\\/wp-content\\\/uploads\\\/2025\\\/10\\\/DSC_8167.jpg\",\"contentUrl\":\"https:\\\/\\\/gentedebasquet.com.ar\\\/sitio\\\/wp-content\\\/uploads\\\/2025\\\/10\\\/DSC_8167.jpg\",\"width\":750,\"height\":374},{\"@type\":\"BreadcrumbList\",\"@id\":\"https:\\\/\\\/gentedebasquet.com.ar\\\/sitio\\\/2025\\\/10\\\/23\\\/altense-cerro-la-fase-regular-con-una-sonrisa\\\/#breadcrumb\",\"itemListElement\":[{\"@type\":\"ListItem\",\"position\":1,\"name\":\"Portada\",\"item\":\"http:\\\/\\\/gentedebasquet.com.ar\\\/sitio\\\/\"},{\"@type\":\"ListItem\",\"position\":2,\"name\":\"Altense cerr\u00f3 la fase regular con una sonrisa\"}]},{\"@type\":\"WebSite\",\"@id\":\"http:\\\/\\\/gentedebasquet.com.ar\\\/sitio\\\/#website\",\"url\":\"http:\\\/\\\/gentedebasquet.com.ar\\\/sitio\\\/\",\"name\":\"Gente de B\u00e1squet\",\"description\":\"La revista del basquet de Bah\u00eda Blanca\",\"potentialAction\":[{\"@type\":\"SearchAction\",\"target\":{\"@type\":\"EntryPoint\",\"urlTemplate\":\"http:\\\/\\\/gentedebasquet.com.ar\\\/sitio\\\/?s={search_term_string}\"},\"query-input\":{\"@type\":\"PropertyValueSpecification\",\"valueRequired\":true,\"valueName\":\"search_term_string\"}}],\"inLanguage\":\"es\"},{\"@type\":\"Person\",\"@id\":\"http:\\\/\\\/gentedebasquet.com.ar\\\/sitio\\\/#\\\/schema\\\/person\\\/2df9550994560b26db96aa8de5494221\",\"name\":\"Mat\u00edas Dom\u00ednguez\",\"image\":{\"@type\":\"ImageObject\",\"inLanguage\":\"es\",\"@id\":\"https:\\\/\\\/secure.gravatar.com\\\/avatar\\\/29491ec59dbc2f899f1cb4052e9f2827b5aee3a84bdc66a9fd6789abc018a99d?s=96&d=mm&r=g\",\"url\":\"https:\\\/\\\/secure.gravatar.com\\\/avatar\\\/29491ec59dbc2f899f1cb4052e9f2827b5aee3a84bdc66a9fd6789abc018a99d?s=96&d=mm&r=g\",\"contentUrl\":\"https:\\\/\\\/secure.gravatar.com\\\/avatar\\\/29491ec59dbc2f899f1cb4052e9f2827b5aee3a84bdc66a9fd6789abc018a99d?s=96&d=mm&r=g\",\"caption\":\"Mat\u00edas Dom\u00ednguez\"},\"url\":\"https:\\\/\\\/gentedebasquet.com.ar\\\/sitio\\\/author\\\/matias-dominguez\\\/\"}]}<\/script>\n<!-- \/ Yoast SEO plugin. -->","yoast_head_json":{"title":"Altense cerr\u00f3 la fase regular con una sonrisa - Gente de B\u00e1squet","robots":{"index":"index","follow":"follow","max-snippet":"max-snippet:-1","max-image-preview":"max-image-preview:large","max-video-preview":"max-video-preview:-1"},"canonical":"https:\/\/gentedebasquet.com.ar\/sitio\/2025\/10\/23\/altense-cerro-la-fase-regular-con-una-sonrisa\/","og_locale":"es_ES","og_type":"article","og_title":"Altense cerr\u00f3 la fase regular con una sonrisa - Gente de B\u00e1squet","og_description":"Le gan\u00f3 70 a 51 a Ateneo. Braian Baier con 12 puntos m\u00e1s 7 rebotes y 3 asistencias result\u00f3 la figura del verde. Adem\u00e1s, Lautaro Jaimes aport\u00f3 14 y Juan Manuel Bicondoa 12. El elenco dirigido por Nicol\u00e1s Altamirano disputar\u00e1 el play in contra Comercial, en cancha de Villa Mitre (viernes a las 21.30 horas). [&hellip;]","og_url":"https:\/\/gentedebasquet.com.ar\/sitio\/2025\/10\/23\/altense-cerro-la-fase-regular-con-una-sonrisa\/","og_site_name":"Gente de B\u00e1squet","article_published_time":"2025-10-23T03:54:26+00:00","article_modified_time":"2025-10-23T15:56:28+00:00","og_image":[{"width":750,"height":374,"url":"https:\/\/gentedebasquet.com.ar\/sitio\/wp-content\/uploads\/2025\/10\/DSC_8167.jpg","type":"image\/jpeg"}],"author":"Mat\u00edas Dom\u00ednguez","twitter_card":"summary_large_image","twitter_misc":{"Escrito por":"Mat\u00edas Dom\u00ednguez","Tiempo de lectura":"3 minutos"},"schema":{"@context":"https:\/\/schema.org","@graph":[{"@type":"Article","@id":"https:\/\/gentedebasquet.com.ar\/sitio\/2025\/10\/23\/altense-cerro-la-fase-regular-con-una-sonrisa\/#article","isPartOf":{"@id":"https:\/\/gentedebasquet.com.ar\/sitio\/2025\/10\/23\/altense-cerro-la-fase-regular-con-una-sonrisa\/"},"author":{"name":"Mat\u00edas Dom\u00ednguez","@id":"http:\/\/gentedebasquet.com.ar\/sitio\/#\/schema\/person\/2df9550994560b26db96aa8de5494221"},"headline":"Altense cerr\u00f3 la fase regular con una sonrisa","datePublished":"2025-10-23T03:54:26+00:00","dateModified":"2025-10-23T15:56:28+00:00","mainEntityOfPage":{"@id":"https:\/\/gentedebasquet.com.ar\/sitio\/2025\/10\/23\/altense-cerro-la-fase-regular-con-una-sonrisa\/"},"wordCount":366,"image":{"@id":"https:\/\/gentedebasquet.com.ar\/sitio\/2025\/10\/23\/altense-cerro-la-fase-regular-con-una-sonrisa\/#primaryimage"},"thumbnailUrl":"https:\/\/gentedebasquet.com.ar\/sitio\/wp-content\/uploads\/2025\/10\/DSC_8167.jpg","keywords":["ABB","Altense","Ateneo","Torneo de Segunda"],"articleSection":["Segunda","Slide"],"inLanguage":"es"},{"@type":"WebPage","@id":"https:\/\/gentedebasquet.com.ar\/sitio\/2025\/10\/23\/altense-cerro-la-fase-regular-con-una-sonrisa\/","url":"https:\/\/gentedebasquet.com.ar\/sitio\/2025\/10\/23\/altense-cerro-la-fase-regular-con-una-sonrisa\/","name":"Altense cerr\u00f3 la fase regular con una sonrisa - Gente de B\u00e1squet","isPartOf":{"@id":"http:\/\/gentedebasquet.com.ar\/sitio\/#website"},"primaryImageOfPage":{"@id":"https:\/\/gentedebasquet.com.ar\/sitio\/2025\/10\/23\/altense-cerro-la-fase-regular-con-una-sonrisa\/#primaryimage"},"image":{"@id":"https:\/\/gentedebasquet.com.ar\/sitio\/2025\/10\/23\/altense-cerro-la-fase-regular-con-una-sonrisa\/#primaryimage"},"thumbnailUrl":"https:\/\/gentedebasquet.com.ar\/sitio\/wp-content\/uploads\/2025\/10\/DSC_8167.jpg","datePublished":"2025-10-23T03:54:26+00:00","dateModified":"2025-10-23T15:56:28+00:00","author":{"@id":"http:\/\/gentedebasquet.com.ar\/sitio\/#\/schema\/person\/2df9550994560b26db96aa8de5494221"},"breadcrumb":{"@id":"https:\/\/gentedebasquet.com.ar\/sitio\/2025\/10\/23\/altense-cerro-la-fase-regular-con-una-sonrisa\/#breadcrumb"},"inLanguage":"es","potentialAction":[{"@type":"ReadAction","target":["https:\/\/gentedebasquet.com.ar\/sitio\/2025\/10\/23\/altense-cerro-la-fase-regular-con-una-sonrisa\/"]}]},{"@type":"ImageObject","inLanguage":"es","@id":"https:\/\/gentedebasquet.com.ar\/sitio\/2025\/10\/23\/altense-cerro-la-fase-regular-con-una-sonrisa\/#primaryimage","url":"https:\/\/gentedebasquet.com.ar\/sitio\/wp-content\/uploads\/2025\/10\/DSC_8167.jpg","contentUrl":"https:\/\/gentedebasquet.com.ar\/sitio\/wp-content\/uploads\/2025\/10\/DSC_8167.jpg","width":750,"height":374},{"@type":"BreadcrumbList","@id":"https:\/\/gentedebasquet.com.ar\/sitio\/2025\/10\/23\/altense-cerro-la-fase-regular-con-una-sonrisa\/#breadcrumb","itemListElement":[{"@type":"ListItem","position":1,"name":"Portada","item":"http:\/\/gentedebasquet.com.ar\/sitio\/"},{"@type":"ListItem","position":2,"name":"Altense cerr\u00f3 la fase regular con una sonrisa"}]},{"@type":"WebSite","@id":"http:\/\/gentedebasquet.com.ar\/sitio\/#website","url":"http:\/\/gentedebasquet.com.ar\/sitio\/","name":"Gente de B\u00e1squet","description":"La revista del basquet de Bah\u00eda Blanca","potentialAction":[{"@type":"SearchAction","target":{"@type":"EntryPoint","urlTemplate":"http:\/\/gentedebasquet.com.ar\/sitio\/?s={search_term_string}"},"query-input":{"@type":"PropertyValueSpecification","valueRequired":true,"valueName":"search_term_string"}}],"inLanguage":"es"},{"@type":"Person","@id":"http:\/\/gentedebasquet.com.ar\/sitio\/#\/schema\/person\/2df9550994560b26db96aa8de5494221","name":"Mat\u00edas Dom\u00ednguez","image":{"@type":"ImageObject","inLanguage":"es","@id":"https:\/\/secure.gravatar.com\/avatar\/29491ec59dbc2f899f1cb4052e9f2827b5aee3a84bdc66a9fd6789abc018a99d?s=96&d=mm&r=g","url":"https:\/\/secure.gravatar.com\/avatar\/29491ec59dbc2f899f1cb4052e9f2827b5aee3a84bdc66a9fd6789abc018a99d?s=96&d=mm&r=g","contentUrl":"https:\/\/secure.gravatar.com\/avatar\/29491ec59dbc2f899f1cb4052e9f2827b5aee3a84bdc66a9fd6789abc018a99d?s=96&d=mm&r=g","caption":"Mat\u00edas Dom\u00ednguez"},"url":"https:\/\/gentedebasquet.com.ar\/sitio\/author\/matias-dominguez\/"}]}},"_links":{"self":[{"href":"https:\/\/gentedebasquet.com.ar\/sitio\/wp-json\/wp\/v2\/posts\/118689","targetHints":{"allow":["GET"]}}],"collection":[{"href":"https:\/\/gentedebasquet.com.ar\/sitio\/wp-json\/wp\/v2\/posts"}],"about":[{"href":"https:\/\/gentedebasquet.com.ar\/sitio\/wp-json\/wp\/v2\/types\/post"}],"author":[{"embeddable":true,"href":"https:\/\/gentedebasquet.com.ar\/sitio\/wp-json\/wp\/v2\/users\/62"}],"replies":[{"embeddable":true,"href":"https:\/\/gentedebasquet.com.ar\/sitio\/wp-json\/wp\/v2\/comments?post=118689"}],"version-history":[{"count":3,"href":"https:\/\/gentedebasquet.com.ar\/sitio\/wp-json\/wp\/v2\/posts\/118689\/revisions"}],"predecessor-version":[{"id":118736,"href":"https:\/\/gentedebasquet.com.ar\/sitio\/wp-json\/wp\/v2\/posts\/118689\/revisions\/118736"}],"wp:featuredmedia":[{"embeddable":true,"href":"https:\/\/gentedebasquet.com.ar\/sitio\/wp-json\/wp\/v2\/media\/118692"}],"wp:attachment":[{"href":"https:\/\/gentedebasquet.com.ar\/sitio\/wp-json\/wp\/v2\/media?parent=118689"}],"wp:term":[{"taxonomy":"category","embeddable":true,"href":"https:\/\/gentedebasquet.com.ar\/sitio\/wp-json\/wp\/v2\/categories?post=118689"},{"taxonomy":"post_tag","embeddable":true,"href":"https:\/\/gentedebasquet.com.ar\/sitio\/wp-json\/wp\/v2\/tags?post=118689"}],"curies":[{"name":"wp","href":"https:\/\/api.w.org\/{rel}","templated":true}]}}