{"id":118741,"date":"2025-10-28T13:52:29","date_gmt":"2025-10-28T12:52:29","guid":{"rendered":"https:\/\/gentedebasquet.com.ar\/sitio\/?p=118741"},"modified":"2025-10-28T14:51:16","modified_gmt":"2025-10-28T13:51:16","slug":"alem-volvio-a-ganar-con-el-tiro-del-final","status":"publish","type":"post","link":"https:\/\/gentedebasquet.com.ar\/sitio\/2025\/10\/28\/alem-volvio-a-ganar-con-el-tiro-del-final\/","title":{"rendered":"Alem volvi\u00f3 a ganar con el tiro del final"},"content":{"rendered":"<p><strong>El plantel que dirige Franco Maceratesi logr\u00f3 levantar un tr\u00e1mite que el jueves pasado, en el momento de la suspensi\u00f3n por la humedad, lo ten\u00eda abajo en el marcador y ayer finaliz\u00f3 triunfando frente a Pueyrredon con otro lanzamiento ganador de Howard Wilkerson (muy discutido, porque parece realizado fuera del tiempo reglamentario). El estadounidense tambien le dio la victoria a Alem con dos puntos en el \u00faltimo segundo jugando contra Estrella a mediados de junio. <\/strong><\/p>\n<p><strong>Adem\u00e1s de ser el autor de ese lanzamiento Wilkerson fue el jugador m\u00e1s valioso del equipo vencedor, con 17 puntos, 14 rebotes y 4 asistencias. En esta reanudaci\u00f3n del cotejo no pudo ingresar Mauro Zalguizuri, muy limitado en sus movimientos por una contractura en el cuello. Como reemplazo del base cont\u00f3 con varios minutos de juego el sub-17 Valent\u00edn Di Chiara, que aprovech\u00f3 cada instante de forma excelente: finaliz\u00f3 con 14 tantos (4\/9 en triples) y 4 rebotes. <\/strong><\/p>\n<p><strong>Lucas Lucchetti tambien tuvo poca participaci\u00f3n por el lado del anfitri\u00f3n, porque sobre el cierre del cuarto inicial sufri\u00f3 una lesi\u00f3n en un dedo. Volvi\u00f3 en el tercer cuarto para intentar movimientos pero solo pudo resistir activo un pu\u00f1ado de minutos m\u00e1s.\u00a0<\/strong><\/p>\n<p><strong>Empezando por lo sucedido en aquel jueves lluvioso hay que decir que Pueyrredon fue muy superior durante los primeros diez minutos del partido. Alcanz\u00f3 dos veces una m\u00e1xima ventaja de 11 puntos, que sobre el final su rival logr\u00f3 achicar a siete (20-13). Ya en la noche del lunes este primer segmento se cerr\u00f3 con el local ganando 25-17.\u00a0\u00a0<\/strong><\/p>\n<p><strong>Con un inicio eficaz en triples y desarrollando r\u00e1pidos contraataques, Alem inici\u00f3 desde el segundo cuarto su recuperaci\u00f3n. A falta de un minuto para el cierre del primer tiempo, el verdirrojo lleg\u00f3 a ganar 40-39 (parcial de 23-14) y con un tiro libre posterior anotado por Carlos Balmaceda, se fueron al descanso largo igualando en 40.<\/strong><\/p>\n<p><strong>El visitante volvi\u00f3 a pasar al frente en el tercer cap\u00edtulo del enfrentamiento, esta vez con m\u00e1s contundencia. Tuvo como principales virtudes en este tramo la tarea en la zona pintada y la concreci\u00f3n de segundas chances. Pueyrredon perdi\u00f3 el foco, su labor en esta parte se pareci\u00f3 muy poco a la del comienzo.<\/strong><\/p>\n<p><strong>Los siete tantos de luz que disfrut\u00f3 Alem al inicio del \u00faltimo cuarto (61-54) desaparecieron r\u00e1pido. Los diez minutos culminantes se caracterizaron por la paridad en los n\u00fameros. De esta manera se lleg\u00f3 a los \u00faltimos segundos del duelo, cuando todo se defini\u00f3. En su \u00faltimo ataque de la jornada Pueyrredon empat\u00f3 el resultado en 68 gracias a un tiro de dos puntos de Carlos Balmaceda. Y en la respuesta inmediata, Alem debi\u00f3 sacar del fondo porque Wilkerson hab\u00eda recibido falta. La pelota desde el lateral fue otra vez hacia Wilkerson, que con un r\u00e1pido movimiento se sac\u00f3 de encima a su doble marca y convirti\u00f3 el tiro que le permiti\u00f3 festejar a \u00e9l, a sus compa\u00f1eros y a todos sus hinchas presentes en el Vicente Palermo.\u00a0\u00a0<\/strong><\/p>\n<p><strong> \u00a0\u00a0<\/strong><\/p>\n<p><strong> \u00a0<\/strong><\/p>\n<p><strong>\u00a0<\/strong><\/p>\n<div class=\"jeg_video_container jeg_video_content\">\n<div>\n<p>&nbsp;<\/p>\n<div class=\"jeg_video_container jeg_video_content\"><iframe loading=\"lazy\" title=\"#Primera - Fecha #9: Pueyrredon 68 - 70 Leandro N. Alem\" width=\"500\" height=\"281\" src=\"https:\/\/www.youtube.com\/embed\/BICuVqho02g?feature=oembed\" frameborder=\"0\" allow=\"accelerometer; autoplay; clipboard-write; encrypted-media; gyroscope; picture-in-picture; web-share\" referrerpolicy=\"strict-origin-when-cross-origin\" allowfullscreen><\/iframe><\/div>\n<\/div>\n<div class=\"jeg_video_container jeg_video_content\">\n<div><\/div>\n<div class=\"jeg_video_container jeg_video_content\">\n<div class=\"jeg_video_container jeg_video_content\"><img decoding=\"async\" class=\"alignnone wp-image-118829 \" src=\"http:\/\/gentedebasquet.com.ar\/sitio\/wp-content\/uploads\/2025\/10\/CLAVEAlem-2-300x300.png\" alt=\"\" width=\"545\" height=\"545\" srcset=\"https:\/\/gentedebasquet.com.ar\/sitio\/wp-content\/uploads\/2025\/10\/CLAVEAlem-2-300x300.png 300w, https:\/\/gentedebasquet.com.ar\/sitio\/wp-content\/uploads\/2025\/10\/CLAVEAlem-2-1024x1024.png 1024w, https:\/\/gentedebasquet.com.ar\/sitio\/wp-content\/uploads\/2025\/10\/CLAVEAlem-2-150x150.png 150w, https:\/\/gentedebasquet.com.ar\/sitio\/wp-content\/uploads\/2025\/10\/CLAVEAlem-2-768x768.png 768w, https:\/\/gentedebasquet.com.ar\/sitio\/wp-content\/uploads\/2025\/10\/CLAVEAlem-2-1536x1536.png 1536w, https:\/\/gentedebasquet.com.ar\/sitio\/wp-content\/uploads\/2025\/10\/CLAVEAlem-2-75x75.png 75w, https:\/\/gentedebasquet.com.ar\/sitio\/wp-content\/uploads\/2025\/10\/CLAVEAlem-2-350x350.png 350w, https:\/\/gentedebasquet.com.ar\/sitio\/wp-content\/uploads\/2025\/10\/CLAVEAlem-2-750x750.png 750w, https:\/\/gentedebasquet.com.ar\/sitio\/wp-content\/uploads\/2025\/10\/CLAVEAlem-2-1140x1140.png 1140w, https:\/\/gentedebasquet.com.ar\/sitio\/wp-content\/uploads\/2025\/10\/CLAVEAlem-2.png 2000w\" sizes=\"(max-width: 545px) 100vw, 545px\" \/><\/div>\n<\/div>\n<\/div>\n<\/div>\n<p>&nbsp;<\/p>\n<p>&nbsp;<\/p>\n<p>&nbsp;<\/p>\n<p>&nbsp;<\/p>\n<p>&nbsp;<\/p>\n<p>&nbsp;<\/p>\n<p>&nbsp;<\/p>\n<p>&nbsp;<\/p>\n<p>&nbsp;<\/p>\n<p>&nbsp;<\/p>\n<p>&nbsp;<\/p>\n<p>&nbsp;<\/p>\n<p>&nbsp;<\/p>\n<p>&nbsp;<\/p>\n<p>&nbsp;<\/p>\n<p>&nbsp;<\/p>\n<p>&nbsp;<\/p>\n<p>&nbsp;<\/p>\n<p>&nbsp;<\/p>\n<p>&nbsp;<\/p>\n<p>&nbsp;<\/p>\n<p><img decoding=\"async\" class=\"alignnone wp-image-118828 \" src=\"http:\/\/gentedebasquet.com.ar\/sitio\/wp-content\/uploads\/2025\/10\/MVPAlem-300x300.png\" alt=\"\" width=\"613\" height=\"613\" srcset=\"https:\/\/gentedebasquet.com.ar\/sitio\/wp-content\/uploads\/2025\/10\/MVPAlem-300x300.png 300w, https:\/\/gentedebasquet.com.ar\/sitio\/wp-content\/uploads\/2025\/10\/MVPAlem-1024x1024.png 1024w, https:\/\/gentedebasquet.com.ar\/sitio\/wp-content\/uploads\/2025\/10\/MVPAlem-150x150.png 150w, https:\/\/gentedebasquet.com.ar\/sitio\/wp-content\/uploads\/2025\/10\/MVPAlem-768x768.png 768w, https:\/\/gentedebasquet.com.ar\/sitio\/wp-content\/uploads\/2025\/10\/MVPAlem-1536x1536.png 1536w, https:\/\/gentedebasquet.com.ar\/sitio\/wp-content\/uploads\/2025\/10\/MVPAlem-75x75.png 75w, https:\/\/gentedebasquet.com.ar\/sitio\/wp-content\/uploads\/2025\/10\/MVPAlem-350x350.png 350w, https:\/\/gentedebasquet.com.ar\/sitio\/wp-content\/uploads\/2025\/10\/MVPAlem-750x750.png 750w, https:\/\/gentedebasquet.com.ar\/sitio\/wp-content\/uploads\/2025\/10\/MVPAlem-1140x1140.png 1140w, https:\/\/gentedebasquet.com.ar\/sitio\/wp-content\/uploads\/2025\/10\/MVPAlem.png 2000w\" sizes=\"(max-width: 613px) 100vw, 613px\" \/><\/p>\n<p><strong>S\u00edntesis &#8211; Primera Masculina &#8211; Fecha 9<\/strong><\/p>\n<p><strong>Pueyrredon 68:<\/strong> Lucas Lucchetti 5; Dami\u00e1n Carci 15; Alan Pan 15; Guillermo Mallemaci 12; Carlos Balmaceda 19 <strong>(F.I.)<\/strong> Gregorio Gerhardt; Baltazar Borda 2; Nicol\u00e1s Renzi; Gonzalo Sagasti; Francesco De Tina. <strong>DT: <\/strong>Andr\u00e9s Iannamico.<\/p>\n<p><strong>Leandro N. Alem 70: <\/strong>Mauro Zalguizuri 2; Santiago D&#8217;Annunzio; Tom\u00e1s G\u00f3mez Lepez 5; Ignacio Formiga 4; Howard Wilkerson 17 <strong>(F.I.) <\/strong>Valent\u00edn Di Chiara 14; Jano Wentland 15; Felipe Mandolesi 11; Tom\u00e1s Scolari 2; Franco Pallotti. <strong>DT: <\/strong>Franco Maceratesi.<\/p>\n<p><strong>Parciales<\/strong>: 25-17; 40-40 (15-23); 54-59 (14-19); 68-70 (14-11).<\/p>\n<p><strong>\u00c1rbitros<\/strong>: Sebasti\u00e1n Arcas &#8211; Sebasti\u00e1n Giannino &#8211; Sam Inglera.<\/p>\n<p><strong>Estadio<\/strong>: Vicente Palermo (Pueyrredon).<\/p>\n<p>&nbsp;<\/p>\n<p><img decoding=\"async\" class=\"alignnone wp-image-118840 \" src=\"http:\/\/gentedebasquet.com.ar\/sitio\/wp-content\/uploads\/2025\/10\/vlcsnap-2025-10-28-09h37m57s223-300x169.png\" alt=\"\" width=\"696\" height=\"392\" srcset=\"https:\/\/gentedebasquet.com.ar\/sitio\/wp-content\/uploads\/2025\/10\/vlcsnap-2025-10-28-09h37m57s223-300x169.png 300w, https:\/\/gentedebasquet.com.ar\/sitio\/wp-content\/uploads\/2025\/10\/vlcsnap-2025-10-28-09h37m57s223-1024x576.png 1024w, https:\/\/gentedebasquet.com.ar\/sitio\/wp-content\/uploads\/2025\/10\/vlcsnap-2025-10-28-09h37m57s223-768x432.png 768w, https:\/\/gentedebasquet.com.ar\/sitio\/wp-content\/uploads\/2025\/10\/vlcsnap-2025-10-28-09h37m57s223-750x422.png 750w, https:\/\/gentedebasquet.com.ar\/sitio\/wp-content\/uploads\/2025\/10\/vlcsnap-2025-10-28-09h37m57s223-1140x641.png 1140w, https:\/\/gentedebasquet.com.ar\/sitio\/wp-content\/uploads\/2025\/10\/vlcsnap-2025-10-28-09h37m57s223.png 1280w\" sizes=\"(max-width: 696px) 100vw, 696px\" \/><\/p>\n<p>&nbsp;<\/p>\n","protected":false},"excerpt":{"rendered":"<p>El plantel que dirige Franco Maceratesi logr\u00f3 levantar un tr\u00e1mite que el jueves pasado, en el momento de la suspensi\u00f3n por la humedad, lo ten\u00eda abajo en el marcador y ayer finaliz\u00f3 triunfando frente a Pueyrredon con otro lanzamiento ganador de Howard Wilkerson (muy discutido, porque parece realizado fuera del tiempo reglamentario). El estadounidense tambien [&hellip;]<\/p>\n","protected":false},"author":70,"featured_media":118838,"comment_status":"closed","ping_status":"open","sticky":false,"template":"","format":"standard","meta":{"jnews-multi-image_gallery":[],"jnews_single_post":[],"jnews_primary_category":[],"footnotes":""},"categories":[23,101],"tags":[2024,2041,612,18],"class_list":["post-118741","post","type-post","status-publish","format-standard","has-post-thumbnail","hentry","category-primera","category-slide","tag-carlos-balmaceda","tag-howard-wilkerson","tag-leandro-n-alem","tag-pueyrredon"],"yoast_head":"<!-- This site is optimized with the Yoast SEO plugin v27.5 - https:\/\/yoast.com\/product\/yoast-seo-wordpress\/ -->\n<title>Alem volvi\u00f3 a ganar con el tiro del final - Gente de B\u00e1squet<\/title>\n<meta name=\"robots\" content=\"index, follow, max-snippet:-1, max-image-preview:large, max-video-preview:-1\" \/>\n<link rel=\"canonical\" href=\"https:\/\/gentedebasquet.com.ar\/sitio\/2025\/10\/28\/alem-volvio-a-ganar-con-el-tiro-del-final\/\" \/>\n<meta property=\"og:locale\" content=\"es_ES\" \/>\n<meta property=\"og:type\" content=\"article\" \/>\n<meta property=\"og:title\" content=\"Alem volvi\u00f3 a ganar con el tiro del final - Gente de B\u00e1squet\" \/>\n<meta property=\"og:description\" content=\"El plantel que dirige Franco Maceratesi logr\u00f3 levantar un tr\u00e1mite que el jueves pasado, en el momento de la suspensi\u00f3n por la humedad, lo ten\u00eda abajo en el marcador y ayer finaliz\u00f3 triunfando frente a Pueyrredon con otro lanzamiento ganador de Howard Wilkerson (muy discutido, porque parece realizado fuera del tiempo reglamentario). El estadounidense tambien [&hellip;]\" \/>\n<meta property=\"og:url\" content=\"https:\/\/gentedebasquet.com.ar\/sitio\/2025\/10\/28\/alem-volvio-a-ganar-con-el-tiro-del-final\/\" \/>\n<meta property=\"og:site_name\" content=\"Gente de B\u00e1squet\" \/>\n<meta property=\"article:published_time\" content=\"2025-10-28T12:52:29+00:00\" \/>\n<meta property=\"article:modified_time\" content=\"2025-10-28T13:51:16+00:00\" \/>\n<meta property=\"og:image\" content=\"https:\/\/gentedebasquet.com.ar\/sitio\/wp-content\/uploads\/2025\/10\/wilk.png\" \/>\n\t<meta property=\"og:image:width\" content=\"690\" \/>\n\t<meta property=\"og:image:height\" content=\"319\" \/>\n\t<meta property=\"og:image:type\" content=\"image\/png\" \/>\n<meta name=\"author\" content=\"Andres Camarero\" \/>\n<meta name=\"twitter:card\" content=\"summary_large_image\" \/>\n<meta name=\"twitter:label1\" content=\"Escrito por\" \/>\n\t<meta name=\"twitter:data1\" content=\"Andres Camarero\" \/>\n\t<meta name=\"twitter:label2\" content=\"Tiempo de lectura\" \/>\n\t<meta name=\"twitter:data2\" content=\"4 minutos\" \/>\n<script type=\"application\/ld+json\" class=\"yoast-schema-graph\">{\"@context\":\"https:\\\/\\\/schema.org\",\"@graph\":[{\"@type\":\"Article\",\"@id\":\"https:\\\/\\\/gentedebasquet.com.ar\\\/sitio\\\/2025\\\/10\\\/28\\\/alem-volvio-a-ganar-con-el-tiro-del-final\\\/#article\",\"isPartOf\":{\"@id\":\"https:\\\/\\\/gentedebasquet.com.ar\\\/sitio\\\/2025\\\/10\\\/28\\\/alem-volvio-a-ganar-con-el-tiro-del-final\\\/\"},\"author\":{\"name\":\"Andres Camarero\",\"@id\":\"https:\\\/\\\/gentedebasquet.com.ar\\\/sitio\\\/#\\\/schema\\\/person\\\/6f3e5bc5df127b420a445d22fc9eaa51\"},\"headline\":\"Alem volvi\u00f3 a ganar con el tiro del final\",\"datePublished\":\"2025-10-28T12:52:29+00:00\",\"dateModified\":\"2025-10-28T13:51:16+00:00\",\"mainEntityOfPage\":{\"@id\":\"https:\\\/\\\/gentedebasquet.com.ar\\\/sitio\\\/2025\\\/10\\\/28\\\/alem-volvio-a-ganar-con-el-tiro-del-final\\\/\"},\"wordCount\":640,\"image\":{\"@id\":\"https:\\\/\\\/gentedebasquet.com.ar\\\/sitio\\\/2025\\\/10\\\/28\\\/alem-volvio-a-ganar-con-el-tiro-del-final\\\/#primaryimage\"},\"thumbnailUrl\":\"https:\\\/\\\/gentedebasquet.com.ar\\\/sitio\\\/wp-content\\\/uploads\\\/2025\\\/10\\\/wilk.png\",\"keywords\":[\"Carlos Balmaceda\",\"Howard Wilkerson\",\"Leandro N. Alem\",\"Pueyrredon\"],\"articleSection\":[\"Primera\",\"Slide\"],\"inLanguage\":\"es\"},{\"@type\":\"WebPage\",\"@id\":\"https:\\\/\\\/gentedebasquet.com.ar\\\/sitio\\\/2025\\\/10\\\/28\\\/alem-volvio-a-ganar-con-el-tiro-del-final\\\/\",\"url\":\"https:\\\/\\\/gentedebasquet.com.ar\\\/sitio\\\/2025\\\/10\\\/28\\\/alem-volvio-a-ganar-con-el-tiro-del-final\\\/\",\"name\":\"Alem volvi\u00f3 a ganar con el tiro del final - Gente de B\u00e1squet\",\"isPartOf\":{\"@id\":\"https:\\\/\\\/gentedebasquet.com.ar\\\/sitio\\\/#website\"},\"primaryImageOfPage\":{\"@id\":\"https:\\\/\\\/gentedebasquet.com.ar\\\/sitio\\\/2025\\\/10\\\/28\\\/alem-volvio-a-ganar-con-el-tiro-del-final\\\/#primaryimage\"},\"image\":{\"@id\":\"https:\\\/\\\/gentedebasquet.com.ar\\\/sitio\\\/2025\\\/10\\\/28\\\/alem-volvio-a-ganar-con-el-tiro-del-final\\\/#primaryimage\"},\"thumbnailUrl\":\"https:\\\/\\\/gentedebasquet.com.ar\\\/sitio\\\/wp-content\\\/uploads\\\/2025\\\/10\\\/wilk.png\",\"datePublished\":\"2025-10-28T12:52:29+00:00\",\"dateModified\":\"2025-10-28T13:51:16+00:00\",\"author\":{\"@id\":\"https:\\\/\\\/gentedebasquet.com.ar\\\/sitio\\\/#\\\/schema\\\/person\\\/6f3e5bc5df127b420a445d22fc9eaa51\"},\"breadcrumb\":{\"@id\":\"https:\\\/\\\/gentedebasquet.com.ar\\\/sitio\\\/2025\\\/10\\\/28\\\/alem-volvio-a-ganar-con-el-tiro-del-final\\\/#breadcrumb\"},\"inLanguage\":\"es\",\"potentialAction\":[{\"@type\":\"ReadAction\",\"target\":[\"https:\\\/\\\/gentedebasquet.com.ar\\\/sitio\\\/2025\\\/10\\\/28\\\/alem-volvio-a-ganar-con-el-tiro-del-final\\\/\"]}]},{\"@type\":\"ImageObject\",\"inLanguage\":\"es\",\"@id\":\"https:\\\/\\\/gentedebasquet.com.ar\\\/sitio\\\/2025\\\/10\\\/28\\\/alem-volvio-a-ganar-con-el-tiro-del-final\\\/#primaryimage\",\"url\":\"https:\\\/\\\/gentedebasquet.com.ar\\\/sitio\\\/wp-content\\\/uploads\\\/2025\\\/10\\\/wilk.png\",\"contentUrl\":\"https:\\\/\\\/gentedebasquet.com.ar\\\/sitio\\\/wp-content\\\/uploads\\\/2025\\\/10\\\/wilk.png\",\"width\":690,\"height\":319},{\"@type\":\"BreadcrumbList\",\"@id\":\"https:\\\/\\\/gentedebasquet.com.ar\\\/sitio\\\/2025\\\/10\\\/28\\\/alem-volvio-a-ganar-con-el-tiro-del-final\\\/#breadcrumb\",\"itemListElement\":[{\"@type\":\"ListItem\",\"position\":1,\"name\":\"Portada\",\"item\":\"https:\\\/\\\/gentedebasquet.com.ar\\\/sitio\\\/\"},{\"@type\":\"ListItem\",\"position\":2,\"name\":\"Alem volvi\u00f3 a ganar con el tiro del final\"}]},{\"@type\":\"WebSite\",\"@id\":\"https:\\\/\\\/gentedebasquet.com.ar\\\/sitio\\\/#website\",\"url\":\"https:\\\/\\\/gentedebasquet.com.ar\\\/sitio\\\/\",\"name\":\"Gente de B\u00e1squet\",\"description\":\"La revista del basquet de Bah\u00eda Blanca\",\"potentialAction\":[{\"@type\":\"SearchAction\",\"target\":{\"@type\":\"EntryPoint\",\"urlTemplate\":\"https:\\\/\\\/gentedebasquet.com.ar\\\/sitio\\\/?s={search_term_string}\"},\"query-input\":{\"@type\":\"PropertyValueSpecification\",\"valueRequired\":true,\"valueName\":\"search_term_string\"}}],\"inLanguage\":\"es\"},{\"@type\":\"Person\",\"@id\":\"https:\\\/\\\/gentedebasquet.com.ar\\\/sitio\\\/#\\\/schema\\\/person\\\/6f3e5bc5df127b420a445d22fc9eaa51\",\"name\":\"Andres Camarero\",\"image\":{\"@type\":\"ImageObject\",\"inLanguage\":\"es\",\"@id\":\"https:\\\/\\\/secure.gravatar.com\\\/avatar\\\/f6d4884ec54a50c25ccd5e4f54f5e904d09dfe74ef58e58f631f3917b6fed7cd?s=96&d=mm&r=g\",\"url\":\"https:\\\/\\\/secure.gravatar.com\\\/avatar\\\/f6d4884ec54a50c25ccd5e4f54f5e904d09dfe74ef58e58f631f3917b6fed7cd?s=96&d=mm&r=g\",\"contentUrl\":\"https:\\\/\\\/secure.gravatar.com\\\/avatar\\\/f6d4884ec54a50c25ccd5e4f54f5e904d09dfe74ef58e58f631f3917b6fed7cd?s=96&d=mm&r=g\",\"caption\":\"Andres Camarero\"},\"url\":\"https:\\\/\\\/gentedebasquet.com.ar\\\/sitio\\\/author\\\/andres-camarero\\\/\"}]}<\/script>\n<!-- \/ Yoast SEO plugin. -->","yoast_head_json":{"title":"Alem volvi\u00f3 a ganar con el tiro del final - Gente de B\u00e1squet","robots":{"index":"index","follow":"follow","max-snippet":"max-snippet:-1","max-image-preview":"max-image-preview:large","max-video-preview":"max-video-preview:-1"},"canonical":"https:\/\/gentedebasquet.com.ar\/sitio\/2025\/10\/28\/alem-volvio-a-ganar-con-el-tiro-del-final\/","og_locale":"es_ES","og_type":"article","og_title":"Alem volvi\u00f3 a ganar con el tiro del final - Gente de B\u00e1squet","og_description":"El plantel que dirige Franco Maceratesi logr\u00f3 levantar un tr\u00e1mite que el jueves pasado, en el momento de la suspensi\u00f3n por la humedad, lo ten\u00eda abajo en el marcador y ayer finaliz\u00f3 triunfando frente a Pueyrredon con otro lanzamiento ganador de Howard Wilkerson (muy discutido, porque parece realizado fuera del tiempo reglamentario). El estadounidense tambien [&hellip;]","og_url":"https:\/\/gentedebasquet.com.ar\/sitio\/2025\/10\/28\/alem-volvio-a-ganar-con-el-tiro-del-final\/","og_site_name":"Gente de B\u00e1squet","article_published_time":"2025-10-28T12:52:29+00:00","article_modified_time":"2025-10-28T13:51:16+00:00","og_image":[{"width":690,"height":319,"url":"https:\/\/gentedebasquet.com.ar\/sitio\/wp-content\/uploads\/2025\/10\/wilk.png","type":"image\/png"}],"author":"Andres Camarero","twitter_card":"summary_large_image","twitter_misc":{"Escrito por":"Andres Camarero","Tiempo de lectura":"4 minutos"},"schema":{"@context":"https:\/\/schema.org","@graph":[{"@type":"Article","@id":"https:\/\/gentedebasquet.com.ar\/sitio\/2025\/10\/28\/alem-volvio-a-ganar-con-el-tiro-del-final\/#article","isPartOf":{"@id":"https:\/\/gentedebasquet.com.ar\/sitio\/2025\/10\/28\/alem-volvio-a-ganar-con-el-tiro-del-final\/"},"author":{"name":"Andres Camarero","@id":"https:\/\/gentedebasquet.com.ar\/sitio\/#\/schema\/person\/6f3e5bc5df127b420a445d22fc9eaa51"},"headline":"Alem volvi\u00f3 a ganar con el tiro del final","datePublished":"2025-10-28T12:52:29+00:00","dateModified":"2025-10-28T13:51:16+00:00","mainEntityOfPage":{"@id":"https:\/\/gentedebasquet.com.ar\/sitio\/2025\/10\/28\/alem-volvio-a-ganar-con-el-tiro-del-final\/"},"wordCount":640,"image":{"@id":"https:\/\/gentedebasquet.com.ar\/sitio\/2025\/10\/28\/alem-volvio-a-ganar-con-el-tiro-del-final\/#primaryimage"},"thumbnailUrl":"https:\/\/gentedebasquet.com.ar\/sitio\/wp-content\/uploads\/2025\/10\/wilk.png","keywords":["Carlos Balmaceda","Howard Wilkerson","Leandro N. Alem","Pueyrredon"],"articleSection":["Primera","Slide"],"inLanguage":"es"},{"@type":"WebPage","@id":"https:\/\/gentedebasquet.com.ar\/sitio\/2025\/10\/28\/alem-volvio-a-ganar-con-el-tiro-del-final\/","url":"https:\/\/gentedebasquet.com.ar\/sitio\/2025\/10\/28\/alem-volvio-a-ganar-con-el-tiro-del-final\/","name":"Alem volvi\u00f3 a ganar con el tiro del final - Gente de B\u00e1squet","isPartOf":{"@id":"https:\/\/gentedebasquet.com.ar\/sitio\/#website"},"primaryImageOfPage":{"@id":"https:\/\/gentedebasquet.com.ar\/sitio\/2025\/10\/28\/alem-volvio-a-ganar-con-el-tiro-del-final\/#primaryimage"},"image":{"@id":"https:\/\/gentedebasquet.com.ar\/sitio\/2025\/10\/28\/alem-volvio-a-ganar-con-el-tiro-del-final\/#primaryimage"},"thumbnailUrl":"https:\/\/gentedebasquet.com.ar\/sitio\/wp-content\/uploads\/2025\/10\/wilk.png","datePublished":"2025-10-28T12:52:29+00:00","dateModified":"2025-10-28T13:51:16+00:00","author":{"@id":"https:\/\/gentedebasquet.com.ar\/sitio\/#\/schema\/person\/6f3e5bc5df127b420a445d22fc9eaa51"},"breadcrumb":{"@id":"https:\/\/gentedebasquet.com.ar\/sitio\/2025\/10\/28\/alem-volvio-a-ganar-con-el-tiro-del-final\/#breadcrumb"},"inLanguage":"es","potentialAction":[{"@type":"ReadAction","target":["https:\/\/gentedebasquet.com.ar\/sitio\/2025\/10\/28\/alem-volvio-a-ganar-con-el-tiro-del-final\/"]}]},{"@type":"ImageObject","inLanguage":"es","@id":"https:\/\/gentedebasquet.com.ar\/sitio\/2025\/10\/28\/alem-volvio-a-ganar-con-el-tiro-del-final\/#primaryimage","url":"https:\/\/gentedebasquet.com.ar\/sitio\/wp-content\/uploads\/2025\/10\/wilk.png","contentUrl":"https:\/\/gentedebasquet.com.ar\/sitio\/wp-content\/uploads\/2025\/10\/wilk.png","width":690,"height":319},{"@type":"BreadcrumbList","@id":"https:\/\/gentedebasquet.com.ar\/sitio\/2025\/10\/28\/alem-volvio-a-ganar-con-el-tiro-del-final\/#breadcrumb","itemListElement":[{"@type":"ListItem","position":1,"name":"Portada","item":"https:\/\/gentedebasquet.com.ar\/sitio\/"},{"@type":"ListItem","position":2,"name":"Alem volvi\u00f3 a ganar con el tiro del final"}]},{"@type":"WebSite","@id":"https:\/\/gentedebasquet.com.ar\/sitio\/#website","url":"https:\/\/gentedebasquet.com.ar\/sitio\/","name":"Gente de B\u00e1squet","description":"La revista del basquet de Bah\u00eda Blanca","potentialAction":[{"@type":"SearchAction","target":{"@type":"EntryPoint","urlTemplate":"https:\/\/gentedebasquet.com.ar\/sitio\/?s={search_term_string}"},"query-input":{"@type":"PropertyValueSpecification","valueRequired":true,"valueName":"search_term_string"}}],"inLanguage":"es"},{"@type":"Person","@id":"https:\/\/gentedebasquet.com.ar\/sitio\/#\/schema\/person\/6f3e5bc5df127b420a445d22fc9eaa51","name":"Andres Camarero","image":{"@type":"ImageObject","inLanguage":"es","@id":"https:\/\/secure.gravatar.com\/avatar\/f6d4884ec54a50c25ccd5e4f54f5e904d09dfe74ef58e58f631f3917b6fed7cd?s=96&d=mm&r=g","url":"https:\/\/secure.gravatar.com\/avatar\/f6d4884ec54a50c25ccd5e4f54f5e904d09dfe74ef58e58f631f3917b6fed7cd?s=96&d=mm&r=g","contentUrl":"https:\/\/secure.gravatar.com\/avatar\/f6d4884ec54a50c25ccd5e4f54f5e904d09dfe74ef58e58f631f3917b6fed7cd?s=96&d=mm&r=g","caption":"Andres Camarero"},"url":"https:\/\/gentedebasquet.com.ar\/sitio\/author\/andres-camarero\/"}]}},"_links":{"self":[{"href":"https:\/\/gentedebasquet.com.ar\/sitio\/wp-json\/wp\/v2\/posts\/118741","targetHints":{"allow":["GET"]}}],"collection":[{"href":"https:\/\/gentedebasquet.com.ar\/sitio\/wp-json\/wp\/v2\/posts"}],"about":[{"href":"https:\/\/gentedebasquet.com.ar\/sitio\/wp-json\/wp\/v2\/types\/post"}],"author":[{"embeddable":true,"href":"https:\/\/gentedebasquet.com.ar\/sitio\/wp-json\/wp\/v2\/users\/70"}],"replies":[{"embeddable":true,"href":"https:\/\/gentedebasquet.com.ar\/sitio\/wp-json\/wp\/v2\/comments?post=118741"}],"version-history":[{"count":8,"href":"https:\/\/gentedebasquet.com.ar\/sitio\/wp-json\/wp\/v2\/posts\/118741\/revisions"}],"predecessor-version":[{"id":118845,"href":"https:\/\/gentedebasquet.com.ar\/sitio\/wp-json\/wp\/v2\/posts\/118741\/revisions\/118845"}],"wp:featuredmedia":[{"embeddable":true,"href":"https:\/\/gentedebasquet.com.ar\/sitio\/wp-json\/wp\/v2\/media\/118838"}],"wp:attachment":[{"href":"https:\/\/gentedebasquet.com.ar\/sitio\/wp-json\/wp\/v2\/media?parent=118741"}],"wp:term":[{"taxonomy":"category","embeddable":true,"href":"https:\/\/gentedebasquet.com.ar\/sitio\/wp-json\/wp\/v2\/categories?post=118741"},{"taxonomy":"post_tag","embeddable":true,"href":"https:\/\/gentedebasquet.com.ar\/sitio\/wp-json\/wp\/v2\/tags?post=118741"}],"curies":[{"name":"wp","href":"https:\/\/api.w.org\/{rel}","templated":true}]}}