{"id":118744,"date":"2025-10-24T06:03:48","date_gmt":"2025-10-24T04:03:48","guid":{"rendered":"https:\/\/gentedebasquet.com.ar\/sitio\/?p=118744"},"modified":"2025-10-24T06:03:48","modified_gmt":"2025-10-24T04:03:48","slug":"ya-estaba-harina-faltaba-la-maicena","status":"publish","type":"post","link":"https:\/\/gentedebasquet.com.ar\/sitio\/2025\/10\/24\/ya-estaba-harina-faltaba-la-maicena\/","title":{"rendered":"Ya estaba Harina, faltaba la maicena"},"content":{"rendered":"<p><strong>Villa Mitre venci\u00f3 a Bahiense del Norte 77-52<\/strong> en el Jos\u00e9 Mart\u00ednez. En un partido condicionado por la humedad del terreno de juego, <strong>la Villa lo sentenci\u00f3 en el primer tiempo, donde le concedi\u00f3 apenas \u00a113! puntos<\/strong> al equipo de Navallo.<\/p>\n<p>El local comenz\u00f3 el partido 8-0, y<strong> la primera anotaci\u00f3n de campo de Bahiense fue a los 5m30s<\/strong> de juego. Villa Mitre reparti\u00f3 puntos en varias manos, rot\u00f3 a su plantel y encontr\u00f3 muchas variantes en su equipo. Sin Pennacchiotti, con Harina dosificando minutos y oportunidades para los j\u00f3venes, <strong>el \u00abTricolor\u00bb local pas\u00f3 por arriba al visitante en el primer tiempo.<\/strong><\/p>\n<p>La primera etapa tuvo algunos resbalones por la humedad de la cancha, que fueron resueltos para el complemento gracias a la maicena que cumpli\u00f3 su efecto absorbente.<\/p>\n<p><strong>Buenos minutos para Baeza, Jasen, Lionel G\u00f3mez Lepez y Basualdo<\/strong>, en un partido r\u00e1pidamente liquidado. Bahiense, con bajas, no pudo jugar en la pintura, dominada por Heinrich y Lorca, y estuvo muy err\u00e1tico desde el per\u00edmetro. Aun as\u00ed, el resultado ya puesto, le permiti\u00f3 lucirse a algunos chicos, como Ruggiero, Andino, Hoya y, sobre todo, <strong>Agust\u00edn Catal\u00e1n, que firm\u00f3 15 puntos y termin\u00f3 como goleador del encuentro.<\/strong><\/p>\n<p>En Villa Mitre anotaron todos, <strong>Lucio Baeza y De Paoli los que m\u00e1s, con 12 cada uno<\/strong>, seguido por Joaqu\u00edn Jasen, que se despach\u00f3 con 11. El \u00faltimo cuarto acerc\u00f3 los n\u00fameros, <strong>Bahiense pudo maquillar un poco el resultado<\/strong>, pero que no cambia la superioridad que mostr\u00f3 Villa Mitre en la primera parte.<\/p>\n<p>Gan\u00f3 el equipo de Emi Men\u00e9ndez y <strong>sigue firme en lo m\u00e1s alto de la tabla de posiciones.<\/strong> Se ilusiona con ganar el segundo tramo y disputar la final de diciembre.<\/p>\n<div class=\"jeg_video_container jeg_video_content\"><iframe loading=\"lazy\" title=\"#Primera - Fecha #9: Villa Mitre 77 - 52 Bahiense del Norte\" width=\"500\" height=\"281\" src=\"https:\/\/www.youtube.com\/embed\/a082OYT1bLA?feature=oembed\" frameborder=\"0\" allow=\"accelerometer; autoplay; clipboard-write; encrypted-media; gyroscope; picture-in-picture; web-share\" referrerpolicy=\"strict-origin-when-cross-origin\" allowfullscreen><\/iframe><\/div>\n<p><img decoding=\"async\" class=\"alignnone size-medium wp-image-118745\" src=\"http:\/\/gentedebasquet.com.ar\/sitio\/wp-content\/uploads\/2025\/10\/CLAVE-vm-300x300.png\" alt=\"\" width=\"300\" height=\"300\" srcset=\"https:\/\/gentedebasquet.com.ar\/sitio\/wp-content\/uploads\/2025\/10\/CLAVE-vm-300x300.png 300w, https:\/\/gentedebasquet.com.ar\/sitio\/wp-content\/uploads\/2025\/10\/CLAVE-vm-1024x1024.png 1024w, https:\/\/gentedebasquet.com.ar\/sitio\/wp-content\/uploads\/2025\/10\/CLAVE-vm-150x150.png 150w, https:\/\/gentedebasquet.com.ar\/sitio\/wp-content\/uploads\/2025\/10\/CLAVE-vm-768x768.png 768w, https:\/\/gentedebasquet.com.ar\/sitio\/wp-content\/uploads\/2025\/10\/CLAVE-vm-1536x1536.png 1536w, https:\/\/gentedebasquet.com.ar\/sitio\/wp-content\/uploads\/2025\/10\/CLAVE-vm-75x75.png 75w, https:\/\/gentedebasquet.com.ar\/sitio\/wp-content\/uploads\/2025\/10\/CLAVE-vm-350x350.png 350w, https:\/\/gentedebasquet.com.ar\/sitio\/wp-content\/uploads\/2025\/10\/CLAVE-vm-750x750.png 750w, https:\/\/gentedebasquet.com.ar\/sitio\/wp-content\/uploads\/2025\/10\/CLAVE-vm-1140x1140.png 1140w, https:\/\/gentedebasquet.com.ar\/sitio\/wp-content\/uploads\/2025\/10\/CLAVE-vm.png 2000w\" sizes=\"(max-width: 300px) 100vw, 300px\" \/><\/p>\n<p><img decoding=\"async\" class=\"alignnone size-medium wp-image-118748\" src=\"http:\/\/gentedebasquet.com.ar\/sitio\/wp-content\/uploads\/2025\/10\/WhatsApp-Image-2025-10-24-at-00.59.51-300x225.jpeg\" alt=\"\" width=\"300\" height=\"225\" srcset=\"https:\/\/gentedebasquet.com.ar\/sitio\/wp-content\/uploads\/2025\/10\/WhatsApp-Image-2025-10-24-at-00.59.51-300x225.jpeg 300w, https:\/\/gentedebasquet.com.ar\/sitio\/wp-content\/uploads\/2025\/10\/WhatsApp-Image-2025-10-24-at-00.59.51-1024x768.jpeg 1024w, https:\/\/gentedebasquet.com.ar\/sitio\/wp-content\/uploads\/2025\/10\/WhatsApp-Image-2025-10-24-at-00.59.51-768x576.jpeg 768w, https:\/\/gentedebasquet.com.ar\/sitio\/wp-content\/uploads\/2025\/10\/WhatsApp-Image-2025-10-24-at-00.59.51-750x563.jpeg 750w, https:\/\/gentedebasquet.com.ar\/sitio\/wp-content\/uploads\/2025\/10\/WhatsApp-Image-2025-10-24-at-00.59.51-1140x855.jpeg 1140w, https:\/\/gentedebasquet.com.ar\/sitio\/wp-content\/uploads\/2025\/10\/WhatsApp-Image-2025-10-24-at-00.59.51.jpeg 1280w\" sizes=\"(max-width: 300px) 100vw, 300px\" \/><\/p>\n<blockquote><p>\u00abNo estaba teniendo tantos minutos, me sent\u00ed c\u00f3modo y el equipo funcion\u00f3. Sacamos mucha ventaja en el primer tiempo que nos permiti\u00f3 estar tranquilos y poder seguir en lo m\u00e1s alto de la tabla. Hay que seguir mejorando y aportando desde donde se pueda.\u00bb,<strong> Lucio Baeza, Villa Mitre.<\/strong><\/p><\/blockquote>\n<p><img decoding=\"async\" class=\"alignnone size-medium wp-image-118746\" src=\"http:\/\/gentedebasquet.com.ar\/sitio\/wp-content\/uploads\/2025\/10\/MVP-baeza-300x300.png\" alt=\"\" width=\"300\" height=\"300\" srcset=\"https:\/\/gentedebasquet.com.ar\/sitio\/wp-content\/uploads\/2025\/10\/MVP-baeza-300x300.png 300w, https:\/\/gentedebasquet.com.ar\/sitio\/wp-content\/uploads\/2025\/10\/MVP-baeza-1024x1024.png 1024w, https:\/\/gentedebasquet.com.ar\/sitio\/wp-content\/uploads\/2025\/10\/MVP-baeza-150x150.png 150w, https:\/\/gentedebasquet.com.ar\/sitio\/wp-content\/uploads\/2025\/10\/MVP-baeza-768x768.png 768w, https:\/\/gentedebasquet.com.ar\/sitio\/wp-content\/uploads\/2025\/10\/MVP-baeza-1536x1536.png 1536w, https:\/\/gentedebasquet.com.ar\/sitio\/wp-content\/uploads\/2025\/10\/MVP-baeza-75x75.png 75w, https:\/\/gentedebasquet.com.ar\/sitio\/wp-content\/uploads\/2025\/10\/MVP-baeza-350x350.png 350w, https:\/\/gentedebasquet.com.ar\/sitio\/wp-content\/uploads\/2025\/10\/MVP-baeza-750x750.png 750w, https:\/\/gentedebasquet.com.ar\/sitio\/wp-content\/uploads\/2025\/10\/MVP-baeza-1140x1140.png 1140w, https:\/\/gentedebasquet.com.ar\/sitio\/wp-content\/uploads\/2025\/10\/MVP-baeza.png 2000w\" sizes=\"(max-width: 300px) 100vw, 300px\" \/><\/p>\n<p><strong>S\u00edntesis &#8211; Primera Divisi\u00f3n &#8211; Fecha 9<\/strong><\/p>\n<p><strong>Villa Mitre 77:<\/strong> Fausto de Paoli 12, Alejo Blanco 2, Franco Amigo 5, Juli\u00e1n Lorca 8, Ramiro Heinrich 9 <strong>(FI);<\/strong> Lionel G\u00f3mez Lepez 3, Joaqu\u00edn Jasen 11, Lucio Baeza 12, Sebasti\u00e1n Basualdo 4, Manuel Iglesias 2, Federico Harina 7, Bautista Iguacel 2. <strong>DT: Emiliano Men\u00e9ndez.<\/strong><\/p>\n<p><strong>Bahiense del Norte 52:<\/strong> Augusto Lamonega 8, Tom\u00e1s Bonivardo 8, Sebasti\u00e1n Luengo 2, Juan Cruz Hoya 2 (x), Eddie Roberson 0 <strong>(FI);<\/strong> Leonel Ruggiero 4, Agust\u00edn Catal\u00e1n 15, Genaro Di St\u00e9fano 3, Matheo Udovich 4, Vicente Jaramillo 0, Gregorio Mart\u00ednez 0, Emiliano Andino 6. <strong>DT: Alejandro Navallo.<\/strong><\/p>\n<p><strong>Cuartos:<\/strong> 19-10, 42-13 (23-3), 64-27 (22-14), 77-52 (13-25)<\/p>\n<p><strong>\u00c1rbitros:<\/strong> Eduardo Ferreyra &#8211; Marjorie Stuardo &#8211; Marcelo Gordillo<\/p>\n<p><strong>Cancha:<\/strong> Jos\u00e9 Mart\u00ednez (Villa Mitre)<\/p>\n","protected":false},"excerpt":{"rendered":"<p>Villa Mitre venci\u00f3 a Bahiense del Norte 77-52 en el Jos\u00e9 Mart\u00ednez. En un partido condicionado por la humedad del terreno de juego, la Villa lo sentenci\u00f3 en el primer tiempo, donde le concedi\u00f3 apenas \u00a113! puntos al equipo de Navallo. El local comenz\u00f3 el partido 8-0, y la primera anotaci\u00f3n de campo de Bahiense [&hellip;]<\/p>\n","protected":false},"author":71,"featured_media":118747,"comment_status":"closed","ping_status":"open","sticky":false,"template":"","format":"standard","meta":{"jnews-multi-image_gallery":[],"jnews_single_post":[],"jnews_primary_category":[],"footnotes":""},"categories":[23,101],"tags":[287,5,2052,1169,508,22],"class_list":["post-118744","post","type-post","status-publish","format-standard","has-post-thumbnail","hentry","category-primera","category-slide","tag-bahiense","tag-bahiense-del-norte","tag-lucio-baeza","tag-primera","tag-primera-division","tag-villa-mitre"],"yoast_head":"<!-- This site is optimized with the Yoast SEO plugin v27.5 - https:\/\/yoast.com\/product\/yoast-seo-wordpress\/ -->\n<title>Ya estaba Harina, faltaba la maicena - Gente de B\u00e1squet<\/title>\n<meta name=\"robots\" content=\"index, follow, max-snippet:-1, max-image-preview:large, max-video-preview:-1\" \/>\n<link rel=\"canonical\" href=\"https:\/\/gentedebasquet.com.ar\/sitio\/2025\/10\/24\/ya-estaba-harina-faltaba-la-maicena\/\" \/>\n<meta property=\"og:locale\" content=\"es_ES\" \/>\n<meta property=\"og:type\" content=\"article\" \/>\n<meta property=\"og:title\" content=\"Ya estaba Harina, faltaba la maicena - Gente de B\u00e1squet\" \/>\n<meta property=\"og:description\" content=\"Villa Mitre venci\u00f3 a Bahiense del Norte 77-52 en el Jos\u00e9 Mart\u00ednez. En un partido condicionado por la humedad del terreno de juego, la Villa lo sentenci\u00f3 en el primer tiempo, donde le concedi\u00f3 apenas \u00a113! puntos al equipo de Navallo. El local comenz\u00f3 el partido 8-0, y la primera anotaci\u00f3n de campo de Bahiense [&hellip;]\" \/>\n<meta property=\"og:url\" content=\"https:\/\/gentedebasquet.com.ar\/sitio\/2025\/10\/24\/ya-estaba-harina-faltaba-la-maicena\/\" \/>\n<meta property=\"og:site_name\" content=\"Gente de B\u00e1squet\" \/>\n<meta property=\"article:published_time\" content=\"2025-10-24T04:03:48+00:00\" \/>\n<meta property=\"og:image\" content=\"https:\/\/gentedebasquet.com.ar\/sitio\/wp-content\/uploads\/2025\/10\/WhatsApp-Image-2025-10-24-at-00.59.51-1.jpeg\" \/>\n\t<meta property=\"og:image:width\" content=\"1170\" \/>\n\t<meta property=\"og:image:height\" content=\"650\" \/>\n\t<meta property=\"og:image:type\" content=\"image\/jpeg\" \/>\n<meta name=\"author\" content=\"Santiago Seisdedos\" \/>\n<meta name=\"twitter:card\" content=\"summary_large_image\" \/>\n<meta name=\"twitter:label1\" content=\"Escrito por\" \/>\n\t<meta name=\"twitter:data1\" content=\"Santiago Seisdedos\" \/>\n\t<meta name=\"twitter:label2\" content=\"Tiempo de lectura\" \/>\n\t<meta name=\"twitter:data2\" content=\"3 minutos\" \/>\n<script type=\"application\/ld+json\" class=\"yoast-schema-graph\">{\"@context\":\"https:\\\/\\\/schema.org\",\"@graph\":[{\"@type\":\"Article\",\"@id\":\"https:\\\/\\\/gentedebasquet.com.ar\\\/sitio\\\/2025\\\/10\\\/24\\\/ya-estaba-harina-faltaba-la-maicena\\\/#article\",\"isPartOf\":{\"@id\":\"https:\\\/\\\/gentedebasquet.com.ar\\\/sitio\\\/2025\\\/10\\\/24\\\/ya-estaba-harina-faltaba-la-maicena\\\/\"},\"author\":{\"name\":\"Santiago Seisdedos\",\"@id\":\"http:\\\/\\\/gentedebasquet.com.ar\\\/sitio\\\/#\\\/schema\\\/person\\\/3b50d7c801b9529aba70bd4613bca6da\"},\"headline\":\"Ya estaba Harina, faltaba la maicena\",\"datePublished\":\"2025-10-24T04:03:48+00:00\",\"mainEntityOfPage\":{\"@id\":\"https:\\\/\\\/gentedebasquet.com.ar\\\/sitio\\\/2025\\\/10\\\/24\\\/ya-estaba-harina-faltaba-la-maicena\\\/\"},\"wordCount\":461,\"image\":{\"@id\":\"https:\\\/\\\/gentedebasquet.com.ar\\\/sitio\\\/2025\\\/10\\\/24\\\/ya-estaba-harina-faltaba-la-maicena\\\/#primaryimage\"},\"thumbnailUrl\":\"https:\\\/\\\/gentedebasquet.com.ar\\\/sitio\\\/wp-content\\\/uploads\\\/2025\\\/10\\\/WhatsApp-Image-2025-10-24-at-00.59.51-1.jpeg\",\"keywords\":[\"Bahiense\",\"Bahiense Del Norte\",\"Lucio Baeza\",\"Primera\",\"Primera Divisi\u00f3n\",\"Villa Mitre\"],\"articleSection\":[\"Primera\",\"Slide\"],\"inLanguage\":\"es\"},{\"@type\":\"WebPage\",\"@id\":\"https:\\\/\\\/gentedebasquet.com.ar\\\/sitio\\\/2025\\\/10\\\/24\\\/ya-estaba-harina-faltaba-la-maicena\\\/\",\"url\":\"https:\\\/\\\/gentedebasquet.com.ar\\\/sitio\\\/2025\\\/10\\\/24\\\/ya-estaba-harina-faltaba-la-maicena\\\/\",\"name\":\"Ya estaba Harina, faltaba la maicena - Gente de B\u00e1squet\",\"isPartOf\":{\"@id\":\"http:\\\/\\\/gentedebasquet.com.ar\\\/sitio\\\/#website\"},\"primaryImageOfPage\":{\"@id\":\"https:\\\/\\\/gentedebasquet.com.ar\\\/sitio\\\/2025\\\/10\\\/24\\\/ya-estaba-harina-faltaba-la-maicena\\\/#primaryimage\"},\"image\":{\"@id\":\"https:\\\/\\\/gentedebasquet.com.ar\\\/sitio\\\/2025\\\/10\\\/24\\\/ya-estaba-harina-faltaba-la-maicena\\\/#primaryimage\"},\"thumbnailUrl\":\"https:\\\/\\\/gentedebasquet.com.ar\\\/sitio\\\/wp-content\\\/uploads\\\/2025\\\/10\\\/WhatsApp-Image-2025-10-24-at-00.59.51-1.jpeg\",\"datePublished\":\"2025-10-24T04:03:48+00:00\",\"author\":{\"@id\":\"http:\\\/\\\/gentedebasquet.com.ar\\\/sitio\\\/#\\\/schema\\\/person\\\/3b50d7c801b9529aba70bd4613bca6da\"},\"breadcrumb\":{\"@id\":\"https:\\\/\\\/gentedebasquet.com.ar\\\/sitio\\\/2025\\\/10\\\/24\\\/ya-estaba-harina-faltaba-la-maicena\\\/#breadcrumb\"},\"inLanguage\":\"es\",\"potentialAction\":[{\"@type\":\"ReadAction\",\"target\":[\"https:\\\/\\\/gentedebasquet.com.ar\\\/sitio\\\/2025\\\/10\\\/24\\\/ya-estaba-harina-faltaba-la-maicena\\\/\"]}]},{\"@type\":\"ImageObject\",\"inLanguage\":\"es\",\"@id\":\"https:\\\/\\\/gentedebasquet.com.ar\\\/sitio\\\/2025\\\/10\\\/24\\\/ya-estaba-harina-faltaba-la-maicena\\\/#primaryimage\",\"url\":\"https:\\\/\\\/gentedebasquet.com.ar\\\/sitio\\\/wp-content\\\/uploads\\\/2025\\\/10\\\/WhatsApp-Image-2025-10-24-at-00.59.51-1.jpeg\",\"contentUrl\":\"https:\\\/\\\/gentedebasquet.com.ar\\\/sitio\\\/wp-content\\\/uploads\\\/2025\\\/10\\\/WhatsApp-Image-2025-10-24-at-00.59.51-1.jpeg\",\"width\":1170,\"height\":650},{\"@type\":\"BreadcrumbList\",\"@id\":\"https:\\\/\\\/gentedebasquet.com.ar\\\/sitio\\\/2025\\\/10\\\/24\\\/ya-estaba-harina-faltaba-la-maicena\\\/#breadcrumb\",\"itemListElement\":[{\"@type\":\"ListItem\",\"position\":1,\"name\":\"Portada\",\"item\":\"http:\\\/\\\/gentedebasquet.com.ar\\\/sitio\\\/\"},{\"@type\":\"ListItem\",\"position\":2,\"name\":\"Ya estaba Harina, faltaba la maicena\"}]},{\"@type\":\"WebSite\",\"@id\":\"http:\\\/\\\/gentedebasquet.com.ar\\\/sitio\\\/#website\",\"url\":\"http:\\\/\\\/gentedebasquet.com.ar\\\/sitio\\\/\",\"name\":\"Gente de B\u00e1squet\",\"description\":\"La revista del basquet de Bah\u00eda Blanca\",\"potentialAction\":[{\"@type\":\"SearchAction\",\"target\":{\"@type\":\"EntryPoint\",\"urlTemplate\":\"http:\\\/\\\/gentedebasquet.com.ar\\\/sitio\\\/?s={search_term_string}\"},\"query-input\":{\"@type\":\"PropertyValueSpecification\",\"valueRequired\":true,\"valueName\":\"search_term_string\"}}],\"inLanguage\":\"es\"},{\"@type\":\"Person\",\"@id\":\"http:\\\/\\\/gentedebasquet.com.ar\\\/sitio\\\/#\\\/schema\\\/person\\\/3b50d7c801b9529aba70bd4613bca6da\",\"name\":\"Santiago Seisdedos\",\"image\":{\"@type\":\"ImageObject\",\"inLanguage\":\"es\",\"@id\":\"https:\\\/\\\/secure.gravatar.com\\\/avatar\\\/be737e74404eb3825c4679da7a152b3c6980b470f7253114cd451344e20a8d80?s=96&d=mm&r=g\",\"url\":\"https:\\\/\\\/secure.gravatar.com\\\/avatar\\\/be737e74404eb3825c4679da7a152b3c6980b470f7253114cd451344e20a8d80?s=96&d=mm&r=g\",\"contentUrl\":\"https:\\\/\\\/secure.gravatar.com\\\/avatar\\\/be737e74404eb3825c4679da7a152b3c6980b470f7253114cd451344e20a8d80?s=96&d=mm&r=g\",\"caption\":\"Santiago Seisdedos\"},\"url\":\"https:\\\/\\\/gentedebasquet.com.ar\\\/sitio\\\/author\\\/santiago-sesidedos\\\/\"}]}<\/script>\n<!-- \/ Yoast SEO plugin. -->","yoast_head_json":{"title":"Ya estaba Harina, faltaba la maicena - Gente de B\u00e1squet","robots":{"index":"index","follow":"follow","max-snippet":"max-snippet:-1","max-image-preview":"max-image-preview:large","max-video-preview":"max-video-preview:-1"},"canonical":"https:\/\/gentedebasquet.com.ar\/sitio\/2025\/10\/24\/ya-estaba-harina-faltaba-la-maicena\/","og_locale":"es_ES","og_type":"article","og_title":"Ya estaba Harina, faltaba la maicena - Gente de B\u00e1squet","og_description":"Villa Mitre venci\u00f3 a Bahiense del Norte 77-52 en el Jos\u00e9 Mart\u00ednez. En un partido condicionado por la humedad del terreno de juego, la Villa lo sentenci\u00f3 en el primer tiempo, donde le concedi\u00f3 apenas \u00a113! puntos al equipo de Navallo. El local comenz\u00f3 el partido 8-0, y la primera anotaci\u00f3n de campo de Bahiense [&hellip;]","og_url":"https:\/\/gentedebasquet.com.ar\/sitio\/2025\/10\/24\/ya-estaba-harina-faltaba-la-maicena\/","og_site_name":"Gente de B\u00e1squet","article_published_time":"2025-10-24T04:03:48+00:00","og_image":[{"width":1170,"height":650,"url":"https:\/\/gentedebasquet.com.ar\/sitio\/wp-content\/uploads\/2025\/10\/WhatsApp-Image-2025-10-24-at-00.59.51-1.jpeg","type":"image\/jpeg"}],"author":"Santiago Seisdedos","twitter_card":"summary_large_image","twitter_misc":{"Escrito por":"Santiago Seisdedos","Tiempo de lectura":"3 minutos"},"schema":{"@context":"https:\/\/schema.org","@graph":[{"@type":"Article","@id":"https:\/\/gentedebasquet.com.ar\/sitio\/2025\/10\/24\/ya-estaba-harina-faltaba-la-maicena\/#article","isPartOf":{"@id":"https:\/\/gentedebasquet.com.ar\/sitio\/2025\/10\/24\/ya-estaba-harina-faltaba-la-maicena\/"},"author":{"name":"Santiago Seisdedos","@id":"http:\/\/gentedebasquet.com.ar\/sitio\/#\/schema\/person\/3b50d7c801b9529aba70bd4613bca6da"},"headline":"Ya estaba Harina, faltaba la maicena","datePublished":"2025-10-24T04:03:48+00:00","mainEntityOfPage":{"@id":"https:\/\/gentedebasquet.com.ar\/sitio\/2025\/10\/24\/ya-estaba-harina-faltaba-la-maicena\/"},"wordCount":461,"image":{"@id":"https:\/\/gentedebasquet.com.ar\/sitio\/2025\/10\/24\/ya-estaba-harina-faltaba-la-maicena\/#primaryimage"},"thumbnailUrl":"https:\/\/gentedebasquet.com.ar\/sitio\/wp-content\/uploads\/2025\/10\/WhatsApp-Image-2025-10-24-at-00.59.51-1.jpeg","keywords":["Bahiense","Bahiense Del Norte","Lucio Baeza","Primera","Primera Divisi\u00f3n","Villa Mitre"],"articleSection":["Primera","Slide"],"inLanguage":"es"},{"@type":"WebPage","@id":"https:\/\/gentedebasquet.com.ar\/sitio\/2025\/10\/24\/ya-estaba-harina-faltaba-la-maicena\/","url":"https:\/\/gentedebasquet.com.ar\/sitio\/2025\/10\/24\/ya-estaba-harina-faltaba-la-maicena\/","name":"Ya estaba Harina, faltaba la maicena - Gente de B\u00e1squet","isPartOf":{"@id":"http:\/\/gentedebasquet.com.ar\/sitio\/#website"},"primaryImageOfPage":{"@id":"https:\/\/gentedebasquet.com.ar\/sitio\/2025\/10\/24\/ya-estaba-harina-faltaba-la-maicena\/#primaryimage"},"image":{"@id":"https:\/\/gentedebasquet.com.ar\/sitio\/2025\/10\/24\/ya-estaba-harina-faltaba-la-maicena\/#primaryimage"},"thumbnailUrl":"https:\/\/gentedebasquet.com.ar\/sitio\/wp-content\/uploads\/2025\/10\/WhatsApp-Image-2025-10-24-at-00.59.51-1.jpeg","datePublished":"2025-10-24T04:03:48+00:00","author":{"@id":"http:\/\/gentedebasquet.com.ar\/sitio\/#\/schema\/person\/3b50d7c801b9529aba70bd4613bca6da"},"breadcrumb":{"@id":"https:\/\/gentedebasquet.com.ar\/sitio\/2025\/10\/24\/ya-estaba-harina-faltaba-la-maicena\/#breadcrumb"},"inLanguage":"es","potentialAction":[{"@type":"ReadAction","target":["https:\/\/gentedebasquet.com.ar\/sitio\/2025\/10\/24\/ya-estaba-harina-faltaba-la-maicena\/"]}]},{"@type":"ImageObject","inLanguage":"es","@id":"https:\/\/gentedebasquet.com.ar\/sitio\/2025\/10\/24\/ya-estaba-harina-faltaba-la-maicena\/#primaryimage","url":"https:\/\/gentedebasquet.com.ar\/sitio\/wp-content\/uploads\/2025\/10\/WhatsApp-Image-2025-10-24-at-00.59.51-1.jpeg","contentUrl":"https:\/\/gentedebasquet.com.ar\/sitio\/wp-content\/uploads\/2025\/10\/WhatsApp-Image-2025-10-24-at-00.59.51-1.jpeg","width":1170,"height":650},{"@type":"BreadcrumbList","@id":"https:\/\/gentedebasquet.com.ar\/sitio\/2025\/10\/24\/ya-estaba-harina-faltaba-la-maicena\/#breadcrumb","itemListElement":[{"@type":"ListItem","position":1,"name":"Portada","item":"http:\/\/gentedebasquet.com.ar\/sitio\/"},{"@type":"ListItem","position":2,"name":"Ya estaba Harina, faltaba la maicena"}]},{"@type":"WebSite","@id":"http:\/\/gentedebasquet.com.ar\/sitio\/#website","url":"http:\/\/gentedebasquet.com.ar\/sitio\/","name":"Gente de B\u00e1squet","description":"La revista del basquet de Bah\u00eda Blanca","potentialAction":[{"@type":"SearchAction","target":{"@type":"EntryPoint","urlTemplate":"http:\/\/gentedebasquet.com.ar\/sitio\/?s={search_term_string}"},"query-input":{"@type":"PropertyValueSpecification","valueRequired":true,"valueName":"search_term_string"}}],"inLanguage":"es"},{"@type":"Person","@id":"http:\/\/gentedebasquet.com.ar\/sitio\/#\/schema\/person\/3b50d7c801b9529aba70bd4613bca6da","name":"Santiago Seisdedos","image":{"@type":"ImageObject","inLanguage":"es","@id":"https:\/\/secure.gravatar.com\/avatar\/be737e74404eb3825c4679da7a152b3c6980b470f7253114cd451344e20a8d80?s=96&d=mm&r=g","url":"https:\/\/secure.gravatar.com\/avatar\/be737e74404eb3825c4679da7a152b3c6980b470f7253114cd451344e20a8d80?s=96&d=mm&r=g","contentUrl":"https:\/\/secure.gravatar.com\/avatar\/be737e74404eb3825c4679da7a152b3c6980b470f7253114cd451344e20a8d80?s=96&d=mm&r=g","caption":"Santiago Seisdedos"},"url":"https:\/\/gentedebasquet.com.ar\/sitio\/author\/santiago-sesidedos\/"}]}},"_links":{"self":[{"href":"https:\/\/gentedebasquet.com.ar\/sitio\/wp-json\/wp\/v2\/posts\/118744","targetHints":{"allow":["GET"]}}],"collection":[{"href":"https:\/\/gentedebasquet.com.ar\/sitio\/wp-json\/wp\/v2\/posts"}],"about":[{"href":"https:\/\/gentedebasquet.com.ar\/sitio\/wp-json\/wp\/v2\/types\/post"}],"author":[{"embeddable":true,"href":"https:\/\/gentedebasquet.com.ar\/sitio\/wp-json\/wp\/v2\/users\/71"}],"replies":[{"embeddable":true,"href":"https:\/\/gentedebasquet.com.ar\/sitio\/wp-json\/wp\/v2\/comments?post=118744"}],"version-history":[{"count":1,"href":"https:\/\/gentedebasquet.com.ar\/sitio\/wp-json\/wp\/v2\/posts\/118744\/revisions"}],"predecessor-version":[{"id":118749,"href":"https:\/\/gentedebasquet.com.ar\/sitio\/wp-json\/wp\/v2\/posts\/118744\/revisions\/118749"}],"wp:featuredmedia":[{"embeddable":true,"href":"https:\/\/gentedebasquet.com.ar\/sitio\/wp-json\/wp\/v2\/media\/118747"}],"wp:attachment":[{"href":"https:\/\/gentedebasquet.com.ar\/sitio\/wp-json\/wp\/v2\/media?parent=118744"}],"wp:term":[{"taxonomy":"category","embeddable":true,"href":"https:\/\/gentedebasquet.com.ar\/sitio\/wp-json\/wp\/v2\/categories?post=118744"},{"taxonomy":"post_tag","embeddable":true,"href":"https:\/\/gentedebasquet.com.ar\/sitio\/wp-json\/wp\/v2\/tags?post=118744"}],"curies":[{"name":"wp","href":"https:\/\/api.w.org\/{rel}","templated":true}]}}