{"id":118758,"date":"2025-10-27T22:41:00","date_gmt":"2025-10-27T21:41:00","guid":{"rendered":"https:\/\/gentedebasquet.com.ar\/sitio\/?p=118758"},"modified":"2025-10-31T05:01:41","modified_gmt":"2025-10-31T04:01:41","slug":"medio-tiempo","status":"publish","type":"post","link":"https:\/\/gentedebasquet.com.ar\/sitio\/2025\/10\/27\/medio-tiempo\/","title":{"rendered":"Medio tiempo + 20"},"content":{"rendered":"\r\n<p><strong>San Lorenzo y Pac\u00edfico se med\u00edan en el Rom\u00e1n Avecilla, despu\u00e9s de disputarse el primer tiempo (con resbalones), los entrenadores decidieron suspender el encuentro en el entretiempo. El segundo tiempo se reanudar\u00e1 el lunes.<\/strong><\/p>\r\n\r\n\r\n\r\n<p><strong>Comenz\u00f3 con San Lorenzo castigando desde el triple (Pena), posteriormente se demorar\u00eda el cotejo por una gotera en un aro. Post reanudaci\u00f3n de juego, el anfitri\u00f3n segu\u00eda entonado desde larga distancia, con 4t3 combinados en Herbik- Fernetich. Pac\u00edfico no pod\u00eda encontrar el juego, pero pudo encontrarse con el ritmo y sumar con Loos y Sagarzazu. El cierre fue de bajo gol e imprecisiones por lado, 18-16 culmin\u00f3 el primero.<\/strong><\/p>\r\n\r\n\r\n\r\n<p><strong>El encuentro segu\u00eda con imprecisiones y donde el \u201cverde\u201d sac\u00f3 r\u00e9dito con la altura tanto dentro como fuera del cesto. Redivo sumaba un triple a su casillero y San Lorenzo pudo repuntar con Herbik (2t3) y Fernetich (1t3). En los visitantes, tendr\u00edan un buen ingreso Mateo Boccatonda, quienes tambi\u00e9n se sumaron fueron I\u00f1aki Errazu (2t3) y Genaro Pisani en la pintura, estos \u00faltimos con buenas intervenciones en ataque. 32-44 cerr\u00f3 el segundo.<\/strong><\/p>\r\n\r\n\r\n\r\n<p><strong>El cotejo se suspendi\u00f3 en el entretiempo, cuando ambos t\u00e9cnicos se pusieron de acuerdo junto con la terna arbitral. Los de Richotti se impon\u00edan sobre el local, 32-44.<\/strong><\/p>\r\n\r\n\r\n\r\n<p><strong>Post reanudaci\u00f3n, Pac\u00edfico segu\u00eda incrementando la ventaja, con Genaro Pisani anotando los 4 primeros puntos del segmento<\/strong>. San Lorenzo levant\u00f3 con Cenzual (1t3) y Coria en la pintura, pero los visitantes se escapar\u00edan a 12 (40-52). Hubo un triple por lado, Pena (SL); Salvatori (PAC). <strong>El cotejo se hizo trabado en varios momentos del mismo<\/strong>. Pena sumar\u00eda otro triple m\u00e1s y Coria segu\u00eda con su buen andar, del lado hu\u00e9sped lo ten\u00eda Salvatori. 54-62 finaliz\u00f3 el tercero.<\/p>\r\n\r\n\r\n\r\n<p><strong>Los orientados por Aleksoski saldr\u00edan con otra intensidad al \u00faltimo, 1t3 (Cenzual) y Joaqu\u00edn Coria segu\u00eda haciendo diferencia en la pintura<\/strong>. I\u00f1aki Errazu sumaba a distancia y elevaba a 13 la distancia (58-71). Para tratar de frenar los ataques visitantes, el anfitri\u00f3n se plantaba en zona 2-3. Que adem\u00e1s tuvo un buen ingreso de Sebasti\u00e1n Calvo. <strong>Pac\u00edfico, con la ventaja que sac\u00f3 en la postergaci\u00f3n pudo triunfar 72-81<\/strong>.<\/p>\r\n\r\n\r\n\r\n<p><strong>Los de Richotti suman otro triunfo m\u00e1s y siguen en la parte alta de la tabla. San Lorenzo, sigue en la parte baja de la clasificaci\u00f3n.<\/strong><\/p>\r\n<div class=\"jeg_video_container jeg_video_content\"><iframe loading=\"lazy\" title=\"#Primera - Fecha #9: San Lorenzo 72 - 81 Pac\u00edfico \" width=\"500\" height=\"281\" src=\"https:\/\/www.youtube.com\/embed\/0y6ZG-rShcs?feature=oembed\" frameborder=\"0\" allow=\"accelerometer; autoplay; clipboard-write; encrypted-media; gyroscope; picture-in-picture; web-share\" referrerpolicy=\"strict-origin-when-cross-origin\" allowfullscreen><\/iframe><\/div>\r\n\r\n\r\n\r\n<figure class=\"wp-block-embed is-type-video is-provider-youtube wp-block-embed-youtube wp-embed-aspect-16-9 wp-has-aspect-ratio\"><\/figure>\r\n<figure class=\"wp-block-image size-large\"><img decoding=\"async\" width=\"1024\" height=\"1024\" class=\"wp-image-118821\" src=\"https:\/\/gentedebasquet.com.ar\/sitio\/wp-content\/uploads\/2025\/10\/manuel-ayala-2-7-1024x1024.png\" alt=\"\" srcset=\"https:\/\/gentedebasquet.com.ar\/sitio\/wp-content\/uploads\/2025\/10\/manuel-ayala-2-7-1024x1024.png 1024w, https:\/\/gentedebasquet.com.ar\/sitio\/wp-content\/uploads\/2025\/10\/manuel-ayala-2-7-300x300.png 300w, https:\/\/gentedebasquet.com.ar\/sitio\/wp-content\/uploads\/2025\/10\/manuel-ayala-2-7-150x150.png 150w, https:\/\/gentedebasquet.com.ar\/sitio\/wp-content\/uploads\/2025\/10\/manuel-ayala-2-7-768x768.png 768w, https:\/\/gentedebasquet.com.ar\/sitio\/wp-content\/uploads\/2025\/10\/manuel-ayala-2-7-1536x1536.png 1536w, https:\/\/gentedebasquet.com.ar\/sitio\/wp-content\/uploads\/2025\/10\/manuel-ayala-2-7-75x75.png 75w, https:\/\/gentedebasquet.com.ar\/sitio\/wp-content\/uploads\/2025\/10\/manuel-ayala-2-7-350x350.png 350w, https:\/\/gentedebasquet.com.ar\/sitio\/wp-content\/uploads\/2025\/10\/manuel-ayala-2-7-750x750.png 750w, https:\/\/gentedebasquet.com.ar\/sitio\/wp-content\/uploads\/2025\/10\/manuel-ayala-2-7-1140x1140.png 1140w, https:\/\/gentedebasquet.com.ar\/sitio\/wp-content\/uploads\/2025\/10\/manuel-ayala-2-7.png 1600w\" sizes=\"(max-width: 1024px) 100vw, 1024px\" \/><\/figure>\r\n\r\n\r\n\r\n<figure class=\"wp-block-image size-large\"><img decoding=\"async\" width=\"1024\" height=\"1024\" class=\"wp-image-118822\" src=\"https:\/\/gentedebasquet.com.ar\/sitio\/wp-content\/uploads\/2025\/10\/manuel-ayala-1-6-1024x1024.png\" alt=\"\" srcset=\"https:\/\/gentedebasquet.com.ar\/sitio\/wp-content\/uploads\/2025\/10\/manuel-ayala-1-6-1024x1024.png 1024w, https:\/\/gentedebasquet.com.ar\/sitio\/wp-content\/uploads\/2025\/10\/manuel-ayala-1-6-300x300.png 300w, https:\/\/gentedebasquet.com.ar\/sitio\/wp-content\/uploads\/2025\/10\/manuel-ayala-1-6-150x150.png 150w, https:\/\/gentedebasquet.com.ar\/sitio\/wp-content\/uploads\/2025\/10\/manuel-ayala-1-6-768x768.png 768w, https:\/\/gentedebasquet.com.ar\/sitio\/wp-content\/uploads\/2025\/10\/manuel-ayala-1-6-1536x1536.png 1536w, https:\/\/gentedebasquet.com.ar\/sitio\/wp-content\/uploads\/2025\/10\/manuel-ayala-1-6-75x75.png 75w, https:\/\/gentedebasquet.com.ar\/sitio\/wp-content\/uploads\/2025\/10\/manuel-ayala-1-6-350x350.png 350w, https:\/\/gentedebasquet.com.ar\/sitio\/wp-content\/uploads\/2025\/10\/manuel-ayala-1-6-750x750.png 750w, https:\/\/gentedebasquet.com.ar\/sitio\/wp-content\/uploads\/2025\/10\/manuel-ayala-1-6-1140x1140.png 1140w, https:\/\/gentedebasquet.com.ar\/sitio\/wp-content\/uploads\/2025\/10\/manuel-ayala-1-6.png 1600w\" sizes=\"(max-width: 1024px) 100vw, 1024px\" \/><\/figure>\r\n\r\n\r\n\r\n<figure class=\"wp-block-image size-large\"><img decoding=\"async\" width=\"1024\" height=\"768\" class=\"wp-image-118818\" src=\"https:\/\/gentedebasquet.com.ar\/sitio\/wp-content\/uploads\/2025\/10\/img_7095-1024x768.jpg\" alt=\"\" srcset=\"https:\/\/gentedebasquet.com.ar\/sitio\/wp-content\/uploads\/2025\/10\/img_7095-1024x768.jpg 1024w, https:\/\/gentedebasquet.com.ar\/sitio\/wp-content\/uploads\/2025\/10\/img_7095-300x225.jpg 300w, https:\/\/gentedebasquet.com.ar\/sitio\/wp-content\/uploads\/2025\/10\/img_7095-768x576.jpg 768w, https:\/\/gentedebasquet.com.ar\/sitio\/wp-content\/uploads\/2025\/10\/img_7095-1536x1152.jpg 1536w, https:\/\/gentedebasquet.com.ar\/sitio\/wp-content\/uploads\/2025\/10\/img_7095-750x563.jpg 750w, https:\/\/gentedebasquet.com.ar\/sitio\/wp-content\/uploads\/2025\/10\/img_7095-1140x855.jpg 1140w, https:\/\/gentedebasquet.com.ar\/sitio\/wp-content\/uploads\/2025\/10\/img_7095.jpg 2000w\" sizes=\"(max-width: 1024px) 100vw, 1024px\" \/><\/figure>\r\n\r\n\r\n\r\n<blockquote class=\"wp-block-quote is-layout-flow wp-block-quote-is-layout-flow\">\r\n<p>\u00abAunque ven\u00edamos 12 puntos arriba, sab\u00edamos que iba a ser dif\u00edcil, pero logramos aguantar y empezamos el partido 0 a 0 como planeamos. An\u00edmicamente, nos cae muy bien, venimos con pocas derrotas en este segundo tramo y queremos terminar as\u00ed el torneo para quedar entre los cuatro primeros. La clave fue la defensa, porque sab\u00edamos que si ellos met\u00edan un par de triples se agrandaban.\u00bb<strong>\u00a0Santiago Loos, Pac\u00edfico.<\/strong><\/p>\r\n<\/blockquote>\r\n\r\n\r\n\r\n<p><strong>S\u00edntesis \u2013 Primera \u2013 Fecha 9<\/strong><\/p>\r\n\r\n\r\n\r\n<p><strong>San Lorenzo 72:<\/strong>\u00a0Mirko Cenzual (16), Agust\u00edn Pena (x) (13), Lautaro Fernetich (9), Nicol\u00e1s Herbik (11), Joaqu\u00edn Coria (15) (FI); Juan Fuentes (x) (0), Rodrigo Arce (1), Sim\u00f3n Seewald (0), Sebasti\u00e1n Calvo (7)<strong>. DT: Sebasti\u00e1n Aleksoski.<\/strong><\/p>\r\n\r\n\r\n\r\n<p><strong>Pac\u00edfico 81:<\/strong>\u00a0Branco Salvatori (9), Francisco Mattioli (2), Valent\u00edn Cort\u00e9s (11), Santiago Loos (18), Tom\u00e1s Sagarzazu (5) (FI); Mateo Boccatonda (3), Genaro Pisani (8), Juan Cruz Redivo (14), I\u00f1aki Errazu (9), Gino Pisani (2), Mat\u00edas Padilla (0). <strong>DT: Mauro Richotti.<\/strong><\/p>\r\n\r\n\r\n\r\n<p><strong>Parciales<\/strong>: 18-16, 32-44 (14-28), 54-62 (22-18), 72-81 (18-19).<\/p>\r\n\r\n\r\n\r\n<p><strong>\u00c1rbitros<\/strong>: Alejandro Ramallo \u2013 Horacio Sedan \u2013 Joel Schernenco.<\/p>\r\n\r\n\r\n\r\n<p><strong>Estadio<\/strong>: Rom\u00e1n Avecilla (San Lorenzo).<\/p>\r\n\r\n\r\n\r\n<figure class=\"wp-block-image size-large wp-block-embed is-type-video is-provider-youtube wp-block-embed-youtube wp-embed-aspect-16-9 wp-has-aspect-ratio\"><img decoding=\"async\" width=\"1024\" height=\"768\" class=\"wp-image-118819\" src=\"https:\/\/gentedebasquet.com.ar\/sitio\/wp-content\/uploads\/2025\/10\/img_7077-1024x768.jpg\" alt=\"\" srcset=\"https:\/\/gentedebasquet.com.ar\/sitio\/wp-content\/uploads\/2025\/10\/img_7077-1024x768.jpg 1024w, https:\/\/gentedebasquet.com.ar\/sitio\/wp-content\/uploads\/2025\/10\/img_7077-300x225.jpg 300w, https:\/\/gentedebasquet.com.ar\/sitio\/wp-content\/uploads\/2025\/10\/img_7077-768x576.jpg 768w, https:\/\/gentedebasquet.com.ar\/sitio\/wp-content\/uploads\/2025\/10\/img_7077-1536x1152.jpg 1536w, https:\/\/gentedebasquet.com.ar\/sitio\/wp-content\/uploads\/2025\/10\/img_7077-750x563.jpg 750w, https:\/\/gentedebasquet.com.ar\/sitio\/wp-content\/uploads\/2025\/10\/img_7077-1140x855.jpg 1140w, https:\/\/gentedebasquet.com.ar\/sitio\/wp-content\/uploads\/2025\/10\/img_7077.jpg 2000w\" sizes=\"(max-width: 1024px) 100vw, 1024px\" \/><\/figure>\r\n","protected":false},"excerpt":{"rendered":"<p>San Lorenzo y Pac\u00edfico se med\u00edan en el Rom\u00e1n Avecilla, despu\u00e9s de disputarse el primer tiempo (con resbalones), los entrenadores decidieron suspender el encuentro en el entretiempo. El segundo tiempo se reanudar\u00e1 el lunes. Comenz\u00f3 con San Lorenzo castigando desde el triple (Pena), posteriormente se demorar\u00eda el cotejo por una gotera en un aro. Post [&hellip;]<\/p>\n","protected":false},"author":82,"featured_media":118820,"comment_status":"closed","ping_status":"open","sticky":false,"template":"","format":"standard","meta":{"jnews-multi-image_gallery":[],"jnews_single_post":[],"jnews_primary_category":[],"footnotes":""},"categories":[23,101],"tags":[1884,17,1169,508,668,1719],"class_list":["post-118758","post","type-post","status-publish","format-standard","has-post-thumbnail","hentry","category-primera","category-slide","tag-joaquin-coria","tag-pacifico","tag-primera","tag-primera-division","tag-san-lorenzo-del-sud","tag-santiago-loos"],"yoast_head":"<!-- This site is optimized with the Yoast SEO plugin v27.5 - https:\/\/yoast.com\/product\/yoast-seo-wordpress\/ -->\n<title>Medio tiempo + 20 - Gente de B\u00e1squet<\/title>\n<meta name=\"robots\" content=\"index, follow, max-snippet:-1, max-image-preview:large, max-video-preview:-1\" \/>\n<link rel=\"canonical\" href=\"https:\/\/gentedebasquet.com.ar\/sitio\/2025\/10\/27\/medio-tiempo\/\" \/>\n<meta property=\"og:locale\" content=\"es_ES\" \/>\n<meta property=\"og:type\" content=\"article\" \/>\n<meta property=\"og:title\" content=\"Medio tiempo + 20 - Gente de B\u00e1squet\" \/>\n<meta property=\"og:description\" content=\"San Lorenzo y Pac\u00edfico se med\u00edan en el Rom\u00e1n Avecilla, despu\u00e9s de disputarse el primer tiempo (con resbalones), los entrenadores decidieron suspender el encuentro en el entretiempo. El segundo tiempo se reanudar\u00e1 el lunes. Comenz\u00f3 con San Lorenzo castigando desde el triple (Pena), posteriormente se demorar\u00eda el cotejo por una gotera en un aro. Post [&hellip;]\" \/>\n<meta property=\"og:url\" content=\"https:\/\/gentedebasquet.com.ar\/sitio\/2025\/10\/27\/medio-tiempo\/\" \/>\n<meta property=\"og:site_name\" content=\"Gente de B\u00e1squet\" \/>\n<meta property=\"article:published_time\" content=\"2025-10-27T21:41:00+00:00\" \/>\n<meta property=\"article:modified_time\" content=\"2025-10-31T04:01:41+00:00\" \/>\n<meta property=\"og:image\" content=\"https:\/\/gentedebasquet.com.ar\/sitio\/wp-content\/uploads\/2025\/10\/img_7050.jpg\" \/>\n\t<meta property=\"og:image:width\" content=\"2000\" \/>\n\t<meta property=\"og:image:height\" content=\"1500\" \/>\n\t<meta property=\"og:image:type\" content=\"image\/jpeg\" \/>\n<meta name=\"author\" content=\"Manuel Lacerenza\" \/>\n<meta name=\"twitter:card\" content=\"summary_large_image\" \/>\n<meta name=\"twitter:label1\" content=\"Escrito por\" \/>\n\t<meta name=\"twitter:data1\" content=\"Manuel Lacerenza\" \/>\n\t<meta name=\"twitter:label2\" content=\"Tiempo de lectura\" \/>\n\t<meta name=\"twitter:data2\" content=\"4 minutos\" \/>\n<script type=\"application\/ld+json\" class=\"yoast-schema-graph\">{\"@context\":\"https:\\\/\\\/schema.org\",\"@graph\":[{\"@type\":\"Article\",\"@id\":\"https:\\\/\\\/gentedebasquet.com.ar\\\/sitio\\\/2025\\\/10\\\/27\\\/medio-tiempo\\\/#article\",\"isPartOf\":{\"@id\":\"https:\\\/\\\/gentedebasquet.com.ar\\\/sitio\\\/2025\\\/10\\\/27\\\/medio-tiempo\\\/\"},\"author\":{\"name\":\"Manuel Lacerenza\",\"@id\":\"https:\\\/\\\/gentedebasquet.com.ar\\\/sitio\\\/#\\\/schema\\\/person\\\/643357fb6a37b5549c9cfe9f339c9f1b\"},\"headline\":\"Medio tiempo + 20\",\"datePublished\":\"2025-10-27T21:41:00+00:00\",\"dateModified\":\"2025-10-31T04:01:41+00:00\",\"mainEntityOfPage\":{\"@id\":\"https:\\\/\\\/gentedebasquet.com.ar\\\/sitio\\\/2025\\\/10\\\/27\\\/medio-tiempo\\\/\"},\"wordCount\":578,\"image\":{\"@id\":\"https:\\\/\\\/gentedebasquet.com.ar\\\/sitio\\\/2025\\\/10\\\/27\\\/medio-tiempo\\\/#primaryimage\"},\"thumbnailUrl\":\"https:\\\/\\\/gentedebasquet.com.ar\\\/sitio\\\/wp-content\\\/uploads\\\/2025\\\/10\\\/img_7050.jpg\",\"keywords\":[\"Joaqu\u00edn Coria\",\"Pacifico\",\"Primera\",\"Primera Divisi\u00f3n\",\"San Lorenzo del Sud\",\"Santiago Loos\"],\"articleSection\":[\"Primera\",\"Slide\"],\"inLanguage\":\"es\"},{\"@type\":\"WebPage\",\"@id\":\"https:\\\/\\\/gentedebasquet.com.ar\\\/sitio\\\/2025\\\/10\\\/27\\\/medio-tiempo\\\/\",\"url\":\"https:\\\/\\\/gentedebasquet.com.ar\\\/sitio\\\/2025\\\/10\\\/27\\\/medio-tiempo\\\/\",\"name\":\"Medio tiempo + 20 - Gente de B\u00e1squet\",\"isPartOf\":{\"@id\":\"https:\\\/\\\/gentedebasquet.com.ar\\\/sitio\\\/#website\"},\"primaryImageOfPage\":{\"@id\":\"https:\\\/\\\/gentedebasquet.com.ar\\\/sitio\\\/2025\\\/10\\\/27\\\/medio-tiempo\\\/#primaryimage\"},\"image\":{\"@id\":\"https:\\\/\\\/gentedebasquet.com.ar\\\/sitio\\\/2025\\\/10\\\/27\\\/medio-tiempo\\\/#primaryimage\"},\"thumbnailUrl\":\"https:\\\/\\\/gentedebasquet.com.ar\\\/sitio\\\/wp-content\\\/uploads\\\/2025\\\/10\\\/img_7050.jpg\",\"datePublished\":\"2025-10-27T21:41:00+00:00\",\"dateModified\":\"2025-10-31T04:01:41+00:00\",\"author\":{\"@id\":\"https:\\\/\\\/gentedebasquet.com.ar\\\/sitio\\\/#\\\/schema\\\/person\\\/643357fb6a37b5549c9cfe9f339c9f1b\"},\"breadcrumb\":{\"@id\":\"https:\\\/\\\/gentedebasquet.com.ar\\\/sitio\\\/2025\\\/10\\\/27\\\/medio-tiempo\\\/#breadcrumb\"},\"inLanguage\":\"es\",\"potentialAction\":[{\"@type\":\"ReadAction\",\"target\":[\"https:\\\/\\\/gentedebasquet.com.ar\\\/sitio\\\/2025\\\/10\\\/27\\\/medio-tiempo\\\/\"]}]},{\"@type\":\"ImageObject\",\"inLanguage\":\"es\",\"@id\":\"https:\\\/\\\/gentedebasquet.com.ar\\\/sitio\\\/2025\\\/10\\\/27\\\/medio-tiempo\\\/#primaryimage\",\"url\":\"https:\\\/\\\/gentedebasquet.com.ar\\\/sitio\\\/wp-content\\\/uploads\\\/2025\\\/10\\\/img_7050.jpg\",\"contentUrl\":\"https:\\\/\\\/gentedebasquet.com.ar\\\/sitio\\\/wp-content\\\/uploads\\\/2025\\\/10\\\/img_7050.jpg\",\"width\":2000,\"height\":1500},{\"@type\":\"BreadcrumbList\",\"@id\":\"https:\\\/\\\/gentedebasquet.com.ar\\\/sitio\\\/2025\\\/10\\\/27\\\/medio-tiempo\\\/#breadcrumb\",\"itemListElement\":[{\"@type\":\"ListItem\",\"position\":1,\"name\":\"Portada\",\"item\":\"https:\\\/\\\/gentedebasquet.com.ar\\\/sitio\\\/\"},{\"@type\":\"ListItem\",\"position\":2,\"name\":\"Medio tiempo + 20\"}]},{\"@type\":\"WebSite\",\"@id\":\"https:\\\/\\\/gentedebasquet.com.ar\\\/sitio\\\/#website\",\"url\":\"https:\\\/\\\/gentedebasquet.com.ar\\\/sitio\\\/\",\"name\":\"Gente de B\u00e1squet\",\"description\":\"La revista del basquet de Bah\u00eda Blanca\",\"potentialAction\":[{\"@type\":\"SearchAction\",\"target\":{\"@type\":\"EntryPoint\",\"urlTemplate\":\"https:\\\/\\\/gentedebasquet.com.ar\\\/sitio\\\/?s={search_term_string}\"},\"query-input\":{\"@type\":\"PropertyValueSpecification\",\"valueRequired\":true,\"valueName\":\"search_term_string\"}}],\"inLanguage\":\"es\"},{\"@type\":\"Person\",\"@id\":\"https:\\\/\\\/gentedebasquet.com.ar\\\/sitio\\\/#\\\/schema\\\/person\\\/643357fb6a37b5549c9cfe9f339c9f1b\",\"name\":\"Manuel Lacerenza\",\"image\":{\"@type\":\"ImageObject\",\"inLanguage\":\"es\",\"@id\":\"https:\\\/\\\/secure.gravatar.com\\\/avatar\\\/6a427d587bd181ca8afd828e8cf364f233c5cbe5b8a1332b92ea42687ad97845?s=96&d=mm&r=g\",\"url\":\"https:\\\/\\\/secure.gravatar.com\\\/avatar\\\/6a427d587bd181ca8afd828e8cf364f233c5cbe5b8a1332b92ea42687ad97845?s=96&d=mm&r=g\",\"contentUrl\":\"https:\\\/\\\/secure.gravatar.com\\\/avatar\\\/6a427d587bd181ca8afd828e8cf364f233c5cbe5b8a1332b92ea42687ad97845?s=96&d=mm&r=g\",\"caption\":\"Manuel Lacerenza\"},\"url\":\"https:\\\/\\\/gentedebasquet.com.ar\\\/sitio\\\/author\\\/manuel\\\/\"}]}<\/script>\n<!-- \/ Yoast SEO plugin. -->","yoast_head_json":{"title":"Medio tiempo + 20 - Gente de B\u00e1squet","robots":{"index":"index","follow":"follow","max-snippet":"max-snippet:-1","max-image-preview":"max-image-preview:large","max-video-preview":"max-video-preview:-1"},"canonical":"https:\/\/gentedebasquet.com.ar\/sitio\/2025\/10\/27\/medio-tiempo\/","og_locale":"es_ES","og_type":"article","og_title":"Medio tiempo + 20 - Gente de B\u00e1squet","og_description":"San Lorenzo y Pac\u00edfico se med\u00edan en el Rom\u00e1n Avecilla, despu\u00e9s de disputarse el primer tiempo (con resbalones), los entrenadores decidieron suspender el encuentro en el entretiempo. El segundo tiempo se reanudar\u00e1 el lunes. Comenz\u00f3 con San Lorenzo castigando desde el triple (Pena), posteriormente se demorar\u00eda el cotejo por una gotera en un aro. Post [&hellip;]","og_url":"https:\/\/gentedebasquet.com.ar\/sitio\/2025\/10\/27\/medio-tiempo\/","og_site_name":"Gente de B\u00e1squet","article_published_time":"2025-10-27T21:41:00+00:00","article_modified_time":"2025-10-31T04:01:41+00:00","og_image":[{"width":2000,"height":1500,"url":"https:\/\/gentedebasquet.com.ar\/sitio\/wp-content\/uploads\/2025\/10\/img_7050.jpg","type":"image\/jpeg"}],"author":"Manuel Lacerenza","twitter_card":"summary_large_image","twitter_misc":{"Escrito por":"Manuel Lacerenza","Tiempo de lectura":"4 minutos"},"schema":{"@context":"https:\/\/schema.org","@graph":[{"@type":"Article","@id":"https:\/\/gentedebasquet.com.ar\/sitio\/2025\/10\/27\/medio-tiempo\/#article","isPartOf":{"@id":"https:\/\/gentedebasquet.com.ar\/sitio\/2025\/10\/27\/medio-tiempo\/"},"author":{"name":"Manuel Lacerenza","@id":"https:\/\/gentedebasquet.com.ar\/sitio\/#\/schema\/person\/643357fb6a37b5549c9cfe9f339c9f1b"},"headline":"Medio tiempo + 20","datePublished":"2025-10-27T21:41:00+00:00","dateModified":"2025-10-31T04:01:41+00:00","mainEntityOfPage":{"@id":"https:\/\/gentedebasquet.com.ar\/sitio\/2025\/10\/27\/medio-tiempo\/"},"wordCount":578,"image":{"@id":"https:\/\/gentedebasquet.com.ar\/sitio\/2025\/10\/27\/medio-tiempo\/#primaryimage"},"thumbnailUrl":"https:\/\/gentedebasquet.com.ar\/sitio\/wp-content\/uploads\/2025\/10\/img_7050.jpg","keywords":["Joaqu\u00edn Coria","Pacifico","Primera","Primera Divisi\u00f3n","San Lorenzo del Sud","Santiago Loos"],"articleSection":["Primera","Slide"],"inLanguage":"es"},{"@type":"WebPage","@id":"https:\/\/gentedebasquet.com.ar\/sitio\/2025\/10\/27\/medio-tiempo\/","url":"https:\/\/gentedebasquet.com.ar\/sitio\/2025\/10\/27\/medio-tiempo\/","name":"Medio tiempo + 20 - Gente de B\u00e1squet","isPartOf":{"@id":"https:\/\/gentedebasquet.com.ar\/sitio\/#website"},"primaryImageOfPage":{"@id":"https:\/\/gentedebasquet.com.ar\/sitio\/2025\/10\/27\/medio-tiempo\/#primaryimage"},"image":{"@id":"https:\/\/gentedebasquet.com.ar\/sitio\/2025\/10\/27\/medio-tiempo\/#primaryimage"},"thumbnailUrl":"https:\/\/gentedebasquet.com.ar\/sitio\/wp-content\/uploads\/2025\/10\/img_7050.jpg","datePublished":"2025-10-27T21:41:00+00:00","dateModified":"2025-10-31T04:01:41+00:00","author":{"@id":"https:\/\/gentedebasquet.com.ar\/sitio\/#\/schema\/person\/643357fb6a37b5549c9cfe9f339c9f1b"},"breadcrumb":{"@id":"https:\/\/gentedebasquet.com.ar\/sitio\/2025\/10\/27\/medio-tiempo\/#breadcrumb"},"inLanguage":"es","potentialAction":[{"@type":"ReadAction","target":["https:\/\/gentedebasquet.com.ar\/sitio\/2025\/10\/27\/medio-tiempo\/"]}]},{"@type":"ImageObject","inLanguage":"es","@id":"https:\/\/gentedebasquet.com.ar\/sitio\/2025\/10\/27\/medio-tiempo\/#primaryimage","url":"https:\/\/gentedebasquet.com.ar\/sitio\/wp-content\/uploads\/2025\/10\/img_7050.jpg","contentUrl":"https:\/\/gentedebasquet.com.ar\/sitio\/wp-content\/uploads\/2025\/10\/img_7050.jpg","width":2000,"height":1500},{"@type":"BreadcrumbList","@id":"https:\/\/gentedebasquet.com.ar\/sitio\/2025\/10\/27\/medio-tiempo\/#breadcrumb","itemListElement":[{"@type":"ListItem","position":1,"name":"Portada","item":"https:\/\/gentedebasquet.com.ar\/sitio\/"},{"@type":"ListItem","position":2,"name":"Medio tiempo + 20"}]},{"@type":"WebSite","@id":"https:\/\/gentedebasquet.com.ar\/sitio\/#website","url":"https:\/\/gentedebasquet.com.ar\/sitio\/","name":"Gente de B\u00e1squet","description":"La revista del basquet de Bah\u00eda Blanca","potentialAction":[{"@type":"SearchAction","target":{"@type":"EntryPoint","urlTemplate":"https:\/\/gentedebasquet.com.ar\/sitio\/?s={search_term_string}"},"query-input":{"@type":"PropertyValueSpecification","valueRequired":true,"valueName":"search_term_string"}}],"inLanguage":"es"},{"@type":"Person","@id":"https:\/\/gentedebasquet.com.ar\/sitio\/#\/schema\/person\/643357fb6a37b5549c9cfe9f339c9f1b","name":"Manuel Lacerenza","image":{"@type":"ImageObject","inLanguage":"es","@id":"https:\/\/secure.gravatar.com\/avatar\/6a427d587bd181ca8afd828e8cf364f233c5cbe5b8a1332b92ea42687ad97845?s=96&d=mm&r=g","url":"https:\/\/secure.gravatar.com\/avatar\/6a427d587bd181ca8afd828e8cf364f233c5cbe5b8a1332b92ea42687ad97845?s=96&d=mm&r=g","contentUrl":"https:\/\/secure.gravatar.com\/avatar\/6a427d587bd181ca8afd828e8cf364f233c5cbe5b8a1332b92ea42687ad97845?s=96&d=mm&r=g","caption":"Manuel Lacerenza"},"url":"https:\/\/gentedebasquet.com.ar\/sitio\/author\/manuel\/"}]}},"_links":{"self":[{"href":"https:\/\/gentedebasquet.com.ar\/sitio\/wp-json\/wp\/v2\/posts\/118758","targetHints":{"allow":["GET"]}}],"collection":[{"href":"https:\/\/gentedebasquet.com.ar\/sitio\/wp-json\/wp\/v2\/posts"}],"about":[{"href":"https:\/\/gentedebasquet.com.ar\/sitio\/wp-json\/wp\/v2\/types\/post"}],"author":[{"embeddable":true,"href":"https:\/\/gentedebasquet.com.ar\/sitio\/wp-json\/wp\/v2\/users\/82"}],"replies":[{"embeddable":true,"href":"https:\/\/gentedebasquet.com.ar\/sitio\/wp-json\/wp\/v2\/comments?post=118758"}],"version-history":[{"count":9,"href":"https:\/\/gentedebasquet.com.ar\/sitio\/wp-json\/wp\/v2\/posts\/118758\/revisions"}],"predecessor-version":[{"id":118915,"href":"https:\/\/gentedebasquet.com.ar\/sitio\/wp-json\/wp\/v2\/posts\/118758\/revisions\/118915"}],"wp:featuredmedia":[{"embeddable":true,"href":"https:\/\/gentedebasquet.com.ar\/sitio\/wp-json\/wp\/v2\/media\/118820"}],"wp:attachment":[{"href":"https:\/\/gentedebasquet.com.ar\/sitio\/wp-json\/wp\/v2\/media?parent=118758"}],"wp:term":[{"taxonomy":"category","embeddable":true,"href":"https:\/\/gentedebasquet.com.ar\/sitio\/wp-json\/wp\/v2\/categories?post=118758"},{"taxonomy":"post_tag","embeddable":true,"href":"https:\/\/gentedebasquet.com.ar\/sitio\/wp-json\/wp\/v2\/tags?post=118758"}],"curies":[{"name":"wp","href":"https:\/\/api.w.org\/{rel}","templated":true}]}}