{"id":118811,"date":"2025-10-27T18:17:19","date_gmt":"2025-10-27T17:17:19","guid":{"rendered":"https:\/\/gentedebasquet.com.ar\/sitio\/?p=118811"},"modified":"2025-10-27T18:17:19","modified_gmt":"2025-10-27T17:17:19","slug":"los-que-dejo-de-los-representantes-bahienses","status":"publish","type":"post","link":"https:\/\/gentedebasquet.com.ar\/sitio\/2025\/10\/27\/los-que-dejo-de-los-representantes-bahienses\/","title":{"rendered":"Los que dej\u00f3 de los representantes bahienses"},"content":{"rendered":"\n<p><strong><em>Estas fueron las actuaciones de los oriundos de nuestra ciudad (tanto en Liga Nacional como en el Viejo Continente). Adem\u00e1s lo que se le vendr\u00e1 a cada uno<\/em><\/strong>.<\/p>\n\n\n\n<p><strong><em>Empezamos con los que est\u00e1n en la \u00e9lite del b\u00e1squet nacional, donde hay siete jugadores bahienses, repasamos lo que dej\u00f3 y se vendr\u00e1:<\/em><\/strong><\/p>\n\n\n\n<p>\u2022&nbsp;<strong>Jano Mart\u00ednez (Ferro):<\/strong><\/p>\n\n\n\n<figure class=\"wp-block-image size-large\"><img decoding=\"async\" width=\"1024\" height=\"683\" src=\"https:\/\/gentedebasquet.com.ar\/sitio\/wp-content\/uploads\/2025\/10\/img_6681-1024x683.jpg\" alt=\"\" class=\"wp-image-118660\" srcset=\"https:\/\/gentedebasquet.com.ar\/sitio\/wp-content\/uploads\/2025\/10\/img_6681-1024x683.jpg 1024w, https:\/\/gentedebasquet.com.ar\/sitio\/wp-content\/uploads\/2025\/10\/img_6681-300x200.jpg 300w, https:\/\/gentedebasquet.com.ar\/sitio\/wp-content\/uploads\/2025\/10\/img_6681-768x512.jpg 768w, https:\/\/gentedebasquet.com.ar\/sitio\/wp-content\/uploads\/2025\/10\/img_6681-1536x1025.jpg 1536w, https:\/\/gentedebasquet.com.ar\/sitio\/wp-content\/uploads\/2025\/10\/img_6681-750x500.jpg 750w, https:\/\/gentedebasquet.com.ar\/sitio\/wp-content\/uploads\/2025\/10\/img_6681-1140x761.jpg 1140w, https:\/\/gentedebasquet.com.ar\/sitio\/wp-content\/uploads\/2025\/10\/img_6681.jpg 1998w\" sizes=\"(max-width: 1024px) 100vw, 1024px\" \/><\/figure>\n\n\n\n<p>Jano reci\u00e9n disputar\u00e1 la Liga Nacional, el venidero <strong>jueves 30\/10, frente a Obras Sanitarias<\/strong>.<\/p>\n\n\n\n<p>\u2022&nbsp;<strong>Lucas Faggiano (Boca Juniors):<\/strong><\/p>\n\n\n\n<figure class=\"wp-block-image size-large\"><img decoding=\"async\" width=\"1024\" height=\"683\" src=\"https:\/\/gentedebasquet.com.ar\/sitio\/wp-content\/uploads\/2025\/10\/img_6654-1-1024x683.jpg\" alt=\"\" class=\"wp-image-118807\" srcset=\"https:\/\/gentedebasquet.com.ar\/sitio\/wp-content\/uploads\/2025\/10\/img_6654-1-1024x683.jpg 1024w, https:\/\/gentedebasquet.com.ar\/sitio\/wp-content\/uploads\/2025\/10\/img_6654-1-300x200.jpg 300w, https:\/\/gentedebasquet.com.ar\/sitio\/wp-content\/uploads\/2025\/10\/img_6654-1-768x512.jpg 768w, https:\/\/gentedebasquet.com.ar\/sitio\/wp-content\/uploads\/2025\/10\/img_6654-1-1536x1024.jpg 1536w, https:\/\/gentedebasquet.com.ar\/sitio\/wp-content\/uploads\/2025\/10\/img_6654-1-750x500.jpg 750w, https:\/\/gentedebasquet.com.ar\/sitio\/wp-content\/uploads\/2025\/10\/img_6654-1-1140x760.jpg 1140w, https:\/\/gentedebasquet.com.ar\/sitio\/wp-content\/uploads\/2025\/10\/img_6654-1.jpg 1999w\" sizes=\"(max-width: 1024px) 100vw, 1024px\" \/><\/figure>\n\n\n\n<p>Lucas tuvo una buena presentaci\u00f3n en la derrota de Boca frente a Obras Sanitarias, 93-81.&nbsp;<strong>El base culmin\u00f3 con 11 puntos, 3 rebotes y 3 asistencias<\/strong>. Al bicampe\u00f3n se le viene Uni\u00f3n (SF), el viernes.<\/p>\n\n\n\n<p>\u2022&nbsp;<strong>Valent\u00edn Forestier (Ol\u00edmpico de La Banda):<\/strong><\/p>\n\n\n\n<figure class=\"wp-block-image size-large\"><img decoding=\"async\" width=\"1024\" height=\"683\" src=\"https:\/\/gentedebasquet.com.ar\/sitio\/wp-content\/uploads\/2025\/10\/img_6680-1024x683.jpg\" alt=\"\" class=\"wp-image-118659\" srcset=\"https:\/\/gentedebasquet.com.ar\/sitio\/wp-content\/uploads\/2025\/10\/img_6680-1024x683.jpg 1024w, https:\/\/gentedebasquet.com.ar\/sitio\/wp-content\/uploads\/2025\/10\/img_6680-300x200.jpg 300w, https:\/\/gentedebasquet.com.ar\/sitio\/wp-content\/uploads\/2025\/10\/img_6680-768x512.jpg 768w, https:\/\/gentedebasquet.com.ar\/sitio\/wp-content\/uploads\/2025\/10\/img_6680-1536x1024.jpg 1536w, https:\/\/gentedebasquet.com.ar\/sitio\/wp-content\/uploads\/2025\/10\/img_6680-750x500.jpg 750w, https:\/\/gentedebasquet.com.ar\/sitio\/wp-content\/uploads\/2025\/10\/img_6680-1140x760.jpg 1140w, https:\/\/gentedebasquet.com.ar\/sitio\/wp-content\/uploads\/2025\/10\/img_6680.jpg 1999w\" sizes=\"(max-width: 1024px) 100vw, 1024px\" \/><\/figure>\n\n\n\n<p>El formado en Alem, tuvo una s\u00f3lida actuaci\u00f3n en la derrota de Ol\u00edmpico frente al reci\u00e9n ascendido Racing (Chivilcoy), por 82-86. <strong>Los n\u00fameros de Valen fueron, 9 puntos y 5 rebotes<\/strong>. Hoy habr\u00e1 duelo de bahienses, Ol\u00edmpico ir\u00e1 contra Independiente de Oliva.<\/p>\n\n\n\n<p>\u2022&nbsp;<strong>Alejo Azpilicueta\/Albano Costa (Ober\u00e1):<\/strong><\/p>\n\n\n\n<figure class=\"wp-block-image size-large\"><img decoding=\"async\" src=\"https:\/\/gentedebasquet.com.ar\/sitio\/wp-content\/uploads\/2025\/10\/negro-y-verde-gimnasio-reapertura-comercial-horizontal-po%CC%81ster-9-1024x512.png\" alt=\"\" class=\"wp-image-118503\" \/><\/figure>\n\n\n\n<p>Los \u00fanicos bahienses que comparten plantel, cayeron frente a Argentino (J) 87-89.&nbsp;<strong>Alejo culmin\u00f3 con 9 puntos y 4 rebotes.<\/strong> Albano no vio minutos en La Liga,&nbsp;<strong>pero s\u00ed en La Liga Pr\u00f3ximo, donde Ober\u00e1 sali\u00f3 derrotado 55-68 al ya mencionado Argentino, el ex 9 de Julio en 35 minutos sum\u00f3 15 puntos y 11 rebotes<\/strong>. Al conjunto misionero&nbsp;<strong>se le viene Atenas, el jueves 30\/10.<\/strong><\/p>\n\n\n\n<p><strong>\u2022&nbsp;Valent\u00edn Duvanced (Independiente de Oliva):<\/strong><\/p>\n\n\n\n<figure class=\"wp-block-image size-large\"><img decoding=\"async\" src=\"https:\/\/gentedebasquet.com.ar\/sitio\/wp-content\/uploads\/2025\/10\/negro-y-verde-gimnasio-reapertura-comercial-horizontal-po%CC%81ster-4-1024x512.png\" alt=\"\" class=\"wp-image-118346\" \/><\/figure>\n\n\n\n<p>Valentin vio acci\u00f3n de juego en la <strong>victoria ante Gimnasia (Comodoro Rivadavia), 81-78<\/strong>.&nbsp;<strong>El ex \u201cAlbo\u201d cerr\u00f3 con 2 unidades y 2 rebotes en 10 minutos<\/strong>. Hoy jugar\u00e1 frente a Ol\u00edmpico (La Banda) y el mi\u00e9rcoles visitar\u00e1 a Quimsa.<\/p>\n\n\n\n<p><strong>\u2022&nbsp;Federico El\u00edas (Uni\u00f3n de Santa Fe):<\/strong><\/p>\n\n\n\n<figure class=\"wp-block-image size-large\"><img decoding=\"async\" width=\"1024\" height=\"682\" src=\"https:\/\/gentedebasquet.com.ar\/sitio\/wp-content\/uploads\/2025\/10\/808d154e-cb72-4c42-9c53-18864e75eef0-1024x682.jpg\" alt=\"\" class=\"wp-image-118808\" srcset=\"https:\/\/gentedebasquet.com.ar\/sitio\/wp-content\/uploads\/2025\/10\/808d154e-cb72-4c42-9c53-18864e75eef0-1024x682.jpg 1024w, https:\/\/gentedebasquet.com.ar\/sitio\/wp-content\/uploads\/2025\/10\/808d154e-cb72-4c42-9c53-18864e75eef0-300x200.jpg 300w, https:\/\/gentedebasquet.com.ar\/sitio\/wp-content\/uploads\/2025\/10\/808d154e-cb72-4c42-9c53-18864e75eef0-768x512.jpg 768w, https:\/\/gentedebasquet.com.ar\/sitio\/wp-content\/uploads\/2025\/10\/808d154e-cb72-4c42-9c53-18864e75eef0-1536x1023.jpg 1536w, https:\/\/gentedebasquet.com.ar\/sitio\/wp-content\/uploads\/2025\/10\/808d154e-cb72-4c42-9c53-18864e75eef0-750x500.jpg 750w, https:\/\/gentedebasquet.com.ar\/sitio\/wp-content\/uploads\/2025\/10\/808d154e-cb72-4c42-9c53-18864e75eef0-1140x760.jpg 1140w, https:\/\/gentedebasquet.com.ar\/sitio\/wp-content\/uploads\/2025\/10\/808d154e-cb72-4c42-9c53-18864e75eef0.jpg 1600w\" sizes=\"(max-width: 1024px) 100vw, 1024px\" \/><\/figure>\n\n\n\n<p>Fede tuvo&nbsp;una gran actuaci\u00f3n frente a Platense, en la victoria por 93-66. <strong>El tirador sum\u00f3 14 puntos (2\/3t3), en 20 minutos de juego<\/strong>. A Uni\u00f3n se le vendr\u00e1 Boca, el viernes.<\/p>\n\n\n\n<figure class=\"wp-block-image size-large\"><img decoding=\"async\" width=\"1024\" height=\"1024\" src=\"https:\/\/gentedebasquet.com.ar\/sitio\/wp-content\/uploads\/2025\/10\/84d061a9-6200-43a4-84c0-5b5f199ce0dd-1024x1024.jpg\" alt=\"\" class=\"wp-image-118546\" srcset=\"https:\/\/gentedebasquet.com.ar\/sitio\/wp-content\/uploads\/2025\/10\/84d061a9-6200-43a4-84c0-5b5f199ce0dd-1024x1024.jpg 1024w, https:\/\/gentedebasquet.com.ar\/sitio\/wp-content\/uploads\/2025\/10\/84d061a9-6200-43a4-84c0-5b5f199ce0dd-300x300.jpg 300w, https:\/\/gentedebasquet.com.ar\/sitio\/wp-content\/uploads\/2025\/10\/84d061a9-6200-43a4-84c0-5b5f199ce0dd-150x150.jpg 150w, https:\/\/gentedebasquet.com.ar\/sitio\/wp-content\/uploads\/2025\/10\/84d061a9-6200-43a4-84c0-5b5f199ce0dd-768x768.jpg 768w, https:\/\/gentedebasquet.com.ar\/sitio\/wp-content\/uploads\/2025\/10\/84d061a9-6200-43a4-84c0-5b5f199ce0dd-75x75.jpg 75w, https:\/\/gentedebasquet.com.ar\/sitio\/wp-content\/uploads\/2025\/10\/84d061a9-6200-43a4-84c0-5b5f199ce0dd-350x350.jpg 350w, https:\/\/gentedebasquet.com.ar\/sitio\/wp-content\/uploads\/2025\/10\/84d061a9-6200-43a4-84c0-5b5f199ce0dd-750x750.jpg 750w, https:\/\/gentedebasquet.com.ar\/sitio\/wp-content\/uploads\/2025\/10\/84d061a9-6200-43a4-84c0-5b5f199ce0dd-1140x1140.jpg 1140w, https:\/\/gentedebasquet.com.ar\/sitio\/wp-content\/uploads\/2025\/10\/84d061a9-6200-43a4-84c0-5b5f199ce0dd.jpg 1280w\" sizes=\"(max-width: 1024px) 100vw, 1024px\" \/><\/figure>\n\n\n\n<p><strong><em>Nos vamos para Italia donde hay cinco bahienses, en distintas categor\u00edas del b\u00e1squetbol italiano:<\/em><\/strong><\/p>\n\n\n\n<p>\u2022&nbsp;<strong>Serie A2: Lucio Redivo (UEB Cividale):<\/strong><\/p>\n\n\n\n<figure class=\"wp-block-image size-large\"><img decoding=\"async\" width=\"1024\" height=\"683\" src=\"https:\/\/gentedebasquet.com.ar\/sitio\/wp-content\/uploads\/2025\/10\/img_5704.jpg\" alt=\"\" class=\"wp-image-118239\" srcset=\"https:\/\/gentedebasquet.com.ar\/sitio\/wp-content\/uploads\/2025\/10\/img_5704.jpg 1024w, https:\/\/gentedebasquet.com.ar\/sitio\/wp-content\/uploads\/2025\/10\/img_5704-300x200.jpg 300w, https:\/\/gentedebasquet.com.ar\/sitio\/wp-content\/uploads\/2025\/10\/img_5704-768x512.jpg 768w, https:\/\/gentedebasquet.com.ar\/sitio\/wp-content\/uploads\/2025\/10\/img_5704-750x500.jpg 750w\" sizes=\"(max-width: 1024px) 100vw, 1024px\" \/><\/figure>\n\n\n\n<p>Lucio disput\u00f3 la s\u00e9ptima jornada de la A2 italiana, el escolta&nbsp;<strong>cerr\u00f3 con 17 puntos (3\/7t3), en 32 minutos<\/strong>, en la&nbsp;<strong>victoria del Cividale ante Gemini Mestre 78-79.<\/strong>&nbsp;<\/p>\n\n\n\n<p>\u2022&nbsp;<strong>Serie B Nazionale \u2013<\/strong>&nbsp;<strong>Orzi Basket \u2013 Zona \u201cA\u201d (Lucas Chaves):<\/strong><\/p>\n\n\n\n<figure class=\"wp-block-image size-large\"><img decoding=\"async\" width=\"1024\" height=\"683\" src=\"https:\/\/gentedebasquet.com.ar\/sitio\/wp-content\/uploads\/2025\/10\/img_6335-1-1024x683.jpg\" alt=\"\" class=\"wp-image-118651\" srcset=\"https:\/\/gentedebasquet.com.ar\/sitio\/wp-content\/uploads\/2025\/10\/img_6335-1-1024x683.jpg 1024w, https:\/\/gentedebasquet.com.ar\/sitio\/wp-content\/uploads\/2025\/10\/img_6335-1-300x200.jpg 300w, https:\/\/gentedebasquet.com.ar\/sitio\/wp-content\/uploads\/2025\/10\/img_6335-1-768x512.jpg 768w, https:\/\/gentedebasquet.com.ar\/sitio\/wp-content\/uploads\/2025\/10\/img_6335-1-750x500.jpg 750w, https:\/\/gentedebasquet.com.ar\/sitio\/wp-content\/uploads\/2025\/10\/img_6335-1-1140x760.jpg 1140w, https:\/\/gentedebasquet.com.ar\/sitio\/wp-content\/uploads\/2025\/10\/img_6335-1.jpg 1275w\" sizes=\"(max-width: 1024px) 100vw, 1024px\" \/><\/figure>\n\n\n\n<p>Lucas disput\u00f3 la 7\u00b0 fecha de la Zona \u201cA\u201d, el base&nbsp;<strong>sum\u00f3 17 unidades (8\/12t2), en 28 minutos en la victoria 76-87 frente a Rucker San Vendemiano<\/strong>.<\/p>\n\n\n\n<p><strong>\u2022 Zona \u201cB\u201d \u2013 Ferrara Basket (Ramiro Santiago):<\/strong><\/p>\n\n\n\n<figure class=\"wp-block-image size-large\"><img decoding=\"async\" width=\"1024\" height=\"683\" src=\"https:\/\/gentedebasquet.com.ar\/sitio\/wp-content\/uploads\/2025\/10\/img_6683-1024x683.jpg\" alt=\"\" class=\"wp-image-118650\" srcset=\"https:\/\/gentedebasquet.com.ar\/sitio\/wp-content\/uploads\/2025\/10\/img_6683-1024x683.jpg 1024w, https:\/\/gentedebasquet.com.ar\/sitio\/wp-content\/uploads\/2025\/10\/img_6683-300x200.jpg 300w, https:\/\/gentedebasquet.com.ar\/sitio\/wp-content\/uploads\/2025\/10\/img_6683-768x512.jpg 768w, https:\/\/gentedebasquet.com.ar\/sitio\/wp-content\/uploads\/2025\/10\/img_6683-750x500.jpg 750w, https:\/\/gentedebasquet.com.ar\/sitio\/wp-content\/uploads\/2025\/10\/img_6683-1140x760.jpg 1140w, https:\/\/gentedebasquet.com.ar\/sitio\/wp-content\/uploads\/2025\/10\/img_6683.jpg 1536w\" sizes=\"(max-width: 1024px) 100vw, 1024px\" \/><\/figure>\n\n\n\n<p>\u201cRama\u201d jug\u00f3 tambi\u00e9n la 7\u00b0 fecha de la Zona \u201cB\u201d de la tercera italiana. Ramiro&nbsp;<strong>finaliz\u00f3 con 7 puntos (1\/5t3), en 20 minutos de juego<\/strong>, en el triunfo frente a Loreto Pesaro 73-83.&nbsp;<\/p>\n\n\n\n<p>\u2022&nbsp;<strong>Serie B Interregionale: Leandro Cecchi (Nuovo Basket Aquilano)<\/strong><strong>:<\/strong><\/p>\n\n\n\n<figure class=\"wp-block-image size-large\"><img decoding=\"async\" width=\"1024\" height=\"630\" src=\"https:\/\/gentedebasquet.com.ar\/sitio\/wp-content\/uploads\/2025\/10\/image-1-2.jpg\" alt=\"\" class=\"wp-image-118655\" srcset=\"https:\/\/gentedebasquet.com.ar\/sitio\/wp-content\/uploads\/2025\/10\/image-1-2.jpg 1024w, https:\/\/gentedebasquet.com.ar\/sitio\/wp-content\/uploads\/2025\/10\/image-1-2-300x185.jpg 300w, https:\/\/gentedebasquet.com.ar\/sitio\/wp-content\/uploads\/2025\/10\/image-1-2-768x473.jpg 768w, https:\/\/gentedebasquet.com.ar\/sitio\/wp-content\/uploads\/2025\/10\/image-1-2-750x461.jpg 750w\" sizes=\"(max-width: 1024px) 100vw, 1024px\" \/><\/figure>\n\n\n\n<p>\u201cLeo\u201d tuvo una buena actuaci\u00f3n, disput\u00f3 la quinta jornada de la divisi\u00f3n E.&nbsp;<strong>Concluy\u00f3 con 14 puntos en la derrota 86-58, frente a Stella EBK<\/strong>.<\/p>\n\n\n\n<p>\u2022&nbsp;<strong>Emanuel Fern\u00e1ndez Pe\u00f1a (Viola Reggio Calabria):<\/strong><\/p>\n\n\n\n<figure class=\"wp-block-image size-large\"><img decoding=\"async\" width=\"1024\" height=\"686\" src=\"https:\/\/gentedebasquet.com.ar\/sitio\/wp-content\/uploads\/2025\/10\/img_6688-1024x686.jpg\" alt=\"\" class=\"wp-image-118658\" srcset=\"https:\/\/gentedebasquet.com.ar\/sitio\/wp-content\/uploads\/2025\/10\/img_6688-1024x686.jpg 1024w, https:\/\/gentedebasquet.com.ar\/sitio\/wp-content\/uploads\/2025\/10\/img_6688-300x201.jpg 300w, https:\/\/gentedebasquet.com.ar\/sitio\/wp-content\/uploads\/2025\/10\/img_6688-768x514.jpg 768w, https:\/\/gentedebasquet.com.ar\/sitio\/wp-content\/uploads\/2025\/10\/img_6688-750x502.jpg 750w, https:\/\/gentedebasquet.com.ar\/sitio\/wp-content\/uploads\/2025\/10\/img_6688-1140x764.jpg 1140w, https:\/\/gentedebasquet.com.ar\/sitio\/wp-content\/uploads\/2025\/10\/img_6688.jpg 1275w\" sizes=\"(max-width: 1024px) 100vw, 1024px\" \/><\/figure>\n\n\n\n<p>Manu sum\u00f3&nbsp;<strong>14 puntos en la derrota del Viola Reggio Calabria 72-68 frente al Castellaneta<\/strong>, correspondiente a la&nbsp;<strong>quinta fecha de la divisi\u00f3n F.<\/strong><\/p>\n","protected":false},"excerpt":{"rendered":"<p>Estas fueron las actuaciones de los oriundos de nuestra ciudad (tanto en Liga Nacional como en el Viejo Continente). Adem\u00e1s lo que se le vendr\u00e1 a cada uno. Empezamos con los que est\u00e1n en la \u00e9lite del b\u00e1squet nacional, donde hay siete jugadores bahienses, repasamos lo que dej\u00f3 y se vendr\u00e1: \u2022&nbsp;Jano Mart\u00ednez (Ferro): Jano [&hellip;]<\/p>\n","protected":false},"author":82,"featured_media":118810,"comment_status":"closed","ping_status":"open","sticky":false,"template":"","format":"standard","meta":{"jnews-multi-image_gallery":[],"jnews_single_post":[],"jnews_primary_category":[],"footnotes":""},"categories":[34,101],"tags":[1907,1765,928,1085,1394,135,79,80,155,1362,1655,1436],"class_list":["post-118811","post","type-post","status-publish","format-standard","has-post-thumbnail","hentry","category-bahienses-afuera","category-slide","tag-albano-costa","tag-alejo-azpilicueta","tag-emanuel-fernandez","tag-federico-elias","tag-jano-martinez","tag-leandro-cecchi","tag-lucas-chaves","tag-lucas-faggiano","tag-lucio-redivo","tag-ramiro-santiago","tag-valentin-duvanced","tag-valentin-forestier"],"yoast_head":"<!-- This site is optimized with the Yoast SEO plugin v27.5 - https:\/\/yoast.com\/product\/yoast-seo-wordpress\/ -->\n<title>Los que dej\u00f3 de los representantes bahienses - Gente de B\u00e1squet<\/title>\n<meta name=\"robots\" content=\"index, follow, max-snippet:-1, max-image-preview:large, max-video-preview:-1\" \/>\n<link rel=\"canonical\" href=\"https:\/\/gentedebasquet.com.ar\/sitio\/2025\/10\/27\/los-que-dejo-de-los-representantes-bahienses\/\" \/>\n<meta property=\"og:locale\" content=\"es_ES\" \/>\n<meta property=\"og:type\" content=\"article\" \/>\n<meta property=\"og:title\" content=\"Los que dej\u00f3 de los representantes bahienses - Gente de B\u00e1squet\" \/>\n<meta property=\"og:description\" content=\"Estas fueron las actuaciones de los oriundos de nuestra ciudad (tanto en Liga Nacional como en el Viejo Continente). Adem\u00e1s lo que se le vendr\u00e1 a cada uno. Empezamos con los que est\u00e1n en la \u00e9lite del b\u00e1squet nacional, donde hay siete jugadores bahienses, repasamos lo que dej\u00f3 y se vendr\u00e1: \u2022&nbsp;Jano Mart\u00ednez (Ferro): Jano [&hellip;]\" \/>\n<meta property=\"og:url\" content=\"https:\/\/gentedebasquet.com.ar\/sitio\/2025\/10\/27\/los-que-dejo-de-los-representantes-bahienses\/\" \/>\n<meta property=\"og:site_name\" content=\"Gente de B\u00e1squet\" \/>\n<meta property=\"article:published_time\" content=\"2025-10-27T17:17:19+00:00\" \/>\n<meta property=\"og:image\" content=\"https:\/\/gentedebasquet.com.ar\/sitio\/wp-content\/uploads\/2025\/10\/965b8c06-8a11-4e2e-96c3-840cfa0bc0c7-1.jpg\" \/>\n\t<meta property=\"og:image:width\" content=\"1600\" \/>\n\t<meta property=\"og:image:height\" content=\"1066\" \/>\n\t<meta property=\"og:image:type\" content=\"image\/jpeg\" \/>\n<meta name=\"author\" content=\"Manuel Lacerenza\" \/>\n<meta name=\"twitter:card\" content=\"summary_large_image\" \/>\n<meta name=\"twitter:label1\" content=\"Escrito por\" \/>\n\t<meta name=\"twitter:data1\" content=\"Manuel Lacerenza\" \/>\n\t<meta name=\"twitter:label2\" content=\"Tiempo de lectura\" \/>\n\t<meta name=\"twitter:data2\" content=\"3 minutos\" \/>\n<script type=\"application\/ld+json\" class=\"yoast-schema-graph\">{\"@context\":\"https:\\\/\\\/schema.org\",\"@graph\":[{\"@type\":\"Article\",\"@id\":\"https:\\\/\\\/gentedebasquet.com.ar\\\/sitio\\\/2025\\\/10\\\/27\\\/los-que-dejo-de-los-representantes-bahienses\\\/#article\",\"isPartOf\":{\"@id\":\"https:\\\/\\\/gentedebasquet.com.ar\\\/sitio\\\/2025\\\/10\\\/27\\\/los-que-dejo-de-los-representantes-bahienses\\\/\"},\"author\":{\"name\":\"Manuel Lacerenza\",\"@id\":\"https:\\\/\\\/gentedebasquet.com.ar\\\/sitio\\\/#\\\/schema\\\/person\\\/643357fb6a37b5549c9cfe9f339c9f1b\"},\"headline\":\"Los que dej\u00f3 de los representantes bahienses\",\"datePublished\":\"2025-10-27T17:17:19+00:00\",\"mainEntityOfPage\":{\"@id\":\"https:\\\/\\\/gentedebasquet.com.ar\\\/sitio\\\/2025\\\/10\\\/27\\\/los-que-dejo-de-los-representantes-bahienses\\\/\"},\"wordCount\":533,\"image\":{\"@id\":\"https:\\\/\\\/gentedebasquet.com.ar\\\/sitio\\\/2025\\\/10\\\/27\\\/los-que-dejo-de-los-representantes-bahienses\\\/#primaryimage\"},\"thumbnailUrl\":\"https:\\\/\\\/gentedebasquet.com.ar\\\/sitio\\\/wp-content\\\/uploads\\\/2025\\\/10\\\/965b8c06-8a11-4e2e-96c3-840cfa0bc0c7-1.jpg\",\"keywords\":[\"Albano Costa\",\"Alejo Azpilicueta\",\"Emanuel Fern\u00e1ndez\",\"Federico El\u00edas\",\"Jano Mart\u00ednez\",\"Leandro Cecchi\",\"Lucas Chaves\",\"Lucas Faggiano\",\"Lucio Redivo\",\"Ramiro Santiago\",\"Valentin Duvanced\",\"Valent\u00edn Forestier\"],\"articleSection\":[\"Bahienses Afuera\",\"Slide\"],\"inLanguage\":\"es\"},{\"@type\":\"WebPage\",\"@id\":\"https:\\\/\\\/gentedebasquet.com.ar\\\/sitio\\\/2025\\\/10\\\/27\\\/los-que-dejo-de-los-representantes-bahienses\\\/\",\"url\":\"https:\\\/\\\/gentedebasquet.com.ar\\\/sitio\\\/2025\\\/10\\\/27\\\/los-que-dejo-de-los-representantes-bahienses\\\/\",\"name\":\"Los que dej\u00f3 de los representantes bahienses - Gente de B\u00e1squet\",\"isPartOf\":{\"@id\":\"https:\\\/\\\/gentedebasquet.com.ar\\\/sitio\\\/#website\"},\"primaryImageOfPage\":{\"@id\":\"https:\\\/\\\/gentedebasquet.com.ar\\\/sitio\\\/2025\\\/10\\\/27\\\/los-que-dejo-de-los-representantes-bahienses\\\/#primaryimage\"},\"image\":{\"@id\":\"https:\\\/\\\/gentedebasquet.com.ar\\\/sitio\\\/2025\\\/10\\\/27\\\/los-que-dejo-de-los-representantes-bahienses\\\/#primaryimage\"},\"thumbnailUrl\":\"https:\\\/\\\/gentedebasquet.com.ar\\\/sitio\\\/wp-content\\\/uploads\\\/2025\\\/10\\\/965b8c06-8a11-4e2e-96c3-840cfa0bc0c7-1.jpg\",\"datePublished\":\"2025-10-27T17:17:19+00:00\",\"author\":{\"@id\":\"https:\\\/\\\/gentedebasquet.com.ar\\\/sitio\\\/#\\\/schema\\\/person\\\/643357fb6a37b5549c9cfe9f339c9f1b\"},\"breadcrumb\":{\"@id\":\"https:\\\/\\\/gentedebasquet.com.ar\\\/sitio\\\/2025\\\/10\\\/27\\\/los-que-dejo-de-los-representantes-bahienses\\\/#breadcrumb\"},\"inLanguage\":\"es\",\"potentialAction\":[{\"@type\":\"ReadAction\",\"target\":[\"https:\\\/\\\/gentedebasquet.com.ar\\\/sitio\\\/2025\\\/10\\\/27\\\/los-que-dejo-de-los-representantes-bahienses\\\/\"]}]},{\"@type\":\"ImageObject\",\"inLanguage\":\"es\",\"@id\":\"https:\\\/\\\/gentedebasquet.com.ar\\\/sitio\\\/2025\\\/10\\\/27\\\/los-que-dejo-de-los-representantes-bahienses\\\/#primaryimage\",\"url\":\"https:\\\/\\\/gentedebasquet.com.ar\\\/sitio\\\/wp-content\\\/uploads\\\/2025\\\/10\\\/965b8c06-8a11-4e2e-96c3-840cfa0bc0c7-1.jpg\",\"contentUrl\":\"https:\\\/\\\/gentedebasquet.com.ar\\\/sitio\\\/wp-content\\\/uploads\\\/2025\\\/10\\\/965b8c06-8a11-4e2e-96c3-840cfa0bc0c7-1.jpg\",\"width\":1600,\"height\":1066},{\"@type\":\"BreadcrumbList\",\"@id\":\"https:\\\/\\\/gentedebasquet.com.ar\\\/sitio\\\/2025\\\/10\\\/27\\\/los-que-dejo-de-los-representantes-bahienses\\\/#breadcrumb\",\"itemListElement\":[{\"@type\":\"ListItem\",\"position\":1,\"name\":\"Portada\",\"item\":\"https:\\\/\\\/gentedebasquet.com.ar\\\/sitio\\\/\"},{\"@type\":\"ListItem\",\"position\":2,\"name\":\"Los que dej\u00f3 de los representantes bahienses\"}]},{\"@type\":\"WebSite\",\"@id\":\"https:\\\/\\\/gentedebasquet.com.ar\\\/sitio\\\/#website\",\"url\":\"https:\\\/\\\/gentedebasquet.com.ar\\\/sitio\\\/\",\"name\":\"Gente de B\u00e1squet\",\"description\":\"La revista del basquet de Bah\u00eda Blanca\",\"potentialAction\":[{\"@type\":\"SearchAction\",\"target\":{\"@type\":\"EntryPoint\",\"urlTemplate\":\"https:\\\/\\\/gentedebasquet.com.ar\\\/sitio\\\/?s={search_term_string}\"},\"query-input\":{\"@type\":\"PropertyValueSpecification\",\"valueRequired\":true,\"valueName\":\"search_term_string\"}}],\"inLanguage\":\"es\"},{\"@type\":\"Person\",\"@id\":\"https:\\\/\\\/gentedebasquet.com.ar\\\/sitio\\\/#\\\/schema\\\/person\\\/643357fb6a37b5549c9cfe9f339c9f1b\",\"name\":\"Manuel Lacerenza\",\"image\":{\"@type\":\"ImageObject\",\"inLanguage\":\"es\",\"@id\":\"https:\\\/\\\/secure.gravatar.com\\\/avatar\\\/6a427d587bd181ca8afd828e8cf364f233c5cbe5b8a1332b92ea42687ad97845?s=96&d=mm&r=g\",\"url\":\"https:\\\/\\\/secure.gravatar.com\\\/avatar\\\/6a427d587bd181ca8afd828e8cf364f233c5cbe5b8a1332b92ea42687ad97845?s=96&d=mm&r=g\",\"contentUrl\":\"https:\\\/\\\/secure.gravatar.com\\\/avatar\\\/6a427d587bd181ca8afd828e8cf364f233c5cbe5b8a1332b92ea42687ad97845?s=96&d=mm&r=g\",\"caption\":\"Manuel Lacerenza\"},\"url\":\"https:\\\/\\\/gentedebasquet.com.ar\\\/sitio\\\/author\\\/manuel\\\/\"}]}<\/script>\n<!-- \/ Yoast SEO plugin. -->","yoast_head_json":{"title":"Los que dej\u00f3 de los representantes bahienses - Gente de B\u00e1squet","robots":{"index":"index","follow":"follow","max-snippet":"max-snippet:-1","max-image-preview":"max-image-preview:large","max-video-preview":"max-video-preview:-1"},"canonical":"https:\/\/gentedebasquet.com.ar\/sitio\/2025\/10\/27\/los-que-dejo-de-los-representantes-bahienses\/","og_locale":"es_ES","og_type":"article","og_title":"Los que dej\u00f3 de los representantes bahienses - Gente de B\u00e1squet","og_description":"Estas fueron las actuaciones de los oriundos de nuestra ciudad (tanto en Liga Nacional como en el Viejo Continente). Adem\u00e1s lo que se le vendr\u00e1 a cada uno. Empezamos con los que est\u00e1n en la \u00e9lite del b\u00e1squet nacional, donde hay siete jugadores bahienses, repasamos lo que dej\u00f3 y se vendr\u00e1: \u2022&nbsp;Jano Mart\u00ednez (Ferro): Jano [&hellip;]","og_url":"https:\/\/gentedebasquet.com.ar\/sitio\/2025\/10\/27\/los-que-dejo-de-los-representantes-bahienses\/","og_site_name":"Gente de B\u00e1squet","article_published_time":"2025-10-27T17:17:19+00:00","og_image":[{"width":1600,"height":1066,"url":"https:\/\/gentedebasquet.com.ar\/sitio\/wp-content\/uploads\/2025\/10\/965b8c06-8a11-4e2e-96c3-840cfa0bc0c7-1.jpg","type":"image\/jpeg"}],"author":"Manuel Lacerenza","twitter_card":"summary_large_image","twitter_misc":{"Escrito por":"Manuel Lacerenza","Tiempo de lectura":"3 minutos"},"schema":{"@context":"https:\/\/schema.org","@graph":[{"@type":"Article","@id":"https:\/\/gentedebasquet.com.ar\/sitio\/2025\/10\/27\/los-que-dejo-de-los-representantes-bahienses\/#article","isPartOf":{"@id":"https:\/\/gentedebasquet.com.ar\/sitio\/2025\/10\/27\/los-que-dejo-de-los-representantes-bahienses\/"},"author":{"name":"Manuel Lacerenza","@id":"https:\/\/gentedebasquet.com.ar\/sitio\/#\/schema\/person\/643357fb6a37b5549c9cfe9f339c9f1b"},"headline":"Los que dej\u00f3 de los representantes bahienses","datePublished":"2025-10-27T17:17:19+00:00","mainEntityOfPage":{"@id":"https:\/\/gentedebasquet.com.ar\/sitio\/2025\/10\/27\/los-que-dejo-de-los-representantes-bahienses\/"},"wordCount":533,"image":{"@id":"https:\/\/gentedebasquet.com.ar\/sitio\/2025\/10\/27\/los-que-dejo-de-los-representantes-bahienses\/#primaryimage"},"thumbnailUrl":"https:\/\/gentedebasquet.com.ar\/sitio\/wp-content\/uploads\/2025\/10\/965b8c06-8a11-4e2e-96c3-840cfa0bc0c7-1.jpg","keywords":["Albano Costa","Alejo Azpilicueta","Emanuel Fern\u00e1ndez","Federico El\u00edas","Jano Mart\u00ednez","Leandro Cecchi","Lucas Chaves","Lucas Faggiano","Lucio Redivo","Ramiro Santiago","Valentin Duvanced","Valent\u00edn Forestier"],"articleSection":["Bahienses Afuera","Slide"],"inLanguage":"es"},{"@type":"WebPage","@id":"https:\/\/gentedebasquet.com.ar\/sitio\/2025\/10\/27\/los-que-dejo-de-los-representantes-bahienses\/","url":"https:\/\/gentedebasquet.com.ar\/sitio\/2025\/10\/27\/los-que-dejo-de-los-representantes-bahienses\/","name":"Los que dej\u00f3 de los representantes bahienses - Gente de B\u00e1squet","isPartOf":{"@id":"https:\/\/gentedebasquet.com.ar\/sitio\/#website"},"primaryImageOfPage":{"@id":"https:\/\/gentedebasquet.com.ar\/sitio\/2025\/10\/27\/los-que-dejo-de-los-representantes-bahienses\/#primaryimage"},"image":{"@id":"https:\/\/gentedebasquet.com.ar\/sitio\/2025\/10\/27\/los-que-dejo-de-los-representantes-bahienses\/#primaryimage"},"thumbnailUrl":"https:\/\/gentedebasquet.com.ar\/sitio\/wp-content\/uploads\/2025\/10\/965b8c06-8a11-4e2e-96c3-840cfa0bc0c7-1.jpg","datePublished":"2025-10-27T17:17:19+00:00","author":{"@id":"https:\/\/gentedebasquet.com.ar\/sitio\/#\/schema\/person\/643357fb6a37b5549c9cfe9f339c9f1b"},"breadcrumb":{"@id":"https:\/\/gentedebasquet.com.ar\/sitio\/2025\/10\/27\/los-que-dejo-de-los-representantes-bahienses\/#breadcrumb"},"inLanguage":"es","potentialAction":[{"@type":"ReadAction","target":["https:\/\/gentedebasquet.com.ar\/sitio\/2025\/10\/27\/los-que-dejo-de-los-representantes-bahienses\/"]}]},{"@type":"ImageObject","inLanguage":"es","@id":"https:\/\/gentedebasquet.com.ar\/sitio\/2025\/10\/27\/los-que-dejo-de-los-representantes-bahienses\/#primaryimage","url":"https:\/\/gentedebasquet.com.ar\/sitio\/wp-content\/uploads\/2025\/10\/965b8c06-8a11-4e2e-96c3-840cfa0bc0c7-1.jpg","contentUrl":"https:\/\/gentedebasquet.com.ar\/sitio\/wp-content\/uploads\/2025\/10\/965b8c06-8a11-4e2e-96c3-840cfa0bc0c7-1.jpg","width":1600,"height":1066},{"@type":"BreadcrumbList","@id":"https:\/\/gentedebasquet.com.ar\/sitio\/2025\/10\/27\/los-que-dejo-de-los-representantes-bahienses\/#breadcrumb","itemListElement":[{"@type":"ListItem","position":1,"name":"Portada","item":"https:\/\/gentedebasquet.com.ar\/sitio\/"},{"@type":"ListItem","position":2,"name":"Los que dej\u00f3 de los representantes bahienses"}]},{"@type":"WebSite","@id":"https:\/\/gentedebasquet.com.ar\/sitio\/#website","url":"https:\/\/gentedebasquet.com.ar\/sitio\/","name":"Gente de B\u00e1squet","description":"La revista del basquet de Bah\u00eda Blanca","potentialAction":[{"@type":"SearchAction","target":{"@type":"EntryPoint","urlTemplate":"https:\/\/gentedebasquet.com.ar\/sitio\/?s={search_term_string}"},"query-input":{"@type":"PropertyValueSpecification","valueRequired":true,"valueName":"search_term_string"}}],"inLanguage":"es"},{"@type":"Person","@id":"https:\/\/gentedebasquet.com.ar\/sitio\/#\/schema\/person\/643357fb6a37b5549c9cfe9f339c9f1b","name":"Manuel Lacerenza","image":{"@type":"ImageObject","inLanguage":"es","@id":"https:\/\/secure.gravatar.com\/avatar\/6a427d587bd181ca8afd828e8cf364f233c5cbe5b8a1332b92ea42687ad97845?s=96&d=mm&r=g","url":"https:\/\/secure.gravatar.com\/avatar\/6a427d587bd181ca8afd828e8cf364f233c5cbe5b8a1332b92ea42687ad97845?s=96&d=mm&r=g","contentUrl":"https:\/\/secure.gravatar.com\/avatar\/6a427d587bd181ca8afd828e8cf364f233c5cbe5b8a1332b92ea42687ad97845?s=96&d=mm&r=g","caption":"Manuel Lacerenza"},"url":"https:\/\/gentedebasquet.com.ar\/sitio\/author\/manuel\/"}]}},"_links":{"self":[{"href":"https:\/\/gentedebasquet.com.ar\/sitio\/wp-json\/wp\/v2\/posts\/118811","targetHints":{"allow":["GET"]}}],"collection":[{"href":"https:\/\/gentedebasquet.com.ar\/sitio\/wp-json\/wp\/v2\/posts"}],"about":[{"href":"https:\/\/gentedebasquet.com.ar\/sitio\/wp-json\/wp\/v2\/types\/post"}],"author":[{"embeddable":true,"href":"https:\/\/gentedebasquet.com.ar\/sitio\/wp-json\/wp\/v2\/users\/82"}],"replies":[{"embeddable":true,"href":"https:\/\/gentedebasquet.com.ar\/sitio\/wp-json\/wp\/v2\/comments?post=118811"}],"version-history":[{"count":2,"href":"https:\/\/gentedebasquet.com.ar\/sitio\/wp-json\/wp\/v2\/posts\/118811\/revisions"}],"predecessor-version":[{"id":118813,"href":"https:\/\/gentedebasquet.com.ar\/sitio\/wp-json\/wp\/v2\/posts\/118811\/revisions\/118813"}],"wp:featuredmedia":[{"embeddable":true,"href":"https:\/\/gentedebasquet.com.ar\/sitio\/wp-json\/wp\/v2\/media\/118810"}],"wp:attachment":[{"href":"https:\/\/gentedebasquet.com.ar\/sitio\/wp-json\/wp\/v2\/media?parent=118811"}],"wp:term":[{"taxonomy":"category","embeddable":true,"href":"https:\/\/gentedebasquet.com.ar\/sitio\/wp-json\/wp\/v2\/categories?post=118811"},{"taxonomy":"post_tag","embeddable":true,"href":"https:\/\/gentedebasquet.com.ar\/sitio\/wp-json\/wp\/v2\/tags?post=118811"}],"curies":[{"name":"wp","href":"https:\/\/api.w.org\/{rel}","templated":true}]}}