{"id":118875,"date":"2025-10-29T05:30:00","date_gmt":"2025-10-29T04:30:00","guid":{"rendered":"https:\/\/gentedebasquet.com.ar\/sitio\/?p=118875"},"modified":"2025-10-29T17:03:14","modified_gmt":"2025-10-29T16:03:14","slug":"la-bella-pudo-con-la-bestia","status":"publish","type":"post","link":"https:\/\/gentedebasquet.com.ar\/sitio\/2025\/10\/29\/la-bella-pudo-con-la-bestia\/","title":{"rendered":"La Bella fue m\u00e1s que \u201cla bestia\u201d"},"content":{"rendered":"<p><strong>Con un doble del inoxidable base a falta de 0,7seg, El Nacional venci\u00f3 71 a 69 a Ateneo, que cont\u00f3 con un imparable Juli\u00e1n Ripoll autor de 29 puntos (con 11\/19 en T2).<\/strong><\/p>\n<p><strong>En el elenco orientado por Ramiro Riviere hubo 19 tantos m\u00e1s 8 rebotes de Manuel Echarri, 16 de Nahuel Dulsan y 12 de Lucas Ruiz.<\/strong><\/p>\n<p><strong>La figura fue Leo La Bella que aport\u00f3 9 unidades (con 3\/4 en T2 y 1\/3 en T3), 4 rebotes, 9 asistencias y 1 robo. \u00a0<\/strong><\/p>\n<p><strong>En el visitante, que cerr\u00f3 con 3\/19 en T3, tambi\u00e9n Daniel Ezcurra arrim\u00f3 12 m\u00e1s 7 tableros y Nicol\u00e1s Bejarano 10 m\u00e1s 9 recobres y 4 asistencias.<\/strong><\/p>\n<p><strong>El Nacional escap\u00f3 en el 1C, cargando el rebote ofensivo, logrando La Bella imponer condiciones desde la base y con un activo Echarri. Sin embargo, Ateneo ajust\u00f3 en defensa, aprovech\u00f3 la poca efectividad de su rival cada vez que fue a la l\u00ednea (cerr\u00f3 con 8\/36 en TL) y acort\u00f3 la brecha en el 2C.<\/strong><\/p>\n<p><strong>Al irse a los vestuarios hubo un tumulto y al regreso, antes de iniciar el 3C, los jueces Alejandro Vizca\u00edno, Sebasti\u00e1n Giannino y Lucas Andr\u00e9s sancionaron una falta antideportiva de Percello y una t\u00e9cnica de la banca visitante, m\u00e1s una t\u00e9cnica de Bruno Aceituno y otra de La Bella en el celeste bahiense. El resultado fue un libre anotado por Ripoll y dos convertidos por Ruiz (terminar\u00edan siendo claves). Ese per\u00edodo result\u00f3 el m\u00e1s equilibrado y con un goleo m\u00e1s elevado.<\/strong><\/p>\n<p><strong>El 4C fue carg\u00e1ndose de dramatismo y suspenso. El conjunto de Alexis Amarfil, tom\u00f3 algunas decisiones apresuradas y no pudo dar el zarpazo cuando tuvo para poner arriba en el tanteador. Despu\u00e9s de estar 0\/14 a distancia, Mat\u00edas Leiva con dos bombazos consecutivos y Ripoll con uno, rompieron el maleficio. <\/strong><\/p>\n<p><strong>Empatados en 69, La Bella se cay\u00f3, pero rescat\u00f3 de la cornisa un bal\u00f3n fundamental y posteriormente recibi\u00f3 falta. Riviere solicit\u00f3 minuto a falta de 6seg. Tras la reposici\u00f3n, el ex Bahiense del Norte se hizo cargo de la situaci\u00f3n, fue zigzagueante hacia el canasto y ensay\u00f3 un tiro flotado, que termin\u00f3 ingresando para el 71-69. <\/strong><\/p>\n<p><strong>Los \u00e1rbitros revisaron en la transmisi\u00f3n en vivo de Punta Alta Visi\u00f3n la secuencia y le otorgaron 0,7seg a los puntaltenses, que fallaron en la reposici\u00f3n y ni siquiera pudieron forzar un tiro a distancia.<\/strong><\/p>\n<p><strong>El viernes, a las 21 horas, se vuelven a ver las caras en el escenario Luis Polizzi, de la vecina ciudad.<\/strong><\/p>\n<div class=\"jeg_video_container jeg_video_content\"><iframe loading=\"lazy\" title=\"#Segunda - Playoffs - 4tos de final - Juego #1 (+3): El Nacional 71 - 69 Ateneo\" width=\"500\" height=\"281\" src=\"https:\/\/www.youtube.com\/embed\/jB2-1nxRLME?feature=oembed\" frameborder=\"0\" allow=\"accelerometer; autoplay; clipboard-write; encrypted-media; gyroscope; picture-in-picture; web-share\" referrerpolicy=\"strict-origin-when-cross-origin\" allowfullscreen><\/iframe><\/div>\n<p><img decoding=\"async\" class=\"alignnone size-medium wp-image-118880\" src=\"http:\/\/gentedebasquet.com.ar\/sitio\/wp-content\/uploads\/2025\/10\/e74607fa-5fc4-4e9f-a16a-c5c1b7072ab6-300x300.jpg\" alt=\"\" width=\"300\" height=\"300\" srcset=\"https:\/\/gentedebasquet.com.ar\/sitio\/wp-content\/uploads\/2025\/10\/e74607fa-5fc4-4e9f-a16a-c5c1b7072ab6-300x300.jpg 300w, https:\/\/gentedebasquet.com.ar\/sitio\/wp-content\/uploads\/2025\/10\/e74607fa-5fc4-4e9f-a16a-c5c1b7072ab6-1024x1024.jpg 1024w, https:\/\/gentedebasquet.com.ar\/sitio\/wp-content\/uploads\/2025\/10\/e74607fa-5fc4-4e9f-a16a-c5c1b7072ab6-150x150.jpg 150w, https:\/\/gentedebasquet.com.ar\/sitio\/wp-content\/uploads\/2025\/10\/e74607fa-5fc4-4e9f-a16a-c5c1b7072ab6-768x768.jpg 768w, https:\/\/gentedebasquet.com.ar\/sitio\/wp-content\/uploads\/2025\/10\/e74607fa-5fc4-4e9f-a16a-c5c1b7072ab6-1536x1536.jpg 1536w, https:\/\/gentedebasquet.com.ar\/sitio\/wp-content\/uploads\/2025\/10\/e74607fa-5fc4-4e9f-a16a-c5c1b7072ab6-75x75.jpg 75w, https:\/\/gentedebasquet.com.ar\/sitio\/wp-content\/uploads\/2025\/10\/e74607fa-5fc4-4e9f-a16a-c5c1b7072ab6-350x350.jpg 350w, https:\/\/gentedebasquet.com.ar\/sitio\/wp-content\/uploads\/2025\/10\/e74607fa-5fc4-4e9f-a16a-c5c1b7072ab6-750x750.jpg 750w, https:\/\/gentedebasquet.com.ar\/sitio\/wp-content\/uploads\/2025\/10\/e74607fa-5fc4-4e9f-a16a-c5c1b7072ab6-1140x1140.jpg 1140w, https:\/\/gentedebasquet.com.ar\/sitio\/wp-content\/uploads\/2025\/10\/e74607fa-5fc4-4e9f-a16a-c5c1b7072ab6.jpg 1600w\" sizes=\"(max-width: 300px) 100vw, 300px\" \/><\/p>\n<blockquote><p>\u201cLo importante era ganar. Sab\u00edamos que \u00edbamos a jugar contra un equipo duro, intenso, pero a lo \u00faltimo pudimos sacarlo adelante. Es un grupo b\u00e1rbaro, quiero terminar jugando, son mis \u00faltimos partidos, quiero sentirme bien, ayudar al equipo, me han tratado muy bien, pero tuve dos lesiones que nunca tuve en mi vida, demasiado largas. Hay que estar preparado para lo m\u00e1s lindo. Hoy ganamos por car\u00e1cter, tenemos que corregir muchas cosas, no estar desconcentrados, pero tuvimos actitud\u201d, Leonardo La Bella (El Nacional).<\/p><\/blockquote>\n<p><img decoding=\"async\" class=\"alignnone size-medium wp-image-118877\" src=\"http:\/\/gentedebasquet.com.ar\/sitio\/wp-content\/uploads\/2025\/10\/DSC_8716-300x200.jpg\" alt=\"\" width=\"300\" height=\"200\" srcset=\"https:\/\/gentedebasquet.com.ar\/sitio\/wp-content\/uploads\/2025\/10\/DSC_8716-300x200.jpg 300w, https:\/\/gentedebasquet.com.ar\/sitio\/wp-content\/uploads\/2025\/10\/DSC_8716.jpg 650w\" sizes=\"(max-width: 300px) 100vw, 300px\" \/><\/p>\n<p><img decoding=\"async\" class=\"alignnone size-medium wp-image-118879\" src=\"http:\/\/gentedebasquet.com.ar\/sitio\/wp-content\/uploads\/2025\/10\/52517260-0ddf-42e6-80f3-e02ed2173f54-300x300.jpg\" alt=\"\" width=\"300\" height=\"300\" srcset=\"https:\/\/gentedebasquet.com.ar\/sitio\/wp-content\/uploads\/2025\/10\/52517260-0ddf-42e6-80f3-e02ed2173f54-300x300.jpg 300w, https:\/\/gentedebasquet.com.ar\/sitio\/wp-content\/uploads\/2025\/10\/52517260-0ddf-42e6-80f3-e02ed2173f54-1024x1024.jpg 1024w, https:\/\/gentedebasquet.com.ar\/sitio\/wp-content\/uploads\/2025\/10\/52517260-0ddf-42e6-80f3-e02ed2173f54-150x150.jpg 150w, https:\/\/gentedebasquet.com.ar\/sitio\/wp-content\/uploads\/2025\/10\/52517260-0ddf-42e6-80f3-e02ed2173f54-768x768.jpg 768w, https:\/\/gentedebasquet.com.ar\/sitio\/wp-content\/uploads\/2025\/10\/52517260-0ddf-42e6-80f3-e02ed2173f54-1536x1536.jpg 1536w, https:\/\/gentedebasquet.com.ar\/sitio\/wp-content\/uploads\/2025\/10\/52517260-0ddf-42e6-80f3-e02ed2173f54-75x75.jpg 75w, https:\/\/gentedebasquet.com.ar\/sitio\/wp-content\/uploads\/2025\/10\/52517260-0ddf-42e6-80f3-e02ed2173f54-350x350.jpg 350w, https:\/\/gentedebasquet.com.ar\/sitio\/wp-content\/uploads\/2025\/10\/52517260-0ddf-42e6-80f3-e02ed2173f54-750x750.jpg 750w, https:\/\/gentedebasquet.com.ar\/sitio\/wp-content\/uploads\/2025\/10\/52517260-0ddf-42e6-80f3-e02ed2173f54-1140x1140.jpg 1140w, https:\/\/gentedebasquet.com.ar\/sitio\/wp-content\/uploads\/2025\/10\/52517260-0ddf-42e6-80f3-e02ed2173f54.jpg 1600w\" sizes=\"(max-width: 300px) 100vw, 300px\" \/><\/p>\n<p><strong>S\u00edntesis \u2013 Segunda Divisi\u00f3n \u2013 Cuartos de final \u2013 Juego 1<\/strong><\/p>\n<p><strong>El Nacional 71:\u00a0<\/strong>Leonardo La Bella 9, Facundo Dulsan 8, Nahuel Dulsan 16, Manuel Echarri 19 y Lucas Ruiz 12,\u00a0(<strong>FI);<\/strong>\u00a0Alejo Arias 2, Joaqu\u00edn Margiotta 1, Juan Dauphin 2, Bruno Aceituno 2 y Santiago Hamze 0.\u00a0<strong>DT:<\/strong>\u00a0<strong>Ramiro Riviere.<\/strong><\/p>\n<p><strong>Ateneo 69:<\/strong>\u00a0Mat\u00edas Leiva 8, Franco Percello 4, Juli\u00e1n Ripoll 29, Nicol\u00e1s Bejarano 10 y Daniel Ezcurra 12, (<strong>FI);<\/strong> Nahuel Ilacqua Donnari 0, Marcos Casco 4 y Lucas G\u00f3mez Ponce 2.\u00a0<strong>DT: Alexis Amarfil.<\/strong><\/p>\n<p>Parciales: 21-9; 31-28 (10-17); 56-50 (25-22); y 71-69 (15-21).<\/p>\n<p>\u00c1rbitros: Alejandro Vizca\u00edno, Sebasti\u00e1n Giannino y Lucas Andr\u00e9s.<\/p>\n<p>Estadio: Delfo y Pac\u00edfico Ciccioli (El Nacional).<\/p>\n<p>Serie: El Nacional, 1-0.<\/p>\n<p><img decoding=\"async\" class=\"alignnone size-medium wp-image-118876\" src=\"http:\/\/gentedebasquet.com.ar\/sitio\/wp-content\/uploads\/2025\/10\/DSC_8718-300x200.jpg\" alt=\"\" width=\"300\" height=\"200\" srcset=\"https:\/\/gentedebasquet.com.ar\/sitio\/wp-content\/uploads\/2025\/10\/DSC_8718-300x200.jpg 300w, https:\/\/gentedebasquet.com.ar\/sitio\/wp-content\/uploads\/2025\/10\/DSC_8718.jpg 650w\" sizes=\"(max-width: 300px) 100vw, 300px\" \/><\/p>\n<p>Fotos: Marcelo Barth (Punta Noticias)<\/p>\n","protected":false},"excerpt":{"rendered":"<p>Con un doble del inoxidable base a falta de 0,7seg, El Nacional venci\u00f3 71 a 69 a Ateneo, que cont\u00f3 con un imparable Juli\u00e1n Ripoll autor de 29 puntos (con 11\/19 en T2). En el elenco orientado por Ramiro Riviere hubo 19 tantos m\u00e1s 8 rebotes de Manuel Echarri, 16 de Nahuel Dulsan y 12 [&hellip;]<\/p>\n","protected":false},"author":62,"featured_media":118878,"comment_status":"closed","ping_status":"open","sticky":false,"template":"","format":"standard","meta":{"jnews-multi-image_gallery":[],"jnews_single_post":[],"jnews_primary_category":[],"footnotes":""},"categories":[25,101],"tags":[1726,9,2026],"class_list":["post-118875","post","type-post","status-publish","format-standard","has-post-thumbnail","hentry","category-segunda","category-slide","tag-ateneo","tag-el-nacional","tag-torneo-de-segunda-abb"],"yoast_head":"<!-- This site is optimized with the Yoast SEO plugin v27.5 - https:\/\/yoast.com\/product\/yoast-seo-wordpress\/ -->\n<title>La Bella fue m\u00e1s que \u201cla bestia\u201d - Gente de B\u00e1squet<\/title>\n<meta name=\"robots\" content=\"index, follow, max-snippet:-1, max-image-preview:large, max-video-preview:-1\" \/>\n<link rel=\"canonical\" href=\"https:\/\/gentedebasquet.com.ar\/sitio\/2025\/10\/29\/la-bella-pudo-con-la-bestia\/\" \/>\n<meta property=\"og:locale\" content=\"es_ES\" \/>\n<meta property=\"og:type\" content=\"article\" \/>\n<meta property=\"og:title\" content=\"La Bella fue m\u00e1s que \u201cla bestia\u201d - Gente de B\u00e1squet\" \/>\n<meta property=\"og:description\" content=\"Con un doble del inoxidable base a falta de 0,7seg, El Nacional venci\u00f3 71 a 69 a Ateneo, que cont\u00f3 con un imparable Juli\u00e1n Ripoll autor de 29 puntos (con 11\/19 en T2). En el elenco orientado por Ramiro Riviere hubo 19 tantos m\u00e1s 8 rebotes de Manuel Echarri, 16 de Nahuel Dulsan y 12 [&hellip;]\" \/>\n<meta property=\"og:url\" content=\"https:\/\/gentedebasquet.com.ar\/sitio\/2025\/10\/29\/la-bella-pudo-con-la-bestia\/\" \/>\n<meta property=\"og:site_name\" content=\"Gente de B\u00e1squet\" \/>\n<meta property=\"article:published_time\" content=\"2025-10-29T04:30:00+00:00\" \/>\n<meta property=\"article:modified_time\" content=\"2025-10-29T16:03:14+00:00\" \/>\n<meta property=\"og:image\" content=\"https:\/\/gentedebasquet.com.ar\/sitio\/wp-content\/uploads\/2025\/10\/DSC_8721.jpg\" \/>\n\t<meta property=\"og:image:width\" content=\"750\" \/>\n\t<meta property=\"og:image:height\" content=\"362\" \/>\n\t<meta property=\"og:image:type\" content=\"image\/jpeg\" \/>\n<meta name=\"author\" content=\"Mat\u00edas Dom\u00ednguez\" \/>\n<meta name=\"twitter:card\" content=\"summary_large_image\" \/>\n<meta name=\"twitter:label1\" content=\"Escrito por\" \/>\n\t<meta name=\"twitter:data1\" content=\"Mat\u00edas Dom\u00ednguez\" \/>\n\t<meta name=\"twitter:label2\" content=\"Tiempo de lectura\" \/>\n\t<meta name=\"twitter:data2\" content=\"4 minutos\" \/>\n<script type=\"application\/ld+json\" class=\"yoast-schema-graph\">{\"@context\":\"https:\\\/\\\/schema.org\",\"@graph\":[{\"@type\":\"Article\",\"@id\":\"https:\\\/\\\/gentedebasquet.com.ar\\\/sitio\\\/2025\\\/10\\\/29\\\/la-bella-pudo-con-la-bestia\\\/#article\",\"isPartOf\":{\"@id\":\"https:\\\/\\\/gentedebasquet.com.ar\\\/sitio\\\/2025\\\/10\\\/29\\\/la-bella-pudo-con-la-bestia\\\/\"},\"author\":{\"name\":\"Mat\u00edas Dom\u00ednguez\",\"@id\":\"https:\\\/\\\/gentedebasquet.com.ar\\\/sitio\\\/#\\\/schema\\\/person\\\/2df9550994560b26db96aa8de5494221\"},\"headline\":\"La Bella fue m\u00e1s que \u201cla bestia\u201d\",\"datePublished\":\"2025-10-29T04:30:00+00:00\",\"dateModified\":\"2025-10-29T16:03:14+00:00\",\"mainEntityOfPage\":{\"@id\":\"https:\\\/\\\/gentedebasquet.com.ar\\\/sitio\\\/2025\\\/10\\\/29\\\/la-bella-pudo-con-la-bestia\\\/\"},\"wordCount\":616,\"image\":{\"@id\":\"https:\\\/\\\/gentedebasquet.com.ar\\\/sitio\\\/2025\\\/10\\\/29\\\/la-bella-pudo-con-la-bestia\\\/#primaryimage\"},\"thumbnailUrl\":\"https:\\\/\\\/gentedebasquet.com.ar\\\/sitio\\\/wp-content\\\/uploads\\\/2025\\\/10\\\/DSC_8721.jpg\",\"keywords\":[\"Ateneo\",\"El Nacional\",\"Torneo de Segunda ABB\"],\"articleSection\":[\"Segunda\",\"Slide\"],\"inLanguage\":\"es\"},{\"@type\":\"WebPage\",\"@id\":\"https:\\\/\\\/gentedebasquet.com.ar\\\/sitio\\\/2025\\\/10\\\/29\\\/la-bella-pudo-con-la-bestia\\\/\",\"url\":\"https:\\\/\\\/gentedebasquet.com.ar\\\/sitio\\\/2025\\\/10\\\/29\\\/la-bella-pudo-con-la-bestia\\\/\",\"name\":\"La Bella fue m\u00e1s que \u201cla bestia\u201d - Gente de B\u00e1squet\",\"isPartOf\":{\"@id\":\"https:\\\/\\\/gentedebasquet.com.ar\\\/sitio\\\/#website\"},\"primaryImageOfPage\":{\"@id\":\"https:\\\/\\\/gentedebasquet.com.ar\\\/sitio\\\/2025\\\/10\\\/29\\\/la-bella-pudo-con-la-bestia\\\/#primaryimage\"},\"image\":{\"@id\":\"https:\\\/\\\/gentedebasquet.com.ar\\\/sitio\\\/2025\\\/10\\\/29\\\/la-bella-pudo-con-la-bestia\\\/#primaryimage\"},\"thumbnailUrl\":\"https:\\\/\\\/gentedebasquet.com.ar\\\/sitio\\\/wp-content\\\/uploads\\\/2025\\\/10\\\/DSC_8721.jpg\",\"datePublished\":\"2025-10-29T04:30:00+00:00\",\"dateModified\":\"2025-10-29T16:03:14+00:00\",\"author\":{\"@id\":\"https:\\\/\\\/gentedebasquet.com.ar\\\/sitio\\\/#\\\/schema\\\/person\\\/2df9550994560b26db96aa8de5494221\"},\"breadcrumb\":{\"@id\":\"https:\\\/\\\/gentedebasquet.com.ar\\\/sitio\\\/2025\\\/10\\\/29\\\/la-bella-pudo-con-la-bestia\\\/#breadcrumb\"},\"inLanguage\":\"es\",\"potentialAction\":[{\"@type\":\"ReadAction\",\"target\":[\"https:\\\/\\\/gentedebasquet.com.ar\\\/sitio\\\/2025\\\/10\\\/29\\\/la-bella-pudo-con-la-bestia\\\/\"]}]},{\"@type\":\"ImageObject\",\"inLanguage\":\"es\",\"@id\":\"https:\\\/\\\/gentedebasquet.com.ar\\\/sitio\\\/2025\\\/10\\\/29\\\/la-bella-pudo-con-la-bestia\\\/#primaryimage\",\"url\":\"https:\\\/\\\/gentedebasquet.com.ar\\\/sitio\\\/wp-content\\\/uploads\\\/2025\\\/10\\\/DSC_8721.jpg\",\"contentUrl\":\"https:\\\/\\\/gentedebasquet.com.ar\\\/sitio\\\/wp-content\\\/uploads\\\/2025\\\/10\\\/DSC_8721.jpg\",\"width\":750,\"height\":362},{\"@type\":\"BreadcrumbList\",\"@id\":\"https:\\\/\\\/gentedebasquet.com.ar\\\/sitio\\\/2025\\\/10\\\/29\\\/la-bella-pudo-con-la-bestia\\\/#breadcrumb\",\"itemListElement\":[{\"@type\":\"ListItem\",\"position\":1,\"name\":\"Portada\",\"item\":\"https:\\\/\\\/gentedebasquet.com.ar\\\/sitio\\\/\"},{\"@type\":\"ListItem\",\"position\":2,\"name\":\"La Bella fue m\u00e1s que \u201cla bestia\u201d\"}]},{\"@type\":\"WebSite\",\"@id\":\"https:\\\/\\\/gentedebasquet.com.ar\\\/sitio\\\/#website\",\"url\":\"https:\\\/\\\/gentedebasquet.com.ar\\\/sitio\\\/\",\"name\":\"Gente de B\u00e1squet\",\"description\":\"La revista del basquet de Bah\u00eda Blanca\",\"potentialAction\":[{\"@type\":\"SearchAction\",\"target\":{\"@type\":\"EntryPoint\",\"urlTemplate\":\"https:\\\/\\\/gentedebasquet.com.ar\\\/sitio\\\/?s={search_term_string}\"},\"query-input\":{\"@type\":\"PropertyValueSpecification\",\"valueRequired\":true,\"valueName\":\"search_term_string\"}}],\"inLanguage\":\"es\"},{\"@type\":\"Person\",\"@id\":\"https:\\\/\\\/gentedebasquet.com.ar\\\/sitio\\\/#\\\/schema\\\/person\\\/2df9550994560b26db96aa8de5494221\",\"name\":\"Mat\u00edas Dom\u00ednguez\",\"image\":{\"@type\":\"ImageObject\",\"inLanguage\":\"es\",\"@id\":\"https:\\\/\\\/secure.gravatar.com\\\/avatar\\\/29491ec59dbc2f899f1cb4052e9f2827b5aee3a84bdc66a9fd6789abc018a99d?s=96&d=mm&r=g\",\"url\":\"https:\\\/\\\/secure.gravatar.com\\\/avatar\\\/29491ec59dbc2f899f1cb4052e9f2827b5aee3a84bdc66a9fd6789abc018a99d?s=96&d=mm&r=g\",\"contentUrl\":\"https:\\\/\\\/secure.gravatar.com\\\/avatar\\\/29491ec59dbc2f899f1cb4052e9f2827b5aee3a84bdc66a9fd6789abc018a99d?s=96&d=mm&r=g\",\"caption\":\"Mat\u00edas Dom\u00ednguez\"},\"url\":\"https:\\\/\\\/gentedebasquet.com.ar\\\/sitio\\\/author\\\/matias-dominguez\\\/\"}]}<\/script>\n<!-- \/ Yoast SEO plugin. -->","yoast_head_json":{"title":"La Bella fue m\u00e1s que \u201cla bestia\u201d - Gente de B\u00e1squet","robots":{"index":"index","follow":"follow","max-snippet":"max-snippet:-1","max-image-preview":"max-image-preview:large","max-video-preview":"max-video-preview:-1"},"canonical":"https:\/\/gentedebasquet.com.ar\/sitio\/2025\/10\/29\/la-bella-pudo-con-la-bestia\/","og_locale":"es_ES","og_type":"article","og_title":"La Bella fue m\u00e1s que \u201cla bestia\u201d - Gente de B\u00e1squet","og_description":"Con un doble del inoxidable base a falta de 0,7seg, El Nacional venci\u00f3 71 a 69 a Ateneo, que cont\u00f3 con un imparable Juli\u00e1n Ripoll autor de 29 puntos (con 11\/19 en T2). En el elenco orientado por Ramiro Riviere hubo 19 tantos m\u00e1s 8 rebotes de Manuel Echarri, 16 de Nahuel Dulsan y 12 [&hellip;]","og_url":"https:\/\/gentedebasquet.com.ar\/sitio\/2025\/10\/29\/la-bella-pudo-con-la-bestia\/","og_site_name":"Gente de B\u00e1squet","article_published_time":"2025-10-29T04:30:00+00:00","article_modified_time":"2025-10-29T16:03:14+00:00","og_image":[{"width":750,"height":362,"url":"https:\/\/gentedebasquet.com.ar\/sitio\/wp-content\/uploads\/2025\/10\/DSC_8721.jpg","type":"image\/jpeg"}],"author":"Mat\u00edas Dom\u00ednguez","twitter_card":"summary_large_image","twitter_misc":{"Escrito por":"Mat\u00edas Dom\u00ednguez","Tiempo de lectura":"4 minutos"},"schema":{"@context":"https:\/\/schema.org","@graph":[{"@type":"Article","@id":"https:\/\/gentedebasquet.com.ar\/sitio\/2025\/10\/29\/la-bella-pudo-con-la-bestia\/#article","isPartOf":{"@id":"https:\/\/gentedebasquet.com.ar\/sitio\/2025\/10\/29\/la-bella-pudo-con-la-bestia\/"},"author":{"name":"Mat\u00edas Dom\u00ednguez","@id":"https:\/\/gentedebasquet.com.ar\/sitio\/#\/schema\/person\/2df9550994560b26db96aa8de5494221"},"headline":"La Bella fue m\u00e1s que \u201cla bestia\u201d","datePublished":"2025-10-29T04:30:00+00:00","dateModified":"2025-10-29T16:03:14+00:00","mainEntityOfPage":{"@id":"https:\/\/gentedebasquet.com.ar\/sitio\/2025\/10\/29\/la-bella-pudo-con-la-bestia\/"},"wordCount":616,"image":{"@id":"https:\/\/gentedebasquet.com.ar\/sitio\/2025\/10\/29\/la-bella-pudo-con-la-bestia\/#primaryimage"},"thumbnailUrl":"https:\/\/gentedebasquet.com.ar\/sitio\/wp-content\/uploads\/2025\/10\/DSC_8721.jpg","keywords":["Ateneo","El Nacional","Torneo de Segunda ABB"],"articleSection":["Segunda","Slide"],"inLanguage":"es"},{"@type":"WebPage","@id":"https:\/\/gentedebasquet.com.ar\/sitio\/2025\/10\/29\/la-bella-pudo-con-la-bestia\/","url":"https:\/\/gentedebasquet.com.ar\/sitio\/2025\/10\/29\/la-bella-pudo-con-la-bestia\/","name":"La Bella fue m\u00e1s que \u201cla bestia\u201d - Gente de B\u00e1squet","isPartOf":{"@id":"https:\/\/gentedebasquet.com.ar\/sitio\/#website"},"primaryImageOfPage":{"@id":"https:\/\/gentedebasquet.com.ar\/sitio\/2025\/10\/29\/la-bella-pudo-con-la-bestia\/#primaryimage"},"image":{"@id":"https:\/\/gentedebasquet.com.ar\/sitio\/2025\/10\/29\/la-bella-pudo-con-la-bestia\/#primaryimage"},"thumbnailUrl":"https:\/\/gentedebasquet.com.ar\/sitio\/wp-content\/uploads\/2025\/10\/DSC_8721.jpg","datePublished":"2025-10-29T04:30:00+00:00","dateModified":"2025-10-29T16:03:14+00:00","author":{"@id":"https:\/\/gentedebasquet.com.ar\/sitio\/#\/schema\/person\/2df9550994560b26db96aa8de5494221"},"breadcrumb":{"@id":"https:\/\/gentedebasquet.com.ar\/sitio\/2025\/10\/29\/la-bella-pudo-con-la-bestia\/#breadcrumb"},"inLanguage":"es","potentialAction":[{"@type":"ReadAction","target":["https:\/\/gentedebasquet.com.ar\/sitio\/2025\/10\/29\/la-bella-pudo-con-la-bestia\/"]}]},{"@type":"ImageObject","inLanguage":"es","@id":"https:\/\/gentedebasquet.com.ar\/sitio\/2025\/10\/29\/la-bella-pudo-con-la-bestia\/#primaryimage","url":"https:\/\/gentedebasquet.com.ar\/sitio\/wp-content\/uploads\/2025\/10\/DSC_8721.jpg","contentUrl":"https:\/\/gentedebasquet.com.ar\/sitio\/wp-content\/uploads\/2025\/10\/DSC_8721.jpg","width":750,"height":362},{"@type":"BreadcrumbList","@id":"https:\/\/gentedebasquet.com.ar\/sitio\/2025\/10\/29\/la-bella-pudo-con-la-bestia\/#breadcrumb","itemListElement":[{"@type":"ListItem","position":1,"name":"Portada","item":"https:\/\/gentedebasquet.com.ar\/sitio\/"},{"@type":"ListItem","position":2,"name":"La Bella fue m\u00e1s que \u201cla bestia\u201d"}]},{"@type":"WebSite","@id":"https:\/\/gentedebasquet.com.ar\/sitio\/#website","url":"https:\/\/gentedebasquet.com.ar\/sitio\/","name":"Gente de B\u00e1squet","description":"La revista del basquet de Bah\u00eda Blanca","potentialAction":[{"@type":"SearchAction","target":{"@type":"EntryPoint","urlTemplate":"https:\/\/gentedebasquet.com.ar\/sitio\/?s={search_term_string}"},"query-input":{"@type":"PropertyValueSpecification","valueRequired":true,"valueName":"search_term_string"}}],"inLanguage":"es"},{"@type":"Person","@id":"https:\/\/gentedebasquet.com.ar\/sitio\/#\/schema\/person\/2df9550994560b26db96aa8de5494221","name":"Mat\u00edas Dom\u00ednguez","image":{"@type":"ImageObject","inLanguage":"es","@id":"https:\/\/secure.gravatar.com\/avatar\/29491ec59dbc2f899f1cb4052e9f2827b5aee3a84bdc66a9fd6789abc018a99d?s=96&d=mm&r=g","url":"https:\/\/secure.gravatar.com\/avatar\/29491ec59dbc2f899f1cb4052e9f2827b5aee3a84bdc66a9fd6789abc018a99d?s=96&d=mm&r=g","contentUrl":"https:\/\/secure.gravatar.com\/avatar\/29491ec59dbc2f899f1cb4052e9f2827b5aee3a84bdc66a9fd6789abc018a99d?s=96&d=mm&r=g","caption":"Mat\u00edas Dom\u00ednguez"},"url":"https:\/\/gentedebasquet.com.ar\/sitio\/author\/matias-dominguez\/"}]}},"_links":{"self":[{"href":"https:\/\/gentedebasquet.com.ar\/sitio\/wp-json\/wp\/v2\/posts\/118875","targetHints":{"allow":["GET"]}}],"collection":[{"href":"https:\/\/gentedebasquet.com.ar\/sitio\/wp-json\/wp\/v2\/posts"}],"about":[{"href":"https:\/\/gentedebasquet.com.ar\/sitio\/wp-json\/wp\/v2\/types\/post"}],"author":[{"embeddable":true,"href":"https:\/\/gentedebasquet.com.ar\/sitio\/wp-json\/wp\/v2\/users\/62"}],"replies":[{"embeddable":true,"href":"https:\/\/gentedebasquet.com.ar\/sitio\/wp-json\/wp\/v2\/comments?post=118875"}],"version-history":[{"count":5,"href":"https:\/\/gentedebasquet.com.ar\/sitio\/wp-json\/wp\/v2\/posts\/118875\/revisions"}],"predecessor-version":[{"id":118887,"href":"https:\/\/gentedebasquet.com.ar\/sitio\/wp-json\/wp\/v2\/posts\/118875\/revisions\/118887"}],"wp:featuredmedia":[{"embeddable":true,"href":"https:\/\/gentedebasquet.com.ar\/sitio\/wp-json\/wp\/v2\/media\/118878"}],"wp:attachment":[{"href":"https:\/\/gentedebasquet.com.ar\/sitio\/wp-json\/wp\/v2\/media?parent=118875"}],"wp:term":[{"taxonomy":"category","embeddable":true,"href":"https:\/\/gentedebasquet.com.ar\/sitio\/wp-json\/wp\/v2\/categories?post=118875"},{"taxonomy":"post_tag","embeddable":true,"href":"https:\/\/gentedebasquet.com.ar\/sitio\/wp-json\/wp\/v2\/tags?post=118875"}],"curies":[{"name":"wp","href":"https:\/\/api.w.org\/{rel}","templated":true}]}}