{"id":118896,"date":"2025-10-29T21:01:38","date_gmt":"2025-10-29T20:01:38","guid":{"rendered":"https:\/\/gentedebasquet.com.ar\/sitio\/?p=118896"},"modified":"2025-10-29T21:01:38","modified_gmt":"2025-10-29T20:01:38","slug":"argentos-en-europa","status":"publish","type":"post","link":"https:\/\/gentedebasquet.com.ar\/sitio\/2025\/10\/29\/argentos-en-europa\/","title":{"rendered":"Argentos en Europa"},"content":{"rendered":"\n<p><strong>Tuvieron participaci\u00f3n los Argentinos por el mundo! Vamos a desarrollar como les fue a cada uno en la Liga ACB, Euroliga y Primera FEB!<\/strong><\/p>\n\n\n\n<p><strong><em>Estas fueron las actuaciones de los nacidos en nuestro pa\u00eds y lo que se le vendr\u00e1 en cada uno de sus fixtures:<\/em><\/strong><\/p>\n\n\n\n<p><strong><em>Comenzamos por Espa\u00f1a, donde est\u00e1n la mayor\u00eda de los representantes argentinos.<\/em><\/strong><\/p>\n\n\n\n<p>\u2022&nbsp;<strong>San Pablo Burgos (Gonzalo Corbalan):<\/strong><\/p>\n\n\n\n<figure class=\"wp-block-image size-large\"><img decoding=\"async\" width=\"1024\" height=\"683\" src=\"https:\/\/gentedebasquet.com.ar\/sitio\/wp-content\/uploads\/2025\/10\/img_7133-1024x683.jpg\" alt=\"\" class=\"wp-image-118894\" srcset=\"https:\/\/gentedebasquet.com.ar\/sitio\/wp-content\/uploads\/2025\/10\/img_7133-1024x683.jpg 1024w, https:\/\/gentedebasquet.com.ar\/sitio\/wp-content\/uploads\/2025\/10\/img_7133-300x200.jpg 300w, https:\/\/gentedebasquet.com.ar\/sitio\/wp-content\/uploads\/2025\/10\/img_7133-768x512.jpg 768w, https:\/\/gentedebasquet.com.ar\/sitio\/wp-content\/uploads\/2025\/10\/img_7133-750x500.jpg 750w, https:\/\/gentedebasquet.com.ar\/sitio\/wp-content\/uploads\/2025\/10\/img_7133-1140x760.jpg 1140w, https:\/\/gentedebasquet.com.ar\/sitio\/wp-content\/uploads\/2025\/10\/img_7133.jpg 1500w\" sizes=\"(max-width: 1024px) 100vw, 1024px\" \/><\/figure>\n\n\n\n<p>El base, tuvo una gran performance en la derrota frente al Zaragoza por 89-102. <strong>Gonzalo aport\u00f3 17 puntos (3\/5t3 &#8211; 6\/7tl)<\/strong>. Por la quinta fecha de la ACB, el Burgos se enfrentar\u00e1 ante el Valencia.<\/p>\n\n\n\n<p>\u2022&nbsp;<strong>Real Madrid (Facu Campazzo \u2013 Gabriel Deck):<\/strong><\/p>\n\n\n\n<figure class=\"wp-block-image size-large\"><img decoding=\"async\" src=\"https:\/\/gentedebasquet.com.ar\/sitio\/wp-content\/uploads\/2025\/10\/negro-y-verde-gimnasio-reapertura-comercial-horizontal-po%CC%81ster-10-1024x512.png\" alt=\"\" class=\"wp-image-118553\" \/><\/figure>\n\n\n\n<p>El fin de semana disputaron la cuarta jornada de la Liga Endesa, en la victoria frente a Baxi Manresa 87-75, <strong>Gabi Deck no jug\u00f3, mientras que Facu Campazzo aport\u00f3 12 puntos y 3 asistencias<\/strong>. Por la Euroliga el merengue disput\u00f3 la s\u00e9ptima jornada, frente al Bayern Munich, con derrota 90-84, <strong>los albicelestes tuvieron estos n\u00fameros: Deck 5 puntos y 3 rebotes; Campazzo 8 puntos, 3 asistencias y 1 rebote<\/strong>. El Madrid tendr\u00e1 la quinta fecha ante Zaragoza el domingo por ACB y en Euroliga ma\u00f1ana ante Fenerbah\u00e7e.<\/p>\n\n\n\n<p>\u2022&nbsp;<strong>Barcelona (Juani Marcos):<\/strong><\/p>\n\n\n\n<figure class=\"wp-block-image size-large\"><img decoding=\"async\" width=\"754\" height=\"464\" src=\"https:\/\/gentedebasquet.com.ar\/sitio\/wp-content\/uploads\/2025\/10\/img_6464.png\" alt=\"\" class=\"wp-image-118578\" srcset=\"https:\/\/gentedebasquet.com.ar\/sitio\/wp-content\/uploads\/2025\/10\/img_6464.png 754w, https:\/\/gentedebasquet.com.ar\/sitio\/wp-content\/uploads\/2025\/10\/img_6464-300x185.png 300w, https:\/\/gentedebasquet.com.ar\/sitio\/wp-content\/uploads\/2025\/10\/img_6464-750x462.png 750w\" sizes=\"(max-width: 754px) 100vw, 754px\" \/><\/figure>\n\n\n\n<p>El base sum\u00f3 <strong>15 minutos en la victoria frente a Breog\u00e1n 100-85, en los que cerr\u00f3 con 0 puntos y 1 rebote. Por el certamen continental, aport\u00f3 9 unidades y 4 rebotes, en la derrota frente a Zalgiris 73-88<\/strong>. Ayer tambi\u00e9n el Barca disput\u00f3 la jornada n\u00famero siete de la Euroliga, donde gan\u00f3 el Barcelona 74-72 ante Olimpia Milano, <strong>Juani culmin\u00f3 con 3 minutos en los que captur\u00f3 un rebote<\/strong>. Al blaugrana se le viene el siguiente fixture: viernes frente a Partizan por Euroliga y el domingo frente al UCAM Murcia por ACB.<strong>&nbsp;No est\u00e1 disponible Nico Laprovittola en el Bar\u00e7a (molestia muscular)<\/strong>.<\/p>\n\n\n\n<p><strong>\u2022 Nicolas Brussino (Gran Canaria):<\/strong><\/p>\n\n\n\n<figure class=\"wp-block-image size-large\"><img decoding=\"async\" width=\"754\" height=\"464\" src=\"https:\/\/gentedebasquet.com.ar\/sitio\/wp-content\/uploads\/2025\/10\/img_6454.png\" alt=\"\" class=\"wp-image-118555\" srcset=\"https:\/\/gentedebasquet.com.ar\/sitio\/wp-content\/uploads\/2025\/10\/img_6454.png 754w, https:\/\/gentedebasquet.com.ar\/sitio\/wp-content\/uploads\/2025\/10\/img_6454-300x185.png 300w, https:\/\/gentedebasquet.com.ar\/sitio\/wp-content\/uploads\/2025\/10\/img_6454-750x462.png 750w\" sizes=\"(max-width: 754px) 100vw, 754px\" \/><\/figure>\n\n\n\n<p><strong>Nico sum\u00f3 19 puntos (3\/5t2 &#8211; 3\/6t3), en la ca\u00edda frente al Basquet Girona 85-81<\/strong>. Por la quinta jornada, el domingo el Gran Canaria recibe al Andorra.<\/p>\n\n\n\n<p>\u2022&nbsp;<strong>Basquet Girona (Jos\u00e9 Vildoza \u2013 Juan Fern\u00e1ndez &#8211; M\u00e1ximo Fjellerup):<\/strong><\/p>\n\n\n\n<figure class=\"wp-block-image size-large\"><img decoding=\"async\" width=\"1024\" height=\"512\" src=\"https:\/\/gentedebasquet.com.ar\/sitio\/wp-content\/uploads\/2025\/10\/negro-y-verde-gimnasio-reapertura-comercial-horizontal-po\u0301ster-1-3-1024x512.png\" alt=\"\" class=\"wp-image-118892\" srcset=\"https:\/\/gentedebasquet.com.ar\/sitio\/wp-content\/uploads\/2025\/10\/negro-y-verde-gimnasio-reapertura-comercial-horizontal-po\u0301ster-1-3-1024x512.png 1024w, https:\/\/gentedebasquet.com.ar\/sitio\/wp-content\/uploads\/2025\/10\/negro-y-verde-gimnasio-reapertura-comercial-horizontal-po\u0301ster-1-3-300x150.png 300w, https:\/\/gentedebasquet.com.ar\/sitio\/wp-content\/uploads\/2025\/10\/negro-y-verde-gimnasio-reapertura-comercial-horizontal-po\u0301ster-1-3-768x384.png 768w, https:\/\/gentedebasquet.com.ar\/sitio\/wp-content\/uploads\/2025\/10\/negro-y-verde-gimnasio-reapertura-comercial-horizontal-po\u0301ster-1-3-1536x768.png 1536w, https:\/\/gentedebasquet.com.ar\/sitio\/wp-content\/uploads\/2025\/10\/negro-y-verde-gimnasio-reapertura-comercial-horizontal-po\u0301ster-1-3-360x180.png 360w, https:\/\/gentedebasquet.com.ar\/sitio\/wp-content\/uploads\/2025\/10\/negro-y-verde-gimnasio-reapertura-comercial-horizontal-po\u0301ster-1-3-750x375.png 750w, https:\/\/gentedebasquet.com.ar\/sitio\/wp-content\/uploads\/2025\/10\/negro-y-verde-gimnasio-reapertura-comercial-horizontal-po\u0301ster-1-3-1140x570.png 1140w, https:\/\/gentedebasquet.com.ar\/sitio\/wp-content\/uploads\/2025\/10\/negro-y-verde-gimnasio-reapertura-comercial-horizontal-po\u0301ster-1-3.png 2000w\" sizes=\"(max-width: 1024px) 100vw, 1024px\" \/><\/figure>\n\n\n\n<p>Por ACB, el Girona de los argentinos, vieron minutos en lo que fue victoria frente a Gran Canaria 85-81, <strong>\u201cPepe\u201d sum\u00f3 7 unidades, 3 rebotes, sumado a 4 asistencias. Juan Fernandez aport\u00f3 6 puntos y 9 cristales. Adem\u00e1s cont\u00f3 con la vuelta de Maximo Fjellerup, quien sum\u00f3 4 puntos (4\/4tl) y 2 recobres<\/strong>. Al conjunto girones se le viene Unicaja el pr\u00f3ximo s\u00e1bado.<\/p>\n\n\n\n<figure class=\"wp-block-image size-large\"><img decoding=\"async\" width=\"1024\" height=\"1024\" src=\"https:\/\/gentedebasquet.com.ar\/sitio\/wp-content\/uploads\/2025\/10\/84d061a9-6200-43a4-84c0-5b5f199ce0dd-1-1024x1024.jpg\" alt=\"\" class=\"wp-image-118551\" srcset=\"https:\/\/gentedebasquet.com.ar\/sitio\/wp-content\/uploads\/2025\/10\/84d061a9-6200-43a4-84c0-5b5f199ce0dd-1-1024x1024.jpg 1024w, https:\/\/gentedebasquet.com.ar\/sitio\/wp-content\/uploads\/2025\/10\/84d061a9-6200-43a4-84c0-5b5f199ce0dd-1-300x300.jpg 300w, https:\/\/gentedebasquet.com.ar\/sitio\/wp-content\/uploads\/2025\/10\/84d061a9-6200-43a4-84c0-5b5f199ce0dd-1-150x150.jpg 150w, https:\/\/gentedebasquet.com.ar\/sitio\/wp-content\/uploads\/2025\/10\/84d061a9-6200-43a4-84c0-5b5f199ce0dd-1-768x768.jpg 768w, https:\/\/gentedebasquet.com.ar\/sitio\/wp-content\/uploads\/2025\/10\/84d061a9-6200-43a4-84c0-5b5f199ce0dd-1-75x75.jpg 75w, https:\/\/gentedebasquet.com.ar\/sitio\/wp-content\/uploads\/2025\/10\/84d061a9-6200-43a4-84c0-5b5f199ce0dd-1-350x350.jpg 350w, https:\/\/gentedebasquet.com.ar\/sitio\/wp-content\/uploads\/2025\/10\/84d061a9-6200-43a4-84c0-5b5f199ce0dd-1-750x750.jpg 750w, https:\/\/gentedebasquet.com.ar\/sitio\/wp-content\/uploads\/2025\/10\/84d061a9-6200-43a4-84c0-5b5f199ce0dd-1-1140x1140.jpg 1140w, https:\/\/gentedebasquet.com.ar\/sitio\/wp-content\/uploads\/2025\/10\/84d061a9-6200-43a4-84c0-5b5f199ce0dd-1.jpg 1280w\" sizes=\"(max-width: 1024px) 100vw, 1024px\" \/><\/figure>\n\n\n\n<p><strong>Seguimos por la Primera Feb (ex LEB Oro; segunda categor\u00eda de Espa\u00f1a), donde vieron acci\u00f3n los siguientes argentinos:<\/strong><\/p>\n\n\n\n<p>\u2022&nbsp;<strong>Patricio Garino \u2013 Lucas Giovanetti &#8211; Juan Pablo Vaulet (Movistar Estudiantes):<\/strong><\/p>\n\n\n\n<figure class=\"wp-block-image size-large\"><img decoding=\"async\" width=\"1024\" height=\"512\" src=\"https:\/\/gentedebasquet.com.ar\/sitio\/wp-content\/uploads\/2025\/10\/negro-y-verde-gimnasio-reapertura-comercial-horizontal-po\u0301ster-12-1024x512.png\" alt=\"\" class=\"wp-image-118891\" srcset=\"https:\/\/gentedebasquet.com.ar\/sitio\/wp-content\/uploads\/2025\/10\/negro-y-verde-gimnasio-reapertura-comercial-horizontal-po\u0301ster-12-1024x512.png 1024w, https:\/\/gentedebasquet.com.ar\/sitio\/wp-content\/uploads\/2025\/10\/negro-y-verde-gimnasio-reapertura-comercial-horizontal-po\u0301ster-12-300x150.png 300w, https:\/\/gentedebasquet.com.ar\/sitio\/wp-content\/uploads\/2025\/10\/negro-y-verde-gimnasio-reapertura-comercial-horizontal-po\u0301ster-12-768x384.png 768w, https:\/\/gentedebasquet.com.ar\/sitio\/wp-content\/uploads\/2025\/10\/negro-y-verde-gimnasio-reapertura-comercial-horizontal-po\u0301ster-12-1536x768.png 1536w, https:\/\/gentedebasquet.com.ar\/sitio\/wp-content\/uploads\/2025\/10\/negro-y-verde-gimnasio-reapertura-comercial-horizontal-po\u0301ster-12-360x180.png 360w, https:\/\/gentedebasquet.com.ar\/sitio\/wp-content\/uploads\/2025\/10\/negro-y-verde-gimnasio-reapertura-comercial-horizontal-po\u0301ster-12-750x375.png 750w, https:\/\/gentedebasquet.com.ar\/sitio\/wp-content\/uploads\/2025\/10\/negro-y-verde-gimnasio-reapertura-comercial-horizontal-po\u0301ster-12-1140x570.png 1140w, https:\/\/gentedebasquet.com.ar\/sitio\/wp-content\/uploads\/2025\/10\/negro-y-verde-gimnasio-reapertura-comercial-horizontal-po\u0301ster-12.png 2000w\" sizes=\"(max-width: 1024px) 100vw, 1024px\" \/><\/figure>\n\n\n\n<p>\u201c<strong>Pato\u201d cerr\u00f3 su planilla con 12 puntos, 1 asistencia y 1 rebote, Lucas Giovanetti, aport\u00f3 1 asistencia y Juan Pablo Vaulet, culmin\u00f3 con 6 unidades y 1 rebote en la derrota de Estu 78-79 frente a Obradoiro<\/strong>. A Estudiantes se le viene Cartagena por la 6ta jornada del torneo, el s\u00e1bado.<\/p>\n\n\n\n<p><strong>\u2022&nbsp;Bautista Lugarini (Cantabria):<\/strong><\/p>\n\n\n\n<figure class=\"wp-block-image size-large\"><img decoding=\"async\" width=\"1024\" height=\"682\" src=\"https:\/\/gentedebasquet.com.ar\/sitio\/wp-content\/uploads\/2025\/10\/img_6447-1024x682.jpg\" alt=\"\" class=\"wp-image-118557\" srcset=\"https:\/\/gentedebasquet.com.ar\/sitio\/wp-content\/uploads\/2025\/10\/img_6447-1024x682.jpg 1024w, https:\/\/gentedebasquet.com.ar\/sitio\/wp-content\/uploads\/2025\/10\/img_6447-300x200.jpg 300w, https:\/\/gentedebasquet.com.ar\/sitio\/wp-content\/uploads\/2025\/10\/img_6447-768x512.jpg 768w, https:\/\/gentedebasquet.com.ar\/sitio\/wp-content\/uploads\/2025\/10\/img_6447-1536x1024.jpg 1536w, https:\/\/gentedebasquet.com.ar\/sitio\/wp-content\/uploads\/2025\/10\/img_6447-750x500.jpg 750w, https:\/\/gentedebasquet.com.ar\/sitio\/wp-content\/uploads\/2025\/10\/img_6447-1140x760.jpg 1140w, https:\/\/gentedebasquet.com.ar\/sitio\/wp-content\/uploads\/2025\/10\/img_6447.jpg 2000w\" sizes=\"(max-width: 1024px) 100vw, 1024px\" \/><\/figure>\n\n\n\n<p>Bautista <strong>culmin\u00f3 con 6 minutos en el triunfo 87-66 frente a Ourense<\/strong>. El s\u00e1bado jugar\u00e1 ante Melilla.<\/p>\n\n\n\n<figure class=\"wp-block-image size-large\"><img decoding=\"async\" width=\"1024\" height=\"1024\" src=\"https:\/\/gentedebasquet.com.ar\/sitio\/wp-content\/uploads\/2025\/10\/84d061a9-6200-43a4-84c0-5b5f199ce0dd-2-1024x1024.jpg\" alt=\"\" class=\"wp-image-118558\" srcset=\"https:\/\/gentedebasquet.com.ar\/sitio\/wp-content\/uploads\/2025\/10\/84d061a9-6200-43a4-84c0-5b5f199ce0dd-2-1024x1024.jpg 1024w, https:\/\/gentedebasquet.com.ar\/sitio\/wp-content\/uploads\/2025\/10\/84d061a9-6200-43a4-84c0-5b5f199ce0dd-2-300x300.jpg 300w, https:\/\/gentedebasquet.com.ar\/sitio\/wp-content\/uploads\/2025\/10\/84d061a9-6200-43a4-84c0-5b5f199ce0dd-2-150x150.jpg 150w, https:\/\/gentedebasquet.com.ar\/sitio\/wp-content\/uploads\/2025\/10\/84d061a9-6200-43a4-84c0-5b5f199ce0dd-2-768x768.jpg 768w, https:\/\/gentedebasquet.com.ar\/sitio\/wp-content\/uploads\/2025\/10\/84d061a9-6200-43a4-84c0-5b5f199ce0dd-2-75x75.jpg 75w, https:\/\/gentedebasquet.com.ar\/sitio\/wp-content\/uploads\/2025\/10\/84d061a9-6200-43a4-84c0-5b5f199ce0dd-2-350x350.jpg 350w, https:\/\/gentedebasquet.com.ar\/sitio\/wp-content\/uploads\/2025\/10\/84d061a9-6200-43a4-84c0-5b5f199ce0dd-2-750x750.jpg 750w, https:\/\/gentedebasquet.com.ar\/sitio\/wp-content\/uploads\/2025\/10\/84d061a9-6200-43a4-84c0-5b5f199ce0dd-2-1140x1140.jpg 1140w, https:\/\/gentedebasquet.com.ar\/sitio\/wp-content\/uploads\/2025\/10\/84d061a9-6200-43a4-84c0-5b5f199ce0dd-2.jpg 1280w\" sizes=\"(max-width: 1024px) 100vw, 1024px\" \/><\/figure>\n\n\n\n<p><strong>Cerramos en Europa, donde repasamos los que dej\u00f3 y lo que viene a los que est\u00e1n en Italia por Euroliga:<\/strong><\/p>\n\n\n\n<p><strong>\u2022 Leandro Bolmaro (Olimpia Milano):<\/strong><\/p>\n\n\n\n<figure class=\"wp-block-image size-large\"><img decoding=\"async\" width=\"754\" height=\"464\" src=\"https:\/\/gentedebasquet.com.ar\/sitio\/wp-content\/uploads\/2025\/10\/img_6731-1.png\" alt=\"\" class=\"wp-image-118890\" srcset=\"https:\/\/gentedebasquet.com.ar\/sitio\/wp-content\/uploads\/2025\/10\/img_6731-1.png 754w, https:\/\/gentedebasquet.com.ar\/sitio\/wp-content\/uploads\/2025\/10\/img_6731-1-300x185.png 300w, https:\/\/gentedebasquet.com.ar\/sitio\/wp-content\/uploads\/2025\/10\/img_6731-1-750x462.png 750w\" sizes=\"(max-width: 754px) 100vw, 754px\" \/><\/figure>\n\n\n\n<p>Lea, jug\u00f3 el jueves ante Valencia, en el que sum\u00f3 <strong>31 puntos (2\/3t3 &#8211; 9\/11tl), 3 asistencias y 4 rebotes, incluido +37 de valoraci\u00f3n, fue derrota del Olimpia Milano 100-103<\/strong>. El Milano tambi\u00e9n jug\u00f3 la s\u00e9ptima jornada ayer frente al Barcelona, donde tambi\u00e9n fue ca\u00edda 74-72, <strong>el ex Utah Jazz cerr\u00f3 su planilla con 10 unidades (5\/8t2), 3 recobres, sumado a 4 asistencias<\/strong>. Ir\u00e1 contra Paris Basketball ma\u00f1ana, correspondiente a la Euroliga.<\/p>\n\n\n\n<p>\u2022&nbsp;<strong>Luca Vildoza (Virtus Bologna):<\/strong><\/p>\n\n\n\n<figure class=\"wp-block-image size-large\"><img decoding=\"async\" width=\"1024\" height=\"682\" src=\"https:\/\/gentedebasquet.com.ar\/sitio\/wp-content\/uploads\/2025\/10\/img_6451-1024x682.jpg\" alt=\"\" class=\"wp-image-118560\" srcset=\"https:\/\/gentedebasquet.com.ar\/sitio\/wp-content\/uploads\/2025\/10\/img_6451-1024x682.jpg 1024w, https:\/\/gentedebasquet.com.ar\/sitio\/wp-content\/uploads\/2025\/10\/img_6451-300x200.jpg 300w, https:\/\/gentedebasquet.com.ar\/sitio\/wp-content\/uploads\/2025\/10\/img_6451-768x512.jpg 768w, https:\/\/gentedebasquet.com.ar\/sitio\/wp-content\/uploads\/2025\/10\/img_6451-1536x1024.jpg 1536w, https:\/\/gentedebasquet.com.ar\/sitio\/wp-content\/uploads\/2025\/10\/img_6451-750x500.jpg 750w, https:\/\/gentedebasquet.com.ar\/sitio\/wp-content\/uploads\/2025\/10\/img_6451-1140x760.jpg 1140w, https:\/\/gentedebasquet.com.ar\/sitio\/wp-content\/uploads\/2025\/10\/img_6451.jpg 2000w\" sizes=\"(max-width: 1024px) 100vw, 1024px\" \/><\/figure>\n\n\n\n<p><strong>Luca, culmin\u00f3 con 5 puntos y 3 asistencias, en la victoria del viernes frente al Panathinaikos 92-75<\/strong>. El Virtus, se enfrent\u00f3 a Zalgiris ayer, en lo que fue derrota 86-65, <strong>donde  finaliz\u00f3 con 2 puntos en 10 minutos<\/strong>. El conjunto italiano va contra el Bayern M\u00fanich ma\u00f1ana, correspondiente a la Euroliga.<\/p>\n","protected":false},"excerpt":{"rendered":"<p>Tuvieron participaci\u00f3n los Argentinos por el mundo! Vamos a desarrollar como les fue a cada uno en la Liga ACB, Euroliga y Primera FEB! Estas fueron las actuaciones de los nacidos en nuestro pa\u00eds y lo que se le vendr\u00e1 en cada uno de sus fixtures: Comenzamos por Espa\u00f1a, donde est\u00e1n la mayor\u00eda de los [&hellip;]<\/p>\n","protected":false},"author":82,"featured_media":118895,"comment_status":"closed","ping_status":"open","sticky":false,"template":"","format":"standard","meta":{"jnews-multi-image_gallery":[],"jnews_single_post":[],"jnews_primary_category":[],"footnotes":""},"categories":[24,101],"tags":[763,1839,1200,383,1557,541,180,1336,1337],"class_list":["post-118896","post","type-post","status-publish","format-standard","has-post-thumbnail","hentry","category-overtime","category-slide","tag-facundo-campazzo","tag-gabriel-deck","tag-juan-ignacio-marcos","tag-juan-pablo-vaulet","tag-leandro-bolmaro","tag-luca-vildoza","tag-maximo-fjellerup","tag-nicolas-brussino","tag-patricio-garino"],"yoast_head":"<!-- This site is optimized with the Yoast SEO plugin v27.5 - https:\/\/yoast.com\/product\/yoast-seo-wordpress\/ -->\n<title>Argentos en Europa - Gente de B\u00e1squet<\/title>\n<meta name=\"robots\" content=\"index, follow, max-snippet:-1, max-image-preview:large, max-video-preview:-1\" \/>\n<link rel=\"canonical\" href=\"https:\/\/gentedebasquet.com.ar\/sitio\/2025\/10\/29\/argentos-en-europa\/\" \/>\n<meta property=\"og:locale\" content=\"es_ES\" \/>\n<meta property=\"og:type\" content=\"article\" \/>\n<meta property=\"og:title\" content=\"Argentos en Europa - Gente de B\u00e1squet\" \/>\n<meta property=\"og:description\" content=\"Tuvieron participaci\u00f3n los Argentinos por el mundo! Vamos a desarrollar como les fue a cada uno en la Liga ACB, Euroliga y Primera FEB! Estas fueron las actuaciones de los nacidos en nuestro pa\u00eds y lo que se le vendr\u00e1 en cada uno de sus fixtures: Comenzamos por Espa\u00f1a, donde est\u00e1n la mayor\u00eda de los [&hellip;]\" \/>\n<meta property=\"og:url\" content=\"https:\/\/gentedebasquet.com.ar\/sitio\/2025\/10\/29\/argentos-en-europa\/\" \/>\n<meta property=\"og:site_name\" content=\"Gente de B\u00e1squet\" \/>\n<meta property=\"article:published_time\" content=\"2025-10-29T20:01:38+00:00\" \/>\n<meta property=\"og:image\" content=\"https:\/\/gentedebasquet.com.ar\/sitio\/wp-content\/uploads\/2025\/10\/img_7134.jpg\" \/>\n\t<meta property=\"og:image:width\" content=\"1920\" \/>\n\t<meta property=\"og:image:height\" content=\"1280\" \/>\n\t<meta property=\"og:image:type\" content=\"image\/jpeg\" \/>\n<meta name=\"author\" content=\"Manuel Lacerenza\" \/>\n<meta name=\"twitter:card\" content=\"summary_large_image\" \/>\n<meta name=\"twitter:label1\" content=\"Escrito por\" \/>\n\t<meta name=\"twitter:data1\" content=\"Manuel Lacerenza\" \/>\n\t<meta name=\"twitter:label2\" content=\"Tiempo de lectura\" \/>\n\t<meta name=\"twitter:data2\" content=\"3 minutos\" \/>\n<script type=\"application\/ld+json\" class=\"yoast-schema-graph\">{\"@context\":\"https:\\\/\\\/schema.org\",\"@graph\":[{\"@type\":\"Article\",\"@id\":\"https:\\\/\\\/gentedebasquet.com.ar\\\/sitio\\\/2025\\\/10\\\/29\\\/argentos-en-europa\\\/#article\",\"isPartOf\":{\"@id\":\"https:\\\/\\\/gentedebasquet.com.ar\\\/sitio\\\/2025\\\/10\\\/29\\\/argentos-en-europa\\\/\"},\"author\":{\"name\":\"Manuel Lacerenza\",\"@id\":\"https:\\\/\\\/gentedebasquet.com.ar\\\/sitio\\\/#\\\/schema\\\/person\\\/643357fb6a37b5549c9cfe9f339c9f1b\"},\"headline\":\"Argentos en Europa\",\"datePublished\":\"2025-10-29T20:01:38+00:00\",\"mainEntityOfPage\":{\"@id\":\"https:\\\/\\\/gentedebasquet.com.ar\\\/sitio\\\/2025\\\/10\\\/29\\\/argentos-en-europa\\\/\"},\"wordCount\":653,\"image\":{\"@id\":\"https:\\\/\\\/gentedebasquet.com.ar\\\/sitio\\\/2025\\\/10\\\/29\\\/argentos-en-europa\\\/#primaryimage\"},\"thumbnailUrl\":\"https:\\\/\\\/gentedebasquet.com.ar\\\/sitio\\\/wp-content\\\/uploads\\\/2025\\\/10\\\/img_7134.jpg\",\"keywords\":[\"Facundo Campazzo\",\"Gabriel Deck\",\"Juan Ignacio Marcos\",\"Juan Pablo Vaulet\",\"Leandro Bolmaro\",\"Luca Vildoza\",\"M\u00e1ximo Fjellerup\",\"Nicol\u00e1s Brussino\",\"Patricio Garino\"],\"articleSection\":[\"#Overtime\",\"Slide\"],\"inLanguage\":\"es\"},{\"@type\":\"WebPage\",\"@id\":\"https:\\\/\\\/gentedebasquet.com.ar\\\/sitio\\\/2025\\\/10\\\/29\\\/argentos-en-europa\\\/\",\"url\":\"https:\\\/\\\/gentedebasquet.com.ar\\\/sitio\\\/2025\\\/10\\\/29\\\/argentos-en-europa\\\/\",\"name\":\"Argentos en Europa - Gente de B\u00e1squet\",\"isPartOf\":{\"@id\":\"https:\\\/\\\/gentedebasquet.com.ar\\\/sitio\\\/#website\"},\"primaryImageOfPage\":{\"@id\":\"https:\\\/\\\/gentedebasquet.com.ar\\\/sitio\\\/2025\\\/10\\\/29\\\/argentos-en-europa\\\/#primaryimage\"},\"image\":{\"@id\":\"https:\\\/\\\/gentedebasquet.com.ar\\\/sitio\\\/2025\\\/10\\\/29\\\/argentos-en-europa\\\/#primaryimage\"},\"thumbnailUrl\":\"https:\\\/\\\/gentedebasquet.com.ar\\\/sitio\\\/wp-content\\\/uploads\\\/2025\\\/10\\\/img_7134.jpg\",\"datePublished\":\"2025-10-29T20:01:38+00:00\",\"author\":{\"@id\":\"https:\\\/\\\/gentedebasquet.com.ar\\\/sitio\\\/#\\\/schema\\\/person\\\/643357fb6a37b5549c9cfe9f339c9f1b\"},\"breadcrumb\":{\"@id\":\"https:\\\/\\\/gentedebasquet.com.ar\\\/sitio\\\/2025\\\/10\\\/29\\\/argentos-en-europa\\\/#breadcrumb\"},\"inLanguage\":\"es\",\"potentialAction\":[{\"@type\":\"ReadAction\",\"target\":[\"https:\\\/\\\/gentedebasquet.com.ar\\\/sitio\\\/2025\\\/10\\\/29\\\/argentos-en-europa\\\/\"]}]},{\"@type\":\"ImageObject\",\"inLanguage\":\"es\",\"@id\":\"https:\\\/\\\/gentedebasquet.com.ar\\\/sitio\\\/2025\\\/10\\\/29\\\/argentos-en-europa\\\/#primaryimage\",\"url\":\"https:\\\/\\\/gentedebasquet.com.ar\\\/sitio\\\/wp-content\\\/uploads\\\/2025\\\/10\\\/img_7134.jpg\",\"contentUrl\":\"https:\\\/\\\/gentedebasquet.com.ar\\\/sitio\\\/wp-content\\\/uploads\\\/2025\\\/10\\\/img_7134.jpg\",\"width\":1920,\"height\":1280},{\"@type\":\"BreadcrumbList\",\"@id\":\"https:\\\/\\\/gentedebasquet.com.ar\\\/sitio\\\/2025\\\/10\\\/29\\\/argentos-en-europa\\\/#breadcrumb\",\"itemListElement\":[{\"@type\":\"ListItem\",\"position\":1,\"name\":\"Portada\",\"item\":\"https:\\\/\\\/gentedebasquet.com.ar\\\/sitio\\\/\"},{\"@type\":\"ListItem\",\"position\":2,\"name\":\"Argentos en Europa\"}]},{\"@type\":\"WebSite\",\"@id\":\"https:\\\/\\\/gentedebasquet.com.ar\\\/sitio\\\/#website\",\"url\":\"https:\\\/\\\/gentedebasquet.com.ar\\\/sitio\\\/\",\"name\":\"Gente de B\u00e1squet\",\"description\":\"La revista del basquet de Bah\u00eda Blanca\",\"potentialAction\":[{\"@type\":\"SearchAction\",\"target\":{\"@type\":\"EntryPoint\",\"urlTemplate\":\"https:\\\/\\\/gentedebasquet.com.ar\\\/sitio\\\/?s={search_term_string}\"},\"query-input\":{\"@type\":\"PropertyValueSpecification\",\"valueRequired\":true,\"valueName\":\"search_term_string\"}}],\"inLanguage\":\"es\"},{\"@type\":\"Person\",\"@id\":\"https:\\\/\\\/gentedebasquet.com.ar\\\/sitio\\\/#\\\/schema\\\/person\\\/643357fb6a37b5549c9cfe9f339c9f1b\",\"name\":\"Manuel Lacerenza\",\"image\":{\"@type\":\"ImageObject\",\"inLanguage\":\"es\",\"@id\":\"https:\\\/\\\/secure.gravatar.com\\\/avatar\\\/6a427d587bd181ca8afd828e8cf364f233c5cbe5b8a1332b92ea42687ad97845?s=96&d=mm&r=g\",\"url\":\"https:\\\/\\\/secure.gravatar.com\\\/avatar\\\/6a427d587bd181ca8afd828e8cf364f233c5cbe5b8a1332b92ea42687ad97845?s=96&d=mm&r=g\",\"contentUrl\":\"https:\\\/\\\/secure.gravatar.com\\\/avatar\\\/6a427d587bd181ca8afd828e8cf364f233c5cbe5b8a1332b92ea42687ad97845?s=96&d=mm&r=g\",\"caption\":\"Manuel Lacerenza\"},\"url\":\"https:\\\/\\\/gentedebasquet.com.ar\\\/sitio\\\/author\\\/manuel\\\/\"}]}<\/script>\n<!-- \/ Yoast SEO plugin. -->","yoast_head_json":{"title":"Argentos en Europa - Gente de B\u00e1squet","robots":{"index":"index","follow":"follow","max-snippet":"max-snippet:-1","max-image-preview":"max-image-preview:large","max-video-preview":"max-video-preview:-1"},"canonical":"https:\/\/gentedebasquet.com.ar\/sitio\/2025\/10\/29\/argentos-en-europa\/","og_locale":"es_ES","og_type":"article","og_title":"Argentos en Europa - Gente de B\u00e1squet","og_description":"Tuvieron participaci\u00f3n los Argentinos por el mundo! Vamos a desarrollar como les fue a cada uno en la Liga ACB, Euroliga y Primera FEB! Estas fueron las actuaciones de los nacidos en nuestro pa\u00eds y lo que se le vendr\u00e1 en cada uno de sus fixtures: Comenzamos por Espa\u00f1a, donde est\u00e1n la mayor\u00eda de los [&hellip;]","og_url":"https:\/\/gentedebasquet.com.ar\/sitio\/2025\/10\/29\/argentos-en-europa\/","og_site_name":"Gente de B\u00e1squet","article_published_time":"2025-10-29T20:01:38+00:00","og_image":[{"width":1920,"height":1280,"url":"https:\/\/gentedebasquet.com.ar\/sitio\/wp-content\/uploads\/2025\/10\/img_7134.jpg","type":"image\/jpeg"}],"author":"Manuel Lacerenza","twitter_card":"summary_large_image","twitter_misc":{"Escrito por":"Manuel Lacerenza","Tiempo de lectura":"3 minutos"},"schema":{"@context":"https:\/\/schema.org","@graph":[{"@type":"Article","@id":"https:\/\/gentedebasquet.com.ar\/sitio\/2025\/10\/29\/argentos-en-europa\/#article","isPartOf":{"@id":"https:\/\/gentedebasquet.com.ar\/sitio\/2025\/10\/29\/argentos-en-europa\/"},"author":{"name":"Manuel Lacerenza","@id":"https:\/\/gentedebasquet.com.ar\/sitio\/#\/schema\/person\/643357fb6a37b5549c9cfe9f339c9f1b"},"headline":"Argentos en Europa","datePublished":"2025-10-29T20:01:38+00:00","mainEntityOfPage":{"@id":"https:\/\/gentedebasquet.com.ar\/sitio\/2025\/10\/29\/argentos-en-europa\/"},"wordCount":653,"image":{"@id":"https:\/\/gentedebasquet.com.ar\/sitio\/2025\/10\/29\/argentos-en-europa\/#primaryimage"},"thumbnailUrl":"https:\/\/gentedebasquet.com.ar\/sitio\/wp-content\/uploads\/2025\/10\/img_7134.jpg","keywords":["Facundo Campazzo","Gabriel Deck","Juan Ignacio Marcos","Juan Pablo Vaulet","Leandro Bolmaro","Luca Vildoza","M\u00e1ximo Fjellerup","Nicol\u00e1s Brussino","Patricio Garino"],"articleSection":["#Overtime","Slide"],"inLanguage":"es"},{"@type":"WebPage","@id":"https:\/\/gentedebasquet.com.ar\/sitio\/2025\/10\/29\/argentos-en-europa\/","url":"https:\/\/gentedebasquet.com.ar\/sitio\/2025\/10\/29\/argentos-en-europa\/","name":"Argentos en Europa - Gente de B\u00e1squet","isPartOf":{"@id":"https:\/\/gentedebasquet.com.ar\/sitio\/#website"},"primaryImageOfPage":{"@id":"https:\/\/gentedebasquet.com.ar\/sitio\/2025\/10\/29\/argentos-en-europa\/#primaryimage"},"image":{"@id":"https:\/\/gentedebasquet.com.ar\/sitio\/2025\/10\/29\/argentos-en-europa\/#primaryimage"},"thumbnailUrl":"https:\/\/gentedebasquet.com.ar\/sitio\/wp-content\/uploads\/2025\/10\/img_7134.jpg","datePublished":"2025-10-29T20:01:38+00:00","author":{"@id":"https:\/\/gentedebasquet.com.ar\/sitio\/#\/schema\/person\/643357fb6a37b5549c9cfe9f339c9f1b"},"breadcrumb":{"@id":"https:\/\/gentedebasquet.com.ar\/sitio\/2025\/10\/29\/argentos-en-europa\/#breadcrumb"},"inLanguage":"es","potentialAction":[{"@type":"ReadAction","target":["https:\/\/gentedebasquet.com.ar\/sitio\/2025\/10\/29\/argentos-en-europa\/"]}]},{"@type":"ImageObject","inLanguage":"es","@id":"https:\/\/gentedebasquet.com.ar\/sitio\/2025\/10\/29\/argentos-en-europa\/#primaryimage","url":"https:\/\/gentedebasquet.com.ar\/sitio\/wp-content\/uploads\/2025\/10\/img_7134.jpg","contentUrl":"https:\/\/gentedebasquet.com.ar\/sitio\/wp-content\/uploads\/2025\/10\/img_7134.jpg","width":1920,"height":1280},{"@type":"BreadcrumbList","@id":"https:\/\/gentedebasquet.com.ar\/sitio\/2025\/10\/29\/argentos-en-europa\/#breadcrumb","itemListElement":[{"@type":"ListItem","position":1,"name":"Portada","item":"https:\/\/gentedebasquet.com.ar\/sitio\/"},{"@type":"ListItem","position":2,"name":"Argentos en Europa"}]},{"@type":"WebSite","@id":"https:\/\/gentedebasquet.com.ar\/sitio\/#website","url":"https:\/\/gentedebasquet.com.ar\/sitio\/","name":"Gente de B\u00e1squet","description":"La revista del basquet de Bah\u00eda Blanca","potentialAction":[{"@type":"SearchAction","target":{"@type":"EntryPoint","urlTemplate":"https:\/\/gentedebasquet.com.ar\/sitio\/?s={search_term_string}"},"query-input":{"@type":"PropertyValueSpecification","valueRequired":true,"valueName":"search_term_string"}}],"inLanguage":"es"},{"@type":"Person","@id":"https:\/\/gentedebasquet.com.ar\/sitio\/#\/schema\/person\/643357fb6a37b5549c9cfe9f339c9f1b","name":"Manuel Lacerenza","image":{"@type":"ImageObject","inLanguage":"es","@id":"https:\/\/secure.gravatar.com\/avatar\/6a427d587bd181ca8afd828e8cf364f233c5cbe5b8a1332b92ea42687ad97845?s=96&d=mm&r=g","url":"https:\/\/secure.gravatar.com\/avatar\/6a427d587bd181ca8afd828e8cf364f233c5cbe5b8a1332b92ea42687ad97845?s=96&d=mm&r=g","contentUrl":"https:\/\/secure.gravatar.com\/avatar\/6a427d587bd181ca8afd828e8cf364f233c5cbe5b8a1332b92ea42687ad97845?s=96&d=mm&r=g","caption":"Manuel Lacerenza"},"url":"https:\/\/gentedebasquet.com.ar\/sitio\/author\/manuel\/"}]}},"_links":{"self":[{"href":"https:\/\/gentedebasquet.com.ar\/sitio\/wp-json\/wp\/v2\/posts\/118896","targetHints":{"allow":["GET"]}}],"collection":[{"href":"https:\/\/gentedebasquet.com.ar\/sitio\/wp-json\/wp\/v2\/posts"}],"about":[{"href":"https:\/\/gentedebasquet.com.ar\/sitio\/wp-json\/wp\/v2\/types\/post"}],"author":[{"embeddable":true,"href":"https:\/\/gentedebasquet.com.ar\/sitio\/wp-json\/wp\/v2\/users\/82"}],"replies":[{"embeddable":true,"href":"https:\/\/gentedebasquet.com.ar\/sitio\/wp-json\/wp\/v2\/comments?post=118896"}],"version-history":[{"count":2,"href":"https:\/\/gentedebasquet.com.ar\/sitio\/wp-json\/wp\/v2\/posts\/118896\/revisions"}],"predecessor-version":[{"id":118898,"href":"https:\/\/gentedebasquet.com.ar\/sitio\/wp-json\/wp\/v2\/posts\/118896\/revisions\/118898"}],"wp:featuredmedia":[{"embeddable":true,"href":"https:\/\/gentedebasquet.com.ar\/sitio\/wp-json\/wp\/v2\/media\/118895"}],"wp:attachment":[{"href":"https:\/\/gentedebasquet.com.ar\/sitio\/wp-json\/wp\/v2\/media?parent=118896"}],"wp:term":[{"taxonomy":"category","embeddable":true,"href":"https:\/\/gentedebasquet.com.ar\/sitio\/wp-json\/wp\/v2\/categories?post=118896"},{"taxonomy":"post_tag","embeddable":true,"href":"https:\/\/gentedebasquet.com.ar\/sitio\/wp-json\/wp\/v2\/tags?post=118896"}],"curies":[{"name":"wp","href":"https:\/\/api.w.org\/{rel}","templated":true}]}}