{"id":118908,"date":"2025-10-31T05:27:45","date_gmt":"2025-10-31T04:27:45","guid":{"rendered":"https:\/\/gentedebasquet.com.ar\/sitio\/?p=118908"},"modified":"2025-10-31T05:30:40","modified_gmt":"2025-10-31T04:30:40","slug":"un-pacifico-de-verde-esperanza","status":"publish","type":"post","link":"https:\/\/gentedebasquet.com.ar\/sitio\/2025\/10\/31\/un-pacifico-de-verde-esperanza\/","title":{"rendered":"Un Pac\u00edfico de verde esperanza"},"content":{"rendered":"<p><strong>Pac\u00edfico venci\u00f3 en un duelo clave y caliente a Napost\u00e1, fue 99-97 en un partido de alt\u00edsimo goleo y que tuvo de todo.<\/strong><\/p>\n<p>La visita arranc\u00f3 mejor, con <strong>dos triples seguidos de Muzi<\/strong> y un parcial de 2-11, pero con un 9-0, Pac\u00edfico igual\u00f3 las cosas. A partir de all\u00ed fueron palo y palo, hasta que, con el resultado empatado en 17, en el \u00faltimo minuto y medio, <strong>el \u00abVerde\u00bb tuvo un tramo 11-2<\/strong> para cerrarlo arriba 28-19. Cort\u00e9s y Muzi ya se mostraban como las grandes figuras del partido. En este cuarto, <strong>Leonel Alema\u00f1y jug\u00f3 apenas dos minutos, y fue expulsado por doble t\u00e9cnica<\/strong>, que le mostr\u00f3 Marjorie Stuardo, luego de reiteradas protestas.<\/p>\n<p>En el segundo segmento,<strong> Pac\u00edfico lleg\u00f3 a sacar 13 de diferencia<\/strong> (32-19), pero Napo lo levant\u00f3 de la mano de Vasconcelo, Muzi y Bruni y <strong>clav\u00f3 un parcial \u00a117-0!<\/strong> que lo dej\u00f3 arriba 32-36. Pac\u00edfico encontr\u00f3 variantes, no se fue de partido, recuper\u00f3 y en un juego en el que ninguno de los dos pod\u00eda ser efectivo en la defensa, se fueron al descanso 50-46.<\/p>\n<p>En el tercer parcial, jugados apenas tres minutos, <strong>Napost\u00e1 perdi\u00f3 un jugador vital<\/strong>. <strong>Vasconcelo<\/strong>, que llegaba cargado con tres faltas del primer tiempo, lleg\u00f3 tarde (a interpretaci\u00f3n de los jueces) a un triple de Mattioli,<strong> le pitaron la cuarta y en la protesta airada, vio una t\u00e9cnica que lo dej\u00f3 fuera de partido.<\/strong> Durante un rato fueron gol a gol, hasta que el local pudo tomar 6 de ventaja (67-61), que Napo pudo revertir en dos minutos a 68-69. Con 33 puntos en el cuarto, la visita se fue en ventaja por la m\u00ednima 78-79.<\/p>\n<p>En los \u00faltimos diez minutos el partido mantuvo la t\u00f3nica: defensas poco efectivas, ataques r\u00e1pidos y precisos. <strong>A 3m del cierre, Napost\u00e1 ganaba 89-97<\/strong>. Desde la l\u00ednea, Salvatori dej\u00f3 al \u00abVerde\u00bb en 91, luego un doble de Cort\u00e9s en 93, y un <strong>bombazo de Redivo lo acerc\u00f3 a la m\u00ednima, 96-97.<\/strong> En el siguiente ataque visitante, <strong>Salvatori le rob\u00f3 la pelota de las manos a Nico Quiroga y asisti\u00f3 a Redivo<\/strong> que, con una bandeja de zurda, puso a Pac\u00edfico al frente. Luego de un ataque fallido por lado, a Napo le qued\u00f3 la \u00faltima posesi\u00f3n con 10s y, en un tiro forzado de Muzi, Pac\u00edfico se qued\u00f3 con el rebote.<\/p>\n<p>La gente invadi\u00f3 la cancha para celebrar el triunfo, pero <strong>entre la multitud apareci\u00f3 el pu\u00f1o en alto de Juan Cruz Schernenco pitando una falta en el rebote<\/strong>, sobre Santi Loos. Con buen ojo, cobr\u00f3 el foul con sus correspondientes dos libres, y <strong>orden\u00f3 dejar un segundo y medio de tiempo<\/strong> en el tablero. Lo que tambi\u00e9n <strong>se cobr\u00f3 fue una falta t\u00e9cnica<\/strong> al banco local, porque en el festejo y la algarab\u00eda de la victoria, <strong>Gino Pisani pate\u00f3 el bal\u00f3n<\/strong>. Pero claro, el partido no estaba terminado. <strong>Guido Muzi no aprovech\u00f3 desde la l\u00ednea<\/strong> para igualar el juego, y Loos anot\u00f3 el primero y tir\u00f3 a errar el segundo para que, ahora s\u00ed, <strong>festeje el pueblo verde.<\/strong><\/p>\n<div class=\"jeg_video_container jeg_video_content\"><iframe loading=\"lazy\" title=\"#Primera - Fecha #10: Pac\u00edfico 99 - 97 Napost\u00e1\" width=\"500\" height=\"281\" src=\"https:\/\/www.youtube.com\/embed\/QGckCpxgflM?feature=oembed\" frameborder=\"0\" allow=\"accelerometer; autoplay; clipboard-write; encrypted-media; gyroscope; picture-in-picture; web-share\" referrerpolicy=\"strict-origin-when-cross-origin\" allowfullscreen><\/iframe><\/div>\n<p><img decoding=\"async\" class=\"alignnone size-medium wp-image-118919\" src=\"http:\/\/gentedebasquet.com.ar\/sitio\/wp-content\/uploads\/2025\/10\/CLAVE-pacifico-300x300.png\" alt=\"\" width=\"300\" height=\"300\" srcset=\"https:\/\/gentedebasquet.com.ar\/sitio\/wp-content\/uploads\/2025\/10\/CLAVE-pacifico-300x300.png 300w, https:\/\/gentedebasquet.com.ar\/sitio\/wp-content\/uploads\/2025\/10\/CLAVE-pacifico-1024x1024.png 1024w, https:\/\/gentedebasquet.com.ar\/sitio\/wp-content\/uploads\/2025\/10\/CLAVE-pacifico-150x150.png 150w, https:\/\/gentedebasquet.com.ar\/sitio\/wp-content\/uploads\/2025\/10\/CLAVE-pacifico-768x768.png 768w, https:\/\/gentedebasquet.com.ar\/sitio\/wp-content\/uploads\/2025\/10\/CLAVE-pacifico-1536x1536.png 1536w, https:\/\/gentedebasquet.com.ar\/sitio\/wp-content\/uploads\/2025\/10\/CLAVE-pacifico-75x75.png 75w, https:\/\/gentedebasquet.com.ar\/sitio\/wp-content\/uploads\/2025\/10\/CLAVE-pacifico-350x350.png 350w, https:\/\/gentedebasquet.com.ar\/sitio\/wp-content\/uploads\/2025\/10\/CLAVE-pacifico-750x750.png 750w, https:\/\/gentedebasquet.com.ar\/sitio\/wp-content\/uploads\/2025\/10\/CLAVE-pacifico-1140x1140.png 1140w, https:\/\/gentedebasquet.com.ar\/sitio\/wp-content\/uploads\/2025\/10\/CLAVE-pacifico.png 2000w\" sizes=\"(max-width: 300px) 100vw, 300px\" \/><\/p>\n<p><img decoding=\"async\" class=\"alignnone size-medium wp-image-118922\" src=\"http:\/\/gentedebasquet.com.ar\/sitio\/wp-content\/uploads\/2025\/10\/WhatsApp-Image-2025-10-31-at-01.23.51-300x225.jpeg\" alt=\"\" width=\"300\" height=\"225\" srcset=\"https:\/\/gentedebasquet.com.ar\/sitio\/wp-content\/uploads\/2025\/10\/WhatsApp-Image-2025-10-31-at-01.23.51-300x225.jpeg 300w, https:\/\/gentedebasquet.com.ar\/sitio\/wp-content\/uploads\/2025\/10\/WhatsApp-Image-2025-10-31-at-01.23.51-1024x768.jpeg 1024w, https:\/\/gentedebasquet.com.ar\/sitio\/wp-content\/uploads\/2025\/10\/WhatsApp-Image-2025-10-31-at-01.23.51-768x576.jpeg 768w, https:\/\/gentedebasquet.com.ar\/sitio\/wp-content\/uploads\/2025\/10\/WhatsApp-Image-2025-10-31-at-01.23.51-750x563.jpeg 750w, https:\/\/gentedebasquet.com.ar\/sitio\/wp-content\/uploads\/2025\/10\/WhatsApp-Image-2025-10-31-at-01.23.51-1140x855.jpeg 1140w, https:\/\/gentedebasquet.com.ar\/sitio\/wp-content\/uploads\/2025\/10\/WhatsApp-Image-2025-10-31-at-01.23.51.jpeg 1280w\" sizes=\"(max-width: 300px) 100vw, 300px\" \/><\/p>\n<blockquote><p>\u00abTen\u00edamos que ganar este partido para ganarnos el respeto que nos merecemos, vencimos a Villa Mitre, a Olimpo y ahora a Napost\u00e1. Se vienen los playoffs, en el torneo pasado nos quedamos a nada de la final. Tenemos mucho \u00e1nimo, somos un equipo muy fuerte y tenemos muchas ganas de que llegue la definici\u00f3n. Estamos para jugar la final, ojal\u00e1 llegar ah\u00ed.\u00bb, <strong>Valent\u00edn Cort\u00e9s, Pac\u00edfico.<\/strong><\/p><\/blockquote>\n<p><img decoding=\"async\" class=\"alignnone size-medium wp-image-118920\" src=\"http:\/\/gentedebasquet.com.ar\/sitio\/wp-content\/uploads\/2025\/10\/MVP-cortes-300x300.png\" alt=\"\" width=\"300\" height=\"300\" srcset=\"https:\/\/gentedebasquet.com.ar\/sitio\/wp-content\/uploads\/2025\/10\/MVP-cortes-300x300.png 300w, https:\/\/gentedebasquet.com.ar\/sitio\/wp-content\/uploads\/2025\/10\/MVP-cortes-1024x1024.png 1024w, https:\/\/gentedebasquet.com.ar\/sitio\/wp-content\/uploads\/2025\/10\/MVP-cortes-150x150.png 150w, https:\/\/gentedebasquet.com.ar\/sitio\/wp-content\/uploads\/2025\/10\/MVP-cortes-768x768.png 768w, https:\/\/gentedebasquet.com.ar\/sitio\/wp-content\/uploads\/2025\/10\/MVP-cortes-1536x1536.png 1536w, https:\/\/gentedebasquet.com.ar\/sitio\/wp-content\/uploads\/2025\/10\/MVP-cortes-75x75.png 75w, https:\/\/gentedebasquet.com.ar\/sitio\/wp-content\/uploads\/2025\/10\/MVP-cortes-350x350.png 350w, https:\/\/gentedebasquet.com.ar\/sitio\/wp-content\/uploads\/2025\/10\/MVP-cortes-750x750.png 750w, https:\/\/gentedebasquet.com.ar\/sitio\/wp-content\/uploads\/2025\/10\/MVP-cortes-1140x1140.png 1140w, https:\/\/gentedebasquet.com.ar\/sitio\/wp-content\/uploads\/2025\/10\/MVP-cortes.png 2000w\" sizes=\"(max-width: 300px) 100vw, 300px\" \/><\/p>\n<p><strong>S\u00edntesis &#8211; Primera Divisi\u00f3n &#8211; Fecha 10<\/strong><\/p>\n<p><strong>Pac\u00edfico 99:<\/strong> Branco Salvatori 12, Francisco Mattioli 3, Valent\u00edn Cort\u00e9s 29, Santiago Loos 16, Genaro Pisani 12 <strong>(FI);<\/strong> Mateo Boccatonda 8, Juan Cruz Redivo 5, I\u00f1aki Errazu 6, Gino Pisani 8 (x). <strong>DT: Mauro Richotti.<\/strong><\/p>\n<p><strong>Napost\u00e1 97:<\/strong> Tom\u00e1s Bruni 15, Segundo Vasconcelo 5 (x), Guido Muzi 30, Gast\u00f3n Torres 25, Joaqu\u00edn Larrandart 10 <strong>(FI);<\/strong> Leonel Alema\u00f1y 0 (x), Nicol\u00e1s S\u00e1nchez 6, Nahuel Amaya 0, Sebasti\u00e1n Su\u00e1rez 0, Enzo Roth 0, Nicol\u00e1s Quiroga 6. <strong>DT: Fabricio Piccinini.<\/strong><\/p>\n<p><strong>Cuartos:<\/strong> 28-19, 50-46 (22-27), 78-79 (28-33), 99-97 (21-18)<\/p>\n<p><strong>\u00c1rbitros:<\/strong> Marjorie Stuardo &#8211; Juan Cruz Schernenco &#8211; Lucas Andr\u00e9s<\/p>\n<p><strong>Cancha:<\/strong> William Harding Green (Pac\u00edfico)<\/p>\n","protected":false},"excerpt":{"rendered":"<p>Pac\u00edfico venci\u00f3 en un duelo clave y caliente a Napost\u00e1, fue 99-97 en un partido de alt\u00edsimo goleo y que tuvo de todo. La visita arranc\u00f3 mejor, con dos triples seguidos de Muzi y un parcial de 2-11, pero con un 9-0, Pac\u00edfico igual\u00f3 las cosas. A partir de all\u00ed fueron palo y palo, hasta [&hellip;]<\/p>\n","protected":false},"author":71,"featured_media":118921,"comment_status":"closed","ping_status":"open","sticky":false,"template":"","format":"standard","meta":{"jnews-multi-image_gallery":[],"jnews_single_post":[],"jnews_primary_category":[],"footnotes":""},"categories":[23,101],"tags":[15,17,1169,508,1883],"class_list":["post-118908","post","type-post","status-publish","format-standard","has-post-thumbnail","hentry","category-primera","category-slide","tag-naposta","tag-pacifico","tag-primera","tag-primera-division","tag-valentin-cortes"],"yoast_head":"<!-- This site is optimized with the Yoast SEO plugin v27.5 - https:\/\/yoast.com\/product\/yoast-seo-wordpress\/ -->\n<title>Un Pac\u00edfico de verde esperanza - Gente de B\u00e1squet<\/title>\n<meta name=\"robots\" content=\"index, follow, max-snippet:-1, max-image-preview:large, max-video-preview:-1\" \/>\n<link rel=\"canonical\" href=\"https:\/\/gentedebasquet.com.ar\/sitio\/2025\/10\/31\/un-pacifico-de-verde-esperanza\/\" \/>\n<meta property=\"og:locale\" content=\"es_ES\" \/>\n<meta property=\"og:type\" content=\"article\" \/>\n<meta property=\"og:title\" content=\"Un Pac\u00edfico de verde esperanza - Gente de B\u00e1squet\" \/>\n<meta property=\"og:description\" content=\"Pac\u00edfico venci\u00f3 en un duelo clave y caliente a Napost\u00e1, fue 99-97 en un partido de alt\u00edsimo goleo y que tuvo de todo. La visita arranc\u00f3 mejor, con dos triples seguidos de Muzi y un parcial de 2-11, pero con un 9-0, Pac\u00edfico igual\u00f3 las cosas. A partir de all\u00ed fueron palo y palo, hasta [&hellip;]\" \/>\n<meta property=\"og:url\" content=\"https:\/\/gentedebasquet.com.ar\/sitio\/2025\/10\/31\/un-pacifico-de-verde-esperanza\/\" \/>\n<meta property=\"og:site_name\" content=\"Gente de B\u00e1squet\" \/>\n<meta property=\"article:published_time\" content=\"2025-10-31T04:27:45+00:00\" \/>\n<meta property=\"article:modified_time\" content=\"2025-10-31T04:30:40+00:00\" \/>\n<meta property=\"og:image\" content=\"https:\/\/gentedebasquet.com.ar\/sitio\/wp-content\/uploads\/2025\/10\/WhatsApp-Image-2025-10-31-at-01.23.51-1.jpeg\" \/>\n\t<meta property=\"og:image:width\" content=\"1170\" \/>\n\t<meta property=\"og:image:height\" content=\"640\" \/>\n\t<meta property=\"og:image:type\" content=\"image\/jpeg\" \/>\n<meta name=\"author\" content=\"Santiago Seisdedos\" \/>\n<meta name=\"twitter:card\" content=\"summary_large_image\" \/>\n<meta name=\"twitter:label1\" content=\"Escrito por\" \/>\n\t<meta name=\"twitter:data1\" content=\"Santiago Seisdedos\" \/>\n\t<meta name=\"twitter:label2\" content=\"Tiempo de lectura\" \/>\n\t<meta name=\"twitter:data2\" content=\"4 minutos\" \/>\n<script type=\"application\/ld+json\" class=\"yoast-schema-graph\">{\"@context\":\"https:\\\/\\\/schema.org\",\"@graph\":[{\"@type\":\"Article\",\"@id\":\"https:\\\/\\\/gentedebasquet.com.ar\\\/sitio\\\/2025\\\/10\\\/31\\\/un-pacifico-de-verde-esperanza\\\/#article\",\"isPartOf\":{\"@id\":\"https:\\\/\\\/gentedebasquet.com.ar\\\/sitio\\\/2025\\\/10\\\/31\\\/un-pacifico-de-verde-esperanza\\\/\"},\"author\":{\"name\":\"Santiago Seisdedos\",\"@id\":\"https:\\\/\\\/gentedebasquet.com.ar\\\/sitio\\\/#\\\/schema\\\/person\\\/3b50d7c801b9529aba70bd4613bca6da\"},\"headline\":\"Un Pac\u00edfico de verde esperanza\",\"datePublished\":\"2025-10-31T04:27:45+00:00\",\"dateModified\":\"2025-10-31T04:30:40+00:00\",\"mainEntityOfPage\":{\"@id\":\"https:\\\/\\\/gentedebasquet.com.ar\\\/sitio\\\/2025\\\/10\\\/31\\\/un-pacifico-de-verde-esperanza\\\/\"},\"wordCount\":703,\"image\":{\"@id\":\"https:\\\/\\\/gentedebasquet.com.ar\\\/sitio\\\/2025\\\/10\\\/31\\\/un-pacifico-de-verde-esperanza\\\/#primaryimage\"},\"thumbnailUrl\":\"https:\\\/\\\/gentedebasquet.com.ar\\\/sitio\\\/wp-content\\\/uploads\\\/2025\\\/10\\\/WhatsApp-Image-2025-10-31-at-01.23.51-1.jpeg\",\"keywords\":[\"Naposta\",\"Pacifico\",\"Primera\",\"Primera Divisi\u00f3n\",\"Valent\u00edn Cort\u00e9s\"],\"articleSection\":[\"Primera\",\"Slide\"],\"inLanguage\":\"es\"},{\"@type\":\"WebPage\",\"@id\":\"https:\\\/\\\/gentedebasquet.com.ar\\\/sitio\\\/2025\\\/10\\\/31\\\/un-pacifico-de-verde-esperanza\\\/\",\"url\":\"https:\\\/\\\/gentedebasquet.com.ar\\\/sitio\\\/2025\\\/10\\\/31\\\/un-pacifico-de-verde-esperanza\\\/\",\"name\":\"Un Pac\u00edfico de verde esperanza - Gente de B\u00e1squet\",\"isPartOf\":{\"@id\":\"https:\\\/\\\/gentedebasquet.com.ar\\\/sitio\\\/#website\"},\"primaryImageOfPage\":{\"@id\":\"https:\\\/\\\/gentedebasquet.com.ar\\\/sitio\\\/2025\\\/10\\\/31\\\/un-pacifico-de-verde-esperanza\\\/#primaryimage\"},\"image\":{\"@id\":\"https:\\\/\\\/gentedebasquet.com.ar\\\/sitio\\\/2025\\\/10\\\/31\\\/un-pacifico-de-verde-esperanza\\\/#primaryimage\"},\"thumbnailUrl\":\"https:\\\/\\\/gentedebasquet.com.ar\\\/sitio\\\/wp-content\\\/uploads\\\/2025\\\/10\\\/WhatsApp-Image-2025-10-31-at-01.23.51-1.jpeg\",\"datePublished\":\"2025-10-31T04:27:45+00:00\",\"dateModified\":\"2025-10-31T04:30:40+00:00\",\"author\":{\"@id\":\"https:\\\/\\\/gentedebasquet.com.ar\\\/sitio\\\/#\\\/schema\\\/person\\\/3b50d7c801b9529aba70bd4613bca6da\"},\"breadcrumb\":{\"@id\":\"https:\\\/\\\/gentedebasquet.com.ar\\\/sitio\\\/2025\\\/10\\\/31\\\/un-pacifico-de-verde-esperanza\\\/#breadcrumb\"},\"inLanguage\":\"es\",\"potentialAction\":[{\"@type\":\"ReadAction\",\"target\":[\"https:\\\/\\\/gentedebasquet.com.ar\\\/sitio\\\/2025\\\/10\\\/31\\\/un-pacifico-de-verde-esperanza\\\/\"]}]},{\"@type\":\"ImageObject\",\"inLanguage\":\"es\",\"@id\":\"https:\\\/\\\/gentedebasquet.com.ar\\\/sitio\\\/2025\\\/10\\\/31\\\/un-pacifico-de-verde-esperanza\\\/#primaryimage\",\"url\":\"https:\\\/\\\/gentedebasquet.com.ar\\\/sitio\\\/wp-content\\\/uploads\\\/2025\\\/10\\\/WhatsApp-Image-2025-10-31-at-01.23.51-1.jpeg\",\"contentUrl\":\"https:\\\/\\\/gentedebasquet.com.ar\\\/sitio\\\/wp-content\\\/uploads\\\/2025\\\/10\\\/WhatsApp-Image-2025-10-31-at-01.23.51-1.jpeg\",\"width\":1170,\"height\":640},{\"@type\":\"BreadcrumbList\",\"@id\":\"https:\\\/\\\/gentedebasquet.com.ar\\\/sitio\\\/2025\\\/10\\\/31\\\/un-pacifico-de-verde-esperanza\\\/#breadcrumb\",\"itemListElement\":[{\"@type\":\"ListItem\",\"position\":1,\"name\":\"Portada\",\"item\":\"https:\\\/\\\/gentedebasquet.com.ar\\\/sitio\\\/\"},{\"@type\":\"ListItem\",\"position\":2,\"name\":\"Un Pac\u00edfico de verde esperanza\"}]},{\"@type\":\"WebSite\",\"@id\":\"https:\\\/\\\/gentedebasquet.com.ar\\\/sitio\\\/#website\",\"url\":\"https:\\\/\\\/gentedebasquet.com.ar\\\/sitio\\\/\",\"name\":\"Gente de B\u00e1squet\",\"description\":\"La revista del basquet de Bah\u00eda Blanca\",\"potentialAction\":[{\"@type\":\"SearchAction\",\"target\":{\"@type\":\"EntryPoint\",\"urlTemplate\":\"https:\\\/\\\/gentedebasquet.com.ar\\\/sitio\\\/?s={search_term_string}\"},\"query-input\":{\"@type\":\"PropertyValueSpecification\",\"valueRequired\":true,\"valueName\":\"search_term_string\"}}],\"inLanguage\":\"es\"},{\"@type\":\"Person\",\"@id\":\"https:\\\/\\\/gentedebasquet.com.ar\\\/sitio\\\/#\\\/schema\\\/person\\\/3b50d7c801b9529aba70bd4613bca6da\",\"name\":\"Santiago Seisdedos\",\"image\":{\"@type\":\"ImageObject\",\"inLanguage\":\"es\",\"@id\":\"https:\\\/\\\/secure.gravatar.com\\\/avatar\\\/be737e74404eb3825c4679da7a152b3c6980b470f7253114cd451344e20a8d80?s=96&d=mm&r=g\",\"url\":\"https:\\\/\\\/secure.gravatar.com\\\/avatar\\\/be737e74404eb3825c4679da7a152b3c6980b470f7253114cd451344e20a8d80?s=96&d=mm&r=g\",\"contentUrl\":\"https:\\\/\\\/secure.gravatar.com\\\/avatar\\\/be737e74404eb3825c4679da7a152b3c6980b470f7253114cd451344e20a8d80?s=96&d=mm&r=g\",\"caption\":\"Santiago Seisdedos\"},\"url\":\"https:\\\/\\\/gentedebasquet.com.ar\\\/sitio\\\/author\\\/santiago-sesidedos\\\/\"}]}<\/script>\n<!-- \/ Yoast SEO plugin. -->","yoast_head_json":{"title":"Un Pac\u00edfico de verde esperanza - Gente de B\u00e1squet","robots":{"index":"index","follow":"follow","max-snippet":"max-snippet:-1","max-image-preview":"max-image-preview:large","max-video-preview":"max-video-preview:-1"},"canonical":"https:\/\/gentedebasquet.com.ar\/sitio\/2025\/10\/31\/un-pacifico-de-verde-esperanza\/","og_locale":"es_ES","og_type":"article","og_title":"Un Pac\u00edfico de verde esperanza - Gente de B\u00e1squet","og_description":"Pac\u00edfico venci\u00f3 en un duelo clave y caliente a Napost\u00e1, fue 99-97 en un partido de alt\u00edsimo goleo y que tuvo de todo. La visita arranc\u00f3 mejor, con dos triples seguidos de Muzi y un parcial de 2-11, pero con un 9-0, Pac\u00edfico igual\u00f3 las cosas. A partir de all\u00ed fueron palo y palo, hasta [&hellip;]","og_url":"https:\/\/gentedebasquet.com.ar\/sitio\/2025\/10\/31\/un-pacifico-de-verde-esperanza\/","og_site_name":"Gente de B\u00e1squet","article_published_time":"2025-10-31T04:27:45+00:00","article_modified_time":"2025-10-31T04:30:40+00:00","og_image":[{"width":1170,"height":640,"url":"https:\/\/gentedebasquet.com.ar\/sitio\/wp-content\/uploads\/2025\/10\/WhatsApp-Image-2025-10-31-at-01.23.51-1.jpeg","type":"image\/jpeg"}],"author":"Santiago Seisdedos","twitter_card":"summary_large_image","twitter_misc":{"Escrito por":"Santiago Seisdedos","Tiempo de lectura":"4 minutos"},"schema":{"@context":"https:\/\/schema.org","@graph":[{"@type":"Article","@id":"https:\/\/gentedebasquet.com.ar\/sitio\/2025\/10\/31\/un-pacifico-de-verde-esperanza\/#article","isPartOf":{"@id":"https:\/\/gentedebasquet.com.ar\/sitio\/2025\/10\/31\/un-pacifico-de-verde-esperanza\/"},"author":{"name":"Santiago Seisdedos","@id":"https:\/\/gentedebasquet.com.ar\/sitio\/#\/schema\/person\/3b50d7c801b9529aba70bd4613bca6da"},"headline":"Un Pac\u00edfico de verde esperanza","datePublished":"2025-10-31T04:27:45+00:00","dateModified":"2025-10-31T04:30:40+00:00","mainEntityOfPage":{"@id":"https:\/\/gentedebasquet.com.ar\/sitio\/2025\/10\/31\/un-pacifico-de-verde-esperanza\/"},"wordCount":703,"image":{"@id":"https:\/\/gentedebasquet.com.ar\/sitio\/2025\/10\/31\/un-pacifico-de-verde-esperanza\/#primaryimage"},"thumbnailUrl":"https:\/\/gentedebasquet.com.ar\/sitio\/wp-content\/uploads\/2025\/10\/WhatsApp-Image-2025-10-31-at-01.23.51-1.jpeg","keywords":["Naposta","Pacifico","Primera","Primera Divisi\u00f3n","Valent\u00edn Cort\u00e9s"],"articleSection":["Primera","Slide"],"inLanguage":"es"},{"@type":"WebPage","@id":"https:\/\/gentedebasquet.com.ar\/sitio\/2025\/10\/31\/un-pacifico-de-verde-esperanza\/","url":"https:\/\/gentedebasquet.com.ar\/sitio\/2025\/10\/31\/un-pacifico-de-verde-esperanza\/","name":"Un Pac\u00edfico de verde esperanza - Gente de B\u00e1squet","isPartOf":{"@id":"https:\/\/gentedebasquet.com.ar\/sitio\/#website"},"primaryImageOfPage":{"@id":"https:\/\/gentedebasquet.com.ar\/sitio\/2025\/10\/31\/un-pacifico-de-verde-esperanza\/#primaryimage"},"image":{"@id":"https:\/\/gentedebasquet.com.ar\/sitio\/2025\/10\/31\/un-pacifico-de-verde-esperanza\/#primaryimage"},"thumbnailUrl":"https:\/\/gentedebasquet.com.ar\/sitio\/wp-content\/uploads\/2025\/10\/WhatsApp-Image-2025-10-31-at-01.23.51-1.jpeg","datePublished":"2025-10-31T04:27:45+00:00","dateModified":"2025-10-31T04:30:40+00:00","author":{"@id":"https:\/\/gentedebasquet.com.ar\/sitio\/#\/schema\/person\/3b50d7c801b9529aba70bd4613bca6da"},"breadcrumb":{"@id":"https:\/\/gentedebasquet.com.ar\/sitio\/2025\/10\/31\/un-pacifico-de-verde-esperanza\/#breadcrumb"},"inLanguage":"es","potentialAction":[{"@type":"ReadAction","target":["https:\/\/gentedebasquet.com.ar\/sitio\/2025\/10\/31\/un-pacifico-de-verde-esperanza\/"]}]},{"@type":"ImageObject","inLanguage":"es","@id":"https:\/\/gentedebasquet.com.ar\/sitio\/2025\/10\/31\/un-pacifico-de-verde-esperanza\/#primaryimage","url":"https:\/\/gentedebasquet.com.ar\/sitio\/wp-content\/uploads\/2025\/10\/WhatsApp-Image-2025-10-31-at-01.23.51-1.jpeg","contentUrl":"https:\/\/gentedebasquet.com.ar\/sitio\/wp-content\/uploads\/2025\/10\/WhatsApp-Image-2025-10-31-at-01.23.51-1.jpeg","width":1170,"height":640},{"@type":"BreadcrumbList","@id":"https:\/\/gentedebasquet.com.ar\/sitio\/2025\/10\/31\/un-pacifico-de-verde-esperanza\/#breadcrumb","itemListElement":[{"@type":"ListItem","position":1,"name":"Portada","item":"https:\/\/gentedebasquet.com.ar\/sitio\/"},{"@type":"ListItem","position":2,"name":"Un Pac\u00edfico de verde esperanza"}]},{"@type":"WebSite","@id":"https:\/\/gentedebasquet.com.ar\/sitio\/#website","url":"https:\/\/gentedebasquet.com.ar\/sitio\/","name":"Gente de B\u00e1squet","description":"La revista del basquet de Bah\u00eda Blanca","potentialAction":[{"@type":"SearchAction","target":{"@type":"EntryPoint","urlTemplate":"https:\/\/gentedebasquet.com.ar\/sitio\/?s={search_term_string}"},"query-input":{"@type":"PropertyValueSpecification","valueRequired":true,"valueName":"search_term_string"}}],"inLanguage":"es"},{"@type":"Person","@id":"https:\/\/gentedebasquet.com.ar\/sitio\/#\/schema\/person\/3b50d7c801b9529aba70bd4613bca6da","name":"Santiago Seisdedos","image":{"@type":"ImageObject","inLanguage":"es","@id":"https:\/\/secure.gravatar.com\/avatar\/be737e74404eb3825c4679da7a152b3c6980b470f7253114cd451344e20a8d80?s=96&d=mm&r=g","url":"https:\/\/secure.gravatar.com\/avatar\/be737e74404eb3825c4679da7a152b3c6980b470f7253114cd451344e20a8d80?s=96&d=mm&r=g","contentUrl":"https:\/\/secure.gravatar.com\/avatar\/be737e74404eb3825c4679da7a152b3c6980b470f7253114cd451344e20a8d80?s=96&d=mm&r=g","caption":"Santiago Seisdedos"},"url":"https:\/\/gentedebasquet.com.ar\/sitio\/author\/santiago-sesidedos\/"}]}},"_links":{"self":[{"href":"https:\/\/gentedebasquet.com.ar\/sitio\/wp-json\/wp\/v2\/posts\/118908","targetHints":{"allow":["GET"]}}],"collection":[{"href":"https:\/\/gentedebasquet.com.ar\/sitio\/wp-json\/wp\/v2\/posts"}],"about":[{"href":"https:\/\/gentedebasquet.com.ar\/sitio\/wp-json\/wp\/v2\/types\/post"}],"author":[{"embeddable":true,"href":"https:\/\/gentedebasquet.com.ar\/sitio\/wp-json\/wp\/v2\/users\/71"}],"replies":[{"embeddable":true,"href":"https:\/\/gentedebasquet.com.ar\/sitio\/wp-json\/wp\/v2\/comments?post=118908"}],"version-history":[{"count":3,"href":"https:\/\/gentedebasquet.com.ar\/sitio\/wp-json\/wp\/v2\/posts\/118908\/revisions"}],"predecessor-version":[{"id":118930,"href":"https:\/\/gentedebasquet.com.ar\/sitio\/wp-json\/wp\/v2\/posts\/118908\/revisions\/118930"}],"wp:featuredmedia":[{"embeddable":true,"href":"https:\/\/gentedebasquet.com.ar\/sitio\/wp-json\/wp\/v2\/media\/118921"}],"wp:attachment":[{"href":"https:\/\/gentedebasquet.com.ar\/sitio\/wp-json\/wp\/v2\/media?parent=118908"}],"wp:term":[{"taxonomy":"category","embeddable":true,"href":"https:\/\/gentedebasquet.com.ar\/sitio\/wp-json\/wp\/v2\/categories?post=118908"},{"taxonomy":"post_tag","embeddable":true,"href":"https:\/\/gentedebasquet.com.ar\/sitio\/wp-json\/wp\/v2\/tags?post=118908"}],"curies":[{"name":"wp","href":"https:\/\/api.w.org\/{rel}","templated":true}]}}