{"id":118931,"date":"2025-10-31T05:52:03","date_gmt":"2025-10-31T04:52:03","guid":{"rendered":"https:\/\/gentedebasquet.com.ar\/sitio\/?p=118931"},"modified":"2025-10-31T05:52:03","modified_gmt":"2025-10-31T04:52:03","slug":"bahiense-tiene-luz-propia","status":"publish","type":"post","link":"https:\/\/gentedebasquet.com.ar\/sitio\/2025\/10\/31\/bahiense-tiene-luz-propia\/","title":{"rendered":"Bahiense tiene luz propia"},"content":{"rendered":"<p>Bahiense quer\u00eda recuperarse luego del cachetazo que hab\u00eda recibido hace una semana frente a Villa Mitre y Estrella buscaba seguir por el camino del triunfo, tras ganarle con pol\u00e9mica a Olimpo.<\/p>\n<p>En un primer tiempo, donde la visita con un buen porcentaje de T3(7\/10) con Herrera y Quiroga desde el per\u00edmetro y Silva cerquita del aro, lo dejaban arriba en.la.primera mitad 42 a 40. En los de Navallo, Bonivardo fue su carta principal de gol, m\u00e1s el aporte de Luengo y Lamonega.<\/p>\n<p>La segunda mitad fue totalmente distinta. En los \u00faltimos 5 minutos del el 3er cuarto, Bahiense le convirti\u00f3 21 pts, con un par de triples de Roberson y las penetraciones de Lamonega, el local termin\u00f3 ganando el 3er cuarto 74 a 60 y de esa manera empez\u00f3 a liquidar un partido que parec\u00eda por lo visto en la primera mitad, mucho m\u00e1s complicado.<\/p>\n<p>El \u00faltimo cuarto fue parejo, pero la diferencia que sac\u00f3 Bahiense en el cuarto anterior le permiti\u00f3 quedarse c\u00f3modamente con el partido.<\/p>\n<p>Gan\u00f3 Bahiense y se recuper\u00f3 r\u00e1pido del golpe frente a Villa Mitre.<\/p>\n<div class=\"jeg_video_container jeg_video_content\"><iframe loading=\"lazy\" title=\"#Primera - Fecha #10: Bahiense del Norte 89 - 77 Estrella\" width=\"500\" height=\"281\" src=\"https:\/\/www.youtube.com\/embed\/Y-QP-vNMybM?feature=oembed\" frameborder=\"0\" allow=\"accelerometer; autoplay; clipboard-write; encrypted-media; gyroscope; picture-in-picture; web-share\" referrerpolicy=\"strict-origin-when-cross-origin\" allowfullscreen><\/iframe><\/div>\n<p><img decoding=\"async\" class=\"alignnone size-medium wp-image-118932\" src=\"http:\/\/gentedebasquet.com.ar\/sitio\/wp-content\/uploads\/2025\/10\/CLAVE-bdn-300x300.png\" alt=\"\" width=\"300\" height=\"300\" srcset=\"https:\/\/gentedebasquet.com.ar\/sitio\/wp-content\/uploads\/2025\/10\/CLAVE-bdn-300x300.png 300w, https:\/\/gentedebasquet.com.ar\/sitio\/wp-content\/uploads\/2025\/10\/CLAVE-bdn-1024x1024.png 1024w, https:\/\/gentedebasquet.com.ar\/sitio\/wp-content\/uploads\/2025\/10\/CLAVE-bdn-150x150.png 150w, https:\/\/gentedebasquet.com.ar\/sitio\/wp-content\/uploads\/2025\/10\/CLAVE-bdn-768x768.png 768w, https:\/\/gentedebasquet.com.ar\/sitio\/wp-content\/uploads\/2025\/10\/CLAVE-bdn-1536x1536.png 1536w, https:\/\/gentedebasquet.com.ar\/sitio\/wp-content\/uploads\/2025\/10\/CLAVE-bdn-75x75.png 75w, https:\/\/gentedebasquet.com.ar\/sitio\/wp-content\/uploads\/2025\/10\/CLAVE-bdn-350x350.png 350w, https:\/\/gentedebasquet.com.ar\/sitio\/wp-content\/uploads\/2025\/10\/CLAVE-bdn-750x750.png 750w, https:\/\/gentedebasquet.com.ar\/sitio\/wp-content\/uploads\/2025\/10\/CLAVE-bdn-1140x1140.png 1140w, https:\/\/gentedebasquet.com.ar\/sitio\/wp-content\/uploads\/2025\/10\/CLAVE-bdn.png 2000w\" sizes=\"(max-width: 300px) 100vw, 300px\" \/><\/p>\n<p><img decoding=\"async\" class=\"alignnone size-medium wp-image-118934\" src=\"http:\/\/gentedebasquet.com.ar\/sitio\/wp-content\/uploads\/2025\/10\/WhatsApp-Image-2025-10-31-at-00.31.45-300x300.jpeg\" alt=\"\" width=\"300\" height=\"300\" srcset=\"https:\/\/gentedebasquet.com.ar\/sitio\/wp-content\/uploads\/2025\/10\/WhatsApp-Image-2025-10-31-at-00.31.45-300x300.jpeg 300w, https:\/\/gentedebasquet.com.ar\/sitio\/wp-content\/uploads\/2025\/10\/WhatsApp-Image-2025-10-31-at-00.31.45-1024x1024.jpeg 1024w, https:\/\/gentedebasquet.com.ar\/sitio\/wp-content\/uploads\/2025\/10\/WhatsApp-Image-2025-10-31-at-00.31.45-150x150.jpeg 150w, https:\/\/gentedebasquet.com.ar\/sitio\/wp-content\/uploads\/2025\/10\/WhatsApp-Image-2025-10-31-at-00.31.45-768x768.jpeg 768w, https:\/\/gentedebasquet.com.ar\/sitio\/wp-content\/uploads\/2025\/10\/WhatsApp-Image-2025-10-31-at-00.31.45-1536x1536.jpeg 1536w, https:\/\/gentedebasquet.com.ar\/sitio\/wp-content\/uploads\/2025\/10\/WhatsApp-Image-2025-10-31-at-00.31.45-75x75.jpeg 75w, https:\/\/gentedebasquet.com.ar\/sitio\/wp-content\/uploads\/2025\/10\/WhatsApp-Image-2025-10-31-at-00.31.45-350x350.jpeg 350w, https:\/\/gentedebasquet.com.ar\/sitio\/wp-content\/uploads\/2025\/10\/WhatsApp-Image-2025-10-31-at-00.31.45-750x750.jpeg 750w, https:\/\/gentedebasquet.com.ar\/sitio\/wp-content\/uploads\/2025\/10\/WhatsApp-Image-2025-10-31-at-00.31.45-1140x1140.jpeg 1140w, https:\/\/gentedebasquet.com.ar\/sitio\/wp-content\/uploads\/2025\/10\/WhatsApp-Image-2025-10-31-at-00.31.45.jpeg 1544w\" sizes=\"(max-width: 300px) 100vw, 300px\" \/><\/p>\n<blockquote><p>\u00abEstamos para pelear el t\u00edtulo, ese es nuestro objetivo\u00bb, <strong>Tom\u00e1s Bonivardo, Bahiense del Norte.<\/strong><\/p><\/blockquote>\n<p><img decoding=\"async\" class=\"alignnone size-medium wp-image-118933\" src=\"http:\/\/gentedebasquet.com.ar\/sitio\/wp-content\/uploads\/2025\/10\/MVP-bonivardo-300x300.png\" alt=\"\" width=\"300\" height=\"300\" srcset=\"https:\/\/gentedebasquet.com.ar\/sitio\/wp-content\/uploads\/2025\/10\/MVP-bonivardo-300x300.png 300w, https:\/\/gentedebasquet.com.ar\/sitio\/wp-content\/uploads\/2025\/10\/MVP-bonivardo-1024x1024.png 1024w, https:\/\/gentedebasquet.com.ar\/sitio\/wp-content\/uploads\/2025\/10\/MVP-bonivardo-150x150.png 150w, https:\/\/gentedebasquet.com.ar\/sitio\/wp-content\/uploads\/2025\/10\/MVP-bonivardo-768x768.png 768w, https:\/\/gentedebasquet.com.ar\/sitio\/wp-content\/uploads\/2025\/10\/MVP-bonivardo-1536x1536.png 1536w, https:\/\/gentedebasquet.com.ar\/sitio\/wp-content\/uploads\/2025\/10\/MVP-bonivardo-75x75.png 75w, https:\/\/gentedebasquet.com.ar\/sitio\/wp-content\/uploads\/2025\/10\/MVP-bonivardo-350x350.png 350w, https:\/\/gentedebasquet.com.ar\/sitio\/wp-content\/uploads\/2025\/10\/MVP-bonivardo-750x750.png 750w, https:\/\/gentedebasquet.com.ar\/sitio\/wp-content\/uploads\/2025\/10\/MVP-bonivardo-1140x1140.png 1140w, https:\/\/gentedebasquet.com.ar\/sitio\/wp-content\/uploads\/2025\/10\/MVP-bonivardo.png 2000w\" sizes=\"(max-width: 300px) 100vw, 300px\" \/><\/p>\n<p><strong>S\u00edntesis &#8211; Primera Divisi\u00f3n &#8211; Fecha 10<\/strong><\/p>\n<p><strong>Bahiense del Norte (89):<\/strong> A. Lamonega (25), S. Luengo (5), E. Roberson (15), J.C. Hoya (7), F. Bonivardo (29), <strong>fi;<\/strong> F. Ruggiero (5), B. Lozano, A. Catal\u00e1n (2) y E. Andino (1). <strong>DT: Alejandro Navallo. <\/strong><\/p>\n<p><strong>Estrella (77):<\/strong> T. Pe\u00f1a (6), F. Herrera (14), S. Quiroga (28), L. Silva (22), N. C\u00e1mara (7), <strong>fi;<\/strong> M. Specogna, B. P\u00e9rez y J. Kucan. <strong>DT: Walter Romerniszyn.<\/strong><\/p>\n<p><strong>Parciales:<\/strong> 26-22, (14) 40-42 (20), (24) 74-60 (18), (15) 89-77 (17)<\/p>\n<p><strong>\u00c1rbitros:<\/strong> Sebasti\u00e1n Giannino, Juan Gabriel Jaramillo y\u2069 Sam Inglera\u2069<\/p>\n<p><strong>Cancha:<\/strong> Manu Gin\u00f3bili (Bahiense)<\/p>\n<p><strong>Cobertura:<\/strong> Ariel Bravo<\/p>\n","protected":false},"excerpt":{"rendered":"<p>Bahiense quer\u00eda recuperarse luego del cachetazo que hab\u00eda recibido hace una semana frente a Villa Mitre y Estrella buscaba seguir por el camino del triunfo, tras ganarle con pol\u00e9mica a Olimpo. En un primer tiempo, donde la visita con un buen porcentaje de T3(7\/10) con Herrera y Quiroga desde el per\u00edmetro y Silva cerquita del [&hellip;]<\/p>\n","protected":false},"author":71,"featured_media":118936,"comment_status":"closed","ping_status":"open","sticky":false,"template":"","format":"standard","meta":{"jnews-multi-image_gallery":[],"jnews_single_post":[],"jnews_primary_category":[],"footnotes":""},"categories":[23,101],"tags":[287,5,10,1169,508,2032],"class_list":["post-118931","post","type-post","status-publish","format-standard","has-post-thumbnail","hentry","category-primera","category-slide","tag-bahiense","tag-bahiense-del-norte","tag-estrella","tag-primera","tag-primera-division","tag-tomas-bonivardo"],"yoast_head":"<!-- This site is optimized with the Yoast SEO plugin v27.5 - https:\/\/yoast.com\/product\/yoast-seo-wordpress\/ -->\n<title>Bahiense tiene luz propia - Gente de B\u00e1squet<\/title>\n<meta name=\"robots\" content=\"index, follow, max-snippet:-1, max-image-preview:large, max-video-preview:-1\" \/>\n<link rel=\"canonical\" href=\"http:\/\/gentedebasquet.com.ar\/sitio\/2025\/10\/31\/bahiense-tiene-luz-propia\/\" \/>\n<meta property=\"og:locale\" content=\"es_ES\" \/>\n<meta property=\"og:type\" content=\"article\" \/>\n<meta property=\"og:title\" content=\"Bahiense tiene luz propia - Gente de B\u00e1squet\" \/>\n<meta property=\"og:description\" content=\"Bahiense quer\u00eda recuperarse luego del cachetazo que hab\u00eda recibido hace una semana frente a Villa Mitre y Estrella buscaba seguir por el camino del triunfo, tras ganarle con pol\u00e9mica a Olimpo. En un primer tiempo, donde la visita con un buen porcentaje de T3(7\/10) con Herrera y Quiroga desde el per\u00edmetro y Silva cerquita del [&hellip;]\" \/>\n<meta property=\"og:url\" content=\"http:\/\/gentedebasquet.com.ar\/sitio\/2025\/10\/31\/bahiense-tiene-luz-propia\/\" \/>\n<meta property=\"og:site_name\" content=\"Gente de B\u00e1squet\" \/>\n<meta property=\"article:published_time\" content=\"2025-10-31T04:52:03+00:00\" \/>\n<meta property=\"og:image\" content=\"http:\/\/gentedebasquet.com.ar\/sitio\/wp-content\/uploads\/2025\/10\/WhatsApp-Image-2025-10-31-at-01.50.00.jpeg\" \/>\n\t<meta property=\"og:image:width\" content=\"1170\" \/>\n\t<meta property=\"og:image:height\" content=\"655\" \/>\n\t<meta property=\"og:image:type\" content=\"image\/jpeg\" \/>\n<meta name=\"author\" content=\"Santiago Seisdedos\" \/>\n<meta name=\"twitter:card\" content=\"summary_large_image\" \/>\n<meta name=\"twitter:label1\" content=\"Escrito por\" \/>\n\t<meta name=\"twitter:data1\" content=\"Santiago Seisdedos\" \/>\n\t<meta name=\"twitter:label2\" content=\"Tiempo de lectura\" \/>\n\t<meta name=\"twitter:data2\" content=\"3 minutos\" \/>\n<script type=\"application\/ld+json\" class=\"yoast-schema-graph\">{\"@context\":\"https:\\\/\\\/schema.org\",\"@graph\":[{\"@type\":\"Article\",\"@id\":\"http:\\\/\\\/gentedebasquet.com.ar\\\/sitio\\\/2025\\\/10\\\/31\\\/bahiense-tiene-luz-propia\\\/#article\",\"isPartOf\":{\"@id\":\"http:\\\/\\\/gentedebasquet.com.ar\\\/sitio\\\/2025\\\/10\\\/31\\\/bahiense-tiene-luz-propia\\\/\"},\"author\":{\"name\":\"Santiago Seisdedos\",\"@id\":\"https:\\\/\\\/gentedebasquet.com.ar\\\/sitio\\\/#\\\/schema\\\/person\\\/3b50d7c801b9529aba70bd4613bca6da\"},\"headline\":\"Bahiense tiene luz propia\",\"datePublished\":\"2025-10-31T04:52:03+00:00\",\"mainEntityOfPage\":{\"@id\":\"http:\\\/\\\/gentedebasquet.com.ar\\\/sitio\\\/2025\\\/10\\\/31\\\/bahiense-tiene-luz-propia\\\/\"},\"wordCount\":292,\"image\":{\"@id\":\"http:\\\/\\\/gentedebasquet.com.ar\\\/sitio\\\/2025\\\/10\\\/31\\\/bahiense-tiene-luz-propia\\\/#primaryimage\"},\"thumbnailUrl\":\"https:\\\/\\\/gentedebasquet.com.ar\\\/sitio\\\/wp-content\\\/uploads\\\/2025\\\/10\\\/WhatsApp-Image-2025-10-31-at-01.50.00.jpeg\",\"keywords\":[\"Bahiense\",\"Bahiense Del Norte\",\"Estrella\",\"Primera\",\"Primera Divisi\u00f3n\",\"Tom\u00e1s Bonivardo\"],\"articleSection\":[\"Primera\",\"Slide\"],\"inLanguage\":\"es\"},{\"@type\":\"WebPage\",\"@id\":\"http:\\\/\\\/gentedebasquet.com.ar\\\/sitio\\\/2025\\\/10\\\/31\\\/bahiense-tiene-luz-propia\\\/\",\"url\":\"http:\\\/\\\/gentedebasquet.com.ar\\\/sitio\\\/2025\\\/10\\\/31\\\/bahiense-tiene-luz-propia\\\/\",\"name\":\"Bahiense tiene luz propia - Gente de B\u00e1squet\",\"isPartOf\":{\"@id\":\"https:\\\/\\\/gentedebasquet.com.ar\\\/sitio\\\/#website\"},\"primaryImageOfPage\":{\"@id\":\"http:\\\/\\\/gentedebasquet.com.ar\\\/sitio\\\/2025\\\/10\\\/31\\\/bahiense-tiene-luz-propia\\\/#primaryimage\"},\"image\":{\"@id\":\"http:\\\/\\\/gentedebasquet.com.ar\\\/sitio\\\/2025\\\/10\\\/31\\\/bahiense-tiene-luz-propia\\\/#primaryimage\"},\"thumbnailUrl\":\"https:\\\/\\\/gentedebasquet.com.ar\\\/sitio\\\/wp-content\\\/uploads\\\/2025\\\/10\\\/WhatsApp-Image-2025-10-31-at-01.50.00.jpeg\",\"datePublished\":\"2025-10-31T04:52:03+00:00\",\"author\":{\"@id\":\"https:\\\/\\\/gentedebasquet.com.ar\\\/sitio\\\/#\\\/schema\\\/person\\\/3b50d7c801b9529aba70bd4613bca6da\"},\"breadcrumb\":{\"@id\":\"http:\\\/\\\/gentedebasquet.com.ar\\\/sitio\\\/2025\\\/10\\\/31\\\/bahiense-tiene-luz-propia\\\/#breadcrumb\"},\"inLanguage\":\"es\",\"potentialAction\":[{\"@type\":\"ReadAction\",\"target\":[\"http:\\\/\\\/gentedebasquet.com.ar\\\/sitio\\\/2025\\\/10\\\/31\\\/bahiense-tiene-luz-propia\\\/\"]}]},{\"@type\":\"ImageObject\",\"inLanguage\":\"es\",\"@id\":\"http:\\\/\\\/gentedebasquet.com.ar\\\/sitio\\\/2025\\\/10\\\/31\\\/bahiense-tiene-luz-propia\\\/#primaryimage\",\"url\":\"https:\\\/\\\/gentedebasquet.com.ar\\\/sitio\\\/wp-content\\\/uploads\\\/2025\\\/10\\\/WhatsApp-Image-2025-10-31-at-01.50.00.jpeg\",\"contentUrl\":\"https:\\\/\\\/gentedebasquet.com.ar\\\/sitio\\\/wp-content\\\/uploads\\\/2025\\\/10\\\/WhatsApp-Image-2025-10-31-at-01.50.00.jpeg\",\"width\":1170,\"height\":655},{\"@type\":\"BreadcrumbList\",\"@id\":\"http:\\\/\\\/gentedebasquet.com.ar\\\/sitio\\\/2025\\\/10\\\/31\\\/bahiense-tiene-luz-propia\\\/#breadcrumb\",\"itemListElement\":[{\"@type\":\"ListItem\",\"position\":1,\"name\":\"Portada\",\"item\":\"https:\\\/\\\/gentedebasquet.com.ar\\\/sitio\\\/\"},{\"@type\":\"ListItem\",\"position\":2,\"name\":\"Bahiense tiene luz propia\"}]},{\"@type\":\"WebSite\",\"@id\":\"https:\\\/\\\/gentedebasquet.com.ar\\\/sitio\\\/#website\",\"url\":\"https:\\\/\\\/gentedebasquet.com.ar\\\/sitio\\\/\",\"name\":\"Gente de B\u00e1squet\",\"description\":\"La revista del basquet de Bah\u00eda Blanca\",\"potentialAction\":[{\"@type\":\"SearchAction\",\"target\":{\"@type\":\"EntryPoint\",\"urlTemplate\":\"https:\\\/\\\/gentedebasquet.com.ar\\\/sitio\\\/?s={search_term_string}\"},\"query-input\":{\"@type\":\"PropertyValueSpecification\",\"valueRequired\":true,\"valueName\":\"search_term_string\"}}],\"inLanguage\":\"es\"},{\"@type\":\"Person\",\"@id\":\"https:\\\/\\\/gentedebasquet.com.ar\\\/sitio\\\/#\\\/schema\\\/person\\\/3b50d7c801b9529aba70bd4613bca6da\",\"name\":\"Santiago Seisdedos\",\"image\":{\"@type\":\"ImageObject\",\"inLanguage\":\"es\",\"@id\":\"https:\\\/\\\/secure.gravatar.com\\\/avatar\\\/be737e74404eb3825c4679da7a152b3c6980b470f7253114cd451344e20a8d80?s=96&d=mm&r=g\",\"url\":\"https:\\\/\\\/secure.gravatar.com\\\/avatar\\\/be737e74404eb3825c4679da7a152b3c6980b470f7253114cd451344e20a8d80?s=96&d=mm&r=g\",\"contentUrl\":\"https:\\\/\\\/secure.gravatar.com\\\/avatar\\\/be737e74404eb3825c4679da7a152b3c6980b470f7253114cd451344e20a8d80?s=96&d=mm&r=g\",\"caption\":\"Santiago Seisdedos\"},\"url\":\"https:\\\/\\\/gentedebasquet.com.ar\\\/sitio\\\/author\\\/santiago-sesidedos\\\/\"}]}<\/script>\n<!-- \/ Yoast SEO plugin. -->","yoast_head_json":{"title":"Bahiense tiene luz propia - Gente de B\u00e1squet","robots":{"index":"index","follow":"follow","max-snippet":"max-snippet:-1","max-image-preview":"max-image-preview:large","max-video-preview":"max-video-preview:-1"},"canonical":"http:\/\/gentedebasquet.com.ar\/sitio\/2025\/10\/31\/bahiense-tiene-luz-propia\/","og_locale":"es_ES","og_type":"article","og_title":"Bahiense tiene luz propia - Gente de B\u00e1squet","og_description":"Bahiense quer\u00eda recuperarse luego del cachetazo que hab\u00eda recibido hace una semana frente a Villa Mitre y Estrella buscaba seguir por el camino del triunfo, tras ganarle con pol\u00e9mica a Olimpo. En un primer tiempo, donde la visita con un buen porcentaje de T3(7\/10) con Herrera y Quiroga desde el per\u00edmetro y Silva cerquita del [&hellip;]","og_url":"http:\/\/gentedebasquet.com.ar\/sitio\/2025\/10\/31\/bahiense-tiene-luz-propia\/","og_site_name":"Gente de B\u00e1squet","article_published_time":"2025-10-31T04:52:03+00:00","og_image":[{"width":1170,"height":655,"url":"http:\/\/gentedebasquet.com.ar\/sitio\/wp-content\/uploads\/2025\/10\/WhatsApp-Image-2025-10-31-at-01.50.00.jpeg","type":"image\/jpeg"}],"author":"Santiago Seisdedos","twitter_card":"summary_large_image","twitter_misc":{"Escrito por":"Santiago Seisdedos","Tiempo de lectura":"3 minutos"},"schema":{"@context":"https:\/\/schema.org","@graph":[{"@type":"Article","@id":"http:\/\/gentedebasquet.com.ar\/sitio\/2025\/10\/31\/bahiense-tiene-luz-propia\/#article","isPartOf":{"@id":"http:\/\/gentedebasquet.com.ar\/sitio\/2025\/10\/31\/bahiense-tiene-luz-propia\/"},"author":{"name":"Santiago Seisdedos","@id":"https:\/\/gentedebasquet.com.ar\/sitio\/#\/schema\/person\/3b50d7c801b9529aba70bd4613bca6da"},"headline":"Bahiense tiene luz propia","datePublished":"2025-10-31T04:52:03+00:00","mainEntityOfPage":{"@id":"http:\/\/gentedebasquet.com.ar\/sitio\/2025\/10\/31\/bahiense-tiene-luz-propia\/"},"wordCount":292,"image":{"@id":"http:\/\/gentedebasquet.com.ar\/sitio\/2025\/10\/31\/bahiense-tiene-luz-propia\/#primaryimage"},"thumbnailUrl":"https:\/\/gentedebasquet.com.ar\/sitio\/wp-content\/uploads\/2025\/10\/WhatsApp-Image-2025-10-31-at-01.50.00.jpeg","keywords":["Bahiense","Bahiense Del Norte","Estrella","Primera","Primera Divisi\u00f3n","Tom\u00e1s Bonivardo"],"articleSection":["Primera","Slide"],"inLanguage":"es"},{"@type":"WebPage","@id":"http:\/\/gentedebasquet.com.ar\/sitio\/2025\/10\/31\/bahiense-tiene-luz-propia\/","url":"http:\/\/gentedebasquet.com.ar\/sitio\/2025\/10\/31\/bahiense-tiene-luz-propia\/","name":"Bahiense tiene luz propia - Gente de B\u00e1squet","isPartOf":{"@id":"https:\/\/gentedebasquet.com.ar\/sitio\/#website"},"primaryImageOfPage":{"@id":"http:\/\/gentedebasquet.com.ar\/sitio\/2025\/10\/31\/bahiense-tiene-luz-propia\/#primaryimage"},"image":{"@id":"http:\/\/gentedebasquet.com.ar\/sitio\/2025\/10\/31\/bahiense-tiene-luz-propia\/#primaryimage"},"thumbnailUrl":"https:\/\/gentedebasquet.com.ar\/sitio\/wp-content\/uploads\/2025\/10\/WhatsApp-Image-2025-10-31-at-01.50.00.jpeg","datePublished":"2025-10-31T04:52:03+00:00","author":{"@id":"https:\/\/gentedebasquet.com.ar\/sitio\/#\/schema\/person\/3b50d7c801b9529aba70bd4613bca6da"},"breadcrumb":{"@id":"http:\/\/gentedebasquet.com.ar\/sitio\/2025\/10\/31\/bahiense-tiene-luz-propia\/#breadcrumb"},"inLanguage":"es","potentialAction":[{"@type":"ReadAction","target":["http:\/\/gentedebasquet.com.ar\/sitio\/2025\/10\/31\/bahiense-tiene-luz-propia\/"]}]},{"@type":"ImageObject","inLanguage":"es","@id":"http:\/\/gentedebasquet.com.ar\/sitio\/2025\/10\/31\/bahiense-tiene-luz-propia\/#primaryimage","url":"https:\/\/gentedebasquet.com.ar\/sitio\/wp-content\/uploads\/2025\/10\/WhatsApp-Image-2025-10-31-at-01.50.00.jpeg","contentUrl":"https:\/\/gentedebasquet.com.ar\/sitio\/wp-content\/uploads\/2025\/10\/WhatsApp-Image-2025-10-31-at-01.50.00.jpeg","width":1170,"height":655},{"@type":"BreadcrumbList","@id":"http:\/\/gentedebasquet.com.ar\/sitio\/2025\/10\/31\/bahiense-tiene-luz-propia\/#breadcrumb","itemListElement":[{"@type":"ListItem","position":1,"name":"Portada","item":"https:\/\/gentedebasquet.com.ar\/sitio\/"},{"@type":"ListItem","position":2,"name":"Bahiense tiene luz propia"}]},{"@type":"WebSite","@id":"https:\/\/gentedebasquet.com.ar\/sitio\/#website","url":"https:\/\/gentedebasquet.com.ar\/sitio\/","name":"Gente de B\u00e1squet","description":"La revista del basquet de Bah\u00eda Blanca","potentialAction":[{"@type":"SearchAction","target":{"@type":"EntryPoint","urlTemplate":"https:\/\/gentedebasquet.com.ar\/sitio\/?s={search_term_string}"},"query-input":{"@type":"PropertyValueSpecification","valueRequired":true,"valueName":"search_term_string"}}],"inLanguage":"es"},{"@type":"Person","@id":"https:\/\/gentedebasquet.com.ar\/sitio\/#\/schema\/person\/3b50d7c801b9529aba70bd4613bca6da","name":"Santiago Seisdedos","image":{"@type":"ImageObject","inLanguage":"es","@id":"https:\/\/secure.gravatar.com\/avatar\/be737e74404eb3825c4679da7a152b3c6980b470f7253114cd451344e20a8d80?s=96&d=mm&r=g","url":"https:\/\/secure.gravatar.com\/avatar\/be737e74404eb3825c4679da7a152b3c6980b470f7253114cd451344e20a8d80?s=96&d=mm&r=g","contentUrl":"https:\/\/secure.gravatar.com\/avatar\/be737e74404eb3825c4679da7a152b3c6980b470f7253114cd451344e20a8d80?s=96&d=mm&r=g","caption":"Santiago Seisdedos"},"url":"https:\/\/gentedebasquet.com.ar\/sitio\/author\/santiago-sesidedos\/"}]}},"_links":{"self":[{"href":"https:\/\/gentedebasquet.com.ar\/sitio\/wp-json\/wp\/v2\/posts\/118931","targetHints":{"allow":["GET"]}}],"collection":[{"href":"https:\/\/gentedebasquet.com.ar\/sitio\/wp-json\/wp\/v2\/posts"}],"about":[{"href":"https:\/\/gentedebasquet.com.ar\/sitio\/wp-json\/wp\/v2\/types\/post"}],"author":[{"embeddable":true,"href":"https:\/\/gentedebasquet.com.ar\/sitio\/wp-json\/wp\/v2\/users\/71"}],"replies":[{"embeddable":true,"href":"https:\/\/gentedebasquet.com.ar\/sitio\/wp-json\/wp\/v2\/comments?post=118931"}],"version-history":[{"count":1,"href":"https:\/\/gentedebasquet.com.ar\/sitio\/wp-json\/wp\/v2\/posts\/118931\/revisions"}],"predecessor-version":[{"id":118937,"href":"https:\/\/gentedebasquet.com.ar\/sitio\/wp-json\/wp\/v2\/posts\/118931\/revisions\/118937"}],"wp:featuredmedia":[{"embeddable":true,"href":"https:\/\/gentedebasquet.com.ar\/sitio\/wp-json\/wp\/v2\/media\/118936"}],"wp:attachment":[{"href":"https:\/\/gentedebasquet.com.ar\/sitio\/wp-json\/wp\/v2\/media?parent=118931"}],"wp:term":[{"taxonomy":"category","embeddable":true,"href":"https:\/\/gentedebasquet.com.ar\/sitio\/wp-json\/wp\/v2\/categories?post=118931"},{"taxonomy":"post_tag","embeddable":true,"href":"https:\/\/gentedebasquet.com.ar\/sitio\/wp-json\/wp\/v2\/tags?post=118931"}],"curies":[{"name":"wp","href":"https:\/\/api.w.org\/{rel}","templated":true}]}}