{"id":119424,"date":"2025-11-20T12:50:06","date_gmt":"2025-11-20T11:50:06","guid":{"rendered":"https:\/\/gentedebasquet.com.ar\/sitio\/?p=119424"},"modified":"2025-11-20T14:22:35","modified_gmt":"2025-11-20T13:22:35","slug":"estudiantes-ya-tiene-su-lugar-en-otra-final-de-primera","status":"publish","type":"post","link":"https:\/\/gentedebasquet.com.ar\/sitio\/2025\/11\/20\/estudiantes-ya-tiene-su-lugar-en-otra-final-de-primera\/","title":{"rendered":"Estudiantes ya tiene su lugar en otra final de Primera"},"content":{"rendered":"<div class=\"flex max-w-full flex-col flex-grow\">\n<div class=\"min-h-8 text-message flex w-full flex-col items-end gap-2 whitespace-normal break-words [.text-message+&amp;]:mt-5\" dir=\"auto\" data-message-author-role=\"assistant\" data-message-id=\"d66df151-bd9a-4e40-9c6b-a57f4798966a\" data-message-model-slug=\"gpt-4o-mini\">\n<div class=\"flex w-full flex-col gap-1 empty:hidden first:pt-[3px]\">\n<div class=\"markdown prose w-full break-words dark:prose-invert dark\">\n<p><strong>El albo finaliz\u00f3 ayer su serie de semifinales ante Bahiense del Norte ganandola 2-0, dej\u00f3 fuera de carrera al tricolor en el estadio Manu Gin\u00f3bili y se clasific\u00f3 a la gran definici\u00f3n del segundo tramo del certamen femenino de mayores local. Su rival en esta final ser\u00e1 el que gane la serie que estan llevando adelante 9 de Julio y Sportivo Bahiense, 9 de Julio gan\u00f3 el primer partido 76 a 45.<\/strong><\/p>\n<p><strong>Dos estandartes principales tuvo Estudiantes en este segundo encuentro ante Bahiense: las dos Victoria, Escudero y Hollman. La primera fue la de mayor valoraci\u00f3n de la noche por sus 13 puntos, 6 recuperaciones de pelota, 3 rebotes y 2 asistencias, mientras que su compa\u00f1era totaliz\u00f3 14 puntos, 3 robos, 3 rebotes y 1 asistencia.<\/strong><\/p>\n<p><strong>En la deslucida actuaci\u00f3n de Bahiense del Norte solamente Bernardita Marcocci logr\u00f3 anotar dos d\u00edgitos en puntos (10). Adem\u00e1s sobresali\u00f3 la variada tarea de Ana Liz Carcas, autora de 8 puntos, 10 rebotes, 2 robos, 2 tapas y 1 asistencia.<\/strong><\/p>\n<p><strong>Los dos equipos pasaron buenos y malos momentos en el primer cuarto. Estudiantes disfrut\u00f3 de una primera racha a favor de 9-2 en cuatro minutos de juego. Bahiense del Norte se demor\u00f3 un largo rato en ponerse en el buen camino, pero cuando lo hizo logr\u00f3 colocarse al frente del marcador por la m\u00ednima diferencia dos veces, 14-13 y 16-15.<\/strong><\/p>\n<p><strong>Ya en el segundo cuarto el dominio de Estudiantes fue m\u00e1s notorio. De la mano de Juliana Brossard, autora de 6 unidades en el segmento, se distanci\u00f3 a 10 en seis minutos (28-18). Bahiense no anot\u00f3 en ese pasaje, ninguna de sus propuestas ofensivas fue exitosa. Mucho tuvo que ver en esto la oposici\u00f3n defensiva que sostuvieron las visitantes.\u00a0<\/strong><\/p>\n<p><strong>A lo largo del tercer per\u00edodo Estudiantes fall\u00f3 lanzamientos que parec\u00edan de f\u00e1cil resoluci\u00f3n y le permitio a Bahiense acercarse de forma amenazante. Las penetraciones constantes y la eficacia de Renata Boccatonda en un momento de confusi\u00f3n general fue clave para el elenco anfitri\u00f3n. 39 a 34 era la ventaja a favor de Estudiantes cuando se termin\u00f3 este tramo de diez minutos.<\/strong><\/p>\n<p><strong>Parec\u00eda que Bahiense hab\u00eda entrado en un envi\u00f3n an\u00edmico positivo, pero en un breve lapso del \u00faltimo cuarto esta sensaci\u00f3n desapareci\u00f3. Porque el plantel orientado por Luciano Deminicis volvi\u00f3 a ser v\u00edctima de sus propias equivocaciones y porque Estudiantes le demostr\u00f3 que estaba un escal\u00f3n por encima en velocidad y efectividad de respuestas ofensivas. De esta manera qued\u00f3 decretada la victoria del albo, que en el futuro cercano ser\u00e1 otra vez protagonista de la disputa por el t\u00edtulo de campe\u00f3n.\u00a0 \u00a0<\/strong><\/p>\n<p><strong>\u00a0 \u00a0\u00a0<\/strong><\/p>\n<p><strong>\u00a0<\/strong><strong> \u00a0 \u00a0\u00a0<\/strong><\/p>\n<p>&nbsp;<\/p>\n<div class=\"jeg_video_container jeg_video_content\"><iframe loading=\"lazy\" title=\"#PrimeraFemenina - Semifinal - Juego 2: Bahiense del Norte (0) 41 - 60 (2) Estudiantes\" width=\"500\" height=\"281\" src=\"https:\/\/www.youtube.com\/embed\/ZR3gYo7MDp4?feature=oembed\" frameborder=\"0\" allow=\"accelerometer; autoplay; clipboard-write; encrypted-media; gyroscope; picture-in-picture; web-share\" referrerpolicy=\"strict-origin-when-cross-origin\" allowfullscreen><\/iframe><\/div>\n<\/div>\n<\/div>\n<\/div>\n<\/div>\n<div><\/div>\n<div><\/div>\n<div class=\"jeg_video_container jeg_video_content\">\n<div class=\"jeg_video_container jeg_video_content\">\n<div class=\"jeg_video_container jeg_video_content\">\n<div class=\"jeg_video_container jeg_video_content\"><img decoding=\"async\" class=\"alignnone wp-image-119432 \" src=\"http:\/\/gentedebasquet.com.ar\/sitio\/wp-content\/uploads\/2025\/11\/CLAVEEstu-semi-300x300.png\" alt=\"\" width=\"653\" height=\"653\" srcset=\"https:\/\/gentedebasquet.com.ar\/sitio\/wp-content\/uploads\/2025\/11\/CLAVEEstu-semi-300x300.png 300w, https:\/\/gentedebasquet.com.ar\/sitio\/wp-content\/uploads\/2025\/11\/CLAVEEstu-semi-1024x1024.png 1024w, https:\/\/gentedebasquet.com.ar\/sitio\/wp-content\/uploads\/2025\/11\/CLAVEEstu-semi-150x150.png 150w, https:\/\/gentedebasquet.com.ar\/sitio\/wp-content\/uploads\/2025\/11\/CLAVEEstu-semi-768x768.png 768w, https:\/\/gentedebasquet.com.ar\/sitio\/wp-content\/uploads\/2025\/11\/CLAVEEstu-semi-1536x1536.png 1536w, https:\/\/gentedebasquet.com.ar\/sitio\/wp-content\/uploads\/2025\/11\/CLAVEEstu-semi-75x75.png 75w, https:\/\/gentedebasquet.com.ar\/sitio\/wp-content\/uploads\/2025\/11\/CLAVEEstu-semi-350x350.png 350w, https:\/\/gentedebasquet.com.ar\/sitio\/wp-content\/uploads\/2025\/11\/CLAVEEstu-semi-750x750.png 750w, https:\/\/gentedebasquet.com.ar\/sitio\/wp-content\/uploads\/2025\/11\/CLAVEEstu-semi-1140x1140.png 1140w, https:\/\/gentedebasquet.com.ar\/sitio\/wp-content\/uploads\/2025\/11\/CLAVEEstu-semi.png 2000w\" sizes=\"(max-width: 653px) 100vw, 653px\" \/><\/div>\n<\/div>\n<\/div>\n<\/div>\n<div><\/div>\n<p>&nbsp;<\/p>\n<p>&nbsp;<\/p>\n<blockquote><p>&nbsp;<\/p><\/blockquote>\n<p>&nbsp;<\/p>\n<p><img decoding=\"async\" class=\"alignnone wp-image-119433 \" style=\"color: #333333\" src=\"http:\/\/gentedebasquet.com.ar\/sitio\/wp-content\/uploads\/2025\/11\/MVPEstuu-300x300.png\" alt=\"\" width=\"630\" height=\"630\" srcset=\"https:\/\/gentedebasquet.com.ar\/sitio\/wp-content\/uploads\/2025\/11\/MVPEstuu-300x300.png 300w, https:\/\/gentedebasquet.com.ar\/sitio\/wp-content\/uploads\/2025\/11\/MVPEstuu-1024x1024.png 1024w, https:\/\/gentedebasquet.com.ar\/sitio\/wp-content\/uploads\/2025\/11\/MVPEstuu-150x150.png 150w, https:\/\/gentedebasquet.com.ar\/sitio\/wp-content\/uploads\/2025\/11\/MVPEstuu-768x768.png 768w, https:\/\/gentedebasquet.com.ar\/sitio\/wp-content\/uploads\/2025\/11\/MVPEstuu-1536x1536.png 1536w, https:\/\/gentedebasquet.com.ar\/sitio\/wp-content\/uploads\/2025\/11\/MVPEstuu-75x75.png 75w, https:\/\/gentedebasquet.com.ar\/sitio\/wp-content\/uploads\/2025\/11\/MVPEstuu-350x350.png 350w, https:\/\/gentedebasquet.com.ar\/sitio\/wp-content\/uploads\/2025\/11\/MVPEstuu-750x750.png 750w, https:\/\/gentedebasquet.com.ar\/sitio\/wp-content\/uploads\/2025\/11\/MVPEstuu-1140x1140.png 1140w, https:\/\/gentedebasquet.com.ar\/sitio\/wp-content\/uploads\/2025\/11\/MVPEstuu.png 2000w\" sizes=\"(max-width: 630px) 100vw, 630px\" \/><\/p>\n<p><strong>S\u00edntesis &#8211; Primera Femenina &#8211; Semifinal &#8211; Juego 2 (+3)<\/strong><\/p>\n<p><strong>Bahiense del Norte 41: <\/strong>Ana Liz Carcas 8; Bernardita Marcocci 10; Agustina Kenny 6; Guillermina Rial 5; Agustina Tevez 2 <strong>(F.I.)\u00a0<\/strong>Martina Bussetti 3; Azul Rodr\u00edguez 2; Renata Boccatonda 5; Renata Vasconcelo; Julia Quinteros; Ignacia Marini. <strong>DT:<\/strong> Luciano Deminicis.<\/p>\n<p><strong>Estudiantes 60: <\/strong>Josefina Rodr\u00edguez 6; Victoria Hollman 14; Victoria Escudero 13; Juliana Brossard 9; Josefina Brossard 5 <strong>(<\/strong><strong>F.I.)\u00a0<\/strong>Martina Caputo; Cinthia M\u00e1rquez 5; Luz Fierro 8; Candelaria Lauman; Emilce Islas; Luciana Mansilla. <strong>DT:\u00a0<\/strong>Juli\u00e1n Manqueo.<\/p>\n<p><strong>Parciales<\/strong>: 18-18; 24-31 (6-13); 34-39 (10-8); 41-60 (7-21).<\/p>\n<p><strong>\u00c1rbitros<\/strong>: Alejandro Vizca\u00edno &#8211; Mariano Enrique &#8211; Jer\u00f3nimo Ocampo.<\/p>\n<p><strong>Estadio<\/strong>: Manu Gin\u00f3bili (Bahiense del Norte).<\/p>\n<p>&nbsp;<\/p>\n<p><img decoding=\"async\" class=\"alignnone wp-image-119435 \" src=\"http:\/\/gentedebasquet.com.ar\/sitio\/wp-content\/uploads\/2025\/11\/vlcsnap-2025-11-20-08h40m01s609-300x169.png\" alt=\"\" width=\"676\" height=\"381\" srcset=\"https:\/\/gentedebasquet.com.ar\/sitio\/wp-content\/uploads\/2025\/11\/vlcsnap-2025-11-20-08h40m01s609-300x169.png 300w, https:\/\/gentedebasquet.com.ar\/sitio\/wp-content\/uploads\/2025\/11\/vlcsnap-2025-11-20-08h40m01s609-1024x576.png 1024w, https:\/\/gentedebasquet.com.ar\/sitio\/wp-content\/uploads\/2025\/11\/vlcsnap-2025-11-20-08h40m01s609-768x432.png 768w, https:\/\/gentedebasquet.com.ar\/sitio\/wp-content\/uploads\/2025\/11\/vlcsnap-2025-11-20-08h40m01s609-750x422.png 750w, https:\/\/gentedebasquet.com.ar\/sitio\/wp-content\/uploads\/2025\/11\/vlcsnap-2025-11-20-08h40m01s609-1140x641.png 1140w, https:\/\/gentedebasquet.com.ar\/sitio\/wp-content\/uploads\/2025\/11\/vlcsnap-2025-11-20-08h40m01s609.png 1280w\" sizes=\"(max-width: 676px) 100vw, 676px\" \/><\/p>\n<p>&nbsp;<\/p>\n","protected":false},"excerpt":{"rendered":"<p>El albo finaliz\u00f3 ayer su serie de semifinales ante Bahiense del Norte ganandola 2-0, dej\u00f3 fuera de carrera al tricolor en el estadio Manu Gin\u00f3bili y se clasific\u00f3 a la gran definici\u00f3n del segundo tramo del certamen femenino de mayores local. Su rival en esta final ser\u00e1 el que gane la serie que estan llevando [&hellip;]<\/p>\n","protected":false},"author":70,"featured_media":119434,"comment_status":"closed","ping_status":"open","sticky":false,"template":"","format":"standard","meta":{"jnews-multi-image_gallery":[],"jnews_single_post":[],"jnews_primary_category":[],"footnotes":""},"categories":[33,101],"tags":[593,5,11,1980],"class_list":["post-119424","post","type-post","status-publish","format-standard","has-post-thumbnail","hentry","category-femenino","category-slide","tag-ana-liz-carcas","tag-bahiense-del-norte","tag-estudiantes","tag-victoria-escudero"],"yoast_head":"<!-- This site is optimized with the Yoast SEO plugin v27.5 - https:\/\/yoast.com\/product\/yoast-seo-wordpress\/ -->\n<title>Estudiantes ya tiene su lugar en otra final de Primera - Gente de B\u00e1squet<\/title>\n<meta name=\"robots\" content=\"index, follow, max-snippet:-1, max-image-preview:large, max-video-preview:-1\" \/>\n<link rel=\"canonical\" href=\"https:\/\/gentedebasquet.com.ar\/sitio\/2025\/11\/20\/estudiantes-ya-tiene-su-lugar-en-otra-final-de-primera\/\" \/>\n<meta property=\"og:locale\" content=\"es_ES\" \/>\n<meta property=\"og:type\" content=\"article\" \/>\n<meta property=\"og:title\" content=\"Estudiantes ya tiene su lugar en otra final de Primera - Gente de B\u00e1squet\" \/>\n<meta property=\"og:description\" content=\"El albo finaliz\u00f3 ayer su serie de semifinales ante Bahiense del Norte ganandola 2-0, dej\u00f3 fuera de carrera al tricolor en el estadio Manu Gin\u00f3bili y se clasific\u00f3 a la gran definici\u00f3n del segundo tramo del certamen femenino de mayores local. Su rival en esta final ser\u00e1 el que gane la serie que estan llevando [&hellip;]\" \/>\n<meta property=\"og:url\" content=\"https:\/\/gentedebasquet.com.ar\/sitio\/2025\/11\/20\/estudiantes-ya-tiene-su-lugar-en-otra-final-de-primera\/\" \/>\n<meta property=\"og:site_name\" content=\"Gente de B\u00e1squet\" \/>\n<meta property=\"article:published_time\" content=\"2025-11-20T11:50:06+00:00\" \/>\n<meta property=\"article:modified_time\" content=\"2025-11-20T13:22:35+00:00\" \/>\n<meta property=\"og:image\" content=\"https:\/\/gentedebasquet.com.ar\/sitio\/wp-content\/uploads\/2025\/11\/vlcsnap-2025-11-20-08h44m34s912.png\" \/>\n\t<meta property=\"og:image:width\" content=\"690\" \/>\n\t<meta property=\"og:image:height\" content=\"319\" \/>\n\t<meta property=\"og:image:type\" content=\"image\/png\" \/>\n<meta name=\"author\" content=\"Andres Camarero\" \/>\n<meta name=\"twitter:card\" content=\"summary_large_image\" \/>\n<meta name=\"twitter:label1\" content=\"Escrito por\" \/>\n\t<meta name=\"twitter:data1\" content=\"Andres Camarero\" \/>\n\t<meta name=\"twitter:label2\" content=\"Tiempo de lectura\" \/>\n\t<meta name=\"twitter:data2\" content=\"4 minutos\" \/>\n<script type=\"application\/ld+json\" class=\"yoast-schema-graph\">{\"@context\":\"https:\\\/\\\/schema.org\",\"@graph\":[{\"@type\":\"Article\",\"@id\":\"https:\\\/\\\/gentedebasquet.com.ar\\\/sitio\\\/2025\\\/11\\\/20\\\/estudiantes-ya-tiene-su-lugar-en-otra-final-de-primera\\\/#article\",\"isPartOf\":{\"@id\":\"https:\\\/\\\/gentedebasquet.com.ar\\\/sitio\\\/2025\\\/11\\\/20\\\/estudiantes-ya-tiene-su-lugar-en-otra-final-de-primera\\\/\"},\"author\":{\"name\":\"Andres Camarero\",\"@id\":\"https:\\\/\\\/gentedebasquet.com.ar\\\/sitio\\\/#\\\/schema\\\/person\\\/6f3e5bc5df127b420a445d22fc9eaa51\"},\"headline\":\"Estudiantes ya tiene su lugar en otra final de Primera\",\"datePublished\":\"2025-11-20T11:50:06+00:00\",\"dateModified\":\"2025-11-20T13:22:35+00:00\",\"mainEntityOfPage\":{\"@id\":\"https:\\\/\\\/gentedebasquet.com.ar\\\/sitio\\\/2025\\\/11\\\/20\\\/estudiantes-ya-tiene-su-lugar-en-otra-final-de-primera\\\/\"},\"wordCount\":553,\"image\":{\"@id\":\"https:\\\/\\\/gentedebasquet.com.ar\\\/sitio\\\/2025\\\/11\\\/20\\\/estudiantes-ya-tiene-su-lugar-en-otra-final-de-primera\\\/#primaryimage\"},\"thumbnailUrl\":\"https:\\\/\\\/gentedebasquet.com.ar\\\/sitio\\\/wp-content\\\/uploads\\\/2025\\\/11\\\/vlcsnap-2025-11-20-08h44m34s912.png\",\"keywords\":[\"Ana Liz Carcas\",\"Bahiense Del Norte\",\"Estudiantes\",\"Victoria Escudero\"],\"articleSection\":[\"Femenino\",\"Slide\"],\"inLanguage\":\"es\"},{\"@type\":\"WebPage\",\"@id\":\"https:\\\/\\\/gentedebasquet.com.ar\\\/sitio\\\/2025\\\/11\\\/20\\\/estudiantes-ya-tiene-su-lugar-en-otra-final-de-primera\\\/\",\"url\":\"https:\\\/\\\/gentedebasquet.com.ar\\\/sitio\\\/2025\\\/11\\\/20\\\/estudiantes-ya-tiene-su-lugar-en-otra-final-de-primera\\\/\",\"name\":\"Estudiantes ya tiene su lugar en otra final de Primera - Gente de B\u00e1squet\",\"isPartOf\":{\"@id\":\"https:\\\/\\\/gentedebasquet.com.ar\\\/sitio\\\/#website\"},\"primaryImageOfPage\":{\"@id\":\"https:\\\/\\\/gentedebasquet.com.ar\\\/sitio\\\/2025\\\/11\\\/20\\\/estudiantes-ya-tiene-su-lugar-en-otra-final-de-primera\\\/#primaryimage\"},\"image\":{\"@id\":\"https:\\\/\\\/gentedebasquet.com.ar\\\/sitio\\\/2025\\\/11\\\/20\\\/estudiantes-ya-tiene-su-lugar-en-otra-final-de-primera\\\/#primaryimage\"},\"thumbnailUrl\":\"https:\\\/\\\/gentedebasquet.com.ar\\\/sitio\\\/wp-content\\\/uploads\\\/2025\\\/11\\\/vlcsnap-2025-11-20-08h44m34s912.png\",\"datePublished\":\"2025-11-20T11:50:06+00:00\",\"dateModified\":\"2025-11-20T13:22:35+00:00\",\"author\":{\"@id\":\"https:\\\/\\\/gentedebasquet.com.ar\\\/sitio\\\/#\\\/schema\\\/person\\\/6f3e5bc5df127b420a445d22fc9eaa51\"},\"breadcrumb\":{\"@id\":\"https:\\\/\\\/gentedebasquet.com.ar\\\/sitio\\\/2025\\\/11\\\/20\\\/estudiantes-ya-tiene-su-lugar-en-otra-final-de-primera\\\/#breadcrumb\"},\"inLanguage\":\"es\",\"potentialAction\":[{\"@type\":\"ReadAction\",\"target\":[\"https:\\\/\\\/gentedebasquet.com.ar\\\/sitio\\\/2025\\\/11\\\/20\\\/estudiantes-ya-tiene-su-lugar-en-otra-final-de-primera\\\/\"]}]},{\"@type\":\"ImageObject\",\"inLanguage\":\"es\",\"@id\":\"https:\\\/\\\/gentedebasquet.com.ar\\\/sitio\\\/2025\\\/11\\\/20\\\/estudiantes-ya-tiene-su-lugar-en-otra-final-de-primera\\\/#primaryimage\",\"url\":\"https:\\\/\\\/gentedebasquet.com.ar\\\/sitio\\\/wp-content\\\/uploads\\\/2025\\\/11\\\/vlcsnap-2025-11-20-08h44m34s912.png\",\"contentUrl\":\"https:\\\/\\\/gentedebasquet.com.ar\\\/sitio\\\/wp-content\\\/uploads\\\/2025\\\/11\\\/vlcsnap-2025-11-20-08h44m34s912.png\",\"width\":690,\"height\":319},{\"@type\":\"BreadcrumbList\",\"@id\":\"https:\\\/\\\/gentedebasquet.com.ar\\\/sitio\\\/2025\\\/11\\\/20\\\/estudiantes-ya-tiene-su-lugar-en-otra-final-de-primera\\\/#breadcrumb\",\"itemListElement\":[{\"@type\":\"ListItem\",\"position\":1,\"name\":\"Portada\",\"item\":\"https:\\\/\\\/gentedebasquet.com.ar\\\/sitio\\\/\"},{\"@type\":\"ListItem\",\"position\":2,\"name\":\"Estudiantes ya tiene su lugar en otra final de Primera\"}]},{\"@type\":\"WebSite\",\"@id\":\"https:\\\/\\\/gentedebasquet.com.ar\\\/sitio\\\/#website\",\"url\":\"https:\\\/\\\/gentedebasquet.com.ar\\\/sitio\\\/\",\"name\":\"Gente de B\u00e1squet\",\"description\":\"La revista del basquet de Bah\u00eda Blanca\",\"potentialAction\":[{\"@type\":\"SearchAction\",\"target\":{\"@type\":\"EntryPoint\",\"urlTemplate\":\"https:\\\/\\\/gentedebasquet.com.ar\\\/sitio\\\/?s={search_term_string}\"},\"query-input\":{\"@type\":\"PropertyValueSpecification\",\"valueRequired\":true,\"valueName\":\"search_term_string\"}}],\"inLanguage\":\"es\"},{\"@type\":\"Person\",\"@id\":\"https:\\\/\\\/gentedebasquet.com.ar\\\/sitio\\\/#\\\/schema\\\/person\\\/6f3e5bc5df127b420a445d22fc9eaa51\",\"name\":\"Andres Camarero\",\"image\":{\"@type\":\"ImageObject\",\"inLanguage\":\"es\",\"@id\":\"https:\\\/\\\/secure.gravatar.com\\\/avatar\\\/f6d4884ec54a50c25ccd5e4f54f5e904d09dfe74ef58e58f631f3917b6fed7cd?s=96&d=mm&r=g\",\"url\":\"https:\\\/\\\/secure.gravatar.com\\\/avatar\\\/f6d4884ec54a50c25ccd5e4f54f5e904d09dfe74ef58e58f631f3917b6fed7cd?s=96&d=mm&r=g\",\"contentUrl\":\"https:\\\/\\\/secure.gravatar.com\\\/avatar\\\/f6d4884ec54a50c25ccd5e4f54f5e904d09dfe74ef58e58f631f3917b6fed7cd?s=96&d=mm&r=g\",\"caption\":\"Andres Camarero\"},\"url\":\"https:\\\/\\\/gentedebasquet.com.ar\\\/sitio\\\/author\\\/andres-camarero\\\/\"}]}<\/script>\n<!-- \/ Yoast SEO plugin. -->","yoast_head_json":{"title":"Estudiantes ya tiene su lugar en otra final de Primera - Gente de B\u00e1squet","robots":{"index":"index","follow":"follow","max-snippet":"max-snippet:-1","max-image-preview":"max-image-preview:large","max-video-preview":"max-video-preview:-1"},"canonical":"https:\/\/gentedebasquet.com.ar\/sitio\/2025\/11\/20\/estudiantes-ya-tiene-su-lugar-en-otra-final-de-primera\/","og_locale":"es_ES","og_type":"article","og_title":"Estudiantes ya tiene su lugar en otra final de Primera - Gente de B\u00e1squet","og_description":"El albo finaliz\u00f3 ayer su serie de semifinales ante Bahiense del Norte ganandola 2-0, dej\u00f3 fuera de carrera al tricolor en el estadio Manu Gin\u00f3bili y se clasific\u00f3 a la gran definici\u00f3n del segundo tramo del certamen femenino de mayores local. Su rival en esta final ser\u00e1 el que gane la serie que estan llevando [&hellip;]","og_url":"https:\/\/gentedebasquet.com.ar\/sitio\/2025\/11\/20\/estudiantes-ya-tiene-su-lugar-en-otra-final-de-primera\/","og_site_name":"Gente de B\u00e1squet","article_published_time":"2025-11-20T11:50:06+00:00","article_modified_time":"2025-11-20T13:22:35+00:00","og_image":[{"width":690,"height":319,"url":"https:\/\/gentedebasquet.com.ar\/sitio\/wp-content\/uploads\/2025\/11\/vlcsnap-2025-11-20-08h44m34s912.png","type":"image\/png"}],"author":"Andres Camarero","twitter_card":"summary_large_image","twitter_misc":{"Escrito por":"Andres Camarero","Tiempo de lectura":"4 minutos"},"schema":{"@context":"https:\/\/schema.org","@graph":[{"@type":"Article","@id":"https:\/\/gentedebasquet.com.ar\/sitio\/2025\/11\/20\/estudiantes-ya-tiene-su-lugar-en-otra-final-de-primera\/#article","isPartOf":{"@id":"https:\/\/gentedebasquet.com.ar\/sitio\/2025\/11\/20\/estudiantes-ya-tiene-su-lugar-en-otra-final-de-primera\/"},"author":{"name":"Andres Camarero","@id":"https:\/\/gentedebasquet.com.ar\/sitio\/#\/schema\/person\/6f3e5bc5df127b420a445d22fc9eaa51"},"headline":"Estudiantes ya tiene su lugar en otra final de Primera","datePublished":"2025-11-20T11:50:06+00:00","dateModified":"2025-11-20T13:22:35+00:00","mainEntityOfPage":{"@id":"https:\/\/gentedebasquet.com.ar\/sitio\/2025\/11\/20\/estudiantes-ya-tiene-su-lugar-en-otra-final-de-primera\/"},"wordCount":553,"image":{"@id":"https:\/\/gentedebasquet.com.ar\/sitio\/2025\/11\/20\/estudiantes-ya-tiene-su-lugar-en-otra-final-de-primera\/#primaryimage"},"thumbnailUrl":"https:\/\/gentedebasquet.com.ar\/sitio\/wp-content\/uploads\/2025\/11\/vlcsnap-2025-11-20-08h44m34s912.png","keywords":["Ana Liz Carcas","Bahiense Del Norte","Estudiantes","Victoria Escudero"],"articleSection":["Femenino","Slide"],"inLanguage":"es"},{"@type":"WebPage","@id":"https:\/\/gentedebasquet.com.ar\/sitio\/2025\/11\/20\/estudiantes-ya-tiene-su-lugar-en-otra-final-de-primera\/","url":"https:\/\/gentedebasquet.com.ar\/sitio\/2025\/11\/20\/estudiantes-ya-tiene-su-lugar-en-otra-final-de-primera\/","name":"Estudiantes ya tiene su lugar en otra final de Primera - Gente de B\u00e1squet","isPartOf":{"@id":"https:\/\/gentedebasquet.com.ar\/sitio\/#website"},"primaryImageOfPage":{"@id":"https:\/\/gentedebasquet.com.ar\/sitio\/2025\/11\/20\/estudiantes-ya-tiene-su-lugar-en-otra-final-de-primera\/#primaryimage"},"image":{"@id":"https:\/\/gentedebasquet.com.ar\/sitio\/2025\/11\/20\/estudiantes-ya-tiene-su-lugar-en-otra-final-de-primera\/#primaryimage"},"thumbnailUrl":"https:\/\/gentedebasquet.com.ar\/sitio\/wp-content\/uploads\/2025\/11\/vlcsnap-2025-11-20-08h44m34s912.png","datePublished":"2025-11-20T11:50:06+00:00","dateModified":"2025-11-20T13:22:35+00:00","author":{"@id":"https:\/\/gentedebasquet.com.ar\/sitio\/#\/schema\/person\/6f3e5bc5df127b420a445d22fc9eaa51"},"breadcrumb":{"@id":"https:\/\/gentedebasquet.com.ar\/sitio\/2025\/11\/20\/estudiantes-ya-tiene-su-lugar-en-otra-final-de-primera\/#breadcrumb"},"inLanguage":"es","potentialAction":[{"@type":"ReadAction","target":["https:\/\/gentedebasquet.com.ar\/sitio\/2025\/11\/20\/estudiantes-ya-tiene-su-lugar-en-otra-final-de-primera\/"]}]},{"@type":"ImageObject","inLanguage":"es","@id":"https:\/\/gentedebasquet.com.ar\/sitio\/2025\/11\/20\/estudiantes-ya-tiene-su-lugar-en-otra-final-de-primera\/#primaryimage","url":"https:\/\/gentedebasquet.com.ar\/sitio\/wp-content\/uploads\/2025\/11\/vlcsnap-2025-11-20-08h44m34s912.png","contentUrl":"https:\/\/gentedebasquet.com.ar\/sitio\/wp-content\/uploads\/2025\/11\/vlcsnap-2025-11-20-08h44m34s912.png","width":690,"height":319},{"@type":"BreadcrumbList","@id":"https:\/\/gentedebasquet.com.ar\/sitio\/2025\/11\/20\/estudiantes-ya-tiene-su-lugar-en-otra-final-de-primera\/#breadcrumb","itemListElement":[{"@type":"ListItem","position":1,"name":"Portada","item":"https:\/\/gentedebasquet.com.ar\/sitio\/"},{"@type":"ListItem","position":2,"name":"Estudiantes ya tiene su lugar en otra final de Primera"}]},{"@type":"WebSite","@id":"https:\/\/gentedebasquet.com.ar\/sitio\/#website","url":"https:\/\/gentedebasquet.com.ar\/sitio\/","name":"Gente de B\u00e1squet","description":"La revista del basquet de Bah\u00eda Blanca","potentialAction":[{"@type":"SearchAction","target":{"@type":"EntryPoint","urlTemplate":"https:\/\/gentedebasquet.com.ar\/sitio\/?s={search_term_string}"},"query-input":{"@type":"PropertyValueSpecification","valueRequired":true,"valueName":"search_term_string"}}],"inLanguage":"es"},{"@type":"Person","@id":"https:\/\/gentedebasquet.com.ar\/sitio\/#\/schema\/person\/6f3e5bc5df127b420a445d22fc9eaa51","name":"Andres Camarero","image":{"@type":"ImageObject","inLanguage":"es","@id":"https:\/\/secure.gravatar.com\/avatar\/f6d4884ec54a50c25ccd5e4f54f5e904d09dfe74ef58e58f631f3917b6fed7cd?s=96&d=mm&r=g","url":"https:\/\/secure.gravatar.com\/avatar\/f6d4884ec54a50c25ccd5e4f54f5e904d09dfe74ef58e58f631f3917b6fed7cd?s=96&d=mm&r=g","contentUrl":"https:\/\/secure.gravatar.com\/avatar\/f6d4884ec54a50c25ccd5e4f54f5e904d09dfe74ef58e58f631f3917b6fed7cd?s=96&d=mm&r=g","caption":"Andres Camarero"},"url":"https:\/\/gentedebasquet.com.ar\/sitio\/author\/andres-camarero\/"}]}},"_links":{"self":[{"href":"https:\/\/gentedebasquet.com.ar\/sitio\/wp-json\/wp\/v2\/posts\/119424","targetHints":{"allow":["GET"]}}],"collection":[{"href":"https:\/\/gentedebasquet.com.ar\/sitio\/wp-json\/wp\/v2\/posts"}],"about":[{"href":"https:\/\/gentedebasquet.com.ar\/sitio\/wp-json\/wp\/v2\/types\/post"}],"author":[{"embeddable":true,"href":"https:\/\/gentedebasquet.com.ar\/sitio\/wp-json\/wp\/v2\/users\/70"}],"replies":[{"embeddable":true,"href":"https:\/\/gentedebasquet.com.ar\/sitio\/wp-json\/wp\/v2\/comments?post=119424"}],"version-history":[{"count":5,"href":"https:\/\/gentedebasquet.com.ar\/sitio\/wp-json\/wp\/v2\/posts\/119424\/revisions"}],"predecessor-version":[{"id":119439,"href":"https:\/\/gentedebasquet.com.ar\/sitio\/wp-json\/wp\/v2\/posts\/119424\/revisions\/119439"}],"wp:featuredmedia":[{"embeddable":true,"href":"https:\/\/gentedebasquet.com.ar\/sitio\/wp-json\/wp\/v2\/media\/119434"}],"wp:attachment":[{"href":"https:\/\/gentedebasquet.com.ar\/sitio\/wp-json\/wp\/v2\/media?parent=119424"}],"wp:term":[{"taxonomy":"category","embeddable":true,"href":"https:\/\/gentedebasquet.com.ar\/sitio\/wp-json\/wp\/v2\/categories?post=119424"},{"taxonomy":"post_tag","embeddable":true,"href":"https:\/\/gentedebasquet.com.ar\/sitio\/wp-json\/wp\/v2\/tags?post=119424"}],"curies":[{"name":"wp","href":"https:\/\/api.w.org\/{rel}","templated":true}]}}