{"id":119469,"date":"2025-11-25T04:18:29","date_gmt":"2025-11-25T03:18:29","guid":{"rendered":"https:\/\/gentedebasquet.com.ar\/sitio\/?p=119469"},"modified":"2025-11-25T04:18:29","modified_gmt":"2025-11-25T03:18:29","slug":"verde-esperanza-3","status":"publish","type":"post","link":"https:\/\/gentedebasquet.com.ar\/sitio\/2025\/11\/25\/verde-esperanza-3\/","title":{"rendered":"Verde Esperanza"},"content":{"rendered":"\n<p><strong>Pac\u00edfico arranc\u00f3 con el pie derecho su llave de Semifinales al vencer en casa a Pueyrred\u00f3n, por 96-68<\/strong>. <strong>El verde se empez\u00f3 a despegar en el segundo tiempo y no le dio chance alguna al Purre para poder ponerse en juego. Hubo 19 del t\u00e1ndem Loos-Cort\u00e9s y 16 de Carci en el visitante.<\/strong><\/p>\n\n\n\n<p>Amanecer parejo, donde ambos anotar\u00edan un triple por lado (Carci en Pueyrred\u00f3n y Loos en Pac\u00edfico), <strong>en cuanto al anfitri\u00f3n posaba su juego en el poste bajo, mientras que la visita optaba por el contragolpe<\/strong>. Pac\u00edfico volv\u00eda a anotar a distancia (Mattioli). En cierto tramo fue un cotejo planchado e impreciso, pero <strong>los de calle Charlone sacar\u00edan una leve ventaja de 5 (15-10), los visitantes obtuvieron gol con Sagasti (1t3) y un muy buen ingreso del mismo<\/strong>. 20-15 finaliz\u00f3 el primero.<\/p>\n\n\n\n<p>Los de Richotti segu\u00edan efectivos desde los 6\u201975, con Loos, Redivo y Cort\u00e9s, sumando en este rubro, donde tras eso sacar\u00edan +14 de luz (31-17). <strong>El hu\u00e9sped, pas\u00f3 de defensa hombre a zonal 2-3, aunque con eso no encontraba tiros claros. Pudo hacer un peque\u00f1o click con Pan y Carci (ambos 1t3)<\/strong>. <strong>Errazu tuvo un gran ingreso de segmento anotando 3t3 en los \u00faltimos minutos de cuarto (uno sobre el cierre del mismo)<\/strong>. 44-36 cerr\u00f3 el segundo.<\/p>\n\n\n\n<p>Post vestuario, el encuentro se convirti\u00f3 en vertiginoso y de alto vuelo. Pac\u00edfico volv\u00eda a sumar a distancia (Salvatori), en cuanto a los de Iannamico, ten\u00edan gol en las manos de Balmaceda. <strong>Los locales primero se escapaban a 14 (54-40) y posteriormente a 20 (64-44)<\/strong>. 66-52 finaliz\u00f3 el tercero.<\/p>\n\n\n\n<p>Pac\u00edfico sigui\u00f3 efectivo; 1t3 de Loos, m\u00e1s un buen ingreso de Boccatonda, la visita intent\u00f3 arrimar con Balmaceda, Mallemaci y Carci (2t3). El local, increment\u00f3 su ventaja a 30 (96-66), <strong>en el ep\u00edlogo del encuentro, ambos equipos les dieron minutos a toda su banca<\/strong>.<\/p>\n\n\n\n<p><strong>Pac\u00edfico aprovech\u00f3 la local\u00eda y sigue demostrando su buen momento. Un gran segundo tiempo (52-32), hizo que el verde se adelante en la serie, que seguir\u00e1 el venidero viernes.<\/strong><\/p>\n\n\n\n<figure class=\"wp-block-embed is-type-video is-provider-youtube wp-block-embed-youtube wp-embed-aspect-16-9 wp-has-aspect-ratio\"><div class=\"wp-block-embed__wrapper\">\n<div class=\"jeg_video_container jeg_video_content\"><iframe loading=\"lazy\" title=\"#Primera - Semifinales - Juego #1 (+3): Pac\u00edfico 96 - 68 Pueyrred\u00f3n \" width=\"500\" height=\"281\" src=\"https:\/\/www.youtube.com\/embed\/rOYIz-OSVEY?feature=oembed\" frameborder=\"0\" allow=\"accelerometer; autoplay; clipboard-write; encrypted-media; gyroscope; picture-in-picture; web-share\" referrerpolicy=\"strict-origin-when-cross-origin\" allowfullscreen><\/iframe><\/div>\n<\/div><\/figure>\n\n\n\n<figure class=\"wp-block-image size-large\"><img decoding=\"async\" width=\"1024\" height=\"1024\" src=\"https:\/\/gentedebasquet.com.ar\/sitio\/wp-content\/uploads\/2025\/11\/manuel-ayala-2-2-1024x1024.png\" alt=\"\" class=\"wp-image-119466\" srcset=\"https:\/\/gentedebasquet.com.ar\/sitio\/wp-content\/uploads\/2025\/11\/manuel-ayala-2-2-1024x1024.png 1024w, https:\/\/gentedebasquet.com.ar\/sitio\/wp-content\/uploads\/2025\/11\/manuel-ayala-2-2-300x300.png 300w, https:\/\/gentedebasquet.com.ar\/sitio\/wp-content\/uploads\/2025\/11\/manuel-ayala-2-2-150x150.png 150w, https:\/\/gentedebasquet.com.ar\/sitio\/wp-content\/uploads\/2025\/11\/manuel-ayala-2-2-768x768.png 768w, https:\/\/gentedebasquet.com.ar\/sitio\/wp-content\/uploads\/2025\/11\/manuel-ayala-2-2-1536x1536.png 1536w, https:\/\/gentedebasquet.com.ar\/sitio\/wp-content\/uploads\/2025\/11\/manuel-ayala-2-2-75x75.png 75w, https:\/\/gentedebasquet.com.ar\/sitio\/wp-content\/uploads\/2025\/11\/manuel-ayala-2-2-350x350.png 350w, https:\/\/gentedebasquet.com.ar\/sitio\/wp-content\/uploads\/2025\/11\/manuel-ayala-2-2-750x750.png 750w, https:\/\/gentedebasquet.com.ar\/sitio\/wp-content\/uploads\/2025\/11\/manuel-ayala-2-2-1140x1140.png 1140w, https:\/\/gentedebasquet.com.ar\/sitio\/wp-content\/uploads\/2025\/11\/manuel-ayala-2-2.png 1600w\" sizes=\"(max-width: 1024px) 100vw, 1024px\" \/><\/figure>\n\n\n\n<figure class=\"wp-block-image size-large\"><img decoding=\"async\" width=\"1024\" height=\"1024\" src=\"https:\/\/gentedebasquet.com.ar\/sitio\/wp-content\/uploads\/2025\/11\/manuel-ayala-1-2-1024x1024.png\" alt=\"\" class=\"wp-image-119465\" srcset=\"https:\/\/gentedebasquet.com.ar\/sitio\/wp-content\/uploads\/2025\/11\/manuel-ayala-1-2-1024x1024.png 1024w, https:\/\/gentedebasquet.com.ar\/sitio\/wp-content\/uploads\/2025\/11\/manuel-ayala-1-2-300x300.png 300w, https:\/\/gentedebasquet.com.ar\/sitio\/wp-content\/uploads\/2025\/11\/manuel-ayala-1-2-150x150.png 150w, https:\/\/gentedebasquet.com.ar\/sitio\/wp-content\/uploads\/2025\/11\/manuel-ayala-1-2-768x768.png 768w, https:\/\/gentedebasquet.com.ar\/sitio\/wp-content\/uploads\/2025\/11\/manuel-ayala-1-2-1536x1536.png 1536w, https:\/\/gentedebasquet.com.ar\/sitio\/wp-content\/uploads\/2025\/11\/manuel-ayala-1-2-75x75.png 75w, https:\/\/gentedebasquet.com.ar\/sitio\/wp-content\/uploads\/2025\/11\/manuel-ayala-1-2-350x350.png 350w, https:\/\/gentedebasquet.com.ar\/sitio\/wp-content\/uploads\/2025\/11\/manuel-ayala-1-2-750x750.png 750w, https:\/\/gentedebasquet.com.ar\/sitio\/wp-content\/uploads\/2025\/11\/manuel-ayala-1-2-1140x1140.png 1140w, https:\/\/gentedebasquet.com.ar\/sitio\/wp-content\/uploads\/2025\/11\/manuel-ayala-1-2.png 1600w\" sizes=\"(max-width: 1024px) 100vw, 1024px\" \/><\/figure>\n\n\n\n<figure class=\"wp-block-image size-large\"><img decoding=\"async\" width=\"1024\" height=\"768\" src=\"https:\/\/gentedebasquet.com.ar\/sitio\/wp-content\/uploads\/2025\/11\/img_8641-1024x768.jpg\" alt=\"\" class=\"wp-image-119464\" srcset=\"https:\/\/gentedebasquet.com.ar\/sitio\/wp-content\/uploads\/2025\/11\/img_8641-1024x768.jpg 1024w, https:\/\/gentedebasquet.com.ar\/sitio\/wp-content\/uploads\/2025\/11\/img_8641-300x225.jpg 300w, https:\/\/gentedebasquet.com.ar\/sitio\/wp-content\/uploads\/2025\/11\/img_8641-768x576.jpg 768w, https:\/\/gentedebasquet.com.ar\/sitio\/wp-content\/uploads\/2025\/11\/img_8641-1536x1152.jpg 1536w, https:\/\/gentedebasquet.com.ar\/sitio\/wp-content\/uploads\/2025\/11\/img_8641-750x563.jpg 750w, https:\/\/gentedebasquet.com.ar\/sitio\/wp-content\/uploads\/2025\/11\/img_8641-1140x855.jpg 1140w, https:\/\/gentedebasquet.com.ar\/sitio\/wp-content\/uploads\/2025\/11\/img_8641.jpg 2000w\" sizes=\"(max-width: 1024px) 100vw, 1024px\" \/><\/figure>\n\n\n\n<blockquote class=\"wp-block-quote is-layout-flow wp-block-quote-is-layout-flow\">\n<p>\u00abSab\u00edamos que ten\u00edamos que meter el primer partido para poder adelantar la serie, sabiendo que si ganamos el primer partido es un gran paso. Si arranc\u00e1bamos abajo nos iba a costar el doble. Ten\u00edamos que arrancar desde el principio con todo, en la defensa el primer cuarto fue muy buena y desde ah\u00ed pudimos mantener y poder seguir hacia adelante.\u00bb<strong>&nbsp;Valent\u00edn Cort\u00e9s, Pac\u00edfico.<\/strong><\/p>\n<\/blockquote>\n\n\n\n<p><strong>S\u00edntesis \u2013 Semifinales \u2013 Juego #1 (+3)<\/strong><\/p>\n\n\n\n<p><strong>Pac\u00edfico 96:<\/strong>&nbsp;Branco Salvatori (11), Francisco Mattioli (9), Valent\u00edn Cort\u00e9s (19),&nbsp;Santiago Loos (19), Tom\u00e1s Sagarzazu (8) (FI); Mateo Boccatonda (8), Juan Cruz Redivo (5), I\u00f1aki Errazu (9), Genaro Pisani (2), Gino Pisani (3), Mat\u00edas Padilla (3), Guillermo Lucas (0).&nbsp;<strong>DT: Mauro Richotti.<\/strong><\/p>\n\n\n\n<p><strong>Pueyrred\u00f3n 68:<\/strong>&nbsp;Dami\u00e1n Carci (16), Lucas Lucchetti (12), Nicol\u00e1s Renzi (7), Guillermo Mallemaci (5), Carlos Balmaceda (8) (FI); Alan Pan (6), Gregorio Gerhardt (5), Gonzalo Sagasti (3), Gonzalo Brescia (2), Baltazar Borda (4), Francesco De Tina (0), Valentino La Colla (0).<strong>&nbsp;DT: Andr\u00e9s Iannamico.<\/strong><\/p>\n\n\n\n<p><strong>Parciales<\/strong>: 20-15, 44-36 (24-21), 66-52 (22-16), 96-68 (30-16).<\/p>\n\n\n\n<p><strong>\u00c1rbitros<\/strong>: Alejandro Ramallo \u2013 Sebasti\u00e1n Giannino&nbsp;\u2013 Juan Agust\u00edn Mat\u00edas &nbsp;<\/p>\n\n\n\n<p><strong>Estadio<\/strong>: William Harding Green (Pac\u00edfico)<\/p>\n\n\n\n<p><strong>Serie:&nbsp;<\/strong>Pac\u00edfico 1-0.<\/p>\n\n\n\n<p><strong>Fotos:<\/strong> Santiago Guerrero<\/p>\n\n\n\n<figure class=\"wp-block-image size-large\"><img decoding=\"async\" width=\"1024\" height=\"683\" src=\"https:\/\/gentedebasquet.com.ar\/sitio\/wp-content\/uploads\/2025\/11\/ea64e181-7840-4c29-946e-4d83d7e01923-1024x683.jpg\" alt=\"\" class=\"wp-image-119467\" srcset=\"https:\/\/gentedebasquet.com.ar\/sitio\/wp-content\/uploads\/2025\/11\/ea64e181-7840-4c29-946e-4d83d7e01923-1024x683.jpg 1024w, https:\/\/gentedebasquet.com.ar\/sitio\/wp-content\/uploads\/2025\/11\/ea64e181-7840-4c29-946e-4d83d7e01923-300x200.jpg 300w, https:\/\/gentedebasquet.com.ar\/sitio\/wp-content\/uploads\/2025\/11\/ea64e181-7840-4c29-946e-4d83d7e01923-768x512.jpg 768w, https:\/\/gentedebasquet.com.ar\/sitio\/wp-content\/uploads\/2025\/11\/ea64e181-7840-4c29-946e-4d83d7e01923-1536x1024.jpg 1536w, https:\/\/gentedebasquet.com.ar\/sitio\/wp-content\/uploads\/2025\/11\/ea64e181-7840-4c29-946e-4d83d7e01923-750x500.jpg 750w, https:\/\/gentedebasquet.com.ar\/sitio\/wp-content\/uploads\/2025\/11\/ea64e181-7840-4c29-946e-4d83d7e01923-1140x760.jpg 1140w, https:\/\/gentedebasquet.com.ar\/sitio\/wp-content\/uploads\/2025\/11\/ea64e181-7840-4c29-946e-4d83d7e01923.jpg 1599w\" sizes=\"(max-width: 1024px) 100vw, 1024px\" \/><\/figure>\n","protected":false},"excerpt":{"rendered":"<p>Pac\u00edfico arranc\u00f3 con el pie derecho su llave de Semifinales al vencer en casa a Pueyrred\u00f3n, por 96-68. El verde se empez\u00f3 a despegar en el segundo tiempo y no le dio chance alguna al Purre para poder ponerse en juego. Hubo 19 del t\u00e1ndem Loos-Cort\u00e9s y 16 de Carci en el visitante. Amanecer parejo, [&hellip;]<\/p>\n","protected":false},"author":82,"featured_media":119468,"comment_status":"closed","ping_status":"open","sticky":false,"template":"","format":"standard","meta":{"jnews-multi-image_gallery":[],"jnews_single_post":[],"jnews_primary_category":[],"footnotes":""},"categories":[23,101],"tags":[527,17,1169,508,18,1883],"class_list":["post-119469","post","type-post","status-publish","format-standard","has-post-thumbnail","hentry","category-primera","category-slide","tag-damian-carci","tag-pacifico","tag-primera","tag-primera-division","tag-pueyrredon","tag-valentin-cortes"],"yoast_head":"<!-- This site is optimized with the Yoast SEO plugin v27.5 - https:\/\/yoast.com\/product\/yoast-seo-wordpress\/ -->\n<title>Verde Esperanza - Gente de B\u00e1squet<\/title>\n<meta name=\"robots\" content=\"index, follow, max-snippet:-1, max-image-preview:large, max-video-preview:-1\" \/>\n<link rel=\"canonical\" href=\"https:\/\/gentedebasquet.com.ar\/sitio\/2025\/11\/25\/verde-esperanza-3\/\" \/>\n<meta property=\"og:locale\" content=\"es_ES\" \/>\n<meta property=\"og:type\" content=\"article\" \/>\n<meta property=\"og:title\" content=\"Verde Esperanza - Gente de B\u00e1squet\" \/>\n<meta property=\"og:description\" content=\"Pac\u00edfico arranc\u00f3 con el pie derecho su llave de Semifinales al vencer en casa a Pueyrred\u00f3n, por 96-68. El verde se empez\u00f3 a despegar en el segundo tiempo y no le dio chance alguna al Purre para poder ponerse en juego. Hubo 19 del t\u00e1ndem Loos-Cort\u00e9s y 16 de Carci en el visitante. Amanecer parejo, [&hellip;]\" \/>\n<meta property=\"og:url\" content=\"https:\/\/gentedebasquet.com.ar\/sitio\/2025\/11\/25\/verde-esperanza-3\/\" \/>\n<meta property=\"og:site_name\" content=\"Gente de B\u00e1squet\" \/>\n<meta property=\"article:published_time\" content=\"2025-11-25T03:18:29+00:00\" \/>\n<meta property=\"og:image\" content=\"https:\/\/gentedebasquet.com.ar\/sitio\/wp-content\/uploads\/2025\/11\/75a657eb-4eb3-446a-b5be-4e9883d696fc.jpg\" \/>\n\t<meta property=\"og:image:width\" content=\"1599\" \/>\n\t<meta property=\"og:image:height\" content=\"1066\" \/>\n\t<meta property=\"og:image:type\" content=\"image\/jpeg\" \/>\n<meta name=\"author\" content=\"Manuel Lacerenza\" \/>\n<meta name=\"twitter:card\" content=\"summary_large_image\" \/>\n<meta name=\"twitter:label1\" content=\"Escrito por\" \/>\n\t<meta name=\"twitter:data1\" content=\"Manuel Lacerenza\" \/>\n\t<meta name=\"twitter:label2\" content=\"Tiempo de lectura\" \/>\n\t<meta name=\"twitter:data2\" content=\"3 minutos\" \/>\n<script type=\"application\/ld+json\" class=\"yoast-schema-graph\">{\"@context\":\"https:\\\/\\\/schema.org\",\"@graph\":[{\"@type\":\"Article\",\"@id\":\"https:\\\/\\\/gentedebasquet.com.ar\\\/sitio\\\/2025\\\/11\\\/25\\\/verde-esperanza-3\\\/#article\",\"isPartOf\":{\"@id\":\"https:\\\/\\\/gentedebasquet.com.ar\\\/sitio\\\/2025\\\/11\\\/25\\\/verde-esperanza-3\\\/\"},\"author\":{\"name\":\"Manuel Lacerenza\",\"@id\":\"https:\\\/\\\/gentedebasquet.com.ar\\\/sitio\\\/#\\\/schema\\\/person\\\/643357fb6a37b5549c9cfe9f339c9f1b\"},\"headline\":\"Verde Esperanza\",\"datePublished\":\"2025-11-25T03:18:29+00:00\",\"mainEntityOfPage\":{\"@id\":\"https:\\\/\\\/gentedebasquet.com.ar\\\/sitio\\\/2025\\\/11\\\/25\\\/verde-esperanza-3\\\/\"},\"wordCount\":544,\"image\":{\"@id\":\"https:\\\/\\\/gentedebasquet.com.ar\\\/sitio\\\/2025\\\/11\\\/25\\\/verde-esperanza-3\\\/#primaryimage\"},\"thumbnailUrl\":\"https:\\\/\\\/gentedebasquet.com.ar\\\/sitio\\\/wp-content\\\/uploads\\\/2025\\\/11\\\/75a657eb-4eb3-446a-b5be-4e9883d696fc.jpg\",\"keywords\":[\"Dami\u00e1n Carci\",\"Pacifico\",\"Primera\",\"Primera Divisi\u00f3n\",\"Pueyrredon\",\"Valent\u00edn Cort\u00e9s\"],\"articleSection\":[\"Primera\",\"Slide\"],\"inLanguage\":\"es\"},{\"@type\":\"WebPage\",\"@id\":\"https:\\\/\\\/gentedebasquet.com.ar\\\/sitio\\\/2025\\\/11\\\/25\\\/verde-esperanza-3\\\/\",\"url\":\"https:\\\/\\\/gentedebasquet.com.ar\\\/sitio\\\/2025\\\/11\\\/25\\\/verde-esperanza-3\\\/\",\"name\":\"Verde Esperanza - Gente de B\u00e1squet\",\"isPartOf\":{\"@id\":\"https:\\\/\\\/gentedebasquet.com.ar\\\/sitio\\\/#website\"},\"primaryImageOfPage\":{\"@id\":\"https:\\\/\\\/gentedebasquet.com.ar\\\/sitio\\\/2025\\\/11\\\/25\\\/verde-esperanza-3\\\/#primaryimage\"},\"image\":{\"@id\":\"https:\\\/\\\/gentedebasquet.com.ar\\\/sitio\\\/2025\\\/11\\\/25\\\/verde-esperanza-3\\\/#primaryimage\"},\"thumbnailUrl\":\"https:\\\/\\\/gentedebasquet.com.ar\\\/sitio\\\/wp-content\\\/uploads\\\/2025\\\/11\\\/75a657eb-4eb3-446a-b5be-4e9883d696fc.jpg\",\"datePublished\":\"2025-11-25T03:18:29+00:00\",\"author\":{\"@id\":\"https:\\\/\\\/gentedebasquet.com.ar\\\/sitio\\\/#\\\/schema\\\/person\\\/643357fb6a37b5549c9cfe9f339c9f1b\"},\"breadcrumb\":{\"@id\":\"https:\\\/\\\/gentedebasquet.com.ar\\\/sitio\\\/2025\\\/11\\\/25\\\/verde-esperanza-3\\\/#breadcrumb\"},\"inLanguage\":\"es\",\"potentialAction\":[{\"@type\":\"ReadAction\",\"target\":[\"https:\\\/\\\/gentedebasquet.com.ar\\\/sitio\\\/2025\\\/11\\\/25\\\/verde-esperanza-3\\\/\"]}]},{\"@type\":\"ImageObject\",\"inLanguage\":\"es\",\"@id\":\"https:\\\/\\\/gentedebasquet.com.ar\\\/sitio\\\/2025\\\/11\\\/25\\\/verde-esperanza-3\\\/#primaryimage\",\"url\":\"https:\\\/\\\/gentedebasquet.com.ar\\\/sitio\\\/wp-content\\\/uploads\\\/2025\\\/11\\\/75a657eb-4eb3-446a-b5be-4e9883d696fc.jpg\",\"contentUrl\":\"https:\\\/\\\/gentedebasquet.com.ar\\\/sitio\\\/wp-content\\\/uploads\\\/2025\\\/11\\\/75a657eb-4eb3-446a-b5be-4e9883d696fc.jpg\",\"width\":1599,\"height\":1066},{\"@type\":\"BreadcrumbList\",\"@id\":\"https:\\\/\\\/gentedebasquet.com.ar\\\/sitio\\\/2025\\\/11\\\/25\\\/verde-esperanza-3\\\/#breadcrumb\",\"itemListElement\":[{\"@type\":\"ListItem\",\"position\":1,\"name\":\"Portada\",\"item\":\"https:\\\/\\\/gentedebasquet.com.ar\\\/sitio\\\/\"},{\"@type\":\"ListItem\",\"position\":2,\"name\":\"Verde Esperanza\"}]},{\"@type\":\"WebSite\",\"@id\":\"https:\\\/\\\/gentedebasquet.com.ar\\\/sitio\\\/#website\",\"url\":\"https:\\\/\\\/gentedebasquet.com.ar\\\/sitio\\\/\",\"name\":\"Gente de B\u00e1squet\",\"description\":\"La revista del basquet de Bah\u00eda Blanca\",\"potentialAction\":[{\"@type\":\"SearchAction\",\"target\":{\"@type\":\"EntryPoint\",\"urlTemplate\":\"https:\\\/\\\/gentedebasquet.com.ar\\\/sitio\\\/?s={search_term_string}\"},\"query-input\":{\"@type\":\"PropertyValueSpecification\",\"valueRequired\":true,\"valueName\":\"search_term_string\"}}],\"inLanguage\":\"es\"},{\"@type\":\"Person\",\"@id\":\"https:\\\/\\\/gentedebasquet.com.ar\\\/sitio\\\/#\\\/schema\\\/person\\\/643357fb6a37b5549c9cfe9f339c9f1b\",\"name\":\"Manuel Lacerenza\",\"image\":{\"@type\":\"ImageObject\",\"inLanguage\":\"es\",\"@id\":\"https:\\\/\\\/secure.gravatar.com\\\/avatar\\\/6a427d587bd181ca8afd828e8cf364f233c5cbe5b8a1332b92ea42687ad97845?s=96&d=mm&r=g\",\"url\":\"https:\\\/\\\/secure.gravatar.com\\\/avatar\\\/6a427d587bd181ca8afd828e8cf364f233c5cbe5b8a1332b92ea42687ad97845?s=96&d=mm&r=g\",\"contentUrl\":\"https:\\\/\\\/secure.gravatar.com\\\/avatar\\\/6a427d587bd181ca8afd828e8cf364f233c5cbe5b8a1332b92ea42687ad97845?s=96&d=mm&r=g\",\"caption\":\"Manuel Lacerenza\"},\"url\":\"https:\\\/\\\/gentedebasquet.com.ar\\\/sitio\\\/author\\\/manuel\\\/\"}]}<\/script>\n<!-- \/ Yoast SEO plugin. -->","yoast_head_json":{"title":"Verde Esperanza - Gente de B\u00e1squet","robots":{"index":"index","follow":"follow","max-snippet":"max-snippet:-1","max-image-preview":"max-image-preview:large","max-video-preview":"max-video-preview:-1"},"canonical":"https:\/\/gentedebasquet.com.ar\/sitio\/2025\/11\/25\/verde-esperanza-3\/","og_locale":"es_ES","og_type":"article","og_title":"Verde Esperanza - Gente de B\u00e1squet","og_description":"Pac\u00edfico arranc\u00f3 con el pie derecho su llave de Semifinales al vencer en casa a Pueyrred\u00f3n, por 96-68. El verde se empez\u00f3 a despegar en el segundo tiempo y no le dio chance alguna al Purre para poder ponerse en juego. Hubo 19 del t\u00e1ndem Loos-Cort\u00e9s y 16 de Carci en el visitante. Amanecer parejo, [&hellip;]","og_url":"https:\/\/gentedebasquet.com.ar\/sitio\/2025\/11\/25\/verde-esperanza-3\/","og_site_name":"Gente de B\u00e1squet","article_published_time":"2025-11-25T03:18:29+00:00","og_image":[{"width":1599,"height":1066,"url":"https:\/\/gentedebasquet.com.ar\/sitio\/wp-content\/uploads\/2025\/11\/75a657eb-4eb3-446a-b5be-4e9883d696fc.jpg","type":"image\/jpeg"}],"author":"Manuel Lacerenza","twitter_card":"summary_large_image","twitter_misc":{"Escrito por":"Manuel Lacerenza","Tiempo de lectura":"3 minutos"},"schema":{"@context":"https:\/\/schema.org","@graph":[{"@type":"Article","@id":"https:\/\/gentedebasquet.com.ar\/sitio\/2025\/11\/25\/verde-esperanza-3\/#article","isPartOf":{"@id":"https:\/\/gentedebasquet.com.ar\/sitio\/2025\/11\/25\/verde-esperanza-3\/"},"author":{"name":"Manuel Lacerenza","@id":"https:\/\/gentedebasquet.com.ar\/sitio\/#\/schema\/person\/643357fb6a37b5549c9cfe9f339c9f1b"},"headline":"Verde Esperanza","datePublished":"2025-11-25T03:18:29+00:00","mainEntityOfPage":{"@id":"https:\/\/gentedebasquet.com.ar\/sitio\/2025\/11\/25\/verde-esperanza-3\/"},"wordCount":544,"image":{"@id":"https:\/\/gentedebasquet.com.ar\/sitio\/2025\/11\/25\/verde-esperanza-3\/#primaryimage"},"thumbnailUrl":"https:\/\/gentedebasquet.com.ar\/sitio\/wp-content\/uploads\/2025\/11\/75a657eb-4eb3-446a-b5be-4e9883d696fc.jpg","keywords":["Dami\u00e1n Carci","Pacifico","Primera","Primera Divisi\u00f3n","Pueyrredon","Valent\u00edn Cort\u00e9s"],"articleSection":["Primera","Slide"],"inLanguage":"es"},{"@type":"WebPage","@id":"https:\/\/gentedebasquet.com.ar\/sitio\/2025\/11\/25\/verde-esperanza-3\/","url":"https:\/\/gentedebasquet.com.ar\/sitio\/2025\/11\/25\/verde-esperanza-3\/","name":"Verde Esperanza - Gente de B\u00e1squet","isPartOf":{"@id":"https:\/\/gentedebasquet.com.ar\/sitio\/#website"},"primaryImageOfPage":{"@id":"https:\/\/gentedebasquet.com.ar\/sitio\/2025\/11\/25\/verde-esperanza-3\/#primaryimage"},"image":{"@id":"https:\/\/gentedebasquet.com.ar\/sitio\/2025\/11\/25\/verde-esperanza-3\/#primaryimage"},"thumbnailUrl":"https:\/\/gentedebasquet.com.ar\/sitio\/wp-content\/uploads\/2025\/11\/75a657eb-4eb3-446a-b5be-4e9883d696fc.jpg","datePublished":"2025-11-25T03:18:29+00:00","author":{"@id":"https:\/\/gentedebasquet.com.ar\/sitio\/#\/schema\/person\/643357fb6a37b5549c9cfe9f339c9f1b"},"breadcrumb":{"@id":"https:\/\/gentedebasquet.com.ar\/sitio\/2025\/11\/25\/verde-esperanza-3\/#breadcrumb"},"inLanguage":"es","potentialAction":[{"@type":"ReadAction","target":["https:\/\/gentedebasquet.com.ar\/sitio\/2025\/11\/25\/verde-esperanza-3\/"]}]},{"@type":"ImageObject","inLanguage":"es","@id":"https:\/\/gentedebasquet.com.ar\/sitio\/2025\/11\/25\/verde-esperanza-3\/#primaryimage","url":"https:\/\/gentedebasquet.com.ar\/sitio\/wp-content\/uploads\/2025\/11\/75a657eb-4eb3-446a-b5be-4e9883d696fc.jpg","contentUrl":"https:\/\/gentedebasquet.com.ar\/sitio\/wp-content\/uploads\/2025\/11\/75a657eb-4eb3-446a-b5be-4e9883d696fc.jpg","width":1599,"height":1066},{"@type":"BreadcrumbList","@id":"https:\/\/gentedebasquet.com.ar\/sitio\/2025\/11\/25\/verde-esperanza-3\/#breadcrumb","itemListElement":[{"@type":"ListItem","position":1,"name":"Portada","item":"https:\/\/gentedebasquet.com.ar\/sitio\/"},{"@type":"ListItem","position":2,"name":"Verde Esperanza"}]},{"@type":"WebSite","@id":"https:\/\/gentedebasquet.com.ar\/sitio\/#website","url":"https:\/\/gentedebasquet.com.ar\/sitio\/","name":"Gente de B\u00e1squet","description":"La revista del basquet de Bah\u00eda Blanca","potentialAction":[{"@type":"SearchAction","target":{"@type":"EntryPoint","urlTemplate":"https:\/\/gentedebasquet.com.ar\/sitio\/?s={search_term_string}"},"query-input":{"@type":"PropertyValueSpecification","valueRequired":true,"valueName":"search_term_string"}}],"inLanguage":"es"},{"@type":"Person","@id":"https:\/\/gentedebasquet.com.ar\/sitio\/#\/schema\/person\/643357fb6a37b5549c9cfe9f339c9f1b","name":"Manuel Lacerenza","image":{"@type":"ImageObject","inLanguage":"es","@id":"https:\/\/secure.gravatar.com\/avatar\/6a427d587bd181ca8afd828e8cf364f233c5cbe5b8a1332b92ea42687ad97845?s=96&d=mm&r=g","url":"https:\/\/secure.gravatar.com\/avatar\/6a427d587bd181ca8afd828e8cf364f233c5cbe5b8a1332b92ea42687ad97845?s=96&d=mm&r=g","contentUrl":"https:\/\/secure.gravatar.com\/avatar\/6a427d587bd181ca8afd828e8cf364f233c5cbe5b8a1332b92ea42687ad97845?s=96&d=mm&r=g","caption":"Manuel Lacerenza"},"url":"https:\/\/gentedebasquet.com.ar\/sitio\/author\/manuel\/"}]}},"_links":{"self":[{"href":"https:\/\/gentedebasquet.com.ar\/sitio\/wp-json\/wp\/v2\/posts\/119469","targetHints":{"allow":["GET"]}}],"collection":[{"href":"https:\/\/gentedebasquet.com.ar\/sitio\/wp-json\/wp\/v2\/posts"}],"about":[{"href":"https:\/\/gentedebasquet.com.ar\/sitio\/wp-json\/wp\/v2\/types\/post"}],"author":[{"embeddable":true,"href":"https:\/\/gentedebasquet.com.ar\/sitio\/wp-json\/wp\/v2\/users\/82"}],"replies":[{"embeddable":true,"href":"https:\/\/gentedebasquet.com.ar\/sitio\/wp-json\/wp\/v2\/comments?post=119469"}],"version-history":[{"count":2,"href":"https:\/\/gentedebasquet.com.ar\/sitio\/wp-json\/wp\/v2\/posts\/119469\/revisions"}],"predecessor-version":[{"id":119471,"href":"https:\/\/gentedebasquet.com.ar\/sitio\/wp-json\/wp\/v2\/posts\/119469\/revisions\/119471"}],"wp:featuredmedia":[{"embeddable":true,"href":"https:\/\/gentedebasquet.com.ar\/sitio\/wp-json\/wp\/v2\/media\/119468"}],"wp:attachment":[{"href":"https:\/\/gentedebasquet.com.ar\/sitio\/wp-json\/wp\/v2\/media?parent=119469"}],"wp:term":[{"taxonomy":"category","embeddable":true,"href":"https:\/\/gentedebasquet.com.ar\/sitio\/wp-json\/wp\/v2\/categories?post=119469"},{"taxonomy":"post_tag","embeddable":true,"href":"https:\/\/gentedebasquet.com.ar\/sitio\/wp-json\/wp\/v2\/tags?post=119469"}],"curies":[{"name":"wp","href":"https:\/\/api.w.org\/{rel}","templated":true}]}}