{"id":119484,"date":"2025-11-27T05:15:20","date_gmt":"2025-11-27T04:15:20","guid":{"rendered":"https:\/\/gentedebasquet.com.ar\/sitio\/?p=119484"},"modified":"2025-11-27T17:10:18","modified_gmt":"2025-11-27T16:10:18","slug":"9-de-julio-es-finalista-del-certamen-femenino-mayor","status":"publish","type":"post","link":"https:\/\/gentedebasquet.com.ar\/sitio\/2025\/11\/27\/9-de-julio-es-finalista-del-certamen-femenino-mayor\/","title":{"rendered":"9 de Julio es finalista del certamen femenino mayor"},"content":{"rendered":"<div class=\"flex max-w-full flex-col flex-grow\">\n<div class=\"min-h-8 text-message flex w-full flex-col items-end gap-2 whitespace-normal break-words [.text-message+&amp;]:mt-5\" dir=\"auto\" data-message-author-role=\"assistant\" data-message-id=\"d66df151-bd9a-4e40-9c6b-a57f4798966a\" data-message-model-slug=\"gpt-4o-mini\">\n<div class=\"flex w-full flex-col gap-1 empty:hidden first:pt-[3px]\">\n<div class=\"markdown prose w-full break-words dark:prose-invert dark\">\n<p><strong>\u00a0 \u00a0El equipo conducido en su parte t\u00e9cnica por Juli\u00e1n Turcato volvi\u00f3 a vencer a Sportivo Bahiense en el segundo partido de la serie de semifinales del campeonato superior local jugado en el estadio Eladio Santos de la instituci\u00f3n tricolor y asegur\u00f3 as\u00ed su llegada a una nueva final de competencia. Si vence a Estudiantes en esta pr\u00f3xima definici\u00f3n se consagrar\u00e1 como el gran campe\u00f3n anual, porque en la primera mitad del a\u00f1o tambien fue el n\u00famero uno.<\/strong><\/p>\n<p><strong>El conjunto visitante sac\u00f3 en el primer cuarto una de las diferencias m\u00e1s notables de todo el encuentro. Su juego se sostuvo en la aceitada circulaci\u00f3n de pelota de cada ataque y tambien en su defensa, que le hizo muy dif\u00edciles las llegadas al aro a su rival.\u00a0<\/strong><\/p>\n<p><strong>La gran brecha abierta en el marcador se profundiz\u00f3 a lo largo del segundo cuarto. En parte debido al talento ofensivo de 9 de Julio, pero tambien debido a las fallas propias de Sportivo, que tuvo pocos momentos de \u00e9xito en el aspecto ofensivo y no encontr\u00f3 soluci\u00f3n para hacerle frente a la artiller\u00eda oponente.<\/strong><\/p>\n<p><strong>A la vuelta de los vestuarios Sportivo mostr\u00f3 una mejor consistencia ofensiva. Con una alta eficacia en triples y Paulina Lazar siendo protagonista principal, el anfitri\u00f3n marc\u00f3 16 puntos en los terceros diez minutos (en ninguno de los otros cuartos super\u00f3 los diez tantos). El juego colectivo le permiti\u00f3 al mismoa tiempo a 9 de Julio conservar su dominio. Al final del tercer cuarto ganaba 67 a 30.<\/strong><\/p>\n<p><strong>Teniendo el control casi completo de las acciones, 9 de Julio transcurri\u00f3 el \u00faltimo cap\u00edtulo del partido con calma. Hizo caer otra vez la efectividad de Sportivo y desarroll\u00f3 contraataques de muy alta precisi\u00f3n.<\/strong><\/p>\n<p><strong>De esta forma el equipo azul y blanco se transform\u00f3 en finalista del campeonato. El pr\u00f3ximo s\u00e1bado este representante de nuestra ciudad deber\u00e1 jugar ante Regatas de San Nicol\u00e1s una de las semifinales de la liga provincial. Y si la gana tendr\u00e1 que disputar la final al d\u00eda siguiente. Despu\u00e9s, a partir del mi\u00e9rcoles 3 de diciembre, empezar\u00e1 a disputar contra Estudiantes la final de la competencia bahiense.\u00a0<\/strong><\/p>\n<p><strong> \u00a0\u00a0<\/strong><\/p>\n<p><strong>\u00a0 \u00a0\u00a0<\/strong><\/p>\n<p><strong>\u00a0<\/strong><strong> \u00a0 \u00a0\u00a0<\/strong><\/p>\n<p>&nbsp;<\/p>\n<div class=\"jeg_video_container jeg_video_content\"><iframe loading=\"lazy\" title=\"#PrimeraFemenina - Semifinal - Juego #2 (+3): Sportivo Bahiense 38 - 79 9 de Julio\" width=\"500\" height=\"281\" src=\"https:\/\/www.youtube.com\/embed\/8w7cX9NFa6Q?feature=oembed\" frameborder=\"0\" allow=\"accelerometer; autoplay; clipboard-write; encrypted-media; gyroscope; picture-in-picture; web-share\" referrerpolicy=\"strict-origin-when-cross-origin\" allowfullscreen><\/iframe><\/div>\n<\/div>\n<\/div>\n<\/div>\n<\/div>\n<div><\/div>\n<div><\/div>\n<div class=\"jeg_video_container jeg_video_content\">\n<div class=\"jeg_video_container jeg_video_content\">\n<div class=\"jeg_video_container jeg_video_content\">\n<div class=\"jeg_video_container jeg_video_content\"><img decoding=\"async\" class=\"alignnone wp-image-119490 \" src=\"http:\/\/gentedebasquet.com.ar\/sitio\/wp-content\/uploads\/2025\/11\/CLAVE9dj-semi-300x300.png\" alt=\"\" width=\"639\" height=\"639\" srcset=\"https:\/\/gentedebasquet.com.ar\/sitio\/wp-content\/uploads\/2025\/11\/CLAVE9dj-semi-300x300.png 300w, https:\/\/gentedebasquet.com.ar\/sitio\/wp-content\/uploads\/2025\/11\/CLAVE9dj-semi-1024x1024.png 1024w, https:\/\/gentedebasquet.com.ar\/sitio\/wp-content\/uploads\/2025\/11\/CLAVE9dj-semi-150x150.png 150w, https:\/\/gentedebasquet.com.ar\/sitio\/wp-content\/uploads\/2025\/11\/CLAVE9dj-semi-768x768.png 768w, https:\/\/gentedebasquet.com.ar\/sitio\/wp-content\/uploads\/2025\/11\/CLAVE9dj-semi-1536x1536.png 1536w, https:\/\/gentedebasquet.com.ar\/sitio\/wp-content\/uploads\/2025\/11\/CLAVE9dj-semi-75x75.png 75w, https:\/\/gentedebasquet.com.ar\/sitio\/wp-content\/uploads\/2025\/11\/CLAVE9dj-semi-350x350.png 350w, https:\/\/gentedebasquet.com.ar\/sitio\/wp-content\/uploads\/2025\/11\/CLAVE9dj-semi-750x750.png 750w, https:\/\/gentedebasquet.com.ar\/sitio\/wp-content\/uploads\/2025\/11\/CLAVE9dj-semi-1140x1140.png 1140w, https:\/\/gentedebasquet.com.ar\/sitio\/wp-content\/uploads\/2025\/11\/CLAVE9dj-semi.png 2000w\" sizes=\"(max-width: 639px) 100vw, 639px\" \/><\/div>\n<\/div>\n<\/div>\n<\/div>\n<div><\/div>\n<p>&nbsp;<\/p>\n<p>&nbsp;<\/p>\n<blockquote><p>&nbsp;<\/p><\/blockquote>\n<p>&nbsp;<\/p>\n<p>&nbsp;<\/p>\n<p>&nbsp;<\/p>\n<p>&nbsp;<\/p>\n<p>&nbsp;<\/p>\n<p>&nbsp;<\/p>\n<p><img decoding=\"async\" class=\"alignnone wp-image-119489 \" style=\"color: #333333\" src=\"http:\/\/gentedebasquet.com.ar\/sitio\/wp-content\/uploads\/2025\/11\/MVP9dj-semi-300x300.png\" alt=\"\" width=\"611\" height=\"611\" srcset=\"https:\/\/gentedebasquet.com.ar\/sitio\/wp-content\/uploads\/2025\/11\/MVP9dj-semi-300x300.png 300w, https:\/\/gentedebasquet.com.ar\/sitio\/wp-content\/uploads\/2025\/11\/MVP9dj-semi-1024x1024.png 1024w, https:\/\/gentedebasquet.com.ar\/sitio\/wp-content\/uploads\/2025\/11\/MVP9dj-semi-150x150.png 150w, https:\/\/gentedebasquet.com.ar\/sitio\/wp-content\/uploads\/2025\/11\/MVP9dj-semi-768x768.png 768w, https:\/\/gentedebasquet.com.ar\/sitio\/wp-content\/uploads\/2025\/11\/MVP9dj-semi-1536x1536.png 1536w, https:\/\/gentedebasquet.com.ar\/sitio\/wp-content\/uploads\/2025\/11\/MVP9dj-semi-75x75.png 75w, https:\/\/gentedebasquet.com.ar\/sitio\/wp-content\/uploads\/2025\/11\/MVP9dj-semi-350x350.png 350w, https:\/\/gentedebasquet.com.ar\/sitio\/wp-content\/uploads\/2025\/11\/MVP9dj-semi-750x750.png 750w, https:\/\/gentedebasquet.com.ar\/sitio\/wp-content\/uploads\/2025\/11\/MVP9dj-semi-1140x1140.png 1140w, https:\/\/gentedebasquet.com.ar\/sitio\/wp-content\/uploads\/2025\/11\/MVP9dj-semi.png 2000w\" sizes=\"(max-width: 611px) 100vw, 611px\" \/><\/p>\n<p><strong>S\u00edntesis &#8211; Primera Femenina &#8211; Semifinal &#8211; Juego 2 (+3)<\/strong><\/p>\n<p><strong>Sportivo Bahiense 38:<\/strong> Mar\u00eda Azul Carli 4; Paloma Vecchi 9; Paloma Fernandez; Alondra Gonzalez 5; Lukene Uthurralt 8 <strong>(F.I.)<\/strong> Juana Alarc\u00f3n 1; Agustina Prada; Roc\u00edo Hammerschmidt; Tiziana Giannecchini 1; Paulina Lazar 8; Lara Gherzi; Rosario Albarrac\u00edn 2. <strong>DT:\u00a0<\/strong>Bruno Sagripandi.<\/p>\n<p><strong>9 de Julio 79:<\/strong> Emilia Fernandez 12; Ileana Corval\u00e1n 7; Delfina Alves 12; Isabella Rold\u00e1n 10; Mar\u00eda Bel\u00e9n Tombesi 2 <strong>(<\/strong><strong>F.I.)<\/strong> Mar\u00eda Victoria Flores 3; Anahel Maurer 9; Victoria Martin 2; Tamara Nieva 2; Amparo Althabe 7; Catalina Arena 11; Jessica Azaroff 2. <strong>DT:<\/strong> Juli\u00e1n Turcato.<\/p>\n<p><strong>Parciales<\/strong>: 8-22; 14-42 (6-20); 30-67 (16-25); 38-79 (8-12).<\/p>\n<p><strong>\u00c1rbitros<\/strong>: Joaqu\u00edn Irrazabal &#8211; Yamila Nicoletta &#8211; Estefan\u00eda Z\u00e1rate.<\/p>\n<p><strong>Estadio<\/strong>: Eladio Santos (Sportivo Bahiense).<\/p>\n<p>&nbsp;<\/p>\n<p><img decoding=\"async\" class=\"alignnone wp-image-119491 \" src=\"http:\/\/gentedebasquet.com.ar\/sitio\/wp-content\/uploads\/2025\/11\/vlcsnap-2025-11-27-01h12m00s663-300x169.png\" alt=\"\" width=\"625\" height=\"352\" srcset=\"https:\/\/gentedebasquet.com.ar\/sitio\/wp-content\/uploads\/2025\/11\/vlcsnap-2025-11-27-01h12m00s663-300x169.png 300w, https:\/\/gentedebasquet.com.ar\/sitio\/wp-content\/uploads\/2025\/11\/vlcsnap-2025-11-27-01h12m00s663-1024x576.png 1024w, https:\/\/gentedebasquet.com.ar\/sitio\/wp-content\/uploads\/2025\/11\/vlcsnap-2025-11-27-01h12m00s663-768x432.png 768w, https:\/\/gentedebasquet.com.ar\/sitio\/wp-content\/uploads\/2025\/11\/vlcsnap-2025-11-27-01h12m00s663-1536x864.png 1536w, https:\/\/gentedebasquet.com.ar\/sitio\/wp-content\/uploads\/2025\/11\/vlcsnap-2025-11-27-01h12m00s663-750x422.png 750w, https:\/\/gentedebasquet.com.ar\/sitio\/wp-content\/uploads\/2025\/11\/vlcsnap-2025-11-27-01h12m00s663-1140x641.png 1140w, https:\/\/gentedebasquet.com.ar\/sitio\/wp-content\/uploads\/2025\/11\/vlcsnap-2025-11-27-01h12m00s663.png 1920w\" sizes=\"(max-width: 625px) 100vw, 625px\" \/><\/p>\n<p>&nbsp;<\/p>\n","protected":false},"excerpt":{"rendered":"<p>\u00a0 \u00a0El equipo conducido en su parte t\u00e9cnica por Juli\u00e1n Turcato volvi\u00f3 a vencer a Sportivo Bahiense en el segundo partido de la serie de semifinales del campeonato superior local jugado en el estadio Eladio Santos de la instituci\u00f3n tricolor y asegur\u00f3 as\u00ed su llegada a una nueva final de competencia. Si vence a Estudiantes [&hellip;]<\/p>\n","protected":false},"author":70,"featured_media":119492,"comment_status":"closed","ping_status":"open","sticky":false,"template":"","format":"standard","meta":{"jnews-multi-image_gallery":[],"jnews_single_post":[],"jnews_primary_category":[],"footnotes":""},"categories":[33,101],"tags":[2,1304,2063,20],"class_list":["post-119484","post","type-post","status-publish","format-standard","has-post-thumbnail","hentry","category-femenino","category-slide","tag-9dejulio","tag-emilia-fernandez","tag-lukene-uthurralt","tag-sportivo-bahiense"],"yoast_head":"<!-- This site is optimized with the Yoast SEO plugin v27.5 - https:\/\/yoast.com\/product\/yoast-seo-wordpress\/ -->\n<title>9 de Julio es finalista del certamen femenino mayor - Gente de B\u00e1squet<\/title>\n<meta name=\"robots\" content=\"index, follow, max-snippet:-1, max-image-preview:large, max-video-preview:-1\" \/>\n<link rel=\"canonical\" href=\"https:\/\/gentedebasquet.com.ar\/sitio\/2025\/11\/27\/9-de-julio-es-finalista-del-certamen-femenino-mayor\/\" \/>\n<meta property=\"og:locale\" content=\"es_ES\" \/>\n<meta property=\"og:type\" content=\"article\" \/>\n<meta property=\"og:title\" content=\"9 de Julio es finalista del certamen femenino mayor - Gente de B\u00e1squet\" \/>\n<meta property=\"og:description\" content=\"\u00a0 \u00a0El equipo conducido en su parte t\u00e9cnica por Juli\u00e1n Turcato volvi\u00f3 a vencer a Sportivo Bahiense en el segundo partido de la serie de semifinales del campeonato superior local jugado en el estadio Eladio Santos de la instituci\u00f3n tricolor y asegur\u00f3 as\u00ed su llegada a una nueva final de competencia. Si vence a Estudiantes [&hellip;]\" \/>\n<meta property=\"og:url\" content=\"https:\/\/gentedebasquet.com.ar\/sitio\/2025\/11\/27\/9-de-julio-es-finalista-del-certamen-femenino-mayor\/\" \/>\n<meta property=\"og:site_name\" content=\"Gente de B\u00e1squet\" \/>\n<meta property=\"article:published_time\" content=\"2025-11-27T04:15:20+00:00\" \/>\n<meta property=\"article:modified_time\" content=\"2025-11-27T16:10:18+00:00\" \/>\n<meta property=\"og:image\" content=\"https:\/\/gentedebasquet.com.ar\/sitio\/wp-content\/uploads\/2025\/11\/vlcsnap-2025-11-27-01h10m30s622.png\" \/>\n\t<meta property=\"og:image:width\" content=\"690\" \/>\n\t<meta property=\"og:image:height\" content=\"319\" \/>\n\t<meta property=\"og:image:type\" content=\"image\/png\" \/>\n<meta name=\"author\" content=\"Andres Camarero\" \/>\n<meta name=\"twitter:card\" content=\"summary_large_image\" \/>\n<meta name=\"twitter:label1\" content=\"Escrito por\" \/>\n\t<meta name=\"twitter:data1\" content=\"Andres Camarero\" \/>\n\t<meta name=\"twitter:label2\" content=\"Tiempo de lectura\" \/>\n\t<meta name=\"twitter:data2\" content=\"3 minutos\" \/>\n<script type=\"application\/ld+json\" class=\"yoast-schema-graph\">{\"@context\":\"https:\\\/\\\/schema.org\",\"@graph\":[{\"@type\":\"Article\",\"@id\":\"https:\\\/\\\/gentedebasquet.com.ar\\\/sitio\\\/2025\\\/11\\\/27\\\/9-de-julio-es-finalista-del-certamen-femenino-mayor\\\/#article\",\"isPartOf\":{\"@id\":\"https:\\\/\\\/gentedebasquet.com.ar\\\/sitio\\\/2025\\\/11\\\/27\\\/9-de-julio-es-finalista-del-certamen-femenino-mayor\\\/\"},\"author\":{\"name\":\"Andres Camarero\",\"@id\":\"https:\\\/\\\/gentedebasquet.com.ar\\\/sitio\\\/#\\\/schema\\\/person\\\/6f3e5bc5df127b420a445d22fc9eaa51\"},\"headline\":\"9 de Julio es finalista del certamen femenino mayor\",\"datePublished\":\"2025-11-27T04:15:20+00:00\",\"dateModified\":\"2025-11-27T16:10:18+00:00\",\"mainEntityOfPage\":{\"@id\":\"https:\\\/\\\/gentedebasquet.com.ar\\\/sitio\\\/2025\\\/11\\\/27\\\/9-de-julio-es-finalista-del-certamen-femenino-mayor\\\/\"},\"wordCount\":503,\"image\":{\"@id\":\"https:\\\/\\\/gentedebasquet.com.ar\\\/sitio\\\/2025\\\/11\\\/27\\\/9-de-julio-es-finalista-del-certamen-femenino-mayor\\\/#primaryimage\"},\"thumbnailUrl\":\"https:\\\/\\\/gentedebasquet.com.ar\\\/sitio\\\/wp-content\\\/uploads\\\/2025\\\/11\\\/vlcsnap-2025-11-27-01h10m30s622.png\",\"keywords\":[\"9 de Julio\",\"Emilia Fern\u00e1ndez\",\"Lukene Uthurralt\",\"Sportivo Bahiense\"],\"articleSection\":[\"Femenino\",\"Slide\"],\"inLanguage\":\"es\"},{\"@type\":\"WebPage\",\"@id\":\"https:\\\/\\\/gentedebasquet.com.ar\\\/sitio\\\/2025\\\/11\\\/27\\\/9-de-julio-es-finalista-del-certamen-femenino-mayor\\\/\",\"url\":\"https:\\\/\\\/gentedebasquet.com.ar\\\/sitio\\\/2025\\\/11\\\/27\\\/9-de-julio-es-finalista-del-certamen-femenino-mayor\\\/\",\"name\":\"9 de Julio es finalista del certamen femenino mayor - Gente de B\u00e1squet\",\"isPartOf\":{\"@id\":\"https:\\\/\\\/gentedebasquet.com.ar\\\/sitio\\\/#website\"},\"primaryImageOfPage\":{\"@id\":\"https:\\\/\\\/gentedebasquet.com.ar\\\/sitio\\\/2025\\\/11\\\/27\\\/9-de-julio-es-finalista-del-certamen-femenino-mayor\\\/#primaryimage\"},\"image\":{\"@id\":\"https:\\\/\\\/gentedebasquet.com.ar\\\/sitio\\\/2025\\\/11\\\/27\\\/9-de-julio-es-finalista-del-certamen-femenino-mayor\\\/#primaryimage\"},\"thumbnailUrl\":\"https:\\\/\\\/gentedebasquet.com.ar\\\/sitio\\\/wp-content\\\/uploads\\\/2025\\\/11\\\/vlcsnap-2025-11-27-01h10m30s622.png\",\"datePublished\":\"2025-11-27T04:15:20+00:00\",\"dateModified\":\"2025-11-27T16:10:18+00:00\",\"author\":{\"@id\":\"https:\\\/\\\/gentedebasquet.com.ar\\\/sitio\\\/#\\\/schema\\\/person\\\/6f3e5bc5df127b420a445d22fc9eaa51\"},\"breadcrumb\":{\"@id\":\"https:\\\/\\\/gentedebasquet.com.ar\\\/sitio\\\/2025\\\/11\\\/27\\\/9-de-julio-es-finalista-del-certamen-femenino-mayor\\\/#breadcrumb\"},\"inLanguage\":\"es\",\"potentialAction\":[{\"@type\":\"ReadAction\",\"target\":[\"https:\\\/\\\/gentedebasquet.com.ar\\\/sitio\\\/2025\\\/11\\\/27\\\/9-de-julio-es-finalista-del-certamen-femenino-mayor\\\/\"]}]},{\"@type\":\"ImageObject\",\"inLanguage\":\"es\",\"@id\":\"https:\\\/\\\/gentedebasquet.com.ar\\\/sitio\\\/2025\\\/11\\\/27\\\/9-de-julio-es-finalista-del-certamen-femenino-mayor\\\/#primaryimage\",\"url\":\"https:\\\/\\\/gentedebasquet.com.ar\\\/sitio\\\/wp-content\\\/uploads\\\/2025\\\/11\\\/vlcsnap-2025-11-27-01h10m30s622.png\",\"contentUrl\":\"https:\\\/\\\/gentedebasquet.com.ar\\\/sitio\\\/wp-content\\\/uploads\\\/2025\\\/11\\\/vlcsnap-2025-11-27-01h10m30s622.png\",\"width\":690,\"height\":319},{\"@type\":\"BreadcrumbList\",\"@id\":\"https:\\\/\\\/gentedebasquet.com.ar\\\/sitio\\\/2025\\\/11\\\/27\\\/9-de-julio-es-finalista-del-certamen-femenino-mayor\\\/#breadcrumb\",\"itemListElement\":[{\"@type\":\"ListItem\",\"position\":1,\"name\":\"Portada\",\"item\":\"https:\\\/\\\/gentedebasquet.com.ar\\\/sitio\\\/\"},{\"@type\":\"ListItem\",\"position\":2,\"name\":\"9 de Julio es finalista del certamen femenino mayor\"}]},{\"@type\":\"WebSite\",\"@id\":\"https:\\\/\\\/gentedebasquet.com.ar\\\/sitio\\\/#website\",\"url\":\"https:\\\/\\\/gentedebasquet.com.ar\\\/sitio\\\/\",\"name\":\"Gente de B\u00e1squet\",\"description\":\"La revista del basquet de Bah\u00eda Blanca\",\"potentialAction\":[{\"@type\":\"SearchAction\",\"target\":{\"@type\":\"EntryPoint\",\"urlTemplate\":\"https:\\\/\\\/gentedebasquet.com.ar\\\/sitio\\\/?s={search_term_string}\"},\"query-input\":{\"@type\":\"PropertyValueSpecification\",\"valueRequired\":true,\"valueName\":\"search_term_string\"}}],\"inLanguage\":\"es\"},{\"@type\":\"Person\",\"@id\":\"https:\\\/\\\/gentedebasquet.com.ar\\\/sitio\\\/#\\\/schema\\\/person\\\/6f3e5bc5df127b420a445d22fc9eaa51\",\"name\":\"Andres Camarero\",\"image\":{\"@type\":\"ImageObject\",\"inLanguage\":\"es\",\"@id\":\"https:\\\/\\\/secure.gravatar.com\\\/avatar\\\/f6d4884ec54a50c25ccd5e4f54f5e904d09dfe74ef58e58f631f3917b6fed7cd?s=96&d=mm&r=g\",\"url\":\"https:\\\/\\\/secure.gravatar.com\\\/avatar\\\/f6d4884ec54a50c25ccd5e4f54f5e904d09dfe74ef58e58f631f3917b6fed7cd?s=96&d=mm&r=g\",\"contentUrl\":\"https:\\\/\\\/secure.gravatar.com\\\/avatar\\\/f6d4884ec54a50c25ccd5e4f54f5e904d09dfe74ef58e58f631f3917b6fed7cd?s=96&d=mm&r=g\",\"caption\":\"Andres Camarero\"},\"url\":\"https:\\\/\\\/gentedebasquet.com.ar\\\/sitio\\\/author\\\/andres-camarero\\\/\"}]}<\/script>\n<!-- \/ Yoast SEO plugin. -->","yoast_head_json":{"title":"9 de Julio es finalista del certamen femenino mayor - Gente de B\u00e1squet","robots":{"index":"index","follow":"follow","max-snippet":"max-snippet:-1","max-image-preview":"max-image-preview:large","max-video-preview":"max-video-preview:-1"},"canonical":"https:\/\/gentedebasquet.com.ar\/sitio\/2025\/11\/27\/9-de-julio-es-finalista-del-certamen-femenino-mayor\/","og_locale":"es_ES","og_type":"article","og_title":"9 de Julio es finalista del certamen femenino mayor - Gente de B\u00e1squet","og_description":"\u00a0 \u00a0El equipo conducido en su parte t\u00e9cnica por Juli\u00e1n Turcato volvi\u00f3 a vencer a Sportivo Bahiense en el segundo partido de la serie de semifinales del campeonato superior local jugado en el estadio Eladio Santos de la instituci\u00f3n tricolor y asegur\u00f3 as\u00ed su llegada a una nueva final de competencia. Si vence a Estudiantes [&hellip;]","og_url":"https:\/\/gentedebasquet.com.ar\/sitio\/2025\/11\/27\/9-de-julio-es-finalista-del-certamen-femenino-mayor\/","og_site_name":"Gente de B\u00e1squet","article_published_time":"2025-11-27T04:15:20+00:00","article_modified_time":"2025-11-27T16:10:18+00:00","og_image":[{"width":690,"height":319,"url":"https:\/\/gentedebasquet.com.ar\/sitio\/wp-content\/uploads\/2025\/11\/vlcsnap-2025-11-27-01h10m30s622.png","type":"image\/png"}],"author":"Andres Camarero","twitter_card":"summary_large_image","twitter_misc":{"Escrito por":"Andres Camarero","Tiempo de lectura":"3 minutos"},"schema":{"@context":"https:\/\/schema.org","@graph":[{"@type":"Article","@id":"https:\/\/gentedebasquet.com.ar\/sitio\/2025\/11\/27\/9-de-julio-es-finalista-del-certamen-femenino-mayor\/#article","isPartOf":{"@id":"https:\/\/gentedebasquet.com.ar\/sitio\/2025\/11\/27\/9-de-julio-es-finalista-del-certamen-femenino-mayor\/"},"author":{"name":"Andres Camarero","@id":"https:\/\/gentedebasquet.com.ar\/sitio\/#\/schema\/person\/6f3e5bc5df127b420a445d22fc9eaa51"},"headline":"9 de Julio es finalista del certamen femenino mayor","datePublished":"2025-11-27T04:15:20+00:00","dateModified":"2025-11-27T16:10:18+00:00","mainEntityOfPage":{"@id":"https:\/\/gentedebasquet.com.ar\/sitio\/2025\/11\/27\/9-de-julio-es-finalista-del-certamen-femenino-mayor\/"},"wordCount":503,"image":{"@id":"https:\/\/gentedebasquet.com.ar\/sitio\/2025\/11\/27\/9-de-julio-es-finalista-del-certamen-femenino-mayor\/#primaryimage"},"thumbnailUrl":"https:\/\/gentedebasquet.com.ar\/sitio\/wp-content\/uploads\/2025\/11\/vlcsnap-2025-11-27-01h10m30s622.png","keywords":["9 de Julio","Emilia Fern\u00e1ndez","Lukene Uthurralt","Sportivo Bahiense"],"articleSection":["Femenino","Slide"],"inLanguage":"es"},{"@type":"WebPage","@id":"https:\/\/gentedebasquet.com.ar\/sitio\/2025\/11\/27\/9-de-julio-es-finalista-del-certamen-femenino-mayor\/","url":"https:\/\/gentedebasquet.com.ar\/sitio\/2025\/11\/27\/9-de-julio-es-finalista-del-certamen-femenino-mayor\/","name":"9 de Julio es finalista del certamen femenino mayor - Gente de B\u00e1squet","isPartOf":{"@id":"https:\/\/gentedebasquet.com.ar\/sitio\/#website"},"primaryImageOfPage":{"@id":"https:\/\/gentedebasquet.com.ar\/sitio\/2025\/11\/27\/9-de-julio-es-finalista-del-certamen-femenino-mayor\/#primaryimage"},"image":{"@id":"https:\/\/gentedebasquet.com.ar\/sitio\/2025\/11\/27\/9-de-julio-es-finalista-del-certamen-femenino-mayor\/#primaryimage"},"thumbnailUrl":"https:\/\/gentedebasquet.com.ar\/sitio\/wp-content\/uploads\/2025\/11\/vlcsnap-2025-11-27-01h10m30s622.png","datePublished":"2025-11-27T04:15:20+00:00","dateModified":"2025-11-27T16:10:18+00:00","author":{"@id":"https:\/\/gentedebasquet.com.ar\/sitio\/#\/schema\/person\/6f3e5bc5df127b420a445d22fc9eaa51"},"breadcrumb":{"@id":"https:\/\/gentedebasquet.com.ar\/sitio\/2025\/11\/27\/9-de-julio-es-finalista-del-certamen-femenino-mayor\/#breadcrumb"},"inLanguage":"es","potentialAction":[{"@type":"ReadAction","target":["https:\/\/gentedebasquet.com.ar\/sitio\/2025\/11\/27\/9-de-julio-es-finalista-del-certamen-femenino-mayor\/"]}]},{"@type":"ImageObject","inLanguage":"es","@id":"https:\/\/gentedebasquet.com.ar\/sitio\/2025\/11\/27\/9-de-julio-es-finalista-del-certamen-femenino-mayor\/#primaryimage","url":"https:\/\/gentedebasquet.com.ar\/sitio\/wp-content\/uploads\/2025\/11\/vlcsnap-2025-11-27-01h10m30s622.png","contentUrl":"https:\/\/gentedebasquet.com.ar\/sitio\/wp-content\/uploads\/2025\/11\/vlcsnap-2025-11-27-01h10m30s622.png","width":690,"height":319},{"@type":"BreadcrumbList","@id":"https:\/\/gentedebasquet.com.ar\/sitio\/2025\/11\/27\/9-de-julio-es-finalista-del-certamen-femenino-mayor\/#breadcrumb","itemListElement":[{"@type":"ListItem","position":1,"name":"Portada","item":"https:\/\/gentedebasquet.com.ar\/sitio\/"},{"@type":"ListItem","position":2,"name":"9 de Julio es finalista del certamen femenino mayor"}]},{"@type":"WebSite","@id":"https:\/\/gentedebasquet.com.ar\/sitio\/#website","url":"https:\/\/gentedebasquet.com.ar\/sitio\/","name":"Gente de B\u00e1squet","description":"La revista del basquet de Bah\u00eda Blanca","potentialAction":[{"@type":"SearchAction","target":{"@type":"EntryPoint","urlTemplate":"https:\/\/gentedebasquet.com.ar\/sitio\/?s={search_term_string}"},"query-input":{"@type":"PropertyValueSpecification","valueRequired":true,"valueName":"search_term_string"}}],"inLanguage":"es"},{"@type":"Person","@id":"https:\/\/gentedebasquet.com.ar\/sitio\/#\/schema\/person\/6f3e5bc5df127b420a445d22fc9eaa51","name":"Andres Camarero","image":{"@type":"ImageObject","inLanguage":"es","@id":"https:\/\/secure.gravatar.com\/avatar\/f6d4884ec54a50c25ccd5e4f54f5e904d09dfe74ef58e58f631f3917b6fed7cd?s=96&d=mm&r=g","url":"https:\/\/secure.gravatar.com\/avatar\/f6d4884ec54a50c25ccd5e4f54f5e904d09dfe74ef58e58f631f3917b6fed7cd?s=96&d=mm&r=g","contentUrl":"https:\/\/secure.gravatar.com\/avatar\/f6d4884ec54a50c25ccd5e4f54f5e904d09dfe74ef58e58f631f3917b6fed7cd?s=96&d=mm&r=g","caption":"Andres Camarero"},"url":"https:\/\/gentedebasquet.com.ar\/sitio\/author\/andres-camarero\/"}]}},"_links":{"self":[{"href":"https:\/\/gentedebasquet.com.ar\/sitio\/wp-json\/wp\/v2\/posts\/119484","targetHints":{"allow":["GET"]}}],"collection":[{"href":"https:\/\/gentedebasquet.com.ar\/sitio\/wp-json\/wp\/v2\/posts"}],"about":[{"href":"https:\/\/gentedebasquet.com.ar\/sitio\/wp-json\/wp\/v2\/types\/post"}],"author":[{"embeddable":true,"href":"https:\/\/gentedebasquet.com.ar\/sitio\/wp-json\/wp\/v2\/users\/70"}],"replies":[{"embeddable":true,"href":"https:\/\/gentedebasquet.com.ar\/sitio\/wp-json\/wp\/v2\/comments?post=119484"}],"version-history":[{"count":5,"href":"https:\/\/gentedebasquet.com.ar\/sitio\/wp-json\/wp\/v2\/posts\/119484\/revisions"}],"predecessor-version":[{"id":119497,"href":"https:\/\/gentedebasquet.com.ar\/sitio\/wp-json\/wp\/v2\/posts\/119484\/revisions\/119497"}],"wp:featuredmedia":[{"embeddable":true,"href":"https:\/\/gentedebasquet.com.ar\/sitio\/wp-json\/wp\/v2\/media\/119492"}],"wp:attachment":[{"href":"https:\/\/gentedebasquet.com.ar\/sitio\/wp-json\/wp\/v2\/media?parent=119484"}],"wp:term":[{"taxonomy":"category","embeddable":true,"href":"https:\/\/gentedebasquet.com.ar\/sitio\/wp-json\/wp\/v2\/categories?post=119484"},{"taxonomy":"post_tag","embeddable":true,"href":"https:\/\/gentedebasquet.com.ar\/sitio\/wp-json\/wp\/v2\/tags?post=119484"}],"curies":[{"name":"wp","href":"https:\/\/api.w.org\/{rel}","templated":true}]}}