{"id":119625,"date":"2025-12-06T05:44:11","date_gmt":"2025-12-06T04:44:11","guid":{"rendered":"https:\/\/gentedebasquet.com.ar\/sitio\/?p=119625"},"modified":"2025-12-06T05:44:11","modified_gmt":"2025-12-06T04:44:11","slug":"9-de-julio-a-promocion","status":"publish","type":"post","link":"https:\/\/gentedebasquet.com.ar\/sitio\/2025\/12\/06\/9-de-julio-a-promocion\/","title":{"rendered":"9 de Julio a Promoci\u00f3n"},"content":{"rendered":"\n<p><strong>9 de Julio derrot\u00f3 a San Lorenzo por 78-52 y se asegur\u00f3 de jugar la Promoci\u00f3n ante Independiente. D\u00f3nde con un buen segundo y tercer cuarto (51-16 entre los dos cuartos). Hubo 26 de Ruesga en \u201c9\u201d. Del lado visitante hubo 10 de Seewald y Coria<\/strong><\/p>\n\n\n\n<p>Vertiginoso comienzo, la visita anotar\u00eda a distancia con Pena, el local hubo 2 de Fraga y 2 de Costa. <strong>En un inicio de bajo gol, donde el tanteador iba 4-6 en 4\u2019 de juego<\/strong>. Agust\u00edn Pena sumar\u00eda otro triple m\u00e1s a su casillero, el anfitri\u00f3n no lograba anotar y forzaba situaciones. 11-13 cerr\u00f3 el primero.<\/p>\n\n\n\n<p>9 de Julio tuvo un gran segmento, donde luci\u00f3 todo su juego <strong>Santiago Ruesga quien anot\u00f3 10 puntos en el mismo<\/strong>, <strong>San Lorenzo se desdibuj\u00f3 y solamente convirti\u00f3 6 unidades en el cuarto<\/strong>. Que culmin\u00f3 33-19 <strong>(22-6 parcial de \u201c9\u201d).<\/strong><\/p>\n\n\n\n<p>A la vuelta de los vestuarios,<strong> se vi\u00f3 la mejor versi\u00f3n de 9 de Julio donde Manu Costa sum\u00f3 4 triples, para empezar a poner una m\u00e1xima hasta ese momento de 20 puntos.<\/strong> En los de Aleksoski tuvieron buenas r\u00e1fagas Seewald y Coria como los m\u00e1s resonantes. <strong>9 de Julio sac\u00f3 21 (45-24). Y sobre el final del cuarto ya era de 33 la diferencia, 62-29.<\/strong><\/p>\n\n\n\n<p>El \u00faltimo cuarto fue donde termin\u00f3 de lucirse Santiago Ruesga y en la visita tuvo gol con Juan Fuentes, <strong>\u201c9\u201d no afloj\u00f3 la marcha y sigui\u00f3 estando intenso en defensa y efectivo en ataque, San Lorenzo intent\u00f3 mejorar su perfomance<\/strong>. Ambos equipos utilizaron hasta lo m\u00e1s profundo de su banca. <\/p>\n\n\n\n<p><strong>Los de Turcato cumplieron su primer objetivo y ahora le tocar\u00e1 jugar la Promoci\u00f3n ante Independiente. San Lorenzo, con un equipo plagado de j\u00f3venes deber\u00e1 afrontar el 2026 en Segunda Divisi\u00f3n.<\/strong><\/p>\n\n\n\n<figure class=\"wp-block-embed is-type-video is-provider-youtube wp-block-embed-youtube wp-embed-aspect-16-9 wp-has-aspect-ratio\"><div class=\"wp-block-embed__wrapper\">\n<div class=\"jeg_video_container jeg_video_content\"><iframe loading=\"lazy\" title=\"#Primera - Permanencia - Juego #5 (+5): 9 de Julio 78 (3) - 52 San Lorenzo (2)\" width=\"500\" height=\"281\" src=\"https:\/\/www.youtube.com\/embed\/KMfJcx1R0vg?feature=oembed\" frameborder=\"0\" allow=\"accelerometer; autoplay; clipboard-write; encrypted-media; gyroscope; picture-in-picture; web-share\" referrerpolicy=\"strict-origin-when-cross-origin\" allowfullscreen><\/iframe><\/div>\n<\/div><\/figure>\n\n\n\n<figure class=\"wp-block-image size-large\"><img decoding=\"async\" width=\"1024\" height=\"1024\" src=\"https:\/\/gentedebasquet.com.ar\/sitio\/wp-content\/uploads\/2025\/12\/ea88e80a-34fd-4b78-b712-ec69bf7fb90b-1024x1024.jpg\" alt=\"\" class=\"wp-image-119630\" srcset=\"https:\/\/gentedebasquet.com.ar\/sitio\/wp-content\/uploads\/2025\/12\/ea88e80a-34fd-4b78-b712-ec69bf7fb90b-1024x1024.jpg 1024w, https:\/\/gentedebasquet.com.ar\/sitio\/wp-content\/uploads\/2025\/12\/ea88e80a-34fd-4b78-b712-ec69bf7fb90b-300x300.jpg 300w, https:\/\/gentedebasquet.com.ar\/sitio\/wp-content\/uploads\/2025\/12\/ea88e80a-34fd-4b78-b712-ec69bf7fb90b-150x150.jpg 150w, https:\/\/gentedebasquet.com.ar\/sitio\/wp-content\/uploads\/2025\/12\/ea88e80a-34fd-4b78-b712-ec69bf7fb90b-768x768.jpg 768w, https:\/\/gentedebasquet.com.ar\/sitio\/wp-content\/uploads\/2025\/12\/ea88e80a-34fd-4b78-b712-ec69bf7fb90b-1536x1536.jpg 1536w, https:\/\/gentedebasquet.com.ar\/sitio\/wp-content\/uploads\/2025\/12\/ea88e80a-34fd-4b78-b712-ec69bf7fb90b-75x75.jpg 75w, https:\/\/gentedebasquet.com.ar\/sitio\/wp-content\/uploads\/2025\/12\/ea88e80a-34fd-4b78-b712-ec69bf7fb90b-350x350.jpg 350w, https:\/\/gentedebasquet.com.ar\/sitio\/wp-content\/uploads\/2025\/12\/ea88e80a-34fd-4b78-b712-ec69bf7fb90b-750x750.jpg 750w, https:\/\/gentedebasquet.com.ar\/sitio\/wp-content\/uploads\/2025\/12\/ea88e80a-34fd-4b78-b712-ec69bf7fb90b-1140x1140.jpg 1140w, https:\/\/gentedebasquet.com.ar\/sitio\/wp-content\/uploads\/2025\/12\/ea88e80a-34fd-4b78-b712-ec69bf7fb90b.jpg 1600w\" sizes=\"(max-width: 1024px) 100vw, 1024px\" \/><\/figure>\n\n\n\n<figure class=\"wp-block-image size-large\"><img decoding=\"async\" width=\"1024\" height=\"1024\" src=\"https:\/\/gentedebasquet.com.ar\/sitio\/wp-content\/uploads\/2025\/12\/5a915871-4500-47df-8961-ee6d6c45bd4e-1024x1024.jpg\" alt=\"\" class=\"wp-image-119629\" srcset=\"https:\/\/gentedebasquet.com.ar\/sitio\/wp-content\/uploads\/2025\/12\/5a915871-4500-47df-8961-ee6d6c45bd4e-1024x1024.jpg 1024w, https:\/\/gentedebasquet.com.ar\/sitio\/wp-content\/uploads\/2025\/12\/5a915871-4500-47df-8961-ee6d6c45bd4e-300x300.jpg 300w, https:\/\/gentedebasquet.com.ar\/sitio\/wp-content\/uploads\/2025\/12\/5a915871-4500-47df-8961-ee6d6c45bd4e-150x150.jpg 150w, https:\/\/gentedebasquet.com.ar\/sitio\/wp-content\/uploads\/2025\/12\/5a915871-4500-47df-8961-ee6d6c45bd4e-768x768.jpg 768w, https:\/\/gentedebasquet.com.ar\/sitio\/wp-content\/uploads\/2025\/12\/5a915871-4500-47df-8961-ee6d6c45bd4e-1536x1536.jpg 1536w, https:\/\/gentedebasquet.com.ar\/sitio\/wp-content\/uploads\/2025\/12\/5a915871-4500-47df-8961-ee6d6c45bd4e-75x75.jpg 75w, https:\/\/gentedebasquet.com.ar\/sitio\/wp-content\/uploads\/2025\/12\/5a915871-4500-47df-8961-ee6d6c45bd4e-350x350.jpg 350w, https:\/\/gentedebasquet.com.ar\/sitio\/wp-content\/uploads\/2025\/12\/5a915871-4500-47df-8961-ee6d6c45bd4e-750x750.jpg 750w, https:\/\/gentedebasquet.com.ar\/sitio\/wp-content\/uploads\/2025\/12\/5a915871-4500-47df-8961-ee6d6c45bd4e-1140x1140.jpg 1140w, https:\/\/gentedebasquet.com.ar\/sitio\/wp-content\/uploads\/2025\/12\/5a915871-4500-47df-8961-ee6d6c45bd4e.jpg 1600w\" sizes=\"(max-width: 1024px) 100vw, 1024px\" \/><\/figure>\n\n\n\n<figure class=\"wp-block-image size-large\"><img decoding=\"async\" width=\"1024\" height=\"768\" src=\"https:\/\/gentedebasquet.com.ar\/sitio\/wp-content\/uploads\/2025\/12\/img_9300-1024x768.jpg\" alt=\"\" class=\"wp-image-119628\" srcset=\"https:\/\/gentedebasquet.com.ar\/sitio\/wp-content\/uploads\/2025\/12\/img_9300-1024x768.jpg 1024w, https:\/\/gentedebasquet.com.ar\/sitio\/wp-content\/uploads\/2025\/12\/img_9300-300x225.jpg 300w, https:\/\/gentedebasquet.com.ar\/sitio\/wp-content\/uploads\/2025\/12\/img_9300-768x576.jpg 768w, https:\/\/gentedebasquet.com.ar\/sitio\/wp-content\/uploads\/2025\/12\/img_9300-1536x1152.jpg 1536w, https:\/\/gentedebasquet.com.ar\/sitio\/wp-content\/uploads\/2025\/12\/img_9300-750x563.jpg 750w, https:\/\/gentedebasquet.com.ar\/sitio\/wp-content\/uploads\/2025\/12\/img_9300-1140x855.jpg 1140w, https:\/\/gentedebasquet.com.ar\/sitio\/wp-content\/uploads\/2025\/12\/img_9300.jpg 2000w\" sizes=\"(max-width: 1024px) 100vw, 1024px\" \/><\/figure>\n\n\n\n<blockquote class=\"wp-block-quote is-layout-flow wp-block-quote-is-layout-flow\">\n<p>\u00abSab\u00edamos que hoy era a matar o morir, quer\u00edamos defender el club. Apuntamos a quedarnos en primera, los equipos de segunda son duros, pero tenemos ventaja contra Independiente, por la local\u00eda y por el ritmo.\u00bb<strong>&nbsp;Santiago Ruesga, 9 de Julio.<\/strong><\/p>\n<\/blockquote>\n\n\n\n<p><strong>S\u00edntesis \u2013 Permanencia \u2013 Juego #5 (+5)<\/strong><\/p>\n\n\n\n<p><strong>9 de Julio 78:<\/strong>&nbsp;Santiago Ruesga (26), Francisco Anaya (6), Manuel Costa (20), Carlos Fraga (6), Andr\u00e9s Almir\u00f3n (0) (FI); Luciano Vecchi (9), Sebasti\u00e1n Villegas (0), Francisco Goyanarte (0), Luciano D\u2019Amaro (4), Santiago Boy\u00e9 (5), Nicol\u00e1s Mazza (0), Santiago Rodr\u00edguez (0).<strong>&nbsp;DT: Juli\u00e1n Turcato.<\/strong><\/p>\n\n\n\n<p><strong>San Lorenzo 52:<\/strong>&nbsp;Rodrigo Arce (2), Agust\u00edn Pena (9), Lautaro Fernetich (2),&nbsp;Nicol\u00e1s Herbik (3), Joaqu\u00edn Coria (10) (FI); Sim\u00f3n Seewald (10), Juan Fuentes (3), Mirko Cenzual (3), Nahuel Diez (7), Lautaro Fortelli (3), Rom\u00e1n Galuzo (0), Mariano Blanche (0).&nbsp;<strong>DT: Sebasti\u00e1n Aleksoski.<\/strong><\/p>\n\n\n\n<p><strong>Parciales<\/strong>: 11-13, 31-19 (22-6), 62-29 (29-10), 78-52 (16-23).<\/p>\n\n\n\n<p><strong>\u00c1rbitros<\/strong>: Sebasti\u00e1n Arcas \u2013 Sebasti\u00e1n Giannino&nbsp;\u2013 Horacio Sedan<\/p>\n\n\n\n<p><strong>Estadio<\/strong>: N\u00e9stor Damiani (9 de Julio)<\/p>\n\n\n\n<p><strong>Serie:&nbsp;<\/strong>9 de Julio 3-2.<\/p>\n\n\n\n<figure class=\"wp-block-image size-large\"><img decoding=\"async\" width=\"1024\" height=\"768\" src=\"https:\/\/gentedebasquet.com.ar\/sitio\/wp-content\/uploads\/2025\/12\/img_9244-1-1024x768.jpg\" alt=\"\" class=\"wp-image-119627\" srcset=\"https:\/\/gentedebasquet.com.ar\/sitio\/wp-content\/uploads\/2025\/12\/img_9244-1-1024x768.jpg 1024w, https:\/\/gentedebasquet.com.ar\/sitio\/wp-content\/uploads\/2025\/12\/img_9244-1-300x225.jpg 300w, https:\/\/gentedebasquet.com.ar\/sitio\/wp-content\/uploads\/2025\/12\/img_9244-1-768x576.jpg 768w, https:\/\/gentedebasquet.com.ar\/sitio\/wp-content\/uploads\/2025\/12\/img_9244-1-1536x1152.jpg 1536w, https:\/\/gentedebasquet.com.ar\/sitio\/wp-content\/uploads\/2025\/12\/img_9244-1-750x563.jpg 750w, https:\/\/gentedebasquet.com.ar\/sitio\/wp-content\/uploads\/2025\/12\/img_9244-1-1140x855.jpg 1140w, https:\/\/gentedebasquet.com.ar\/sitio\/wp-content\/uploads\/2025\/12\/img_9244-1.jpg 2000w\" sizes=\"(max-width: 1024px) 100vw, 1024px\" \/><\/figure>\n","protected":false},"excerpt":{"rendered":"<p>9 de Julio derrot\u00f3 a San Lorenzo por 78-52 y se asegur\u00f3 de jugar la Promoci\u00f3n ante Independiente. D\u00f3nde con un buen segundo y tercer cuarto (51-16 entre los dos cuartos). Hubo 26 de Ruesga en \u201c9\u201d. Del lado visitante hubo 10 de Seewald y Coria Vertiginoso comienzo, la visita anotar\u00eda a distancia con Pena, [&hellip;]<\/p>\n","protected":false},"author":82,"featured_media":119631,"comment_status":"closed","ping_status":"open","sticky":false,"template":"","format":"standard","meta":{"jnews-multi-image_gallery":[],"jnews_single_post":[],"jnews_primary_category":[],"footnotes":""},"categories":[23,101],"tags":[2,1884,952,1169,508,668,1693],"class_list":["post-119625","post","type-post","status-publish","format-standard","has-post-thumbnail","hentry","category-primera","category-slide","tag-9dejulio","tag-joaquin-coria","tag-permanencia","tag-primera","tag-primera-division","tag-san-lorenzo-del-sud","tag-santiago-ruesga"],"yoast_head":"<!-- This site is optimized with the Yoast SEO plugin v27.5 - https:\/\/yoast.com\/product\/yoast-seo-wordpress\/ -->\n<title>9 de Julio a Promoci\u00f3n - Gente de B\u00e1squet<\/title>\n<meta name=\"robots\" content=\"index, follow, max-snippet:-1, max-image-preview:large, max-video-preview:-1\" \/>\n<link rel=\"canonical\" href=\"https:\/\/gentedebasquet.com.ar\/sitio\/2025\/12\/06\/9-de-julio-a-promocion\/\" \/>\n<meta property=\"og:locale\" content=\"es_ES\" \/>\n<meta property=\"og:type\" content=\"article\" \/>\n<meta property=\"og:title\" content=\"9 de Julio a Promoci\u00f3n - Gente de B\u00e1squet\" \/>\n<meta property=\"og:description\" content=\"9 de Julio derrot\u00f3 a San Lorenzo por 78-52 y se asegur\u00f3 de jugar la Promoci\u00f3n ante Independiente. D\u00f3nde con un buen segundo y tercer cuarto (51-16 entre los dos cuartos). Hubo 26 de Ruesga en \u201c9\u201d. Del lado visitante hubo 10 de Seewald y Coria Vertiginoso comienzo, la visita anotar\u00eda a distancia con Pena, [&hellip;]\" \/>\n<meta property=\"og:url\" content=\"https:\/\/gentedebasquet.com.ar\/sitio\/2025\/12\/06\/9-de-julio-a-promocion\/\" \/>\n<meta property=\"og:site_name\" content=\"Gente de B\u00e1squet\" \/>\n<meta property=\"article:published_time\" content=\"2025-12-06T04:44:11+00:00\" \/>\n<meta property=\"og:image\" content=\"https:\/\/gentedebasquet.com.ar\/sitio\/wp-content\/uploads\/2025\/12\/img_9234.jpg\" \/>\n\t<meta property=\"og:image:width\" content=\"2000\" \/>\n\t<meta property=\"og:image:height\" content=\"1500\" \/>\n\t<meta property=\"og:image:type\" content=\"image\/jpeg\" \/>\n<meta name=\"author\" content=\"Manuel Lacerenza\" \/>\n<meta name=\"twitter:card\" content=\"summary_large_image\" \/>\n<meta name=\"twitter:label1\" content=\"Escrito por\" \/>\n\t<meta name=\"twitter:data1\" content=\"Manuel Lacerenza\" \/>\n\t<meta name=\"twitter:label2\" content=\"Tiempo de lectura\" \/>\n\t<meta name=\"twitter:data2\" content=\"2 minutos\" \/>\n<script type=\"application\/ld+json\" class=\"yoast-schema-graph\">{\"@context\":\"https:\\\/\\\/schema.org\",\"@graph\":[{\"@type\":\"Article\",\"@id\":\"https:\\\/\\\/gentedebasquet.com.ar\\\/sitio\\\/2025\\\/12\\\/06\\\/9-de-julio-a-promocion\\\/#article\",\"isPartOf\":{\"@id\":\"https:\\\/\\\/gentedebasquet.com.ar\\\/sitio\\\/2025\\\/12\\\/06\\\/9-de-julio-a-promocion\\\/\"},\"author\":{\"name\":\"Manuel Lacerenza\",\"@id\":\"https:\\\/\\\/gentedebasquet.com.ar\\\/sitio\\\/#\\\/schema\\\/person\\\/643357fb6a37b5549c9cfe9f339c9f1b\"},\"headline\":\"9 de Julio a Promoci\u00f3n\",\"datePublished\":\"2025-12-06T04:44:11+00:00\",\"mainEntityOfPage\":{\"@id\":\"https:\\\/\\\/gentedebasquet.com.ar\\\/sitio\\\/2025\\\/12\\\/06\\\/9-de-julio-a-promocion\\\/\"},\"wordCount\":451,\"image\":{\"@id\":\"https:\\\/\\\/gentedebasquet.com.ar\\\/sitio\\\/2025\\\/12\\\/06\\\/9-de-julio-a-promocion\\\/#primaryimage\"},\"thumbnailUrl\":\"https:\\\/\\\/gentedebasquet.com.ar\\\/sitio\\\/wp-content\\\/uploads\\\/2025\\\/12\\\/img_9234.jpg\",\"keywords\":[\"9 de Julio\",\"Joaqu\u00edn Coria\",\"Permanencia\",\"Primera\",\"Primera Divisi\u00f3n\",\"San Lorenzo del Sud\",\"Santiago Ruesga\"],\"articleSection\":[\"Primera\",\"Slide\"],\"inLanguage\":\"es\"},{\"@type\":\"WebPage\",\"@id\":\"https:\\\/\\\/gentedebasquet.com.ar\\\/sitio\\\/2025\\\/12\\\/06\\\/9-de-julio-a-promocion\\\/\",\"url\":\"https:\\\/\\\/gentedebasquet.com.ar\\\/sitio\\\/2025\\\/12\\\/06\\\/9-de-julio-a-promocion\\\/\",\"name\":\"9 de Julio a Promoci\u00f3n - Gente de B\u00e1squet\",\"isPartOf\":{\"@id\":\"https:\\\/\\\/gentedebasquet.com.ar\\\/sitio\\\/#website\"},\"primaryImageOfPage\":{\"@id\":\"https:\\\/\\\/gentedebasquet.com.ar\\\/sitio\\\/2025\\\/12\\\/06\\\/9-de-julio-a-promocion\\\/#primaryimage\"},\"image\":{\"@id\":\"https:\\\/\\\/gentedebasquet.com.ar\\\/sitio\\\/2025\\\/12\\\/06\\\/9-de-julio-a-promocion\\\/#primaryimage\"},\"thumbnailUrl\":\"https:\\\/\\\/gentedebasquet.com.ar\\\/sitio\\\/wp-content\\\/uploads\\\/2025\\\/12\\\/img_9234.jpg\",\"datePublished\":\"2025-12-06T04:44:11+00:00\",\"author\":{\"@id\":\"https:\\\/\\\/gentedebasquet.com.ar\\\/sitio\\\/#\\\/schema\\\/person\\\/643357fb6a37b5549c9cfe9f339c9f1b\"},\"breadcrumb\":{\"@id\":\"https:\\\/\\\/gentedebasquet.com.ar\\\/sitio\\\/2025\\\/12\\\/06\\\/9-de-julio-a-promocion\\\/#breadcrumb\"},\"inLanguage\":\"es\",\"potentialAction\":[{\"@type\":\"ReadAction\",\"target\":[\"https:\\\/\\\/gentedebasquet.com.ar\\\/sitio\\\/2025\\\/12\\\/06\\\/9-de-julio-a-promocion\\\/\"]}]},{\"@type\":\"ImageObject\",\"inLanguage\":\"es\",\"@id\":\"https:\\\/\\\/gentedebasquet.com.ar\\\/sitio\\\/2025\\\/12\\\/06\\\/9-de-julio-a-promocion\\\/#primaryimage\",\"url\":\"https:\\\/\\\/gentedebasquet.com.ar\\\/sitio\\\/wp-content\\\/uploads\\\/2025\\\/12\\\/img_9234.jpg\",\"contentUrl\":\"https:\\\/\\\/gentedebasquet.com.ar\\\/sitio\\\/wp-content\\\/uploads\\\/2025\\\/12\\\/img_9234.jpg\",\"width\":2000,\"height\":1500},{\"@type\":\"BreadcrumbList\",\"@id\":\"https:\\\/\\\/gentedebasquet.com.ar\\\/sitio\\\/2025\\\/12\\\/06\\\/9-de-julio-a-promocion\\\/#breadcrumb\",\"itemListElement\":[{\"@type\":\"ListItem\",\"position\":1,\"name\":\"Portada\",\"item\":\"https:\\\/\\\/gentedebasquet.com.ar\\\/sitio\\\/\"},{\"@type\":\"ListItem\",\"position\":2,\"name\":\"9 de Julio a Promoci\u00f3n\"}]},{\"@type\":\"WebSite\",\"@id\":\"https:\\\/\\\/gentedebasquet.com.ar\\\/sitio\\\/#website\",\"url\":\"https:\\\/\\\/gentedebasquet.com.ar\\\/sitio\\\/\",\"name\":\"Gente de B\u00e1squet\",\"description\":\"La revista del basquet de Bah\u00eda Blanca\",\"potentialAction\":[{\"@type\":\"SearchAction\",\"target\":{\"@type\":\"EntryPoint\",\"urlTemplate\":\"https:\\\/\\\/gentedebasquet.com.ar\\\/sitio\\\/?s={search_term_string}\"},\"query-input\":{\"@type\":\"PropertyValueSpecification\",\"valueRequired\":true,\"valueName\":\"search_term_string\"}}],\"inLanguage\":\"es\"},{\"@type\":\"Person\",\"@id\":\"https:\\\/\\\/gentedebasquet.com.ar\\\/sitio\\\/#\\\/schema\\\/person\\\/643357fb6a37b5549c9cfe9f339c9f1b\",\"name\":\"Manuel Lacerenza\",\"image\":{\"@type\":\"ImageObject\",\"inLanguage\":\"es\",\"@id\":\"https:\\\/\\\/secure.gravatar.com\\\/avatar\\\/6a427d587bd181ca8afd828e8cf364f233c5cbe5b8a1332b92ea42687ad97845?s=96&d=mm&r=g\",\"url\":\"https:\\\/\\\/secure.gravatar.com\\\/avatar\\\/6a427d587bd181ca8afd828e8cf364f233c5cbe5b8a1332b92ea42687ad97845?s=96&d=mm&r=g\",\"contentUrl\":\"https:\\\/\\\/secure.gravatar.com\\\/avatar\\\/6a427d587bd181ca8afd828e8cf364f233c5cbe5b8a1332b92ea42687ad97845?s=96&d=mm&r=g\",\"caption\":\"Manuel Lacerenza\"},\"url\":\"https:\\\/\\\/gentedebasquet.com.ar\\\/sitio\\\/author\\\/manuel\\\/\"}]}<\/script>\n<!-- \/ Yoast SEO plugin. -->","yoast_head_json":{"title":"9 de Julio a Promoci\u00f3n - Gente de B\u00e1squet","robots":{"index":"index","follow":"follow","max-snippet":"max-snippet:-1","max-image-preview":"max-image-preview:large","max-video-preview":"max-video-preview:-1"},"canonical":"https:\/\/gentedebasquet.com.ar\/sitio\/2025\/12\/06\/9-de-julio-a-promocion\/","og_locale":"es_ES","og_type":"article","og_title":"9 de Julio a Promoci\u00f3n - Gente de B\u00e1squet","og_description":"9 de Julio derrot\u00f3 a San Lorenzo por 78-52 y se asegur\u00f3 de jugar la Promoci\u00f3n ante Independiente. D\u00f3nde con un buen segundo y tercer cuarto (51-16 entre los dos cuartos). Hubo 26 de Ruesga en \u201c9\u201d. Del lado visitante hubo 10 de Seewald y Coria Vertiginoso comienzo, la visita anotar\u00eda a distancia con Pena, [&hellip;]","og_url":"https:\/\/gentedebasquet.com.ar\/sitio\/2025\/12\/06\/9-de-julio-a-promocion\/","og_site_name":"Gente de B\u00e1squet","article_published_time":"2025-12-06T04:44:11+00:00","og_image":[{"width":2000,"height":1500,"url":"https:\/\/gentedebasquet.com.ar\/sitio\/wp-content\/uploads\/2025\/12\/img_9234.jpg","type":"image\/jpeg"}],"author":"Manuel Lacerenza","twitter_card":"summary_large_image","twitter_misc":{"Escrito por":"Manuel Lacerenza","Tiempo de lectura":"2 minutos"},"schema":{"@context":"https:\/\/schema.org","@graph":[{"@type":"Article","@id":"https:\/\/gentedebasquet.com.ar\/sitio\/2025\/12\/06\/9-de-julio-a-promocion\/#article","isPartOf":{"@id":"https:\/\/gentedebasquet.com.ar\/sitio\/2025\/12\/06\/9-de-julio-a-promocion\/"},"author":{"name":"Manuel Lacerenza","@id":"https:\/\/gentedebasquet.com.ar\/sitio\/#\/schema\/person\/643357fb6a37b5549c9cfe9f339c9f1b"},"headline":"9 de Julio a Promoci\u00f3n","datePublished":"2025-12-06T04:44:11+00:00","mainEntityOfPage":{"@id":"https:\/\/gentedebasquet.com.ar\/sitio\/2025\/12\/06\/9-de-julio-a-promocion\/"},"wordCount":451,"image":{"@id":"https:\/\/gentedebasquet.com.ar\/sitio\/2025\/12\/06\/9-de-julio-a-promocion\/#primaryimage"},"thumbnailUrl":"https:\/\/gentedebasquet.com.ar\/sitio\/wp-content\/uploads\/2025\/12\/img_9234.jpg","keywords":["9 de Julio","Joaqu\u00edn Coria","Permanencia","Primera","Primera Divisi\u00f3n","San Lorenzo del Sud","Santiago Ruesga"],"articleSection":["Primera","Slide"],"inLanguage":"es"},{"@type":"WebPage","@id":"https:\/\/gentedebasquet.com.ar\/sitio\/2025\/12\/06\/9-de-julio-a-promocion\/","url":"https:\/\/gentedebasquet.com.ar\/sitio\/2025\/12\/06\/9-de-julio-a-promocion\/","name":"9 de Julio a Promoci\u00f3n - Gente de B\u00e1squet","isPartOf":{"@id":"https:\/\/gentedebasquet.com.ar\/sitio\/#website"},"primaryImageOfPage":{"@id":"https:\/\/gentedebasquet.com.ar\/sitio\/2025\/12\/06\/9-de-julio-a-promocion\/#primaryimage"},"image":{"@id":"https:\/\/gentedebasquet.com.ar\/sitio\/2025\/12\/06\/9-de-julio-a-promocion\/#primaryimage"},"thumbnailUrl":"https:\/\/gentedebasquet.com.ar\/sitio\/wp-content\/uploads\/2025\/12\/img_9234.jpg","datePublished":"2025-12-06T04:44:11+00:00","author":{"@id":"https:\/\/gentedebasquet.com.ar\/sitio\/#\/schema\/person\/643357fb6a37b5549c9cfe9f339c9f1b"},"breadcrumb":{"@id":"https:\/\/gentedebasquet.com.ar\/sitio\/2025\/12\/06\/9-de-julio-a-promocion\/#breadcrumb"},"inLanguage":"es","potentialAction":[{"@type":"ReadAction","target":["https:\/\/gentedebasquet.com.ar\/sitio\/2025\/12\/06\/9-de-julio-a-promocion\/"]}]},{"@type":"ImageObject","inLanguage":"es","@id":"https:\/\/gentedebasquet.com.ar\/sitio\/2025\/12\/06\/9-de-julio-a-promocion\/#primaryimage","url":"https:\/\/gentedebasquet.com.ar\/sitio\/wp-content\/uploads\/2025\/12\/img_9234.jpg","contentUrl":"https:\/\/gentedebasquet.com.ar\/sitio\/wp-content\/uploads\/2025\/12\/img_9234.jpg","width":2000,"height":1500},{"@type":"BreadcrumbList","@id":"https:\/\/gentedebasquet.com.ar\/sitio\/2025\/12\/06\/9-de-julio-a-promocion\/#breadcrumb","itemListElement":[{"@type":"ListItem","position":1,"name":"Portada","item":"https:\/\/gentedebasquet.com.ar\/sitio\/"},{"@type":"ListItem","position":2,"name":"9 de Julio a Promoci\u00f3n"}]},{"@type":"WebSite","@id":"https:\/\/gentedebasquet.com.ar\/sitio\/#website","url":"https:\/\/gentedebasquet.com.ar\/sitio\/","name":"Gente de B\u00e1squet","description":"La revista del basquet de Bah\u00eda Blanca","potentialAction":[{"@type":"SearchAction","target":{"@type":"EntryPoint","urlTemplate":"https:\/\/gentedebasquet.com.ar\/sitio\/?s={search_term_string}"},"query-input":{"@type":"PropertyValueSpecification","valueRequired":true,"valueName":"search_term_string"}}],"inLanguage":"es"},{"@type":"Person","@id":"https:\/\/gentedebasquet.com.ar\/sitio\/#\/schema\/person\/643357fb6a37b5549c9cfe9f339c9f1b","name":"Manuel Lacerenza","image":{"@type":"ImageObject","inLanguage":"es","@id":"https:\/\/secure.gravatar.com\/avatar\/6a427d587bd181ca8afd828e8cf364f233c5cbe5b8a1332b92ea42687ad97845?s=96&d=mm&r=g","url":"https:\/\/secure.gravatar.com\/avatar\/6a427d587bd181ca8afd828e8cf364f233c5cbe5b8a1332b92ea42687ad97845?s=96&d=mm&r=g","contentUrl":"https:\/\/secure.gravatar.com\/avatar\/6a427d587bd181ca8afd828e8cf364f233c5cbe5b8a1332b92ea42687ad97845?s=96&d=mm&r=g","caption":"Manuel Lacerenza"},"url":"https:\/\/gentedebasquet.com.ar\/sitio\/author\/manuel\/"}]}},"_links":{"self":[{"href":"https:\/\/gentedebasquet.com.ar\/sitio\/wp-json\/wp\/v2\/posts\/119625","targetHints":{"allow":["GET"]}}],"collection":[{"href":"https:\/\/gentedebasquet.com.ar\/sitio\/wp-json\/wp\/v2\/posts"}],"about":[{"href":"https:\/\/gentedebasquet.com.ar\/sitio\/wp-json\/wp\/v2\/types\/post"}],"author":[{"embeddable":true,"href":"https:\/\/gentedebasquet.com.ar\/sitio\/wp-json\/wp\/v2\/users\/82"}],"replies":[{"embeddable":true,"href":"https:\/\/gentedebasquet.com.ar\/sitio\/wp-json\/wp\/v2\/comments?post=119625"}],"version-history":[{"count":2,"href":"https:\/\/gentedebasquet.com.ar\/sitio\/wp-json\/wp\/v2\/posts\/119625\/revisions"}],"predecessor-version":[{"id":119632,"href":"https:\/\/gentedebasquet.com.ar\/sitio\/wp-json\/wp\/v2\/posts\/119625\/revisions\/119632"}],"wp:featuredmedia":[{"embeddable":true,"href":"https:\/\/gentedebasquet.com.ar\/sitio\/wp-json\/wp\/v2\/media\/119631"}],"wp:attachment":[{"href":"https:\/\/gentedebasquet.com.ar\/sitio\/wp-json\/wp\/v2\/media?parent=119625"}],"wp:term":[{"taxonomy":"category","embeddable":true,"href":"https:\/\/gentedebasquet.com.ar\/sitio\/wp-json\/wp\/v2\/categories?post=119625"},{"taxonomy":"post_tag","embeddable":true,"href":"https:\/\/gentedebasquet.com.ar\/sitio\/wp-json\/wp\/v2\/tags?post=119625"}],"curies":[{"name":"wp","href":"https:\/\/api.w.org\/{rel}","templated":true}]}}