{"id":119662,"date":"2025-12-09T05:17:47","date_gmt":"2025-12-09T04:17:47","guid":{"rendered":"https:\/\/gentedebasquet.com.ar\/sitio\/?p=119662"},"modified":"2025-12-09T05:19:36","modified_gmt":"2025-12-09T04:19:36","slug":"villa-mitre-saco-chapa-y-empardo-la-serie","status":"publish","type":"post","link":"https:\/\/gentedebasquet.com.ar\/sitio\/2025\/12\/09\/villa-mitre-saco-chapa-y-empardo-la-serie\/","title":{"rendered":"Villa Mitre sac\u00f3 chapa y empard\u00f3 la serie"},"content":{"rendered":"<p><strong>Villa Mitre cambi\u00f3 la actitud<\/strong>, mostr\u00f3 otra intensidad y <strong>le gan\u00f3 a Pac\u00edfico con autoridad<\/strong> para empatar la serie final del segunto tramo del campeonato. <strong>Con Juli\u00e1n Lorca como figura<\/strong>, pero con un gran aporte de su plantel largo y de jerarqu\u00eda, los comandados por Emiliano Men\u00e9ndez mostraron una mejor cara para ponerle un freno al entusiasmo verde.<\/p>\n<p>Como en el primer juego, <strong>arranc\u00f3 mejor Pac\u00edfico<\/strong>, con gol en manos de Loos, Salvatori y Cort\u00e9s. Pero esta vez, Villa Mitre pudo anotar r\u00e1pido y no quedar tan lejos en el marcador. <strong>Las primeras dos conversiones fueron triples de Franco Amigo<\/strong>, Pennacchiotti fue mucho m\u00e1s gravitante en ataque y el \u00abTricolor\u00bb defendi\u00f3 con otra intensidad. M\u00e1s all\u00e1 de eso, el \u00abVerde\u00bb manten\u00eda altos los porcentajes del primer partido y, con una diferencia de 5 y 6 puntos durante todo el cuarto, <strong>termin\u00f3 el primer segmento arriba 26-19.<\/strong><\/p>\n<p><strong>El segundo fue clave para la victoria final de Villa Mitre.<\/strong> Lo abri\u00f3 con un triple de Alem y luego pudo ir limando la diferencia con el correr de los minutos. Se hizo importante Lorca, como el principal recambio en la pintura de Penacchiotti o de Heinrich, y empez\u00f3 a hacerse due\u00f1o del juego interno, gan\u00e1ndole el duelo personal primero a Sagarzazu, y luego a Pisani. <strong>Los de Men\u00e9ndez pasaron al frente promediando el parcial<\/strong> con un triple de Joaqu\u00edn Jasen, que no estuvo disponible el primer partido, y tuvo buenos pasajes en este segundo. En la segunda mitad del cuarto se prestaron la ventaja en el luminoso, hasta que <strong>Villa Mitre sec\u00f3 a Pac\u00edfico, que hizo apenas 8 puntos en todo el segmento<\/strong> y no anot\u00f3 en el \u00faltimo minuto y medio de la primera parte. Con un tramo 9-1, <strong>la Villa se fue arriba a los vestuarios 34-41<\/strong>, con puntos de Alem, Lorca y Harina.<\/p>\n<p><strong>A la vuelta del descanso largo, otro triple de Amigo le dio la m\u00e1xima de 10 a Villa Mitre.<\/strong> M\u00e1xima que r\u00e1pidamente fue creciendo cuando <strong>un minuto despu\u00e9s se alej\u00f3 a 12<\/strong>. En ese tramo del encuentro intercambiaron goles, Harina se despach\u00f3 con un par de bombas y respondieron Loos y Salvatori. <strong>Seis puntos consecutivos de Nacho Alem<\/strong> llevaron a los de Men\u00e9ndez 44-58, y con <strong>otros 5 seguidos de De Paoli logr\u00f3 tocar la m\u00e1xima de 20 (45-65).<\/strong> Pudo achicar Pac\u00edfico con Cort\u00e9s, Sagarzazu y Salvatori, pero entr\u00f3 al \u00faltimo cuarto 54-70.<\/p>\n<p><strong>Cuatro puntos en 30 segundos ilusionaron al verde que se acerc\u00f3 a 12<\/strong>, pero Villa Mitre no se cay\u00f3 en ning\u00fan momento y supo mantener la ventaja. Pac\u00edfico no pudo bajarla del doble d\u00edgito y <strong>el \u00abTricolor\u00bb lleg\u00f3 a estar 18 arriba en el \u00faltimo segmento.<\/strong> Sobre el final, ambos equipos rotaron y descansaron piernas para lo que sigue. <strong>Pac\u00edfico no pudo sostener los porcentajes del primer juego<\/strong>, insisti\u00f3 una vez m\u00e1s con el tiro externo, pero esta vez no estuvo efectivo (8\/30 J2 &#8211; 14\/38 J1). <strong>Villa Mitre mostr\u00f3 otra cara<\/strong>, otra intensidad y una actitud distinta, jugando cada pelota como si fuera la \u00faltima, festejando las defensas y con la aparici\u00f3n y buenas versiones de sus hombres de jerarqu\u00eda.<\/p>\n<p><strong>La serie final del segundo tramo qued\u00f3 empatada<\/strong>, uno de ellos quedar\u00e1 match point el pr\u00f3ximo jueves, con la posibilidad de ser el ganador el lunes 15. Entre medio, actividad en Liga Argentina para Villa Mitre.<\/p>\n<div class=\"jeg_video_container jeg_video_content\"><iframe loading=\"lazy\" title=\"#Primera - Playoffs - Final - Juego #2 (+5): Pac\u00edfico (1) 73 - 88 (1) Villa Mitre\" width=\"500\" height=\"281\" src=\"https:\/\/www.youtube.com\/embed\/V4ow1UoI02c?feature=oembed\" frameborder=\"0\" allow=\"accelerometer; autoplay; clipboard-write; encrypted-media; gyroscope; picture-in-picture; web-share\" referrerpolicy=\"strict-origin-when-cross-origin\" allowfullscreen><\/iframe><\/div>\n<p><img decoding=\"async\" class=\"alignnone size-medium wp-image-119663\" src=\"http:\/\/gentedebasquet.com.ar\/sitio\/wp-content\/uploads\/2025\/12\/CLAVE-vm-300x300.png\" alt=\"\" width=\"300\" height=\"300\" srcset=\"https:\/\/gentedebasquet.com.ar\/sitio\/wp-content\/uploads\/2025\/12\/CLAVE-vm-300x300.png 300w, https:\/\/gentedebasquet.com.ar\/sitio\/wp-content\/uploads\/2025\/12\/CLAVE-vm-1024x1024.png 1024w, https:\/\/gentedebasquet.com.ar\/sitio\/wp-content\/uploads\/2025\/12\/CLAVE-vm-150x150.png 150w, https:\/\/gentedebasquet.com.ar\/sitio\/wp-content\/uploads\/2025\/12\/CLAVE-vm-768x768.png 768w, https:\/\/gentedebasquet.com.ar\/sitio\/wp-content\/uploads\/2025\/12\/CLAVE-vm-1536x1536.png 1536w, https:\/\/gentedebasquet.com.ar\/sitio\/wp-content\/uploads\/2025\/12\/CLAVE-vm-75x75.png 75w, https:\/\/gentedebasquet.com.ar\/sitio\/wp-content\/uploads\/2025\/12\/CLAVE-vm-350x350.png 350w, https:\/\/gentedebasquet.com.ar\/sitio\/wp-content\/uploads\/2025\/12\/CLAVE-vm-750x750.png 750w, https:\/\/gentedebasquet.com.ar\/sitio\/wp-content\/uploads\/2025\/12\/CLAVE-vm-1140x1140.png 1140w, https:\/\/gentedebasquet.com.ar\/sitio\/wp-content\/uploads\/2025\/12\/CLAVE-vm.png 2000w\" sizes=\"(max-width: 300px) 100vw, 300px\" \/><\/p>\n<p><img decoding=\"async\" class=\"alignnone size-medium wp-image-119664\" src=\"http:\/\/gentedebasquet.com.ar\/sitio\/wp-content\/uploads\/2025\/12\/MVP-lorca-300x300.png\" alt=\"\" width=\"300\" height=\"300\" srcset=\"https:\/\/gentedebasquet.com.ar\/sitio\/wp-content\/uploads\/2025\/12\/MVP-lorca-300x300.png 300w, https:\/\/gentedebasquet.com.ar\/sitio\/wp-content\/uploads\/2025\/12\/MVP-lorca-1024x1024.png 1024w, https:\/\/gentedebasquet.com.ar\/sitio\/wp-content\/uploads\/2025\/12\/MVP-lorca-150x150.png 150w, https:\/\/gentedebasquet.com.ar\/sitio\/wp-content\/uploads\/2025\/12\/MVP-lorca-768x768.png 768w, https:\/\/gentedebasquet.com.ar\/sitio\/wp-content\/uploads\/2025\/12\/MVP-lorca-1536x1536.png 1536w, https:\/\/gentedebasquet.com.ar\/sitio\/wp-content\/uploads\/2025\/12\/MVP-lorca-75x75.png 75w, https:\/\/gentedebasquet.com.ar\/sitio\/wp-content\/uploads\/2025\/12\/MVP-lorca-350x350.png 350w, https:\/\/gentedebasquet.com.ar\/sitio\/wp-content\/uploads\/2025\/12\/MVP-lorca-750x750.png 750w, https:\/\/gentedebasquet.com.ar\/sitio\/wp-content\/uploads\/2025\/12\/MVP-lorca-1140x1140.png 1140w, https:\/\/gentedebasquet.com.ar\/sitio\/wp-content\/uploads\/2025\/12\/MVP-lorca.png 2000w\" sizes=\"(max-width: 300px) 100vw, 300px\" \/><\/p>\n<blockquote><p>\u00abDejamos otra imagen, cambiamos la actitud, hab\u00eda que estar m\u00e1s duros en defensa y no permitir 100 puntos. Ahora est\u00e1 todo equiparado y para cualquiera de los dos. Ahora van a ser partidos cerrados, ninguno quiere darle chances al rival, somos equipos peligrosos que podemos dar vuelta un resultado en segundos.\u00bb, <strong>Franco Amigo, Villa Mitre.<\/strong><\/p><\/blockquote>\n<p><strong>S\u00edntesis &#8211; Primera Divisi\u00f3n &#8211; Playoffs &#8211; Final &#8211; Juego #2 (+5)<\/strong><\/p>\n<p><strong>Pac\u00edfico 73:<\/strong> Branco Salvatori 15, Francisco Mattioli 3, Valent\u00edn Cort\u00e9s 17, Santiago Loos 15, Tom\u00e1s Sagarzazu 11 <strong>(FI);<\/strong> Mateo Boccatonda 0, Juan Cruz Redivo 5, I\u00f1aki Errazu 3, Genaro Pisani 2, Gino Pisani 2. <strong>DT: Mauro Richotti.<\/strong><\/p>\n<p><strong>Villa Mitre 88:<\/strong> Fausto De Paoli 7, Federico Harina 13 (x), Franco Amigo 13, Ramiro Heinrich 2, Franco Pennacchiotti 9<strong> (FI);<\/strong> Lionel G\u00f3mez Lepez 0, Alejo Blanco 0, Joaqu\u00edn Jasen 7, Manuel Iglesias 3, Bautista Iguacel 0, Ignacio Alem 15, Juli\u00e1n Lorca 19. <strong>DT: Emiliano Men\u00e9ndez.<\/strong><\/p>\n<p><strong>Cuartos:<\/strong> 26-19, 34-41 (8-22), 54-70 (20-29), 73-88 (19-18)<\/p>\n<p><strong>\u00c1rbitros:<\/strong> Emanuel S\u00e1nchez &#8211; Sebasti\u00e1n Giannino &#8211; Mariano Enrique<\/p>\n<p><strong>Cancha:<\/strong> Osvaldo Casanova<\/p>\n<p><strong>Serie:<\/strong> 1-1<\/p>\n","protected":false},"excerpt":{"rendered":"<p>Villa Mitre cambi\u00f3 la actitud, mostr\u00f3 otra intensidad y le gan\u00f3 a Pac\u00edfico con autoridad para empatar la serie final del segunto tramo del campeonato. Con Juli\u00e1n Lorca como figura, pero con un gran aporte de su plantel largo y de jerarqu\u00eda, los comandados por Emiliano Men\u00e9ndez mostraron una mejor cara para ponerle un freno [&hellip;]<\/p>\n","protected":false},"author":71,"featured_media":119665,"comment_status":"closed","ping_status":"open","sticky":false,"template":"","format":"standard","meta":{"jnews-multi-image_gallery":[],"jnews_single_post":[],"jnews_primary_category":[],"footnotes":""},"categories":[23,101],"tags":[223,1996,17,1169,508,22],"class_list":["post-119662","post","type-post","status-publish","format-standard","has-post-thumbnail","hentry","category-primera","category-slide","tag-franco-amigo","tag-julian-lorca","tag-pacifico","tag-primera","tag-primera-division","tag-villa-mitre"],"yoast_head":"<!-- This site is optimized with the Yoast SEO plugin v27.5 - https:\/\/yoast.com\/product\/yoast-seo-wordpress\/ -->\n<title>Villa Mitre sac\u00f3 chapa y empard\u00f3 la serie - Gente de B\u00e1squet<\/title>\n<meta name=\"robots\" content=\"index, follow, max-snippet:-1, max-image-preview:large, max-video-preview:-1\" \/>\n<link rel=\"canonical\" href=\"https:\/\/gentedebasquet.com.ar\/sitio\/2025\/12\/09\/villa-mitre-saco-chapa-y-empardo-la-serie\/\" \/>\n<meta property=\"og:locale\" content=\"es_ES\" \/>\n<meta property=\"og:type\" content=\"article\" \/>\n<meta property=\"og:title\" content=\"Villa Mitre sac\u00f3 chapa y empard\u00f3 la serie - Gente de B\u00e1squet\" \/>\n<meta property=\"og:description\" content=\"Villa Mitre cambi\u00f3 la actitud, mostr\u00f3 otra intensidad y le gan\u00f3 a Pac\u00edfico con autoridad para empatar la serie final del segunto tramo del campeonato. Con Juli\u00e1n Lorca como figura, pero con un gran aporte de su plantel largo y de jerarqu\u00eda, los comandados por Emiliano Men\u00e9ndez mostraron una mejor cara para ponerle un freno [&hellip;]\" \/>\n<meta property=\"og:url\" content=\"https:\/\/gentedebasquet.com.ar\/sitio\/2025\/12\/09\/villa-mitre-saco-chapa-y-empardo-la-serie\/\" \/>\n<meta property=\"og:site_name\" content=\"Gente de B\u00e1squet\" \/>\n<meta property=\"article:published_time\" content=\"2025-12-09T04:17:47+00:00\" \/>\n<meta property=\"article:modified_time\" content=\"2025-12-09T04:19:36+00:00\" \/>\n<meta property=\"og:image\" content=\"https:\/\/gentedebasquet.com.ar\/sitio\/wp-content\/uploads\/2025\/12\/WhatsApp-Image-2025-12-09-at-01.17.03.jpeg\" \/>\n\t<meta property=\"og:image:width\" content=\"1170\" \/>\n\t<meta property=\"og:image:height\" content=\"646\" \/>\n\t<meta property=\"og:image:type\" content=\"image\/jpeg\" \/>\n<meta name=\"author\" content=\"Santiago Seisdedos\" \/>\n<meta name=\"twitter:card\" content=\"summary_large_image\" \/>\n<meta name=\"twitter:label1\" content=\"Escrito por\" \/>\n\t<meta name=\"twitter:data1\" content=\"Santiago Seisdedos\" \/>\n\t<meta name=\"twitter:label2\" content=\"Tiempo de lectura\" \/>\n\t<meta name=\"twitter:data2\" content=\"4 minutos\" \/>\n<script type=\"application\/ld+json\" class=\"yoast-schema-graph\">{\"@context\":\"https:\\\/\\\/schema.org\",\"@graph\":[{\"@type\":\"Article\",\"@id\":\"https:\\\/\\\/gentedebasquet.com.ar\\\/sitio\\\/2025\\\/12\\\/09\\\/villa-mitre-saco-chapa-y-empardo-la-serie\\\/#article\",\"isPartOf\":{\"@id\":\"https:\\\/\\\/gentedebasquet.com.ar\\\/sitio\\\/2025\\\/12\\\/09\\\/villa-mitre-saco-chapa-y-empardo-la-serie\\\/\"},\"author\":{\"name\":\"Santiago Seisdedos\",\"@id\":\"https:\\\/\\\/gentedebasquet.com.ar\\\/sitio\\\/#\\\/schema\\\/person\\\/3b50d7c801b9529aba70bd4613bca6da\"},\"headline\":\"Villa Mitre sac\u00f3 chapa y empard\u00f3 la serie\",\"datePublished\":\"2025-12-09T04:17:47+00:00\",\"dateModified\":\"2025-12-09T04:19:36+00:00\",\"mainEntityOfPage\":{\"@id\":\"https:\\\/\\\/gentedebasquet.com.ar\\\/sitio\\\/2025\\\/12\\\/09\\\/villa-mitre-saco-chapa-y-empardo-la-serie\\\/\"},\"wordCount\":746,\"image\":{\"@id\":\"https:\\\/\\\/gentedebasquet.com.ar\\\/sitio\\\/2025\\\/12\\\/09\\\/villa-mitre-saco-chapa-y-empardo-la-serie\\\/#primaryimage\"},\"thumbnailUrl\":\"https:\\\/\\\/gentedebasquet.com.ar\\\/sitio\\\/wp-content\\\/uploads\\\/2025\\\/12\\\/WhatsApp-Image-2025-12-09-at-01.17.03.jpeg\",\"keywords\":[\"Franco Amigo\",\"Julian Lorca\",\"Pacifico\",\"Primera\",\"Primera Divisi\u00f3n\",\"Villa Mitre\"],\"articleSection\":[\"Primera\",\"Slide\"],\"inLanguage\":\"es\"},{\"@type\":\"WebPage\",\"@id\":\"https:\\\/\\\/gentedebasquet.com.ar\\\/sitio\\\/2025\\\/12\\\/09\\\/villa-mitre-saco-chapa-y-empardo-la-serie\\\/\",\"url\":\"https:\\\/\\\/gentedebasquet.com.ar\\\/sitio\\\/2025\\\/12\\\/09\\\/villa-mitre-saco-chapa-y-empardo-la-serie\\\/\",\"name\":\"Villa Mitre sac\u00f3 chapa y empard\u00f3 la serie - Gente de B\u00e1squet\",\"isPartOf\":{\"@id\":\"https:\\\/\\\/gentedebasquet.com.ar\\\/sitio\\\/#website\"},\"primaryImageOfPage\":{\"@id\":\"https:\\\/\\\/gentedebasquet.com.ar\\\/sitio\\\/2025\\\/12\\\/09\\\/villa-mitre-saco-chapa-y-empardo-la-serie\\\/#primaryimage\"},\"image\":{\"@id\":\"https:\\\/\\\/gentedebasquet.com.ar\\\/sitio\\\/2025\\\/12\\\/09\\\/villa-mitre-saco-chapa-y-empardo-la-serie\\\/#primaryimage\"},\"thumbnailUrl\":\"https:\\\/\\\/gentedebasquet.com.ar\\\/sitio\\\/wp-content\\\/uploads\\\/2025\\\/12\\\/WhatsApp-Image-2025-12-09-at-01.17.03.jpeg\",\"datePublished\":\"2025-12-09T04:17:47+00:00\",\"dateModified\":\"2025-12-09T04:19:36+00:00\",\"author\":{\"@id\":\"https:\\\/\\\/gentedebasquet.com.ar\\\/sitio\\\/#\\\/schema\\\/person\\\/3b50d7c801b9529aba70bd4613bca6da\"},\"breadcrumb\":{\"@id\":\"https:\\\/\\\/gentedebasquet.com.ar\\\/sitio\\\/2025\\\/12\\\/09\\\/villa-mitre-saco-chapa-y-empardo-la-serie\\\/#breadcrumb\"},\"inLanguage\":\"es\",\"potentialAction\":[{\"@type\":\"ReadAction\",\"target\":[\"https:\\\/\\\/gentedebasquet.com.ar\\\/sitio\\\/2025\\\/12\\\/09\\\/villa-mitre-saco-chapa-y-empardo-la-serie\\\/\"]}]},{\"@type\":\"ImageObject\",\"inLanguage\":\"es\",\"@id\":\"https:\\\/\\\/gentedebasquet.com.ar\\\/sitio\\\/2025\\\/12\\\/09\\\/villa-mitre-saco-chapa-y-empardo-la-serie\\\/#primaryimage\",\"url\":\"https:\\\/\\\/gentedebasquet.com.ar\\\/sitio\\\/wp-content\\\/uploads\\\/2025\\\/12\\\/WhatsApp-Image-2025-12-09-at-01.17.03.jpeg\",\"contentUrl\":\"https:\\\/\\\/gentedebasquet.com.ar\\\/sitio\\\/wp-content\\\/uploads\\\/2025\\\/12\\\/WhatsApp-Image-2025-12-09-at-01.17.03.jpeg\",\"width\":1170,\"height\":646},{\"@type\":\"BreadcrumbList\",\"@id\":\"https:\\\/\\\/gentedebasquet.com.ar\\\/sitio\\\/2025\\\/12\\\/09\\\/villa-mitre-saco-chapa-y-empardo-la-serie\\\/#breadcrumb\",\"itemListElement\":[{\"@type\":\"ListItem\",\"position\":1,\"name\":\"Portada\",\"item\":\"https:\\\/\\\/gentedebasquet.com.ar\\\/sitio\\\/\"},{\"@type\":\"ListItem\",\"position\":2,\"name\":\"Villa Mitre sac\u00f3 chapa y empard\u00f3 la serie\"}]},{\"@type\":\"WebSite\",\"@id\":\"https:\\\/\\\/gentedebasquet.com.ar\\\/sitio\\\/#website\",\"url\":\"https:\\\/\\\/gentedebasquet.com.ar\\\/sitio\\\/\",\"name\":\"Gente de B\u00e1squet\",\"description\":\"La revista del basquet de Bah\u00eda Blanca\",\"potentialAction\":[{\"@type\":\"SearchAction\",\"target\":{\"@type\":\"EntryPoint\",\"urlTemplate\":\"https:\\\/\\\/gentedebasquet.com.ar\\\/sitio\\\/?s={search_term_string}\"},\"query-input\":{\"@type\":\"PropertyValueSpecification\",\"valueRequired\":true,\"valueName\":\"search_term_string\"}}],\"inLanguage\":\"es\"},{\"@type\":\"Person\",\"@id\":\"https:\\\/\\\/gentedebasquet.com.ar\\\/sitio\\\/#\\\/schema\\\/person\\\/3b50d7c801b9529aba70bd4613bca6da\",\"name\":\"Santiago Seisdedos\",\"image\":{\"@type\":\"ImageObject\",\"inLanguage\":\"es\",\"@id\":\"https:\\\/\\\/secure.gravatar.com\\\/avatar\\\/be737e74404eb3825c4679da7a152b3c6980b470f7253114cd451344e20a8d80?s=96&d=mm&r=g\",\"url\":\"https:\\\/\\\/secure.gravatar.com\\\/avatar\\\/be737e74404eb3825c4679da7a152b3c6980b470f7253114cd451344e20a8d80?s=96&d=mm&r=g\",\"contentUrl\":\"https:\\\/\\\/secure.gravatar.com\\\/avatar\\\/be737e74404eb3825c4679da7a152b3c6980b470f7253114cd451344e20a8d80?s=96&d=mm&r=g\",\"caption\":\"Santiago Seisdedos\"},\"url\":\"https:\\\/\\\/gentedebasquet.com.ar\\\/sitio\\\/author\\\/santiago-sesidedos\\\/\"}]}<\/script>\n<!-- \/ Yoast SEO plugin. -->","yoast_head_json":{"title":"Villa Mitre sac\u00f3 chapa y empard\u00f3 la serie - Gente de B\u00e1squet","robots":{"index":"index","follow":"follow","max-snippet":"max-snippet:-1","max-image-preview":"max-image-preview:large","max-video-preview":"max-video-preview:-1"},"canonical":"https:\/\/gentedebasquet.com.ar\/sitio\/2025\/12\/09\/villa-mitre-saco-chapa-y-empardo-la-serie\/","og_locale":"es_ES","og_type":"article","og_title":"Villa Mitre sac\u00f3 chapa y empard\u00f3 la serie - Gente de B\u00e1squet","og_description":"Villa Mitre cambi\u00f3 la actitud, mostr\u00f3 otra intensidad y le gan\u00f3 a Pac\u00edfico con autoridad para empatar la serie final del segunto tramo del campeonato. Con Juli\u00e1n Lorca como figura, pero con un gran aporte de su plantel largo y de jerarqu\u00eda, los comandados por Emiliano Men\u00e9ndez mostraron una mejor cara para ponerle un freno [&hellip;]","og_url":"https:\/\/gentedebasquet.com.ar\/sitio\/2025\/12\/09\/villa-mitre-saco-chapa-y-empardo-la-serie\/","og_site_name":"Gente de B\u00e1squet","article_published_time":"2025-12-09T04:17:47+00:00","article_modified_time":"2025-12-09T04:19:36+00:00","og_image":[{"width":1170,"height":646,"url":"https:\/\/gentedebasquet.com.ar\/sitio\/wp-content\/uploads\/2025\/12\/WhatsApp-Image-2025-12-09-at-01.17.03.jpeg","type":"image\/jpeg"}],"author":"Santiago Seisdedos","twitter_card":"summary_large_image","twitter_misc":{"Escrito por":"Santiago Seisdedos","Tiempo de lectura":"4 minutos"},"schema":{"@context":"https:\/\/schema.org","@graph":[{"@type":"Article","@id":"https:\/\/gentedebasquet.com.ar\/sitio\/2025\/12\/09\/villa-mitre-saco-chapa-y-empardo-la-serie\/#article","isPartOf":{"@id":"https:\/\/gentedebasquet.com.ar\/sitio\/2025\/12\/09\/villa-mitre-saco-chapa-y-empardo-la-serie\/"},"author":{"name":"Santiago Seisdedos","@id":"https:\/\/gentedebasquet.com.ar\/sitio\/#\/schema\/person\/3b50d7c801b9529aba70bd4613bca6da"},"headline":"Villa Mitre sac\u00f3 chapa y empard\u00f3 la serie","datePublished":"2025-12-09T04:17:47+00:00","dateModified":"2025-12-09T04:19:36+00:00","mainEntityOfPage":{"@id":"https:\/\/gentedebasquet.com.ar\/sitio\/2025\/12\/09\/villa-mitre-saco-chapa-y-empardo-la-serie\/"},"wordCount":746,"image":{"@id":"https:\/\/gentedebasquet.com.ar\/sitio\/2025\/12\/09\/villa-mitre-saco-chapa-y-empardo-la-serie\/#primaryimage"},"thumbnailUrl":"https:\/\/gentedebasquet.com.ar\/sitio\/wp-content\/uploads\/2025\/12\/WhatsApp-Image-2025-12-09-at-01.17.03.jpeg","keywords":["Franco Amigo","Julian Lorca","Pacifico","Primera","Primera Divisi\u00f3n","Villa Mitre"],"articleSection":["Primera","Slide"],"inLanguage":"es"},{"@type":"WebPage","@id":"https:\/\/gentedebasquet.com.ar\/sitio\/2025\/12\/09\/villa-mitre-saco-chapa-y-empardo-la-serie\/","url":"https:\/\/gentedebasquet.com.ar\/sitio\/2025\/12\/09\/villa-mitre-saco-chapa-y-empardo-la-serie\/","name":"Villa Mitre sac\u00f3 chapa y empard\u00f3 la serie - Gente de B\u00e1squet","isPartOf":{"@id":"https:\/\/gentedebasquet.com.ar\/sitio\/#website"},"primaryImageOfPage":{"@id":"https:\/\/gentedebasquet.com.ar\/sitio\/2025\/12\/09\/villa-mitre-saco-chapa-y-empardo-la-serie\/#primaryimage"},"image":{"@id":"https:\/\/gentedebasquet.com.ar\/sitio\/2025\/12\/09\/villa-mitre-saco-chapa-y-empardo-la-serie\/#primaryimage"},"thumbnailUrl":"https:\/\/gentedebasquet.com.ar\/sitio\/wp-content\/uploads\/2025\/12\/WhatsApp-Image-2025-12-09-at-01.17.03.jpeg","datePublished":"2025-12-09T04:17:47+00:00","dateModified":"2025-12-09T04:19:36+00:00","author":{"@id":"https:\/\/gentedebasquet.com.ar\/sitio\/#\/schema\/person\/3b50d7c801b9529aba70bd4613bca6da"},"breadcrumb":{"@id":"https:\/\/gentedebasquet.com.ar\/sitio\/2025\/12\/09\/villa-mitre-saco-chapa-y-empardo-la-serie\/#breadcrumb"},"inLanguage":"es","potentialAction":[{"@type":"ReadAction","target":["https:\/\/gentedebasquet.com.ar\/sitio\/2025\/12\/09\/villa-mitre-saco-chapa-y-empardo-la-serie\/"]}]},{"@type":"ImageObject","inLanguage":"es","@id":"https:\/\/gentedebasquet.com.ar\/sitio\/2025\/12\/09\/villa-mitre-saco-chapa-y-empardo-la-serie\/#primaryimage","url":"https:\/\/gentedebasquet.com.ar\/sitio\/wp-content\/uploads\/2025\/12\/WhatsApp-Image-2025-12-09-at-01.17.03.jpeg","contentUrl":"https:\/\/gentedebasquet.com.ar\/sitio\/wp-content\/uploads\/2025\/12\/WhatsApp-Image-2025-12-09-at-01.17.03.jpeg","width":1170,"height":646},{"@type":"BreadcrumbList","@id":"https:\/\/gentedebasquet.com.ar\/sitio\/2025\/12\/09\/villa-mitre-saco-chapa-y-empardo-la-serie\/#breadcrumb","itemListElement":[{"@type":"ListItem","position":1,"name":"Portada","item":"https:\/\/gentedebasquet.com.ar\/sitio\/"},{"@type":"ListItem","position":2,"name":"Villa Mitre sac\u00f3 chapa y empard\u00f3 la serie"}]},{"@type":"WebSite","@id":"https:\/\/gentedebasquet.com.ar\/sitio\/#website","url":"https:\/\/gentedebasquet.com.ar\/sitio\/","name":"Gente de B\u00e1squet","description":"La revista del basquet de Bah\u00eda Blanca","potentialAction":[{"@type":"SearchAction","target":{"@type":"EntryPoint","urlTemplate":"https:\/\/gentedebasquet.com.ar\/sitio\/?s={search_term_string}"},"query-input":{"@type":"PropertyValueSpecification","valueRequired":true,"valueName":"search_term_string"}}],"inLanguage":"es"},{"@type":"Person","@id":"https:\/\/gentedebasquet.com.ar\/sitio\/#\/schema\/person\/3b50d7c801b9529aba70bd4613bca6da","name":"Santiago Seisdedos","image":{"@type":"ImageObject","inLanguage":"es","@id":"https:\/\/secure.gravatar.com\/avatar\/be737e74404eb3825c4679da7a152b3c6980b470f7253114cd451344e20a8d80?s=96&d=mm&r=g","url":"https:\/\/secure.gravatar.com\/avatar\/be737e74404eb3825c4679da7a152b3c6980b470f7253114cd451344e20a8d80?s=96&d=mm&r=g","contentUrl":"https:\/\/secure.gravatar.com\/avatar\/be737e74404eb3825c4679da7a152b3c6980b470f7253114cd451344e20a8d80?s=96&d=mm&r=g","caption":"Santiago Seisdedos"},"url":"https:\/\/gentedebasquet.com.ar\/sitio\/author\/santiago-sesidedos\/"}]}},"_links":{"self":[{"href":"https:\/\/gentedebasquet.com.ar\/sitio\/wp-json\/wp\/v2\/posts\/119662","targetHints":{"allow":["GET"]}}],"collection":[{"href":"https:\/\/gentedebasquet.com.ar\/sitio\/wp-json\/wp\/v2\/posts"}],"about":[{"href":"https:\/\/gentedebasquet.com.ar\/sitio\/wp-json\/wp\/v2\/types\/post"}],"author":[{"embeddable":true,"href":"https:\/\/gentedebasquet.com.ar\/sitio\/wp-json\/wp\/v2\/users\/71"}],"replies":[{"embeddable":true,"href":"https:\/\/gentedebasquet.com.ar\/sitio\/wp-json\/wp\/v2\/comments?post=119662"}],"version-history":[{"count":3,"href":"https:\/\/gentedebasquet.com.ar\/sitio\/wp-json\/wp\/v2\/posts\/119662\/revisions"}],"predecessor-version":[{"id":119669,"href":"https:\/\/gentedebasquet.com.ar\/sitio\/wp-json\/wp\/v2\/posts\/119662\/revisions\/119669"}],"wp:featuredmedia":[{"embeddable":true,"href":"https:\/\/gentedebasquet.com.ar\/sitio\/wp-json\/wp\/v2\/media\/119665"}],"wp:attachment":[{"href":"https:\/\/gentedebasquet.com.ar\/sitio\/wp-json\/wp\/v2\/media?parent=119662"}],"wp:term":[{"taxonomy":"category","embeddable":true,"href":"https:\/\/gentedebasquet.com.ar\/sitio\/wp-json\/wp\/v2\/categories?post=119662"},{"taxonomy":"post_tag","embeddable":true,"href":"https:\/\/gentedebasquet.com.ar\/sitio\/wp-json\/wp\/v2\/tags?post=119662"}],"curies":[{"name":"wp","href":"https:\/\/api.w.org\/{rel}","templated":true}]}}