{"id":119671,"date":"2025-12-09T05:24:38","date_gmt":"2025-12-09T04:24:38","guid":{"rendered":"https:\/\/gentedebasquet.com.ar\/sitio\/?p=119671"},"modified":"2025-12-09T05:29:12","modified_gmt":"2025-12-09T04:29:12","slug":"la-semana-de-los-bahienses","status":"publish","type":"post","link":"https:\/\/gentedebasquet.com.ar\/sitio\/2025\/12\/09\/la-semana-de-los-bahienses\/","title":{"rendered":"La semana de los Bahienses"},"content":{"rendered":"\n<p><strong><em>Estas fueron las actuaciones de los oriundos de nuestra ciudad, en la \u00e9lite del b\u00e1squetbol nacional y la segunda categor\u00eda. Adem\u00e1s lo que se le vendr\u00e1 a cada uno<\/em><\/strong>.<\/p>\n\n\n\n<p><strong><em>Empezamos con los que est\u00e1n en la \u00e9lite del b\u00e1squet nacional, donde hay siete jugadores bahienses, repasamos lo que dej\u00f3 y se vendr\u00e1:<\/em><\/strong><\/p>\n\n\n\n<p>\u2022&nbsp;<strong>Jano Mart\u00ednez (Ferro):<\/strong><\/p>\n\n\n\n<figure class=\"wp-block-image size-large\"><img decoding=\"async\" width=\"1024\" height=\"766\" src=\"https:\/\/gentedebasquet.com.ar\/sitio\/wp-content\/uploads\/2025\/11\/img_7872-1024x766.jpg\" alt=\"\" class=\"wp-image-119191\" srcset=\"https:\/\/gentedebasquet.com.ar\/sitio\/wp-content\/uploads\/2025\/11\/img_7872-1024x766.jpg 1024w, https:\/\/gentedebasquet.com.ar\/sitio\/wp-content\/uploads\/2025\/11\/img_7872-300x225.jpg 300w, https:\/\/gentedebasquet.com.ar\/sitio\/wp-content\/uploads\/2025\/11\/img_7872-768x575.jpg 768w, https:\/\/gentedebasquet.com.ar\/sitio\/wp-content\/uploads\/2025\/11\/img_7872-750x561.jpg 750w, https:\/\/gentedebasquet.com.ar\/sitio\/wp-content\/uploads\/2025\/11\/img_7872-1140x853.jpg 1140w, https:\/\/gentedebasquet.com.ar\/sitio\/wp-content\/uploads\/2025\/11\/img_7872.jpg 1200w\" sizes=\"(max-width: 1024px) 100vw, 1024px\" \/><\/figure>\n\n\n\n<p>Jano jug\u00f3 con Ferro en la semana una nueva jornadade Liga Nacional, en la que el \u201cverde\u201d triunfo ante Uni\u00f3n (SF), 98-86.&nbsp;<strong>El ex Villa Mitre culmin\u00f3 con 17 puntos (4\/7t3), 3 recobres y 5 asistencias. Ferro grit\u00f3 campe\u00f3n de la Liga Sudamerica de Baloncesto<\/strong> <strong>al ganar frente a Regatas de Corrientes por 85-68, Jano cerr\u00f3 con 12 puntos y 6 recobres<\/strong>. Por la Liga Nacional, jugar\u00e1 ante Ol\u00edmpico (La Banda), el viernes.<\/p>\n\n\n\n<p>\u2022&nbsp;<strong>Lucas Faggiano (Boca Juniors):<\/strong><\/p>\n\n\n\n<figure class=\"wp-block-image size-large\"><img decoding=\"async\" width=\"1024\" height=\"683\" src=\"https:\/\/gentedebasquet.com.ar\/sitio\/wp-content\/uploads\/2025\/11\/img_7343-1024x683.jpg\" alt=\"\" class=\"wp-image-118992\" srcset=\"https:\/\/gentedebasquet.com.ar\/sitio\/wp-content\/uploads\/2025\/11\/img_7343-1024x683.jpg 1024w, https:\/\/gentedebasquet.com.ar\/sitio\/wp-content\/uploads\/2025\/11\/img_7343-300x200.jpg 300w, https:\/\/gentedebasquet.com.ar\/sitio\/wp-content\/uploads\/2025\/11\/img_7343-768x512.jpg 768w, https:\/\/gentedebasquet.com.ar\/sitio\/wp-content\/uploads\/2025\/11\/img_7343-1536x1024.jpg 1536w, https:\/\/gentedebasquet.com.ar\/sitio\/wp-content\/uploads\/2025\/11\/img_7343-750x500.jpg 750w, https:\/\/gentedebasquet.com.ar\/sitio\/wp-content\/uploads\/2025\/11\/img_7343-1140x760.jpg 1140w, https:\/\/gentedebasquet.com.ar\/sitio\/wp-content\/uploads\/2025\/11\/img_7343.jpg 1999w\" sizes=\"(max-width: 1024px) 100vw, 1024px\" \/><\/figure>\n\n\n\n<p>Lucas sigue con buenas intervenciones en el Xeneize, donde tuvo aceptable actuaci\u00f3n en la victoria de Boca frente a Argentino (Jun\u00edn), 116-83.&nbsp;<strong>El base culmin\u00f3 con 6 puntos (2\/2t3), 4 rebotes, 4 asistencias<\/strong>. Boca reci\u00e9n jugar\u00e1 el venidero 16\/12 para medirse frente a Ober\u00e1.<\/p>\n\n\n\n<p>\u2022&nbsp;<strong>Valent\u00edn Forestier (Ol\u00edmpico de La Banda):<\/strong><\/p>\n\n\n\n<figure class=\"wp-block-image size-large\"><img decoding=\"async\" width=\"1024\" height=\"683\" src=\"https:\/\/gentedebasquet.com.ar\/sitio\/wp-content\/uploads\/2025\/10\/img_6680-1024x683.jpg\" alt=\"\" class=\"wp-image-118659\" srcset=\"https:\/\/gentedebasquet.com.ar\/sitio\/wp-content\/uploads\/2025\/10\/img_6680-1024x683.jpg 1024w, https:\/\/gentedebasquet.com.ar\/sitio\/wp-content\/uploads\/2025\/10\/img_6680-300x200.jpg 300w, https:\/\/gentedebasquet.com.ar\/sitio\/wp-content\/uploads\/2025\/10\/img_6680-768x512.jpg 768w, https:\/\/gentedebasquet.com.ar\/sitio\/wp-content\/uploads\/2025\/10\/img_6680-1536x1024.jpg 1536w, https:\/\/gentedebasquet.com.ar\/sitio\/wp-content\/uploads\/2025\/10\/img_6680-750x500.jpg 750w, https:\/\/gentedebasquet.com.ar\/sitio\/wp-content\/uploads\/2025\/10\/img_6680-1140x760.jpg 1140w, https:\/\/gentedebasquet.com.ar\/sitio\/wp-content\/uploads\/2025\/10\/img_6680.jpg 1999w\" sizes=\"(max-width: 1024px) 100vw, 1024px\" \/><\/figure>\n\n\n\n<p><strong>El alero jugar\u00e1 el pr\u00f3ximo 10\/12 frente Pe\u00f1arol de Mar del Plata, de visitante y<\/strong> <strong>el 12\/12<\/strong> <strong>ante Ferro Carril Oeste.<\/strong><\/p>\n\n\n\n<p>\u2022&nbsp;<strong>Alejo Azpilicueta\/Albano Costa (Ober\u00e1):<\/strong><\/p>\n\n\n\n<figure class=\"wp-block-image size-large\"><img decoding=\"async\" src=\"https:\/\/gentedebasquet.com.ar\/sitio\/wp-content\/uploads\/2025\/11\/negro-y-verde-gimnasio-reapertura-comercial-horizontal-po%CC%81ster-1-1024x512.png\" alt=\"\" class=\"wp-image-119104\" \/><\/figure>\n\n\n\n<p>Los \u00fanicos bahienses que comparten plantel, triunfaron frente a Instituto, 65-59.&nbsp;<strong>Alejo culmin\u00f3 con 7 puntos y 5 cristales. Albano no vio minutos de juego, pero s\u00ed en La Liga Pr\u00f3ximo con m\u00e1s protagonismo, donde Ober\u00e1 cedi\u00f3  71-64 contra el ya mencionado Instituto, el ex 9 de Julio en 37 minutos sum\u00f3 26 puntos (5\/8t2 &#8211; 3\/5t3), 9 rebotes y 31 de valoraci\u00f3n<\/strong>. Al conjunto misionero se le viene Gimnasia (Comodoro Rivadavia) el 14\/12.<\/p>\n\n\n\n<p><strong>\u2022&nbsp;Valent\u00edn Duvanced (Independiente de Oliva):<\/strong><\/p>\n\n\n\n<figure class=\"wp-block-image size-large\"><img decoding=\"async\" width=\"1024\" height=\"683\" src=\"https:\/\/gentedebasquet.com.ar\/sitio\/wp-content\/uploads\/2025\/11\/img_7342-1024x683.jpg\" alt=\"\" class=\"wp-image-118993\" srcset=\"https:\/\/gentedebasquet.com.ar\/sitio\/wp-content\/uploads\/2025\/11\/img_7342-1024x683.jpg 1024w, https:\/\/gentedebasquet.com.ar\/sitio\/wp-content\/uploads\/2025\/11\/img_7342-300x200.jpg 300w, https:\/\/gentedebasquet.com.ar\/sitio\/wp-content\/uploads\/2025\/11\/img_7342-768x512.jpg 768w, https:\/\/gentedebasquet.com.ar\/sitio\/wp-content\/uploads\/2025\/11\/img_7342-1536x1024.jpg 1536w, https:\/\/gentedebasquet.com.ar\/sitio\/wp-content\/uploads\/2025\/11\/img_7342-750x500.jpg 750w, https:\/\/gentedebasquet.com.ar\/sitio\/wp-content\/uploads\/2025\/11\/img_7342-1140x760.jpg 1140w, https:\/\/gentedebasquet.com.ar\/sitio\/wp-content\/uploads\/2025\/11\/img_7342.jpg 1999w\" sizes=\"(max-width: 1024px) 100vw, 1024px\" \/><\/figure>\n\n\n\n<p>Valentin tuvo minutos en la ca\u00edda de Independiente ante Platense 86-84, de visitante.&nbsp;<strong>El ex \u201cAlbo\u201d sum\u00f3 2 unidades y 2 rebotes<\/strong>. Hoy Independiente juega contra Uni\u00f3n (SF). <\/p>\n\n\n\n<p><strong>\u2022&nbsp;Federico El\u00edas (Uni\u00f3n de Santa Fe):<\/strong><\/p>\n\n\n\n<figure class=\"wp-block-image size-large\"><img decoding=\"async\" width=\"1024\" height=\"682\" src=\"https:\/\/gentedebasquet.com.ar\/sitio\/wp-content\/uploads\/2025\/10\/808d154e-cb72-4c42-9c53-18864e75eef0-1024x682.jpg\" alt=\"\" class=\"wp-image-118808\" srcset=\"https:\/\/gentedebasquet.com.ar\/sitio\/wp-content\/uploads\/2025\/10\/808d154e-cb72-4c42-9c53-18864e75eef0-1024x682.jpg 1024w, https:\/\/gentedebasquet.com.ar\/sitio\/wp-content\/uploads\/2025\/10\/808d154e-cb72-4c42-9c53-18864e75eef0-300x200.jpg 300w, https:\/\/gentedebasquet.com.ar\/sitio\/wp-content\/uploads\/2025\/10\/808d154e-cb72-4c42-9c53-18864e75eef0-768x512.jpg 768w, https:\/\/gentedebasquet.com.ar\/sitio\/wp-content\/uploads\/2025\/10\/808d154e-cb72-4c42-9c53-18864e75eef0-1536x1023.jpg 1536w, https:\/\/gentedebasquet.com.ar\/sitio\/wp-content\/uploads\/2025\/10\/808d154e-cb72-4c42-9c53-18864e75eef0-750x500.jpg 750w, https:\/\/gentedebasquet.com.ar\/sitio\/wp-content\/uploads\/2025\/10\/808d154e-cb72-4c42-9c53-18864e75eef0-1140x760.jpg 1140w, https:\/\/gentedebasquet.com.ar\/sitio\/wp-content\/uploads\/2025\/10\/808d154e-cb72-4c42-9c53-18864e75eef0.jpg 1600w\" sizes=\"(max-width: 1024px) 100vw, 1024px\" \/><\/figure>\n\n\n\n<p><strong>Fede tuvo 6 minutos en la derrota de Uni\u00f3n frente a San Lorenzo 80-75, en los que culmin\u00f3 con 3 unidades<\/strong>. Jugar\u00e1 hoy ante Independiente de Oliva.<\/p>\n\n\n\n<figure class=\"wp-block-image size-large\"><img decoding=\"async\" width=\"1024\" height=\"1024\" src=\"https:\/\/gentedebasquet.com.ar\/sitio\/wp-content\/uploads\/2025\/10\/84d061a9-6200-43a4-84c0-5b5f199ce0dd-1024x1024.jpg\" alt=\"\" class=\"wp-image-118546\" srcset=\"https:\/\/gentedebasquet.com.ar\/sitio\/wp-content\/uploads\/2025\/10\/84d061a9-6200-43a4-84c0-5b5f199ce0dd-1024x1024.jpg 1024w, https:\/\/gentedebasquet.com.ar\/sitio\/wp-content\/uploads\/2025\/10\/84d061a9-6200-43a4-84c0-5b5f199ce0dd-300x300.jpg 300w, https:\/\/gentedebasquet.com.ar\/sitio\/wp-content\/uploads\/2025\/10\/84d061a9-6200-43a4-84c0-5b5f199ce0dd-150x150.jpg 150w, https:\/\/gentedebasquet.com.ar\/sitio\/wp-content\/uploads\/2025\/10\/84d061a9-6200-43a4-84c0-5b5f199ce0dd-768x768.jpg 768w, https:\/\/gentedebasquet.com.ar\/sitio\/wp-content\/uploads\/2025\/10\/84d061a9-6200-43a4-84c0-5b5f199ce0dd-75x75.jpg 75w, https:\/\/gentedebasquet.com.ar\/sitio\/wp-content\/uploads\/2025\/10\/84d061a9-6200-43a4-84c0-5b5f199ce0dd-350x350.jpg 350w, https:\/\/gentedebasquet.com.ar\/sitio\/wp-content\/uploads\/2025\/10\/84d061a9-6200-43a4-84c0-5b5f199ce0dd-750x750.jpg 750w, https:\/\/gentedebasquet.com.ar\/sitio\/wp-content\/uploads\/2025\/10\/84d061a9-6200-43a4-84c0-5b5f199ce0dd-1140x1140.jpg 1140w, https:\/\/gentedebasquet.com.ar\/sitio\/wp-content\/uploads\/2025\/10\/84d061a9-6200-43a4-84c0-5b5f199ce0dd.jpg 1280w\" sizes=\"(max-width: 1024px) 100vw, 1024px\" \/><\/figure>\n\n\n\n<p><strong><em>Bajamos un escal\u00f3n para repasar como les fue a los Bahienses en la Liga Argentina:<\/em><\/strong><\/p>\n\n\n\n<p>\u2022&nbsp;<strong>Juan Cruz Marini (Jujuy Basquet):<\/strong><\/p>\n\n\n\n<figure class=\"wp-block-image size-large\"><img decoding=\"async\" width=\"1024\" height=\"745\" src=\"https:\/\/gentedebasquet.com.ar\/sitio\/wp-content\/uploads\/2025\/11\/47ca84f3-9554-43f6-9df6-2fa7b50c824a-1024x745.jpg\" alt=\"\" class=\"wp-image-119192\" srcset=\"https:\/\/gentedebasquet.com.ar\/sitio\/wp-content\/uploads\/2025\/11\/47ca84f3-9554-43f6-9df6-2fa7b50c824a-1024x745.jpg 1024w, https:\/\/gentedebasquet.com.ar\/sitio\/wp-content\/uploads\/2025\/11\/47ca84f3-9554-43f6-9df6-2fa7b50c824a-300x218.jpg 300w, https:\/\/gentedebasquet.com.ar\/sitio\/wp-content\/uploads\/2025\/11\/47ca84f3-9554-43f6-9df6-2fa7b50c824a-768x559.jpg 768w, https:\/\/gentedebasquet.com.ar\/sitio\/wp-content\/uploads\/2025\/11\/47ca84f3-9554-43f6-9df6-2fa7b50c824a-1536x1117.jpg 1536w, https:\/\/gentedebasquet.com.ar\/sitio\/wp-content\/uploads\/2025\/11\/47ca84f3-9554-43f6-9df6-2fa7b50c824a-120x86.jpg 120w, https:\/\/gentedebasquet.com.ar\/sitio\/wp-content\/uploads\/2025\/11\/47ca84f3-9554-43f6-9df6-2fa7b50c824a-750x546.jpg 750w, https:\/\/gentedebasquet.com.ar\/sitio\/wp-content\/uploads\/2025\/11\/47ca84f3-9554-43f6-9df6-2fa7b50c824a-1140x829.jpg 1140w, https:\/\/gentedebasquet.com.ar\/sitio\/wp-content\/uploads\/2025\/11\/47ca84f3-9554-43f6-9df6-2fa7b50c824a.jpg 1600w\" sizes=\"(max-width: 1024px) 100vw, 1024px\" \/><\/figure>\n\n\n\n<p>El ex Pacifico,&nbsp;<strong>cerr\u00f3 su planilla con 4 puntos en 23 minutos<\/strong>, en el triunfo frente a Bochas, 71-65. Jujuy B\u00e1squet jugar\u00e1 ante Col\u00f3n (SF), el jueves.<\/p>\n\n\n\n<p>\u2022&nbsp;<strong>Gonzalo Torres (Provincial):<\/strong><\/p>\n\n\n\n<figure class=\"wp-block-image size-large\"><img decoding=\"async\" width=\"1024\" height=\"681\" src=\"https:\/\/gentedebasquet.com.ar\/sitio\/wp-content\/uploads\/2025\/11\/4ca9996c-022b-4989-b254-cf94168652a6-1024x681.jpg\" alt=\"\" class=\"wp-image-119244\" srcset=\"https:\/\/gentedebasquet.com.ar\/sitio\/wp-content\/uploads\/2025\/11\/4ca9996c-022b-4989-b254-cf94168652a6-1024x681.jpg 1024w, https:\/\/gentedebasquet.com.ar\/sitio\/wp-content\/uploads\/2025\/11\/4ca9996c-022b-4989-b254-cf94168652a6-300x199.jpg 300w, https:\/\/gentedebasquet.com.ar\/sitio\/wp-content\/uploads\/2025\/11\/4ca9996c-022b-4989-b254-cf94168652a6-768x511.jpg 768w, https:\/\/gentedebasquet.com.ar\/sitio\/wp-content\/uploads\/2025\/11\/4ca9996c-022b-4989-b254-cf94168652a6-750x499.jpg 750w, https:\/\/gentedebasquet.com.ar\/sitio\/wp-content\/uploads\/2025\/11\/4ca9996c-022b-4989-b254-cf94168652a6.jpg 1080w\" sizes=\"(max-width: 1024px) 100vw, 1024px\" \/><\/figure>\n\n\n\n<p>El equipo rosarino, triunfo frente a La Uni\u00f3n (Entre R\u00edos), 79-66.&nbsp;<strong>Gonzalo cerr\u00f3 su planilla con 16 puntos (6\/7t2) y 7 rebotes en 29 minutos.<\/strong>&nbsp;Provincial ser\u00e1 local de Lan\u00fas, ma\u00f1ana.<\/p>\n\n\n\n<p><strong>\u2022 Nicolas Paletta (Deportivo Viedma):<\/strong><\/p>\n\n\n\n<figure class=\"wp-block-image size-large\"><img decoding=\"async\" width=\"1024\" height=\"572\" src=\"https:\/\/gentedebasquet.com.ar\/sitio\/wp-content\/uploads\/2025\/11\/img_8291-1024x572.jpg\" alt=\"\" class=\"wp-image-119385\" srcset=\"https:\/\/gentedebasquet.com.ar\/sitio\/wp-content\/uploads\/2025\/11\/img_8291-1024x572.jpg 1024w, https:\/\/gentedebasquet.com.ar\/sitio\/wp-content\/uploads\/2025\/11\/img_8291-300x168.jpg 300w, https:\/\/gentedebasquet.com.ar\/sitio\/wp-content\/uploads\/2025\/11\/img_8291-768x429.jpg 768w, https:\/\/gentedebasquet.com.ar\/sitio\/wp-content\/uploads\/2025\/11\/img_8291-750x419.jpg 750w, https:\/\/gentedebasquet.com.ar\/sitio\/wp-content\/uploads\/2025\/11\/img_8291-1140x637.jpg 1140w, https:\/\/gentedebasquet.com.ar\/sitio\/wp-content\/uploads\/2025\/11\/img_8291.jpg 1199w\" sizes=\"(max-width: 1024px) 100vw, 1024px\" \/><\/figure>\n\n\n\n<p>Deportivo Viedma sali\u00f3 victorioso ante Uni\u00f3n (MdP) 104-86.&nbsp;<strong>Nico Paletta cerr\u00f3 con 21 puntos (5\/6t2) y 4 asistencias.&nbsp;<\/strong>El jueves recibir\u00e1 a Pico Football Club.<\/p>\n\n\n\n<p>\u2022&nbsp;<strong>Emilio Boy\u00e9 (San Isidro):<\/strong><\/p>\n\n\n\n<figure class=\"wp-block-image size-large\"><img decoding=\"async\" width=\"1024\" height=\"682\" src=\"https:\/\/gentedebasquet.com.ar\/sitio\/wp-content\/uploads\/2025\/11\/img_7881-1024x682.jpg\" alt=\"\" class=\"wp-image-119195\" srcset=\"https:\/\/gentedebasquet.com.ar\/sitio\/wp-content\/uploads\/2025\/11\/img_7881-1024x682.jpg 1024w, https:\/\/gentedebasquet.com.ar\/sitio\/wp-content\/uploads\/2025\/11\/img_7881-300x200.jpg 300w, https:\/\/gentedebasquet.com.ar\/sitio\/wp-content\/uploads\/2025\/11\/img_7881-768x512.jpg 768w, https:\/\/gentedebasquet.com.ar\/sitio\/wp-content\/uploads\/2025\/11\/img_7881-1536x1024.jpg 1536w, https:\/\/gentedebasquet.com.ar\/sitio\/wp-content\/uploads\/2025\/11\/img_7881-750x500.jpg 750w, https:\/\/gentedebasquet.com.ar\/sitio\/wp-content\/uploads\/2025\/11\/img_7881-1140x760.jpg 1140w, https:\/\/gentedebasquet.com.ar\/sitio\/wp-content\/uploads\/2025\/11\/img_7881.jpg 2000w\" sizes=\"(max-width: 1024px) 100vw, 1024px\" \/><figcaption class=\"wp-element-caption\"><strong>Foto: Giovanna Buttarazzi<\/strong><\/figcaption><\/figure>\n\n\n\n<p>El ex 9 de Julio,<strong> vi\u00f3 minutos en la derrota de CASI frente a Santa Paula 86-75, donde sum\u00f3 3 puntos (1\/1t3) y capturando un recobre<\/strong>. San Isidro jugar\u00e1 el viernes frente a Villa San Mart\u00edn.<\/p>\n\n\n\n<p>\u2022&nbsp;<strong>Fernando Alfonso y Javier Bollo (Estudiantes Tucum\u00e1n):<\/strong><\/p>\n\n\n\n<figure class=\"wp-block-image size-large\"><img decoding=\"async\" src=\"https:\/\/gentedebasquet.com.ar\/sitio\/wp-content\/uploads\/2025\/11\/negro-y-verde-gimnasio-reapertura-comercial-horizontal-po%CC%81ster-2-1024x512.png\" alt=\"\" class=\"wp-image-119196\" \/><figcaption class=\"wp-element-caption\"><strong>Fotos: Lourdes Corbal\u00e1n&nbsp;<\/strong><\/figcaption><\/figure>\n\n\n\n<p>Los ex Villa Mitre, disputaron una nueva jornada en la Liga Argentina, donde cedieron ante Bochas 89-78.&nbsp;<strong>Fer Alfonso culmin\u00f3 con 11 unidades (4\/5t2), por su parte Javier Bollo cerr\u00f3 con 14 puntos y 8 rebotes<\/strong>. Jugar\u00e1n frente a Sportivo Suardi, ma\u00f1ana.&nbsp;<\/p>\n\n\n\n<p>\u2022&nbsp;<strong>M\u00e1ximo Genitti (Salta Basket):<\/strong><\/p>\n\n\n\n<figure class=\"wp-block-image size-large\"><img decoding=\"async\" width=\"682\" height=\"466\" src=\"https:\/\/gentedebasquet.com.ar\/sitio\/wp-content\/uploads\/2025\/11\/image-1.jpg\" alt=\"\" class=\"wp-image-119200\" srcset=\"https:\/\/gentedebasquet.com.ar\/sitio\/wp-content\/uploads\/2025\/11\/image-1.jpg 682w, https:\/\/gentedebasquet.com.ar\/sitio\/wp-content\/uploads\/2025\/11\/image-1-300x205.jpg 300w\" sizes=\"(max-width: 682px) 100vw, 682px\" \/><figcaption class=\"wp-element-caption\"><strong>Foto: Giovanna Buttarazzi<\/strong><\/figcaption><\/figure>\n\n\n\n<p>Salta Basket triunfo 67-65 frente a Hurac\u00e1n (Las Heras).&nbsp;<strong>El ex Olimpo, vi\u00f3 15 minutos de juego, en los que sum\u00f3 6 puntos (2\/3t3) y captur\u00f3 2 rebotes<\/strong>. Salta Basket ser\u00e1 anfitri\u00f3n de Col\u00f3n (SF), hoy.<\/p>\n\n\n\n<p>\u2022&nbsp;<strong>Villa Mitre (Bahienses en su totalidad):<\/strong><\/p>\n\n\n\n<figure class=\"wp-block-image size-large\"><img decoding=\"async\" width=\"682\" height=\"381\" src=\"https:\/\/gentedebasquet.com.ar\/sitio\/wp-content\/uploads\/2025\/11\/image.jpg\" alt=\"\" class=\"wp-image-119198\" srcset=\"https:\/\/gentedebasquet.com.ar\/sitio\/wp-content\/uploads\/2025\/11\/image.jpg 682w, https:\/\/gentedebasquet.com.ar\/sitio\/wp-content\/uploads\/2025\/11\/image-300x168.jpg 300w\" sizes=\"(max-width: 682px) 100vw, 682px\" \/><figcaption class=\"wp-element-caption\"><strong>El plantel de Villa Mitre, Foto: Prensa Villa Mitre<\/strong><\/figcaption><\/figure>\n\n\n\n<p>Los oriundos de nuestra ciudad que est\u00e1n en Villa Mitre son:&nbsp;<strong>Alejo Blanco (2 puntos); Emilio Gimenez (7 puntos); Franco Pennacchiotti (16 puntos \u2013<\/strong>&nbsp;<strong>15 rebotes y +26 de valoraci\u00f3n); Fabian Sahdi (7 unidades \u2013 2 rebotes y 3 asistencias), tanto Joaquin Jasen vi\u00f3 1 minuto en cancha y Nicolas Guerrero no vi\u00f3 minutos<\/strong>. Villa Mitre jugar\u00e1 nuevamente en Bahia, hoy ante Pico Football Club.<\/p>\n","protected":false},"excerpt":{"rendered":"<p>Estas fueron las actuaciones de los oriundos de nuestra ciudad, en la \u00e9lite del b\u00e1squetbol nacional y la segunda categor\u00eda. Adem\u00e1s lo que se le vendr\u00e1 a cada uno. Empezamos con los que est\u00e1n en la \u00e9lite del b\u00e1squet nacional, donde hay siete jugadores bahienses, repasamos lo que dej\u00f3 y se vendr\u00e1: \u2022&nbsp;Jano Mart\u00ednez (Ferro): [&hellip;]<\/p>\n","protected":false},"author":82,"featured_media":119670,"comment_status":"closed","ping_status":"open","sticky":false,"template":"","format":"standard","meta":{"jnews-multi-image_gallery":[],"jnews_single_post":[],"jnews_primary_category":[],"footnotes":""},"categories":[34,101],"tags":[1907,1765,1970,536,1085,229,87,132,1394,603,1984,309,80,1956,1972,138,1655,1436],"class_list":["post-119671","post","type-post","status-publish","format-standard","has-post-thumbnail","hentry","category-bahienses-afuera","category-slide","tag-albano-costa","tag-alejo-azpilicueta","tag-alejo-blanco","tag-fabian-sahdi","tag-federico-elias","tag-fernando-alfonso","tag-franco-pennacchiotti","tag-gonzalo-torres","tag-jano-martinez","tag-javier-bollo","tag-joaquin-jasen","tag-juan-cruz-marini","tag-lucas-faggiano","tag-maximo-genitti","tag-nicolas-guerrero","tag-nicolas-paletta","tag-valentin-duvanced","tag-valentin-forestier"],"yoast_head":"<!-- This site is optimized with the Yoast SEO plugin v27.5 - https:\/\/yoast.com\/product\/yoast-seo-wordpress\/ -->\n<title>La semana de los Bahienses - Gente de B\u00e1squet<\/title>\n<meta name=\"robots\" content=\"index, follow, max-snippet:-1, max-image-preview:large, max-video-preview:-1\" \/>\n<link rel=\"canonical\" href=\"https:\/\/gentedebasquet.com.ar\/sitio\/2025\/12\/09\/la-semana-de-los-bahienses\/\" \/>\n<meta property=\"og:locale\" content=\"es_ES\" \/>\n<meta property=\"og:type\" content=\"article\" \/>\n<meta property=\"og:title\" content=\"La semana de los Bahienses - Gente de B\u00e1squet\" \/>\n<meta property=\"og:description\" content=\"Estas fueron las actuaciones de los oriundos de nuestra ciudad, en la \u00e9lite del b\u00e1squetbol nacional y la segunda categor\u00eda. Adem\u00e1s lo que se le vendr\u00e1 a cada uno. Empezamos con los que est\u00e1n en la \u00e9lite del b\u00e1squet nacional, donde hay siete jugadores bahienses, repasamos lo que dej\u00f3 y se vendr\u00e1: \u2022&nbsp;Jano Mart\u00ednez (Ferro): [&hellip;]\" \/>\n<meta property=\"og:url\" content=\"https:\/\/gentedebasquet.com.ar\/sitio\/2025\/12\/09\/la-semana-de-los-bahienses\/\" \/>\n<meta property=\"og:site_name\" content=\"Gente de B\u00e1squet\" \/>\n<meta property=\"article:published_time\" content=\"2025-12-09T04:24:38+00:00\" \/>\n<meta property=\"article:modified_time\" content=\"2025-12-09T04:29:12+00:00\" \/>\n<meta property=\"og:image\" content=\"https:\/\/gentedebasquet.com.ar\/sitio\/wp-content\/uploads\/2025\/12\/img_9342-1.jpg\" \/>\n\t<meta property=\"og:image:width\" content=\"1201\" \/>\n\t<meta property=\"og:image:height\" content=\"676\" \/>\n\t<meta property=\"og:image:type\" content=\"image\/jpeg\" \/>\n<meta name=\"author\" content=\"Manuel Lacerenza\" \/>\n<meta name=\"twitter:card\" content=\"summary_large_image\" \/>\n<meta name=\"twitter:label1\" content=\"Escrito por\" \/>\n\t<meta name=\"twitter:data1\" content=\"Manuel Lacerenza\" \/>\n\t<meta name=\"twitter:label2\" content=\"Tiempo de lectura\" \/>\n\t<meta name=\"twitter:data2\" content=\"3 minutos\" \/>\n<script type=\"application\/ld+json\" class=\"yoast-schema-graph\">{\"@context\":\"https:\\\/\\\/schema.org\",\"@graph\":[{\"@type\":\"Article\",\"@id\":\"https:\\\/\\\/gentedebasquet.com.ar\\\/sitio\\\/2025\\\/12\\\/09\\\/la-semana-de-los-bahienses\\\/#article\",\"isPartOf\":{\"@id\":\"https:\\\/\\\/gentedebasquet.com.ar\\\/sitio\\\/2025\\\/12\\\/09\\\/la-semana-de-los-bahienses\\\/\"},\"author\":{\"name\":\"Manuel Lacerenza\",\"@id\":\"https:\\\/\\\/gentedebasquet.com.ar\\\/sitio\\\/#\\\/schema\\\/person\\\/643357fb6a37b5549c9cfe9f339c9f1b\"},\"headline\":\"La semana de los Bahienses\",\"datePublished\":\"2025-12-09T04:24:38+00:00\",\"dateModified\":\"2025-12-09T04:29:12+00:00\",\"mainEntityOfPage\":{\"@id\":\"https:\\\/\\\/gentedebasquet.com.ar\\\/sitio\\\/2025\\\/12\\\/09\\\/la-semana-de-los-bahienses\\\/\"},\"wordCount\":703,\"image\":{\"@id\":\"https:\\\/\\\/gentedebasquet.com.ar\\\/sitio\\\/2025\\\/12\\\/09\\\/la-semana-de-los-bahienses\\\/#primaryimage\"},\"thumbnailUrl\":\"https:\\\/\\\/gentedebasquet.com.ar\\\/sitio\\\/wp-content\\\/uploads\\\/2025\\\/12\\\/img_9342-1.jpg\",\"keywords\":[\"Albano Costa\",\"Alejo Azpilicueta\",\"Alejo Blanco\",\"Fabi\u00e1n Sahdi\",\"Federico El\u00edas\",\"Fernando Alfonso\",\"Franco Pennacchiotti\",\"Gonzalo Torres\",\"Jano Mart\u00ednez\",\"Javier Bollo\",\"Joaqu\u00edn Jasen\",\"Juan Cruz Marini\",\"Lucas Faggiano\",\"M\u00e1ximo Genitti\",\"Nicol\u00e1s Guerrero\",\"Nicol\u00e1s Paletta\",\"Valentin Duvanced\",\"Valent\u00edn Forestier\"],\"articleSection\":[\"Bahienses Afuera\",\"Slide\"],\"inLanguage\":\"es\"},{\"@type\":\"WebPage\",\"@id\":\"https:\\\/\\\/gentedebasquet.com.ar\\\/sitio\\\/2025\\\/12\\\/09\\\/la-semana-de-los-bahienses\\\/\",\"url\":\"https:\\\/\\\/gentedebasquet.com.ar\\\/sitio\\\/2025\\\/12\\\/09\\\/la-semana-de-los-bahienses\\\/\",\"name\":\"La semana de los Bahienses - Gente de B\u00e1squet\",\"isPartOf\":{\"@id\":\"https:\\\/\\\/gentedebasquet.com.ar\\\/sitio\\\/#website\"},\"primaryImageOfPage\":{\"@id\":\"https:\\\/\\\/gentedebasquet.com.ar\\\/sitio\\\/2025\\\/12\\\/09\\\/la-semana-de-los-bahienses\\\/#primaryimage\"},\"image\":{\"@id\":\"https:\\\/\\\/gentedebasquet.com.ar\\\/sitio\\\/2025\\\/12\\\/09\\\/la-semana-de-los-bahienses\\\/#primaryimage\"},\"thumbnailUrl\":\"https:\\\/\\\/gentedebasquet.com.ar\\\/sitio\\\/wp-content\\\/uploads\\\/2025\\\/12\\\/img_9342-1.jpg\",\"datePublished\":\"2025-12-09T04:24:38+00:00\",\"dateModified\":\"2025-12-09T04:29:12+00:00\",\"author\":{\"@id\":\"https:\\\/\\\/gentedebasquet.com.ar\\\/sitio\\\/#\\\/schema\\\/person\\\/643357fb6a37b5549c9cfe9f339c9f1b\"},\"breadcrumb\":{\"@id\":\"https:\\\/\\\/gentedebasquet.com.ar\\\/sitio\\\/2025\\\/12\\\/09\\\/la-semana-de-los-bahienses\\\/#breadcrumb\"},\"inLanguage\":\"es\",\"potentialAction\":[{\"@type\":\"ReadAction\",\"target\":[\"https:\\\/\\\/gentedebasquet.com.ar\\\/sitio\\\/2025\\\/12\\\/09\\\/la-semana-de-los-bahienses\\\/\"]}]},{\"@type\":\"ImageObject\",\"inLanguage\":\"es\",\"@id\":\"https:\\\/\\\/gentedebasquet.com.ar\\\/sitio\\\/2025\\\/12\\\/09\\\/la-semana-de-los-bahienses\\\/#primaryimage\",\"url\":\"https:\\\/\\\/gentedebasquet.com.ar\\\/sitio\\\/wp-content\\\/uploads\\\/2025\\\/12\\\/img_9342-1.jpg\",\"contentUrl\":\"https:\\\/\\\/gentedebasquet.com.ar\\\/sitio\\\/wp-content\\\/uploads\\\/2025\\\/12\\\/img_9342-1.jpg\",\"width\":1201,\"height\":676},{\"@type\":\"BreadcrumbList\",\"@id\":\"https:\\\/\\\/gentedebasquet.com.ar\\\/sitio\\\/2025\\\/12\\\/09\\\/la-semana-de-los-bahienses\\\/#breadcrumb\",\"itemListElement\":[{\"@type\":\"ListItem\",\"position\":1,\"name\":\"Portada\",\"item\":\"https:\\\/\\\/gentedebasquet.com.ar\\\/sitio\\\/\"},{\"@type\":\"ListItem\",\"position\":2,\"name\":\"La semana de los Bahienses\"}]},{\"@type\":\"WebSite\",\"@id\":\"https:\\\/\\\/gentedebasquet.com.ar\\\/sitio\\\/#website\",\"url\":\"https:\\\/\\\/gentedebasquet.com.ar\\\/sitio\\\/\",\"name\":\"Gente de B\u00e1squet\",\"description\":\"La revista del basquet de Bah\u00eda Blanca\",\"potentialAction\":[{\"@type\":\"SearchAction\",\"target\":{\"@type\":\"EntryPoint\",\"urlTemplate\":\"https:\\\/\\\/gentedebasquet.com.ar\\\/sitio\\\/?s={search_term_string}\"},\"query-input\":{\"@type\":\"PropertyValueSpecification\",\"valueRequired\":true,\"valueName\":\"search_term_string\"}}],\"inLanguage\":\"es\"},{\"@type\":\"Person\",\"@id\":\"https:\\\/\\\/gentedebasquet.com.ar\\\/sitio\\\/#\\\/schema\\\/person\\\/643357fb6a37b5549c9cfe9f339c9f1b\",\"name\":\"Manuel Lacerenza\",\"image\":{\"@type\":\"ImageObject\",\"inLanguage\":\"es\",\"@id\":\"https:\\\/\\\/secure.gravatar.com\\\/avatar\\\/6a427d587bd181ca8afd828e8cf364f233c5cbe5b8a1332b92ea42687ad97845?s=96&d=mm&r=g\",\"url\":\"https:\\\/\\\/secure.gravatar.com\\\/avatar\\\/6a427d587bd181ca8afd828e8cf364f233c5cbe5b8a1332b92ea42687ad97845?s=96&d=mm&r=g\",\"contentUrl\":\"https:\\\/\\\/secure.gravatar.com\\\/avatar\\\/6a427d587bd181ca8afd828e8cf364f233c5cbe5b8a1332b92ea42687ad97845?s=96&d=mm&r=g\",\"caption\":\"Manuel Lacerenza\"},\"url\":\"https:\\\/\\\/gentedebasquet.com.ar\\\/sitio\\\/author\\\/manuel\\\/\"}]}<\/script>\n<!-- \/ Yoast SEO plugin. -->","yoast_head_json":{"title":"La semana de los Bahienses - Gente de B\u00e1squet","robots":{"index":"index","follow":"follow","max-snippet":"max-snippet:-1","max-image-preview":"max-image-preview:large","max-video-preview":"max-video-preview:-1"},"canonical":"https:\/\/gentedebasquet.com.ar\/sitio\/2025\/12\/09\/la-semana-de-los-bahienses\/","og_locale":"es_ES","og_type":"article","og_title":"La semana de los Bahienses - Gente de B\u00e1squet","og_description":"Estas fueron las actuaciones de los oriundos de nuestra ciudad, en la \u00e9lite del b\u00e1squetbol nacional y la segunda categor\u00eda. Adem\u00e1s lo que se le vendr\u00e1 a cada uno. Empezamos con los que est\u00e1n en la \u00e9lite del b\u00e1squet nacional, donde hay siete jugadores bahienses, repasamos lo que dej\u00f3 y se vendr\u00e1: \u2022&nbsp;Jano Mart\u00ednez (Ferro): [&hellip;]","og_url":"https:\/\/gentedebasquet.com.ar\/sitio\/2025\/12\/09\/la-semana-de-los-bahienses\/","og_site_name":"Gente de B\u00e1squet","article_published_time":"2025-12-09T04:24:38+00:00","article_modified_time":"2025-12-09T04:29:12+00:00","og_image":[{"width":1201,"height":676,"url":"https:\/\/gentedebasquet.com.ar\/sitio\/wp-content\/uploads\/2025\/12\/img_9342-1.jpg","type":"image\/jpeg"}],"author":"Manuel Lacerenza","twitter_card":"summary_large_image","twitter_misc":{"Escrito por":"Manuel Lacerenza","Tiempo de lectura":"3 minutos"},"schema":{"@context":"https:\/\/schema.org","@graph":[{"@type":"Article","@id":"https:\/\/gentedebasquet.com.ar\/sitio\/2025\/12\/09\/la-semana-de-los-bahienses\/#article","isPartOf":{"@id":"https:\/\/gentedebasquet.com.ar\/sitio\/2025\/12\/09\/la-semana-de-los-bahienses\/"},"author":{"name":"Manuel Lacerenza","@id":"https:\/\/gentedebasquet.com.ar\/sitio\/#\/schema\/person\/643357fb6a37b5549c9cfe9f339c9f1b"},"headline":"La semana de los Bahienses","datePublished":"2025-12-09T04:24:38+00:00","dateModified":"2025-12-09T04:29:12+00:00","mainEntityOfPage":{"@id":"https:\/\/gentedebasquet.com.ar\/sitio\/2025\/12\/09\/la-semana-de-los-bahienses\/"},"wordCount":703,"image":{"@id":"https:\/\/gentedebasquet.com.ar\/sitio\/2025\/12\/09\/la-semana-de-los-bahienses\/#primaryimage"},"thumbnailUrl":"https:\/\/gentedebasquet.com.ar\/sitio\/wp-content\/uploads\/2025\/12\/img_9342-1.jpg","keywords":["Albano Costa","Alejo Azpilicueta","Alejo Blanco","Fabi\u00e1n Sahdi","Federico El\u00edas","Fernando Alfonso","Franco Pennacchiotti","Gonzalo Torres","Jano Mart\u00ednez","Javier Bollo","Joaqu\u00edn Jasen","Juan Cruz Marini","Lucas Faggiano","M\u00e1ximo Genitti","Nicol\u00e1s Guerrero","Nicol\u00e1s Paletta","Valentin Duvanced","Valent\u00edn Forestier"],"articleSection":["Bahienses Afuera","Slide"],"inLanguage":"es"},{"@type":"WebPage","@id":"https:\/\/gentedebasquet.com.ar\/sitio\/2025\/12\/09\/la-semana-de-los-bahienses\/","url":"https:\/\/gentedebasquet.com.ar\/sitio\/2025\/12\/09\/la-semana-de-los-bahienses\/","name":"La semana de los Bahienses - Gente de B\u00e1squet","isPartOf":{"@id":"https:\/\/gentedebasquet.com.ar\/sitio\/#website"},"primaryImageOfPage":{"@id":"https:\/\/gentedebasquet.com.ar\/sitio\/2025\/12\/09\/la-semana-de-los-bahienses\/#primaryimage"},"image":{"@id":"https:\/\/gentedebasquet.com.ar\/sitio\/2025\/12\/09\/la-semana-de-los-bahienses\/#primaryimage"},"thumbnailUrl":"https:\/\/gentedebasquet.com.ar\/sitio\/wp-content\/uploads\/2025\/12\/img_9342-1.jpg","datePublished":"2025-12-09T04:24:38+00:00","dateModified":"2025-12-09T04:29:12+00:00","author":{"@id":"https:\/\/gentedebasquet.com.ar\/sitio\/#\/schema\/person\/643357fb6a37b5549c9cfe9f339c9f1b"},"breadcrumb":{"@id":"https:\/\/gentedebasquet.com.ar\/sitio\/2025\/12\/09\/la-semana-de-los-bahienses\/#breadcrumb"},"inLanguage":"es","potentialAction":[{"@type":"ReadAction","target":["https:\/\/gentedebasquet.com.ar\/sitio\/2025\/12\/09\/la-semana-de-los-bahienses\/"]}]},{"@type":"ImageObject","inLanguage":"es","@id":"https:\/\/gentedebasquet.com.ar\/sitio\/2025\/12\/09\/la-semana-de-los-bahienses\/#primaryimage","url":"https:\/\/gentedebasquet.com.ar\/sitio\/wp-content\/uploads\/2025\/12\/img_9342-1.jpg","contentUrl":"https:\/\/gentedebasquet.com.ar\/sitio\/wp-content\/uploads\/2025\/12\/img_9342-1.jpg","width":1201,"height":676},{"@type":"BreadcrumbList","@id":"https:\/\/gentedebasquet.com.ar\/sitio\/2025\/12\/09\/la-semana-de-los-bahienses\/#breadcrumb","itemListElement":[{"@type":"ListItem","position":1,"name":"Portada","item":"https:\/\/gentedebasquet.com.ar\/sitio\/"},{"@type":"ListItem","position":2,"name":"La semana de los Bahienses"}]},{"@type":"WebSite","@id":"https:\/\/gentedebasquet.com.ar\/sitio\/#website","url":"https:\/\/gentedebasquet.com.ar\/sitio\/","name":"Gente de B\u00e1squet","description":"La revista del basquet de Bah\u00eda Blanca","potentialAction":[{"@type":"SearchAction","target":{"@type":"EntryPoint","urlTemplate":"https:\/\/gentedebasquet.com.ar\/sitio\/?s={search_term_string}"},"query-input":{"@type":"PropertyValueSpecification","valueRequired":true,"valueName":"search_term_string"}}],"inLanguage":"es"},{"@type":"Person","@id":"https:\/\/gentedebasquet.com.ar\/sitio\/#\/schema\/person\/643357fb6a37b5549c9cfe9f339c9f1b","name":"Manuel Lacerenza","image":{"@type":"ImageObject","inLanguage":"es","@id":"https:\/\/secure.gravatar.com\/avatar\/6a427d587bd181ca8afd828e8cf364f233c5cbe5b8a1332b92ea42687ad97845?s=96&d=mm&r=g","url":"https:\/\/secure.gravatar.com\/avatar\/6a427d587bd181ca8afd828e8cf364f233c5cbe5b8a1332b92ea42687ad97845?s=96&d=mm&r=g","contentUrl":"https:\/\/secure.gravatar.com\/avatar\/6a427d587bd181ca8afd828e8cf364f233c5cbe5b8a1332b92ea42687ad97845?s=96&d=mm&r=g","caption":"Manuel Lacerenza"},"url":"https:\/\/gentedebasquet.com.ar\/sitio\/author\/manuel\/"}]}},"_links":{"self":[{"href":"https:\/\/gentedebasquet.com.ar\/sitio\/wp-json\/wp\/v2\/posts\/119671","targetHints":{"allow":["GET"]}}],"collection":[{"href":"https:\/\/gentedebasquet.com.ar\/sitio\/wp-json\/wp\/v2\/posts"}],"about":[{"href":"https:\/\/gentedebasquet.com.ar\/sitio\/wp-json\/wp\/v2\/types\/post"}],"author":[{"embeddable":true,"href":"https:\/\/gentedebasquet.com.ar\/sitio\/wp-json\/wp\/v2\/users\/82"}],"replies":[{"embeddable":true,"href":"https:\/\/gentedebasquet.com.ar\/sitio\/wp-json\/wp\/v2\/comments?post=119671"}],"version-history":[{"count":2,"href":"https:\/\/gentedebasquet.com.ar\/sitio\/wp-json\/wp\/v2\/posts\/119671\/revisions"}],"predecessor-version":[{"id":119673,"href":"https:\/\/gentedebasquet.com.ar\/sitio\/wp-json\/wp\/v2\/posts\/119671\/revisions\/119673"}],"wp:featuredmedia":[{"embeddable":true,"href":"https:\/\/gentedebasquet.com.ar\/sitio\/wp-json\/wp\/v2\/media\/119670"}],"wp:attachment":[{"href":"https:\/\/gentedebasquet.com.ar\/sitio\/wp-json\/wp\/v2\/media?parent=119671"}],"wp:term":[{"taxonomy":"category","embeddable":true,"href":"https:\/\/gentedebasquet.com.ar\/sitio\/wp-json\/wp\/v2\/categories?post=119671"},{"taxonomy":"post_tag","embeddable":true,"href":"https:\/\/gentedebasquet.com.ar\/sitio\/wp-json\/wp\/v2\/tags?post=119671"}],"curies":[{"name":"wp","href":"https:\/\/api.w.org\/{rel}","templated":true}]}}