{"id":119676,"date":"2025-12-10T11:33:12","date_gmt":"2025-12-10T10:33:12","guid":{"rendered":"https:\/\/gentedebasquet.com.ar\/sitio\/?p=119676"},"modified":"2025-12-10T12:43:37","modified_gmt":"2025-12-10T11:43:37","slug":"independiente-fue-superior-en-el-arranque-y-gano","status":"publish","type":"post","link":"https:\/\/gentedebasquet.com.ar\/sitio\/2025\/12\/10\/independiente-fue-superior-en-el-arranque-y-gano\/","title":{"rendered":"Independiente fue superior en el arranque y gan\u00f3"},"content":{"rendered":"<div class=\"flex max-w-full flex-col flex-grow\">\n<div class=\"min-h-8 text-message flex w-full flex-col items-end gap-2 whitespace-normal break-words [.text-message+&amp;]:mt-5\" dir=\"auto\" data-message-author-role=\"assistant\" data-message-id=\"d66df151-bd9a-4e40-9c6b-a57f4798966a\" data-message-model-slug=\"gpt-4o-mini\">\n<div class=\"flex w-full flex-col gap-1 empty:hidden first:pt-[3px]\">\n<div class=\"markdown prose w-full break-words dark:prose-invert dark\">\n<p><strong>Comenzaron en la noche del martes 9 de diciembre las dos series de promoci\u00f3n del basquet bahiense, que ponen frente a frente a dos equipos de Primera y dos equipos de Segunda. Los duelos son Liniers-Sportivo Bahiense y 9 de Julio-Independiente (en cada partido se cambia la local\u00eda). Ser\u00e1n como m\u00e1ximo cinco partidos en cada serie. Si los vencedores definitivos son los equipos de Segunda estos ascender\u00e1n a la m\u00e1xima categor\u00eda, y mandar\u00e1n al nivel inferior a sus rivales. Si prevalecen los de Primera todos se quedan donde estan.<\/strong><\/p>\n<p><strong>En el estadio N\u00e9stor Damiani el Viola tuvo un primer tiempo dominante, aguant\u00f3 la mejor\u00eda de su rival y el resultado en los siguientes veinte minutos y termin\u00f3 la noche llevandose la victoria. Cont\u00f3 con cuatro jugadores que anotaron diez o m\u00e1s puntos: Slonimsqui, De P\u00e1stena, R\u00edos y Catal\u00e1. 9 de Julio tambien termin\u00f3 con cuatro jugadores en dos d\u00edgitos de puntos: Fraga (19), Ruesga (14), Vecchi (13) y Costa (12).<\/strong><\/p>\n<p><strong>El primer cuarto mostr\u00f3 un rendimiento poco vistoso y parejo de ambos equipos. 9 de Julio qued\u00f3 clavado en ocho puntos en los \u00faltimos cuatro minutos y medio de ese cap\u00edtulo e Independiente logr\u00f3 en ese pasaje sacar la ventaja m\u00e1s importante hasta el momento. 13-8 fue el resultado del cuarto inicial a favor del visitante.<\/strong><\/p>\n<p><strong>En los siguientes diez minutos Independiente agrand\u00f3 su ventaja. Como hab\u00eda sucedido en el per\u00edodo previo, logr\u00f3 distanciarse de forma notable tambien en el cierre de este cuarto. Antes debi\u00f3 resistir una buena racha fabricada por 9 de Julio, que lleg\u00f3 a estar apenas cuatro tantos por debajo (24-20).<\/strong><\/p>\n<p><strong>A lo largo del tercer parcial los dos sostuvieron un buen juego colectivo. Independiente lo conserv\u00f3 como en los cuartos previos y 9 de Julio consigui\u00f3 hacer lucir a distintos jugadores y no depender tanto de Fraga. 55-44 ganaba el equipo orientado por Musumeci con diez minutos por jugar.<\/strong><\/p>\n<p><strong>Liderado por Ruesga, Vecchi y Costa, 9 de Julio hizo desaparecer en estos diez minutos finales la amplia ventaja que tra\u00eda su adversario. A falta de dos minutos para el cierre, con un triple de Costa, igual\u00f3 el marcador en 63 y cuando restaba un minuto y medio pas\u00f3 a ganar 65-63 gracias a otro doble de Vecchi. A continuaci\u00f3n, Independiente reuni\u00f3 la lucidez suficiente para armar un par de contras veloces, defendio las respuestas del equipo anfitri\u00f3n y finaliz\u00f3 el encuentro festejando.\u00a0\u00a0<\/strong><\/p>\n<p><strong>\u00a0\u00a0<\/strong><\/p>\n<p>&nbsp;<\/p>\n<p>&nbsp;<\/p>\n<p><strong>\u00a0<\/strong><strong> \u00a0 \u00a0\u00a0<\/strong><\/p>\n<p>&nbsp;<\/p>\n<div class=\"jeg_video_container jeg_video_content\"><iframe loading=\"lazy\" title=\"#Promoci\u00f3n - Juego 1 (+5): 9 de Julio (0) 66 - 67 (1) Independiente\" width=\"500\" height=\"281\" src=\"https:\/\/www.youtube.com\/embed\/0nUGGhQLfs0?feature=oembed\" frameborder=\"0\" allow=\"accelerometer; autoplay; clipboard-write; encrypted-media; gyroscope; picture-in-picture; web-share\" referrerpolicy=\"strict-origin-when-cross-origin\" allowfullscreen><\/iframe><\/div>\n<\/div>\n<\/div>\n<\/div>\n<\/div>\n<div><\/div>\n<div><\/div>\n<div class=\"jeg_video_container jeg_video_content\">\n<div class=\"jeg_video_container jeg_video_content\">\n<div class=\"jeg_video_container jeg_video_content\">\n<div class=\"jeg_video_container jeg_video_content\"><img decoding=\"async\" class=\"alignnone wp-image-119690 \" src=\"http:\/\/gentedebasquet.com.ar\/sitio\/wp-content\/uploads\/2025\/12\/CLAVEInde-promo-300x300.png\" alt=\"\" width=\"574\" height=\"574\" srcset=\"https:\/\/gentedebasquet.com.ar\/sitio\/wp-content\/uploads\/2025\/12\/CLAVEInde-promo-300x300.png 300w, https:\/\/gentedebasquet.com.ar\/sitio\/wp-content\/uploads\/2025\/12\/CLAVEInde-promo-1024x1024.png 1024w, https:\/\/gentedebasquet.com.ar\/sitio\/wp-content\/uploads\/2025\/12\/CLAVEInde-promo-150x150.png 150w, https:\/\/gentedebasquet.com.ar\/sitio\/wp-content\/uploads\/2025\/12\/CLAVEInde-promo-768x768.png 768w, https:\/\/gentedebasquet.com.ar\/sitio\/wp-content\/uploads\/2025\/12\/CLAVEInde-promo-1536x1536.png 1536w, https:\/\/gentedebasquet.com.ar\/sitio\/wp-content\/uploads\/2025\/12\/CLAVEInde-promo-75x75.png 75w, https:\/\/gentedebasquet.com.ar\/sitio\/wp-content\/uploads\/2025\/12\/CLAVEInde-promo-350x350.png 350w, https:\/\/gentedebasquet.com.ar\/sitio\/wp-content\/uploads\/2025\/12\/CLAVEInde-promo-750x750.png 750w, https:\/\/gentedebasquet.com.ar\/sitio\/wp-content\/uploads\/2025\/12\/CLAVEInde-promo-1140x1140.png 1140w, https:\/\/gentedebasquet.com.ar\/sitio\/wp-content\/uploads\/2025\/12\/CLAVEInde-promo.png 2000w\" sizes=\"(max-width: 574px) 100vw, 574px\" \/><\/div>\n<\/div>\n<\/div>\n<\/div>\n<div><\/div>\n<p>&nbsp;<\/p>\n<p>&nbsp;<\/p>\n<p>&nbsp;<\/p>\n<blockquote><p>&nbsp;<\/p><\/blockquote>\n<p>&nbsp;<\/p>\n<p><img decoding=\"async\" class=\"alignnone wp-image-119691 \" style=\"color: #333333\" src=\"http:\/\/gentedebasquet.com.ar\/sitio\/wp-content\/uploads\/2025\/12\/MVPInde-promo-300x300.png\" alt=\"\" width=\"670\" height=\"670\" srcset=\"https:\/\/gentedebasquet.com.ar\/sitio\/wp-content\/uploads\/2025\/12\/MVPInde-promo-300x300.png 300w, https:\/\/gentedebasquet.com.ar\/sitio\/wp-content\/uploads\/2025\/12\/MVPInde-promo-1024x1024.png 1024w, https:\/\/gentedebasquet.com.ar\/sitio\/wp-content\/uploads\/2025\/12\/MVPInde-promo-150x150.png 150w, https:\/\/gentedebasquet.com.ar\/sitio\/wp-content\/uploads\/2025\/12\/MVPInde-promo-768x768.png 768w, https:\/\/gentedebasquet.com.ar\/sitio\/wp-content\/uploads\/2025\/12\/MVPInde-promo-1536x1536.png 1536w, https:\/\/gentedebasquet.com.ar\/sitio\/wp-content\/uploads\/2025\/12\/MVPInde-promo-75x75.png 75w, https:\/\/gentedebasquet.com.ar\/sitio\/wp-content\/uploads\/2025\/12\/MVPInde-promo-350x350.png 350w, https:\/\/gentedebasquet.com.ar\/sitio\/wp-content\/uploads\/2025\/12\/MVPInde-promo-750x750.png 750w, https:\/\/gentedebasquet.com.ar\/sitio\/wp-content\/uploads\/2025\/12\/MVPInde-promo-1140x1140.png 1140w, https:\/\/gentedebasquet.com.ar\/sitio\/wp-content\/uploads\/2025\/12\/MVPInde-promo.png 2000w\" sizes=\"(max-width: 670px) 100vw, 670px\" \/><\/p>\n<p><strong>S\u00edntesis &#8211; Promoci\u00f3n &#8211; Juego 1 (+5)<\/strong><\/p>\n<p><strong>9 de Julio 66:\u00a0<\/strong>Santiago Ruesga 14; Manuel Costa 12; Francisco Anaya 1; Andr\u00e9s Almir\u00f3n 4; Carlos Fraga 19 <strong>(F.I.)\u00a0<\/strong>Luciano Vecchi 13; Sebasti\u00e1n Villegas 3; Francisco Goyanarte; Benito Tordini. <strong>DT:<\/strong> Juli\u00e1n Turcato.<\/p>\n<p><strong>Independiente 67:\u00a0<\/strong>Mart\u00edn Schmir; Agust\u00edn Astradas 6; Juan Ignacio De P\u00e1stena 12; Alen R\u00edos 10; Luciano Figueroa 7 <strong>(<\/strong><strong>F.I.)<\/strong> Juan Pablo Mor\u00e1n 3; Facundo Slonimsqui 14; Ramiro Catal\u00e1 10; Maximiliano Zonza 4; Diego Pav\u00f3n 1. <strong>DT:\u00a0<\/strong>Javier Musumeci.<\/p>\n<p><strong>Parciales<\/strong>: 8-13; 20-32 (12-19); 44-55 (24-23); 66-67 (22-12).<\/p>\n<p><strong>\u00c1rbitros<\/strong>: Eduardo Ferreyra &#8211; Sebasti\u00e1n Giannino &#8211; Sam Inglera.<\/p>\n<p><strong>Estadio<\/strong>: N\u00e9stor Damiani (9 de Julio).<\/p>\n<p><img decoding=\"async\" class=\"alignnone wp-image-119694 \" src=\"http:\/\/gentedebasquet.com.ar\/sitio\/wp-content\/uploads\/2025\/12\/vlcsnap-2025-12-10-07h37m10s324-300x169.png\" alt=\"\" width=\"694\" height=\"391\" srcset=\"https:\/\/gentedebasquet.com.ar\/sitio\/wp-content\/uploads\/2025\/12\/vlcsnap-2025-12-10-07h37m10s324-300x169.png 300w, https:\/\/gentedebasquet.com.ar\/sitio\/wp-content\/uploads\/2025\/12\/vlcsnap-2025-12-10-07h37m10s324-1024x576.png 1024w, https:\/\/gentedebasquet.com.ar\/sitio\/wp-content\/uploads\/2025\/12\/vlcsnap-2025-12-10-07h37m10s324-768x432.png 768w, https:\/\/gentedebasquet.com.ar\/sitio\/wp-content\/uploads\/2025\/12\/vlcsnap-2025-12-10-07h37m10s324-1536x864.png 1536w, https:\/\/gentedebasquet.com.ar\/sitio\/wp-content\/uploads\/2025\/12\/vlcsnap-2025-12-10-07h37m10s324-750x422.png 750w, https:\/\/gentedebasquet.com.ar\/sitio\/wp-content\/uploads\/2025\/12\/vlcsnap-2025-12-10-07h37m10s324-1140x641.png 1140w, https:\/\/gentedebasquet.com.ar\/sitio\/wp-content\/uploads\/2025\/12\/vlcsnap-2025-12-10-07h37m10s324.png 1920w\" sizes=\"(max-width: 694px) 100vw, 694px\" \/><\/p>\n<p>&nbsp;<\/p>\n","protected":false},"excerpt":{"rendered":"<p>Comenzaron en la noche del martes 9 de diciembre las dos series de promoci\u00f3n del basquet bahiense, que ponen frente a frente a dos equipos de Primera y dos equipos de Segunda. Los duelos son Liniers-Sportivo Bahiense y 9 de Julio-Independiente (en cada partido se cambia la local\u00eda). Ser\u00e1n como m\u00e1ximo cinco partidos en cada [&hellip;]<\/p>\n","protected":false},"author":70,"featured_media":119695,"comment_status":"closed","ping_status":"open","sticky":false,"template":"","format":"standard","meta":{"jnews-multi-image_gallery":[],"jnews_single_post":[],"jnews_primary_category":[],"footnotes":""},"categories":[23,25,101],"tags":[2,1650,12,743],"class_list":["post-119676","post","type-post","status-publish","format-standard","has-post-thumbnail","hentry","category-primera","category-segunda","category-slide","tag-9dejulio","tag-carlos-fraga","tag-independiente","tag-juan-ignacio-de-pastena"],"yoast_head":"<!-- This site is optimized with the Yoast SEO plugin v27.5 - https:\/\/yoast.com\/product\/yoast-seo-wordpress\/ -->\n<title>Independiente fue superior en el arranque y gan\u00f3 - Gente de B\u00e1squet<\/title>\n<meta name=\"robots\" content=\"index, follow, max-snippet:-1, max-image-preview:large, max-video-preview:-1\" \/>\n<link rel=\"canonical\" href=\"https:\/\/gentedebasquet.com.ar\/sitio\/2025\/12\/10\/independiente-fue-superior-en-el-arranque-y-gano\/\" \/>\n<meta property=\"og:locale\" content=\"es_ES\" \/>\n<meta property=\"og:type\" content=\"article\" \/>\n<meta property=\"og:title\" content=\"Independiente fue superior en el arranque y gan\u00f3 - Gente de B\u00e1squet\" \/>\n<meta property=\"og:description\" content=\"Comenzaron en la noche del martes 9 de diciembre las dos series de promoci\u00f3n del basquet bahiense, que ponen frente a frente a dos equipos de Primera y dos equipos de Segunda. Los duelos son Liniers-Sportivo Bahiense y 9 de Julio-Independiente (en cada partido se cambia la local\u00eda). Ser\u00e1n como m\u00e1ximo cinco partidos en cada [&hellip;]\" \/>\n<meta property=\"og:url\" content=\"https:\/\/gentedebasquet.com.ar\/sitio\/2025\/12\/10\/independiente-fue-superior-en-el-arranque-y-gano\/\" \/>\n<meta property=\"og:site_name\" content=\"Gente de B\u00e1squet\" \/>\n<meta property=\"article:published_time\" content=\"2025-12-10T10:33:12+00:00\" \/>\n<meta property=\"article:modified_time\" content=\"2025-12-10T11:43:37+00:00\" \/>\n<meta property=\"og:image\" content=\"https:\/\/gentedebasquet.com.ar\/sitio\/wp-content\/uploads\/2025\/12\/de-pastena.png\" \/>\n\t<meta property=\"og:image:width\" content=\"690\" \/>\n\t<meta property=\"og:image:height\" content=\"319\" \/>\n\t<meta property=\"og:image:type\" content=\"image\/png\" \/>\n<meta name=\"author\" content=\"Andres Camarero\" \/>\n<meta name=\"twitter:card\" content=\"summary_large_image\" \/>\n<meta name=\"twitter:label1\" content=\"Escrito por\" \/>\n\t<meta name=\"twitter:data1\" content=\"Andres Camarero\" \/>\n\t<meta name=\"twitter:label2\" content=\"Tiempo de lectura\" \/>\n\t<meta name=\"twitter:data2\" content=\"4 minutos\" \/>\n<script type=\"application\/ld+json\" class=\"yoast-schema-graph\">{\"@context\":\"https:\\\/\\\/schema.org\",\"@graph\":[{\"@type\":\"Article\",\"@id\":\"https:\\\/\\\/gentedebasquet.com.ar\\\/sitio\\\/2025\\\/12\\\/10\\\/independiente-fue-superior-en-el-arranque-y-gano\\\/#article\",\"isPartOf\":{\"@id\":\"https:\\\/\\\/gentedebasquet.com.ar\\\/sitio\\\/2025\\\/12\\\/10\\\/independiente-fue-superior-en-el-arranque-y-gano\\\/\"},\"author\":{\"name\":\"Andres Camarero\",\"@id\":\"https:\\\/\\\/gentedebasquet.com.ar\\\/sitio\\\/#\\\/schema\\\/person\\\/6f3e5bc5df127b420a445d22fc9eaa51\"},\"headline\":\"Independiente fue superior en el arranque y gan\u00f3\",\"datePublished\":\"2025-12-10T10:33:12+00:00\",\"dateModified\":\"2025-12-10T11:43:37+00:00\",\"mainEntityOfPage\":{\"@id\":\"https:\\\/\\\/gentedebasquet.com.ar\\\/sitio\\\/2025\\\/12\\\/10\\\/independiente-fue-superior-en-el-arranque-y-gano\\\/\"},\"wordCount\":524,\"image\":{\"@id\":\"https:\\\/\\\/gentedebasquet.com.ar\\\/sitio\\\/2025\\\/12\\\/10\\\/independiente-fue-superior-en-el-arranque-y-gano\\\/#primaryimage\"},\"thumbnailUrl\":\"https:\\\/\\\/gentedebasquet.com.ar\\\/sitio\\\/wp-content\\\/uploads\\\/2025\\\/12\\\/de-pastena.png\",\"keywords\":[\"9 de Julio\",\"Carlos Fraga\",\"independiente\",\"Juan Ignacio De Pastena\"],\"articleSection\":[\"Primera\",\"Segunda\",\"Slide\"],\"inLanguage\":\"es\"},{\"@type\":\"WebPage\",\"@id\":\"https:\\\/\\\/gentedebasquet.com.ar\\\/sitio\\\/2025\\\/12\\\/10\\\/independiente-fue-superior-en-el-arranque-y-gano\\\/\",\"url\":\"https:\\\/\\\/gentedebasquet.com.ar\\\/sitio\\\/2025\\\/12\\\/10\\\/independiente-fue-superior-en-el-arranque-y-gano\\\/\",\"name\":\"Independiente fue superior en el arranque y gan\u00f3 - Gente de B\u00e1squet\",\"isPartOf\":{\"@id\":\"https:\\\/\\\/gentedebasquet.com.ar\\\/sitio\\\/#website\"},\"primaryImageOfPage\":{\"@id\":\"https:\\\/\\\/gentedebasquet.com.ar\\\/sitio\\\/2025\\\/12\\\/10\\\/independiente-fue-superior-en-el-arranque-y-gano\\\/#primaryimage\"},\"image\":{\"@id\":\"https:\\\/\\\/gentedebasquet.com.ar\\\/sitio\\\/2025\\\/12\\\/10\\\/independiente-fue-superior-en-el-arranque-y-gano\\\/#primaryimage\"},\"thumbnailUrl\":\"https:\\\/\\\/gentedebasquet.com.ar\\\/sitio\\\/wp-content\\\/uploads\\\/2025\\\/12\\\/de-pastena.png\",\"datePublished\":\"2025-12-10T10:33:12+00:00\",\"dateModified\":\"2025-12-10T11:43:37+00:00\",\"author\":{\"@id\":\"https:\\\/\\\/gentedebasquet.com.ar\\\/sitio\\\/#\\\/schema\\\/person\\\/6f3e5bc5df127b420a445d22fc9eaa51\"},\"breadcrumb\":{\"@id\":\"https:\\\/\\\/gentedebasquet.com.ar\\\/sitio\\\/2025\\\/12\\\/10\\\/independiente-fue-superior-en-el-arranque-y-gano\\\/#breadcrumb\"},\"inLanguage\":\"es\",\"potentialAction\":[{\"@type\":\"ReadAction\",\"target\":[\"https:\\\/\\\/gentedebasquet.com.ar\\\/sitio\\\/2025\\\/12\\\/10\\\/independiente-fue-superior-en-el-arranque-y-gano\\\/\"]}]},{\"@type\":\"ImageObject\",\"inLanguage\":\"es\",\"@id\":\"https:\\\/\\\/gentedebasquet.com.ar\\\/sitio\\\/2025\\\/12\\\/10\\\/independiente-fue-superior-en-el-arranque-y-gano\\\/#primaryimage\",\"url\":\"https:\\\/\\\/gentedebasquet.com.ar\\\/sitio\\\/wp-content\\\/uploads\\\/2025\\\/12\\\/de-pastena.png\",\"contentUrl\":\"https:\\\/\\\/gentedebasquet.com.ar\\\/sitio\\\/wp-content\\\/uploads\\\/2025\\\/12\\\/de-pastena.png\",\"width\":690,\"height\":319},{\"@type\":\"BreadcrumbList\",\"@id\":\"https:\\\/\\\/gentedebasquet.com.ar\\\/sitio\\\/2025\\\/12\\\/10\\\/independiente-fue-superior-en-el-arranque-y-gano\\\/#breadcrumb\",\"itemListElement\":[{\"@type\":\"ListItem\",\"position\":1,\"name\":\"Portada\",\"item\":\"https:\\\/\\\/gentedebasquet.com.ar\\\/sitio\\\/\"},{\"@type\":\"ListItem\",\"position\":2,\"name\":\"Independiente fue superior en el arranque y gan\u00f3\"}]},{\"@type\":\"WebSite\",\"@id\":\"https:\\\/\\\/gentedebasquet.com.ar\\\/sitio\\\/#website\",\"url\":\"https:\\\/\\\/gentedebasquet.com.ar\\\/sitio\\\/\",\"name\":\"Gente de B\u00e1squet\",\"description\":\"La revista del basquet de Bah\u00eda Blanca\",\"potentialAction\":[{\"@type\":\"SearchAction\",\"target\":{\"@type\":\"EntryPoint\",\"urlTemplate\":\"https:\\\/\\\/gentedebasquet.com.ar\\\/sitio\\\/?s={search_term_string}\"},\"query-input\":{\"@type\":\"PropertyValueSpecification\",\"valueRequired\":true,\"valueName\":\"search_term_string\"}}],\"inLanguage\":\"es\"},{\"@type\":\"Person\",\"@id\":\"https:\\\/\\\/gentedebasquet.com.ar\\\/sitio\\\/#\\\/schema\\\/person\\\/6f3e5bc5df127b420a445d22fc9eaa51\",\"name\":\"Andres Camarero\",\"image\":{\"@type\":\"ImageObject\",\"inLanguage\":\"es\",\"@id\":\"https:\\\/\\\/secure.gravatar.com\\\/avatar\\\/f6d4884ec54a50c25ccd5e4f54f5e904d09dfe74ef58e58f631f3917b6fed7cd?s=96&d=mm&r=g\",\"url\":\"https:\\\/\\\/secure.gravatar.com\\\/avatar\\\/f6d4884ec54a50c25ccd5e4f54f5e904d09dfe74ef58e58f631f3917b6fed7cd?s=96&d=mm&r=g\",\"contentUrl\":\"https:\\\/\\\/secure.gravatar.com\\\/avatar\\\/f6d4884ec54a50c25ccd5e4f54f5e904d09dfe74ef58e58f631f3917b6fed7cd?s=96&d=mm&r=g\",\"caption\":\"Andres Camarero\"},\"url\":\"https:\\\/\\\/gentedebasquet.com.ar\\\/sitio\\\/author\\\/andres-camarero\\\/\"}]}<\/script>\n<!-- \/ Yoast SEO plugin. -->","yoast_head_json":{"title":"Independiente fue superior en el arranque y gan\u00f3 - Gente de B\u00e1squet","robots":{"index":"index","follow":"follow","max-snippet":"max-snippet:-1","max-image-preview":"max-image-preview:large","max-video-preview":"max-video-preview:-1"},"canonical":"https:\/\/gentedebasquet.com.ar\/sitio\/2025\/12\/10\/independiente-fue-superior-en-el-arranque-y-gano\/","og_locale":"es_ES","og_type":"article","og_title":"Independiente fue superior en el arranque y gan\u00f3 - Gente de B\u00e1squet","og_description":"Comenzaron en la noche del martes 9 de diciembre las dos series de promoci\u00f3n del basquet bahiense, que ponen frente a frente a dos equipos de Primera y dos equipos de Segunda. Los duelos son Liniers-Sportivo Bahiense y 9 de Julio-Independiente (en cada partido se cambia la local\u00eda). Ser\u00e1n como m\u00e1ximo cinco partidos en cada [&hellip;]","og_url":"https:\/\/gentedebasquet.com.ar\/sitio\/2025\/12\/10\/independiente-fue-superior-en-el-arranque-y-gano\/","og_site_name":"Gente de B\u00e1squet","article_published_time":"2025-12-10T10:33:12+00:00","article_modified_time":"2025-12-10T11:43:37+00:00","og_image":[{"width":690,"height":319,"url":"https:\/\/gentedebasquet.com.ar\/sitio\/wp-content\/uploads\/2025\/12\/de-pastena.png","type":"image\/png"}],"author":"Andres Camarero","twitter_card":"summary_large_image","twitter_misc":{"Escrito por":"Andres Camarero","Tiempo de lectura":"4 minutos"},"schema":{"@context":"https:\/\/schema.org","@graph":[{"@type":"Article","@id":"https:\/\/gentedebasquet.com.ar\/sitio\/2025\/12\/10\/independiente-fue-superior-en-el-arranque-y-gano\/#article","isPartOf":{"@id":"https:\/\/gentedebasquet.com.ar\/sitio\/2025\/12\/10\/independiente-fue-superior-en-el-arranque-y-gano\/"},"author":{"name":"Andres Camarero","@id":"https:\/\/gentedebasquet.com.ar\/sitio\/#\/schema\/person\/6f3e5bc5df127b420a445d22fc9eaa51"},"headline":"Independiente fue superior en el arranque y gan\u00f3","datePublished":"2025-12-10T10:33:12+00:00","dateModified":"2025-12-10T11:43:37+00:00","mainEntityOfPage":{"@id":"https:\/\/gentedebasquet.com.ar\/sitio\/2025\/12\/10\/independiente-fue-superior-en-el-arranque-y-gano\/"},"wordCount":524,"image":{"@id":"https:\/\/gentedebasquet.com.ar\/sitio\/2025\/12\/10\/independiente-fue-superior-en-el-arranque-y-gano\/#primaryimage"},"thumbnailUrl":"https:\/\/gentedebasquet.com.ar\/sitio\/wp-content\/uploads\/2025\/12\/de-pastena.png","keywords":["9 de Julio","Carlos Fraga","independiente","Juan Ignacio De Pastena"],"articleSection":["Primera","Segunda","Slide"],"inLanguage":"es"},{"@type":"WebPage","@id":"https:\/\/gentedebasquet.com.ar\/sitio\/2025\/12\/10\/independiente-fue-superior-en-el-arranque-y-gano\/","url":"https:\/\/gentedebasquet.com.ar\/sitio\/2025\/12\/10\/independiente-fue-superior-en-el-arranque-y-gano\/","name":"Independiente fue superior en el arranque y gan\u00f3 - Gente de B\u00e1squet","isPartOf":{"@id":"https:\/\/gentedebasquet.com.ar\/sitio\/#website"},"primaryImageOfPage":{"@id":"https:\/\/gentedebasquet.com.ar\/sitio\/2025\/12\/10\/independiente-fue-superior-en-el-arranque-y-gano\/#primaryimage"},"image":{"@id":"https:\/\/gentedebasquet.com.ar\/sitio\/2025\/12\/10\/independiente-fue-superior-en-el-arranque-y-gano\/#primaryimage"},"thumbnailUrl":"https:\/\/gentedebasquet.com.ar\/sitio\/wp-content\/uploads\/2025\/12\/de-pastena.png","datePublished":"2025-12-10T10:33:12+00:00","dateModified":"2025-12-10T11:43:37+00:00","author":{"@id":"https:\/\/gentedebasquet.com.ar\/sitio\/#\/schema\/person\/6f3e5bc5df127b420a445d22fc9eaa51"},"breadcrumb":{"@id":"https:\/\/gentedebasquet.com.ar\/sitio\/2025\/12\/10\/independiente-fue-superior-en-el-arranque-y-gano\/#breadcrumb"},"inLanguage":"es","potentialAction":[{"@type":"ReadAction","target":["https:\/\/gentedebasquet.com.ar\/sitio\/2025\/12\/10\/independiente-fue-superior-en-el-arranque-y-gano\/"]}]},{"@type":"ImageObject","inLanguage":"es","@id":"https:\/\/gentedebasquet.com.ar\/sitio\/2025\/12\/10\/independiente-fue-superior-en-el-arranque-y-gano\/#primaryimage","url":"https:\/\/gentedebasquet.com.ar\/sitio\/wp-content\/uploads\/2025\/12\/de-pastena.png","contentUrl":"https:\/\/gentedebasquet.com.ar\/sitio\/wp-content\/uploads\/2025\/12\/de-pastena.png","width":690,"height":319},{"@type":"BreadcrumbList","@id":"https:\/\/gentedebasquet.com.ar\/sitio\/2025\/12\/10\/independiente-fue-superior-en-el-arranque-y-gano\/#breadcrumb","itemListElement":[{"@type":"ListItem","position":1,"name":"Portada","item":"https:\/\/gentedebasquet.com.ar\/sitio\/"},{"@type":"ListItem","position":2,"name":"Independiente fue superior en el arranque y gan\u00f3"}]},{"@type":"WebSite","@id":"https:\/\/gentedebasquet.com.ar\/sitio\/#website","url":"https:\/\/gentedebasquet.com.ar\/sitio\/","name":"Gente de B\u00e1squet","description":"La revista del basquet de Bah\u00eda Blanca","potentialAction":[{"@type":"SearchAction","target":{"@type":"EntryPoint","urlTemplate":"https:\/\/gentedebasquet.com.ar\/sitio\/?s={search_term_string}"},"query-input":{"@type":"PropertyValueSpecification","valueRequired":true,"valueName":"search_term_string"}}],"inLanguage":"es"},{"@type":"Person","@id":"https:\/\/gentedebasquet.com.ar\/sitio\/#\/schema\/person\/6f3e5bc5df127b420a445d22fc9eaa51","name":"Andres Camarero","image":{"@type":"ImageObject","inLanguage":"es","@id":"https:\/\/secure.gravatar.com\/avatar\/f6d4884ec54a50c25ccd5e4f54f5e904d09dfe74ef58e58f631f3917b6fed7cd?s=96&d=mm&r=g","url":"https:\/\/secure.gravatar.com\/avatar\/f6d4884ec54a50c25ccd5e4f54f5e904d09dfe74ef58e58f631f3917b6fed7cd?s=96&d=mm&r=g","contentUrl":"https:\/\/secure.gravatar.com\/avatar\/f6d4884ec54a50c25ccd5e4f54f5e904d09dfe74ef58e58f631f3917b6fed7cd?s=96&d=mm&r=g","caption":"Andres Camarero"},"url":"https:\/\/gentedebasquet.com.ar\/sitio\/author\/andres-camarero\/"}]}},"_links":{"self":[{"href":"https:\/\/gentedebasquet.com.ar\/sitio\/wp-json\/wp\/v2\/posts\/119676","targetHints":{"allow":["GET"]}}],"collection":[{"href":"https:\/\/gentedebasquet.com.ar\/sitio\/wp-json\/wp\/v2\/posts"}],"about":[{"href":"https:\/\/gentedebasquet.com.ar\/sitio\/wp-json\/wp\/v2\/types\/post"}],"author":[{"embeddable":true,"href":"https:\/\/gentedebasquet.com.ar\/sitio\/wp-json\/wp\/v2\/users\/70"}],"replies":[{"embeddable":true,"href":"https:\/\/gentedebasquet.com.ar\/sitio\/wp-json\/wp\/v2\/comments?post=119676"}],"version-history":[{"count":6,"href":"https:\/\/gentedebasquet.com.ar\/sitio\/wp-json\/wp\/v2\/posts\/119676\/revisions"}],"predecessor-version":[{"id":119697,"href":"https:\/\/gentedebasquet.com.ar\/sitio\/wp-json\/wp\/v2\/posts\/119676\/revisions\/119697"}],"wp:featuredmedia":[{"embeddable":true,"href":"https:\/\/gentedebasquet.com.ar\/sitio\/wp-json\/wp\/v2\/media\/119695"}],"wp:attachment":[{"href":"https:\/\/gentedebasquet.com.ar\/sitio\/wp-json\/wp\/v2\/media?parent=119676"}],"wp:term":[{"taxonomy":"category","embeddable":true,"href":"https:\/\/gentedebasquet.com.ar\/sitio\/wp-json\/wp\/v2\/categories?post=119676"},{"taxonomy":"post_tag","embeddable":true,"href":"https:\/\/gentedebasquet.com.ar\/sitio\/wp-json\/wp\/v2\/tags?post=119676"}],"curies":[{"name":"wp","href":"https:\/\/api.w.org\/{rel}","templated":true}]}}