{"id":119678,"date":"2025-12-09T23:58:00","date_gmt":"2025-12-09T22:58:00","guid":{"rendered":"https:\/\/gentedebasquet.com.ar\/sitio\/?p=119678"},"modified":"2025-12-10T04:10:26","modified_gmt":"2025-12-10T03:10:26","slug":"villa-mitre-corto-la-racha","status":"publish","type":"post","link":"https:\/\/gentedebasquet.com.ar\/sitio\/2025\/12\/09\/villa-mitre-corto-la-racha\/","title":{"rendered":"Villa Mitre cort\u00f3 la racha"},"content":{"rendered":"<p><strong>El tricolor bahiense se reencontr\u00f3 con la victoria ante Pico FC por 76 a 73.<\/strong><\/p>\n<p><strong>En un juego que se defini\u00f3 en la l\u00ednea, el local sufri\u00f3 ante el \u00faltimo intento de tres puntos del visitante.<\/strong><\/p>\n<p>Villa Mitre le cost\u00f3 entrar en ritmo, se vio r\u00e1pido en desventaja con bajos porcentajes.<\/p>\n<p>Pico encontr\u00f3 ventajas y m\u00e1s variantes para liderar en el arranque.<\/p>\n<p>El local volvi\u00f3 a levantar desde la defensa y con una ataque vertical, pero ante cada reacci\u00f3n, Pico anot\u00f3 a distancia para ganar el primer tiempo (29-31).<\/p>\n<p>Con un ritmo de ataque m\u00e1s alto, convirti\u00f3 en transici\u00f3n y el local se empez\u00f3 a soltar.<\/p>\n<p>Con parcial 11-2, pas\u00f3 a ganar y tener ventaja de siete.<\/p>\n<p>Sin embargo, el visitante no lo dejo despegar en el tanteador.<\/p>\n<p>La diferencia baj\u00f3 a una posesi\u00f3n y cuando el local, no pudo sentenciarlo en un par de ofensivas, Pico llev\u00f3 el juego a un final de l\u00ednea de libres.<\/p>\n<p>El visitante tuvo la chance de igualar el partido en 74, pero el segundo libre de Mainoldi no entr\u00f3 y Sahdi, del otro lado estir\u00f3 a tres la ventaja.<\/p>\n<p>Con 5s7, Mosley tuvo la chance de empatar pero su intento de tres no toc\u00f3 aro y desat\u00f3 el festejo local.<\/p>\n<p>Villa Mitre cont\u00f3 con un goleo repartido; Alem (17), Harina (15), Pennacchiotti (11). En el equipo de La Pampa, el goleador fue S\u00e1nchez con 17 puntos.<\/p>\n<p><img decoding=\"async\" class=\"alignnone size-medium wp-image-119679\" src=\"http:\/\/gentedebasquet.com.ar\/sitio\/wp-content\/uploads\/2025\/12\/800-1-300x150.jpg\" alt=\"\" width=\"300\" height=\"150\" srcset=\"https:\/\/gentedebasquet.com.ar\/sitio\/wp-content\/uploads\/2025\/12\/800-1-300x150.jpg 300w, https:\/\/gentedebasquet.com.ar\/sitio\/wp-content\/uploads\/2025\/12\/800-1-768x384.jpg 768w, https:\/\/gentedebasquet.com.ar\/sitio\/wp-content\/uploads\/2025\/12\/800-1-360x180.jpg 360w, https:\/\/gentedebasquet.com.ar\/sitio\/wp-content\/uploads\/2025\/12\/800-1-750x375.jpg 750w, https:\/\/gentedebasquet.com.ar\/sitio\/wp-content\/uploads\/2025\/12\/800-1.jpg 800w\" sizes=\"(max-width: 300px) 100vw, 300px\" \/><\/p>\n","protected":false},"excerpt":{"rendered":"<p>El tricolor bahiense se reencontr\u00f3 con la victoria ante Pico FC por 76 a 73. En un juego que se defini\u00f3 en la l\u00ednea, el local sufri\u00f3 ante el \u00faltimo intento de tres puntos del visitante. Villa Mitre le cost\u00f3 entrar en ritmo, se vio r\u00e1pido en desventaja con bajos porcentajes. Pico encontr\u00f3 ventajas y [&hellip;]<\/p>\n","protected":false},"author":47,"featured_media":119680,"comment_status":"closed","ping_status":"open","sticky":false,"template":"","format":"standard","meta":{"jnews-multi-image_gallery":[],"jnews_single_post":[],"jnews_primary_category":[],"footnotes":""},"categories":[24,112],"tags":[1944,22],"class_list":["post-119678","post","type-post","status-publish","format-standard","has-post-thumbnail","hentry","category-overtime","category-tna","tag-pico-f-c","tag-villa-mitre"],"yoast_head":"<!-- This site is optimized with the Yoast SEO plugin v27.5 - https:\/\/yoast.com\/product\/yoast-seo-wordpress\/ -->\n<title>Villa Mitre cort\u00f3 la racha - Gente de B\u00e1squet<\/title>\n<meta name=\"robots\" content=\"index, follow, max-snippet:-1, max-image-preview:large, max-video-preview:-1\" \/>\n<link rel=\"canonical\" href=\"https:\/\/gentedebasquet.com.ar\/sitio\/2025\/12\/09\/villa-mitre-corto-la-racha\/\" \/>\n<meta property=\"og:locale\" content=\"es_ES\" \/>\n<meta property=\"og:type\" content=\"article\" \/>\n<meta property=\"og:title\" content=\"Villa Mitre cort\u00f3 la racha - Gente de B\u00e1squet\" \/>\n<meta property=\"og:description\" content=\"El tricolor bahiense se reencontr\u00f3 con la victoria ante Pico FC por 76 a 73. En un juego que se defini\u00f3 en la l\u00ednea, el local sufri\u00f3 ante el \u00faltimo intento de tres puntos del visitante. Villa Mitre le cost\u00f3 entrar en ritmo, se vio r\u00e1pido en desventaja con bajos porcentajes. Pico encontr\u00f3 ventajas y [&hellip;]\" \/>\n<meta property=\"og:url\" content=\"https:\/\/gentedebasquet.com.ar\/sitio\/2025\/12\/09\/villa-mitre-corto-la-racha\/\" \/>\n<meta property=\"og:site_name\" content=\"Gente de B\u00e1squet\" \/>\n<meta property=\"article:published_time\" content=\"2025-12-09T22:58:00+00:00\" \/>\n<meta property=\"article:modified_time\" content=\"2025-12-10T03:10:26+00:00\" \/>\n<meta property=\"og:image\" content=\"https:\/\/gentedebasquet.com.ar\/sitio\/wp-content\/uploads\/2025\/12\/690-1.jpg\" \/>\n\t<meta property=\"og:image:width\" content=\"690\" \/>\n\t<meta property=\"og:image:height\" content=\"319\" \/>\n\t<meta property=\"og:image:type\" content=\"image\/jpeg\" \/>\n<meta name=\"author\" content=\"Franco Crivellini\" \/>\n<meta name=\"twitter:card\" content=\"summary_large_image\" \/>\n<meta name=\"twitter:label1\" content=\"Escrito por\" \/>\n\t<meta name=\"twitter:data1\" content=\"Franco Crivellini\" \/>\n\t<meta name=\"twitter:label2\" content=\"Tiempo de lectura\" \/>\n\t<meta name=\"twitter:data2\" content=\"2 minutos\" \/>\n<script type=\"application\/ld+json\" class=\"yoast-schema-graph\">{\"@context\":\"https:\\\/\\\/schema.org\",\"@graph\":[{\"@type\":\"Article\",\"@id\":\"https:\\\/\\\/gentedebasquet.com.ar\\\/sitio\\\/2025\\\/12\\\/09\\\/villa-mitre-corto-la-racha\\\/#article\",\"isPartOf\":{\"@id\":\"https:\\\/\\\/gentedebasquet.com.ar\\\/sitio\\\/2025\\\/12\\\/09\\\/villa-mitre-corto-la-racha\\\/\"},\"author\":{\"name\":\"Franco Crivellini\",\"@id\":\"https:\\\/\\\/gentedebasquet.com.ar\\\/sitio\\\/#\\\/schema\\\/person\\\/8aab22e4df61e089287228bd32bccc28\"},\"headline\":\"Villa Mitre cort\u00f3 la racha\",\"datePublished\":\"2025-12-09T22:58:00+00:00\",\"dateModified\":\"2025-12-10T03:10:26+00:00\",\"mainEntityOfPage\":{\"@id\":\"https:\\\/\\\/gentedebasquet.com.ar\\\/sitio\\\/2025\\\/12\\\/09\\\/villa-mitre-corto-la-racha\\\/\"},\"wordCount\":240,\"image\":{\"@id\":\"https:\\\/\\\/gentedebasquet.com.ar\\\/sitio\\\/2025\\\/12\\\/09\\\/villa-mitre-corto-la-racha\\\/#primaryimage\"},\"thumbnailUrl\":\"https:\\\/\\\/gentedebasquet.com.ar\\\/sitio\\\/wp-content\\\/uploads\\\/2025\\\/12\\\/690-1.jpg\",\"keywords\":[\"Pico F.C\",\"Villa Mitre\"],\"articleSection\":[\"#Overtime\",\"Liga Argentina\"],\"inLanguage\":\"es\"},{\"@type\":\"WebPage\",\"@id\":\"https:\\\/\\\/gentedebasquet.com.ar\\\/sitio\\\/2025\\\/12\\\/09\\\/villa-mitre-corto-la-racha\\\/\",\"url\":\"https:\\\/\\\/gentedebasquet.com.ar\\\/sitio\\\/2025\\\/12\\\/09\\\/villa-mitre-corto-la-racha\\\/\",\"name\":\"Villa Mitre cort\u00f3 la racha - Gente de B\u00e1squet\",\"isPartOf\":{\"@id\":\"https:\\\/\\\/gentedebasquet.com.ar\\\/sitio\\\/#website\"},\"primaryImageOfPage\":{\"@id\":\"https:\\\/\\\/gentedebasquet.com.ar\\\/sitio\\\/2025\\\/12\\\/09\\\/villa-mitre-corto-la-racha\\\/#primaryimage\"},\"image\":{\"@id\":\"https:\\\/\\\/gentedebasquet.com.ar\\\/sitio\\\/2025\\\/12\\\/09\\\/villa-mitre-corto-la-racha\\\/#primaryimage\"},\"thumbnailUrl\":\"https:\\\/\\\/gentedebasquet.com.ar\\\/sitio\\\/wp-content\\\/uploads\\\/2025\\\/12\\\/690-1.jpg\",\"datePublished\":\"2025-12-09T22:58:00+00:00\",\"dateModified\":\"2025-12-10T03:10:26+00:00\",\"author\":{\"@id\":\"https:\\\/\\\/gentedebasquet.com.ar\\\/sitio\\\/#\\\/schema\\\/person\\\/8aab22e4df61e089287228bd32bccc28\"},\"breadcrumb\":{\"@id\":\"https:\\\/\\\/gentedebasquet.com.ar\\\/sitio\\\/2025\\\/12\\\/09\\\/villa-mitre-corto-la-racha\\\/#breadcrumb\"},\"inLanguage\":\"es\",\"potentialAction\":[{\"@type\":\"ReadAction\",\"target\":[\"https:\\\/\\\/gentedebasquet.com.ar\\\/sitio\\\/2025\\\/12\\\/09\\\/villa-mitre-corto-la-racha\\\/\"]}]},{\"@type\":\"ImageObject\",\"inLanguage\":\"es\",\"@id\":\"https:\\\/\\\/gentedebasquet.com.ar\\\/sitio\\\/2025\\\/12\\\/09\\\/villa-mitre-corto-la-racha\\\/#primaryimage\",\"url\":\"https:\\\/\\\/gentedebasquet.com.ar\\\/sitio\\\/wp-content\\\/uploads\\\/2025\\\/12\\\/690-1.jpg\",\"contentUrl\":\"https:\\\/\\\/gentedebasquet.com.ar\\\/sitio\\\/wp-content\\\/uploads\\\/2025\\\/12\\\/690-1.jpg\",\"width\":690,\"height\":319},{\"@type\":\"BreadcrumbList\",\"@id\":\"https:\\\/\\\/gentedebasquet.com.ar\\\/sitio\\\/2025\\\/12\\\/09\\\/villa-mitre-corto-la-racha\\\/#breadcrumb\",\"itemListElement\":[{\"@type\":\"ListItem\",\"position\":1,\"name\":\"Portada\",\"item\":\"https:\\\/\\\/gentedebasquet.com.ar\\\/sitio\\\/\"},{\"@type\":\"ListItem\",\"position\":2,\"name\":\"Villa Mitre cort\u00f3 la racha\"}]},{\"@type\":\"WebSite\",\"@id\":\"https:\\\/\\\/gentedebasquet.com.ar\\\/sitio\\\/#website\",\"url\":\"https:\\\/\\\/gentedebasquet.com.ar\\\/sitio\\\/\",\"name\":\"Gente de B\u00e1squet\",\"description\":\"La revista del basquet de Bah\u00eda Blanca\",\"potentialAction\":[{\"@type\":\"SearchAction\",\"target\":{\"@type\":\"EntryPoint\",\"urlTemplate\":\"https:\\\/\\\/gentedebasquet.com.ar\\\/sitio\\\/?s={search_term_string}\"},\"query-input\":{\"@type\":\"PropertyValueSpecification\",\"valueRequired\":true,\"valueName\":\"search_term_string\"}}],\"inLanguage\":\"es\"},{\"@type\":\"Person\",\"@id\":\"https:\\\/\\\/gentedebasquet.com.ar\\\/sitio\\\/#\\\/schema\\\/person\\\/8aab22e4df61e089287228bd32bccc28\",\"name\":\"Franco Crivellini\",\"image\":{\"@type\":\"ImageObject\",\"inLanguage\":\"es\",\"@id\":\"https:\\\/\\\/secure.gravatar.com\\\/avatar\\\/821dc58be638215ae0ad83d46863403d1dbfc54f3224ab8ae62f29c924eb08d8?s=96&d=mm&r=g\",\"url\":\"https:\\\/\\\/secure.gravatar.com\\\/avatar\\\/821dc58be638215ae0ad83d46863403d1dbfc54f3224ab8ae62f29c924eb08d8?s=96&d=mm&r=g\",\"contentUrl\":\"https:\\\/\\\/secure.gravatar.com\\\/avatar\\\/821dc58be638215ae0ad83d46863403d1dbfc54f3224ab8ae62f29c924eb08d8?s=96&d=mm&r=g\",\"caption\":\"Franco Crivellini\"},\"url\":\"https:\\\/\\\/gentedebasquet.com.ar\\\/sitio\\\/author\\\/franco-crivellini\\\/\"}]}<\/script>\n<!-- \/ Yoast SEO plugin. -->","yoast_head_json":{"title":"Villa Mitre cort\u00f3 la racha - Gente de B\u00e1squet","robots":{"index":"index","follow":"follow","max-snippet":"max-snippet:-1","max-image-preview":"max-image-preview:large","max-video-preview":"max-video-preview:-1"},"canonical":"https:\/\/gentedebasquet.com.ar\/sitio\/2025\/12\/09\/villa-mitre-corto-la-racha\/","og_locale":"es_ES","og_type":"article","og_title":"Villa Mitre cort\u00f3 la racha - Gente de B\u00e1squet","og_description":"El tricolor bahiense se reencontr\u00f3 con la victoria ante Pico FC por 76 a 73. En un juego que se defini\u00f3 en la l\u00ednea, el local sufri\u00f3 ante el \u00faltimo intento de tres puntos del visitante. Villa Mitre le cost\u00f3 entrar en ritmo, se vio r\u00e1pido en desventaja con bajos porcentajes. Pico encontr\u00f3 ventajas y [&hellip;]","og_url":"https:\/\/gentedebasquet.com.ar\/sitio\/2025\/12\/09\/villa-mitre-corto-la-racha\/","og_site_name":"Gente de B\u00e1squet","article_published_time":"2025-12-09T22:58:00+00:00","article_modified_time":"2025-12-10T03:10:26+00:00","og_image":[{"width":690,"height":319,"url":"https:\/\/gentedebasquet.com.ar\/sitio\/wp-content\/uploads\/2025\/12\/690-1.jpg","type":"image\/jpeg"}],"author":"Franco Crivellini","twitter_card":"summary_large_image","twitter_misc":{"Escrito por":"Franco Crivellini","Tiempo de lectura":"2 minutos"},"schema":{"@context":"https:\/\/schema.org","@graph":[{"@type":"Article","@id":"https:\/\/gentedebasquet.com.ar\/sitio\/2025\/12\/09\/villa-mitre-corto-la-racha\/#article","isPartOf":{"@id":"https:\/\/gentedebasquet.com.ar\/sitio\/2025\/12\/09\/villa-mitre-corto-la-racha\/"},"author":{"name":"Franco Crivellini","@id":"https:\/\/gentedebasquet.com.ar\/sitio\/#\/schema\/person\/8aab22e4df61e089287228bd32bccc28"},"headline":"Villa Mitre cort\u00f3 la racha","datePublished":"2025-12-09T22:58:00+00:00","dateModified":"2025-12-10T03:10:26+00:00","mainEntityOfPage":{"@id":"https:\/\/gentedebasquet.com.ar\/sitio\/2025\/12\/09\/villa-mitre-corto-la-racha\/"},"wordCount":240,"image":{"@id":"https:\/\/gentedebasquet.com.ar\/sitio\/2025\/12\/09\/villa-mitre-corto-la-racha\/#primaryimage"},"thumbnailUrl":"https:\/\/gentedebasquet.com.ar\/sitio\/wp-content\/uploads\/2025\/12\/690-1.jpg","keywords":["Pico F.C","Villa Mitre"],"articleSection":["#Overtime","Liga Argentina"],"inLanguage":"es"},{"@type":"WebPage","@id":"https:\/\/gentedebasquet.com.ar\/sitio\/2025\/12\/09\/villa-mitre-corto-la-racha\/","url":"https:\/\/gentedebasquet.com.ar\/sitio\/2025\/12\/09\/villa-mitre-corto-la-racha\/","name":"Villa Mitre cort\u00f3 la racha - Gente de B\u00e1squet","isPartOf":{"@id":"https:\/\/gentedebasquet.com.ar\/sitio\/#website"},"primaryImageOfPage":{"@id":"https:\/\/gentedebasquet.com.ar\/sitio\/2025\/12\/09\/villa-mitre-corto-la-racha\/#primaryimage"},"image":{"@id":"https:\/\/gentedebasquet.com.ar\/sitio\/2025\/12\/09\/villa-mitre-corto-la-racha\/#primaryimage"},"thumbnailUrl":"https:\/\/gentedebasquet.com.ar\/sitio\/wp-content\/uploads\/2025\/12\/690-1.jpg","datePublished":"2025-12-09T22:58:00+00:00","dateModified":"2025-12-10T03:10:26+00:00","author":{"@id":"https:\/\/gentedebasquet.com.ar\/sitio\/#\/schema\/person\/8aab22e4df61e089287228bd32bccc28"},"breadcrumb":{"@id":"https:\/\/gentedebasquet.com.ar\/sitio\/2025\/12\/09\/villa-mitre-corto-la-racha\/#breadcrumb"},"inLanguage":"es","potentialAction":[{"@type":"ReadAction","target":["https:\/\/gentedebasquet.com.ar\/sitio\/2025\/12\/09\/villa-mitre-corto-la-racha\/"]}]},{"@type":"ImageObject","inLanguage":"es","@id":"https:\/\/gentedebasquet.com.ar\/sitio\/2025\/12\/09\/villa-mitre-corto-la-racha\/#primaryimage","url":"https:\/\/gentedebasquet.com.ar\/sitio\/wp-content\/uploads\/2025\/12\/690-1.jpg","contentUrl":"https:\/\/gentedebasquet.com.ar\/sitio\/wp-content\/uploads\/2025\/12\/690-1.jpg","width":690,"height":319},{"@type":"BreadcrumbList","@id":"https:\/\/gentedebasquet.com.ar\/sitio\/2025\/12\/09\/villa-mitre-corto-la-racha\/#breadcrumb","itemListElement":[{"@type":"ListItem","position":1,"name":"Portada","item":"https:\/\/gentedebasquet.com.ar\/sitio\/"},{"@type":"ListItem","position":2,"name":"Villa Mitre cort\u00f3 la racha"}]},{"@type":"WebSite","@id":"https:\/\/gentedebasquet.com.ar\/sitio\/#website","url":"https:\/\/gentedebasquet.com.ar\/sitio\/","name":"Gente de B\u00e1squet","description":"La revista del basquet de Bah\u00eda Blanca","potentialAction":[{"@type":"SearchAction","target":{"@type":"EntryPoint","urlTemplate":"https:\/\/gentedebasquet.com.ar\/sitio\/?s={search_term_string}"},"query-input":{"@type":"PropertyValueSpecification","valueRequired":true,"valueName":"search_term_string"}}],"inLanguage":"es"},{"@type":"Person","@id":"https:\/\/gentedebasquet.com.ar\/sitio\/#\/schema\/person\/8aab22e4df61e089287228bd32bccc28","name":"Franco Crivellini","image":{"@type":"ImageObject","inLanguage":"es","@id":"https:\/\/secure.gravatar.com\/avatar\/821dc58be638215ae0ad83d46863403d1dbfc54f3224ab8ae62f29c924eb08d8?s=96&d=mm&r=g","url":"https:\/\/secure.gravatar.com\/avatar\/821dc58be638215ae0ad83d46863403d1dbfc54f3224ab8ae62f29c924eb08d8?s=96&d=mm&r=g","contentUrl":"https:\/\/secure.gravatar.com\/avatar\/821dc58be638215ae0ad83d46863403d1dbfc54f3224ab8ae62f29c924eb08d8?s=96&d=mm&r=g","caption":"Franco Crivellini"},"url":"https:\/\/gentedebasquet.com.ar\/sitio\/author\/franco-crivellini\/"}]}},"_links":{"self":[{"href":"https:\/\/gentedebasquet.com.ar\/sitio\/wp-json\/wp\/v2\/posts\/119678","targetHints":{"allow":["GET"]}}],"collection":[{"href":"https:\/\/gentedebasquet.com.ar\/sitio\/wp-json\/wp\/v2\/posts"}],"about":[{"href":"https:\/\/gentedebasquet.com.ar\/sitio\/wp-json\/wp\/v2\/types\/post"}],"author":[{"embeddable":true,"href":"https:\/\/gentedebasquet.com.ar\/sitio\/wp-json\/wp\/v2\/users\/47"}],"replies":[{"embeddable":true,"href":"https:\/\/gentedebasquet.com.ar\/sitio\/wp-json\/wp\/v2\/comments?post=119678"}],"version-history":[{"count":2,"href":"https:\/\/gentedebasquet.com.ar\/sitio\/wp-json\/wp\/v2\/posts\/119678\/revisions"}],"predecessor-version":[{"id":119682,"href":"https:\/\/gentedebasquet.com.ar\/sitio\/wp-json\/wp\/v2\/posts\/119678\/revisions\/119682"}],"wp:featuredmedia":[{"embeddable":true,"href":"https:\/\/gentedebasquet.com.ar\/sitio\/wp-json\/wp\/v2\/media\/119680"}],"wp:attachment":[{"href":"https:\/\/gentedebasquet.com.ar\/sitio\/wp-json\/wp\/v2\/media?parent=119678"}],"wp:term":[{"taxonomy":"category","embeddable":true,"href":"https:\/\/gentedebasquet.com.ar\/sitio\/wp-json\/wp\/v2\/categories?post=119678"},{"taxonomy":"post_tag","embeddable":true,"href":"https:\/\/gentedebasquet.com.ar\/sitio\/wp-json\/wp\/v2\/tags?post=119678"}],"curies":[{"name":"wp","href":"https:\/\/api.w.org\/{rel}","templated":true}]}}